{"id":701321,"date":"2026-09-04T11:00:20","date_gmt":"2026-09-04T09:00:20","guid":{"rendered":"https:\/\/dicodusport.fr\/blog\/?p=701321&#038;preview=true&#038;preview_id=701321"},"modified":"2026-09-03T22:18:29","modified_gmt":"2026-09-03T20:18:29","slug":"andrea-giani-la-qualite-ne-se-mesure-pas-seulement-a-lage-ou-a-lexperience-de-lequipe","status":"publish","type":"post","link":"https:\/\/dicodusport.fr\/blog\/andrea-giani-la-qualite-ne-se-mesure-pas-seulement-a-lage-ou-a-lexperience-de-lequipe\/","title":{"rendered":"Andrea Giani : \u00ab\u00a0La qualit\u00e9 ne se mesure pas seulement \u00e0 l\u2019\u00e2ge ou \u00e0 l\u2019exp\u00e9rience de l\u2019\u00e9quipe\u00a0\u00bb"},"content":{"rendered":"<p style=\"text-align: justify;\"><b><i>EUROVOLLEY HOMMES 2026 &#8211; \u00c0 quelques jours de l\u2019entr\u00e9e en lice des Bleus dans l\u2019Euro (9-26 septembre), Andrea Giani a fait un point face aux m\u00e9dias sur l\u2019\u00e9volution de l\u2019\u00e9quipe de France et ses ambitions pour la comp\u00e9tition.<span class=\"Apple-converted-space\">\u00a0<\/span><\/i><\/b><\/p>\n<h3 style=\"text-align: justify;\">Quel regard portez-vous sur cet \u00e9t\u00e9 2026 ?<span class=\"Apple-converted-space\">\u00a0<\/span><\/h3>\n<p style=\"text-align: justify;\">Nous avons perdu beaucoup de matchs lors de la Ligue des nations, mais je suis tr\u00e8s content d\u2019avoir vu une \u00e9quipe avec une bonne identit\u00e9 et de bonnes qualit\u00e9s. Aujourd\u2019hui, nous pouvons jouer contre les \u00e9quipes les plus fortes. Je ne sais pas si nous pouvons les battre, mais nous pouvons leur faire face. L\u2019\u00e9quipe a aussi beaucoup chang\u00e9. Entre celle de 2024 et celle d\u2019aujourd\u2019hui, nous avons chang\u00e9 neuf joueurs.<\/p>\n<h3 style=\"text-align: justify;\">Vous avez donc beaucoup travaill\u00e9 avec les jeunes. Quelle est la priorit\u00e9 pour construire cette nouvelle \u00e9quipe ?<\/h3>\n<p style=\"text-align: justify;\">Dans le sport, il y a la technique, la tactique, le physique\u2026 Mais la premi\u00e8re chose, c\u2019est d\u2019avoir une identit\u00e9 tr\u00e8s forte. Aujourd\u2019hui, je pense que notre \u00e9quipe commence \u00e0 avoir cette identit\u00e9.<\/p>\n<h3 style=\"text-align: justify;\">Quelle est cette identit\u00e9 ?<\/h3>\n<p style=\"text-align: justify;\">La premi\u00e8re est d\u2019accepter les situations n\u00e9gatives. Aujourd\u2019hui, nous rencontrons des situations n\u00e9gatives et c\u2019est normal. Mais, lors de ces moments, je vois une \u00e9quipe qui cherche des solutions et qui communique. Quand certains joueurs sont en difficult\u00e9, les autres vont les aider.<\/p>\n<p style=\"text-align: justify;\">Constamment, tous les jours et dans tous les moments, les joueurs doivent s\u2019aider. Nous avons eu des moments un peu difficiles, notamment parce que certains joueurs n\u2019\u00e9taient pas habitu\u00e9s \u00e0 jouer \u00e0 ce niveau, mais c\u2019est normal. Les habitudes ne sont pas les m\u00eames et l\u2019exigence est diff\u00e9rente. Et quand tu veux obtenir de bons r\u00e9sultats, tu as besoin que l\u2019exigence soit tr\u00e8s forte.<\/p>\n<h3 style=\"text-align: justify;\">\u00c0 quel moment une \u00e9quipe jeune comme celle-ci peut-elle r\u00e9ellement changer de dimension ?<\/h3>\n<p style=\"text-align: justify;\">C\u2019est un travail tr\u00e8s long. Il faut disputer beaucoup de matchs. Apr\u00e8s quatre mois de travail, nous avons montr\u00e9 que l\u2019\u00e9quipe allait prendre une forme. Le championnat d\u2019Europe est aussi parfait pour \u00e7a car c\u2019est une comp\u00e9tition tr\u00e8s dure.<span class=\"Apple-converted-space\">\u00a0<\/span><\/p>\n<h3 style=\"text-align: justify;\">Quel est l\u2019objectif pour cet Euro ?<\/h3>\n<p style=\"text-align: justify;\">Le premier est de prendre la premi\u00e8re ou la deuxi\u00e8me place du groupe. Je leur ai expliqu\u00e9 que, g\u00e9n\u00e9ralement, quand tu vas jouer contre une \u00e9quipe que tu ne connais pas, il faut \u00eatre focalis\u00e9 sur soi et essayer d\u2019\u00eatre beaucoup plus agressif. Dans la premi\u00e8re phase de la comp\u00e9tition, les \u00e9quipes les plus fortes ne sont pas imm\u00e9diatement \u00e0 leur meilleur niveau car elles ont besoin de trouver leur rythme.<\/p>\n<h3 style=\"text-align: justify;\">Et au-del\u00e0 du r\u00e9sultat, qu\u2019est-ce qui vous int\u00e9resse particuli\u00e8rement sur cet Euro, sachant que les Jeux de Los Angeles arrivent dans deux ans ?<\/h3>\n<p style=\"text-align: justify;\">Les r\u00e9sultats sont toujours la premi\u00e8re chose que l\u2019on va chercher. Si tu cherches les r\u00e9sultats, tu cherches la performance. Et si tu veux de la performance, tu as besoin d\u2019une \u00e9quipe qui joue pour la performance. Beaucoup de joueurs vont disputer leur premier championnat d\u2019Europe.<\/p>\n<ul style=\"text-align: justify;\">\n<li><strong>\u00c0 ce sujet &#8211; <a href=\"https:\/\/dicodusport.fr\/blog\/calendrier-et-resultats-ligue-des-nations-masculine-de-volley-ball-2026\/\">Calendrier et r\u00e9sultats Ligue des nations masculine de volley-ball 2026<\/a><\/strong><\/li>\n<\/ul>\n<p style=\"text-align: justify;\">Il faudra donc faire la diff\u00e9rence entre les joueurs. Certains vont devoir aider les autres dans certains moments et certains joueurs qui ne seront pas titulaires pourront apporter quelque chose en entrant en jeu. L\u2019\u00e9quipe a besoin que tous les joueurs soient disponibles pour aller chercher la meilleure performance.<\/p>\n<h3 style=\"text-align: justify;\">Y a-t-il une pression particuli\u00e8re apr\u00e8s la Ligue des nations compliqu\u00e9e ?<\/h3>\n<p style=\"text-align: justify;\">Sur la premi\u00e8re partie de la Ligue des nations, nous avons disput\u00e9 quatre matchs et nous en avons gagn\u00e9 un. Mais si je prends les huit derniers matchs, nous en avons gagn\u00e9 six. Contre le Japon ou contre la Pologne, nous avons aussi eu des opportunit\u00e9s pour gagner, mais nous ne les avons pas prises. C\u2019est \u00e7a aussi, le haut niveau : reconna\u00eetre les opportunit\u00e9s et les prendre.<\/p>\n<h3 style=\"text-align: justify;\">Consid\u00e9rez-vous que l\u2019\u00e9cart avec les meilleures nations est en train de se r\u00e9duire ?<\/h3>\n<p style=\"text-align: justify;\">On dit que notre \u00e9quipe manque d\u2019exp\u00e9rience. Ce n\u2019est pas totalement vrai. Tous les jours, tu accumules de l\u2019exp\u00e9rience. Si tu es capable d\u2019apprendre tous les jours, chaque match devient un moment pour apprendre. C\u2019est un travail que je fais beaucoup avec les joueurs : leur faire comprendre que nous sommes sur la m\u00eame ligne que les \u00e9quipes les plus fortes.<\/p>\n<p style=\"text-align: justify;\">Si tu penses que l\u2019\u00e9cart est grand et qu\u2019il est impossible de l\u2019atteindre, tu ne vas rien faire. Si tu penses que c\u2019est possible, tu peux faire des choses et y arriver. La qualit\u00e9 ne se mesure pas seulement \u00e0 l\u2019\u00e2ge ou \u00e0 l\u2019exp\u00e9rience de l\u2019\u00e9quipe.<\/p>\n<h3 style=\"text-align: justify;\">Ressentez-vous un stress, sachant qu\u2019un bon r\u00e9sultat \u00e0 l\u2019Euro peut permettre d\u2019obtenir un ticket pour les Jeux de Los Angeles ?<\/h3>\n<p style=\"text-align: justify;\">Sur ce championnat d\u2019Europe, six ou sept \u00e9quipes peuvent terminer \u00e0 la premi\u00e8re place. Mais ce championnat d\u2019Europe est une premi\u00e8re \u00e9tape. L\u2019ann\u00e9e prochaine, il y aura encore la Ligue des nations et le championnat du monde. Le championnat du monde permettra \u00e9galement d\u2019obtenir des places pour les Jeux. Le plus important en ce moment est de montrer les valeurs de cette \u00e9quipe.<\/p>\n<ul>\n<li style=\"text-align: justify;\"><strong>\u00c0 ce sujet &#8211; <a href=\"https:\/\/dicodusport.fr\/blog\/volley-ball-jo-2024-les-bleus-doubles-champions-olympiques-en-battant-la-pologne\/\">Volley-Ball JO 2024 : Les Bleus doubles champions olympiques en battant la Pologne<\/a><\/strong><\/li>\n<\/ul>\n","protected":false},"excerpt":{"rendered":"<p>EUROVOLLEY HOMMES 2026 &#8211; \u00c0 quelques jours de l\u2019entr\u00e9e en lice des Bleus dans l\u2019Euro (9-26 septembre), Andrea Giani a fait un point face aux m\u00e9dias sur l\u2019\u00e9volution de l\u2019\u00e9quipe de France et ses ambitions pour la comp\u00e9tition.\u00a0<\/p>\n","protected":false},"author":80,"featured_media":701403,"comment_status":"open","ping_status":"closed","sticky":false,"template":"","format":"standard","meta":{"_acf_changed":false,"_daextam_enable_autolinks":"1","footnotes":"","_members_access_role":[],"_members_access_error":""},"categories":[8369],"tags":[32415,16878,19596,8547,8733,400],"class_list":["post-701321","post","type-post","status-publish","format-standard","has-post-thumbnail","hentry","category-volley-ball","tag-actu","tag-breve","tag-equipe-de-france-de-volley-ball","tag-eurovolley","tag-eurovolley-hommes","tag-volley-ball"],"acf":[],"yoast_head":"<!-- This site is optimized with the Yoast SEO Premium plugin v28.3 (Yoast SEO v28.3) - https:\/\/yoast.com\/product\/yoast-seo-premium-wordpress\/ -->\n<title>Andrea Giani : &quot;La qualit\u00e9 ne se mesure pas seulement \u00e0 l\u2019\u00e2ge ou \u00e0 l\u2019exp\u00e9rience de l\u2019\u00e9quipe&quot;<\/title>\n<meta name=\"description\" content=\"EUROVOLLEY HOMMES 2026 - Andrea Giani a fait un point face aux m\u00e9dias sur l\u2019\u00e9volution de l\u2019\u00e9quipe de France et ses ambitions.\" \/>\n<meta name=\"robots\" content=\"index, follow, max-snippet:-1, max-image-preview:large, max-video-preview:-1\" \/>\n<link rel=\"canonical\" href=\"https:\/\/dicodusport.fr\/blog\/andrea-giani-la-qualite-ne-se-mesure-pas-seulement-a-lage-ou-a-lexperience-de-lequipe\/\" \/>\n<meta property=\"og:locale\" content=\"fr_FR\" \/>\n<meta property=\"og:type\" content=\"article\" \/>\n<meta property=\"og:title\" content=\"Andrea Giani : &quot;La qualit\u00e9 ne se mesure pas seulement \u00e0 l\u2019\u00e2ge ou \u00e0 l\u2019exp\u00e9rience de l\u2019\u00e9quipe&quot;\" \/>\n<meta property=\"og:description\" content=\"EUROVOLLEY HOMMES 2026 - Andrea Giani a fait un point face aux m\u00e9dias sur l\u2019\u00e9volution de l\u2019\u00e9quipe de France et ses ambitions.\" \/>\n<meta property=\"og:url\" content=\"https:\/\/dicodusport.fr\/blog\/andrea-giani-la-qualite-ne-se-mesure-pas-seulement-a-lage-ou-a-lexperience-de-lequipe\/\" \/>\n<meta property=\"og:site_name\" content=\"Dicodusport\" \/>\n<meta property=\"article:publisher\" content=\"https:\/\/www.facebook.com\/dicodusport\" \/>\n<meta property=\"article:author\" content=\"https:\/\/www.facebook.com\/profile.php?id=100009753662352\" \/>\n<meta property=\"article:published_time\" content=\"2026-09-04T09:00:20+00:00\" \/>\n<meta property=\"og:image\" content=\"https:\/\/dicodusport.fr\/blog\/wp-content\/uploads\/2026\/09\/Andrea-Giani-La-qualite-ne-se-mesure-pas-seulement-a-lage-ou-a-lexperience-de-lequipe.png\" \/>\n\t<meta property=\"og:image:width\" content=\"1200\" \/>\n\t<meta property=\"og:image:height\" content=\"674\" \/>\n\t<meta property=\"og:image:type\" content=\"image\/png\" \/>\n<meta name=\"author\" content=\"Killian Tanguy\" \/>\n<meta name=\"twitter:card\" content=\"summary_large_image\" \/>\n<meta name=\"twitter:title\" content=\"Andrea Giani : &quot;La qualit\u00e9 ne se mesure pas seulement \u00e0 l\u2019\u00e2ge ou \u00e0 l\u2019exp\u00e9rience de l\u2019\u00e9quipe&quot;\" \/>\n<meta name=\"twitter:creator\" content=\"@https:\/\/twitter.com\/sport_ktanguy\" \/>\n<meta name=\"twitter:site\" content=\"@dicodusport\" \/>\n<script type=\"application\/ld+json\" class=\"yoast-schema-graph\">{\"@context\":\"https:\\\/\\\/schema.org\",\"@graph\":[{\"@type\":\"NewsArticle\",\"@id\":\"https:\\\/\\\/dicodusport.fr\\\/blog\\\/andrea-giani-la-qualite-ne-se-mesure-pas-seulement-a-lage-ou-a-lexperience-de-lequipe\\\/#article\",\"isPartOf\":{\"@id\":\"https:\\\/\\\/dicodusport.fr\\\/blog\\\/andrea-giani-la-qualite-ne-se-mesure-pas-seulement-a-lage-ou-a-lexperience-de-lequipe\\\/\"},\"author\":{\"name\":\"Killian Tanguy\",\"@id\":\"https:\\\/\\\/dicodusport.fr\\\/blog\\\/#\\\/schema\\\/person\\\/ff2feeb71ea78ad31eeb3390ffe96b46\"},\"headline\":\"Andrea Giani : \u00ab\u00a0La qualit\u00e9 ne se mesure pas seulement \u00e0 l\u2019\u00e2ge ou \u00e0 l\u2019exp\u00e9rience de l\u2019\u00e9quipe\u00a0\u00bb\",\"datePublished\":\"2026-09-04T09:00:20+00:00\",\"mainEntityOfPage\":{\"@id\":\"https:\\\/\\\/dicodusport.fr\\\/blog\\\/andrea-giani-la-qualite-ne-se-mesure-pas-seulement-a-lage-ou-a-lexperience-de-lequipe\\\/\"},\"wordCount\":939,\"commentCount\":0,\"publisher\":{\"@id\":\"https:\\\/\\\/dicodusport.fr\\\/blog\\\/#organization\"},\"image\":{\"@id\":\"https:\\\/\\\/dicodusport.fr\\\/blog\\\/andrea-giani-la-qualite-ne-se-mesure-pas-seulement-a-lage-ou-a-lexperience-de-lequipe\\\/#primaryimage\"},\"thumbnailUrl\":\"https:\\\/\\\/dicodusport.fr\\\/blog\\\/wp-content\\\/uploads\\\/2026\\\/09\\\/Andrea-Giani-La-qualite-ne-se-mesure-pas-seulement-a-lage-ou-a-lexperience-de-lequipe.png\",\"keywords\":[\"actu\",\"br\u00e8ve\",\"\u00c9quipe de France de volley-ball\",\"EuroVolley\",\"EuroVolley hommes\",\"Volley-Ball\"],\"articleSection\":[\"Volley-Ball\"],\"inLanguage\":\"fr-FR\",\"potentialAction\":[{\"@type\":\"CommentAction\",\"name\":\"Comment\",\"target\":[\"https:\\\/\\\/dicodusport.fr\\\/blog\\\/andrea-giani-la-qualite-ne-se-mesure-pas-seulement-a-lage-ou-a-lexperience-de-lequipe\\\/#respond\"]}],\"copyrightYear\":\"2026\",\"copyrightHolder\":{\"@id\":\"https:\\\/\\\/dicodusport.fr\\\/blog\\\/#organization\"}},{\"@type\":\"WebPage\",\"@id\":\"https:\\\/\\\/dicodusport.fr\\\/blog\\\/andrea-giani-la-qualite-ne-se-mesure-pas-seulement-a-lage-ou-a-lexperience-de-lequipe\\\/\",\"url\":\"https:\\\/\\\/dicodusport.fr\\\/blog\\\/andrea-giani-la-qualite-ne-se-mesure-pas-seulement-a-lage-ou-a-lexperience-de-lequipe\\\/\",\"name\":\"Andrea Giani : \\\"La qualit\u00e9 ne se mesure pas seulement \u00e0 l\u2019\u00e2ge ou \u00e0 l\u2019exp\u00e9rience de l\u2019\u00e9quipe\\\"\",\"isPartOf\":{\"@id\":\"https:\\\/\\\/dicodusport.fr\\\/blog\\\/#website\"},\"primaryImageOfPage\":{\"@id\":\"https:\\\/\\\/dicodusport.fr\\\/blog\\\/andrea-giani-la-qualite-ne-se-mesure-pas-seulement-a-lage-ou-a-lexperience-de-lequipe\\\/#primaryimage\"},\"image\":{\"@id\":\"https:\\\/\\\/dicodusport.fr\\\/blog\\\/andrea-giani-la-qualite-ne-se-mesure-pas-seulement-a-lage-ou-a-lexperience-de-lequipe\\\/#primaryimage\"},\"thumbnailUrl\":\"https:\\\/\\\/dicodusport.fr\\\/blog\\\/wp-content\\\/uploads\\\/2026\\\/09\\\/Andrea-Giani-La-qualite-ne-se-mesure-pas-seulement-a-lage-ou-a-lexperience-de-lequipe.png\",\"datePublished\":\"2026-09-04T09:00:20+00:00\",\"description\":\"EUROVOLLEY HOMMES 2026 - Andrea Giani a fait un point face aux m\u00e9dias sur l\u2019\u00e9volution de l\u2019\u00e9quipe de France et ses ambitions.\",\"breadcrumb\":{\"@id\":\"https:\\\/\\\/dicodusport.fr\\\/blog\\\/andrea-giani-la-qualite-ne-se-mesure-pas-seulement-a-lage-ou-a-lexperience-de-lequipe\\\/#breadcrumb\"},\"inLanguage\":\"fr-FR\",\"potentialAction\":[{\"@type\":\"ReadAction\",\"target\":[\"https:\\\/\\\/dicodusport.fr\\\/blog\\\/andrea-giani-la-qualite-ne-se-mesure-pas-seulement-a-lage-ou-a-lexperience-de-lequipe\\\/\"]}]},{\"@type\":\"ImageObject\",\"inLanguage\":\"fr-FR\",\"@id\":\"https:\\\/\\\/dicodusport.fr\\\/blog\\\/andrea-giani-la-qualite-ne-se-mesure-pas-seulement-a-lage-ou-a-lexperience-de-lequipe\\\/#primaryimage\",\"url\":\"https:\\\/\\\/dicodusport.fr\\\/blog\\\/wp-content\\\/uploads\\\/2026\\\/09\\\/Andrea-Giani-La-qualite-ne-se-mesure-pas-seulement-a-lage-ou-a-lexperience-de-lequipe.png\",\"contentUrl\":\"https:\\\/\\\/dicodusport.fr\\\/blog\\\/wp-content\\\/uploads\\\/2026\\\/09\\\/Andrea-Giani-La-qualite-ne-se-mesure-pas-seulement-a-lage-ou-a-lexperience-de-lequipe.png\",\"width\":1200,\"height\":674,\"caption\":\"Andrea Giani La qualit\u00e9 ne se mesure pas seulement \u00e0 l\u2019\u00e2ge ou \u00e0 l\u2019exp\u00e9rience de l\u2019\u00e9quipe\"},{\"@type\":\"BreadcrumbList\",\"@id\":\"https:\\\/\\\/dicodusport.fr\\\/blog\\\/andrea-giani-la-qualite-ne-se-mesure-pas-seulement-a-lage-ou-a-lexperience-de-lequipe\\\/#breadcrumb\",\"itemListElement\":[{\"@type\":\"ListItem\",\"position\":1,\"name\":\"Accueil\",\"item\":\"https:\\\/\\\/dicodusport.fr\\\/blog\\\/\"},{\"@type\":\"ListItem\",\"position\":2,\"name\":\"Andrea Giani : \u00ab\u00a0La qualit\u00e9 ne se mesure pas seulement \u00e0 l\u2019\u00e2ge ou \u00e0 l\u2019exp\u00e9rience de l\u2019\u00e9quipe\u00a0\u00bb\"}]},{\"@type\":\"WebSite\",\"@id\":\"https:\\\/\\\/dicodusport.fr\\\/blog\\\/#website\",\"url\":\"https:\\\/\\\/dicodusport.fr\\\/blog\\\/\",\"name\":\"Dicodusport\",\"description\":\"L&#039;encyclop\u00e9die de l&#039;actualit\u00e9 sportive\",\"publisher\":{\"@id\":\"https:\\\/\\\/dicodusport.fr\\\/blog\\\/#organization\"},\"potentialAction\":[{\"@type\":\"SearchAction\",\"target\":{\"@type\":\"EntryPoint\",\"urlTemplate\":\"https:\\\/\\\/dicodusport.fr\\\/blog\\\/?s={search_term_string}\"},\"query-input\":{\"@type\":\"PropertyValueSpecification\",\"valueRequired\":true,\"valueName\":\"search_term_string\"}}],\"inLanguage\":\"fr-FR\"},{\"@type\":\"NewsMediaOrganization\",\"@id\":\"https:\\\/\\\/dicodusport.fr\\\/blog\\\/#organization\",\"name\":\"Dicodusport\",\"url\":\"https:\\\/\\\/dicodusport.fr\\\/blog\\\/\",\"logo\":{\"@type\":\"ImageObject\",\"inLanguage\":\"fr-FR\",\"@id\":\"https:\\\/\\\/dicodusport.fr\\\/blog\\\/#\\\/schema\\\/logo\\\/image\\\/\",\"url\":\"https:\\\/\\\/dicodusport.fr\\\/blog\\\/wp-content\\\/uploads\\\/2020\\\/06\\\/cropped-LOGO-DICODUSPORT-2020-SANS-FOND-SANS-TEXTE.png\",\"contentUrl\":\"https:\\\/\\\/dicodusport.fr\\\/blog\\\/wp-content\\\/uploads\\\/2020\\\/06\\\/cropped-LOGO-DICODUSPORT-2020-SANS-FOND-SANS-TEXTE.png\",\"width\":512,\"height\":512,\"caption\":\"Dicodusport\"},\"image\":{\"@id\":\"https:\\\/\\\/dicodusport.fr\\\/blog\\\/#\\\/schema\\\/logo\\\/image\\\/\"},\"sameAs\":[\"https:\\\/\\\/www.facebook.com\\\/dicodusport\",\"https:\\\/\\\/x.com\\\/dicodusport\",\"https:\\\/\\\/www.instagram.com\\\/dicodusport\\\/\",\"https:\\\/\\\/www.youtube.com\\\/channel\\\/UC7V2KZ5sd3htJivAbA4ZG3w\"],\"description\":\"Dicodusport est l'encyclop\u00e9die de l'actualit\u00e9 sportive.\",\"email\":\"bonjour@dicodusport.fr\",\"legalName\":\"DICODUSPORT\",\"foundingDate\":\"2018-01-14\",\"vatID\":\"FR71834470973\",\"taxID\":\"83447097300043\",\"numberOfEmployees\":{\"@type\":\"QuantitativeValue\",\"minValue\":\"1\",\"maxValue\":\"10\"}},{\"@type\":\"Person\",\"@id\":\"https:\\\/\\\/dicodusport.fr\\\/blog\\\/#\\\/schema\\\/person\\\/ff2feeb71ea78ad31eeb3390ffe96b46\",\"name\":\"Killian Tanguy\",\"image\":{\"@type\":\"ImageObject\",\"inLanguage\":\"fr-FR\",\"@id\":\"https:\\\/\\\/dicodusport.fr\\\/blog\\\/wp-content\\\/uploads\\\/2022\\\/12\\\/Killian-Tanguy-150x150.png\",\"url\":\"https:\\\/\\\/dicodusport.fr\\\/blog\\\/wp-content\\\/uploads\\\/2022\\\/12\\\/Killian-Tanguy-150x150.png\",\"contentUrl\":\"https:\\\/\\\/dicodusport.fr\\\/blog\\\/wp-content\\\/uploads\\\/2022\\\/12\\\/Killian-Tanguy-150x150.png\",\"caption\":\"Killian Tanguy\"},\"description\":\"Journaliste qui parle de tout et surtout de sport. Rugby, handball, sports d'hiver, football, cyclisme... Et ce que j'aime par-dessus tout : couvrir une discipline que je ne connais pas. Rien de mieux pour s'enrichir et apprendre.\",\"sameAs\":[\"https:\\\/\\\/killiantanguy.wixsite.com\\\/monsite\",\"https:\\\/\\\/www.facebook.com\\\/profile.php?id=100009753662352\",\"https:\\\/\\\/www.instagram.com\\\/sport.killiantanguy\\\/\",\"https:\\\/\\\/www.linkedin.com\\\/in\\\/killiantanguy\\\/\",\"https:\\\/\\\/x.com\\\/https:\\\/\\\/twitter.com\\\/sport_ktanguy\",\"https:\\\/\\\/www.youtube.com\\\/channel\\\/UCRfZkHKJL0wK7wvnJjCry-Q\"],\"url\":\"https:\\\/\\\/dicodusport.fr\\\/blog\\\/author\\\/killian-tanguy\\\/\"}]}<\/script>\n<!-- \/ Yoast SEO Premium plugin. -->","yoast_head_json":{"title":"Andrea Giani : \"La qualit\u00e9 ne se mesure pas seulement \u00e0 l\u2019\u00e2ge ou \u00e0 l\u2019exp\u00e9rience de l\u2019\u00e9quipe\"","description":"EUROVOLLEY HOMMES 2026 - Andrea Giani a fait un point face aux m\u00e9dias sur l\u2019\u00e9volution de l\u2019\u00e9quipe de France et ses ambitions.","robots":{"index":"index","follow":"follow","max-snippet":"max-snippet:-1","max-image-preview":"max-image-preview:large","max-video-preview":"max-video-preview:-1"},"canonical":"https:\/\/dicodusport.fr\/blog\/andrea-giani-la-qualite-ne-se-mesure-pas-seulement-a-lage-ou-a-lexperience-de-lequipe\/","og_locale":"fr_FR","og_type":"article","og_title":"Andrea Giani : \"La qualit\u00e9 ne se mesure pas seulement \u00e0 l\u2019\u00e2ge ou \u00e0 l\u2019exp\u00e9rience de l\u2019\u00e9quipe\"","og_description":"EUROVOLLEY HOMMES 2026 - Andrea Giani a fait un point face aux m\u00e9dias sur l\u2019\u00e9volution de l\u2019\u00e9quipe de France et ses ambitions.","og_url":"https:\/\/dicodusport.fr\/blog\/andrea-giani-la-qualite-ne-se-mesure-pas-seulement-a-lage-ou-a-lexperience-de-lequipe\/","og_site_name":"Dicodusport","article_publisher":"https:\/\/www.facebook.com\/dicodusport","article_author":"https:\/\/www.facebook.com\/profile.php?id=100009753662352","article_published_time":"2026-09-04T09:00:20+00:00","og_image":[{"width":1200,"height":674,"url":"https:\/\/dicodusport.fr\/blog\/wp-content\/uploads\/2026\/09\/Andrea-Giani-La-qualite-ne-se-mesure-pas-seulement-a-lage-ou-a-lexperience-de-lequipe.png","type":"image\/png"}],"author":"Killian Tanguy","twitter_card":"summary_large_image","twitter_title":"Andrea Giani : \"La qualit\u00e9 ne se mesure pas seulement \u00e0 l\u2019\u00e2ge ou \u00e0 l\u2019exp\u00e9rience de l\u2019\u00e9quipe\"","twitter_creator":"@https:\/\/twitter.com\/sport_ktanguy","twitter_site":"@dicodusport","schema":{"@context":"https:\/\/schema.org","@graph":[{"@type":"NewsArticle","@id":"https:\/\/dicodusport.fr\/blog\/andrea-giani-la-qualite-ne-se-mesure-pas-seulement-a-lage-ou-a-lexperience-de-lequipe\/#article","isPartOf":{"@id":"https:\/\/dicodusport.fr\/blog\/andrea-giani-la-qualite-ne-se-mesure-pas-seulement-a-lage-ou-a-lexperience-de-lequipe\/"},"author":{"name":"Killian Tanguy","@id":"https:\/\/dicodusport.fr\/blog\/#\/schema\/person\/ff2feeb71ea78ad31eeb3390ffe96b46"},"headline":"Andrea Giani : \u00ab\u00a0La qualit\u00e9 ne se mesure pas seulement \u00e0 l\u2019\u00e2ge ou \u00e0 l\u2019exp\u00e9rience de l\u2019\u00e9quipe\u00a0\u00bb","datePublished":"2026-09-04T09:00:20+00:00","mainEntityOfPage":{"@id":"https:\/\/dicodusport.fr\/blog\/andrea-giani-la-qualite-ne-se-mesure-pas-seulement-a-lage-ou-a-lexperience-de-lequipe\/"},"wordCount":939,"commentCount":0,"publisher":{"@id":"https:\/\/dicodusport.fr\/blog\/#organization"},"image":{"@id":"https:\/\/dicodusport.fr\/blog\/andrea-giani-la-qualite-ne-se-mesure-pas-seulement-a-lage-ou-a-lexperience-de-lequipe\/#primaryimage"},"thumbnailUrl":"https:\/\/dicodusport.fr\/blog\/wp-content\/uploads\/2026\/09\/Andrea-Giani-La-qualite-ne-se-mesure-pas-seulement-a-lage-ou-a-lexperience-de-lequipe.png","keywords":["actu","br\u00e8ve","\u00c9quipe de France de volley-ball","EuroVolley","EuroVolley hommes","Volley-Ball"],"articleSection":["Volley-Ball"],"inLanguage":"fr-FR","potentialAction":[{"@type":"CommentAction","name":"Comment","target":["https:\/\/dicodusport.fr\/blog\/andrea-giani-la-qualite-ne-se-mesure-pas-seulement-a-lage-ou-a-lexperience-de-lequipe\/#respond"]}],"copyrightYear":"2026","copyrightHolder":{"@id":"https:\/\/dicodusport.fr\/blog\/#organization"}},{"@type":"WebPage","@id":"https:\/\/dicodusport.fr\/blog\/andrea-giani-la-qualite-ne-se-mesure-pas-seulement-a-lage-ou-a-lexperience-de-lequipe\/","url":"https:\/\/dicodusport.fr\/blog\/andrea-giani-la-qualite-ne-se-mesure-pas-seulement-a-lage-ou-a-lexperience-de-lequipe\/","name":"Andrea Giani : \"La qualit\u00e9 ne se mesure pas seulement \u00e0 l\u2019\u00e2ge ou \u00e0 l\u2019exp\u00e9rience de l\u2019\u00e9quipe\"","isPartOf":{"@id":"https:\/\/dicodusport.fr\/blog\/#website"},"primaryImageOfPage":{"@id":"https:\/\/dicodusport.fr\/blog\/andrea-giani-la-qualite-ne-se-mesure-pas-seulement-a-lage-ou-a-lexperience-de-lequipe\/#primaryimage"},"image":{"@id":"https:\/\/dicodusport.fr\/blog\/andrea-giani-la-qualite-ne-se-mesure-pas-seulement-a-lage-ou-a-lexperience-de-lequipe\/#primaryimage"},"thumbnailUrl":"https:\/\/dicodusport.fr\/blog\/wp-content\/uploads\/2026\/09\/Andrea-Giani-La-qualite-ne-se-mesure-pas-seulement-a-lage-ou-a-lexperience-de-lequipe.png","datePublished":"2026-09-04T09:00:20+00:00","description":"EUROVOLLEY HOMMES 2026 - Andrea Giani a fait un point face aux m\u00e9dias sur l\u2019\u00e9volution de l\u2019\u00e9quipe de France et ses ambitions.","breadcrumb":{"@id":"https:\/\/dicodusport.fr\/blog\/andrea-giani-la-qualite-ne-se-mesure-pas-seulement-a-lage-ou-a-lexperience-de-lequipe\/#breadcrumb"},"inLanguage":"fr-FR","potentialAction":[{"@type":"ReadAction","target":["https:\/\/dicodusport.fr\/blog\/andrea-giani-la-qualite-ne-se-mesure-pas-seulement-a-lage-ou-a-lexperience-de-lequipe\/"]}]},{"@type":"ImageObject","inLanguage":"fr-FR","@id":"https:\/\/dicodusport.fr\/blog\/andrea-giani-la-qualite-ne-se-mesure-pas-seulement-a-lage-ou-a-lexperience-de-lequipe\/#primaryimage","url":"https:\/\/dicodusport.fr\/blog\/wp-content\/uploads\/2026\/09\/Andrea-Giani-La-qualite-ne-se-mesure-pas-seulement-a-lage-ou-a-lexperience-de-lequipe.png","contentUrl":"https:\/\/dicodusport.fr\/blog\/wp-content\/uploads\/2026\/09\/Andrea-Giani-La-qualite-ne-se-mesure-pas-seulement-a-lage-ou-a-lexperience-de-lequipe.png","width":1200,"height":674,"caption":"Andrea Giani La qualit\u00e9 ne se mesure pas seulement \u00e0 l\u2019\u00e2ge ou \u00e0 l\u2019exp\u00e9rience de l\u2019\u00e9quipe"},{"@type":"BreadcrumbList","@id":"https:\/\/dicodusport.fr\/blog\/andrea-giani-la-qualite-ne-se-mesure-pas-seulement-a-lage-ou-a-lexperience-de-lequipe\/#breadcrumb","itemListElement":[{"@type":"ListItem","position":1,"name":"Accueil","item":"https:\/\/dicodusport.fr\/blog\/"},{"@type":"ListItem","position":2,"name":"Andrea Giani : \u00ab\u00a0La qualit\u00e9 ne se mesure pas seulement \u00e0 l\u2019\u00e2ge ou \u00e0 l\u2019exp\u00e9rience de l\u2019\u00e9quipe\u00a0\u00bb"}]},{"@type":"WebSite","@id":"https:\/\/dicodusport.fr\/blog\/#website","url":"https:\/\/dicodusport.fr\/blog\/","name":"Dicodusport","description":"L&#039;encyclop\u00e9die de l&#039;actualit\u00e9 sportive","publisher":{"@id":"https:\/\/dicodusport.fr\/blog\/#organization"},"potentialAction":[{"@type":"SearchAction","target":{"@type":"EntryPoint","urlTemplate":"https:\/\/dicodusport.fr\/blog\/?s={search_term_string}"},"query-input":{"@type":"PropertyValueSpecification","valueRequired":true,"valueName":"search_term_string"}}],"inLanguage":"fr-FR"},{"@type":"NewsMediaOrganization","@id":"https:\/\/dicodusport.fr\/blog\/#organization","name":"Dicodusport","url":"https:\/\/dicodusport.fr\/blog\/","logo":{"@type":"ImageObject","inLanguage":"fr-FR","@id":"https:\/\/dicodusport.fr\/blog\/#\/schema\/logo\/image\/","url":"https:\/\/dicodusport.fr\/blog\/wp-content\/uploads\/2020\/06\/cropped-LOGO-DICODUSPORT-2020-SANS-FOND-SANS-TEXTE.png","contentUrl":"https:\/\/dicodusport.fr\/blog\/wp-content\/uploads\/2020\/06\/cropped-LOGO-DICODUSPORT-2020-SANS-FOND-SANS-TEXTE.png","width":512,"height":512,"caption":"Dicodusport"},"image":{"@id":"https:\/\/dicodusport.fr\/blog\/#\/schema\/logo\/image\/"},"sameAs":["https:\/\/www.facebook.com\/dicodusport","https:\/\/x.com\/dicodusport","https:\/\/www.instagram.com\/dicodusport\/","https:\/\/www.youtube.com\/channel\/UC7V2KZ5sd3htJivAbA4ZG3w"],"description":"Dicodusport est l'encyclop\u00e9die de l'actualit\u00e9 sportive.","email":"bonjour@dicodusport.fr","legalName":"DICODUSPORT","foundingDate":"2018-01-14","vatID":"FR71834470973","taxID":"83447097300043","numberOfEmployees":{"@type":"QuantitativeValue","minValue":"1","maxValue":"10"}},{"@type":"Person","@id":"https:\/\/dicodusport.fr\/blog\/#\/schema\/person\/ff2feeb71ea78ad31eeb3390ffe96b46","name":"Killian Tanguy","image":{"@type":"ImageObject","inLanguage":"fr-FR","@id":"https:\/\/dicodusport.fr\/blog\/wp-content\/uploads\/2022\/12\/Killian-Tanguy-150x150.png","url":"https:\/\/dicodusport.fr\/blog\/wp-content\/uploads\/2022\/12\/Killian-Tanguy-150x150.png","contentUrl":"https:\/\/dicodusport.fr\/blog\/wp-content\/uploads\/2022\/12\/Killian-Tanguy-150x150.png","caption":"Killian Tanguy"},"description":"Journaliste qui parle de tout et surtout de sport. Rugby, handball, sports d'hiver, football, cyclisme... Et ce que j'aime par-dessus tout : couvrir une discipline que je ne connais pas. Rien de mieux pour s'enrichir et apprendre.","sameAs":["https:\/\/killiantanguy.wixsite.com\/monsite","https:\/\/www.facebook.com\/profile.php?id=100009753662352","https:\/\/www.instagram.com\/sport.killiantanguy\/","https:\/\/www.linkedin.com\/in\/killiantanguy\/","https:\/\/x.com\/https:\/\/twitter.com\/sport_ktanguy","https:\/\/www.youtube.com\/channel\/UCRfZkHKJL0wK7wvnJjCry-Q"],"url":"https:\/\/dicodusport.fr\/blog\/author\/killian-tanguy\/"}]}},"_links":{"self":[{"href":"https:\/\/dicodusport.fr\/blog\/wp-json\/wp\/v2\/posts\/701321","targetHints":{"allow":["GET"]}}],"collection":[{"href":"https:\/\/dicodusport.fr\/blog\/wp-json\/wp\/v2\/posts"}],"about":[{"href":"https:\/\/dicodusport.fr\/blog\/wp-json\/wp\/v2\/types\/post"}],"author":[{"embeddable":true,"href":"https:\/\/dicodusport.fr\/blog\/wp-json\/wp\/v2\/users\/80"}],"replies":[{"embeddable":true,"href":"https:\/\/dicodusport.fr\/blog\/wp-json\/wp\/v2\/comments?post=701321"}],"version-history":[{"count":4,"href":"https:\/\/dicodusport.fr\/blog\/wp-json\/wp\/v2\/posts\/701321\/revisions"}],"predecessor-version":[{"id":701415,"href":"https:\/\/dicodusport.fr\/blog\/wp-json\/wp\/v2\/posts\/701321\/revisions\/701415"}],"wp:featuredmedia":[{"embeddable":true,"href":"https:\/\/dicodusport.fr\/blog\/wp-json\/wp\/v2\/media\/701403"}],"wp:attachment":[{"href":"https:\/\/dicodusport.fr\/blog\/wp-json\/wp\/v2\/media?parent=701321"}],"wp:term":[{"taxonomy":"category","embeddable":true,"href":"https:\/\/dicodusport.fr\/blog\/wp-json\/wp\/v2\/categories?post=701321"},{"taxonomy":"post_tag","embeddable":true,"href":"https:\/\/dicodusport.fr\/blog\/wp-json\/wp\/v2\/tags?post=701321"}],"curies":[{"name":"wp","href":"https:\/\/api.w.org\/{rel}","templated":true}]}}