{"id":701479,"date":"2026-09-04T10:37:45","date_gmt":"2026-09-04T08:37:45","guid":{"rendered":"https:\/\/dicodusport.fr\/blog\/?p=701479&#038;preview=true&#038;preview_id=701479"},"modified":"2026-09-04T10:37:45","modified_gmt":"2026-09-04T08:37:45","slug":"felix-lebrun-declare-forfait-pour-le-wtt-champions-de-macao","status":"publish","type":"post","link":"https:\/\/dicodusport.fr\/blog\/felix-lebrun-declare-forfait-pour-le-wtt-champions-de-macao\/","title":{"rendered":"F\u00e9lix Lebrun d\u00e9clare forfait pour le WTT Champions de Macao"},"content":{"rendered":"<p style=\"text-align: justify;\"><strong><em>WTT CHAMPIONS DE MACAO 2026 &#8211; Apr\u00e8s son sacre en Su\u00e8de, F\u00e9lix Lebrun ne sera pas pr\u00e9sent \u00e0 Macao. Le n\u00b02 mondial a d\u00e9clar\u00e9 forfait sur blessure.<\/em><\/strong><\/p>\n<ul>\n<li style=\"text-align: justify;\"><strong>\u00c0 ce sujet &#8211; <a href=\"https:\/\/dicodusport.fr\/blog\/calendrier-wtt-2026-tous-les-tournois-et-resultats-du-circuit-mondial-de-tennis-de-table\/\">Calendrier WTT 2026 : tous les tournois et r\u00e9sultats du circuit mondial de tennis de table<\/a><\/strong><\/li>\n<\/ul>\n<p style=\"text-align: justify;\">Le mois dernier, <strong>F\u00e9lix Lebrun<\/strong> a r\u00e9alis\u00e9 une performance historique en Su\u00e8de. Vainqueur de l&rsquo;Europe Smash apr\u00e8s un superbe tournoi, il est devenu le premier joueur fran\u00e7ais \u00e0 remporter un titre en Smash en simple. En cons\u00e9quence, il a atteint la deuxi\u00e8me place mondiale pour la premi\u00e8re fois de sa carri\u00e8re.<\/p>\n<ul style=\"text-align: justify;\">\n<li><strong>\u00c0 ce sujet &#8211; <a href=\"https:\/\/dicodusport.fr\/blog\/felix-lebrun-terrasse-tomokazu-harimoto-et-devient-le-premier-francais-a-remporter-un-grand-smash-en-simple\/\">F\u00e9lix Lebrun terrasse Tomokazu Harimoto et devient le premier Fran\u00e7ais \u00e0 remporter un Grand Smash en simple !<\/a><\/strong><\/li>\n<\/ul>\n<h2 style=\"text-align: justify;\">F\u00e9lix Lebrun sur la touche<\/h2>\n<p style=\"text-align: justify;\">Mais surtout, cela laissait la porte ouverte \u00e0 une performance encore plus grande. En effet, s&rsquo;il avait remport\u00e9 le WTT Champions de Macao (qui aura lieu de mardi \u00e0 dimanche prochain) sans que Wang Chuqin n&rsquo;atteigne le dernier carr\u00e9, il aurait pu tout simplement conqu\u00e9rir la place de n\u00b01 mondial. Il serait ainsi devenu le deuxi\u00e8me Fran\u00e7ais de l&rsquo;histoire \u00e0 y parvenir, apr\u00e8s <strong>Jean-Philippe Gatien<\/strong> dans les ann\u00e9es 90.<\/p>\n<p style=\"text-align: justify;\">Mais ce ne sera pas le cas : la WTT a annonc\u00e9 que <strong>F\u00e9lix Lebrun<\/strong> d\u00e9clarait forfait sur blessure pour ce tournoi. La nature de cette blessure n&rsquo;a pas \u00e9t\u00e9 communiqu\u00e9e.<\/p>\n<blockquote class=\"twitter-tweet\">\n<p dir=\"ltr\" lang=\"en\">Nicholas Lum and Tom Jarvis step up to the plate \ud83d\udcaa<\/p>\n<p>They take the places of Wang Chuqin and Felix Lebrun who have had to step away due to injury &#8211; wishing them a speedy recovery. <a href=\"https:\/\/x.com\/hashtag\/WTTMacao?src=hash&amp;ref_src=twsrc%5Etfw\">#WTTMacao<\/a> <a href=\"https:\/\/x.com\/hashtag\/TableTennis?src=hash&amp;ref_src=twsrc%5Etfw\">#TableTennis<\/a> <a href=\"https:\/\/t.co\/aUHsGCbo8m\">pic.twitter.com\/aUHsGCbo8m<\/a><\/p>\n<p>\u2014 World Table Tennis (@WTTGlobal) <a href=\"https:\/\/x.com\/WTTGlobal\/status\/2095712098143572314?ref_src=twsrc%5Etfw\">September 4, 2026<\/a><\/p><\/blockquote>\n<p style=\"text-align: justify;\"><script async src=\"https:\/\/platform.x.com\/widgets.js\" charset=\"utf-8\"><\/script><br \/>\nRageant, clairement, car <strong>Wang Chuqin<\/strong> lui-m\u00eame a renonc\u00e9 au WTT Champions de Macao, \u00e9galement sur blessure (le Chinois \u00e9tait d\u00e9j\u00e0 absent en Su\u00e8de). Ainsi, il n&rsquo;y aura pas de bataille pour la place de n\u00b01 mondial. Ce n&rsquo;est sans doute que partie remise, et les deux pourront s&rsquo;expliquer lors du dernier Grand Smash de la saison, en Chine, d\u00e9but octobre. S&rsquo;ils sont remis de leurs blessures\u2026<\/p>\n","protected":false},"excerpt":{"rendered":"<p>WTT CHAMPIONS DE MACAO 2026 &#8211; Apr\u00e8s son sacre en Su\u00e8de, F\u00e9lix Lebrun ne sera pas pr\u00e9sent \u00e0 Macao. Le n\u00b02 mondial a d\u00e9clar\u00e9 forfait sur blessure.<\/p>\n","protected":false},"author":59,"featured_media":701481,"comment_status":"open","ping_status":"closed","sticky":false,"template":"","format":"standard","meta":{"_acf_changed":false,"_daextam_enable_autolinks":"1","footnotes":"","_members_access_role":[],"_members_access_error":""},"categories":[9663],"tags":[32415,16878,24337,27447],"class_list":["post-701479","post","type-post","status-publish","format-standard","has-post-thumbnail","hentry","category-tennis-de-table","tag-actu","tag-breve","tag-felix-lebrun","tag-wtt-champions-macao"],"acf":[],"yoast_head":"<!-- This site is optimized with the Yoast SEO Premium plugin v28.3 (Yoast SEO v28.3) - https:\/\/yoast.com\/product\/yoast-seo-premium-wordpress\/ -->\n<title>F\u00e9lix Lebrun d\u00e9clare forfait pour le WTT Champions de Macao<\/title>\n<meta name=\"description\" content=\"WTT CHAMPIONS DE MACAO 2026 - Apr\u00e8s son sacre en Su\u00e8de, F\u00e9lix Lebrun ne sera pas pr\u00e9sent \u00e0 Macao. Le n\u00b02 mondial a d\u00e9clar\u00e9 forfait sur blessure.\" \/>\n<meta name=\"robots\" content=\"index, follow, max-snippet:-1, max-image-preview:large, max-video-preview:-1\" \/>\n<link rel=\"canonical\" href=\"https:\/\/dicodusport.fr\/blog\/felix-lebrun-declare-forfait-pour-le-wtt-champions-de-macao\/\" \/>\n<meta property=\"og:locale\" content=\"fr_FR\" \/>\n<meta property=\"og:type\" content=\"article\" \/>\n<meta property=\"og:title\" content=\"F\u00e9lix Lebrun d\u00e9clare forfait pour le WTT Champions de Macao\" \/>\n<meta property=\"og:description\" content=\"WTT CHAMPIONS DE MACAO 2026 - Apr\u00e8s son sacre en Su\u00e8de, F\u00e9lix Lebrun ne sera pas pr\u00e9sent \u00e0 Macao. Le n\u00b02 mondial a d\u00e9clar\u00e9 forfait sur blessure.\" \/>\n<meta property=\"og:url\" content=\"https:\/\/dicodusport.fr\/blog\/felix-lebrun-declare-forfait-pour-le-wtt-champions-de-macao\/\" \/>\n<meta property=\"og:site_name\" content=\"Dicodusport\" \/>\n<meta property=\"article:publisher\" content=\"https:\/\/www.facebook.com\/dicodusport\" \/>\n<meta property=\"article:author\" content=\"https:\/\/www.facebook.com\/sebastien.gente\/\" \/>\n<meta property=\"article:published_time\" content=\"2026-09-04T08:37:45+00:00\" \/>\n<meta property=\"og:image\" content=\"https:\/\/dicodusport.fr\/blog\/wp-content\/uploads\/2026\/09\/Felix-Lebrun-declare-forfait-pour-le-WTT-Champions-de-Macao.png\" \/>\n\t<meta property=\"og:image:width\" content=\"1200\" \/>\n\t<meta property=\"og:image:height\" content=\"674\" \/>\n\t<meta property=\"og:image:type\" content=\"image\/png\" \/>\n<meta name=\"author\" content=\"S\u00e9bastien Gente\" \/>\n<meta name=\"twitter:card\" content=\"summary_large_image\" \/>\n<meta name=\"twitter:title\" content=\"F\u00e9lix Lebrun d\u00e9clare forfait pour le WTT Champions de Macao\" \/>\n<meta name=\"twitter:creator\" content=\"@https:\/\/twitter.com\/globulo24\" \/>\n<meta name=\"twitter:site\" content=\"@dicodusport\" \/>\n<script type=\"application\/ld+json\" class=\"yoast-schema-graph\">{\"@context\":\"https:\\\/\\\/schema.org\",\"@graph\":[{\"@type\":\"NewsArticle\",\"@id\":\"https:\\\/\\\/dicodusport.fr\\\/blog\\\/felix-lebrun-declare-forfait-pour-le-wtt-champions-de-macao\\\/#article\",\"isPartOf\":{\"@id\":\"https:\\\/\\\/dicodusport.fr\\\/blog\\\/felix-lebrun-declare-forfait-pour-le-wtt-champions-de-macao\\\/\"},\"author\":{\"name\":\"S\u00e9bastien Gente\",\"@id\":\"https:\\\/\\\/dicodusport.fr\\\/blog\\\/#\\\/schema\\\/person\\\/627966a6cde45dbd8c5e36ac85d783da\"},\"headline\":\"F\u00e9lix Lebrun d\u00e9clare forfait pour le WTT Champions de Macao\",\"datePublished\":\"2026-09-04T08:37:45+00:00\",\"mainEntityOfPage\":{\"@id\":\"https:\\\/\\\/dicodusport.fr\\\/blog\\\/felix-lebrun-declare-forfait-pour-le-wtt-champions-de-macao\\\/\"},\"wordCount\":375,\"commentCount\":0,\"publisher\":{\"@id\":\"https:\\\/\\\/dicodusport.fr\\\/blog\\\/#organization\"},\"image\":{\"@id\":\"https:\\\/\\\/dicodusport.fr\\\/blog\\\/felix-lebrun-declare-forfait-pour-le-wtt-champions-de-macao\\\/#primaryimage\"},\"thumbnailUrl\":\"https:\\\/\\\/dicodusport.fr\\\/blog\\\/wp-content\\\/uploads\\\/2026\\\/09\\\/Felix-Lebrun-declare-forfait-pour-le-WTT-Champions-de-Macao.png\",\"keywords\":[\"actu\",\"br\u00e8ve\",\"F\u00e9lix Lebrun\",\"WTT Champions Macao\"],\"articleSection\":[\"Tennis de table\"],\"inLanguage\":\"fr-FR\",\"potentialAction\":[{\"@type\":\"CommentAction\",\"name\":\"Comment\",\"target\":[\"https:\\\/\\\/dicodusport.fr\\\/blog\\\/felix-lebrun-declare-forfait-pour-le-wtt-champions-de-macao\\\/#respond\"]}],\"copyrightYear\":\"2026\",\"copyrightHolder\":{\"@id\":\"https:\\\/\\\/dicodusport.fr\\\/blog\\\/#organization\"}},{\"@type\":\"WebPage\",\"@id\":\"https:\\\/\\\/dicodusport.fr\\\/blog\\\/felix-lebrun-declare-forfait-pour-le-wtt-champions-de-macao\\\/\",\"url\":\"https:\\\/\\\/dicodusport.fr\\\/blog\\\/felix-lebrun-declare-forfait-pour-le-wtt-champions-de-macao\\\/\",\"name\":\"F\u00e9lix Lebrun d\u00e9clare forfait pour le WTT Champions de Macao\",\"isPartOf\":{\"@id\":\"https:\\\/\\\/dicodusport.fr\\\/blog\\\/#website\"},\"primaryImageOfPage\":{\"@id\":\"https:\\\/\\\/dicodusport.fr\\\/blog\\\/felix-lebrun-declare-forfait-pour-le-wtt-champions-de-macao\\\/#primaryimage\"},\"image\":{\"@id\":\"https:\\\/\\\/dicodusport.fr\\\/blog\\\/felix-lebrun-declare-forfait-pour-le-wtt-champions-de-macao\\\/#primaryimage\"},\"thumbnailUrl\":\"https:\\\/\\\/dicodusport.fr\\\/blog\\\/wp-content\\\/uploads\\\/2026\\\/09\\\/Felix-Lebrun-declare-forfait-pour-le-WTT-Champions-de-Macao.png\",\"datePublished\":\"2026-09-04T08:37:45+00:00\",\"description\":\"WTT CHAMPIONS DE MACAO 2026 - Apr\u00e8s son sacre en Su\u00e8de, F\u00e9lix Lebrun ne sera pas pr\u00e9sent \u00e0 Macao. Le n\u00b02 mondial a d\u00e9clar\u00e9 forfait sur blessure.\",\"breadcrumb\":{\"@id\":\"https:\\\/\\\/dicodusport.fr\\\/blog\\\/felix-lebrun-declare-forfait-pour-le-wtt-champions-de-macao\\\/#breadcrumb\"},\"inLanguage\":\"fr-FR\",\"potentialAction\":[{\"@type\":\"ReadAction\",\"target\":[\"https:\\\/\\\/dicodusport.fr\\\/blog\\\/felix-lebrun-declare-forfait-pour-le-wtt-champions-de-macao\\\/\"]}]},{\"@type\":\"ImageObject\",\"inLanguage\":\"fr-FR\",\"@id\":\"https:\\\/\\\/dicodusport.fr\\\/blog\\\/felix-lebrun-declare-forfait-pour-le-wtt-champions-de-macao\\\/#primaryimage\",\"url\":\"https:\\\/\\\/dicodusport.fr\\\/blog\\\/wp-content\\\/uploads\\\/2026\\\/09\\\/Felix-Lebrun-declare-forfait-pour-le-WTT-Champions-de-Macao.png\",\"contentUrl\":\"https:\\\/\\\/dicodusport.fr\\\/blog\\\/wp-content\\\/uploads\\\/2026\\\/09\\\/Felix-Lebrun-declare-forfait-pour-le-WTT-Champions-de-Macao.png\",\"width\":1200,\"height\":674,\"caption\":\"F\u00e9lix Lebrun d\u00e9clare forfait pour le WTT Champions de Macao\"},{\"@type\":\"BreadcrumbList\",\"@id\":\"https:\\\/\\\/dicodusport.fr\\\/blog\\\/felix-lebrun-declare-forfait-pour-le-wtt-champions-de-macao\\\/#breadcrumb\",\"itemListElement\":[{\"@type\":\"ListItem\",\"position\":1,\"name\":\"Accueil\",\"item\":\"https:\\\/\\\/dicodusport.fr\\\/blog\\\/\"},{\"@type\":\"ListItem\",\"position\":2,\"name\":\"F\u00e9lix Lebrun d\u00e9clare forfait pour le WTT Champions de Macao\"}]},{\"@type\":\"WebSite\",\"@id\":\"https:\\\/\\\/dicodusport.fr\\\/blog\\\/#website\",\"url\":\"https:\\\/\\\/dicodusport.fr\\\/blog\\\/\",\"name\":\"Dicodusport\",\"description\":\"L&#039;encyclop\u00e9die de l&#039;actualit\u00e9 sportive\",\"publisher\":{\"@id\":\"https:\\\/\\\/dicodusport.fr\\\/blog\\\/#organization\"},\"potentialAction\":[{\"@type\":\"SearchAction\",\"target\":{\"@type\":\"EntryPoint\",\"urlTemplate\":\"https:\\\/\\\/dicodusport.fr\\\/blog\\\/?s={search_term_string}\"},\"query-input\":{\"@type\":\"PropertyValueSpecification\",\"valueRequired\":true,\"valueName\":\"search_term_string\"}}],\"inLanguage\":\"fr-FR\"},{\"@type\":\"NewsMediaOrganization\",\"@id\":\"https:\\\/\\\/dicodusport.fr\\\/blog\\\/#organization\",\"name\":\"Dicodusport\",\"url\":\"https:\\\/\\\/dicodusport.fr\\\/blog\\\/\",\"logo\":{\"@type\":\"ImageObject\",\"inLanguage\":\"fr-FR\",\"@id\":\"https:\\\/\\\/dicodusport.fr\\\/blog\\\/#\\\/schema\\\/logo\\\/image\\\/\",\"url\":\"https:\\\/\\\/dicodusport.fr\\\/blog\\\/wp-content\\\/uploads\\\/2020\\\/06\\\/cropped-LOGO-DICODUSPORT-2020-SANS-FOND-SANS-TEXTE.png\",\"contentUrl\":\"https:\\\/\\\/dicodusport.fr\\\/blog\\\/wp-content\\\/uploads\\\/2020\\\/06\\\/cropped-LOGO-DICODUSPORT-2020-SANS-FOND-SANS-TEXTE.png\",\"width\":512,\"height\":512,\"caption\":\"Dicodusport\"},\"image\":{\"@id\":\"https:\\\/\\\/dicodusport.fr\\\/blog\\\/#\\\/schema\\\/logo\\\/image\\\/\"},\"sameAs\":[\"https:\\\/\\\/www.facebook.com\\\/dicodusport\",\"https:\\\/\\\/x.com\\\/dicodusport\",\"https:\\\/\\\/www.instagram.com\\\/dicodusport\\\/\",\"https:\\\/\\\/www.youtube.com\\\/channel\\\/UC7V2KZ5sd3htJivAbA4ZG3w\"],\"description\":\"Dicodusport est l'encyclop\u00e9die de l'actualit\u00e9 sportive.\",\"email\":\"bonjour@dicodusport.fr\",\"legalName\":\"DICODUSPORT\",\"foundingDate\":\"2018-01-14\",\"vatID\":\"FR71834470973\",\"taxID\":\"83447097300043\",\"numberOfEmployees\":{\"@type\":\"QuantitativeValue\",\"minValue\":\"1\",\"maxValue\":\"10\"}},{\"@type\":\"Person\",\"@id\":\"https:\\\/\\\/dicodusport.fr\\\/blog\\\/#\\\/schema\\\/person\\\/627966a6cde45dbd8c5e36ac85d783da\",\"name\":\"S\u00e9bastien Gente\",\"image\":{\"@type\":\"ImageObject\",\"inLanguage\":\"fr-FR\",\"@id\":\"https:\\\/\\\/dicodusport.fr\\\/blog\\\/wp-content\\\/uploads\\\/2021\\\/09\\\/1510990_10205810251400683_4124423575079401707_n-150x150.jpg\",\"url\":\"https:\\\/\\\/dicodusport.fr\\\/blog\\\/wp-content\\\/uploads\\\/2021\\\/09\\\/1510990_10205810251400683_4124423575079401707_n-150x150.jpg\",\"contentUrl\":\"https:\\\/\\\/dicodusport.fr\\\/blog\\\/wp-content\\\/uploads\\\/2021\\\/09\\\/1510990_10205810251400683_4124423575079401707_n-150x150.jpg\",\"caption\":\"S\u00e9bastien Gente\"},\"description\":\"John Stockton, Gianni Bugno, Zinedine Zidane, Steffi Graf, Frode Andresen, St\u00e9phane Stoecklin, Davis Kamoga, Primoz Peterka, Werner Schlager et Aur\u00e9lien Rougerie. Point commun entre ces sportifs? Ils m'ont fait r\u00eaver et ont berc\u00e9 mon adolescence. Je suis un fondu de sports et j'essaie de retranscrire ma passion \u00e0 travers mes articles. Originaire du P\u00e9rigord, ma passion pour les Girondins, les Jaunards et les Jazzmen transpire dans mes \u00e9crits. \u00c0 Dicodusport depuis 2021, je d\u00e9niche les sports m\u00e9connus dans lesquels la France brille, et il y en a !\",\"sameAs\":[\"https:\\\/\\\/www.facebook.com\\\/sebastien.gente\\\/\",\"https:\\\/\\\/www.instagram.com\\\/sebgente\\\/\",\"https:\\\/\\\/www.linkedin.com\\\/in\\\/sbastien-gente-a29583169\\\/\",\"https:\\\/\\\/x.com\\\/https:\\\/\\\/twitter.com\\\/globulo24\",\"SebastienGente\"],\"worksFor\":\"S\u00e9bastien GENTE\",\"url\":\"https:\\\/\\\/dicodusport.fr\\\/blog\\\/author\\\/sebastiengente\\\/\"}]}<\/script>\n<!-- \/ Yoast SEO Premium plugin. -->","yoast_head_json":{"title":"F\u00e9lix Lebrun d\u00e9clare forfait pour le WTT Champions de Macao","description":"WTT CHAMPIONS DE MACAO 2026 - Apr\u00e8s son sacre en Su\u00e8de, F\u00e9lix Lebrun ne sera pas pr\u00e9sent \u00e0 Macao. Le n\u00b02 mondial a d\u00e9clar\u00e9 forfait sur blessure.","robots":{"index":"index","follow":"follow","max-snippet":"max-snippet:-1","max-image-preview":"max-image-preview:large","max-video-preview":"max-video-preview:-1"},"canonical":"https:\/\/dicodusport.fr\/blog\/felix-lebrun-declare-forfait-pour-le-wtt-champions-de-macao\/","og_locale":"fr_FR","og_type":"article","og_title":"F\u00e9lix Lebrun d\u00e9clare forfait pour le WTT Champions de Macao","og_description":"WTT CHAMPIONS DE MACAO 2026 - Apr\u00e8s son sacre en Su\u00e8de, F\u00e9lix Lebrun ne sera pas pr\u00e9sent \u00e0 Macao. Le n\u00b02 mondial a d\u00e9clar\u00e9 forfait sur blessure.","og_url":"https:\/\/dicodusport.fr\/blog\/felix-lebrun-declare-forfait-pour-le-wtt-champions-de-macao\/","og_site_name":"Dicodusport","article_publisher":"https:\/\/www.facebook.com\/dicodusport","article_author":"https:\/\/www.facebook.com\/sebastien.gente\/","article_published_time":"2026-09-04T08:37:45+00:00","og_image":[{"width":1200,"height":674,"url":"https:\/\/dicodusport.fr\/blog\/wp-content\/uploads\/2026\/09\/Felix-Lebrun-declare-forfait-pour-le-WTT-Champions-de-Macao.png","type":"image\/png"}],"author":"S\u00e9bastien Gente","twitter_card":"summary_large_image","twitter_title":"F\u00e9lix Lebrun d\u00e9clare forfait pour le WTT Champions de Macao","twitter_creator":"@https:\/\/twitter.com\/globulo24","twitter_site":"@dicodusport","schema":{"@context":"https:\/\/schema.org","@graph":[{"@type":"NewsArticle","@id":"https:\/\/dicodusport.fr\/blog\/felix-lebrun-declare-forfait-pour-le-wtt-champions-de-macao\/#article","isPartOf":{"@id":"https:\/\/dicodusport.fr\/blog\/felix-lebrun-declare-forfait-pour-le-wtt-champions-de-macao\/"},"author":{"name":"S\u00e9bastien Gente","@id":"https:\/\/dicodusport.fr\/blog\/#\/schema\/person\/627966a6cde45dbd8c5e36ac85d783da"},"headline":"F\u00e9lix Lebrun d\u00e9clare forfait pour le WTT Champions de Macao","datePublished":"2026-09-04T08:37:45+00:00","mainEntityOfPage":{"@id":"https:\/\/dicodusport.fr\/blog\/felix-lebrun-declare-forfait-pour-le-wtt-champions-de-macao\/"},"wordCount":375,"commentCount":0,"publisher":{"@id":"https:\/\/dicodusport.fr\/blog\/#organization"},"image":{"@id":"https:\/\/dicodusport.fr\/blog\/felix-lebrun-declare-forfait-pour-le-wtt-champions-de-macao\/#primaryimage"},"thumbnailUrl":"https:\/\/dicodusport.fr\/blog\/wp-content\/uploads\/2026\/09\/Felix-Lebrun-declare-forfait-pour-le-WTT-Champions-de-Macao.png","keywords":["actu","br\u00e8ve","F\u00e9lix Lebrun","WTT Champions Macao"],"articleSection":["Tennis de table"],"inLanguage":"fr-FR","potentialAction":[{"@type":"CommentAction","name":"Comment","target":["https:\/\/dicodusport.fr\/blog\/felix-lebrun-declare-forfait-pour-le-wtt-champions-de-macao\/#respond"]}],"copyrightYear":"2026","copyrightHolder":{"@id":"https:\/\/dicodusport.fr\/blog\/#organization"}},{"@type":"WebPage","@id":"https:\/\/dicodusport.fr\/blog\/felix-lebrun-declare-forfait-pour-le-wtt-champions-de-macao\/","url":"https:\/\/dicodusport.fr\/blog\/felix-lebrun-declare-forfait-pour-le-wtt-champions-de-macao\/","name":"F\u00e9lix Lebrun d\u00e9clare forfait pour le WTT Champions de Macao","isPartOf":{"@id":"https:\/\/dicodusport.fr\/blog\/#website"},"primaryImageOfPage":{"@id":"https:\/\/dicodusport.fr\/blog\/felix-lebrun-declare-forfait-pour-le-wtt-champions-de-macao\/#primaryimage"},"image":{"@id":"https:\/\/dicodusport.fr\/blog\/felix-lebrun-declare-forfait-pour-le-wtt-champions-de-macao\/#primaryimage"},"thumbnailUrl":"https:\/\/dicodusport.fr\/blog\/wp-content\/uploads\/2026\/09\/Felix-Lebrun-declare-forfait-pour-le-WTT-Champions-de-Macao.png","datePublished":"2026-09-04T08:37:45+00:00","description":"WTT CHAMPIONS DE MACAO 2026 - Apr\u00e8s son sacre en Su\u00e8de, F\u00e9lix Lebrun ne sera pas pr\u00e9sent \u00e0 Macao. Le n\u00b02 mondial a d\u00e9clar\u00e9 forfait sur blessure.","breadcrumb":{"@id":"https:\/\/dicodusport.fr\/blog\/felix-lebrun-declare-forfait-pour-le-wtt-champions-de-macao\/#breadcrumb"},"inLanguage":"fr-FR","potentialAction":[{"@type":"ReadAction","target":["https:\/\/dicodusport.fr\/blog\/felix-lebrun-declare-forfait-pour-le-wtt-champions-de-macao\/"]}]},{"@type":"ImageObject","inLanguage":"fr-FR","@id":"https:\/\/dicodusport.fr\/blog\/felix-lebrun-declare-forfait-pour-le-wtt-champions-de-macao\/#primaryimage","url":"https:\/\/dicodusport.fr\/blog\/wp-content\/uploads\/2026\/09\/Felix-Lebrun-declare-forfait-pour-le-WTT-Champions-de-Macao.png","contentUrl":"https:\/\/dicodusport.fr\/blog\/wp-content\/uploads\/2026\/09\/Felix-Lebrun-declare-forfait-pour-le-WTT-Champions-de-Macao.png","width":1200,"height":674,"caption":"F\u00e9lix Lebrun d\u00e9clare forfait pour le WTT Champions de Macao"},{"@type":"BreadcrumbList","@id":"https:\/\/dicodusport.fr\/blog\/felix-lebrun-declare-forfait-pour-le-wtt-champions-de-macao\/#breadcrumb","itemListElement":[{"@type":"ListItem","position":1,"name":"Accueil","item":"https:\/\/dicodusport.fr\/blog\/"},{"@type":"ListItem","position":2,"name":"F\u00e9lix Lebrun d\u00e9clare forfait pour le WTT Champions de Macao"}]},{"@type":"WebSite","@id":"https:\/\/dicodusport.fr\/blog\/#website","url":"https:\/\/dicodusport.fr\/blog\/","name":"Dicodusport","description":"L&#039;encyclop\u00e9die de l&#039;actualit\u00e9 sportive","publisher":{"@id":"https:\/\/dicodusport.fr\/blog\/#organization"},"potentialAction":[{"@type":"SearchAction","target":{"@type":"EntryPoint","urlTemplate":"https:\/\/dicodusport.fr\/blog\/?s={search_term_string}"},"query-input":{"@type":"PropertyValueSpecification","valueRequired":true,"valueName":"search_term_string"}}],"inLanguage":"fr-FR"},{"@type":"NewsMediaOrganization","@id":"https:\/\/dicodusport.fr\/blog\/#organization","name":"Dicodusport","url":"https:\/\/dicodusport.fr\/blog\/","logo":{"@type":"ImageObject","inLanguage":"fr-FR","@id":"https:\/\/dicodusport.fr\/blog\/#\/schema\/logo\/image\/","url":"https:\/\/dicodusport.fr\/blog\/wp-content\/uploads\/2020\/06\/cropped-LOGO-DICODUSPORT-2020-SANS-FOND-SANS-TEXTE.png","contentUrl":"https:\/\/dicodusport.fr\/blog\/wp-content\/uploads\/2020\/06\/cropped-LOGO-DICODUSPORT-2020-SANS-FOND-SANS-TEXTE.png","width":512,"height":512,"caption":"Dicodusport"},"image":{"@id":"https:\/\/dicodusport.fr\/blog\/#\/schema\/logo\/image\/"},"sameAs":["https:\/\/www.facebook.com\/dicodusport","https:\/\/x.com\/dicodusport","https:\/\/www.instagram.com\/dicodusport\/","https:\/\/www.youtube.com\/channel\/UC7V2KZ5sd3htJivAbA4ZG3w"],"description":"Dicodusport est l'encyclop\u00e9die de l'actualit\u00e9 sportive.","email":"bonjour@dicodusport.fr","legalName":"DICODUSPORT","foundingDate":"2018-01-14","vatID":"FR71834470973","taxID":"83447097300043","numberOfEmployees":{"@type":"QuantitativeValue","minValue":"1","maxValue":"10"}},{"@type":"Person","@id":"https:\/\/dicodusport.fr\/blog\/#\/schema\/person\/627966a6cde45dbd8c5e36ac85d783da","name":"S\u00e9bastien Gente","image":{"@type":"ImageObject","inLanguage":"fr-FR","@id":"https:\/\/dicodusport.fr\/blog\/wp-content\/uploads\/2021\/09\/1510990_10205810251400683_4124423575079401707_n-150x150.jpg","url":"https:\/\/dicodusport.fr\/blog\/wp-content\/uploads\/2021\/09\/1510990_10205810251400683_4124423575079401707_n-150x150.jpg","contentUrl":"https:\/\/dicodusport.fr\/blog\/wp-content\/uploads\/2021\/09\/1510990_10205810251400683_4124423575079401707_n-150x150.jpg","caption":"S\u00e9bastien Gente"},"description":"John Stockton, Gianni Bugno, Zinedine Zidane, Steffi Graf, Frode Andresen, St\u00e9phane Stoecklin, Davis Kamoga, Primoz Peterka, Werner Schlager et Aur\u00e9lien Rougerie. Point commun entre ces sportifs? Ils m'ont fait r\u00eaver et ont berc\u00e9 mon adolescence. Je suis un fondu de sports et j'essaie de retranscrire ma passion \u00e0 travers mes articles. Originaire du P\u00e9rigord, ma passion pour les Girondins, les Jaunards et les Jazzmen transpire dans mes \u00e9crits. \u00c0 Dicodusport depuis 2021, je d\u00e9niche les sports m\u00e9connus dans lesquels la France brille, et il y en a !","sameAs":["https:\/\/www.facebook.com\/sebastien.gente\/","https:\/\/www.instagram.com\/sebgente\/","https:\/\/www.linkedin.com\/in\/sbastien-gente-a29583169\/","https:\/\/x.com\/https:\/\/twitter.com\/globulo24","SebastienGente"],"worksFor":"S\u00e9bastien GENTE","url":"https:\/\/dicodusport.fr\/blog\/author\/sebastiengente\/"}]}},"_links":{"self":[{"href":"https:\/\/dicodusport.fr\/blog\/wp-json\/wp\/v2\/posts\/701479","targetHints":{"allow":["GET"]}}],"collection":[{"href":"https:\/\/dicodusport.fr\/blog\/wp-json\/wp\/v2\/posts"}],"about":[{"href":"https:\/\/dicodusport.fr\/blog\/wp-json\/wp\/v2\/types\/post"}],"author":[{"embeddable":true,"href":"https:\/\/dicodusport.fr\/blog\/wp-json\/wp\/v2\/users\/59"}],"replies":[{"embeddable":true,"href":"https:\/\/dicodusport.fr\/blog\/wp-json\/wp\/v2\/comments?post=701479"}],"version-history":[{"count":1,"href":"https:\/\/dicodusport.fr\/blog\/wp-json\/wp\/v2\/posts\/701479\/revisions"}],"predecessor-version":[{"id":701482,"href":"https:\/\/dicodusport.fr\/blog\/wp-json\/wp\/v2\/posts\/701479\/revisions\/701482"}],"wp:featuredmedia":[{"embeddable":true,"href":"https:\/\/dicodusport.fr\/blog\/wp-json\/wp\/v2\/media\/701481"}],"wp:attachment":[{"href":"https:\/\/dicodusport.fr\/blog\/wp-json\/wp\/v2\/media?parent=701479"}],"wp:term":[{"taxonomy":"category","embeddable":true,"href":"https:\/\/dicodusport.fr\/blog\/wp-json\/wp\/v2\/categories?post=701479"},{"taxonomy":"post_tag","embeddable":true,"href":"https:\/\/dicodusport.fr\/blog\/wp-json\/wp\/v2\/tags?post=701479"}],"curies":[{"name":"wp","href":"https:\/\/api.w.org\/{rel}","templated":true}]}}