{"id":70322,"date":"2020-06-29T08:26:50","date_gmt":"2020-06-29T06:26:50","guid":{"rendered":"http:\/\/dicodusport.fr\/blog\/?p=70322&#038;preview=true&#038;preview_id=70322"},"modified":"2020-06-29T08:26:50","modified_gmt":"2020-06-29T06:26:50","slug":"video-talonnade-exceptionnelle-karim-benzema-face-espanyol-barcelone","status":"publish","type":"post","link":"https:\/\/dicodusport.fr\/blog\/video-talonnade-exceptionnelle-karim-benzema-face-espanyol-barcelone\/","title":{"rendered":"[Vid\u00e9o] La talonnade exceptionnelle de Karim Benzema face \u00e0 l&rsquo;Espanyol Barcelone"},"content":{"rendered":"<p style=\"text-align: justify;\"><em><b>FOOTBALL &#8211; <a href=\"https:\/\/dicodusport.fr\/blog\/tag\/karim-benzema\/\" target=\"_blank\" rel=\"noopener noreferrer\">Karim Benzema<\/a> porte son Real Madrid \u00e0 bout de bras. Il l&rsquo;a de nouveau prouv\u00e9 ce dimanche face \u00e0 l&rsquo;Espanyol Barcelone, avec un geste de tr\u00e8s grande classe pour offrir un but \u00e0 Casemiro.\u00a0<\/b><\/em><\/p>\n<p style=\"text-align: justify;\"><em>\u00ab Un g\u00e9nie r\u00e8gne sur la Liga \u00bb<\/em> titre ce lundi <em>Marca<\/em>, apr\u00e8s la d\u00e9licieuse talonnade de <strong>Karim Benzema<\/strong>. Un geste qui a permis de d\u00e9bloquer la situation d&rsquo;une rencontre qui sentait le traquenard pour le <strong>Real Madrid<\/strong> (1-0).<\/p>\n<blockquote class=\"twitter-tweet\">\n<p dir=\"ltr\" lang=\"fr\">En boucle. On ne s\u2019en lasse pas.&#x1f60d; <a href=\"https:\/\/twitter.com\/hashtag\/Benzema?src=hash&amp;ref_src=twsrc%5Etfw\">#Benzema<\/a><\/p>\n<p><a href=\"https:\/\/t.co\/hdoKmnvlnn\">pic.twitter.com\/hdoKmnvlnn<\/a><\/p>\n<p>\u2014 fran\u00e7ois pinet (@francoispinet) <a href=\"https:\/\/twitter.com\/francoispinet\/status\/1277478057205522432?ref_src=twsrc%5Etfw\">June 29, 2020<\/a><\/p><\/blockquote>\n<p style=\"text-align: justify;\"><script async src=\"https:\/\/platform.twitter.com\/widgets.js\" charset=\"utf-8\"><\/script><\/p>\n<h2 style=\"text-align: justify;\">Sous un autre angle !<\/h2>\n<blockquote class=\"twitter-tweet\">\n<p dir=\"ltr\" lang=\"fr\">Karim Benzema, tout simplement.<\/p>\n<p>Ne mettez plus jamais Olivier Giroud \u00e0 sa hauteur <a href=\"https:\/\/t.co\/wdgN3RgSc3\">pic.twitter.com\/wdgN3RgSc3<\/a><\/p>\n<p>\u2014 ELnueve (@Elpaablooo) <a href=\"https:\/\/twitter.com\/Elpaablooo\/status\/1277417905597157377?ref_src=twsrc%5Etfw\">June 29, 2020<\/a><\/p><\/blockquote>\n<p style=\"text-align: justify;\"><script async src=\"https:\/\/platform.twitter.com\/widgets.js\" charset=\"utf-8\"><\/script><\/p>\n<p style=\"text-align: justify;\"><strong><em>Dicodusport<br \/>\n<a href=\"https:\/\/www.facebook.com\/dicodusport\/\" target=\"_blank\" rel=\"noopener noreferrer\"><img loading=\"lazy\" decoding=\"async\" class=\"alignnone wp-image-2909\" src=\"http:\/\/dicodusport.fr\/blog\/wp-content\/uploads\/2017\/07\/logo-facebook-150x150.png\" alt=\"\" width=\"40\" height=\"40\" \/><\/a><a href=\"https:\/\/twitter.com\/dicodusport\" target=\"_blank\" rel=\"noopener noreferrer\"><img loading=\"lazy\" decoding=\"async\" class=\"alignnone wp-image-2908\" src=\"http:\/\/dicodusport.fr\/blog\/wp-content\/uploads\/2017\/07\/logo-twitter-150x150.png\" alt=\"\" width=\"39\" height=\"39\" \/><\/a><\/em><\/strong><\/p>\n","protected":false},"excerpt":{"rendered":"<p>FOOTBALL &#8211; Karim Benzema porte son Real Madrid \u00e0 bout de bras. Il l&rsquo;a de nouveau prouv\u00e9 ce dimanche face \u00e0 l&rsquo;Espanyol Barcelone, avec un geste de tr\u00e8s grande classe pour offrir un but \u00e0 Casemiro.\u00a0<\/p>\n","protected":false},"author":1,"featured_media":70325,"comment_status":"open","ping_status":"closed","sticky":false,"template":"","format":"standard","meta":{"_acf_changed":false,"_daextam_enable_autolinks":"","footnotes":""},"categories":[2301],"tags":[75,4727,521],"class_list":["post-70322","post","type-post","status-publish","format-standard","has-post-thumbnail","hentry","category-football","tag-football","tag-karim-benzema","tag-real-madrid"],"acf":[],"yoast_head":"<!-- This site is optimized with the Yoast SEO Premium plugin v26.7 (Yoast SEO v26.7) - https:\/\/yoast.com\/wordpress\/plugins\/seo\/ -->\n<title>[Vid\u00e9o] La talonnade exceptionnelle de Karim Benzema face \u00e0 l&#039;Espanyol Barcelone<\/title>\n<meta name=\"description\" content=\"FOOTBALL - Karim Benzema porte son Real Madrid \u00e0 bout de bras. Il l&#039;a de nouveau prouv\u00e9 face \u00e0 l&#039;Espanyol Barcelone, avec une sompteuse talonnade.\" \/>\n<meta name=\"robots\" content=\"index, follow, max-snippet:-1, max-image-preview:large, max-video-preview:-1\" \/>\n<link rel=\"canonical\" href=\"https:\/\/dicodusport.fr\/blog\/video-talonnade-exceptionnelle-karim-benzema-face-espanyol-barcelone\/\" \/>\n<meta property=\"og:locale\" content=\"fr_FR\" \/>\n<meta property=\"og:type\" content=\"article\" \/>\n<meta property=\"og:title\" content=\"[Vid\u00e9o] La talonnade exceptionnelle de Benzema face \u00e0 l&#039;Espanyol Barcelone\" \/>\n<meta property=\"og:description\" content=\"FOOTBALL - Karim Benzema porte son Real Madrid \u00e0 bout de bras. Il l&#039;a de nouveau prouv\u00e9 face \u00e0 l&#039;Espanyol Barcelone, avec une sompteuse talonnade.\" \/>\n<meta property=\"og:url\" content=\"https:\/\/dicodusport.fr\/blog\/video-talonnade-exceptionnelle-karim-benzema-face-espanyol-barcelone\/\" \/>\n<meta property=\"og:site_name\" content=\"Dicodusport\" \/>\n<meta property=\"article:publisher\" content=\"https:\/\/www.facebook.com\/dicodusport\" \/>\n<meta property=\"article:author\" content=\"https:\/\/www.facebook.com\/dicodusport\" \/>\n<meta property=\"article:published_time\" content=\"2020-06-29T06:26:50+00:00\" \/>\n<meta property=\"og:image\" content=\"https:\/\/dicodusport.fr\/blog\/wp-content\/uploads\/2020\/06\/Vid\u00e9o-La-talonnade-exceptionnelle-de-Karim-Benzema-face-\u00e0-lEspanyol-Barcelone.png\" \/>\n\t<meta property=\"og:image:width\" content=\"800\" \/>\n\t<meta property=\"og:image:height\" content=\"445\" \/>\n\t<meta property=\"og:image:type\" content=\"image\/png\" \/>\n<meta name=\"author\" content=\"Nicolas Jacquemard\" \/>\n<meta name=\"twitter:card\" content=\"summary_large_image\" \/>\n<meta name=\"twitter:title\" content=\"[Vid\u00e9o] La talonnade exceptionnelle de Benzema face \u00e0 l&#039;Espanyol Barcelone\" \/>\n<meta name=\"twitter:creator\" content=\"@https:\/\/twitter.com\/Nico_Jacquemard\" \/>\n<meta name=\"twitter:site\" content=\"@dicodusport\" \/>\n<script type=\"application\/ld+json\" class=\"yoast-schema-graph\">{\"@context\":\"https:\/\/schema.org\",\"@graph\":[{\"@type\":\"NewsArticle\",\"@id\":\"https:\/\/dicodusport.fr\/blog\/video-talonnade-exceptionnelle-karim-benzema-face-espanyol-barcelone\/#article\",\"isPartOf\":{\"@id\":\"https:\/\/dicodusport.fr\/blog\/video-talonnade-exceptionnelle-karim-benzema-face-espanyol-barcelone\/\"},\"author\":{\"name\":\"Nicolas Jacquemard\",\"@id\":\"https:\/\/dicodusport.fr\/blog\/#\/schema\/person\/55dcb50ad410894e431ed812bbb70191\"},\"headline\":\"[Vid\u00e9o] La talonnade exceptionnelle de Karim Benzema face \u00e0 l&rsquo;Espanyol Barcelone\",\"datePublished\":\"2020-06-29T06:26:50+00:00\",\"mainEntityOfPage\":{\"@id\":\"https:\/\/dicodusport.fr\/blog\/video-talonnade-exceptionnelle-karim-benzema-face-espanyol-barcelone\/\"},\"wordCount\":137,\"commentCount\":0,\"publisher\":{\"@id\":\"https:\/\/dicodusport.fr\/blog\/#organization\"},\"image\":{\"@id\":\"https:\/\/dicodusport.fr\/blog\/video-talonnade-exceptionnelle-karim-benzema-face-espanyol-barcelone\/#primaryimage\"},\"thumbnailUrl\":\"https:\/\/dicodusport.fr\/blog\/wp-content\/uploads\/2020\/06\/Vid\u00e9o-La-talonnade-exceptionnelle-de-Karim-Benzema-face-\u00e0-lEspanyol-Barcelone.png\",\"keywords\":[\"Football\",\"Karim Benzema\",\"Real Madrid\"],\"articleSection\":[\"Football\"],\"inLanguage\":\"fr-FR\",\"potentialAction\":[{\"@type\":\"CommentAction\",\"name\":\"Comment\",\"target\":[\"https:\/\/dicodusport.fr\/blog\/video-talonnade-exceptionnelle-karim-benzema-face-espanyol-barcelone\/#respond\"]}],\"copyrightYear\":\"2020\",\"copyrightHolder\":{\"@id\":\"https:\/\/dicodusport.fr\/blog\/#organization\"}},{\"@type\":\"WebPage\",\"@id\":\"https:\/\/dicodusport.fr\/blog\/video-talonnade-exceptionnelle-karim-benzema-face-espanyol-barcelone\/\",\"url\":\"https:\/\/dicodusport.fr\/blog\/video-talonnade-exceptionnelle-karim-benzema-face-espanyol-barcelone\/\",\"name\":\"[Vid\u00e9o] La talonnade exceptionnelle de Karim Benzema face \u00e0 l'Espanyol Barcelone\",\"isPartOf\":{\"@id\":\"https:\/\/dicodusport.fr\/blog\/#website\"},\"primaryImageOfPage\":{\"@id\":\"https:\/\/dicodusport.fr\/blog\/video-talonnade-exceptionnelle-karim-benzema-face-espanyol-barcelone\/#primaryimage\"},\"image\":{\"@id\":\"https:\/\/dicodusport.fr\/blog\/video-talonnade-exceptionnelle-karim-benzema-face-espanyol-barcelone\/#primaryimage\"},\"thumbnailUrl\":\"https:\/\/dicodusport.fr\/blog\/wp-content\/uploads\/2020\/06\/Vid\u00e9o-La-talonnade-exceptionnelle-de-Karim-Benzema-face-\u00e0-lEspanyol-Barcelone.png\",\"datePublished\":\"2020-06-29T06:26:50+00:00\",\"description\":\"FOOTBALL - Karim Benzema porte son Real Madrid \u00e0 bout de bras. Il l'a de nouveau prouv\u00e9 face \u00e0 l'Espanyol Barcelone, avec une sompteuse talonnade.\",\"breadcrumb\":{\"@id\":\"https:\/\/dicodusport.fr\/blog\/video-talonnade-exceptionnelle-karim-benzema-face-espanyol-barcelone\/#breadcrumb\"},\"inLanguage\":\"fr-FR\",\"potentialAction\":[{\"@type\":\"ReadAction\",\"target\":[\"https:\/\/dicodusport.fr\/blog\/video-talonnade-exceptionnelle-karim-benzema-face-espanyol-barcelone\/\"]}]},{\"@type\":\"ImageObject\",\"inLanguage\":\"fr-FR\",\"@id\":\"https:\/\/dicodusport.fr\/blog\/video-talonnade-exceptionnelle-karim-benzema-face-espanyol-barcelone\/#primaryimage\",\"url\":\"https:\/\/dicodusport.fr\/blog\/wp-content\/uploads\/2020\/06\/Vid\u00e9o-La-talonnade-exceptionnelle-de-Karim-Benzema-face-\u00e0-lEspanyol-Barcelone.png\",\"contentUrl\":\"https:\/\/dicodusport.fr\/blog\/wp-content\/uploads\/2020\/06\/Vid\u00e9o-La-talonnade-exceptionnelle-de-Karim-Benzema-face-\u00e0-lEspanyol-Barcelone.png\",\"width\":800,\"height\":445,\"caption\":\"[Vid\u00e9o] La talonnade exceptionnelle de Karim Benzema face \u00e0 l'Espanyol Barcelone\"},{\"@type\":\"BreadcrumbList\",\"@id\":\"https:\/\/dicodusport.fr\/blog\/video-talonnade-exceptionnelle-karim-benzema-face-espanyol-barcelone\/#breadcrumb\",\"itemListElement\":[{\"@type\":\"ListItem\",\"position\":1,\"name\":\"Accueil\",\"item\":\"https:\/\/dicodusport.fr\/blog\/\"},{\"@type\":\"ListItem\",\"position\":2,\"name\":\"[Vid\u00e9o] La talonnade exceptionnelle de Karim Benzema face \u00e0 l&rsquo;Espanyol Barcelone\"}]},{\"@type\":\"WebSite\",\"@id\":\"https:\/\/dicodusport.fr\/blog\/#website\",\"url\":\"https:\/\/dicodusport.fr\/blog\/\",\"name\":\"Dicodusport\",\"description\":\"L&#039;encyclop\u00e9die de l&#039;actualit\u00e9 sportive\",\"publisher\":{\"@id\":\"https:\/\/dicodusport.fr\/blog\/#organization\"},\"potentialAction\":[{\"@type\":\"SearchAction\",\"target\":{\"@type\":\"EntryPoint\",\"urlTemplate\":\"https:\/\/dicodusport.fr\/blog\/?s={search_term_string}\"},\"query-input\":{\"@type\":\"PropertyValueSpecification\",\"valueRequired\":true,\"valueName\":\"search_term_string\"}}],\"inLanguage\":\"fr-FR\"},{\"@type\":\"NewsMediaOrganization\",\"@id\":\"https:\/\/dicodusport.fr\/blog\/#organization\",\"name\":\"Dicodusport\",\"url\":\"https:\/\/dicodusport.fr\/blog\/\",\"logo\":{\"@type\":\"ImageObject\",\"inLanguage\":\"fr-FR\",\"@id\":\"https:\/\/dicodusport.fr\/blog\/#\/schema\/logo\/image\/\",\"url\":\"https:\/\/dicodusport.fr\/blog\/wp-content\/uploads\/2020\/06\/cropped-LOGO-DICODUSPORT-2020-SANS-FOND-SANS-TEXTE.png\",\"contentUrl\":\"https:\/\/dicodusport.fr\/blog\/wp-content\/uploads\/2020\/06\/cropped-LOGO-DICODUSPORT-2020-SANS-FOND-SANS-TEXTE.png\",\"width\":512,\"height\":512,\"caption\":\"Dicodusport\"},\"image\":{\"@id\":\"https:\/\/dicodusport.fr\/blog\/#\/schema\/logo\/image\/\"},\"sameAs\":[\"https:\/\/www.facebook.com\/dicodusport\",\"https:\/\/x.com\/dicodusport\",\"https:\/\/www.instagram.com\/dicodusport\/\",\"https:\/\/www.youtube.com\/channel\/UC7V2KZ5sd3htJivAbA4ZG3w\"],\"description\":\"Dicodusport est l'encyclop\u00e9die de l'actualit\u00e9 sportive.\",\"email\":\"bonjour@dicodusport.fr\",\"legalName\":\"DICODUSPORT\",\"foundingDate\":\"2018-01-14\",\"vatID\":\"FR71834470973\",\"taxID\":\"83447097300043\",\"numberOfEmployees\":{\"@type\":\"QuantitativeValue\",\"minValue\":\"1\",\"maxValue\":\"10\"}},{\"@type\":\"Person\",\"@id\":\"https:\/\/dicodusport.fr\/blog\/#\/schema\/person\/55dcb50ad410894e431ed812bbb70191\",\"name\":\"Nicolas Jacquemard\",\"image\":{\"@type\":\"ImageObject\",\"inLanguage\":\"fr-FR\",\"@id\":\"https:\/\/dicodusport.fr\/blog\/#\/schema\/person\/image\/\",\"url\":\"https:\/\/dicodusport.fr\/blog\/wp-content\/uploads\/2021\/05\/Nicolas-Jacquemard-150x150.jpeg\",\"contentUrl\":\"https:\/\/dicodusport.fr\/blog\/wp-content\/uploads\/2021\/05\/Nicolas-Jacquemard-150x150.jpeg\",\"caption\":\"Nicolas Jacquemard\"},\"description\":\"Passionn\u00e9 de sport et entrepreneur depuis mes 18 ans, la cr\u00e9ation de Dicodusport m'a sembl\u00e9 \u00e9vidente pour participer \u00e0 la m\u00e9diatisation d'un plus grand nombre de sports. Le chemin est long mais avec une \u00e9quipe des plus motiv\u00e9es et les Jeux Olympiques de Paris 2024 en point de mire, nous y arriverons ! Journaliste dans le monde du sport depuis plus de 5 ans, je traite aussi bien de football, de rugby, de biathlon que de cyclisme.\",\"sameAs\":[\"https:\/\/www.facebook.com\/dicodusport\",\"https:\/\/x.com\/https:\/\/twitter.com\/Nico_Jacquemard\"],\"url\":\"https:\/\/dicodusport.fr\/blog\/author\/dicodusport\/\"}]}<\/script>\n<!-- \/ Yoast SEO Premium plugin. -->","yoast_head_json":{"title":"[Vid\u00e9o] La talonnade exceptionnelle de Karim Benzema face \u00e0 l'Espanyol Barcelone","description":"FOOTBALL - Karim Benzema porte son Real Madrid \u00e0 bout de bras. Il l'a de nouveau prouv\u00e9 face \u00e0 l'Espanyol Barcelone, avec une sompteuse talonnade.","robots":{"index":"index","follow":"follow","max-snippet":"max-snippet:-1","max-image-preview":"max-image-preview:large","max-video-preview":"max-video-preview:-1"},"canonical":"https:\/\/dicodusport.fr\/blog\/video-talonnade-exceptionnelle-karim-benzema-face-espanyol-barcelone\/","og_locale":"fr_FR","og_type":"article","og_title":"[Vid\u00e9o] La talonnade exceptionnelle de Benzema face \u00e0 l'Espanyol Barcelone","og_description":"FOOTBALL - Karim Benzema porte son Real Madrid \u00e0 bout de bras. Il l'a de nouveau prouv\u00e9 face \u00e0 l'Espanyol Barcelone, avec une sompteuse talonnade.","og_url":"https:\/\/dicodusport.fr\/blog\/video-talonnade-exceptionnelle-karim-benzema-face-espanyol-barcelone\/","og_site_name":"Dicodusport","article_publisher":"https:\/\/www.facebook.com\/dicodusport","article_author":"https:\/\/www.facebook.com\/dicodusport","article_published_time":"2020-06-29T06:26:50+00:00","og_image":[{"width":800,"height":445,"url":"https:\/\/dicodusport.fr\/blog\/wp-content\/uploads\/2020\/06\/Vid\u00e9o-La-talonnade-exceptionnelle-de-Karim-Benzema-face-\u00e0-lEspanyol-Barcelone.png","type":"image\/png"}],"author":"Nicolas Jacquemard","twitter_card":"summary_large_image","twitter_title":"[Vid\u00e9o] La talonnade exceptionnelle de Benzema face \u00e0 l'Espanyol Barcelone","twitter_creator":"@https:\/\/twitter.com\/Nico_Jacquemard","twitter_site":"@dicodusport","schema":{"@context":"https:\/\/schema.org","@graph":[{"@type":"NewsArticle","@id":"https:\/\/dicodusport.fr\/blog\/video-talonnade-exceptionnelle-karim-benzema-face-espanyol-barcelone\/#article","isPartOf":{"@id":"https:\/\/dicodusport.fr\/blog\/video-talonnade-exceptionnelle-karim-benzema-face-espanyol-barcelone\/"},"author":{"name":"Nicolas Jacquemard","@id":"https:\/\/dicodusport.fr\/blog\/#\/schema\/person\/55dcb50ad410894e431ed812bbb70191"},"headline":"[Vid\u00e9o] La talonnade exceptionnelle de Karim Benzema face \u00e0 l&rsquo;Espanyol Barcelone","datePublished":"2020-06-29T06:26:50+00:00","mainEntityOfPage":{"@id":"https:\/\/dicodusport.fr\/blog\/video-talonnade-exceptionnelle-karim-benzema-face-espanyol-barcelone\/"},"wordCount":137,"commentCount":0,"publisher":{"@id":"https:\/\/dicodusport.fr\/blog\/#organization"},"image":{"@id":"https:\/\/dicodusport.fr\/blog\/video-talonnade-exceptionnelle-karim-benzema-face-espanyol-barcelone\/#primaryimage"},"thumbnailUrl":"https:\/\/dicodusport.fr\/blog\/wp-content\/uploads\/2020\/06\/Vid\u00e9o-La-talonnade-exceptionnelle-de-Karim-Benzema-face-\u00e0-lEspanyol-Barcelone.png","keywords":["Football","Karim Benzema","Real Madrid"],"articleSection":["Football"],"inLanguage":"fr-FR","potentialAction":[{"@type":"CommentAction","name":"Comment","target":["https:\/\/dicodusport.fr\/blog\/video-talonnade-exceptionnelle-karim-benzema-face-espanyol-barcelone\/#respond"]}],"copyrightYear":"2020","copyrightHolder":{"@id":"https:\/\/dicodusport.fr\/blog\/#organization"}},{"@type":"WebPage","@id":"https:\/\/dicodusport.fr\/blog\/video-talonnade-exceptionnelle-karim-benzema-face-espanyol-barcelone\/","url":"https:\/\/dicodusport.fr\/blog\/video-talonnade-exceptionnelle-karim-benzema-face-espanyol-barcelone\/","name":"[Vid\u00e9o] La talonnade exceptionnelle de Karim Benzema face \u00e0 l'Espanyol Barcelone","isPartOf":{"@id":"https:\/\/dicodusport.fr\/blog\/#website"},"primaryImageOfPage":{"@id":"https:\/\/dicodusport.fr\/blog\/video-talonnade-exceptionnelle-karim-benzema-face-espanyol-barcelone\/#primaryimage"},"image":{"@id":"https:\/\/dicodusport.fr\/blog\/video-talonnade-exceptionnelle-karim-benzema-face-espanyol-barcelone\/#primaryimage"},"thumbnailUrl":"https:\/\/dicodusport.fr\/blog\/wp-content\/uploads\/2020\/06\/Vid\u00e9o-La-talonnade-exceptionnelle-de-Karim-Benzema-face-\u00e0-lEspanyol-Barcelone.png","datePublished":"2020-06-29T06:26:50+00:00","description":"FOOTBALL - Karim Benzema porte son Real Madrid \u00e0 bout de bras. Il l'a de nouveau prouv\u00e9 face \u00e0 l'Espanyol Barcelone, avec une sompteuse talonnade.","breadcrumb":{"@id":"https:\/\/dicodusport.fr\/blog\/video-talonnade-exceptionnelle-karim-benzema-face-espanyol-barcelone\/#breadcrumb"},"inLanguage":"fr-FR","potentialAction":[{"@type":"ReadAction","target":["https:\/\/dicodusport.fr\/blog\/video-talonnade-exceptionnelle-karim-benzema-face-espanyol-barcelone\/"]}]},{"@type":"ImageObject","inLanguage":"fr-FR","@id":"https:\/\/dicodusport.fr\/blog\/video-talonnade-exceptionnelle-karim-benzema-face-espanyol-barcelone\/#primaryimage","url":"https:\/\/dicodusport.fr\/blog\/wp-content\/uploads\/2020\/06\/Vid\u00e9o-La-talonnade-exceptionnelle-de-Karim-Benzema-face-\u00e0-lEspanyol-Barcelone.png","contentUrl":"https:\/\/dicodusport.fr\/blog\/wp-content\/uploads\/2020\/06\/Vid\u00e9o-La-talonnade-exceptionnelle-de-Karim-Benzema-face-\u00e0-lEspanyol-Barcelone.png","width":800,"height":445,"caption":"[Vid\u00e9o] La talonnade exceptionnelle de Karim Benzema face \u00e0 l'Espanyol Barcelone"},{"@type":"BreadcrumbList","@id":"https:\/\/dicodusport.fr\/blog\/video-talonnade-exceptionnelle-karim-benzema-face-espanyol-barcelone\/#breadcrumb","itemListElement":[{"@type":"ListItem","position":1,"name":"Accueil","item":"https:\/\/dicodusport.fr\/blog\/"},{"@type":"ListItem","position":2,"name":"[Vid\u00e9o] La talonnade exceptionnelle de Karim Benzema face \u00e0 l&rsquo;Espanyol Barcelone"}]},{"@type":"WebSite","@id":"https:\/\/dicodusport.fr\/blog\/#website","url":"https:\/\/dicodusport.fr\/blog\/","name":"Dicodusport","description":"L&#039;encyclop\u00e9die de l&#039;actualit\u00e9 sportive","publisher":{"@id":"https:\/\/dicodusport.fr\/blog\/#organization"},"potentialAction":[{"@type":"SearchAction","target":{"@type":"EntryPoint","urlTemplate":"https:\/\/dicodusport.fr\/blog\/?s={search_term_string}"},"query-input":{"@type":"PropertyValueSpecification","valueRequired":true,"valueName":"search_term_string"}}],"inLanguage":"fr-FR"},{"@type":"NewsMediaOrganization","@id":"https:\/\/dicodusport.fr\/blog\/#organization","name":"Dicodusport","url":"https:\/\/dicodusport.fr\/blog\/","logo":{"@type":"ImageObject","inLanguage":"fr-FR","@id":"https:\/\/dicodusport.fr\/blog\/#\/schema\/logo\/image\/","url":"https:\/\/dicodusport.fr\/blog\/wp-content\/uploads\/2020\/06\/cropped-LOGO-DICODUSPORT-2020-SANS-FOND-SANS-TEXTE.png","contentUrl":"https:\/\/dicodusport.fr\/blog\/wp-content\/uploads\/2020\/06\/cropped-LOGO-DICODUSPORT-2020-SANS-FOND-SANS-TEXTE.png","width":512,"height":512,"caption":"Dicodusport"},"image":{"@id":"https:\/\/dicodusport.fr\/blog\/#\/schema\/logo\/image\/"},"sameAs":["https:\/\/www.facebook.com\/dicodusport","https:\/\/x.com\/dicodusport","https:\/\/www.instagram.com\/dicodusport\/","https:\/\/www.youtube.com\/channel\/UC7V2KZ5sd3htJivAbA4ZG3w"],"description":"Dicodusport est l'encyclop\u00e9die de l'actualit\u00e9 sportive.","email":"bonjour@dicodusport.fr","legalName":"DICODUSPORT","foundingDate":"2018-01-14","vatID":"FR71834470973","taxID":"83447097300043","numberOfEmployees":{"@type":"QuantitativeValue","minValue":"1","maxValue":"10"}},{"@type":"Person","@id":"https:\/\/dicodusport.fr\/blog\/#\/schema\/person\/55dcb50ad410894e431ed812bbb70191","name":"Nicolas Jacquemard","image":{"@type":"ImageObject","inLanguage":"fr-FR","@id":"https:\/\/dicodusport.fr\/blog\/#\/schema\/person\/image\/","url":"https:\/\/dicodusport.fr\/blog\/wp-content\/uploads\/2021\/05\/Nicolas-Jacquemard-150x150.jpeg","contentUrl":"https:\/\/dicodusport.fr\/blog\/wp-content\/uploads\/2021\/05\/Nicolas-Jacquemard-150x150.jpeg","caption":"Nicolas Jacquemard"},"description":"Passionn\u00e9 de sport et entrepreneur depuis mes 18 ans, la cr\u00e9ation de Dicodusport m'a sembl\u00e9 \u00e9vidente pour participer \u00e0 la m\u00e9diatisation d'un plus grand nombre de sports. Le chemin est long mais avec une \u00e9quipe des plus motiv\u00e9es et les Jeux Olympiques de Paris 2024 en point de mire, nous y arriverons ! Journaliste dans le monde du sport depuis plus de 5 ans, je traite aussi bien de football, de rugby, de biathlon que de cyclisme.","sameAs":["https:\/\/www.facebook.com\/dicodusport","https:\/\/x.com\/https:\/\/twitter.com\/Nico_Jacquemard"],"url":"https:\/\/dicodusport.fr\/blog\/author\/dicodusport\/"}]}},"_links":{"self":[{"href":"https:\/\/dicodusport.fr\/blog\/wp-json\/wp\/v2\/posts\/70322","targetHints":{"allow":["GET"]}}],"collection":[{"href":"https:\/\/dicodusport.fr\/blog\/wp-json\/wp\/v2\/posts"}],"about":[{"href":"https:\/\/dicodusport.fr\/blog\/wp-json\/wp\/v2\/types\/post"}],"author":[{"embeddable":true,"href":"https:\/\/dicodusport.fr\/blog\/wp-json\/wp\/v2\/users\/1"}],"replies":[{"embeddable":true,"href":"https:\/\/dicodusport.fr\/blog\/wp-json\/wp\/v2\/comments?post=70322"}],"version-history":[{"count":0,"href":"https:\/\/dicodusport.fr\/blog\/wp-json\/wp\/v2\/posts\/70322\/revisions"}],"wp:featuredmedia":[{"embeddable":true,"href":"https:\/\/dicodusport.fr\/blog\/wp-json\/wp\/v2\/media\/70325"}],"wp:attachment":[{"href":"https:\/\/dicodusport.fr\/blog\/wp-json\/wp\/v2\/media?parent=70322"}],"wp:term":[{"taxonomy":"category","embeddable":true,"href":"https:\/\/dicodusport.fr\/blog\/wp-json\/wp\/v2\/categories?post=70322"},{"taxonomy":"post_tag","embeddable":true,"href":"https:\/\/dicodusport.fr\/blog\/wp-json\/wp\/v2\/tags?post=70322"}],"curies":[{"name":"wp","href":"https:\/\/api.w.org\/{rel}","templated":true}]}}