{"id":70394,"date":"2020-07-02T10:31:37","date_gmt":"2020-07-02T08:31:37","guid":{"rendered":"http:\/\/dicodusport.fr\/blog\/?p=70394&#038;preview=true&#038;preview_id=70394"},"modified":"2020-07-09T10:23:47","modified_gmt":"2020-07-09T08:23:47","slug":"pierre-le-corre-triathlon-sport-ere-du-temps","status":"publish","type":"post","link":"https:\/\/dicodusport.fr\/blog\/pierre-le-corre-triathlon-sport-ere-du-temps\/","title":{"rendered":"Pierre Le Corre : \u00ab Le triathlon est un sport dans l&rsquo;\u00e8re du temps \u00bb"},"content":{"rendered":"<p style=\"text-align: justify;\"><strong><em>TRIATHLON &#8211; Confinement, calendrier, JO, m\u00e9diatisation de son sport, Pierre Le Corre a r\u00e9pondu \u00e0 nos questions. Double champion d&rsquo;Europe en 2018 \u00e0 Glasgow (individuel et relais mixte), le Breton d&rsquo;origine a un objectif en t\u00eate : la qualification pour les JO de Tokyo.<\/em><\/strong><\/p>\n<h3 style=\"text-align: justify;\">Pierre, comment s&rsquo;est d\u00e9roul\u00e9e votre p\u00e9riode de confinement ? L&rsquo;avez-vous bien v\u00e9cue ?<\/h3>\n<p style=\"text-align: justify;\">\u00c7a s&rsquo;est plut\u00f4t pas mal pass\u00e9. J&rsquo;\u00e9tais confin\u00e9 dans les Landes o\u00f9 j&rsquo;ai pu m&rsquo;entra\u00eener. C&rsquo;\u00e9tait assez calme, et assez paisible, loin de la cohue des centres-villes. J&rsquo;ai pu courir autour de chez moi, il y avait aussi le home-trainer connect\u00e9 aux plateformes comme Zwift, et j&rsquo;avais acc\u00e8s \u00e0 un bassin dans mon jardin. C&rsquo;\u00e9tait plut\u00f4t pas mal.<\/p>\n<h3 style=\"text-align: justify;\">En parlant de Zwift, on a vu que vous \u00e9tiez plut\u00f4t actif sur cette plateforme. On sait que par exemple, elle a ses partisans dans le milieu du cyclisme et au contraire, ses d\u00e9tracteurs. Qu&rsquo;est-ce que vous pensez de ce genre d&rsquo;application ?<\/h3>\n<p style=\"text-align: justify;\">Personnellement, je pense qu&rsquo;il n&rsquo;y m\u00eame pas de d\u00e9bat ! Pour moi, c&rsquo;est tr\u00e8s int\u00e9ressant, cela am\u00e8ne une nouvelle dimension au v\u00e9lo, mais aussi au triathlon. C&rsquo;est un jeu plus qu&rsquo;autre chose. Apr\u00e8s, il y a des courses qui ont lieu, mais celles-ci doivent \u00eatre r\u00e9cr\u00e9atives plut\u00f4t que comp\u00e9titives, sans enjeux. C&rsquo;est vrai qu&rsquo;il peut y avoir des diff\u00e9rences entres les diff\u00e9rents capteurs, mais si on reste bon enfant dans un \u00e9tat d&rsquo;esprit sain, je pense qu&rsquo;on a tous \u00e0 gagner \u00e0 utiliser ces nouvelles technologies. Je trouve que cela permet de rester connect\u00e9 avec les gens, tout en faisant quelque chose de diff\u00e9rent.<\/p>\n<p style=\"text-align: justify;\">\u00c0 titre personnel, j&rsquo;ai fait quelques courses sur Zwift, je sais que mes capteurs sont assez durs. Au final, \u00e7a me permet de me comparer \u00e0 moi-m\u00eame et de m&rsquo;am\u00e9liorer, mais je n&rsquo;essaye pas de me comparer aux autres. C&rsquo;est une autre approche du v\u00e9lo.<\/p>\n<h3 style=\"text-align: justify;\">Apr\u00e8s le confinement, avez-vous pu reprendre l\u2019entra\u00eenement normalement d\u00e8s le 11 mai ?<\/h3>\n<p style=\"text-align: justify;\">Oui, on a pu reprendre en ext\u00e9rieur pour la course \u00e0 pied et le v\u00e9lo. Par contre, on n&rsquo;a pas eu tout de suite acc\u00e8s aux bassins, on a donc nag\u00e9 dans les lacs durant quasiment deux mois. Les piscines ont finalement ouvert petit \u00e0 petit, et on peut s&rsquo;entra\u00eener comme avant.<\/p>\n<h3 style=\"text-align: justify;\">Avez-vous des stages pr\u00e9vus dans les prochaines semaines ?<\/h3>\n<p style=\"text-align: justify;\">Oui, je pars pour Font-Romeu (Pyr\u00e9n\u00e9es-Orientales) dans cinq jours (samedi 4 juillet). Personnellement, j&rsquo;habite \u00e0 Montpellier, et c&rsquo;est un peu trop chaud pour moi l&rsquo;\u00e9t\u00e9. \u00c7a permet d&rsquo;avoir un peu de fra\u00eecheur et un sommeil de meilleure qualit\u00e9. C&rsquo;est aussi un centre d&rsquo;entra\u00eenement qui permet de profiter des b\u00e9n\u00e9fices de l&rsquo;altitude. C&rsquo;est vraiment un passage oblig\u00e9 pour les sports d&rsquo;endurance.<\/p>\n<div id=\"attachment_70564\" style=\"width: 810px\" class=\"wp-caption aligncenter\"><a href=\"http:\/\/dicodusport.fr\/blog\/wp-content\/uploads\/2020\/07\/Pierre-Le-Corre-champion-dEurope-en-2018-\u00e0-Glasgow.png\"><img loading=\"lazy\" decoding=\"async\" aria-describedby=\"caption-attachment-70564\" class=\"size-full wp-image-70564\" src=\"http:\/\/dicodusport.fr\/blog\/wp-content\/uploads\/2020\/07\/Pierre-Le-Corre-champion-dEurope-en-2018-\u00e0-Glasgow.png\" alt=\"\" width=\"800\" height=\"445\" srcset=\"https:\/\/dicodusport.fr\/blog\/wp-content\/uploads\/2020\/07\/Pierre-Le-Corre-champion-dEurope-en-2018-\u00e0-Glasgow.png 800w, https:\/\/dicodusport.fr\/blog\/wp-content\/uploads\/2020\/07\/Pierre-Le-Corre-champion-dEurope-en-2018-\u00e0-Glasgow-300x167.png 300w, https:\/\/dicodusport.fr\/blog\/wp-content\/uploads\/2020\/07\/Pierre-Le-Corre-champion-dEurope-en-2018-\u00e0-Glasgow-768x427.png 768w\" sizes=\"auto, (max-width: 800px) 100vw, 800px\" \/><\/a><p id=\"caption-attachment-70564\" class=\"wp-caption-text\">Pierre Le Corre, champion d&rsquo;Europe en 2018 \u00e0 Glasgow &#8211; Getty Images<\/p><\/div>\n<h3 style=\"text-align: justify;\">Parlons calendrier. En cherchant bien, il y a tr\u00e8s peu de communication concernant les diff\u00e9rentes comp\u00e9titions. Hormis pour le circuit WTS avec le report de l&rsquo;\u00e9tape de Montr\u00e9al aux 3 et 4 octobre, avez-vous plus d&rsquo;informations de votre c\u00f4t\u00e9 ?<\/h3>\n<p style=\"text-align: justify;\">Il y a tr\u00e8s peu d&rsquo;informations car on en a peu nous aussi. Aujourd&rsquo;hui, il y a deux WTS qui sont maintenus : Hambourg (Allemagne) les 4 et 5 septembre, et donc Montr\u00e9al (Canada). Concernant les Grands Prix, il doit y en avoir deux, peut-\u00eatre trois. Ensuite, il y a aussi la Super League (circuit priv\u00e9) qui devrait reprendre. Mais c&rsquo;est vrai que c&rsquo;est encore tr\u00e8s flou. Les diff\u00e9rents organisateurs tentent d&rsquo;obtenir les autorisations n\u00e9cessaires, tout en sachant qu&rsquo;il peut toujours y avoir des annulations. C&rsquo;est aussi pour cela qu&rsquo;il y a peu de communication, il n&rsquo;y a pas de prise de risque.<\/p>\n<h3 style=\"text-align: justify;\">Toujours \u00e0 propos du calendrier, les JO de Tokyo ont \u00e9t\u00e9 report\u00e9s d&rsquo;un an. Vous \u00eates trois triathl\u00e8tes dans la course pour d\u00e9crocher les deux derniers tickets. Est-ce que ce report va changer quelque chose pour vous en termes de s\u00e9lection pour l&rsquo;\u00e9v\u00e9nement ?<\/h3>\n<p style=\"text-align: justify;\">Non, \u00e7a ne change rien, si ce n&rsquo;est que le calendrier WTS 2020 est report\u00e9 d&rsquo;un an \u00e9galement. On aura donc exactement le m\u00eame d\u00e9but de saison que celui pr\u00e9vu cette ann\u00e9e. La seule diff\u00e9rence, c&rsquo;est qu&rsquo;il n&rsquo;y a plus de crit\u00e8res objectifs pour la s\u00e9lection. Avant, il y avait <a href=\"https:\/\/www.fftri.com\/wp-content\/uploads\/2019\/04\/FFTRI_Modalit%C3%A9s_JO_Tokyo_2020.pdf\" target=\"_blank\" rel=\"noopener noreferrer\">trois types de crit\u00e8res<\/a> : les crit\u00e8res de premier rang, deuxi\u00e8me rang et troisi\u00e8me rang. Vincent Luis a r\u00e9alis\u00e9 un crit\u00e8re de premier rang, tandis que L\u00e9o Berg\u00e8re, Dorian Coninx et moi-m\u00eame avons coch\u00e9 un crit\u00e8re de deuxi\u00e8me rang. D\u00e9sormais, <span style=\"text-align: justify;\">il s&rsquo;agit uniquement de crit\u00e8res subjectifs, c&rsquo;est-\u00e0-dire selon l&rsquo;appr\u00e9ciation du s\u00e9lectionneur.\u00a0<\/span><\/p>\n<h3 style=\"text-align: justify;\">Paris 2024, c&rsquo;est dans quatre ans. Vous aurez 34 ans \u00e0 l&rsquo;aube des Jeux Olympiques \u00e0 domicile. Envisagez-vous d&rsquo;y participer en tant qu&rsquo;athl\u00e8te ?<\/h3>\n<p style=\"text-align: justify;\">Pour le moment, je ne me projette pas en 2024. C&rsquo;est quelque chose qui fait forc\u00e9ment r\u00eaver. Mais je vais d\u00e9j\u00e0 essayer de me qualifier pour Tokyo et y performer. Je r\u00e9fl\u00e9chirai \u00e0 Paris 2024 un peu plus tard. C&rsquo;est vrai que c&rsquo;est tr\u00e8s dur pour nous de se projeter \u00e0 long terme, surtout moi \u00e0 mon \u00e2ge, tout en sachant que beaucoup de jeunes arrivent. Apr\u00e8s, si j&rsquo;ai les capacit\u00e9s pour y aller, je ne dirai jamais non. En tout cas, l&rsquo;envie est l\u00e0.<\/p>\n<h3 style=\"text-align: justify;\">L&rsquo;an dernier, apr\u00e8s le titre mondial de Vincent Luis, il y a eu un petit coup de projecteur sur le triathlon. Quel regard avez-vous sur la m\u00e9diatisation de la discipline en France ?<\/h3>\n<p style=\"text-align: justify;\">C&rsquo;est vrai que depuis quelques ann\u00e9es, le triathlon est de plus en plus m\u00e9diatis\u00e9. Avec le circuit WTS sur La Cha\u00eene L&rsquo;\u00c9quipe, les championnats d&rsquo;Europe et les JO sur France T\u00e9l\u00e9visions, les athl\u00e8tes sont de plus en plus populaires, notamment sur les r\u00e9seaux sociaux. On a la chance d&rsquo;avoir une belle communaut\u00e9 autour de nous, des gens qui sont fid\u00e8les \u00e0 notre pratique. Et puis, il y a de plus en plus de monde qui pratique notre discipline, en France et dans le monde. Le triathlon est un sport dans l&rsquo;\u00e8re du temps, car la natation, le cyclisme et la course \u00e0 pied le sont aussi.<\/p>\n<p style=\"text-align: justify;\">Je crois qu&rsquo;on n&rsquo;est pas \u00e0 plaindre, et si notre sport est de plus en plus populaire, c&rsquo;est aussi gr\u00e2ce aux bonnes performances de l&rsquo;\u00e9quipe de France, et notamment au titre de champion du monde de Vincent (Luis). D&rsquo;ailleurs, je pense qu&rsquo;il aurait pu \u00eatre beaucoup plus m\u00e9diatis\u00e9, car ce qu&rsquo;il a fait, c&rsquo;est quelque chose d&rsquo;assez \u00e9norme. Il m\u00e9ritait un peu plus de reconnaissance des grands m\u00e9dias. En tout cas, je pense que globalement, c&rsquo;est sur la bonne voie.<\/p>\n<h3 style=\"text-align: justify;\">Derni\u00e8re question, toujours en lien avec la m\u00e9diatisation. Nombreux sont les suiveurs \u00e0 trouver le triathlon tr\u00e8s \u00ab\u00a0t\u00e9l\u00e9g\u00e9nique\u00a0\u00bb, \u00e0 l&rsquo;instar du biathlon, gr\u00e2ce aux formats vari\u00e9s, sans temps morts. Avez-vous m\u00eame ce regard ?<\/h3>\n<p style=\"text-align: justify;\">Selon moi, ce qui rend le sport t\u00e9l\u00e9g\u00e9nique, c&rsquo;est aussi le fait de (re)conna\u00eetre les athl\u00e8tes. Par exemple, quand on regarde le Tour de France, on est capable de s&rsquo;asseoir des heures devant une \u00e9tape durant laquelle il ne se passe pas grand chose, juste pour reconna\u00eetre les coureurs que l&rsquo;on appr\u00e9cie. Pour moi, c&rsquo;est aussi \u00e7a qui rend le sport t\u00e9l\u00e9g\u00e9nique.<\/p>\n<p style=\"text-align: justify;\">Apr\u00e8s, il y a aussi un gros travail de la F\u00e9d\u00e9ration internationale (ITU), mais aussi de la Super League qui est un circuit priv\u00e9 et qui rend vraiment le triathlon de plus en plus t\u00e9l\u00e9g\u00e9nique, avec un syst\u00e8me de points et plusieurs formats, sans aucun temps mort.<\/p>\n<p><strong><em>Dicodusport<br \/>\n<a href=\"https:\/\/www.facebook.com\/dicodusport\/\" target=\"_blank\" rel=\"noopener noreferrer\"><img loading=\"lazy\" decoding=\"async\" class=\"alignnone wp-image-2909\" src=\"http:\/\/dicodusport.fr\/blog\/wp-content\/uploads\/2017\/07\/logo-facebook-150x150.png\" alt=\"\" width=\"40\" height=\"40\" \/><\/a><a href=\"https:\/\/twitter.com\/dicodusport\" target=\"_blank\" rel=\"noopener noreferrer\"><img loading=\"lazy\" decoding=\"async\" class=\"alignnone wp-image-2908\" src=\"http:\/\/dicodusport.fr\/blog\/wp-content\/uploads\/2017\/07\/logo-twitter-150x150.png\" alt=\"\" width=\"39\" height=\"39\" \/><\/a><\/em><\/strong><\/p>\n","protected":false},"excerpt":{"rendered":"<p>TRIATHLON &#8211; Confinement, calendrier, JO, m\u00e9diatisation de son sport, Pierre Le Corre a r\u00e9pondu \u00e0 nos questions. Champion d&rsquo;Europe en 2018 \u00e0 Glasgow, le Breton d&rsquo;origine a un objectif en t\u00eate : la qualification pour les JO de Tokyo.<\/p>\n","protected":false},"author":4,"featured_media":70563,"comment_status":"open","ping_status":"closed","sticky":false,"template":"","format":"standard","meta":{"_acf_changed":false,"_daextam_enable_autolinks":"","footnotes":""},"categories":[8303],"tags":[3620,24,589],"class_list":["post-70394","post","type-post","status-publish","format-standard","has-post-thumbnail","hentry","category-triathlon","tag-pierre-le-corre","tag-sport","tag-triathlon"],"acf":[],"yoast_head":"<!-- This site is optimized with the Yoast SEO Premium plugin v26.7 (Yoast SEO v26.7) - https:\/\/yoast.com\/wordpress\/plugins\/seo\/ -->\n<title>Pierre Le Corre : \u00ab Le triathlon est un sport dans l&#039;\u00e8re du temps \u00bb<\/title>\n<meta name=\"description\" content=\"TRIATHLON - Confinement, calendrier, JO, m\u00e9diatisation de son sport, Pierre Le Corre, champion d&#039;Europe en 2018, a r\u00e9pondu \u00e0 nos questions.\" \/>\n<meta name=\"robots\" content=\"index, follow, max-snippet:-1, max-image-preview:large, max-video-preview:-1\" \/>\n<link rel=\"canonical\" href=\"https:\/\/dicodusport.fr\/blog\/pierre-le-corre-triathlon-sport-ere-du-temps\/\" \/>\n<meta property=\"og:locale\" content=\"fr_FR\" \/>\n<meta property=\"og:type\" content=\"article\" \/>\n<meta property=\"og:title\" content=\"Pierre Le Corre : \u00ab Le triathlon est un sport dans l&#039;\u00e8re du temps \u00bb\" \/>\n<meta property=\"og:description\" content=\"TRIATHLON - Confinement, calendrier, JO, m\u00e9diatisation de son sport, Pierre Le Corre, champion d&#039;Europe en 2018, a r\u00e9pondu \u00e0 nos questions.\" \/>\n<meta property=\"og:url\" content=\"https:\/\/dicodusport.fr\/blog\/pierre-le-corre-triathlon-sport-ere-du-temps\/\" \/>\n<meta property=\"og:site_name\" content=\"Dicodusport\" \/>\n<meta property=\"article:publisher\" content=\"https:\/\/www.facebook.com\/dicodusport\" \/>\n<meta property=\"article:author\" content=\"https:\/\/www.facebook.com\/florent.ostermann\" \/>\n<meta property=\"article:published_time\" content=\"2020-07-02T08:31:37+00:00\" \/>\n<meta property=\"article:modified_time\" content=\"2020-07-09T08:23:47+00:00\" \/>\n<meta property=\"og:image\" content=\"https:\/\/dicodusport.fr\/blog\/wp-content\/uploads\/2020\/07\/Pierre-Le-Corre-Le-triathlon-est-un-sport-dans-l\u00e8re-du-temps.png\" \/>\n\t<meta property=\"og:image:width\" content=\"800\" \/>\n\t<meta property=\"og:image:height\" content=\"445\" \/>\n\t<meta property=\"og:image:type\" content=\"image\/png\" \/>\n<meta name=\"author\" content=\"Flo Ostermann\" \/>\n<meta name=\"twitter:card\" content=\"summary_large_image\" \/>\n<meta name=\"twitter:title\" content=\"Pierre Le Corre : \u00ab Le triathlon est un sport dans l&#039;\u00e8re du temps \u00bb\" \/>\n<meta name=\"twitter:creator\" content=\"@https:\/\/twitter.com\/FlOstermann\" \/>\n<meta name=\"twitter:site\" content=\"@dicodusport\" \/>\n<script type=\"application\/ld+json\" class=\"yoast-schema-graph\">{\"@context\":\"https:\/\/schema.org\",\"@graph\":[{\"@type\":\"NewsArticle\",\"@id\":\"https:\/\/dicodusport.fr\/blog\/pierre-le-corre-triathlon-sport-ere-du-temps\/#article\",\"isPartOf\":{\"@id\":\"https:\/\/dicodusport.fr\/blog\/pierre-le-corre-triathlon-sport-ere-du-temps\/\"},\"author\":{\"name\":\"Flo Ostermann\",\"@id\":\"https:\/\/dicodusport.fr\/blog\/#\/schema\/person\/cb02af4c173ce4a653b55e9baf388d4a\"},\"headline\":\"Pierre Le Corre : \u00ab Le triathlon est un sport dans l&rsquo;\u00e8re du temps \u00bb\",\"datePublished\":\"2020-07-02T08:31:37+00:00\",\"dateModified\":\"2020-07-09T08:23:47+00:00\",\"mainEntityOfPage\":{\"@id\":\"https:\/\/dicodusport.fr\/blog\/pierre-le-corre-triathlon-sport-ere-du-temps\/\"},\"wordCount\":1408,\"commentCount\":0,\"publisher\":{\"@id\":\"https:\/\/dicodusport.fr\/blog\/#organization\"},\"image\":{\"@id\":\"https:\/\/dicodusport.fr\/blog\/pierre-le-corre-triathlon-sport-ere-du-temps\/#primaryimage\"},\"thumbnailUrl\":\"https:\/\/dicodusport.fr\/blog\/wp-content\/uploads\/2020\/07\/Pierre-Le-Corre-Le-triathlon-est-un-sport-dans-l\u00e8re-du-temps.png\",\"keywords\":[\"Pierre Le Corre\",\"sport\",\"triathlon\"],\"articleSection\":[\"Triathlon\"],\"inLanguage\":\"fr-FR\",\"potentialAction\":[{\"@type\":\"CommentAction\",\"name\":\"Comment\",\"target\":[\"https:\/\/dicodusport.fr\/blog\/pierre-le-corre-triathlon-sport-ere-du-temps\/#respond\"]}],\"copyrightYear\":\"2020\",\"copyrightHolder\":{\"@id\":\"https:\/\/dicodusport.fr\/blog\/#organization\"}},{\"@type\":\"WebPage\",\"@id\":\"https:\/\/dicodusport.fr\/blog\/pierre-le-corre-triathlon-sport-ere-du-temps\/\",\"url\":\"https:\/\/dicodusport.fr\/blog\/pierre-le-corre-triathlon-sport-ere-du-temps\/\",\"name\":\"Pierre Le Corre : \u00ab Le triathlon est un sport dans l'\u00e8re du temps \u00bb\",\"isPartOf\":{\"@id\":\"https:\/\/dicodusport.fr\/blog\/#website\"},\"primaryImageOfPage\":{\"@id\":\"https:\/\/dicodusport.fr\/blog\/pierre-le-corre-triathlon-sport-ere-du-temps\/#primaryimage\"},\"image\":{\"@id\":\"https:\/\/dicodusport.fr\/blog\/pierre-le-corre-triathlon-sport-ere-du-temps\/#primaryimage\"},\"thumbnailUrl\":\"https:\/\/dicodusport.fr\/blog\/wp-content\/uploads\/2020\/07\/Pierre-Le-Corre-Le-triathlon-est-un-sport-dans-l\u00e8re-du-temps.png\",\"datePublished\":\"2020-07-02T08:31:37+00:00\",\"dateModified\":\"2020-07-09T08:23:47+00:00\",\"description\":\"TRIATHLON - Confinement, calendrier, JO, m\u00e9diatisation de son sport, Pierre Le Corre, champion d'Europe en 2018, a r\u00e9pondu \u00e0 nos questions.\",\"breadcrumb\":{\"@id\":\"https:\/\/dicodusport.fr\/blog\/pierre-le-corre-triathlon-sport-ere-du-temps\/#breadcrumb\"},\"inLanguage\":\"fr-FR\",\"potentialAction\":[{\"@type\":\"ReadAction\",\"target\":[\"https:\/\/dicodusport.fr\/blog\/pierre-le-corre-triathlon-sport-ere-du-temps\/\"]}]},{\"@type\":\"ImageObject\",\"inLanguage\":\"fr-FR\",\"@id\":\"https:\/\/dicodusport.fr\/blog\/pierre-le-corre-triathlon-sport-ere-du-temps\/#primaryimage\",\"url\":\"https:\/\/dicodusport.fr\/blog\/wp-content\/uploads\/2020\/07\/Pierre-Le-Corre-Le-triathlon-est-un-sport-dans-l\u00e8re-du-temps.png\",\"contentUrl\":\"https:\/\/dicodusport.fr\/blog\/wp-content\/uploads\/2020\/07\/Pierre-Le-Corre-Le-triathlon-est-un-sport-dans-l\u00e8re-du-temps.png\",\"width\":800,\"height\":445,\"caption\":\"Pierre Le Corre : \u00ab Le triathlon est un sport dans l'\u00e8re du temps \u00bb\"},{\"@type\":\"BreadcrumbList\",\"@id\":\"https:\/\/dicodusport.fr\/blog\/pierre-le-corre-triathlon-sport-ere-du-temps\/#breadcrumb\",\"itemListElement\":[{\"@type\":\"ListItem\",\"position\":1,\"name\":\"Accueil\",\"item\":\"https:\/\/dicodusport.fr\/blog\/\"},{\"@type\":\"ListItem\",\"position\":2,\"name\":\"Pierre Le Corre : \u00ab Le triathlon est un sport dans l&rsquo;\u00e8re du temps \u00bb\"}]},{\"@type\":\"WebSite\",\"@id\":\"https:\/\/dicodusport.fr\/blog\/#website\",\"url\":\"https:\/\/dicodusport.fr\/blog\/\",\"name\":\"Dicodusport\",\"description\":\"L&#039;encyclop\u00e9die de l&#039;actualit\u00e9 sportive\",\"publisher\":{\"@id\":\"https:\/\/dicodusport.fr\/blog\/#organization\"},\"potentialAction\":[{\"@type\":\"SearchAction\",\"target\":{\"@type\":\"EntryPoint\",\"urlTemplate\":\"https:\/\/dicodusport.fr\/blog\/?s={search_term_string}\"},\"query-input\":{\"@type\":\"PropertyValueSpecification\",\"valueRequired\":true,\"valueName\":\"search_term_string\"}}],\"inLanguage\":\"fr-FR\"},{\"@type\":\"NewsMediaOrganization\",\"@id\":\"https:\/\/dicodusport.fr\/blog\/#organization\",\"name\":\"Dicodusport\",\"url\":\"https:\/\/dicodusport.fr\/blog\/\",\"logo\":{\"@type\":\"ImageObject\",\"inLanguage\":\"fr-FR\",\"@id\":\"https:\/\/dicodusport.fr\/blog\/#\/schema\/logo\/image\/\",\"url\":\"https:\/\/dicodusport.fr\/blog\/wp-content\/uploads\/2020\/06\/cropped-LOGO-DICODUSPORT-2020-SANS-FOND-SANS-TEXTE.png\",\"contentUrl\":\"https:\/\/dicodusport.fr\/blog\/wp-content\/uploads\/2020\/06\/cropped-LOGO-DICODUSPORT-2020-SANS-FOND-SANS-TEXTE.png\",\"width\":512,\"height\":512,\"caption\":\"Dicodusport\"},\"image\":{\"@id\":\"https:\/\/dicodusport.fr\/blog\/#\/schema\/logo\/image\/\"},\"sameAs\":[\"https:\/\/www.facebook.com\/dicodusport\",\"https:\/\/x.com\/dicodusport\",\"https:\/\/www.instagram.com\/dicodusport\/\",\"https:\/\/www.youtube.com\/channel\/UC7V2KZ5sd3htJivAbA4ZG3w\"],\"description\":\"Dicodusport est l'encyclop\u00e9die de l'actualit\u00e9 sportive.\",\"email\":\"bonjour@dicodusport.fr\",\"legalName\":\"DICODUSPORT\",\"foundingDate\":\"2018-01-14\",\"vatID\":\"FR71834470973\",\"taxID\":\"83447097300043\",\"numberOfEmployees\":{\"@type\":\"QuantitativeValue\",\"minValue\":\"1\",\"maxValue\":\"10\"}},{\"@type\":\"Person\",\"@id\":\"https:\/\/dicodusport.fr\/blog\/#\/schema\/person\/cb02af4c173ce4a653b55e9baf388d4a\",\"name\":\"Flo Ostermann\",\"image\":{\"@type\":\"ImageObject\",\"inLanguage\":\"fr-FR\",\"@id\":\"https:\/\/dicodusport.fr\/blog\/#\/schema\/person\/image\/\",\"url\":\"https:\/\/dicodusport.fr\/blog\/wp-content\/uploads\/2021\/05\/Flo-Ostermann-150x150.jpg\",\"contentUrl\":\"https:\/\/dicodusport.fr\/blog\/wp-content\/uploads\/2021\/05\/Flo-Ostermann-150x150.jpg\",\"caption\":\"Flo Ostermann\"},\"description\":\"Journaliste\/R\u00e9dacteur depuis septembre 2015 - Mes premiers souvenirs dans le sport ? Les envol\u00e9es du Stade Toulousain et les duels Villeneuve-Schumacher et H\u00e4kkinen-Schumacher \u00e0 la fin des ann\u00e9es 90, la Coupe du monde de football en 1998, l\u2019exploit du XV de France face aux All Blacks en 1999, mais aussi Richard C\u0153ur de Lion qui vole sur les montagnes du Tour de France. Bien parti pour devenir professeur d\u2019EPS, les \u00e9v\u00e9nements de la vie (et la flemme d\u2019animer des s\u00e9ances de 3x500 m\u00e8tres toute ma vie) m\u2019ont conduit \u00e0 revoir mes plans. Me voil\u00e0 depuis fin 2017 sur Dicodusport, m\u00e9dia gr\u00e2ce (et pour) lequel je partage ma passion : le sport dans tous ses \u00e9tats. Le tout accompagn\u00e9 par les fous furieux et folles furieuses cit\u00e9s sur cette page !\",\"sameAs\":[\"https:\/\/www.facebook.com\/florent.ostermann\",\"https:\/\/x.com\/https:\/\/twitter.com\/FlOstermann\",\"admin\"],\"url\":\"https:\/\/dicodusport.fr\/blog\/author\/flo\/\"}]}<\/script>\n<!-- \/ Yoast SEO Premium plugin. -->","yoast_head_json":{"title":"Pierre Le Corre : \u00ab Le triathlon est un sport dans l'\u00e8re du temps \u00bb","description":"TRIATHLON - Confinement, calendrier, JO, m\u00e9diatisation de son sport, Pierre Le Corre, champion d'Europe en 2018, a r\u00e9pondu \u00e0 nos questions.","robots":{"index":"index","follow":"follow","max-snippet":"max-snippet:-1","max-image-preview":"max-image-preview:large","max-video-preview":"max-video-preview:-1"},"canonical":"https:\/\/dicodusport.fr\/blog\/pierre-le-corre-triathlon-sport-ere-du-temps\/","og_locale":"fr_FR","og_type":"article","og_title":"Pierre Le Corre : \u00ab Le triathlon est un sport dans l'\u00e8re du temps \u00bb","og_description":"TRIATHLON - Confinement, calendrier, JO, m\u00e9diatisation de son sport, Pierre Le Corre, champion d'Europe en 2018, a r\u00e9pondu \u00e0 nos questions.","og_url":"https:\/\/dicodusport.fr\/blog\/pierre-le-corre-triathlon-sport-ere-du-temps\/","og_site_name":"Dicodusport","article_publisher":"https:\/\/www.facebook.com\/dicodusport","article_author":"https:\/\/www.facebook.com\/florent.ostermann","article_published_time":"2020-07-02T08:31:37+00:00","article_modified_time":"2020-07-09T08:23:47+00:00","og_image":[{"width":800,"height":445,"url":"https:\/\/dicodusport.fr\/blog\/wp-content\/uploads\/2020\/07\/Pierre-Le-Corre-Le-triathlon-est-un-sport-dans-l\u00e8re-du-temps.png","type":"image\/png"}],"author":"Flo Ostermann","twitter_card":"summary_large_image","twitter_title":"Pierre Le Corre : \u00ab Le triathlon est un sport dans l'\u00e8re du temps \u00bb","twitter_creator":"@https:\/\/twitter.com\/FlOstermann","twitter_site":"@dicodusport","schema":{"@context":"https:\/\/schema.org","@graph":[{"@type":"NewsArticle","@id":"https:\/\/dicodusport.fr\/blog\/pierre-le-corre-triathlon-sport-ere-du-temps\/#article","isPartOf":{"@id":"https:\/\/dicodusport.fr\/blog\/pierre-le-corre-triathlon-sport-ere-du-temps\/"},"author":{"name":"Flo Ostermann","@id":"https:\/\/dicodusport.fr\/blog\/#\/schema\/person\/cb02af4c173ce4a653b55e9baf388d4a"},"headline":"Pierre Le Corre : \u00ab Le triathlon est un sport dans l&rsquo;\u00e8re du temps \u00bb","datePublished":"2020-07-02T08:31:37+00:00","dateModified":"2020-07-09T08:23:47+00:00","mainEntityOfPage":{"@id":"https:\/\/dicodusport.fr\/blog\/pierre-le-corre-triathlon-sport-ere-du-temps\/"},"wordCount":1408,"commentCount":0,"publisher":{"@id":"https:\/\/dicodusport.fr\/blog\/#organization"},"image":{"@id":"https:\/\/dicodusport.fr\/blog\/pierre-le-corre-triathlon-sport-ere-du-temps\/#primaryimage"},"thumbnailUrl":"https:\/\/dicodusport.fr\/blog\/wp-content\/uploads\/2020\/07\/Pierre-Le-Corre-Le-triathlon-est-un-sport-dans-l\u00e8re-du-temps.png","keywords":["Pierre Le Corre","sport","triathlon"],"articleSection":["Triathlon"],"inLanguage":"fr-FR","potentialAction":[{"@type":"CommentAction","name":"Comment","target":["https:\/\/dicodusport.fr\/blog\/pierre-le-corre-triathlon-sport-ere-du-temps\/#respond"]}],"copyrightYear":"2020","copyrightHolder":{"@id":"https:\/\/dicodusport.fr\/blog\/#organization"}},{"@type":"WebPage","@id":"https:\/\/dicodusport.fr\/blog\/pierre-le-corre-triathlon-sport-ere-du-temps\/","url":"https:\/\/dicodusport.fr\/blog\/pierre-le-corre-triathlon-sport-ere-du-temps\/","name":"Pierre Le Corre : \u00ab Le triathlon est un sport dans l'\u00e8re du temps \u00bb","isPartOf":{"@id":"https:\/\/dicodusport.fr\/blog\/#website"},"primaryImageOfPage":{"@id":"https:\/\/dicodusport.fr\/blog\/pierre-le-corre-triathlon-sport-ere-du-temps\/#primaryimage"},"image":{"@id":"https:\/\/dicodusport.fr\/blog\/pierre-le-corre-triathlon-sport-ere-du-temps\/#primaryimage"},"thumbnailUrl":"https:\/\/dicodusport.fr\/blog\/wp-content\/uploads\/2020\/07\/Pierre-Le-Corre-Le-triathlon-est-un-sport-dans-l\u00e8re-du-temps.png","datePublished":"2020-07-02T08:31:37+00:00","dateModified":"2020-07-09T08:23:47+00:00","description":"TRIATHLON - Confinement, calendrier, JO, m\u00e9diatisation de son sport, Pierre Le Corre, champion d'Europe en 2018, a r\u00e9pondu \u00e0 nos questions.","breadcrumb":{"@id":"https:\/\/dicodusport.fr\/blog\/pierre-le-corre-triathlon-sport-ere-du-temps\/#breadcrumb"},"inLanguage":"fr-FR","potentialAction":[{"@type":"ReadAction","target":["https:\/\/dicodusport.fr\/blog\/pierre-le-corre-triathlon-sport-ere-du-temps\/"]}]},{"@type":"ImageObject","inLanguage":"fr-FR","@id":"https:\/\/dicodusport.fr\/blog\/pierre-le-corre-triathlon-sport-ere-du-temps\/#primaryimage","url":"https:\/\/dicodusport.fr\/blog\/wp-content\/uploads\/2020\/07\/Pierre-Le-Corre-Le-triathlon-est-un-sport-dans-l\u00e8re-du-temps.png","contentUrl":"https:\/\/dicodusport.fr\/blog\/wp-content\/uploads\/2020\/07\/Pierre-Le-Corre-Le-triathlon-est-un-sport-dans-l\u00e8re-du-temps.png","width":800,"height":445,"caption":"Pierre Le Corre : \u00ab Le triathlon est un sport dans l'\u00e8re du temps \u00bb"},{"@type":"BreadcrumbList","@id":"https:\/\/dicodusport.fr\/blog\/pierre-le-corre-triathlon-sport-ere-du-temps\/#breadcrumb","itemListElement":[{"@type":"ListItem","position":1,"name":"Accueil","item":"https:\/\/dicodusport.fr\/blog\/"},{"@type":"ListItem","position":2,"name":"Pierre Le Corre : \u00ab Le triathlon est un sport dans l&rsquo;\u00e8re du temps \u00bb"}]},{"@type":"WebSite","@id":"https:\/\/dicodusport.fr\/blog\/#website","url":"https:\/\/dicodusport.fr\/blog\/","name":"Dicodusport","description":"L&#039;encyclop\u00e9die de l&#039;actualit\u00e9 sportive","publisher":{"@id":"https:\/\/dicodusport.fr\/blog\/#organization"},"potentialAction":[{"@type":"SearchAction","target":{"@type":"EntryPoint","urlTemplate":"https:\/\/dicodusport.fr\/blog\/?s={search_term_string}"},"query-input":{"@type":"PropertyValueSpecification","valueRequired":true,"valueName":"search_term_string"}}],"inLanguage":"fr-FR"},{"@type":"NewsMediaOrganization","@id":"https:\/\/dicodusport.fr\/blog\/#organization","name":"Dicodusport","url":"https:\/\/dicodusport.fr\/blog\/","logo":{"@type":"ImageObject","inLanguage":"fr-FR","@id":"https:\/\/dicodusport.fr\/blog\/#\/schema\/logo\/image\/","url":"https:\/\/dicodusport.fr\/blog\/wp-content\/uploads\/2020\/06\/cropped-LOGO-DICODUSPORT-2020-SANS-FOND-SANS-TEXTE.png","contentUrl":"https:\/\/dicodusport.fr\/blog\/wp-content\/uploads\/2020\/06\/cropped-LOGO-DICODUSPORT-2020-SANS-FOND-SANS-TEXTE.png","width":512,"height":512,"caption":"Dicodusport"},"image":{"@id":"https:\/\/dicodusport.fr\/blog\/#\/schema\/logo\/image\/"},"sameAs":["https:\/\/www.facebook.com\/dicodusport","https:\/\/x.com\/dicodusport","https:\/\/www.instagram.com\/dicodusport\/","https:\/\/www.youtube.com\/channel\/UC7V2KZ5sd3htJivAbA4ZG3w"],"description":"Dicodusport est l'encyclop\u00e9die de l'actualit\u00e9 sportive.","email":"bonjour@dicodusport.fr","legalName":"DICODUSPORT","foundingDate":"2018-01-14","vatID":"FR71834470973","taxID":"83447097300043","numberOfEmployees":{"@type":"QuantitativeValue","minValue":"1","maxValue":"10"}},{"@type":"Person","@id":"https:\/\/dicodusport.fr\/blog\/#\/schema\/person\/cb02af4c173ce4a653b55e9baf388d4a","name":"Flo Ostermann","image":{"@type":"ImageObject","inLanguage":"fr-FR","@id":"https:\/\/dicodusport.fr\/blog\/#\/schema\/person\/image\/","url":"https:\/\/dicodusport.fr\/blog\/wp-content\/uploads\/2021\/05\/Flo-Ostermann-150x150.jpg","contentUrl":"https:\/\/dicodusport.fr\/blog\/wp-content\/uploads\/2021\/05\/Flo-Ostermann-150x150.jpg","caption":"Flo Ostermann"},"description":"Journaliste\/R\u00e9dacteur depuis septembre 2015 - Mes premiers souvenirs dans le sport ? Les envol\u00e9es du Stade Toulousain et les duels Villeneuve-Schumacher et H\u00e4kkinen-Schumacher \u00e0 la fin des ann\u00e9es 90, la Coupe du monde de football en 1998, l\u2019exploit du XV de France face aux All Blacks en 1999, mais aussi Richard C\u0153ur de Lion qui vole sur les montagnes du Tour de France. Bien parti pour devenir professeur d\u2019EPS, les \u00e9v\u00e9nements de la vie (et la flemme d\u2019animer des s\u00e9ances de 3x500 m\u00e8tres toute ma vie) m\u2019ont conduit \u00e0 revoir mes plans. Me voil\u00e0 depuis fin 2017 sur Dicodusport, m\u00e9dia gr\u00e2ce (et pour) lequel je partage ma passion : le sport dans tous ses \u00e9tats. Le tout accompagn\u00e9 par les fous furieux et folles furieuses cit\u00e9s sur cette page !","sameAs":["https:\/\/www.facebook.com\/florent.ostermann","https:\/\/x.com\/https:\/\/twitter.com\/FlOstermann","admin"],"url":"https:\/\/dicodusport.fr\/blog\/author\/flo\/"}]}},"_links":{"self":[{"href":"https:\/\/dicodusport.fr\/blog\/wp-json\/wp\/v2\/posts\/70394","targetHints":{"allow":["GET"]}}],"collection":[{"href":"https:\/\/dicodusport.fr\/blog\/wp-json\/wp\/v2\/posts"}],"about":[{"href":"https:\/\/dicodusport.fr\/blog\/wp-json\/wp\/v2\/types\/post"}],"author":[{"embeddable":true,"href":"https:\/\/dicodusport.fr\/blog\/wp-json\/wp\/v2\/users\/4"}],"replies":[{"embeddable":true,"href":"https:\/\/dicodusport.fr\/blog\/wp-json\/wp\/v2\/comments?post=70394"}],"version-history":[{"count":0,"href":"https:\/\/dicodusport.fr\/blog\/wp-json\/wp\/v2\/posts\/70394\/revisions"}],"wp:featuredmedia":[{"embeddable":true,"href":"https:\/\/dicodusport.fr\/blog\/wp-json\/wp\/v2\/media\/70563"}],"wp:attachment":[{"href":"https:\/\/dicodusport.fr\/blog\/wp-json\/wp\/v2\/media?parent=70394"}],"wp:term":[{"taxonomy":"category","embeddable":true,"href":"https:\/\/dicodusport.fr\/blog\/wp-json\/wp\/v2\/categories?post=70394"},{"taxonomy":"post_tag","embeddable":true,"href":"https:\/\/dicodusport.fr\/blog\/wp-json\/wp\/v2\/tags?post=70394"}],"curies":[{"name":"wp","href":"https:\/\/api.w.org\/{rel}","templated":true}]}}