{"id":70429,"date":"2020-06-30T15:06:02","date_gmt":"2020-06-30T13:06:02","guid":{"rendered":"http:\/\/dicodusport.fr\/blog\/?p=70429&#038;preview=true&#038;preview_id=70429"},"modified":"2020-06-30T15:26:15","modified_gmt":"2020-06-30T13:26:15","slug":"programme-thibaut-pinot-devoile","status":"publish","type":"post","link":"https:\/\/dicodusport.fr\/blog\/programme-thibaut-pinot-devoile\/","title":{"rendered":"Le programme de Thibaut Pinot (Groupama-FDJ) d\u00e9voil\u00e9"},"content":{"rendered":"<p style=\"text-align: justify;\"><strong><em>CYCLISME &#8211; H\u00e9ros malheureux du Tour de France 2019, Thibaut Pinot va doubler Tour et Vuelta cette saison. Tout comme David Gaudu, son fid\u00e8le lieutenant.<\/em><\/strong><\/p>\n<p style=\"text-align: justify;\">Avant le <strong>Tour de France<\/strong> (29 ao\u00fbt &#8211; 20 septembre) et le <strong>Tour d&rsquo;Espagne<\/strong> (20 octobre &#8211; 8 novembre), <a href=\"https:\/\/dicodusport.fr\/blog\/quiz-cyclisme-etes-vous-incollable-carriere-thibaut-pinot\/\" target=\"_blank\" rel=\"noopener noreferrer\"><strong>Thibaut Pinot<\/strong><\/a> et <strong>David Gaudu<\/strong> seront sur le <strong>Dauphin\u00e9<\/strong> (12 &#8211; 16 ao\u00fbt). Dans une interview accord\u00e9e \u00e0 nos confr\u00e8res de <a href=\"https:\/\/www.estrepublicain.fr\/sport\/2020\/06\/30\/tour-de-france-et-vuelta-pour-thibaut-pinot\" target=\"_blank\" rel=\"noopener noreferrer\"><em>L&rsquo;Est R\u00e9publicain<\/em><\/a>, le Franc-Comtois annonce qu&rsquo;il reprendra la comp\u00e9tition sur la <strong>Route d&rsquo;Occitanie<\/strong> (1 &#8211; 4 ao\u00fbt), avant de disputer \u00e9galement les <strong>championnats de France<\/strong> (23 ao\u00fbt).<\/p>\n<p style=\"text-align: justify;\">De son c\u00f4t\u00e9, le Breton accrochera son premier dossard lors du <strong>Tour de Burgos<\/strong> (28 juillet &#8211; 1er ao\u00fbt).<\/p>\n<h2 style=\"text-align: justify;\">Le programme de Thibaut Pinot<\/h2>\n<p style=\"text-align: justify;\"><strong>1er &#8211; 4 ao\u00fbt :<\/strong> Route d&rsquo;Occitanie<br \/>\n<strong>12 &#8211; 16 ao\u00fbt :<\/strong> Dauphin\u00e9<br \/>\n<strong>23 ao\u00fbt :<\/strong> Championnats de France<br \/>\n<strong>29 ao\u00fbt &#8211; 20 septembre :<\/strong> Tour de France<br \/>\n<strong>27 septembre :<\/strong> Championnats du monde ?<br \/>\n<strong>20 octobre &#8211; 8 novembre :<\/strong> Tour d&rsquo;Espagne<\/p>\n<blockquote class=\"twitter-tweet\">\n<p dir=\"ltr\" lang=\"fr\">&#x1f39e; Vous avez ador\u00e9 les aventures du duo <a href=\"https:\/\/twitter.com\/ThibautPinot?ref_src=twsrc%5Etfw\">@ThibautPinot<\/a> \/ <a href=\"https:\/\/twitter.com\/DavidGaudu?ref_src=twsrc%5Etfw\">@DavidGaudu<\/a> en 2019 ? Triple s\u00e9ance en 2020 ! <a href=\"https:\/\/t.co\/Kcl8HgK5Jm\">pic.twitter.com\/Kcl8HgK5Jm<\/a><\/p>\n<p>\u2014 \u00c9quipe Cycliste Groupama-FDJ (@GroupamaFDJ) <a href=\"https:\/\/twitter.com\/GroupamaFDJ\/status\/1277950062816104461?ref_src=twsrc%5Etfw\">June 30, 2020<\/a><\/p><\/blockquote>\n<p><script async src=\"https:\/\/platform.twitter.com\/widgets.js\" charset=\"utf-8\"><\/script><\/p>\n<ul>\n<li style=\"text-align: justify;\"><strong>\u00c0 lire aussi &#8211; <a href=\"https:\/\/dicodusport.fr\/blog\/cyclisme-nouveau-calendrier-uci-saison-2020\/\" target=\"_blank\" rel=\"noopener noreferrer\">Le calendrier de la saison 2020<\/a><\/strong><\/li>\n<\/ul>\n<p><strong><em>Dicodusport<br \/>\n<a href=\"https:\/\/www.facebook.com\/dicodusport\/\" target=\"_blank\" rel=\"noopener noreferrer\"><img loading=\"lazy\" decoding=\"async\" class=\"alignnone wp-image-2909\" src=\"http:\/\/dicodusport.fr\/blog\/wp-content\/uploads\/2017\/07\/logo-facebook-150x150.png\" alt=\"\" width=\"40\" height=\"40\" \/><\/a><a href=\"https:\/\/twitter.com\/dicodusport\" target=\"_blank\" rel=\"noopener noreferrer\"><img loading=\"lazy\" decoding=\"async\" class=\"alignnone wp-image-2908\" src=\"http:\/\/dicodusport.fr\/blog\/wp-content\/uploads\/2017\/07\/logo-twitter-150x150.png\" alt=\"\" width=\"39\" height=\"39\" \/><\/a><\/em><\/strong><\/p>\n","protected":false},"excerpt":{"rendered":"<p>CYCLISME &#8211; H\u00e9ros malheureux du Tour de France 2019, Thibaut Pinot va doubler Tour et Vuelta cette saison. Tout comme David Gaudu, son fid\u00e8le lieutenant.<\/p>\n","protected":false},"author":4,"featured_media":59994,"comment_status":"open","ping_status":"closed","sticky":false,"template":"","format":"standard","meta":{"_acf_changed":false,"_daextam_enable_autolinks":"","footnotes":""},"categories":[2307],"tags":[574,4839],"class_list":["post-70429","post","type-post","status-publish","format-standard","has-post-thumbnail","hentry","category-cyclisme","tag-cyclisme","tag-thibaut-pinot"],"acf":[],"yoast_head":"<!-- This site is optimized with the Yoast SEO Premium plugin v26.7 (Yoast SEO v26.7) - https:\/\/yoast.com\/wordpress\/plugins\/seo\/ -->\n<title>Le programme de Thibaut Pinot (Groupama-FDJ) d\u00e9voil\u00e9<\/title>\n<meta name=\"description\" content=\"CYCLISME - H\u00e9ros malheureux du Tour de France 2019, Thibaut Pinot va doubler Tour et Vuelta cette saison. Tout comme David Gaudu, son fid\u00e8le lieutenant.\" \/>\n<meta name=\"robots\" content=\"index, follow, max-snippet:-1, max-image-preview:large, max-video-preview:-1\" \/>\n<link rel=\"canonical\" href=\"https:\/\/dicodusport.fr\/blog\/programme-thibaut-pinot-devoile\/\" \/>\n<meta property=\"og:locale\" content=\"fr_FR\" \/>\n<meta property=\"og:type\" content=\"article\" \/>\n<meta property=\"og:title\" content=\"Cyclisme : Le programme de Thibaut Pinot d\u00e9voil\u00e9\" \/>\n<meta property=\"og:description\" content=\"CYCLISME - H\u00e9ros malheureux du Tour de France 2019, Thibaut Pinot va doubler Tour et Vuelta cette saison. Tout comme David Gaudu, son fid\u00e8le lieutenant.\" \/>\n<meta property=\"og:url\" content=\"https:\/\/dicodusport.fr\/blog\/programme-thibaut-pinot-devoile\/\" \/>\n<meta property=\"og:site_name\" content=\"Dicodusport\" \/>\n<meta property=\"article:publisher\" content=\"https:\/\/www.facebook.com\/dicodusport\" \/>\n<meta property=\"article:author\" content=\"https:\/\/www.facebook.com\/florent.ostermann\" \/>\n<meta property=\"article:published_time\" content=\"2020-06-30T13:06:02+00:00\" \/>\n<meta property=\"article:modified_time\" content=\"2020-06-30T13:26:15+00:00\" \/>\n<meta property=\"og:image\" content=\"https:\/\/dicodusport.fr\/blog\/wp-content\/uploads\/2020\/02\/Thibaut-Pinot-Avant-je-fuyais-un-peu-la-France-pour-chercher-la-tranquillit\u00e9.png\" \/>\n\t<meta property=\"og:image:width\" content=\"800\" \/>\n\t<meta property=\"og:image:height\" content=\"445\" \/>\n\t<meta property=\"og:image:type\" content=\"image\/png\" \/>\n<meta name=\"author\" content=\"Flo Ostermann\" \/>\n<meta name=\"twitter:card\" content=\"summary_large_image\" \/>\n<meta name=\"twitter:title\" content=\"Cyclisme : Le programme de Thibaut Pinot d\u00e9voil\u00e9\" \/>\n<meta name=\"twitter:creator\" content=\"@https:\/\/twitter.com\/FlOstermann\" \/>\n<meta name=\"twitter:site\" content=\"@dicodusport\" \/>\n<script type=\"application\/ld+json\" class=\"yoast-schema-graph\">{\"@context\":\"https:\/\/schema.org\",\"@graph\":[{\"@type\":\"NewsArticle\",\"@id\":\"https:\/\/dicodusport.fr\/blog\/programme-thibaut-pinot-devoile\/#article\",\"isPartOf\":{\"@id\":\"https:\/\/dicodusport.fr\/blog\/programme-thibaut-pinot-devoile\/\"},\"author\":{\"name\":\"Flo Ostermann\",\"@id\":\"https:\/\/dicodusport.fr\/blog\/#\/schema\/person\/cb02af4c173ce4a653b55e9baf388d4a\"},\"headline\":\"Le programme de Thibaut Pinot (Groupama-FDJ) d\u00e9voil\u00e9\",\"datePublished\":\"2020-06-30T13:06:02+00:00\",\"dateModified\":\"2020-06-30T13:26:15+00:00\",\"mainEntityOfPage\":{\"@id\":\"https:\/\/dicodusport.fr\/blog\/programme-thibaut-pinot-devoile\/\"},\"wordCount\":198,\"commentCount\":0,\"publisher\":{\"@id\":\"https:\/\/dicodusport.fr\/blog\/#organization\"},\"image\":{\"@id\":\"https:\/\/dicodusport.fr\/blog\/programme-thibaut-pinot-devoile\/#primaryimage\"},\"thumbnailUrl\":\"https:\/\/dicodusport.fr\/blog\/wp-content\/uploads\/2020\/02\/Thibaut-Pinot-Avant-je-fuyais-un-peu-la-France-pour-chercher-la-tranquillit\u00e9.png\",\"keywords\":[\"Cyclisme\",\"Thibaut Pinot\"],\"articleSection\":[\"Cyclisme\"],\"inLanguage\":\"fr-FR\",\"potentialAction\":[{\"@type\":\"CommentAction\",\"name\":\"Comment\",\"target\":[\"https:\/\/dicodusport.fr\/blog\/programme-thibaut-pinot-devoile\/#respond\"]}],\"copyrightYear\":\"2020\",\"copyrightHolder\":{\"@id\":\"https:\/\/dicodusport.fr\/blog\/#organization\"}},{\"@type\":\"WebPage\",\"@id\":\"https:\/\/dicodusport.fr\/blog\/programme-thibaut-pinot-devoile\/\",\"url\":\"https:\/\/dicodusport.fr\/blog\/programme-thibaut-pinot-devoile\/\",\"name\":\"Le programme de Thibaut Pinot (Groupama-FDJ) d\u00e9voil\u00e9\",\"isPartOf\":{\"@id\":\"https:\/\/dicodusport.fr\/blog\/#website\"},\"primaryImageOfPage\":{\"@id\":\"https:\/\/dicodusport.fr\/blog\/programme-thibaut-pinot-devoile\/#primaryimage\"},\"image\":{\"@id\":\"https:\/\/dicodusport.fr\/blog\/programme-thibaut-pinot-devoile\/#primaryimage\"},\"thumbnailUrl\":\"https:\/\/dicodusport.fr\/blog\/wp-content\/uploads\/2020\/02\/Thibaut-Pinot-Avant-je-fuyais-un-peu-la-France-pour-chercher-la-tranquillit\u00e9.png\",\"datePublished\":\"2020-06-30T13:06:02+00:00\",\"dateModified\":\"2020-06-30T13:26:15+00:00\",\"description\":\"CYCLISME - H\u00e9ros malheureux du Tour de France 2019, Thibaut Pinot va doubler Tour et Vuelta cette saison. Tout comme David Gaudu, son fid\u00e8le lieutenant.\",\"breadcrumb\":{\"@id\":\"https:\/\/dicodusport.fr\/blog\/programme-thibaut-pinot-devoile\/#breadcrumb\"},\"inLanguage\":\"fr-FR\",\"potentialAction\":[{\"@type\":\"ReadAction\",\"target\":[\"https:\/\/dicodusport.fr\/blog\/programme-thibaut-pinot-devoile\/\"]}]},{\"@type\":\"ImageObject\",\"inLanguage\":\"fr-FR\",\"@id\":\"https:\/\/dicodusport.fr\/blog\/programme-thibaut-pinot-devoile\/#primaryimage\",\"url\":\"https:\/\/dicodusport.fr\/blog\/wp-content\/uploads\/2020\/02\/Thibaut-Pinot-Avant-je-fuyais-un-peu-la-France-pour-chercher-la-tranquillit\u00e9.png\",\"contentUrl\":\"https:\/\/dicodusport.fr\/blog\/wp-content\/uploads\/2020\/02\/Thibaut-Pinot-Avant-je-fuyais-un-peu-la-France-pour-chercher-la-tranquillit\u00e9.png\",\"width\":800,\"height\":445,\"caption\":\"Thibaut Pinot - Groupama-FDJ\"},{\"@type\":\"BreadcrumbList\",\"@id\":\"https:\/\/dicodusport.fr\/blog\/programme-thibaut-pinot-devoile\/#breadcrumb\",\"itemListElement\":[{\"@type\":\"ListItem\",\"position\":1,\"name\":\"Accueil\",\"item\":\"https:\/\/dicodusport.fr\/blog\/\"},{\"@type\":\"ListItem\",\"position\":2,\"name\":\"Le programme de Thibaut Pinot (Groupama-FDJ) d\u00e9voil\u00e9\"}]},{\"@type\":\"WebSite\",\"@id\":\"https:\/\/dicodusport.fr\/blog\/#website\",\"url\":\"https:\/\/dicodusport.fr\/blog\/\",\"name\":\"Dicodusport\",\"description\":\"L&#039;encyclop\u00e9die de l&#039;actualit\u00e9 sportive\",\"publisher\":{\"@id\":\"https:\/\/dicodusport.fr\/blog\/#organization\"},\"potentialAction\":[{\"@type\":\"SearchAction\",\"target\":{\"@type\":\"EntryPoint\",\"urlTemplate\":\"https:\/\/dicodusport.fr\/blog\/?s={search_term_string}\"},\"query-input\":{\"@type\":\"PropertyValueSpecification\",\"valueRequired\":true,\"valueName\":\"search_term_string\"}}],\"inLanguage\":\"fr-FR\"},{\"@type\":\"NewsMediaOrganization\",\"@id\":\"https:\/\/dicodusport.fr\/blog\/#organization\",\"name\":\"Dicodusport\",\"url\":\"https:\/\/dicodusport.fr\/blog\/\",\"logo\":{\"@type\":\"ImageObject\",\"inLanguage\":\"fr-FR\",\"@id\":\"https:\/\/dicodusport.fr\/blog\/#\/schema\/logo\/image\/\",\"url\":\"https:\/\/dicodusport.fr\/blog\/wp-content\/uploads\/2020\/06\/cropped-LOGO-DICODUSPORT-2020-SANS-FOND-SANS-TEXTE.png\",\"contentUrl\":\"https:\/\/dicodusport.fr\/blog\/wp-content\/uploads\/2020\/06\/cropped-LOGO-DICODUSPORT-2020-SANS-FOND-SANS-TEXTE.png\",\"width\":512,\"height\":512,\"caption\":\"Dicodusport\"},\"image\":{\"@id\":\"https:\/\/dicodusport.fr\/blog\/#\/schema\/logo\/image\/\"},\"sameAs\":[\"https:\/\/www.facebook.com\/dicodusport\",\"https:\/\/x.com\/dicodusport\",\"https:\/\/www.instagram.com\/dicodusport\/\",\"https:\/\/www.youtube.com\/channel\/UC7V2KZ5sd3htJivAbA4ZG3w\"],\"description\":\"Dicodusport est l'encyclop\u00e9die de l'actualit\u00e9 sportive.\",\"email\":\"bonjour@dicodusport.fr\",\"legalName\":\"DICODUSPORT\",\"foundingDate\":\"2018-01-14\",\"vatID\":\"FR71834470973\",\"taxID\":\"83447097300043\",\"numberOfEmployees\":{\"@type\":\"QuantitativeValue\",\"minValue\":\"1\",\"maxValue\":\"10\"}},{\"@type\":\"Person\",\"@id\":\"https:\/\/dicodusport.fr\/blog\/#\/schema\/person\/cb02af4c173ce4a653b55e9baf388d4a\",\"name\":\"Flo Ostermann\",\"image\":{\"@type\":\"ImageObject\",\"inLanguage\":\"fr-FR\",\"@id\":\"https:\/\/dicodusport.fr\/blog\/#\/schema\/person\/image\/\",\"url\":\"https:\/\/dicodusport.fr\/blog\/wp-content\/uploads\/2021\/05\/Flo-Ostermann-150x150.jpg\",\"contentUrl\":\"https:\/\/dicodusport.fr\/blog\/wp-content\/uploads\/2021\/05\/Flo-Ostermann-150x150.jpg\",\"caption\":\"Flo Ostermann\"},\"description\":\"Journaliste\/R\u00e9dacteur depuis septembre 2015 - Mes premiers souvenirs dans le sport ? Les envol\u00e9es du Stade Toulousain et les duels Villeneuve-Schumacher et H\u00e4kkinen-Schumacher \u00e0 la fin des ann\u00e9es 90, la Coupe du monde de football en 1998, l\u2019exploit du XV de France face aux All Blacks en 1999, mais aussi Richard C\u0153ur de Lion qui vole sur les montagnes du Tour de France. Bien parti pour devenir professeur d\u2019EPS, les \u00e9v\u00e9nements de la vie (et la flemme d\u2019animer des s\u00e9ances de 3x500 m\u00e8tres toute ma vie) m\u2019ont conduit \u00e0 revoir mes plans. Me voil\u00e0 depuis fin 2017 sur Dicodusport, m\u00e9dia gr\u00e2ce (et pour) lequel je partage ma passion : le sport dans tous ses \u00e9tats. Le tout accompagn\u00e9 par les fous furieux et folles furieuses cit\u00e9s sur cette page !\",\"sameAs\":[\"https:\/\/www.facebook.com\/florent.ostermann\",\"https:\/\/x.com\/https:\/\/twitter.com\/FlOstermann\",\"admin\"],\"url\":\"https:\/\/dicodusport.fr\/blog\/author\/flo\/\"}]}<\/script>\n<!-- \/ Yoast SEO Premium plugin. -->","yoast_head_json":{"title":"Le programme de Thibaut Pinot (Groupama-FDJ) d\u00e9voil\u00e9","description":"CYCLISME - H\u00e9ros malheureux du Tour de France 2019, Thibaut Pinot va doubler Tour et Vuelta cette saison. Tout comme David Gaudu, son fid\u00e8le lieutenant.","robots":{"index":"index","follow":"follow","max-snippet":"max-snippet:-1","max-image-preview":"max-image-preview:large","max-video-preview":"max-video-preview:-1"},"canonical":"https:\/\/dicodusport.fr\/blog\/programme-thibaut-pinot-devoile\/","og_locale":"fr_FR","og_type":"article","og_title":"Cyclisme : Le programme de Thibaut Pinot d\u00e9voil\u00e9","og_description":"CYCLISME - H\u00e9ros malheureux du Tour de France 2019, Thibaut Pinot va doubler Tour et Vuelta cette saison. Tout comme David Gaudu, son fid\u00e8le lieutenant.","og_url":"https:\/\/dicodusport.fr\/blog\/programme-thibaut-pinot-devoile\/","og_site_name":"Dicodusport","article_publisher":"https:\/\/www.facebook.com\/dicodusport","article_author":"https:\/\/www.facebook.com\/florent.ostermann","article_published_time":"2020-06-30T13:06:02+00:00","article_modified_time":"2020-06-30T13:26:15+00:00","og_image":[{"width":800,"height":445,"url":"https:\/\/dicodusport.fr\/blog\/wp-content\/uploads\/2020\/02\/Thibaut-Pinot-Avant-je-fuyais-un-peu-la-France-pour-chercher-la-tranquillit\u00e9.png","type":"image\/png"}],"author":"Flo Ostermann","twitter_card":"summary_large_image","twitter_title":"Cyclisme : Le programme de Thibaut Pinot d\u00e9voil\u00e9","twitter_creator":"@https:\/\/twitter.com\/FlOstermann","twitter_site":"@dicodusport","schema":{"@context":"https:\/\/schema.org","@graph":[{"@type":"NewsArticle","@id":"https:\/\/dicodusport.fr\/blog\/programme-thibaut-pinot-devoile\/#article","isPartOf":{"@id":"https:\/\/dicodusport.fr\/blog\/programme-thibaut-pinot-devoile\/"},"author":{"name":"Flo Ostermann","@id":"https:\/\/dicodusport.fr\/blog\/#\/schema\/person\/cb02af4c173ce4a653b55e9baf388d4a"},"headline":"Le programme de Thibaut Pinot (Groupama-FDJ) d\u00e9voil\u00e9","datePublished":"2020-06-30T13:06:02+00:00","dateModified":"2020-06-30T13:26:15+00:00","mainEntityOfPage":{"@id":"https:\/\/dicodusport.fr\/blog\/programme-thibaut-pinot-devoile\/"},"wordCount":198,"commentCount":0,"publisher":{"@id":"https:\/\/dicodusport.fr\/blog\/#organization"},"image":{"@id":"https:\/\/dicodusport.fr\/blog\/programme-thibaut-pinot-devoile\/#primaryimage"},"thumbnailUrl":"https:\/\/dicodusport.fr\/blog\/wp-content\/uploads\/2020\/02\/Thibaut-Pinot-Avant-je-fuyais-un-peu-la-France-pour-chercher-la-tranquillit\u00e9.png","keywords":["Cyclisme","Thibaut Pinot"],"articleSection":["Cyclisme"],"inLanguage":"fr-FR","potentialAction":[{"@type":"CommentAction","name":"Comment","target":["https:\/\/dicodusport.fr\/blog\/programme-thibaut-pinot-devoile\/#respond"]}],"copyrightYear":"2020","copyrightHolder":{"@id":"https:\/\/dicodusport.fr\/blog\/#organization"}},{"@type":"WebPage","@id":"https:\/\/dicodusport.fr\/blog\/programme-thibaut-pinot-devoile\/","url":"https:\/\/dicodusport.fr\/blog\/programme-thibaut-pinot-devoile\/","name":"Le programme de Thibaut Pinot (Groupama-FDJ) d\u00e9voil\u00e9","isPartOf":{"@id":"https:\/\/dicodusport.fr\/blog\/#website"},"primaryImageOfPage":{"@id":"https:\/\/dicodusport.fr\/blog\/programme-thibaut-pinot-devoile\/#primaryimage"},"image":{"@id":"https:\/\/dicodusport.fr\/blog\/programme-thibaut-pinot-devoile\/#primaryimage"},"thumbnailUrl":"https:\/\/dicodusport.fr\/blog\/wp-content\/uploads\/2020\/02\/Thibaut-Pinot-Avant-je-fuyais-un-peu-la-France-pour-chercher-la-tranquillit\u00e9.png","datePublished":"2020-06-30T13:06:02+00:00","dateModified":"2020-06-30T13:26:15+00:00","description":"CYCLISME - H\u00e9ros malheureux du Tour de France 2019, Thibaut Pinot va doubler Tour et Vuelta cette saison. Tout comme David Gaudu, son fid\u00e8le lieutenant.","breadcrumb":{"@id":"https:\/\/dicodusport.fr\/blog\/programme-thibaut-pinot-devoile\/#breadcrumb"},"inLanguage":"fr-FR","potentialAction":[{"@type":"ReadAction","target":["https:\/\/dicodusport.fr\/blog\/programme-thibaut-pinot-devoile\/"]}]},{"@type":"ImageObject","inLanguage":"fr-FR","@id":"https:\/\/dicodusport.fr\/blog\/programme-thibaut-pinot-devoile\/#primaryimage","url":"https:\/\/dicodusport.fr\/blog\/wp-content\/uploads\/2020\/02\/Thibaut-Pinot-Avant-je-fuyais-un-peu-la-France-pour-chercher-la-tranquillit\u00e9.png","contentUrl":"https:\/\/dicodusport.fr\/blog\/wp-content\/uploads\/2020\/02\/Thibaut-Pinot-Avant-je-fuyais-un-peu-la-France-pour-chercher-la-tranquillit\u00e9.png","width":800,"height":445,"caption":"Thibaut Pinot - Groupama-FDJ"},{"@type":"BreadcrumbList","@id":"https:\/\/dicodusport.fr\/blog\/programme-thibaut-pinot-devoile\/#breadcrumb","itemListElement":[{"@type":"ListItem","position":1,"name":"Accueil","item":"https:\/\/dicodusport.fr\/blog\/"},{"@type":"ListItem","position":2,"name":"Le programme de Thibaut Pinot (Groupama-FDJ) d\u00e9voil\u00e9"}]},{"@type":"WebSite","@id":"https:\/\/dicodusport.fr\/blog\/#website","url":"https:\/\/dicodusport.fr\/blog\/","name":"Dicodusport","description":"L&#039;encyclop\u00e9die de l&#039;actualit\u00e9 sportive","publisher":{"@id":"https:\/\/dicodusport.fr\/blog\/#organization"},"potentialAction":[{"@type":"SearchAction","target":{"@type":"EntryPoint","urlTemplate":"https:\/\/dicodusport.fr\/blog\/?s={search_term_string}"},"query-input":{"@type":"PropertyValueSpecification","valueRequired":true,"valueName":"search_term_string"}}],"inLanguage":"fr-FR"},{"@type":"NewsMediaOrganization","@id":"https:\/\/dicodusport.fr\/blog\/#organization","name":"Dicodusport","url":"https:\/\/dicodusport.fr\/blog\/","logo":{"@type":"ImageObject","inLanguage":"fr-FR","@id":"https:\/\/dicodusport.fr\/blog\/#\/schema\/logo\/image\/","url":"https:\/\/dicodusport.fr\/blog\/wp-content\/uploads\/2020\/06\/cropped-LOGO-DICODUSPORT-2020-SANS-FOND-SANS-TEXTE.png","contentUrl":"https:\/\/dicodusport.fr\/blog\/wp-content\/uploads\/2020\/06\/cropped-LOGO-DICODUSPORT-2020-SANS-FOND-SANS-TEXTE.png","width":512,"height":512,"caption":"Dicodusport"},"image":{"@id":"https:\/\/dicodusport.fr\/blog\/#\/schema\/logo\/image\/"},"sameAs":["https:\/\/www.facebook.com\/dicodusport","https:\/\/x.com\/dicodusport","https:\/\/www.instagram.com\/dicodusport\/","https:\/\/www.youtube.com\/channel\/UC7V2KZ5sd3htJivAbA4ZG3w"],"description":"Dicodusport est l'encyclop\u00e9die de l'actualit\u00e9 sportive.","email":"bonjour@dicodusport.fr","legalName":"DICODUSPORT","foundingDate":"2018-01-14","vatID":"FR71834470973","taxID":"83447097300043","numberOfEmployees":{"@type":"QuantitativeValue","minValue":"1","maxValue":"10"}},{"@type":"Person","@id":"https:\/\/dicodusport.fr\/blog\/#\/schema\/person\/cb02af4c173ce4a653b55e9baf388d4a","name":"Flo Ostermann","image":{"@type":"ImageObject","inLanguage":"fr-FR","@id":"https:\/\/dicodusport.fr\/blog\/#\/schema\/person\/image\/","url":"https:\/\/dicodusport.fr\/blog\/wp-content\/uploads\/2021\/05\/Flo-Ostermann-150x150.jpg","contentUrl":"https:\/\/dicodusport.fr\/blog\/wp-content\/uploads\/2021\/05\/Flo-Ostermann-150x150.jpg","caption":"Flo Ostermann"},"description":"Journaliste\/R\u00e9dacteur depuis septembre 2015 - Mes premiers souvenirs dans le sport ? Les envol\u00e9es du Stade Toulousain et les duels Villeneuve-Schumacher et H\u00e4kkinen-Schumacher \u00e0 la fin des ann\u00e9es 90, la Coupe du monde de football en 1998, l\u2019exploit du XV de France face aux All Blacks en 1999, mais aussi Richard C\u0153ur de Lion qui vole sur les montagnes du Tour de France. Bien parti pour devenir professeur d\u2019EPS, les \u00e9v\u00e9nements de la vie (et la flemme d\u2019animer des s\u00e9ances de 3x500 m\u00e8tres toute ma vie) m\u2019ont conduit \u00e0 revoir mes plans. Me voil\u00e0 depuis fin 2017 sur Dicodusport, m\u00e9dia gr\u00e2ce (et pour) lequel je partage ma passion : le sport dans tous ses \u00e9tats. Le tout accompagn\u00e9 par les fous furieux et folles furieuses cit\u00e9s sur cette page !","sameAs":["https:\/\/www.facebook.com\/florent.ostermann","https:\/\/x.com\/https:\/\/twitter.com\/FlOstermann","admin"],"url":"https:\/\/dicodusport.fr\/blog\/author\/flo\/"}]}},"_links":{"self":[{"href":"https:\/\/dicodusport.fr\/blog\/wp-json\/wp\/v2\/posts\/70429","targetHints":{"allow":["GET"]}}],"collection":[{"href":"https:\/\/dicodusport.fr\/blog\/wp-json\/wp\/v2\/posts"}],"about":[{"href":"https:\/\/dicodusport.fr\/blog\/wp-json\/wp\/v2\/types\/post"}],"author":[{"embeddable":true,"href":"https:\/\/dicodusport.fr\/blog\/wp-json\/wp\/v2\/users\/4"}],"replies":[{"embeddable":true,"href":"https:\/\/dicodusport.fr\/blog\/wp-json\/wp\/v2\/comments?post=70429"}],"version-history":[{"count":0,"href":"https:\/\/dicodusport.fr\/blog\/wp-json\/wp\/v2\/posts\/70429\/revisions"}],"wp:featuredmedia":[{"embeddable":true,"href":"https:\/\/dicodusport.fr\/blog\/wp-json\/wp\/v2\/media\/59994"}],"wp:attachment":[{"href":"https:\/\/dicodusport.fr\/blog\/wp-json\/wp\/v2\/media?parent=70429"}],"wp:term":[{"taxonomy":"category","embeddable":true,"href":"https:\/\/dicodusport.fr\/blog\/wp-json\/wp\/v2\/categories?post=70429"},{"taxonomy":"post_tag","embeddable":true,"href":"https:\/\/dicodusport.fr\/blog\/wp-json\/wp\/v2\/tags?post=70429"}],"curies":[{"name":"wp","href":"https:\/\/api.w.org\/{rel}","templated":true}]}}