{"id":70686,"date":"2020-07-03T18:24:55","date_gmt":"2020-07-03T16:24:55","guid":{"rendered":"http:\/\/dicodusport.fr\/blog\/?p=70686&#038;preview=true&#038;preview_id=70686"},"modified":"2020-07-04T16:52:03","modified_gmt":"2020-07-04T14:52:03","slug":"nairo-quintana-percute-voiture-entrainement","status":"publish","type":"post","link":"https:\/\/dicodusport.fr\/blog\/nairo-quintana-percute-voiture-entrainement\/","title":{"rendered":"Nairo Quintana percut\u00e9 par une voiture \u00e0 l&rsquo;entra\u00eenement"},"content":{"rendered":"<p style=\"text-align: justify;\"><strong><em>CYCLISME &#8211; Nairo Quintana, leader de l&rsquo;\u00e9quipe Ark\u00e9a-Samsic, a \u00e9t\u00e9 percut\u00e9 \u00e0 l&rsquo;entra\u00eenement aujourd&rsquo;hui, alors qu&rsquo;il roulait en Colombie.\u00a0<\/em><\/strong><\/p>\n<p style=\"text-align: justify;\">Le champion colombien <a href=\"https:\/\/dicodusport.fr\/blog\/tag\/nairo-quintana\/\" target=\"_blank\" rel=\"noopener noreferrer\"><strong>Nairo Quintana<\/strong><\/a> a \u00e9t\u00e9 percut\u00e9 par un automobiliste pendant qu&rsquo;il faisait son entra\u00eenement du jour, en Colombie. Selon les autorit\u00e9s du pays, c&rsquo;est le conducteur de la voiture qui serait en tort. Si on ne conna\u00eet pas encore les cons\u00e9quences de cet accident, <strong>Emmanuel Hubert<\/strong>, manager g\u00e9n\u00e9ral de son \u00e9quipe, s&rsquo;est expliqu\u00e9 dans les colonnes de <a href=\"https:\/\/www.ouest-france.fr\/sport\/cyclisme\/arkea-samsic\/cyclisme-nairo-quintana-heurte-par-une-voiture-a-l-entrainement-6893198\" target=\"_blank\" rel=\"noopener noreferrer\"><em>Ouest-France<\/em><\/a>.<\/p>\n<blockquote>\n<p style=\"text-align: justify;\">C\u2019est un automobiliste qui l\u2019a touch\u00e9, et Nairo a chut\u00e9 de suite. (&#8230;) C\u2019est le genou qui a pris plein pot. Il \u00e9tait un peu sous le choc et abattu car il est bien conscient d\u2019\u00eatre dans une forme exceptionnelle<\/p>\n<\/blockquote>\n<blockquote class=\"twitter-tweet\">\n<p dir=\"ltr\" lang=\"fr\">Nairo Quintana a \u00e9t\u00e9 percut\u00e9 par un v\u00e9hicule a l\u2019entra\u00eenement, nous vous donnerons d\u00e8s que possible de plus amples informations sur son \u00e9tat de sant\u00e9<\/p>\n<p>Nairo fue atropellado por un coche hoy durante su entrenamiento<br \/>\nLe daremos lo antes posible m\u00e1s informaci\u00f3n sobre su salud <a href=\"https:\/\/t.co\/j1NEtC0EVq\">pic.twitter.com\/j1NEtC0EVq<\/a><\/p>\n<p>\u2014 Team Ark\u00e9a Samsic (@Arkea_Samsic) <a href=\"https:\/\/twitter.com\/Arkea_Samsic\/status\/1279068338963001345?ref_src=twsrc%5Etfw\">July 3, 2020<\/a><\/p><\/blockquote>\n<p><script async src=\"https:\/\/platform.twitter.com\/widgets.js\" charset=\"utf-8\"><\/script><\/p>\n<p style=\"text-align: justify;\"><strong><em>Dicodusport<br \/>\n<a href=\"https:\/\/www.facebook.com\/dicodusport\/\" target=\"_blank\" rel=\"noopener noreferrer\"><img loading=\"lazy\" decoding=\"async\" class=\"alignnone wp-image-2909\" src=\"http:\/\/dicodusport.fr\/blog\/wp-content\/uploads\/2017\/07\/logo-facebook-150x150.png\" alt=\"\" width=\"40\" height=\"40\" \/><\/a><a href=\"https:\/\/twitter.com\/dicodusport\" target=\"_blank\" rel=\"noopener noreferrer\"><img loading=\"lazy\" decoding=\"async\" class=\"alignnone wp-image-2908\" src=\"http:\/\/dicodusport.fr\/blog\/wp-content\/uploads\/2017\/07\/logo-twitter-150x150.png\" alt=\"\" width=\"39\" height=\"39\" \/><\/a><\/em><\/strong><\/p>\n","protected":false},"excerpt":{"rendered":"<p>Nairo Quintana, leader de l&rsquo;\u00e9quipe Arkea, a \u00e9t\u00e9 percut\u00e9 \u00e0 l&rsquo;entra\u00eenement aujourd&rsquo;hui alors qu&rsquo;il roulait en Colombie.\u00a0<\/p>\n","protected":false},"author":1,"featured_media":70690,"comment_status":"open","ping_status":"closed","sticky":false,"template":"","format":"standard","meta":{"_acf_changed":false,"_daextam_enable_autolinks":"","footnotes":""},"categories":[2307],"tags":[7045,5377,9451],"class_list":["post-70686","post","type-post","status-publish","format-standard","has-post-thumbnail","hentry","category-cyclisme","tag-arkea-samsic","tag-nairo-quintana","tag-quintana"],"acf":[],"yoast_head":"<!-- This site is optimized with the Yoast SEO Premium plugin v26.7 (Yoast SEO v26.7) - https:\/\/yoast.com\/wordpress\/plugins\/seo\/ -->\n<title>Nairo Quintana percut\u00e9 par une voiture \u00e0 l&#039;entra\u00eenement<\/title>\n<meta name=\"description\" content=\"CYCLISME - Nairo Quintana, leader de l&#039;\u00e9quipe Ark\u00e9a-Samsic, a \u00e9t\u00e9 percut\u00e9 \u00e0 l&#039;entra\u00eenement aujourd&#039;hui, alors qu&#039;il roulait en Colombie.\u00a0\u00a0\" \/>\n<meta name=\"robots\" content=\"index, follow, max-snippet:-1, max-image-preview:large, max-video-preview:-1\" \/>\n<link rel=\"canonical\" href=\"https:\/\/dicodusport.fr\/blog\/nairo-quintana-percute-voiture-entrainement\/\" \/>\n<meta property=\"og:locale\" content=\"fr_FR\" \/>\n<meta property=\"og:type\" content=\"article\" \/>\n<meta property=\"og:title\" content=\"Nairo Quintana percut\u00e9 par une voiture \u00e0 l&#039;entra\u00eenement\" \/>\n<meta property=\"og:description\" content=\"CYCLISME - Nairo Quintana, leader de l&#039;\u00e9quipe Ark\u00e9a-Samsic, a \u00e9t\u00e9 percut\u00e9 \u00e0 l&#039;entra\u00eenement aujourd&#039;hui, alors qu&#039;il roulait en Colombie.\u00a0\u00a0\" \/>\n<meta property=\"og:url\" content=\"https:\/\/dicodusport.fr\/blog\/nairo-quintana-percute-voiture-entrainement\/\" \/>\n<meta property=\"og:site_name\" content=\"Dicodusport\" \/>\n<meta property=\"article:publisher\" content=\"https:\/\/www.facebook.com\/dicodusport\" \/>\n<meta property=\"article:author\" content=\"https:\/\/www.facebook.com\/dicodusport\" \/>\n<meta property=\"article:published_time\" content=\"2020-07-03T16:24:55+00:00\" \/>\n<meta property=\"article:modified_time\" content=\"2020-07-04T14:52:03+00:00\" \/>\n<meta property=\"og:image\" content=\"https:\/\/dicodusport.fr\/blog\/wp-content\/uploads\/2020\/07\/Nairo-Quintana-percut\u00e9-par-une-voiture-\u00e0-lentra\u00eenement.png\" \/>\n\t<meta property=\"og:image:width\" content=\"800\" \/>\n\t<meta property=\"og:image:height\" content=\"445\" \/>\n\t<meta property=\"og:image:type\" content=\"image\/png\" \/>\n<meta name=\"author\" content=\"Nicolas Jacquemard\" \/>\n<meta name=\"twitter:card\" content=\"summary_large_image\" \/>\n<meta name=\"twitter:title\" content=\"Nairo Quintana percut\u00e9 par une voiture \u00e0 l&#039;entra\u00eenement\" \/>\n<meta name=\"twitter:creator\" content=\"@https:\/\/twitter.com\/Nico_Jacquemard\" \/>\n<meta name=\"twitter:site\" content=\"@dicodusport\" \/>\n<script type=\"application\/ld+json\" class=\"yoast-schema-graph\">{\"@context\":\"https:\/\/schema.org\",\"@graph\":[{\"@type\":\"NewsArticle\",\"@id\":\"https:\/\/dicodusport.fr\/blog\/nairo-quintana-percute-voiture-entrainement\/#article\",\"isPartOf\":{\"@id\":\"https:\/\/dicodusport.fr\/blog\/nairo-quintana-percute-voiture-entrainement\/\"},\"author\":{\"name\":\"Nicolas Jacquemard\",\"@id\":\"https:\/\/dicodusport.fr\/blog\/#\/schema\/person\/55dcb50ad410894e431ed812bbb70191\"},\"headline\":\"Nairo Quintana percut\u00e9 par une voiture \u00e0 l&rsquo;entra\u00eenement\",\"datePublished\":\"2020-07-03T16:24:55+00:00\",\"dateModified\":\"2020-07-04T14:52:03+00:00\",\"mainEntityOfPage\":{\"@id\":\"https:\/\/dicodusport.fr\/blog\/nairo-quintana-percute-voiture-entrainement\/\"},\"wordCount\":210,\"commentCount\":0,\"publisher\":{\"@id\":\"https:\/\/dicodusport.fr\/blog\/#organization\"},\"image\":{\"@id\":\"https:\/\/dicodusport.fr\/blog\/nairo-quintana-percute-voiture-entrainement\/#primaryimage\"},\"thumbnailUrl\":\"https:\/\/dicodusport.fr\/blog\/wp-content\/uploads\/2020\/07\/Nairo-Quintana-percut\u00e9-par-une-voiture-\u00e0-lentra\u00eenement.png\",\"keywords\":[\"Arkea-Samsic\",\"Nairo Quintana\",\"Quintana\"],\"articleSection\":[\"Cyclisme\"],\"inLanguage\":\"fr-FR\",\"potentialAction\":[{\"@type\":\"CommentAction\",\"name\":\"Comment\",\"target\":[\"https:\/\/dicodusport.fr\/blog\/nairo-quintana-percute-voiture-entrainement\/#respond\"]}],\"copyrightYear\":\"2020\",\"copyrightHolder\":{\"@id\":\"https:\/\/dicodusport.fr\/blog\/#organization\"}},{\"@type\":\"WebPage\",\"@id\":\"https:\/\/dicodusport.fr\/blog\/nairo-quintana-percute-voiture-entrainement\/\",\"url\":\"https:\/\/dicodusport.fr\/blog\/nairo-quintana-percute-voiture-entrainement\/\",\"name\":\"Nairo Quintana percut\u00e9 par une voiture \u00e0 l'entra\u00eenement\",\"isPartOf\":{\"@id\":\"https:\/\/dicodusport.fr\/blog\/#website\"},\"primaryImageOfPage\":{\"@id\":\"https:\/\/dicodusport.fr\/blog\/nairo-quintana-percute-voiture-entrainement\/#primaryimage\"},\"image\":{\"@id\":\"https:\/\/dicodusport.fr\/blog\/nairo-quintana-percute-voiture-entrainement\/#primaryimage\"},\"thumbnailUrl\":\"https:\/\/dicodusport.fr\/blog\/wp-content\/uploads\/2020\/07\/Nairo-Quintana-percut\u00e9-par-une-voiture-\u00e0-lentra\u00eenement.png\",\"datePublished\":\"2020-07-03T16:24:55+00:00\",\"dateModified\":\"2020-07-04T14:52:03+00:00\",\"description\":\"CYCLISME - Nairo Quintana, leader de l'\u00e9quipe Ark\u00e9a-Samsic, a \u00e9t\u00e9 percut\u00e9 \u00e0 l'entra\u00eenement aujourd'hui, alors qu'il roulait en Colombie.\u00a0\u00a0\",\"breadcrumb\":{\"@id\":\"https:\/\/dicodusport.fr\/blog\/nairo-quintana-percute-voiture-entrainement\/#breadcrumb\"},\"inLanguage\":\"fr-FR\",\"potentialAction\":[{\"@type\":\"ReadAction\",\"target\":[\"https:\/\/dicodusport.fr\/blog\/nairo-quintana-percute-voiture-entrainement\/\"]}]},{\"@type\":\"ImageObject\",\"inLanguage\":\"fr-FR\",\"@id\":\"https:\/\/dicodusport.fr\/blog\/nairo-quintana-percute-voiture-entrainement\/#primaryimage\",\"url\":\"https:\/\/dicodusport.fr\/blog\/wp-content\/uploads\/2020\/07\/Nairo-Quintana-percut\u00e9-par-une-voiture-\u00e0-lentra\u00eenement.png\",\"contentUrl\":\"https:\/\/dicodusport.fr\/blog\/wp-content\/uploads\/2020\/07\/Nairo-Quintana-percut\u00e9-par-une-voiture-\u00e0-lentra\u00eenement.png\",\"width\":800,\"height\":445,\"caption\":\"Nairo Quintana percut\u00e9 par une voiture \u00e0 l'entra\u00eenement\"},{\"@type\":\"BreadcrumbList\",\"@id\":\"https:\/\/dicodusport.fr\/blog\/nairo-quintana-percute-voiture-entrainement\/#breadcrumb\",\"itemListElement\":[{\"@type\":\"ListItem\",\"position\":1,\"name\":\"Accueil\",\"item\":\"https:\/\/dicodusport.fr\/blog\/\"},{\"@type\":\"ListItem\",\"position\":2,\"name\":\"Nairo Quintana percut\u00e9 par une voiture \u00e0 l&rsquo;entra\u00eenement\"}]},{\"@type\":\"WebSite\",\"@id\":\"https:\/\/dicodusport.fr\/blog\/#website\",\"url\":\"https:\/\/dicodusport.fr\/blog\/\",\"name\":\"Dicodusport\",\"description\":\"L&#039;encyclop\u00e9die de l&#039;actualit\u00e9 sportive\",\"publisher\":{\"@id\":\"https:\/\/dicodusport.fr\/blog\/#organization\"},\"potentialAction\":[{\"@type\":\"SearchAction\",\"target\":{\"@type\":\"EntryPoint\",\"urlTemplate\":\"https:\/\/dicodusport.fr\/blog\/?s={search_term_string}\"},\"query-input\":{\"@type\":\"PropertyValueSpecification\",\"valueRequired\":true,\"valueName\":\"search_term_string\"}}],\"inLanguage\":\"fr-FR\"},{\"@type\":\"NewsMediaOrganization\",\"@id\":\"https:\/\/dicodusport.fr\/blog\/#organization\",\"name\":\"Dicodusport\",\"url\":\"https:\/\/dicodusport.fr\/blog\/\",\"logo\":{\"@type\":\"ImageObject\",\"inLanguage\":\"fr-FR\",\"@id\":\"https:\/\/dicodusport.fr\/blog\/#\/schema\/logo\/image\/\",\"url\":\"https:\/\/dicodusport.fr\/blog\/wp-content\/uploads\/2020\/06\/cropped-LOGO-DICODUSPORT-2020-SANS-FOND-SANS-TEXTE.png\",\"contentUrl\":\"https:\/\/dicodusport.fr\/blog\/wp-content\/uploads\/2020\/06\/cropped-LOGO-DICODUSPORT-2020-SANS-FOND-SANS-TEXTE.png\",\"width\":512,\"height\":512,\"caption\":\"Dicodusport\"},\"image\":{\"@id\":\"https:\/\/dicodusport.fr\/blog\/#\/schema\/logo\/image\/\"},\"sameAs\":[\"https:\/\/www.facebook.com\/dicodusport\",\"https:\/\/x.com\/dicodusport\",\"https:\/\/www.instagram.com\/dicodusport\/\",\"https:\/\/www.youtube.com\/channel\/UC7V2KZ5sd3htJivAbA4ZG3w\"],\"description\":\"Dicodusport est l'encyclop\u00e9die de l'actualit\u00e9 sportive.\",\"email\":\"bonjour@dicodusport.fr\",\"legalName\":\"DICODUSPORT\",\"foundingDate\":\"2018-01-14\",\"vatID\":\"FR71834470973\",\"taxID\":\"83447097300043\",\"numberOfEmployees\":{\"@type\":\"QuantitativeValue\",\"minValue\":\"1\",\"maxValue\":\"10\"}},{\"@type\":\"Person\",\"@id\":\"https:\/\/dicodusport.fr\/blog\/#\/schema\/person\/55dcb50ad410894e431ed812bbb70191\",\"name\":\"Nicolas Jacquemard\",\"image\":{\"@type\":\"ImageObject\",\"inLanguage\":\"fr-FR\",\"@id\":\"https:\/\/dicodusport.fr\/blog\/#\/schema\/person\/image\/\",\"url\":\"https:\/\/dicodusport.fr\/blog\/wp-content\/uploads\/2021\/05\/Nicolas-Jacquemard-150x150.jpeg\",\"contentUrl\":\"https:\/\/dicodusport.fr\/blog\/wp-content\/uploads\/2021\/05\/Nicolas-Jacquemard-150x150.jpeg\",\"caption\":\"Nicolas Jacquemard\"},\"description\":\"Passionn\u00e9 de sport et entrepreneur depuis mes 18 ans, la cr\u00e9ation de Dicodusport m'a sembl\u00e9 \u00e9vidente pour participer \u00e0 la m\u00e9diatisation d'un plus grand nombre de sports. Le chemin est long mais avec une \u00e9quipe des plus motiv\u00e9es et les Jeux Olympiques de Paris 2024 en point de mire, nous y arriverons ! Journaliste dans le monde du sport depuis plus de 5 ans, je traite aussi bien de football, de rugby, de biathlon que de cyclisme.\",\"sameAs\":[\"https:\/\/www.facebook.com\/dicodusport\",\"https:\/\/x.com\/https:\/\/twitter.com\/Nico_Jacquemard\"],\"url\":\"https:\/\/dicodusport.fr\/blog\/author\/dicodusport\/\"}]}<\/script>\n<!-- \/ Yoast SEO Premium plugin. -->","yoast_head_json":{"title":"Nairo Quintana percut\u00e9 par une voiture \u00e0 l'entra\u00eenement","description":"CYCLISME - Nairo Quintana, leader de l'\u00e9quipe Ark\u00e9a-Samsic, a \u00e9t\u00e9 percut\u00e9 \u00e0 l'entra\u00eenement aujourd'hui, alors qu'il roulait en Colombie.\u00a0\u00a0","robots":{"index":"index","follow":"follow","max-snippet":"max-snippet:-1","max-image-preview":"max-image-preview:large","max-video-preview":"max-video-preview:-1"},"canonical":"https:\/\/dicodusport.fr\/blog\/nairo-quintana-percute-voiture-entrainement\/","og_locale":"fr_FR","og_type":"article","og_title":"Nairo Quintana percut\u00e9 par une voiture \u00e0 l'entra\u00eenement","og_description":"CYCLISME - Nairo Quintana, leader de l'\u00e9quipe Ark\u00e9a-Samsic, a \u00e9t\u00e9 percut\u00e9 \u00e0 l'entra\u00eenement aujourd'hui, alors qu'il roulait en Colombie.\u00a0\u00a0","og_url":"https:\/\/dicodusport.fr\/blog\/nairo-quintana-percute-voiture-entrainement\/","og_site_name":"Dicodusport","article_publisher":"https:\/\/www.facebook.com\/dicodusport","article_author":"https:\/\/www.facebook.com\/dicodusport","article_published_time":"2020-07-03T16:24:55+00:00","article_modified_time":"2020-07-04T14:52:03+00:00","og_image":[{"width":800,"height":445,"url":"https:\/\/dicodusport.fr\/blog\/wp-content\/uploads\/2020\/07\/Nairo-Quintana-percut\u00e9-par-une-voiture-\u00e0-lentra\u00eenement.png","type":"image\/png"}],"author":"Nicolas Jacquemard","twitter_card":"summary_large_image","twitter_title":"Nairo Quintana percut\u00e9 par une voiture \u00e0 l'entra\u00eenement","twitter_creator":"@https:\/\/twitter.com\/Nico_Jacquemard","twitter_site":"@dicodusport","schema":{"@context":"https:\/\/schema.org","@graph":[{"@type":"NewsArticle","@id":"https:\/\/dicodusport.fr\/blog\/nairo-quintana-percute-voiture-entrainement\/#article","isPartOf":{"@id":"https:\/\/dicodusport.fr\/blog\/nairo-quintana-percute-voiture-entrainement\/"},"author":{"name":"Nicolas Jacquemard","@id":"https:\/\/dicodusport.fr\/blog\/#\/schema\/person\/55dcb50ad410894e431ed812bbb70191"},"headline":"Nairo Quintana percut\u00e9 par une voiture \u00e0 l&rsquo;entra\u00eenement","datePublished":"2020-07-03T16:24:55+00:00","dateModified":"2020-07-04T14:52:03+00:00","mainEntityOfPage":{"@id":"https:\/\/dicodusport.fr\/blog\/nairo-quintana-percute-voiture-entrainement\/"},"wordCount":210,"commentCount":0,"publisher":{"@id":"https:\/\/dicodusport.fr\/blog\/#organization"},"image":{"@id":"https:\/\/dicodusport.fr\/blog\/nairo-quintana-percute-voiture-entrainement\/#primaryimage"},"thumbnailUrl":"https:\/\/dicodusport.fr\/blog\/wp-content\/uploads\/2020\/07\/Nairo-Quintana-percut\u00e9-par-une-voiture-\u00e0-lentra\u00eenement.png","keywords":["Arkea-Samsic","Nairo Quintana","Quintana"],"articleSection":["Cyclisme"],"inLanguage":"fr-FR","potentialAction":[{"@type":"CommentAction","name":"Comment","target":["https:\/\/dicodusport.fr\/blog\/nairo-quintana-percute-voiture-entrainement\/#respond"]}],"copyrightYear":"2020","copyrightHolder":{"@id":"https:\/\/dicodusport.fr\/blog\/#organization"}},{"@type":"WebPage","@id":"https:\/\/dicodusport.fr\/blog\/nairo-quintana-percute-voiture-entrainement\/","url":"https:\/\/dicodusport.fr\/blog\/nairo-quintana-percute-voiture-entrainement\/","name":"Nairo Quintana percut\u00e9 par une voiture \u00e0 l'entra\u00eenement","isPartOf":{"@id":"https:\/\/dicodusport.fr\/blog\/#website"},"primaryImageOfPage":{"@id":"https:\/\/dicodusport.fr\/blog\/nairo-quintana-percute-voiture-entrainement\/#primaryimage"},"image":{"@id":"https:\/\/dicodusport.fr\/blog\/nairo-quintana-percute-voiture-entrainement\/#primaryimage"},"thumbnailUrl":"https:\/\/dicodusport.fr\/blog\/wp-content\/uploads\/2020\/07\/Nairo-Quintana-percut\u00e9-par-une-voiture-\u00e0-lentra\u00eenement.png","datePublished":"2020-07-03T16:24:55+00:00","dateModified":"2020-07-04T14:52:03+00:00","description":"CYCLISME - Nairo Quintana, leader de l'\u00e9quipe Ark\u00e9a-Samsic, a \u00e9t\u00e9 percut\u00e9 \u00e0 l'entra\u00eenement aujourd'hui, alors qu'il roulait en Colombie.\u00a0\u00a0","breadcrumb":{"@id":"https:\/\/dicodusport.fr\/blog\/nairo-quintana-percute-voiture-entrainement\/#breadcrumb"},"inLanguage":"fr-FR","potentialAction":[{"@type":"ReadAction","target":["https:\/\/dicodusport.fr\/blog\/nairo-quintana-percute-voiture-entrainement\/"]}]},{"@type":"ImageObject","inLanguage":"fr-FR","@id":"https:\/\/dicodusport.fr\/blog\/nairo-quintana-percute-voiture-entrainement\/#primaryimage","url":"https:\/\/dicodusport.fr\/blog\/wp-content\/uploads\/2020\/07\/Nairo-Quintana-percut\u00e9-par-une-voiture-\u00e0-lentra\u00eenement.png","contentUrl":"https:\/\/dicodusport.fr\/blog\/wp-content\/uploads\/2020\/07\/Nairo-Quintana-percut\u00e9-par-une-voiture-\u00e0-lentra\u00eenement.png","width":800,"height":445,"caption":"Nairo Quintana percut\u00e9 par une voiture \u00e0 l'entra\u00eenement"},{"@type":"BreadcrumbList","@id":"https:\/\/dicodusport.fr\/blog\/nairo-quintana-percute-voiture-entrainement\/#breadcrumb","itemListElement":[{"@type":"ListItem","position":1,"name":"Accueil","item":"https:\/\/dicodusport.fr\/blog\/"},{"@type":"ListItem","position":2,"name":"Nairo Quintana percut\u00e9 par une voiture \u00e0 l&rsquo;entra\u00eenement"}]},{"@type":"WebSite","@id":"https:\/\/dicodusport.fr\/blog\/#website","url":"https:\/\/dicodusport.fr\/blog\/","name":"Dicodusport","description":"L&#039;encyclop\u00e9die de l&#039;actualit\u00e9 sportive","publisher":{"@id":"https:\/\/dicodusport.fr\/blog\/#organization"},"potentialAction":[{"@type":"SearchAction","target":{"@type":"EntryPoint","urlTemplate":"https:\/\/dicodusport.fr\/blog\/?s={search_term_string}"},"query-input":{"@type":"PropertyValueSpecification","valueRequired":true,"valueName":"search_term_string"}}],"inLanguage":"fr-FR"},{"@type":"NewsMediaOrganization","@id":"https:\/\/dicodusport.fr\/blog\/#organization","name":"Dicodusport","url":"https:\/\/dicodusport.fr\/blog\/","logo":{"@type":"ImageObject","inLanguage":"fr-FR","@id":"https:\/\/dicodusport.fr\/blog\/#\/schema\/logo\/image\/","url":"https:\/\/dicodusport.fr\/blog\/wp-content\/uploads\/2020\/06\/cropped-LOGO-DICODUSPORT-2020-SANS-FOND-SANS-TEXTE.png","contentUrl":"https:\/\/dicodusport.fr\/blog\/wp-content\/uploads\/2020\/06\/cropped-LOGO-DICODUSPORT-2020-SANS-FOND-SANS-TEXTE.png","width":512,"height":512,"caption":"Dicodusport"},"image":{"@id":"https:\/\/dicodusport.fr\/blog\/#\/schema\/logo\/image\/"},"sameAs":["https:\/\/www.facebook.com\/dicodusport","https:\/\/x.com\/dicodusport","https:\/\/www.instagram.com\/dicodusport\/","https:\/\/www.youtube.com\/channel\/UC7V2KZ5sd3htJivAbA4ZG3w"],"description":"Dicodusport est l'encyclop\u00e9die de l'actualit\u00e9 sportive.","email":"bonjour@dicodusport.fr","legalName":"DICODUSPORT","foundingDate":"2018-01-14","vatID":"FR71834470973","taxID":"83447097300043","numberOfEmployees":{"@type":"QuantitativeValue","minValue":"1","maxValue":"10"}},{"@type":"Person","@id":"https:\/\/dicodusport.fr\/blog\/#\/schema\/person\/55dcb50ad410894e431ed812bbb70191","name":"Nicolas Jacquemard","image":{"@type":"ImageObject","inLanguage":"fr-FR","@id":"https:\/\/dicodusport.fr\/blog\/#\/schema\/person\/image\/","url":"https:\/\/dicodusport.fr\/blog\/wp-content\/uploads\/2021\/05\/Nicolas-Jacquemard-150x150.jpeg","contentUrl":"https:\/\/dicodusport.fr\/blog\/wp-content\/uploads\/2021\/05\/Nicolas-Jacquemard-150x150.jpeg","caption":"Nicolas Jacquemard"},"description":"Passionn\u00e9 de sport et entrepreneur depuis mes 18 ans, la cr\u00e9ation de Dicodusport m'a sembl\u00e9 \u00e9vidente pour participer \u00e0 la m\u00e9diatisation d'un plus grand nombre de sports. Le chemin est long mais avec une \u00e9quipe des plus motiv\u00e9es et les Jeux Olympiques de Paris 2024 en point de mire, nous y arriverons ! Journaliste dans le monde du sport depuis plus de 5 ans, je traite aussi bien de football, de rugby, de biathlon que de cyclisme.","sameAs":["https:\/\/www.facebook.com\/dicodusport","https:\/\/x.com\/https:\/\/twitter.com\/Nico_Jacquemard"],"url":"https:\/\/dicodusport.fr\/blog\/author\/dicodusport\/"}]}},"_links":{"self":[{"href":"https:\/\/dicodusport.fr\/blog\/wp-json\/wp\/v2\/posts\/70686","targetHints":{"allow":["GET"]}}],"collection":[{"href":"https:\/\/dicodusport.fr\/blog\/wp-json\/wp\/v2\/posts"}],"about":[{"href":"https:\/\/dicodusport.fr\/blog\/wp-json\/wp\/v2\/types\/post"}],"author":[{"embeddable":true,"href":"https:\/\/dicodusport.fr\/blog\/wp-json\/wp\/v2\/users\/1"}],"replies":[{"embeddable":true,"href":"https:\/\/dicodusport.fr\/blog\/wp-json\/wp\/v2\/comments?post=70686"}],"version-history":[{"count":0,"href":"https:\/\/dicodusport.fr\/blog\/wp-json\/wp\/v2\/posts\/70686\/revisions"}],"wp:featuredmedia":[{"embeddable":true,"href":"https:\/\/dicodusport.fr\/blog\/wp-json\/wp\/v2\/media\/70690"}],"wp:attachment":[{"href":"https:\/\/dicodusport.fr\/blog\/wp-json\/wp\/v2\/media?parent=70686"}],"wp:term":[{"taxonomy":"category","embeddable":true,"href":"https:\/\/dicodusport.fr\/blog\/wp-json\/wp\/v2\/categories?post=70686"},{"taxonomy":"post_tag","embeddable":true,"href":"https:\/\/dicodusport.fr\/blog\/wp-json\/wp\/v2\/tags?post=70686"}],"curies":[{"name":"wp","href":"https:\/\/api.w.org\/{rel}","templated":true}]}}