{"id":70935,"date":"2020-07-06T20:08:33","date_gmt":"2020-07-06T18:08:33","guid":{"rendered":"http:\/\/dicodusport.fr\/blog\/?p=70935&#038;preview=true&#038;preview_id=70935"},"modified":"2020-07-06T20:24:31","modified_gmt":"2020-07-06T18:24:31","slug":"tour-de-france-il-y-a-6-ans-vincenzo-nibali-frappait-premiere-fois-sheffield","status":"publish","type":"post","link":"https:\/\/dicodusport.fr\/blog\/tour-de-france-il-y-a-6-ans-vincenzo-nibali-frappait-premiere-fois-sheffield\/","title":{"rendered":"Tour de France : Il y a 6 ans, Vincenzo Nibali frappait une premi\u00e8re fois \u00e0 Sheffield"},"content":{"rendered":"<p style=\"text-align: justify;\"><em><b>TOUR DE FRANCE \u2013 Durant une bonne partie du mois de juillet, on vous propose de jeter un \u0153il dans le r\u00e9tro de la Grande Boucle. Il y a six ans jour pour jour, Vincenzo Nibali (Astana) s&rsquo;imposait dans les rues de Sheffield, th\u00e9\u00e2tre de l&rsquo;arriv\u00e9e de la 2\u00e8me \u00e9tape du <a href=\"https:\/\/dicodusport.fr\/blog\/quiz-cyclisme-retrouvez-20-premiers-au-general-tour-de-france-2014\/\" target=\"_blank\" rel=\"noopener noreferrer\">Tour de France 2014<\/a>.<\/b><\/em><\/p>\n<p style=\"text-align: justify;\">Le premier acte du sacre du <em>Requin de Messine<\/em>. Ce 6 juillet 2014, sur un parcours escarp\u00e9 entre York et Sheffield, <strong>Vincenzo Nibali<\/strong> (Astana), maillot de champion d&rsquo;Italie sur le dos, mord une premi\u00e8re fois. Apr\u00e8s une derni\u00e8re difficult\u00e9 \u00e0 5 km de l&rsquo;arriv\u00e9e, la redoutable Jenkin Road et ses passages \u00e0 plus de 20 %, le peloton est \u00e9parpill\u00e9 fa\u00e7on puzzle. La faute notamment \u00e0 une offensive d&rsquo;un certain <strong>Chris Froome<\/strong> (Sky) dans les pentes les plus raides. Mais c&rsquo;est \u00e0 moins de deux kilom\u00e8tres de la ligne que l&rsquo;issue de l&rsquo;\u00e9tape se joue.<\/p>\n<p style=\"text-align: justify;\"><strong>Vincenzo Nibali<\/strong> lance alors une attaque incisive. Derri\u00e8re, les autres cadors se regardent en chiens de fa\u00efence. Plus personne ne reverra l&rsquo;Italien d&rsquo;Astana, qui endosse par la m\u00eame occasion le maillot jaune de leader. La suite, on la conna\u00eet. <strong>Froome<\/strong> et <strong>Contador<\/strong> out, <em>Lo Squalo<\/em> sera en d\u00e9monstration dans les Alpes et les Pyr\u00e9n\u00e9es. Du grand art.<\/p>\n<p><strong>PS : C&rsquo;est encore mieux avec les commentaires italiens<\/strong><\/p>\n<p><span class=\"ksx2JQ5Cg\"><iframe loading=\"lazy\" title=\"Tour de France 2014  Stage 1\" width=\"740\" height=\"416\" src=\"https:\/\/www.youtube.com\/embed\/Gs0bxDEDkf8?feature=oembed\" frameborder=\"0\" allow=\"accelerometer; autoplay; clipboard-write; encrypted-media; gyroscope; picture-in-picture; web-share\" allowfullscreen><\/iframe><\/span><\/p>\n<p><strong><em>Dicodusport<br \/>\n<a href=\"https:\/\/www.facebook.com\/dicodusport\/\" target=\"_blank\" rel=\"noopener noreferrer\"><img loading=\"lazy\" decoding=\"async\" class=\"alignnone wp-image-2909\" src=\"http:\/\/dicodusport.fr\/blog\/wp-content\/uploads\/2017\/07\/logo-facebook-150x150.png\" alt=\"\" width=\"40\" height=\"40\" \/><\/a><a href=\"https:\/\/twitter.com\/dicodusport\" target=\"_blank\" rel=\"noopener noreferrer\"><img loading=\"lazy\" decoding=\"async\" class=\"alignnone wp-image-2908\" src=\"http:\/\/dicodusport.fr\/blog\/wp-content\/uploads\/2017\/07\/logo-twitter-150x150.png\" alt=\"\" width=\"39\" height=\"39\" \/><\/a><\/em><\/strong><\/p>\n","protected":false},"excerpt":{"rendered":"<p>TOUR DE FRANCE \u2013 Durant une bonne partie du mois de juillet, on vous propose de jeter un \u0153il dans le r\u00e9tro de la Grande Boucle. Il y a six ans jour pour jour, Vincenzo Nibali (Astana) s&rsquo;imposait dans les rues de Sheffield, th\u00e9\u00e2tre de l&rsquo;arriv\u00e9e de la 2\u00e8me \u00e9tape du Tour de France 2014.<\/p>\n","protected":false},"author":4,"featured_media":70948,"comment_status":"open","ping_status":"closed","sticky":false,"template":"","format":"standard","meta":{"_acf_changed":false,"_daextam_enable_autolinks":"","footnotes":""},"categories":[2307],"tags":[4198],"class_list":["post-70935","post","type-post","status-publish","format-standard","has-post-thumbnail","hentry","category-cyclisme","tag-vincenzo-nibali"],"acf":[],"yoast_head":"<!-- This site is optimized with the Yoast SEO Premium plugin v26.7 (Yoast SEO v26.7) - https:\/\/yoast.com\/wordpress\/plugins\/seo\/ -->\n<title>Tour de France : Il y a 6 ans, Vincenzo Nibali frappait une premi\u00e8re fois \u00e0 Sheffield<\/title>\n<meta name=\"description\" content=\"TOUR DE FRANCE \u2013 Il y a six ans jour pour jour, Vincenzo Nibali (Astana) s&#039;imposait dans les rues de Sheffield, th\u00e9\u00e2tre de l&#039;arriv\u00e9e de la 2\u00e8me \u00e9tape du Tour de France 2014.\" \/>\n<meta name=\"robots\" content=\"index, follow, max-snippet:-1, max-image-preview:large, max-video-preview:-1\" \/>\n<link rel=\"canonical\" href=\"https:\/\/dicodusport.fr\/blog\/tour-de-france-il-y-a-6-ans-vincenzo-nibali-frappait-premiere-fois-sheffield\/\" \/>\n<meta property=\"og:locale\" content=\"fr_FR\" \/>\n<meta property=\"og:type\" content=\"article\" \/>\n<meta property=\"og:title\" content=\"Tour de France : Il y a 6 ans, Nibali frappait une premi\u00e8re fois \u00e0 Sheffield\" \/>\n<meta property=\"og:description\" content=\"TOUR DE FRANCE \u2013 Il y a six ans jour pour jour, Vincenzo Nibali (Astana) s&#039;imposait dans les rues de Sheffield, th\u00e9\u00e2tre de l&#039;arriv\u00e9e de la 2\u00e8me \u00e9tape du Tour de France 2014.\" \/>\n<meta property=\"og:url\" content=\"https:\/\/dicodusport.fr\/blog\/tour-de-france-il-y-a-6-ans-vincenzo-nibali-frappait-premiere-fois-sheffield\/\" \/>\n<meta property=\"og:site_name\" content=\"Dicodusport\" \/>\n<meta property=\"article:publisher\" content=\"https:\/\/www.facebook.com\/dicodusport\" \/>\n<meta property=\"article:author\" content=\"https:\/\/www.facebook.com\/florent.ostermann\" \/>\n<meta property=\"article:published_time\" content=\"2020-07-06T18:08:33+00:00\" \/>\n<meta property=\"article:modified_time\" content=\"2020-07-06T18:24:31+00:00\" \/>\n<meta property=\"og:image\" content=\"https:\/\/dicodusport.fr\/blog\/wp-content\/uploads\/2020\/07\/Tour-de-France-Il-y-a-6-ans-Vincenzo-Nibali-frappait-une-premi\u00e8re-fois-\u00e0-Sheffield.png\" \/>\n\t<meta property=\"og:image:width\" content=\"800\" \/>\n\t<meta property=\"og:image:height\" content=\"445\" \/>\n\t<meta property=\"og:image:type\" content=\"image\/png\" \/>\n<meta name=\"author\" content=\"Flo Ostermann\" \/>\n<meta name=\"twitter:card\" content=\"summary_large_image\" \/>\n<meta name=\"twitter:title\" content=\"Tour de France : Il y a 6 ans, Nibali frappait une premi\u00e8re fois \u00e0 Sheffield\" \/>\n<meta name=\"twitter:creator\" content=\"@https:\/\/twitter.com\/FlOstermann\" \/>\n<meta name=\"twitter:site\" content=\"@dicodusport\" \/>\n<script type=\"application\/ld+json\" class=\"yoast-schema-graph\">{\"@context\":\"https:\/\/schema.org\",\"@graph\":[{\"@type\":\"NewsArticle\",\"@id\":\"https:\/\/dicodusport.fr\/blog\/tour-de-france-il-y-a-6-ans-vincenzo-nibali-frappait-premiere-fois-sheffield\/#article\",\"isPartOf\":{\"@id\":\"https:\/\/dicodusport.fr\/blog\/tour-de-france-il-y-a-6-ans-vincenzo-nibali-frappait-premiere-fois-sheffield\/\"},\"author\":{\"name\":\"Flo Ostermann\",\"@id\":\"https:\/\/dicodusport.fr\/blog\/#\/schema\/person\/cb02af4c173ce4a653b55e9baf388d4a\"},\"headline\":\"Tour de France : Il y a 6 ans, Vincenzo Nibali frappait une premi\u00e8re fois \u00e0 Sheffield\",\"datePublished\":\"2020-07-06T18:08:33+00:00\",\"dateModified\":\"2020-07-06T18:24:31+00:00\",\"mainEntityOfPage\":{\"@id\":\"https:\/\/dicodusport.fr\/blog\/tour-de-france-il-y-a-6-ans-vincenzo-nibali-frappait-premiere-fois-sheffield\/\"},\"wordCount\":255,\"commentCount\":0,\"publisher\":{\"@id\":\"https:\/\/dicodusport.fr\/blog\/#organization\"},\"image\":{\"@id\":\"https:\/\/dicodusport.fr\/blog\/tour-de-france-il-y-a-6-ans-vincenzo-nibali-frappait-premiere-fois-sheffield\/#primaryimage\"},\"thumbnailUrl\":\"https:\/\/dicodusport.fr\/blog\/wp-content\/uploads\/2020\/07\/Tour-de-France-Il-y-a-6-ans-Vincenzo-Nibali-frappait-une-premi\u00e8re-fois-\u00e0-Sheffield.png\",\"keywords\":[\"Vincenzo Nibali\"],\"articleSection\":[\"Cyclisme\"],\"inLanguage\":\"fr-FR\",\"potentialAction\":[{\"@type\":\"CommentAction\",\"name\":\"Comment\",\"target\":[\"https:\/\/dicodusport.fr\/blog\/tour-de-france-il-y-a-6-ans-vincenzo-nibali-frappait-premiere-fois-sheffield\/#respond\"]}],\"copyrightYear\":\"2020\",\"copyrightHolder\":{\"@id\":\"https:\/\/dicodusport.fr\/blog\/#organization\"}},{\"@type\":\"WebPage\",\"@id\":\"https:\/\/dicodusport.fr\/blog\/tour-de-france-il-y-a-6-ans-vincenzo-nibali-frappait-premiere-fois-sheffield\/\",\"url\":\"https:\/\/dicodusport.fr\/blog\/tour-de-france-il-y-a-6-ans-vincenzo-nibali-frappait-premiere-fois-sheffield\/\",\"name\":\"Tour de France : Il y a 6 ans, Vincenzo Nibali frappait une premi\u00e8re fois \u00e0 Sheffield\",\"isPartOf\":{\"@id\":\"https:\/\/dicodusport.fr\/blog\/#website\"},\"primaryImageOfPage\":{\"@id\":\"https:\/\/dicodusport.fr\/blog\/tour-de-france-il-y-a-6-ans-vincenzo-nibali-frappait-premiere-fois-sheffield\/#primaryimage\"},\"image\":{\"@id\":\"https:\/\/dicodusport.fr\/blog\/tour-de-france-il-y-a-6-ans-vincenzo-nibali-frappait-premiere-fois-sheffield\/#primaryimage\"},\"thumbnailUrl\":\"https:\/\/dicodusport.fr\/blog\/wp-content\/uploads\/2020\/07\/Tour-de-France-Il-y-a-6-ans-Vincenzo-Nibali-frappait-une-premi\u00e8re-fois-\u00e0-Sheffield.png\",\"datePublished\":\"2020-07-06T18:08:33+00:00\",\"dateModified\":\"2020-07-06T18:24:31+00:00\",\"description\":\"TOUR DE FRANCE \u2013 Il y a six ans jour pour jour, Vincenzo Nibali (Astana) s'imposait dans les rues de Sheffield, th\u00e9\u00e2tre de l'arriv\u00e9e de la 2\u00e8me \u00e9tape du Tour de France 2014.\",\"breadcrumb\":{\"@id\":\"https:\/\/dicodusport.fr\/blog\/tour-de-france-il-y-a-6-ans-vincenzo-nibali-frappait-premiere-fois-sheffield\/#breadcrumb\"},\"inLanguage\":\"fr-FR\",\"potentialAction\":[{\"@type\":\"ReadAction\",\"target\":[\"https:\/\/dicodusport.fr\/blog\/tour-de-france-il-y-a-6-ans-vincenzo-nibali-frappait-premiere-fois-sheffield\/\"]}]},{\"@type\":\"ImageObject\",\"inLanguage\":\"fr-FR\",\"@id\":\"https:\/\/dicodusport.fr\/blog\/tour-de-france-il-y-a-6-ans-vincenzo-nibali-frappait-premiere-fois-sheffield\/#primaryimage\",\"url\":\"https:\/\/dicodusport.fr\/blog\/wp-content\/uploads\/2020\/07\/Tour-de-France-Il-y-a-6-ans-Vincenzo-Nibali-frappait-une-premi\u00e8re-fois-\u00e0-Sheffield.png\",\"contentUrl\":\"https:\/\/dicodusport.fr\/blog\/wp-content\/uploads\/2020\/07\/Tour-de-France-Il-y-a-6-ans-Vincenzo-Nibali-frappait-une-premi\u00e8re-fois-\u00e0-Sheffield.png\",\"width\":800,\"height\":445,\"caption\":\"Tour de France : Il y a 6 ans, Vincenzo Nibali frappait une premi\u00e8re fois \u00e0 Sheffield\"},{\"@type\":\"BreadcrumbList\",\"@id\":\"https:\/\/dicodusport.fr\/blog\/tour-de-france-il-y-a-6-ans-vincenzo-nibali-frappait-premiere-fois-sheffield\/#breadcrumb\",\"itemListElement\":[{\"@type\":\"ListItem\",\"position\":1,\"name\":\"Accueil\",\"item\":\"https:\/\/dicodusport.fr\/blog\/\"},{\"@type\":\"ListItem\",\"position\":2,\"name\":\"Tour de France : Il y a 6 ans, Vincenzo Nibali frappait une premi\u00e8re fois \u00e0 Sheffield\"}]},{\"@type\":\"WebSite\",\"@id\":\"https:\/\/dicodusport.fr\/blog\/#website\",\"url\":\"https:\/\/dicodusport.fr\/blog\/\",\"name\":\"Dicodusport\",\"description\":\"L&#039;encyclop\u00e9die de l&#039;actualit\u00e9 sportive\",\"publisher\":{\"@id\":\"https:\/\/dicodusport.fr\/blog\/#organization\"},\"potentialAction\":[{\"@type\":\"SearchAction\",\"target\":{\"@type\":\"EntryPoint\",\"urlTemplate\":\"https:\/\/dicodusport.fr\/blog\/?s={search_term_string}\"},\"query-input\":{\"@type\":\"PropertyValueSpecification\",\"valueRequired\":true,\"valueName\":\"search_term_string\"}}],\"inLanguage\":\"fr-FR\"},{\"@type\":\"NewsMediaOrganization\",\"@id\":\"https:\/\/dicodusport.fr\/blog\/#organization\",\"name\":\"Dicodusport\",\"url\":\"https:\/\/dicodusport.fr\/blog\/\",\"logo\":{\"@type\":\"ImageObject\",\"inLanguage\":\"fr-FR\",\"@id\":\"https:\/\/dicodusport.fr\/blog\/#\/schema\/logo\/image\/\",\"url\":\"https:\/\/dicodusport.fr\/blog\/wp-content\/uploads\/2020\/06\/cropped-LOGO-DICODUSPORT-2020-SANS-FOND-SANS-TEXTE.png\",\"contentUrl\":\"https:\/\/dicodusport.fr\/blog\/wp-content\/uploads\/2020\/06\/cropped-LOGO-DICODUSPORT-2020-SANS-FOND-SANS-TEXTE.png\",\"width\":512,\"height\":512,\"caption\":\"Dicodusport\"},\"image\":{\"@id\":\"https:\/\/dicodusport.fr\/blog\/#\/schema\/logo\/image\/\"},\"sameAs\":[\"https:\/\/www.facebook.com\/dicodusport\",\"https:\/\/x.com\/dicodusport\",\"https:\/\/www.instagram.com\/dicodusport\/\",\"https:\/\/www.youtube.com\/channel\/UC7V2KZ5sd3htJivAbA4ZG3w\"],\"description\":\"Dicodusport est l'encyclop\u00e9die de l'actualit\u00e9 sportive.\",\"email\":\"bonjour@dicodusport.fr\",\"legalName\":\"DICODUSPORT\",\"foundingDate\":\"2018-01-14\",\"vatID\":\"FR71834470973\",\"taxID\":\"83447097300043\",\"numberOfEmployees\":{\"@type\":\"QuantitativeValue\",\"minValue\":\"1\",\"maxValue\":\"10\"}},{\"@type\":\"Person\",\"@id\":\"https:\/\/dicodusport.fr\/blog\/#\/schema\/person\/cb02af4c173ce4a653b55e9baf388d4a\",\"name\":\"Flo Ostermann\",\"image\":{\"@type\":\"ImageObject\",\"inLanguage\":\"fr-FR\",\"@id\":\"https:\/\/dicodusport.fr\/blog\/#\/schema\/person\/image\/\",\"url\":\"https:\/\/dicodusport.fr\/blog\/wp-content\/uploads\/2021\/05\/Flo-Ostermann-150x150.jpg\",\"contentUrl\":\"https:\/\/dicodusport.fr\/blog\/wp-content\/uploads\/2021\/05\/Flo-Ostermann-150x150.jpg\",\"caption\":\"Flo Ostermann\"},\"description\":\"Journaliste\/R\u00e9dacteur depuis septembre 2015 - Mes premiers souvenirs dans le sport ? Les envol\u00e9es du Stade Toulousain et les duels Villeneuve-Schumacher et H\u00e4kkinen-Schumacher \u00e0 la fin des ann\u00e9es 90, la Coupe du monde de football en 1998, l\u2019exploit du XV de France face aux All Blacks en 1999, mais aussi Richard C\u0153ur de Lion qui vole sur les montagnes du Tour de France. Bien parti pour devenir professeur d\u2019EPS, les \u00e9v\u00e9nements de la vie (et la flemme d\u2019animer des s\u00e9ances de 3x500 m\u00e8tres toute ma vie) m\u2019ont conduit \u00e0 revoir mes plans. Me voil\u00e0 depuis fin 2017 sur Dicodusport, m\u00e9dia gr\u00e2ce (et pour) lequel je partage ma passion : le sport dans tous ses \u00e9tats. Le tout accompagn\u00e9 par les fous furieux et folles furieuses cit\u00e9s sur cette page !\",\"sameAs\":[\"https:\/\/www.facebook.com\/florent.ostermann\",\"https:\/\/x.com\/https:\/\/twitter.com\/FlOstermann\",\"admin\"],\"url\":\"https:\/\/dicodusport.fr\/blog\/author\/flo\/\"}]}<\/script>\n<!-- \/ Yoast SEO Premium plugin. -->","yoast_head_json":{"title":"Tour de France : Il y a 6 ans, Vincenzo Nibali frappait une premi\u00e8re fois \u00e0 Sheffield","description":"TOUR DE FRANCE \u2013 Il y a six ans jour pour jour, Vincenzo Nibali (Astana) s'imposait dans les rues de Sheffield, th\u00e9\u00e2tre de l'arriv\u00e9e de la 2\u00e8me \u00e9tape du Tour de France 2014.","robots":{"index":"index","follow":"follow","max-snippet":"max-snippet:-1","max-image-preview":"max-image-preview:large","max-video-preview":"max-video-preview:-1"},"canonical":"https:\/\/dicodusport.fr\/blog\/tour-de-france-il-y-a-6-ans-vincenzo-nibali-frappait-premiere-fois-sheffield\/","og_locale":"fr_FR","og_type":"article","og_title":"Tour de France : Il y a 6 ans, Nibali frappait une premi\u00e8re fois \u00e0 Sheffield","og_description":"TOUR DE FRANCE \u2013 Il y a six ans jour pour jour, Vincenzo Nibali (Astana) s'imposait dans les rues de Sheffield, th\u00e9\u00e2tre de l'arriv\u00e9e de la 2\u00e8me \u00e9tape du Tour de France 2014.","og_url":"https:\/\/dicodusport.fr\/blog\/tour-de-france-il-y-a-6-ans-vincenzo-nibali-frappait-premiere-fois-sheffield\/","og_site_name":"Dicodusport","article_publisher":"https:\/\/www.facebook.com\/dicodusport","article_author":"https:\/\/www.facebook.com\/florent.ostermann","article_published_time":"2020-07-06T18:08:33+00:00","article_modified_time":"2020-07-06T18:24:31+00:00","og_image":[{"width":800,"height":445,"url":"https:\/\/dicodusport.fr\/blog\/wp-content\/uploads\/2020\/07\/Tour-de-France-Il-y-a-6-ans-Vincenzo-Nibali-frappait-une-premi\u00e8re-fois-\u00e0-Sheffield.png","type":"image\/png"}],"author":"Flo Ostermann","twitter_card":"summary_large_image","twitter_title":"Tour de France : Il y a 6 ans, Nibali frappait une premi\u00e8re fois \u00e0 Sheffield","twitter_creator":"@https:\/\/twitter.com\/FlOstermann","twitter_site":"@dicodusport","schema":{"@context":"https:\/\/schema.org","@graph":[{"@type":"NewsArticle","@id":"https:\/\/dicodusport.fr\/blog\/tour-de-france-il-y-a-6-ans-vincenzo-nibali-frappait-premiere-fois-sheffield\/#article","isPartOf":{"@id":"https:\/\/dicodusport.fr\/blog\/tour-de-france-il-y-a-6-ans-vincenzo-nibali-frappait-premiere-fois-sheffield\/"},"author":{"name":"Flo Ostermann","@id":"https:\/\/dicodusport.fr\/blog\/#\/schema\/person\/cb02af4c173ce4a653b55e9baf388d4a"},"headline":"Tour de France : Il y a 6 ans, Vincenzo Nibali frappait une premi\u00e8re fois \u00e0 Sheffield","datePublished":"2020-07-06T18:08:33+00:00","dateModified":"2020-07-06T18:24:31+00:00","mainEntityOfPage":{"@id":"https:\/\/dicodusport.fr\/blog\/tour-de-france-il-y-a-6-ans-vincenzo-nibali-frappait-premiere-fois-sheffield\/"},"wordCount":255,"commentCount":0,"publisher":{"@id":"https:\/\/dicodusport.fr\/blog\/#organization"},"image":{"@id":"https:\/\/dicodusport.fr\/blog\/tour-de-france-il-y-a-6-ans-vincenzo-nibali-frappait-premiere-fois-sheffield\/#primaryimage"},"thumbnailUrl":"https:\/\/dicodusport.fr\/blog\/wp-content\/uploads\/2020\/07\/Tour-de-France-Il-y-a-6-ans-Vincenzo-Nibali-frappait-une-premi\u00e8re-fois-\u00e0-Sheffield.png","keywords":["Vincenzo Nibali"],"articleSection":["Cyclisme"],"inLanguage":"fr-FR","potentialAction":[{"@type":"CommentAction","name":"Comment","target":["https:\/\/dicodusport.fr\/blog\/tour-de-france-il-y-a-6-ans-vincenzo-nibali-frappait-premiere-fois-sheffield\/#respond"]}],"copyrightYear":"2020","copyrightHolder":{"@id":"https:\/\/dicodusport.fr\/blog\/#organization"}},{"@type":"WebPage","@id":"https:\/\/dicodusport.fr\/blog\/tour-de-france-il-y-a-6-ans-vincenzo-nibali-frappait-premiere-fois-sheffield\/","url":"https:\/\/dicodusport.fr\/blog\/tour-de-france-il-y-a-6-ans-vincenzo-nibali-frappait-premiere-fois-sheffield\/","name":"Tour de France : Il y a 6 ans, Vincenzo Nibali frappait une premi\u00e8re fois \u00e0 Sheffield","isPartOf":{"@id":"https:\/\/dicodusport.fr\/blog\/#website"},"primaryImageOfPage":{"@id":"https:\/\/dicodusport.fr\/blog\/tour-de-france-il-y-a-6-ans-vincenzo-nibali-frappait-premiere-fois-sheffield\/#primaryimage"},"image":{"@id":"https:\/\/dicodusport.fr\/blog\/tour-de-france-il-y-a-6-ans-vincenzo-nibali-frappait-premiere-fois-sheffield\/#primaryimage"},"thumbnailUrl":"https:\/\/dicodusport.fr\/blog\/wp-content\/uploads\/2020\/07\/Tour-de-France-Il-y-a-6-ans-Vincenzo-Nibali-frappait-une-premi\u00e8re-fois-\u00e0-Sheffield.png","datePublished":"2020-07-06T18:08:33+00:00","dateModified":"2020-07-06T18:24:31+00:00","description":"TOUR DE FRANCE \u2013 Il y a six ans jour pour jour, Vincenzo Nibali (Astana) s'imposait dans les rues de Sheffield, th\u00e9\u00e2tre de l'arriv\u00e9e de la 2\u00e8me \u00e9tape du Tour de France 2014.","breadcrumb":{"@id":"https:\/\/dicodusport.fr\/blog\/tour-de-france-il-y-a-6-ans-vincenzo-nibali-frappait-premiere-fois-sheffield\/#breadcrumb"},"inLanguage":"fr-FR","potentialAction":[{"@type":"ReadAction","target":["https:\/\/dicodusport.fr\/blog\/tour-de-france-il-y-a-6-ans-vincenzo-nibali-frappait-premiere-fois-sheffield\/"]}]},{"@type":"ImageObject","inLanguage":"fr-FR","@id":"https:\/\/dicodusport.fr\/blog\/tour-de-france-il-y-a-6-ans-vincenzo-nibali-frappait-premiere-fois-sheffield\/#primaryimage","url":"https:\/\/dicodusport.fr\/blog\/wp-content\/uploads\/2020\/07\/Tour-de-France-Il-y-a-6-ans-Vincenzo-Nibali-frappait-une-premi\u00e8re-fois-\u00e0-Sheffield.png","contentUrl":"https:\/\/dicodusport.fr\/blog\/wp-content\/uploads\/2020\/07\/Tour-de-France-Il-y-a-6-ans-Vincenzo-Nibali-frappait-une-premi\u00e8re-fois-\u00e0-Sheffield.png","width":800,"height":445,"caption":"Tour de France : Il y a 6 ans, Vincenzo Nibali frappait une premi\u00e8re fois \u00e0 Sheffield"},{"@type":"BreadcrumbList","@id":"https:\/\/dicodusport.fr\/blog\/tour-de-france-il-y-a-6-ans-vincenzo-nibali-frappait-premiere-fois-sheffield\/#breadcrumb","itemListElement":[{"@type":"ListItem","position":1,"name":"Accueil","item":"https:\/\/dicodusport.fr\/blog\/"},{"@type":"ListItem","position":2,"name":"Tour de France : Il y a 6 ans, Vincenzo Nibali frappait une premi\u00e8re fois \u00e0 Sheffield"}]},{"@type":"WebSite","@id":"https:\/\/dicodusport.fr\/blog\/#website","url":"https:\/\/dicodusport.fr\/blog\/","name":"Dicodusport","description":"L&#039;encyclop\u00e9die de l&#039;actualit\u00e9 sportive","publisher":{"@id":"https:\/\/dicodusport.fr\/blog\/#organization"},"potentialAction":[{"@type":"SearchAction","target":{"@type":"EntryPoint","urlTemplate":"https:\/\/dicodusport.fr\/blog\/?s={search_term_string}"},"query-input":{"@type":"PropertyValueSpecification","valueRequired":true,"valueName":"search_term_string"}}],"inLanguage":"fr-FR"},{"@type":"NewsMediaOrganization","@id":"https:\/\/dicodusport.fr\/blog\/#organization","name":"Dicodusport","url":"https:\/\/dicodusport.fr\/blog\/","logo":{"@type":"ImageObject","inLanguage":"fr-FR","@id":"https:\/\/dicodusport.fr\/blog\/#\/schema\/logo\/image\/","url":"https:\/\/dicodusport.fr\/blog\/wp-content\/uploads\/2020\/06\/cropped-LOGO-DICODUSPORT-2020-SANS-FOND-SANS-TEXTE.png","contentUrl":"https:\/\/dicodusport.fr\/blog\/wp-content\/uploads\/2020\/06\/cropped-LOGO-DICODUSPORT-2020-SANS-FOND-SANS-TEXTE.png","width":512,"height":512,"caption":"Dicodusport"},"image":{"@id":"https:\/\/dicodusport.fr\/blog\/#\/schema\/logo\/image\/"},"sameAs":["https:\/\/www.facebook.com\/dicodusport","https:\/\/x.com\/dicodusport","https:\/\/www.instagram.com\/dicodusport\/","https:\/\/www.youtube.com\/channel\/UC7V2KZ5sd3htJivAbA4ZG3w"],"description":"Dicodusport est l'encyclop\u00e9die de l'actualit\u00e9 sportive.","email":"bonjour@dicodusport.fr","legalName":"DICODUSPORT","foundingDate":"2018-01-14","vatID":"FR71834470973","taxID":"83447097300043","numberOfEmployees":{"@type":"QuantitativeValue","minValue":"1","maxValue":"10"}},{"@type":"Person","@id":"https:\/\/dicodusport.fr\/blog\/#\/schema\/person\/cb02af4c173ce4a653b55e9baf388d4a","name":"Flo Ostermann","image":{"@type":"ImageObject","inLanguage":"fr-FR","@id":"https:\/\/dicodusport.fr\/blog\/#\/schema\/person\/image\/","url":"https:\/\/dicodusport.fr\/blog\/wp-content\/uploads\/2021\/05\/Flo-Ostermann-150x150.jpg","contentUrl":"https:\/\/dicodusport.fr\/blog\/wp-content\/uploads\/2021\/05\/Flo-Ostermann-150x150.jpg","caption":"Flo Ostermann"},"description":"Journaliste\/R\u00e9dacteur depuis septembre 2015 - Mes premiers souvenirs dans le sport ? Les envol\u00e9es du Stade Toulousain et les duels Villeneuve-Schumacher et H\u00e4kkinen-Schumacher \u00e0 la fin des ann\u00e9es 90, la Coupe du monde de football en 1998, l\u2019exploit du XV de France face aux All Blacks en 1999, mais aussi Richard C\u0153ur de Lion qui vole sur les montagnes du Tour de France. Bien parti pour devenir professeur d\u2019EPS, les \u00e9v\u00e9nements de la vie (et la flemme d\u2019animer des s\u00e9ances de 3x500 m\u00e8tres toute ma vie) m\u2019ont conduit \u00e0 revoir mes plans. Me voil\u00e0 depuis fin 2017 sur Dicodusport, m\u00e9dia gr\u00e2ce (et pour) lequel je partage ma passion : le sport dans tous ses \u00e9tats. Le tout accompagn\u00e9 par les fous furieux et folles furieuses cit\u00e9s sur cette page !","sameAs":["https:\/\/www.facebook.com\/florent.ostermann","https:\/\/x.com\/https:\/\/twitter.com\/FlOstermann","admin"],"url":"https:\/\/dicodusport.fr\/blog\/author\/flo\/"}]}},"_links":{"self":[{"href":"https:\/\/dicodusport.fr\/blog\/wp-json\/wp\/v2\/posts\/70935","targetHints":{"allow":["GET"]}}],"collection":[{"href":"https:\/\/dicodusport.fr\/blog\/wp-json\/wp\/v2\/posts"}],"about":[{"href":"https:\/\/dicodusport.fr\/blog\/wp-json\/wp\/v2\/types\/post"}],"author":[{"embeddable":true,"href":"https:\/\/dicodusport.fr\/blog\/wp-json\/wp\/v2\/users\/4"}],"replies":[{"embeddable":true,"href":"https:\/\/dicodusport.fr\/blog\/wp-json\/wp\/v2\/comments?post=70935"}],"version-history":[{"count":0,"href":"https:\/\/dicodusport.fr\/blog\/wp-json\/wp\/v2\/posts\/70935\/revisions"}],"wp:featuredmedia":[{"embeddable":true,"href":"https:\/\/dicodusport.fr\/blog\/wp-json\/wp\/v2\/media\/70948"}],"wp:attachment":[{"href":"https:\/\/dicodusport.fr\/blog\/wp-json\/wp\/v2\/media?parent=70935"}],"wp:term":[{"taxonomy":"category","embeddable":true,"href":"https:\/\/dicodusport.fr\/blog\/wp-json\/wp\/v2\/categories?post=70935"},{"taxonomy":"post_tag","embeddable":true,"href":"https:\/\/dicodusport.fr\/blog\/wp-json\/wp\/v2\/tags?post=70935"}],"curies":[{"name":"wp","href":"https:\/\/api.w.org\/{rel}","templated":true}]}}