{"id":70964,"date":"2020-07-07T08:27:18","date_gmt":"2020-07-07T06:27:18","guid":{"rendered":"http:\/\/dicodusport.fr\/blog\/?p=70964&#038;preview=true&#038;preview_id=70964"},"modified":"2020-07-07T08:46:34","modified_gmt":"2020-07-07T06:46:34","slug":"arrivee-fernando-alonso-renault-se-precise","status":"publish","type":"post","link":"https:\/\/dicodusport.fr\/blog\/arrivee-fernando-alonso-renault-se-precise\/","title":{"rendered":"L&rsquo;arriv\u00e9e de Fernando Alonso chez Renault se pr\u00e9cise"},"content":{"rendered":"<p style=\"text-align: justify;\"><strong><em>FORMULE 1 &#8211; Fernando Alonso chez Renault, plus qu&rsquo;une question d&rsquo;heures ? Selon plusieurs sources, le pilote espagnol devrait \u00eatre officialis\u00e9 ce mercredi, en vue de la saison 2021 et en remplacement de Daniel Ricciardo.<\/em><\/strong><\/p>\n<p style=\"text-align: justify;\">Ce lundi, <a href=\"https:\/\/www.marca.com\/en\/more-sports\/2020\/07\/06\/5f03505522601d03088b45f0.html\" target=\"_blank\" rel=\"noopener noreferrer\"><em>Marca<\/em><\/a> avan\u00e7ait que le retour de <a href=\"https:\/\/dicodusport.fr\/blog\/video-meilleurs-moments-fernando-alonso-f1\/\" target=\"_blank\" rel=\"noopener noreferrer\"><strong>Fernando Alonso<\/strong><\/a> chez <strong>Renault<\/strong> est en passe d&rsquo;\u00eatre finalis\u00e9. Les n\u00e9gociations entre le pilote espagnol et l&rsquo;\u00e9curie au losange ont en effet bien avanc\u00e9 depuis le 15 mai dernier. Un salaire de 10 \u00e0 12 millions de dollars annuels (entre 9 et 10,6 millions d&rsquo;euros) est \u00e9voqu\u00e9.<\/p>\n<p style=\"text-align: justify;\">Autre source allant dans le sens d&rsquo;un comeback du <em>Taureau des Asturies<\/em>, la journaliste espagnole <strong>Noemi de Miguel<\/strong> affirme que <strong>Cyril Abiteboul<\/strong>, directeur g\u00e9n\u00e9ral de Renault F1, aurait donn\u00e9 un s\u00e9rieux indice aux m\u00e9caniciens les plus anciens de l&rsquo;\u00e9curie apr\u00e8s le Grand Prix d&rsquo;Autriche. Le patron de Renault aurait affirm\u00e9 que ces derniers avaient d\u00e9j\u00e0 travaill\u00e9 avec le futur co\u00e9quipier d&rsquo;<strong>Esteban Ocon<\/strong>. De Miguel, journaliste pour Movistar F1, annonce \u00e9galement que la finalisation de l&rsquo;arriv\u00e9e de l&rsquo;Espagnol est en cours. Toujours est-il que le futur pilote Renault devrait \u00eatre officialis\u00e9 ce mercredi. Affaire \u00e0 suivre.<\/p>\n<blockquote class=\"twitter-tweet\">\n<p dir=\"ltr\" lang=\"es\">YA ES LUNES !<\/p>\n<p>Seg\u00fan me han informado, el mi\u00e9rcoles <a href=\"https:\/\/twitter.com\/hashtag\/Renault?src=hash&amp;ref_src=twsrc%5Etfw\">#Renault<\/a> tiene previsto hacer un anuncio oficial.<\/p>\n<p>Tras la carrera, Cyril Abiteboul les ha dicho a los mec\u00e1nicos m\u00e1s veteranos (aquellos que llevan m\u00e1s de 15 a\u00f1os), que ya han trabajado con \u00e9l.<\/p>\n<p>Buenas noches &#x1f4a4; <a href=\"https:\/\/twitter.com\/hashtag\/F1?src=hash&amp;ref_src=twsrc%5Etfw\">#F1<\/a> <a href=\"https:\/\/twitter.com\/hashtag\/Renault?src=hash&amp;ref_src=twsrc%5Etfw\">#Renault<\/a><\/p>\n<p>\u2014 Noem\u00ed de Miguel (@Noemidemiguel) <a href=\"https:\/\/twitter.com\/Noemidemiguel\/status\/1279908855825260548?ref_src=twsrc%5Etfw\">July 5, 2020<\/a><\/p><\/blockquote>\n<p><script async src=\"https:\/\/platform.twitter.com\/widgets.js\" charset=\"utf-8\"><\/script><\/p>\n<h2 style=\"text-align: justify;\">Cyril Abiteboul sur Canal + \u00e0 propos du futur pilote Renault<\/h2>\n<blockquote class=\"twitter-tweet\">\n<p dir=\"ltr\" lang=\"fr\">Alors Cyril Abiteboul, qui pour remplacer Daniel Ricciardo chez Renault ? &#x1f914;<\/p>\n<p>&#x1f5e8;&#xfe0f; \u00ab\u00a0Son successeur a de fortes chances d&rsquo;\u00eatre dans cette liste\u00a0\u00bb<\/p>\n<p>\u00c0 vos pronostics ! &#x1f4af; <a href=\"https:\/\/t.co\/ZsyBOHHUwq\">pic.twitter.com\/ZsyBOHHUwq<\/a><\/p>\n<p>\u2014 CANAL+ F1\u00ae (@CanalplusF1) <a href=\"https:\/\/twitter.com\/CanalplusF1\/status\/1278395883382607872?ref_src=twsrc%5Etfw\">July 1, 2020<\/a><\/p><\/blockquote>\n<p><script async src=\"https:\/\/platform.twitter.com\/widgets.js\" charset=\"utf-8\"><\/script><\/p>\n<p><strong><em>Dicodusport<br \/>\n<a href=\"https:\/\/www.facebook.com\/dicodusport\/\" target=\"_blank\" rel=\"noopener noreferrer\"><img loading=\"lazy\" decoding=\"async\" class=\"alignnone wp-image-2909\" src=\"http:\/\/dicodusport.fr\/blog\/wp-content\/uploads\/2017\/07\/logo-facebook-150x150.png\" alt=\"\" width=\"40\" height=\"40\" \/><\/a><a href=\"https:\/\/twitter.com\/dicodusport\" target=\"_blank\" rel=\"noopener noreferrer\"><img loading=\"lazy\" decoding=\"async\" class=\"alignnone wp-image-2908\" src=\"http:\/\/dicodusport.fr\/blog\/wp-content\/uploads\/2017\/07\/logo-twitter-150x150.png\" alt=\"\" width=\"39\" height=\"39\" \/><\/a><\/em><\/strong><\/p>\n","protected":false},"excerpt":{"rendered":"<p>FORMULE 1 &#8211; Fernando Alonso chez Renault, plus qu&rsquo;une question d&rsquo;heures ? Selon plusieurs sources, le pilote espagnol devrait \u00eatre officialis\u00e9 ce mercredi, en vue de la saison 2021 et en remplacement de Daniel Ricciardo.<\/p>\n","protected":false},"author":4,"featured_media":70966,"comment_status":"open","ping_status":"closed","sticky":false,"template":"","format":"standard","meta":{"_acf_changed":false,"_daextam_enable_autolinks":"","footnotes":""},"categories":[8653],"tags":[3166,4766,2065,5761],"class_list":["post-70964","post","type-post","status-publish","format-standard","has-post-thumbnail","hentry","category-formule-1","tag-f1","tag-fernando-alonso","tag-formule-1","tag-renault"],"acf":[],"yoast_head":"<!-- This site is optimized with the Yoast SEO Premium plugin v26.7 (Yoast SEO v26.7) - https:\/\/yoast.com\/wordpress\/plugins\/seo\/ -->\n<title>L&#039;arriv\u00e9e de Fernando Alonso chez Renault se pr\u00e9cise<\/title>\n<meta name=\"description\" content=\"FORMULE 1 - Fernando Alonso chez Renault, plus qu&#039;une question d&#039;heures ? Selon plusieurs sources, le pilote espagnol devrait \u00eatre officialis\u00e9 ce mercredi.\" \/>\n<meta name=\"robots\" content=\"index, follow, max-snippet:-1, max-image-preview:large, max-video-preview:-1\" \/>\n<link rel=\"canonical\" href=\"https:\/\/dicodusport.fr\/blog\/arrivee-fernando-alonso-renault-se-precise\/\" \/>\n<meta property=\"og:locale\" content=\"fr_FR\" \/>\n<meta property=\"og:type\" content=\"article\" \/>\n<meta property=\"og:title\" content=\"L&#039;arriv\u00e9e de Fernando Alonso chez Renault se pr\u00e9cise\" \/>\n<meta property=\"og:description\" content=\"FORMULE 1 - Fernando Alonso chez Renault, plus qu&#039;une question d&#039;heures ? Selon plusieurs sources, le pilote espagnol devrait \u00eatre officialis\u00e9 ce mercredi.\" \/>\n<meta property=\"og:url\" content=\"https:\/\/dicodusport.fr\/blog\/arrivee-fernando-alonso-renault-se-precise\/\" \/>\n<meta property=\"og:site_name\" content=\"Dicodusport\" \/>\n<meta property=\"article:publisher\" content=\"https:\/\/www.facebook.com\/dicodusport\" \/>\n<meta property=\"article:author\" content=\"https:\/\/www.facebook.com\/florent.ostermann\" \/>\n<meta property=\"article:published_time\" content=\"2020-07-07T06:27:18+00:00\" \/>\n<meta property=\"article:modified_time\" content=\"2020-07-07T06:46:34+00:00\" \/>\n<meta property=\"og:image\" content=\"https:\/\/dicodusport.fr\/blog\/wp-content\/uploads\/2020\/07\/Larriv\u00e9e-de-Fernando-Alonso-chez-Renault-se-pr\u00e9cise.png\" \/>\n\t<meta property=\"og:image:width\" content=\"800\" \/>\n\t<meta property=\"og:image:height\" content=\"445\" \/>\n\t<meta property=\"og:image:type\" content=\"image\/png\" \/>\n<meta name=\"author\" content=\"Flo Ostermann\" \/>\n<meta name=\"twitter:card\" content=\"summary_large_image\" \/>\n<meta name=\"twitter:title\" content=\"L&#039;arriv\u00e9e de Fernando Alonso chez Renault se pr\u00e9cise\" \/>\n<meta name=\"twitter:creator\" content=\"@https:\/\/twitter.com\/FlOstermann\" \/>\n<meta name=\"twitter:site\" content=\"@dicodusport\" \/>\n<script type=\"application\/ld+json\" class=\"yoast-schema-graph\">{\"@context\":\"https:\/\/schema.org\",\"@graph\":[{\"@type\":\"NewsArticle\",\"@id\":\"https:\/\/dicodusport.fr\/blog\/arrivee-fernando-alonso-renault-se-precise\/#article\",\"isPartOf\":{\"@id\":\"https:\/\/dicodusport.fr\/blog\/arrivee-fernando-alonso-renault-se-precise\/\"},\"author\":{\"name\":\"Flo Ostermann\",\"@id\":\"https:\/\/dicodusport.fr\/blog\/#\/schema\/person\/cb02af4c173ce4a653b55e9baf388d4a\"},\"headline\":\"L&rsquo;arriv\u00e9e de Fernando Alonso chez Renault se pr\u00e9cise\",\"datePublished\":\"2020-07-07T06:27:18+00:00\",\"dateModified\":\"2020-07-07T06:46:34+00:00\",\"mainEntityOfPage\":{\"@id\":\"https:\/\/dicodusport.fr\/blog\/arrivee-fernando-alonso-renault-se-precise\/\"},\"wordCount\":317,\"commentCount\":0,\"publisher\":{\"@id\":\"https:\/\/dicodusport.fr\/blog\/#organization\"},\"image\":{\"@id\":\"https:\/\/dicodusport.fr\/blog\/arrivee-fernando-alonso-renault-se-precise\/#primaryimage\"},\"thumbnailUrl\":\"https:\/\/dicodusport.fr\/blog\/wp-content\/uploads\/2020\/07\/Larriv\u00e9e-de-Fernando-Alonso-chez-Renault-se-pr\u00e9cise.png\",\"keywords\":[\"F1\",\"Fernando Alonso\",\"Formule 1\",\"Renault\"],\"articleSection\":[\"Formule 1\"],\"inLanguage\":\"fr-FR\",\"potentialAction\":[{\"@type\":\"CommentAction\",\"name\":\"Comment\",\"target\":[\"https:\/\/dicodusport.fr\/blog\/arrivee-fernando-alonso-renault-se-precise\/#respond\"]}],\"copyrightYear\":\"2020\",\"copyrightHolder\":{\"@id\":\"https:\/\/dicodusport.fr\/blog\/#organization\"}},{\"@type\":\"WebPage\",\"@id\":\"https:\/\/dicodusport.fr\/blog\/arrivee-fernando-alonso-renault-se-precise\/\",\"url\":\"https:\/\/dicodusport.fr\/blog\/arrivee-fernando-alonso-renault-se-precise\/\",\"name\":\"L'arriv\u00e9e de Fernando Alonso chez Renault se pr\u00e9cise\",\"isPartOf\":{\"@id\":\"https:\/\/dicodusport.fr\/blog\/#website\"},\"primaryImageOfPage\":{\"@id\":\"https:\/\/dicodusport.fr\/blog\/arrivee-fernando-alonso-renault-se-precise\/#primaryimage\"},\"image\":{\"@id\":\"https:\/\/dicodusport.fr\/blog\/arrivee-fernando-alonso-renault-se-precise\/#primaryimage\"},\"thumbnailUrl\":\"https:\/\/dicodusport.fr\/blog\/wp-content\/uploads\/2020\/07\/Larriv\u00e9e-de-Fernando-Alonso-chez-Renault-se-pr\u00e9cise.png\",\"datePublished\":\"2020-07-07T06:27:18+00:00\",\"dateModified\":\"2020-07-07T06:46:34+00:00\",\"description\":\"FORMULE 1 - Fernando Alonso chez Renault, plus qu'une question d'heures ? Selon plusieurs sources, le pilote espagnol devrait \u00eatre officialis\u00e9 ce mercredi.\",\"breadcrumb\":{\"@id\":\"https:\/\/dicodusport.fr\/blog\/arrivee-fernando-alonso-renault-se-precise\/#breadcrumb\"},\"inLanguage\":\"fr-FR\",\"potentialAction\":[{\"@type\":\"ReadAction\",\"target\":[\"https:\/\/dicodusport.fr\/blog\/arrivee-fernando-alonso-renault-se-precise\/\"]}]},{\"@type\":\"ImageObject\",\"inLanguage\":\"fr-FR\",\"@id\":\"https:\/\/dicodusport.fr\/blog\/arrivee-fernando-alonso-renault-se-precise\/#primaryimage\",\"url\":\"https:\/\/dicodusport.fr\/blog\/wp-content\/uploads\/2020\/07\/Larriv\u00e9e-de-Fernando-Alonso-chez-Renault-se-pr\u00e9cise.png\",\"contentUrl\":\"https:\/\/dicodusport.fr\/blog\/wp-content\/uploads\/2020\/07\/Larriv\u00e9e-de-Fernando-Alonso-chez-Renault-se-pr\u00e9cise.png\",\"width\":800,\"height\":445,\"caption\":\"L'arriv\u00e9e de Fernando Alonso chez Renault se pr\u00e9cise\"},{\"@type\":\"BreadcrumbList\",\"@id\":\"https:\/\/dicodusport.fr\/blog\/arrivee-fernando-alonso-renault-se-precise\/#breadcrumb\",\"itemListElement\":[{\"@type\":\"ListItem\",\"position\":1,\"name\":\"Accueil\",\"item\":\"https:\/\/dicodusport.fr\/blog\/\"},{\"@type\":\"ListItem\",\"position\":2,\"name\":\"L&rsquo;arriv\u00e9e de Fernando Alonso chez Renault se pr\u00e9cise\"}]},{\"@type\":\"WebSite\",\"@id\":\"https:\/\/dicodusport.fr\/blog\/#website\",\"url\":\"https:\/\/dicodusport.fr\/blog\/\",\"name\":\"Dicodusport\",\"description\":\"L&#039;encyclop\u00e9die de l&#039;actualit\u00e9 sportive\",\"publisher\":{\"@id\":\"https:\/\/dicodusport.fr\/blog\/#organization\"},\"potentialAction\":[{\"@type\":\"SearchAction\",\"target\":{\"@type\":\"EntryPoint\",\"urlTemplate\":\"https:\/\/dicodusport.fr\/blog\/?s={search_term_string}\"},\"query-input\":{\"@type\":\"PropertyValueSpecification\",\"valueRequired\":true,\"valueName\":\"search_term_string\"}}],\"inLanguage\":\"fr-FR\"},{\"@type\":\"NewsMediaOrganization\",\"@id\":\"https:\/\/dicodusport.fr\/blog\/#organization\",\"name\":\"Dicodusport\",\"url\":\"https:\/\/dicodusport.fr\/blog\/\",\"logo\":{\"@type\":\"ImageObject\",\"inLanguage\":\"fr-FR\",\"@id\":\"https:\/\/dicodusport.fr\/blog\/#\/schema\/logo\/image\/\",\"url\":\"https:\/\/dicodusport.fr\/blog\/wp-content\/uploads\/2020\/06\/cropped-LOGO-DICODUSPORT-2020-SANS-FOND-SANS-TEXTE.png\",\"contentUrl\":\"https:\/\/dicodusport.fr\/blog\/wp-content\/uploads\/2020\/06\/cropped-LOGO-DICODUSPORT-2020-SANS-FOND-SANS-TEXTE.png\",\"width\":512,\"height\":512,\"caption\":\"Dicodusport\"},\"image\":{\"@id\":\"https:\/\/dicodusport.fr\/blog\/#\/schema\/logo\/image\/\"},\"sameAs\":[\"https:\/\/www.facebook.com\/dicodusport\",\"https:\/\/x.com\/dicodusport\",\"https:\/\/www.instagram.com\/dicodusport\/\",\"https:\/\/www.youtube.com\/channel\/UC7V2KZ5sd3htJivAbA4ZG3w\"],\"description\":\"Dicodusport est l'encyclop\u00e9die de l'actualit\u00e9 sportive.\",\"email\":\"bonjour@dicodusport.fr\",\"legalName\":\"DICODUSPORT\",\"foundingDate\":\"2018-01-14\",\"vatID\":\"FR71834470973\",\"taxID\":\"83447097300043\",\"numberOfEmployees\":{\"@type\":\"QuantitativeValue\",\"minValue\":\"1\",\"maxValue\":\"10\"}},{\"@type\":\"Person\",\"@id\":\"https:\/\/dicodusport.fr\/blog\/#\/schema\/person\/cb02af4c173ce4a653b55e9baf388d4a\",\"name\":\"Flo Ostermann\",\"image\":{\"@type\":\"ImageObject\",\"inLanguage\":\"fr-FR\",\"@id\":\"https:\/\/dicodusport.fr\/blog\/#\/schema\/person\/image\/\",\"url\":\"https:\/\/dicodusport.fr\/blog\/wp-content\/uploads\/2021\/05\/Flo-Ostermann-150x150.jpg\",\"contentUrl\":\"https:\/\/dicodusport.fr\/blog\/wp-content\/uploads\/2021\/05\/Flo-Ostermann-150x150.jpg\",\"caption\":\"Flo Ostermann\"},\"description\":\"Journaliste\/R\u00e9dacteur depuis septembre 2015 - Mes premiers souvenirs dans le sport ? Les envol\u00e9es du Stade Toulousain et les duels Villeneuve-Schumacher et H\u00e4kkinen-Schumacher \u00e0 la fin des ann\u00e9es 90, la Coupe du monde de football en 1998, l\u2019exploit du XV de France face aux All Blacks en 1999, mais aussi Richard C\u0153ur de Lion qui vole sur les montagnes du Tour de France. Bien parti pour devenir professeur d\u2019EPS, les \u00e9v\u00e9nements de la vie (et la flemme d\u2019animer des s\u00e9ances de 3x500 m\u00e8tres toute ma vie) m\u2019ont conduit \u00e0 revoir mes plans. Me voil\u00e0 depuis fin 2017 sur Dicodusport, m\u00e9dia gr\u00e2ce (et pour) lequel je partage ma passion : le sport dans tous ses \u00e9tats. Le tout accompagn\u00e9 par les fous furieux et folles furieuses cit\u00e9s sur cette page !\",\"sameAs\":[\"https:\/\/www.facebook.com\/florent.ostermann\",\"https:\/\/x.com\/https:\/\/twitter.com\/FlOstermann\",\"admin\"],\"url\":\"https:\/\/dicodusport.fr\/blog\/author\/flo\/\"}]}<\/script>\n<!-- \/ Yoast SEO Premium plugin. -->","yoast_head_json":{"title":"L'arriv\u00e9e de Fernando Alonso chez Renault se pr\u00e9cise","description":"FORMULE 1 - Fernando Alonso chez Renault, plus qu'une question d'heures ? Selon plusieurs sources, le pilote espagnol devrait \u00eatre officialis\u00e9 ce mercredi.","robots":{"index":"index","follow":"follow","max-snippet":"max-snippet:-1","max-image-preview":"max-image-preview:large","max-video-preview":"max-video-preview:-1"},"canonical":"https:\/\/dicodusport.fr\/blog\/arrivee-fernando-alonso-renault-se-precise\/","og_locale":"fr_FR","og_type":"article","og_title":"L'arriv\u00e9e de Fernando Alonso chez Renault se pr\u00e9cise","og_description":"FORMULE 1 - Fernando Alonso chez Renault, plus qu'une question d'heures ? Selon plusieurs sources, le pilote espagnol devrait \u00eatre officialis\u00e9 ce mercredi.","og_url":"https:\/\/dicodusport.fr\/blog\/arrivee-fernando-alonso-renault-se-precise\/","og_site_name":"Dicodusport","article_publisher":"https:\/\/www.facebook.com\/dicodusport","article_author":"https:\/\/www.facebook.com\/florent.ostermann","article_published_time":"2020-07-07T06:27:18+00:00","article_modified_time":"2020-07-07T06:46:34+00:00","og_image":[{"width":800,"height":445,"url":"https:\/\/dicodusport.fr\/blog\/wp-content\/uploads\/2020\/07\/Larriv\u00e9e-de-Fernando-Alonso-chez-Renault-se-pr\u00e9cise.png","type":"image\/png"}],"author":"Flo Ostermann","twitter_card":"summary_large_image","twitter_title":"L'arriv\u00e9e de Fernando Alonso chez Renault se pr\u00e9cise","twitter_creator":"@https:\/\/twitter.com\/FlOstermann","twitter_site":"@dicodusport","schema":{"@context":"https:\/\/schema.org","@graph":[{"@type":"NewsArticle","@id":"https:\/\/dicodusport.fr\/blog\/arrivee-fernando-alonso-renault-se-precise\/#article","isPartOf":{"@id":"https:\/\/dicodusport.fr\/blog\/arrivee-fernando-alonso-renault-se-precise\/"},"author":{"name":"Flo Ostermann","@id":"https:\/\/dicodusport.fr\/blog\/#\/schema\/person\/cb02af4c173ce4a653b55e9baf388d4a"},"headline":"L&rsquo;arriv\u00e9e de Fernando Alonso chez Renault se pr\u00e9cise","datePublished":"2020-07-07T06:27:18+00:00","dateModified":"2020-07-07T06:46:34+00:00","mainEntityOfPage":{"@id":"https:\/\/dicodusport.fr\/blog\/arrivee-fernando-alonso-renault-se-precise\/"},"wordCount":317,"commentCount":0,"publisher":{"@id":"https:\/\/dicodusport.fr\/blog\/#organization"},"image":{"@id":"https:\/\/dicodusport.fr\/blog\/arrivee-fernando-alonso-renault-se-precise\/#primaryimage"},"thumbnailUrl":"https:\/\/dicodusport.fr\/blog\/wp-content\/uploads\/2020\/07\/Larriv\u00e9e-de-Fernando-Alonso-chez-Renault-se-pr\u00e9cise.png","keywords":["F1","Fernando Alonso","Formule 1","Renault"],"articleSection":["Formule 1"],"inLanguage":"fr-FR","potentialAction":[{"@type":"CommentAction","name":"Comment","target":["https:\/\/dicodusport.fr\/blog\/arrivee-fernando-alonso-renault-se-precise\/#respond"]}],"copyrightYear":"2020","copyrightHolder":{"@id":"https:\/\/dicodusport.fr\/blog\/#organization"}},{"@type":"WebPage","@id":"https:\/\/dicodusport.fr\/blog\/arrivee-fernando-alonso-renault-se-precise\/","url":"https:\/\/dicodusport.fr\/blog\/arrivee-fernando-alonso-renault-se-precise\/","name":"L'arriv\u00e9e de Fernando Alonso chez Renault se pr\u00e9cise","isPartOf":{"@id":"https:\/\/dicodusport.fr\/blog\/#website"},"primaryImageOfPage":{"@id":"https:\/\/dicodusport.fr\/blog\/arrivee-fernando-alonso-renault-se-precise\/#primaryimage"},"image":{"@id":"https:\/\/dicodusport.fr\/blog\/arrivee-fernando-alonso-renault-se-precise\/#primaryimage"},"thumbnailUrl":"https:\/\/dicodusport.fr\/blog\/wp-content\/uploads\/2020\/07\/Larriv\u00e9e-de-Fernando-Alonso-chez-Renault-se-pr\u00e9cise.png","datePublished":"2020-07-07T06:27:18+00:00","dateModified":"2020-07-07T06:46:34+00:00","description":"FORMULE 1 - Fernando Alonso chez Renault, plus qu'une question d'heures ? Selon plusieurs sources, le pilote espagnol devrait \u00eatre officialis\u00e9 ce mercredi.","breadcrumb":{"@id":"https:\/\/dicodusport.fr\/blog\/arrivee-fernando-alonso-renault-se-precise\/#breadcrumb"},"inLanguage":"fr-FR","potentialAction":[{"@type":"ReadAction","target":["https:\/\/dicodusport.fr\/blog\/arrivee-fernando-alonso-renault-se-precise\/"]}]},{"@type":"ImageObject","inLanguage":"fr-FR","@id":"https:\/\/dicodusport.fr\/blog\/arrivee-fernando-alonso-renault-se-precise\/#primaryimage","url":"https:\/\/dicodusport.fr\/blog\/wp-content\/uploads\/2020\/07\/Larriv\u00e9e-de-Fernando-Alonso-chez-Renault-se-pr\u00e9cise.png","contentUrl":"https:\/\/dicodusport.fr\/blog\/wp-content\/uploads\/2020\/07\/Larriv\u00e9e-de-Fernando-Alonso-chez-Renault-se-pr\u00e9cise.png","width":800,"height":445,"caption":"L'arriv\u00e9e de Fernando Alonso chez Renault se pr\u00e9cise"},{"@type":"BreadcrumbList","@id":"https:\/\/dicodusport.fr\/blog\/arrivee-fernando-alonso-renault-se-precise\/#breadcrumb","itemListElement":[{"@type":"ListItem","position":1,"name":"Accueil","item":"https:\/\/dicodusport.fr\/blog\/"},{"@type":"ListItem","position":2,"name":"L&rsquo;arriv\u00e9e de Fernando Alonso chez Renault se pr\u00e9cise"}]},{"@type":"WebSite","@id":"https:\/\/dicodusport.fr\/blog\/#website","url":"https:\/\/dicodusport.fr\/blog\/","name":"Dicodusport","description":"L&#039;encyclop\u00e9die de l&#039;actualit\u00e9 sportive","publisher":{"@id":"https:\/\/dicodusport.fr\/blog\/#organization"},"potentialAction":[{"@type":"SearchAction","target":{"@type":"EntryPoint","urlTemplate":"https:\/\/dicodusport.fr\/blog\/?s={search_term_string}"},"query-input":{"@type":"PropertyValueSpecification","valueRequired":true,"valueName":"search_term_string"}}],"inLanguage":"fr-FR"},{"@type":"NewsMediaOrganization","@id":"https:\/\/dicodusport.fr\/blog\/#organization","name":"Dicodusport","url":"https:\/\/dicodusport.fr\/blog\/","logo":{"@type":"ImageObject","inLanguage":"fr-FR","@id":"https:\/\/dicodusport.fr\/blog\/#\/schema\/logo\/image\/","url":"https:\/\/dicodusport.fr\/blog\/wp-content\/uploads\/2020\/06\/cropped-LOGO-DICODUSPORT-2020-SANS-FOND-SANS-TEXTE.png","contentUrl":"https:\/\/dicodusport.fr\/blog\/wp-content\/uploads\/2020\/06\/cropped-LOGO-DICODUSPORT-2020-SANS-FOND-SANS-TEXTE.png","width":512,"height":512,"caption":"Dicodusport"},"image":{"@id":"https:\/\/dicodusport.fr\/blog\/#\/schema\/logo\/image\/"},"sameAs":["https:\/\/www.facebook.com\/dicodusport","https:\/\/x.com\/dicodusport","https:\/\/www.instagram.com\/dicodusport\/","https:\/\/www.youtube.com\/channel\/UC7V2KZ5sd3htJivAbA4ZG3w"],"description":"Dicodusport est l'encyclop\u00e9die de l'actualit\u00e9 sportive.","email":"bonjour@dicodusport.fr","legalName":"DICODUSPORT","foundingDate":"2018-01-14","vatID":"FR71834470973","taxID":"83447097300043","numberOfEmployees":{"@type":"QuantitativeValue","minValue":"1","maxValue":"10"}},{"@type":"Person","@id":"https:\/\/dicodusport.fr\/blog\/#\/schema\/person\/cb02af4c173ce4a653b55e9baf388d4a","name":"Flo Ostermann","image":{"@type":"ImageObject","inLanguage":"fr-FR","@id":"https:\/\/dicodusport.fr\/blog\/#\/schema\/person\/image\/","url":"https:\/\/dicodusport.fr\/blog\/wp-content\/uploads\/2021\/05\/Flo-Ostermann-150x150.jpg","contentUrl":"https:\/\/dicodusport.fr\/blog\/wp-content\/uploads\/2021\/05\/Flo-Ostermann-150x150.jpg","caption":"Flo Ostermann"},"description":"Journaliste\/R\u00e9dacteur depuis septembre 2015 - Mes premiers souvenirs dans le sport ? Les envol\u00e9es du Stade Toulousain et les duels Villeneuve-Schumacher et H\u00e4kkinen-Schumacher \u00e0 la fin des ann\u00e9es 90, la Coupe du monde de football en 1998, l\u2019exploit du XV de France face aux All Blacks en 1999, mais aussi Richard C\u0153ur de Lion qui vole sur les montagnes du Tour de France. Bien parti pour devenir professeur d\u2019EPS, les \u00e9v\u00e9nements de la vie (et la flemme d\u2019animer des s\u00e9ances de 3x500 m\u00e8tres toute ma vie) m\u2019ont conduit \u00e0 revoir mes plans. Me voil\u00e0 depuis fin 2017 sur Dicodusport, m\u00e9dia gr\u00e2ce (et pour) lequel je partage ma passion : le sport dans tous ses \u00e9tats. Le tout accompagn\u00e9 par les fous furieux et folles furieuses cit\u00e9s sur cette page !","sameAs":["https:\/\/www.facebook.com\/florent.ostermann","https:\/\/x.com\/https:\/\/twitter.com\/FlOstermann","admin"],"url":"https:\/\/dicodusport.fr\/blog\/author\/flo\/"}]}},"_links":{"self":[{"href":"https:\/\/dicodusport.fr\/blog\/wp-json\/wp\/v2\/posts\/70964","targetHints":{"allow":["GET"]}}],"collection":[{"href":"https:\/\/dicodusport.fr\/blog\/wp-json\/wp\/v2\/posts"}],"about":[{"href":"https:\/\/dicodusport.fr\/blog\/wp-json\/wp\/v2\/types\/post"}],"author":[{"embeddable":true,"href":"https:\/\/dicodusport.fr\/blog\/wp-json\/wp\/v2\/users\/4"}],"replies":[{"embeddable":true,"href":"https:\/\/dicodusport.fr\/blog\/wp-json\/wp\/v2\/comments?post=70964"}],"version-history":[{"count":0,"href":"https:\/\/dicodusport.fr\/blog\/wp-json\/wp\/v2\/posts\/70964\/revisions"}],"wp:featuredmedia":[{"embeddable":true,"href":"https:\/\/dicodusport.fr\/blog\/wp-json\/wp\/v2\/media\/70966"}],"wp:attachment":[{"href":"https:\/\/dicodusport.fr\/blog\/wp-json\/wp\/v2\/media?parent=70964"}],"wp:term":[{"taxonomy":"category","embeddable":true,"href":"https:\/\/dicodusport.fr\/blog\/wp-json\/wp\/v2\/categories?post=70964"},{"taxonomy":"post_tag","embeddable":true,"href":"https:\/\/dicodusport.fr\/blog\/wp-json\/wp\/v2\/tags?post=70964"}],"curies":[{"name":"wp","href":"https:\/\/api.w.org\/{rel}","templated":true}]}}