{"id":71025,"date":"2020-07-07T19:18:46","date_gmt":"2020-07-07T17:18:46","guid":{"rendered":"http:\/\/dicodusport.fr\/blog\/?p=71025&#038;preview=true&#038;preview_id=71025"},"modified":"2020-07-08T11:45:57","modified_gmt":"2020-07-08T09:45:57","slug":"tour-de-france-il-y-a-19-ans-christophe-moreau-remportait-prologue-dunkerque","status":"publish","type":"post","link":"https:\/\/dicodusport.fr\/blog\/tour-de-france-il-y-a-19-ans-christophe-moreau-remportait-prologue-dunkerque\/","title":{"rendered":"Tour de France : Il y a 19 ans, Christophe Moreau remportait le prologue de Dunkerque"},"content":{"rendered":"<p style=\"text-align: justify;\"><em><b>TOUR DE FRANCE \u2013 Durant une bonne partie du mois de juillet, on vous propose de jeter un \u0153il dans le r\u00e9tro de la Grande Boucle. Il y a 19 ans, Christophe Moreau (Festina) frappait un grand coup en enlevant le prologue disput\u00e9 dans les rues de Dunkerque.<\/b><\/em><\/p>\n<p style=\"text-align: justify;\">Le jour o\u00f9 <strong>Christophe Moreau<\/strong> a vol\u00e9 la vedette \u00e0 <strong>Lance Armstrong<\/strong>. Ce 7 juillet 2001, le natif de Vervins (Aisne) grille la politesse aux grands pr\u00e9tendants \u00e0 la victoire finale, alors qu&rsquo;il est lui-m\u00eame l&rsquo;un des outsiders. Le nouveau visage de la formation <strong>Festina<\/strong>, apr\u00e8s les diverses affaires de dopage qui ont frapp\u00e9 la formation phare de la fin des ann\u00e9es 90, remporte un prologue de 8,2 km dans les rues dunkerquoises. \u00c0 52,714 km\/h de moyenne, celui qui vient de remporter le Crit\u00e9rium du Dauphin\u00e9 Lib\u00e9r\u00e9 devance <strong>Igor Gonzalez de Galdeano<\/strong> (ONCE) de 3 secondes et <strong>Lance Armstrong<\/strong> (US Postal) de 4 secondes.<\/p>\n<p style=\"text-align: justify;\">La suite fut moins glorieuse pour le Fran\u00e7ais. Apr\u00e8s deux jours en jaune et des Alpes mitig\u00e9es, le leader de la Festina abandonne lors de 12\u00e8me \u00e9tape, lors du premier acte pyr\u00e9n\u00e9en, suite (officiellement) \u00e0 un coup de froid. Quatri\u00e8me un an plus t\u00f4t, il ne parviendra jamais \u00e0 monter sur le podium final de la <strong>Grande Boucle<\/strong>.<\/p>\n<p><span class=\"p87BAPGfl23IsqVp6WYgVETNMxzyhBSLDm0C24Xtnn1UWzGJbwX7Flo3TJuO9RIvRi65fZjxgNH5tu9QcDiUe\"><iframe loading=\"lazy\" title=\"[Cyclisme. Tour de France : r\u00e9sum\u00e9 prologue]\" width=\"740\" height=\"555\" src=\"https:\/\/www.youtube.com\/embed\/hWPiiPDfG5I?feature=oembed\" frameborder=\"0\" allow=\"accelerometer; autoplay; clipboard-write; encrypted-media; gyroscope; picture-in-picture; web-share\" allowfullscreen><\/iframe><\/span><\/p>\n<p><strong><em>Dicodusport<br \/>\n<a href=\"https:\/\/www.facebook.com\/dicodusport\/\" target=\"_blank\" rel=\"noopener noreferrer\"><img loading=\"lazy\" decoding=\"async\" class=\"alignnone wp-image-2909\" src=\"http:\/\/dicodusport.fr\/blog\/wp-content\/uploads\/2017\/07\/logo-facebook-150x150.png\" alt=\"\" width=\"40\" height=\"40\" \/><\/a><a href=\"https:\/\/twitter.com\/dicodusport\" target=\"_blank\" rel=\"noopener noreferrer\"><img loading=\"lazy\" decoding=\"async\" class=\"alignnone wp-image-2908\" src=\"http:\/\/dicodusport.fr\/blog\/wp-content\/uploads\/2017\/07\/logo-twitter-150x150.png\" alt=\"\" width=\"39\" height=\"39\" \/><\/a><\/em><\/strong><\/p>\n","protected":false},"excerpt":{"rendered":"<p>TOUR DE FRANCE \u2013 Durant une bonne partie du mois de juillet, on vous propose de jeter un \u0153il dans le r\u00e9tro de la Grande Boucle. Il y a 19 ans, Christophe Moreau (Festina) frappait un grand coup en enlevant le prologue disput\u00e9 dans les rues de Dunkerque.<\/p>\n","protected":false},"author":4,"featured_media":71028,"comment_status":"open","ping_status":"closed","sticky":false,"template":"","format":"standard","meta":{"_acf_changed":false,"_daextam_enable_autolinks":"","footnotes":""},"categories":[2307],"tags":[],"class_list":["post-71025","post","type-post","status-publish","format-standard","has-post-thumbnail","hentry","category-cyclisme"],"acf":[],"yoast_head":"<!-- This site is optimized with the Yoast SEO Premium plugin v26.7 (Yoast SEO v26.7) - https:\/\/yoast.com\/wordpress\/plugins\/seo\/ -->\n<title>Tour de France : Il y a 19 ans, Christophe Moreau remportait le prologue de Dunkerque<\/title>\n<meta name=\"description\" content=\"TOUR DE FRANCE \u2013 Il y a 19 ans, Christophe Moreau (Festina) frappait un grand coup en enlevant le prologue du Tour 2001 disput\u00e9 dans les rues de Dunkerque.\" \/>\n<meta name=\"robots\" content=\"index, follow, max-snippet:-1, max-image-preview:large, max-video-preview:-1\" \/>\n<link rel=\"canonical\" href=\"https:\/\/dicodusport.fr\/blog\/tour-de-france-il-y-a-19-ans-christophe-moreau-remportait-prologue-dunkerque\/\" \/>\n<meta property=\"og:locale\" content=\"fr_FR\" \/>\n<meta property=\"og:type\" content=\"article\" \/>\n<meta property=\"og:title\" content=\"Tour de France : Il y a 19 ans, Moreau remportait le prologue de Dunkerque\" \/>\n<meta property=\"og:description\" content=\"TOUR DE FRANCE \u2013 Il y a 19 ans, Christophe Moreau (Festina) frappait un grand coup en enlevant le prologue du Tour 2001 disput\u00e9 dans les rues de Dunkerque.\" \/>\n<meta property=\"og:url\" content=\"https:\/\/dicodusport.fr\/blog\/tour-de-france-il-y-a-19-ans-christophe-moreau-remportait-prologue-dunkerque\/\" \/>\n<meta property=\"og:site_name\" content=\"Dicodusport\" \/>\n<meta property=\"article:publisher\" content=\"https:\/\/www.facebook.com\/dicodusport\" \/>\n<meta property=\"article:author\" content=\"https:\/\/www.facebook.com\/florent.ostermann\" \/>\n<meta property=\"article:published_time\" content=\"2020-07-07T17:18:46+00:00\" \/>\n<meta property=\"article:modified_time\" content=\"2020-07-08T09:45:57+00:00\" \/>\n<meta property=\"og:image\" content=\"https:\/\/dicodusport.fr\/blog\/wp-content\/uploads\/2020\/07\/Tour-de-France-Il-y-a-19-ans-Christophe-Moreau-remportait-le-prologue-de-Dunkerque.png\" \/>\n\t<meta property=\"og:image:width\" content=\"800\" \/>\n\t<meta property=\"og:image:height\" content=\"445\" \/>\n\t<meta property=\"og:image:type\" content=\"image\/png\" \/>\n<meta name=\"author\" content=\"Flo Ostermann\" \/>\n<meta name=\"twitter:card\" content=\"summary_large_image\" \/>\n<meta name=\"twitter:title\" content=\"Tour de France : Il y a 19 ans, Moreau remportait le prologue de Dunkerque\" \/>\n<meta name=\"twitter:creator\" content=\"@https:\/\/twitter.com\/FlOstermann\" \/>\n<meta name=\"twitter:site\" content=\"@dicodusport\" \/>\n<script type=\"application\/ld+json\" class=\"yoast-schema-graph\">{\"@context\":\"https:\/\/schema.org\",\"@graph\":[{\"@type\":\"NewsArticle\",\"@id\":\"https:\/\/dicodusport.fr\/blog\/tour-de-france-il-y-a-19-ans-christophe-moreau-remportait-prologue-dunkerque\/#article\",\"isPartOf\":{\"@id\":\"https:\/\/dicodusport.fr\/blog\/tour-de-france-il-y-a-19-ans-christophe-moreau-remportait-prologue-dunkerque\/\"},\"author\":{\"name\":\"Flo Ostermann\",\"@id\":\"https:\/\/dicodusport.fr\/blog\/#\/schema\/person\/cb02af4c173ce4a653b55e9baf388d4a\"},\"headline\":\"Tour de France : Il y a 19 ans, Christophe Moreau remportait le prologue de Dunkerque\",\"datePublished\":\"2020-07-07T17:18:46+00:00\",\"dateModified\":\"2020-07-08T09:45:57+00:00\",\"mainEntityOfPage\":{\"@id\":\"https:\/\/dicodusport.fr\/blog\/tour-de-france-il-y-a-19-ans-christophe-moreau-remportait-prologue-dunkerque\/\"},\"wordCount\":237,\"commentCount\":0,\"publisher\":{\"@id\":\"https:\/\/dicodusport.fr\/blog\/#organization\"},\"image\":{\"@id\":\"https:\/\/dicodusport.fr\/blog\/tour-de-france-il-y-a-19-ans-christophe-moreau-remportait-prologue-dunkerque\/#primaryimage\"},\"thumbnailUrl\":\"https:\/\/dicodusport.fr\/blog\/wp-content\/uploads\/2020\/07\/Tour-de-France-Il-y-a-19-ans-Christophe-Moreau-remportait-le-prologue-de-Dunkerque.png\",\"articleSection\":[\"Cyclisme\"],\"inLanguage\":\"fr-FR\",\"potentialAction\":[{\"@type\":\"CommentAction\",\"name\":\"Comment\",\"target\":[\"https:\/\/dicodusport.fr\/blog\/tour-de-france-il-y-a-19-ans-christophe-moreau-remportait-prologue-dunkerque\/#respond\"]}],\"copyrightYear\":\"2020\",\"copyrightHolder\":{\"@id\":\"https:\/\/dicodusport.fr\/blog\/#organization\"}},{\"@type\":\"WebPage\",\"@id\":\"https:\/\/dicodusport.fr\/blog\/tour-de-france-il-y-a-19-ans-christophe-moreau-remportait-prologue-dunkerque\/\",\"url\":\"https:\/\/dicodusport.fr\/blog\/tour-de-france-il-y-a-19-ans-christophe-moreau-remportait-prologue-dunkerque\/\",\"name\":\"Tour de France : Il y a 19 ans, Christophe Moreau remportait le prologue de Dunkerque\",\"isPartOf\":{\"@id\":\"https:\/\/dicodusport.fr\/blog\/#website\"},\"primaryImageOfPage\":{\"@id\":\"https:\/\/dicodusport.fr\/blog\/tour-de-france-il-y-a-19-ans-christophe-moreau-remportait-prologue-dunkerque\/#primaryimage\"},\"image\":{\"@id\":\"https:\/\/dicodusport.fr\/blog\/tour-de-france-il-y-a-19-ans-christophe-moreau-remportait-prologue-dunkerque\/#primaryimage\"},\"thumbnailUrl\":\"https:\/\/dicodusport.fr\/blog\/wp-content\/uploads\/2020\/07\/Tour-de-France-Il-y-a-19-ans-Christophe-Moreau-remportait-le-prologue-de-Dunkerque.png\",\"datePublished\":\"2020-07-07T17:18:46+00:00\",\"dateModified\":\"2020-07-08T09:45:57+00:00\",\"description\":\"TOUR DE FRANCE \u2013 Il y a 19 ans, Christophe Moreau (Festina) frappait un grand coup en enlevant le prologue du Tour 2001 disput\u00e9 dans les rues de Dunkerque.\",\"breadcrumb\":{\"@id\":\"https:\/\/dicodusport.fr\/blog\/tour-de-france-il-y-a-19-ans-christophe-moreau-remportait-prologue-dunkerque\/#breadcrumb\"},\"inLanguage\":\"fr-FR\",\"potentialAction\":[{\"@type\":\"ReadAction\",\"target\":[\"https:\/\/dicodusport.fr\/blog\/tour-de-france-il-y-a-19-ans-christophe-moreau-remportait-prologue-dunkerque\/\"]}]},{\"@type\":\"ImageObject\",\"inLanguage\":\"fr-FR\",\"@id\":\"https:\/\/dicodusport.fr\/blog\/tour-de-france-il-y-a-19-ans-christophe-moreau-remportait-prologue-dunkerque\/#primaryimage\",\"url\":\"https:\/\/dicodusport.fr\/blog\/wp-content\/uploads\/2020\/07\/Tour-de-France-Il-y-a-19-ans-Christophe-Moreau-remportait-le-prologue-de-Dunkerque.png\",\"contentUrl\":\"https:\/\/dicodusport.fr\/blog\/wp-content\/uploads\/2020\/07\/Tour-de-France-Il-y-a-19-ans-Christophe-Moreau-remportait-le-prologue-de-Dunkerque.png\",\"width\":800,\"height\":445,\"caption\":\"Tour de France : Il y a 19 ans, Christophe Moreau remportait le prologue de Dunkerque\"},{\"@type\":\"BreadcrumbList\",\"@id\":\"https:\/\/dicodusport.fr\/blog\/tour-de-france-il-y-a-19-ans-christophe-moreau-remportait-prologue-dunkerque\/#breadcrumb\",\"itemListElement\":[{\"@type\":\"ListItem\",\"position\":1,\"name\":\"Accueil\",\"item\":\"https:\/\/dicodusport.fr\/blog\/\"},{\"@type\":\"ListItem\",\"position\":2,\"name\":\"Tour de France : Il y a 19 ans, Christophe Moreau remportait le prologue de Dunkerque\"}]},{\"@type\":\"WebSite\",\"@id\":\"https:\/\/dicodusport.fr\/blog\/#website\",\"url\":\"https:\/\/dicodusport.fr\/blog\/\",\"name\":\"Dicodusport\",\"description\":\"L&#039;encyclop\u00e9die de l&#039;actualit\u00e9 sportive\",\"publisher\":{\"@id\":\"https:\/\/dicodusport.fr\/blog\/#organization\"},\"potentialAction\":[{\"@type\":\"SearchAction\",\"target\":{\"@type\":\"EntryPoint\",\"urlTemplate\":\"https:\/\/dicodusport.fr\/blog\/?s={search_term_string}\"},\"query-input\":{\"@type\":\"PropertyValueSpecification\",\"valueRequired\":true,\"valueName\":\"search_term_string\"}}],\"inLanguage\":\"fr-FR\"},{\"@type\":\"NewsMediaOrganization\",\"@id\":\"https:\/\/dicodusport.fr\/blog\/#organization\",\"name\":\"Dicodusport\",\"url\":\"https:\/\/dicodusport.fr\/blog\/\",\"logo\":{\"@type\":\"ImageObject\",\"inLanguage\":\"fr-FR\",\"@id\":\"https:\/\/dicodusport.fr\/blog\/#\/schema\/logo\/image\/\",\"url\":\"https:\/\/dicodusport.fr\/blog\/wp-content\/uploads\/2020\/06\/cropped-LOGO-DICODUSPORT-2020-SANS-FOND-SANS-TEXTE.png\",\"contentUrl\":\"https:\/\/dicodusport.fr\/blog\/wp-content\/uploads\/2020\/06\/cropped-LOGO-DICODUSPORT-2020-SANS-FOND-SANS-TEXTE.png\",\"width\":512,\"height\":512,\"caption\":\"Dicodusport\"},\"image\":{\"@id\":\"https:\/\/dicodusport.fr\/blog\/#\/schema\/logo\/image\/\"},\"sameAs\":[\"https:\/\/www.facebook.com\/dicodusport\",\"https:\/\/x.com\/dicodusport\",\"https:\/\/www.instagram.com\/dicodusport\/\",\"https:\/\/www.youtube.com\/channel\/UC7V2KZ5sd3htJivAbA4ZG3w\"],\"description\":\"Dicodusport est l'encyclop\u00e9die de l'actualit\u00e9 sportive.\",\"email\":\"bonjour@dicodusport.fr\",\"legalName\":\"DICODUSPORT\",\"foundingDate\":\"2018-01-14\",\"vatID\":\"FR71834470973\",\"taxID\":\"83447097300043\",\"numberOfEmployees\":{\"@type\":\"QuantitativeValue\",\"minValue\":\"1\",\"maxValue\":\"10\"}},{\"@type\":\"Person\",\"@id\":\"https:\/\/dicodusport.fr\/blog\/#\/schema\/person\/cb02af4c173ce4a653b55e9baf388d4a\",\"name\":\"Flo Ostermann\",\"image\":{\"@type\":\"ImageObject\",\"inLanguage\":\"fr-FR\",\"@id\":\"https:\/\/dicodusport.fr\/blog\/#\/schema\/person\/image\/\",\"url\":\"https:\/\/dicodusport.fr\/blog\/wp-content\/uploads\/2021\/05\/Flo-Ostermann-150x150.jpg\",\"contentUrl\":\"https:\/\/dicodusport.fr\/blog\/wp-content\/uploads\/2021\/05\/Flo-Ostermann-150x150.jpg\",\"caption\":\"Flo Ostermann\"},\"description\":\"Journaliste\/R\u00e9dacteur depuis septembre 2015 - Mes premiers souvenirs dans le sport ? Les envol\u00e9es du Stade Toulousain et les duels Villeneuve-Schumacher et H\u00e4kkinen-Schumacher \u00e0 la fin des ann\u00e9es 90, la Coupe du monde de football en 1998, l\u2019exploit du XV de France face aux All Blacks en 1999, mais aussi Richard C\u0153ur de Lion qui vole sur les montagnes du Tour de France. Bien parti pour devenir professeur d\u2019EPS, les \u00e9v\u00e9nements de la vie (et la flemme d\u2019animer des s\u00e9ances de 3x500 m\u00e8tres toute ma vie) m\u2019ont conduit \u00e0 revoir mes plans. Me voil\u00e0 depuis fin 2017 sur Dicodusport, m\u00e9dia gr\u00e2ce (et pour) lequel je partage ma passion : le sport dans tous ses \u00e9tats. Le tout accompagn\u00e9 par les fous furieux et folles furieuses cit\u00e9s sur cette page !\",\"sameAs\":[\"https:\/\/www.facebook.com\/florent.ostermann\",\"https:\/\/x.com\/https:\/\/twitter.com\/FlOstermann\",\"admin\"],\"url\":\"https:\/\/dicodusport.fr\/blog\/author\/flo\/\"}]}<\/script>\n<!-- \/ Yoast SEO Premium plugin. -->","yoast_head_json":{"title":"Tour de France : Il y a 19 ans, Christophe Moreau remportait le prologue de Dunkerque","description":"TOUR DE FRANCE \u2013 Il y a 19 ans, Christophe Moreau (Festina) frappait un grand coup en enlevant le prologue du Tour 2001 disput\u00e9 dans les rues de Dunkerque.","robots":{"index":"index","follow":"follow","max-snippet":"max-snippet:-1","max-image-preview":"max-image-preview:large","max-video-preview":"max-video-preview:-1"},"canonical":"https:\/\/dicodusport.fr\/blog\/tour-de-france-il-y-a-19-ans-christophe-moreau-remportait-prologue-dunkerque\/","og_locale":"fr_FR","og_type":"article","og_title":"Tour de France : Il y a 19 ans, Moreau remportait le prologue de Dunkerque","og_description":"TOUR DE FRANCE \u2013 Il y a 19 ans, Christophe Moreau (Festina) frappait un grand coup en enlevant le prologue du Tour 2001 disput\u00e9 dans les rues de Dunkerque.","og_url":"https:\/\/dicodusport.fr\/blog\/tour-de-france-il-y-a-19-ans-christophe-moreau-remportait-prologue-dunkerque\/","og_site_name":"Dicodusport","article_publisher":"https:\/\/www.facebook.com\/dicodusport","article_author":"https:\/\/www.facebook.com\/florent.ostermann","article_published_time":"2020-07-07T17:18:46+00:00","article_modified_time":"2020-07-08T09:45:57+00:00","og_image":[{"width":800,"height":445,"url":"https:\/\/dicodusport.fr\/blog\/wp-content\/uploads\/2020\/07\/Tour-de-France-Il-y-a-19-ans-Christophe-Moreau-remportait-le-prologue-de-Dunkerque.png","type":"image\/png"}],"author":"Flo Ostermann","twitter_card":"summary_large_image","twitter_title":"Tour de France : Il y a 19 ans, Moreau remportait le prologue de Dunkerque","twitter_creator":"@https:\/\/twitter.com\/FlOstermann","twitter_site":"@dicodusport","schema":{"@context":"https:\/\/schema.org","@graph":[{"@type":"NewsArticle","@id":"https:\/\/dicodusport.fr\/blog\/tour-de-france-il-y-a-19-ans-christophe-moreau-remportait-prologue-dunkerque\/#article","isPartOf":{"@id":"https:\/\/dicodusport.fr\/blog\/tour-de-france-il-y-a-19-ans-christophe-moreau-remportait-prologue-dunkerque\/"},"author":{"name":"Flo Ostermann","@id":"https:\/\/dicodusport.fr\/blog\/#\/schema\/person\/cb02af4c173ce4a653b55e9baf388d4a"},"headline":"Tour de France : Il y a 19 ans, Christophe Moreau remportait le prologue de Dunkerque","datePublished":"2020-07-07T17:18:46+00:00","dateModified":"2020-07-08T09:45:57+00:00","mainEntityOfPage":{"@id":"https:\/\/dicodusport.fr\/blog\/tour-de-france-il-y-a-19-ans-christophe-moreau-remportait-prologue-dunkerque\/"},"wordCount":237,"commentCount":0,"publisher":{"@id":"https:\/\/dicodusport.fr\/blog\/#organization"},"image":{"@id":"https:\/\/dicodusport.fr\/blog\/tour-de-france-il-y-a-19-ans-christophe-moreau-remportait-prologue-dunkerque\/#primaryimage"},"thumbnailUrl":"https:\/\/dicodusport.fr\/blog\/wp-content\/uploads\/2020\/07\/Tour-de-France-Il-y-a-19-ans-Christophe-Moreau-remportait-le-prologue-de-Dunkerque.png","articleSection":["Cyclisme"],"inLanguage":"fr-FR","potentialAction":[{"@type":"CommentAction","name":"Comment","target":["https:\/\/dicodusport.fr\/blog\/tour-de-france-il-y-a-19-ans-christophe-moreau-remportait-prologue-dunkerque\/#respond"]}],"copyrightYear":"2020","copyrightHolder":{"@id":"https:\/\/dicodusport.fr\/blog\/#organization"}},{"@type":"WebPage","@id":"https:\/\/dicodusport.fr\/blog\/tour-de-france-il-y-a-19-ans-christophe-moreau-remportait-prologue-dunkerque\/","url":"https:\/\/dicodusport.fr\/blog\/tour-de-france-il-y-a-19-ans-christophe-moreau-remportait-prologue-dunkerque\/","name":"Tour de France : Il y a 19 ans, Christophe Moreau remportait le prologue de Dunkerque","isPartOf":{"@id":"https:\/\/dicodusport.fr\/blog\/#website"},"primaryImageOfPage":{"@id":"https:\/\/dicodusport.fr\/blog\/tour-de-france-il-y-a-19-ans-christophe-moreau-remportait-prologue-dunkerque\/#primaryimage"},"image":{"@id":"https:\/\/dicodusport.fr\/blog\/tour-de-france-il-y-a-19-ans-christophe-moreau-remportait-prologue-dunkerque\/#primaryimage"},"thumbnailUrl":"https:\/\/dicodusport.fr\/blog\/wp-content\/uploads\/2020\/07\/Tour-de-France-Il-y-a-19-ans-Christophe-Moreau-remportait-le-prologue-de-Dunkerque.png","datePublished":"2020-07-07T17:18:46+00:00","dateModified":"2020-07-08T09:45:57+00:00","description":"TOUR DE FRANCE \u2013 Il y a 19 ans, Christophe Moreau (Festina) frappait un grand coup en enlevant le prologue du Tour 2001 disput\u00e9 dans les rues de Dunkerque.","breadcrumb":{"@id":"https:\/\/dicodusport.fr\/blog\/tour-de-france-il-y-a-19-ans-christophe-moreau-remportait-prologue-dunkerque\/#breadcrumb"},"inLanguage":"fr-FR","potentialAction":[{"@type":"ReadAction","target":["https:\/\/dicodusport.fr\/blog\/tour-de-france-il-y-a-19-ans-christophe-moreau-remportait-prologue-dunkerque\/"]}]},{"@type":"ImageObject","inLanguage":"fr-FR","@id":"https:\/\/dicodusport.fr\/blog\/tour-de-france-il-y-a-19-ans-christophe-moreau-remportait-prologue-dunkerque\/#primaryimage","url":"https:\/\/dicodusport.fr\/blog\/wp-content\/uploads\/2020\/07\/Tour-de-France-Il-y-a-19-ans-Christophe-Moreau-remportait-le-prologue-de-Dunkerque.png","contentUrl":"https:\/\/dicodusport.fr\/blog\/wp-content\/uploads\/2020\/07\/Tour-de-France-Il-y-a-19-ans-Christophe-Moreau-remportait-le-prologue-de-Dunkerque.png","width":800,"height":445,"caption":"Tour de France : Il y a 19 ans, Christophe Moreau remportait le prologue de Dunkerque"},{"@type":"BreadcrumbList","@id":"https:\/\/dicodusport.fr\/blog\/tour-de-france-il-y-a-19-ans-christophe-moreau-remportait-prologue-dunkerque\/#breadcrumb","itemListElement":[{"@type":"ListItem","position":1,"name":"Accueil","item":"https:\/\/dicodusport.fr\/blog\/"},{"@type":"ListItem","position":2,"name":"Tour de France : Il y a 19 ans, Christophe Moreau remportait le prologue de Dunkerque"}]},{"@type":"WebSite","@id":"https:\/\/dicodusport.fr\/blog\/#website","url":"https:\/\/dicodusport.fr\/blog\/","name":"Dicodusport","description":"L&#039;encyclop\u00e9die de l&#039;actualit\u00e9 sportive","publisher":{"@id":"https:\/\/dicodusport.fr\/blog\/#organization"},"potentialAction":[{"@type":"SearchAction","target":{"@type":"EntryPoint","urlTemplate":"https:\/\/dicodusport.fr\/blog\/?s={search_term_string}"},"query-input":{"@type":"PropertyValueSpecification","valueRequired":true,"valueName":"search_term_string"}}],"inLanguage":"fr-FR"},{"@type":"NewsMediaOrganization","@id":"https:\/\/dicodusport.fr\/blog\/#organization","name":"Dicodusport","url":"https:\/\/dicodusport.fr\/blog\/","logo":{"@type":"ImageObject","inLanguage":"fr-FR","@id":"https:\/\/dicodusport.fr\/blog\/#\/schema\/logo\/image\/","url":"https:\/\/dicodusport.fr\/blog\/wp-content\/uploads\/2020\/06\/cropped-LOGO-DICODUSPORT-2020-SANS-FOND-SANS-TEXTE.png","contentUrl":"https:\/\/dicodusport.fr\/blog\/wp-content\/uploads\/2020\/06\/cropped-LOGO-DICODUSPORT-2020-SANS-FOND-SANS-TEXTE.png","width":512,"height":512,"caption":"Dicodusport"},"image":{"@id":"https:\/\/dicodusport.fr\/blog\/#\/schema\/logo\/image\/"},"sameAs":["https:\/\/www.facebook.com\/dicodusport","https:\/\/x.com\/dicodusport","https:\/\/www.instagram.com\/dicodusport\/","https:\/\/www.youtube.com\/channel\/UC7V2KZ5sd3htJivAbA4ZG3w"],"description":"Dicodusport est l'encyclop\u00e9die de l'actualit\u00e9 sportive.","email":"bonjour@dicodusport.fr","legalName":"DICODUSPORT","foundingDate":"2018-01-14","vatID":"FR71834470973","taxID":"83447097300043","numberOfEmployees":{"@type":"QuantitativeValue","minValue":"1","maxValue":"10"}},{"@type":"Person","@id":"https:\/\/dicodusport.fr\/blog\/#\/schema\/person\/cb02af4c173ce4a653b55e9baf388d4a","name":"Flo Ostermann","image":{"@type":"ImageObject","inLanguage":"fr-FR","@id":"https:\/\/dicodusport.fr\/blog\/#\/schema\/person\/image\/","url":"https:\/\/dicodusport.fr\/blog\/wp-content\/uploads\/2021\/05\/Flo-Ostermann-150x150.jpg","contentUrl":"https:\/\/dicodusport.fr\/blog\/wp-content\/uploads\/2021\/05\/Flo-Ostermann-150x150.jpg","caption":"Flo Ostermann"},"description":"Journaliste\/R\u00e9dacteur depuis septembre 2015 - Mes premiers souvenirs dans le sport ? Les envol\u00e9es du Stade Toulousain et les duels Villeneuve-Schumacher et H\u00e4kkinen-Schumacher \u00e0 la fin des ann\u00e9es 90, la Coupe du monde de football en 1998, l\u2019exploit du XV de France face aux All Blacks en 1999, mais aussi Richard C\u0153ur de Lion qui vole sur les montagnes du Tour de France. Bien parti pour devenir professeur d\u2019EPS, les \u00e9v\u00e9nements de la vie (et la flemme d\u2019animer des s\u00e9ances de 3x500 m\u00e8tres toute ma vie) m\u2019ont conduit \u00e0 revoir mes plans. Me voil\u00e0 depuis fin 2017 sur Dicodusport, m\u00e9dia gr\u00e2ce (et pour) lequel je partage ma passion : le sport dans tous ses \u00e9tats. Le tout accompagn\u00e9 par les fous furieux et folles furieuses cit\u00e9s sur cette page !","sameAs":["https:\/\/www.facebook.com\/florent.ostermann","https:\/\/x.com\/https:\/\/twitter.com\/FlOstermann","admin"],"url":"https:\/\/dicodusport.fr\/blog\/author\/flo\/"}]}},"_links":{"self":[{"href":"https:\/\/dicodusport.fr\/blog\/wp-json\/wp\/v2\/posts\/71025","targetHints":{"allow":["GET"]}}],"collection":[{"href":"https:\/\/dicodusport.fr\/blog\/wp-json\/wp\/v2\/posts"}],"about":[{"href":"https:\/\/dicodusport.fr\/blog\/wp-json\/wp\/v2\/types\/post"}],"author":[{"embeddable":true,"href":"https:\/\/dicodusport.fr\/blog\/wp-json\/wp\/v2\/users\/4"}],"replies":[{"embeddable":true,"href":"https:\/\/dicodusport.fr\/blog\/wp-json\/wp\/v2\/comments?post=71025"}],"version-history":[{"count":0,"href":"https:\/\/dicodusport.fr\/blog\/wp-json\/wp\/v2\/posts\/71025\/revisions"}],"wp:featuredmedia":[{"embeddable":true,"href":"https:\/\/dicodusport.fr\/blog\/wp-json\/wp\/v2\/media\/71028"}],"wp:attachment":[{"href":"https:\/\/dicodusport.fr\/blog\/wp-json\/wp\/v2\/media?parent=71025"}],"wp:term":[{"taxonomy":"category","embeddable":true,"href":"https:\/\/dicodusport.fr\/blog\/wp-json\/wp\/v2\/categories?post=71025"},{"taxonomy":"post_tag","embeddable":true,"href":"https:\/\/dicodusport.fr\/blog\/wp-json\/wp\/v2\/tags?post=71025"}],"curies":[{"name":"wp","href":"https:\/\/api.w.org\/{rel}","templated":true}]}}