{"id":71064,"date":"2020-07-08T13:04:35","date_gmt":"2020-07-08T11:04:35","guid":{"rendered":"http:\/\/dicodusport.fr\/blog\/?p=71064&#038;preview=true&#038;preview_id=71064"},"modified":"2020-07-08T13:48:50","modified_gmt":"2020-07-08T11:48:50","slug":"officiel-f1-fernando-alonso-retour-renault-2021","status":"publish","type":"post","link":"https:\/\/dicodusport.fr\/blog\/officiel-f1-fernando-alonso-retour-renault-2021\/","title":{"rendered":"Officiel : Fernando Alonso de retour chez Renault en 2021"},"content":{"rendered":"<p style=\"text-align: justify;\"><strong><em>FORMULE 1 &#8211; C&rsquo;est d\u00e9sormais officiel. <a href=\"https:\/\/dicodusport.fr\/blog\/arrivee-fernando-alonso-renault-se-precise\/\" target=\"_blank\" rel=\"noopener noreferrer\">Apr\u00e8s les rumeurs insistantes de ces derniers jours<\/a>, l&rsquo;Espagnol Fernando Alonso effectuera bel et bien son retour en F1 chez Renault la saison prochaine, aux c\u00f4t\u00e9s d&rsquo;Esteban Ocon. Le Taureau des Asturies avait mis entre parenth\u00e8ses sa carri\u00e8re en Formule 1 il y a deux ans.<\/em><\/strong><\/p>\n<p style=\"text-align: justify;\">Il est de retour au bercail. <strong>Fernando Alonso<\/strong> va retrouver la <strong>Formule 1<\/strong>, chez Renault, l&rsquo;\u00e9curie pour laquelle il a remport\u00e9 deux titres de champion du monde des pilotes en 2005 et 2006. Suite \u00e0 un d\u00e9part tr\u00e8s contrast\u00e9 chez McLaren Mercedes en 2007, <em>Nando<\/em> avait effectu\u00e9 une deuxi\u00e8me passage mitig\u00e9 chez Renault F1 (2008 et 2009).<\/p>\n<p style=\"text-align: justify;\">Depuis sa \u00ab\u00a0retraite\u00a0\u00bb et son d\u00e9part de chez McLaren fin 2018, le natif d&rsquo;Oviedo multiplie les exp\u00e9riences automobiles, en <strong>Indycar<\/strong> (Andretti), mais aussi en courses d&rsquo;endurance et en rally-raid avec Toyota. Alonso a d&rsquo;ailleurs remport\u00e9 les <strong>24 heures du Mans<\/strong> \u00e0 deux reprises avec le constructeur nippon, en 2018 et 2019, avant de participer au Dakar cette ann\u00e9e, achev\u00e9 \u00e0 la 13\u00e8me place.<\/p>\n<hr \/>\n<ul>\n<li style=\"text-align: justify;\"><strong>\u00c0 regarder &#8211; <a href=\"https:\/\/dicodusport.fr\/blog\/video-meilleurs-moments-fernando-alonso-f1\/\" target=\"_blank\" rel=\"noopener noreferrer\">Les meilleurs moments de Fernando Alonso en F1<\/a><\/strong><\/li>\n<\/ul>\n<hr \/>\n<h2 style=\"text-align: justify;\">Un contrat longue dur\u00e9e<\/h2>\n<p style=\"text-align: justify;\"><strong>Fernando Alonso<\/strong>, qui aura 39 ans fin juillet, s&rsquo;est engag\u00e9 pour un contrat de longue dur\u00e9e, soit plus de deux ans. Le pilote aux 312 d\u00e9parts et 32 victoires en F1 remplacera <a href=\"https:\/\/dicodusport.fr\/blog\/mclaren-officialise-arrivee-daniel-ricciardo\/\" target=\"_blank\" rel=\"noopener noreferrer\">l&rsquo;Australien <strong>Daniel Ricciardo<\/strong> qui sera au volant d&rsquo;une McLaren la saison prochaine<\/a>. Ce retour de l&rsquo;Espagnol sonne comme <a href=\"https:\/\/www.f1news.fr\/fernando-alonso-de-retour-au-bercail-un-defi-de-taille-attend-esteban-ocon\/\" target=\"_blank\" rel=\"noopener noreferrer\">un immense d\u00e9fi pour <strong>Esteban Ocon<\/strong><\/a>, arriv\u00e9 chez Renault en 2020. Le Fran\u00e7ais va en effet avoir du pain sur la planche, dans l&rsquo;optique de s&rsquo;imposer comme le pilote num\u00e9ro au sein de l&rsquo;\u00e9curie au losange.<\/p>\n<blockquote class=\"twitter-tweet\">\n<p dir=\"ltr\" lang=\"en\">OFFICIAL NEWS<\/p>\n<p>&#x1f3c1; Fernando Alonso joins Renault DP World F1 Team &#x1f3c1;<br \/>\nRenault DP World F1 Team is pleased to confirm Fernando Alonso alongside Esteban Ocon in its driver line-up for the 2021 season.<\/p>\n<p>&#x1f449; <a href=\"https:\/\/t.co\/yjnnGHh8Yb\">https:\/\/t.co\/yjnnGHh8Yb<\/a> <a href=\"https:\/\/twitter.com\/hashtag\/RSspirit?src=hash&amp;ref_src=twsrc%5Etfw\">#RSspirit<\/a> <a href=\"https:\/\/twitter.com\/alo_oficial?ref_src=twsrc%5Etfw\">@alo_oficial<\/a> <a href=\"https:\/\/twitter.com\/OconEsteban?ref_src=twsrc%5Etfw\">@OconEsteban<\/a> <a href=\"https:\/\/t.co\/Qe0WfBazzN\">pic.twitter.com\/Qe0WfBazzN<\/a><\/p>\n<p>\u2014 Renault F1 Team (@RenaultF1Team) <a href=\"https:\/\/twitter.com\/RenaultF1Team\/status\/1280819136201994240?ref_src=twsrc%5Etfw\">July 8, 2020<\/a><\/p><\/blockquote>\n<p><script async src=\"https:\/\/platform.twitter.com\/widgets.js\" charset=\"utf-8\"><\/script><\/p>\n<h2 style=\"text-align: justify;\">La r\u00e9action de Fernando Alonso<\/h2>\n<blockquote>\n<p style=\"text-align: justify;\">Renault est ma famille, mes plus beaux souvenirs de Formule 1 avec mes deux titres de champion du monde, mais je regarde maintenant vers l&rsquo;avenir. C&rsquo;est une grande source de fiert\u00e9 et c&rsquo;est avec une immense \u00e9motion que je reviens dans l&rsquo;\u00e9quipe. &#8211; <strong>Twitter Renault F1 Team<\/strong><\/p>\n<\/blockquote>\n<p><strong><em>Dicodusport<br \/>\n<a href=\"https:\/\/www.facebook.com\/dicodusport\/\" target=\"_blank\" rel=\"noopener noreferrer\"><img loading=\"lazy\" decoding=\"async\" class=\"alignnone wp-image-2909\" src=\"http:\/\/dicodusport.fr\/blog\/wp-content\/uploads\/2017\/07\/logo-facebook-150x150.png\" alt=\"\" width=\"40\" height=\"40\" \/><\/a><a href=\"https:\/\/twitter.com\/dicodusport\" target=\"_blank\" rel=\"noopener noreferrer\"><img loading=\"lazy\" decoding=\"async\" class=\"alignnone wp-image-2908\" src=\"http:\/\/dicodusport.fr\/blog\/wp-content\/uploads\/2017\/07\/logo-twitter-150x150.png\" alt=\"\" width=\"39\" height=\"39\" \/><\/a><\/em><\/strong><\/p>\n","protected":false},"excerpt":{"rendered":"<p>FORMULE 1 &#8211; C&rsquo;est d\u00e9sormais officiel. L&rsquo;Espagnol Fernando Alonso effectuera son retour en F1 chez Renault la saison prochaine. Le Taureau des Asturies avait mis entre parenth\u00e8ses sa carri\u00e8re en Formule 1 il y a deux ans.<\/p>\n","protected":false},"author":4,"featured_media":71067,"comment_status":"open","ping_status":"closed","sticky":false,"template":"","format":"standard","meta":{"_acf_changed":false,"_daextam_enable_autolinks":"","footnotes":""},"categories":[8653],"tags":[4766,2065,5761],"class_list":["post-71064","post","type-post","status-publish","format-standard","has-post-thumbnail","hentry","category-formule-1","tag-fernando-alonso","tag-formule-1","tag-renault"],"acf":[],"yoast_head":"<!-- This site is optimized with the Yoast SEO Premium plugin v26.7 (Yoast SEO v26.7) - https:\/\/yoast.com\/wordpress\/plugins\/seo\/ -->\n<title>Officiel : Fernando Alonso de retour chez Renault en 2021<\/title>\n<meta name=\"description\" content=\"FORMULE 1 - C&#039;est d\u00e9sormais officiel. L&#039;Espagnol Fernando Alonso effectuera son retour en F1 chez Renault la saison prochaine.\" \/>\n<meta name=\"robots\" content=\"index, follow, max-snippet:-1, max-image-preview:large, max-video-preview:-1\" \/>\n<link rel=\"canonical\" href=\"https:\/\/dicodusport.fr\/blog\/officiel-f1-fernando-alonso-retour-renault-2021\/\" \/>\n<meta property=\"og:locale\" content=\"fr_FR\" \/>\n<meta property=\"og:type\" content=\"article\" \/>\n<meta property=\"og:title\" content=\"Officiel : Fernando Alonso de retour chez Renault en 2021\" \/>\n<meta property=\"og:description\" content=\"FORMULE 1 - C&#039;est d\u00e9sormais officiel. L&#039;Espagnol Fernando Alonso effectuera son retour en F1 chez Renault la saison prochaine.\" \/>\n<meta property=\"og:url\" content=\"https:\/\/dicodusport.fr\/blog\/officiel-f1-fernando-alonso-retour-renault-2021\/\" \/>\n<meta property=\"og:site_name\" content=\"Dicodusport\" \/>\n<meta property=\"article:publisher\" content=\"https:\/\/www.facebook.com\/dicodusport\" \/>\n<meta property=\"article:author\" content=\"https:\/\/www.facebook.com\/florent.ostermann\" \/>\n<meta property=\"article:published_time\" content=\"2020-07-08T11:04:35+00:00\" \/>\n<meta property=\"article:modified_time\" content=\"2020-07-08T11:48:50+00:00\" \/>\n<meta property=\"og:image\" content=\"https:\/\/dicodusport.fr\/blog\/wp-content\/uploads\/2020\/07\/Officiel-Fernando-Alonso-de-retour-chez-Renault-en-2021.png\" \/>\n\t<meta property=\"og:image:width\" content=\"800\" \/>\n\t<meta property=\"og:image:height\" content=\"445\" \/>\n\t<meta property=\"og:image:type\" content=\"image\/png\" \/>\n<meta name=\"author\" content=\"Flo Ostermann\" \/>\n<meta name=\"twitter:card\" content=\"summary_large_image\" \/>\n<meta name=\"twitter:title\" content=\"Officiel : Fernando Alonso de retour chez Renault en 2021\" \/>\n<meta name=\"twitter:creator\" content=\"@https:\/\/twitter.com\/FlOstermann\" \/>\n<meta name=\"twitter:site\" content=\"@dicodusport\" \/>\n<script type=\"application\/ld+json\" class=\"yoast-schema-graph\">{\"@context\":\"https:\/\/schema.org\",\"@graph\":[{\"@type\":\"NewsArticle\",\"@id\":\"https:\/\/dicodusport.fr\/blog\/officiel-f1-fernando-alonso-retour-renault-2021\/#article\",\"isPartOf\":{\"@id\":\"https:\/\/dicodusport.fr\/blog\/officiel-f1-fernando-alonso-retour-renault-2021\/\"},\"author\":{\"name\":\"Flo Ostermann\",\"@id\":\"https:\/\/dicodusport.fr\/blog\/#\/schema\/person\/cb02af4c173ce4a653b55e9baf388d4a\"},\"headline\":\"Officiel : Fernando Alonso de retour chez Renault en 2021\",\"datePublished\":\"2020-07-08T11:04:35+00:00\",\"dateModified\":\"2020-07-08T11:48:50+00:00\",\"mainEntityOfPage\":{\"@id\":\"https:\/\/dicodusport.fr\/blog\/officiel-f1-fernando-alonso-retour-renault-2021\/\"},\"wordCount\":409,\"commentCount\":0,\"publisher\":{\"@id\":\"https:\/\/dicodusport.fr\/blog\/#organization\"},\"image\":{\"@id\":\"https:\/\/dicodusport.fr\/blog\/officiel-f1-fernando-alonso-retour-renault-2021\/#primaryimage\"},\"thumbnailUrl\":\"https:\/\/dicodusport.fr\/blog\/wp-content\/uploads\/2020\/07\/Officiel-Fernando-Alonso-de-retour-chez-Renault-en-2021.png\",\"keywords\":[\"Fernando Alonso\",\"Formule 1\",\"Renault\"],\"articleSection\":[\"Formule 1\"],\"inLanguage\":\"fr-FR\",\"potentialAction\":[{\"@type\":\"CommentAction\",\"name\":\"Comment\",\"target\":[\"https:\/\/dicodusport.fr\/blog\/officiel-f1-fernando-alonso-retour-renault-2021\/#respond\"]}],\"copyrightYear\":\"2020\",\"copyrightHolder\":{\"@id\":\"https:\/\/dicodusport.fr\/blog\/#organization\"}},{\"@type\":\"WebPage\",\"@id\":\"https:\/\/dicodusport.fr\/blog\/officiel-f1-fernando-alonso-retour-renault-2021\/\",\"url\":\"https:\/\/dicodusport.fr\/blog\/officiel-f1-fernando-alonso-retour-renault-2021\/\",\"name\":\"Officiel : Fernando Alonso de retour chez Renault en 2021\",\"isPartOf\":{\"@id\":\"https:\/\/dicodusport.fr\/blog\/#website\"},\"primaryImageOfPage\":{\"@id\":\"https:\/\/dicodusport.fr\/blog\/officiel-f1-fernando-alonso-retour-renault-2021\/#primaryimage\"},\"image\":{\"@id\":\"https:\/\/dicodusport.fr\/blog\/officiel-f1-fernando-alonso-retour-renault-2021\/#primaryimage\"},\"thumbnailUrl\":\"https:\/\/dicodusport.fr\/blog\/wp-content\/uploads\/2020\/07\/Officiel-Fernando-Alonso-de-retour-chez-Renault-en-2021.png\",\"datePublished\":\"2020-07-08T11:04:35+00:00\",\"dateModified\":\"2020-07-08T11:48:50+00:00\",\"description\":\"FORMULE 1 - C'est d\u00e9sormais officiel. L'Espagnol Fernando Alonso effectuera son retour en F1 chez Renault la saison prochaine.\",\"breadcrumb\":{\"@id\":\"https:\/\/dicodusport.fr\/blog\/officiel-f1-fernando-alonso-retour-renault-2021\/#breadcrumb\"},\"inLanguage\":\"fr-FR\",\"potentialAction\":[{\"@type\":\"ReadAction\",\"target\":[\"https:\/\/dicodusport.fr\/blog\/officiel-f1-fernando-alonso-retour-renault-2021\/\"]}]},{\"@type\":\"ImageObject\",\"inLanguage\":\"fr-FR\",\"@id\":\"https:\/\/dicodusport.fr\/blog\/officiel-f1-fernando-alonso-retour-renault-2021\/#primaryimage\",\"url\":\"https:\/\/dicodusport.fr\/blog\/wp-content\/uploads\/2020\/07\/Officiel-Fernando-Alonso-de-retour-chez-Renault-en-2021.png\",\"contentUrl\":\"https:\/\/dicodusport.fr\/blog\/wp-content\/uploads\/2020\/07\/Officiel-Fernando-Alonso-de-retour-chez-Renault-en-2021.png\",\"width\":800,\"height\":445,\"caption\":\"Fernando Alonso - The Canadian Press\"},{\"@type\":\"BreadcrumbList\",\"@id\":\"https:\/\/dicodusport.fr\/blog\/officiel-f1-fernando-alonso-retour-renault-2021\/#breadcrumb\",\"itemListElement\":[{\"@type\":\"ListItem\",\"position\":1,\"name\":\"Accueil\",\"item\":\"https:\/\/dicodusport.fr\/blog\/\"},{\"@type\":\"ListItem\",\"position\":2,\"name\":\"Officiel : Fernando Alonso de retour chez Renault en 2021\"}]},{\"@type\":\"WebSite\",\"@id\":\"https:\/\/dicodusport.fr\/blog\/#website\",\"url\":\"https:\/\/dicodusport.fr\/blog\/\",\"name\":\"Dicodusport\",\"description\":\"L&#039;encyclop\u00e9die de l&#039;actualit\u00e9 sportive\",\"publisher\":{\"@id\":\"https:\/\/dicodusport.fr\/blog\/#organization\"},\"potentialAction\":[{\"@type\":\"SearchAction\",\"target\":{\"@type\":\"EntryPoint\",\"urlTemplate\":\"https:\/\/dicodusport.fr\/blog\/?s={search_term_string}\"},\"query-input\":{\"@type\":\"PropertyValueSpecification\",\"valueRequired\":true,\"valueName\":\"search_term_string\"}}],\"inLanguage\":\"fr-FR\"},{\"@type\":\"NewsMediaOrganization\",\"@id\":\"https:\/\/dicodusport.fr\/blog\/#organization\",\"name\":\"Dicodusport\",\"url\":\"https:\/\/dicodusport.fr\/blog\/\",\"logo\":{\"@type\":\"ImageObject\",\"inLanguage\":\"fr-FR\",\"@id\":\"https:\/\/dicodusport.fr\/blog\/#\/schema\/logo\/image\/\",\"url\":\"https:\/\/dicodusport.fr\/blog\/wp-content\/uploads\/2020\/06\/cropped-LOGO-DICODUSPORT-2020-SANS-FOND-SANS-TEXTE.png\",\"contentUrl\":\"https:\/\/dicodusport.fr\/blog\/wp-content\/uploads\/2020\/06\/cropped-LOGO-DICODUSPORT-2020-SANS-FOND-SANS-TEXTE.png\",\"width\":512,\"height\":512,\"caption\":\"Dicodusport\"},\"image\":{\"@id\":\"https:\/\/dicodusport.fr\/blog\/#\/schema\/logo\/image\/\"},\"sameAs\":[\"https:\/\/www.facebook.com\/dicodusport\",\"https:\/\/x.com\/dicodusport\",\"https:\/\/www.instagram.com\/dicodusport\/\",\"https:\/\/www.youtube.com\/channel\/UC7V2KZ5sd3htJivAbA4ZG3w\"],\"description\":\"Dicodusport est l'encyclop\u00e9die de l'actualit\u00e9 sportive.\",\"email\":\"bonjour@dicodusport.fr\",\"legalName\":\"DICODUSPORT\",\"foundingDate\":\"2018-01-14\",\"vatID\":\"FR71834470973\",\"taxID\":\"83447097300043\",\"numberOfEmployees\":{\"@type\":\"QuantitativeValue\",\"minValue\":\"1\",\"maxValue\":\"10\"}},{\"@type\":\"Person\",\"@id\":\"https:\/\/dicodusport.fr\/blog\/#\/schema\/person\/cb02af4c173ce4a653b55e9baf388d4a\",\"name\":\"Flo Ostermann\",\"image\":{\"@type\":\"ImageObject\",\"inLanguage\":\"fr-FR\",\"@id\":\"https:\/\/dicodusport.fr\/blog\/#\/schema\/person\/image\/\",\"url\":\"https:\/\/dicodusport.fr\/blog\/wp-content\/uploads\/2021\/05\/Flo-Ostermann-150x150.jpg\",\"contentUrl\":\"https:\/\/dicodusport.fr\/blog\/wp-content\/uploads\/2021\/05\/Flo-Ostermann-150x150.jpg\",\"caption\":\"Flo Ostermann\"},\"description\":\"Journaliste\/R\u00e9dacteur depuis septembre 2015 - Mes premiers souvenirs dans le sport ? Les envol\u00e9es du Stade Toulousain et les duels Villeneuve-Schumacher et H\u00e4kkinen-Schumacher \u00e0 la fin des ann\u00e9es 90, la Coupe du monde de football en 1998, l\u2019exploit du XV de France face aux All Blacks en 1999, mais aussi Richard C\u0153ur de Lion qui vole sur les montagnes du Tour de France. Bien parti pour devenir professeur d\u2019EPS, les \u00e9v\u00e9nements de la vie (et la flemme d\u2019animer des s\u00e9ances de 3x500 m\u00e8tres toute ma vie) m\u2019ont conduit \u00e0 revoir mes plans. Me voil\u00e0 depuis fin 2017 sur Dicodusport, m\u00e9dia gr\u00e2ce (et pour) lequel je partage ma passion : le sport dans tous ses \u00e9tats. Le tout accompagn\u00e9 par les fous furieux et folles furieuses cit\u00e9s sur cette page !\",\"sameAs\":[\"https:\/\/www.facebook.com\/florent.ostermann\",\"https:\/\/x.com\/https:\/\/twitter.com\/FlOstermann\",\"admin\"],\"url\":\"https:\/\/dicodusport.fr\/blog\/author\/flo\/\"}]}<\/script>\n<!-- \/ Yoast SEO Premium plugin. -->","yoast_head_json":{"title":"Officiel : Fernando Alonso de retour chez Renault en 2021","description":"FORMULE 1 - C'est d\u00e9sormais officiel. L'Espagnol Fernando Alonso effectuera son retour en F1 chez Renault la saison prochaine.","robots":{"index":"index","follow":"follow","max-snippet":"max-snippet:-1","max-image-preview":"max-image-preview:large","max-video-preview":"max-video-preview:-1"},"canonical":"https:\/\/dicodusport.fr\/blog\/officiel-f1-fernando-alonso-retour-renault-2021\/","og_locale":"fr_FR","og_type":"article","og_title":"Officiel : Fernando Alonso de retour chez Renault en 2021","og_description":"FORMULE 1 - C'est d\u00e9sormais officiel. L'Espagnol Fernando Alonso effectuera son retour en F1 chez Renault la saison prochaine.","og_url":"https:\/\/dicodusport.fr\/blog\/officiel-f1-fernando-alonso-retour-renault-2021\/","og_site_name":"Dicodusport","article_publisher":"https:\/\/www.facebook.com\/dicodusport","article_author":"https:\/\/www.facebook.com\/florent.ostermann","article_published_time":"2020-07-08T11:04:35+00:00","article_modified_time":"2020-07-08T11:48:50+00:00","og_image":[{"width":800,"height":445,"url":"https:\/\/dicodusport.fr\/blog\/wp-content\/uploads\/2020\/07\/Officiel-Fernando-Alonso-de-retour-chez-Renault-en-2021.png","type":"image\/png"}],"author":"Flo Ostermann","twitter_card":"summary_large_image","twitter_title":"Officiel : Fernando Alonso de retour chez Renault en 2021","twitter_creator":"@https:\/\/twitter.com\/FlOstermann","twitter_site":"@dicodusport","schema":{"@context":"https:\/\/schema.org","@graph":[{"@type":"NewsArticle","@id":"https:\/\/dicodusport.fr\/blog\/officiel-f1-fernando-alonso-retour-renault-2021\/#article","isPartOf":{"@id":"https:\/\/dicodusport.fr\/blog\/officiel-f1-fernando-alonso-retour-renault-2021\/"},"author":{"name":"Flo Ostermann","@id":"https:\/\/dicodusport.fr\/blog\/#\/schema\/person\/cb02af4c173ce4a653b55e9baf388d4a"},"headline":"Officiel : Fernando Alonso de retour chez Renault en 2021","datePublished":"2020-07-08T11:04:35+00:00","dateModified":"2020-07-08T11:48:50+00:00","mainEntityOfPage":{"@id":"https:\/\/dicodusport.fr\/blog\/officiel-f1-fernando-alonso-retour-renault-2021\/"},"wordCount":409,"commentCount":0,"publisher":{"@id":"https:\/\/dicodusport.fr\/blog\/#organization"},"image":{"@id":"https:\/\/dicodusport.fr\/blog\/officiel-f1-fernando-alonso-retour-renault-2021\/#primaryimage"},"thumbnailUrl":"https:\/\/dicodusport.fr\/blog\/wp-content\/uploads\/2020\/07\/Officiel-Fernando-Alonso-de-retour-chez-Renault-en-2021.png","keywords":["Fernando Alonso","Formule 1","Renault"],"articleSection":["Formule 1"],"inLanguage":"fr-FR","potentialAction":[{"@type":"CommentAction","name":"Comment","target":["https:\/\/dicodusport.fr\/blog\/officiel-f1-fernando-alonso-retour-renault-2021\/#respond"]}],"copyrightYear":"2020","copyrightHolder":{"@id":"https:\/\/dicodusport.fr\/blog\/#organization"}},{"@type":"WebPage","@id":"https:\/\/dicodusport.fr\/blog\/officiel-f1-fernando-alonso-retour-renault-2021\/","url":"https:\/\/dicodusport.fr\/blog\/officiel-f1-fernando-alonso-retour-renault-2021\/","name":"Officiel : Fernando Alonso de retour chez Renault en 2021","isPartOf":{"@id":"https:\/\/dicodusport.fr\/blog\/#website"},"primaryImageOfPage":{"@id":"https:\/\/dicodusport.fr\/blog\/officiel-f1-fernando-alonso-retour-renault-2021\/#primaryimage"},"image":{"@id":"https:\/\/dicodusport.fr\/blog\/officiel-f1-fernando-alonso-retour-renault-2021\/#primaryimage"},"thumbnailUrl":"https:\/\/dicodusport.fr\/blog\/wp-content\/uploads\/2020\/07\/Officiel-Fernando-Alonso-de-retour-chez-Renault-en-2021.png","datePublished":"2020-07-08T11:04:35+00:00","dateModified":"2020-07-08T11:48:50+00:00","description":"FORMULE 1 - C'est d\u00e9sormais officiel. L'Espagnol Fernando Alonso effectuera son retour en F1 chez Renault la saison prochaine.","breadcrumb":{"@id":"https:\/\/dicodusport.fr\/blog\/officiel-f1-fernando-alonso-retour-renault-2021\/#breadcrumb"},"inLanguage":"fr-FR","potentialAction":[{"@type":"ReadAction","target":["https:\/\/dicodusport.fr\/blog\/officiel-f1-fernando-alonso-retour-renault-2021\/"]}]},{"@type":"ImageObject","inLanguage":"fr-FR","@id":"https:\/\/dicodusport.fr\/blog\/officiel-f1-fernando-alonso-retour-renault-2021\/#primaryimage","url":"https:\/\/dicodusport.fr\/blog\/wp-content\/uploads\/2020\/07\/Officiel-Fernando-Alonso-de-retour-chez-Renault-en-2021.png","contentUrl":"https:\/\/dicodusport.fr\/blog\/wp-content\/uploads\/2020\/07\/Officiel-Fernando-Alonso-de-retour-chez-Renault-en-2021.png","width":800,"height":445,"caption":"Fernando Alonso - The Canadian Press"},{"@type":"BreadcrumbList","@id":"https:\/\/dicodusport.fr\/blog\/officiel-f1-fernando-alonso-retour-renault-2021\/#breadcrumb","itemListElement":[{"@type":"ListItem","position":1,"name":"Accueil","item":"https:\/\/dicodusport.fr\/blog\/"},{"@type":"ListItem","position":2,"name":"Officiel : Fernando Alonso de retour chez Renault en 2021"}]},{"@type":"WebSite","@id":"https:\/\/dicodusport.fr\/blog\/#website","url":"https:\/\/dicodusport.fr\/blog\/","name":"Dicodusport","description":"L&#039;encyclop\u00e9die de l&#039;actualit\u00e9 sportive","publisher":{"@id":"https:\/\/dicodusport.fr\/blog\/#organization"},"potentialAction":[{"@type":"SearchAction","target":{"@type":"EntryPoint","urlTemplate":"https:\/\/dicodusport.fr\/blog\/?s={search_term_string}"},"query-input":{"@type":"PropertyValueSpecification","valueRequired":true,"valueName":"search_term_string"}}],"inLanguage":"fr-FR"},{"@type":"NewsMediaOrganization","@id":"https:\/\/dicodusport.fr\/blog\/#organization","name":"Dicodusport","url":"https:\/\/dicodusport.fr\/blog\/","logo":{"@type":"ImageObject","inLanguage":"fr-FR","@id":"https:\/\/dicodusport.fr\/blog\/#\/schema\/logo\/image\/","url":"https:\/\/dicodusport.fr\/blog\/wp-content\/uploads\/2020\/06\/cropped-LOGO-DICODUSPORT-2020-SANS-FOND-SANS-TEXTE.png","contentUrl":"https:\/\/dicodusport.fr\/blog\/wp-content\/uploads\/2020\/06\/cropped-LOGO-DICODUSPORT-2020-SANS-FOND-SANS-TEXTE.png","width":512,"height":512,"caption":"Dicodusport"},"image":{"@id":"https:\/\/dicodusport.fr\/blog\/#\/schema\/logo\/image\/"},"sameAs":["https:\/\/www.facebook.com\/dicodusport","https:\/\/x.com\/dicodusport","https:\/\/www.instagram.com\/dicodusport\/","https:\/\/www.youtube.com\/channel\/UC7V2KZ5sd3htJivAbA4ZG3w"],"description":"Dicodusport est l'encyclop\u00e9die de l'actualit\u00e9 sportive.","email":"bonjour@dicodusport.fr","legalName":"DICODUSPORT","foundingDate":"2018-01-14","vatID":"FR71834470973","taxID":"83447097300043","numberOfEmployees":{"@type":"QuantitativeValue","minValue":"1","maxValue":"10"}},{"@type":"Person","@id":"https:\/\/dicodusport.fr\/blog\/#\/schema\/person\/cb02af4c173ce4a653b55e9baf388d4a","name":"Flo Ostermann","image":{"@type":"ImageObject","inLanguage":"fr-FR","@id":"https:\/\/dicodusport.fr\/blog\/#\/schema\/person\/image\/","url":"https:\/\/dicodusport.fr\/blog\/wp-content\/uploads\/2021\/05\/Flo-Ostermann-150x150.jpg","contentUrl":"https:\/\/dicodusport.fr\/blog\/wp-content\/uploads\/2021\/05\/Flo-Ostermann-150x150.jpg","caption":"Flo Ostermann"},"description":"Journaliste\/R\u00e9dacteur depuis septembre 2015 - Mes premiers souvenirs dans le sport ? Les envol\u00e9es du Stade Toulousain et les duels Villeneuve-Schumacher et H\u00e4kkinen-Schumacher \u00e0 la fin des ann\u00e9es 90, la Coupe du monde de football en 1998, l\u2019exploit du XV de France face aux All Blacks en 1999, mais aussi Richard C\u0153ur de Lion qui vole sur les montagnes du Tour de France. Bien parti pour devenir professeur d\u2019EPS, les \u00e9v\u00e9nements de la vie (et la flemme d\u2019animer des s\u00e9ances de 3x500 m\u00e8tres toute ma vie) m\u2019ont conduit \u00e0 revoir mes plans. Me voil\u00e0 depuis fin 2017 sur Dicodusport, m\u00e9dia gr\u00e2ce (et pour) lequel je partage ma passion : le sport dans tous ses \u00e9tats. Le tout accompagn\u00e9 par les fous furieux et folles furieuses cit\u00e9s sur cette page !","sameAs":["https:\/\/www.facebook.com\/florent.ostermann","https:\/\/x.com\/https:\/\/twitter.com\/FlOstermann","admin"],"url":"https:\/\/dicodusport.fr\/blog\/author\/flo\/"}]}},"_links":{"self":[{"href":"https:\/\/dicodusport.fr\/blog\/wp-json\/wp\/v2\/posts\/71064","targetHints":{"allow":["GET"]}}],"collection":[{"href":"https:\/\/dicodusport.fr\/blog\/wp-json\/wp\/v2\/posts"}],"about":[{"href":"https:\/\/dicodusport.fr\/blog\/wp-json\/wp\/v2\/types\/post"}],"author":[{"embeddable":true,"href":"https:\/\/dicodusport.fr\/blog\/wp-json\/wp\/v2\/users\/4"}],"replies":[{"embeddable":true,"href":"https:\/\/dicodusport.fr\/blog\/wp-json\/wp\/v2\/comments?post=71064"}],"version-history":[{"count":0,"href":"https:\/\/dicodusport.fr\/blog\/wp-json\/wp\/v2\/posts\/71064\/revisions"}],"wp:featuredmedia":[{"embeddable":true,"href":"https:\/\/dicodusport.fr\/blog\/wp-json\/wp\/v2\/media\/71067"}],"wp:attachment":[{"href":"https:\/\/dicodusport.fr\/blog\/wp-json\/wp\/v2\/media?parent=71064"}],"wp:term":[{"taxonomy":"category","embeddable":true,"href":"https:\/\/dicodusport.fr\/blog\/wp-json\/wp\/v2\/categories?post=71064"},{"taxonomy":"post_tag","embeddable":true,"href":"https:\/\/dicodusport.fr\/blog\/wp-json\/wp\/v2\/tags?post=71064"}],"curies":[{"name":"wp","href":"https:\/\/api.w.org\/{rel}","templated":true}]}}