{"id":71171,"date":"2020-07-09T11:09:32","date_gmt":"2020-07-09T09:09:32","guid":{"rendered":"http:\/\/dicodusport.fr\/blog\/?p=71171&#038;preview=true&#038;preview_id=71171"},"modified":"2020-07-09T12:20:10","modified_gmt":"2020-07-09T10:20:10","slug":"chris-froome-israel-start-up-nation-2021","status":"publish","type":"post","link":"https:\/\/dicodusport.fr\/blog\/chris-froome-israel-start-up-nation-2021\/","title":{"rendered":"Chris Froome rejoindra Israel Start-Up Nation en 2021"},"content":{"rendered":"<p style=\"text-align: justify;\"><strong><em>CYCLISME &#8211; C&rsquo;\u00e9tait attendu, c&rsquo;est d\u00e9sormais officiel. Chris Froome va quitter la formation Ineos en fin de saison. L&rsquo;\u00e9quipe britannique en a fait l&rsquo;annonce ce jeudi matin, sur les r\u00e9seaux sociaux. De son c\u00f4t\u00e9, <a href=\"https:\/\/www.cyclingnews.com\/news\/chris-froome-leaves-ineos-for-israel-start-up-nation\/\" target=\"_blank\" rel=\"noopener noreferrer\">CyclingNews<\/a> affirme que le quadruple vainqueur du Tour de France a sign\u00e9 un contrat longue dur\u00e9e avec Israel Start-Up Nation. Une information confirm\u00e9e par la structure isra\u00e9lienne.<\/em><\/strong><\/p>\n<p style=\"text-align: justify;\">Arriv\u00e9 en 2010 au sein de la structure britannique Sky, <a href=\"https:\/\/dicodusport.fr\/blog\/tag\/chris-froome\/\" target=\"_blank\" rel=\"noopener noreferrer\"><strong>Chris Froome<\/strong><\/a> va changer d&rsquo;air en 2021. \u00c0 35 ans, l&rsquo;homme aux 7 Grands Tours (Tour 2013, 2015, 2016 et 2017, Vuelta 2011 et 2017 et Giro 2018) ne sera plus un coureur de la formation <strong>Ineos<\/strong>. L&rsquo;\u00e9quipe l&rsquo;a annonc\u00e9 ce jeudi matin sur les r\u00e9seaux sociaux. Le patron de l&rsquo;\u00e9quipe, <strong>Dave Brailsford<\/strong>, explique ce choix de ne pas renouveler le contrat de <strong>Froome<\/strong> en fin de saison.<\/p>\n<blockquote>\n<p style=\"text-align: justify;\">Chris est avec nous depuis le d\u00e9but. C&rsquo;est un grand champion et nous avons partag\u00e9 de nombreux moments m\u00e9morables au fil des ann\u00e9es, mais je crois que c&rsquo;est la bonne d\u00e9cision pour l&rsquo;\u00e9quipe et pour Chris. Compte tenu de ses performances ces derni\u00e8res ann\u00e9es, Chris est naturellement d\u00e9sireux d&rsquo;avoir un r\u00f4le de leader d&rsquo;\u00e9quipe unique.<\/p>\n<\/blockquote>\n<blockquote class=\"twitter-tweet\">\n<p dir=\"ltr\" lang=\"en\">Team INEOS confirms we will not be renewing <a href=\"https:\/\/twitter.com\/chrisfroome?ref_src=twsrc%5Etfw\">@chrisfroome<\/a>\u2019s contract &#8211; so after 10 great years this season will be Chris\u2019s last with the team.<\/p>\n<p>\u2014 Team INEOS (@TeamINEOS) <a href=\"https:\/\/twitter.com\/TeamINEOS\/status\/1281151190013816833?ref_src=twsrc%5Etfw\">July 9, 2020<\/a><\/p><\/blockquote>\n<p><script async src=\"https:\/\/platform.twitter.com\/widgets.js\" charset=\"utf-8\"><\/script><\/p>\n<h2 style=\"text-align: justify;\">Froome chez Israel Start-Up Nation la saison prochaine<\/h2>\n<p style=\"text-align: justify;\">Les incertitudes autour du r\u00f4le de leader chez <strong>Ineos<\/strong> auront donc acc\u00e9l\u00e9r\u00e9 les choses. En concurrence avec les deux derniers vainqueurs du Tour, <strong>Geraint Thomas<\/strong> (2018) et <strong>Egan Bernal<\/strong> (2019), <strong>Chris Froome<\/strong> n&rsquo;avait aucune assurance d&rsquo;\u00eatre l&rsquo;homme fort de la formation britannique sur la prochaine Grande Boucle (29 ao\u00fbt &#8211; 20 septembre). Sa tr\u00e8s lourde chute en marge du Dauphin\u00e9 en juin 2019 avait plong\u00e9 son \u00e9quipe dans le doute quant \u00e0 son retour au plus haut niveau.<\/p>\n<p style=\"text-align: justify;\">Il y a quelques semaines d\u00e9j\u00e0, <a href=\"https:\/\/dicodusport.fr\/blog\/chris-froome-chez-israel-start-up-nation-des-1er-aout\/\" target=\"_blank\" rel=\"noopener noreferrer\">plusieurs rumeurs faisaient \u00e9tat d&rsquo;un d\u00e9part du <em>K\u00e9nyan Blanc<\/em> d\u00e8s le 1er ao\u00fbt au sein de la formation <strong>Israel Start-Up Nation<\/strong><\/a>. Finalement, selon <em>CyclingNews<\/em>, <strong>Froome<\/strong> rejoindra bien l&rsquo;\u00e9quipe isra\u00e9lienne, mais pas avant 2021. Cette derni\u00e8re et le coureur s&rsquo;\u00e9tant d\u00e9j\u00e0 mis d&rsquo;accord sur un contrat pluriannuel, courant jusqu&rsquo;\u00e0 la fin de la carri\u00e8re de <em>Froomie<\/em>. Une arriv\u00e9e officialis\u00e9e par la structure qui a r\u00e9cup\u00e9r\u00e9 la licence WorldTeam de la Katusha d\u00e9but 2020.<\/p>\n<blockquote class=\"twitter-tweet\">\n<p dir=\"ltr\" lang=\"ro\">Welcome to our family, CHRIS FROOME!<br \/>\n\u05d1\u05e8\u05d5\u05da \u05d4\u05d1\u05d0 , \u05db\u05e8\u05d9\u05e1<br \/>\nFull statement : <a href=\"https:\/\/t.co\/kXkZy3Uogq\">https:\/\/t.co\/kXkZy3Uogq<\/a> <a href=\"https:\/\/t.co\/eUKlwdWpdG\">pic.twitter.com\/eUKlwdWpdG<\/a><\/p>\n<p>\u2014 Israel Start-Up Nation \/ Israel Cycling Academy (@YallaIsraelSUN) <a href=\"https:\/\/twitter.com\/YallaIsraelSUN\/status\/1281166358710038528?ref_src=twsrc%5Etfw\">July 9, 2020<\/a><\/p><\/blockquote>\n<p><script async src=\"https:\/\/platform.twitter.com\/widgets.js\" charset=\"utf-8\"><\/script><\/p>\n<p><strong><em>Dicodusport<br \/>\n<a href=\"https:\/\/www.facebook.com\/dicodusport\/\" target=\"_blank\" rel=\"noopener noreferrer\"><img loading=\"lazy\" decoding=\"async\" class=\"alignnone wp-image-2909\" src=\"http:\/\/dicodusport.fr\/blog\/wp-content\/uploads\/2017\/07\/logo-facebook-150x150.png\" alt=\"\" width=\"40\" height=\"40\" \/><\/a><a href=\"https:\/\/twitter.com\/dicodusport\" target=\"_blank\" rel=\"noopener noreferrer\"><img loading=\"lazy\" decoding=\"async\" class=\"alignnone wp-image-2908\" src=\"http:\/\/dicodusport.fr\/blog\/wp-content\/uploads\/2017\/07\/logo-twitter-150x150.png\" alt=\"\" width=\"39\" height=\"39\" \/><\/a><\/em><\/strong><\/p>\n","protected":false},"excerpt":{"rendered":"<p>CYCLISME &#8211; C&rsquo;\u00e9tait attendu, c&rsquo;est d\u00e9sormais officiel. Chris Froome va quitter la formation Ineos en fin de saison. L&rsquo;\u00e9quipe britannique en a fait l&rsquo;annonce ce jeudi matin, sur les r\u00e9seaux sociaux. De son c\u00f4t\u00e9, CyclingNews affirme que le quadruple vainqueur du Tour de France a sign\u00e9 un contrat longue dur\u00e9e avec Israel Start-Up Nation.<\/p>\n","protected":false},"author":4,"featured_media":56207,"comment_status":"open","ping_status":"closed","sticky":false,"template":"","format":"standard","meta":{"_acf_changed":false,"_daextam_enable_autolinks":"","footnotes":""},"categories":[2307],"tags":[2833,7579],"class_list":["post-71171","post","type-post","status-publish","format-standard","has-post-thumbnail","hentry","category-cyclisme","tag-chris-froome","tag-ineos"],"acf":[],"yoast_head":"<!-- This site is optimized with the Yoast SEO Premium plugin v26.7 (Yoast SEO v26.7) - https:\/\/yoast.com\/wordpress\/plugins\/seo\/ -->\n<title>Chris Froome rejoindra Israel Start-Up Nation en 2021<\/title>\n<meta name=\"description\" content=\"CYCLISME - C&#039;\u00e9tait attendu, c&#039;est d\u00e9sormais officiel. Chris Froome va quitter la formation Ineos en fin de saison. L&#039;\u00e9quipe britannique en a fait l&#039;annonce ce jeudi matin, sur les r\u00e9seaux sociaux.\" \/>\n<meta name=\"robots\" content=\"index, follow, max-snippet:-1, max-image-preview:large, max-video-preview:-1\" \/>\n<link rel=\"canonical\" href=\"https:\/\/dicodusport.fr\/blog\/chris-froome-israel-start-up-nation-2021\/\" \/>\n<meta property=\"og:locale\" content=\"fr_FR\" \/>\n<meta property=\"og:type\" content=\"article\" \/>\n<meta property=\"og:title\" content=\"Chris Froome rejoindra Israel Start-Up Nation en 2021\" \/>\n<meta property=\"og:description\" content=\"CYCLISME - C&#039;\u00e9tait attendu, c&#039;est d\u00e9sormais officiel. Chris Froome va quitter la formation Ineos en fin de saison. L&#039;\u00e9quipe britannique en a fait l&#039;annonce ce jeudi matin, sur les r\u00e9seaux sociaux.\" \/>\n<meta property=\"og:url\" content=\"https:\/\/dicodusport.fr\/blog\/chris-froome-israel-start-up-nation-2021\/\" \/>\n<meta property=\"og:site_name\" content=\"Dicodusport\" \/>\n<meta property=\"article:publisher\" content=\"https:\/\/www.facebook.com\/dicodusport\" \/>\n<meta property=\"article:author\" content=\"https:\/\/www.facebook.com\/florent.ostermann\" \/>\n<meta property=\"article:published_time\" content=\"2020-07-09T09:09:32+00:00\" \/>\n<meta property=\"article:modified_time\" content=\"2020-07-09T10:20:10+00:00\" \/>\n<meta property=\"og:image\" content=\"https:\/\/dicodusport.fr\/blog\/wp-content\/uploads\/2020\/01\/Chris-Froome-quitte-pr\u00e9matur\u00e9ment-le-camp-dentra\u00eenement-dINEOS-en-Espagne.png\" \/>\n\t<meta property=\"og:image:width\" content=\"800\" \/>\n\t<meta property=\"og:image:height\" content=\"445\" \/>\n\t<meta property=\"og:image:type\" content=\"image\/png\" \/>\n<meta name=\"author\" content=\"Flo Ostermann\" \/>\n<meta name=\"twitter:card\" content=\"summary_large_image\" \/>\n<meta name=\"twitter:title\" content=\"Chris Froome rejoindra Israel Start-Up Nation en 2021\" \/>\n<meta name=\"twitter:creator\" content=\"@https:\/\/twitter.com\/FlOstermann\" \/>\n<meta name=\"twitter:site\" content=\"@dicodusport\" \/>\n<script type=\"application\/ld+json\" class=\"yoast-schema-graph\">{\"@context\":\"https:\/\/schema.org\",\"@graph\":[{\"@type\":\"NewsArticle\",\"@id\":\"https:\/\/dicodusport.fr\/blog\/chris-froome-israel-start-up-nation-2021\/#article\",\"isPartOf\":{\"@id\":\"https:\/\/dicodusport.fr\/blog\/chris-froome-israel-start-up-nation-2021\/\"},\"author\":{\"name\":\"Flo Ostermann\",\"@id\":\"https:\/\/dicodusport.fr\/blog\/#\/schema\/person\/cb02af4c173ce4a653b55e9baf388d4a\"},\"headline\":\"Chris Froome rejoindra Israel Start-Up Nation en 2021\",\"datePublished\":\"2020-07-09T09:09:32+00:00\",\"dateModified\":\"2020-07-09T10:20:10+00:00\",\"mainEntityOfPage\":{\"@id\":\"https:\/\/dicodusport.fr\/blog\/chris-froome-israel-start-up-nation-2021\/\"},\"wordCount\":456,\"commentCount\":0,\"publisher\":{\"@id\":\"https:\/\/dicodusport.fr\/blog\/#organization\"},\"image\":{\"@id\":\"https:\/\/dicodusport.fr\/blog\/chris-froome-israel-start-up-nation-2021\/#primaryimage\"},\"thumbnailUrl\":\"https:\/\/dicodusport.fr\/blog\/wp-content\/uploads\/2020\/01\/Chris-Froome-quitte-pr\u00e9matur\u00e9ment-le-camp-dentra\u00eenement-dINEOS-en-Espagne.png\",\"keywords\":[\"Chris froome\",\"Ineos\"],\"articleSection\":[\"Cyclisme\"],\"inLanguage\":\"fr-FR\",\"potentialAction\":[{\"@type\":\"CommentAction\",\"name\":\"Comment\",\"target\":[\"https:\/\/dicodusport.fr\/blog\/chris-froome-israel-start-up-nation-2021\/#respond\"]}],\"copyrightYear\":\"2020\",\"copyrightHolder\":{\"@id\":\"https:\/\/dicodusport.fr\/blog\/#organization\"}},{\"@type\":\"WebPage\",\"@id\":\"https:\/\/dicodusport.fr\/blog\/chris-froome-israel-start-up-nation-2021\/\",\"url\":\"https:\/\/dicodusport.fr\/blog\/chris-froome-israel-start-up-nation-2021\/\",\"name\":\"Chris Froome rejoindra Israel Start-Up Nation en 2021\",\"isPartOf\":{\"@id\":\"https:\/\/dicodusport.fr\/blog\/#website\"},\"primaryImageOfPage\":{\"@id\":\"https:\/\/dicodusport.fr\/blog\/chris-froome-israel-start-up-nation-2021\/#primaryimage\"},\"image\":{\"@id\":\"https:\/\/dicodusport.fr\/blog\/chris-froome-israel-start-up-nation-2021\/#primaryimage\"},\"thumbnailUrl\":\"https:\/\/dicodusport.fr\/blog\/wp-content\/uploads\/2020\/01\/Chris-Froome-quitte-pr\u00e9matur\u00e9ment-le-camp-dentra\u00eenement-dINEOS-en-Espagne.png\",\"datePublished\":\"2020-07-09T09:09:32+00:00\",\"dateModified\":\"2020-07-09T10:20:10+00:00\",\"description\":\"CYCLISME - C'\u00e9tait attendu, c'est d\u00e9sormais officiel. Chris Froome va quitter la formation Ineos en fin de saison. L'\u00e9quipe britannique en a fait l'annonce ce jeudi matin, sur les r\u00e9seaux sociaux.\",\"breadcrumb\":{\"@id\":\"https:\/\/dicodusport.fr\/blog\/chris-froome-israel-start-up-nation-2021\/#breadcrumb\"},\"inLanguage\":\"fr-FR\",\"potentialAction\":[{\"@type\":\"ReadAction\",\"target\":[\"https:\/\/dicodusport.fr\/blog\/chris-froome-israel-start-up-nation-2021\/\"]}]},{\"@type\":\"ImageObject\",\"inLanguage\":\"fr-FR\",\"@id\":\"https:\/\/dicodusport.fr\/blog\/chris-froome-israel-start-up-nation-2021\/#primaryimage\",\"url\":\"https:\/\/dicodusport.fr\/blog\/wp-content\/uploads\/2020\/01\/Chris-Froome-quitte-pr\u00e9matur\u00e9ment-le-camp-dentra\u00eenement-dINEOS-en-Espagne.png\",\"contentUrl\":\"https:\/\/dicodusport.fr\/blog\/wp-content\/uploads\/2020\/01\/Chris-Froome-quitte-pr\u00e9matur\u00e9ment-le-camp-dentra\u00eenement-dINEOS-en-Espagne.png\",\"width\":800,\"height\":445,\"caption\":\"Chris Froome quitte pr\u00e9matur\u00e9ment le camp d'entra\u00eenement d'INEOS en Espagne\"},{\"@type\":\"BreadcrumbList\",\"@id\":\"https:\/\/dicodusport.fr\/blog\/chris-froome-israel-start-up-nation-2021\/#breadcrumb\",\"itemListElement\":[{\"@type\":\"ListItem\",\"position\":1,\"name\":\"Accueil\",\"item\":\"https:\/\/dicodusport.fr\/blog\/\"},{\"@type\":\"ListItem\",\"position\":2,\"name\":\"Chris Froome rejoindra Israel Start-Up Nation en 2021\"}]},{\"@type\":\"WebSite\",\"@id\":\"https:\/\/dicodusport.fr\/blog\/#website\",\"url\":\"https:\/\/dicodusport.fr\/blog\/\",\"name\":\"Dicodusport\",\"description\":\"L&#039;encyclop\u00e9die de l&#039;actualit\u00e9 sportive\",\"publisher\":{\"@id\":\"https:\/\/dicodusport.fr\/blog\/#organization\"},\"potentialAction\":[{\"@type\":\"SearchAction\",\"target\":{\"@type\":\"EntryPoint\",\"urlTemplate\":\"https:\/\/dicodusport.fr\/blog\/?s={search_term_string}\"},\"query-input\":{\"@type\":\"PropertyValueSpecification\",\"valueRequired\":true,\"valueName\":\"search_term_string\"}}],\"inLanguage\":\"fr-FR\"},{\"@type\":\"NewsMediaOrganization\",\"@id\":\"https:\/\/dicodusport.fr\/blog\/#organization\",\"name\":\"Dicodusport\",\"url\":\"https:\/\/dicodusport.fr\/blog\/\",\"logo\":{\"@type\":\"ImageObject\",\"inLanguage\":\"fr-FR\",\"@id\":\"https:\/\/dicodusport.fr\/blog\/#\/schema\/logo\/image\/\",\"url\":\"https:\/\/dicodusport.fr\/blog\/wp-content\/uploads\/2020\/06\/cropped-LOGO-DICODUSPORT-2020-SANS-FOND-SANS-TEXTE.png\",\"contentUrl\":\"https:\/\/dicodusport.fr\/blog\/wp-content\/uploads\/2020\/06\/cropped-LOGO-DICODUSPORT-2020-SANS-FOND-SANS-TEXTE.png\",\"width\":512,\"height\":512,\"caption\":\"Dicodusport\"},\"image\":{\"@id\":\"https:\/\/dicodusport.fr\/blog\/#\/schema\/logo\/image\/\"},\"sameAs\":[\"https:\/\/www.facebook.com\/dicodusport\",\"https:\/\/x.com\/dicodusport\",\"https:\/\/www.instagram.com\/dicodusport\/\",\"https:\/\/www.youtube.com\/channel\/UC7V2KZ5sd3htJivAbA4ZG3w\"],\"description\":\"Dicodusport est l'encyclop\u00e9die de l'actualit\u00e9 sportive.\",\"email\":\"bonjour@dicodusport.fr\",\"legalName\":\"DICODUSPORT\",\"foundingDate\":\"2018-01-14\",\"vatID\":\"FR71834470973\",\"taxID\":\"83447097300043\",\"numberOfEmployees\":{\"@type\":\"QuantitativeValue\",\"minValue\":\"1\",\"maxValue\":\"10\"}},{\"@type\":\"Person\",\"@id\":\"https:\/\/dicodusport.fr\/blog\/#\/schema\/person\/cb02af4c173ce4a653b55e9baf388d4a\",\"name\":\"Flo Ostermann\",\"image\":{\"@type\":\"ImageObject\",\"inLanguage\":\"fr-FR\",\"@id\":\"https:\/\/dicodusport.fr\/blog\/#\/schema\/person\/image\/\",\"url\":\"https:\/\/dicodusport.fr\/blog\/wp-content\/uploads\/2021\/05\/Flo-Ostermann-150x150.jpg\",\"contentUrl\":\"https:\/\/dicodusport.fr\/blog\/wp-content\/uploads\/2021\/05\/Flo-Ostermann-150x150.jpg\",\"caption\":\"Flo Ostermann\"},\"description\":\"Journaliste\/R\u00e9dacteur depuis septembre 2015 - Mes premiers souvenirs dans le sport ? Les envol\u00e9es du Stade Toulousain et les duels Villeneuve-Schumacher et H\u00e4kkinen-Schumacher \u00e0 la fin des ann\u00e9es 90, la Coupe du monde de football en 1998, l\u2019exploit du XV de France face aux All Blacks en 1999, mais aussi Richard C\u0153ur de Lion qui vole sur les montagnes du Tour de France. Bien parti pour devenir professeur d\u2019EPS, les \u00e9v\u00e9nements de la vie (et la flemme d\u2019animer des s\u00e9ances de 3x500 m\u00e8tres toute ma vie) m\u2019ont conduit \u00e0 revoir mes plans. Me voil\u00e0 depuis fin 2017 sur Dicodusport, m\u00e9dia gr\u00e2ce (et pour) lequel je partage ma passion : le sport dans tous ses \u00e9tats. Le tout accompagn\u00e9 par les fous furieux et folles furieuses cit\u00e9s sur cette page !\",\"sameAs\":[\"https:\/\/www.facebook.com\/florent.ostermann\",\"https:\/\/x.com\/https:\/\/twitter.com\/FlOstermann\",\"admin\"],\"url\":\"https:\/\/dicodusport.fr\/blog\/author\/flo\/\"}]}<\/script>\n<!-- \/ Yoast SEO Premium plugin. -->","yoast_head_json":{"title":"Chris Froome rejoindra Israel Start-Up Nation en 2021","description":"CYCLISME - C'\u00e9tait attendu, c'est d\u00e9sormais officiel. Chris Froome va quitter la formation Ineos en fin de saison. L'\u00e9quipe britannique en a fait l'annonce ce jeudi matin, sur les r\u00e9seaux sociaux.","robots":{"index":"index","follow":"follow","max-snippet":"max-snippet:-1","max-image-preview":"max-image-preview:large","max-video-preview":"max-video-preview:-1"},"canonical":"https:\/\/dicodusport.fr\/blog\/chris-froome-israel-start-up-nation-2021\/","og_locale":"fr_FR","og_type":"article","og_title":"Chris Froome rejoindra Israel Start-Up Nation en 2021","og_description":"CYCLISME - C'\u00e9tait attendu, c'est d\u00e9sormais officiel. Chris Froome va quitter la formation Ineos en fin de saison. L'\u00e9quipe britannique en a fait l'annonce ce jeudi matin, sur les r\u00e9seaux sociaux.","og_url":"https:\/\/dicodusport.fr\/blog\/chris-froome-israel-start-up-nation-2021\/","og_site_name":"Dicodusport","article_publisher":"https:\/\/www.facebook.com\/dicodusport","article_author":"https:\/\/www.facebook.com\/florent.ostermann","article_published_time":"2020-07-09T09:09:32+00:00","article_modified_time":"2020-07-09T10:20:10+00:00","og_image":[{"width":800,"height":445,"url":"https:\/\/dicodusport.fr\/blog\/wp-content\/uploads\/2020\/01\/Chris-Froome-quitte-pr\u00e9matur\u00e9ment-le-camp-dentra\u00eenement-dINEOS-en-Espagne.png","type":"image\/png"}],"author":"Flo Ostermann","twitter_card":"summary_large_image","twitter_title":"Chris Froome rejoindra Israel Start-Up Nation en 2021","twitter_creator":"@https:\/\/twitter.com\/FlOstermann","twitter_site":"@dicodusport","schema":{"@context":"https:\/\/schema.org","@graph":[{"@type":"NewsArticle","@id":"https:\/\/dicodusport.fr\/blog\/chris-froome-israel-start-up-nation-2021\/#article","isPartOf":{"@id":"https:\/\/dicodusport.fr\/blog\/chris-froome-israel-start-up-nation-2021\/"},"author":{"name":"Flo Ostermann","@id":"https:\/\/dicodusport.fr\/blog\/#\/schema\/person\/cb02af4c173ce4a653b55e9baf388d4a"},"headline":"Chris Froome rejoindra Israel Start-Up Nation en 2021","datePublished":"2020-07-09T09:09:32+00:00","dateModified":"2020-07-09T10:20:10+00:00","mainEntityOfPage":{"@id":"https:\/\/dicodusport.fr\/blog\/chris-froome-israel-start-up-nation-2021\/"},"wordCount":456,"commentCount":0,"publisher":{"@id":"https:\/\/dicodusport.fr\/blog\/#organization"},"image":{"@id":"https:\/\/dicodusport.fr\/blog\/chris-froome-israel-start-up-nation-2021\/#primaryimage"},"thumbnailUrl":"https:\/\/dicodusport.fr\/blog\/wp-content\/uploads\/2020\/01\/Chris-Froome-quitte-pr\u00e9matur\u00e9ment-le-camp-dentra\u00eenement-dINEOS-en-Espagne.png","keywords":["Chris froome","Ineos"],"articleSection":["Cyclisme"],"inLanguage":"fr-FR","potentialAction":[{"@type":"CommentAction","name":"Comment","target":["https:\/\/dicodusport.fr\/blog\/chris-froome-israel-start-up-nation-2021\/#respond"]}],"copyrightYear":"2020","copyrightHolder":{"@id":"https:\/\/dicodusport.fr\/blog\/#organization"}},{"@type":"WebPage","@id":"https:\/\/dicodusport.fr\/blog\/chris-froome-israel-start-up-nation-2021\/","url":"https:\/\/dicodusport.fr\/blog\/chris-froome-israel-start-up-nation-2021\/","name":"Chris Froome rejoindra Israel Start-Up Nation en 2021","isPartOf":{"@id":"https:\/\/dicodusport.fr\/blog\/#website"},"primaryImageOfPage":{"@id":"https:\/\/dicodusport.fr\/blog\/chris-froome-israel-start-up-nation-2021\/#primaryimage"},"image":{"@id":"https:\/\/dicodusport.fr\/blog\/chris-froome-israel-start-up-nation-2021\/#primaryimage"},"thumbnailUrl":"https:\/\/dicodusport.fr\/blog\/wp-content\/uploads\/2020\/01\/Chris-Froome-quitte-pr\u00e9matur\u00e9ment-le-camp-dentra\u00eenement-dINEOS-en-Espagne.png","datePublished":"2020-07-09T09:09:32+00:00","dateModified":"2020-07-09T10:20:10+00:00","description":"CYCLISME - C'\u00e9tait attendu, c'est d\u00e9sormais officiel. Chris Froome va quitter la formation Ineos en fin de saison. L'\u00e9quipe britannique en a fait l'annonce ce jeudi matin, sur les r\u00e9seaux sociaux.","breadcrumb":{"@id":"https:\/\/dicodusport.fr\/blog\/chris-froome-israel-start-up-nation-2021\/#breadcrumb"},"inLanguage":"fr-FR","potentialAction":[{"@type":"ReadAction","target":["https:\/\/dicodusport.fr\/blog\/chris-froome-israel-start-up-nation-2021\/"]}]},{"@type":"ImageObject","inLanguage":"fr-FR","@id":"https:\/\/dicodusport.fr\/blog\/chris-froome-israel-start-up-nation-2021\/#primaryimage","url":"https:\/\/dicodusport.fr\/blog\/wp-content\/uploads\/2020\/01\/Chris-Froome-quitte-pr\u00e9matur\u00e9ment-le-camp-dentra\u00eenement-dINEOS-en-Espagne.png","contentUrl":"https:\/\/dicodusport.fr\/blog\/wp-content\/uploads\/2020\/01\/Chris-Froome-quitte-pr\u00e9matur\u00e9ment-le-camp-dentra\u00eenement-dINEOS-en-Espagne.png","width":800,"height":445,"caption":"Chris Froome quitte pr\u00e9matur\u00e9ment le camp d'entra\u00eenement d'INEOS en Espagne"},{"@type":"BreadcrumbList","@id":"https:\/\/dicodusport.fr\/blog\/chris-froome-israel-start-up-nation-2021\/#breadcrumb","itemListElement":[{"@type":"ListItem","position":1,"name":"Accueil","item":"https:\/\/dicodusport.fr\/blog\/"},{"@type":"ListItem","position":2,"name":"Chris Froome rejoindra Israel Start-Up Nation en 2021"}]},{"@type":"WebSite","@id":"https:\/\/dicodusport.fr\/blog\/#website","url":"https:\/\/dicodusport.fr\/blog\/","name":"Dicodusport","description":"L&#039;encyclop\u00e9die de l&#039;actualit\u00e9 sportive","publisher":{"@id":"https:\/\/dicodusport.fr\/blog\/#organization"},"potentialAction":[{"@type":"SearchAction","target":{"@type":"EntryPoint","urlTemplate":"https:\/\/dicodusport.fr\/blog\/?s={search_term_string}"},"query-input":{"@type":"PropertyValueSpecification","valueRequired":true,"valueName":"search_term_string"}}],"inLanguage":"fr-FR"},{"@type":"NewsMediaOrganization","@id":"https:\/\/dicodusport.fr\/blog\/#organization","name":"Dicodusport","url":"https:\/\/dicodusport.fr\/blog\/","logo":{"@type":"ImageObject","inLanguage":"fr-FR","@id":"https:\/\/dicodusport.fr\/blog\/#\/schema\/logo\/image\/","url":"https:\/\/dicodusport.fr\/blog\/wp-content\/uploads\/2020\/06\/cropped-LOGO-DICODUSPORT-2020-SANS-FOND-SANS-TEXTE.png","contentUrl":"https:\/\/dicodusport.fr\/blog\/wp-content\/uploads\/2020\/06\/cropped-LOGO-DICODUSPORT-2020-SANS-FOND-SANS-TEXTE.png","width":512,"height":512,"caption":"Dicodusport"},"image":{"@id":"https:\/\/dicodusport.fr\/blog\/#\/schema\/logo\/image\/"},"sameAs":["https:\/\/www.facebook.com\/dicodusport","https:\/\/x.com\/dicodusport","https:\/\/www.instagram.com\/dicodusport\/","https:\/\/www.youtube.com\/channel\/UC7V2KZ5sd3htJivAbA4ZG3w"],"description":"Dicodusport est l'encyclop\u00e9die de l'actualit\u00e9 sportive.","email":"bonjour@dicodusport.fr","legalName":"DICODUSPORT","foundingDate":"2018-01-14","vatID":"FR71834470973","taxID":"83447097300043","numberOfEmployees":{"@type":"QuantitativeValue","minValue":"1","maxValue":"10"}},{"@type":"Person","@id":"https:\/\/dicodusport.fr\/blog\/#\/schema\/person\/cb02af4c173ce4a653b55e9baf388d4a","name":"Flo Ostermann","image":{"@type":"ImageObject","inLanguage":"fr-FR","@id":"https:\/\/dicodusport.fr\/blog\/#\/schema\/person\/image\/","url":"https:\/\/dicodusport.fr\/blog\/wp-content\/uploads\/2021\/05\/Flo-Ostermann-150x150.jpg","contentUrl":"https:\/\/dicodusport.fr\/blog\/wp-content\/uploads\/2021\/05\/Flo-Ostermann-150x150.jpg","caption":"Flo Ostermann"},"description":"Journaliste\/R\u00e9dacteur depuis septembre 2015 - Mes premiers souvenirs dans le sport ? Les envol\u00e9es du Stade Toulousain et les duels Villeneuve-Schumacher et H\u00e4kkinen-Schumacher \u00e0 la fin des ann\u00e9es 90, la Coupe du monde de football en 1998, l\u2019exploit du XV de France face aux All Blacks en 1999, mais aussi Richard C\u0153ur de Lion qui vole sur les montagnes du Tour de France. Bien parti pour devenir professeur d\u2019EPS, les \u00e9v\u00e9nements de la vie (et la flemme d\u2019animer des s\u00e9ances de 3x500 m\u00e8tres toute ma vie) m\u2019ont conduit \u00e0 revoir mes plans. Me voil\u00e0 depuis fin 2017 sur Dicodusport, m\u00e9dia gr\u00e2ce (et pour) lequel je partage ma passion : le sport dans tous ses \u00e9tats. Le tout accompagn\u00e9 par les fous furieux et folles furieuses cit\u00e9s sur cette page !","sameAs":["https:\/\/www.facebook.com\/florent.ostermann","https:\/\/x.com\/https:\/\/twitter.com\/FlOstermann","admin"],"url":"https:\/\/dicodusport.fr\/blog\/author\/flo\/"}]}},"_links":{"self":[{"href":"https:\/\/dicodusport.fr\/blog\/wp-json\/wp\/v2\/posts\/71171","targetHints":{"allow":["GET"]}}],"collection":[{"href":"https:\/\/dicodusport.fr\/blog\/wp-json\/wp\/v2\/posts"}],"about":[{"href":"https:\/\/dicodusport.fr\/blog\/wp-json\/wp\/v2\/types\/post"}],"author":[{"embeddable":true,"href":"https:\/\/dicodusport.fr\/blog\/wp-json\/wp\/v2\/users\/4"}],"replies":[{"embeddable":true,"href":"https:\/\/dicodusport.fr\/blog\/wp-json\/wp\/v2\/comments?post=71171"}],"version-history":[{"count":0,"href":"https:\/\/dicodusport.fr\/blog\/wp-json\/wp\/v2\/posts\/71171\/revisions"}],"wp:featuredmedia":[{"embeddable":true,"href":"https:\/\/dicodusport.fr\/blog\/wp-json\/wp\/v2\/media\/56207"}],"wp:attachment":[{"href":"https:\/\/dicodusport.fr\/blog\/wp-json\/wp\/v2\/media?parent=71171"}],"wp:term":[{"taxonomy":"category","embeddable":true,"href":"https:\/\/dicodusport.fr\/blog\/wp-json\/wp\/v2\/categories?post=71171"},{"taxonomy":"post_tag","embeddable":true,"href":"https:\/\/dicodusport.fr\/blog\/wp-json\/wp\/v2\/tags?post=71171"}],"curies":[{"name":"wp","href":"https:\/\/api.w.org\/{rel}","templated":true}]}}