{"id":71391,"date":"2020-07-11T19:18:57","date_gmt":"2020-07-11T17:18:57","guid":{"rendered":"http:\/\/dicodusport.fr\/blog\/?p=71391&#038;preview=true&#038;preview_id=71391"},"modified":"2020-07-11T19:19:47","modified_gmt":"2020-07-11T17:19:47","slug":"alexandra-tavernier-ameliore-record-de-france-lancer-du-marteau","status":"publish","type":"post","link":"https:\/\/dicodusport.fr\/blog\/alexandra-tavernier-ameliore-record-de-france-lancer-du-marteau\/","title":{"rendered":"Alexandra Tavernier am\u00e9liore son record de France au lancer du marteau"},"content":{"rendered":"<p style=\"text-align: justify;\"><strong><em>ATHL\u00c9TISME &#8211; Ce samedi, Alexandra Tavernier a am\u00e9lior\u00e9 son propre record de France au lancer du marteau, lors d&rsquo;un meeting de lancers \u00e0 Lyon.<\/em><\/strong><\/p>\n<p style=\"text-align: justify;\">Pan ! Ce samedi, <strong>Alexandra Tavernier<\/strong> n&rsquo;a pas fait dans la dentelle. La native d&rsquo;Annecy, 26 ans, a am\u00e9lior\u00e9 son record de France au lancer du marteau. Avec une marque de <strong>74,94m<\/strong>, la Fran\u00e7aise progresse de 10 cm et s&#8217;empare par la m\u00eame occasion de la deuxi\u00e8me meilleure performance mondiale de l&rsquo;ann\u00e9e. <a href=\"https:\/\/dicodusport.fr\/blog\/championnats-europe-athletisme-alexandra-tavernier-en-argent-au-lancer-du-marteau\/\" target=\"_blank\" rel=\"noopener noreferrer\">Vice-championne d&rsquo;Europe en 2018 \u00e0 Berlin<\/a>, Tavernier \u00e9tait sortie d\u00e9\u00e7ue d&rsquo;une ann\u00e9e 2019 lors de laquelle elle avait termin\u00e9 <a href=\"https:\/\/dicodusport.fr\/blog\/championnats-du-monde-dathletisme-marteau-alexandra-tavernier-hors-du-podium\/\" target=\"_blank\" rel=\"noopener noreferrer\">6\u00e8me des championnats du monde \u00e0 Doha<\/a>.<\/p>\n<blockquote class=\"twitter-tweet\">\n<p dir=\"ltr\" lang=\"fr\">Alerte record de France du marteau pour Alexandra Tavernier \u00e0 Lyon : 74,94m ! <a href=\"https:\/\/twitter.com\/hashtag\/Lyon?src=hash&amp;ref_src=twsrc%5Etfw\">#Lyon<\/a> <a href=\"https:\/\/twitter.com\/hashtag\/Athle?src=hash&amp;ref_src=twsrc%5Etfw\">#Athle<\/a> <a href=\"https:\/\/twitter.com\/Le_Progres?ref_src=twsrc%5Etfw\">@Le_Progres<\/a> <a href=\"https:\/\/t.co\/PCkNBqpARu\">pic.twitter.com\/PCkNBqpARu<\/a><\/p>\n<p>\u2014 Benjamin Steen (@benjaminsteen) <a href=\"https:\/\/twitter.com\/benjaminsteen\/status\/1281970459739914240?ref_src=twsrc%5Etfw\">July 11, 2020<\/a><\/p><\/blockquote>\n<p><script async src=\"https:\/\/platform.twitter.com\/widgets.js\" charset=\"utf-8\"><\/script><\/p>\n<p><strong><em>Dicodusport<br \/>\n<a href=\"https:\/\/www.facebook.com\/dicodusport\/\" target=\"_blank\" rel=\"noopener noreferrer\"><img loading=\"lazy\" decoding=\"async\" class=\"alignnone wp-image-2909\" src=\"http:\/\/dicodusport.fr\/blog\/wp-content\/uploads\/2017\/07\/logo-facebook-150x150.png\" alt=\"\" width=\"40\" height=\"40\" \/><\/a><a href=\"https:\/\/twitter.com\/dicodusport\" target=\"_blank\" rel=\"noopener noreferrer\"><img loading=\"lazy\" decoding=\"async\" class=\"alignnone wp-image-2908\" src=\"http:\/\/dicodusport.fr\/blog\/wp-content\/uploads\/2017\/07\/logo-twitter-150x150.png\" alt=\"\" width=\"39\" height=\"39\" \/><\/a><\/em><\/strong><\/p>\n","protected":false},"excerpt":{"rendered":"<p>ATHL\u00c9TISME &#8211; Ce samedi, Alexandra Tavernier a am\u00e9lior\u00e9 son propre record de France au lancer du marteau, lors d&rsquo;un meeting de lancers \u00e0 Lyon.<\/p>\n","protected":false},"author":4,"featured_media":71392,"comment_status":"open","ping_status":"closed","sticky":false,"template":"","format":"standard","meta":{"_acf_changed":false,"_daextam_enable_autolinks":"","footnotes":""},"categories":[2308],"tags":[5740,143,5742],"class_list":["post-71391","post","type-post","status-publish","format-standard","has-post-thumbnail","hentry","category-athletisme","tag-alexandra-tavernier","tag-athletisme","tag-lancer-du-marteau"],"acf":[],"yoast_head":"<!-- This site is optimized with the Yoast SEO Premium plugin v26.7 (Yoast SEO v26.7) - https:\/\/yoast.com\/wordpress\/plugins\/seo\/ -->\n<title>Alexandra Tavernier am\u00e9liore son record de France au lancer du marteau<\/title>\n<meta name=\"description\" content=\"ATHL\u00c9TISME - Ce samedi, Alexandra Tavernier a am\u00e9lior\u00e9 son propre record de France au lancer du marteau, lors d&#039;un meeting de lancers \u00e0 Lyon.\" \/>\n<meta name=\"robots\" content=\"index, follow, max-snippet:-1, max-image-preview:large, max-video-preview:-1\" \/>\n<link rel=\"canonical\" href=\"https:\/\/dicodusport.fr\/blog\/alexandra-tavernier-ameliore-record-de-france-lancer-du-marteau\/\" \/>\n<meta property=\"og:locale\" content=\"fr_FR\" \/>\n<meta property=\"og:type\" content=\"article\" \/>\n<meta property=\"og:title\" content=\"Athl\u00e9tisme : Alexandra Tavernier am\u00e9liore son record de France au marteau\" \/>\n<meta property=\"og:description\" content=\"ATHL\u00c9TISME - Ce samedi, Alexandra Tavernier a am\u00e9lior\u00e9 son propre record de France au lancer du marteau, lors d&#039;un meeting de lancers \u00e0 Lyon.\" \/>\n<meta property=\"og:url\" content=\"https:\/\/dicodusport.fr\/blog\/alexandra-tavernier-ameliore-record-de-france-lancer-du-marteau\/\" \/>\n<meta property=\"og:site_name\" content=\"Dicodusport\" \/>\n<meta property=\"article:publisher\" content=\"https:\/\/www.facebook.com\/dicodusport\" \/>\n<meta property=\"article:author\" content=\"https:\/\/www.facebook.com\/florent.ostermann\" \/>\n<meta property=\"article:published_time\" content=\"2020-07-11T17:18:57+00:00\" \/>\n<meta property=\"article:modified_time\" content=\"2020-07-11T17:19:47+00:00\" \/>\n<meta property=\"og:image\" content=\"https:\/\/dicodusport.fr\/blog\/wp-content\/uploads\/2020\/07\/Alexandra-Tavernier-am\u00e9liore-son-record-du-France-au-lancer-du-marteau.png\" \/>\n\t<meta property=\"og:image:width\" content=\"800\" \/>\n\t<meta property=\"og:image:height\" content=\"445\" \/>\n\t<meta property=\"og:image:type\" content=\"image\/png\" \/>\n<meta name=\"author\" content=\"Flo Ostermann\" \/>\n<meta name=\"twitter:card\" content=\"summary_large_image\" \/>\n<meta name=\"twitter:title\" content=\"Athl\u00e9tisme : Alexandra Tavernier am\u00e9liore son record de France au marteau\" \/>\n<meta name=\"twitter:creator\" content=\"@https:\/\/twitter.com\/FlOstermann\" \/>\n<meta name=\"twitter:site\" content=\"@dicodusport\" \/>\n<script type=\"application\/ld+json\" class=\"yoast-schema-graph\">{\"@context\":\"https:\/\/schema.org\",\"@graph\":[{\"@type\":\"NewsArticle\",\"@id\":\"https:\/\/dicodusport.fr\/blog\/alexandra-tavernier-ameliore-record-de-france-lancer-du-marteau\/#article\",\"isPartOf\":{\"@id\":\"https:\/\/dicodusport.fr\/blog\/alexandra-tavernier-ameliore-record-de-france-lancer-du-marteau\/\"},\"author\":{\"name\":\"Flo Ostermann\",\"@id\":\"https:\/\/dicodusport.fr\/blog\/#\/schema\/person\/cb02af4c173ce4a653b55e9baf388d4a\"},\"headline\":\"Alexandra Tavernier am\u00e9liore son record de France au lancer du marteau\",\"datePublished\":\"2020-07-11T17:18:57+00:00\",\"dateModified\":\"2020-07-11T17:19:47+00:00\",\"mainEntityOfPage\":{\"@id\":\"https:\/\/dicodusport.fr\/blog\/alexandra-tavernier-ameliore-record-de-france-lancer-du-marteau\/\"},\"wordCount\":146,\"commentCount\":0,\"publisher\":{\"@id\":\"https:\/\/dicodusport.fr\/blog\/#organization\"},\"image\":{\"@id\":\"https:\/\/dicodusport.fr\/blog\/alexandra-tavernier-ameliore-record-de-france-lancer-du-marteau\/#primaryimage\"},\"thumbnailUrl\":\"https:\/\/dicodusport.fr\/blog\/wp-content\/uploads\/2020\/07\/Alexandra-Tavernier-am\u00e9liore-son-record-du-France-au-lancer-du-marteau.png\",\"keywords\":[\"Alexandra Tavernier\",\"Athl\u00e9tisme\",\"Lancer du marteau\"],\"articleSection\":[\"Athl\u00e9tisme\"],\"inLanguage\":\"fr-FR\",\"potentialAction\":[{\"@type\":\"CommentAction\",\"name\":\"Comment\",\"target\":[\"https:\/\/dicodusport.fr\/blog\/alexandra-tavernier-ameliore-record-de-france-lancer-du-marteau\/#respond\"]}],\"copyrightYear\":\"2020\",\"copyrightHolder\":{\"@id\":\"https:\/\/dicodusport.fr\/blog\/#organization\"}},{\"@type\":\"WebPage\",\"@id\":\"https:\/\/dicodusport.fr\/blog\/alexandra-tavernier-ameliore-record-de-france-lancer-du-marteau\/\",\"url\":\"https:\/\/dicodusport.fr\/blog\/alexandra-tavernier-ameliore-record-de-france-lancer-du-marteau\/\",\"name\":\"Alexandra Tavernier am\u00e9liore son record de France au lancer du marteau\",\"isPartOf\":{\"@id\":\"https:\/\/dicodusport.fr\/blog\/#website\"},\"primaryImageOfPage\":{\"@id\":\"https:\/\/dicodusport.fr\/blog\/alexandra-tavernier-ameliore-record-de-france-lancer-du-marteau\/#primaryimage\"},\"image\":{\"@id\":\"https:\/\/dicodusport.fr\/blog\/alexandra-tavernier-ameliore-record-de-france-lancer-du-marteau\/#primaryimage\"},\"thumbnailUrl\":\"https:\/\/dicodusport.fr\/blog\/wp-content\/uploads\/2020\/07\/Alexandra-Tavernier-am\u00e9liore-son-record-du-France-au-lancer-du-marteau.png\",\"datePublished\":\"2020-07-11T17:18:57+00:00\",\"dateModified\":\"2020-07-11T17:19:47+00:00\",\"description\":\"ATHL\u00c9TISME - Ce samedi, Alexandra Tavernier a am\u00e9lior\u00e9 son propre record de France au lancer du marteau, lors d'un meeting de lancers \u00e0 Lyon.\",\"breadcrumb\":{\"@id\":\"https:\/\/dicodusport.fr\/blog\/alexandra-tavernier-ameliore-record-de-france-lancer-du-marteau\/#breadcrumb\"},\"inLanguage\":\"fr-FR\",\"potentialAction\":[{\"@type\":\"ReadAction\",\"target\":[\"https:\/\/dicodusport.fr\/blog\/alexandra-tavernier-ameliore-record-de-france-lancer-du-marteau\/\"]}]},{\"@type\":\"ImageObject\",\"inLanguage\":\"fr-FR\",\"@id\":\"https:\/\/dicodusport.fr\/blog\/alexandra-tavernier-ameliore-record-de-france-lancer-du-marteau\/#primaryimage\",\"url\":\"https:\/\/dicodusport.fr\/blog\/wp-content\/uploads\/2020\/07\/Alexandra-Tavernier-am\u00e9liore-son-record-du-France-au-lancer-du-marteau.png\",\"contentUrl\":\"https:\/\/dicodusport.fr\/blog\/wp-content\/uploads\/2020\/07\/Alexandra-Tavernier-am\u00e9liore-son-record-du-France-au-lancer-du-marteau.png\",\"width\":800,\"height\":445,\"caption\":\"Alexandra Tavernier : \\\"La France est le seul pays d\u2019Europe \u00e0 aussi mal consid\u00e9rer les lanceurs\\\"\"},{\"@type\":\"BreadcrumbList\",\"@id\":\"https:\/\/dicodusport.fr\/blog\/alexandra-tavernier-ameliore-record-de-france-lancer-du-marteau\/#breadcrumb\",\"itemListElement\":[{\"@type\":\"ListItem\",\"position\":1,\"name\":\"Accueil\",\"item\":\"https:\/\/dicodusport.fr\/blog\/\"},{\"@type\":\"ListItem\",\"position\":2,\"name\":\"Alexandra Tavernier am\u00e9liore son record de France au lancer du marteau\"}]},{\"@type\":\"WebSite\",\"@id\":\"https:\/\/dicodusport.fr\/blog\/#website\",\"url\":\"https:\/\/dicodusport.fr\/blog\/\",\"name\":\"Dicodusport\",\"description\":\"L&#039;encyclop\u00e9die de l&#039;actualit\u00e9 sportive\",\"publisher\":{\"@id\":\"https:\/\/dicodusport.fr\/blog\/#organization\"},\"potentialAction\":[{\"@type\":\"SearchAction\",\"target\":{\"@type\":\"EntryPoint\",\"urlTemplate\":\"https:\/\/dicodusport.fr\/blog\/?s={search_term_string}\"},\"query-input\":{\"@type\":\"PropertyValueSpecification\",\"valueRequired\":true,\"valueName\":\"search_term_string\"}}],\"inLanguage\":\"fr-FR\"},{\"@type\":\"NewsMediaOrganization\",\"@id\":\"https:\/\/dicodusport.fr\/blog\/#organization\",\"name\":\"Dicodusport\",\"url\":\"https:\/\/dicodusport.fr\/blog\/\",\"logo\":{\"@type\":\"ImageObject\",\"inLanguage\":\"fr-FR\",\"@id\":\"https:\/\/dicodusport.fr\/blog\/#\/schema\/logo\/image\/\",\"url\":\"https:\/\/dicodusport.fr\/blog\/wp-content\/uploads\/2020\/06\/cropped-LOGO-DICODUSPORT-2020-SANS-FOND-SANS-TEXTE.png\",\"contentUrl\":\"https:\/\/dicodusport.fr\/blog\/wp-content\/uploads\/2020\/06\/cropped-LOGO-DICODUSPORT-2020-SANS-FOND-SANS-TEXTE.png\",\"width\":512,\"height\":512,\"caption\":\"Dicodusport\"},\"image\":{\"@id\":\"https:\/\/dicodusport.fr\/blog\/#\/schema\/logo\/image\/\"},\"sameAs\":[\"https:\/\/www.facebook.com\/dicodusport\",\"https:\/\/x.com\/dicodusport\",\"https:\/\/www.instagram.com\/dicodusport\/\",\"https:\/\/www.youtube.com\/channel\/UC7V2KZ5sd3htJivAbA4ZG3w\"],\"description\":\"Dicodusport est l'encyclop\u00e9die de l'actualit\u00e9 sportive.\",\"email\":\"bonjour@dicodusport.fr\",\"legalName\":\"DICODUSPORT\",\"foundingDate\":\"2018-01-14\",\"vatID\":\"FR71834470973\",\"taxID\":\"83447097300043\",\"numberOfEmployees\":{\"@type\":\"QuantitativeValue\",\"minValue\":\"1\",\"maxValue\":\"10\"}},{\"@type\":\"Person\",\"@id\":\"https:\/\/dicodusport.fr\/blog\/#\/schema\/person\/cb02af4c173ce4a653b55e9baf388d4a\",\"name\":\"Flo Ostermann\",\"image\":{\"@type\":\"ImageObject\",\"inLanguage\":\"fr-FR\",\"@id\":\"https:\/\/dicodusport.fr\/blog\/#\/schema\/person\/image\/\",\"url\":\"https:\/\/dicodusport.fr\/blog\/wp-content\/uploads\/2021\/05\/Flo-Ostermann-150x150.jpg\",\"contentUrl\":\"https:\/\/dicodusport.fr\/blog\/wp-content\/uploads\/2021\/05\/Flo-Ostermann-150x150.jpg\",\"caption\":\"Flo Ostermann\"},\"description\":\"Journaliste\/R\u00e9dacteur depuis septembre 2015 - Mes premiers souvenirs dans le sport ? Les envol\u00e9es du Stade Toulousain et les duels Villeneuve-Schumacher et H\u00e4kkinen-Schumacher \u00e0 la fin des ann\u00e9es 90, la Coupe du monde de football en 1998, l\u2019exploit du XV de France face aux All Blacks en 1999, mais aussi Richard C\u0153ur de Lion qui vole sur les montagnes du Tour de France. Bien parti pour devenir professeur d\u2019EPS, les \u00e9v\u00e9nements de la vie (et la flemme d\u2019animer des s\u00e9ances de 3x500 m\u00e8tres toute ma vie) m\u2019ont conduit \u00e0 revoir mes plans. Me voil\u00e0 depuis fin 2017 sur Dicodusport, m\u00e9dia gr\u00e2ce (et pour) lequel je partage ma passion : le sport dans tous ses \u00e9tats. Le tout accompagn\u00e9 par les fous furieux et folles furieuses cit\u00e9s sur cette page !\",\"sameAs\":[\"https:\/\/www.facebook.com\/florent.ostermann\",\"https:\/\/x.com\/https:\/\/twitter.com\/FlOstermann\",\"admin\"],\"url\":\"https:\/\/dicodusport.fr\/blog\/author\/flo\/\"}]}<\/script>\n<!-- \/ Yoast SEO Premium plugin. -->","yoast_head_json":{"title":"Alexandra Tavernier am\u00e9liore son record de France au lancer du marteau","description":"ATHL\u00c9TISME - Ce samedi, Alexandra Tavernier a am\u00e9lior\u00e9 son propre record de France au lancer du marteau, lors d'un meeting de lancers \u00e0 Lyon.","robots":{"index":"index","follow":"follow","max-snippet":"max-snippet:-1","max-image-preview":"max-image-preview:large","max-video-preview":"max-video-preview:-1"},"canonical":"https:\/\/dicodusport.fr\/blog\/alexandra-tavernier-ameliore-record-de-france-lancer-du-marteau\/","og_locale":"fr_FR","og_type":"article","og_title":"Athl\u00e9tisme : Alexandra Tavernier am\u00e9liore son record de France au marteau","og_description":"ATHL\u00c9TISME - Ce samedi, Alexandra Tavernier a am\u00e9lior\u00e9 son propre record de France au lancer du marteau, lors d'un meeting de lancers \u00e0 Lyon.","og_url":"https:\/\/dicodusport.fr\/blog\/alexandra-tavernier-ameliore-record-de-france-lancer-du-marteau\/","og_site_name":"Dicodusport","article_publisher":"https:\/\/www.facebook.com\/dicodusport","article_author":"https:\/\/www.facebook.com\/florent.ostermann","article_published_time":"2020-07-11T17:18:57+00:00","article_modified_time":"2020-07-11T17:19:47+00:00","og_image":[{"width":800,"height":445,"url":"https:\/\/dicodusport.fr\/blog\/wp-content\/uploads\/2020\/07\/Alexandra-Tavernier-am\u00e9liore-son-record-du-France-au-lancer-du-marteau.png","type":"image\/png"}],"author":"Flo Ostermann","twitter_card":"summary_large_image","twitter_title":"Athl\u00e9tisme : Alexandra Tavernier am\u00e9liore son record de France au marteau","twitter_creator":"@https:\/\/twitter.com\/FlOstermann","twitter_site":"@dicodusport","schema":{"@context":"https:\/\/schema.org","@graph":[{"@type":"NewsArticle","@id":"https:\/\/dicodusport.fr\/blog\/alexandra-tavernier-ameliore-record-de-france-lancer-du-marteau\/#article","isPartOf":{"@id":"https:\/\/dicodusport.fr\/blog\/alexandra-tavernier-ameliore-record-de-france-lancer-du-marteau\/"},"author":{"name":"Flo Ostermann","@id":"https:\/\/dicodusport.fr\/blog\/#\/schema\/person\/cb02af4c173ce4a653b55e9baf388d4a"},"headline":"Alexandra Tavernier am\u00e9liore son record de France au lancer du marteau","datePublished":"2020-07-11T17:18:57+00:00","dateModified":"2020-07-11T17:19:47+00:00","mainEntityOfPage":{"@id":"https:\/\/dicodusport.fr\/blog\/alexandra-tavernier-ameliore-record-de-france-lancer-du-marteau\/"},"wordCount":146,"commentCount":0,"publisher":{"@id":"https:\/\/dicodusport.fr\/blog\/#organization"},"image":{"@id":"https:\/\/dicodusport.fr\/blog\/alexandra-tavernier-ameliore-record-de-france-lancer-du-marteau\/#primaryimage"},"thumbnailUrl":"https:\/\/dicodusport.fr\/blog\/wp-content\/uploads\/2020\/07\/Alexandra-Tavernier-am\u00e9liore-son-record-du-France-au-lancer-du-marteau.png","keywords":["Alexandra Tavernier","Athl\u00e9tisme","Lancer du marteau"],"articleSection":["Athl\u00e9tisme"],"inLanguage":"fr-FR","potentialAction":[{"@type":"CommentAction","name":"Comment","target":["https:\/\/dicodusport.fr\/blog\/alexandra-tavernier-ameliore-record-de-france-lancer-du-marteau\/#respond"]}],"copyrightYear":"2020","copyrightHolder":{"@id":"https:\/\/dicodusport.fr\/blog\/#organization"}},{"@type":"WebPage","@id":"https:\/\/dicodusport.fr\/blog\/alexandra-tavernier-ameliore-record-de-france-lancer-du-marteau\/","url":"https:\/\/dicodusport.fr\/blog\/alexandra-tavernier-ameliore-record-de-france-lancer-du-marteau\/","name":"Alexandra Tavernier am\u00e9liore son record de France au lancer du marteau","isPartOf":{"@id":"https:\/\/dicodusport.fr\/blog\/#website"},"primaryImageOfPage":{"@id":"https:\/\/dicodusport.fr\/blog\/alexandra-tavernier-ameliore-record-de-france-lancer-du-marteau\/#primaryimage"},"image":{"@id":"https:\/\/dicodusport.fr\/blog\/alexandra-tavernier-ameliore-record-de-france-lancer-du-marteau\/#primaryimage"},"thumbnailUrl":"https:\/\/dicodusport.fr\/blog\/wp-content\/uploads\/2020\/07\/Alexandra-Tavernier-am\u00e9liore-son-record-du-France-au-lancer-du-marteau.png","datePublished":"2020-07-11T17:18:57+00:00","dateModified":"2020-07-11T17:19:47+00:00","description":"ATHL\u00c9TISME - Ce samedi, Alexandra Tavernier a am\u00e9lior\u00e9 son propre record de France au lancer du marteau, lors d'un meeting de lancers \u00e0 Lyon.","breadcrumb":{"@id":"https:\/\/dicodusport.fr\/blog\/alexandra-tavernier-ameliore-record-de-france-lancer-du-marteau\/#breadcrumb"},"inLanguage":"fr-FR","potentialAction":[{"@type":"ReadAction","target":["https:\/\/dicodusport.fr\/blog\/alexandra-tavernier-ameliore-record-de-france-lancer-du-marteau\/"]}]},{"@type":"ImageObject","inLanguage":"fr-FR","@id":"https:\/\/dicodusport.fr\/blog\/alexandra-tavernier-ameliore-record-de-france-lancer-du-marteau\/#primaryimage","url":"https:\/\/dicodusport.fr\/blog\/wp-content\/uploads\/2020\/07\/Alexandra-Tavernier-am\u00e9liore-son-record-du-France-au-lancer-du-marteau.png","contentUrl":"https:\/\/dicodusport.fr\/blog\/wp-content\/uploads\/2020\/07\/Alexandra-Tavernier-am\u00e9liore-son-record-du-France-au-lancer-du-marteau.png","width":800,"height":445,"caption":"Alexandra Tavernier : \"La France est le seul pays d\u2019Europe \u00e0 aussi mal consid\u00e9rer les lanceurs\""},{"@type":"BreadcrumbList","@id":"https:\/\/dicodusport.fr\/blog\/alexandra-tavernier-ameliore-record-de-france-lancer-du-marteau\/#breadcrumb","itemListElement":[{"@type":"ListItem","position":1,"name":"Accueil","item":"https:\/\/dicodusport.fr\/blog\/"},{"@type":"ListItem","position":2,"name":"Alexandra Tavernier am\u00e9liore son record de France au lancer du marteau"}]},{"@type":"WebSite","@id":"https:\/\/dicodusport.fr\/blog\/#website","url":"https:\/\/dicodusport.fr\/blog\/","name":"Dicodusport","description":"L&#039;encyclop\u00e9die de l&#039;actualit\u00e9 sportive","publisher":{"@id":"https:\/\/dicodusport.fr\/blog\/#organization"},"potentialAction":[{"@type":"SearchAction","target":{"@type":"EntryPoint","urlTemplate":"https:\/\/dicodusport.fr\/blog\/?s={search_term_string}"},"query-input":{"@type":"PropertyValueSpecification","valueRequired":true,"valueName":"search_term_string"}}],"inLanguage":"fr-FR"},{"@type":"NewsMediaOrganization","@id":"https:\/\/dicodusport.fr\/blog\/#organization","name":"Dicodusport","url":"https:\/\/dicodusport.fr\/blog\/","logo":{"@type":"ImageObject","inLanguage":"fr-FR","@id":"https:\/\/dicodusport.fr\/blog\/#\/schema\/logo\/image\/","url":"https:\/\/dicodusport.fr\/blog\/wp-content\/uploads\/2020\/06\/cropped-LOGO-DICODUSPORT-2020-SANS-FOND-SANS-TEXTE.png","contentUrl":"https:\/\/dicodusport.fr\/blog\/wp-content\/uploads\/2020\/06\/cropped-LOGO-DICODUSPORT-2020-SANS-FOND-SANS-TEXTE.png","width":512,"height":512,"caption":"Dicodusport"},"image":{"@id":"https:\/\/dicodusport.fr\/blog\/#\/schema\/logo\/image\/"},"sameAs":["https:\/\/www.facebook.com\/dicodusport","https:\/\/x.com\/dicodusport","https:\/\/www.instagram.com\/dicodusport\/","https:\/\/www.youtube.com\/channel\/UC7V2KZ5sd3htJivAbA4ZG3w"],"description":"Dicodusport est l'encyclop\u00e9die de l'actualit\u00e9 sportive.","email":"bonjour@dicodusport.fr","legalName":"DICODUSPORT","foundingDate":"2018-01-14","vatID":"FR71834470973","taxID":"83447097300043","numberOfEmployees":{"@type":"QuantitativeValue","minValue":"1","maxValue":"10"}},{"@type":"Person","@id":"https:\/\/dicodusport.fr\/blog\/#\/schema\/person\/cb02af4c173ce4a653b55e9baf388d4a","name":"Flo Ostermann","image":{"@type":"ImageObject","inLanguage":"fr-FR","@id":"https:\/\/dicodusport.fr\/blog\/#\/schema\/person\/image\/","url":"https:\/\/dicodusport.fr\/blog\/wp-content\/uploads\/2021\/05\/Flo-Ostermann-150x150.jpg","contentUrl":"https:\/\/dicodusport.fr\/blog\/wp-content\/uploads\/2021\/05\/Flo-Ostermann-150x150.jpg","caption":"Flo Ostermann"},"description":"Journaliste\/R\u00e9dacteur depuis septembre 2015 - Mes premiers souvenirs dans le sport ? Les envol\u00e9es du Stade Toulousain et les duels Villeneuve-Schumacher et H\u00e4kkinen-Schumacher \u00e0 la fin des ann\u00e9es 90, la Coupe du monde de football en 1998, l\u2019exploit du XV de France face aux All Blacks en 1999, mais aussi Richard C\u0153ur de Lion qui vole sur les montagnes du Tour de France. Bien parti pour devenir professeur d\u2019EPS, les \u00e9v\u00e9nements de la vie (et la flemme d\u2019animer des s\u00e9ances de 3x500 m\u00e8tres toute ma vie) m\u2019ont conduit \u00e0 revoir mes plans. Me voil\u00e0 depuis fin 2017 sur Dicodusport, m\u00e9dia gr\u00e2ce (et pour) lequel je partage ma passion : le sport dans tous ses \u00e9tats. Le tout accompagn\u00e9 par les fous furieux et folles furieuses cit\u00e9s sur cette page !","sameAs":["https:\/\/www.facebook.com\/florent.ostermann","https:\/\/x.com\/https:\/\/twitter.com\/FlOstermann","admin"],"url":"https:\/\/dicodusport.fr\/blog\/author\/flo\/"}]}},"_links":{"self":[{"href":"https:\/\/dicodusport.fr\/blog\/wp-json\/wp\/v2\/posts\/71391","targetHints":{"allow":["GET"]}}],"collection":[{"href":"https:\/\/dicodusport.fr\/blog\/wp-json\/wp\/v2\/posts"}],"about":[{"href":"https:\/\/dicodusport.fr\/blog\/wp-json\/wp\/v2\/types\/post"}],"author":[{"embeddable":true,"href":"https:\/\/dicodusport.fr\/blog\/wp-json\/wp\/v2\/users\/4"}],"replies":[{"embeddable":true,"href":"https:\/\/dicodusport.fr\/blog\/wp-json\/wp\/v2\/comments?post=71391"}],"version-history":[{"count":0,"href":"https:\/\/dicodusport.fr\/blog\/wp-json\/wp\/v2\/posts\/71391\/revisions"}],"wp:featuredmedia":[{"embeddable":true,"href":"https:\/\/dicodusport.fr\/blog\/wp-json\/wp\/v2\/media\/71392"}],"wp:attachment":[{"href":"https:\/\/dicodusport.fr\/blog\/wp-json\/wp\/v2\/media?parent=71391"}],"wp:term":[{"taxonomy":"category","embeddable":true,"href":"https:\/\/dicodusport.fr\/blog\/wp-json\/wp\/v2\/categories?post=71391"},{"taxonomy":"post_tag","embeddable":true,"href":"https:\/\/dicodusport.fr\/blog\/wp-json\/wp\/v2\/tags?post=71391"}],"curies":[{"name":"wp","href":"https:\/\/api.w.org\/{rel}","templated":true}]}}