{"id":71401,"date":"2020-07-12T09:14:53","date_gmt":"2020-07-12T07:14:53","guid":{"rendered":"http:\/\/dicodusport.fr\/blog\/?p=71401&#038;preview=true&#038;preview_id=71401"},"modified":"2020-07-12T23:57:58","modified_gmt":"2020-07-12T21:57:58","slug":"esteban-ocon-j-ai-roule-depuis-petit-pistes-mouillees-voire-enneigees","status":"publish","type":"post","link":"https:\/\/dicodusport.fr\/blog\/esteban-ocon-j-ai-roule-depuis-petit-pistes-mouillees-voire-enneigees\/","title":{"rendered":"Esteban Ocon : \u00ab\u00a0J&rsquo;ai roul\u00e9 depuis tout petit sur des pistes mouill\u00e9es, voire enneig\u00e9es\u00a0\u00bb"},"content":{"rendered":"<p style=\"text-align: justify;\"><strong><em><a href=\"https:\/\/dicodusport.fr\/blog\/f1-grand-prix-styrie-2020-programme-tv-complet\/\" target=\"_blank\" rel=\"noopener noreferrer\">GRAND PRIX DE STYRIE<\/a> &#8211; Dans des propos repris par nos confr\u00e8res de <a href=\"https:\/\/www.lequipe.fr\/Formule-1\/Article\/Esteban-ocon-renault-des-qu-il-pleut-je-suis-content\/1151816\" target=\"_blank\" rel=\"noopener noreferrer\">L&rsquo;\u00c9quipe<\/a>, Esteban Ocon revient sur sa tr\u00e8s bonne s\u00e9ance de <a href=\"https:\/\/dicodusport.fr\/blog\/grand-prix-de-styrie-qualifications-lewis-hamilton-pole-position\/\" target=\"_blank\" rel=\"noopener noreferrer\">qualifications<\/a> et sa cinqui\u00e8me place obtenue sur la grille de d\u00e9part.<\/em><\/strong><\/p>\n<p style=\"text-align: justify;\">Durant plusieurs minutes, <strong>Esteban Ocon<\/strong> occupait la deuxi\u00e8me ligne de la grille. Le Fran\u00e7ais doit finalement se contenter de la cinqui\u00e8me place. Un petit regret pour le pilote <strong>Renault<\/strong>.<\/p>\n<blockquote>\n<p style=\"text-align: justify;\">La voiture \u00e9tait saine tout au long des essais. \u00c7a fait du bien de retrouver la Q3 et de ressentir de tels feelings. Il y a toutefois des choses que nous aurions pu mieux g\u00e9rer. Je pense que la troisi\u00e8me ou la quatri\u00e8me place sur la grille \u00e9taient atteignables. Mais je n&rsquo;avais plus de train de pneus pour la fin de la Q3.<\/p>\n<\/blockquote>\n<p style=\"text-align: justify;\"><strong>Esteban Ocon<\/strong> s&rsquo;est \u00e9galement exprim\u00e9 concernant les conditions climatiques de ce samedi sur le Red Bull Racing. Le Normand avoue avoir \u00e9t\u00e9 dans son \u00e9l\u00e9ment durant ces qualifications.<\/p>\n<blockquote>\n<p style=\"text-align: justify;\">D\u00e8s qu&rsquo;il pleut, je suis content. J&rsquo;ai roul\u00e9 depuis tout petit sur des pistes mouill\u00e9es, voire enneig\u00e9es. (&#8230;) J&rsquo;ai beaucoup roul\u00e9 sous la pluie dans ma jeunesse. Et pas qu&rsquo;en course. Je me suis toujours bien senti dans ce genre de conditions.<\/p>\n<\/blockquote>\n<p><strong><em>Dicodusport<br \/>\n<a href=\"https:\/\/www.facebook.com\/dicodusport\/\" target=\"_blank\" rel=\"noopener noreferrer\"><img loading=\"lazy\" decoding=\"async\" class=\"alignnone wp-image-2909\" src=\"http:\/\/dicodusport.fr\/blog\/wp-content\/uploads\/2017\/07\/logo-facebook-150x150.png\" alt=\"\" width=\"40\" height=\"40\" \/><\/a><a href=\"https:\/\/twitter.com\/dicodusport\" target=\"_blank\" rel=\"noopener noreferrer\"><img loading=\"lazy\" decoding=\"async\" class=\"alignnone wp-image-2908\" src=\"http:\/\/dicodusport.fr\/blog\/wp-content\/uploads\/2017\/07\/logo-twitter-150x150.png\" alt=\"\" width=\"39\" height=\"39\" \/><\/a><\/em><\/strong><\/p>\n","protected":false},"excerpt":{"rendered":"<p>GRAND PRIX DE STYRIE &#8211; Dans des propos repris par nos confr\u00e8res de L&rsquo;\u00c9quipe, Esteban Ocon revient sur sa tr\u00e8s bonne s\u00e9ance de qualifications et sa cinqui\u00e8me place obtenue sur la grille de d\u00e9part.<\/p>\n","protected":false},"author":1,"featured_media":71407,"comment_status":"open","ping_status":"closed","sticky":false,"template":"","format":"standard","meta":{"_acf_changed":false,"_daextam_enable_autolinks":"","footnotes":""},"categories":[8653],"tags":[4223,3166,2065],"class_list":["post-71401","post","type-post","status-publish","format-standard","has-post-thumbnail","hentry","category-formule-1","tag-esteban-ocon","tag-f1","tag-formule-1"],"acf":[],"yoast_head":"<!-- This site is optimized with the Yoast SEO Premium plugin v26.7 (Yoast SEO v26.7) - https:\/\/yoast.com\/wordpress\/plugins\/seo\/ -->\n<title>Esteban Ocon : &quot;J&#039;ai roul\u00e9 depuis tout petit sur des pistes mouill\u00e9es, voire enneig\u00e9es&quot;<\/title>\n<meta name=\"description\" content=\"GRAND PRIX DE STYRIE - Dans des propos repris par nos confr\u00e8res de L&#039;\u00c9quipe, Esteban Ocon revient sur sa tr\u00e8s bonne s\u00e9ance de qualifications et sa cinqui\u00e8me place obtenue sur la grille de d\u00e9part.\" \/>\n<meta name=\"robots\" content=\"index, follow, max-snippet:-1, max-image-preview:large, max-video-preview:-1\" \/>\n<link rel=\"canonical\" href=\"https:\/\/dicodusport.fr\/blog\/esteban-ocon-j-ai-roule-depuis-petit-pistes-mouillees-voire-enneigees\/\" \/>\n<meta property=\"og:locale\" content=\"fr_FR\" \/>\n<meta property=\"og:type\" content=\"article\" \/>\n<meta property=\"og:title\" content=\"Ocon : \u00ab J&#039;ai roul\u00e9 depuis tout petit sur des pistes mouill\u00e9es, voire enneig\u00e9es \u00bb\" \/>\n<meta property=\"og:description\" content=\"GRAND PRIX DE STYRIE - Dans des propos repris par nos confr\u00e8res de L&#039;\u00c9quipe, Esteban Ocon revient sur sa tr\u00e8s bonne s\u00e9ance de qualifications et sa cinqui\u00e8me place obtenue sur la grille de d\u00e9part.\" \/>\n<meta property=\"og:url\" content=\"https:\/\/dicodusport.fr\/blog\/esteban-ocon-j-ai-roule-depuis-petit-pistes-mouillees-voire-enneigees\/\" \/>\n<meta property=\"og:site_name\" content=\"Dicodusport\" \/>\n<meta property=\"article:publisher\" content=\"https:\/\/www.facebook.com\/dicodusport\" \/>\n<meta property=\"article:author\" content=\"https:\/\/www.facebook.com\/dicodusport\" \/>\n<meta property=\"article:published_time\" content=\"2020-07-12T07:14:53+00:00\" \/>\n<meta property=\"article:modified_time\" content=\"2020-07-12T21:57:58+00:00\" \/>\n<meta property=\"og:image\" content=\"https:\/\/dicodusport.fr\/blog\/wp-content\/uploads\/2020\/07\/Esteban-Ocon-Jai-roul\u00e9-depuis-tout-petit-sur-des-pistes-mouill\u00e9es-voire-enneig\u00e9es.png\" \/>\n\t<meta property=\"og:image:width\" content=\"800\" \/>\n\t<meta property=\"og:image:height\" content=\"445\" \/>\n\t<meta property=\"og:image:type\" content=\"image\/png\" \/>\n<meta name=\"author\" content=\"Nicolas Jacquemard\" \/>\n<meta name=\"twitter:card\" content=\"summary_large_image\" \/>\n<meta name=\"twitter:title\" content=\"Ocon : \u00ab J&#039;ai roul\u00e9 depuis tout petit sur des pistes mouill\u00e9es, voire enneig\u00e9es \u00bb\" \/>\n<meta name=\"twitter:creator\" content=\"@https:\/\/twitter.com\/Nico_Jacquemard\" \/>\n<meta name=\"twitter:site\" content=\"@dicodusport\" \/>\n<script type=\"application\/ld+json\" class=\"yoast-schema-graph\">{\"@context\":\"https:\/\/schema.org\",\"@graph\":[{\"@type\":\"NewsArticle\",\"@id\":\"https:\/\/dicodusport.fr\/blog\/esteban-ocon-j-ai-roule-depuis-petit-pistes-mouillees-voire-enneigees\/#article\",\"isPartOf\":{\"@id\":\"https:\/\/dicodusport.fr\/blog\/esteban-ocon-j-ai-roule-depuis-petit-pistes-mouillees-voire-enneigees\/\"},\"author\":{\"name\":\"Nicolas Jacquemard\",\"@id\":\"https:\/\/dicodusport.fr\/blog\/#\/schema\/person\/55dcb50ad410894e431ed812bbb70191\"},\"headline\":\"Esteban Ocon : \u00ab\u00a0J&rsquo;ai roul\u00e9 depuis tout petit sur des pistes mouill\u00e9es, voire enneig\u00e9es\u00a0\u00bb\",\"datePublished\":\"2020-07-12T07:14:53+00:00\",\"dateModified\":\"2020-07-12T21:57:58+00:00\",\"mainEntityOfPage\":{\"@id\":\"https:\/\/dicodusport.fr\/blog\/esteban-ocon-j-ai-roule-depuis-petit-pistes-mouillees-voire-enneigees\/\"},\"wordCount\":234,\"commentCount\":0,\"publisher\":{\"@id\":\"https:\/\/dicodusport.fr\/blog\/#organization\"},\"image\":{\"@id\":\"https:\/\/dicodusport.fr\/blog\/esteban-ocon-j-ai-roule-depuis-petit-pistes-mouillees-voire-enneigees\/#primaryimage\"},\"thumbnailUrl\":\"https:\/\/dicodusport.fr\/blog\/wp-content\/uploads\/2020\/07\/Esteban-Ocon-Jai-roul\u00e9-depuis-tout-petit-sur-des-pistes-mouill\u00e9es-voire-enneig\u00e9es.png\",\"keywords\":[\"Esteban Ocon\",\"F1\",\"Formule 1\"],\"articleSection\":[\"Formule 1\"],\"inLanguage\":\"fr-FR\",\"potentialAction\":[{\"@type\":\"CommentAction\",\"name\":\"Comment\",\"target\":[\"https:\/\/dicodusport.fr\/blog\/esteban-ocon-j-ai-roule-depuis-petit-pistes-mouillees-voire-enneigees\/#respond\"]}],\"copyrightYear\":\"2020\",\"copyrightHolder\":{\"@id\":\"https:\/\/dicodusport.fr\/blog\/#organization\"}},{\"@type\":\"WebPage\",\"@id\":\"https:\/\/dicodusport.fr\/blog\/esteban-ocon-j-ai-roule-depuis-petit-pistes-mouillees-voire-enneigees\/\",\"url\":\"https:\/\/dicodusport.fr\/blog\/esteban-ocon-j-ai-roule-depuis-petit-pistes-mouillees-voire-enneigees\/\",\"name\":\"Esteban Ocon : \\\"J'ai roul\u00e9 depuis tout petit sur des pistes mouill\u00e9es, voire enneig\u00e9es\\\"\",\"isPartOf\":{\"@id\":\"https:\/\/dicodusport.fr\/blog\/#website\"},\"primaryImageOfPage\":{\"@id\":\"https:\/\/dicodusport.fr\/blog\/esteban-ocon-j-ai-roule-depuis-petit-pistes-mouillees-voire-enneigees\/#primaryimage\"},\"image\":{\"@id\":\"https:\/\/dicodusport.fr\/blog\/esteban-ocon-j-ai-roule-depuis-petit-pistes-mouillees-voire-enneigees\/#primaryimage\"},\"thumbnailUrl\":\"https:\/\/dicodusport.fr\/blog\/wp-content\/uploads\/2020\/07\/Esteban-Ocon-Jai-roul\u00e9-depuis-tout-petit-sur-des-pistes-mouill\u00e9es-voire-enneig\u00e9es.png\",\"datePublished\":\"2020-07-12T07:14:53+00:00\",\"dateModified\":\"2020-07-12T21:57:58+00:00\",\"description\":\"GRAND PRIX DE STYRIE - Dans des propos repris par nos confr\u00e8res de L'\u00c9quipe, Esteban Ocon revient sur sa tr\u00e8s bonne s\u00e9ance de qualifications et sa cinqui\u00e8me place obtenue sur la grille de d\u00e9part.\",\"breadcrumb\":{\"@id\":\"https:\/\/dicodusport.fr\/blog\/esteban-ocon-j-ai-roule-depuis-petit-pistes-mouillees-voire-enneigees\/#breadcrumb\"},\"inLanguage\":\"fr-FR\",\"potentialAction\":[{\"@type\":\"ReadAction\",\"target\":[\"https:\/\/dicodusport.fr\/blog\/esteban-ocon-j-ai-roule-depuis-petit-pistes-mouillees-voire-enneigees\/\"]}]},{\"@type\":\"ImageObject\",\"inLanguage\":\"fr-FR\",\"@id\":\"https:\/\/dicodusport.fr\/blog\/esteban-ocon-j-ai-roule-depuis-petit-pistes-mouillees-voire-enneigees\/#primaryimage\",\"url\":\"https:\/\/dicodusport.fr\/blog\/wp-content\/uploads\/2020\/07\/Esteban-Ocon-Jai-roul\u00e9-depuis-tout-petit-sur-des-pistes-mouill\u00e9es-voire-enneig\u00e9es.png\",\"contentUrl\":\"https:\/\/dicodusport.fr\/blog\/wp-content\/uploads\/2020\/07\/Esteban-Ocon-Jai-roul\u00e9-depuis-tout-petit-sur-des-pistes-mouill\u00e9es-voire-enneig\u00e9es.png\",\"width\":800,\"height\":445,\"caption\":\"Esteban Ocon : \\\"J'ai roul\u00e9 depuis tout petit sur des pistes mouill\u00e9es, voire enneig\u00e9es\\\"\"},{\"@type\":\"BreadcrumbList\",\"@id\":\"https:\/\/dicodusport.fr\/blog\/esteban-ocon-j-ai-roule-depuis-petit-pistes-mouillees-voire-enneigees\/#breadcrumb\",\"itemListElement\":[{\"@type\":\"ListItem\",\"position\":1,\"name\":\"Accueil\",\"item\":\"https:\/\/dicodusport.fr\/blog\/\"},{\"@type\":\"ListItem\",\"position\":2,\"name\":\"Esteban Ocon : \u00ab\u00a0J&rsquo;ai roul\u00e9 depuis tout petit sur des pistes mouill\u00e9es, voire enneig\u00e9es\u00a0\u00bb\"}]},{\"@type\":\"WebSite\",\"@id\":\"https:\/\/dicodusport.fr\/blog\/#website\",\"url\":\"https:\/\/dicodusport.fr\/blog\/\",\"name\":\"Dicodusport\",\"description\":\"L&#039;encyclop\u00e9die de l&#039;actualit\u00e9 sportive\",\"publisher\":{\"@id\":\"https:\/\/dicodusport.fr\/blog\/#organization\"},\"potentialAction\":[{\"@type\":\"SearchAction\",\"target\":{\"@type\":\"EntryPoint\",\"urlTemplate\":\"https:\/\/dicodusport.fr\/blog\/?s={search_term_string}\"},\"query-input\":{\"@type\":\"PropertyValueSpecification\",\"valueRequired\":true,\"valueName\":\"search_term_string\"}}],\"inLanguage\":\"fr-FR\"},{\"@type\":\"NewsMediaOrganization\",\"@id\":\"https:\/\/dicodusport.fr\/blog\/#organization\",\"name\":\"Dicodusport\",\"url\":\"https:\/\/dicodusport.fr\/blog\/\",\"logo\":{\"@type\":\"ImageObject\",\"inLanguage\":\"fr-FR\",\"@id\":\"https:\/\/dicodusport.fr\/blog\/#\/schema\/logo\/image\/\",\"url\":\"https:\/\/dicodusport.fr\/blog\/wp-content\/uploads\/2020\/06\/cropped-LOGO-DICODUSPORT-2020-SANS-FOND-SANS-TEXTE.png\",\"contentUrl\":\"https:\/\/dicodusport.fr\/blog\/wp-content\/uploads\/2020\/06\/cropped-LOGO-DICODUSPORT-2020-SANS-FOND-SANS-TEXTE.png\",\"width\":512,\"height\":512,\"caption\":\"Dicodusport\"},\"image\":{\"@id\":\"https:\/\/dicodusport.fr\/blog\/#\/schema\/logo\/image\/\"},\"sameAs\":[\"https:\/\/www.facebook.com\/dicodusport\",\"https:\/\/x.com\/dicodusport\",\"https:\/\/www.instagram.com\/dicodusport\/\",\"https:\/\/www.youtube.com\/channel\/UC7V2KZ5sd3htJivAbA4ZG3w\"],\"description\":\"Dicodusport est l'encyclop\u00e9die de l'actualit\u00e9 sportive.\",\"email\":\"bonjour@dicodusport.fr\",\"legalName\":\"DICODUSPORT\",\"foundingDate\":\"2018-01-14\",\"vatID\":\"FR71834470973\",\"taxID\":\"83447097300043\",\"numberOfEmployees\":{\"@type\":\"QuantitativeValue\",\"minValue\":\"1\",\"maxValue\":\"10\"}},{\"@type\":\"Person\",\"@id\":\"https:\/\/dicodusport.fr\/blog\/#\/schema\/person\/55dcb50ad410894e431ed812bbb70191\",\"name\":\"Nicolas Jacquemard\",\"image\":{\"@type\":\"ImageObject\",\"inLanguage\":\"fr-FR\",\"@id\":\"https:\/\/dicodusport.fr\/blog\/#\/schema\/person\/image\/\",\"url\":\"https:\/\/dicodusport.fr\/blog\/wp-content\/uploads\/2021\/05\/Nicolas-Jacquemard-150x150.jpeg\",\"contentUrl\":\"https:\/\/dicodusport.fr\/blog\/wp-content\/uploads\/2021\/05\/Nicolas-Jacquemard-150x150.jpeg\",\"caption\":\"Nicolas Jacquemard\"},\"description\":\"Passionn\u00e9 de sport et entrepreneur depuis mes 18 ans, la cr\u00e9ation de Dicodusport m'a sembl\u00e9 \u00e9vidente pour participer \u00e0 la m\u00e9diatisation d'un plus grand nombre de sports. Le chemin est long mais avec une \u00e9quipe des plus motiv\u00e9es et les Jeux Olympiques de Paris 2024 en point de mire, nous y arriverons ! Journaliste dans le monde du sport depuis plus de 5 ans, je traite aussi bien de football, de rugby, de biathlon que de cyclisme.\",\"sameAs\":[\"https:\/\/www.facebook.com\/dicodusport\",\"https:\/\/x.com\/https:\/\/twitter.com\/Nico_Jacquemard\"],\"url\":\"https:\/\/dicodusport.fr\/blog\/author\/dicodusport\/\"}]}<\/script>\n<!-- \/ Yoast SEO Premium plugin. -->","yoast_head_json":{"title":"Esteban Ocon : \"J'ai roul\u00e9 depuis tout petit sur des pistes mouill\u00e9es, voire enneig\u00e9es\"","description":"GRAND PRIX DE STYRIE - Dans des propos repris par nos confr\u00e8res de L'\u00c9quipe, Esteban Ocon revient sur sa tr\u00e8s bonne s\u00e9ance de qualifications et sa cinqui\u00e8me place obtenue sur la grille de d\u00e9part.","robots":{"index":"index","follow":"follow","max-snippet":"max-snippet:-1","max-image-preview":"max-image-preview:large","max-video-preview":"max-video-preview:-1"},"canonical":"https:\/\/dicodusport.fr\/blog\/esteban-ocon-j-ai-roule-depuis-petit-pistes-mouillees-voire-enneigees\/","og_locale":"fr_FR","og_type":"article","og_title":"Ocon : \u00ab J'ai roul\u00e9 depuis tout petit sur des pistes mouill\u00e9es, voire enneig\u00e9es \u00bb","og_description":"GRAND PRIX DE STYRIE - Dans des propos repris par nos confr\u00e8res de L'\u00c9quipe, Esteban Ocon revient sur sa tr\u00e8s bonne s\u00e9ance de qualifications et sa cinqui\u00e8me place obtenue sur la grille de d\u00e9part.","og_url":"https:\/\/dicodusport.fr\/blog\/esteban-ocon-j-ai-roule-depuis-petit-pistes-mouillees-voire-enneigees\/","og_site_name":"Dicodusport","article_publisher":"https:\/\/www.facebook.com\/dicodusport","article_author":"https:\/\/www.facebook.com\/dicodusport","article_published_time":"2020-07-12T07:14:53+00:00","article_modified_time":"2020-07-12T21:57:58+00:00","og_image":[{"width":800,"height":445,"url":"https:\/\/dicodusport.fr\/blog\/wp-content\/uploads\/2020\/07\/Esteban-Ocon-Jai-roul\u00e9-depuis-tout-petit-sur-des-pistes-mouill\u00e9es-voire-enneig\u00e9es.png","type":"image\/png"}],"author":"Nicolas Jacquemard","twitter_card":"summary_large_image","twitter_title":"Ocon : \u00ab J'ai roul\u00e9 depuis tout petit sur des pistes mouill\u00e9es, voire enneig\u00e9es \u00bb","twitter_creator":"@https:\/\/twitter.com\/Nico_Jacquemard","twitter_site":"@dicodusport","schema":{"@context":"https:\/\/schema.org","@graph":[{"@type":"NewsArticle","@id":"https:\/\/dicodusport.fr\/blog\/esteban-ocon-j-ai-roule-depuis-petit-pistes-mouillees-voire-enneigees\/#article","isPartOf":{"@id":"https:\/\/dicodusport.fr\/blog\/esteban-ocon-j-ai-roule-depuis-petit-pistes-mouillees-voire-enneigees\/"},"author":{"name":"Nicolas Jacquemard","@id":"https:\/\/dicodusport.fr\/blog\/#\/schema\/person\/55dcb50ad410894e431ed812bbb70191"},"headline":"Esteban Ocon : \u00ab\u00a0J&rsquo;ai roul\u00e9 depuis tout petit sur des pistes mouill\u00e9es, voire enneig\u00e9es\u00a0\u00bb","datePublished":"2020-07-12T07:14:53+00:00","dateModified":"2020-07-12T21:57:58+00:00","mainEntityOfPage":{"@id":"https:\/\/dicodusport.fr\/blog\/esteban-ocon-j-ai-roule-depuis-petit-pistes-mouillees-voire-enneigees\/"},"wordCount":234,"commentCount":0,"publisher":{"@id":"https:\/\/dicodusport.fr\/blog\/#organization"},"image":{"@id":"https:\/\/dicodusport.fr\/blog\/esteban-ocon-j-ai-roule-depuis-petit-pistes-mouillees-voire-enneigees\/#primaryimage"},"thumbnailUrl":"https:\/\/dicodusport.fr\/blog\/wp-content\/uploads\/2020\/07\/Esteban-Ocon-Jai-roul\u00e9-depuis-tout-petit-sur-des-pistes-mouill\u00e9es-voire-enneig\u00e9es.png","keywords":["Esteban Ocon","F1","Formule 1"],"articleSection":["Formule 1"],"inLanguage":"fr-FR","potentialAction":[{"@type":"CommentAction","name":"Comment","target":["https:\/\/dicodusport.fr\/blog\/esteban-ocon-j-ai-roule-depuis-petit-pistes-mouillees-voire-enneigees\/#respond"]}],"copyrightYear":"2020","copyrightHolder":{"@id":"https:\/\/dicodusport.fr\/blog\/#organization"}},{"@type":"WebPage","@id":"https:\/\/dicodusport.fr\/blog\/esteban-ocon-j-ai-roule-depuis-petit-pistes-mouillees-voire-enneigees\/","url":"https:\/\/dicodusport.fr\/blog\/esteban-ocon-j-ai-roule-depuis-petit-pistes-mouillees-voire-enneigees\/","name":"Esteban Ocon : \"J'ai roul\u00e9 depuis tout petit sur des pistes mouill\u00e9es, voire enneig\u00e9es\"","isPartOf":{"@id":"https:\/\/dicodusport.fr\/blog\/#website"},"primaryImageOfPage":{"@id":"https:\/\/dicodusport.fr\/blog\/esteban-ocon-j-ai-roule-depuis-petit-pistes-mouillees-voire-enneigees\/#primaryimage"},"image":{"@id":"https:\/\/dicodusport.fr\/blog\/esteban-ocon-j-ai-roule-depuis-petit-pistes-mouillees-voire-enneigees\/#primaryimage"},"thumbnailUrl":"https:\/\/dicodusport.fr\/blog\/wp-content\/uploads\/2020\/07\/Esteban-Ocon-Jai-roul\u00e9-depuis-tout-petit-sur-des-pistes-mouill\u00e9es-voire-enneig\u00e9es.png","datePublished":"2020-07-12T07:14:53+00:00","dateModified":"2020-07-12T21:57:58+00:00","description":"GRAND PRIX DE STYRIE - Dans des propos repris par nos confr\u00e8res de L'\u00c9quipe, Esteban Ocon revient sur sa tr\u00e8s bonne s\u00e9ance de qualifications et sa cinqui\u00e8me place obtenue sur la grille de d\u00e9part.","breadcrumb":{"@id":"https:\/\/dicodusport.fr\/blog\/esteban-ocon-j-ai-roule-depuis-petit-pistes-mouillees-voire-enneigees\/#breadcrumb"},"inLanguage":"fr-FR","potentialAction":[{"@type":"ReadAction","target":["https:\/\/dicodusport.fr\/blog\/esteban-ocon-j-ai-roule-depuis-petit-pistes-mouillees-voire-enneigees\/"]}]},{"@type":"ImageObject","inLanguage":"fr-FR","@id":"https:\/\/dicodusport.fr\/blog\/esteban-ocon-j-ai-roule-depuis-petit-pistes-mouillees-voire-enneigees\/#primaryimage","url":"https:\/\/dicodusport.fr\/blog\/wp-content\/uploads\/2020\/07\/Esteban-Ocon-Jai-roul\u00e9-depuis-tout-petit-sur-des-pistes-mouill\u00e9es-voire-enneig\u00e9es.png","contentUrl":"https:\/\/dicodusport.fr\/blog\/wp-content\/uploads\/2020\/07\/Esteban-Ocon-Jai-roul\u00e9-depuis-tout-petit-sur-des-pistes-mouill\u00e9es-voire-enneig\u00e9es.png","width":800,"height":445,"caption":"Esteban Ocon : \"J'ai roul\u00e9 depuis tout petit sur des pistes mouill\u00e9es, voire enneig\u00e9es\""},{"@type":"BreadcrumbList","@id":"https:\/\/dicodusport.fr\/blog\/esteban-ocon-j-ai-roule-depuis-petit-pistes-mouillees-voire-enneigees\/#breadcrumb","itemListElement":[{"@type":"ListItem","position":1,"name":"Accueil","item":"https:\/\/dicodusport.fr\/blog\/"},{"@type":"ListItem","position":2,"name":"Esteban Ocon : \u00ab\u00a0J&rsquo;ai roul\u00e9 depuis tout petit sur des pistes mouill\u00e9es, voire enneig\u00e9es\u00a0\u00bb"}]},{"@type":"WebSite","@id":"https:\/\/dicodusport.fr\/blog\/#website","url":"https:\/\/dicodusport.fr\/blog\/","name":"Dicodusport","description":"L&#039;encyclop\u00e9die de l&#039;actualit\u00e9 sportive","publisher":{"@id":"https:\/\/dicodusport.fr\/blog\/#organization"},"potentialAction":[{"@type":"SearchAction","target":{"@type":"EntryPoint","urlTemplate":"https:\/\/dicodusport.fr\/blog\/?s={search_term_string}"},"query-input":{"@type":"PropertyValueSpecification","valueRequired":true,"valueName":"search_term_string"}}],"inLanguage":"fr-FR"},{"@type":"NewsMediaOrganization","@id":"https:\/\/dicodusport.fr\/blog\/#organization","name":"Dicodusport","url":"https:\/\/dicodusport.fr\/blog\/","logo":{"@type":"ImageObject","inLanguage":"fr-FR","@id":"https:\/\/dicodusport.fr\/blog\/#\/schema\/logo\/image\/","url":"https:\/\/dicodusport.fr\/blog\/wp-content\/uploads\/2020\/06\/cropped-LOGO-DICODUSPORT-2020-SANS-FOND-SANS-TEXTE.png","contentUrl":"https:\/\/dicodusport.fr\/blog\/wp-content\/uploads\/2020\/06\/cropped-LOGO-DICODUSPORT-2020-SANS-FOND-SANS-TEXTE.png","width":512,"height":512,"caption":"Dicodusport"},"image":{"@id":"https:\/\/dicodusport.fr\/blog\/#\/schema\/logo\/image\/"},"sameAs":["https:\/\/www.facebook.com\/dicodusport","https:\/\/x.com\/dicodusport","https:\/\/www.instagram.com\/dicodusport\/","https:\/\/www.youtube.com\/channel\/UC7V2KZ5sd3htJivAbA4ZG3w"],"description":"Dicodusport est l'encyclop\u00e9die de l'actualit\u00e9 sportive.","email":"bonjour@dicodusport.fr","legalName":"DICODUSPORT","foundingDate":"2018-01-14","vatID":"FR71834470973","taxID":"83447097300043","numberOfEmployees":{"@type":"QuantitativeValue","minValue":"1","maxValue":"10"}},{"@type":"Person","@id":"https:\/\/dicodusport.fr\/blog\/#\/schema\/person\/55dcb50ad410894e431ed812bbb70191","name":"Nicolas Jacquemard","image":{"@type":"ImageObject","inLanguage":"fr-FR","@id":"https:\/\/dicodusport.fr\/blog\/#\/schema\/person\/image\/","url":"https:\/\/dicodusport.fr\/blog\/wp-content\/uploads\/2021\/05\/Nicolas-Jacquemard-150x150.jpeg","contentUrl":"https:\/\/dicodusport.fr\/blog\/wp-content\/uploads\/2021\/05\/Nicolas-Jacquemard-150x150.jpeg","caption":"Nicolas Jacquemard"},"description":"Passionn\u00e9 de sport et entrepreneur depuis mes 18 ans, la cr\u00e9ation de Dicodusport m'a sembl\u00e9 \u00e9vidente pour participer \u00e0 la m\u00e9diatisation d'un plus grand nombre de sports. Le chemin est long mais avec une \u00e9quipe des plus motiv\u00e9es et les Jeux Olympiques de Paris 2024 en point de mire, nous y arriverons ! Journaliste dans le monde du sport depuis plus de 5 ans, je traite aussi bien de football, de rugby, de biathlon que de cyclisme.","sameAs":["https:\/\/www.facebook.com\/dicodusport","https:\/\/x.com\/https:\/\/twitter.com\/Nico_Jacquemard"],"url":"https:\/\/dicodusport.fr\/blog\/author\/dicodusport\/"}]}},"_links":{"self":[{"href":"https:\/\/dicodusport.fr\/blog\/wp-json\/wp\/v2\/posts\/71401","targetHints":{"allow":["GET"]}}],"collection":[{"href":"https:\/\/dicodusport.fr\/blog\/wp-json\/wp\/v2\/posts"}],"about":[{"href":"https:\/\/dicodusport.fr\/blog\/wp-json\/wp\/v2\/types\/post"}],"author":[{"embeddable":true,"href":"https:\/\/dicodusport.fr\/blog\/wp-json\/wp\/v2\/users\/1"}],"replies":[{"embeddable":true,"href":"https:\/\/dicodusport.fr\/blog\/wp-json\/wp\/v2\/comments?post=71401"}],"version-history":[{"count":0,"href":"https:\/\/dicodusport.fr\/blog\/wp-json\/wp\/v2\/posts\/71401\/revisions"}],"wp:featuredmedia":[{"embeddable":true,"href":"https:\/\/dicodusport.fr\/blog\/wp-json\/wp\/v2\/media\/71407"}],"wp:attachment":[{"href":"https:\/\/dicodusport.fr\/blog\/wp-json\/wp\/v2\/media?parent=71401"}],"wp:term":[{"taxonomy":"category","embeddable":true,"href":"https:\/\/dicodusport.fr\/blog\/wp-json\/wp\/v2\/categories?post=71401"},{"taxonomy":"post_tag","embeddable":true,"href":"https:\/\/dicodusport.fr\/blog\/wp-json\/wp\/v2\/tags?post=71401"}],"curies":[{"name":"wp","href":"https:\/\/api.w.org\/{rel}","templated":true}]}}