{"id":71430,"date":"2020-07-12T14:08:35","date_gmt":"2020-07-12T12:08:35","guid":{"rendered":"http:\/\/dicodusport.fr\/blog\/?p=71430&#038;preview=true&#038;preview_id=71430"},"modified":"2020-07-12T14:15:59","modified_gmt":"2020-07-12T12:15:59","slug":"formule-3-16-ans-theo-pourchaire-remporte-grand-prix-styrie","status":"publish","type":"post","link":"https:\/\/dicodusport.fr\/blog\/formule-3-16-ans-theo-pourchaire-remporte-grand-prix-styrie\/","title":{"rendered":"Formule 3 : \u00c0 16 ans, Th\u00e9o Pourchaire remporte le Grand Prix de Styrie"},"content":{"rendered":"<p style=\"text-align: justify;\"><strong><em>FORMULE 3 &#8211; Magnifique performance du Fran\u00e7ais Th\u00e9o Pourchaire ce dimanche en Autriche. Le natif de Grasse a enlev\u00e9 la course sprint du Grand Prix de Styrie, et ce pour sa deuxi\u00e8me \u00e9preuve en F3.<\/em><\/strong><\/p>\n<p style=\"text-align: justify;\">Pour sa deuxi\u00e8me course en F3, <a href=\"https:\/\/fr.motorsport.com\/driver\/theo-pourchaire-837930\/837930\/\" target=\"_blank\" rel=\"noopener noreferrer\"><strong>Th\u00e9o Pourchaire<\/strong><\/a> n&rsquo;a pas fait dans la dentelle. Ce dimanche, le pilote fran\u00e7ais s&rsquo;est impos\u00e9 lors de la course sprint du <a href=\"https:\/\/dicodusport.fr\/blog\/f1-grand-prix-styrie-2020-programme-tv-complet\/\" target=\"_blank\" rel=\"noopener noreferrer\"><strong>Grand Prix de Styrie<\/strong><\/a>. Arriv\u00e9 au sein de l&rsquo;\u00e9curie ART Grand Prix en d\u00e9but d&rsquo;ann\u00e9e, le natif de Grasse a profit\u00e9 de l&rsquo;accrochage entre les deux leaders <strong>Liam Lawson<\/strong> et <strong>Jack Hughes<\/strong>, pour s&rsquo;imposer sous le r\u00e9gime de la voiture de s\u00e9curit\u00e9.<\/p>\n<p style=\"text-align: justify;\">Grand espoir du sport automobile tricolore, <strong>Pourchaire<\/strong>, 16 ans seulement, a remport\u00e9 le championnat de Formule 4 en 2019, apr\u00e8s avoir d\u00e9croch\u00e9 le titre de champion de France juniors, toujours en F4, en 2018.<\/p>\n<blockquote class=\"twitter-tweet\">\n<p dir=\"ltr\" lang=\"en\">16 years old &#x1f92f;<\/p>\n<p>Congratulations on your first <a href=\"https:\/\/twitter.com\/hashtag\/F3?src=hash&amp;ref_src=twsrc%5Etfw\">#F3<\/a> win, Theo Pourchaire &#x1f389;<\/p>\n<p>&#x1f3a5; <a href=\"https:\/\/twitter.com\/FIAFormula3?ref_src=twsrc%5Etfw\">@FIAFormula3<\/a><a href=\"https:\/\/twitter.com\/hashtag\/AustrianGP?src=hash&amp;ref_src=twsrc%5Etfw\">#AustrianGP<\/a> &#x1f1e6;&#x1f1f9;<a href=\"https:\/\/t.co\/7Mppvvye5H\">pic.twitter.com\/7Mppvvye5H<\/a><\/p>\n<p>\u2014 Formula 1 (@F1) <a href=\"https:\/\/twitter.com\/F1\/status\/1282246501205409799?ref_src=twsrc%5Etfw\">July 12, 2020<\/a><\/p><\/blockquote>\n<p><script async src=\"https:\/\/platform.twitter.com\/widgets.js\" charset=\"utf-8\"><\/script><\/p>\n<p><strong><em>Dicodusport<br \/>\n<a href=\"https:\/\/www.facebook.com\/dicodusport\/\" target=\"_blank\" rel=\"noopener noreferrer\"><img loading=\"lazy\" decoding=\"async\" class=\"alignnone wp-image-2909\" src=\"http:\/\/dicodusport.fr\/blog\/wp-content\/uploads\/2017\/07\/logo-facebook-150x150.png\" alt=\"\" width=\"40\" height=\"40\" \/><\/a><a href=\"https:\/\/twitter.com\/dicodusport\" target=\"_blank\" rel=\"noopener noreferrer\"><img loading=\"lazy\" decoding=\"async\" class=\"alignnone wp-image-2908\" src=\"http:\/\/dicodusport.fr\/blog\/wp-content\/uploads\/2017\/07\/logo-twitter-150x150.png\" alt=\"\" width=\"39\" height=\"39\" \/><\/a><\/em><\/strong><\/p>\n","protected":false},"excerpt":{"rendered":"<p>FORMULE 3 &#8211; Magnifique performance du Fran\u00e7ais Th\u00e9o Pourchaire ce dimanche en Autriche. Le natif de Grasse a enlev\u00e9 la course sprint du Grand Prix de Styrie, et ce pour sa deuxi\u00e8me \u00e9preuve en F3.<\/p>\n","protected":false},"author":4,"featured_media":71432,"comment_status":"open","ping_status":"closed","sticky":false,"template":"","format":"standard","meta":{"_acf_changed":false,"_daextam_enable_autolinks":"","footnotes":""},"categories":[2312],"tags":[6271,11090],"class_list":["post-71430","post","type-post","status-publish","format-standard","has-post-thumbnail","hentry","category-sports-mecaniques","tag-formule-3","tag-theo-pourchaire"],"acf":[],"yoast_head":"<!-- This site is optimized with the Yoast SEO Premium plugin v26.7 (Yoast SEO v26.7) - https:\/\/yoast.com\/wordpress\/plugins\/seo\/ -->\n<title>Formule 3 : \u00c0 16 ans, Th\u00e9o Pourchaire remporte le Grand Prix de Styrie<\/title>\n<meta name=\"description\" content=\"FORMULE 3 - Magnifique performance du Fran\u00e7ais Th\u00e9o Pourchaire. Le natif de Grasse a enlev\u00e9 la course sprint du Grand Prix de Styrie, et ce pour sa deuxi\u00e8me \u00e9preuve en F3.\" \/>\n<meta name=\"robots\" content=\"index, follow, max-snippet:-1, max-image-preview:large, max-video-preview:-1\" \/>\n<link rel=\"canonical\" href=\"https:\/\/dicodusport.fr\/blog\/formule-3-16-ans-theo-pourchaire-remporte-grand-prix-styrie\/\" \/>\n<meta property=\"og:locale\" content=\"fr_FR\" \/>\n<meta property=\"og:type\" content=\"article\" \/>\n<meta property=\"og:title\" content=\"Formule 3 : \u00c0 16 ans, Th\u00e9o Pourchaire remporte le Grand Prix de Styrie\" \/>\n<meta property=\"og:description\" content=\"FORMULE 3 - Magnifique performance du Fran\u00e7ais Th\u00e9o Pourchaire. Le natif de Grasse a enlev\u00e9 la course sprint du Grand Prix de Styrie, et ce pour sa deuxi\u00e8me \u00e9preuve en F3.\" \/>\n<meta property=\"og:url\" content=\"https:\/\/dicodusport.fr\/blog\/formule-3-16-ans-theo-pourchaire-remporte-grand-prix-styrie\/\" \/>\n<meta property=\"og:site_name\" content=\"Dicodusport\" \/>\n<meta property=\"article:publisher\" content=\"https:\/\/www.facebook.com\/dicodusport\" \/>\n<meta property=\"article:author\" content=\"https:\/\/www.facebook.com\/florent.ostermann\" \/>\n<meta property=\"article:published_time\" content=\"2020-07-12T12:08:35+00:00\" \/>\n<meta property=\"article:modified_time\" content=\"2020-07-12T12:15:59+00:00\" \/>\n<meta property=\"og:image\" content=\"https:\/\/dicodusport.fr\/blog\/wp-content\/uploads\/2020\/07\/Formule-3-\u00c0-16-ans-Th\u00e9o-Pourchaire-remporte-le-Grand-Prix-de-Styrie.png\" \/>\n\t<meta property=\"og:image:width\" content=\"800\" \/>\n\t<meta property=\"og:image:height\" content=\"445\" \/>\n\t<meta property=\"og:image:type\" content=\"image\/png\" \/>\n<meta name=\"author\" content=\"Flo Ostermann\" \/>\n<meta name=\"twitter:card\" content=\"summary_large_image\" \/>\n<meta name=\"twitter:title\" content=\"Formule 3 : \u00c0 16 ans, Th\u00e9o Pourchaire remporte le Grand Prix de Styrie\" \/>\n<meta name=\"twitter:creator\" content=\"@https:\/\/twitter.com\/FlOstermann\" \/>\n<meta name=\"twitter:site\" content=\"@dicodusport\" \/>\n<script type=\"application\/ld+json\" class=\"yoast-schema-graph\">{\"@context\":\"https:\/\/schema.org\",\"@graph\":[{\"@type\":\"NewsArticle\",\"@id\":\"https:\/\/dicodusport.fr\/blog\/formule-3-16-ans-theo-pourchaire-remporte-grand-prix-styrie\/#article\",\"isPartOf\":{\"@id\":\"https:\/\/dicodusport.fr\/blog\/formule-3-16-ans-theo-pourchaire-remporte-grand-prix-styrie\/\"},\"author\":{\"name\":\"Flo Ostermann\",\"@id\":\"https:\/\/dicodusport.fr\/blog\/#\/schema\/person\/cb02af4c173ce4a653b55e9baf388d4a\"},\"headline\":\"Formule 3 : \u00c0 16 ans, Th\u00e9o Pourchaire remporte le Grand Prix de Styrie\",\"datePublished\":\"2020-07-12T12:08:35+00:00\",\"dateModified\":\"2020-07-12T12:15:59+00:00\",\"mainEntityOfPage\":{\"@id\":\"https:\/\/dicodusport.fr\/blog\/formule-3-16-ans-theo-pourchaire-remporte-grand-prix-styrie\/\"},\"wordCount\":197,\"commentCount\":0,\"publisher\":{\"@id\":\"https:\/\/dicodusport.fr\/blog\/#organization\"},\"image\":{\"@id\":\"https:\/\/dicodusport.fr\/blog\/formule-3-16-ans-theo-pourchaire-remporte-grand-prix-styrie\/#primaryimage\"},\"thumbnailUrl\":\"https:\/\/dicodusport.fr\/blog\/wp-content\/uploads\/2020\/07\/Formule-3-\u00c0-16-ans-Th\u00e9o-Pourchaire-remporte-le-Grand-Prix-de-Styrie.png\",\"keywords\":[\"Formule 3\",\"Th\u00e9o Pourchaire\"],\"articleSection\":[\"Sports m\u00e9caniques\"],\"inLanguage\":\"fr-FR\",\"potentialAction\":[{\"@type\":\"CommentAction\",\"name\":\"Comment\",\"target\":[\"https:\/\/dicodusport.fr\/blog\/formule-3-16-ans-theo-pourchaire-remporte-grand-prix-styrie\/#respond\"]}],\"copyrightYear\":\"2020\",\"copyrightHolder\":{\"@id\":\"https:\/\/dicodusport.fr\/blog\/#organization\"}},{\"@type\":\"WebPage\",\"@id\":\"https:\/\/dicodusport.fr\/blog\/formule-3-16-ans-theo-pourchaire-remporte-grand-prix-styrie\/\",\"url\":\"https:\/\/dicodusport.fr\/blog\/formule-3-16-ans-theo-pourchaire-remporte-grand-prix-styrie\/\",\"name\":\"Formule 3 : \u00c0 16 ans, Th\u00e9o Pourchaire remporte le Grand Prix de Styrie\",\"isPartOf\":{\"@id\":\"https:\/\/dicodusport.fr\/blog\/#website\"},\"primaryImageOfPage\":{\"@id\":\"https:\/\/dicodusport.fr\/blog\/formule-3-16-ans-theo-pourchaire-remporte-grand-prix-styrie\/#primaryimage\"},\"image\":{\"@id\":\"https:\/\/dicodusport.fr\/blog\/formule-3-16-ans-theo-pourchaire-remporte-grand-prix-styrie\/#primaryimage\"},\"thumbnailUrl\":\"https:\/\/dicodusport.fr\/blog\/wp-content\/uploads\/2020\/07\/Formule-3-\u00c0-16-ans-Th\u00e9o-Pourchaire-remporte-le-Grand-Prix-de-Styrie.png\",\"datePublished\":\"2020-07-12T12:08:35+00:00\",\"dateModified\":\"2020-07-12T12:15:59+00:00\",\"description\":\"FORMULE 3 - Magnifique performance du Fran\u00e7ais Th\u00e9o Pourchaire. Le natif de Grasse a enlev\u00e9 la course sprint du Grand Prix de Styrie, et ce pour sa deuxi\u00e8me \u00e9preuve en F3.\",\"breadcrumb\":{\"@id\":\"https:\/\/dicodusport.fr\/blog\/formule-3-16-ans-theo-pourchaire-remporte-grand-prix-styrie\/#breadcrumb\"},\"inLanguage\":\"fr-FR\",\"potentialAction\":[{\"@type\":\"ReadAction\",\"target\":[\"https:\/\/dicodusport.fr\/blog\/formule-3-16-ans-theo-pourchaire-remporte-grand-prix-styrie\/\"]}]},{\"@type\":\"ImageObject\",\"inLanguage\":\"fr-FR\",\"@id\":\"https:\/\/dicodusport.fr\/blog\/formule-3-16-ans-theo-pourchaire-remporte-grand-prix-styrie\/#primaryimage\",\"url\":\"https:\/\/dicodusport.fr\/blog\/wp-content\/uploads\/2020\/07\/Formule-3-\u00c0-16-ans-Th\u00e9o-Pourchaire-remporte-le-Grand-Prix-de-Styrie.png\",\"contentUrl\":\"https:\/\/dicodusport.fr\/blog\/wp-content\/uploads\/2020\/07\/Formule-3-\u00c0-16-ans-Th\u00e9o-Pourchaire-remporte-le-Grand-Prix-de-Styrie.png\",\"width\":800,\"height\":445,\"caption\":\"Th\u00e9o Pourchaire va faire ses d\u00e9buts en Formule 2\"},{\"@type\":\"BreadcrumbList\",\"@id\":\"https:\/\/dicodusport.fr\/blog\/formule-3-16-ans-theo-pourchaire-remporte-grand-prix-styrie\/#breadcrumb\",\"itemListElement\":[{\"@type\":\"ListItem\",\"position\":1,\"name\":\"Accueil\",\"item\":\"https:\/\/dicodusport.fr\/blog\/\"},{\"@type\":\"ListItem\",\"position\":2,\"name\":\"Formule 3 : \u00c0 16 ans, Th\u00e9o Pourchaire remporte le Grand Prix de Styrie\"}]},{\"@type\":\"WebSite\",\"@id\":\"https:\/\/dicodusport.fr\/blog\/#website\",\"url\":\"https:\/\/dicodusport.fr\/blog\/\",\"name\":\"Dicodusport\",\"description\":\"L&#039;encyclop\u00e9die de l&#039;actualit\u00e9 sportive\",\"publisher\":{\"@id\":\"https:\/\/dicodusport.fr\/blog\/#organization\"},\"potentialAction\":[{\"@type\":\"SearchAction\",\"target\":{\"@type\":\"EntryPoint\",\"urlTemplate\":\"https:\/\/dicodusport.fr\/blog\/?s={search_term_string}\"},\"query-input\":{\"@type\":\"PropertyValueSpecification\",\"valueRequired\":true,\"valueName\":\"search_term_string\"}}],\"inLanguage\":\"fr-FR\"},{\"@type\":\"NewsMediaOrganization\",\"@id\":\"https:\/\/dicodusport.fr\/blog\/#organization\",\"name\":\"Dicodusport\",\"url\":\"https:\/\/dicodusport.fr\/blog\/\",\"logo\":{\"@type\":\"ImageObject\",\"inLanguage\":\"fr-FR\",\"@id\":\"https:\/\/dicodusport.fr\/blog\/#\/schema\/logo\/image\/\",\"url\":\"https:\/\/dicodusport.fr\/blog\/wp-content\/uploads\/2020\/06\/cropped-LOGO-DICODUSPORT-2020-SANS-FOND-SANS-TEXTE.png\",\"contentUrl\":\"https:\/\/dicodusport.fr\/blog\/wp-content\/uploads\/2020\/06\/cropped-LOGO-DICODUSPORT-2020-SANS-FOND-SANS-TEXTE.png\",\"width\":512,\"height\":512,\"caption\":\"Dicodusport\"},\"image\":{\"@id\":\"https:\/\/dicodusport.fr\/blog\/#\/schema\/logo\/image\/\"},\"sameAs\":[\"https:\/\/www.facebook.com\/dicodusport\",\"https:\/\/x.com\/dicodusport\",\"https:\/\/www.instagram.com\/dicodusport\/\",\"https:\/\/www.youtube.com\/channel\/UC7V2KZ5sd3htJivAbA4ZG3w\"],\"description\":\"Dicodusport est l'encyclop\u00e9die de l'actualit\u00e9 sportive.\",\"email\":\"bonjour@dicodusport.fr\",\"legalName\":\"DICODUSPORT\",\"foundingDate\":\"2018-01-14\",\"vatID\":\"FR71834470973\",\"taxID\":\"83447097300043\",\"numberOfEmployees\":{\"@type\":\"QuantitativeValue\",\"minValue\":\"1\",\"maxValue\":\"10\"}},{\"@type\":\"Person\",\"@id\":\"https:\/\/dicodusport.fr\/blog\/#\/schema\/person\/cb02af4c173ce4a653b55e9baf388d4a\",\"name\":\"Flo Ostermann\",\"image\":{\"@type\":\"ImageObject\",\"inLanguage\":\"fr-FR\",\"@id\":\"https:\/\/dicodusport.fr\/blog\/#\/schema\/person\/image\/\",\"url\":\"https:\/\/dicodusport.fr\/blog\/wp-content\/uploads\/2021\/05\/Flo-Ostermann-150x150.jpg\",\"contentUrl\":\"https:\/\/dicodusport.fr\/blog\/wp-content\/uploads\/2021\/05\/Flo-Ostermann-150x150.jpg\",\"caption\":\"Flo Ostermann\"},\"description\":\"Journaliste\/R\u00e9dacteur depuis septembre 2015 - Mes premiers souvenirs dans le sport ? Les envol\u00e9es du Stade Toulousain et les duels Villeneuve-Schumacher et H\u00e4kkinen-Schumacher \u00e0 la fin des ann\u00e9es 90, la Coupe du monde de football en 1998, l\u2019exploit du XV de France face aux All Blacks en 1999, mais aussi Richard C\u0153ur de Lion qui vole sur les montagnes du Tour de France. Bien parti pour devenir professeur d\u2019EPS, les \u00e9v\u00e9nements de la vie (et la flemme d\u2019animer des s\u00e9ances de 3x500 m\u00e8tres toute ma vie) m\u2019ont conduit \u00e0 revoir mes plans. Me voil\u00e0 depuis fin 2017 sur Dicodusport, m\u00e9dia gr\u00e2ce (et pour) lequel je partage ma passion : le sport dans tous ses \u00e9tats. Le tout accompagn\u00e9 par les fous furieux et folles furieuses cit\u00e9s sur cette page !\",\"sameAs\":[\"https:\/\/www.facebook.com\/florent.ostermann\",\"https:\/\/x.com\/https:\/\/twitter.com\/FlOstermann\",\"admin\"],\"url\":\"https:\/\/dicodusport.fr\/blog\/author\/flo\/\"}]}<\/script>\n<!-- \/ Yoast SEO Premium plugin. -->","yoast_head_json":{"title":"Formule 3 : \u00c0 16 ans, Th\u00e9o Pourchaire remporte le Grand Prix de Styrie","description":"FORMULE 3 - Magnifique performance du Fran\u00e7ais Th\u00e9o Pourchaire. Le natif de Grasse a enlev\u00e9 la course sprint du Grand Prix de Styrie, et ce pour sa deuxi\u00e8me \u00e9preuve en F3.","robots":{"index":"index","follow":"follow","max-snippet":"max-snippet:-1","max-image-preview":"max-image-preview:large","max-video-preview":"max-video-preview:-1"},"canonical":"https:\/\/dicodusport.fr\/blog\/formule-3-16-ans-theo-pourchaire-remporte-grand-prix-styrie\/","og_locale":"fr_FR","og_type":"article","og_title":"Formule 3 : \u00c0 16 ans, Th\u00e9o Pourchaire remporte le Grand Prix de Styrie","og_description":"FORMULE 3 - Magnifique performance du Fran\u00e7ais Th\u00e9o Pourchaire. Le natif de Grasse a enlev\u00e9 la course sprint du Grand Prix de Styrie, et ce pour sa deuxi\u00e8me \u00e9preuve en F3.","og_url":"https:\/\/dicodusport.fr\/blog\/formule-3-16-ans-theo-pourchaire-remporte-grand-prix-styrie\/","og_site_name":"Dicodusport","article_publisher":"https:\/\/www.facebook.com\/dicodusport","article_author":"https:\/\/www.facebook.com\/florent.ostermann","article_published_time":"2020-07-12T12:08:35+00:00","article_modified_time":"2020-07-12T12:15:59+00:00","og_image":[{"width":800,"height":445,"url":"https:\/\/dicodusport.fr\/blog\/wp-content\/uploads\/2020\/07\/Formule-3-\u00c0-16-ans-Th\u00e9o-Pourchaire-remporte-le-Grand-Prix-de-Styrie.png","type":"image\/png"}],"author":"Flo Ostermann","twitter_card":"summary_large_image","twitter_title":"Formule 3 : \u00c0 16 ans, Th\u00e9o Pourchaire remporte le Grand Prix de Styrie","twitter_creator":"@https:\/\/twitter.com\/FlOstermann","twitter_site":"@dicodusport","schema":{"@context":"https:\/\/schema.org","@graph":[{"@type":"NewsArticle","@id":"https:\/\/dicodusport.fr\/blog\/formule-3-16-ans-theo-pourchaire-remporte-grand-prix-styrie\/#article","isPartOf":{"@id":"https:\/\/dicodusport.fr\/blog\/formule-3-16-ans-theo-pourchaire-remporte-grand-prix-styrie\/"},"author":{"name":"Flo Ostermann","@id":"https:\/\/dicodusport.fr\/blog\/#\/schema\/person\/cb02af4c173ce4a653b55e9baf388d4a"},"headline":"Formule 3 : \u00c0 16 ans, Th\u00e9o Pourchaire remporte le Grand Prix de Styrie","datePublished":"2020-07-12T12:08:35+00:00","dateModified":"2020-07-12T12:15:59+00:00","mainEntityOfPage":{"@id":"https:\/\/dicodusport.fr\/blog\/formule-3-16-ans-theo-pourchaire-remporte-grand-prix-styrie\/"},"wordCount":197,"commentCount":0,"publisher":{"@id":"https:\/\/dicodusport.fr\/blog\/#organization"},"image":{"@id":"https:\/\/dicodusport.fr\/blog\/formule-3-16-ans-theo-pourchaire-remporte-grand-prix-styrie\/#primaryimage"},"thumbnailUrl":"https:\/\/dicodusport.fr\/blog\/wp-content\/uploads\/2020\/07\/Formule-3-\u00c0-16-ans-Th\u00e9o-Pourchaire-remporte-le-Grand-Prix-de-Styrie.png","keywords":["Formule 3","Th\u00e9o Pourchaire"],"articleSection":["Sports m\u00e9caniques"],"inLanguage":"fr-FR","potentialAction":[{"@type":"CommentAction","name":"Comment","target":["https:\/\/dicodusport.fr\/blog\/formule-3-16-ans-theo-pourchaire-remporte-grand-prix-styrie\/#respond"]}],"copyrightYear":"2020","copyrightHolder":{"@id":"https:\/\/dicodusport.fr\/blog\/#organization"}},{"@type":"WebPage","@id":"https:\/\/dicodusport.fr\/blog\/formule-3-16-ans-theo-pourchaire-remporte-grand-prix-styrie\/","url":"https:\/\/dicodusport.fr\/blog\/formule-3-16-ans-theo-pourchaire-remporte-grand-prix-styrie\/","name":"Formule 3 : \u00c0 16 ans, Th\u00e9o Pourchaire remporte le Grand Prix de Styrie","isPartOf":{"@id":"https:\/\/dicodusport.fr\/blog\/#website"},"primaryImageOfPage":{"@id":"https:\/\/dicodusport.fr\/blog\/formule-3-16-ans-theo-pourchaire-remporte-grand-prix-styrie\/#primaryimage"},"image":{"@id":"https:\/\/dicodusport.fr\/blog\/formule-3-16-ans-theo-pourchaire-remporte-grand-prix-styrie\/#primaryimage"},"thumbnailUrl":"https:\/\/dicodusport.fr\/blog\/wp-content\/uploads\/2020\/07\/Formule-3-\u00c0-16-ans-Th\u00e9o-Pourchaire-remporte-le-Grand-Prix-de-Styrie.png","datePublished":"2020-07-12T12:08:35+00:00","dateModified":"2020-07-12T12:15:59+00:00","description":"FORMULE 3 - Magnifique performance du Fran\u00e7ais Th\u00e9o Pourchaire. Le natif de Grasse a enlev\u00e9 la course sprint du Grand Prix de Styrie, et ce pour sa deuxi\u00e8me \u00e9preuve en F3.","breadcrumb":{"@id":"https:\/\/dicodusport.fr\/blog\/formule-3-16-ans-theo-pourchaire-remporte-grand-prix-styrie\/#breadcrumb"},"inLanguage":"fr-FR","potentialAction":[{"@type":"ReadAction","target":["https:\/\/dicodusport.fr\/blog\/formule-3-16-ans-theo-pourchaire-remporte-grand-prix-styrie\/"]}]},{"@type":"ImageObject","inLanguage":"fr-FR","@id":"https:\/\/dicodusport.fr\/blog\/formule-3-16-ans-theo-pourchaire-remporte-grand-prix-styrie\/#primaryimage","url":"https:\/\/dicodusport.fr\/blog\/wp-content\/uploads\/2020\/07\/Formule-3-\u00c0-16-ans-Th\u00e9o-Pourchaire-remporte-le-Grand-Prix-de-Styrie.png","contentUrl":"https:\/\/dicodusport.fr\/blog\/wp-content\/uploads\/2020\/07\/Formule-3-\u00c0-16-ans-Th\u00e9o-Pourchaire-remporte-le-Grand-Prix-de-Styrie.png","width":800,"height":445,"caption":"Th\u00e9o Pourchaire va faire ses d\u00e9buts en Formule 2"},{"@type":"BreadcrumbList","@id":"https:\/\/dicodusport.fr\/blog\/formule-3-16-ans-theo-pourchaire-remporte-grand-prix-styrie\/#breadcrumb","itemListElement":[{"@type":"ListItem","position":1,"name":"Accueil","item":"https:\/\/dicodusport.fr\/blog\/"},{"@type":"ListItem","position":2,"name":"Formule 3 : \u00c0 16 ans, Th\u00e9o Pourchaire remporte le Grand Prix de Styrie"}]},{"@type":"WebSite","@id":"https:\/\/dicodusport.fr\/blog\/#website","url":"https:\/\/dicodusport.fr\/blog\/","name":"Dicodusport","description":"L&#039;encyclop\u00e9die de l&#039;actualit\u00e9 sportive","publisher":{"@id":"https:\/\/dicodusport.fr\/blog\/#organization"},"potentialAction":[{"@type":"SearchAction","target":{"@type":"EntryPoint","urlTemplate":"https:\/\/dicodusport.fr\/blog\/?s={search_term_string}"},"query-input":{"@type":"PropertyValueSpecification","valueRequired":true,"valueName":"search_term_string"}}],"inLanguage":"fr-FR"},{"@type":"NewsMediaOrganization","@id":"https:\/\/dicodusport.fr\/blog\/#organization","name":"Dicodusport","url":"https:\/\/dicodusport.fr\/blog\/","logo":{"@type":"ImageObject","inLanguage":"fr-FR","@id":"https:\/\/dicodusport.fr\/blog\/#\/schema\/logo\/image\/","url":"https:\/\/dicodusport.fr\/blog\/wp-content\/uploads\/2020\/06\/cropped-LOGO-DICODUSPORT-2020-SANS-FOND-SANS-TEXTE.png","contentUrl":"https:\/\/dicodusport.fr\/blog\/wp-content\/uploads\/2020\/06\/cropped-LOGO-DICODUSPORT-2020-SANS-FOND-SANS-TEXTE.png","width":512,"height":512,"caption":"Dicodusport"},"image":{"@id":"https:\/\/dicodusport.fr\/blog\/#\/schema\/logo\/image\/"},"sameAs":["https:\/\/www.facebook.com\/dicodusport","https:\/\/x.com\/dicodusport","https:\/\/www.instagram.com\/dicodusport\/","https:\/\/www.youtube.com\/channel\/UC7V2KZ5sd3htJivAbA4ZG3w"],"description":"Dicodusport est l'encyclop\u00e9die de l'actualit\u00e9 sportive.","email":"bonjour@dicodusport.fr","legalName":"DICODUSPORT","foundingDate":"2018-01-14","vatID":"FR71834470973","taxID":"83447097300043","numberOfEmployees":{"@type":"QuantitativeValue","minValue":"1","maxValue":"10"}},{"@type":"Person","@id":"https:\/\/dicodusport.fr\/blog\/#\/schema\/person\/cb02af4c173ce4a653b55e9baf388d4a","name":"Flo Ostermann","image":{"@type":"ImageObject","inLanguage":"fr-FR","@id":"https:\/\/dicodusport.fr\/blog\/#\/schema\/person\/image\/","url":"https:\/\/dicodusport.fr\/blog\/wp-content\/uploads\/2021\/05\/Flo-Ostermann-150x150.jpg","contentUrl":"https:\/\/dicodusport.fr\/blog\/wp-content\/uploads\/2021\/05\/Flo-Ostermann-150x150.jpg","caption":"Flo Ostermann"},"description":"Journaliste\/R\u00e9dacteur depuis septembre 2015 - Mes premiers souvenirs dans le sport ? Les envol\u00e9es du Stade Toulousain et les duels Villeneuve-Schumacher et H\u00e4kkinen-Schumacher \u00e0 la fin des ann\u00e9es 90, la Coupe du monde de football en 1998, l\u2019exploit du XV de France face aux All Blacks en 1999, mais aussi Richard C\u0153ur de Lion qui vole sur les montagnes du Tour de France. Bien parti pour devenir professeur d\u2019EPS, les \u00e9v\u00e9nements de la vie (et la flemme d\u2019animer des s\u00e9ances de 3x500 m\u00e8tres toute ma vie) m\u2019ont conduit \u00e0 revoir mes plans. Me voil\u00e0 depuis fin 2017 sur Dicodusport, m\u00e9dia gr\u00e2ce (et pour) lequel je partage ma passion : le sport dans tous ses \u00e9tats. Le tout accompagn\u00e9 par les fous furieux et folles furieuses cit\u00e9s sur cette page !","sameAs":["https:\/\/www.facebook.com\/florent.ostermann","https:\/\/x.com\/https:\/\/twitter.com\/FlOstermann","admin"],"url":"https:\/\/dicodusport.fr\/blog\/author\/flo\/"}]}},"_links":{"self":[{"href":"https:\/\/dicodusport.fr\/blog\/wp-json\/wp\/v2\/posts\/71430","targetHints":{"allow":["GET"]}}],"collection":[{"href":"https:\/\/dicodusport.fr\/blog\/wp-json\/wp\/v2\/posts"}],"about":[{"href":"https:\/\/dicodusport.fr\/blog\/wp-json\/wp\/v2\/types\/post"}],"author":[{"embeddable":true,"href":"https:\/\/dicodusport.fr\/blog\/wp-json\/wp\/v2\/users\/4"}],"replies":[{"embeddable":true,"href":"https:\/\/dicodusport.fr\/blog\/wp-json\/wp\/v2\/comments?post=71430"}],"version-history":[{"count":0,"href":"https:\/\/dicodusport.fr\/blog\/wp-json\/wp\/v2\/posts\/71430\/revisions"}],"wp:featuredmedia":[{"embeddable":true,"href":"https:\/\/dicodusport.fr\/blog\/wp-json\/wp\/v2\/media\/71432"}],"wp:attachment":[{"href":"https:\/\/dicodusport.fr\/blog\/wp-json\/wp\/v2\/media?parent=71430"}],"wp:term":[{"taxonomy":"category","embeddable":true,"href":"https:\/\/dicodusport.fr\/blog\/wp-json\/wp\/v2\/categories?post=71430"},{"taxonomy":"post_tag","embeddable":true,"href":"https:\/\/dicodusport.fr\/blog\/wp-json\/wp\/v2\/tags?post=71430"}],"curies":[{"name":"wp","href":"https:\/\/api.w.org\/{rel}","templated":true}]}}