{"id":71703,"date":"2020-07-16T12:01:16","date_gmt":"2020-07-16T10:01:16","guid":{"rendered":"http:\/\/dicodusport.fr\/blog\/?p=71703&#038;preview=true&#038;preview_id=71703"},"modified":"2020-07-16T14:20:55","modified_gmt":"2020-07-16T12:20:55","slug":"pro-d2-calendrier-2020-2021-complet-journee-par-journee","status":"publish","type":"post","link":"https:\/\/dicodusport.fr\/blog\/pro-d2-calendrier-2020-2021-complet-journee-par-journee\/","title":{"rendered":"Pro D2 : le calendrier 2020\/2021 complet, journ\u00e9e par journ\u00e9e"},"content":{"rendered":"<p style=\"text-align: justify;\"><strong><em>PRO D2 &#8211; Ce jeudi midi, le calendrier complet de la saison 2020\/2021 de Pro D2 est tomb\u00e9. Retrouvez les oppositions, journ\u00e9e par journ\u00e9e.<\/em><\/strong><\/p>\n<div id=\"attachment_71736\" style=\"width: 2570px\" class=\"wp-caption aligncenter\"><a href=\"http:\/\/dicodusport.fr\/blog\/wp-content\/uploads\/2020\/07\/Calendrier-Pro-D2-2020-2021-Phase-aller-scaled.jpg\"><img loading=\"lazy\" decoding=\"async\" aria-describedby=\"caption-attachment-71736\" class=\"size-full wp-image-71736\" src=\"http:\/\/dicodusport.fr\/blog\/wp-content\/uploads\/2020\/07\/Calendrier-Pro-D2-2020-2021-Phase-aller-scaled.jpg\" alt=\"\" width=\"2560\" height=\"1797\" srcset=\"https:\/\/dicodusport.fr\/blog\/wp-content\/uploads\/2020\/07\/Calendrier-Pro-D2-2020-2021-Phase-aller-scaled.jpg 2560w, https:\/\/dicodusport.fr\/blog\/wp-content\/uploads\/2020\/07\/Calendrier-Pro-D2-2020-2021-Phase-aller-300x211.jpg 300w, https:\/\/dicodusport.fr\/blog\/wp-content\/uploads\/2020\/07\/Calendrier-Pro-D2-2020-2021-Phase-aller-1024x719.jpg 1024w, https:\/\/dicodusport.fr\/blog\/wp-content\/uploads\/2020\/07\/Calendrier-Pro-D2-2020-2021-Phase-aller-768x539.jpg 768w, https:\/\/dicodusport.fr\/blog\/wp-content\/uploads\/2020\/07\/Calendrier-Pro-D2-2020-2021-Phase-aller-1536x1078.jpg 1536w, https:\/\/dicodusport.fr\/blog\/wp-content\/uploads\/2020\/07\/Calendrier-Pro-D2-2020-2021-Phase-aller-2048x1437.jpg 2048w\" sizes=\"auto, (max-width: 2560px) 100vw, 2560px\" \/><\/a><p id=\"caption-attachment-71736\" class=\"wp-caption-text\">Calendrier Pro D2 2020-2021 &#8211; Phase aller<\/p><\/div>\n<p>&nbsp;<\/p>\n<div id=\"attachment_71738\" style=\"width: 2570px\" class=\"wp-caption aligncenter\"><a href=\"http:\/\/dicodusport.fr\/blog\/wp-content\/uploads\/2020\/07\/Calendrier-Pro-D2-2020-2021-Phase-retour-scaled.jpg\"><img loading=\"lazy\" decoding=\"async\" aria-describedby=\"caption-attachment-71738\" class=\"size-full wp-image-71738\" src=\"http:\/\/dicodusport.fr\/blog\/wp-content\/uploads\/2020\/07\/Calendrier-Pro-D2-2020-2021-Phase-retour-scaled.jpg\" alt=\"\" width=\"2560\" height=\"1791\" srcset=\"https:\/\/dicodusport.fr\/blog\/wp-content\/uploads\/2020\/07\/Calendrier-Pro-D2-2020-2021-Phase-retour-scaled.jpg 2560w, https:\/\/dicodusport.fr\/blog\/wp-content\/uploads\/2020\/07\/Calendrier-Pro-D2-2020-2021-Phase-retour-300x210.jpg 300w, https:\/\/dicodusport.fr\/blog\/wp-content\/uploads\/2020\/07\/Calendrier-Pro-D2-2020-2021-Phase-retour-1024x716.jpg 1024w, https:\/\/dicodusport.fr\/blog\/wp-content\/uploads\/2020\/07\/Calendrier-Pro-D2-2020-2021-Phase-retour-768x537.jpg 768w, https:\/\/dicodusport.fr\/blog\/wp-content\/uploads\/2020\/07\/Calendrier-Pro-D2-2020-2021-Phase-retour-1536x1075.jpg 1536w, https:\/\/dicodusport.fr\/blog\/wp-content\/uploads\/2020\/07\/Calendrier-Pro-D2-2020-2021-Phase-retour-2048x1433.jpg 2048w\" sizes=\"auto, (max-width: 2560px) 100vw, 2560px\" \/><\/a><p id=\"caption-attachment-71738\" class=\"wp-caption-text\">Calendrier Pro D2 2020-2021 &#8211; Phase retour<\/p><\/div>\n<blockquote class=\"twitter-tweet\">\n<p dir=\"ltr\" lang=\"fr\"><a href=\"https:\/\/twitter.com\/hashtag\/CalendrierPROD2?src=hash&amp;ref_src=twsrc%5Etfw\">#CalendrierPROD2<\/a><br \/>\nVoici le Calendrier de la saison 2020\/2021 de PRO D2 ! &#x1f5d3;&#xfe0f;&#x1f973;<\/p>\n<p>Retrouvez les infos cl\u00e9s et t\u00e9l\u00e9chargez le calendrier en PDF ici &#x1f449; <a href=\"https:\/\/t.co\/vmbgVUffbn\">https:\/\/t.co\/vmbgVUffbn<\/a><\/p>\n<p>Quels matches allez-vous cocher dans vos agendas ? &#x1f3c9; <a href=\"https:\/\/t.co\/rcUH2bnhR3\">pic.twitter.com\/rcUH2bnhR3<\/a><\/p>\n<p>\u2014 Rugby PRO D2 (@rugbyprod2) <a href=\"https:\/\/twitter.com\/rugbyprod2\/status\/1283702973558935552?ref_src=twsrc%5Etfw\">July 16, 2020<\/a><\/p><\/blockquote>\n<p><script async src=\"https:\/\/platform.twitter.com\/widgets.js\" charset=\"utf-8\"><\/script><\/p>\n<ul>\n<li style=\"text-align: justify;\"><strong>\u00c0 lire aussi &#8211; <a href=\"https:\/\/dicodusport.fr\/blog\/pro-d2-2020-2021-calendrier-complet-matchs-amicaux\/\" target=\"_blank\" rel=\"noopener noreferrer\">Pro D2 2020-2021 : le calendrier complet des matchs amicaux<\/a><\/strong><\/li>\n<\/ul>\n<p><strong><em>Dicodusport<br \/>\n<a href=\"https:\/\/www.facebook.com\/dicodusport\/\" target=\"_blank\" rel=\"noopener noreferrer\"><img loading=\"lazy\" decoding=\"async\" class=\"alignnone wp-image-2909\" src=\"http:\/\/dicodusport.fr\/blog\/wp-content\/uploads\/2017\/07\/logo-facebook-150x150.png\" alt=\"\" width=\"40\" height=\"40\" \/><\/a><a href=\"https:\/\/twitter.com\/dicodusport\" target=\"_blank\" rel=\"noopener noreferrer\"><img loading=\"lazy\" decoding=\"async\" class=\"alignnone wp-image-2908\" src=\"http:\/\/dicodusport.fr\/blog\/wp-content\/uploads\/2017\/07\/logo-twitter-150x150.png\" alt=\"\" width=\"39\" height=\"39\" \/><\/a><\/em><\/strong><\/p>\n","protected":false},"excerpt":{"rendered":"<p>PRO D2 &#8211; Ce jeudi midi, le calendrier complet de la saison 2020\/2021 de Pro D2 est tomb\u00e9. Retrouvez les oppositions, journ\u00e9e par journ\u00e9e.<\/p>\n","protected":false},"author":4,"featured_media":71704,"comment_status":"open","ping_status":"closed","sticky":false,"template":"","format":"standard","meta":{"_acf_changed":false,"_daextam_enable_autolinks":"","footnotes":""},"categories":[9129],"tags":[1839],"class_list":["post-71703","post","type-post","status-publish","format-standard","has-post-thumbnail","hentry","category-rugby-a-xv","tag-pro-d2"],"acf":[],"yoast_head":"<!-- This site is optimized with the Yoast SEO Premium plugin v26.7 (Yoast SEO v26.7) - https:\/\/yoast.com\/wordpress\/plugins\/seo\/ -->\n<title>Pro D2 : le calendrier 2020\/2021 complet, journ\u00e9e par journ\u00e9e<\/title>\n<meta name=\"description\" content=\"PRO D2 - Ce jeudi midi, le calendrier complet de la saison 2020\/2021 de Pro D2 est tomb\u00e9. Retrouvez les oppositions, journ\u00e9e par journ\u00e9e.\" \/>\n<meta name=\"robots\" content=\"index, follow, max-snippet:-1, max-image-preview:large, max-video-preview:-1\" \/>\n<link rel=\"canonical\" href=\"https:\/\/dicodusport.fr\/blog\/pro-d2-calendrier-2020-2021-complet-journee-par-journee\/\" \/>\n<meta property=\"og:locale\" content=\"fr_FR\" \/>\n<meta property=\"og:type\" content=\"article\" \/>\n<meta property=\"og:title\" content=\"Pro D2 : le calendrier 2020\/2021 complet, journ\u00e9e par journ\u00e9e\" \/>\n<meta property=\"og:description\" content=\"PRO D2 - Ce jeudi midi, le calendrier complet de la saison 2020\/2021 de Pro D2 est tomb\u00e9. Retrouvez les oppositions, journ\u00e9e par journ\u00e9e.\" \/>\n<meta property=\"og:url\" content=\"https:\/\/dicodusport.fr\/blog\/pro-d2-calendrier-2020-2021-complet-journee-par-journee\/\" \/>\n<meta property=\"og:site_name\" content=\"Dicodusport\" \/>\n<meta property=\"article:publisher\" content=\"https:\/\/www.facebook.com\/dicodusport\" \/>\n<meta property=\"article:author\" content=\"https:\/\/www.facebook.com\/florent.ostermann\" \/>\n<meta property=\"article:published_time\" content=\"2020-07-16T10:01:16+00:00\" \/>\n<meta property=\"article:modified_time\" content=\"2020-07-16T12:20:55+00:00\" \/>\n<meta property=\"og:image\" content=\"https:\/\/dicodusport.fr\/blog\/wp-content\/uploads\/2020\/07\/Pro-D2-Le-calendrier-2020_2021-complet-journ\u00e9e-par-journ\u00e9e.png\" \/>\n\t<meta property=\"og:image:width\" content=\"800\" \/>\n\t<meta property=\"og:image:height\" content=\"445\" \/>\n\t<meta property=\"og:image:type\" content=\"image\/png\" \/>\n<meta name=\"author\" content=\"Flo Ostermann\" \/>\n<meta name=\"twitter:card\" content=\"summary_large_image\" \/>\n<meta name=\"twitter:title\" content=\"Pro D2 : le calendrier 2020\/2021 complet, journ\u00e9e par journ\u00e9e\" \/>\n<meta name=\"twitter:creator\" content=\"@https:\/\/twitter.com\/FlOstermann\" \/>\n<meta name=\"twitter:site\" content=\"@dicodusport\" \/>\n<script type=\"application\/ld+json\" class=\"yoast-schema-graph\">{\"@context\":\"https:\/\/schema.org\",\"@graph\":[{\"@type\":\"NewsArticle\",\"@id\":\"https:\/\/dicodusport.fr\/blog\/pro-d2-calendrier-2020-2021-complet-journee-par-journee\/#article\",\"isPartOf\":{\"@id\":\"https:\/\/dicodusport.fr\/blog\/pro-d2-calendrier-2020-2021-complet-journee-par-journee\/\"},\"author\":{\"name\":\"Flo Ostermann\",\"@id\":\"https:\/\/dicodusport.fr\/blog\/#\/schema\/person\/cb02af4c173ce4a653b55e9baf388d4a\"},\"headline\":\"Pro D2 : le calendrier 2020\/2021 complet, journ\u00e9e par journ\u00e9e\",\"datePublished\":\"2020-07-16T10:01:16+00:00\",\"dateModified\":\"2020-07-16T12:20:55+00:00\",\"mainEntityOfPage\":{\"@id\":\"https:\/\/dicodusport.fr\/blog\/pro-d2-calendrier-2020-2021-complet-journee-par-journee\/\"},\"wordCount\":134,\"commentCount\":0,\"publisher\":{\"@id\":\"https:\/\/dicodusport.fr\/blog\/#organization\"},\"image\":{\"@id\":\"https:\/\/dicodusport.fr\/blog\/pro-d2-calendrier-2020-2021-complet-journee-par-journee\/#primaryimage\"},\"thumbnailUrl\":\"https:\/\/dicodusport.fr\/blog\/wp-content\/uploads\/2020\/07\/Pro-D2-Le-calendrier-2020_2021-complet-journ\u00e9e-par-journ\u00e9e.png\",\"keywords\":[\"Pro D2\"],\"articleSection\":[\"Rugby \u00e0 XV\"],\"inLanguage\":\"fr-FR\",\"potentialAction\":[{\"@type\":\"CommentAction\",\"name\":\"Comment\",\"target\":[\"https:\/\/dicodusport.fr\/blog\/pro-d2-calendrier-2020-2021-complet-journee-par-journee\/#respond\"]}],\"copyrightYear\":\"2020\",\"copyrightHolder\":{\"@id\":\"https:\/\/dicodusport.fr\/blog\/#organization\"}},{\"@type\":\"WebPage\",\"@id\":\"https:\/\/dicodusport.fr\/blog\/pro-d2-calendrier-2020-2021-complet-journee-par-journee\/\",\"url\":\"https:\/\/dicodusport.fr\/blog\/pro-d2-calendrier-2020-2021-complet-journee-par-journee\/\",\"name\":\"Pro D2 : le calendrier 2020\/2021 complet, journ\u00e9e par journ\u00e9e\",\"isPartOf\":{\"@id\":\"https:\/\/dicodusport.fr\/blog\/#website\"},\"primaryImageOfPage\":{\"@id\":\"https:\/\/dicodusport.fr\/blog\/pro-d2-calendrier-2020-2021-complet-journee-par-journee\/#primaryimage\"},\"image\":{\"@id\":\"https:\/\/dicodusport.fr\/blog\/pro-d2-calendrier-2020-2021-complet-journee-par-journee\/#primaryimage\"},\"thumbnailUrl\":\"https:\/\/dicodusport.fr\/blog\/wp-content\/uploads\/2020\/07\/Pro-D2-Le-calendrier-2020_2021-complet-journ\u00e9e-par-journ\u00e9e.png\",\"datePublished\":\"2020-07-16T10:01:16+00:00\",\"dateModified\":\"2020-07-16T12:20:55+00:00\",\"description\":\"PRO D2 - Ce jeudi midi, le calendrier complet de la saison 2020\/2021 de Pro D2 est tomb\u00e9. Retrouvez les oppositions, journ\u00e9e par journ\u00e9e.\",\"breadcrumb\":{\"@id\":\"https:\/\/dicodusport.fr\/blog\/pro-d2-calendrier-2020-2021-complet-journee-par-journee\/#breadcrumb\"},\"inLanguage\":\"fr-FR\",\"potentialAction\":[{\"@type\":\"ReadAction\",\"target\":[\"https:\/\/dicodusport.fr\/blog\/pro-d2-calendrier-2020-2021-complet-journee-par-journee\/\"]}]},{\"@type\":\"ImageObject\",\"inLanguage\":\"fr-FR\",\"@id\":\"https:\/\/dicodusport.fr\/blog\/pro-d2-calendrier-2020-2021-complet-journee-par-journee\/#primaryimage\",\"url\":\"https:\/\/dicodusport.fr\/blog\/wp-content\/uploads\/2020\/07\/Pro-D2-Le-calendrier-2020_2021-complet-journ\u00e9e-par-journ\u00e9e.png\",\"contentUrl\":\"https:\/\/dicodusport.fr\/blog\/wp-content\/uploads\/2020\/07\/Pro-D2-Le-calendrier-2020_2021-complet-journ\u00e9e-par-journ\u00e9e.png\",\"width\":800,\"height\":445,\"caption\":\"Pro D2 - Le calendrier 2020_2021 complet, journ\u00e9e par journ\u00e9e\"},{\"@type\":\"BreadcrumbList\",\"@id\":\"https:\/\/dicodusport.fr\/blog\/pro-d2-calendrier-2020-2021-complet-journee-par-journee\/#breadcrumb\",\"itemListElement\":[{\"@type\":\"ListItem\",\"position\":1,\"name\":\"Accueil\",\"item\":\"https:\/\/dicodusport.fr\/blog\/\"},{\"@type\":\"ListItem\",\"position\":2,\"name\":\"Pro D2 : le calendrier 2020\/2021 complet, journ\u00e9e par journ\u00e9e\"}]},{\"@type\":\"WebSite\",\"@id\":\"https:\/\/dicodusport.fr\/blog\/#website\",\"url\":\"https:\/\/dicodusport.fr\/blog\/\",\"name\":\"Dicodusport\",\"description\":\"L&#039;encyclop\u00e9die de l&#039;actualit\u00e9 sportive\",\"publisher\":{\"@id\":\"https:\/\/dicodusport.fr\/blog\/#organization\"},\"potentialAction\":[{\"@type\":\"SearchAction\",\"target\":{\"@type\":\"EntryPoint\",\"urlTemplate\":\"https:\/\/dicodusport.fr\/blog\/?s={search_term_string}\"},\"query-input\":{\"@type\":\"PropertyValueSpecification\",\"valueRequired\":true,\"valueName\":\"search_term_string\"}}],\"inLanguage\":\"fr-FR\"},{\"@type\":\"NewsMediaOrganization\",\"@id\":\"https:\/\/dicodusport.fr\/blog\/#organization\",\"name\":\"Dicodusport\",\"url\":\"https:\/\/dicodusport.fr\/blog\/\",\"logo\":{\"@type\":\"ImageObject\",\"inLanguage\":\"fr-FR\",\"@id\":\"https:\/\/dicodusport.fr\/blog\/#\/schema\/logo\/image\/\",\"url\":\"https:\/\/dicodusport.fr\/blog\/wp-content\/uploads\/2020\/06\/cropped-LOGO-DICODUSPORT-2020-SANS-FOND-SANS-TEXTE.png\",\"contentUrl\":\"https:\/\/dicodusport.fr\/blog\/wp-content\/uploads\/2020\/06\/cropped-LOGO-DICODUSPORT-2020-SANS-FOND-SANS-TEXTE.png\",\"width\":512,\"height\":512,\"caption\":\"Dicodusport\"},\"image\":{\"@id\":\"https:\/\/dicodusport.fr\/blog\/#\/schema\/logo\/image\/\"},\"sameAs\":[\"https:\/\/www.facebook.com\/dicodusport\",\"https:\/\/x.com\/dicodusport\",\"https:\/\/www.instagram.com\/dicodusport\/\",\"https:\/\/www.youtube.com\/channel\/UC7V2KZ5sd3htJivAbA4ZG3w\"],\"description\":\"Dicodusport est l'encyclop\u00e9die de l'actualit\u00e9 sportive.\",\"email\":\"bonjour@dicodusport.fr\",\"legalName\":\"DICODUSPORT\",\"foundingDate\":\"2018-01-14\",\"vatID\":\"FR71834470973\",\"taxID\":\"83447097300043\",\"numberOfEmployees\":{\"@type\":\"QuantitativeValue\",\"minValue\":\"1\",\"maxValue\":\"10\"}},{\"@type\":\"Person\",\"@id\":\"https:\/\/dicodusport.fr\/blog\/#\/schema\/person\/cb02af4c173ce4a653b55e9baf388d4a\",\"name\":\"Flo Ostermann\",\"image\":{\"@type\":\"ImageObject\",\"inLanguage\":\"fr-FR\",\"@id\":\"https:\/\/dicodusport.fr\/blog\/#\/schema\/person\/image\/\",\"url\":\"https:\/\/dicodusport.fr\/blog\/wp-content\/uploads\/2021\/05\/Flo-Ostermann-150x150.jpg\",\"contentUrl\":\"https:\/\/dicodusport.fr\/blog\/wp-content\/uploads\/2021\/05\/Flo-Ostermann-150x150.jpg\",\"caption\":\"Flo Ostermann\"},\"description\":\"Journaliste\/R\u00e9dacteur depuis septembre 2015 - Mes premiers souvenirs dans le sport ? Les envol\u00e9es du Stade Toulousain et les duels Villeneuve-Schumacher et H\u00e4kkinen-Schumacher \u00e0 la fin des ann\u00e9es 90, la Coupe du monde de football en 1998, l\u2019exploit du XV de France face aux All Blacks en 1999, mais aussi Richard C\u0153ur de Lion qui vole sur les montagnes du Tour de France. Bien parti pour devenir professeur d\u2019EPS, les \u00e9v\u00e9nements de la vie (et la flemme d\u2019animer des s\u00e9ances de 3x500 m\u00e8tres toute ma vie) m\u2019ont conduit \u00e0 revoir mes plans. Me voil\u00e0 depuis fin 2017 sur Dicodusport, m\u00e9dia gr\u00e2ce (et pour) lequel je partage ma passion : le sport dans tous ses \u00e9tats. Le tout accompagn\u00e9 par les fous furieux et folles furieuses cit\u00e9s sur cette page !\",\"sameAs\":[\"https:\/\/www.facebook.com\/florent.ostermann\",\"https:\/\/x.com\/https:\/\/twitter.com\/FlOstermann\",\"admin\"],\"url\":\"https:\/\/dicodusport.fr\/blog\/author\/flo\/\"}]}<\/script>\n<!-- \/ Yoast SEO Premium plugin. -->","yoast_head_json":{"title":"Pro D2 : le calendrier 2020\/2021 complet, journ\u00e9e par journ\u00e9e","description":"PRO D2 - Ce jeudi midi, le calendrier complet de la saison 2020\/2021 de Pro D2 est tomb\u00e9. Retrouvez les oppositions, journ\u00e9e par journ\u00e9e.","robots":{"index":"index","follow":"follow","max-snippet":"max-snippet:-1","max-image-preview":"max-image-preview:large","max-video-preview":"max-video-preview:-1"},"canonical":"https:\/\/dicodusport.fr\/blog\/pro-d2-calendrier-2020-2021-complet-journee-par-journee\/","og_locale":"fr_FR","og_type":"article","og_title":"Pro D2 : le calendrier 2020\/2021 complet, journ\u00e9e par journ\u00e9e","og_description":"PRO D2 - Ce jeudi midi, le calendrier complet de la saison 2020\/2021 de Pro D2 est tomb\u00e9. Retrouvez les oppositions, journ\u00e9e par journ\u00e9e.","og_url":"https:\/\/dicodusport.fr\/blog\/pro-d2-calendrier-2020-2021-complet-journee-par-journee\/","og_site_name":"Dicodusport","article_publisher":"https:\/\/www.facebook.com\/dicodusport","article_author":"https:\/\/www.facebook.com\/florent.ostermann","article_published_time":"2020-07-16T10:01:16+00:00","article_modified_time":"2020-07-16T12:20:55+00:00","og_image":[{"width":800,"height":445,"url":"https:\/\/dicodusport.fr\/blog\/wp-content\/uploads\/2020\/07\/Pro-D2-Le-calendrier-2020_2021-complet-journ\u00e9e-par-journ\u00e9e.png","type":"image\/png"}],"author":"Flo Ostermann","twitter_card":"summary_large_image","twitter_title":"Pro D2 : le calendrier 2020\/2021 complet, journ\u00e9e par journ\u00e9e","twitter_creator":"@https:\/\/twitter.com\/FlOstermann","twitter_site":"@dicodusport","schema":{"@context":"https:\/\/schema.org","@graph":[{"@type":"NewsArticle","@id":"https:\/\/dicodusport.fr\/blog\/pro-d2-calendrier-2020-2021-complet-journee-par-journee\/#article","isPartOf":{"@id":"https:\/\/dicodusport.fr\/blog\/pro-d2-calendrier-2020-2021-complet-journee-par-journee\/"},"author":{"name":"Flo Ostermann","@id":"https:\/\/dicodusport.fr\/blog\/#\/schema\/person\/cb02af4c173ce4a653b55e9baf388d4a"},"headline":"Pro D2 : le calendrier 2020\/2021 complet, journ\u00e9e par journ\u00e9e","datePublished":"2020-07-16T10:01:16+00:00","dateModified":"2020-07-16T12:20:55+00:00","mainEntityOfPage":{"@id":"https:\/\/dicodusport.fr\/blog\/pro-d2-calendrier-2020-2021-complet-journee-par-journee\/"},"wordCount":134,"commentCount":0,"publisher":{"@id":"https:\/\/dicodusport.fr\/blog\/#organization"},"image":{"@id":"https:\/\/dicodusport.fr\/blog\/pro-d2-calendrier-2020-2021-complet-journee-par-journee\/#primaryimage"},"thumbnailUrl":"https:\/\/dicodusport.fr\/blog\/wp-content\/uploads\/2020\/07\/Pro-D2-Le-calendrier-2020_2021-complet-journ\u00e9e-par-journ\u00e9e.png","keywords":["Pro D2"],"articleSection":["Rugby \u00e0 XV"],"inLanguage":"fr-FR","potentialAction":[{"@type":"CommentAction","name":"Comment","target":["https:\/\/dicodusport.fr\/blog\/pro-d2-calendrier-2020-2021-complet-journee-par-journee\/#respond"]}],"copyrightYear":"2020","copyrightHolder":{"@id":"https:\/\/dicodusport.fr\/blog\/#organization"}},{"@type":"WebPage","@id":"https:\/\/dicodusport.fr\/blog\/pro-d2-calendrier-2020-2021-complet-journee-par-journee\/","url":"https:\/\/dicodusport.fr\/blog\/pro-d2-calendrier-2020-2021-complet-journee-par-journee\/","name":"Pro D2 : le calendrier 2020\/2021 complet, journ\u00e9e par journ\u00e9e","isPartOf":{"@id":"https:\/\/dicodusport.fr\/blog\/#website"},"primaryImageOfPage":{"@id":"https:\/\/dicodusport.fr\/blog\/pro-d2-calendrier-2020-2021-complet-journee-par-journee\/#primaryimage"},"image":{"@id":"https:\/\/dicodusport.fr\/blog\/pro-d2-calendrier-2020-2021-complet-journee-par-journee\/#primaryimage"},"thumbnailUrl":"https:\/\/dicodusport.fr\/blog\/wp-content\/uploads\/2020\/07\/Pro-D2-Le-calendrier-2020_2021-complet-journ\u00e9e-par-journ\u00e9e.png","datePublished":"2020-07-16T10:01:16+00:00","dateModified":"2020-07-16T12:20:55+00:00","description":"PRO D2 - Ce jeudi midi, le calendrier complet de la saison 2020\/2021 de Pro D2 est tomb\u00e9. Retrouvez les oppositions, journ\u00e9e par journ\u00e9e.","breadcrumb":{"@id":"https:\/\/dicodusport.fr\/blog\/pro-d2-calendrier-2020-2021-complet-journee-par-journee\/#breadcrumb"},"inLanguage":"fr-FR","potentialAction":[{"@type":"ReadAction","target":["https:\/\/dicodusport.fr\/blog\/pro-d2-calendrier-2020-2021-complet-journee-par-journee\/"]}]},{"@type":"ImageObject","inLanguage":"fr-FR","@id":"https:\/\/dicodusport.fr\/blog\/pro-d2-calendrier-2020-2021-complet-journee-par-journee\/#primaryimage","url":"https:\/\/dicodusport.fr\/blog\/wp-content\/uploads\/2020\/07\/Pro-D2-Le-calendrier-2020_2021-complet-journ\u00e9e-par-journ\u00e9e.png","contentUrl":"https:\/\/dicodusport.fr\/blog\/wp-content\/uploads\/2020\/07\/Pro-D2-Le-calendrier-2020_2021-complet-journ\u00e9e-par-journ\u00e9e.png","width":800,"height":445,"caption":"Pro D2 - Le calendrier 2020_2021 complet, journ\u00e9e par journ\u00e9e"},{"@type":"BreadcrumbList","@id":"https:\/\/dicodusport.fr\/blog\/pro-d2-calendrier-2020-2021-complet-journee-par-journee\/#breadcrumb","itemListElement":[{"@type":"ListItem","position":1,"name":"Accueil","item":"https:\/\/dicodusport.fr\/blog\/"},{"@type":"ListItem","position":2,"name":"Pro D2 : le calendrier 2020\/2021 complet, journ\u00e9e par journ\u00e9e"}]},{"@type":"WebSite","@id":"https:\/\/dicodusport.fr\/blog\/#website","url":"https:\/\/dicodusport.fr\/blog\/","name":"Dicodusport","description":"L&#039;encyclop\u00e9die de l&#039;actualit\u00e9 sportive","publisher":{"@id":"https:\/\/dicodusport.fr\/blog\/#organization"},"potentialAction":[{"@type":"SearchAction","target":{"@type":"EntryPoint","urlTemplate":"https:\/\/dicodusport.fr\/blog\/?s={search_term_string}"},"query-input":{"@type":"PropertyValueSpecification","valueRequired":true,"valueName":"search_term_string"}}],"inLanguage":"fr-FR"},{"@type":"NewsMediaOrganization","@id":"https:\/\/dicodusport.fr\/blog\/#organization","name":"Dicodusport","url":"https:\/\/dicodusport.fr\/blog\/","logo":{"@type":"ImageObject","inLanguage":"fr-FR","@id":"https:\/\/dicodusport.fr\/blog\/#\/schema\/logo\/image\/","url":"https:\/\/dicodusport.fr\/blog\/wp-content\/uploads\/2020\/06\/cropped-LOGO-DICODUSPORT-2020-SANS-FOND-SANS-TEXTE.png","contentUrl":"https:\/\/dicodusport.fr\/blog\/wp-content\/uploads\/2020\/06\/cropped-LOGO-DICODUSPORT-2020-SANS-FOND-SANS-TEXTE.png","width":512,"height":512,"caption":"Dicodusport"},"image":{"@id":"https:\/\/dicodusport.fr\/blog\/#\/schema\/logo\/image\/"},"sameAs":["https:\/\/www.facebook.com\/dicodusport","https:\/\/x.com\/dicodusport","https:\/\/www.instagram.com\/dicodusport\/","https:\/\/www.youtube.com\/channel\/UC7V2KZ5sd3htJivAbA4ZG3w"],"description":"Dicodusport est l'encyclop\u00e9die de l'actualit\u00e9 sportive.","email":"bonjour@dicodusport.fr","legalName":"DICODUSPORT","foundingDate":"2018-01-14","vatID":"FR71834470973","taxID":"83447097300043","numberOfEmployees":{"@type":"QuantitativeValue","minValue":"1","maxValue":"10"}},{"@type":"Person","@id":"https:\/\/dicodusport.fr\/blog\/#\/schema\/person\/cb02af4c173ce4a653b55e9baf388d4a","name":"Flo Ostermann","image":{"@type":"ImageObject","inLanguage":"fr-FR","@id":"https:\/\/dicodusport.fr\/blog\/#\/schema\/person\/image\/","url":"https:\/\/dicodusport.fr\/blog\/wp-content\/uploads\/2021\/05\/Flo-Ostermann-150x150.jpg","contentUrl":"https:\/\/dicodusport.fr\/blog\/wp-content\/uploads\/2021\/05\/Flo-Ostermann-150x150.jpg","caption":"Flo Ostermann"},"description":"Journaliste\/R\u00e9dacteur depuis septembre 2015 - Mes premiers souvenirs dans le sport ? Les envol\u00e9es du Stade Toulousain et les duels Villeneuve-Schumacher et H\u00e4kkinen-Schumacher \u00e0 la fin des ann\u00e9es 90, la Coupe du monde de football en 1998, l\u2019exploit du XV de France face aux All Blacks en 1999, mais aussi Richard C\u0153ur de Lion qui vole sur les montagnes du Tour de France. Bien parti pour devenir professeur d\u2019EPS, les \u00e9v\u00e9nements de la vie (et la flemme d\u2019animer des s\u00e9ances de 3x500 m\u00e8tres toute ma vie) m\u2019ont conduit \u00e0 revoir mes plans. Me voil\u00e0 depuis fin 2017 sur Dicodusport, m\u00e9dia gr\u00e2ce (et pour) lequel je partage ma passion : le sport dans tous ses \u00e9tats. Le tout accompagn\u00e9 par les fous furieux et folles furieuses cit\u00e9s sur cette page !","sameAs":["https:\/\/www.facebook.com\/florent.ostermann","https:\/\/x.com\/https:\/\/twitter.com\/FlOstermann","admin"],"url":"https:\/\/dicodusport.fr\/blog\/author\/flo\/"}]}},"_links":{"self":[{"href":"https:\/\/dicodusport.fr\/blog\/wp-json\/wp\/v2\/posts\/71703","targetHints":{"allow":["GET"]}}],"collection":[{"href":"https:\/\/dicodusport.fr\/blog\/wp-json\/wp\/v2\/posts"}],"about":[{"href":"https:\/\/dicodusport.fr\/blog\/wp-json\/wp\/v2\/types\/post"}],"author":[{"embeddable":true,"href":"https:\/\/dicodusport.fr\/blog\/wp-json\/wp\/v2\/users\/4"}],"replies":[{"embeddable":true,"href":"https:\/\/dicodusport.fr\/blog\/wp-json\/wp\/v2\/comments?post=71703"}],"version-history":[{"count":0,"href":"https:\/\/dicodusport.fr\/blog\/wp-json\/wp\/v2\/posts\/71703\/revisions"}],"wp:featuredmedia":[{"embeddable":true,"href":"https:\/\/dicodusport.fr\/blog\/wp-json\/wp\/v2\/media\/71704"}],"wp:attachment":[{"href":"https:\/\/dicodusport.fr\/blog\/wp-json\/wp\/v2\/media?parent=71703"}],"wp:term":[{"taxonomy":"category","embeddable":true,"href":"https:\/\/dicodusport.fr\/blog\/wp-json\/wp\/v2\/categories?post=71703"},{"taxonomy":"post_tag","embeddable":true,"href":"https:\/\/dicodusport.fr\/blog\/wp-json\/wp\/v2\/tags?post=71703"}],"curies":[{"name":"wp","href":"https:\/\/api.w.org\/{rel}","templated":true}]}}