{"id":71882,"date":"2020-07-18T08:30:38","date_gmt":"2020-07-18T06:30:38","guid":{"rendered":"http:\/\/dicodusport.fr\/blog\/?p=71882&#038;preview=true&#038;preview_id=71882"},"modified":"2020-07-18T06:58:19","modified_gmt":"2020-07-18T04:58:19","slug":"romain-bardet-je-ne-marche-pas-sur-plates-bandes-de-pierre-il-ne-marche-pas-sur-les-miennes","status":"publish","type":"post","link":"https:\/\/dicodusport.fr\/blog\/romain-bardet-je-ne-marche-pas-sur-plates-bandes-de-pierre-il-ne-marche-pas-sur-les-miennes\/","title":{"rendered":"Romain Bardet : \u00ab\u00a0Je ne marche pas sur les plates-bandes de Pierre, il ne marche pas sur les miennes\u00a0\u00bb"},"content":{"rendered":"<p style=\"text-align: justify;\"><strong><em>CYCLISME &#8211; Dans les colonnes de nos confr\u00e8res de <a href=\"https:\/\/www.lequipe.fr\/Cyclisme-sur-route\/Article\/Romain-bardet-le-confinement-m-a-permis-de-ressentir-un-calme-interieur\/1153325\" target=\"_blank\" rel=\"noopener noreferrer\">L&rsquo;\u00c9quipe<\/a>, Romain Bardet a \u00e9voqu\u00e9 le confinement, son retour sur les routes et le Tour de France. Extraits.<\/em><\/strong><\/p>\n<p style=\"text-align: justify;\">Deuxi\u00e8me en 2016 et troisi\u00e8me en 2017, <a href=\"https:\/\/dicodusport.fr\/blog\/tag\/romain-bardet\/\" target=\"_blank\" rel=\"noopener noreferrer\"><strong>Romain Bardet<\/strong><\/a> ne se met pas de pression pour la Grande Boucle 2020. Il confirme qu&rsquo;il se partagera, sur le papier, le r\u00f4le de leader avec <strong>Pierre Latour<\/strong>.<\/p>\n<blockquote>\n<p style=\"text-align: justify;\">On ne peut parler de hi\u00e9rarchie. On voit bien comment sont construites les \u00e9quipes maintenant, c&rsquo;est bien d&rsquo;avoir plusieurs cartes. Je ne marche pas sur les plates-bandes de Pierre, il ne marche pas sur les miennes, on est compl\u00e9mentaires et on s&rsquo;entend tr\u00e8s bien. De toute fa\u00e7on, la course ne reposera pas sur nos \u00e9paules.<\/p>\n<\/blockquote>\n<p style=\"text-align: justify;\">Concernant son avenir, <strong>Romain Bardet<\/strong> arrive en fin de contrat avec <strong>AG2R La Mondiale<\/strong>. Le natif de Brioude a bott\u00e9 en touche au moment d&rsquo;\u00e9voquer son futur. <a href=\"https:\/\/dicodusport.fr\/blog\/romain-bardet-chez-sunweb\/\" target=\"_blank\" rel=\"noopener noreferrer\"><strong>Sunweb<\/strong><\/a>, mais aussi <strong>Total Direct \u00c9nergie<\/strong>, seraient en discussion avec l&rsquo;Auvergnat.<\/p>\n<ul>\n<li style=\"text-align: justify;\"><strong>\u00c0 lire aussi &#8211; <a href=\"https:\/\/dicodusport.fr\/blog\/ag2r-la-mondiale-pierre-latour-sur-le-depart\/\" target=\"_blank\" rel=\"noopener noreferrer\">AG2R La Mondiale : Pierre Latour sur le d\u00e9part<\/a><\/strong><\/li>\n<\/ul>\n<p style=\"text-align: justify;\"><strong><em>Dicodusport<br \/>\n<a href=\"https:\/\/www.facebook.com\/dicodusport\/\" target=\"_blank\" rel=\"noopener noreferrer\"><img loading=\"lazy\" decoding=\"async\" class=\"alignnone wp-image-2909\" src=\"http:\/\/dicodusport.fr\/blog\/wp-content\/uploads\/2017\/07\/logo-facebook-150x150.png\" alt=\"\" width=\"40\" height=\"40\" \/><\/a><a href=\"https:\/\/twitter.com\/dicodusport\" target=\"_blank\" rel=\"noopener noreferrer\"><img loading=\"lazy\" decoding=\"async\" class=\"alignnone wp-image-2908\" src=\"http:\/\/dicodusport.fr\/blog\/wp-content\/uploads\/2017\/07\/logo-twitter-150x150.png\" alt=\"\" width=\"39\" height=\"39\" \/><\/a><\/em><\/strong><\/p>\n","protected":false},"excerpt":{"rendered":"<p>CYCLISME &#8211; Dans les colonnes de nos confr\u00e8res de L&rsquo;\u00c9quipe, Romain Bardet a \u00e9voqu\u00e9 le confinement, son retour sur les routes et le Tour de France. Extraits.<\/p>\n","protected":false},"author":1,"featured_media":71895,"comment_status":"open","ping_status":"closed","sticky":false,"template":"","format":"standard","meta":{"_acf_changed":false,"_daextam_enable_autolinks":"","footnotes":""},"categories":[2307],"tags":[3644,3646,1262],"class_list":["post-71882","post","type-post","status-publish","format-standard","has-post-thumbnail","hentry","category-cyclisme","tag-ag2r-la-mondiale","tag-romain-bardet","tag-tour-de-france"],"acf":[],"yoast_head":"<!-- This site is optimized with the Yoast SEO Premium plugin v26.7 (Yoast SEO v26.7) - https:\/\/yoast.com\/wordpress\/plugins\/seo\/ -->\n<title>Romain Bardet : &quot;Je ne marche pas sur les plates-bandes de Pierre, il ne marche pas sur les miennes&quot;<\/title>\n<meta name=\"description\" content=\"CYCLISME - Dans les colonnes de nos confr\u00e8res de L&#039;\u00c9quipe, Romain Bardet a \u00e9voqu\u00e9 le confinement, son retour sur les routes et le Tour de France. Extraits.\" \/>\n<meta name=\"robots\" content=\"index, follow, max-snippet:-1, max-image-preview:large, max-video-preview:-1\" \/>\n<link rel=\"canonical\" href=\"https:\/\/dicodusport.fr\/blog\/romain-bardet-je-ne-marche-pas-sur-plates-bandes-de-pierre-il-ne-marche-pas-sur-les-miennes\/\" \/>\n<meta property=\"og:locale\" content=\"fr_FR\" \/>\n<meta property=\"og:type\" content=\"article\" \/>\n<meta property=\"og:title\" content=\"Bardet : \u00ab Je ne marche pas sur les plates-bandes de Pierre, il ne marche pas sur les miennes \u00bb\" \/>\n<meta property=\"og:description\" content=\"CYCLISME - Dans les colonnes de nos confr\u00e8res de L&#039;\u00c9quipe, Romain Bardet a \u00e9voqu\u00e9 le confinement, son retour sur les routes et le Tour de France. Extraits.\" \/>\n<meta property=\"og:url\" content=\"https:\/\/dicodusport.fr\/blog\/romain-bardet-je-ne-marche-pas-sur-plates-bandes-de-pierre-il-ne-marche-pas-sur-les-miennes\/\" \/>\n<meta property=\"og:site_name\" content=\"Dicodusport\" \/>\n<meta property=\"article:publisher\" content=\"https:\/\/www.facebook.com\/dicodusport\" \/>\n<meta property=\"article:author\" content=\"https:\/\/www.facebook.com\/dicodusport\" \/>\n<meta property=\"article:published_time\" content=\"2020-07-18T06:30:38+00:00\" \/>\n<meta property=\"og:image\" content=\"https:\/\/dicodusport.fr\/blog\/wp-content\/uploads\/2020\/07\/Romain-Bardet-Je-ne-marche-pas-sur-les-plates-bandes-de-Pierre-il-ne-marche-pas-sur-les-miennes.png\" \/>\n\t<meta property=\"og:image:width\" content=\"800\" \/>\n\t<meta property=\"og:image:height\" content=\"445\" \/>\n\t<meta property=\"og:image:type\" content=\"image\/png\" \/>\n<meta name=\"author\" content=\"Nicolas Jacquemard\" \/>\n<meta name=\"twitter:card\" content=\"summary_large_image\" \/>\n<meta name=\"twitter:title\" content=\"Bardet : \u00ab Je ne marche pas sur les plates-bandes de Pierre, il ne marche pas sur les miennes \u00bb\" \/>\n<meta name=\"twitter:creator\" content=\"@https:\/\/twitter.com\/Nico_Jacquemard\" \/>\n<meta name=\"twitter:site\" content=\"@dicodusport\" \/>\n<script type=\"application\/ld+json\" class=\"yoast-schema-graph\">{\"@context\":\"https:\/\/schema.org\",\"@graph\":[{\"@type\":\"NewsArticle\",\"@id\":\"https:\/\/dicodusport.fr\/blog\/romain-bardet-je-ne-marche-pas-sur-plates-bandes-de-pierre-il-ne-marche-pas-sur-les-miennes\/#article\",\"isPartOf\":{\"@id\":\"https:\/\/dicodusport.fr\/blog\/romain-bardet-je-ne-marche-pas-sur-plates-bandes-de-pierre-il-ne-marche-pas-sur-les-miennes\/\"},\"author\":{\"name\":\"Nicolas Jacquemard\",\"@id\":\"https:\/\/dicodusport.fr\/blog\/#\/schema\/person\/55dcb50ad410894e431ed812bbb70191\"},\"headline\":\"Romain Bardet : \u00ab\u00a0Je ne marche pas sur les plates-bandes de Pierre, il ne marche pas sur les miennes\u00a0\u00bb\",\"datePublished\":\"2020-07-18T06:30:38+00:00\",\"mainEntityOfPage\":{\"@id\":\"https:\/\/dicodusport.fr\/blog\/romain-bardet-je-ne-marche-pas-sur-plates-bandes-de-pierre-il-ne-marche-pas-sur-les-miennes\/\"},\"wordCount\":200,\"commentCount\":0,\"publisher\":{\"@id\":\"https:\/\/dicodusport.fr\/blog\/#organization\"},\"image\":{\"@id\":\"https:\/\/dicodusport.fr\/blog\/romain-bardet-je-ne-marche-pas-sur-plates-bandes-de-pierre-il-ne-marche-pas-sur-les-miennes\/#primaryimage\"},\"thumbnailUrl\":\"https:\/\/dicodusport.fr\/blog\/wp-content\/uploads\/2020\/07\/Romain-Bardet-Je-ne-marche-pas-sur-les-plates-bandes-de-Pierre-il-ne-marche-pas-sur-les-miennes.png\",\"keywords\":[\"AG2R La Mondiale\",\"Romain Bardet\",\"Tour de France\"],\"articleSection\":[\"Cyclisme\"],\"inLanguage\":\"fr-FR\",\"potentialAction\":[{\"@type\":\"CommentAction\",\"name\":\"Comment\",\"target\":[\"https:\/\/dicodusport.fr\/blog\/romain-bardet-je-ne-marche-pas-sur-plates-bandes-de-pierre-il-ne-marche-pas-sur-les-miennes\/#respond\"]}],\"copyrightYear\":\"2020\",\"copyrightHolder\":{\"@id\":\"https:\/\/dicodusport.fr\/blog\/#organization\"}},{\"@type\":\"WebPage\",\"@id\":\"https:\/\/dicodusport.fr\/blog\/romain-bardet-je-ne-marche-pas-sur-plates-bandes-de-pierre-il-ne-marche-pas-sur-les-miennes\/\",\"url\":\"https:\/\/dicodusport.fr\/blog\/romain-bardet-je-ne-marche-pas-sur-plates-bandes-de-pierre-il-ne-marche-pas-sur-les-miennes\/\",\"name\":\"Romain Bardet : \\\"Je ne marche pas sur les plates-bandes de Pierre, il ne marche pas sur les miennes\\\"\",\"isPartOf\":{\"@id\":\"https:\/\/dicodusport.fr\/blog\/#website\"},\"primaryImageOfPage\":{\"@id\":\"https:\/\/dicodusport.fr\/blog\/romain-bardet-je-ne-marche-pas-sur-plates-bandes-de-pierre-il-ne-marche-pas-sur-les-miennes\/#primaryimage\"},\"image\":{\"@id\":\"https:\/\/dicodusport.fr\/blog\/romain-bardet-je-ne-marche-pas-sur-plates-bandes-de-pierre-il-ne-marche-pas-sur-les-miennes\/#primaryimage\"},\"thumbnailUrl\":\"https:\/\/dicodusport.fr\/blog\/wp-content\/uploads\/2020\/07\/Romain-Bardet-Je-ne-marche-pas-sur-les-plates-bandes-de-Pierre-il-ne-marche-pas-sur-les-miennes.png\",\"datePublished\":\"2020-07-18T06:30:38+00:00\",\"description\":\"CYCLISME - Dans les colonnes de nos confr\u00e8res de L'\u00c9quipe, Romain Bardet a \u00e9voqu\u00e9 le confinement, son retour sur les routes et le Tour de France. Extraits.\",\"breadcrumb\":{\"@id\":\"https:\/\/dicodusport.fr\/blog\/romain-bardet-je-ne-marche-pas-sur-plates-bandes-de-pierre-il-ne-marche-pas-sur-les-miennes\/#breadcrumb\"},\"inLanguage\":\"fr-FR\",\"potentialAction\":[{\"@type\":\"ReadAction\",\"target\":[\"https:\/\/dicodusport.fr\/blog\/romain-bardet-je-ne-marche-pas-sur-plates-bandes-de-pierre-il-ne-marche-pas-sur-les-miennes\/\"]}]},{\"@type\":\"ImageObject\",\"inLanguage\":\"fr-FR\",\"@id\":\"https:\/\/dicodusport.fr\/blog\/romain-bardet-je-ne-marche-pas-sur-plates-bandes-de-pierre-il-ne-marche-pas-sur-les-miennes\/#primaryimage\",\"url\":\"https:\/\/dicodusport.fr\/blog\/wp-content\/uploads\/2020\/07\/Romain-Bardet-Je-ne-marche-pas-sur-les-plates-bandes-de-Pierre-il-ne-marche-pas-sur-les-miennes.png\",\"contentUrl\":\"https:\/\/dicodusport.fr\/blog\/wp-content\/uploads\/2020\/07\/Romain-Bardet-Je-ne-marche-pas-sur-les-plates-bandes-de-Pierre-il-ne-marche-pas-sur-les-miennes.png\",\"width\":800,\"height\":445,\"caption\":\"Romain Bardet : \\\"Je ne marche pas sur les plates-bandes de Pierre, il ne marche pas sur les miennes\\\"\"},{\"@type\":\"BreadcrumbList\",\"@id\":\"https:\/\/dicodusport.fr\/blog\/romain-bardet-je-ne-marche-pas-sur-plates-bandes-de-pierre-il-ne-marche-pas-sur-les-miennes\/#breadcrumb\",\"itemListElement\":[{\"@type\":\"ListItem\",\"position\":1,\"name\":\"Accueil\",\"item\":\"https:\/\/dicodusport.fr\/blog\/\"},{\"@type\":\"ListItem\",\"position\":2,\"name\":\"Romain Bardet : \u00ab\u00a0Je ne marche pas sur les plates-bandes de Pierre, il ne marche pas sur les miennes\u00a0\u00bb\"}]},{\"@type\":\"WebSite\",\"@id\":\"https:\/\/dicodusport.fr\/blog\/#website\",\"url\":\"https:\/\/dicodusport.fr\/blog\/\",\"name\":\"Dicodusport\",\"description\":\"L&#039;encyclop\u00e9die de l&#039;actualit\u00e9 sportive\",\"publisher\":{\"@id\":\"https:\/\/dicodusport.fr\/blog\/#organization\"},\"potentialAction\":[{\"@type\":\"SearchAction\",\"target\":{\"@type\":\"EntryPoint\",\"urlTemplate\":\"https:\/\/dicodusport.fr\/blog\/?s={search_term_string}\"},\"query-input\":{\"@type\":\"PropertyValueSpecification\",\"valueRequired\":true,\"valueName\":\"search_term_string\"}}],\"inLanguage\":\"fr-FR\"},{\"@type\":\"NewsMediaOrganization\",\"@id\":\"https:\/\/dicodusport.fr\/blog\/#organization\",\"name\":\"Dicodusport\",\"url\":\"https:\/\/dicodusport.fr\/blog\/\",\"logo\":{\"@type\":\"ImageObject\",\"inLanguage\":\"fr-FR\",\"@id\":\"https:\/\/dicodusport.fr\/blog\/#\/schema\/logo\/image\/\",\"url\":\"https:\/\/dicodusport.fr\/blog\/wp-content\/uploads\/2020\/06\/cropped-LOGO-DICODUSPORT-2020-SANS-FOND-SANS-TEXTE.png\",\"contentUrl\":\"https:\/\/dicodusport.fr\/blog\/wp-content\/uploads\/2020\/06\/cropped-LOGO-DICODUSPORT-2020-SANS-FOND-SANS-TEXTE.png\",\"width\":512,\"height\":512,\"caption\":\"Dicodusport\"},\"image\":{\"@id\":\"https:\/\/dicodusport.fr\/blog\/#\/schema\/logo\/image\/\"},\"sameAs\":[\"https:\/\/www.facebook.com\/dicodusport\",\"https:\/\/x.com\/dicodusport\",\"https:\/\/www.instagram.com\/dicodusport\/\",\"https:\/\/www.youtube.com\/channel\/UC7V2KZ5sd3htJivAbA4ZG3w\"],\"description\":\"Dicodusport est l'encyclop\u00e9die de l'actualit\u00e9 sportive.\",\"email\":\"bonjour@dicodusport.fr\",\"legalName\":\"DICODUSPORT\",\"foundingDate\":\"2018-01-14\",\"vatID\":\"FR71834470973\",\"taxID\":\"83447097300043\",\"numberOfEmployees\":{\"@type\":\"QuantitativeValue\",\"minValue\":\"1\",\"maxValue\":\"10\"}},{\"@type\":\"Person\",\"@id\":\"https:\/\/dicodusport.fr\/blog\/#\/schema\/person\/55dcb50ad410894e431ed812bbb70191\",\"name\":\"Nicolas Jacquemard\",\"image\":{\"@type\":\"ImageObject\",\"inLanguage\":\"fr-FR\",\"@id\":\"https:\/\/dicodusport.fr\/blog\/#\/schema\/person\/image\/\",\"url\":\"https:\/\/dicodusport.fr\/blog\/wp-content\/uploads\/2021\/05\/Nicolas-Jacquemard-150x150.jpeg\",\"contentUrl\":\"https:\/\/dicodusport.fr\/blog\/wp-content\/uploads\/2021\/05\/Nicolas-Jacquemard-150x150.jpeg\",\"caption\":\"Nicolas Jacquemard\"},\"description\":\"Passionn\u00e9 de sport et entrepreneur depuis mes 18 ans, la cr\u00e9ation de Dicodusport m'a sembl\u00e9 \u00e9vidente pour participer \u00e0 la m\u00e9diatisation d'un plus grand nombre de sports. Le chemin est long mais avec une \u00e9quipe des plus motiv\u00e9es et les Jeux Olympiques de Paris 2024 en point de mire, nous y arriverons ! Journaliste dans le monde du sport depuis plus de 5 ans, je traite aussi bien de football, de rugby, de biathlon que de cyclisme.\",\"sameAs\":[\"https:\/\/www.facebook.com\/dicodusport\",\"https:\/\/x.com\/https:\/\/twitter.com\/Nico_Jacquemard\"],\"url\":\"https:\/\/dicodusport.fr\/blog\/author\/dicodusport\/\"}]}<\/script>\n<!-- \/ Yoast SEO Premium plugin. -->","yoast_head_json":{"title":"Romain Bardet : \"Je ne marche pas sur les plates-bandes de Pierre, il ne marche pas sur les miennes\"","description":"CYCLISME - Dans les colonnes de nos confr\u00e8res de L'\u00c9quipe, Romain Bardet a \u00e9voqu\u00e9 le confinement, son retour sur les routes et le Tour de France. Extraits.","robots":{"index":"index","follow":"follow","max-snippet":"max-snippet:-1","max-image-preview":"max-image-preview:large","max-video-preview":"max-video-preview:-1"},"canonical":"https:\/\/dicodusport.fr\/blog\/romain-bardet-je-ne-marche-pas-sur-plates-bandes-de-pierre-il-ne-marche-pas-sur-les-miennes\/","og_locale":"fr_FR","og_type":"article","og_title":"Bardet : \u00ab Je ne marche pas sur les plates-bandes de Pierre, il ne marche pas sur les miennes \u00bb","og_description":"CYCLISME - Dans les colonnes de nos confr\u00e8res de L'\u00c9quipe, Romain Bardet a \u00e9voqu\u00e9 le confinement, son retour sur les routes et le Tour de France. Extraits.","og_url":"https:\/\/dicodusport.fr\/blog\/romain-bardet-je-ne-marche-pas-sur-plates-bandes-de-pierre-il-ne-marche-pas-sur-les-miennes\/","og_site_name":"Dicodusport","article_publisher":"https:\/\/www.facebook.com\/dicodusport","article_author":"https:\/\/www.facebook.com\/dicodusport","article_published_time":"2020-07-18T06:30:38+00:00","og_image":[{"width":800,"height":445,"url":"https:\/\/dicodusport.fr\/blog\/wp-content\/uploads\/2020\/07\/Romain-Bardet-Je-ne-marche-pas-sur-les-plates-bandes-de-Pierre-il-ne-marche-pas-sur-les-miennes.png","type":"image\/png"}],"author":"Nicolas Jacquemard","twitter_card":"summary_large_image","twitter_title":"Bardet : \u00ab Je ne marche pas sur les plates-bandes de Pierre, il ne marche pas sur les miennes \u00bb","twitter_creator":"@https:\/\/twitter.com\/Nico_Jacquemard","twitter_site":"@dicodusport","schema":{"@context":"https:\/\/schema.org","@graph":[{"@type":"NewsArticle","@id":"https:\/\/dicodusport.fr\/blog\/romain-bardet-je-ne-marche-pas-sur-plates-bandes-de-pierre-il-ne-marche-pas-sur-les-miennes\/#article","isPartOf":{"@id":"https:\/\/dicodusport.fr\/blog\/romain-bardet-je-ne-marche-pas-sur-plates-bandes-de-pierre-il-ne-marche-pas-sur-les-miennes\/"},"author":{"name":"Nicolas Jacquemard","@id":"https:\/\/dicodusport.fr\/blog\/#\/schema\/person\/55dcb50ad410894e431ed812bbb70191"},"headline":"Romain Bardet : \u00ab\u00a0Je ne marche pas sur les plates-bandes de Pierre, il ne marche pas sur les miennes\u00a0\u00bb","datePublished":"2020-07-18T06:30:38+00:00","mainEntityOfPage":{"@id":"https:\/\/dicodusport.fr\/blog\/romain-bardet-je-ne-marche-pas-sur-plates-bandes-de-pierre-il-ne-marche-pas-sur-les-miennes\/"},"wordCount":200,"commentCount":0,"publisher":{"@id":"https:\/\/dicodusport.fr\/blog\/#organization"},"image":{"@id":"https:\/\/dicodusport.fr\/blog\/romain-bardet-je-ne-marche-pas-sur-plates-bandes-de-pierre-il-ne-marche-pas-sur-les-miennes\/#primaryimage"},"thumbnailUrl":"https:\/\/dicodusport.fr\/blog\/wp-content\/uploads\/2020\/07\/Romain-Bardet-Je-ne-marche-pas-sur-les-plates-bandes-de-Pierre-il-ne-marche-pas-sur-les-miennes.png","keywords":["AG2R La Mondiale","Romain Bardet","Tour de France"],"articleSection":["Cyclisme"],"inLanguage":"fr-FR","potentialAction":[{"@type":"CommentAction","name":"Comment","target":["https:\/\/dicodusport.fr\/blog\/romain-bardet-je-ne-marche-pas-sur-plates-bandes-de-pierre-il-ne-marche-pas-sur-les-miennes\/#respond"]}],"copyrightYear":"2020","copyrightHolder":{"@id":"https:\/\/dicodusport.fr\/blog\/#organization"}},{"@type":"WebPage","@id":"https:\/\/dicodusport.fr\/blog\/romain-bardet-je-ne-marche-pas-sur-plates-bandes-de-pierre-il-ne-marche-pas-sur-les-miennes\/","url":"https:\/\/dicodusport.fr\/blog\/romain-bardet-je-ne-marche-pas-sur-plates-bandes-de-pierre-il-ne-marche-pas-sur-les-miennes\/","name":"Romain Bardet : \"Je ne marche pas sur les plates-bandes de Pierre, il ne marche pas sur les miennes\"","isPartOf":{"@id":"https:\/\/dicodusport.fr\/blog\/#website"},"primaryImageOfPage":{"@id":"https:\/\/dicodusport.fr\/blog\/romain-bardet-je-ne-marche-pas-sur-plates-bandes-de-pierre-il-ne-marche-pas-sur-les-miennes\/#primaryimage"},"image":{"@id":"https:\/\/dicodusport.fr\/blog\/romain-bardet-je-ne-marche-pas-sur-plates-bandes-de-pierre-il-ne-marche-pas-sur-les-miennes\/#primaryimage"},"thumbnailUrl":"https:\/\/dicodusport.fr\/blog\/wp-content\/uploads\/2020\/07\/Romain-Bardet-Je-ne-marche-pas-sur-les-plates-bandes-de-Pierre-il-ne-marche-pas-sur-les-miennes.png","datePublished":"2020-07-18T06:30:38+00:00","description":"CYCLISME - Dans les colonnes de nos confr\u00e8res de L'\u00c9quipe, Romain Bardet a \u00e9voqu\u00e9 le confinement, son retour sur les routes et le Tour de France. Extraits.","breadcrumb":{"@id":"https:\/\/dicodusport.fr\/blog\/romain-bardet-je-ne-marche-pas-sur-plates-bandes-de-pierre-il-ne-marche-pas-sur-les-miennes\/#breadcrumb"},"inLanguage":"fr-FR","potentialAction":[{"@type":"ReadAction","target":["https:\/\/dicodusport.fr\/blog\/romain-bardet-je-ne-marche-pas-sur-plates-bandes-de-pierre-il-ne-marche-pas-sur-les-miennes\/"]}]},{"@type":"ImageObject","inLanguage":"fr-FR","@id":"https:\/\/dicodusport.fr\/blog\/romain-bardet-je-ne-marche-pas-sur-plates-bandes-de-pierre-il-ne-marche-pas-sur-les-miennes\/#primaryimage","url":"https:\/\/dicodusport.fr\/blog\/wp-content\/uploads\/2020\/07\/Romain-Bardet-Je-ne-marche-pas-sur-les-plates-bandes-de-Pierre-il-ne-marche-pas-sur-les-miennes.png","contentUrl":"https:\/\/dicodusport.fr\/blog\/wp-content\/uploads\/2020\/07\/Romain-Bardet-Je-ne-marche-pas-sur-les-plates-bandes-de-Pierre-il-ne-marche-pas-sur-les-miennes.png","width":800,"height":445,"caption":"Romain Bardet : \"Je ne marche pas sur les plates-bandes de Pierre, il ne marche pas sur les miennes\""},{"@type":"BreadcrumbList","@id":"https:\/\/dicodusport.fr\/blog\/romain-bardet-je-ne-marche-pas-sur-plates-bandes-de-pierre-il-ne-marche-pas-sur-les-miennes\/#breadcrumb","itemListElement":[{"@type":"ListItem","position":1,"name":"Accueil","item":"https:\/\/dicodusport.fr\/blog\/"},{"@type":"ListItem","position":2,"name":"Romain Bardet : \u00ab\u00a0Je ne marche pas sur les plates-bandes de Pierre, il ne marche pas sur les miennes\u00a0\u00bb"}]},{"@type":"WebSite","@id":"https:\/\/dicodusport.fr\/blog\/#website","url":"https:\/\/dicodusport.fr\/blog\/","name":"Dicodusport","description":"L&#039;encyclop\u00e9die de l&#039;actualit\u00e9 sportive","publisher":{"@id":"https:\/\/dicodusport.fr\/blog\/#organization"},"potentialAction":[{"@type":"SearchAction","target":{"@type":"EntryPoint","urlTemplate":"https:\/\/dicodusport.fr\/blog\/?s={search_term_string}"},"query-input":{"@type":"PropertyValueSpecification","valueRequired":true,"valueName":"search_term_string"}}],"inLanguage":"fr-FR"},{"@type":"NewsMediaOrganization","@id":"https:\/\/dicodusport.fr\/blog\/#organization","name":"Dicodusport","url":"https:\/\/dicodusport.fr\/blog\/","logo":{"@type":"ImageObject","inLanguage":"fr-FR","@id":"https:\/\/dicodusport.fr\/blog\/#\/schema\/logo\/image\/","url":"https:\/\/dicodusport.fr\/blog\/wp-content\/uploads\/2020\/06\/cropped-LOGO-DICODUSPORT-2020-SANS-FOND-SANS-TEXTE.png","contentUrl":"https:\/\/dicodusport.fr\/blog\/wp-content\/uploads\/2020\/06\/cropped-LOGO-DICODUSPORT-2020-SANS-FOND-SANS-TEXTE.png","width":512,"height":512,"caption":"Dicodusport"},"image":{"@id":"https:\/\/dicodusport.fr\/blog\/#\/schema\/logo\/image\/"},"sameAs":["https:\/\/www.facebook.com\/dicodusport","https:\/\/x.com\/dicodusport","https:\/\/www.instagram.com\/dicodusport\/","https:\/\/www.youtube.com\/channel\/UC7V2KZ5sd3htJivAbA4ZG3w"],"description":"Dicodusport est l'encyclop\u00e9die de l'actualit\u00e9 sportive.","email":"bonjour@dicodusport.fr","legalName":"DICODUSPORT","foundingDate":"2018-01-14","vatID":"FR71834470973","taxID":"83447097300043","numberOfEmployees":{"@type":"QuantitativeValue","minValue":"1","maxValue":"10"}},{"@type":"Person","@id":"https:\/\/dicodusport.fr\/blog\/#\/schema\/person\/55dcb50ad410894e431ed812bbb70191","name":"Nicolas Jacquemard","image":{"@type":"ImageObject","inLanguage":"fr-FR","@id":"https:\/\/dicodusport.fr\/blog\/#\/schema\/person\/image\/","url":"https:\/\/dicodusport.fr\/blog\/wp-content\/uploads\/2021\/05\/Nicolas-Jacquemard-150x150.jpeg","contentUrl":"https:\/\/dicodusport.fr\/blog\/wp-content\/uploads\/2021\/05\/Nicolas-Jacquemard-150x150.jpeg","caption":"Nicolas Jacquemard"},"description":"Passionn\u00e9 de sport et entrepreneur depuis mes 18 ans, la cr\u00e9ation de Dicodusport m'a sembl\u00e9 \u00e9vidente pour participer \u00e0 la m\u00e9diatisation d'un plus grand nombre de sports. Le chemin est long mais avec une \u00e9quipe des plus motiv\u00e9es et les Jeux Olympiques de Paris 2024 en point de mire, nous y arriverons ! Journaliste dans le monde du sport depuis plus de 5 ans, je traite aussi bien de football, de rugby, de biathlon que de cyclisme.","sameAs":["https:\/\/www.facebook.com\/dicodusport","https:\/\/x.com\/https:\/\/twitter.com\/Nico_Jacquemard"],"url":"https:\/\/dicodusport.fr\/blog\/author\/dicodusport\/"}]}},"_links":{"self":[{"href":"https:\/\/dicodusport.fr\/blog\/wp-json\/wp\/v2\/posts\/71882","targetHints":{"allow":["GET"]}}],"collection":[{"href":"https:\/\/dicodusport.fr\/blog\/wp-json\/wp\/v2\/posts"}],"about":[{"href":"https:\/\/dicodusport.fr\/blog\/wp-json\/wp\/v2\/types\/post"}],"author":[{"embeddable":true,"href":"https:\/\/dicodusport.fr\/blog\/wp-json\/wp\/v2\/users\/1"}],"replies":[{"embeddable":true,"href":"https:\/\/dicodusport.fr\/blog\/wp-json\/wp\/v2\/comments?post=71882"}],"version-history":[{"count":0,"href":"https:\/\/dicodusport.fr\/blog\/wp-json\/wp\/v2\/posts\/71882\/revisions"}],"wp:featuredmedia":[{"embeddable":true,"href":"https:\/\/dicodusport.fr\/blog\/wp-json\/wp\/v2\/media\/71895"}],"wp:attachment":[{"href":"https:\/\/dicodusport.fr\/blog\/wp-json\/wp\/v2\/media?parent=71882"}],"wp:term":[{"taxonomy":"category","embeddable":true,"href":"https:\/\/dicodusport.fr\/blog\/wp-json\/wp\/v2\/categories?post=71882"},{"taxonomy":"post_tag","embeddable":true,"href":"https:\/\/dicodusport.fr\/blog\/wp-json\/wp\/v2\/tags?post=71882"}],"curies":[{"name":"wp","href":"https:\/\/api.w.org\/{rel}","templated":true}]}}