{"id":72052,"date":"2020-08-27T11:30:22","date_gmt":"2020-08-27T09:30:22","guid":{"rendered":"http:\/\/dicodusport.fr\/blog\/?p=72052&#038;preview=true&#038;preview_id=72052"},"modified":"2020-08-28T18:03:10","modified_gmt":"2020-08-28T16:03:10","slug":"tour-de-france-2020-profil-des-21-etapes","status":"publish","type":"post","link":"https:\/\/dicodusport.fr\/blog\/tour-de-france-2020-profil-des-21-etapes\/","title":{"rendered":"Tour de France 2020 : Le profil des 21 \u00e9tapes"},"content":{"rendered":"<p style=\"text-align: justify;\"><em><strong>CYCLISME &#8211; Le <a href=\"https:\/\/dicodusport.fr\/blog\/actualites\/cyclisme\/tour-de-france-2020\/\" target=\"_blank\" rel=\"noopener noreferrer\">Tour de France 2020<\/a> d\u00e9butera le 29 ao\u00fbt prochain \u00e0 Nice, et s&rsquo;ach\u00e8vera sur les Champs-\u00c9lys\u00e9es \u00e0 Paris le 20 septembre. D\u00e9couvrez le profil des \u00e9tapes.<\/strong><\/em><\/p>\n<h2 style=\"text-align: justify;\"><strong><span style=\"font-size: 24px;\">1\u00e8re \u00e9tape : Nice &#8211; Nice (Samedi 29 ao\u00fbt)<\/span><\/strong><\/h2>\n<p style=\"text-align: justify;\">\u00c9tape de plaine d&rsquo;une distance de 156 km.<\/p>\n<div id=\"attachment_72075\" style=\"width: 745px\" class=\"wp-caption aligncenter\"><a href=\"http:\/\/dicodusport.fr\/blog\/wp-content\/uploads\/2020\/07\/Profil-de-la-1\u00e8re-\u00e9tape-du-Tour-de-France-2020.jpg\"><img loading=\"lazy\" decoding=\"async\" aria-describedby=\"caption-attachment-72075\" class=\"wp-image-72075 size-full\" src=\"http:\/\/dicodusport.fr\/blog\/wp-content\/uploads\/2020\/07\/Profil-de-la-1\u00e8re-\u00e9tape-du-Tour-de-France-2020-e1595233589438.jpg\" alt=\"\" width=\"735\" height=\"450\" \/><\/a><p id=\"caption-attachment-72075\" class=\"wp-caption-text\">Profil de la 1\u00e8re \u00e9tape du Tour de France 2020 &#8211; ASO Geoatlas<\/p><\/div>\n<p style=\"text-align: center;\"><a href=\"http:\/\/dicodusport.fr\/blog\/tour-de-france-2020-profil-des-21-etapes\/2\/#deux\" class=\"su-button su-button-style-flat\" style=\"color:#FFFFFF;background-color:#0057ae;border-color:#00468c;border-radius:4px\" target=\"_self\"><span style=\"color:#FFFFFF;padding:0px 22px;font-size:17px;line-height:34px;border-color:#4d8ac7;border-radius:4px;text-shadow:none\"> <strong>2\u00e8me \u00e9tape<\/strong><\/span><\/a><!--nextpage--><\/p>\n<h2 style=\"text-align: justify;\"><a id=\"deux\"><\/a><strong><span style=\"font-size: 24px;\">2\u00e8me \u00e9tape : Nice &#8211; Nice (Dimanche 30 ao\u00fbt)<\/span><\/strong><\/h2>\n<p style=\"text-align: justify;\">\u00c9tape de moyenne montagne d&rsquo;une distance de 186 km.<\/p>\n<div id=\"attachment_72055\" style=\"width: 745px\" class=\"wp-caption alignnone\"><a href=\"http:\/\/dicodusport.fr\/blog\/wp-content\/uploads\/2020\/07\/Profil-de-la-2\u00e8me-\u00e9tape-du-Tour-de-France-2020.jpg\"><img loading=\"lazy\" decoding=\"async\" aria-describedby=\"caption-attachment-72055\" class=\"wp-image-72055 size-full\" src=\"http:\/\/dicodusport.fr\/blog\/wp-content\/uploads\/2020\/07\/Profil-de-la-2\u00e8me-\u00e9tape-du-Tour-de-France-2020-e1595233729860.jpg\" alt=\"\" width=\"735\" height=\"454\" \/><\/a><p id=\"caption-attachment-72055\" class=\"wp-caption-text\">Profil de la 2\u00e8me \u00e9tape du Tour de France 2020 &#8211; ASO Geoatlas<\/p><\/div>\n<p style=\"text-align: center;\"><a href=\"http:\/\/dicodusport.fr\/blog\/tour-de-france-2020-profil-des-21-etapes\/3\/#trois\" class=\"su-button su-button-style-flat\" style=\"color:#FFFFFF;background-color:#0057ae;border-color:#00468c;border-radius:4px\" target=\"_self\"><span style=\"color:#FFFFFF;padding:0px 22px;font-size:17px;line-height:34px;border-color:#4d8ac7;border-radius:4px;text-shadow:none\"> <strong>3\u00e8me \u00e9tape<\/strong><\/span><\/a>\n<p><!--nextpage--><\/p>\n<h2 style=\"text-align: justify;\"><a id=\"trois\"><\/a><strong><span style=\"font-size: 24px;\">3\u00e8me \u00e9tape : Nice &#8211; Sisteron (Lundi 31 ao\u00fbt)<\/span><\/strong><\/h2>\n<p style=\"text-align: justify;\">\u00c9tape de plaine d&rsquo;une distance de 198 km.<\/p>\n<div id=\"attachment_72056\" style=\"width: 745px\" class=\"wp-caption aligncenter\"><a href=\"http:\/\/dicodusport.fr\/blog\/wp-content\/uploads\/2020\/07\/Profil-de-la-3\u00e8me-\u00e9tape-du-Tour-de-France-2020.jpg\"><img loading=\"lazy\" decoding=\"async\" aria-describedby=\"caption-attachment-72056\" class=\"wp-image-72056 size-full\" src=\"http:\/\/dicodusport.fr\/blog\/wp-content\/uploads\/2020\/07\/Profil-de-la-3\u00e8me-\u00e9tape-du-Tour-de-France-2020-e1595233911960.jpg\" alt=\"\" width=\"735\" height=\"442\" \/><\/a><p id=\"caption-attachment-72056\" class=\"wp-caption-text\">Profil de la 3\u00e8me \u00e9tape du Tour de France 2020 &#8211; ASO Geoatlas<\/p><\/div>\n<p style=\"text-align: center;\"><a href=\"http:\/\/dicodusport.fr\/blog\/tour-de-france-2020-profil-des-21-etapes\/4\/#quatre\" class=\"su-button su-button-style-flat\" style=\"color:#FFFFFF;background-color:#0057ae;border-color:#00468c;border-radius:4px\" target=\"_self\"><span style=\"color:#FFFFFF;padding:0px 22px;font-size:17px;line-height:34px;border-color:#4d8ac7;border-radius:4px;text-shadow:none\"> <strong>4\u00e8me \u00e9tape<\/strong><\/span><\/a>\n<hr \/>\n<ul>\n<li style=\"text-align: justify;\"><strong>\u00c0 lire aussi &#8211; <a href=\"https:\/\/dicodusport.fr\/blog\/tour-de-france-2020-programme-tv-complet\/\" target=\"_blank\" rel=\"noopener noreferrer\">Tour de France 2020 : Le programme TV complet<\/a><\/strong><\/li>\n<\/ul>\n<hr \/>\n<p><!--nextpage--><\/p>\n<h2 style=\"text-align: justify;\"><a id=\"quatre\"><\/a><strong><span style=\"font-size: 24px;\">4\u00e8me \u00e9tape : Sisteron &#8211; Orci\u00e8res-Merlette (Mardi 1er septembre)<\/span><\/strong><\/h2>\n<p>\u00c9tape de moyenne montagne d&rsquo;une distance de 160,5 km.<\/p>\n<div id=\"attachment_72057\" style=\"width: 745px\" class=\"wp-caption aligncenter\"><a href=\"http:\/\/dicodusport.fr\/blog\/wp-content\/uploads\/2020\/07\/Profil-de-la-4\u00e8me-\u00e9tape-du-Tour-de-France-2020.jpg\"><img loading=\"lazy\" decoding=\"async\" aria-describedby=\"caption-attachment-72057\" class=\"wp-image-72057 size-full\" src=\"http:\/\/dicodusport.fr\/blog\/wp-content\/uploads\/2020\/07\/Profil-de-la-4\u00e8me-\u00e9tape-du-Tour-de-France-2020-e1595234291228.jpg\" alt=\"\" width=\"735\" height=\"644\" \/><\/a><p id=\"caption-attachment-72057\" class=\"wp-caption-text\">Profil de la 4\u00e8me \u00e9tape du Tour de France 2020 &#8211; ASO Geoatlas<\/p><\/div>\n<p style=\"text-align: center;\"><a href=\"http:\/\/dicodusport.fr\/blog\/tour-de-france-2020-profil-des-21-etapes\/5\/#cinq\" class=\"su-button su-button-style-flat\" style=\"color:#FFFFFF;background-color:#0057ae;border-color:#00468c;border-radius:4px\" target=\"_self\"><span style=\"color:#FFFFFF;padding:0px 22px;font-size:17px;line-height:34px;border-color:#4d8ac7;border-radius:4px;text-shadow:none\"> <strong>5\u00e8me \u00e9tape<\/strong><\/span><\/a>\n<p><!--nextpage--><\/p>\n<h2 style=\"text-align: justify;\"><a id=\"cinq\"><\/a><strong><span style=\"font-size: 24px;\">5\u00e8me \u00e9tape : Gap &#8211; Privas (Mercredi 2 septembre)<\/span><\/strong><\/h2>\n<p style=\"text-align: justify;\">\u00c9tape de plaine d&rsquo;une distance de 183 km.<\/p>\n<div id=\"attachment_72058\" style=\"width: 745px\" class=\"wp-caption aligncenter\"><a href=\"http:\/\/dicodusport.fr\/blog\/wp-content\/uploads\/2020\/07\/Profil-de-la-5\u00e8me-\u00e9tape-du-Tour-de-France-2020.jpg\"><img loading=\"lazy\" decoding=\"async\" aria-describedby=\"caption-attachment-72058\" class=\"wp-image-72058 size-full\" src=\"http:\/\/dicodusport.fr\/blog\/wp-content\/uploads\/2020\/07\/Profil-de-la-5\u00e8me-\u00e9tape-du-Tour-de-France-2020-e1595234355492.jpg\" alt=\"\" width=\"735\" height=\"510\" \/><\/a><p id=\"caption-attachment-72058\" class=\"wp-caption-text\">Profil de la 5\u00e8me \u00e9tape du Tour de France 2020 &#8211; ASO Geoatlas<\/p><\/div>\n<p style=\"text-align: center;\"><a href=\"http:\/\/dicodusport.fr\/blog\/tour-de-france-2020-profil-des-21-etapes\/6\/#six\" class=\"su-button su-button-style-flat\" style=\"color:#FFFFFF;background-color:#0057ae;border-color:#00468c;border-radius:4px\" target=\"_self\"><span style=\"color:#FFFFFF;padding:0px 22px;font-size:17px;line-height:34px;border-color:#4d8ac7;border-radius:4px;text-shadow:none\"> <strong>6\u00e8me \u00e9tape<\/strong><\/span><\/a><!--nextpage--><\/p>\n<h2 style=\"text-align: justify;\"><a id=\"six\"><\/a><strong><span style=\"font-size: 24px;\">6\u00e8me \u00e9tape : Le Teil &#8211; Mont-Aigoual (Jeudi 3 septembre)<\/span><\/strong><\/h2>\n<p style=\"text-align: justify;\">\u00c9tape de moyenne montagne d&rsquo;une distance de 191 km.<\/p>\n<div id=\"attachment_72059\" style=\"width: 810px\" class=\"wp-caption aligncenter\"><a href=\"http:\/\/dicodusport.fr\/blog\/wp-content\/uploads\/2020\/07\/Profil-de-la-6\u00e8me-\u00e9tape-du-Tour-de-France-2020.jpg\"><img loading=\"lazy\" decoding=\"async\" aria-describedby=\"caption-attachment-72059\" class=\"wp-image-72059 size-full\" src=\"http:\/\/dicodusport.fr\/blog\/wp-content\/uploads\/2020\/07\/Profil-de-la-6\u00e8me-\u00e9tape-du-Tour-de-France-2020.jpg\" alt=\"\" width=\"800\" height=\"521\" srcset=\"https:\/\/dicodusport.fr\/blog\/wp-content\/uploads\/2020\/07\/Profil-de-la-6\u00e8me-\u00e9tape-du-Tour-de-France-2020.jpg 800w, https:\/\/dicodusport.fr\/blog\/wp-content\/uploads\/2020\/07\/Profil-de-la-6\u00e8me-\u00e9tape-du-Tour-de-France-2020-300x195.jpg 300w, https:\/\/dicodusport.fr\/blog\/wp-content\/uploads\/2020\/07\/Profil-de-la-6\u00e8me-\u00e9tape-du-Tour-de-France-2020-768x500.jpg 768w\" sizes=\"auto, (max-width: 800px) 100vw, 800px\" \/><\/a><p id=\"caption-attachment-72059\" class=\"wp-caption-text\">Profil de la 6\u00e8me \u00e9tape du Tour de France 2020 &#8211; ASO Geoatlas<\/p><\/div>\n<p style=\"text-align: center;\"><a href=\"http:\/\/dicodusport.fr\/blog\/tour-de-france-2020-profil-des-21-etapes\/7\/#sept\" class=\"su-button su-button-style-flat\" style=\"color:#FFFFFF;background-color:#0057ae;border-color:#00468c;border-radius:4px\" target=\"_self\"><span style=\"color:#FFFFFF;padding:0px 22px;font-size:17px;line-height:34px;border-color:#4d8ac7;border-radius:4px;text-shadow:none\"> <strong>7\u00e8me \u00e9tape<\/strong><\/span><\/a><!--nextpage--><\/p>\n<h2 style=\"text-align: justify;\"><a id=\"sept\"><\/a>7\u00e8me \u00e9tape : Millau &#8211; Lavaur (Vendredi 4 septembre)<\/h2>\n<p style=\"text-align: justify;\">\u00c9tape accident\u00e9e d&rsquo;une distance de 168 km.<\/p>\n<div id=\"attachment_72060\" style=\"width: 745px\" class=\"wp-caption aligncenter\"><a href=\"http:\/\/dicodusport.fr\/blog\/wp-content\/uploads\/2020\/07\/Profil-de-la-7\u00e8me-\u00e9tape-du-Tour-de-France-2020.jpg\"><img loading=\"lazy\" decoding=\"async\" aria-describedby=\"caption-attachment-72060\" class=\"wp-image-72060 size-full\" src=\"http:\/\/dicodusport.fr\/blog\/wp-content\/uploads\/2020\/07\/Profil-de-la-7\u00e8me-\u00e9tape-du-Tour-de-France-2020-e1595234551443.jpg\" alt=\"\" width=\"735\" height=\"453\" \/><\/a><p id=\"caption-attachment-72060\" class=\"wp-caption-text\">Profil de la 7\u00e8me \u00e9tape du Tour de France 2020 &#8211; ASO Geoatlas<\/p><\/div>\n<p style=\"text-align: center;\"><a href=\"http:\/\/dicodusport.fr\/blog\/tour-de-france-2020-profil-des-21-etapes\/8\/#huit\" class=\"su-button su-button-style-flat\" style=\"color:#FFFFFF;background-color:#0057ae;border-color:#00468c;border-radius:4px\" target=\"_self\"><span style=\"color:#FFFFFF;padding:0px 22px;font-size:17px;line-height:34px;border-color:#4d8ac7;border-radius:4px;text-shadow:none\"> <strong>8\u00e8me \u00e9tape<\/strong><\/span><\/a>\n<hr \/>\n<ul>\n<li style=\"text-align: justify;\"><strong>\u00c0 lire aussi &#8211; <a href=\"https:\/\/dicodusport.fr\/blog\/tour-de-france-2020-liste-des-engages\/\" target=\"_blank\" rel=\"noopener noreferrer\">Tour de France 2020 : La liste des engag\u00e9s<\/a><\/strong><\/li>\n<\/ul>\n<hr \/>\n<p><!--nextpage--><\/p>\n<h2 style=\"text-align: justify;\"><a id=\"huit\"><\/a>8\u00e8me \u00e9tape : Caz\u00e8res-sur-Garonne &#8211; Loudenvielle (Vendredi 5 septembre)<\/h2>\n<p style=\"text-align: justify;\">\u00c9tape de haute-montagne d&rsquo;une distance de 141 km.<\/p>\n<div id=\"attachment_72061\" style=\"width: 810px\" class=\"wp-caption aligncenter\"><a href=\"http:\/\/dicodusport.fr\/blog\/wp-content\/uploads\/2020\/07\/Profil-de-la-8\u00e8me-\u00e9tape-du-Tour-de-France-2020.jpg\"><img loading=\"lazy\" decoding=\"async\" aria-describedby=\"caption-attachment-72061\" class=\"wp-image-72061 size-full\" src=\"http:\/\/dicodusport.fr\/blog\/wp-content\/uploads\/2020\/07\/Profil-de-la-8\u00e8me-\u00e9tape-du-Tour-de-France-2020.jpg\" alt=\"\" width=\"800\" height=\"543\" srcset=\"https:\/\/dicodusport.fr\/blog\/wp-content\/uploads\/2020\/07\/Profil-de-la-8\u00e8me-\u00e9tape-du-Tour-de-France-2020.jpg 800w, https:\/\/dicodusport.fr\/blog\/wp-content\/uploads\/2020\/07\/Profil-de-la-8\u00e8me-\u00e9tape-du-Tour-de-France-2020-300x204.jpg 300w, https:\/\/dicodusport.fr\/blog\/wp-content\/uploads\/2020\/07\/Profil-de-la-8\u00e8me-\u00e9tape-du-Tour-de-France-2020-768x521.jpg 768w\" sizes=\"auto, (max-width: 800px) 100vw, 800px\" \/><\/a><p id=\"caption-attachment-72061\" class=\"wp-caption-text\">Profil de la 8\u00e8me \u00e9tape du Tour de France 2020 &#8211; ASO Geoatlas<\/p><\/div>\n<p style=\"text-align: center;\"><a href=\"http:\/\/dicodusport.fr\/blog\/tour-de-france-2020-profil-des-21-etapes\/9\/#neuf\" class=\"su-button su-button-style-flat\" style=\"color:#FFFFFF;background-color:#0057ae;border-color:#00468c;border-radius:4px\" target=\"_self\"><span style=\"color:#FFFFFF;padding:0px 22px;font-size:17px;line-height:34px;border-color:#4d8ac7;border-radius:4px;text-shadow:none\"> <strong>9\u00e8me \u00e9tape<\/strong><\/span><\/a>\n<p><!--nextpage--><\/p>\n<h2 style=\"text-align: justify;\"><a id=\"neuf\"><\/a>9\u00e8me \u00e9tape : Pau &#8211; Laruns (Dimanche 6 septembre)<\/h2>\n<p style=\"text-align: justify;\">\u00c9tape de montagne d&rsquo;une distance de 153 km.<\/p>\n<div id=\"attachment_72062\" style=\"width: 745px\" class=\"wp-caption aligncenter\"><a href=\"http:\/\/dicodusport.fr\/blog\/wp-content\/uploads\/2020\/07\/Profil-de-la-9\u00e8me-\u00e9tape-du-Tour-de-France-2020.jpg\"><img loading=\"lazy\" decoding=\"async\" aria-describedby=\"caption-attachment-72062\" class=\"wp-image-72062 size-full\" src=\"http:\/\/dicodusport.fr\/blog\/wp-content\/uploads\/2020\/07\/Profil-de-la-9\u00e8me-\u00e9tape-du-Tour-de-France-2020-e1595234681330.jpg\" alt=\"\" width=\"735\" height=\"566\" \/><\/a><p id=\"caption-attachment-72062\" class=\"wp-caption-text\">Profil de la 9\u00e8me \u00e9tape du Tour de France 2020 &#8211; ASO Geoatlas<\/p><\/div>\n<p style=\"text-align: center;\"><a href=\"http:\/\/dicodusport.fr\/blog\/tour-de-france-2020-profil-des-21-etapes\/10\/#dix\" class=\"su-button su-button-style-flat\" style=\"color:#FFFFFF;background-color:#0057ae;border-color:#00468c;border-radius:4px\" target=\"_self\"><span style=\"color:#FFFFFF;padding:0px 22px;font-size:17px;line-height:34px;border-color:#4d8ac7;border-radius:4px;text-shadow:none\"> <strong>10\u00e8me \u00e9tape<\/strong><\/span><\/a>\n<p style=\"text-align: center;\"><!--nextpage--><\/p>\n<h2 style=\"text-align: justify;\"><a id=\"dix\"><\/a>10\u00e8me \u00e9tape : \u00cele d&rsquo;Ol\u00e9ron &#8211; \u00cele de R\u00e9 (Mardi 8 septembre)<\/h2>\n<p style=\"text-align: justify;\">\u00c9tape de plaine d&rsquo;une distance de 168,5 km.<\/p>\n<div id=\"attachment_72063\" style=\"width: 745px\" class=\"wp-caption aligncenter\"><a href=\"http:\/\/dicodusport.fr\/blog\/wp-content\/uploads\/2020\/07\/Profil-de-la-10\u00e8me-\u00e9tape-du-Tour-de-France-2020.jpg\"><img loading=\"lazy\" decoding=\"async\" aria-describedby=\"caption-attachment-72063\" class=\"wp-image-72063 size-full\" src=\"http:\/\/dicodusport.fr\/blog\/wp-content\/uploads\/2020\/07\/Profil-de-la-10\u00e8me-\u00e9tape-du-Tour-de-France-2020-e1595235357660.jpg\" alt=\"\" width=\"735\" height=\"485\" \/><\/a><p id=\"caption-attachment-72063\" class=\"wp-caption-text\">Profil de la 10\u00e8me \u00e9tape du Tour de France 2020 &#8211; ASO Geoatlas<\/p><\/div>\n<p style=\"text-align: center;\"><a href=\"http:\/\/dicodusport.fr\/blog\/tour-de-france-2020-profil-des-21-etapes\/11\/#onze\" class=\"su-button su-button-style-flat\" style=\"color:#FFFFFF;background-color:#0057ae;border-color:#00468c;border-radius:4px\" target=\"_self\"><span style=\"color:#FFFFFF;padding:0px 22px;font-size:17px;line-height:34px;border-color:#4d8ac7;border-radius:4px;text-shadow:none\"> <strong>11\u00e8me \u00e9tape<\/strong><\/span><\/a>\n<p><!--nextpage--><\/p>\n<h2 style=\"text-align: justify;\"><a id=\"onze\"><\/a>11\u00e8me \u00e9tape : Ch\u00e2telaillon-Plage &#8211; Poitiers (Mercredi 9 septembre)<\/h2>\n<p style=\"text-align: justify;\">\u00c9tape de plaine d&rsquo;une distance de 167,5 km.<\/p>\n<div id=\"attachment_72064\" style=\"width: 745px\" class=\"wp-caption aligncenter\"><a href=\"http:\/\/dicodusport.fr\/blog\/wp-content\/uploads\/2020\/07\/Profil-de-la-11\u00e8me-\u00e9tape-du-Tour-de-France-2020.jpg\"><img loading=\"lazy\" decoding=\"async\" aria-describedby=\"caption-attachment-72064\" class=\"wp-image-72064 size-full\" src=\"http:\/\/dicodusport.fr\/blog\/wp-content\/uploads\/2020\/07\/Profil-de-la-11\u00e8me-\u00e9tape-du-Tour-de-France-2020-e1595235442447.jpg\" alt=\"\" width=\"735\" height=\"379\" \/><\/a><p id=\"caption-attachment-72064\" class=\"wp-caption-text\">Profil de la 11\u00e8me \u00e9tape du Tour de France 2020 &#8211; ASO Geoatlas<\/p><\/div>\n<p style=\"text-align: center;\"><a href=\"http:\/\/dicodusport.fr\/blog\/tour-de-france-2020-profil-des-21-etapes\/12\/#douze\" class=\"su-button su-button-style-flat\" style=\"color:#FFFFFF;background-color:#0057ae;border-color:#00468c;border-radius:4px\" target=\"_self\"><span style=\"color:#FFFFFF;padding:0px 22px;font-size:17px;line-height:34px;border-color:#4d8ac7;border-radius:4px;text-shadow:none\"> <strong>12\u00e8me \u00e9tape<\/strong><\/span><\/a><!--nextpage--><\/p>\n<h2 style=\"text-align: justify;\"><a id=\"douze\"><\/a>12\u00e8me \u00e9tape : Chauvigny &#8211; Sarran (Jeudi 10 septembre)<\/h2>\n<p style=\"text-align: justify;\">\u00c9tape accident\u00e9e d&rsquo;une distance de 218 km.<\/p>\n<div id=\"attachment_72065\" style=\"width: 745px\" class=\"wp-caption aligncenter\"><a href=\"http:\/\/dicodusport.fr\/blog\/wp-content\/uploads\/2020\/07\/Profil-de-la-12\u00e8me-\u00e9tape-du-Tour-de-France-2020.jpg\"><img loading=\"lazy\" decoding=\"async\" aria-describedby=\"caption-attachment-72065\" class=\"wp-image-72065 size-full\" src=\"http:\/\/dicodusport.fr\/blog\/wp-content\/uploads\/2020\/07\/Profil-de-la-12\u00e8me-\u00e9tape-du-Tour-de-France-2020-e1595235646545.jpg\" alt=\"\" width=\"735\" height=\"410\" \/><\/a><p id=\"caption-attachment-72065\" class=\"wp-caption-text\">Profil de la 12\u00e8me \u00e9tape du Tour de France 2020 &#8211; ASO Geoatlas<\/p><\/div>\n<p style=\"text-align: center;\"><a href=\"http:\/\/dicodusport.fr\/blog\/tour-de-france-2020-profil-des-21-etapes\/13\/#treize\" class=\"su-button su-button-style-flat\" style=\"color:#FFFFFF;background-color:#0057ae;border-color:#00468c;border-radius:4px\" target=\"_self\"><span style=\"color:#FFFFFF;padding:0px 22px;font-size:17px;line-height:34px;border-color:#4d8ac7;border-radius:4px;text-shadow:none\"> <strong>13\u00e8me \u00e9tape<\/strong><\/span><\/a><!--nextpage--><\/p>\n<h2 style=\"text-align: justify;\"><a id=\"treize\"><\/a>13\u00e8me \u00e9tape : Ch\u00e2tel-Guyon &#8211; Puy Mary (Vendredi 11 septembre)<\/h2>\n<p style=\"text-align: justify;\">\u00c9tape de moyenne montagne d&rsquo;une distance de 191,5 km.<\/p>\n<div id=\"attachment_72066\" style=\"width: 745px\" class=\"wp-caption aligncenter\"><a href=\"http:\/\/dicodusport.fr\/blog\/wp-content\/uploads\/2020\/07\/Profil-de-la-13\u00e8me-\u00e9tape-du-Tour-de-France-2020.jpg\"><img loading=\"lazy\" decoding=\"async\" aria-describedby=\"caption-attachment-72066\" class=\"wp-image-72066 size-full\" src=\"http:\/\/dicodusport.fr\/blog\/wp-content\/uploads\/2020\/07\/Profil-de-la-13\u00e8me-\u00e9tape-du-Tour-de-France-2020-e1595235793907.jpg\" alt=\"\" width=\"735\" height=\"576\" \/><\/a><p id=\"caption-attachment-72066\" class=\"wp-caption-text\">Profil de la 13\u00e8me \u00e9tape du Tour de France 2020 &#8211; ASO Geoatlas<\/p><\/div>\n<p style=\"text-align: center;\"><a href=\"http:\/\/dicodusport.fr\/blog\/tour-de-france-2020-profil-des-21-etapes\/14\/#quatorze\" class=\"su-button su-button-style-flat\" style=\"color:#FFFFFF;background-color:#0057ae;border-color:#00468c;border-radius:4px\" target=\"_self\"><span style=\"color:#FFFFFF;padding:0px 22px;font-size:17px;line-height:34px;border-color:#4d8ac7;border-radius:4px;text-shadow:none\"> <strong>14\u00e8me \u00e9tape<\/strong><\/span><\/a>\n<p><!--nextpage--><\/p>\n<h2 style=\"text-align: justify;\"><a id=\"quatorze\"><\/a>14\u00e8me \u00e9tape : Clermont-Ferrand &#8211; Lyon (Samedi 12 septembre)<\/h2>\n<p style=\"text-align: justify;\">\u00c9tape de moyenne montagne longue de 194 km.<\/p>\n<div id=\"attachment_72067\" style=\"width: 745px\" class=\"wp-caption aligncenter\"><a href=\"http:\/\/dicodusport.fr\/blog\/wp-content\/uploads\/2020\/07\/Profil-de-la-14\u00e8me-\u00e9tape-du-Tour-de-France-2020.jpg\"><img loading=\"lazy\" decoding=\"async\" aria-describedby=\"caption-attachment-72067\" class=\"wp-image-72067 size-full\" src=\"http:\/\/dicodusport.fr\/blog\/wp-content\/uploads\/2020\/07\/Profil-de-la-14\u00e8me-\u00e9tape-du-Tour-de-France-2020-e1595235881157.jpg\" alt=\"\" width=\"735\" height=\"491\" \/><\/a><p id=\"caption-attachment-72067\" class=\"wp-caption-text\">Profil de la 14\u00e8me \u00e9tape du Tour de France 2020 &#8211; ASO Geoatlas<\/p><\/div>\n<p style=\"text-align: center;\"><a href=\"http:\/\/dicodusport.fr\/blog\/tour-de-france-2020-profil-des-21-etapes\/15\/#quinze\" class=\"su-button su-button-style-flat\" style=\"color:#FFFFFF;background-color:#0057ae;border-color:#00468c;border-radius:4px\" target=\"_self\"><span style=\"color:#FFFFFF;padding:0px 22px;font-size:17px;line-height:34px;border-color:#4d8ac7;border-radius:4px;text-shadow:none\"> <strong>15\u00e8me \u00e9tape<\/strong><\/span><\/a>\n<hr \/>\n<ul>\n<li style=\"text-align: justify;\"><strong>\u00c0 lire aussi &#8211; <a href=\"https:\/\/dicodusport.fr\/blog\/tour-de-france-2020-39-coureurs-francais-au-depart\/\" target=\"_blank\" rel=\"noopener noreferrer\">Tour de France 2020 : les 39 coureurs fran\u00e7ais au d\u00e9part<\/a><\/strong><\/li>\n<\/ul>\n<hr \/>\n<p><!--nextpage--><\/p>\n<h2 style=\"text-align: justify;\"><a id=\"quinze\"><\/a>15\u00e8me \u00e9tape : Lyon &#8211; Grand Colombier (Dimanche 13 septembre)<\/h2>\n<p style=\"text-align: justify;\">\u00c9tape de haute-montagne d&rsquo;une distance de 174,5 km.<\/p>\n<div id=\"attachment_72068\" style=\"width: 745px\" class=\"wp-caption aligncenter\"><a href=\"http:\/\/dicodusport.fr\/blog\/wp-content\/uploads\/2020\/07\/Profil-de-la-15\u00e8me-\u00e9tape-du-Tour-de-France-2020.jpg\"><img loading=\"lazy\" decoding=\"async\" aria-describedby=\"caption-attachment-72068\" class=\"wp-image-72068 size-full\" src=\"http:\/\/dicodusport.fr\/blog\/wp-content\/uploads\/2020\/07\/Profil-de-la-15\u00e8me-\u00e9tape-du-Tour-de-France-2020-e1595235968925.jpg\" alt=\"\" width=\"735\" height=\"605\" \/><\/a><p id=\"caption-attachment-72068\" class=\"wp-caption-text\">Profil de la 15\u00e8me \u00e9tape du Tour de France 2020 &#8211; ASO Geoatlas<\/p><\/div>\n<p style=\"text-align: center;\"><a href=\"http:\/\/dicodusport.fr\/blog\/tour-de-france-2020-profil-des-21-etapes\/16\/#seize\" class=\"su-button su-button-style-flat\" style=\"color:#FFFFFF;background-color:#0057ae;border-color:#00468c;border-radius:4px\" target=\"_self\"><span style=\"color:#FFFFFF;padding:0px 22px;font-size:17px;line-height:34px;border-color:#4d8ac7;border-radius:4px;text-shadow:none\"> <strong>16\u00e8me \u00e9tape<\/strong><\/span><\/a>\n<p><!--nextpage--><\/p>\n<h2 style=\"text-align: justify;\"><a id=\"seize\"><\/a>16\u00e8me \u00e9tape : La Tour-du-Pin &#8211; Villard-de-Lans (Mardi 15 septembre)<\/h2>\n<p style=\"text-align: justify;\">\u00c9tape de haute-montagne d&rsquo;une distance de 164 km.<\/p>\n<div id=\"attachment_72069\" style=\"width: 745px\" class=\"wp-caption aligncenter\"><a href=\"http:\/\/dicodusport.fr\/blog\/wp-content\/uploads\/2020\/07\/Profil-de-la-16\u00e8me-\u00e9tape-du-Tour-de-France-2020.jpg\"><img loading=\"lazy\" decoding=\"async\" aria-describedby=\"caption-attachment-72069\" class=\"wp-image-72069 size-full\" src=\"http:\/\/dicodusport.fr\/blog\/wp-content\/uploads\/2020\/07\/Profil-de-la-16\u00e8me-\u00e9tape-du-Tour-de-France-2020-e1595236104861.jpg\" alt=\"\" width=\"735\" height=\"720\" \/><\/a><p id=\"caption-attachment-72069\" class=\"wp-caption-text\">Profil de la 16\u00e8me \u00e9tape du Tour de France 2020 &#8211; ASO Geoatlas<\/p><\/div>\n<p style=\"text-align: center;\"><a href=\"http:\/\/dicodusport.fr\/blog\/tour-de-france-2020-profil-des-21-etapes\/17\/#dixsept\" class=\"su-button su-button-style-flat\" style=\"color:#FFFFFF;background-color:#0057ae;border-color:#00468c;border-radius:4px\" target=\"_self\"><span style=\"color:#FFFFFF;padding:0px 22px;font-size:17px;line-height:34px;border-color:#4d8ac7;border-radius:4px;text-shadow:none\"> <strong>17\u00e8me \u00e9tape<\/strong><\/span><\/a>\n<p><!--nextpage--><\/p>\n<h2 style=\"text-align: justify;\"><a id=\"dixsept\"><\/a>17\u00e8me \u00e9tape : Grenoble &#8211; M\u00e9ribel Col de la Loze (Mercredi 16 septembre)<\/h2>\n<p style=\"text-align: justify;\">\u00c9tape de haute-montagne d&rsquo;une distance de 170 km.<\/p>\n<div id=\"attachment_72070\" style=\"width: 745px\" class=\"wp-caption aligncenter\"><a href=\"http:\/\/dicodusport.fr\/blog\/wp-content\/uploads\/2020\/07\/Profil-de-la-17\u00e8me-\u00e9tape-du-Tour-de-France-2020.jpg\"><img loading=\"lazy\" decoding=\"async\" aria-describedby=\"caption-attachment-72070\" class=\"wp-image-72070 size-full\" src=\"http:\/\/dicodusport.fr\/blog\/wp-content\/uploads\/2020\/07\/Profil-de-la-17\u00e8me-\u00e9tape-du-Tour-de-France-2020-e1595236240974.jpg\" alt=\"\" width=\"735\" height=\"681\" \/><\/a><p id=\"caption-attachment-72070\" class=\"wp-caption-text\">Profil de la 17\u00e8me \u00e9tape du Tour de France 2020 &#8211; ASO Geoatlas<\/p><\/div>\n<p style=\"text-align: center;\"><a href=\"http:\/\/dicodusport.fr\/blog\/tour-de-france-2020-profil-des-21-etapes\/18\/#dixhuit\" class=\"su-button su-button-style-flat\" style=\"color:#FFFFFF;background-color:#0057ae;border-color:#00468c;border-radius:4px\" target=\"_self\"><span style=\"color:#FFFFFF;padding:0px 22px;font-size:17px;line-height:34px;border-color:#4d8ac7;border-radius:4px;text-shadow:none\"> <strong>18\u00e8me \u00e9tape<\/strong><\/span><\/a><!--nextpage--><\/p>\n<h2 style=\"text-align: justify;\"><a id=\"dixhuit\"><\/a>18\u00e8me \u00e9tape : M\u00e9ribel &#8211; La Roche-sur-Foron (Jeudi 17 septembre)<\/h2>\n<p style=\"text-align: justify;\">\u00c9tape de haute-montagne d&rsquo;une distance de 167,5 km.<\/p>\n<div id=\"attachment_72071\" style=\"width: 745px\" class=\"wp-caption aligncenter\"><a href=\"http:\/\/dicodusport.fr\/blog\/wp-content\/uploads\/2020\/07\/Profil-de-la-18\u00e8me-\u00e9tape-du-Tour-de-France-2020.jpg\"><img loading=\"lazy\" decoding=\"async\" aria-describedby=\"caption-attachment-72071\" class=\"wp-image-72071 size-full\" src=\"http:\/\/dicodusport.fr\/blog\/wp-content\/uploads\/2020\/07\/Profil-de-la-18\u00e8me-\u00e9tape-du-Tour-de-France-2020-e1595236322371.jpg\" alt=\"\" width=\"735\" height=\"595\" \/><\/a><p id=\"caption-attachment-72071\" class=\"wp-caption-text\">Profil de la 18\u00e8me \u00e9tape du Tour de France 2020 &#8211; ASO Geoatlas<\/p><\/div>\n<p style=\"text-align: center;\"><a href=\"http:\/\/dicodusport.fr\/blog\/tour-de-france-2020-profil-des-21-etapes\/19\/#dixneuf\" class=\"su-button su-button-style-flat\" style=\"color:#FFFFFF;background-color:#0057ae;border-color:#00468c;border-radius:4px\" target=\"_self\"><span style=\"color:#FFFFFF;padding:0px 22px;font-size:17px;line-height:34px;border-color:#4d8ac7;border-radius:4px;text-shadow:none\"> <strong>19\u00e8me \u00e9tape<\/strong><\/span><\/a><!--nextpage--><\/p>\n<h2 style=\"text-align: justify;\"><a id=\"dixneuf\"><\/a>19\u00e8me \u00e9tape : Bourg-en-Bresse &#8211; Champagnole (Vendredi 18 septembre)<\/h2>\n<p style=\"text-align: justify;\">\u00c9tape accident\u00e9e d&rsquo;une distance de 166,5 km.<\/p>\n<div id=\"attachment_72072\" style=\"width: 745px\" class=\"wp-caption aligncenter\"><a href=\"http:\/\/dicodusport.fr\/blog\/wp-content\/uploads\/2020\/07\/Profil-de-la-19\u00e8me-\u00e9tape-du-Tour-de-France-2020.jpg\"><img loading=\"lazy\" decoding=\"async\" aria-describedby=\"caption-attachment-72072\" class=\"wp-image-72072 size-full\" src=\"http:\/\/dicodusport.fr\/blog\/wp-content\/uploads\/2020\/07\/Profil-de-la-19\u00e8me-\u00e9tape-du-Tour-de-France-2020-e1595236607827.jpg\" alt=\"\" width=\"735\" height=\"492\" \/><\/a><p id=\"caption-attachment-72072\" class=\"wp-caption-text\">Profil de la 19\u00e8me \u00e9tape du Tour de France 2020 &#8211; ASO Geoatlas<\/p><\/div>\n<p style=\"text-align: center;\"><a href=\"http:\/\/dicodusport.fr\/blog\/tour-de-france-2020-profil-des-21-etapes\/20\/#vingt\" class=\"su-button su-button-style-flat\" style=\"color:#FFFFFF;background-color:#0057ae;border-color:#00468c;border-radius:4px\" target=\"_self\"><span style=\"color:#FFFFFF;padding:0px 22px;font-size:17px;line-height:34px;border-color:#4d8ac7;border-radius:4px;text-shadow:none\"> <strong>20\u00e8me \u00e9tape<\/strong><\/span><\/a>\n<p><!--nextpage--><\/p>\n<h2 style=\"text-align: justify;\"><a id=\"vingt\"><\/a>20\u00e8me \u00e9tape &#8211; CLM Individuel : Lure &#8211; La Planche des Belles Filles (Samedi 19 septembre)<\/h2>\n<p style=\"text-align: justify;\">CLM en moyenne montagne d&rsquo;une distance de 36,2 km.<\/p>\n<div id=\"attachment_72073\" style=\"width: 745px\" class=\"wp-caption aligncenter\"><a href=\"http:\/\/dicodusport.fr\/blog\/wp-content\/uploads\/2020\/07\/Profil-de-la-20\u00e8me-\u00e9tape-du-Tour-de-France-2020.jpg\"><img loading=\"lazy\" decoding=\"async\" aria-describedby=\"caption-attachment-72073\" class=\"wp-image-72073 size-full\" src=\"http:\/\/dicodusport.fr\/blog\/wp-content\/uploads\/2020\/07\/Profil-de-la-20\u00e8me-\u00e9tape-du-Tour-de-France-2020-e1595236743195.jpg\" alt=\"\" width=\"735\" height=\"729\" \/><\/a><p id=\"caption-attachment-72073\" class=\"wp-caption-text\">Profil de la 20\u00e8me \u00e9tape du Tour de France 2020 &#8211; ASO Geoatlas<\/p><\/div>\n<p style=\"text-align: center;\"><a href=\"http:\/\/dicodusport.fr\/blog\/tour-de-france-2020-profil-des-21-etapes\/21\/#vingtetun\" class=\"su-button su-button-style-flat\" style=\"color:#FFFFFF;background-color:#0057ae;border-color:#00468c;border-radius:4px\" target=\"_self\"><span style=\"color:#FFFFFF;padding:0px 22px;font-size:17px;line-height:34px;border-color:#4d8ac7;border-radius:4px;text-shadow:none\"> <strong>21\u00e8me \u00e9tape<\/strong><\/span><\/a>\n<p><!--nextpage--><\/p>\n<h2 style=\"text-align: justify;\"><a id=\"neuf\"><\/a>21\u00e8me \u00e9tape : Mantes-la-Jolie &#8211; Paris Champs-\u00c9lys\u00e9es (Dimanche 20 septembre)<\/h2>\n<p style=\"text-align: justify;\">\u00c9tape de plaine longue de 122,5 km.<\/p>\n<div id=\"attachment_72074\" style=\"width: 745px\" class=\"wp-caption aligncenter\"><a href=\"http:\/\/dicodusport.fr\/blog\/wp-content\/uploads\/2020\/07\/Profil-de-la-21\u00e8me-\u00e9tape-du-Tour-de-France-2020.jpg\"><img loading=\"lazy\" decoding=\"async\" aria-describedby=\"caption-attachment-72074\" class=\"wp-image-72074 size-full\" src=\"http:\/\/dicodusport.fr\/blog\/wp-content\/uploads\/2020\/07\/Profil-de-la-21\u00e8me-\u00e9tape-du-Tour-de-France-2020-e1595236830463.jpg\" alt=\"\" width=\"735\" height=\"434\" \/><\/a><p id=\"caption-attachment-72074\" class=\"wp-caption-text\">Profil de la 21\u00e8me \u00e9tape du Tour de France 2020 &#8211; ASO Geoatlas<\/p><\/div>\n<p style=\"text-align: center;\"><a href=\"http:\/\/dicodusport.fr\/blog\/tour-de-france-2020-profil-des-21-etapes\/\" class=\"su-button su-button-style-flat\" style=\"color:#FFFFFF;background-color:#0057ae;border-color:#00468c;border-radius:4px\" target=\"_self\"><span style=\"color:#FFFFFF;padding:0px 22px;font-size:17px;line-height:34px;border-color:#4d8ac7;border-radius:4px;text-shadow:none\"> <strong>Revenir au d\u00e9but<\/strong><\/span><\/a>\n<p><strong><em>Dicodusport<br \/>\n<a href=\"https:\/\/www.facebook.com\/dicodusport\/\" target=\"_blank\" rel=\"noopener noreferrer\"><img loading=\"lazy\" decoding=\"async\" class=\"alignnone wp-image-2909\" src=\"http:\/\/dicodusport.fr\/blog\/wp-content\/uploads\/2017\/07\/logo-facebook-150x150.png\" alt=\"\" width=\"40\" height=\"40\" \/><\/a><a href=\"https:\/\/twitter.com\/dicodusport\" target=\"_blank\" rel=\"noopener noreferrer\"><img loading=\"lazy\" decoding=\"async\" class=\"alignnone wp-image-2908\" src=\"http:\/\/dicodusport.fr\/blog\/wp-content\/uploads\/2017\/07\/logo-twitter-150x150.png\" alt=\"\" width=\"39\" height=\"39\" \/><\/a><\/em><\/strong><\/p>\n","protected":false},"excerpt":{"rendered":"<p>CYCLISME &#8211; Le Tour de France 2020 d\u00e9butera le 29 ao\u00fbt prochain \u00e0 Nice, et s&rsquo;ach\u00e8vera sur les Champs-\u00c9lys\u00e9es \u00e0 Paris le 20 septembre. D\u00e9couvrez le profil des \u00e9tapes.<\/p>\n","protected":false},"author":4,"featured_media":75751,"comment_status":"open","ping_status":"closed","sticky":false,"template":"","format":"standard","meta":{"_acf_changed":false,"_daextam_enable_autolinks":"","footnotes":""},"categories":[46995],"tags":[574],"class_list":["post-72052","post","type-post","status-publish","format-standard","has-post-thumbnail","hentry","category-tour-de-france","tag-cyclisme"],"acf":[],"yoast_head":"<!-- This site is optimized with the Yoast SEO Premium plugin v26.7 (Yoast SEO v26.7) - https:\/\/yoast.com\/wordpress\/plugins\/seo\/ -->\n<title>Tour de France 2020 : Le profil des 21 \u00e9tapes<\/title>\n<meta name=\"description\" content=\"CYCLISME - Le Tour de France 2020 d\u00e9butera le 29 ao\u00fbt prochain \u00e0 Nice. D\u00e9couvrez le profil des 21 \u00e9tapes.\" \/>\n<meta name=\"robots\" content=\"index, follow, max-snippet:-1, max-image-preview:large, max-video-preview:-1\" \/>\n<link rel=\"canonical\" href=\"https:\/\/dicodusport.fr\/blog\/tour-de-france-2020-profil-des-21-etapes\/\" \/>\n<link rel=\"next\" href=\"https:\/\/dicodusport.fr\/blog\/tour-de-france-2020-profil-des-21-etapes\/2\/\" \/>\n<meta property=\"og:locale\" content=\"fr_FR\" \/>\n<meta property=\"og:type\" content=\"article\" \/>\n<meta property=\"og:title\" content=\"Tour de France 2020 : Le profil des 21 \u00e9tapes\" \/>\n<meta property=\"og:description\" content=\"CYCLISME - Le Tour de France 2020 d\u00e9butera le 29 ao\u00fbt prochain \u00e0 Nice. D\u00e9couvrez le profil des 21 \u00e9tapes.\" \/>\n<meta property=\"og:url\" content=\"https:\/\/dicodusport.fr\/blog\/tour-de-france-2020-profil-des-21-etapes\/\" \/>\n<meta property=\"og:site_name\" content=\"Dicodusport\" \/>\n<meta property=\"article:publisher\" content=\"https:\/\/www.facebook.com\/dicodusport\" \/>\n<meta property=\"article:author\" content=\"https:\/\/www.facebook.com\/florent.ostermann\" \/>\n<meta property=\"article:published_time\" content=\"2020-08-27T09:30:22+00:00\" \/>\n<meta property=\"article:modified_time\" content=\"2020-08-28T16:03:10+00:00\" \/>\n<meta property=\"og:image\" content=\"https:\/\/dicodusport.fr\/blog\/wp-content\/uploads\/2020\/07\/Tour-de-France-2020-Le-profil-des-21-\u00e9tapes.png\" \/>\n\t<meta property=\"og:image:width\" content=\"1200\" \/>\n\t<meta property=\"og:image:height\" content=\"670\" \/>\n\t<meta property=\"og:image:type\" content=\"image\/png\" \/>\n<meta name=\"author\" content=\"Flo Ostermann\" \/>\n<meta name=\"twitter:card\" content=\"summary_large_image\" \/>\n<meta name=\"twitter:title\" content=\"Tour de France 2020 : Le profil des 21 \u00e9tapes\" \/>\n<meta name=\"twitter:creator\" content=\"@https:\/\/twitter.com\/FlOstermann\" \/>\n<meta name=\"twitter:site\" content=\"@dicodusport\" \/>\n<script type=\"application\/ld+json\" class=\"yoast-schema-graph\">{\"@context\":\"https:\/\/schema.org\",\"@graph\":[{\"@type\":\"NewsArticle\",\"@id\":\"https:\/\/dicodusport.fr\/blog\/tour-de-france-2020-profil-des-21-etapes\/#article\",\"isPartOf\":{\"@id\":\"https:\/\/dicodusport.fr\/blog\/tour-de-france-2020-profil-des-21-etapes\/\"},\"author\":{\"name\":\"Flo Ostermann\",\"@id\":\"https:\/\/dicodusport.fr\/blog\/#\/schema\/person\/cb02af4c173ce4a653b55e9baf388d4a\"},\"headline\":\"Tour de France 2020 : Le profil des 21 \u00e9tapes\",\"datePublished\":\"2020-08-27T09:30:22+00:00\",\"dateModified\":\"2020-08-28T16:03:10+00:00\",\"mainEntityOfPage\":{\"@id\":\"https:\/\/dicodusport.fr\/blog\/tour-de-france-2020-profil-des-21-etapes\/\"},\"wordCount\":1265,\"commentCount\":0,\"publisher\":{\"@id\":\"https:\/\/dicodusport.fr\/blog\/#organization\"},\"image\":{\"@id\":\"https:\/\/dicodusport.fr\/blog\/tour-de-france-2020-profil-des-21-etapes\/#primaryimage\"},\"thumbnailUrl\":\"https:\/\/dicodusport.fr\/blog\/wp-content\/uploads\/2020\/07\/Tour-de-France-2020-Le-profil-des-21-\u00e9tapes.png\",\"keywords\":[\"Cyclisme\"],\"articleSection\":[\"Tour de France\"],\"inLanguage\":\"fr-FR\",\"potentialAction\":[{\"@type\":\"CommentAction\",\"name\":\"Comment\",\"target\":[\"https:\/\/dicodusport.fr\/blog\/tour-de-france-2020-profil-des-21-etapes\/#respond\"]}],\"copyrightYear\":\"2020\",\"copyrightHolder\":{\"@id\":\"https:\/\/dicodusport.fr\/blog\/#organization\"}},{\"@type\":\"WebPage\",\"@id\":\"https:\/\/dicodusport.fr\/blog\/tour-de-france-2020-profil-des-21-etapes\/\",\"url\":\"https:\/\/dicodusport.fr\/blog\/tour-de-france-2020-profil-des-21-etapes\/\",\"name\":\"Tour de France 2020 : Le profil des 21 \u00e9tapes\",\"isPartOf\":{\"@id\":\"https:\/\/dicodusport.fr\/blog\/#website\"},\"primaryImageOfPage\":{\"@id\":\"https:\/\/dicodusport.fr\/blog\/tour-de-france-2020-profil-des-21-etapes\/#primaryimage\"},\"image\":{\"@id\":\"https:\/\/dicodusport.fr\/blog\/tour-de-france-2020-profil-des-21-etapes\/#primaryimage\"},\"thumbnailUrl\":\"https:\/\/dicodusport.fr\/blog\/wp-content\/uploads\/2020\/07\/Tour-de-France-2020-Le-profil-des-21-\u00e9tapes.png\",\"datePublished\":\"2020-08-27T09:30:22+00:00\",\"dateModified\":\"2020-08-28T16:03:10+00:00\",\"description\":\"CYCLISME - Le Tour de France 2020 d\u00e9butera le 29 ao\u00fbt prochain \u00e0 Nice. D\u00e9couvrez le profil des 21 \u00e9tapes.\",\"inLanguage\":\"fr-FR\",\"potentialAction\":[{\"@type\":\"ReadAction\",\"target\":[\"https:\/\/dicodusport.fr\/blog\/tour-de-france-2020-profil-des-21-etapes\/\"]}]},{\"@type\":\"ImageObject\",\"inLanguage\":\"fr-FR\",\"@id\":\"https:\/\/dicodusport.fr\/blog\/tour-de-france-2020-profil-des-21-etapes\/#primaryimage\",\"url\":\"https:\/\/dicodusport.fr\/blog\/wp-content\/uploads\/2020\/07\/Tour-de-France-2020-Le-profil-des-21-\u00e9tapes.png\",\"contentUrl\":\"https:\/\/dicodusport.fr\/blog\/wp-content\/uploads\/2020\/07\/Tour-de-France-2020-Le-profil-des-21-\u00e9tapes.png\",\"width\":1200,\"height\":670,\"caption\":\"Tour de France 2020 - Le profil des 21 \u00e9tapes\"},{\"@type\":\"WebSite\",\"@id\":\"https:\/\/dicodusport.fr\/blog\/#website\",\"url\":\"https:\/\/dicodusport.fr\/blog\/\",\"name\":\"Dicodusport\",\"description\":\"L&#039;encyclop\u00e9die de l&#039;actualit\u00e9 sportive\",\"publisher\":{\"@id\":\"https:\/\/dicodusport.fr\/blog\/#organization\"},\"potentialAction\":[{\"@type\":\"SearchAction\",\"target\":{\"@type\":\"EntryPoint\",\"urlTemplate\":\"https:\/\/dicodusport.fr\/blog\/?s={search_term_string}\"},\"query-input\":{\"@type\":\"PropertyValueSpecification\",\"valueRequired\":true,\"valueName\":\"search_term_string\"}}],\"inLanguage\":\"fr-FR\"},{\"@type\":\"NewsMediaOrganization\",\"@id\":\"https:\/\/dicodusport.fr\/blog\/#organization\",\"name\":\"Dicodusport\",\"url\":\"https:\/\/dicodusport.fr\/blog\/\",\"logo\":{\"@type\":\"ImageObject\",\"inLanguage\":\"fr-FR\",\"@id\":\"https:\/\/dicodusport.fr\/blog\/#\/schema\/logo\/image\/\",\"url\":\"https:\/\/dicodusport.fr\/blog\/wp-content\/uploads\/2020\/06\/cropped-LOGO-DICODUSPORT-2020-SANS-FOND-SANS-TEXTE.png\",\"contentUrl\":\"https:\/\/dicodusport.fr\/blog\/wp-content\/uploads\/2020\/06\/cropped-LOGO-DICODUSPORT-2020-SANS-FOND-SANS-TEXTE.png\",\"width\":512,\"height\":512,\"caption\":\"Dicodusport\"},\"image\":{\"@id\":\"https:\/\/dicodusport.fr\/blog\/#\/schema\/logo\/image\/\"},\"sameAs\":[\"https:\/\/www.facebook.com\/dicodusport\",\"https:\/\/x.com\/dicodusport\",\"https:\/\/www.instagram.com\/dicodusport\/\",\"https:\/\/www.youtube.com\/channel\/UC7V2KZ5sd3htJivAbA4ZG3w\"],\"description\":\"Dicodusport est l'encyclop\u00e9die de l'actualit\u00e9 sportive.\",\"email\":\"bonjour@dicodusport.fr\",\"legalName\":\"DICODUSPORT\",\"foundingDate\":\"2018-01-14\",\"vatID\":\"FR71834470973\",\"taxID\":\"83447097300043\",\"numberOfEmployees\":{\"@type\":\"QuantitativeValue\",\"minValue\":\"1\",\"maxValue\":\"10\"}},{\"@type\":\"Person\",\"@id\":\"https:\/\/dicodusport.fr\/blog\/#\/schema\/person\/cb02af4c173ce4a653b55e9baf388d4a\",\"name\":\"Flo Ostermann\",\"image\":{\"@type\":\"ImageObject\",\"inLanguage\":\"fr-FR\",\"@id\":\"https:\/\/dicodusport.fr\/blog\/#\/schema\/person\/image\/\",\"url\":\"https:\/\/dicodusport.fr\/blog\/wp-content\/uploads\/2021\/05\/Flo-Ostermann-150x150.jpg\",\"contentUrl\":\"https:\/\/dicodusport.fr\/blog\/wp-content\/uploads\/2021\/05\/Flo-Ostermann-150x150.jpg\",\"caption\":\"Flo Ostermann\"},\"description\":\"Journaliste\/R\u00e9dacteur depuis septembre 2015 - Mes premiers souvenirs dans le sport ? Les envol\u00e9es du Stade Toulousain et les duels Villeneuve-Schumacher et H\u00e4kkinen-Schumacher \u00e0 la fin des ann\u00e9es 90, la Coupe du monde de football en 1998, l\u2019exploit du XV de France face aux All Blacks en 1999, mais aussi Richard C\u0153ur de Lion qui vole sur les montagnes du Tour de France. Bien parti pour devenir professeur d\u2019EPS, les \u00e9v\u00e9nements de la vie (et la flemme d\u2019animer des s\u00e9ances de 3x500 m\u00e8tres toute ma vie) m\u2019ont conduit \u00e0 revoir mes plans. Me voil\u00e0 depuis fin 2017 sur Dicodusport, m\u00e9dia gr\u00e2ce (et pour) lequel je partage ma passion : le sport dans tous ses \u00e9tats. Le tout accompagn\u00e9 par les fous furieux et folles furieuses cit\u00e9s sur cette page !\",\"sameAs\":[\"https:\/\/www.facebook.com\/florent.ostermann\",\"https:\/\/x.com\/https:\/\/twitter.com\/FlOstermann\",\"admin\"],\"url\":\"https:\/\/dicodusport.fr\/blog\/author\/flo\/\"}]}<\/script>\n<!-- \/ Yoast SEO Premium plugin. -->","yoast_head_json":{"title":"Tour de France 2020 : Le profil des 21 \u00e9tapes","description":"CYCLISME - Le Tour de France 2020 d\u00e9butera le 29 ao\u00fbt prochain \u00e0 Nice. D\u00e9couvrez le profil des 21 \u00e9tapes.","robots":{"index":"index","follow":"follow","max-snippet":"max-snippet:-1","max-image-preview":"max-image-preview:large","max-video-preview":"max-video-preview:-1"},"canonical":"https:\/\/dicodusport.fr\/blog\/tour-de-france-2020-profil-des-21-etapes\/","next":"https:\/\/dicodusport.fr\/blog\/tour-de-france-2020-profil-des-21-etapes\/2\/","og_locale":"fr_FR","og_type":"article","og_title":"Tour de France 2020 : Le profil des 21 \u00e9tapes","og_description":"CYCLISME - Le Tour de France 2020 d\u00e9butera le 29 ao\u00fbt prochain \u00e0 Nice. D\u00e9couvrez le profil des 21 \u00e9tapes.","og_url":"https:\/\/dicodusport.fr\/blog\/tour-de-france-2020-profil-des-21-etapes\/","og_site_name":"Dicodusport","article_publisher":"https:\/\/www.facebook.com\/dicodusport","article_author":"https:\/\/www.facebook.com\/florent.ostermann","article_published_time":"2020-08-27T09:30:22+00:00","article_modified_time":"2020-08-28T16:03:10+00:00","og_image":[{"width":1200,"height":670,"url":"https:\/\/dicodusport.fr\/blog\/wp-content\/uploads\/2020\/07\/Tour-de-France-2020-Le-profil-des-21-\u00e9tapes.png","type":"image\/png"}],"author":"Flo Ostermann","twitter_card":"summary_large_image","twitter_title":"Tour de France 2020 : Le profil des 21 \u00e9tapes","twitter_creator":"@https:\/\/twitter.com\/FlOstermann","twitter_site":"@dicodusport","schema":{"@context":"https:\/\/schema.org","@graph":[{"@type":"NewsArticle","@id":"https:\/\/dicodusport.fr\/blog\/tour-de-france-2020-profil-des-21-etapes\/#article","isPartOf":{"@id":"https:\/\/dicodusport.fr\/blog\/tour-de-france-2020-profil-des-21-etapes\/"},"author":{"name":"Flo Ostermann","@id":"https:\/\/dicodusport.fr\/blog\/#\/schema\/person\/cb02af4c173ce4a653b55e9baf388d4a"},"headline":"Tour de France 2020 : Le profil des 21 \u00e9tapes","datePublished":"2020-08-27T09:30:22+00:00","dateModified":"2020-08-28T16:03:10+00:00","mainEntityOfPage":{"@id":"https:\/\/dicodusport.fr\/blog\/tour-de-france-2020-profil-des-21-etapes\/"},"wordCount":1265,"commentCount":0,"publisher":{"@id":"https:\/\/dicodusport.fr\/blog\/#organization"},"image":{"@id":"https:\/\/dicodusport.fr\/blog\/tour-de-france-2020-profil-des-21-etapes\/#primaryimage"},"thumbnailUrl":"https:\/\/dicodusport.fr\/blog\/wp-content\/uploads\/2020\/07\/Tour-de-France-2020-Le-profil-des-21-\u00e9tapes.png","keywords":["Cyclisme"],"articleSection":["Tour de France"],"inLanguage":"fr-FR","potentialAction":[{"@type":"CommentAction","name":"Comment","target":["https:\/\/dicodusport.fr\/blog\/tour-de-france-2020-profil-des-21-etapes\/#respond"]}],"copyrightYear":"2020","copyrightHolder":{"@id":"https:\/\/dicodusport.fr\/blog\/#organization"}},{"@type":"WebPage","@id":"https:\/\/dicodusport.fr\/blog\/tour-de-france-2020-profil-des-21-etapes\/","url":"https:\/\/dicodusport.fr\/blog\/tour-de-france-2020-profil-des-21-etapes\/","name":"Tour de France 2020 : Le profil des 21 \u00e9tapes","isPartOf":{"@id":"https:\/\/dicodusport.fr\/blog\/#website"},"primaryImageOfPage":{"@id":"https:\/\/dicodusport.fr\/blog\/tour-de-france-2020-profil-des-21-etapes\/#primaryimage"},"image":{"@id":"https:\/\/dicodusport.fr\/blog\/tour-de-france-2020-profil-des-21-etapes\/#primaryimage"},"thumbnailUrl":"https:\/\/dicodusport.fr\/blog\/wp-content\/uploads\/2020\/07\/Tour-de-France-2020-Le-profil-des-21-\u00e9tapes.png","datePublished":"2020-08-27T09:30:22+00:00","dateModified":"2020-08-28T16:03:10+00:00","description":"CYCLISME - Le Tour de France 2020 d\u00e9butera le 29 ao\u00fbt prochain \u00e0 Nice. D\u00e9couvrez le profil des 21 \u00e9tapes.","inLanguage":"fr-FR","potentialAction":[{"@type":"ReadAction","target":["https:\/\/dicodusport.fr\/blog\/tour-de-france-2020-profil-des-21-etapes\/"]}]},{"@type":"ImageObject","inLanguage":"fr-FR","@id":"https:\/\/dicodusport.fr\/blog\/tour-de-france-2020-profil-des-21-etapes\/#primaryimage","url":"https:\/\/dicodusport.fr\/blog\/wp-content\/uploads\/2020\/07\/Tour-de-France-2020-Le-profil-des-21-\u00e9tapes.png","contentUrl":"https:\/\/dicodusport.fr\/blog\/wp-content\/uploads\/2020\/07\/Tour-de-France-2020-Le-profil-des-21-\u00e9tapes.png","width":1200,"height":670,"caption":"Tour de France 2020 - Le profil des 21 \u00e9tapes"},{"@type":"WebSite","@id":"https:\/\/dicodusport.fr\/blog\/#website","url":"https:\/\/dicodusport.fr\/blog\/","name":"Dicodusport","description":"L&#039;encyclop\u00e9die de l&#039;actualit\u00e9 sportive","publisher":{"@id":"https:\/\/dicodusport.fr\/blog\/#organization"},"potentialAction":[{"@type":"SearchAction","target":{"@type":"EntryPoint","urlTemplate":"https:\/\/dicodusport.fr\/blog\/?s={search_term_string}"},"query-input":{"@type":"PropertyValueSpecification","valueRequired":true,"valueName":"search_term_string"}}],"inLanguage":"fr-FR"},{"@type":"NewsMediaOrganization","@id":"https:\/\/dicodusport.fr\/blog\/#organization","name":"Dicodusport","url":"https:\/\/dicodusport.fr\/blog\/","logo":{"@type":"ImageObject","inLanguage":"fr-FR","@id":"https:\/\/dicodusport.fr\/blog\/#\/schema\/logo\/image\/","url":"https:\/\/dicodusport.fr\/blog\/wp-content\/uploads\/2020\/06\/cropped-LOGO-DICODUSPORT-2020-SANS-FOND-SANS-TEXTE.png","contentUrl":"https:\/\/dicodusport.fr\/blog\/wp-content\/uploads\/2020\/06\/cropped-LOGO-DICODUSPORT-2020-SANS-FOND-SANS-TEXTE.png","width":512,"height":512,"caption":"Dicodusport"},"image":{"@id":"https:\/\/dicodusport.fr\/blog\/#\/schema\/logo\/image\/"},"sameAs":["https:\/\/www.facebook.com\/dicodusport","https:\/\/x.com\/dicodusport","https:\/\/www.instagram.com\/dicodusport\/","https:\/\/www.youtube.com\/channel\/UC7V2KZ5sd3htJivAbA4ZG3w"],"description":"Dicodusport est l'encyclop\u00e9die de l'actualit\u00e9 sportive.","email":"bonjour@dicodusport.fr","legalName":"DICODUSPORT","foundingDate":"2018-01-14","vatID":"FR71834470973","taxID":"83447097300043","numberOfEmployees":{"@type":"QuantitativeValue","minValue":"1","maxValue":"10"}},{"@type":"Person","@id":"https:\/\/dicodusport.fr\/blog\/#\/schema\/person\/cb02af4c173ce4a653b55e9baf388d4a","name":"Flo Ostermann","image":{"@type":"ImageObject","inLanguage":"fr-FR","@id":"https:\/\/dicodusport.fr\/blog\/#\/schema\/person\/image\/","url":"https:\/\/dicodusport.fr\/blog\/wp-content\/uploads\/2021\/05\/Flo-Ostermann-150x150.jpg","contentUrl":"https:\/\/dicodusport.fr\/blog\/wp-content\/uploads\/2021\/05\/Flo-Ostermann-150x150.jpg","caption":"Flo Ostermann"},"description":"Journaliste\/R\u00e9dacteur depuis septembre 2015 - Mes premiers souvenirs dans le sport ? Les envol\u00e9es du Stade Toulousain et les duels Villeneuve-Schumacher et H\u00e4kkinen-Schumacher \u00e0 la fin des ann\u00e9es 90, la Coupe du monde de football en 1998, l\u2019exploit du XV de France face aux All Blacks en 1999, mais aussi Richard C\u0153ur de Lion qui vole sur les montagnes du Tour de France. Bien parti pour devenir professeur d\u2019EPS, les \u00e9v\u00e9nements de la vie (et la flemme d\u2019animer des s\u00e9ances de 3x500 m\u00e8tres toute ma vie) m\u2019ont conduit \u00e0 revoir mes plans. Me voil\u00e0 depuis fin 2017 sur Dicodusport, m\u00e9dia gr\u00e2ce (et pour) lequel je partage ma passion : le sport dans tous ses \u00e9tats. Le tout accompagn\u00e9 par les fous furieux et folles furieuses cit\u00e9s sur cette page !","sameAs":["https:\/\/www.facebook.com\/florent.ostermann","https:\/\/x.com\/https:\/\/twitter.com\/FlOstermann","admin"],"url":"https:\/\/dicodusport.fr\/blog\/author\/flo\/"}]}},"_links":{"self":[{"href":"https:\/\/dicodusport.fr\/blog\/wp-json\/wp\/v2\/posts\/72052","targetHints":{"allow":["GET"]}}],"collection":[{"href":"https:\/\/dicodusport.fr\/blog\/wp-json\/wp\/v2\/posts"}],"about":[{"href":"https:\/\/dicodusport.fr\/blog\/wp-json\/wp\/v2\/types\/post"}],"author":[{"embeddable":true,"href":"https:\/\/dicodusport.fr\/blog\/wp-json\/wp\/v2\/users\/4"}],"replies":[{"embeddable":true,"href":"https:\/\/dicodusport.fr\/blog\/wp-json\/wp\/v2\/comments?post=72052"}],"version-history":[{"count":0,"href":"https:\/\/dicodusport.fr\/blog\/wp-json\/wp\/v2\/posts\/72052\/revisions"}],"wp:featuredmedia":[{"embeddable":true,"href":"https:\/\/dicodusport.fr\/blog\/wp-json\/wp\/v2\/media\/75751"}],"wp:attachment":[{"href":"https:\/\/dicodusport.fr\/blog\/wp-json\/wp\/v2\/media?parent=72052"}],"wp:term":[{"taxonomy":"category","embeddable":true,"href":"https:\/\/dicodusport.fr\/blog\/wp-json\/wp\/v2\/categories?post=72052"},{"taxonomy":"post_tag","embeddable":true,"href":"https:\/\/dicodusport.fr\/blog\/wp-json\/wp\/v2\/tags?post=72052"}],"curies":[{"name":"wp","href":"https:\/\/api.w.org\/{rel}","templated":true}]}}