{"id":72078,"date":"2020-07-20T12:33:56","date_gmt":"2020-07-20T10:33:56","guid":{"rendered":"http:\/\/dicodusport.fr\/blog\/?p=72078&#038;preview=true&#038;preview_id=72078"},"modified":"2020-07-20T16:49:16","modified_gmt":"2020-07-20T14:49:16","slug":"le-toulouse-fc-officiellement-rachete-par-un-fonds-americain","status":"publish","type":"post","link":"https:\/\/dicodusport.fr\/blog\/le-toulouse-fc-officiellement-rachete-par-un-fonds-americain\/","title":{"rendered":"Le Toulouse FC officiellement rachet\u00e9 par un fonds am\u00e9ricain"},"content":{"rendered":"<p style=\"text-align: justify;\"><strong><em>FOOTBALL &#8211; <a href=\"https:\/\/dicodusport.fr\/blog\/lfp-confirme-ligue-1-20-clubs\/\" target=\"_blank\" rel=\"noopener noreferrer\">Tout juste rel\u00e9gu\u00e9 en Ligue 2<\/a>, le Toulouse FC a \u00e9t\u00e9 vendu par Olivier Sadran \u00e0 un fonds am\u00e9ricain, RedBird Capital Partners.<\/em><\/strong><\/p>\n<p style=\"text-align: justify;\">C&rsquo;\u00e9tait dans l&rsquo;air du temps depuis plusieurs semaines. Le <strong>Toulouse FC<\/strong> passe sous pavillon am\u00e9ricain et <strong>Olivier Sadran<\/strong> n&rsquo;est plus le pr\u00e9sident du club, m\u00eame s&rsquo;il garde 15% des parts. <strong>Damien Comolli<\/strong> est nomm\u00e9 au poste de pr\u00e9sident alors qu&rsquo;<strong>Olivier Jaubert<\/strong> devrait lui \u00eatre le nouveau directeur g\u00e9n\u00e9ral. <strong>RedBird Capital Partners<\/strong> poss\u00e8de d\u00e9j\u00e0 des actifs dans deux \u00e9quipes sportives aux \u00c9tats-Unis, les <strong>New York Yankees<\/strong> en MLB et les <strong>Dallas Cowboys<\/strong> en NFL.<\/p>\n<blockquote class=\"twitter-tweet\">\n<p dir=\"ltr\" lang=\"fr\">Le Toulouse Football Club (L2) vendu au fonds am\u00e9ricain Redbird Capital Partners <a href=\"https:\/\/twitter.com\/hashtag\/AFP?src=hash&amp;ref_src=twsrc%5Etfw\">#AFP<\/a> <a href=\"https:\/\/twitter.com\/Toulouse_TFC?ref_src=twsrc%5Etfw\">@Toulouse_TFC<\/a><\/p>\n<p>\u2014 AFP Sports (@AFPSport) <a href=\"https:\/\/twitter.com\/AFPSport\/status\/1285137431931518976?ref_src=twsrc%5Etfw\">July 20, 2020<\/a><\/p><\/blockquote>\n<p><script async src=\"https:\/\/platform.twitter.com\/widgets.js\" charset=\"utf-8\"><\/script><\/p>\n<p><strong><em>Dicodusport<br \/>\n<a href=\"https:\/\/www.facebook.com\/dicodusport\/\" target=\"_blank\" rel=\"noopener noreferrer\"><img loading=\"lazy\" decoding=\"async\" class=\"alignnone wp-image-2909\" src=\"http:\/\/dicodusport.fr\/blog\/wp-content\/uploads\/2017\/07\/logo-facebook-150x150.png\" alt=\"\" width=\"40\" height=\"40\" \/><\/a><a href=\"https:\/\/twitter.com\/dicodusport\" target=\"_blank\" rel=\"noopener noreferrer\"><img loading=\"lazy\" decoding=\"async\" class=\"alignnone wp-image-2908\" src=\"http:\/\/dicodusport.fr\/blog\/wp-content\/uploads\/2017\/07\/logo-twitter-150x150.png\" alt=\"\" width=\"39\" height=\"39\" \/><\/a><\/em><\/strong><\/p>\n","protected":false},"excerpt":{"rendered":"<p>Tout juste rel\u00e9gu\u00e9 en Ligue 2 que le Toulouse FC a \u00e9t\u00e9 vendu par Olivier Sadran \u00e0 un fond am\u00e9ricain,\u00a0RedBird Capital Partners.<\/p>\n","protected":false},"author":1,"featured_media":72089,"comment_status":"open","ping_status":"closed","sticky":false,"template":"","format":"standard","meta":{"_acf_changed":false,"_daextam_enable_autolinks":"","footnotes":""},"categories":[2301],"tags":[75,463,5777],"class_list":["post-72078","post","type-post","status-publish","format-standard","has-post-thumbnail","hentry","category-football","tag-football","tag-toulouse","tag-toulouse-fc"],"acf":[],"yoast_head":"<!-- This site is optimized with the Yoast SEO Premium plugin v26.7 (Yoast SEO v26.7) - https:\/\/yoast.com\/wordpress\/plugins\/seo\/ -->\n<title>Le Toulouse FC officiellement rachet\u00e9 par un fonds am\u00e9ricain<\/title>\n<meta name=\"description\" content=\"FOOTBALL - Tout juste rel\u00e9gu\u00e9 en Ligue 2, le TFC a \u00e9t\u00e9 vendu par Olivier Sadran \u00e0 un fonds am\u00e9ricain, RedBird Capital Partners.\" \/>\n<meta name=\"robots\" content=\"index, follow, max-snippet:-1, max-image-preview:large, max-video-preview:-1\" \/>\n<link rel=\"canonical\" href=\"https:\/\/dicodusport.fr\/blog\/le-toulouse-fc-officiellement-rachete-par-un-fonds-americain\/\" \/>\n<meta property=\"og:locale\" content=\"fr_FR\" \/>\n<meta property=\"og:type\" content=\"article\" \/>\n<meta property=\"og:title\" content=\"Le Toulouse FC officiellement rachet\u00e9 par un fonds am\u00e9ricain\" \/>\n<meta property=\"og:description\" content=\"FOOTBALL - Tout juste rel\u00e9gu\u00e9 en Ligue 2, le TFC a \u00e9t\u00e9 vendu par Olivier Sadran \u00e0 un fonds am\u00e9ricain, RedBird Capital Partners.\" \/>\n<meta property=\"og:url\" content=\"https:\/\/dicodusport.fr\/blog\/le-toulouse-fc-officiellement-rachete-par-un-fonds-americain\/\" \/>\n<meta property=\"og:site_name\" content=\"Dicodusport\" \/>\n<meta property=\"article:publisher\" content=\"https:\/\/www.facebook.com\/dicodusport\" \/>\n<meta property=\"article:author\" content=\"https:\/\/www.facebook.com\/dicodusport\" \/>\n<meta property=\"article:published_time\" content=\"2020-07-20T10:33:56+00:00\" \/>\n<meta property=\"article:modified_time\" content=\"2020-07-20T14:49:16+00:00\" \/>\n<meta property=\"og:image\" content=\"https:\/\/dicodusport.fr\/blog\/wp-content\/uploads\/2020\/07\/Le-Toulouse-FC-officiellement-rachet\u00e9-par-un-fonds-am\u00e9ricain.png\" \/>\n\t<meta property=\"og:image:width\" content=\"800\" \/>\n\t<meta property=\"og:image:height\" content=\"445\" \/>\n\t<meta property=\"og:image:type\" content=\"image\/png\" \/>\n<meta name=\"author\" content=\"Nicolas Jacquemard\" \/>\n<meta name=\"twitter:card\" content=\"summary_large_image\" \/>\n<meta name=\"twitter:title\" content=\"Le Toulouse FC officiellement rachet\u00e9 par un fonds am\u00e9ricain\" \/>\n<meta name=\"twitter:creator\" content=\"@https:\/\/twitter.com\/Nico_Jacquemard\" \/>\n<meta name=\"twitter:site\" content=\"@dicodusport\" \/>\n<script type=\"application\/ld+json\" class=\"yoast-schema-graph\">{\"@context\":\"https:\/\/schema.org\",\"@graph\":[{\"@type\":\"NewsArticle\",\"@id\":\"https:\/\/dicodusport.fr\/blog\/le-toulouse-fc-officiellement-rachete-par-un-fonds-americain\/#article\",\"isPartOf\":{\"@id\":\"https:\/\/dicodusport.fr\/blog\/le-toulouse-fc-officiellement-rachete-par-un-fonds-americain\/\"},\"author\":{\"name\":\"Nicolas Jacquemard\",\"@id\":\"https:\/\/dicodusport.fr\/blog\/#\/schema\/person\/55dcb50ad410894e431ed812bbb70191\"},\"headline\":\"Le Toulouse FC officiellement rachet\u00e9 par un fonds am\u00e9ricain\",\"datePublished\":\"2020-07-20T10:33:56+00:00\",\"dateModified\":\"2020-07-20T14:49:16+00:00\",\"mainEntityOfPage\":{\"@id\":\"https:\/\/dicodusport.fr\/blog\/le-toulouse-fc-officiellement-rachete-par-un-fonds-americain\/\"},\"wordCount\":140,\"commentCount\":0,\"publisher\":{\"@id\":\"https:\/\/dicodusport.fr\/blog\/#organization\"},\"image\":{\"@id\":\"https:\/\/dicodusport.fr\/blog\/le-toulouse-fc-officiellement-rachete-par-un-fonds-americain\/#primaryimage\"},\"thumbnailUrl\":\"https:\/\/dicodusport.fr\/blog\/wp-content\/uploads\/2020\/07\/Le-Toulouse-FC-officiellement-rachet\u00e9-par-un-fonds-am\u00e9ricain.png\",\"keywords\":[\"Football\",\"Toulouse\",\"Toulouse FC\"],\"articleSection\":[\"Football\"],\"inLanguage\":\"fr-FR\",\"potentialAction\":[{\"@type\":\"CommentAction\",\"name\":\"Comment\",\"target\":[\"https:\/\/dicodusport.fr\/blog\/le-toulouse-fc-officiellement-rachete-par-un-fonds-americain\/#respond\"]}],\"copyrightYear\":\"2020\",\"copyrightHolder\":{\"@id\":\"https:\/\/dicodusport.fr\/blog\/#organization\"}},{\"@type\":\"WebPage\",\"@id\":\"https:\/\/dicodusport.fr\/blog\/le-toulouse-fc-officiellement-rachete-par-un-fonds-americain\/\",\"url\":\"https:\/\/dicodusport.fr\/blog\/le-toulouse-fc-officiellement-rachete-par-un-fonds-americain\/\",\"name\":\"Le Toulouse FC officiellement rachet\u00e9 par un fonds am\u00e9ricain\",\"isPartOf\":{\"@id\":\"https:\/\/dicodusport.fr\/blog\/#website\"},\"primaryImageOfPage\":{\"@id\":\"https:\/\/dicodusport.fr\/blog\/le-toulouse-fc-officiellement-rachete-par-un-fonds-americain\/#primaryimage\"},\"image\":{\"@id\":\"https:\/\/dicodusport.fr\/blog\/le-toulouse-fc-officiellement-rachete-par-un-fonds-americain\/#primaryimage\"},\"thumbnailUrl\":\"https:\/\/dicodusport.fr\/blog\/wp-content\/uploads\/2020\/07\/Le-Toulouse-FC-officiellement-rachet\u00e9-par-un-fonds-am\u00e9ricain.png\",\"datePublished\":\"2020-07-20T10:33:56+00:00\",\"dateModified\":\"2020-07-20T14:49:16+00:00\",\"description\":\"FOOTBALL - Tout juste rel\u00e9gu\u00e9 en Ligue 2, le TFC a \u00e9t\u00e9 vendu par Olivier Sadran \u00e0 un fonds am\u00e9ricain, RedBird Capital Partners.\",\"breadcrumb\":{\"@id\":\"https:\/\/dicodusport.fr\/blog\/le-toulouse-fc-officiellement-rachete-par-un-fonds-americain\/#breadcrumb\"},\"inLanguage\":\"fr-FR\",\"potentialAction\":[{\"@type\":\"ReadAction\",\"target\":[\"https:\/\/dicodusport.fr\/blog\/le-toulouse-fc-officiellement-rachete-par-un-fonds-americain\/\"]}]},{\"@type\":\"ImageObject\",\"inLanguage\":\"fr-FR\",\"@id\":\"https:\/\/dicodusport.fr\/blog\/le-toulouse-fc-officiellement-rachete-par-un-fonds-americain\/#primaryimage\",\"url\":\"https:\/\/dicodusport.fr\/blog\/wp-content\/uploads\/2020\/07\/Le-Toulouse-FC-officiellement-rachet\u00e9-par-un-fonds-am\u00e9ricain.png\",\"contentUrl\":\"https:\/\/dicodusport.fr\/blog\/wp-content\/uploads\/2020\/07\/Le-Toulouse-FC-officiellement-rachet\u00e9-par-un-fonds-am\u00e9ricain.png\",\"width\":800,\"height\":445,\"caption\":\"Le Toulouse FC officiellement rachet\u00e9 par un fonds am\u00e9ricain\"},{\"@type\":\"BreadcrumbList\",\"@id\":\"https:\/\/dicodusport.fr\/blog\/le-toulouse-fc-officiellement-rachete-par-un-fonds-americain\/#breadcrumb\",\"itemListElement\":[{\"@type\":\"ListItem\",\"position\":1,\"name\":\"Accueil\",\"item\":\"https:\/\/dicodusport.fr\/blog\/\"},{\"@type\":\"ListItem\",\"position\":2,\"name\":\"Le Toulouse FC officiellement rachet\u00e9 par un fonds am\u00e9ricain\"}]},{\"@type\":\"WebSite\",\"@id\":\"https:\/\/dicodusport.fr\/blog\/#website\",\"url\":\"https:\/\/dicodusport.fr\/blog\/\",\"name\":\"Dicodusport\",\"description\":\"L&#039;encyclop\u00e9die de l&#039;actualit\u00e9 sportive\",\"publisher\":{\"@id\":\"https:\/\/dicodusport.fr\/blog\/#organization\"},\"potentialAction\":[{\"@type\":\"SearchAction\",\"target\":{\"@type\":\"EntryPoint\",\"urlTemplate\":\"https:\/\/dicodusport.fr\/blog\/?s={search_term_string}\"},\"query-input\":{\"@type\":\"PropertyValueSpecification\",\"valueRequired\":true,\"valueName\":\"search_term_string\"}}],\"inLanguage\":\"fr-FR\"},{\"@type\":\"NewsMediaOrganization\",\"@id\":\"https:\/\/dicodusport.fr\/blog\/#organization\",\"name\":\"Dicodusport\",\"url\":\"https:\/\/dicodusport.fr\/blog\/\",\"logo\":{\"@type\":\"ImageObject\",\"inLanguage\":\"fr-FR\",\"@id\":\"https:\/\/dicodusport.fr\/blog\/#\/schema\/logo\/image\/\",\"url\":\"https:\/\/dicodusport.fr\/blog\/wp-content\/uploads\/2020\/06\/cropped-LOGO-DICODUSPORT-2020-SANS-FOND-SANS-TEXTE.png\",\"contentUrl\":\"https:\/\/dicodusport.fr\/blog\/wp-content\/uploads\/2020\/06\/cropped-LOGO-DICODUSPORT-2020-SANS-FOND-SANS-TEXTE.png\",\"width\":512,\"height\":512,\"caption\":\"Dicodusport\"},\"image\":{\"@id\":\"https:\/\/dicodusport.fr\/blog\/#\/schema\/logo\/image\/\"},\"sameAs\":[\"https:\/\/www.facebook.com\/dicodusport\",\"https:\/\/x.com\/dicodusport\",\"https:\/\/www.instagram.com\/dicodusport\/\",\"https:\/\/www.youtube.com\/channel\/UC7V2KZ5sd3htJivAbA4ZG3w\"],\"description\":\"Dicodusport est l'encyclop\u00e9die de l'actualit\u00e9 sportive.\",\"email\":\"bonjour@dicodusport.fr\",\"legalName\":\"DICODUSPORT\",\"foundingDate\":\"2018-01-14\",\"vatID\":\"FR71834470973\",\"taxID\":\"83447097300043\",\"numberOfEmployees\":{\"@type\":\"QuantitativeValue\",\"minValue\":\"1\",\"maxValue\":\"10\"}},{\"@type\":\"Person\",\"@id\":\"https:\/\/dicodusport.fr\/blog\/#\/schema\/person\/55dcb50ad410894e431ed812bbb70191\",\"name\":\"Nicolas Jacquemard\",\"image\":{\"@type\":\"ImageObject\",\"inLanguage\":\"fr-FR\",\"@id\":\"https:\/\/dicodusport.fr\/blog\/#\/schema\/person\/image\/\",\"url\":\"https:\/\/dicodusport.fr\/blog\/wp-content\/uploads\/2021\/05\/Nicolas-Jacquemard-150x150.jpeg\",\"contentUrl\":\"https:\/\/dicodusport.fr\/blog\/wp-content\/uploads\/2021\/05\/Nicolas-Jacquemard-150x150.jpeg\",\"caption\":\"Nicolas Jacquemard\"},\"description\":\"Passionn\u00e9 de sport et entrepreneur depuis mes 18 ans, la cr\u00e9ation de Dicodusport m'a sembl\u00e9 \u00e9vidente pour participer \u00e0 la m\u00e9diatisation d'un plus grand nombre de sports. Le chemin est long mais avec une \u00e9quipe des plus motiv\u00e9es et les Jeux Olympiques de Paris 2024 en point de mire, nous y arriverons ! Journaliste dans le monde du sport depuis plus de 5 ans, je traite aussi bien de football, de rugby, de biathlon que de cyclisme.\",\"sameAs\":[\"https:\/\/www.facebook.com\/dicodusport\",\"https:\/\/x.com\/https:\/\/twitter.com\/Nico_Jacquemard\"],\"url\":\"https:\/\/dicodusport.fr\/blog\/author\/dicodusport\/\"}]}<\/script>\n<!-- \/ Yoast SEO Premium plugin. -->","yoast_head_json":{"title":"Le Toulouse FC officiellement rachet\u00e9 par un fonds am\u00e9ricain","description":"FOOTBALL - Tout juste rel\u00e9gu\u00e9 en Ligue 2, le TFC a \u00e9t\u00e9 vendu par Olivier Sadran \u00e0 un fonds am\u00e9ricain, RedBird Capital Partners.","robots":{"index":"index","follow":"follow","max-snippet":"max-snippet:-1","max-image-preview":"max-image-preview:large","max-video-preview":"max-video-preview:-1"},"canonical":"https:\/\/dicodusport.fr\/blog\/le-toulouse-fc-officiellement-rachete-par-un-fonds-americain\/","og_locale":"fr_FR","og_type":"article","og_title":"Le Toulouse FC officiellement rachet\u00e9 par un fonds am\u00e9ricain","og_description":"FOOTBALL - Tout juste rel\u00e9gu\u00e9 en Ligue 2, le TFC a \u00e9t\u00e9 vendu par Olivier Sadran \u00e0 un fonds am\u00e9ricain, RedBird Capital Partners.","og_url":"https:\/\/dicodusport.fr\/blog\/le-toulouse-fc-officiellement-rachete-par-un-fonds-americain\/","og_site_name":"Dicodusport","article_publisher":"https:\/\/www.facebook.com\/dicodusport","article_author":"https:\/\/www.facebook.com\/dicodusport","article_published_time":"2020-07-20T10:33:56+00:00","article_modified_time":"2020-07-20T14:49:16+00:00","og_image":[{"width":800,"height":445,"url":"https:\/\/dicodusport.fr\/blog\/wp-content\/uploads\/2020\/07\/Le-Toulouse-FC-officiellement-rachet\u00e9-par-un-fonds-am\u00e9ricain.png","type":"image\/png"}],"author":"Nicolas Jacquemard","twitter_card":"summary_large_image","twitter_title":"Le Toulouse FC officiellement rachet\u00e9 par un fonds am\u00e9ricain","twitter_creator":"@https:\/\/twitter.com\/Nico_Jacquemard","twitter_site":"@dicodusport","schema":{"@context":"https:\/\/schema.org","@graph":[{"@type":"NewsArticle","@id":"https:\/\/dicodusport.fr\/blog\/le-toulouse-fc-officiellement-rachete-par-un-fonds-americain\/#article","isPartOf":{"@id":"https:\/\/dicodusport.fr\/blog\/le-toulouse-fc-officiellement-rachete-par-un-fonds-americain\/"},"author":{"name":"Nicolas Jacquemard","@id":"https:\/\/dicodusport.fr\/blog\/#\/schema\/person\/55dcb50ad410894e431ed812bbb70191"},"headline":"Le Toulouse FC officiellement rachet\u00e9 par un fonds am\u00e9ricain","datePublished":"2020-07-20T10:33:56+00:00","dateModified":"2020-07-20T14:49:16+00:00","mainEntityOfPage":{"@id":"https:\/\/dicodusport.fr\/blog\/le-toulouse-fc-officiellement-rachete-par-un-fonds-americain\/"},"wordCount":140,"commentCount":0,"publisher":{"@id":"https:\/\/dicodusport.fr\/blog\/#organization"},"image":{"@id":"https:\/\/dicodusport.fr\/blog\/le-toulouse-fc-officiellement-rachete-par-un-fonds-americain\/#primaryimage"},"thumbnailUrl":"https:\/\/dicodusport.fr\/blog\/wp-content\/uploads\/2020\/07\/Le-Toulouse-FC-officiellement-rachet\u00e9-par-un-fonds-am\u00e9ricain.png","keywords":["Football","Toulouse","Toulouse FC"],"articleSection":["Football"],"inLanguage":"fr-FR","potentialAction":[{"@type":"CommentAction","name":"Comment","target":["https:\/\/dicodusport.fr\/blog\/le-toulouse-fc-officiellement-rachete-par-un-fonds-americain\/#respond"]}],"copyrightYear":"2020","copyrightHolder":{"@id":"https:\/\/dicodusport.fr\/blog\/#organization"}},{"@type":"WebPage","@id":"https:\/\/dicodusport.fr\/blog\/le-toulouse-fc-officiellement-rachete-par-un-fonds-americain\/","url":"https:\/\/dicodusport.fr\/blog\/le-toulouse-fc-officiellement-rachete-par-un-fonds-americain\/","name":"Le Toulouse FC officiellement rachet\u00e9 par un fonds am\u00e9ricain","isPartOf":{"@id":"https:\/\/dicodusport.fr\/blog\/#website"},"primaryImageOfPage":{"@id":"https:\/\/dicodusport.fr\/blog\/le-toulouse-fc-officiellement-rachete-par-un-fonds-americain\/#primaryimage"},"image":{"@id":"https:\/\/dicodusport.fr\/blog\/le-toulouse-fc-officiellement-rachete-par-un-fonds-americain\/#primaryimage"},"thumbnailUrl":"https:\/\/dicodusport.fr\/blog\/wp-content\/uploads\/2020\/07\/Le-Toulouse-FC-officiellement-rachet\u00e9-par-un-fonds-am\u00e9ricain.png","datePublished":"2020-07-20T10:33:56+00:00","dateModified":"2020-07-20T14:49:16+00:00","description":"FOOTBALL - Tout juste rel\u00e9gu\u00e9 en Ligue 2, le TFC a \u00e9t\u00e9 vendu par Olivier Sadran \u00e0 un fonds am\u00e9ricain, RedBird Capital Partners.","breadcrumb":{"@id":"https:\/\/dicodusport.fr\/blog\/le-toulouse-fc-officiellement-rachete-par-un-fonds-americain\/#breadcrumb"},"inLanguage":"fr-FR","potentialAction":[{"@type":"ReadAction","target":["https:\/\/dicodusport.fr\/blog\/le-toulouse-fc-officiellement-rachete-par-un-fonds-americain\/"]}]},{"@type":"ImageObject","inLanguage":"fr-FR","@id":"https:\/\/dicodusport.fr\/blog\/le-toulouse-fc-officiellement-rachete-par-un-fonds-americain\/#primaryimage","url":"https:\/\/dicodusport.fr\/blog\/wp-content\/uploads\/2020\/07\/Le-Toulouse-FC-officiellement-rachet\u00e9-par-un-fonds-am\u00e9ricain.png","contentUrl":"https:\/\/dicodusport.fr\/blog\/wp-content\/uploads\/2020\/07\/Le-Toulouse-FC-officiellement-rachet\u00e9-par-un-fonds-am\u00e9ricain.png","width":800,"height":445,"caption":"Le Toulouse FC officiellement rachet\u00e9 par un fonds am\u00e9ricain"},{"@type":"BreadcrumbList","@id":"https:\/\/dicodusport.fr\/blog\/le-toulouse-fc-officiellement-rachete-par-un-fonds-americain\/#breadcrumb","itemListElement":[{"@type":"ListItem","position":1,"name":"Accueil","item":"https:\/\/dicodusport.fr\/blog\/"},{"@type":"ListItem","position":2,"name":"Le Toulouse FC officiellement rachet\u00e9 par un fonds am\u00e9ricain"}]},{"@type":"WebSite","@id":"https:\/\/dicodusport.fr\/blog\/#website","url":"https:\/\/dicodusport.fr\/blog\/","name":"Dicodusport","description":"L&#039;encyclop\u00e9die de l&#039;actualit\u00e9 sportive","publisher":{"@id":"https:\/\/dicodusport.fr\/blog\/#organization"},"potentialAction":[{"@type":"SearchAction","target":{"@type":"EntryPoint","urlTemplate":"https:\/\/dicodusport.fr\/blog\/?s={search_term_string}"},"query-input":{"@type":"PropertyValueSpecification","valueRequired":true,"valueName":"search_term_string"}}],"inLanguage":"fr-FR"},{"@type":"NewsMediaOrganization","@id":"https:\/\/dicodusport.fr\/blog\/#organization","name":"Dicodusport","url":"https:\/\/dicodusport.fr\/blog\/","logo":{"@type":"ImageObject","inLanguage":"fr-FR","@id":"https:\/\/dicodusport.fr\/blog\/#\/schema\/logo\/image\/","url":"https:\/\/dicodusport.fr\/blog\/wp-content\/uploads\/2020\/06\/cropped-LOGO-DICODUSPORT-2020-SANS-FOND-SANS-TEXTE.png","contentUrl":"https:\/\/dicodusport.fr\/blog\/wp-content\/uploads\/2020\/06\/cropped-LOGO-DICODUSPORT-2020-SANS-FOND-SANS-TEXTE.png","width":512,"height":512,"caption":"Dicodusport"},"image":{"@id":"https:\/\/dicodusport.fr\/blog\/#\/schema\/logo\/image\/"},"sameAs":["https:\/\/www.facebook.com\/dicodusport","https:\/\/x.com\/dicodusport","https:\/\/www.instagram.com\/dicodusport\/","https:\/\/www.youtube.com\/channel\/UC7V2KZ5sd3htJivAbA4ZG3w"],"description":"Dicodusport est l'encyclop\u00e9die de l'actualit\u00e9 sportive.","email":"bonjour@dicodusport.fr","legalName":"DICODUSPORT","foundingDate":"2018-01-14","vatID":"FR71834470973","taxID":"83447097300043","numberOfEmployees":{"@type":"QuantitativeValue","minValue":"1","maxValue":"10"}},{"@type":"Person","@id":"https:\/\/dicodusport.fr\/blog\/#\/schema\/person\/55dcb50ad410894e431ed812bbb70191","name":"Nicolas Jacquemard","image":{"@type":"ImageObject","inLanguage":"fr-FR","@id":"https:\/\/dicodusport.fr\/blog\/#\/schema\/person\/image\/","url":"https:\/\/dicodusport.fr\/blog\/wp-content\/uploads\/2021\/05\/Nicolas-Jacquemard-150x150.jpeg","contentUrl":"https:\/\/dicodusport.fr\/blog\/wp-content\/uploads\/2021\/05\/Nicolas-Jacquemard-150x150.jpeg","caption":"Nicolas Jacquemard"},"description":"Passionn\u00e9 de sport et entrepreneur depuis mes 18 ans, la cr\u00e9ation de Dicodusport m'a sembl\u00e9 \u00e9vidente pour participer \u00e0 la m\u00e9diatisation d'un plus grand nombre de sports. Le chemin est long mais avec une \u00e9quipe des plus motiv\u00e9es et les Jeux Olympiques de Paris 2024 en point de mire, nous y arriverons ! Journaliste dans le monde du sport depuis plus de 5 ans, je traite aussi bien de football, de rugby, de biathlon que de cyclisme.","sameAs":["https:\/\/www.facebook.com\/dicodusport","https:\/\/x.com\/https:\/\/twitter.com\/Nico_Jacquemard"],"url":"https:\/\/dicodusport.fr\/blog\/author\/dicodusport\/"}]}},"_links":{"self":[{"href":"https:\/\/dicodusport.fr\/blog\/wp-json\/wp\/v2\/posts\/72078","targetHints":{"allow":["GET"]}}],"collection":[{"href":"https:\/\/dicodusport.fr\/blog\/wp-json\/wp\/v2\/posts"}],"about":[{"href":"https:\/\/dicodusport.fr\/blog\/wp-json\/wp\/v2\/types\/post"}],"author":[{"embeddable":true,"href":"https:\/\/dicodusport.fr\/blog\/wp-json\/wp\/v2\/users\/1"}],"replies":[{"embeddable":true,"href":"https:\/\/dicodusport.fr\/blog\/wp-json\/wp\/v2\/comments?post=72078"}],"version-history":[{"count":0,"href":"https:\/\/dicodusport.fr\/blog\/wp-json\/wp\/v2\/posts\/72078\/revisions"}],"wp:featuredmedia":[{"embeddable":true,"href":"https:\/\/dicodusport.fr\/blog\/wp-json\/wp\/v2\/media\/72089"}],"wp:attachment":[{"href":"https:\/\/dicodusport.fr\/blog\/wp-json\/wp\/v2\/media?parent=72078"}],"wp:term":[{"taxonomy":"category","embeddable":true,"href":"https:\/\/dicodusport.fr\/blog\/wp-json\/wp\/v2\/categories?post=72078"},{"taxonomy":"post_tag","embeddable":true,"href":"https:\/\/dicodusport.fr\/blog\/wp-json\/wp\/v2\/tags?post=72078"}],"curies":[{"name":"wp","href":"https:\/\/api.w.org\/{rel}","templated":true}]}}