{"id":72095,"date":"2020-07-20T14:30:25","date_gmt":"2020-07-20T12:30:25","guid":{"rendered":"http:\/\/dicodusport.fr\/blog\/?p=72095&#038;preview=true&#038;preview_id=72095"},"modified":"2020-07-20T16:47:25","modified_gmt":"2020-07-20T14:47:25","slug":"pas-de-ballon-d-or-en-2020","status":"publish","type":"post","link":"https:\/\/dicodusport.fr\/blog\/pas-de-ballon-d-or-en-2020\/","title":{"rendered":"Pas de Ballon d&rsquo;Or en 2020"},"content":{"rendered":"<p style=\"text-align: justify;\"><strong><em>FOOTBALL &#8211; Via <a href=\"https:\/\/www.francefootball.fr\/news\/Il-n-y-aura-pas-de-ballon-d-or-france-football-en-2020\/1153942\" target=\"_blank\" rel=\"noopener noreferrer\">un communiqu\u00e9<\/a>, France Football a annonc\u00e9 que pour la premi\u00e8re fois de son histoire, le Ballon d&rsquo;Or ne serait pas d\u00e9cern\u00e9 en 2020.\u00a0<\/em><\/strong><\/p>\n<p style=\"text-align: justify;\">Sur son site internet, France Football \u00e9num\u00e8re les raisons qui expliquent le choix de ne pas d\u00e9signer de successeurs \u00e0 <strong>Lionel Messi<\/strong> et <strong>Megan Rapinoe<\/strong> en 2020.<\/p>\n<h2 style=\"text-align: justify;\">Les raisons \u00e9voqu\u00e9es par France Football<\/h2>\n<blockquote>\n<p style=\"text-align: justify;\">Parce qu&rsquo;une ann\u00e9e aussi singuli\u00e8re ne peut \u2013 ni ne doit \u2013 \u00eatre trait\u00e9e comme une ann\u00e9e ordinaire. Dans le doute, mieux vaut s&rsquo;abstenir que s&rsquo;ent\u00eater.<\/p>\n<\/blockquote>\n<blockquote>\n<p style=\"text-align: justify;\">Parce que le troph\u00e9e du Ballon d&rsquo;Or v\u00e9hicule des valeurs autres \u2013 comme l&rsquo;exemplarit\u00e9, la solidarit\u00e9 et la responsabilit\u00e9 \u2013 que la seule excellence sportive.<\/p>\n<\/blockquote>\n<blockquote>\n<p style=\"text-align: justify;\">Parce que l&rsquo;\u00e9quit\u00e9 qui pr\u00e9vaut pour ce titre honorifique ne pourrait \u00eatre pr\u00e9serv\u00e9e, notamment au niveau statistique et \u00e9galement de la pr\u00e9paration puisque tous les aspirants \u00e0 la r\u00e9compense ne pourraient pas \u00eatre log\u00e9s \u00e0 la m\u00eame enseigne, certains ayant vu leur saison amput\u00e9e radicalement, d&rsquo;autres non. D\u00e8s lors, comment comparer l&rsquo;incomparable ?<\/p>\n<\/blockquote>\n<blockquote>\n<p style=\"text-align: justify;\">Parce que nous ne souhaitions pas apposer au palmar\u00e8s une ast\u00e9risque ind\u00e9l\u00e9bile du style \u00ab troph\u00e9e remport\u00e9 dans des circonstances exceptionnelles dues \u00e0 la crise sanitaire du Covid-19 \u00bb. Nous pr\u00e9f\u00e9rerons toujours une petite entorse (\u00e0 notre histoire) \u00e0 une grosse cicatrice. C&rsquo;est la premi\u00e8re fois, depuis 1956, que le Ballon d&rsquo;Or fait une pause. La parenth\u00e8se ne nous enchante pas mais nous semble la plus responsable et logique. Prot\u00e9ger la cr\u00e9dibilit\u00e9 et la l\u00e9gitimit\u00e9 d&rsquo;une telle r\u00e9compense, c&rsquo;est aussi veiller \u00e0 son irr\u00e9prochabilit\u00e9 dans le temps.<\/p>\n<\/blockquote>\n<blockquote>\n<p style=\"text-align: justify;\">Parce que seulement deux mois (janvier et f\u00e9vrier), sur les onze g\u00e9n\u00e9ralement requis pour se faire une opinion et d\u00e9partager les meilleur(e)s, c&rsquo;est beaucoup trop peu pour jauger et juger, \u00e9tant donn\u00e9 que les autres matches se sont d\u00e9roul\u00e9s \u2013 ou se d\u00e9rouleront \u2013 ensuite dans d&rsquo;autres conditions et formats (huis clos, cinq remplacements, Final 8 europ\u00e9en sur un seul match) trop \u00e9loign\u00e9s du panorama habituel. On ne peut se r\u00e9soudre \u00e0 nous appuyer sur des saisons estropi\u00e9es, avec autant d&rsquo;am\u00e9nagements particuliers, pour \u00e9lire les meilleurs. Les meilleurs de quoi, au fait ? Ce ne serait pas digne de notre histoire.<\/p>\n<\/blockquote>\n<blockquote>\n<p style=\"text-align: justify;\">Parce que sur nos quelque 220 jur\u00e9s (hommes et femmes confondus) r\u00e9partis dans le monde entier, certains ont pu \u00eatre distraits ou d\u00e9tourn\u00e9s de leur mission d&rsquo;observation en raison d&rsquo;autres priorit\u00e9s et urgences \u00e0 g\u00e9rer.<\/p>\n<\/blockquote>\n<blockquote>\n<p style=\"text-align: justify;\">Parce que l&rsquo;histoire du BO est trop pr\u00e9cieuse pour prendre le risque de l&rsquo;ab\u00eemer avec un exercice bancal. En ces temps agit\u00e9s, s&rsquo;offrir une parenth\u00e8se est un luxe en m\u00eame temps qu&rsquo;une inestimable n\u00e9cessit\u00e9. Pour que le football, dans son ensemble, retrouve de l&rsquo;allant et de l&rsquo;\u00e9lan, de la passion et de l&rsquo;\u00e9motion. Vivement que le ballon dore&#8230;<\/p>\n<\/blockquote>\n<p style=\"text-align: justify;\"><strong>Robert Lewandowski<\/strong> (Bayern Munich), <strong>Lionel Messi<\/strong> (FC Barcelone) et <strong>Karim Benzema<\/strong> (Real Madrid) \u00e9taient les noms qui revenaient le plus souvent pour le <strong>Ballon d&rsquo;Or 2020<\/strong>.<\/p>\n<blockquote class=\"twitter-tweet\">\n<p dir=\"ltr\" lang=\"fr\" style=\"text-align: justify;\">\u00c0 circonstances exceptionnelles, dispositions exceptionnelles. Pour la premi\u00e8re fois de son histoire, d\u00e9but\u00e9e en 1956, le <a href=\"https:\/\/twitter.com\/hashtag\/Ballondor?src=hash&amp;ref_src=twsrc%5Etfw\">#Ballondor<\/a> France Football ne sera pas attribu\u00e9 en 2020, faute de conditions \u00e9quitables suffisantes.<\/p>\n<p>Nos explications sur ce choix : <a href=\"https:\/\/t.co\/LgRr8GCuKD\">https:\/\/t.co\/LgRr8GCuKD<\/a> <a href=\"https:\/\/t.co\/Z1x3L3QBGV\">pic.twitter.com\/Z1x3L3QBGV<\/a><\/p>\n<p>\u2014 France Football (@francefootball) <a href=\"https:\/\/twitter.com\/francefootball\/status\/1285181471980957701?ref_src=twsrc%5Etfw\">July 20, 2020<\/a><\/p><\/blockquote>\n<p style=\"text-align: justify;\"><script async src=\"https:\/\/platform.twitter.com\/widgets.js\" charset=\"utf-8\"><\/script><\/p>\n<p style=\"text-align: justify;\"><strong><em>Dicodusport<br \/>\n<a href=\"https:\/\/www.facebook.com\/dicodusport\/\" target=\"_blank\" rel=\"noopener noreferrer\"><img loading=\"lazy\" decoding=\"async\" class=\"alignnone wp-image-2909\" src=\"http:\/\/dicodusport.fr\/blog\/wp-content\/uploads\/2017\/07\/logo-facebook-150x150.png\" alt=\"\" width=\"40\" height=\"40\" \/><\/a><a href=\"https:\/\/twitter.com\/dicodusport\" target=\"_blank\" rel=\"noopener noreferrer\"><img loading=\"lazy\" decoding=\"async\" class=\"alignnone wp-image-2908\" src=\"http:\/\/dicodusport.fr\/blog\/wp-content\/uploads\/2017\/07\/logo-twitter-150x150.png\" alt=\"\" width=\"39\" height=\"39\" \/><\/a><\/em><\/strong><\/p>\n","protected":false},"excerpt":{"rendered":"<p>FOOTBALL &#8211; Via un communiqu\u00e9, France Football a annonc\u00e9 que pour la premi\u00e8re fois de son histoire, le Ballon d&rsquo;Or ne serait pas d\u00e9cern\u00e9 en 2020.<\/p>\n","protected":false},"author":1,"featured_media":72101,"comment_status":"open","ping_status":"closed","sticky":false,"template":"","format":"standard","meta":{"_acf_changed":false,"_daextam_enable_autolinks":"","footnotes":""},"categories":[2301],"tags":[2997,75],"class_list":["post-72095","post","type-post","status-publish","format-standard","has-post-thumbnail","hentry","category-football","tag-ballon-dor","tag-football"],"acf":[],"yoast_head":"<!-- This site is optimized with the Yoast SEO Premium plugin v26.7 (Yoast SEO v26.7) - https:\/\/yoast.com\/wordpress\/plugins\/seo\/ -->\n<title>Pas de Ballon d&#039;Or en 2020<\/title>\n<meta name=\"description\" content=\"FOOTBALL - Via un communiqu\u00e9, France Football a annonc\u00e9 que pour la premi\u00e8re fois de son histoire, le Ballon d&#039;Or ne serait pas d\u00e9cern\u00e9 en 2020.\" \/>\n<meta name=\"robots\" content=\"index, follow, max-snippet:-1, max-image-preview:large, max-video-preview:-1\" \/>\n<link rel=\"canonical\" href=\"https:\/\/dicodusport.fr\/blog\/pas-de-ballon-d-or-en-2020\/\" \/>\n<meta property=\"og:locale\" content=\"fr_FR\" \/>\n<meta property=\"og:type\" content=\"article\" \/>\n<meta property=\"og:title\" content=\"Football : Pas de Ballon d&#039;Or en 2020\" \/>\n<meta property=\"og:description\" content=\"FOOTBALL - Via un communiqu\u00e9, France Football a annonc\u00e9 que pour la premi\u00e8re fois de son histoire, le Ballon d&#039;Or ne serait pas d\u00e9cern\u00e9 en 2020.\" \/>\n<meta property=\"og:url\" content=\"https:\/\/dicodusport.fr\/blog\/pas-de-ballon-d-or-en-2020\/\" \/>\n<meta property=\"og:site_name\" content=\"Dicodusport\" \/>\n<meta property=\"article:publisher\" content=\"https:\/\/www.facebook.com\/dicodusport\" \/>\n<meta property=\"article:author\" content=\"https:\/\/www.facebook.com\/dicodusport\" \/>\n<meta property=\"article:published_time\" content=\"2020-07-20T12:30:25+00:00\" \/>\n<meta property=\"article:modified_time\" content=\"2020-07-20T14:47:25+00:00\" \/>\n<meta property=\"og:image\" content=\"https:\/\/dicodusport.fr\/blog\/wp-content\/uploads\/2020\/07\/Pas-de-Ballon-dOr-en-2020.png\" \/>\n\t<meta property=\"og:image:width\" content=\"800\" \/>\n\t<meta property=\"og:image:height\" content=\"445\" \/>\n\t<meta property=\"og:image:type\" content=\"image\/png\" \/>\n<meta name=\"author\" content=\"Nicolas Jacquemard\" \/>\n<meta name=\"twitter:card\" content=\"summary_large_image\" \/>\n<meta name=\"twitter:title\" content=\"Football : Pas de Ballon d&#039;Or en 2020\" \/>\n<meta name=\"twitter:creator\" content=\"@https:\/\/twitter.com\/Nico_Jacquemard\" \/>\n<meta name=\"twitter:site\" content=\"@dicodusport\" \/>\n<script type=\"application\/ld+json\" class=\"yoast-schema-graph\">{\"@context\":\"https:\/\/schema.org\",\"@graph\":[{\"@type\":\"NewsArticle\",\"@id\":\"https:\/\/dicodusport.fr\/blog\/pas-de-ballon-d-or-en-2020\/#article\",\"isPartOf\":{\"@id\":\"https:\/\/dicodusport.fr\/blog\/pas-de-ballon-d-or-en-2020\/\"},\"author\":{\"name\":\"Nicolas Jacquemard\",\"@id\":\"https:\/\/dicodusport.fr\/blog\/#\/schema\/person\/55dcb50ad410894e431ed812bbb70191\"},\"headline\":\"Pas de Ballon d&rsquo;Or en 2020\",\"datePublished\":\"2020-07-20T12:30:25+00:00\",\"dateModified\":\"2020-07-20T14:47:25+00:00\",\"mainEntityOfPage\":{\"@id\":\"https:\/\/dicodusport.fr\/blog\/pas-de-ballon-d-or-en-2020\/\"},\"wordCount\":590,\"commentCount\":0,\"publisher\":{\"@id\":\"https:\/\/dicodusport.fr\/blog\/#organization\"},\"image\":{\"@id\":\"https:\/\/dicodusport.fr\/blog\/pas-de-ballon-d-or-en-2020\/#primaryimage\"},\"thumbnailUrl\":\"https:\/\/dicodusport.fr\/blog\/wp-content\/uploads\/2020\/07\/Pas-de-Ballon-dOr-en-2020.png\",\"keywords\":[\"ballon d'or\",\"Football\"],\"articleSection\":[\"Football\"],\"inLanguage\":\"fr-FR\",\"potentialAction\":[{\"@type\":\"CommentAction\",\"name\":\"Comment\",\"target\":[\"https:\/\/dicodusport.fr\/blog\/pas-de-ballon-d-or-en-2020\/#respond\"]}],\"copyrightYear\":\"2020\",\"copyrightHolder\":{\"@id\":\"https:\/\/dicodusport.fr\/blog\/#organization\"}},{\"@type\":\"WebPage\",\"@id\":\"https:\/\/dicodusport.fr\/blog\/pas-de-ballon-d-or-en-2020\/\",\"url\":\"https:\/\/dicodusport.fr\/blog\/pas-de-ballon-d-or-en-2020\/\",\"name\":\"Pas de Ballon d'Or en 2020\",\"isPartOf\":{\"@id\":\"https:\/\/dicodusport.fr\/blog\/#website\"},\"primaryImageOfPage\":{\"@id\":\"https:\/\/dicodusport.fr\/blog\/pas-de-ballon-d-or-en-2020\/#primaryimage\"},\"image\":{\"@id\":\"https:\/\/dicodusport.fr\/blog\/pas-de-ballon-d-or-en-2020\/#primaryimage\"},\"thumbnailUrl\":\"https:\/\/dicodusport.fr\/blog\/wp-content\/uploads\/2020\/07\/Pas-de-Ballon-dOr-en-2020.png\",\"datePublished\":\"2020-07-20T12:30:25+00:00\",\"dateModified\":\"2020-07-20T14:47:25+00:00\",\"description\":\"FOOTBALL - Via un communiqu\u00e9, France Football a annonc\u00e9 que pour la premi\u00e8re fois de son histoire, le Ballon d'Or ne serait pas d\u00e9cern\u00e9 en 2020.\",\"breadcrumb\":{\"@id\":\"https:\/\/dicodusport.fr\/blog\/pas-de-ballon-d-or-en-2020\/#breadcrumb\"},\"inLanguage\":\"fr-FR\",\"potentialAction\":[{\"@type\":\"ReadAction\",\"target\":[\"https:\/\/dicodusport.fr\/blog\/pas-de-ballon-d-or-en-2020\/\"]}]},{\"@type\":\"ImageObject\",\"inLanguage\":\"fr-FR\",\"@id\":\"https:\/\/dicodusport.fr\/blog\/pas-de-ballon-d-or-en-2020\/#primaryimage\",\"url\":\"https:\/\/dicodusport.fr\/blog\/wp-content\/uploads\/2020\/07\/Pas-de-Ballon-dOr-en-2020.png\",\"contentUrl\":\"https:\/\/dicodusport.fr\/blog\/wp-content\/uploads\/2020\/07\/Pas-de-Ballon-dOr-en-2020.png\",\"width\":800,\"height\":445,\"caption\":\"Pas de Ballon d'Or en 2020\"},{\"@type\":\"BreadcrumbList\",\"@id\":\"https:\/\/dicodusport.fr\/blog\/pas-de-ballon-d-or-en-2020\/#breadcrumb\",\"itemListElement\":[{\"@type\":\"ListItem\",\"position\":1,\"name\":\"Accueil\",\"item\":\"https:\/\/dicodusport.fr\/blog\/\"},{\"@type\":\"ListItem\",\"position\":2,\"name\":\"Pas de Ballon d&rsquo;Or en 2020\"}]},{\"@type\":\"WebSite\",\"@id\":\"https:\/\/dicodusport.fr\/blog\/#website\",\"url\":\"https:\/\/dicodusport.fr\/blog\/\",\"name\":\"Dicodusport\",\"description\":\"L&#039;encyclop\u00e9die de l&#039;actualit\u00e9 sportive\",\"publisher\":{\"@id\":\"https:\/\/dicodusport.fr\/blog\/#organization\"},\"potentialAction\":[{\"@type\":\"SearchAction\",\"target\":{\"@type\":\"EntryPoint\",\"urlTemplate\":\"https:\/\/dicodusport.fr\/blog\/?s={search_term_string}\"},\"query-input\":{\"@type\":\"PropertyValueSpecification\",\"valueRequired\":true,\"valueName\":\"search_term_string\"}}],\"inLanguage\":\"fr-FR\"},{\"@type\":\"NewsMediaOrganization\",\"@id\":\"https:\/\/dicodusport.fr\/blog\/#organization\",\"name\":\"Dicodusport\",\"url\":\"https:\/\/dicodusport.fr\/blog\/\",\"logo\":{\"@type\":\"ImageObject\",\"inLanguage\":\"fr-FR\",\"@id\":\"https:\/\/dicodusport.fr\/blog\/#\/schema\/logo\/image\/\",\"url\":\"https:\/\/dicodusport.fr\/blog\/wp-content\/uploads\/2020\/06\/cropped-LOGO-DICODUSPORT-2020-SANS-FOND-SANS-TEXTE.png\",\"contentUrl\":\"https:\/\/dicodusport.fr\/blog\/wp-content\/uploads\/2020\/06\/cropped-LOGO-DICODUSPORT-2020-SANS-FOND-SANS-TEXTE.png\",\"width\":512,\"height\":512,\"caption\":\"Dicodusport\"},\"image\":{\"@id\":\"https:\/\/dicodusport.fr\/blog\/#\/schema\/logo\/image\/\"},\"sameAs\":[\"https:\/\/www.facebook.com\/dicodusport\",\"https:\/\/x.com\/dicodusport\",\"https:\/\/www.instagram.com\/dicodusport\/\",\"https:\/\/www.youtube.com\/channel\/UC7V2KZ5sd3htJivAbA4ZG3w\"],\"description\":\"Dicodusport est l'encyclop\u00e9die de l'actualit\u00e9 sportive.\",\"email\":\"bonjour@dicodusport.fr\",\"legalName\":\"DICODUSPORT\",\"foundingDate\":\"2018-01-14\",\"vatID\":\"FR71834470973\",\"taxID\":\"83447097300043\",\"numberOfEmployees\":{\"@type\":\"QuantitativeValue\",\"minValue\":\"1\",\"maxValue\":\"10\"}},{\"@type\":\"Person\",\"@id\":\"https:\/\/dicodusport.fr\/blog\/#\/schema\/person\/55dcb50ad410894e431ed812bbb70191\",\"name\":\"Nicolas Jacquemard\",\"image\":{\"@type\":\"ImageObject\",\"inLanguage\":\"fr-FR\",\"@id\":\"https:\/\/dicodusport.fr\/blog\/#\/schema\/person\/image\/\",\"url\":\"https:\/\/dicodusport.fr\/blog\/wp-content\/uploads\/2021\/05\/Nicolas-Jacquemard-150x150.jpeg\",\"contentUrl\":\"https:\/\/dicodusport.fr\/blog\/wp-content\/uploads\/2021\/05\/Nicolas-Jacquemard-150x150.jpeg\",\"caption\":\"Nicolas Jacquemard\"},\"description\":\"Passionn\u00e9 de sport et entrepreneur depuis mes 18 ans, la cr\u00e9ation de Dicodusport m'a sembl\u00e9 \u00e9vidente pour participer \u00e0 la m\u00e9diatisation d'un plus grand nombre de sports. Le chemin est long mais avec une \u00e9quipe des plus motiv\u00e9es et les Jeux Olympiques de Paris 2024 en point de mire, nous y arriverons ! Journaliste dans le monde du sport depuis plus de 5 ans, je traite aussi bien de football, de rugby, de biathlon que de cyclisme.\",\"sameAs\":[\"https:\/\/www.facebook.com\/dicodusport\",\"https:\/\/x.com\/https:\/\/twitter.com\/Nico_Jacquemard\"],\"url\":\"https:\/\/dicodusport.fr\/blog\/author\/dicodusport\/\"}]}<\/script>\n<!-- \/ Yoast SEO Premium plugin. -->","yoast_head_json":{"title":"Pas de Ballon d'Or en 2020","description":"FOOTBALL - Via un communiqu\u00e9, France Football a annonc\u00e9 que pour la premi\u00e8re fois de son histoire, le Ballon d'Or ne serait pas d\u00e9cern\u00e9 en 2020.","robots":{"index":"index","follow":"follow","max-snippet":"max-snippet:-1","max-image-preview":"max-image-preview:large","max-video-preview":"max-video-preview:-1"},"canonical":"https:\/\/dicodusport.fr\/blog\/pas-de-ballon-d-or-en-2020\/","og_locale":"fr_FR","og_type":"article","og_title":"Football : Pas de Ballon d'Or en 2020","og_description":"FOOTBALL - Via un communiqu\u00e9, France Football a annonc\u00e9 que pour la premi\u00e8re fois de son histoire, le Ballon d'Or ne serait pas d\u00e9cern\u00e9 en 2020.","og_url":"https:\/\/dicodusport.fr\/blog\/pas-de-ballon-d-or-en-2020\/","og_site_name":"Dicodusport","article_publisher":"https:\/\/www.facebook.com\/dicodusport","article_author":"https:\/\/www.facebook.com\/dicodusport","article_published_time":"2020-07-20T12:30:25+00:00","article_modified_time":"2020-07-20T14:47:25+00:00","og_image":[{"width":800,"height":445,"url":"https:\/\/dicodusport.fr\/blog\/wp-content\/uploads\/2020\/07\/Pas-de-Ballon-dOr-en-2020.png","type":"image\/png"}],"author":"Nicolas Jacquemard","twitter_card":"summary_large_image","twitter_title":"Football : Pas de Ballon d'Or en 2020","twitter_creator":"@https:\/\/twitter.com\/Nico_Jacquemard","twitter_site":"@dicodusport","schema":{"@context":"https:\/\/schema.org","@graph":[{"@type":"NewsArticle","@id":"https:\/\/dicodusport.fr\/blog\/pas-de-ballon-d-or-en-2020\/#article","isPartOf":{"@id":"https:\/\/dicodusport.fr\/blog\/pas-de-ballon-d-or-en-2020\/"},"author":{"name":"Nicolas Jacquemard","@id":"https:\/\/dicodusport.fr\/blog\/#\/schema\/person\/55dcb50ad410894e431ed812bbb70191"},"headline":"Pas de Ballon d&rsquo;Or en 2020","datePublished":"2020-07-20T12:30:25+00:00","dateModified":"2020-07-20T14:47:25+00:00","mainEntityOfPage":{"@id":"https:\/\/dicodusport.fr\/blog\/pas-de-ballon-d-or-en-2020\/"},"wordCount":590,"commentCount":0,"publisher":{"@id":"https:\/\/dicodusport.fr\/blog\/#organization"},"image":{"@id":"https:\/\/dicodusport.fr\/blog\/pas-de-ballon-d-or-en-2020\/#primaryimage"},"thumbnailUrl":"https:\/\/dicodusport.fr\/blog\/wp-content\/uploads\/2020\/07\/Pas-de-Ballon-dOr-en-2020.png","keywords":["ballon d'or","Football"],"articleSection":["Football"],"inLanguage":"fr-FR","potentialAction":[{"@type":"CommentAction","name":"Comment","target":["https:\/\/dicodusport.fr\/blog\/pas-de-ballon-d-or-en-2020\/#respond"]}],"copyrightYear":"2020","copyrightHolder":{"@id":"https:\/\/dicodusport.fr\/blog\/#organization"}},{"@type":"WebPage","@id":"https:\/\/dicodusport.fr\/blog\/pas-de-ballon-d-or-en-2020\/","url":"https:\/\/dicodusport.fr\/blog\/pas-de-ballon-d-or-en-2020\/","name":"Pas de Ballon d'Or en 2020","isPartOf":{"@id":"https:\/\/dicodusport.fr\/blog\/#website"},"primaryImageOfPage":{"@id":"https:\/\/dicodusport.fr\/blog\/pas-de-ballon-d-or-en-2020\/#primaryimage"},"image":{"@id":"https:\/\/dicodusport.fr\/blog\/pas-de-ballon-d-or-en-2020\/#primaryimage"},"thumbnailUrl":"https:\/\/dicodusport.fr\/blog\/wp-content\/uploads\/2020\/07\/Pas-de-Ballon-dOr-en-2020.png","datePublished":"2020-07-20T12:30:25+00:00","dateModified":"2020-07-20T14:47:25+00:00","description":"FOOTBALL - Via un communiqu\u00e9, France Football a annonc\u00e9 que pour la premi\u00e8re fois de son histoire, le Ballon d'Or ne serait pas d\u00e9cern\u00e9 en 2020.","breadcrumb":{"@id":"https:\/\/dicodusport.fr\/blog\/pas-de-ballon-d-or-en-2020\/#breadcrumb"},"inLanguage":"fr-FR","potentialAction":[{"@type":"ReadAction","target":["https:\/\/dicodusport.fr\/blog\/pas-de-ballon-d-or-en-2020\/"]}]},{"@type":"ImageObject","inLanguage":"fr-FR","@id":"https:\/\/dicodusport.fr\/blog\/pas-de-ballon-d-or-en-2020\/#primaryimage","url":"https:\/\/dicodusport.fr\/blog\/wp-content\/uploads\/2020\/07\/Pas-de-Ballon-dOr-en-2020.png","contentUrl":"https:\/\/dicodusport.fr\/blog\/wp-content\/uploads\/2020\/07\/Pas-de-Ballon-dOr-en-2020.png","width":800,"height":445,"caption":"Pas de Ballon d'Or en 2020"},{"@type":"BreadcrumbList","@id":"https:\/\/dicodusport.fr\/blog\/pas-de-ballon-d-or-en-2020\/#breadcrumb","itemListElement":[{"@type":"ListItem","position":1,"name":"Accueil","item":"https:\/\/dicodusport.fr\/blog\/"},{"@type":"ListItem","position":2,"name":"Pas de Ballon d&rsquo;Or en 2020"}]},{"@type":"WebSite","@id":"https:\/\/dicodusport.fr\/blog\/#website","url":"https:\/\/dicodusport.fr\/blog\/","name":"Dicodusport","description":"L&#039;encyclop\u00e9die de l&#039;actualit\u00e9 sportive","publisher":{"@id":"https:\/\/dicodusport.fr\/blog\/#organization"},"potentialAction":[{"@type":"SearchAction","target":{"@type":"EntryPoint","urlTemplate":"https:\/\/dicodusport.fr\/blog\/?s={search_term_string}"},"query-input":{"@type":"PropertyValueSpecification","valueRequired":true,"valueName":"search_term_string"}}],"inLanguage":"fr-FR"},{"@type":"NewsMediaOrganization","@id":"https:\/\/dicodusport.fr\/blog\/#organization","name":"Dicodusport","url":"https:\/\/dicodusport.fr\/blog\/","logo":{"@type":"ImageObject","inLanguage":"fr-FR","@id":"https:\/\/dicodusport.fr\/blog\/#\/schema\/logo\/image\/","url":"https:\/\/dicodusport.fr\/blog\/wp-content\/uploads\/2020\/06\/cropped-LOGO-DICODUSPORT-2020-SANS-FOND-SANS-TEXTE.png","contentUrl":"https:\/\/dicodusport.fr\/blog\/wp-content\/uploads\/2020\/06\/cropped-LOGO-DICODUSPORT-2020-SANS-FOND-SANS-TEXTE.png","width":512,"height":512,"caption":"Dicodusport"},"image":{"@id":"https:\/\/dicodusport.fr\/blog\/#\/schema\/logo\/image\/"},"sameAs":["https:\/\/www.facebook.com\/dicodusport","https:\/\/x.com\/dicodusport","https:\/\/www.instagram.com\/dicodusport\/","https:\/\/www.youtube.com\/channel\/UC7V2KZ5sd3htJivAbA4ZG3w"],"description":"Dicodusport est l'encyclop\u00e9die de l'actualit\u00e9 sportive.","email":"bonjour@dicodusport.fr","legalName":"DICODUSPORT","foundingDate":"2018-01-14","vatID":"FR71834470973","taxID":"83447097300043","numberOfEmployees":{"@type":"QuantitativeValue","minValue":"1","maxValue":"10"}},{"@type":"Person","@id":"https:\/\/dicodusport.fr\/blog\/#\/schema\/person\/55dcb50ad410894e431ed812bbb70191","name":"Nicolas Jacquemard","image":{"@type":"ImageObject","inLanguage":"fr-FR","@id":"https:\/\/dicodusport.fr\/blog\/#\/schema\/person\/image\/","url":"https:\/\/dicodusport.fr\/blog\/wp-content\/uploads\/2021\/05\/Nicolas-Jacquemard-150x150.jpeg","contentUrl":"https:\/\/dicodusport.fr\/blog\/wp-content\/uploads\/2021\/05\/Nicolas-Jacquemard-150x150.jpeg","caption":"Nicolas Jacquemard"},"description":"Passionn\u00e9 de sport et entrepreneur depuis mes 18 ans, la cr\u00e9ation de Dicodusport m'a sembl\u00e9 \u00e9vidente pour participer \u00e0 la m\u00e9diatisation d'un plus grand nombre de sports. Le chemin est long mais avec une \u00e9quipe des plus motiv\u00e9es et les Jeux Olympiques de Paris 2024 en point de mire, nous y arriverons ! Journaliste dans le monde du sport depuis plus de 5 ans, je traite aussi bien de football, de rugby, de biathlon que de cyclisme.","sameAs":["https:\/\/www.facebook.com\/dicodusport","https:\/\/x.com\/https:\/\/twitter.com\/Nico_Jacquemard"],"url":"https:\/\/dicodusport.fr\/blog\/author\/dicodusport\/"}]}},"_links":{"self":[{"href":"https:\/\/dicodusport.fr\/blog\/wp-json\/wp\/v2\/posts\/72095","targetHints":{"allow":["GET"]}}],"collection":[{"href":"https:\/\/dicodusport.fr\/blog\/wp-json\/wp\/v2\/posts"}],"about":[{"href":"https:\/\/dicodusport.fr\/blog\/wp-json\/wp\/v2\/types\/post"}],"author":[{"embeddable":true,"href":"https:\/\/dicodusport.fr\/blog\/wp-json\/wp\/v2\/users\/1"}],"replies":[{"embeddable":true,"href":"https:\/\/dicodusport.fr\/blog\/wp-json\/wp\/v2\/comments?post=72095"}],"version-history":[{"count":0,"href":"https:\/\/dicodusport.fr\/blog\/wp-json\/wp\/v2\/posts\/72095\/revisions"}],"wp:featuredmedia":[{"embeddable":true,"href":"https:\/\/dicodusport.fr\/blog\/wp-json\/wp\/v2\/media\/72101"}],"wp:attachment":[{"href":"https:\/\/dicodusport.fr\/blog\/wp-json\/wp\/v2\/media?parent=72095"}],"wp:term":[{"taxonomy":"category","embeddable":true,"href":"https:\/\/dicodusport.fr\/blog\/wp-json\/wp\/v2\/categories?post=72095"},{"taxonomy":"post_tag","embeddable":true,"href":"https:\/\/dicodusport.fr\/blog\/wp-json\/wp\/v2\/tags?post=72095"}],"curies":[{"name":"wp","href":"https:\/\/api.w.org\/{rel}","templated":true}]}}