{"id":72227,"date":"2020-07-22T09:50:10","date_gmt":"2020-07-22T07:50:10","guid":{"rendered":"http:\/\/dicodusport.fr\/blog\/?p=72227"},"modified":"2020-07-22T09:58:20","modified_gmt":"2020-07-22T07:58:20","slug":"la-justice-sociale-au-coeur-de-la-reprise-de-la-nba","status":"publish","type":"post","link":"https:\/\/dicodusport.fr\/blog\/la-justice-sociale-au-coeur-de-la-reprise-de-la-nba\/","title":{"rendered":"La justice sociale au coeur de la reprise de la NBA"},"content":{"rendered":"<p style=\"text-align: justify;\"><em><strong>Il ne reste plus qu&rsquo;une semaine avant la reprise de la saison NBA (30 juillet). Sur le plan sanitaire, la ligue am\u00e9ricaine a r\u00e9ussi son pari en offrant un environnement s\u00e9curis\u00e9 dans <a href=\"https:\/\/dicodusport.fr\/blog\/les-22-equipes-nba-sont-bien-arrivees-a-orlando\/\">la bulle d&rsquo;Orlando.<\/a> Les derniers tests \u00e0 la mi-juillet ne r\u00e9v\u00e8lent en effet aucun cas positif au Covid-19 parmi les 346 joueurs pr\u00e9sents. Mais c&rsquo;est sur le terrain du social que la NBA est maintenant particuli\u00e8rement attendue.<\/strong><\/em><\/p>\n<p style=\"text-align: justify;\">Pendant les mouvements sociaux du #BlackLivesMatter, <a href=\"https:\/\/dicodusport.fr\/blog\/la-semaine-de-la-planete-sport-vue-par-les-reseaux-sociaux-20\/\">les joueurs NBA ont \u00e9t\u00e9 parmi les personnalit\u00e9s am\u00e9ricaines les plus vocales.<\/a> \u00c0 majorit\u00e9 afro-am\u00e9ricains, ces derniers ont tout naturellement \u00e9t\u00e9 touch\u00e9s par la mort de George Floyd, et ont pour beaucoup pris part aux contestations qui ont suivi. Certains, comme Kyrie Irving, ont m\u00eame <a href=\"https:\/\/dicodusport.fr\/blog\/la-semaine-de-la-planete-sport-vue-par-les-reseaux-sociaux-22\/\">frond\u00e9 contre la reprise de la saison NBA.<\/a> La ligue se devait alors de prendre des mesures adapt\u00e9es \u00e0 ces revendications.<\/p>\n<h2 style=\"text-align: justify;\">Des maillots \u00e0 flocage personnalisable et un parquet grav\u00e9 #BlackLivesMatter<\/h2>\n<p style=\"text-align: justify;\">Les mesures d\u00e9cid\u00e9es par la ligue sont avant tout symboliques. Elles sont dans le but de <strong>supporter les joueurs dans leurs prises de paroles.<\/strong> <strong>Adam Silver,<\/strong> le big boss de la NBA, l&rsquo;explique :<em> \u00ab en tant que personnes majoritairement noires, les joueurs ont connu des exp\u00e9riences de vie qu&rsquo;ils veulent partager. <strong>Ils veulent faire entendre leur voix<\/strong> sur ces probl\u00e9matiques, et c&rsquo;est compr\u00e9hensible \u00bb<\/em>. La NBA va donc leur donner les moyens de s&rsquo;exprimer.<\/p>\n<p style=\"text-align: justify;\"><a href=\"https:\/\/dicodusport.fr\/blog\/f1-pilotes-genou-a-terre-grand-prix-autriche\/\">Comme dans beaucoup d&rsquo;autres sports<\/a>, les athl\u00e8tes seront autoris\u00e9s \u00e0 s&rsquo;agenouiller pendant l&rsquo;hymne national en d\u00e9but de match. Le slogan <strong>#BlackLivesMatter<\/strong> sera aussi appos\u00e9 sur le parquet d&rsquo;Orlando. Des initiatives tr\u00e8s bien accueillies par les joueurs. Autre moyen de s&rsquo;exprimer plus largement : <strong>les joueurs pourront floquer le dos de leur maillot avec des messages pour la justice sociale<\/strong>. Ainsi, <strong>Chris Paul, Giannis Antetokounmpo<\/strong> et le Fran\u00e7ais <strong>Rudy Gobert<\/strong> ont choisi d&rsquo;y afficher <em>\u00ab Equality \u00bb<\/em> (\u00c9galit\u00e9), tandis qu&rsquo;on verra <em>\u00abVote\u00bb<\/em> inscrit sur le maillot de Matisse Thybulle ou de Moe Wagner. De leur c\u00f4t\u00e9, <strong>Damian Lillard<\/strong> et Danny Green ont opt\u00e9 pour <em>\u00ab How Many More? \u00bb<\/em> (Combien de [morts] de plus ?). Toutes ces mesures ont \u00e9t\u00e9 d\u00e9cid\u00e9es apr\u00e8s concertation entre les instances de la ligue et le syndicat des joueurs.<\/p>\n<blockquote class=\"twitter-tweet\">\n<p dir=\"ltr\" lang=\"en\">Here is the NBA restart court in Orlando: the spaced out chairs are the socially distanced bench, Black Lives Matter is written on the court. <a href=\"https:\/\/t.co\/XGJu1w4QLC\">pic.twitter.com\/XGJu1w4QLC<\/a><\/p>\n<p>\u2014 Malika Andrews (@malika_andrews) <a href=\"https:\/\/twitter.com\/malika_andrews\/status\/1285590430546042887?ref_src=twsrc%5Etfw\">July 21, 2020<\/a><\/p><\/blockquote>\n<p><script async src=\"https:\/\/platform.twitter.com\/widgets.js\" charset=\"utf-8\"><\/script><\/p>\n<p><strong><em>Dicodusport<br \/>\n<a href=\"https:\/\/www.facebook.com\/dicodusport\/\" target=\"_blank\" rel=\"noopener noreferrer\"><img loading=\"lazy\" decoding=\"async\" class=\"alignnone wp-image-2909\" src=\"http:\/\/dicodusport.fr\/blog\/wp-content\/uploads\/2017\/07\/logo-facebook-150x150.png\" alt=\"\" width=\"40\" height=\"40\" \/><\/a><a href=\"https:\/\/twitter.com\/dicodusport\" target=\"_blank\" rel=\"noopener noreferrer\"><img loading=\"lazy\" decoding=\"async\" class=\"alignnone wp-image-2908\" src=\"http:\/\/dicodusport.fr\/blog\/wp-content\/uploads\/2017\/07\/logo-twitter-150x150.png\" alt=\"\" width=\"39\" height=\"39\" \/><\/a><\/em><\/strong><\/p>\n","protected":false},"excerpt":{"rendered":"<p>Il ne reste plus qu&rsquo;une semaine avant la reprise de la saison NBA (30 juillet). Sur le plan sanitaire, la ligue am\u00e9ricaine a r\u00e9ussi son pari en offrant un environnement s\u00e9curis\u00e9 dans la bulle d&rsquo;Orlando. Les derniers tests \u00e0 la mi-juillet ne r\u00e9v\u00e8lent en effet aucun cas positif au Covid-19 parmi les 346 joueurs pr\u00e9sents. Mais c&rsquo;est sur le terrain du social que la NBA est maintenant particuli\u00e8rement attendue.<\/p>\n","protected":false},"author":13,"featured_media":72232,"comment_status":"open","ping_status":"closed","sticky":false,"template":"","format":"standard","meta":{"_acf_changed":false,"_daextam_enable_autolinks":"","footnotes":""},"categories":[10533],"tags":[24],"class_list":["post-72227","post","type-post","status-publish","format-standard","has-post-thumbnail","hentry","category-nba","tag-sport"],"acf":[],"yoast_head":"<!-- This site is optimized with the Yoast SEO Premium plugin v26.7 (Yoast SEO v26.7) - https:\/\/yoast.com\/wordpress\/plugins\/seo\/ -->\n<title>La justice sociale au coeur de la reprise de la NBA<\/title>\n<meta name=\"description\" content=\"Pendant les mouvements sociaux du #BlackLivesMatter, les joueurs NBA ont \u00e9t\u00e9 parmi les plus vocaux. La ligue a donc pris des mesures pour qu&#039;ils s&#039;expriment\" \/>\n<meta name=\"robots\" content=\"index, follow, max-snippet:-1, max-image-preview:large, max-video-preview:-1\" \/>\n<link rel=\"canonical\" href=\"https:\/\/dicodusport.fr\/blog\/la-justice-sociale-au-coeur-de-la-reprise-de-la-nba\/\" \/>\n<meta property=\"og:locale\" content=\"fr_FR\" \/>\n<meta property=\"og:type\" content=\"article\" \/>\n<meta property=\"og:title\" content=\"La justice sociale au coeur de la reprise de la NBA\" \/>\n<meta property=\"og:description\" content=\"Pendant les mouvements sociaux du #BlackLivesMatter, les joueurs NBA ont \u00e9t\u00e9 parmi les plus vocaux. La ligue a donc pris des mesures pour qu&#039;ils s&#039;expriment\" \/>\n<meta property=\"og:url\" content=\"https:\/\/dicodusport.fr\/blog\/la-justice-sociale-au-coeur-de-la-reprise-de-la-nba\/\" \/>\n<meta property=\"og:site_name\" content=\"Dicodusport\" \/>\n<meta property=\"article:publisher\" content=\"https:\/\/www.facebook.com\/dicodusport\" \/>\n<meta property=\"article:published_time\" content=\"2020-07-22T07:50:10+00:00\" \/>\n<meta property=\"article:modified_time\" content=\"2020-07-22T07:58:20+00:00\" \/>\n<meta property=\"og:image\" content=\"https:\/\/dicodusport.fr\/blog\/wp-content\/uploads\/2020\/07\/Le-slogan-Black-Lives-Matter-va-\u00eatre-grav\u00e9-sur-le-parquet-NBA-\u00e0-Orlando.png\" \/>\n\t<meta property=\"og:image:width\" content=\"800\" \/>\n\t<meta property=\"og:image:height\" content=\"445\" \/>\n\t<meta property=\"og:image:type\" content=\"image\/png\" \/>\n<meta name=\"author\" content=\"Tom Compayrot\" \/>\n<meta name=\"twitter:card\" content=\"summary_large_image\" \/>\n<meta name=\"twitter:title\" content=\"La justice sociale au coeur de la reprise de la NBA\" \/>\n<meta name=\"twitter:creator\" content=\"@https:\/\/twitter.com\/Tom_Cprt\" \/>\n<meta name=\"twitter:site\" content=\"@dicodusport\" \/>\n<script type=\"application\/ld+json\" class=\"yoast-schema-graph\">{\"@context\":\"https:\/\/schema.org\",\"@graph\":[{\"@type\":\"NewsArticle\",\"@id\":\"https:\/\/dicodusport.fr\/blog\/la-justice-sociale-au-coeur-de-la-reprise-de-la-nba\/#article\",\"isPartOf\":{\"@id\":\"https:\/\/dicodusport.fr\/blog\/la-justice-sociale-au-coeur-de-la-reprise-de-la-nba\/\"},\"author\":{\"name\":\"Tom Compayrot\",\"@id\":\"https:\/\/dicodusport.fr\/blog\/#\/schema\/person\/bf1e4f404e108bd2be5b447b16bde9a7\"},\"headline\":\"La justice sociale au coeur de la reprise de la NBA\",\"datePublished\":\"2020-07-22T07:50:10+00:00\",\"dateModified\":\"2020-07-22T07:58:20+00:00\",\"mainEntityOfPage\":{\"@id\":\"https:\/\/dicodusport.fr\/blog\/la-justice-sociale-au-coeur-de-la-reprise-de-la-nba\/\"},\"wordCount\":432,\"commentCount\":0,\"publisher\":{\"@id\":\"https:\/\/dicodusport.fr\/blog\/#organization\"},\"image\":{\"@id\":\"https:\/\/dicodusport.fr\/blog\/la-justice-sociale-au-coeur-de-la-reprise-de-la-nba\/#primaryimage\"},\"thumbnailUrl\":\"https:\/\/dicodusport.fr\/blog\/wp-content\/uploads\/2020\/07\/Le-slogan-Black-Lives-Matter-va-\u00eatre-grav\u00e9-sur-le-parquet-NBA-\u00e0-Orlando.png\",\"keywords\":[\"sport\"],\"articleSection\":[\"NBA\"],\"inLanguage\":\"fr-FR\",\"potentialAction\":[{\"@type\":\"CommentAction\",\"name\":\"Comment\",\"target\":[\"https:\/\/dicodusport.fr\/blog\/la-justice-sociale-au-coeur-de-la-reprise-de-la-nba\/#respond\"]}],\"copyrightYear\":\"2020\",\"copyrightHolder\":{\"@id\":\"https:\/\/dicodusport.fr\/blog\/#organization\"}},{\"@type\":\"WebPage\",\"@id\":\"https:\/\/dicodusport.fr\/blog\/la-justice-sociale-au-coeur-de-la-reprise-de-la-nba\/\",\"url\":\"https:\/\/dicodusport.fr\/blog\/la-justice-sociale-au-coeur-de-la-reprise-de-la-nba\/\",\"name\":\"La justice sociale au coeur de la reprise de la NBA\",\"isPartOf\":{\"@id\":\"https:\/\/dicodusport.fr\/blog\/#website\"},\"primaryImageOfPage\":{\"@id\":\"https:\/\/dicodusport.fr\/blog\/la-justice-sociale-au-coeur-de-la-reprise-de-la-nba\/#primaryimage\"},\"image\":{\"@id\":\"https:\/\/dicodusport.fr\/blog\/la-justice-sociale-au-coeur-de-la-reprise-de-la-nba\/#primaryimage\"},\"thumbnailUrl\":\"https:\/\/dicodusport.fr\/blog\/wp-content\/uploads\/2020\/07\/Le-slogan-Black-Lives-Matter-va-\u00eatre-grav\u00e9-sur-le-parquet-NBA-\u00e0-Orlando.png\",\"datePublished\":\"2020-07-22T07:50:10+00:00\",\"dateModified\":\"2020-07-22T07:58:20+00:00\",\"description\":\"Pendant les mouvements sociaux du #BlackLivesMatter, les joueurs NBA ont \u00e9t\u00e9 parmi les plus vocaux. La ligue a donc pris des mesures pour qu'ils s'expriment\",\"breadcrumb\":{\"@id\":\"https:\/\/dicodusport.fr\/blog\/la-justice-sociale-au-coeur-de-la-reprise-de-la-nba\/#breadcrumb\"},\"inLanguage\":\"fr-FR\",\"potentialAction\":[{\"@type\":\"ReadAction\",\"target\":[\"https:\/\/dicodusport.fr\/blog\/la-justice-sociale-au-coeur-de-la-reprise-de-la-nba\/\"]}]},{\"@type\":\"ImageObject\",\"inLanguage\":\"fr-FR\",\"@id\":\"https:\/\/dicodusport.fr\/blog\/la-justice-sociale-au-coeur-de-la-reprise-de-la-nba\/#primaryimage\",\"url\":\"https:\/\/dicodusport.fr\/blog\/wp-content\/uploads\/2020\/07\/Le-slogan-Black-Lives-Matter-va-\u00eatre-grav\u00e9-sur-le-parquet-NBA-\u00e0-Orlando.png\",\"contentUrl\":\"https:\/\/dicodusport.fr\/blog\/wp-content\/uploads\/2020\/07\/Le-slogan-Black-Lives-Matter-va-\u00eatre-grav\u00e9-sur-le-parquet-NBA-\u00e0-Orlando.png\",\"width\":800,\"height\":445},{\"@type\":\"BreadcrumbList\",\"@id\":\"https:\/\/dicodusport.fr\/blog\/la-justice-sociale-au-coeur-de-la-reprise-de-la-nba\/#breadcrumb\",\"itemListElement\":[{\"@type\":\"ListItem\",\"position\":1,\"name\":\"Accueil\",\"item\":\"https:\/\/dicodusport.fr\/blog\/\"},{\"@type\":\"ListItem\",\"position\":2,\"name\":\"La justice sociale au coeur de la reprise de la NBA\"}]},{\"@type\":\"WebSite\",\"@id\":\"https:\/\/dicodusport.fr\/blog\/#website\",\"url\":\"https:\/\/dicodusport.fr\/blog\/\",\"name\":\"Dicodusport\",\"description\":\"L&#039;encyclop\u00e9die de l&#039;actualit\u00e9 sportive\",\"publisher\":{\"@id\":\"https:\/\/dicodusport.fr\/blog\/#organization\"},\"potentialAction\":[{\"@type\":\"SearchAction\",\"target\":{\"@type\":\"EntryPoint\",\"urlTemplate\":\"https:\/\/dicodusport.fr\/blog\/?s={search_term_string}\"},\"query-input\":{\"@type\":\"PropertyValueSpecification\",\"valueRequired\":true,\"valueName\":\"search_term_string\"}}],\"inLanguage\":\"fr-FR\"},{\"@type\":\"NewsMediaOrganization\",\"@id\":\"https:\/\/dicodusport.fr\/blog\/#organization\",\"name\":\"Dicodusport\",\"url\":\"https:\/\/dicodusport.fr\/blog\/\",\"logo\":{\"@type\":\"ImageObject\",\"inLanguage\":\"fr-FR\",\"@id\":\"https:\/\/dicodusport.fr\/blog\/#\/schema\/logo\/image\/\",\"url\":\"https:\/\/dicodusport.fr\/blog\/wp-content\/uploads\/2020\/06\/cropped-LOGO-DICODUSPORT-2020-SANS-FOND-SANS-TEXTE.png\",\"contentUrl\":\"https:\/\/dicodusport.fr\/blog\/wp-content\/uploads\/2020\/06\/cropped-LOGO-DICODUSPORT-2020-SANS-FOND-SANS-TEXTE.png\",\"width\":512,\"height\":512,\"caption\":\"Dicodusport\"},\"image\":{\"@id\":\"https:\/\/dicodusport.fr\/blog\/#\/schema\/logo\/image\/\"},\"sameAs\":[\"https:\/\/www.facebook.com\/dicodusport\",\"https:\/\/x.com\/dicodusport\",\"https:\/\/www.instagram.com\/dicodusport\/\",\"https:\/\/www.youtube.com\/channel\/UC7V2KZ5sd3htJivAbA4ZG3w\"],\"description\":\"Dicodusport est l'encyclop\u00e9die de l'actualit\u00e9 sportive.\",\"email\":\"bonjour@dicodusport.fr\",\"legalName\":\"DICODUSPORT\",\"foundingDate\":\"2018-01-14\",\"vatID\":\"FR71834470973\",\"taxID\":\"83447097300043\",\"numberOfEmployees\":{\"@type\":\"QuantitativeValue\",\"minValue\":\"1\",\"maxValue\":\"10\"}},{\"@type\":\"Person\",\"@id\":\"https:\/\/dicodusport.fr\/blog\/#\/schema\/person\/bf1e4f404e108bd2be5b447b16bde9a7\",\"name\":\"Tom Compayrot\",\"image\":{\"@type\":\"ImageObject\",\"inLanguage\":\"fr-FR\",\"@id\":\"https:\/\/dicodusport.fr\/blog\/#\/schema\/person\/image\/\",\"url\":\"https:\/\/dicodusport.fr\/blog\/wp-content\/uploads\/2021\/05\/Tom-Compayrot-150x150.jpg\",\"contentUrl\":\"https:\/\/dicodusport.fr\/blog\/wp-content\/uploads\/2021\/05\/Tom-Compayrot-150x150.jpg\",\"caption\":\"Tom Compayrot\"},\"description\":\"Journaliste\/r\u00e9dacteur depuis mars 2017 - Amoureux de la petite balle jaune et du gros ballon orange qui tra\u00eene sa carcasse sur Dicodusport depuis 2017. Rafael Nadal et LeBron James sont les meilleurs joueurs de l'histoire.\",\"sameAs\":[\"https:\/\/x.com\/https:\/\/twitter.com\/Tom_Cprt\"],\"url\":\"https:\/\/dicodusport.fr\/blog\/author\/tom\/\"}]}<\/script>\n<!-- \/ Yoast SEO Premium plugin. -->","yoast_head_json":{"title":"La justice sociale au coeur de la reprise de la NBA","description":"Pendant les mouvements sociaux du #BlackLivesMatter, les joueurs NBA ont \u00e9t\u00e9 parmi les plus vocaux. La ligue a donc pris des mesures pour qu'ils s'expriment","robots":{"index":"index","follow":"follow","max-snippet":"max-snippet:-1","max-image-preview":"max-image-preview:large","max-video-preview":"max-video-preview:-1"},"canonical":"https:\/\/dicodusport.fr\/blog\/la-justice-sociale-au-coeur-de-la-reprise-de-la-nba\/","og_locale":"fr_FR","og_type":"article","og_title":"La justice sociale au coeur de la reprise de la NBA","og_description":"Pendant les mouvements sociaux du #BlackLivesMatter, les joueurs NBA ont \u00e9t\u00e9 parmi les plus vocaux. La ligue a donc pris des mesures pour qu'ils s'expriment","og_url":"https:\/\/dicodusport.fr\/blog\/la-justice-sociale-au-coeur-de-la-reprise-de-la-nba\/","og_site_name":"Dicodusport","article_publisher":"https:\/\/www.facebook.com\/dicodusport","article_published_time":"2020-07-22T07:50:10+00:00","article_modified_time":"2020-07-22T07:58:20+00:00","og_image":[{"width":800,"height":445,"url":"https:\/\/dicodusport.fr\/blog\/wp-content\/uploads\/2020\/07\/Le-slogan-Black-Lives-Matter-va-\u00eatre-grav\u00e9-sur-le-parquet-NBA-\u00e0-Orlando.png","type":"image\/png"}],"author":"Tom Compayrot","twitter_card":"summary_large_image","twitter_title":"La justice sociale au coeur de la reprise de la NBA","twitter_creator":"@https:\/\/twitter.com\/Tom_Cprt","twitter_site":"@dicodusport","schema":{"@context":"https:\/\/schema.org","@graph":[{"@type":"NewsArticle","@id":"https:\/\/dicodusport.fr\/blog\/la-justice-sociale-au-coeur-de-la-reprise-de-la-nba\/#article","isPartOf":{"@id":"https:\/\/dicodusport.fr\/blog\/la-justice-sociale-au-coeur-de-la-reprise-de-la-nba\/"},"author":{"name":"Tom Compayrot","@id":"https:\/\/dicodusport.fr\/blog\/#\/schema\/person\/bf1e4f404e108bd2be5b447b16bde9a7"},"headline":"La justice sociale au coeur de la reprise de la NBA","datePublished":"2020-07-22T07:50:10+00:00","dateModified":"2020-07-22T07:58:20+00:00","mainEntityOfPage":{"@id":"https:\/\/dicodusport.fr\/blog\/la-justice-sociale-au-coeur-de-la-reprise-de-la-nba\/"},"wordCount":432,"commentCount":0,"publisher":{"@id":"https:\/\/dicodusport.fr\/blog\/#organization"},"image":{"@id":"https:\/\/dicodusport.fr\/blog\/la-justice-sociale-au-coeur-de-la-reprise-de-la-nba\/#primaryimage"},"thumbnailUrl":"https:\/\/dicodusport.fr\/blog\/wp-content\/uploads\/2020\/07\/Le-slogan-Black-Lives-Matter-va-\u00eatre-grav\u00e9-sur-le-parquet-NBA-\u00e0-Orlando.png","keywords":["sport"],"articleSection":["NBA"],"inLanguage":"fr-FR","potentialAction":[{"@type":"CommentAction","name":"Comment","target":["https:\/\/dicodusport.fr\/blog\/la-justice-sociale-au-coeur-de-la-reprise-de-la-nba\/#respond"]}],"copyrightYear":"2020","copyrightHolder":{"@id":"https:\/\/dicodusport.fr\/blog\/#organization"}},{"@type":"WebPage","@id":"https:\/\/dicodusport.fr\/blog\/la-justice-sociale-au-coeur-de-la-reprise-de-la-nba\/","url":"https:\/\/dicodusport.fr\/blog\/la-justice-sociale-au-coeur-de-la-reprise-de-la-nba\/","name":"La justice sociale au coeur de la reprise de la NBA","isPartOf":{"@id":"https:\/\/dicodusport.fr\/blog\/#website"},"primaryImageOfPage":{"@id":"https:\/\/dicodusport.fr\/blog\/la-justice-sociale-au-coeur-de-la-reprise-de-la-nba\/#primaryimage"},"image":{"@id":"https:\/\/dicodusport.fr\/blog\/la-justice-sociale-au-coeur-de-la-reprise-de-la-nba\/#primaryimage"},"thumbnailUrl":"https:\/\/dicodusport.fr\/blog\/wp-content\/uploads\/2020\/07\/Le-slogan-Black-Lives-Matter-va-\u00eatre-grav\u00e9-sur-le-parquet-NBA-\u00e0-Orlando.png","datePublished":"2020-07-22T07:50:10+00:00","dateModified":"2020-07-22T07:58:20+00:00","description":"Pendant les mouvements sociaux du #BlackLivesMatter, les joueurs NBA ont \u00e9t\u00e9 parmi les plus vocaux. La ligue a donc pris des mesures pour qu'ils s'expriment","breadcrumb":{"@id":"https:\/\/dicodusport.fr\/blog\/la-justice-sociale-au-coeur-de-la-reprise-de-la-nba\/#breadcrumb"},"inLanguage":"fr-FR","potentialAction":[{"@type":"ReadAction","target":["https:\/\/dicodusport.fr\/blog\/la-justice-sociale-au-coeur-de-la-reprise-de-la-nba\/"]}]},{"@type":"ImageObject","inLanguage":"fr-FR","@id":"https:\/\/dicodusport.fr\/blog\/la-justice-sociale-au-coeur-de-la-reprise-de-la-nba\/#primaryimage","url":"https:\/\/dicodusport.fr\/blog\/wp-content\/uploads\/2020\/07\/Le-slogan-Black-Lives-Matter-va-\u00eatre-grav\u00e9-sur-le-parquet-NBA-\u00e0-Orlando.png","contentUrl":"https:\/\/dicodusport.fr\/blog\/wp-content\/uploads\/2020\/07\/Le-slogan-Black-Lives-Matter-va-\u00eatre-grav\u00e9-sur-le-parquet-NBA-\u00e0-Orlando.png","width":800,"height":445},{"@type":"BreadcrumbList","@id":"https:\/\/dicodusport.fr\/blog\/la-justice-sociale-au-coeur-de-la-reprise-de-la-nba\/#breadcrumb","itemListElement":[{"@type":"ListItem","position":1,"name":"Accueil","item":"https:\/\/dicodusport.fr\/blog\/"},{"@type":"ListItem","position":2,"name":"La justice sociale au coeur de la reprise de la NBA"}]},{"@type":"WebSite","@id":"https:\/\/dicodusport.fr\/blog\/#website","url":"https:\/\/dicodusport.fr\/blog\/","name":"Dicodusport","description":"L&#039;encyclop\u00e9die de l&#039;actualit\u00e9 sportive","publisher":{"@id":"https:\/\/dicodusport.fr\/blog\/#organization"},"potentialAction":[{"@type":"SearchAction","target":{"@type":"EntryPoint","urlTemplate":"https:\/\/dicodusport.fr\/blog\/?s={search_term_string}"},"query-input":{"@type":"PropertyValueSpecification","valueRequired":true,"valueName":"search_term_string"}}],"inLanguage":"fr-FR"},{"@type":"NewsMediaOrganization","@id":"https:\/\/dicodusport.fr\/blog\/#organization","name":"Dicodusport","url":"https:\/\/dicodusport.fr\/blog\/","logo":{"@type":"ImageObject","inLanguage":"fr-FR","@id":"https:\/\/dicodusport.fr\/blog\/#\/schema\/logo\/image\/","url":"https:\/\/dicodusport.fr\/blog\/wp-content\/uploads\/2020\/06\/cropped-LOGO-DICODUSPORT-2020-SANS-FOND-SANS-TEXTE.png","contentUrl":"https:\/\/dicodusport.fr\/blog\/wp-content\/uploads\/2020\/06\/cropped-LOGO-DICODUSPORT-2020-SANS-FOND-SANS-TEXTE.png","width":512,"height":512,"caption":"Dicodusport"},"image":{"@id":"https:\/\/dicodusport.fr\/blog\/#\/schema\/logo\/image\/"},"sameAs":["https:\/\/www.facebook.com\/dicodusport","https:\/\/x.com\/dicodusport","https:\/\/www.instagram.com\/dicodusport\/","https:\/\/www.youtube.com\/channel\/UC7V2KZ5sd3htJivAbA4ZG3w"],"description":"Dicodusport est l'encyclop\u00e9die de l'actualit\u00e9 sportive.","email":"bonjour@dicodusport.fr","legalName":"DICODUSPORT","foundingDate":"2018-01-14","vatID":"FR71834470973","taxID":"83447097300043","numberOfEmployees":{"@type":"QuantitativeValue","minValue":"1","maxValue":"10"}},{"@type":"Person","@id":"https:\/\/dicodusport.fr\/blog\/#\/schema\/person\/bf1e4f404e108bd2be5b447b16bde9a7","name":"Tom Compayrot","image":{"@type":"ImageObject","inLanguage":"fr-FR","@id":"https:\/\/dicodusport.fr\/blog\/#\/schema\/person\/image\/","url":"https:\/\/dicodusport.fr\/blog\/wp-content\/uploads\/2021\/05\/Tom-Compayrot-150x150.jpg","contentUrl":"https:\/\/dicodusport.fr\/blog\/wp-content\/uploads\/2021\/05\/Tom-Compayrot-150x150.jpg","caption":"Tom Compayrot"},"description":"Journaliste\/r\u00e9dacteur depuis mars 2017 - Amoureux de la petite balle jaune et du gros ballon orange qui tra\u00eene sa carcasse sur Dicodusport depuis 2017. Rafael Nadal et LeBron James sont les meilleurs joueurs de l'histoire.","sameAs":["https:\/\/x.com\/https:\/\/twitter.com\/Tom_Cprt"],"url":"https:\/\/dicodusport.fr\/blog\/author\/tom\/"}]}},"_links":{"self":[{"href":"https:\/\/dicodusport.fr\/blog\/wp-json\/wp\/v2\/posts\/72227","targetHints":{"allow":["GET"]}}],"collection":[{"href":"https:\/\/dicodusport.fr\/blog\/wp-json\/wp\/v2\/posts"}],"about":[{"href":"https:\/\/dicodusport.fr\/blog\/wp-json\/wp\/v2\/types\/post"}],"author":[{"embeddable":true,"href":"https:\/\/dicodusport.fr\/blog\/wp-json\/wp\/v2\/users\/13"}],"replies":[{"embeddable":true,"href":"https:\/\/dicodusport.fr\/blog\/wp-json\/wp\/v2\/comments?post=72227"}],"version-history":[{"count":0,"href":"https:\/\/dicodusport.fr\/blog\/wp-json\/wp\/v2\/posts\/72227\/revisions"}],"wp:featuredmedia":[{"embeddable":true,"href":"https:\/\/dicodusport.fr\/blog\/wp-json\/wp\/v2\/media\/72232"}],"wp:attachment":[{"href":"https:\/\/dicodusport.fr\/blog\/wp-json\/wp\/v2\/media?parent=72227"}],"wp:term":[{"taxonomy":"category","embeddable":true,"href":"https:\/\/dicodusport.fr\/blog\/wp-json\/wp\/v2\/categories?post=72227"},{"taxonomy":"post_tag","embeddable":true,"href":"https:\/\/dicodusport.fr\/blog\/wp-json\/wp\/v2\/tags?post=72227"}],"curies":[{"name":"wp","href":"https:\/\/api.w.org\/{rel}","templated":true}]}}