{"id":7247,"date":"2017-11-20T13:00:03","date_gmt":"2017-11-20T12:00:03","guid":{"rendered":"http:\/\/dicodusport.fr\/blog\/?p=7247"},"modified":"2017-11-20T14:36:50","modified_gmt":"2017-11-20T13:36:50","slug":"finale-de-coupe-davis-joueurs-belges","status":"publish","type":"post","link":"https:\/\/dicodusport.fr\/blog\/finale-de-coupe-davis-joueurs-belges\/","title":{"rendered":"Finale de la Coupe Davis : les joueurs belges"},"content":{"rendered":"<p style=\"text-align: justify;\"><strong><em>La finale de la Coupe Davis approche \u00e0 grands pas. Apr\u00e8s la s\u00e9lection fran\u00e7aise, pr\u00e9sentation de la s\u00e9lection belge !<\/em><\/strong><\/p>\n<p style=\"text-align: justify;\"><strong><em>Comme Yannick Noah, Johan Van Herck a donn\u00e9 une liste \u00e9largie de joueurs (4 + 1 r\u00e9serviste) et fera son choix au dernier moment. En stage \u00e0 Uccle la semaine derni\u00e8re (sauf Goffin qui \u00e9tait \u00e0 Londres pour le Masters), les Belges ont rejoint Villeneuve-d&rsquo;Ascq hier.<\/em><\/strong><\/p>\n<hr \/>\n<div id=\"attachment_7343\" style=\"width: 751px\" class=\"wp-caption aligncenter\"><a href=\"http:\/\/dicodusport.fr\/blog\/wp-content\/uploads\/2017\/11\/David-Goffin.jpg\"><img loading=\"lazy\" decoding=\"async\" aria-describedby=\"caption-attachment-7343\" class=\"wp-image-7343 \" src=\"http:\/\/dicodusport.fr\/blog\/wp-content\/uploads\/2017\/11\/David-Goffin.jpg\" alt=\"\" width=\"741\" height=\"465\" srcset=\"https:\/\/dicodusport.fr\/blog\/wp-content\/uploads\/2017\/11\/David-Goffin.jpg 950w, https:\/\/dicodusport.fr\/blog\/wp-content\/uploads\/2017\/11\/David-Goffin-300x188.jpg 300w, https:\/\/dicodusport.fr\/blog\/wp-content\/uploads\/2017\/11\/David-Goffin-768x482.jpg 768w\" sizes=\"auto, (max-width: 741px) 100vw, 741px\" \/><\/a><p id=\"caption-attachment-7343\" class=\"wp-caption-text\">\u00a9 Imagellan<\/p><\/div>\n<p>David Goffin r\u00e9alise la meilleure saison de sa carri\u00e8re. Quart de finaliste \u00e0 l&rsquo;Open d&rsquo;Australie, il r\u00e9alisait une bonne saison sur terre battue avant de se blesser au troisi\u00e8me tour de Roland Garros. Touch\u00e9 \u00e0 la cheville, il a repris le chemin des courts \u00e0 la mi-juillet, avec des r\u00e9sultats peu satisfaisants. Elimin\u00e9 en huiti\u00e8mes de finale par Rublev \u00e0 l&rsquo;US Open, il s&rsquo;est refait une sant\u00e9 lors de la demi-finale de Coupe Davis face \u00e0 l&rsquo;Australie. Il a ensuite encha\u00een\u00e9 les tournois et s&rsquo;est impos\u00e9 \u00e0 l&rsquo;Open de Shenzhen puis la semaine suivante \u00e0 Tokyo. Pour la premi\u00e8re fois de sa carri\u00e8re, il a particip\u00e9 au Masters o\u00f9 il a atteint la finale apr\u00e8s avoir battu Nadal en poules et Federer en demi-finale.<br \/>\nForfait face \u00e0 l&rsquo;Allemagne lors du premier tour de Coupe Davis, il a remport\u00e9 ses simples face \u00e0 l&rsquo;Italie (Seppi et Lorenzi) et face \u00e0 l&rsquo;Australie (Millman et Kyrgios).<\/p>\n<p>&nbsp;<\/p>\n<div id=\"attachment_7331\" style=\"width: 770px\" class=\"wp-caption aligncenter\"><a href=\"http:\/\/dicodusport.fr\/blog\/wp-content\/uploads\/2017\/11\/Steve-Darcis.jpg\"><img loading=\"lazy\" decoding=\"async\" aria-describedby=\"caption-attachment-7331\" class=\"wp-image-7331 \" src=\"http:\/\/dicodusport.fr\/blog\/wp-content\/uploads\/2017\/11\/Steve-Darcis.jpg\" alt=\"\" width=\"760\" height=\"407\" srcset=\"https:\/\/dicodusport.fr\/blog\/wp-content\/uploads\/2017\/11\/Steve-Darcis.jpg 1172w, https:\/\/dicodusport.fr\/blog\/wp-content\/uploads\/2017\/11\/Steve-Darcis-300x161.jpg 300w, https:\/\/dicodusport.fr\/blog\/wp-content\/uploads\/2017\/11\/Steve-Darcis-768x412.jpg 768w, https:\/\/dicodusport.fr\/blog\/wp-content\/uploads\/2017\/11\/Steve-Darcis-1024x549.jpg 1024w\" sizes=\"auto, (max-width: 760px) 100vw, 760px\" \/><\/a><p id=\"caption-attachment-7331\" class=\"wp-caption-text\">\u00a9 Imagellan<\/p><\/div>\n<p style=\"text-align: justify;\">Appelez-le \u00ab\u00a0The Shark\u00a0\u00bb (requin) ou monsieur Coupe Davis ! En effet, d\u00e8s qu&rsquo;il rev\u00eat l&rsquo;habit national, Darcis est un autre homme. S&rsquo;il compte 59% de victoires dans la comp\u00e9tition (70% si on ne s&rsquo;int\u00e9resse qu&rsquo;aux simples), il est l&rsquo;un des piliers de cette \u00e9quipe depuis 2005 et r\u00e9pond souvent pr\u00e9sent dans les moments d\u00e9cisifs. Le Li\u00e9geois qui a atteint son meilleur classement au mois de mai (38<sup>e<\/sup>) a \u00e9t\u00e9 le h\u00e9ros de tout un peuple lors du premier tour. Priv\u00e9e de Goffin, la Belgique s&rsquo;appuyait sur Darcis face \u00e0 l&rsquo;Allemagne de Kohlschreiber et des fr\u00e8res Zverev. Il a remport\u00e9 ses deux simples. En demi-finale face \u00e0 l&rsquo;Australie, il n&rsquo;a pas flanch\u00e9 pour apporter le point de la victoire lors du dernier match face \u00e0 Thompson. Bless\u00e9 au coude, il avait abandonn\u00e9 en quarts de finale \u00e0 P\u00e9kin face \u00e0 Kyrgios au d\u00e9but du mois d&rsquo;octobre. Deux semaines plus tard il avait tout de m\u00eame tenu \u00e0 participer \u00e0 l&rsquo;Open d&rsquo;Anvers mais a \u00e9t\u00e9 \u00e9limin\u00e9 en huiti\u00e8mes de finale par Ferrer. Le 21 octobre il a d\u00e9cid\u00e9 de s&rsquo;accorder deux semaines de repos pour soigner son coude et pouvoir \u00eatre en forme pour la finale. En d\u00e9but de stage, son entraineur Van Herck a rassur\u00e9 quant \u00e0 l&rsquo;\u00e9tat de son joueur : <em>\u00ab\u00a0Il s&rsquo;entra\u00eene physiquement le matin et joue deux heures l&rsquo;apr\u00e8s-midi, comme tout le monde. Son coude va bien.\u00a0\u00bb<\/em><\/p>\n<p>&nbsp;<\/p>\n<div id=\"attachment_7341\" style=\"width: 630px\" class=\"wp-caption aligncenter\"><a href=\"http:\/\/dicodusport.fr\/blog\/wp-content\/uploads\/2017\/11\/Ruben-Bemelmans.jpg\"><img loading=\"lazy\" decoding=\"async\" aria-describedby=\"caption-attachment-7341\" class=\"wp-image-7341 \" src=\"http:\/\/dicodusport.fr\/blog\/wp-content\/uploads\/2017\/11\/Ruben-Bemelmans.jpg\" alt=\"\" width=\"620\" height=\"449\" srcset=\"https:\/\/dicodusport.fr\/blog\/wp-content\/uploads\/2017\/11\/Ruben-Bemelmans.jpg 750w, https:\/\/dicodusport.fr\/blog\/wp-content\/uploads\/2017\/11\/Ruben-Bemelmans-300x217.jpg 300w\" sizes=\"auto, (max-width: 620px) 100vw, 620px\" \/><\/a><p id=\"caption-attachment-7341\" class=\"wp-caption-text\">\u00a9 Vincent Van Doornick \/ Isosport<\/p><\/div>\n<p style=\"text-align: justify;\">Cette ann\u00e9e, Bemelmans a \u00e9volu\u00e9 plus de la moiti\u00e9 du temps sur le circuit Challenger o\u00f9 il a remport\u00e9 un titre en d\u00e9but d&rsquo;ann\u00e9e \u00e0 Coblence. Sur le circuit principal il a atteint les demi-finales du tournoi d&rsquo;Anvers en octobre dernier et avait atteint le troisi\u00e8me tour \u00e0 Wimbledon apr\u00e8s avoir remport\u00e9 ses trois matchs de qualifications. Dans l&rsquo;\u00e9quipe depuis 2008, il \u00e9volue aussi bien en simple qu&rsquo;en double. Il a remport\u00e9 le double avec De Greef face aux fr\u00e8res Zverev lors du premier tour.<\/p>\n<p>&nbsp;<\/p>\n<div id=\"attachment_7339\" style=\"width: 623px\" class=\"wp-caption aligncenter\"><a href=\"http:\/\/dicodusport.fr\/blog\/wp-content\/uploads\/2017\/11\/Arthur-de-Greef.jpg\"><img loading=\"lazy\" decoding=\"async\" aria-describedby=\"caption-attachment-7339\" class=\"wp-image-7339 \" src=\"http:\/\/dicodusport.fr\/blog\/wp-content\/uploads\/2017\/11\/Arthur-de-Greef.jpg\" alt=\"\" width=\"613\" height=\"450\" srcset=\"https:\/\/dicodusport.fr\/blog\/wp-content\/uploads\/2017\/11\/Arthur-de-Greef.jpg 750w, https:\/\/dicodusport.fr\/blog\/wp-content\/uploads\/2017\/11\/Arthur-de-Greef-300x220.jpg 300w\" sizes=\"auto, (max-width: 613px) 100vw, 613px\" \/><\/a><p id=\"caption-attachment-7339\" class=\"wp-caption-text\">\u00a9 Imagellan<\/p><\/div>\n<p style=\"text-align: justify;\">De Greef \u00e9volue principalement sur le circuit Challenger. Il a fait son apparition dans le groupe belge cette ann\u00e9e, pour le premier tour. Battu par Alexander Zverev pour sa premi\u00e8re s\u00e9lection, il a remplac\u00e9 De Loore, bless\u00e9, lors de la demi-finale face \u00e0 l&rsquo;Australie. Il s&rsquo;est inclin\u00e9 lors du double avec Bemelmans face \u00e0 Peers et Thompson.<\/p>\n<p>&nbsp;<\/p>\n<div id=\"attachment_7351\" style=\"width: 639px\" class=\"wp-caption aligncenter\"><a href=\"http:\/\/dicodusport.fr\/blog\/wp-content\/uploads\/2017\/11\/Joris-de-Loore-1.jpg\"><img loading=\"lazy\" decoding=\"async\" aria-describedby=\"caption-attachment-7351\" class=\"wp-image-7351 \" src=\"http:\/\/dicodusport.fr\/blog\/wp-content\/uploads\/2017\/11\/Joris-de-Loore-1.jpg\" alt=\"\" width=\"629\" height=\"453\" srcset=\"https:\/\/dicodusport.fr\/blog\/wp-content\/uploads\/2017\/11\/Joris-de-Loore-1.jpg 750w, https:\/\/dicodusport.fr\/blog\/wp-content\/uploads\/2017\/11\/Joris-de-Loore-1-300x216.jpg 300w\" sizes=\"auto, (max-width: 629px) 100vw, 629px\" \/><\/a><p id=\"caption-attachment-7351\" class=\"wp-caption-text\">\u00a9 Vincent Van Doornick \/ Isosport<\/p><\/div>\n<p>&nbsp;<\/p>\n<p style=\"text-align: justify;\">De Loore est r\u00e9serviste. Il a rejoint le groupe lors des play-offs remport\u00e9s 4-1 l&rsquo;ann\u00e9e derni\u00e8re face au Br\u00e9sil. Il avait remport\u00e9 le double avec Bemelmans face \u00e0 Melo et Soares et s&rsquo;\u00e9tait impos\u00e9 lors du troisi\u00e8me simple face \u00e0 Bellucci. Cette ann\u00e9e, il a remport\u00e9 le double avec Bemelmans face \u00e0 l&rsquo;Allemagne lors du premier tour. En quarts de finale ils s&rsquo;\u00e9taient inclin\u00e9s face \u00e0 la paire Bolelli\/Seppi. D\u00e9j\u00e0 qualifi\u00e9s pour la demi-finale, il avait jou\u00e9 le cinqui\u00e8me match face \u00e0 Giannessi et s&rsquo;\u00e9tait inclin\u00e9 6-4 7-6[9]. Op\u00e9r\u00e9 du genou \u00e0 la mi-septembre, il n&rsquo;a plus jou\u00e9 depuis le mois d&rsquo;ao\u00fbt.<\/p>\n<p>&nbsp;<\/p>\n<p style=\"text-align: center;\">Capitaine de l&rsquo;\u00e9quipe belge depuis 2011, Johan Van Herck va disputer sa deuxi\u00e8me finale en trois ans et il estime que ses joueurs \u00ab\u00a0ont acquis de l\u2019exp\u00e9rience et de la maturit\u00e9\u00a0\u00bb. Cette \u00e9quipe est un \u00ab\u00a0vrai bloc\u00a0\u00bb qui a les moyens de remporter son premier saladier d&rsquo;argent.<\/p>\n<p>&nbsp;<\/p>\n<p style=\"text-align: left;\"><strong><em>Arlette<br \/>\n<a href=\"http:\/\/twitter.com\/Shiclette94\"><img loading=\"lazy\" decoding=\"async\" class=\"alignnone wp-image-2908\" src=\"http:\/\/dicodusport.fr\/blog\/wp-content\/uploads\/2017\/07\/logo-twitter-300x300.png\" alt=\"\" width=\"39\" height=\"39\" \/><\/a><br \/>\n<\/em><\/strong><\/p>\n","protected":false},"excerpt":{"rendered":"<p>La finale de la Coupe Davis approche \u00e0 grands pas. Apr\u00e8s la s\u00e9lection fran\u00e7aise, pr\u00e9sentation de la s\u00e9lection belge ! Comme Yannick Noah, Johan Van Herck a donn\u00e9 une liste \u00e9largie de joueurs (4 + 1 r\u00e9serviste) et fera son choix au dernier moment. En stage \u00e0 Uccle la semaine derni\u00e8re (sauf Goffin qui \u00e9tait [&hellip;]<\/p>\n","protected":false},"author":12,"featured_media":7347,"comment_status":"open","ping_status":"closed","sticky":false,"template":"","format":"standard","meta":{"_acf_changed":false,"_daextam_enable_autolinks":"","footnotes":""},"categories":[2,2302],"tags":[373,2462],"class_list":["post-7247","post","type-post","status-publish","format-standard","has-post-thumbnail","hentry","category-actualites","category-tennis","tag-belgique","tag-goffin"],"acf":[],"yoast_head":"<!-- This site is optimized with the Yoast SEO Premium plugin v26.7 (Yoast SEO v26.7) - https:\/\/yoast.com\/wordpress\/plugins\/seo\/ -->\n<title>Finale de la Coupe Davis : les joueurs belges<\/title>\n<meta name=\"description\" content=\"La finale de la Coupe Davis approche \u00e0 grands pas. Apr\u00e8s la s\u00e9lection fran\u00e7aise, pr\u00e9sentation de la s\u00e9lection belge avec leur leader David Goffin.\" \/>\n<meta name=\"robots\" content=\"index, follow, max-snippet:-1, max-image-preview:large, max-video-preview:-1\" \/>\n<link rel=\"canonical\" href=\"https:\/\/dicodusport.fr\/blog\/finale-de-coupe-davis-joueurs-belges\/\" \/>\n<meta property=\"og:locale\" content=\"fr_FR\" \/>\n<meta property=\"og:type\" content=\"article\" \/>\n<meta property=\"og:title\" content=\"Finale de la Coupe Davis : les joueurs belges\" \/>\n<meta property=\"og:description\" content=\"La finale de la Coupe Davis approche \u00e0 grands pas. Apr\u00e8s la s\u00e9lection fran\u00e7aise, pr\u00e9sentation de la s\u00e9lection belge avec leur leader David Goffin.\" \/>\n<meta property=\"og:url\" content=\"https:\/\/dicodusport.fr\/blog\/finale-de-coupe-davis-joueurs-belges\/\" \/>\n<meta property=\"og:site_name\" content=\"Dicodusport\" \/>\n<meta property=\"article:publisher\" content=\"https:\/\/www.facebook.com\/dicodusport\" \/>\n<meta property=\"article:published_time\" content=\"2017-11-20T12:00:03+00:00\" \/>\n<meta property=\"article:modified_time\" content=\"2017-11-20T13:36:50+00:00\" \/>\n<meta property=\"og:image\" content=\"https:\/\/dicodusport.fr\/blog\/wp-content\/uploads\/2017\/11\/Coupe-Davis-Belgique.png\" \/>\n\t<meta property=\"og:image:width\" content=\"1200\" \/>\n\t<meta property=\"og:image:height\" content=\"670\" \/>\n\t<meta property=\"og:image:type\" content=\"image\/png\" \/>\n<meta name=\"author\" content=\"Arlette Yeye\" \/>\n<meta name=\"twitter:card\" content=\"summary_large_image\" \/>\n<meta name=\"twitter:creator\" content=\"@https:\/\/twitter.com\/Shiclette94\" \/>\n<meta name=\"twitter:site\" content=\"@dicodusport\" \/>\n<script type=\"application\/ld+json\" class=\"yoast-schema-graph\">{\"@context\":\"https:\/\/schema.org\",\"@graph\":[{\"@type\":\"NewsArticle\",\"@id\":\"https:\/\/dicodusport.fr\/blog\/finale-de-coupe-davis-joueurs-belges\/#article\",\"isPartOf\":{\"@id\":\"https:\/\/dicodusport.fr\/blog\/finale-de-coupe-davis-joueurs-belges\/\"},\"author\":{\"name\":\"Arlette Yeye\",\"@id\":\"https:\/\/dicodusport.fr\/blog\/#\/schema\/person\/cce96fa88785bd8573e3d43078ac8c79\"},\"headline\":\"Finale de la Coupe Davis : les joueurs belges\",\"datePublished\":\"2017-11-20T12:00:03+00:00\",\"dateModified\":\"2017-11-20T13:36:50+00:00\",\"mainEntityOfPage\":{\"@id\":\"https:\/\/dicodusport.fr\/blog\/finale-de-coupe-davis-joueurs-belges\/\"},\"wordCount\":863,\"commentCount\":0,\"publisher\":{\"@id\":\"https:\/\/dicodusport.fr\/blog\/#organization\"},\"image\":{\"@id\":\"https:\/\/dicodusport.fr\/blog\/finale-de-coupe-davis-joueurs-belges\/#primaryimage\"},\"thumbnailUrl\":\"https:\/\/dicodusport.fr\/blog\/wp-content\/uploads\/2017\/11\/Coupe-Davis-Belgique.png\",\"keywords\":[\"Belgique\",\"Goffin\"],\"articleSection\":[\"Actualit\u00e9s\",\"Tennis\"],\"inLanguage\":\"fr-FR\",\"potentialAction\":[{\"@type\":\"CommentAction\",\"name\":\"Comment\",\"target\":[\"https:\/\/dicodusport.fr\/blog\/finale-de-coupe-davis-joueurs-belges\/#respond\"]}],\"copyrightYear\":\"2017\",\"copyrightHolder\":{\"@id\":\"https:\/\/dicodusport.fr\/blog\/#organization\"}},{\"@type\":\"WebPage\",\"@id\":\"https:\/\/dicodusport.fr\/blog\/finale-de-coupe-davis-joueurs-belges\/\",\"url\":\"https:\/\/dicodusport.fr\/blog\/finale-de-coupe-davis-joueurs-belges\/\",\"name\":\"Finale de la Coupe Davis : les joueurs belges\",\"isPartOf\":{\"@id\":\"https:\/\/dicodusport.fr\/blog\/#website\"},\"primaryImageOfPage\":{\"@id\":\"https:\/\/dicodusport.fr\/blog\/finale-de-coupe-davis-joueurs-belges\/#primaryimage\"},\"image\":{\"@id\":\"https:\/\/dicodusport.fr\/blog\/finale-de-coupe-davis-joueurs-belges\/#primaryimage\"},\"thumbnailUrl\":\"https:\/\/dicodusport.fr\/blog\/wp-content\/uploads\/2017\/11\/Coupe-Davis-Belgique.png\",\"datePublished\":\"2017-11-20T12:00:03+00:00\",\"dateModified\":\"2017-11-20T13:36:50+00:00\",\"description\":\"La finale de la Coupe Davis approche \u00e0 grands pas. Apr\u00e8s la s\u00e9lection fran\u00e7aise, pr\u00e9sentation de la s\u00e9lection belge avec leur leader David Goffin.\",\"breadcrumb\":{\"@id\":\"https:\/\/dicodusport.fr\/blog\/finale-de-coupe-davis-joueurs-belges\/#breadcrumb\"},\"inLanguage\":\"fr-FR\",\"potentialAction\":[{\"@type\":\"ReadAction\",\"target\":[\"https:\/\/dicodusport.fr\/blog\/finale-de-coupe-davis-joueurs-belges\/\"]}]},{\"@type\":\"ImageObject\",\"inLanguage\":\"fr-FR\",\"@id\":\"https:\/\/dicodusport.fr\/blog\/finale-de-coupe-davis-joueurs-belges\/#primaryimage\",\"url\":\"https:\/\/dicodusport.fr\/blog\/wp-content\/uploads\/2017\/11\/Coupe-Davis-Belgique.png\",\"contentUrl\":\"https:\/\/dicodusport.fr\/blog\/wp-content\/uploads\/2017\/11\/Coupe-Davis-Belgique.png\",\"width\":1200,\"height\":670},{\"@type\":\"BreadcrumbList\",\"@id\":\"https:\/\/dicodusport.fr\/blog\/finale-de-coupe-davis-joueurs-belges\/#breadcrumb\",\"itemListElement\":[{\"@type\":\"ListItem\",\"position\":1,\"name\":\"Accueil\",\"item\":\"https:\/\/dicodusport.fr\/blog\/\"},{\"@type\":\"ListItem\",\"position\":2,\"name\":\"Finale de la Coupe Davis : les joueurs belges\"}]},{\"@type\":\"WebSite\",\"@id\":\"https:\/\/dicodusport.fr\/blog\/#website\",\"url\":\"https:\/\/dicodusport.fr\/blog\/\",\"name\":\"Dicodusport\",\"description\":\"L&#039;encyclop\u00e9die de l&#039;actualit\u00e9 sportive\",\"publisher\":{\"@id\":\"https:\/\/dicodusport.fr\/blog\/#organization\"},\"potentialAction\":[{\"@type\":\"SearchAction\",\"target\":{\"@type\":\"EntryPoint\",\"urlTemplate\":\"https:\/\/dicodusport.fr\/blog\/?s={search_term_string}\"},\"query-input\":{\"@type\":\"PropertyValueSpecification\",\"valueRequired\":true,\"valueName\":\"search_term_string\"}}],\"inLanguage\":\"fr-FR\"},{\"@type\":\"NewsMediaOrganization\",\"@id\":\"https:\/\/dicodusport.fr\/blog\/#organization\",\"name\":\"Dicodusport\",\"url\":\"https:\/\/dicodusport.fr\/blog\/\",\"logo\":{\"@type\":\"ImageObject\",\"inLanguage\":\"fr-FR\",\"@id\":\"https:\/\/dicodusport.fr\/blog\/#\/schema\/logo\/image\/\",\"url\":\"https:\/\/dicodusport.fr\/blog\/wp-content\/uploads\/2020\/06\/cropped-LOGO-DICODUSPORT-2020-SANS-FOND-SANS-TEXTE.png\",\"contentUrl\":\"https:\/\/dicodusport.fr\/blog\/wp-content\/uploads\/2020\/06\/cropped-LOGO-DICODUSPORT-2020-SANS-FOND-SANS-TEXTE.png\",\"width\":512,\"height\":512,\"caption\":\"Dicodusport\"},\"image\":{\"@id\":\"https:\/\/dicodusport.fr\/blog\/#\/schema\/logo\/image\/\"},\"sameAs\":[\"https:\/\/www.facebook.com\/dicodusport\",\"https:\/\/x.com\/dicodusport\",\"https:\/\/www.instagram.com\/dicodusport\/\",\"https:\/\/www.youtube.com\/channel\/UC7V2KZ5sd3htJivAbA4ZG3w\"],\"description\":\"Dicodusport est l'encyclop\u00e9die de l'actualit\u00e9 sportive.\",\"email\":\"bonjour@dicodusport.fr\",\"legalName\":\"DICODUSPORT\",\"foundingDate\":\"2018-01-14\",\"vatID\":\"FR71834470973\",\"taxID\":\"83447097300043\",\"numberOfEmployees\":{\"@type\":\"QuantitativeValue\",\"minValue\":\"1\",\"maxValue\":\"10\"}},{\"@type\":\"Person\",\"@id\":\"https:\/\/dicodusport.fr\/blog\/#\/schema\/person\/cce96fa88785bd8573e3d43078ac8c79\",\"name\":\"Arlette Yeye\",\"image\":{\"@type\":\"ImageObject\",\"inLanguage\":\"fr-FR\",\"@id\":\"https:\/\/dicodusport.fr\/blog\/#\/schema\/person\/image\/\",\"url\":\"https:\/\/secure.gravatar.com\/avatar\/dca4a6239e6d708e46c45d60e160de6c?s=96&d=wp_user_avatar&r=g\",\"contentUrl\":\"https:\/\/secure.gravatar.com\/avatar\/dca4a6239e6d708e46c45d60e160de6c?s=96&d=wp_user_avatar&r=g\",\"caption\":\"Arlette Yeye\"},\"description\":\"Journaliste\/r\u00e9dactrice depuis septembre 2015 - Supportrice de Chelsea, j'ai pour sports de pr\u00e9dilection le handball, l'athl\u00e9tisme et le tennis. Si je tweete plus vite que mon ombre, vous pouvez aussi me retrouver les week-ends sur les playgrounds de Bruxelles pour un petit foot ou basket entre potes. Parcourir la France, l'Europe et plus si affinit\u00e9s pour suivre mes sportifs pr\u00e9f\u00e9r\u00e9s ? Mon kif ! Et c'est avec plaisir que je partage les r\u00e9sultats des sports populaires mais \u00e9galement plus confidentiels pour Dicodusport.\",\"sameAs\":[\"https:\/\/x.com\/https:\/\/twitter.com\/Shiclette94\"],\"url\":\"https:\/\/dicodusport.fr\/blog\/author\/arlette\/\"}]}<\/script>\n<!-- \/ Yoast SEO Premium plugin. -->","yoast_head_json":{"title":"Finale de la Coupe Davis : les joueurs belges","description":"La finale de la Coupe Davis approche \u00e0 grands pas. Apr\u00e8s la s\u00e9lection fran\u00e7aise, pr\u00e9sentation de la s\u00e9lection belge avec leur leader David Goffin.","robots":{"index":"index","follow":"follow","max-snippet":"max-snippet:-1","max-image-preview":"max-image-preview:large","max-video-preview":"max-video-preview:-1"},"canonical":"https:\/\/dicodusport.fr\/blog\/finale-de-coupe-davis-joueurs-belges\/","og_locale":"fr_FR","og_type":"article","og_title":"Finale de la Coupe Davis : les joueurs belges","og_description":"La finale de la Coupe Davis approche \u00e0 grands pas. Apr\u00e8s la s\u00e9lection fran\u00e7aise, pr\u00e9sentation de la s\u00e9lection belge avec leur leader David Goffin.","og_url":"https:\/\/dicodusport.fr\/blog\/finale-de-coupe-davis-joueurs-belges\/","og_site_name":"Dicodusport","article_publisher":"https:\/\/www.facebook.com\/dicodusport","article_published_time":"2017-11-20T12:00:03+00:00","article_modified_time":"2017-11-20T13:36:50+00:00","og_image":[{"width":1200,"height":670,"url":"https:\/\/dicodusport.fr\/blog\/wp-content\/uploads\/2017\/11\/Coupe-Davis-Belgique.png","type":"image\/png"}],"author":"Arlette Yeye","twitter_card":"summary_large_image","twitter_creator":"@https:\/\/twitter.com\/Shiclette94","twitter_site":"@dicodusport","schema":{"@context":"https:\/\/schema.org","@graph":[{"@type":"NewsArticle","@id":"https:\/\/dicodusport.fr\/blog\/finale-de-coupe-davis-joueurs-belges\/#article","isPartOf":{"@id":"https:\/\/dicodusport.fr\/blog\/finale-de-coupe-davis-joueurs-belges\/"},"author":{"name":"Arlette Yeye","@id":"https:\/\/dicodusport.fr\/blog\/#\/schema\/person\/cce96fa88785bd8573e3d43078ac8c79"},"headline":"Finale de la Coupe Davis : les joueurs belges","datePublished":"2017-11-20T12:00:03+00:00","dateModified":"2017-11-20T13:36:50+00:00","mainEntityOfPage":{"@id":"https:\/\/dicodusport.fr\/blog\/finale-de-coupe-davis-joueurs-belges\/"},"wordCount":863,"commentCount":0,"publisher":{"@id":"https:\/\/dicodusport.fr\/blog\/#organization"},"image":{"@id":"https:\/\/dicodusport.fr\/blog\/finale-de-coupe-davis-joueurs-belges\/#primaryimage"},"thumbnailUrl":"https:\/\/dicodusport.fr\/blog\/wp-content\/uploads\/2017\/11\/Coupe-Davis-Belgique.png","keywords":["Belgique","Goffin"],"articleSection":["Actualit\u00e9s","Tennis"],"inLanguage":"fr-FR","potentialAction":[{"@type":"CommentAction","name":"Comment","target":["https:\/\/dicodusport.fr\/blog\/finale-de-coupe-davis-joueurs-belges\/#respond"]}],"copyrightYear":"2017","copyrightHolder":{"@id":"https:\/\/dicodusport.fr\/blog\/#organization"}},{"@type":"WebPage","@id":"https:\/\/dicodusport.fr\/blog\/finale-de-coupe-davis-joueurs-belges\/","url":"https:\/\/dicodusport.fr\/blog\/finale-de-coupe-davis-joueurs-belges\/","name":"Finale de la Coupe Davis : les joueurs belges","isPartOf":{"@id":"https:\/\/dicodusport.fr\/blog\/#website"},"primaryImageOfPage":{"@id":"https:\/\/dicodusport.fr\/blog\/finale-de-coupe-davis-joueurs-belges\/#primaryimage"},"image":{"@id":"https:\/\/dicodusport.fr\/blog\/finale-de-coupe-davis-joueurs-belges\/#primaryimage"},"thumbnailUrl":"https:\/\/dicodusport.fr\/blog\/wp-content\/uploads\/2017\/11\/Coupe-Davis-Belgique.png","datePublished":"2017-11-20T12:00:03+00:00","dateModified":"2017-11-20T13:36:50+00:00","description":"La finale de la Coupe Davis approche \u00e0 grands pas. Apr\u00e8s la s\u00e9lection fran\u00e7aise, pr\u00e9sentation de la s\u00e9lection belge avec leur leader David Goffin.","breadcrumb":{"@id":"https:\/\/dicodusport.fr\/blog\/finale-de-coupe-davis-joueurs-belges\/#breadcrumb"},"inLanguage":"fr-FR","potentialAction":[{"@type":"ReadAction","target":["https:\/\/dicodusport.fr\/blog\/finale-de-coupe-davis-joueurs-belges\/"]}]},{"@type":"ImageObject","inLanguage":"fr-FR","@id":"https:\/\/dicodusport.fr\/blog\/finale-de-coupe-davis-joueurs-belges\/#primaryimage","url":"https:\/\/dicodusport.fr\/blog\/wp-content\/uploads\/2017\/11\/Coupe-Davis-Belgique.png","contentUrl":"https:\/\/dicodusport.fr\/blog\/wp-content\/uploads\/2017\/11\/Coupe-Davis-Belgique.png","width":1200,"height":670},{"@type":"BreadcrumbList","@id":"https:\/\/dicodusport.fr\/blog\/finale-de-coupe-davis-joueurs-belges\/#breadcrumb","itemListElement":[{"@type":"ListItem","position":1,"name":"Accueil","item":"https:\/\/dicodusport.fr\/blog\/"},{"@type":"ListItem","position":2,"name":"Finale de la Coupe Davis : les joueurs belges"}]},{"@type":"WebSite","@id":"https:\/\/dicodusport.fr\/blog\/#website","url":"https:\/\/dicodusport.fr\/blog\/","name":"Dicodusport","description":"L&#039;encyclop\u00e9die de l&#039;actualit\u00e9 sportive","publisher":{"@id":"https:\/\/dicodusport.fr\/blog\/#organization"},"potentialAction":[{"@type":"SearchAction","target":{"@type":"EntryPoint","urlTemplate":"https:\/\/dicodusport.fr\/blog\/?s={search_term_string}"},"query-input":{"@type":"PropertyValueSpecification","valueRequired":true,"valueName":"search_term_string"}}],"inLanguage":"fr-FR"},{"@type":"NewsMediaOrganization","@id":"https:\/\/dicodusport.fr\/blog\/#organization","name":"Dicodusport","url":"https:\/\/dicodusport.fr\/blog\/","logo":{"@type":"ImageObject","inLanguage":"fr-FR","@id":"https:\/\/dicodusport.fr\/blog\/#\/schema\/logo\/image\/","url":"https:\/\/dicodusport.fr\/blog\/wp-content\/uploads\/2020\/06\/cropped-LOGO-DICODUSPORT-2020-SANS-FOND-SANS-TEXTE.png","contentUrl":"https:\/\/dicodusport.fr\/blog\/wp-content\/uploads\/2020\/06\/cropped-LOGO-DICODUSPORT-2020-SANS-FOND-SANS-TEXTE.png","width":512,"height":512,"caption":"Dicodusport"},"image":{"@id":"https:\/\/dicodusport.fr\/blog\/#\/schema\/logo\/image\/"},"sameAs":["https:\/\/www.facebook.com\/dicodusport","https:\/\/x.com\/dicodusport","https:\/\/www.instagram.com\/dicodusport\/","https:\/\/www.youtube.com\/channel\/UC7V2KZ5sd3htJivAbA4ZG3w"],"description":"Dicodusport est l'encyclop\u00e9die de l'actualit\u00e9 sportive.","email":"bonjour@dicodusport.fr","legalName":"DICODUSPORT","foundingDate":"2018-01-14","vatID":"FR71834470973","taxID":"83447097300043","numberOfEmployees":{"@type":"QuantitativeValue","minValue":"1","maxValue":"10"}},{"@type":"Person","@id":"https:\/\/dicodusport.fr\/blog\/#\/schema\/person\/cce96fa88785bd8573e3d43078ac8c79","name":"Arlette Yeye","image":{"@type":"ImageObject","inLanguage":"fr-FR","@id":"https:\/\/dicodusport.fr\/blog\/#\/schema\/person\/image\/","url":"https:\/\/secure.gravatar.com\/avatar\/dca4a6239e6d708e46c45d60e160de6c?s=96&d=wp_user_avatar&r=g","contentUrl":"https:\/\/secure.gravatar.com\/avatar\/dca4a6239e6d708e46c45d60e160de6c?s=96&d=wp_user_avatar&r=g","caption":"Arlette Yeye"},"description":"Journaliste\/r\u00e9dactrice depuis septembre 2015 - Supportrice de Chelsea, j'ai pour sports de pr\u00e9dilection le handball, l'athl\u00e9tisme et le tennis. Si je tweete plus vite que mon ombre, vous pouvez aussi me retrouver les week-ends sur les playgrounds de Bruxelles pour un petit foot ou basket entre potes. Parcourir la France, l'Europe et plus si affinit\u00e9s pour suivre mes sportifs pr\u00e9f\u00e9r\u00e9s ? Mon kif ! Et c'est avec plaisir que je partage les r\u00e9sultats des sports populaires mais \u00e9galement plus confidentiels pour Dicodusport.","sameAs":["https:\/\/x.com\/https:\/\/twitter.com\/Shiclette94"],"url":"https:\/\/dicodusport.fr\/blog\/author\/arlette\/"}]}},"_links":{"self":[{"href":"https:\/\/dicodusport.fr\/blog\/wp-json\/wp\/v2\/posts\/7247","targetHints":{"allow":["GET"]}}],"collection":[{"href":"https:\/\/dicodusport.fr\/blog\/wp-json\/wp\/v2\/posts"}],"about":[{"href":"https:\/\/dicodusport.fr\/blog\/wp-json\/wp\/v2\/types\/post"}],"author":[{"embeddable":true,"href":"https:\/\/dicodusport.fr\/blog\/wp-json\/wp\/v2\/users\/12"}],"replies":[{"embeddable":true,"href":"https:\/\/dicodusport.fr\/blog\/wp-json\/wp\/v2\/comments?post=7247"}],"version-history":[{"count":0,"href":"https:\/\/dicodusport.fr\/blog\/wp-json\/wp\/v2\/posts\/7247\/revisions"}],"wp:featuredmedia":[{"embeddable":true,"href":"https:\/\/dicodusport.fr\/blog\/wp-json\/wp\/v2\/media\/7347"}],"wp:attachment":[{"href":"https:\/\/dicodusport.fr\/blog\/wp-json\/wp\/v2\/media?parent=7247"}],"wp:term":[{"taxonomy":"category","embeddable":true,"href":"https:\/\/dicodusport.fr\/blog\/wp-json\/wp\/v2\/categories?post=7247"},{"taxonomy":"post_tag","embeddable":true,"href":"https:\/\/dicodusport.fr\/blog\/wp-json\/wp\/v2\/tags?post=7247"}],"curies":[{"name":"wp","href":"https:\/\/api.w.org\/{rel}","templated":true}]}}