{"id":72513,"date":"2020-07-26T10:20:06","date_gmt":"2020-07-26T08:20:06","guid":{"rendered":"http:\/\/dicodusport.fr\/blog\/?p=72513&#038;preview=true&#038;preview_id=72513"},"modified":"2020-07-26T12:30:22","modified_gmt":"2020-07-26T10:30:22","slug":"david-gaudu-j-ai-la-chance-d-etre-a-cote-de-thibaut-pinot","status":"publish","type":"post","link":"https:\/\/dicodusport.fr\/blog\/david-gaudu-j-ai-la-chance-d-etre-a-cote-de-thibaut-pinot\/","title":{"rendered":"David Gaudu : \u00ab J&rsquo;ai la chance d\u2019\u00eatre \u00e0 c\u00f4t\u00e9 de Thibaut Pinot \u00bb"},"content":{"rendered":"<p style=\"text-align: justify;\"><strong><em>CYCLISME &#8211; Dans <a href=\"https:\/\/www.equipecycliste-groupama-fdj.fr\/actualites\/on-sait-tous-ce-qui-nous-attend\/\" target=\"_blank\" rel=\"noopener noreferrer\">un long entretien sur le site de l&rsquo;\u00e9quipe Groupama-FDJ<\/a>, David Gaudu revient sur sa relation avec Thibaut Pinot, son leader sur le prochain Tour de France (29 ao\u00fbt &#8211; 20 septembre).\u00a0<\/em><\/strong><\/p>\n<p style=\"text-align: justify;\"><strong>Pinot<\/strong> &#8211; <strong>Gaudu<\/strong>, un duo qui d\u00e9tonne. Apr\u00e8s un gros stage dans les Alpes avec la <strong>Groupama-FDJ<\/strong>, <strong>David Gaudu<\/strong> est revenu sur sa relation saine avec <a href=\"https:\/\/dicodusport.fr\/blog\/quiz-cyclisme-etes-vous-incollable-carriere-thibaut-pinot\/\" target=\"_blank\" rel=\"noopener noreferrer\"><strong>Thibaut Pinot<\/strong><\/a>. Le Breton, qui reprendra la comp\u00e9tition ce mardi sur le <a href=\"https:\/\/dicodusport.fr\/blog\/tour-de-burgos-2020-profil-des-etapes\/\" target=\"_blank\" rel=\"noopener noreferrer\">Tour de Burgos<\/a>, loue l&rsquo;ambiance actuelle entre les deux grimpeurs fran\u00e7ais, tout en \u00e9voquant l&rsquo;exposition m\u00e9diatique qui d\u00e9coule de cette relation.<\/p>\n<blockquote>\n<p style=\"text-align: justify;\">Aujourd\u2019hui, je la ressens davantage sachant que je suis aupr\u00e8s de Thibaut, mais je ne me pose pas trop de questions. Je suis simplement content de la fa\u00e7on dont \u00e7a se passe actuellement. J\u2019ai la chance d\u2019\u00eatre \u00e0 c\u00f4t\u00e9 de Thibaut et \u00e7a me permet d\u2019emmagasiner \u00e9norm\u00e9ment d\u2019exp\u00e9rience.<\/p>\n<\/blockquote>\n<h2 style=\"text-align: justify;\">\u00ab Je suis impatient d\u2019en gagner une belle \u00bb<\/h2>\n<p style=\"text-align: justify;\">Laur\u00e9at d&rsquo;une \u00e9tape du Tour de Romandie en 2019 sur une arriv\u00e9e en c\u00f4te, <strong>David Gaudu<\/strong> esp\u00e8re d\u00e9sormais en d\u00e9crocher une en haute-montage, son terrain de jeu de pr\u00e9dilection. Toujours en citant <strong>Thibaut Pinot<\/strong> pour appuyer son propos.<\/p>\n<blockquote>\n<p style=\"text-align: justify;\">J\u2019ai forc\u00e9ment h\u00e2te de pouvoir accrocher ma premi\u00e8re victoire en montagne en WorldTour. Je suis impatient d\u2019en gagner une belle. Celle en Romandie est d\u00e9j\u00e0 tr\u00e8s belle et c\u2019est quelque chose que j\u2019ai h\u00e2te de revivre, mais en haute-montagne cette fois. J\u2019esp\u00e8re que \u00e7a va venir, mais c\u2019est difficile \u00e0 ressentir en dehors des courses. Ma progression laisse \u00e0 penser que \u00e7a peut se produire. Je n\u2019ai pas envie de rester orphelin de victoire dans un col, de demeurer parmi les bien plac\u00e9s plut\u00f4t qu\u2019en vainqueur. J\u2019esp\u00e8re que je vais r\u00e9ussir \u00e0 gagner de belles courses prochainement, et j\u2019ai un bel exemple \u00e0 suivre dans l\u2019\u00e9quipe en la personne de Thibaut.<\/p>\n<\/blockquote>\n<p style=\"text-align: justify;\"><strong>Thibaut Pinot<\/strong> et <strong>David Gaudu<\/strong> seront r\u00e9unis \u00e0 l&rsquo;occasion du <strong>Dauphin\u00e9<\/strong> (12 &#8211; 16 ao\u00fbt). Derni\u00e8re r\u00e9p\u00e9tition g\u00e9n\u00e9rale avant le d\u00e9part du Tour \u00e0 Nice.<\/p>\n<p><strong><em>Dicodusport<br \/>\n<a href=\"https:\/\/www.facebook.com\/dicodusport\/\" target=\"_blank\" rel=\"noopener noreferrer\"><img loading=\"lazy\" decoding=\"async\" class=\"alignnone wp-image-2909\" src=\"http:\/\/dicodusport.fr\/blog\/wp-content\/uploads\/2017\/07\/logo-facebook-150x150.png\" alt=\"\" width=\"40\" height=\"40\" \/><\/a><a href=\"https:\/\/twitter.com\/dicodusport\" target=\"_blank\" rel=\"noopener noreferrer\"><img loading=\"lazy\" decoding=\"async\" class=\"alignnone wp-image-2908\" src=\"http:\/\/dicodusport.fr\/blog\/wp-content\/uploads\/2017\/07\/logo-twitter-150x150.png\" alt=\"\" width=\"39\" height=\"39\" \/><\/a><\/em><\/strong><\/p>\n","protected":false},"excerpt":{"rendered":"<p>CYCLISME &#8211; Dans un long entretien sur le site de l&rsquo;\u00e9quipe Groupama-FDJ, David Gaudu revient sur sa relation avec Thibaut Pinot, son leader sur le prochain Tour de France (29 ao\u00fbt &#8211; 20 septembre).\u00a0<\/p>\n","protected":false},"author":4,"featured_media":72515,"comment_status":"open","ping_status":"closed","sticky":false,"template":"","format":"standard","meta":{"_acf_changed":false,"_daextam_enable_autolinks":"","footnotes":""},"categories":[2307],"tags":[574,3113,3279],"class_list":["post-72513","post","type-post","status-publish","format-standard","has-post-thumbnail","hentry","category-cyclisme","tag-cyclisme","tag-david-gaudu","tag-groupama-fdj"],"acf":[],"yoast_head":"<!-- This site is optimized with the Yoast SEO Premium plugin v26.7 (Yoast SEO v26.7) - https:\/\/yoast.com\/wordpress\/plugins\/seo\/ -->\n<title>David Gaudu : \u00ab J&#039;ai la chance d\u2019\u00eatre \u00e0 c\u00f4t\u00e9 de Thibaut Pinot \u00bb<\/title>\n<meta name=\"description\" content=\"CYCLISME - Dans un long entretien sur le site de l&#039;\u00e9quipe Groupama-FDJ, David Gaudu revient sur sa relation avec Thibaut Pinot, son leader sur le prochain Tour de France (29 ao\u00fbt - 20 septembre).\u00a0\" \/>\n<meta name=\"robots\" content=\"index, follow, max-snippet:-1, max-image-preview:large, max-video-preview:-1\" \/>\n<link rel=\"canonical\" href=\"https:\/\/dicodusport.fr\/blog\/david-gaudu-j-ai-la-chance-d-etre-a-cote-de-thibaut-pinot\/\" \/>\n<meta property=\"og:locale\" content=\"fr_FR\" \/>\n<meta property=\"og:type\" content=\"article\" \/>\n<meta property=\"og:title\" content=\"David Gaudu : \u00ab J&#039;ai la chance d\u2019\u00eatre \u00e0 c\u00f4t\u00e9 de Thibaut Pinot \u00bb\" \/>\n<meta property=\"og:description\" content=\"CYCLISME - Dans un long entretien sur le site de l&#039;\u00e9quipe Groupama-FDJ, David Gaudu revient sur sa relation avec Thibaut Pinot, son leader sur le prochain Tour de France (29 ao\u00fbt - 20 septembre).\u00a0\" \/>\n<meta property=\"og:url\" content=\"https:\/\/dicodusport.fr\/blog\/david-gaudu-j-ai-la-chance-d-etre-a-cote-de-thibaut-pinot\/\" \/>\n<meta property=\"og:site_name\" content=\"Dicodusport\" \/>\n<meta property=\"article:publisher\" content=\"https:\/\/www.facebook.com\/dicodusport\" \/>\n<meta property=\"article:author\" content=\"https:\/\/www.facebook.com\/florent.ostermann\" \/>\n<meta property=\"article:published_time\" content=\"2020-07-26T08:20:06+00:00\" \/>\n<meta property=\"article:modified_time\" content=\"2020-07-26T10:30:22+00:00\" \/>\n<meta property=\"og:image\" content=\"https:\/\/dicodusport.fr\/blog\/wp-content\/uploads\/2020\/07\/David-Gaudu-_-Jai-la-chance-d\u2019\u00eatre-\u00e0-c\u00f4t\u00e9-de-Thibaut-Pinot.png\" \/>\n\t<meta property=\"og:image:width\" content=\"800\" \/>\n\t<meta property=\"og:image:height\" content=\"445\" \/>\n\t<meta property=\"og:image:type\" content=\"image\/png\" \/>\n<meta name=\"author\" content=\"Flo Ostermann\" \/>\n<meta name=\"twitter:card\" content=\"summary_large_image\" \/>\n<meta name=\"twitter:title\" content=\"David Gaudu : \u00ab J&#039;ai la chance d\u2019\u00eatre \u00e0 c\u00f4t\u00e9 de Thibaut Pinot \u00bb\" \/>\n<meta name=\"twitter:creator\" content=\"@https:\/\/twitter.com\/FlOstermann\" \/>\n<meta name=\"twitter:site\" content=\"@dicodusport\" \/>\n<script type=\"application\/ld+json\" class=\"yoast-schema-graph\">{\"@context\":\"https:\/\/schema.org\",\"@graph\":[{\"@type\":\"NewsArticle\",\"@id\":\"https:\/\/dicodusport.fr\/blog\/david-gaudu-j-ai-la-chance-d-etre-a-cote-de-thibaut-pinot\/#article\",\"isPartOf\":{\"@id\":\"https:\/\/dicodusport.fr\/blog\/david-gaudu-j-ai-la-chance-d-etre-a-cote-de-thibaut-pinot\/\"},\"author\":{\"name\":\"Flo Ostermann\",\"@id\":\"https:\/\/dicodusport.fr\/blog\/#\/schema\/person\/cb02af4c173ce4a653b55e9baf388d4a\"},\"headline\":\"David Gaudu : \u00ab J&rsquo;ai la chance d\u2019\u00eatre \u00e0 c\u00f4t\u00e9 de Thibaut Pinot \u00bb\",\"datePublished\":\"2020-07-26T08:20:06+00:00\",\"dateModified\":\"2020-07-26T10:30:22+00:00\",\"mainEntityOfPage\":{\"@id\":\"https:\/\/dicodusport.fr\/blog\/david-gaudu-j-ai-la-chance-d-etre-a-cote-de-thibaut-pinot\/\"},\"wordCount\":384,\"commentCount\":0,\"publisher\":{\"@id\":\"https:\/\/dicodusport.fr\/blog\/#organization\"},\"image\":{\"@id\":\"https:\/\/dicodusport.fr\/blog\/david-gaudu-j-ai-la-chance-d-etre-a-cote-de-thibaut-pinot\/#primaryimage\"},\"thumbnailUrl\":\"https:\/\/dicodusport.fr\/blog\/wp-content\/uploads\/2020\/07\/David-Gaudu-_-Jai-la-chance-d\u2019\u00eatre-\u00e0-c\u00f4t\u00e9-de-Thibaut-Pinot.png\",\"keywords\":[\"Cyclisme\",\"David Gaudu\",\"Groupama FDJ\"],\"articleSection\":[\"Cyclisme\"],\"inLanguage\":\"fr-FR\",\"potentialAction\":[{\"@type\":\"CommentAction\",\"name\":\"Comment\",\"target\":[\"https:\/\/dicodusport.fr\/blog\/david-gaudu-j-ai-la-chance-d-etre-a-cote-de-thibaut-pinot\/#respond\"]}],\"copyrightYear\":\"2020\",\"copyrightHolder\":{\"@id\":\"https:\/\/dicodusport.fr\/blog\/#organization\"}},{\"@type\":\"WebPage\",\"@id\":\"https:\/\/dicodusport.fr\/blog\/david-gaudu-j-ai-la-chance-d-etre-a-cote-de-thibaut-pinot\/\",\"url\":\"https:\/\/dicodusport.fr\/blog\/david-gaudu-j-ai-la-chance-d-etre-a-cote-de-thibaut-pinot\/\",\"name\":\"David Gaudu : \u00ab J'ai la chance d\u2019\u00eatre \u00e0 c\u00f4t\u00e9 de Thibaut Pinot \u00bb\",\"isPartOf\":{\"@id\":\"https:\/\/dicodusport.fr\/blog\/#website\"},\"primaryImageOfPage\":{\"@id\":\"https:\/\/dicodusport.fr\/blog\/david-gaudu-j-ai-la-chance-d-etre-a-cote-de-thibaut-pinot\/#primaryimage\"},\"image\":{\"@id\":\"https:\/\/dicodusport.fr\/blog\/david-gaudu-j-ai-la-chance-d-etre-a-cote-de-thibaut-pinot\/#primaryimage\"},\"thumbnailUrl\":\"https:\/\/dicodusport.fr\/blog\/wp-content\/uploads\/2020\/07\/David-Gaudu-_-Jai-la-chance-d\u2019\u00eatre-\u00e0-c\u00f4t\u00e9-de-Thibaut-Pinot.png\",\"datePublished\":\"2020-07-26T08:20:06+00:00\",\"dateModified\":\"2020-07-26T10:30:22+00:00\",\"description\":\"CYCLISME - Dans un long entretien sur le site de l'\u00e9quipe Groupama-FDJ, David Gaudu revient sur sa relation avec Thibaut Pinot, son leader sur le prochain Tour de France (29 ao\u00fbt - 20 septembre).\u00a0\",\"breadcrumb\":{\"@id\":\"https:\/\/dicodusport.fr\/blog\/david-gaudu-j-ai-la-chance-d-etre-a-cote-de-thibaut-pinot\/#breadcrumb\"},\"inLanguage\":\"fr-FR\",\"potentialAction\":[{\"@type\":\"ReadAction\",\"target\":[\"https:\/\/dicodusport.fr\/blog\/david-gaudu-j-ai-la-chance-d-etre-a-cote-de-thibaut-pinot\/\"]}]},{\"@type\":\"ImageObject\",\"inLanguage\":\"fr-FR\",\"@id\":\"https:\/\/dicodusport.fr\/blog\/david-gaudu-j-ai-la-chance-d-etre-a-cote-de-thibaut-pinot\/#primaryimage\",\"url\":\"https:\/\/dicodusport.fr\/blog\/wp-content\/uploads\/2020\/07\/David-Gaudu-_-Jai-la-chance-d\u2019\u00eatre-\u00e0-c\u00f4t\u00e9-de-Thibaut-Pinot.png\",\"contentUrl\":\"https:\/\/dicodusport.fr\/blog\/wp-content\/uploads\/2020\/07\/David-Gaudu-_-Jai-la-chance-d\u2019\u00eatre-\u00e0-c\u00f4t\u00e9-de-Thibaut-Pinot.png\",\"width\":800,\"height\":445,\"caption\":\"David Gaudu : \u00ab J'ai la chance d\u2019\u00eatre \u00e0 c\u00f4t\u00e9 de Thibaut Pinot \u00bb\"},{\"@type\":\"BreadcrumbList\",\"@id\":\"https:\/\/dicodusport.fr\/blog\/david-gaudu-j-ai-la-chance-d-etre-a-cote-de-thibaut-pinot\/#breadcrumb\",\"itemListElement\":[{\"@type\":\"ListItem\",\"position\":1,\"name\":\"Accueil\",\"item\":\"https:\/\/dicodusport.fr\/blog\/\"},{\"@type\":\"ListItem\",\"position\":2,\"name\":\"David Gaudu : \u00ab J&rsquo;ai la chance d\u2019\u00eatre \u00e0 c\u00f4t\u00e9 de Thibaut Pinot \u00bb\"}]},{\"@type\":\"WebSite\",\"@id\":\"https:\/\/dicodusport.fr\/blog\/#website\",\"url\":\"https:\/\/dicodusport.fr\/blog\/\",\"name\":\"Dicodusport\",\"description\":\"L&#039;encyclop\u00e9die de l&#039;actualit\u00e9 sportive\",\"publisher\":{\"@id\":\"https:\/\/dicodusport.fr\/blog\/#organization\"},\"potentialAction\":[{\"@type\":\"SearchAction\",\"target\":{\"@type\":\"EntryPoint\",\"urlTemplate\":\"https:\/\/dicodusport.fr\/blog\/?s={search_term_string}\"},\"query-input\":{\"@type\":\"PropertyValueSpecification\",\"valueRequired\":true,\"valueName\":\"search_term_string\"}}],\"inLanguage\":\"fr-FR\"},{\"@type\":\"NewsMediaOrganization\",\"@id\":\"https:\/\/dicodusport.fr\/blog\/#organization\",\"name\":\"Dicodusport\",\"url\":\"https:\/\/dicodusport.fr\/blog\/\",\"logo\":{\"@type\":\"ImageObject\",\"inLanguage\":\"fr-FR\",\"@id\":\"https:\/\/dicodusport.fr\/blog\/#\/schema\/logo\/image\/\",\"url\":\"https:\/\/dicodusport.fr\/blog\/wp-content\/uploads\/2020\/06\/cropped-LOGO-DICODUSPORT-2020-SANS-FOND-SANS-TEXTE.png\",\"contentUrl\":\"https:\/\/dicodusport.fr\/blog\/wp-content\/uploads\/2020\/06\/cropped-LOGO-DICODUSPORT-2020-SANS-FOND-SANS-TEXTE.png\",\"width\":512,\"height\":512,\"caption\":\"Dicodusport\"},\"image\":{\"@id\":\"https:\/\/dicodusport.fr\/blog\/#\/schema\/logo\/image\/\"},\"sameAs\":[\"https:\/\/www.facebook.com\/dicodusport\",\"https:\/\/x.com\/dicodusport\",\"https:\/\/www.instagram.com\/dicodusport\/\",\"https:\/\/www.youtube.com\/channel\/UC7V2KZ5sd3htJivAbA4ZG3w\"],\"description\":\"Dicodusport est l'encyclop\u00e9die de l'actualit\u00e9 sportive.\",\"email\":\"bonjour@dicodusport.fr\",\"legalName\":\"DICODUSPORT\",\"foundingDate\":\"2018-01-14\",\"vatID\":\"FR71834470973\",\"taxID\":\"83447097300043\",\"numberOfEmployees\":{\"@type\":\"QuantitativeValue\",\"minValue\":\"1\",\"maxValue\":\"10\"}},{\"@type\":\"Person\",\"@id\":\"https:\/\/dicodusport.fr\/blog\/#\/schema\/person\/cb02af4c173ce4a653b55e9baf388d4a\",\"name\":\"Flo Ostermann\",\"image\":{\"@type\":\"ImageObject\",\"inLanguage\":\"fr-FR\",\"@id\":\"https:\/\/dicodusport.fr\/blog\/#\/schema\/person\/image\/\",\"url\":\"https:\/\/dicodusport.fr\/blog\/wp-content\/uploads\/2021\/05\/Flo-Ostermann-150x150.jpg\",\"contentUrl\":\"https:\/\/dicodusport.fr\/blog\/wp-content\/uploads\/2021\/05\/Flo-Ostermann-150x150.jpg\",\"caption\":\"Flo Ostermann\"},\"description\":\"Journaliste\/R\u00e9dacteur depuis septembre 2015 - Mes premiers souvenirs dans le sport ? Les envol\u00e9es du Stade Toulousain et les duels Villeneuve-Schumacher et H\u00e4kkinen-Schumacher \u00e0 la fin des ann\u00e9es 90, la Coupe du monde de football en 1998, l\u2019exploit du XV de France face aux All Blacks en 1999, mais aussi Richard C\u0153ur de Lion qui vole sur les montagnes du Tour de France. Bien parti pour devenir professeur d\u2019EPS, les \u00e9v\u00e9nements de la vie (et la flemme d\u2019animer des s\u00e9ances de 3x500 m\u00e8tres toute ma vie) m\u2019ont conduit \u00e0 revoir mes plans. Me voil\u00e0 depuis fin 2017 sur Dicodusport, m\u00e9dia gr\u00e2ce (et pour) lequel je partage ma passion : le sport dans tous ses \u00e9tats. Le tout accompagn\u00e9 par les fous furieux et folles furieuses cit\u00e9s sur cette page !\",\"sameAs\":[\"https:\/\/www.facebook.com\/florent.ostermann\",\"https:\/\/x.com\/https:\/\/twitter.com\/FlOstermann\",\"admin\"],\"url\":\"https:\/\/dicodusport.fr\/blog\/author\/flo\/\"}]}<\/script>\n<!-- \/ Yoast SEO Premium plugin. -->","yoast_head_json":{"title":"David Gaudu : \u00ab J'ai la chance d\u2019\u00eatre \u00e0 c\u00f4t\u00e9 de Thibaut Pinot \u00bb","description":"CYCLISME - Dans un long entretien sur le site de l'\u00e9quipe Groupama-FDJ, David Gaudu revient sur sa relation avec Thibaut Pinot, son leader sur le prochain Tour de France (29 ao\u00fbt - 20 septembre).\u00a0","robots":{"index":"index","follow":"follow","max-snippet":"max-snippet:-1","max-image-preview":"max-image-preview:large","max-video-preview":"max-video-preview:-1"},"canonical":"https:\/\/dicodusport.fr\/blog\/david-gaudu-j-ai-la-chance-d-etre-a-cote-de-thibaut-pinot\/","og_locale":"fr_FR","og_type":"article","og_title":"David Gaudu : \u00ab J'ai la chance d\u2019\u00eatre \u00e0 c\u00f4t\u00e9 de Thibaut Pinot \u00bb","og_description":"CYCLISME - Dans un long entretien sur le site de l'\u00e9quipe Groupama-FDJ, David Gaudu revient sur sa relation avec Thibaut Pinot, son leader sur le prochain Tour de France (29 ao\u00fbt - 20 septembre).\u00a0","og_url":"https:\/\/dicodusport.fr\/blog\/david-gaudu-j-ai-la-chance-d-etre-a-cote-de-thibaut-pinot\/","og_site_name":"Dicodusport","article_publisher":"https:\/\/www.facebook.com\/dicodusport","article_author":"https:\/\/www.facebook.com\/florent.ostermann","article_published_time":"2020-07-26T08:20:06+00:00","article_modified_time":"2020-07-26T10:30:22+00:00","og_image":[{"width":800,"height":445,"url":"https:\/\/dicodusport.fr\/blog\/wp-content\/uploads\/2020\/07\/David-Gaudu-_-Jai-la-chance-d\u2019\u00eatre-\u00e0-c\u00f4t\u00e9-de-Thibaut-Pinot.png","type":"image\/png"}],"author":"Flo Ostermann","twitter_card":"summary_large_image","twitter_title":"David Gaudu : \u00ab J'ai la chance d\u2019\u00eatre \u00e0 c\u00f4t\u00e9 de Thibaut Pinot \u00bb","twitter_creator":"@https:\/\/twitter.com\/FlOstermann","twitter_site":"@dicodusport","schema":{"@context":"https:\/\/schema.org","@graph":[{"@type":"NewsArticle","@id":"https:\/\/dicodusport.fr\/blog\/david-gaudu-j-ai-la-chance-d-etre-a-cote-de-thibaut-pinot\/#article","isPartOf":{"@id":"https:\/\/dicodusport.fr\/blog\/david-gaudu-j-ai-la-chance-d-etre-a-cote-de-thibaut-pinot\/"},"author":{"name":"Flo Ostermann","@id":"https:\/\/dicodusport.fr\/blog\/#\/schema\/person\/cb02af4c173ce4a653b55e9baf388d4a"},"headline":"David Gaudu : \u00ab J&rsquo;ai la chance d\u2019\u00eatre \u00e0 c\u00f4t\u00e9 de Thibaut Pinot \u00bb","datePublished":"2020-07-26T08:20:06+00:00","dateModified":"2020-07-26T10:30:22+00:00","mainEntityOfPage":{"@id":"https:\/\/dicodusport.fr\/blog\/david-gaudu-j-ai-la-chance-d-etre-a-cote-de-thibaut-pinot\/"},"wordCount":384,"commentCount":0,"publisher":{"@id":"https:\/\/dicodusport.fr\/blog\/#organization"},"image":{"@id":"https:\/\/dicodusport.fr\/blog\/david-gaudu-j-ai-la-chance-d-etre-a-cote-de-thibaut-pinot\/#primaryimage"},"thumbnailUrl":"https:\/\/dicodusport.fr\/blog\/wp-content\/uploads\/2020\/07\/David-Gaudu-_-Jai-la-chance-d\u2019\u00eatre-\u00e0-c\u00f4t\u00e9-de-Thibaut-Pinot.png","keywords":["Cyclisme","David Gaudu","Groupama FDJ"],"articleSection":["Cyclisme"],"inLanguage":"fr-FR","potentialAction":[{"@type":"CommentAction","name":"Comment","target":["https:\/\/dicodusport.fr\/blog\/david-gaudu-j-ai-la-chance-d-etre-a-cote-de-thibaut-pinot\/#respond"]}],"copyrightYear":"2020","copyrightHolder":{"@id":"https:\/\/dicodusport.fr\/blog\/#organization"}},{"@type":"WebPage","@id":"https:\/\/dicodusport.fr\/blog\/david-gaudu-j-ai-la-chance-d-etre-a-cote-de-thibaut-pinot\/","url":"https:\/\/dicodusport.fr\/blog\/david-gaudu-j-ai-la-chance-d-etre-a-cote-de-thibaut-pinot\/","name":"David Gaudu : \u00ab J'ai la chance d\u2019\u00eatre \u00e0 c\u00f4t\u00e9 de Thibaut Pinot \u00bb","isPartOf":{"@id":"https:\/\/dicodusport.fr\/blog\/#website"},"primaryImageOfPage":{"@id":"https:\/\/dicodusport.fr\/blog\/david-gaudu-j-ai-la-chance-d-etre-a-cote-de-thibaut-pinot\/#primaryimage"},"image":{"@id":"https:\/\/dicodusport.fr\/blog\/david-gaudu-j-ai-la-chance-d-etre-a-cote-de-thibaut-pinot\/#primaryimage"},"thumbnailUrl":"https:\/\/dicodusport.fr\/blog\/wp-content\/uploads\/2020\/07\/David-Gaudu-_-Jai-la-chance-d\u2019\u00eatre-\u00e0-c\u00f4t\u00e9-de-Thibaut-Pinot.png","datePublished":"2020-07-26T08:20:06+00:00","dateModified":"2020-07-26T10:30:22+00:00","description":"CYCLISME - Dans un long entretien sur le site de l'\u00e9quipe Groupama-FDJ, David Gaudu revient sur sa relation avec Thibaut Pinot, son leader sur le prochain Tour de France (29 ao\u00fbt - 20 septembre).\u00a0","breadcrumb":{"@id":"https:\/\/dicodusport.fr\/blog\/david-gaudu-j-ai-la-chance-d-etre-a-cote-de-thibaut-pinot\/#breadcrumb"},"inLanguage":"fr-FR","potentialAction":[{"@type":"ReadAction","target":["https:\/\/dicodusport.fr\/blog\/david-gaudu-j-ai-la-chance-d-etre-a-cote-de-thibaut-pinot\/"]}]},{"@type":"ImageObject","inLanguage":"fr-FR","@id":"https:\/\/dicodusport.fr\/blog\/david-gaudu-j-ai-la-chance-d-etre-a-cote-de-thibaut-pinot\/#primaryimage","url":"https:\/\/dicodusport.fr\/blog\/wp-content\/uploads\/2020\/07\/David-Gaudu-_-Jai-la-chance-d\u2019\u00eatre-\u00e0-c\u00f4t\u00e9-de-Thibaut-Pinot.png","contentUrl":"https:\/\/dicodusport.fr\/blog\/wp-content\/uploads\/2020\/07\/David-Gaudu-_-Jai-la-chance-d\u2019\u00eatre-\u00e0-c\u00f4t\u00e9-de-Thibaut-Pinot.png","width":800,"height":445,"caption":"David Gaudu : \u00ab J'ai la chance d\u2019\u00eatre \u00e0 c\u00f4t\u00e9 de Thibaut Pinot \u00bb"},{"@type":"BreadcrumbList","@id":"https:\/\/dicodusport.fr\/blog\/david-gaudu-j-ai-la-chance-d-etre-a-cote-de-thibaut-pinot\/#breadcrumb","itemListElement":[{"@type":"ListItem","position":1,"name":"Accueil","item":"https:\/\/dicodusport.fr\/blog\/"},{"@type":"ListItem","position":2,"name":"David Gaudu : \u00ab J&rsquo;ai la chance d\u2019\u00eatre \u00e0 c\u00f4t\u00e9 de Thibaut Pinot \u00bb"}]},{"@type":"WebSite","@id":"https:\/\/dicodusport.fr\/blog\/#website","url":"https:\/\/dicodusport.fr\/blog\/","name":"Dicodusport","description":"L&#039;encyclop\u00e9die de l&#039;actualit\u00e9 sportive","publisher":{"@id":"https:\/\/dicodusport.fr\/blog\/#organization"},"potentialAction":[{"@type":"SearchAction","target":{"@type":"EntryPoint","urlTemplate":"https:\/\/dicodusport.fr\/blog\/?s={search_term_string}"},"query-input":{"@type":"PropertyValueSpecification","valueRequired":true,"valueName":"search_term_string"}}],"inLanguage":"fr-FR"},{"@type":"NewsMediaOrganization","@id":"https:\/\/dicodusport.fr\/blog\/#organization","name":"Dicodusport","url":"https:\/\/dicodusport.fr\/blog\/","logo":{"@type":"ImageObject","inLanguage":"fr-FR","@id":"https:\/\/dicodusport.fr\/blog\/#\/schema\/logo\/image\/","url":"https:\/\/dicodusport.fr\/blog\/wp-content\/uploads\/2020\/06\/cropped-LOGO-DICODUSPORT-2020-SANS-FOND-SANS-TEXTE.png","contentUrl":"https:\/\/dicodusport.fr\/blog\/wp-content\/uploads\/2020\/06\/cropped-LOGO-DICODUSPORT-2020-SANS-FOND-SANS-TEXTE.png","width":512,"height":512,"caption":"Dicodusport"},"image":{"@id":"https:\/\/dicodusport.fr\/blog\/#\/schema\/logo\/image\/"},"sameAs":["https:\/\/www.facebook.com\/dicodusport","https:\/\/x.com\/dicodusport","https:\/\/www.instagram.com\/dicodusport\/","https:\/\/www.youtube.com\/channel\/UC7V2KZ5sd3htJivAbA4ZG3w"],"description":"Dicodusport est l'encyclop\u00e9die de l'actualit\u00e9 sportive.","email":"bonjour@dicodusport.fr","legalName":"DICODUSPORT","foundingDate":"2018-01-14","vatID":"FR71834470973","taxID":"83447097300043","numberOfEmployees":{"@type":"QuantitativeValue","minValue":"1","maxValue":"10"}},{"@type":"Person","@id":"https:\/\/dicodusport.fr\/blog\/#\/schema\/person\/cb02af4c173ce4a653b55e9baf388d4a","name":"Flo Ostermann","image":{"@type":"ImageObject","inLanguage":"fr-FR","@id":"https:\/\/dicodusport.fr\/blog\/#\/schema\/person\/image\/","url":"https:\/\/dicodusport.fr\/blog\/wp-content\/uploads\/2021\/05\/Flo-Ostermann-150x150.jpg","contentUrl":"https:\/\/dicodusport.fr\/blog\/wp-content\/uploads\/2021\/05\/Flo-Ostermann-150x150.jpg","caption":"Flo Ostermann"},"description":"Journaliste\/R\u00e9dacteur depuis septembre 2015 - Mes premiers souvenirs dans le sport ? Les envol\u00e9es du Stade Toulousain et les duels Villeneuve-Schumacher et H\u00e4kkinen-Schumacher \u00e0 la fin des ann\u00e9es 90, la Coupe du monde de football en 1998, l\u2019exploit du XV de France face aux All Blacks en 1999, mais aussi Richard C\u0153ur de Lion qui vole sur les montagnes du Tour de France. Bien parti pour devenir professeur d\u2019EPS, les \u00e9v\u00e9nements de la vie (et la flemme d\u2019animer des s\u00e9ances de 3x500 m\u00e8tres toute ma vie) m\u2019ont conduit \u00e0 revoir mes plans. Me voil\u00e0 depuis fin 2017 sur Dicodusport, m\u00e9dia gr\u00e2ce (et pour) lequel je partage ma passion : le sport dans tous ses \u00e9tats. Le tout accompagn\u00e9 par les fous furieux et folles furieuses cit\u00e9s sur cette page !","sameAs":["https:\/\/www.facebook.com\/florent.ostermann","https:\/\/x.com\/https:\/\/twitter.com\/FlOstermann","admin"],"url":"https:\/\/dicodusport.fr\/blog\/author\/flo\/"}]}},"_links":{"self":[{"href":"https:\/\/dicodusport.fr\/blog\/wp-json\/wp\/v2\/posts\/72513","targetHints":{"allow":["GET"]}}],"collection":[{"href":"https:\/\/dicodusport.fr\/blog\/wp-json\/wp\/v2\/posts"}],"about":[{"href":"https:\/\/dicodusport.fr\/blog\/wp-json\/wp\/v2\/types\/post"}],"author":[{"embeddable":true,"href":"https:\/\/dicodusport.fr\/blog\/wp-json\/wp\/v2\/users\/4"}],"replies":[{"embeddable":true,"href":"https:\/\/dicodusport.fr\/blog\/wp-json\/wp\/v2\/comments?post=72513"}],"version-history":[{"count":0,"href":"https:\/\/dicodusport.fr\/blog\/wp-json\/wp\/v2\/posts\/72513\/revisions"}],"wp:featuredmedia":[{"embeddable":true,"href":"https:\/\/dicodusport.fr\/blog\/wp-json\/wp\/v2\/media\/72515"}],"wp:attachment":[{"href":"https:\/\/dicodusport.fr\/blog\/wp-json\/wp\/v2\/media?parent=72513"}],"wp:term":[{"taxonomy":"category","embeddable":true,"href":"https:\/\/dicodusport.fr\/blog\/wp-json\/wp\/v2\/categories?post=72513"},{"taxonomy":"post_tag","embeddable":true,"href":"https:\/\/dicodusport.fr\/blog\/wp-json\/wp\/v2\/tags?post=72513"}],"curies":[{"name":"wp","href":"https:\/\/api.w.org\/{rel}","templated":true}]}}