{"id":72791,"date":"2020-07-30T14:08:37","date_gmt":"2020-07-30T12:08:37","guid":{"rendered":"http:\/\/dicodusport.fr\/blog\/?p=72791&#038;preview=true&#038;preview_id=72791"},"modified":"2020-07-30T15:49:07","modified_gmt":"2020-07-30T13:49:07","slug":"cyclisme-ag2r-la-mondiale-va-changer-de-nom","status":"publish","type":"post","link":"https:\/\/dicodusport.fr\/blog\/cyclisme-ag2r-la-mondiale-va-changer-de-nom\/","title":{"rendered":"Cyclisme : AG2R La Mondiale va changer de nom !"},"content":{"rendered":"<p style=\"text-align: justify;\"><em><b>CYCLISME &#8211; \u00c9norme sensation ce jeudi ! La formation AG2R La Mondiale va changer de nom et s&rsquo;associer avec le constructeur automobile Citro\u00ebn. La nouvelle formation se nommera AG2R Citro\u00ebn Team d\u00e8s 2021.<\/b><\/em><\/p>\n<p style=\"text-align: justify;\">Apr\u00e8s avoir \u00e9chang\u00e9 leur logo ce jeudi matin, la rumeur s&rsquo;\u00e9tait r\u00e9pandue comme une tra\u00een\u00e9e de poudre. C&rsquo;est d\u00e9sormais officiel. <strong>AG2R La Mondiale<\/strong> et <strong>Citro\u00ebn<\/strong> seront les co-sponsors de la formation savoyarde en 2021. Sous le nom de <strong>AG2R Citro\u00ebn Team<\/strong>, l&rsquo;\u00e9quipe dirig\u00e9e par <strong>Vincent Lavenu<\/strong>\u00a0f\u00eatera ses 30 ans la saison prochaine. Ce dernier \u00e9tait d&rsquo;ailleurs \u00e0 la recherche d&rsquo;un co-sponsor ces derniers mois pour une structure qui dispose actuellement d&rsquo;un budget de 16,5 millions d&rsquo;euros. Celui-ci devrait, avec l&rsquo;arriv\u00e9e du constructeur fran\u00e7ais, \u00e9voluer. Les ambitions \u00e9galement.<\/p>\n<p style=\"text-align: justify;\">Dans <a href=\"https:\/\/www.cyclisme.ag2rlamondiale.fr\/citroen-co-partenaire-aux-cotes-dag2r-la-mondiale-a-partir-de-la-saison-2021\/\" target=\"_blank\" rel=\"noopener noreferrer\">un communiqu\u00e9<\/a>, AG2R La Mondiale se f\u00e9licite de ce nouveau tournant en vue de la saison prochaine. <em>\u00ab <strong>Vincent Lavenu<\/strong>, les coureurs et les membres de l\u2019encadrement, accompagn\u00e9s de leurs deux partenaires titres, partagent des valeurs communes telles que l\u2019exemplarit\u00e9, l\u2019humain, l\u2019audace et la performance. Ensemble, ils \u00e9criront un nouveau chapitre de l\u2019histoire de l\u2019\u00e9quipe. \u00bb<\/em>, peut-on lire sur le site internet de la formation fran\u00e7aise.<\/p>\n<blockquote class=\"twitter-tweet\">\n<p dir=\"ltr\" lang=\"fr\">\u00c9changeons nos logos puisque nous partageons les m\u00eames valeurs.<\/p>\n<p>Aux c\u00f4t\u00e9s de notre partenaire <a href=\"https:\/\/twitter.com\/AG2RLAMONDIALE?ref_src=twsrc%5Etfw\">@AG2RLAMONDIALE<\/a>, nous sommes fiers d\u2019accueillir <a href=\"https:\/\/twitter.com\/CitroenFrance?ref_src=twsrc%5Etfw\">@CitroenFrance<\/a> pour devenir <a href=\"https:\/\/twitter.com\/hashtag\/AG2RCITROENTEAM?src=hash&amp;ref_src=twsrc%5Etfw\">#AG2RCITROENTEAM<\/a> d\u00e8s 2021. Ensemble, nous \u00e9crirons un nouveau chapitre de l\u2019histoire de l\u2019\u00e9quipe. <a href=\"https:\/\/t.co\/R2LFenesVr\">pic.twitter.com\/R2LFenesVr<\/a><\/p>\n<p>\u2014 AG2RLM Pro Cycling Team (@AG2RLMCyclisme) <a href=\"https:\/\/twitter.com\/AG2RLMCyclisme\/status\/1288806548731506688?ref_src=twsrc%5Etfw\">July 30, 2020<\/a><\/p><\/blockquote>\n<p><script async src=\"https:\/\/platform.twitter.com\/widgets.js\" charset=\"utf-8\"><\/script><\/p>\n<h2 style=\"text-align: justify;\">Et sur le plan sportif ?<\/h2>\n<p style=\"text-align: justify;\">En m\u00eame temps que ce changement de nom, un nouveau cap pourrait \u00eatre \u00e9galement de mise sur le plan sportif. Les d\u00e9parts de <a href=\"https:\/\/dicodusport.fr\/blog\/romain-bardet-sunweb-ca-se-precise\/\" target=\"_blank\" rel=\"noopener noreferrer\"><strong>Romain Bardet<\/strong> vers Sunweb<\/a> et de <a href=\"https:\/\/dicodusport.fr\/blog\/ag2r-la-mondiale-pierre-latour-sur-le-depart\/\" target=\"_blank\" rel=\"noopener noreferrer\"><strong>Pierre Latour<\/strong> chez Total Direct \u00c9nergie<\/a> \u00e9tant bien avanc\u00e9s, un recrutement \u00e0 la hauteur de ce nouveau chapitre est annonc\u00e9. Le Belge <strong>Greg Van Avermaet<\/strong> (CCC), grand sp\u00e9cialiste des classiques, est annonc\u00e9 comme future recrue. Le nom de <strong>Bob Jungels<\/strong> (Deceuncinck &#8211; Quick-Step) est \u00e9galement \u00e9voqu\u00e9.<\/p>\n<p><strong><em>Dicodusport<br \/>\n<a href=\"https:\/\/www.facebook.com\/dicodusport\/\" target=\"_blank\" rel=\"noopener noreferrer\"><img loading=\"lazy\" decoding=\"async\" class=\"alignnone wp-image-2909\" src=\"http:\/\/dicodusport.fr\/blog\/wp-content\/uploads\/2017\/07\/logo-facebook-150x150.png\" alt=\"\" width=\"40\" height=\"40\" \/><\/a><a href=\"https:\/\/twitter.com\/dicodusport\" target=\"_blank\" rel=\"noopener noreferrer\"><img loading=\"lazy\" decoding=\"async\" class=\"alignnone wp-image-2908\" src=\"http:\/\/dicodusport.fr\/blog\/wp-content\/uploads\/2017\/07\/logo-twitter-150x150.png\" alt=\"\" width=\"39\" height=\"39\" \/><\/a><\/em><\/strong><\/p>\n","protected":false},"excerpt":{"rendered":"<p>CYCLISME &#8211; \u00c9norme sensation ce jeudi ! La formation AG2R La Mondiale va changer de nom et s&rsquo;associer avec le constructeur automobile Citro\u00ebn. La nouvelle formation se nommera AG2R Citro\u00ebn Team d\u00e8s 2021.<\/p>\n","protected":false},"author":4,"featured_media":71895,"comment_status":"open","ping_status":"closed","sticky":false,"template":"","format":"standard","meta":{"_acf_changed":false,"_daextam_enable_autolinks":"","footnotes":""},"categories":[2307],"tags":[3644,574,24],"class_list":["post-72791","post","type-post","status-publish","format-standard","has-post-thumbnail","hentry","category-cyclisme","tag-ag2r-la-mondiale","tag-cyclisme","tag-sport"],"acf":[],"yoast_head":"<!-- This site is optimized with the Yoast SEO Premium plugin v26.7 (Yoast SEO v26.7) - https:\/\/yoast.com\/wordpress\/plugins\/seo\/ -->\n<title>Cyclisme : AG2R La Mondiale va changer de nom !<\/title>\n<meta name=\"description\" content=\"CYCLISME - \u00c9norme sensation ce jeudi ! La formation AG2R La Mondiale va changer de nom et s&#039;associer avec le constructeur automobile Citro\u00ebn. La nouvelle formation se nommera AG2R Citro\u00ebn Team d\u00e8s 2021.\" \/>\n<meta name=\"robots\" content=\"index, follow, max-snippet:-1, max-image-preview:large, max-video-preview:-1\" \/>\n<link rel=\"canonical\" href=\"https:\/\/dicodusport.fr\/blog\/cyclisme-ag2r-la-mondiale-va-changer-de-nom\/\" \/>\n<meta property=\"og:locale\" content=\"fr_FR\" \/>\n<meta property=\"og:type\" content=\"article\" \/>\n<meta property=\"og:title\" content=\"Cyclisme : AG2R La Mondiale va changer de nom !\" \/>\n<meta property=\"og:description\" content=\"CYCLISME - \u00c9norme sensation ce jeudi ! La formation AG2R La Mondiale va changer de nom et s&#039;associer avec le constructeur automobile Citro\u00ebn. La nouvelle formation se nommera AG2R Citro\u00ebn Team d\u00e8s 2021.\" \/>\n<meta property=\"og:url\" content=\"https:\/\/dicodusport.fr\/blog\/cyclisme-ag2r-la-mondiale-va-changer-de-nom\/\" \/>\n<meta property=\"og:site_name\" content=\"Dicodusport\" \/>\n<meta property=\"article:publisher\" content=\"https:\/\/www.facebook.com\/dicodusport\" \/>\n<meta property=\"article:author\" content=\"https:\/\/www.facebook.com\/florent.ostermann\" \/>\n<meta property=\"article:published_time\" content=\"2020-07-30T12:08:37+00:00\" \/>\n<meta property=\"article:modified_time\" content=\"2020-07-30T13:49:07+00:00\" \/>\n<meta property=\"og:image\" content=\"https:\/\/dicodusport.fr\/blog\/wp-content\/uploads\/2020\/07\/Romain-Bardet-Je-ne-marche-pas-sur-les-plates-bandes-de-Pierre-il-ne-marche-pas-sur-les-miennes.png\" \/>\n\t<meta property=\"og:image:width\" content=\"800\" \/>\n\t<meta property=\"og:image:height\" content=\"445\" \/>\n\t<meta property=\"og:image:type\" content=\"image\/png\" \/>\n<meta name=\"author\" content=\"Flo Ostermann\" \/>\n<meta name=\"twitter:card\" content=\"summary_large_image\" \/>\n<meta name=\"twitter:title\" content=\"Cyclisme : AG2R La Mondiale va changer de nom !\" \/>\n<meta name=\"twitter:creator\" content=\"@https:\/\/twitter.com\/FlOstermann\" \/>\n<meta name=\"twitter:site\" content=\"@dicodusport\" \/>\n<script type=\"application\/ld+json\" class=\"yoast-schema-graph\">{\"@context\":\"https:\/\/schema.org\",\"@graph\":[{\"@type\":\"NewsArticle\",\"@id\":\"https:\/\/dicodusport.fr\/blog\/cyclisme-ag2r-la-mondiale-va-changer-de-nom\/#article\",\"isPartOf\":{\"@id\":\"https:\/\/dicodusport.fr\/blog\/cyclisme-ag2r-la-mondiale-va-changer-de-nom\/\"},\"author\":{\"name\":\"Flo Ostermann\",\"@id\":\"https:\/\/dicodusport.fr\/blog\/#\/schema\/person\/cb02af4c173ce4a653b55e9baf388d4a\"},\"headline\":\"Cyclisme : AG2R La Mondiale va changer de nom !\",\"datePublished\":\"2020-07-30T12:08:37+00:00\",\"dateModified\":\"2020-07-30T13:49:07+00:00\",\"mainEntityOfPage\":{\"@id\":\"https:\/\/dicodusport.fr\/blog\/cyclisme-ag2r-la-mondiale-va-changer-de-nom\/\"},\"wordCount\":366,\"commentCount\":0,\"publisher\":{\"@id\":\"https:\/\/dicodusport.fr\/blog\/#organization\"},\"image\":{\"@id\":\"https:\/\/dicodusport.fr\/blog\/cyclisme-ag2r-la-mondiale-va-changer-de-nom\/#primaryimage\"},\"thumbnailUrl\":\"https:\/\/dicodusport.fr\/blog\/wp-content\/uploads\/2020\/07\/Romain-Bardet-Je-ne-marche-pas-sur-les-plates-bandes-de-Pierre-il-ne-marche-pas-sur-les-miennes.png\",\"keywords\":[\"AG2R La Mondiale\",\"Cyclisme\",\"sport\"],\"articleSection\":[\"Cyclisme\"],\"inLanguage\":\"fr-FR\",\"potentialAction\":[{\"@type\":\"CommentAction\",\"name\":\"Comment\",\"target\":[\"https:\/\/dicodusport.fr\/blog\/cyclisme-ag2r-la-mondiale-va-changer-de-nom\/#respond\"]}],\"copyrightYear\":\"2020\",\"copyrightHolder\":{\"@id\":\"https:\/\/dicodusport.fr\/blog\/#organization\"}},{\"@type\":\"WebPage\",\"@id\":\"https:\/\/dicodusport.fr\/blog\/cyclisme-ag2r-la-mondiale-va-changer-de-nom\/\",\"url\":\"https:\/\/dicodusport.fr\/blog\/cyclisme-ag2r-la-mondiale-va-changer-de-nom\/\",\"name\":\"Cyclisme : AG2R La Mondiale va changer de nom !\",\"isPartOf\":{\"@id\":\"https:\/\/dicodusport.fr\/blog\/#website\"},\"primaryImageOfPage\":{\"@id\":\"https:\/\/dicodusport.fr\/blog\/cyclisme-ag2r-la-mondiale-va-changer-de-nom\/#primaryimage\"},\"image\":{\"@id\":\"https:\/\/dicodusport.fr\/blog\/cyclisme-ag2r-la-mondiale-va-changer-de-nom\/#primaryimage\"},\"thumbnailUrl\":\"https:\/\/dicodusport.fr\/blog\/wp-content\/uploads\/2020\/07\/Romain-Bardet-Je-ne-marche-pas-sur-les-plates-bandes-de-Pierre-il-ne-marche-pas-sur-les-miennes.png\",\"datePublished\":\"2020-07-30T12:08:37+00:00\",\"dateModified\":\"2020-07-30T13:49:07+00:00\",\"description\":\"CYCLISME - \u00c9norme sensation ce jeudi ! La formation AG2R La Mondiale va changer de nom et s'associer avec le constructeur automobile Citro\u00ebn. La nouvelle formation se nommera AG2R Citro\u00ebn Team d\u00e8s 2021.\",\"breadcrumb\":{\"@id\":\"https:\/\/dicodusport.fr\/blog\/cyclisme-ag2r-la-mondiale-va-changer-de-nom\/#breadcrumb\"},\"inLanguage\":\"fr-FR\",\"potentialAction\":[{\"@type\":\"ReadAction\",\"target\":[\"https:\/\/dicodusport.fr\/blog\/cyclisme-ag2r-la-mondiale-va-changer-de-nom\/\"]}]},{\"@type\":\"ImageObject\",\"inLanguage\":\"fr-FR\",\"@id\":\"https:\/\/dicodusport.fr\/blog\/cyclisme-ag2r-la-mondiale-va-changer-de-nom\/#primaryimage\",\"url\":\"https:\/\/dicodusport.fr\/blog\/wp-content\/uploads\/2020\/07\/Romain-Bardet-Je-ne-marche-pas-sur-les-plates-bandes-de-Pierre-il-ne-marche-pas-sur-les-miennes.png\",\"contentUrl\":\"https:\/\/dicodusport.fr\/blog\/wp-content\/uploads\/2020\/07\/Romain-Bardet-Je-ne-marche-pas-sur-les-plates-bandes-de-Pierre-il-ne-marche-pas-sur-les-miennes.png\",\"width\":800,\"height\":445,\"caption\":\"Romain Bardet : \\\"Je ne marche pas sur les plates-bandes de Pierre, il ne marche pas sur les miennes\\\"\"},{\"@type\":\"BreadcrumbList\",\"@id\":\"https:\/\/dicodusport.fr\/blog\/cyclisme-ag2r-la-mondiale-va-changer-de-nom\/#breadcrumb\",\"itemListElement\":[{\"@type\":\"ListItem\",\"position\":1,\"name\":\"Accueil\",\"item\":\"https:\/\/dicodusport.fr\/blog\/\"},{\"@type\":\"ListItem\",\"position\":2,\"name\":\"Cyclisme : AG2R La Mondiale va changer de nom !\"}]},{\"@type\":\"WebSite\",\"@id\":\"https:\/\/dicodusport.fr\/blog\/#website\",\"url\":\"https:\/\/dicodusport.fr\/blog\/\",\"name\":\"Dicodusport\",\"description\":\"L&#039;encyclop\u00e9die de l&#039;actualit\u00e9 sportive\",\"publisher\":{\"@id\":\"https:\/\/dicodusport.fr\/blog\/#organization\"},\"potentialAction\":[{\"@type\":\"SearchAction\",\"target\":{\"@type\":\"EntryPoint\",\"urlTemplate\":\"https:\/\/dicodusport.fr\/blog\/?s={search_term_string}\"},\"query-input\":{\"@type\":\"PropertyValueSpecification\",\"valueRequired\":true,\"valueName\":\"search_term_string\"}}],\"inLanguage\":\"fr-FR\"},{\"@type\":\"NewsMediaOrganization\",\"@id\":\"https:\/\/dicodusport.fr\/blog\/#organization\",\"name\":\"Dicodusport\",\"url\":\"https:\/\/dicodusport.fr\/blog\/\",\"logo\":{\"@type\":\"ImageObject\",\"inLanguage\":\"fr-FR\",\"@id\":\"https:\/\/dicodusport.fr\/blog\/#\/schema\/logo\/image\/\",\"url\":\"https:\/\/dicodusport.fr\/blog\/wp-content\/uploads\/2020\/06\/cropped-LOGO-DICODUSPORT-2020-SANS-FOND-SANS-TEXTE.png\",\"contentUrl\":\"https:\/\/dicodusport.fr\/blog\/wp-content\/uploads\/2020\/06\/cropped-LOGO-DICODUSPORT-2020-SANS-FOND-SANS-TEXTE.png\",\"width\":512,\"height\":512,\"caption\":\"Dicodusport\"},\"image\":{\"@id\":\"https:\/\/dicodusport.fr\/blog\/#\/schema\/logo\/image\/\"},\"sameAs\":[\"https:\/\/www.facebook.com\/dicodusport\",\"https:\/\/x.com\/dicodusport\",\"https:\/\/www.instagram.com\/dicodusport\/\",\"https:\/\/www.youtube.com\/channel\/UC7V2KZ5sd3htJivAbA4ZG3w\"],\"description\":\"Dicodusport est l'encyclop\u00e9die de l'actualit\u00e9 sportive.\",\"email\":\"bonjour@dicodusport.fr\",\"legalName\":\"DICODUSPORT\",\"foundingDate\":\"2018-01-14\",\"vatID\":\"FR71834470973\",\"taxID\":\"83447097300043\",\"numberOfEmployees\":{\"@type\":\"QuantitativeValue\",\"minValue\":\"1\",\"maxValue\":\"10\"}},{\"@type\":\"Person\",\"@id\":\"https:\/\/dicodusport.fr\/blog\/#\/schema\/person\/cb02af4c173ce4a653b55e9baf388d4a\",\"name\":\"Flo Ostermann\",\"image\":{\"@type\":\"ImageObject\",\"inLanguage\":\"fr-FR\",\"@id\":\"https:\/\/dicodusport.fr\/blog\/#\/schema\/person\/image\/\",\"url\":\"https:\/\/dicodusport.fr\/blog\/wp-content\/uploads\/2021\/05\/Flo-Ostermann-150x150.jpg\",\"contentUrl\":\"https:\/\/dicodusport.fr\/blog\/wp-content\/uploads\/2021\/05\/Flo-Ostermann-150x150.jpg\",\"caption\":\"Flo Ostermann\"},\"description\":\"Journaliste\/R\u00e9dacteur depuis septembre 2015 - Mes premiers souvenirs dans le sport ? Les envol\u00e9es du Stade Toulousain et les duels Villeneuve-Schumacher et H\u00e4kkinen-Schumacher \u00e0 la fin des ann\u00e9es 90, la Coupe du monde de football en 1998, l\u2019exploit du XV de France face aux All Blacks en 1999, mais aussi Richard C\u0153ur de Lion qui vole sur les montagnes du Tour de France. Bien parti pour devenir professeur d\u2019EPS, les \u00e9v\u00e9nements de la vie (et la flemme d\u2019animer des s\u00e9ances de 3x500 m\u00e8tres toute ma vie) m\u2019ont conduit \u00e0 revoir mes plans. Me voil\u00e0 depuis fin 2017 sur Dicodusport, m\u00e9dia gr\u00e2ce (et pour) lequel je partage ma passion : le sport dans tous ses \u00e9tats. Le tout accompagn\u00e9 par les fous furieux et folles furieuses cit\u00e9s sur cette page !\",\"sameAs\":[\"https:\/\/www.facebook.com\/florent.ostermann\",\"https:\/\/x.com\/https:\/\/twitter.com\/FlOstermann\",\"admin\"],\"url\":\"https:\/\/dicodusport.fr\/blog\/author\/flo\/\"}]}<\/script>\n<!-- \/ Yoast SEO Premium plugin. -->","yoast_head_json":{"title":"Cyclisme : AG2R La Mondiale va changer de nom !","description":"CYCLISME - \u00c9norme sensation ce jeudi ! La formation AG2R La Mondiale va changer de nom et s'associer avec le constructeur automobile Citro\u00ebn. La nouvelle formation se nommera AG2R Citro\u00ebn Team d\u00e8s 2021.","robots":{"index":"index","follow":"follow","max-snippet":"max-snippet:-1","max-image-preview":"max-image-preview:large","max-video-preview":"max-video-preview:-1"},"canonical":"https:\/\/dicodusport.fr\/blog\/cyclisme-ag2r-la-mondiale-va-changer-de-nom\/","og_locale":"fr_FR","og_type":"article","og_title":"Cyclisme : AG2R La Mondiale va changer de nom !","og_description":"CYCLISME - \u00c9norme sensation ce jeudi ! La formation AG2R La Mondiale va changer de nom et s'associer avec le constructeur automobile Citro\u00ebn. La nouvelle formation se nommera AG2R Citro\u00ebn Team d\u00e8s 2021.","og_url":"https:\/\/dicodusport.fr\/blog\/cyclisme-ag2r-la-mondiale-va-changer-de-nom\/","og_site_name":"Dicodusport","article_publisher":"https:\/\/www.facebook.com\/dicodusport","article_author":"https:\/\/www.facebook.com\/florent.ostermann","article_published_time":"2020-07-30T12:08:37+00:00","article_modified_time":"2020-07-30T13:49:07+00:00","og_image":[{"width":800,"height":445,"url":"https:\/\/dicodusport.fr\/blog\/wp-content\/uploads\/2020\/07\/Romain-Bardet-Je-ne-marche-pas-sur-les-plates-bandes-de-Pierre-il-ne-marche-pas-sur-les-miennes.png","type":"image\/png"}],"author":"Flo Ostermann","twitter_card":"summary_large_image","twitter_title":"Cyclisme : AG2R La Mondiale va changer de nom !","twitter_creator":"@https:\/\/twitter.com\/FlOstermann","twitter_site":"@dicodusport","schema":{"@context":"https:\/\/schema.org","@graph":[{"@type":"NewsArticle","@id":"https:\/\/dicodusport.fr\/blog\/cyclisme-ag2r-la-mondiale-va-changer-de-nom\/#article","isPartOf":{"@id":"https:\/\/dicodusport.fr\/blog\/cyclisme-ag2r-la-mondiale-va-changer-de-nom\/"},"author":{"name":"Flo Ostermann","@id":"https:\/\/dicodusport.fr\/blog\/#\/schema\/person\/cb02af4c173ce4a653b55e9baf388d4a"},"headline":"Cyclisme : AG2R La Mondiale va changer de nom !","datePublished":"2020-07-30T12:08:37+00:00","dateModified":"2020-07-30T13:49:07+00:00","mainEntityOfPage":{"@id":"https:\/\/dicodusport.fr\/blog\/cyclisme-ag2r-la-mondiale-va-changer-de-nom\/"},"wordCount":366,"commentCount":0,"publisher":{"@id":"https:\/\/dicodusport.fr\/blog\/#organization"},"image":{"@id":"https:\/\/dicodusport.fr\/blog\/cyclisme-ag2r-la-mondiale-va-changer-de-nom\/#primaryimage"},"thumbnailUrl":"https:\/\/dicodusport.fr\/blog\/wp-content\/uploads\/2020\/07\/Romain-Bardet-Je-ne-marche-pas-sur-les-plates-bandes-de-Pierre-il-ne-marche-pas-sur-les-miennes.png","keywords":["AG2R La Mondiale","Cyclisme","sport"],"articleSection":["Cyclisme"],"inLanguage":"fr-FR","potentialAction":[{"@type":"CommentAction","name":"Comment","target":["https:\/\/dicodusport.fr\/blog\/cyclisme-ag2r-la-mondiale-va-changer-de-nom\/#respond"]}],"copyrightYear":"2020","copyrightHolder":{"@id":"https:\/\/dicodusport.fr\/blog\/#organization"}},{"@type":"WebPage","@id":"https:\/\/dicodusport.fr\/blog\/cyclisme-ag2r-la-mondiale-va-changer-de-nom\/","url":"https:\/\/dicodusport.fr\/blog\/cyclisme-ag2r-la-mondiale-va-changer-de-nom\/","name":"Cyclisme : AG2R La Mondiale va changer de nom !","isPartOf":{"@id":"https:\/\/dicodusport.fr\/blog\/#website"},"primaryImageOfPage":{"@id":"https:\/\/dicodusport.fr\/blog\/cyclisme-ag2r-la-mondiale-va-changer-de-nom\/#primaryimage"},"image":{"@id":"https:\/\/dicodusport.fr\/blog\/cyclisme-ag2r-la-mondiale-va-changer-de-nom\/#primaryimage"},"thumbnailUrl":"https:\/\/dicodusport.fr\/blog\/wp-content\/uploads\/2020\/07\/Romain-Bardet-Je-ne-marche-pas-sur-les-plates-bandes-de-Pierre-il-ne-marche-pas-sur-les-miennes.png","datePublished":"2020-07-30T12:08:37+00:00","dateModified":"2020-07-30T13:49:07+00:00","description":"CYCLISME - \u00c9norme sensation ce jeudi ! La formation AG2R La Mondiale va changer de nom et s'associer avec le constructeur automobile Citro\u00ebn. La nouvelle formation se nommera AG2R Citro\u00ebn Team d\u00e8s 2021.","breadcrumb":{"@id":"https:\/\/dicodusport.fr\/blog\/cyclisme-ag2r-la-mondiale-va-changer-de-nom\/#breadcrumb"},"inLanguage":"fr-FR","potentialAction":[{"@type":"ReadAction","target":["https:\/\/dicodusport.fr\/blog\/cyclisme-ag2r-la-mondiale-va-changer-de-nom\/"]}]},{"@type":"ImageObject","inLanguage":"fr-FR","@id":"https:\/\/dicodusport.fr\/blog\/cyclisme-ag2r-la-mondiale-va-changer-de-nom\/#primaryimage","url":"https:\/\/dicodusport.fr\/blog\/wp-content\/uploads\/2020\/07\/Romain-Bardet-Je-ne-marche-pas-sur-les-plates-bandes-de-Pierre-il-ne-marche-pas-sur-les-miennes.png","contentUrl":"https:\/\/dicodusport.fr\/blog\/wp-content\/uploads\/2020\/07\/Romain-Bardet-Je-ne-marche-pas-sur-les-plates-bandes-de-Pierre-il-ne-marche-pas-sur-les-miennes.png","width":800,"height":445,"caption":"Romain Bardet : \"Je ne marche pas sur les plates-bandes de Pierre, il ne marche pas sur les miennes\""},{"@type":"BreadcrumbList","@id":"https:\/\/dicodusport.fr\/blog\/cyclisme-ag2r-la-mondiale-va-changer-de-nom\/#breadcrumb","itemListElement":[{"@type":"ListItem","position":1,"name":"Accueil","item":"https:\/\/dicodusport.fr\/blog\/"},{"@type":"ListItem","position":2,"name":"Cyclisme : AG2R La Mondiale va changer de nom !"}]},{"@type":"WebSite","@id":"https:\/\/dicodusport.fr\/blog\/#website","url":"https:\/\/dicodusport.fr\/blog\/","name":"Dicodusport","description":"L&#039;encyclop\u00e9die de l&#039;actualit\u00e9 sportive","publisher":{"@id":"https:\/\/dicodusport.fr\/blog\/#organization"},"potentialAction":[{"@type":"SearchAction","target":{"@type":"EntryPoint","urlTemplate":"https:\/\/dicodusport.fr\/blog\/?s={search_term_string}"},"query-input":{"@type":"PropertyValueSpecification","valueRequired":true,"valueName":"search_term_string"}}],"inLanguage":"fr-FR"},{"@type":"NewsMediaOrganization","@id":"https:\/\/dicodusport.fr\/blog\/#organization","name":"Dicodusport","url":"https:\/\/dicodusport.fr\/blog\/","logo":{"@type":"ImageObject","inLanguage":"fr-FR","@id":"https:\/\/dicodusport.fr\/blog\/#\/schema\/logo\/image\/","url":"https:\/\/dicodusport.fr\/blog\/wp-content\/uploads\/2020\/06\/cropped-LOGO-DICODUSPORT-2020-SANS-FOND-SANS-TEXTE.png","contentUrl":"https:\/\/dicodusport.fr\/blog\/wp-content\/uploads\/2020\/06\/cropped-LOGO-DICODUSPORT-2020-SANS-FOND-SANS-TEXTE.png","width":512,"height":512,"caption":"Dicodusport"},"image":{"@id":"https:\/\/dicodusport.fr\/blog\/#\/schema\/logo\/image\/"},"sameAs":["https:\/\/www.facebook.com\/dicodusport","https:\/\/x.com\/dicodusport","https:\/\/www.instagram.com\/dicodusport\/","https:\/\/www.youtube.com\/channel\/UC7V2KZ5sd3htJivAbA4ZG3w"],"description":"Dicodusport est l'encyclop\u00e9die de l'actualit\u00e9 sportive.","email":"bonjour@dicodusport.fr","legalName":"DICODUSPORT","foundingDate":"2018-01-14","vatID":"FR71834470973","taxID":"83447097300043","numberOfEmployees":{"@type":"QuantitativeValue","minValue":"1","maxValue":"10"}},{"@type":"Person","@id":"https:\/\/dicodusport.fr\/blog\/#\/schema\/person\/cb02af4c173ce4a653b55e9baf388d4a","name":"Flo Ostermann","image":{"@type":"ImageObject","inLanguage":"fr-FR","@id":"https:\/\/dicodusport.fr\/blog\/#\/schema\/person\/image\/","url":"https:\/\/dicodusport.fr\/blog\/wp-content\/uploads\/2021\/05\/Flo-Ostermann-150x150.jpg","contentUrl":"https:\/\/dicodusport.fr\/blog\/wp-content\/uploads\/2021\/05\/Flo-Ostermann-150x150.jpg","caption":"Flo Ostermann"},"description":"Journaliste\/R\u00e9dacteur depuis septembre 2015 - Mes premiers souvenirs dans le sport ? Les envol\u00e9es du Stade Toulousain et les duels Villeneuve-Schumacher et H\u00e4kkinen-Schumacher \u00e0 la fin des ann\u00e9es 90, la Coupe du monde de football en 1998, l\u2019exploit du XV de France face aux All Blacks en 1999, mais aussi Richard C\u0153ur de Lion qui vole sur les montagnes du Tour de France. Bien parti pour devenir professeur d\u2019EPS, les \u00e9v\u00e9nements de la vie (et la flemme d\u2019animer des s\u00e9ances de 3x500 m\u00e8tres toute ma vie) m\u2019ont conduit \u00e0 revoir mes plans. Me voil\u00e0 depuis fin 2017 sur Dicodusport, m\u00e9dia gr\u00e2ce (et pour) lequel je partage ma passion : le sport dans tous ses \u00e9tats. Le tout accompagn\u00e9 par les fous furieux et folles furieuses cit\u00e9s sur cette page !","sameAs":["https:\/\/www.facebook.com\/florent.ostermann","https:\/\/x.com\/https:\/\/twitter.com\/FlOstermann","admin"],"url":"https:\/\/dicodusport.fr\/blog\/author\/flo\/"}]}},"_links":{"self":[{"href":"https:\/\/dicodusport.fr\/blog\/wp-json\/wp\/v2\/posts\/72791","targetHints":{"allow":["GET"]}}],"collection":[{"href":"https:\/\/dicodusport.fr\/blog\/wp-json\/wp\/v2\/posts"}],"about":[{"href":"https:\/\/dicodusport.fr\/blog\/wp-json\/wp\/v2\/types\/post"}],"author":[{"embeddable":true,"href":"https:\/\/dicodusport.fr\/blog\/wp-json\/wp\/v2\/users\/4"}],"replies":[{"embeddable":true,"href":"https:\/\/dicodusport.fr\/blog\/wp-json\/wp\/v2\/comments?post=72791"}],"version-history":[{"count":0,"href":"https:\/\/dicodusport.fr\/blog\/wp-json\/wp\/v2\/posts\/72791\/revisions"}],"wp:featuredmedia":[{"embeddable":true,"href":"https:\/\/dicodusport.fr\/blog\/wp-json\/wp\/v2\/media\/71895"}],"wp:attachment":[{"href":"https:\/\/dicodusport.fr\/blog\/wp-json\/wp\/v2\/media?parent=72791"}],"wp:term":[{"taxonomy":"category","embeddable":true,"href":"https:\/\/dicodusport.fr\/blog\/wp-json\/wp\/v2\/categories?post=72791"},{"taxonomy":"post_tag","embeddable":true,"href":"https:\/\/dicodusport.fr\/blog\/wp-json\/wp\/v2\/tags?post=72791"}],"curies":[{"name":"wp","href":"https:\/\/api.w.org\/{rel}","templated":true}]}}