{"id":72828,"date":"2020-07-30T15:51:23","date_gmt":"2020-07-30T13:51:23","guid":{"rendered":"http:\/\/dicodusport.fr\/blog\/?p=72828&#038;preview=true&#038;preview_id=72828"},"modified":"2020-07-30T17:11:55","modified_gmt":"2020-07-30T15:11:55","slug":"une-procedure-penale-ouverte-contre-gianni-infantino","status":"publish","type":"post","link":"https:\/\/dicodusport.fr\/blog\/une-procedure-penale-ouverte-contre-gianni-infantino\/","title":{"rendered":"Une proc\u00e9dure p\u00e9nale ouverte contre Gianni Infantino"},"content":{"rendered":"<p style=\"text-align: justify;\"><strong><em>FOOTBALL &#8211; Gianni Infantino, pr\u00e9sident de la FIFA, est vis\u00e9 par une proc\u00e9dure p\u00e9nale en Suisse dans le cadre du FIFAgate.<\/em><\/strong><\/p>\n<p style=\"text-align: justify;\">Le procureur f\u00e9d\u00e9ral extraordinaire <strong>Stefan Keller<\/strong> estime qu&rsquo;il y a assez d&rsquo;\u00e9l\u00e9ments pour ouvrir une proc\u00e9dure p\u00e9nale contre <strong>Gianni Infantino <\/strong>et le procureur g\u00e9n\u00e9ral Lauber. En effet, on reproche aux deux hommes <em>\u00ab l&rsquo;abus d&rsquo;autorit\u00e9, la violation des secrets de fonction, l&rsquo;entrave \u00e0 l&rsquo;action p\u00e9nale et l&rsquo;instigation \u00e0 ces infractions \u00bb<\/em>. Ces deux derniers avaient d\u00e9j\u00e0 \u00e9t\u00e9 accus\u00e9s \u00e0 plusieurs reprises de ces faits mais ils ont, jusque-l\u00e0, toujours d\u00e9menti. <strong>Stefan Keller<\/strong> demande aussi la lev\u00e9e de l&rsquo;immunit\u00e9 du Procureur Lauber pour pouvoir mener au mieux la proc\u00e9dure. Quelques ann\u00e9es apr\u00e8s les scandales qui avaient contraint la mise sur la touche de <strong>Sepp Blatter<\/strong>, voil\u00e0 le pr\u00e9sident de l&rsquo;association de nouveau inqui\u00e9t\u00e9 par la justice.<\/p>\n<blockquote class=\"twitter-tweet\">\n<p dir=\"ltr\" lang=\"en\">Gianni Infantino: Criminal proceedings against FIFA president launched in Switzerland <a href=\"https:\/\/t.co\/AoUTUAEyjP\">https:\/\/t.co\/AoUTUAEyjP<\/a><\/p>\n<p>\u2014 SkyNews (@SkyNews) <a href=\"https:\/\/twitter.com\/SkyNews\/status\/1288814156481798144?ref_src=twsrc%5Etfw\">July 30, 2020<\/a><\/p><\/blockquote>\n<p style=\"text-align: justify;\"><script async src=\"https:\/\/platform.twitter.com\/widgets.js\" charset=\"utf-8\"><\/script><\/p>\n<p style=\"text-align: justify;\"><strong><em>Dicodusport<br \/>\n<a href=\"https:\/\/www.facebook.com\/dicodusport\/\" target=\"_blank\" rel=\"noopener noreferrer\"><img loading=\"lazy\" decoding=\"async\" class=\"alignnone wp-image-2909\" src=\"http:\/\/dicodusport.fr\/blog\/wp-content\/uploads\/2017\/07\/logo-facebook-150x150.png\" alt=\"\" width=\"40\" height=\"40\" \/><\/a><a href=\"https:\/\/twitter.com\/dicodusport\" target=\"_blank\" rel=\"noopener noreferrer\"><img loading=\"lazy\" decoding=\"async\" class=\"alignnone wp-image-2908\" src=\"http:\/\/dicodusport.fr\/blog\/wp-content\/uploads\/2017\/07\/logo-twitter-150x150.png\" alt=\"\" width=\"39\" height=\"39\" \/><\/a><\/em><\/strong><\/p>\n","protected":false},"excerpt":{"rendered":"<p>FOOTBALL &#8211; Gianni Infantino, pr\u00e9sident de la FIFA, est vis\u00e9 par une proc\u00e9dure p\u00e9nale en Suisse dans le cadre du FIFAgate.<\/p>\n","protected":false},"author":1,"featured_media":72831,"comment_status":"open","ping_status":"closed","sticky":false,"template":"","format":"standard","meta":{"_acf_changed":false,"_daextam_enable_autolinks":"","footnotes":""},"categories":[2301],"tags":[80,75],"class_list":["post-72828","post","type-post","status-publish","format-standard","has-post-thumbnail","hentry","category-football","tag-fifa","tag-football"],"acf":[],"yoast_head":"<!-- This site is optimized with the Yoast SEO Premium plugin v26.7 (Yoast SEO v26.7) - https:\/\/yoast.com\/wordpress\/plugins\/seo\/ -->\n<title>Une proc\u00e9dure p\u00e9nale ouverte contre Gianni Infantino<\/title>\n<meta name=\"description\" content=\"FOOTBALL - Gianni Infantino, pr\u00e9sident de la FIFA, est vis\u00e9 par une proc\u00e9dure p\u00e9nale en Suisse dans le cadre du FIFAgate.\" \/>\n<meta name=\"robots\" content=\"index, follow, max-snippet:-1, max-image-preview:large, max-video-preview:-1\" \/>\n<link rel=\"canonical\" href=\"https:\/\/dicodusport.fr\/blog\/une-procedure-penale-ouverte-contre-gianni-infantino\/\" \/>\n<meta property=\"og:locale\" content=\"fr_FR\" \/>\n<meta property=\"og:type\" content=\"article\" \/>\n<meta property=\"og:title\" content=\"Une proc\u00e9dure p\u00e9nale ouverte contre Gianni Infantino\" \/>\n<meta property=\"og:description\" content=\"FOOTBALL - Gianni Infantino, pr\u00e9sident de la FIFA, est vis\u00e9 par une proc\u00e9dure p\u00e9nale en Suisse dans le cadre du FIFAgate.\" \/>\n<meta property=\"og:url\" content=\"https:\/\/dicodusport.fr\/blog\/une-procedure-penale-ouverte-contre-gianni-infantino\/\" \/>\n<meta property=\"og:site_name\" content=\"Dicodusport\" \/>\n<meta property=\"article:publisher\" content=\"https:\/\/www.facebook.com\/dicodusport\" \/>\n<meta property=\"article:author\" content=\"https:\/\/www.facebook.com\/dicodusport\" \/>\n<meta property=\"article:published_time\" content=\"2020-07-30T13:51:23+00:00\" \/>\n<meta property=\"article:modified_time\" content=\"2020-07-30T15:11:55+00:00\" \/>\n<meta property=\"og:image\" content=\"https:\/\/dicodusport.fr\/blog\/wp-content\/uploads\/2020\/07\/Une-proc\u00e9dure-p\u00e9nale-ouverte-contre-Gianni-Infantino.png\" \/>\n\t<meta property=\"og:image:width\" content=\"800\" \/>\n\t<meta property=\"og:image:height\" content=\"445\" \/>\n\t<meta property=\"og:image:type\" content=\"image\/png\" \/>\n<meta name=\"author\" content=\"Nicolas Jacquemard\" \/>\n<meta name=\"twitter:card\" content=\"summary_large_image\" \/>\n<meta name=\"twitter:title\" content=\"Une proc\u00e9dure p\u00e9nale ouverte contre Gianni Infantino\" \/>\n<meta name=\"twitter:creator\" content=\"@https:\/\/twitter.com\/Nico_Jacquemard\" \/>\n<meta name=\"twitter:site\" content=\"@dicodusport\" \/>\n<script type=\"application\/ld+json\" class=\"yoast-schema-graph\">{\"@context\":\"https:\/\/schema.org\",\"@graph\":[{\"@type\":\"NewsArticle\",\"@id\":\"https:\/\/dicodusport.fr\/blog\/une-procedure-penale-ouverte-contre-gianni-infantino\/#article\",\"isPartOf\":{\"@id\":\"https:\/\/dicodusport.fr\/blog\/une-procedure-penale-ouverte-contre-gianni-infantino\/\"},\"author\":{\"name\":\"Nicolas Jacquemard\",\"@id\":\"https:\/\/dicodusport.fr\/blog\/#\/schema\/person\/55dcb50ad410894e431ed812bbb70191\"},\"headline\":\"Une proc\u00e9dure p\u00e9nale ouverte contre Gianni Infantino\",\"datePublished\":\"2020-07-30T13:51:23+00:00\",\"dateModified\":\"2020-07-30T15:11:55+00:00\",\"mainEntityOfPage\":{\"@id\":\"https:\/\/dicodusport.fr\/blog\/une-procedure-penale-ouverte-contre-gianni-infantino\/\"},\"wordCount\":187,\"commentCount\":0,\"publisher\":{\"@id\":\"https:\/\/dicodusport.fr\/blog\/#organization\"},\"image\":{\"@id\":\"https:\/\/dicodusport.fr\/blog\/une-procedure-penale-ouverte-contre-gianni-infantino\/#primaryimage\"},\"thumbnailUrl\":\"https:\/\/dicodusport.fr\/blog\/wp-content\/uploads\/2020\/07\/Une-proc\u00e9dure-p\u00e9nale-ouverte-contre-Gianni-Infantino.png\",\"keywords\":[\"fifa\",\"Football\"],\"articleSection\":[\"Football\"],\"inLanguage\":\"fr-FR\",\"potentialAction\":[{\"@type\":\"CommentAction\",\"name\":\"Comment\",\"target\":[\"https:\/\/dicodusport.fr\/blog\/une-procedure-penale-ouverte-contre-gianni-infantino\/#respond\"]}],\"copyrightYear\":\"2020\",\"copyrightHolder\":{\"@id\":\"https:\/\/dicodusport.fr\/blog\/#organization\"}},{\"@type\":\"WebPage\",\"@id\":\"https:\/\/dicodusport.fr\/blog\/une-procedure-penale-ouverte-contre-gianni-infantino\/\",\"url\":\"https:\/\/dicodusport.fr\/blog\/une-procedure-penale-ouverte-contre-gianni-infantino\/\",\"name\":\"Une proc\u00e9dure p\u00e9nale ouverte contre Gianni Infantino\",\"isPartOf\":{\"@id\":\"https:\/\/dicodusport.fr\/blog\/#website\"},\"primaryImageOfPage\":{\"@id\":\"https:\/\/dicodusport.fr\/blog\/une-procedure-penale-ouverte-contre-gianni-infantino\/#primaryimage\"},\"image\":{\"@id\":\"https:\/\/dicodusport.fr\/blog\/une-procedure-penale-ouverte-contre-gianni-infantino\/#primaryimage\"},\"thumbnailUrl\":\"https:\/\/dicodusport.fr\/blog\/wp-content\/uploads\/2020\/07\/Une-proc\u00e9dure-p\u00e9nale-ouverte-contre-Gianni-Infantino.png\",\"datePublished\":\"2020-07-30T13:51:23+00:00\",\"dateModified\":\"2020-07-30T15:11:55+00:00\",\"description\":\"FOOTBALL - Gianni Infantino, pr\u00e9sident de la FIFA, est vis\u00e9 par une proc\u00e9dure p\u00e9nale en Suisse dans le cadre du FIFAgate.\",\"breadcrumb\":{\"@id\":\"https:\/\/dicodusport.fr\/blog\/une-procedure-penale-ouverte-contre-gianni-infantino\/#breadcrumb\"},\"inLanguage\":\"fr-FR\",\"potentialAction\":[{\"@type\":\"ReadAction\",\"target\":[\"https:\/\/dicodusport.fr\/blog\/une-procedure-penale-ouverte-contre-gianni-infantino\/\"]}]},{\"@type\":\"ImageObject\",\"inLanguage\":\"fr-FR\",\"@id\":\"https:\/\/dicodusport.fr\/blog\/une-procedure-penale-ouverte-contre-gianni-infantino\/#primaryimage\",\"url\":\"https:\/\/dicodusport.fr\/blog\/wp-content\/uploads\/2020\/07\/Une-proc\u00e9dure-p\u00e9nale-ouverte-contre-Gianni-Infantino.png\",\"contentUrl\":\"https:\/\/dicodusport.fr\/blog\/wp-content\/uploads\/2020\/07\/Une-proc\u00e9dure-p\u00e9nale-ouverte-contre-Gianni-Infantino.png\",\"width\":800,\"height\":445,\"caption\":\"Une proc\u00e9dure p\u00e9nale ouverte contre Gianni Infantino\"},{\"@type\":\"BreadcrumbList\",\"@id\":\"https:\/\/dicodusport.fr\/blog\/une-procedure-penale-ouverte-contre-gianni-infantino\/#breadcrumb\",\"itemListElement\":[{\"@type\":\"ListItem\",\"position\":1,\"name\":\"Accueil\",\"item\":\"https:\/\/dicodusport.fr\/blog\/\"},{\"@type\":\"ListItem\",\"position\":2,\"name\":\"Une proc\u00e9dure p\u00e9nale ouverte contre Gianni Infantino\"}]},{\"@type\":\"WebSite\",\"@id\":\"https:\/\/dicodusport.fr\/blog\/#website\",\"url\":\"https:\/\/dicodusport.fr\/blog\/\",\"name\":\"Dicodusport\",\"description\":\"L&#039;encyclop\u00e9die de l&#039;actualit\u00e9 sportive\",\"publisher\":{\"@id\":\"https:\/\/dicodusport.fr\/blog\/#organization\"},\"potentialAction\":[{\"@type\":\"SearchAction\",\"target\":{\"@type\":\"EntryPoint\",\"urlTemplate\":\"https:\/\/dicodusport.fr\/blog\/?s={search_term_string}\"},\"query-input\":{\"@type\":\"PropertyValueSpecification\",\"valueRequired\":true,\"valueName\":\"search_term_string\"}}],\"inLanguage\":\"fr-FR\"},{\"@type\":\"NewsMediaOrganization\",\"@id\":\"https:\/\/dicodusport.fr\/blog\/#organization\",\"name\":\"Dicodusport\",\"url\":\"https:\/\/dicodusport.fr\/blog\/\",\"logo\":{\"@type\":\"ImageObject\",\"inLanguage\":\"fr-FR\",\"@id\":\"https:\/\/dicodusport.fr\/blog\/#\/schema\/logo\/image\/\",\"url\":\"https:\/\/dicodusport.fr\/blog\/wp-content\/uploads\/2020\/06\/cropped-LOGO-DICODUSPORT-2020-SANS-FOND-SANS-TEXTE.png\",\"contentUrl\":\"https:\/\/dicodusport.fr\/blog\/wp-content\/uploads\/2020\/06\/cropped-LOGO-DICODUSPORT-2020-SANS-FOND-SANS-TEXTE.png\",\"width\":512,\"height\":512,\"caption\":\"Dicodusport\"},\"image\":{\"@id\":\"https:\/\/dicodusport.fr\/blog\/#\/schema\/logo\/image\/\"},\"sameAs\":[\"https:\/\/www.facebook.com\/dicodusport\",\"https:\/\/x.com\/dicodusport\",\"https:\/\/www.instagram.com\/dicodusport\/\",\"https:\/\/www.youtube.com\/channel\/UC7V2KZ5sd3htJivAbA4ZG3w\"],\"description\":\"Dicodusport est l'encyclop\u00e9die de l'actualit\u00e9 sportive.\",\"email\":\"bonjour@dicodusport.fr\",\"legalName\":\"DICODUSPORT\",\"foundingDate\":\"2018-01-14\",\"vatID\":\"FR71834470973\",\"taxID\":\"83447097300043\",\"numberOfEmployees\":{\"@type\":\"QuantitativeValue\",\"minValue\":\"1\",\"maxValue\":\"10\"}},{\"@type\":\"Person\",\"@id\":\"https:\/\/dicodusport.fr\/blog\/#\/schema\/person\/55dcb50ad410894e431ed812bbb70191\",\"name\":\"Nicolas Jacquemard\",\"image\":{\"@type\":\"ImageObject\",\"inLanguage\":\"fr-FR\",\"@id\":\"https:\/\/dicodusport.fr\/blog\/#\/schema\/person\/image\/\",\"url\":\"https:\/\/dicodusport.fr\/blog\/wp-content\/uploads\/2021\/05\/Nicolas-Jacquemard-150x150.jpeg\",\"contentUrl\":\"https:\/\/dicodusport.fr\/blog\/wp-content\/uploads\/2021\/05\/Nicolas-Jacquemard-150x150.jpeg\",\"caption\":\"Nicolas Jacquemard\"},\"description\":\"Passionn\u00e9 de sport et entrepreneur depuis mes 18 ans, la cr\u00e9ation de Dicodusport m'a sembl\u00e9 \u00e9vidente pour participer \u00e0 la m\u00e9diatisation d'un plus grand nombre de sports. Le chemin est long mais avec une \u00e9quipe des plus motiv\u00e9es et les Jeux Olympiques de Paris 2024 en point de mire, nous y arriverons ! Journaliste dans le monde du sport depuis plus de 5 ans, je traite aussi bien de football, de rugby, de biathlon que de cyclisme.\",\"sameAs\":[\"https:\/\/www.facebook.com\/dicodusport\",\"https:\/\/x.com\/https:\/\/twitter.com\/Nico_Jacquemard\"],\"url\":\"https:\/\/dicodusport.fr\/blog\/author\/dicodusport\/\"}]}<\/script>\n<!-- \/ Yoast SEO Premium plugin. -->","yoast_head_json":{"title":"Une proc\u00e9dure p\u00e9nale ouverte contre Gianni Infantino","description":"FOOTBALL - Gianni Infantino, pr\u00e9sident de la FIFA, est vis\u00e9 par une proc\u00e9dure p\u00e9nale en Suisse dans le cadre du FIFAgate.","robots":{"index":"index","follow":"follow","max-snippet":"max-snippet:-1","max-image-preview":"max-image-preview:large","max-video-preview":"max-video-preview:-1"},"canonical":"https:\/\/dicodusport.fr\/blog\/une-procedure-penale-ouverte-contre-gianni-infantino\/","og_locale":"fr_FR","og_type":"article","og_title":"Une proc\u00e9dure p\u00e9nale ouverte contre Gianni Infantino","og_description":"FOOTBALL - Gianni Infantino, pr\u00e9sident de la FIFA, est vis\u00e9 par une proc\u00e9dure p\u00e9nale en Suisse dans le cadre du FIFAgate.","og_url":"https:\/\/dicodusport.fr\/blog\/une-procedure-penale-ouverte-contre-gianni-infantino\/","og_site_name":"Dicodusport","article_publisher":"https:\/\/www.facebook.com\/dicodusport","article_author":"https:\/\/www.facebook.com\/dicodusport","article_published_time":"2020-07-30T13:51:23+00:00","article_modified_time":"2020-07-30T15:11:55+00:00","og_image":[{"width":800,"height":445,"url":"https:\/\/dicodusport.fr\/blog\/wp-content\/uploads\/2020\/07\/Une-proc\u00e9dure-p\u00e9nale-ouverte-contre-Gianni-Infantino.png","type":"image\/png"}],"author":"Nicolas Jacquemard","twitter_card":"summary_large_image","twitter_title":"Une proc\u00e9dure p\u00e9nale ouverte contre Gianni Infantino","twitter_creator":"@https:\/\/twitter.com\/Nico_Jacquemard","twitter_site":"@dicodusport","schema":{"@context":"https:\/\/schema.org","@graph":[{"@type":"NewsArticle","@id":"https:\/\/dicodusport.fr\/blog\/une-procedure-penale-ouverte-contre-gianni-infantino\/#article","isPartOf":{"@id":"https:\/\/dicodusport.fr\/blog\/une-procedure-penale-ouverte-contre-gianni-infantino\/"},"author":{"name":"Nicolas Jacquemard","@id":"https:\/\/dicodusport.fr\/blog\/#\/schema\/person\/55dcb50ad410894e431ed812bbb70191"},"headline":"Une proc\u00e9dure p\u00e9nale ouverte contre Gianni Infantino","datePublished":"2020-07-30T13:51:23+00:00","dateModified":"2020-07-30T15:11:55+00:00","mainEntityOfPage":{"@id":"https:\/\/dicodusport.fr\/blog\/une-procedure-penale-ouverte-contre-gianni-infantino\/"},"wordCount":187,"commentCount":0,"publisher":{"@id":"https:\/\/dicodusport.fr\/blog\/#organization"},"image":{"@id":"https:\/\/dicodusport.fr\/blog\/une-procedure-penale-ouverte-contre-gianni-infantino\/#primaryimage"},"thumbnailUrl":"https:\/\/dicodusport.fr\/blog\/wp-content\/uploads\/2020\/07\/Une-proc\u00e9dure-p\u00e9nale-ouverte-contre-Gianni-Infantino.png","keywords":["fifa","Football"],"articleSection":["Football"],"inLanguage":"fr-FR","potentialAction":[{"@type":"CommentAction","name":"Comment","target":["https:\/\/dicodusport.fr\/blog\/une-procedure-penale-ouverte-contre-gianni-infantino\/#respond"]}],"copyrightYear":"2020","copyrightHolder":{"@id":"https:\/\/dicodusport.fr\/blog\/#organization"}},{"@type":"WebPage","@id":"https:\/\/dicodusport.fr\/blog\/une-procedure-penale-ouverte-contre-gianni-infantino\/","url":"https:\/\/dicodusport.fr\/blog\/une-procedure-penale-ouverte-contre-gianni-infantino\/","name":"Une proc\u00e9dure p\u00e9nale ouverte contre Gianni Infantino","isPartOf":{"@id":"https:\/\/dicodusport.fr\/blog\/#website"},"primaryImageOfPage":{"@id":"https:\/\/dicodusport.fr\/blog\/une-procedure-penale-ouverte-contre-gianni-infantino\/#primaryimage"},"image":{"@id":"https:\/\/dicodusport.fr\/blog\/une-procedure-penale-ouverte-contre-gianni-infantino\/#primaryimage"},"thumbnailUrl":"https:\/\/dicodusport.fr\/blog\/wp-content\/uploads\/2020\/07\/Une-proc\u00e9dure-p\u00e9nale-ouverte-contre-Gianni-Infantino.png","datePublished":"2020-07-30T13:51:23+00:00","dateModified":"2020-07-30T15:11:55+00:00","description":"FOOTBALL - Gianni Infantino, pr\u00e9sident de la FIFA, est vis\u00e9 par une proc\u00e9dure p\u00e9nale en Suisse dans le cadre du FIFAgate.","breadcrumb":{"@id":"https:\/\/dicodusport.fr\/blog\/une-procedure-penale-ouverte-contre-gianni-infantino\/#breadcrumb"},"inLanguage":"fr-FR","potentialAction":[{"@type":"ReadAction","target":["https:\/\/dicodusport.fr\/blog\/une-procedure-penale-ouverte-contre-gianni-infantino\/"]}]},{"@type":"ImageObject","inLanguage":"fr-FR","@id":"https:\/\/dicodusport.fr\/blog\/une-procedure-penale-ouverte-contre-gianni-infantino\/#primaryimage","url":"https:\/\/dicodusport.fr\/blog\/wp-content\/uploads\/2020\/07\/Une-proc\u00e9dure-p\u00e9nale-ouverte-contre-Gianni-Infantino.png","contentUrl":"https:\/\/dicodusport.fr\/blog\/wp-content\/uploads\/2020\/07\/Une-proc\u00e9dure-p\u00e9nale-ouverte-contre-Gianni-Infantino.png","width":800,"height":445,"caption":"Une proc\u00e9dure p\u00e9nale ouverte contre Gianni Infantino"},{"@type":"BreadcrumbList","@id":"https:\/\/dicodusport.fr\/blog\/une-procedure-penale-ouverte-contre-gianni-infantino\/#breadcrumb","itemListElement":[{"@type":"ListItem","position":1,"name":"Accueil","item":"https:\/\/dicodusport.fr\/blog\/"},{"@type":"ListItem","position":2,"name":"Une proc\u00e9dure p\u00e9nale ouverte contre Gianni Infantino"}]},{"@type":"WebSite","@id":"https:\/\/dicodusport.fr\/blog\/#website","url":"https:\/\/dicodusport.fr\/blog\/","name":"Dicodusport","description":"L&#039;encyclop\u00e9die de l&#039;actualit\u00e9 sportive","publisher":{"@id":"https:\/\/dicodusport.fr\/blog\/#organization"},"potentialAction":[{"@type":"SearchAction","target":{"@type":"EntryPoint","urlTemplate":"https:\/\/dicodusport.fr\/blog\/?s={search_term_string}"},"query-input":{"@type":"PropertyValueSpecification","valueRequired":true,"valueName":"search_term_string"}}],"inLanguage":"fr-FR"},{"@type":"NewsMediaOrganization","@id":"https:\/\/dicodusport.fr\/blog\/#organization","name":"Dicodusport","url":"https:\/\/dicodusport.fr\/blog\/","logo":{"@type":"ImageObject","inLanguage":"fr-FR","@id":"https:\/\/dicodusport.fr\/blog\/#\/schema\/logo\/image\/","url":"https:\/\/dicodusport.fr\/blog\/wp-content\/uploads\/2020\/06\/cropped-LOGO-DICODUSPORT-2020-SANS-FOND-SANS-TEXTE.png","contentUrl":"https:\/\/dicodusport.fr\/blog\/wp-content\/uploads\/2020\/06\/cropped-LOGO-DICODUSPORT-2020-SANS-FOND-SANS-TEXTE.png","width":512,"height":512,"caption":"Dicodusport"},"image":{"@id":"https:\/\/dicodusport.fr\/blog\/#\/schema\/logo\/image\/"},"sameAs":["https:\/\/www.facebook.com\/dicodusport","https:\/\/x.com\/dicodusport","https:\/\/www.instagram.com\/dicodusport\/","https:\/\/www.youtube.com\/channel\/UC7V2KZ5sd3htJivAbA4ZG3w"],"description":"Dicodusport est l'encyclop\u00e9die de l'actualit\u00e9 sportive.","email":"bonjour@dicodusport.fr","legalName":"DICODUSPORT","foundingDate":"2018-01-14","vatID":"FR71834470973","taxID":"83447097300043","numberOfEmployees":{"@type":"QuantitativeValue","minValue":"1","maxValue":"10"}},{"@type":"Person","@id":"https:\/\/dicodusport.fr\/blog\/#\/schema\/person\/55dcb50ad410894e431ed812bbb70191","name":"Nicolas Jacquemard","image":{"@type":"ImageObject","inLanguage":"fr-FR","@id":"https:\/\/dicodusport.fr\/blog\/#\/schema\/person\/image\/","url":"https:\/\/dicodusport.fr\/blog\/wp-content\/uploads\/2021\/05\/Nicolas-Jacquemard-150x150.jpeg","contentUrl":"https:\/\/dicodusport.fr\/blog\/wp-content\/uploads\/2021\/05\/Nicolas-Jacquemard-150x150.jpeg","caption":"Nicolas Jacquemard"},"description":"Passionn\u00e9 de sport et entrepreneur depuis mes 18 ans, la cr\u00e9ation de Dicodusport m'a sembl\u00e9 \u00e9vidente pour participer \u00e0 la m\u00e9diatisation d'un plus grand nombre de sports. Le chemin est long mais avec une \u00e9quipe des plus motiv\u00e9es et les Jeux Olympiques de Paris 2024 en point de mire, nous y arriverons ! Journaliste dans le monde du sport depuis plus de 5 ans, je traite aussi bien de football, de rugby, de biathlon que de cyclisme.","sameAs":["https:\/\/www.facebook.com\/dicodusport","https:\/\/x.com\/https:\/\/twitter.com\/Nico_Jacquemard"],"url":"https:\/\/dicodusport.fr\/blog\/author\/dicodusport\/"}]}},"_links":{"self":[{"href":"https:\/\/dicodusport.fr\/blog\/wp-json\/wp\/v2\/posts\/72828","targetHints":{"allow":["GET"]}}],"collection":[{"href":"https:\/\/dicodusport.fr\/blog\/wp-json\/wp\/v2\/posts"}],"about":[{"href":"https:\/\/dicodusport.fr\/blog\/wp-json\/wp\/v2\/types\/post"}],"author":[{"embeddable":true,"href":"https:\/\/dicodusport.fr\/blog\/wp-json\/wp\/v2\/users\/1"}],"replies":[{"embeddable":true,"href":"https:\/\/dicodusport.fr\/blog\/wp-json\/wp\/v2\/comments?post=72828"}],"version-history":[{"count":0,"href":"https:\/\/dicodusport.fr\/blog\/wp-json\/wp\/v2\/posts\/72828\/revisions"}],"wp:featuredmedia":[{"embeddable":true,"href":"https:\/\/dicodusport.fr\/blog\/wp-json\/wp\/v2\/media\/72831"}],"wp:attachment":[{"href":"https:\/\/dicodusport.fr\/blog\/wp-json\/wp\/v2\/media?parent=72828"}],"wp:term":[{"taxonomy":"category","embeddable":true,"href":"https:\/\/dicodusport.fr\/blog\/wp-json\/wp\/v2\/categories?post=72828"},{"taxonomy":"post_tag","embeddable":true,"href":"https:\/\/dicodusport.fr\/blog\/wp-json\/wp\/v2\/tags?post=72828"}],"curies":[{"name":"wp","href":"https:\/\/api.w.org\/{rel}","templated":true}]}}