{"id":73041,"date":"2020-08-02T09:29:16","date_gmt":"2020-08-02T07:29:16","guid":{"rendered":"http:\/\/dicodusport.fr\/blog\/?p=73041&#038;preview=true&#038;preview_id=73041"},"modified":"2022-01-30T15:32:48","modified_gmt":"2022-01-30T14:32:48","slug":"circuit-de-getxo-2020-la-liste-des-engages","status":"publish","type":"post","link":"https:\/\/dicodusport.fr\/blog\/circuit-de-getxo-2020-la-liste-des-engages\/","title":{"rendered":"Circuit de Getxo 2020 : la liste des engag\u00e9s"},"content":{"rendered":"<p style=\"text-align: justify;\"><strong><em>CYCLISME &#8211; Ce dimanche 2 ao\u00fbt se d\u00e9roule le <a href=\"https:\/\/www.procyclingstats.com\/race\/circuito-de-getxo\/2020\/overview\" target=\"_blank\" rel=\"noopener noreferrer\">Circuit de Getxo &#8211; Memorial Hermanos Otxoa<\/a>. D\u00e9couvrez le profil de l&rsquo;\u00e9preuve espagnole, \u00e0 suivre sur La Cha\u00eene L&rsquo;\u00c9quipe.<\/em><\/strong><\/p>\n<h2 style=\"text-align: justify;\">La liste des engag\u00e9s du Circuit de Getxo 2020<\/h2>\n<h3 style=\"text-align: justify;\"><strong>Caja Rural \u2013 Seguros RGA<\/strong><\/h3>\n<p style=\"text-align: justify;\">1\u00a0ABERASTURI\u00a0Jon<br \/>\n2\u00a0LASTRA\u00a0Jonathan<br \/>\n3\u00a0MART\u00cdN\u00a0Sergio Roman<br \/>\n4\u00a0CA\u00d1ELLAS\u00a0Xavier<br \/>\n5\u00a0LAZKANO\u00a0Oier<br \/>\n6\u00a0SERRANO\u00a0Gonzalo<br \/>\n7 CEPEDA\u00a0Jefferson Alveiro<\/p>\n<h3 style=\"text-align: justify;\"><strong>Euskaltel \u2013 Euskadi<\/strong><\/h3>\n<p style=\"text-align: justify;\">11\u00a0LOBATO\u00a0Juan Jos\u00e9<br \/>\n12\u00a0ARISTI\u00a0Mikel<br \/>\n13 BIZKARRA Mikel<br \/>\n14 IRIZAR Julen<br \/>\n15\u00a0MART\u00cdN\u00a0Gotzon<br \/>\n16\u00a0FERN\u00c1NDEZ\u00a0Rub\u00e9n<br \/>\n17\u00a0JUARISTI\u00a0Txomin<\/p>\n<h3 style=\"text-align: justify;\"><strong>Equipo Kern Pharma<\/strong><\/h3>\n<p style=\"text-align: justify;\">21\u00a0CASTRILLO\u00a0Jaime<br \/>\n22\u00a0BERRADE\u00a0Urko<br \/>\n23\u00a0SANZ\u00a0Enrique<br \/>\n24\u00a0GALV\u00c1N\u00a0Francisco<br \/>\n25\u00a0MENDEZ\u00a0Daniel Alejandro<br \/>\n26 COBO\u00a0Iv\u00e1n<br \/>\n27 ADRI\u00c0 Roger<\/p>\n<h3 style=\"text-align: justify;\"><strong>Nippo Delko One Provence<\/strong><\/h3>\n<p style=\"text-align: justify;\">31\u00a0D\u00cdAZ\u00a0Jos\u00e9 Manuel<br \/>\n32\u00a0FEDELI\u00a0Alessandro<br \/>\n33\u00a0FERN\u00c1NDEZ\u00a0Delio<br \/>\n34\u00a0FINETTO\u00a0Mauro<br \/>\n35 GIRMAY HAILU Biniam<br \/>\n36\u00a0MINALI\u00a0Riccardo<br \/>\n37\u00a0HAILEMICHAEL\u00a0Mulu Kinfe<\/p>\n<h3 style=\"text-align: justify;\"><strong>Movistar Team<\/strong><\/h3>\n<p style=\"text-align: justify;\">41\u00a0ARCAS\u00a0Jorge<br \/>\n42\u00a0ELOSEGUI\u00a0I\u00f1igo<br \/>\n43\u00a0MORA\u00a0Sebasti\u00e1n<br \/>\n44\u00a0PRADES\u00a0Eduard<br \/>\n45\u00a0ROJAS\u00a0Jos\u00e9 Joaqu\u00edn<br \/>\n46\u00a0OLIVEIRA\u00a0Nelson<br \/>\n47\u00a0TORRES\u00a0Albert<\/p>\n<h3 style=\"text-align: justify;\"><strong>Bahrain \u2013 McLaren<\/strong><\/h3>\n<p style=\"text-align: justify;\">51 CARUSO\u00a0Damiano<br \/>\n52 CAPECCHI Eros<br \/>\n53 HALLER\u00a0Marco<br \/>\n54\u00a0HAUSSLER\u00a0Heinrich<br \/>\n55\u00a0LANDA\u00a0Mikel<br \/>\n56 BILBAO Pello<\/p>\n<h3 style=\"text-align: justify;\"><strong>Burgos-BH<\/strong><\/h3>\n<p style=\"text-align: justify;\">61 MADRAZO\u00a0\u00c1ngel<br \/>\n62 SMIT Willem J<br \/>\n63 OSORIO Juan F<br \/>\n64 EZQUERRA Jesus<br \/>\n65 RUBIO Diego<br \/>\n66\u00a0BOL\u00a0Jetse<br \/>\n67\u00a0CANT\u00d3N\u00a0Isaac<\/p>\n<h3 style=\"text-align: justify;\"><strong>Trek \u2013 Segafredo<\/strong><\/h3>\n<p style=\"text-align: justify;\">71 STUYVEN Jasper<br \/>\n72\u00a0LIEPI\u0145\u0160\u00a0Em\u012bls<br \/>\n73\u00a0L\u00d3PEZ\u00a0Juan Pedro<br \/>\n74\u00a0MOSCHETTI\u00a0Matteo<br \/>\n75\u00a0PEDERSEN\u00a0Mads<br \/>\n76\u00a0QUARTERMAN\u00a0Charlie<br \/>\n77\u00a0THEUNS\u00a0Edward<\/p>\n<h3 style=\"text-align: justify;\"><strong>UAE-Team Emirates<\/strong><\/h3>\n<p style=\"text-align: justify;\">81\u00a0GAVIRIA\u00a0Fernando<br \/>\n82 OLIVEIRA Ivo<br \/>\n83\u00a0MIRZA Yousif<br \/>\n84 MOLANO Juan S<br \/>\n85 MUNOZ Cristian C<br \/>\n86 OLIVEIRA Rui<br \/>\n87 ARDILA Andres C<\/p>\n<h3 style=\"text-align: justify;\"><strong>Efapel<\/strong><\/h3>\n<p style=\"text-align: justify;\">91\u00a0CARVALHO\u00a0Antonio<br \/>\n92\u00a0MACHADO\u00a0Tiago<br \/>\n93\u00a0SILVA\u00a0Rafael<br \/>\n94 MENDON\u00c7A\u00a0Lu\u00eds<br \/>\n95\u00a0ARMILLAS\u00a0Gerard<br \/>\n96 SAENZ Nicolas<br \/>\n97\u00a0FONTE\u00a0C\u00e9sar<\/p>\n<hr \/>\n<ul>\n<li style=\"text-align: justify;\"><strong>\u00c0 lire aussi &#8211; <a href=\"https:\/\/dicodusport.fr\/blog\/circuit-de-getxo-2020-profil-de-la-course\/\" target=\"_blank\" rel=\"noopener noreferrer\">Circuit de Getxo 2020 : le profil de la course<\/a><\/strong><\/li>\n<\/ul>\n<hr \/>\n<h3 style=\"text-align: justify;\"><strong>Kometa Xstra Cycling Team<\/strong><\/h3>\n<p style=\"text-align: justify;\">111 VERZA Riccardo<br \/>\n112 ROPERO Alejandro<br \/>\n113 PUPPIO Antonio<br \/>\n114 GARC\u00cdA Jos\u00e9 Antonio<br \/>\n115 GARC\u00cdA Sergio<br \/>\n116 SEVILLA Diego Pablo<br \/>\n117 VIEGAS Daniel<\/p>\n<h3 style=\"text-align: justify;\"><strong>NTT Pro Cycling<\/strong><\/h3>\n<p style=\"text-align: justify;\">121 DLAMINI Nicholas<br \/>\n122\u00a0DYBALL\u00a0Benjamin<br \/>\n123\u00a0MEINTJES\u00a0Louis<br \/>\n124\u00a0NIZZOLO\u00a0Giacomo<br \/>\n125\u00a0O\u2019CONNOR\u00a0Ben<br \/>\n126\u00a0WALSCHEID\u00a0Max<br \/>\n127\u00a0WYSS\u00a0Danilo<\/p>\n<h3 style=\"text-align: justify;\"><strong>Bingoal \u2013 Wallonie Bruxelles<\/strong><\/h3>\n<p style=\"text-align: justify;\">131\u00a0HUYS\u00a0Laurens<br \/>\n132\u00a0LIETAER\u00a0Eliot<br \/>\n133\u00a0LIVYNS\u00a0Arjen<br \/>\n134 PLANCKAERT Baptiste<br \/>\n135 ROBEET Ludovic<br \/>\n136 TAMINIAUX Lionel<br \/>\n137\u00a0VANENDERT\u00a0Jelle<\/p>\n<h3 style=\"text-align: justify;\"><strong>Team Novo Nordisk<\/strong><\/h3>\n<p style=\"text-align: justify;\">141\u00a0LOZANO\u00a0David<br \/>\n142\u00a0PLANET\u00a0Charles<br \/>\n143\u00a0PERON\u00a0Andrea<br \/>\n144\u00a0KUSZTOR\u00a0P\u00e9ter<br \/>\n145\u00a0POLI\u00a0Umberto<br \/>\n146 BRAND Sam<br \/>\n147 KAMSTRA Brian<\/p>\n<h3 style=\"text-align: justify;\"><strong>Gios Kiwi Atl\u00e1ntico<\/strong><\/h3>\n<p style=\"text-align: justify;\">151\u00a0LOPES\u00a0Fernando<br \/>\n152\u00a0GUTIERREZ\u00a0Jos\u00e9 Manuel<br \/>\n153 HERNANDEZ Deins<br \/>\n154\u00a0FERNANDEZ\u00a0Miguel Angel<br \/>\n155 PENUELA Francisco<br \/>\n156 CHAC\u00d3N Franklin<br \/>\n157 RAMIREZ Yurgen<\/p>\n<h3 style=\"text-align: justify;\"><strong>Feirense<\/strong><\/h3>\n<p style=\"text-align: justify;\">161\u00a0REIS\u00a0Rafael<br \/>\n162\u00a0PELEGR\u00cd\u00a0\u00d3scar<br \/>\n163\u00a0EUL\u00c1LIO\u00a0Afonso<br \/>\n164\u00a0FERREIRA\u00a0Antonio<br \/>\n165\u00a0AROZAMENA\u00a0Jes\u00fas Alfonso<br \/>\n166\u00a0OLIVEIRA\u00a0Fabio<br \/>\n167\u00a0AMADO\u00a0Gon\u00e7alo<\/p>\n<h3 style=\"text-align: justify;\"><strong>Work Service Dynatek Vega<\/strong><\/h3>\n<p style=\"text-align: justify;\">171\u00a0BURCHIO\u00a0Federico<br \/>\n172\u00a0COLOMBO\u00a0Raul<br \/>\n173\u00a0PUCCIONI\u00a0Dario<br \/>\n174\u00a0ROTONDI\u00a0Matteo<br \/>\n175\u00a0SANTORO\u00a0Antonio<br \/>\n176 TOTA Paolo<br \/>\n177\u00a0ZANDRI\u00a0Francesco<\/p>\n<h3 style=\"text-align: justify;\"><strong>Androni Giocattoli \u2013 Sidermec<\/strong><\/h3>\n<p style=\"text-align: justify;\">181\u00a0CEPEDA\u00a0Jefferson Alexander<br \/>\n182\u00a0FL\u00d3REZ\u00a0Miguel Eduardo<br \/>\n183\u00a0MU\u00d1OZ\u00a0Daniel<br \/>\n184\u00a0PACIONI\u00a0Luca<br \/>\n185 BISOLTI Alessandro<br \/>\n187\u00a0VENCHIARUTTI\u00a0Nicola<\/p>\n<p><strong><em>Dicodusport<br \/>\n<a href=\"https:\/\/www.facebook.com\/dicodusport\/\" target=\"_blank\" rel=\"noopener noreferrer\"><img loading=\"lazy\" decoding=\"async\" class=\"alignnone wp-image-2909\" src=\"http:\/\/dicodusport.fr\/blog\/wp-content\/uploads\/2017\/07\/logo-facebook-150x150.png\" sizes=\"auto, (max-width: 40px) 100vw, 40px\" srcset=\"https:\/\/dicodusport.fr\/blog\/wp-content\/uploads\/2017\/07\/logo-facebook-150x150.png 150w, https:\/\/dicodusport.fr\/blog\/wp-content\/uploads\/2017\/07\/logo-facebook-300x300.png 300w, https:\/\/dicodusport.fr\/blog\/wp-content\/uploads\/2017\/07\/logo-facebook.png 400w\" alt=\"\" width=\"40\" height=\"40\" \/><\/a><a href=\"https:\/\/twitter.com\/dicodusport\" target=\"_blank\" rel=\"noopener noreferrer\"><img loading=\"lazy\" decoding=\"async\" class=\"alignnone wp-image-2908\" src=\"http:\/\/dicodusport.fr\/blog\/wp-content\/uploads\/2017\/07\/logo-twitter-150x150.png\" alt=\"\" width=\"39\" height=\"39\" \/><\/a><\/em><\/strong><\/p>\n<p>&nbsp;<\/p>\n","protected":false},"excerpt":{"rendered":"<p>CYCLISME &#8211; Ce dimanche 2 ao\u00fbt se d\u00e9roule le Circuit de Getxo &#8211; Memorial Hermanos Otxoa. D\u00e9couvrez le profil de l&rsquo;\u00e9preuve espagnole, \u00e0 suivre sur La Cha\u00eene L&rsquo;\u00c9quipe.<\/p>\n","protected":false},"author":4,"featured_media":73043,"comment_status":"open","ping_status":"closed","sticky":false,"template":"","format":"standard","meta":{"_acf_changed":false,"_daextam_enable_autolinks":"","footnotes":""},"categories":[2307],"tags":[11219],"class_list":["post-73041","post","type-post","status-publish","format-standard","has-post-thumbnail","hentry","category-cyclisme","tag-circuit-de-getxo"],"acf":[],"yoast_head":"<!-- This site is optimized with the Yoast SEO Premium plugin v26.7 (Yoast SEO v26.7) - https:\/\/yoast.com\/wordpress\/plugins\/seo\/ -->\n<title>Circuit de Getxo 2020 : la liste des engag\u00e9s<\/title>\n<meta name=\"description\" content=\"CYCLISME - Ce dimanche 2 ao\u00fbt se d\u00e9roule le Circuit de Getxo - Memorial Hermanos Otxoa. D\u00e9couvrez le profil de l&#039;\u00e9preuve espagnole.\" \/>\n<meta name=\"robots\" content=\"index, follow, max-snippet:-1, max-image-preview:large, max-video-preview:-1\" \/>\n<link rel=\"canonical\" href=\"https:\/\/dicodusport.fr\/blog\/circuit-de-getxo-2020-la-liste-des-engages\/\" \/>\n<meta property=\"og:locale\" content=\"fr_FR\" \/>\n<meta property=\"og:type\" content=\"article\" \/>\n<meta property=\"og:title\" content=\"Circuit de Getxo 2020 : la liste des engag\u00e9s\" \/>\n<meta property=\"og:description\" content=\"CYCLISME - Ce dimanche 2 ao\u00fbt se d\u00e9roule le Circuit de Getxo - Memorial Hermanos Otxoa. D\u00e9couvrez le profil de l&#039;\u00e9preuve espagnole.\" \/>\n<meta property=\"og:url\" content=\"https:\/\/dicodusport.fr\/blog\/circuit-de-getxo-2020-la-liste-des-engages\/\" \/>\n<meta property=\"og:site_name\" content=\"Dicodusport\" \/>\n<meta property=\"article:publisher\" content=\"https:\/\/www.facebook.com\/dicodusport\" \/>\n<meta property=\"article:author\" content=\"https:\/\/www.facebook.com\/florent.ostermann\" \/>\n<meta property=\"article:published_time\" content=\"2020-08-02T07:29:16+00:00\" \/>\n<meta property=\"article:modified_time\" content=\"2022-01-30T14:32:48+00:00\" \/>\n<meta property=\"og:image\" content=\"https:\/\/dicodusport.fr\/blog\/wp-content\/uploads\/2020\/08\/Circuit-de-Getxo-2020-La-liste-des-engag\u00e9s.png\" \/>\n\t<meta property=\"og:image:width\" content=\"800\" \/>\n\t<meta property=\"og:image:height\" content=\"445\" \/>\n\t<meta property=\"og:image:type\" content=\"image\/png\" \/>\n<meta name=\"author\" content=\"Flo Ostermann\" \/>\n<meta name=\"twitter:card\" content=\"summary_large_image\" \/>\n<meta name=\"twitter:title\" content=\"Circuit de Getxo 2020 : la liste des engag\u00e9s\" \/>\n<meta name=\"twitter:creator\" content=\"@https:\/\/twitter.com\/FlOstermann\" \/>\n<meta name=\"twitter:site\" content=\"@dicodusport\" \/>\n<script type=\"application\/ld+json\" class=\"yoast-schema-graph\">{\"@context\":\"https:\/\/schema.org\",\"@graph\":[{\"@type\":\"NewsArticle\",\"@id\":\"https:\/\/dicodusport.fr\/blog\/circuit-de-getxo-2020-la-liste-des-engages\/#article\",\"isPartOf\":{\"@id\":\"https:\/\/dicodusport.fr\/blog\/circuit-de-getxo-2020-la-liste-des-engages\/\"},\"author\":{\"name\":\"Flo Ostermann\",\"@id\":\"https:\/\/dicodusport.fr\/blog\/#\/schema\/person\/cb02af4c173ce4a653b55e9baf388d4a\"},\"headline\":\"Circuit de Getxo 2020 : la liste des engag\u00e9s\",\"datePublished\":\"2020-08-02T07:29:16+00:00\",\"dateModified\":\"2022-01-30T14:32:48+00:00\",\"mainEntityOfPage\":{\"@id\":\"https:\/\/dicodusport.fr\/blog\/circuit-de-getxo-2020-la-liste-des-engages\/\"},\"wordCount\":407,\"commentCount\":0,\"publisher\":{\"@id\":\"https:\/\/dicodusport.fr\/blog\/#organization\"},\"image\":{\"@id\":\"https:\/\/dicodusport.fr\/blog\/circuit-de-getxo-2020-la-liste-des-engages\/#primaryimage\"},\"thumbnailUrl\":\"https:\/\/dicodusport.fr\/blog\/wp-content\/uploads\/2020\/08\/Circuit-de-Getxo-2020-La-liste-des-engag\u00e9s.png\",\"keywords\":[\"Circuit de Getxo\"],\"articleSection\":[\"Cyclisme\"],\"inLanguage\":\"fr-FR\",\"potentialAction\":[{\"@type\":\"CommentAction\",\"name\":\"Comment\",\"target\":[\"https:\/\/dicodusport.fr\/blog\/circuit-de-getxo-2020-la-liste-des-engages\/#respond\"]}],\"copyrightYear\":\"2020\",\"copyrightHolder\":{\"@id\":\"https:\/\/dicodusport.fr\/blog\/#organization\"}},{\"@type\":\"WebPage\",\"@id\":\"https:\/\/dicodusport.fr\/blog\/circuit-de-getxo-2020-la-liste-des-engages\/\",\"url\":\"https:\/\/dicodusport.fr\/blog\/circuit-de-getxo-2020-la-liste-des-engages\/\",\"name\":\"Circuit de Getxo 2020 : la liste des engag\u00e9s\",\"isPartOf\":{\"@id\":\"https:\/\/dicodusport.fr\/blog\/#website\"},\"primaryImageOfPage\":{\"@id\":\"https:\/\/dicodusport.fr\/blog\/circuit-de-getxo-2020-la-liste-des-engages\/#primaryimage\"},\"image\":{\"@id\":\"https:\/\/dicodusport.fr\/blog\/circuit-de-getxo-2020-la-liste-des-engages\/#primaryimage\"},\"thumbnailUrl\":\"https:\/\/dicodusport.fr\/blog\/wp-content\/uploads\/2020\/08\/Circuit-de-Getxo-2020-La-liste-des-engag\u00e9s.png\",\"datePublished\":\"2020-08-02T07:29:16+00:00\",\"dateModified\":\"2022-01-30T14:32:48+00:00\",\"description\":\"CYCLISME - Ce dimanche 2 ao\u00fbt se d\u00e9roule le Circuit de Getxo - Memorial Hermanos Otxoa. D\u00e9couvrez le profil de l'\u00e9preuve espagnole.\",\"breadcrumb\":{\"@id\":\"https:\/\/dicodusport.fr\/blog\/circuit-de-getxo-2020-la-liste-des-engages\/#breadcrumb\"},\"inLanguage\":\"fr-FR\",\"potentialAction\":[{\"@type\":\"ReadAction\",\"target\":[\"https:\/\/dicodusport.fr\/blog\/circuit-de-getxo-2020-la-liste-des-engages\/\"]}]},{\"@type\":\"ImageObject\",\"inLanguage\":\"fr-FR\",\"@id\":\"https:\/\/dicodusport.fr\/blog\/circuit-de-getxo-2020-la-liste-des-engages\/#primaryimage\",\"url\":\"https:\/\/dicodusport.fr\/blog\/wp-content\/uploads\/2020\/08\/Circuit-de-Getxo-2020-La-liste-des-engag\u00e9s.png\",\"contentUrl\":\"https:\/\/dicodusport.fr\/blog\/wp-content\/uploads\/2020\/08\/Circuit-de-Getxo-2020-La-liste-des-engag\u00e9s.png\",\"width\":800,\"height\":445,\"caption\":\"Circuit de Getxo 2020 : la liste des engag\u00e9s\"},{\"@type\":\"BreadcrumbList\",\"@id\":\"https:\/\/dicodusport.fr\/blog\/circuit-de-getxo-2020-la-liste-des-engages\/#breadcrumb\",\"itemListElement\":[{\"@type\":\"ListItem\",\"position\":1,\"name\":\"Accueil\",\"item\":\"https:\/\/dicodusport.fr\/blog\/\"},{\"@type\":\"ListItem\",\"position\":2,\"name\":\"Circuit de Getxo 2020 : la liste des engag\u00e9s\"}]},{\"@type\":\"WebSite\",\"@id\":\"https:\/\/dicodusport.fr\/blog\/#website\",\"url\":\"https:\/\/dicodusport.fr\/blog\/\",\"name\":\"Dicodusport\",\"description\":\"L&#039;encyclop\u00e9die de l&#039;actualit\u00e9 sportive\",\"publisher\":{\"@id\":\"https:\/\/dicodusport.fr\/blog\/#organization\"},\"potentialAction\":[{\"@type\":\"SearchAction\",\"target\":{\"@type\":\"EntryPoint\",\"urlTemplate\":\"https:\/\/dicodusport.fr\/blog\/?s={search_term_string}\"},\"query-input\":{\"@type\":\"PropertyValueSpecification\",\"valueRequired\":true,\"valueName\":\"search_term_string\"}}],\"inLanguage\":\"fr-FR\"},{\"@type\":\"NewsMediaOrganization\",\"@id\":\"https:\/\/dicodusport.fr\/blog\/#organization\",\"name\":\"Dicodusport\",\"url\":\"https:\/\/dicodusport.fr\/blog\/\",\"logo\":{\"@type\":\"ImageObject\",\"inLanguage\":\"fr-FR\",\"@id\":\"https:\/\/dicodusport.fr\/blog\/#\/schema\/logo\/image\/\",\"url\":\"https:\/\/dicodusport.fr\/blog\/wp-content\/uploads\/2020\/06\/cropped-LOGO-DICODUSPORT-2020-SANS-FOND-SANS-TEXTE.png\",\"contentUrl\":\"https:\/\/dicodusport.fr\/blog\/wp-content\/uploads\/2020\/06\/cropped-LOGO-DICODUSPORT-2020-SANS-FOND-SANS-TEXTE.png\",\"width\":512,\"height\":512,\"caption\":\"Dicodusport\"},\"image\":{\"@id\":\"https:\/\/dicodusport.fr\/blog\/#\/schema\/logo\/image\/\"},\"sameAs\":[\"https:\/\/www.facebook.com\/dicodusport\",\"https:\/\/x.com\/dicodusport\",\"https:\/\/www.instagram.com\/dicodusport\/\",\"https:\/\/www.youtube.com\/channel\/UC7V2KZ5sd3htJivAbA4ZG3w\"],\"description\":\"Dicodusport est l'encyclop\u00e9die de l'actualit\u00e9 sportive.\",\"email\":\"bonjour@dicodusport.fr\",\"legalName\":\"DICODUSPORT\",\"foundingDate\":\"2018-01-14\",\"vatID\":\"FR71834470973\",\"taxID\":\"83447097300043\",\"numberOfEmployees\":{\"@type\":\"QuantitativeValue\",\"minValue\":\"1\",\"maxValue\":\"10\"}},{\"@type\":\"Person\",\"@id\":\"https:\/\/dicodusport.fr\/blog\/#\/schema\/person\/cb02af4c173ce4a653b55e9baf388d4a\",\"name\":\"Flo Ostermann\",\"image\":{\"@type\":\"ImageObject\",\"inLanguage\":\"fr-FR\",\"@id\":\"https:\/\/dicodusport.fr\/blog\/#\/schema\/person\/image\/\",\"url\":\"https:\/\/dicodusport.fr\/blog\/wp-content\/uploads\/2021\/05\/Flo-Ostermann-150x150.jpg\",\"contentUrl\":\"https:\/\/dicodusport.fr\/blog\/wp-content\/uploads\/2021\/05\/Flo-Ostermann-150x150.jpg\",\"caption\":\"Flo Ostermann\"},\"description\":\"Journaliste\/R\u00e9dacteur depuis septembre 2015 - Mes premiers souvenirs dans le sport ? Les envol\u00e9es du Stade Toulousain et les duels Villeneuve-Schumacher et H\u00e4kkinen-Schumacher \u00e0 la fin des ann\u00e9es 90, la Coupe du monde de football en 1998, l\u2019exploit du XV de France face aux All Blacks en 1999, mais aussi Richard C\u0153ur de Lion qui vole sur les montagnes du Tour de France. Bien parti pour devenir professeur d\u2019EPS, les \u00e9v\u00e9nements de la vie (et la flemme d\u2019animer des s\u00e9ances de 3x500 m\u00e8tres toute ma vie) m\u2019ont conduit \u00e0 revoir mes plans. Me voil\u00e0 depuis fin 2017 sur Dicodusport, m\u00e9dia gr\u00e2ce (et pour) lequel je partage ma passion : le sport dans tous ses \u00e9tats. Le tout accompagn\u00e9 par les fous furieux et folles furieuses cit\u00e9s sur cette page !\",\"sameAs\":[\"https:\/\/www.facebook.com\/florent.ostermann\",\"https:\/\/x.com\/https:\/\/twitter.com\/FlOstermann\",\"admin\"],\"url\":\"https:\/\/dicodusport.fr\/blog\/author\/flo\/\"}]}<\/script>\n<!-- \/ Yoast SEO Premium plugin. -->","yoast_head_json":{"title":"Circuit de Getxo 2020 : la liste des engag\u00e9s","description":"CYCLISME - Ce dimanche 2 ao\u00fbt se d\u00e9roule le Circuit de Getxo - Memorial Hermanos Otxoa. D\u00e9couvrez le profil de l'\u00e9preuve espagnole.","robots":{"index":"index","follow":"follow","max-snippet":"max-snippet:-1","max-image-preview":"max-image-preview:large","max-video-preview":"max-video-preview:-1"},"canonical":"https:\/\/dicodusport.fr\/blog\/circuit-de-getxo-2020-la-liste-des-engages\/","og_locale":"fr_FR","og_type":"article","og_title":"Circuit de Getxo 2020 : la liste des engag\u00e9s","og_description":"CYCLISME - Ce dimanche 2 ao\u00fbt se d\u00e9roule le Circuit de Getxo - Memorial Hermanos Otxoa. D\u00e9couvrez le profil de l'\u00e9preuve espagnole.","og_url":"https:\/\/dicodusport.fr\/blog\/circuit-de-getxo-2020-la-liste-des-engages\/","og_site_name":"Dicodusport","article_publisher":"https:\/\/www.facebook.com\/dicodusport","article_author":"https:\/\/www.facebook.com\/florent.ostermann","article_published_time":"2020-08-02T07:29:16+00:00","article_modified_time":"2022-01-30T14:32:48+00:00","og_image":[{"width":800,"height":445,"url":"https:\/\/dicodusport.fr\/blog\/wp-content\/uploads\/2020\/08\/Circuit-de-Getxo-2020-La-liste-des-engag\u00e9s.png","type":"image\/png"}],"author":"Flo Ostermann","twitter_card":"summary_large_image","twitter_title":"Circuit de Getxo 2020 : la liste des engag\u00e9s","twitter_creator":"@https:\/\/twitter.com\/FlOstermann","twitter_site":"@dicodusport","schema":{"@context":"https:\/\/schema.org","@graph":[{"@type":"NewsArticle","@id":"https:\/\/dicodusport.fr\/blog\/circuit-de-getxo-2020-la-liste-des-engages\/#article","isPartOf":{"@id":"https:\/\/dicodusport.fr\/blog\/circuit-de-getxo-2020-la-liste-des-engages\/"},"author":{"name":"Flo Ostermann","@id":"https:\/\/dicodusport.fr\/blog\/#\/schema\/person\/cb02af4c173ce4a653b55e9baf388d4a"},"headline":"Circuit de Getxo 2020 : la liste des engag\u00e9s","datePublished":"2020-08-02T07:29:16+00:00","dateModified":"2022-01-30T14:32:48+00:00","mainEntityOfPage":{"@id":"https:\/\/dicodusport.fr\/blog\/circuit-de-getxo-2020-la-liste-des-engages\/"},"wordCount":407,"commentCount":0,"publisher":{"@id":"https:\/\/dicodusport.fr\/blog\/#organization"},"image":{"@id":"https:\/\/dicodusport.fr\/blog\/circuit-de-getxo-2020-la-liste-des-engages\/#primaryimage"},"thumbnailUrl":"https:\/\/dicodusport.fr\/blog\/wp-content\/uploads\/2020\/08\/Circuit-de-Getxo-2020-La-liste-des-engag\u00e9s.png","keywords":["Circuit de Getxo"],"articleSection":["Cyclisme"],"inLanguage":"fr-FR","potentialAction":[{"@type":"CommentAction","name":"Comment","target":["https:\/\/dicodusport.fr\/blog\/circuit-de-getxo-2020-la-liste-des-engages\/#respond"]}],"copyrightYear":"2020","copyrightHolder":{"@id":"https:\/\/dicodusport.fr\/blog\/#organization"}},{"@type":"WebPage","@id":"https:\/\/dicodusport.fr\/blog\/circuit-de-getxo-2020-la-liste-des-engages\/","url":"https:\/\/dicodusport.fr\/blog\/circuit-de-getxo-2020-la-liste-des-engages\/","name":"Circuit de Getxo 2020 : la liste des engag\u00e9s","isPartOf":{"@id":"https:\/\/dicodusport.fr\/blog\/#website"},"primaryImageOfPage":{"@id":"https:\/\/dicodusport.fr\/blog\/circuit-de-getxo-2020-la-liste-des-engages\/#primaryimage"},"image":{"@id":"https:\/\/dicodusport.fr\/blog\/circuit-de-getxo-2020-la-liste-des-engages\/#primaryimage"},"thumbnailUrl":"https:\/\/dicodusport.fr\/blog\/wp-content\/uploads\/2020\/08\/Circuit-de-Getxo-2020-La-liste-des-engag\u00e9s.png","datePublished":"2020-08-02T07:29:16+00:00","dateModified":"2022-01-30T14:32:48+00:00","description":"CYCLISME - Ce dimanche 2 ao\u00fbt se d\u00e9roule le Circuit de Getxo - Memorial Hermanos Otxoa. D\u00e9couvrez le profil de l'\u00e9preuve espagnole.","breadcrumb":{"@id":"https:\/\/dicodusport.fr\/blog\/circuit-de-getxo-2020-la-liste-des-engages\/#breadcrumb"},"inLanguage":"fr-FR","potentialAction":[{"@type":"ReadAction","target":["https:\/\/dicodusport.fr\/blog\/circuit-de-getxo-2020-la-liste-des-engages\/"]}]},{"@type":"ImageObject","inLanguage":"fr-FR","@id":"https:\/\/dicodusport.fr\/blog\/circuit-de-getxo-2020-la-liste-des-engages\/#primaryimage","url":"https:\/\/dicodusport.fr\/blog\/wp-content\/uploads\/2020\/08\/Circuit-de-Getxo-2020-La-liste-des-engag\u00e9s.png","contentUrl":"https:\/\/dicodusport.fr\/blog\/wp-content\/uploads\/2020\/08\/Circuit-de-Getxo-2020-La-liste-des-engag\u00e9s.png","width":800,"height":445,"caption":"Circuit de Getxo 2020 : la liste des engag\u00e9s"},{"@type":"BreadcrumbList","@id":"https:\/\/dicodusport.fr\/blog\/circuit-de-getxo-2020-la-liste-des-engages\/#breadcrumb","itemListElement":[{"@type":"ListItem","position":1,"name":"Accueil","item":"https:\/\/dicodusport.fr\/blog\/"},{"@type":"ListItem","position":2,"name":"Circuit de Getxo 2020 : la liste des engag\u00e9s"}]},{"@type":"WebSite","@id":"https:\/\/dicodusport.fr\/blog\/#website","url":"https:\/\/dicodusport.fr\/blog\/","name":"Dicodusport","description":"L&#039;encyclop\u00e9die de l&#039;actualit\u00e9 sportive","publisher":{"@id":"https:\/\/dicodusport.fr\/blog\/#organization"},"potentialAction":[{"@type":"SearchAction","target":{"@type":"EntryPoint","urlTemplate":"https:\/\/dicodusport.fr\/blog\/?s={search_term_string}"},"query-input":{"@type":"PropertyValueSpecification","valueRequired":true,"valueName":"search_term_string"}}],"inLanguage":"fr-FR"},{"@type":"NewsMediaOrganization","@id":"https:\/\/dicodusport.fr\/blog\/#organization","name":"Dicodusport","url":"https:\/\/dicodusport.fr\/blog\/","logo":{"@type":"ImageObject","inLanguage":"fr-FR","@id":"https:\/\/dicodusport.fr\/blog\/#\/schema\/logo\/image\/","url":"https:\/\/dicodusport.fr\/blog\/wp-content\/uploads\/2020\/06\/cropped-LOGO-DICODUSPORT-2020-SANS-FOND-SANS-TEXTE.png","contentUrl":"https:\/\/dicodusport.fr\/blog\/wp-content\/uploads\/2020\/06\/cropped-LOGO-DICODUSPORT-2020-SANS-FOND-SANS-TEXTE.png","width":512,"height":512,"caption":"Dicodusport"},"image":{"@id":"https:\/\/dicodusport.fr\/blog\/#\/schema\/logo\/image\/"},"sameAs":["https:\/\/www.facebook.com\/dicodusport","https:\/\/x.com\/dicodusport","https:\/\/www.instagram.com\/dicodusport\/","https:\/\/www.youtube.com\/channel\/UC7V2KZ5sd3htJivAbA4ZG3w"],"description":"Dicodusport est l'encyclop\u00e9die de l'actualit\u00e9 sportive.","email":"bonjour@dicodusport.fr","legalName":"DICODUSPORT","foundingDate":"2018-01-14","vatID":"FR71834470973","taxID":"83447097300043","numberOfEmployees":{"@type":"QuantitativeValue","minValue":"1","maxValue":"10"}},{"@type":"Person","@id":"https:\/\/dicodusport.fr\/blog\/#\/schema\/person\/cb02af4c173ce4a653b55e9baf388d4a","name":"Flo Ostermann","image":{"@type":"ImageObject","inLanguage":"fr-FR","@id":"https:\/\/dicodusport.fr\/blog\/#\/schema\/person\/image\/","url":"https:\/\/dicodusport.fr\/blog\/wp-content\/uploads\/2021\/05\/Flo-Ostermann-150x150.jpg","contentUrl":"https:\/\/dicodusport.fr\/blog\/wp-content\/uploads\/2021\/05\/Flo-Ostermann-150x150.jpg","caption":"Flo Ostermann"},"description":"Journaliste\/R\u00e9dacteur depuis septembre 2015 - Mes premiers souvenirs dans le sport ? Les envol\u00e9es du Stade Toulousain et les duels Villeneuve-Schumacher et H\u00e4kkinen-Schumacher \u00e0 la fin des ann\u00e9es 90, la Coupe du monde de football en 1998, l\u2019exploit du XV de France face aux All Blacks en 1999, mais aussi Richard C\u0153ur de Lion qui vole sur les montagnes du Tour de France. Bien parti pour devenir professeur d\u2019EPS, les \u00e9v\u00e9nements de la vie (et la flemme d\u2019animer des s\u00e9ances de 3x500 m\u00e8tres toute ma vie) m\u2019ont conduit \u00e0 revoir mes plans. Me voil\u00e0 depuis fin 2017 sur Dicodusport, m\u00e9dia gr\u00e2ce (et pour) lequel je partage ma passion : le sport dans tous ses \u00e9tats. Le tout accompagn\u00e9 par les fous furieux et folles furieuses cit\u00e9s sur cette page !","sameAs":["https:\/\/www.facebook.com\/florent.ostermann","https:\/\/x.com\/https:\/\/twitter.com\/FlOstermann","admin"],"url":"https:\/\/dicodusport.fr\/blog\/author\/flo\/"}]}},"_links":{"self":[{"href":"https:\/\/dicodusport.fr\/blog\/wp-json\/wp\/v2\/posts\/73041","targetHints":{"allow":["GET"]}}],"collection":[{"href":"https:\/\/dicodusport.fr\/blog\/wp-json\/wp\/v2\/posts"}],"about":[{"href":"https:\/\/dicodusport.fr\/blog\/wp-json\/wp\/v2\/types\/post"}],"author":[{"embeddable":true,"href":"https:\/\/dicodusport.fr\/blog\/wp-json\/wp\/v2\/users\/4"}],"replies":[{"embeddable":true,"href":"https:\/\/dicodusport.fr\/blog\/wp-json\/wp\/v2\/comments?post=73041"}],"version-history":[{"count":0,"href":"https:\/\/dicodusport.fr\/blog\/wp-json\/wp\/v2\/posts\/73041\/revisions"}],"wp:featuredmedia":[{"embeddable":true,"href":"https:\/\/dicodusport.fr\/blog\/wp-json\/wp\/v2\/media\/73043"}],"wp:attachment":[{"href":"https:\/\/dicodusport.fr\/blog\/wp-json\/wp\/v2\/media?parent=73041"}],"wp:term":[{"taxonomy":"category","embeddable":true,"href":"https:\/\/dicodusport.fr\/blog\/wp-json\/wp\/v2\/categories?post=73041"},{"taxonomy":"post_tag","embeddable":true,"href":"https:\/\/dicodusport.fr\/blog\/wp-json\/wp\/v2\/tags?post=73041"}],"curies":[{"name":"wp","href":"https:\/\/api.w.org\/{rel}","templated":true}]}}