{"id":73088,"date":"2020-08-02T21:08:43","date_gmt":"2020-08-02T19:08:43","guid":{"rendered":"http:\/\/dicodusport.fr\/blog\/?p=73088"},"modified":"2021-03-07T23:58:13","modified_gmt":"2021-03-07T22:58:13","slug":"jonathan-isaac-un-geste-qui-fait-debat","status":"publish","type":"post","link":"https:\/\/dicodusport.fr\/blog\/jonathan-isaac-un-geste-qui-fait-debat\/","title":{"rendered":"Jonathan Isaac : un geste qui fait d\u00e9bat"},"content":{"rendered":"<p style=\"text-align: justify\"><em><strong>Avant le premier match de reprise du Magic d&rsquo;Orlando (victoire 128-118 face \u00e0 Brooklyn), l&rsquo;ailier Jonathan Isaac est le seul \u00e0 ne pas avoir mis un genou \u00e0 terre pendant l&rsquo;hymne national. Il n&rsquo;a pas non plus voulu porter de t-shirt <\/strong><\/em><strong>Black Lives Matter<\/strong><em><strong> comme ses co\u00e9quipiers. Si cette image forte a tant fait parler, c&rsquo;est en partie parce que ses explications sont rest\u00e9es floues.<\/strong><\/em><\/p>\n<p style=\"text-align: justify\">Il est rest\u00e9 droit comme un I, le blanc de son maillot du Magic contrastant avec le noir des t-shirt <em>Black Lives Matter<\/em>. Vendredi,<strong> Jonathan Isaac a \u00e9t\u00e9 le premier \u00e0 ne faire le geste devenu coutumier depuis la reprise de la NBA.<\/strong> Il aura fallu attendre la conf\u00e9rence de presse d&rsquo;apr\u00e8s-match pour entendre ses premi\u00e8res explications. L&rsquo;ailier a expliqu\u00e9\u00a0 que <strong><em>\u00abs&rsquo;agenouiller en mettant ce t-shirt n&rsquo;\u00e9tait pas n\u00e9cessaire pour prouver son soutien \u00e0 la cause\u00bb<\/em><\/strong><em>, <\/em>avant d&rsquo;\u00e9voquer ses convictions religieuses : <em>\u00abon dit tous des choses qu&rsquo;on ne devrait pas dire, et on fait des choses qu&rsquo;on ne devrait pas faire. Le racisme est loin d&rsquo;\u00eatre la seule plaie dans notre monde. Je pense que J\u00e9sus est la seule r\u00e9ponse\u00bb<\/em>. Quand Taylor Rooks, journaliste au Bleacher Report, l&rsquo;a interrog\u00e9 sur le lien entre religion et protestations contre le racisme et les violences polici\u00e8res, Isaac, tr\u00e8s croyant, a r\u00e9pondu : <strong><em>\u00abtout \u00e7a est une relation avec Dieu, il nous soutient et soutient les victimes de racisme\u00bb<\/em><\/strong>.<\/p>\n<p style=\"text-align: justify\">Son co\u00e9quipier fran\u00e7ais <strong>Evan Fournier<\/strong> ne lui en a tout cas pas tenu rigueur :<em> \u00abc&rsquo;est son choix, il n&rsquo;a pas \u00e0 nous l&rsquo;expliquer. On le soutient\u00bb. <\/em>C&rsquo;est au niveau du public que le geste d&rsquo;Isaac a fait plus parler. Beaucoup ont associ\u00e9 son refus de s&rsquo;agenouiller \u00e0 un rejet du mouvement <em>Black Lives Matter<\/em>. L&rsquo;int\u00e9ress\u00e9 a pr\u00e9cis\u00e9 que <strong>son geste \u00e9tait ind\u00e9pendant de questions de patriotisme et de respect du drapeau<\/strong>.<\/p>\n<h2 style=\"text-align: justify\">Un d\u00e9bat qui a d\u00e9pass\u00e9 le cas d&rsquo;Isaac<\/h2>\n<p style=\"text-align: justify\">Le mythique coach des Spurs, Greg Popovich, est lui aussi rest\u00e9 debout avant la victoire des siens contre Sacramento (129-120). Il a toutefois port\u00e9 le t-shirt<em> Black Lives Matter<\/em>. Illustre d\u00e9fenseur de la justice sociale et de l&rsquo;anti-racisme, Popovich a justifi\u00e9 son choix en invoquant un <em>\u00abchoix personnel\u00bb<\/em> que <em>\u00abchacun a le droit de faire\u00bb<\/em>. Sa d\u00e9cision a \u00e9t\u00e9 bien moins comment\u00e9e que celle de Jonathan Isaac.<\/p>\n<p style=\"text-align: justify\">Quelques heures plus tard, c&rsquo;est un s\u00e9nateur de l&rsquo;Oklahoma, \u00e9tat tr\u00e8s conservateur, qui a interdit aux joueurs du Thunder de s&rsquo;agenouiller pendant l&rsquo;hymne, sous peine de sanctions financi\u00e8res. <em>\u00abEn s&rsquo;agenouillant pendant l&rsquo;hymne, les joueurs manquent de respect au drapeau am\u00e9ricain et \u00e0 ses valeurs. C&rsquo;est un acte anti-patriotique\u00bb<\/em>. Une menace balay\u00e9e par les co\u00e9quipiers de Chris Paul. Ces derniers ont tous mis genou \u00e0 terre avant leur victoire face au Jazz (110-94).<\/p>\n<p style=\"text-align: justify\"><em><strong>Comme la NFL avec Colin Kapernick en 2016, la NBA est en train de conna\u00eetre son lot de discussions autour des agenouillements pendant l&rsquo;hymne national. Et ce d\u00e9bat n&rsquo;est pas pr\u00eat de dispara\u00eetre. <a href=\"https:\/\/dicodusport.fr\/blog\/la-justice-sociale-au-coeur-de-la-reprise-de-la-nba\/\">Adam Silver, le boss de la NBA, ne punira pas ceux qui veulent s&rsquo;agenouiller<\/a> : \u00abJe respecte les protestations pacifiques\u00bb.<\/strong><\/em><\/p>\n<p><strong><em>Dicodusport<br \/>\n<a href=\"https:\/\/www.facebook.com\/dicodusport\/\" target=\"_blank\" rel=\"noopener noreferrer\"><img loading=\"lazy\" decoding=\"async\" class=\"alignnone wp-image-2909\" src=\"http:\/\/dicodusport.fr\/blog\/wp-content\/uploads\/2017\/07\/logo-facebook-150x150.png\" alt=\"\" width=\"40\" height=\"40\" \/><\/a><a href=\"https:\/\/twitter.com\/dicodusport\" target=\"_blank\" rel=\"noopener noreferrer\"><img loading=\"lazy\" decoding=\"async\" class=\"alignnone wp-image-2908\" src=\"http:\/\/dicodusport.fr\/blog\/wp-content\/uploads\/2017\/07\/logo-twitter-150x150.png\" alt=\"\" width=\"39\" height=\"39\" \/><\/a><\/em><\/strong><\/p>\n","protected":false},"excerpt":{"rendered":"<p>Avant le premier match de reprise du Magic d&rsquo;Orlando (victoire 128-118 face \u00e0 Brooklyn), l&rsquo;ailier Jonathan Isaac est le seul \u00e0 ne pas avoir mis un genou \u00e0 terre pendant l&rsquo;hymne national. Il n&rsquo;a pas non plus voulu porter de t-shirt Black Lives Matter comme ses co\u00e9quipiers. Si cette image forte a tant fait parler, [&hellip;]<\/p>\n","protected":false},"author":13,"featured_media":73097,"comment_status":"open","ping_status":"closed","sticky":false,"template":"","format":"standard","meta":{"_acf_changed":false,"_daextam_enable_autolinks":"","footnotes":""},"categories":[10533],"tags":[],"class_list":["post-73088","post","type-post","status-publish","format-standard","has-post-thumbnail","hentry","category-nba"],"acf":[],"yoast_head":"<!-- This site is optimized with the Yoast SEO Premium plugin v26.7 (Yoast SEO v26.7) - https:\/\/yoast.com\/wordpress\/plugins\/seo\/ -->\n<title>Jonathan Isaac : un geste qui fait d\u00e9bat<\/title>\n<meta name=\"description\" content=\"Jonathan Isaac est le seul \u00e0 ne pas s&#039;\u00eatre agenouill\u00e9 pendant l&#039;hymne national, ni port\u00e9 de t-shirt Black Lives Matter. Ses explications sont rest\u00e9es floues\" \/>\n<meta name=\"robots\" content=\"index, follow, max-snippet:-1, max-image-preview:large, max-video-preview:-1\" \/>\n<link rel=\"canonical\" href=\"https:\/\/dicodusport.fr\/blog\/jonathan-isaac-un-geste-qui-fait-debat\/\" \/>\n<meta property=\"og:locale\" content=\"fr_FR\" \/>\n<meta property=\"og:type\" content=\"article\" \/>\n<meta property=\"og:title\" content=\"Jonathan Isaac : un geste qui fait d\u00e9bat\" \/>\n<meta property=\"og:description\" content=\"Jonathan Isaac est le seul \u00e0 ne pas s&#039;\u00eatre agenouill\u00e9 pendant l&#039;hymne national, ni port\u00e9 de t-shirt Black Lives Matter. Ses explications sont rest\u00e9es floues\" \/>\n<meta property=\"og:url\" content=\"https:\/\/dicodusport.fr\/blog\/jonathan-isaac-un-geste-qui-fait-debat\/\" \/>\n<meta property=\"og:site_name\" content=\"Dicodusport\" \/>\n<meta property=\"article:publisher\" content=\"https:\/\/www.facebook.com\/dicodusport\" \/>\n<meta property=\"article:published_time\" content=\"2020-08-02T19:08:43+00:00\" \/>\n<meta property=\"article:modified_time\" content=\"2021-03-07T22:58:13+00:00\" \/>\n<meta property=\"og:image\" content=\"https:\/\/dicodusport.fr\/blog\/wp-content\/uploads\/2020\/08\/Jonathan-Isaac-a-refus\u00e9-de-sagenouiller-pendant-lhymne-national.png\" \/>\n\t<meta property=\"og:image:width\" content=\"800\" \/>\n\t<meta property=\"og:image:height\" content=\"445\" \/>\n\t<meta property=\"og:image:type\" content=\"image\/png\" \/>\n<meta name=\"author\" content=\"Tom Compayrot\" \/>\n<meta name=\"twitter:card\" content=\"summary_large_image\" \/>\n<meta name=\"twitter:title\" content=\"Jonathan Isaac : un geste qui fait d\u00e9bat\" \/>\n<meta name=\"twitter:creator\" content=\"@https:\/\/twitter.com\/Tom_Cprt\" \/>\n<meta name=\"twitter:site\" content=\"@dicodusport\" \/>\n<script type=\"application\/ld+json\" class=\"yoast-schema-graph\">{\"@context\":\"https:\/\/schema.org\",\"@graph\":[{\"@type\":\"NewsArticle\",\"@id\":\"https:\/\/dicodusport.fr\/blog\/jonathan-isaac-un-geste-qui-fait-debat\/#article\",\"isPartOf\":{\"@id\":\"https:\/\/dicodusport.fr\/blog\/jonathan-isaac-un-geste-qui-fait-debat\/\"},\"author\":{\"name\":\"Tom Compayrot\",\"@id\":\"https:\/\/dicodusport.fr\/blog\/#\/schema\/person\/bf1e4f404e108bd2be5b447b16bde9a7\"},\"headline\":\"Jonathan Isaac : un geste qui fait d\u00e9bat\",\"datePublished\":\"2020-08-02T19:08:43+00:00\",\"dateModified\":\"2021-03-07T22:58:13+00:00\",\"mainEntityOfPage\":{\"@id\":\"https:\/\/dicodusport.fr\/blog\/jonathan-isaac-un-geste-qui-fait-debat\/\"},\"wordCount\":562,\"commentCount\":0,\"publisher\":{\"@id\":\"https:\/\/dicodusport.fr\/blog\/#organization\"},\"image\":{\"@id\":\"https:\/\/dicodusport.fr\/blog\/jonathan-isaac-un-geste-qui-fait-debat\/#primaryimage\"},\"thumbnailUrl\":\"https:\/\/dicodusport.fr\/blog\/wp-content\/uploads\/2020\/08\/Jonathan-Isaac-a-refus\u00e9-de-sagenouiller-pendant-lhymne-national.png\",\"articleSection\":[\"NBA\"],\"inLanguage\":\"fr-FR\",\"potentialAction\":[{\"@type\":\"CommentAction\",\"name\":\"Comment\",\"target\":[\"https:\/\/dicodusport.fr\/blog\/jonathan-isaac-un-geste-qui-fait-debat\/#respond\"]}],\"copyrightYear\":\"2020\",\"copyrightHolder\":{\"@id\":\"https:\/\/dicodusport.fr\/blog\/#organization\"}},{\"@type\":\"WebPage\",\"@id\":\"https:\/\/dicodusport.fr\/blog\/jonathan-isaac-un-geste-qui-fait-debat\/\",\"url\":\"https:\/\/dicodusport.fr\/blog\/jonathan-isaac-un-geste-qui-fait-debat\/\",\"name\":\"Jonathan Isaac : un geste qui fait d\u00e9bat\",\"isPartOf\":{\"@id\":\"https:\/\/dicodusport.fr\/blog\/#website\"},\"primaryImageOfPage\":{\"@id\":\"https:\/\/dicodusport.fr\/blog\/jonathan-isaac-un-geste-qui-fait-debat\/#primaryimage\"},\"image\":{\"@id\":\"https:\/\/dicodusport.fr\/blog\/jonathan-isaac-un-geste-qui-fait-debat\/#primaryimage\"},\"thumbnailUrl\":\"https:\/\/dicodusport.fr\/blog\/wp-content\/uploads\/2020\/08\/Jonathan-Isaac-a-refus\u00e9-de-sagenouiller-pendant-lhymne-national.png\",\"datePublished\":\"2020-08-02T19:08:43+00:00\",\"dateModified\":\"2021-03-07T22:58:13+00:00\",\"description\":\"Jonathan Isaac est le seul \u00e0 ne pas s'\u00eatre agenouill\u00e9 pendant l'hymne national, ni port\u00e9 de t-shirt Black Lives Matter. Ses explications sont rest\u00e9es floues\",\"breadcrumb\":{\"@id\":\"https:\/\/dicodusport.fr\/blog\/jonathan-isaac-un-geste-qui-fait-debat\/#breadcrumb\"},\"inLanguage\":\"fr-FR\",\"potentialAction\":[{\"@type\":\"ReadAction\",\"target\":[\"https:\/\/dicodusport.fr\/blog\/jonathan-isaac-un-geste-qui-fait-debat\/\"]}]},{\"@type\":\"ImageObject\",\"inLanguage\":\"fr-FR\",\"@id\":\"https:\/\/dicodusport.fr\/blog\/jonathan-isaac-un-geste-qui-fait-debat\/#primaryimage\",\"url\":\"https:\/\/dicodusport.fr\/blog\/wp-content\/uploads\/2020\/08\/Jonathan-Isaac-a-refus\u00e9-de-sagenouiller-pendant-lhymne-national.png\",\"contentUrl\":\"https:\/\/dicodusport.fr\/blog\/wp-content\/uploads\/2020\/08\/Jonathan-Isaac-a-refus\u00e9-de-sagenouiller-pendant-lhymne-national.png\",\"width\":800,\"height\":445},{\"@type\":\"BreadcrumbList\",\"@id\":\"https:\/\/dicodusport.fr\/blog\/jonathan-isaac-un-geste-qui-fait-debat\/#breadcrumb\",\"itemListElement\":[{\"@type\":\"ListItem\",\"position\":1,\"name\":\"Accueil\",\"item\":\"https:\/\/dicodusport.fr\/blog\/\"},{\"@type\":\"ListItem\",\"position\":2,\"name\":\"Jonathan Isaac : un geste qui fait d\u00e9bat\"}]},{\"@type\":\"WebSite\",\"@id\":\"https:\/\/dicodusport.fr\/blog\/#website\",\"url\":\"https:\/\/dicodusport.fr\/blog\/\",\"name\":\"Dicodusport\",\"description\":\"L&#039;encyclop\u00e9die de l&#039;actualit\u00e9 sportive\",\"publisher\":{\"@id\":\"https:\/\/dicodusport.fr\/blog\/#organization\"},\"potentialAction\":[{\"@type\":\"SearchAction\",\"target\":{\"@type\":\"EntryPoint\",\"urlTemplate\":\"https:\/\/dicodusport.fr\/blog\/?s={search_term_string}\"},\"query-input\":{\"@type\":\"PropertyValueSpecification\",\"valueRequired\":true,\"valueName\":\"search_term_string\"}}],\"inLanguage\":\"fr-FR\"},{\"@type\":\"NewsMediaOrganization\",\"@id\":\"https:\/\/dicodusport.fr\/blog\/#organization\",\"name\":\"Dicodusport\",\"url\":\"https:\/\/dicodusport.fr\/blog\/\",\"logo\":{\"@type\":\"ImageObject\",\"inLanguage\":\"fr-FR\",\"@id\":\"https:\/\/dicodusport.fr\/blog\/#\/schema\/logo\/image\/\",\"url\":\"https:\/\/dicodusport.fr\/blog\/wp-content\/uploads\/2020\/06\/cropped-LOGO-DICODUSPORT-2020-SANS-FOND-SANS-TEXTE.png\",\"contentUrl\":\"https:\/\/dicodusport.fr\/blog\/wp-content\/uploads\/2020\/06\/cropped-LOGO-DICODUSPORT-2020-SANS-FOND-SANS-TEXTE.png\",\"width\":512,\"height\":512,\"caption\":\"Dicodusport\"},\"image\":{\"@id\":\"https:\/\/dicodusport.fr\/blog\/#\/schema\/logo\/image\/\"},\"sameAs\":[\"https:\/\/www.facebook.com\/dicodusport\",\"https:\/\/x.com\/dicodusport\",\"https:\/\/www.instagram.com\/dicodusport\/\",\"https:\/\/www.youtube.com\/channel\/UC7V2KZ5sd3htJivAbA4ZG3w\"],\"description\":\"Dicodusport est l'encyclop\u00e9die de l'actualit\u00e9 sportive.\",\"email\":\"bonjour@dicodusport.fr\",\"legalName\":\"DICODUSPORT\",\"foundingDate\":\"2018-01-14\",\"vatID\":\"FR71834470973\",\"taxID\":\"83447097300043\",\"numberOfEmployees\":{\"@type\":\"QuantitativeValue\",\"minValue\":\"1\",\"maxValue\":\"10\"}},{\"@type\":\"Person\",\"@id\":\"https:\/\/dicodusport.fr\/blog\/#\/schema\/person\/bf1e4f404e108bd2be5b447b16bde9a7\",\"name\":\"Tom Compayrot\",\"image\":{\"@type\":\"ImageObject\",\"inLanguage\":\"fr-FR\",\"@id\":\"https:\/\/dicodusport.fr\/blog\/#\/schema\/person\/image\/\",\"url\":\"https:\/\/dicodusport.fr\/blog\/wp-content\/uploads\/2021\/05\/Tom-Compayrot-150x150.jpg\",\"contentUrl\":\"https:\/\/dicodusport.fr\/blog\/wp-content\/uploads\/2021\/05\/Tom-Compayrot-150x150.jpg\",\"caption\":\"Tom Compayrot\"},\"description\":\"Journaliste\/r\u00e9dacteur depuis mars 2017 - Amoureux de la petite balle jaune et du gros ballon orange qui tra\u00eene sa carcasse sur Dicodusport depuis 2017. Rafael Nadal et LeBron James sont les meilleurs joueurs de l'histoire.\",\"sameAs\":[\"https:\/\/x.com\/https:\/\/twitter.com\/Tom_Cprt\"],\"url\":\"https:\/\/dicodusport.fr\/blog\/author\/tom\/\"}]}<\/script>\n<!-- \/ Yoast SEO Premium plugin. -->","yoast_head_json":{"title":"Jonathan Isaac : un geste qui fait d\u00e9bat","description":"Jonathan Isaac est le seul \u00e0 ne pas s'\u00eatre agenouill\u00e9 pendant l'hymne national, ni port\u00e9 de t-shirt Black Lives Matter. Ses explications sont rest\u00e9es floues","robots":{"index":"index","follow":"follow","max-snippet":"max-snippet:-1","max-image-preview":"max-image-preview:large","max-video-preview":"max-video-preview:-1"},"canonical":"https:\/\/dicodusport.fr\/blog\/jonathan-isaac-un-geste-qui-fait-debat\/","og_locale":"fr_FR","og_type":"article","og_title":"Jonathan Isaac : un geste qui fait d\u00e9bat","og_description":"Jonathan Isaac est le seul \u00e0 ne pas s'\u00eatre agenouill\u00e9 pendant l'hymne national, ni port\u00e9 de t-shirt Black Lives Matter. Ses explications sont rest\u00e9es floues","og_url":"https:\/\/dicodusport.fr\/blog\/jonathan-isaac-un-geste-qui-fait-debat\/","og_site_name":"Dicodusport","article_publisher":"https:\/\/www.facebook.com\/dicodusport","article_published_time":"2020-08-02T19:08:43+00:00","article_modified_time":"2021-03-07T22:58:13+00:00","og_image":[{"width":800,"height":445,"url":"https:\/\/dicodusport.fr\/blog\/wp-content\/uploads\/2020\/08\/Jonathan-Isaac-a-refus\u00e9-de-sagenouiller-pendant-lhymne-national.png","type":"image\/png"}],"author":"Tom Compayrot","twitter_card":"summary_large_image","twitter_title":"Jonathan Isaac : un geste qui fait d\u00e9bat","twitter_creator":"@https:\/\/twitter.com\/Tom_Cprt","twitter_site":"@dicodusport","schema":{"@context":"https:\/\/schema.org","@graph":[{"@type":"NewsArticle","@id":"https:\/\/dicodusport.fr\/blog\/jonathan-isaac-un-geste-qui-fait-debat\/#article","isPartOf":{"@id":"https:\/\/dicodusport.fr\/blog\/jonathan-isaac-un-geste-qui-fait-debat\/"},"author":{"name":"Tom Compayrot","@id":"https:\/\/dicodusport.fr\/blog\/#\/schema\/person\/bf1e4f404e108bd2be5b447b16bde9a7"},"headline":"Jonathan Isaac : un geste qui fait d\u00e9bat","datePublished":"2020-08-02T19:08:43+00:00","dateModified":"2021-03-07T22:58:13+00:00","mainEntityOfPage":{"@id":"https:\/\/dicodusport.fr\/blog\/jonathan-isaac-un-geste-qui-fait-debat\/"},"wordCount":562,"commentCount":0,"publisher":{"@id":"https:\/\/dicodusport.fr\/blog\/#organization"},"image":{"@id":"https:\/\/dicodusport.fr\/blog\/jonathan-isaac-un-geste-qui-fait-debat\/#primaryimage"},"thumbnailUrl":"https:\/\/dicodusport.fr\/blog\/wp-content\/uploads\/2020\/08\/Jonathan-Isaac-a-refus\u00e9-de-sagenouiller-pendant-lhymne-national.png","articleSection":["NBA"],"inLanguage":"fr-FR","potentialAction":[{"@type":"CommentAction","name":"Comment","target":["https:\/\/dicodusport.fr\/blog\/jonathan-isaac-un-geste-qui-fait-debat\/#respond"]}],"copyrightYear":"2020","copyrightHolder":{"@id":"https:\/\/dicodusport.fr\/blog\/#organization"}},{"@type":"WebPage","@id":"https:\/\/dicodusport.fr\/blog\/jonathan-isaac-un-geste-qui-fait-debat\/","url":"https:\/\/dicodusport.fr\/blog\/jonathan-isaac-un-geste-qui-fait-debat\/","name":"Jonathan Isaac : un geste qui fait d\u00e9bat","isPartOf":{"@id":"https:\/\/dicodusport.fr\/blog\/#website"},"primaryImageOfPage":{"@id":"https:\/\/dicodusport.fr\/blog\/jonathan-isaac-un-geste-qui-fait-debat\/#primaryimage"},"image":{"@id":"https:\/\/dicodusport.fr\/blog\/jonathan-isaac-un-geste-qui-fait-debat\/#primaryimage"},"thumbnailUrl":"https:\/\/dicodusport.fr\/blog\/wp-content\/uploads\/2020\/08\/Jonathan-Isaac-a-refus\u00e9-de-sagenouiller-pendant-lhymne-national.png","datePublished":"2020-08-02T19:08:43+00:00","dateModified":"2021-03-07T22:58:13+00:00","description":"Jonathan Isaac est le seul \u00e0 ne pas s'\u00eatre agenouill\u00e9 pendant l'hymne national, ni port\u00e9 de t-shirt Black Lives Matter. Ses explications sont rest\u00e9es floues","breadcrumb":{"@id":"https:\/\/dicodusport.fr\/blog\/jonathan-isaac-un-geste-qui-fait-debat\/#breadcrumb"},"inLanguage":"fr-FR","potentialAction":[{"@type":"ReadAction","target":["https:\/\/dicodusport.fr\/blog\/jonathan-isaac-un-geste-qui-fait-debat\/"]}]},{"@type":"ImageObject","inLanguage":"fr-FR","@id":"https:\/\/dicodusport.fr\/blog\/jonathan-isaac-un-geste-qui-fait-debat\/#primaryimage","url":"https:\/\/dicodusport.fr\/blog\/wp-content\/uploads\/2020\/08\/Jonathan-Isaac-a-refus\u00e9-de-sagenouiller-pendant-lhymne-national.png","contentUrl":"https:\/\/dicodusport.fr\/blog\/wp-content\/uploads\/2020\/08\/Jonathan-Isaac-a-refus\u00e9-de-sagenouiller-pendant-lhymne-national.png","width":800,"height":445},{"@type":"BreadcrumbList","@id":"https:\/\/dicodusport.fr\/blog\/jonathan-isaac-un-geste-qui-fait-debat\/#breadcrumb","itemListElement":[{"@type":"ListItem","position":1,"name":"Accueil","item":"https:\/\/dicodusport.fr\/blog\/"},{"@type":"ListItem","position":2,"name":"Jonathan Isaac : un geste qui fait d\u00e9bat"}]},{"@type":"WebSite","@id":"https:\/\/dicodusport.fr\/blog\/#website","url":"https:\/\/dicodusport.fr\/blog\/","name":"Dicodusport","description":"L&#039;encyclop\u00e9die de l&#039;actualit\u00e9 sportive","publisher":{"@id":"https:\/\/dicodusport.fr\/blog\/#organization"},"potentialAction":[{"@type":"SearchAction","target":{"@type":"EntryPoint","urlTemplate":"https:\/\/dicodusport.fr\/blog\/?s={search_term_string}"},"query-input":{"@type":"PropertyValueSpecification","valueRequired":true,"valueName":"search_term_string"}}],"inLanguage":"fr-FR"},{"@type":"NewsMediaOrganization","@id":"https:\/\/dicodusport.fr\/blog\/#organization","name":"Dicodusport","url":"https:\/\/dicodusport.fr\/blog\/","logo":{"@type":"ImageObject","inLanguage":"fr-FR","@id":"https:\/\/dicodusport.fr\/blog\/#\/schema\/logo\/image\/","url":"https:\/\/dicodusport.fr\/blog\/wp-content\/uploads\/2020\/06\/cropped-LOGO-DICODUSPORT-2020-SANS-FOND-SANS-TEXTE.png","contentUrl":"https:\/\/dicodusport.fr\/blog\/wp-content\/uploads\/2020\/06\/cropped-LOGO-DICODUSPORT-2020-SANS-FOND-SANS-TEXTE.png","width":512,"height":512,"caption":"Dicodusport"},"image":{"@id":"https:\/\/dicodusport.fr\/blog\/#\/schema\/logo\/image\/"},"sameAs":["https:\/\/www.facebook.com\/dicodusport","https:\/\/x.com\/dicodusport","https:\/\/www.instagram.com\/dicodusport\/","https:\/\/www.youtube.com\/channel\/UC7V2KZ5sd3htJivAbA4ZG3w"],"description":"Dicodusport est l'encyclop\u00e9die de l'actualit\u00e9 sportive.","email":"bonjour@dicodusport.fr","legalName":"DICODUSPORT","foundingDate":"2018-01-14","vatID":"FR71834470973","taxID":"83447097300043","numberOfEmployees":{"@type":"QuantitativeValue","minValue":"1","maxValue":"10"}},{"@type":"Person","@id":"https:\/\/dicodusport.fr\/blog\/#\/schema\/person\/bf1e4f404e108bd2be5b447b16bde9a7","name":"Tom Compayrot","image":{"@type":"ImageObject","inLanguage":"fr-FR","@id":"https:\/\/dicodusport.fr\/blog\/#\/schema\/person\/image\/","url":"https:\/\/dicodusport.fr\/blog\/wp-content\/uploads\/2021\/05\/Tom-Compayrot-150x150.jpg","contentUrl":"https:\/\/dicodusport.fr\/blog\/wp-content\/uploads\/2021\/05\/Tom-Compayrot-150x150.jpg","caption":"Tom Compayrot"},"description":"Journaliste\/r\u00e9dacteur depuis mars 2017 - Amoureux de la petite balle jaune et du gros ballon orange qui tra\u00eene sa carcasse sur Dicodusport depuis 2017. Rafael Nadal et LeBron James sont les meilleurs joueurs de l'histoire.","sameAs":["https:\/\/x.com\/https:\/\/twitter.com\/Tom_Cprt"],"url":"https:\/\/dicodusport.fr\/blog\/author\/tom\/"}]}},"_links":{"self":[{"href":"https:\/\/dicodusport.fr\/blog\/wp-json\/wp\/v2\/posts\/73088","targetHints":{"allow":["GET"]}}],"collection":[{"href":"https:\/\/dicodusport.fr\/blog\/wp-json\/wp\/v2\/posts"}],"about":[{"href":"https:\/\/dicodusport.fr\/blog\/wp-json\/wp\/v2\/types\/post"}],"author":[{"embeddable":true,"href":"https:\/\/dicodusport.fr\/blog\/wp-json\/wp\/v2\/users\/13"}],"replies":[{"embeddable":true,"href":"https:\/\/dicodusport.fr\/blog\/wp-json\/wp\/v2\/comments?post=73088"}],"version-history":[{"count":0,"href":"https:\/\/dicodusport.fr\/blog\/wp-json\/wp\/v2\/posts\/73088\/revisions"}],"wp:featuredmedia":[{"embeddable":true,"href":"https:\/\/dicodusport.fr\/blog\/wp-json\/wp\/v2\/media\/73097"}],"wp:attachment":[{"href":"https:\/\/dicodusport.fr\/blog\/wp-json\/wp\/v2\/media?parent=73088"}],"wp:term":[{"taxonomy":"category","embeddable":true,"href":"https:\/\/dicodusport.fr\/blog\/wp-json\/wp\/v2\/categories?post=73088"},{"taxonomy":"post_tag","embeddable":true,"href":"https:\/\/dicodusport.fr\/blog\/wp-json\/wp\/v2\/tags?post=73088"}],"curies":[{"name":"wp","href":"https:\/\/api.w.org\/{rel}","templated":true}]}}