{"id":73230,"date":"2020-08-05T15:34:06","date_gmt":"2020-08-05T13:34:06","guid":{"rendered":"http:\/\/dicodusport.fr\/blog\/?p=73230&#038;preview=true&#038;preview_id=73230"},"modified":"2020-08-08T21:18:14","modified_gmt":"2020-08-08T19:18:14","slug":"f1-grand-prix-70eme-anniversaire-grande-bretagne-le-programme-tv-complet","status":"publish","type":"post","link":"https:\/\/dicodusport.fr\/blog\/f1-grand-prix-70eme-anniversaire-grande-bretagne-le-programme-tv-complet\/","title":{"rendered":"F1 &#8211; Grand Prix du 70\u00e8me anniversaire : le programme TV complet"},"content":{"rendered":"<p style=\"text-align: justify;\"><em><b><a href=\"https:\/\/dicodusport.fr\/blog\/quiz-connaissez-vous-bien-histoire-championnat-du-monde-formule-1\/\" target=\"_blank\" rel=\"noopener noreferrer\">FORMULE 1<\/a> &#8211; Cinqui\u00e8me manche du <a href=\"https:\/\/dicodusport.fr\/blog\/f1-dates-grands-prix-2020\/#calendrier\" target=\"_blank\" rel=\"noopener noreferrer\">calendrier r\u00e9duit<\/a> de la saison 2020 de F1 ce week-end. Place au <a href=\"https:\/\/motorsport.nextgen-auto.com\/fr\/formule-1\/presentation-du-grand-prix-du-70e-anniversaire-2020,150859.html\" target=\"_blank\" rel=\"noopener noreferrer\">Grand Prix du 70\u00e8me anniversaire<\/a> de la Formule 1 \u00e0 Silverstone. Le programme TV complet.<\/b><\/em><\/p>\n<p style=\"text-align: justify;\"><a href=\"https:\/\/dicodusport.fr\/blog\/tag\/lewis-hamilton\/\" target=\"_blank\" rel=\"noopener noreferrer\"><strong>Lewis Hamilton<\/strong><\/a> remportera-t-il un quatri\u00e8me Grand Prix cons\u00e9cutif cette saison ? Apr\u00e8s sa petite frayeur sur le Grand Prix de Grande-Bretagne, le Britannique cherchera \u00e0 faire coup double \u00e0 Silverstone. <strong>Max Verstappen<\/strong> (Red Bull) parviendra-t-il \u00e0 titiller les Mercedes \u00e0 la r\u00e9guli\u00e8re ? On suivra attentivement le comportement des <a href=\"https:\/\/dicodusport.fr\/blog\/f1-pour-racing-point-la-reclamation-de-renault-sera-rejetee\/\" target=\"_blank\" rel=\"noopener noreferrer\"><strong>Racing Point<\/strong><\/a>, apr\u00e8s le coup de moins bien du premier week-end britannique.<\/p>\n<h2 style=\"text-align: justify;\">Le programme TV du Grand Prix du 70\u00e8me anniversaire \u00e0 Silverstone<\/h2>\n<h3 style=\"text-align: justify;\">Vendredi 7 ao\u00fbt 2020<\/h3>\n<p style=\"text-align: justify;\"><strong>11h50 :<\/strong> Essais libres 1 (Canal + D\u00e9cal\u00e9) &#8211; <a href=\"https:\/\/dicodusport.fr\/blog\/f1-grand-prix-70eme-anniversaire-essais-libres-1-bottas-et-mercedes-deja-au-top\/\" target=\"_blank\" rel=\"noopener noreferrer\">R\u00e9sultats<\/a><br \/>\n<strong>15h50 :<\/strong> Essais libres 2 (Canal + D\u00e9cal\u00e9) &#8211; <a href=\"https:\/\/dicodusport.fr\/blog\/f1-grand-prix-du-70eme-anniversaire-essais-libres-2-meilleur-temps-pour-lewis-hamilton\/\" target=\"_blank\" rel=\"noopener noreferrer\">R\u00e9sultats<\/a><\/p>\n<h3 style=\"text-align: justify;\">Samedi 8 ao\u00fbt 2020<\/h3>\n<p style=\"text-align: justify;\"><strong>11h50 :<\/strong> Essais libres 3 (Canal +) &#8211; <a href=\"https:\/\/fr.motorsport.com\/f1\/results\/2020\/gp-du-70e-anniversaire\/?st=FP3\" target=\"_blank\" rel=\"noopener noreferrer\">R\u00e9sultats<\/a><br \/>\n<strong>14h45 :<\/strong> Qualifications (Canal +) &#8211; <a href=\"https:\/\/dicodusport.fr\/blog\/f1-grand-prix-du-70eme-anniversaire-qualifications-valtteri-bottas-en-pole-position\/\" target=\"_blank\" rel=\"noopener noreferrer\">R\u00e9sultats<\/a><\/p>\n<h3 style=\"text-align: justify;\">Dimanche 9 ao\u00fbt 2020<\/h3>\n<p style=\"text-align: justify;\"><strong>14h05 :<\/strong> La Grille (Canal + Sport)<br \/>\n<strong>15h05 :<\/strong> D\u00e9part de la course (Canal +)<br \/>\n<strong>17h00 :<\/strong> Formula One, le d\u00e9brief (Canal +)<\/p>\n<hr \/>\n<ul>\n<li style=\"text-align: justify;\"><strong>\u00c0 lire aussi &#8211; <a href=\"https:\/\/dicodusport.fr\/blog\/f1-salaires-pilotes-2020\/\" target=\"_blank\" rel=\"noopener noreferrer\">F1 : les salaires des pilotes en 2020<\/a><\/strong><\/li>\n<\/ul>\n<hr \/>\n<p><strong><em>Dicodusport<br \/>\n<a href=\"https:\/\/www.facebook.com\/dicodusport\/\" target=\"_blank\" rel=\"noopener noreferrer\"><img loading=\"lazy\" decoding=\"async\" class=\"alignnone wp-image-2909\" src=\"http:\/\/dicodusport.fr\/blog\/wp-content\/uploads\/2017\/07\/logo-facebook-150x150.png\" alt=\"\" width=\"40\" height=\"40\" \/><\/a><a href=\"https:\/\/twitter.com\/dicodusport\" target=\"_blank\" rel=\"noopener noreferrer\"><img loading=\"lazy\" decoding=\"async\" class=\"alignnone wp-image-2908\" src=\"http:\/\/dicodusport.fr\/blog\/wp-content\/uploads\/2017\/07\/logo-twitter-150x150.png\" alt=\"\" width=\"39\" height=\"39\" \/><\/a><\/em><\/strong><\/p>\n","protected":false},"excerpt":{"rendered":"<p>FORMULE 1 &#8211; Cinqui\u00e8me manche du calendrier r\u00e9duit de la saison 2020 de F1 ce week-end. Place au Grand Prix du 70\u00e8me anniversaire de la Formule 1 \u00e0 Silverstone. Le programme TV complet.<\/p>\n","protected":false},"author":4,"featured_media":73231,"comment_status":"open","ping_status":"closed","sticky":false,"template":"","format":"standard","meta":{"_acf_changed":false,"_daextam_enable_autolinks":"","footnotes":""},"categories":[8653],"tags":[2065,5428,8301],"class_list":["post-73230","post","type-post","status-publish","format-standard","has-post-thumbnail","hentry","category-formule-1","tag-formule-1","tag-grande-bretagne","tag-silverstone"],"acf":[],"yoast_head":"<!-- This site is optimized with the Yoast SEO Premium plugin v26.7 (Yoast SEO v26.7) - https:\/\/yoast.com\/wordpress\/plugins\/seo\/ -->\n<title>F1 - Grand Prix du 70\u00e8me anniversaire : le programme TV complet<\/title>\n<meta name=\"description\" content=\"FORMULE 1 - Cinqui\u00e8me manche du calendrier de la saison 2020 de F1. Place au Grand Prix du 70\u00e8me anniversaire de la Formule 1. Le programme TV complet.\" \/>\n<meta name=\"robots\" content=\"index, follow, max-snippet:-1, max-image-preview:large, max-video-preview:-1\" \/>\n<link rel=\"canonical\" href=\"https:\/\/dicodusport.fr\/blog\/f1-grand-prix-70eme-anniversaire-grande-bretagne-le-programme-tv-complet\/\" \/>\n<meta property=\"og:locale\" content=\"fr_FR\" \/>\n<meta property=\"og:type\" content=\"article\" \/>\n<meta property=\"og:title\" content=\"F1 - Grand Prix du 70\u00e8me anniversaire : le programme TV complet\" \/>\n<meta property=\"og:description\" content=\"FORMULE 1 - Cinqui\u00e8me manche du calendrier de la saison 2020 de F1. Place au Grand Prix du 70\u00e8me anniversaire de la Formule 1. Le programme TV complet.\" \/>\n<meta property=\"og:url\" content=\"https:\/\/dicodusport.fr\/blog\/f1-grand-prix-70eme-anniversaire-grande-bretagne-le-programme-tv-complet\/\" \/>\n<meta property=\"og:site_name\" content=\"Dicodusport\" \/>\n<meta property=\"article:publisher\" content=\"https:\/\/www.facebook.com\/dicodusport\" \/>\n<meta property=\"article:author\" content=\"https:\/\/www.facebook.com\/florent.ostermann\" \/>\n<meta property=\"article:published_time\" content=\"2020-08-05T13:34:06+00:00\" \/>\n<meta property=\"article:modified_time\" content=\"2020-08-08T19:18:14+00:00\" \/>\n<meta property=\"og:image\" content=\"https:\/\/dicodusport.fr\/blog\/wp-content\/uploads\/2020\/08\/F1-Grand-Prix-du-70\u00e8me-anniversaire-Le-programme-TV-complet.png\" \/>\n\t<meta property=\"og:image:width\" content=\"800\" \/>\n\t<meta property=\"og:image:height\" content=\"445\" \/>\n\t<meta property=\"og:image:type\" content=\"image\/png\" \/>\n<meta name=\"author\" content=\"Flo Ostermann\" \/>\n<meta name=\"twitter:card\" content=\"summary_large_image\" \/>\n<meta name=\"twitter:title\" content=\"F1 - Grand Prix du 70\u00e8me anniversaire : le programme TV complet\" \/>\n<meta name=\"twitter:creator\" content=\"@https:\/\/twitter.com\/FlOstermann\" \/>\n<meta name=\"twitter:site\" content=\"@dicodusport\" \/>\n<script type=\"application\/ld+json\" class=\"yoast-schema-graph\">{\"@context\":\"https:\/\/schema.org\",\"@graph\":[{\"@type\":\"NewsArticle\",\"@id\":\"https:\/\/dicodusport.fr\/blog\/f1-grand-prix-70eme-anniversaire-grande-bretagne-le-programme-tv-complet\/#article\",\"isPartOf\":{\"@id\":\"https:\/\/dicodusport.fr\/blog\/f1-grand-prix-70eme-anniversaire-grande-bretagne-le-programme-tv-complet\/\"},\"author\":{\"name\":\"Flo Ostermann\",\"@id\":\"https:\/\/dicodusport.fr\/blog\/#\/schema\/person\/cb02af4c173ce4a653b55e9baf388d4a\"},\"headline\":\"F1 &#8211; Grand Prix du 70\u00e8me anniversaire : le programme TV complet\",\"datePublished\":\"2020-08-05T13:34:06+00:00\",\"dateModified\":\"2020-08-08T19:18:14+00:00\",\"mainEntityOfPage\":{\"@id\":\"https:\/\/dicodusport.fr\/blog\/f1-grand-prix-70eme-anniversaire-grande-bretagne-le-programme-tv-complet\/\"},\"wordCount\":182,\"commentCount\":0,\"publisher\":{\"@id\":\"https:\/\/dicodusport.fr\/blog\/#organization\"},\"image\":{\"@id\":\"https:\/\/dicodusport.fr\/blog\/f1-grand-prix-70eme-anniversaire-grande-bretagne-le-programme-tv-complet\/#primaryimage\"},\"thumbnailUrl\":\"https:\/\/dicodusport.fr\/blog\/wp-content\/uploads\/2020\/08\/F1-Grand-Prix-du-70\u00e8me-anniversaire-Le-programme-TV-complet.png\",\"keywords\":[\"Formule 1\",\"Grande-Bretagne\",\"Silverstone\"],\"articleSection\":[\"Formule 1\"],\"inLanguage\":\"fr-FR\",\"potentialAction\":[{\"@type\":\"CommentAction\",\"name\":\"Comment\",\"target\":[\"https:\/\/dicodusport.fr\/blog\/f1-grand-prix-70eme-anniversaire-grande-bretagne-le-programme-tv-complet\/#respond\"]}],\"copyrightYear\":\"2020\",\"copyrightHolder\":{\"@id\":\"https:\/\/dicodusport.fr\/blog\/#organization\"}},{\"@type\":\"WebPage\",\"@id\":\"https:\/\/dicodusport.fr\/blog\/f1-grand-prix-70eme-anniversaire-grande-bretagne-le-programme-tv-complet\/\",\"url\":\"https:\/\/dicodusport.fr\/blog\/f1-grand-prix-70eme-anniversaire-grande-bretagne-le-programme-tv-complet\/\",\"name\":\"F1 - Grand Prix du 70\u00e8me anniversaire : le programme TV complet\",\"isPartOf\":{\"@id\":\"https:\/\/dicodusport.fr\/blog\/#website\"},\"primaryImageOfPage\":{\"@id\":\"https:\/\/dicodusport.fr\/blog\/f1-grand-prix-70eme-anniversaire-grande-bretagne-le-programme-tv-complet\/#primaryimage\"},\"image\":{\"@id\":\"https:\/\/dicodusport.fr\/blog\/f1-grand-prix-70eme-anniversaire-grande-bretagne-le-programme-tv-complet\/#primaryimage\"},\"thumbnailUrl\":\"https:\/\/dicodusport.fr\/blog\/wp-content\/uploads\/2020\/08\/F1-Grand-Prix-du-70\u00e8me-anniversaire-Le-programme-TV-complet.png\",\"datePublished\":\"2020-08-05T13:34:06+00:00\",\"dateModified\":\"2020-08-08T19:18:14+00:00\",\"description\":\"FORMULE 1 - Cinqui\u00e8me manche du calendrier de la saison 2020 de F1. Place au Grand Prix du 70\u00e8me anniversaire de la Formule 1. Le programme TV complet.\",\"breadcrumb\":{\"@id\":\"https:\/\/dicodusport.fr\/blog\/f1-grand-prix-70eme-anniversaire-grande-bretagne-le-programme-tv-complet\/#breadcrumb\"},\"inLanguage\":\"fr-FR\",\"potentialAction\":[{\"@type\":\"ReadAction\",\"target\":[\"https:\/\/dicodusport.fr\/blog\/f1-grand-prix-70eme-anniversaire-grande-bretagne-le-programme-tv-complet\/\"]}]},{\"@type\":\"ImageObject\",\"inLanguage\":\"fr-FR\",\"@id\":\"https:\/\/dicodusport.fr\/blog\/f1-grand-prix-70eme-anniversaire-grande-bretagne-le-programme-tv-complet\/#primaryimage\",\"url\":\"https:\/\/dicodusport.fr\/blog\/wp-content\/uploads\/2020\/08\/F1-Grand-Prix-du-70\u00e8me-anniversaire-Le-programme-TV-complet.png\",\"contentUrl\":\"https:\/\/dicodusport.fr\/blog\/wp-content\/uploads\/2020\/08\/F1-Grand-Prix-du-70\u00e8me-anniversaire-Le-programme-TV-complet.png\",\"width\":800,\"height\":445,\"caption\":\"F1 - Grand Prix du 70\u00e8me anniversaire : le programme TV complet\"},{\"@type\":\"BreadcrumbList\",\"@id\":\"https:\/\/dicodusport.fr\/blog\/f1-grand-prix-70eme-anniversaire-grande-bretagne-le-programme-tv-complet\/#breadcrumb\",\"itemListElement\":[{\"@type\":\"ListItem\",\"position\":1,\"name\":\"Accueil\",\"item\":\"https:\/\/dicodusport.fr\/blog\/\"},{\"@type\":\"ListItem\",\"position\":2,\"name\":\"F1 &#8211; Grand Prix du 70\u00e8me anniversaire : le programme TV complet\"}]},{\"@type\":\"WebSite\",\"@id\":\"https:\/\/dicodusport.fr\/blog\/#website\",\"url\":\"https:\/\/dicodusport.fr\/blog\/\",\"name\":\"Dicodusport\",\"description\":\"L&#039;encyclop\u00e9die de l&#039;actualit\u00e9 sportive\",\"publisher\":{\"@id\":\"https:\/\/dicodusport.fr\/blog\/#organization\"},\"potentialAction\":[{\"@type\":\"SearchAction\",\"target\":{\"@type\":\"EntryPoint\",\"urlTemplate\":\"https:\/\/dicodusport.fr\/blog\/?s={search_term_string}\"},\"query-input\":{\"@type\":\"PropertyValueSpecification\",\"valueRequired\":true,\"valueName\":\"search_term_string\"}}],\"inLanguage\":\"fr-FR\"},{\"@type\":\"NewsMediaOrganization\",\"@id\":\"https:\/\/dicodusport.fr\/blog\/#organization\",\"name\":\"Dicodusport\",\"url\":\"https:\/\/dicodusport.fr\/blog\/\",\"logo\":{\"@type\":\"ImageObject\",\"inLanguage\":\"fr-FR\",\"@id\":\"https:\/\/dicodusport.fr\/blog\/#\/schema\/logo\/image\/\",\"url\":\"https:\/\/dicodusport.fr\/blog\/wp-content\/uploads\/2020\/06\/cropped-LOGO-DICODUSPORT-2020-SANS-FOND-SANS-TEXTE.png\",\"contentUrl\":\"https:\/\/dicodusport.fr\/blog\/wp-content\/uploads\/2020\/06\/cropped-LOGO-DICODUSPORT-2020-SANS-FOND-SANS-TEXTE.png\",\"width\":512,\"height\":512,\"caption\":\"Dicodusport\"},\"image\":{\"@id\":\"https:\/\/dicodusport.fr\/blog\/#\/schema\/logo\/image\/\"},\"sameAs\":[\"https:\/\/www.facebook.com\/dicodusport\",\"https:\/\/x.com\/dicodusport\",\"https:\/\/www.instagram.com\/dicodusport\/\",\"https:\/\/www.youtube.com\/channel\/UC7V2KZ5sd3htJivAbA4ZG3w\"],\"description\":\"Dicodusport est l'encyclop\u00e9die de l'actualit\u00e9 sportive.\",\"email\":\"bonjour@dicodusport.fr\",\"legalName\":\"DICODUSPORT\",\"foundingDate\":\"2018-01-14\",\"vatID\":\"FR71834470973\",\"taxID\":\"83447097300043\",\"numberOfEmployees\":{\"@type\":\"QuantitativeValue\",\"minValue\":\"1\",\"maxValue\":\"10\"}},{\"@type\":\"Person\",\"@id\":\"https:\/\/dicodusport.fr\/blog\/#\/schema\/person\/cb02af4c173ce4a653b55e9baf388d4a\",\"name\":\"Flo Ostermann\",\"image\":{\"@type\":\"ImageObject\",\"inLanguage\":\"fr-FR\",\"@id\":\"https:\/\/dicodusport.fr\/blog\/#\/schema\/person\/image\/\",\"url\":\"https:\/\/dicodusport.fr\/blog\/wp-content\/uploads\/2021\/05\/Flo-Ostermann-150x150.jpg\",\"contentUrl\":\"https:\/\/dicodusport.fr\/blog\/wp-content\/uploads\/2021\/05\/Flo-Ostermann-150x150.jpg\",\"caption\":\"Flo Ostermann\"},\"description\":\"Journaliste\/R\u00e9dacteur depuis septembre 2015 - Mes premiers souvenirs dans le sport ? Les envol\u00e9es du Stade Toulousain et les duels Villeneuve-Schumacher et H\u00e4kkinen-Schumacher \u00e0 la fin des ann\u00e9es 90, la Coupe du monde de football en 1998, l\u2019exploit du XV de France face aux All Blacks en 1999, mais aussi Richard C\u0153ur de Lion qui vole sur les montagnes du Tour de France. Bien parti pour devenir professeur d\u2019EPS, les \u00e9v\u00e9nements de la vie (et la flemme d\u2019animer des s\u00e9ances de 3x500 m\u00e8tres toute ma vie) m\u2019ont conduit \u00e0 revoir mes plans. Me voil\u00e0 depuis fin 2017 sur Dicodusport, m\u00e9dia gr\u00e2ce (et pour) lequel je partage ma passion : le sport dans tous ses \u00e9tats. Le tout accompagn\u00e9 par les fous furieux et folles furieuses cit\u00e9s sur cette page !\",\"sameAs\":[\"https:\/\/www.facebook.com\/florent.ostermann\",\"https:\/\/x.com\/https:\/\/twitter.com\/FlOstermann\",\"admin\"],\"url\":\"https:\/\/dicodusport.fr\/blog\/author\/flo\/\"}]}<\/script>\n<!-- \/ Yoast SEO Premium plugin. -->","yoast_head_json":{"title":"F1 - Grand Prix du 70\u00e8me anniversaire : le programme TV complet","description":"FORMULE 1 - Cinqui\u00e8me manche du calendrier de la saison 2020 de F1. Place au Grand Prix du 70\u00e8me anniversaire de la Formule 1. Le programme TV complet.","robots":{"index":"index","follow":"follow","max-snippet":"max-snippet:-1","max-image-preview":"max-image-preview:large","max-video-preview":"max-video-preview:-1"},"canonical":"https:\/\/dicodusport.fr\/blog\/f1-grand-prix-70eme-anniversaire-grande-bretagne-le-programme-tv-complet\/","og_locale":"fr_FR","og_type":"article","og_title":"F1 - Grand Prix du 70\u00e8me anniversaire : le programme TV complet","og_description":"FORMULE 1 - Cinqui\u00e8me manche du calendrier de la saison 2020 de F1. Place au Grand Prix du 70\u00e8me anniversaire de la Formule 1. Le programme TV complet.","og_url":"https:\/\/dicodusport.fr\/blog\/f1-grand-prix-70eme-anniversaire-grande-bretagne-le-programme-tv-complet\/","og_site_name":"Dicodusport","article_publisher":"https:\/\/www.facebook.com\/dicodusport","article_author":"https:\/\/www.facebook.com\/florent.ostermann","article_published_time":"2020-08-05T13:34:06+00:00","article_modified_time":"2020-08-08T19:18:14+00:00","og_image":[{"width":800,"height":445,"url":"https:\/\/dicodusport.fr\/blog\/wp-content\/uploads\/2020\/08\/F1-Grand-Prix-du-70\u00e8me-anniversaire-Le-programme-TV-complet.png","type":"image\/png"}],"author":"Flo Ostermann","twitter_card":"summary_large_image","twitter_title":"F1 - Grand Prix du 70\u00e8me anniversaire : le programme TV complet","twitter_creator":"@https:\/\/twitter.com\/FlOstermann","twitter_site":"@dicodusport","schema":{"@context":"https:\/\/schema.org","@graph":[{"@type":"NewsArticle","@id":"https:\/\/dicodusport.fr\/blog\/f1-grand-prix-70eme-anniversaire-grande-bretagne-le-programme-tv-complet\/#article","isPartOf":{"@id":"https:\/\/dicodusport.fr\/blog\/f1-grand-prix-70eme-anniversaire-grande-bretagne-le-programme-tv-complet\/"},"author":{"name":"Flo Ostermann","@id":"https:\/\/dicodusport.fr\/blog\/#\/schema\/person\/cb02af4c173ce4a653b55e9baf388d4a"},"headline":"F1 &#8211; Grand Prix du 70\u00e8me anniversaire : le programme TV complet","datePublished":"2020-08-05T13:34:06+00:00","dateModified":"2020-08-08T19:18:14+00:00","mainEntityOfPage":{"@id":"https:\/\/dicodusport.fr\/blog\/f1-grand-prix-70eme-anniversaire-grande-bretagne-le-programme-tv-complet\/"},"wordCount":182,"commentCount":0,"publisher":{"@id":"https:\/\/dicodusport.fr\/blog\/#organization"},"image":{"@id":"https:\/\/dicodusport.fr\/blog\/f1-grand-prix-70eme-anniversaire-grande-bretagne-le-programme-tv-complet\/#primaryimage"},"thumbnailUrl":"https:\/\/dicodusport.fr\/blog\/wp-content\/uploads\/2020\/08\/F1-Grand-Prix-du-70\u00e8me-anniversaire-Le-programme-TV-complet.png","keywords":["Formule 1","Grande-Bretagne","Silverstone"],"articleSection":["Formule 1"],"inLanguage":"fr-FR","potentialAction":[{"@type":"CommentAction","name":"Comment","target":["https:\/\/dicodusport.fr\/blog\/f1-grand-prix-70eme-anniversaire-grande-bretagne-le-programme-tv-complet\/#respond"]}],"copyrightYear":"2020","copyrightHolder":{"@id":"https:\/\/dicodusport.fr\/blog\/#organization"}},{"@type":"WebPage","@id":"https:\/\/dicodusport.fr\/blog\/f1-grand-prix-70eme-anniversaire-grande-bretagne-le-programme-tv-complet\/","url":"https:\/\/dicodusport.fr\/blog\/f1-grand-prix-70eme-anniversaire-grande-bretagne-le-programme-tv-complet\/","name":"F1 - Grand Prix du 70\u00e8me anniversaire : le programme TV complet","isPartOf":{"@id":"https:\/\/dicodusport.fr\/blog\/#website"},"primaryImageOfPage":{"@id":"https:\/\/dicodusport.fr\/blog\/f1-grand-prix-70eme-anniversaire-grande-bretagne-le-programme-tv-complet\/#primaryimage"},"image":{"@id":"https:\/\/dicodusport.fr\/blog\/f1-grand-prix-70eme-anniversaire-grande-bretagne-le-programme-tv-complet\/#primaryimage"},"thumbnailUrl":"https:\/\/dicodusport.fr\/blog\/wp-content\/uploads\/2020\/08\/F1-Grand-Prix-du-70\u00e8me-anniversaire-Le-programme-TV-complet.png","datePublished":"2020-08-05T13:34:06+00:00","dateModified":"2020-08-08T19:18:14+00:00","description":"FORMULE 1 - Cinqui\u00e8me manche du calendrier de la saison 2020 de F1. Place au Grand Prix du 70\u00e8me anniversaire de la Formule 1. Le programme TV complet.","breadcrumb":{"@id":"https:\/\/dicodusport.fr\/blog\/f1-grand-prix-70eme-anniversaire-grande-bretagne-le-programme-tv-complet\/#breadcrumb"},"inLanguage":"fr-FR","potentialAction":[{"@type":"ReadAction","target":["https:\/\/dicodusport.fr\/blog\/f1-grand-prix-70eme-anniversaire-grande-bretagne-le-programme-tv-complet\/"]}]},{"@type":"ImageObject","inLanguage":"fr-FR","@id":"https:\/\/dicodusport.fr\/blog\/f1-grand-prix-70eme-anniversaire-grande-bretagne-le-programme-tv-complet\/#primaryimage","url":"https:\/\/dicodusport.fr\/blog\/wp-content\/uploads\/2020\/08\/F1-Grand-Prix-du-70\u00e8me-anniversaire-Le-programme-TV-complet.png","contentUrl":"https:\/\/dicodusport.fr\/blog\/wp-content\/uploads\/2020\/08\/F1-Grand-Prix-du-70\u00e8me-anniversaire-Le-programme-TV-complet.png","width":800,"height":445,"caption":"F1 - Grand Prix du 70\u00e8me anniversaire : le programme TV complet"},{"@type":"BreadcrumbList","@id":"https:\/\/dicodusport.fr\/blog\/f1-grand-prix-70eme-anniversaire-grande-bretagne-le-programme-tv-complet\/#breadcrumb","itemListElement":[{"@type":"ListItem","position":1,"name":"Accueil","item":"https:\/\/dicodusport.fr\/blog\/"},{"@type":"ListItem","position":2,"name":"F1 &#8211; Grand Prix du 70\u00e8me anniversaire : le programme TV complet"}]},{"@type":"WebSite","@id":"https:\/\/dicodusport.fr\/blog\/#website","url":"https:\/\/dicodusport.fr\/blog\/","name":"Dicodusport","description":"L&#039;encyclop\u00e9die de l&#039;actualit\u00e9 sportive","publisher":{"@id":"https:\/\/dicodusport.fr\/blog\/#organization"},"potentialAction":[{"@type":"SearchAction","target":{"@type":"EntryPoint","urlTemplate":"https:\/\/dicodusport.fr\/blog\/?s={search_term_string}"},"query-input":{"@type":"PropertyValueSpecification","valueRequired":true,"valueName":"search_term_string"}}],"inLanguage":"fr-FR"},{"@type":"NewsMediaOrganization","@id":"https:\/\/dicodusport.fr\/blog\/#organization","name":"Dicodusport","url":"https:\/\/dicodusport.fr\/blog\/","logo":{"@type":"ImageObject","inLanguage":"fr-FR","@id":"https:\/\/dicodusport.fr\/blog\/#\/schema\/logo\/image\/","url":"https:\/\/dicodusport.fr\/blog\/wp-content\/uploads\/2020\/06\/cropped-LOGO-DICODUSPORT-2020-SANS-FOND-SANS-TEXTE.png","contentUrl":"https:\/\/dicodusport.fr\/blog\/wp-content\/uploads\/2020\/06\/cropped-LOGO-DICODUSPORT-2020-SANS-FOND-SANS-TEXTE.png","width":512,"height":512,"caption":"Dicodusport"},"image":{"@id":"https:\/\/dicodusport.fr\/blog\/#\/schema\/logo\/image\/"},"sameAs":["https:\/\/www.facebook.com\/dicodusport","https:\/\/x.com\/dicodusport","https:\/\/www.instagram.com\/dicodusport\/","https:\/\/www.youtube.com\/channel\/UC7V2KZ5sd3htJivAbA4ZG3w"],"description":"Dicodusport est l'encyclop\u00e9die de l'actualit\u00e9 sportive.","email":"bonjour@dicodusport.fr","legalName":"DICODUSPORT","foundingDate":"2018-01-14","vatID":"FR71834470973","taxID":"83447097300043","numberOfEmployees":{"@type":"QuantitativeValue","minValue":"1","maxValue":"10"}},{"@type":"Person","@id":"https:\/\/dicodusport.fr\/blog\/#\/schema\/person\/cb02af4c173ce4a653b55e9baf388d4a","name":"Flo Ostermann","image":{"@type":"ImageObject","inLanguage":"fr-FR","@id":"https:\/\/dicodusport.fr\/blog\/#\/schema\/person\/image\/","url":"https:\/\/dicodusport.fr\/blog\/wp-content\/uploads\/2021\/05\/Flo-Ostermann-150x150.jpg","contentUrl":"https:\/\/dicodusport.fr\/blog\/wp-content\/uploads\/2021\/05\/Flo-Ostermann-150x150.jpg","caption":"Flo Ostermann"},"description":"Journaliste\/R\u00e9dacteur depuis septembre 2015 - Mes premiers souvenirs dans le sport ? Les envol\u00e9es du Stade Toulousain et les duels Villeneuve-Schumacher et H\u00e4kkinen-Schumacher \u00e0 la fin des ann\u00e9es 90, la Coupe du monde de football en 1998, l\u2019exploit du XV de France face aux All Blacks en 1999, mais aussi Richard C\u0153ur de Lion qui vole sur les montagnes du Tour de France. Bien parti pour devenir professeur d\u2019EPS, les \u00e9v\u00e9nements de la vie (et la flemme d\u2019animer des s\u00e9ances de 3x500 m\u00e8tres toute ma vie) m\u2019ont conduit \u00e0 revoir mes plans. Me voil\u00e0 depuis fin 2017 sur Dicodusport, m\u00e9dia gr\u00e2ce (et pour) lequel je partage ma passion : le sport dans tous ses \u00e9tats. Le tout accompagn\u00e9 par les fous furieux et folles furieuses cit\u00e9s sur cette page !","sameAs":["https:\/\/www.facebook.com\/florent.ostermann","https:\/\/x.com\/https:\/\/twitter.com\/FlOstermann","admin"],"url":"https:\/\/dicodusport.fr\/blog\/author\/flo\/"}]}},"_links":{"self":[{"href":"https:\/\/dicodusport.fr\/blog\/wp-json\/wp\/v2\/posts\/73230","targetHints":{"allow":["GET"]}}],"collection":[{"href":"https:\/\/dicodusport.fr\/blog\/wp-json\/wp\/v2\/posts"}],"about":[{"href":"https:\/\/dicodusport.fr\/blog\/wp-json\/wp\/v2\/types\/post"}],"author":[{"embeddable":true,"href":"https:\/\/dicodusport.fr\/blog\/wp-json\/wp\/v2\/users\/4"}],"replies":[{"embeddable":true,"href":"https:\/\/dicodusport.fr\/blog\/wp-json\/wp\/v2\/comments?post=73230"}],"version-history":[{"count":0,"href":"https:\/\/dicodusport.fr\/blog\/wp-json\/wp\/v2\/posts\/73230\/revisions"}],"wp:featuredmedia":[{"embeddable":true,"href":"https:\/\/dicodusport.fr\/blog\/wp-json\/wp\/v2\/media\/73231"}],"wp:attachment":[{"href":"https:\/\/dicodusport.fr\/blog\/wp-json\/wp\/v2\/media?parent=73230"}],"wp:term":[{"taxonomy":"category","embeddable":true,"href":"https:\/\/dicodusport.fr\/blog\/wp-json\/wp\/v2\/categories?post=73230"},{"taxonomy":"post_tag","embeddable":true,"href":"https:\/\/dicodusport.fr\/blog\/wp-json\/wp\/v2\/tags?post=73230"}],"curies":[{"name":"wp","href":"https:\/\/api.w.org\/{rel}","templated":true}]}}