{"id":73362,"date":"2020-08-05T19:10:36","date_gmt":"2020-08-05T17:10:36","guid":{"rendered":"http:\/\/dicodusport.fr\/blog\/?p=73362&#038;preview=true&#038;preview_id=73362"},"modified":"2020-08-05T22:34:15","modified_gmt":"2020-08-05T20:34:15","slug":"video-terrible-chute-lors-du-sprint-de-la-1ere-etape-du-tour-de-pologne","status":"publish","type":"post","link":"https:\/\/dicodusport.fr\/blog\/video-terrible-chute-lors-du-sprint-de-la-1ere-etape-du-tour-de-pologne\/","title":{"rendered":"[Vid\u00e9o] Terrible chute lors du sprint de la 1\u00e8re \u00e9tape du Tour de Pologne"},"content":{"rendered":"<p style=\"text-align: justify;\"><em><b>CYCLISME &#8211; Terrible chute \u00e0 l&rsquo;arriv\u00e9e de la 1\u00e8re \u00e9tape du <a href=\"https:\/\/dicodusport.fr\/blog\/tour-de-pologne-2020-profil-des-etapes\/\" target=\"_blank\" rel=\"noopener noreferrer\">Tour de Pologne<\/a>. Dylan Groenewegen (Jumbo-Visma) a pouss\u00e9 Fabio Jakobsen (Deceuninck &#8211; Quick-Step) dans les balustrades. Derri\u00e8re, d&rsquo;autres coureurs sont \u00e9galement tomb\u00e9s, fauch\u00e9s par les barri\u00e8res.<\/b><\/em><\/p>\n<p style=\"text-align: justify;\">Les images sont effroyables. Lors de l&rsquo;arriv\u00e9e de la 1\u00e8re \u00e9tape du <strong>Tour de Pologne 2020<\/strong> \u00e0 Katowice, une terrible chute a marqu\u00e9 le sprint final. Ce dernier a en effet mal tourn\u00e9 entre les deux sprinteurs n\u00e9erlandais <strong>Dylan Groenewegen<\/strong> (Jumbo-Visma) et <strong>Fabio Jakobsen<\/strong> (Deceuninck &#8211; Quick-Step). Le premier cit\u00e9 a semble-t-il ferm\u00e9 la porte au second, l&rsquo;envoyant litt\u00e9ralement dans les barri\u00e8res. Dans sa chute, <strong>Jakobsen<\/strong> a violemment percut\u00e9 un photographe pr\u00e9sent \u00e0 proximit\u00e9 de la ligne d&rsquo;arriv\u00e9e.<\/p>\n<p style=\"text-align: justify;\">Derri\u00e8re, <strong>Groenewegen<\/strong> est \u00e9galement all\u00e9 au sol. Mais c&rsquo;est aussi le cas des autres sprinteurs derri\u00e8re le duo batave. <strong>Marc Sarreau<\/strong> (Groupama-FDJ), <strong>Damien Touz\u00e9<\/strong> (Cofidis) et <strong>Jasper Philipsen<\/strong> (UAE) sont notamment all\u00e9s au sol.<\/p>\n<blockquote class=\"twitter-tweet\">\n<p dir=\"ltr\" lang=\"en\">Massive crash on the finish line in stage 1 of &#x1f1f5;&#x1f1f1;<a href=\"https:\/\/twitter.com\/Tour_de_Pologne?ref_src=twsrc%5Etfw\">@Tour_de_Pologne<\/a>! <a href=\"https:\/\/twitter.com\/hashtag\/TDP20?src=hash&amp;ref_src=twsrc%5Etfw\">#TDP20<\/a> (&#x1f4fa;<a href=\"https:\/\/twitter.com\/sport_tvppl?ref_src=twsrc%5Etfw\">@sport_tvppl<\/a>) <a href=\"https:\/\/t.co\/mwvDwS9Y3i\">pic.twitter.com\/mwvDwS9Y3i<\/a><\/p>\n<p>\u2014 World Cycling Stats (@wcsbike) <a href=\"https:\/\/twitter.com\/wcsbike\/status\/1291048127823314945?ref_src=twsrc%5Etfw\">August 5, 2020<\/a><\/p><\/blockquote>\n<p><script async src=\"https:\/\/platform.twitter.com\/widgets.js\" charset=\"utf-8\"><\/script><\/p>\n<h2 style=\"text-align: justify;\">Jakobsen dans le coma<\/h2>\n<p style=\"text-align: justify;\">Selon les derni\u00e8res informations venant de Katowice, <strong>Fabio Jakobsen<\/strong>, vraisemblablement le coureur le plus gravement touch\u00e9, a \u00e9t\u00e9 plong\u00e9 dans le coma et emmen\u00e9 vers l\u2019h\u00f4pital. Son \u00e9tat serait stable, avec des blessures importants au cr\u00e2ne et au visage. Concernant <strong>Marc Sarreau<\/strong>, la Groupama-FDJ a indiqu\u00e9 que son sprinteur \u00e9tait conscient, ce dernier souffrant d&rsquo;une fracture de la clavicule. <strong>Damien Touz\u00e9<\/strong> est \u00e9galement pass\u00e9 par la case h\u00f4pital.\u00a0Le photographe serait quant \u00e0 lui indemne.<\/p>\n<blockquote class=\"twitter-tweet\">\n<p dir=\"ltr\" lang=\"en\">TVP Sport spoke to deputy director of the hospital in Sosnowiec. He said that apart from craniocerebral trauma already reported &amp;chest injuries they found no spinal cord or brain injuries. Jakobsen is now generally stable but they will be able to better diagnose him tomorrow.<\/p>\n<p>\u2014 Pawe\u0142 Gadza\u0142a (@8aldwin) <a href=\"https:\/\/twitter.com\/8aldwin\/status\/1291106729862864897?ref_src=twsrc%5Etfw\">August 5, 2020<\/a><\/p><\/blockquote>\n<p><script async src=\"https:\/\/platform.twitter.com\/widgets.js\" charset=\"utf-8\"><\/script><\/p>\n<p style=\"text-align: justify;\">De son c\u00f4t\u00e9, <strong>Dylan Groenewegen<\/strong> a \u00e9t\u00e9 mis, \u00e0 juste titre, hors course par les organisateurs du Tour de Pologne. Pour rappel, il y a un an jour pour jour, le Tour de Pologne \u00e9tait touch\u00e9 par une chute mortelle. L&rsquo;espoir belge <a href=\"https:\/\/dicodusport.fr\/blog\/bjorg-lambrecht-lotto-soudal-est-decede\/\" target=\"_blank\" rel=\"noopener noreferrer\"><strong>Bjorg Lambrecht<\/strong>, 22 ans, avait en effet trouv\u00e9 la mort<\/a> au cours de la 3\u00e8me \u00e9tape de l&rsquo;\u00e9dition 2019.<\/p>\n<blockquote class=\"twitter-tweet\">\n<p dir=\"ltr\" lang=\"en\">Jakobsen situation as reported by <a href=\"https:\/\/twitter.com\/sport_tvppl?ref_src=twsrc%5Etfw\">@sport_tvppl<\/a>. <a href=\"https:\/\/t.co\/4xSRcmC3MG\">https:\/\/t.co\/4xSRcmC3MG<\/a><\/p>\n<p>\u2014 La Flamme Rouge (@laflammerouge16) <a href=\"https:\/\/twitter.com\/laflammerouge16\/status\/1291061654122385408?ref_src=twsrc%5Etfw\">August 5, 2020<\/a><\/p><\/blockquote>\n<p><script async src=\"https:\/\/platform.twitter.com\/widgets.js\" charset=\"utf-8\"><\/script><\/p>\n<p><strong><em>Dicodusport<br \/>\n<a href=\"https:\/\/www.facebook.com\/dicodusport\/\" target=\"_blank\" rel=\"noopener noreferrer\"><img loading=\"lazy\" decoding=\"async\" class=\"alignnone wp-image-2909\" src=\"http:\/\/dicodusport.fr\/blog\/wp-content\/uploads\/2017\/07\/logo-facebook-150x150.png\" alt=\"\" width=\"40\" height=\"40\" \/><\/a><a href=\"https:\/\/twitter.com\/dicodusport\" target=\"_blank\" rel=\"noopener noreferrer\"><img loading=\"lazy\" decoding=\"async\" class=\"alignnone wp-image-2908\" src=\"http:\/\/dicodusport.fr\/blog\/wp-content\/uploads\/2017\/07\/logo-twitter-150x150.png\" alt=\"\" width=\"39\" height=\"39\" \/><\/a><\/em><\/strong><\/p>\n","protected":false},"excerpt":{"rendered":"<p>CYCLISME &#8211; Terrible chute \u00e0 l&rsquo;arriv\u00e9e de la 1\u00e8re \u00e9tape du Tour de Pologne. Dylan Groenewegen (Jumbo-Visma) a pouss\u00e9 Fabio Jakobsen (Deceuninck &#8211; Quick-Step) dans les balustrades. Derri\u00e8re, d&rsquo;autres coureurs sont \u00e9galement tomb\u00e9s, fauch\u00e9s par les barri\u00e8res.<\/p>\n","protected":false},"author":1,"featured_media":73370,"comment_status":"open","ping_status":"closed","sticky":false,"template":"","format":"standard","meta":{"_acf_changed":false,"_daextam_enable_autolinks":"","footnotes":""},"categories":[2307],"tags":[574,5387,11270,356,8391],"class_list":["post-73362","post","type-post","status-publish","format-standard","has-post-thumbnail","hentry","category-cyclisme","tag-cyclisme","tag-dylan-groenewegen","tag-fabio-jakobsen","tag-pologne","tag-tour-de-pologne"],"acf":[],"yoast_head":"<!-- This site is optimized with the Yoast SEO Premium plugin v26.7 (Yoast SEO v26.7) - https:\/\/yoast.com\/wordpress\/plugins\/seo\/ -->\n<title>[Vid\u00e9o] Terrible chute lors du sprint de la 1\u00e8re \u00e9tape du Tour de Pologne<\/title>\n<meta name=\"description\" content=\"CYCLISME - Terrible chute \u00e0 l&#039;arriv\u00e9e de la 1\u00e8re \u00e9tape du Tour de Pologne. Dylan Groenewegen (Jumbo-Visma) a pouss\u00e9 Fabio Jakobsen (Deceuninck - Quick-Step) dans les balustrades.\" \/>\n<meta name=\"robots\" content=\"index, follow, max-snippet:-1, max-image-preview:large, max-video-preview:-1\" \/>\n<link rel=\"canonical\" href=\"https:\/\/dicodusport.fr\/blog\/video-terrible-chute-lors-du-sprint-de-la-1ere-etape-du-tour-de-pologne\/\" \/>\n<meta property=\"og:locale\" content=\"fr_FR\" \/>\n<meta property=\"og:type\" content=\"article\" \/>\n<meta property=\"og:title\" content=\"[Vid\u00e9o] La terrible chute lors du sprint de la 1\u00e8re \u00e9tape du Tour de Pologne\" \/>\n<meta property=\"og:description\" content=\"CYCLISME - Terrible chute \u00e0 l&#039;arriv\u00e9e de la 1\u00e8re \u00e9tape du Tour de Pologne. Dylan Groenewegen (Jumbo-Visma) a pouss\u00e9 Fabio Jakobsen (Deceuninck - Quick-Step) dans les balustrades.\" \/>\n<meta property=\"og:url\" content=\"https:\/\/dicodusport.fr\/blog\/video-terrible-chute-lors-du-sprint-de-la-1ere-etape-du-tour-de-pologne\/\" \/>\n<meta property=\"og:site_name\" content=\"Dicodusport\" \/>\n<meta property=\"article:publisher\" content=\"https:\/\/www.facebook.com\/dicodusport\" \/>\n<meta property=\"article:author\" content=\"https:\/\/www.facebook.com\/dicodusport\" \/>\n<meta property=\"article:published_time\" content=\"2020-08-05T17:10:36+00:00\" \/>\n<meta property=\"article:modified_time\" content=\"2020-08-05T20:34:15+00:00\" \/>\n<meta property=\"og:image\" content=\"https:\/\/dicodusport.fr\/blog\/wp-content\/uploads\/2020\/08\/Vid\u00e9o-Terrible-chute-lors-du-sprint-de-la-1\u00e8re-\u00e9tape-du-Tour-de-Pologne.png\" \/>\n\t<meta property=\"og:image:width\" content=\"800\" \/>\n\t<meta property=\"og:image:height\" content=\"445\" \/>\n\t<meta property=\"og:image:type\" content=\"image\/png\" \/>\n<meta name=\"author\" content=\"Nicolas Jacquemard\" \/>\n<meta name=\"twitter:card\" content=\"summary_large_image\" \/>\n<meta name=\"twitter:title\" content=\"[Vid\u00e9o] La terrible chute lors du sprint de la 1\u00e8re \u00e9tape du Tour de Pologne\" \/>\n<meta name=\"twitter:creator\" content=\"@https:\/\/twitter.com\/Nico_Jacquemard\" \/>\n<meta name=\"twitter:site\" content=\"@dicodusport\" \/>\n<script type=\"application\/ld+json\" class=\"yoast-schema-graph\">{\"@context\":\"https:\/\/schema.org\",\"@graph\":[{\"@type\":\"NewsArticle\",\"@id\":\"https:\/\/dicodusport.fr\/blog\/video-terrible-chute-lors-du-sprint-de-la-1ere-etape-du-tour-de-pologne\/#article\",\"isPartOf\":{\"@id\":\"https:\/\/dicodusport.fr\/blog\/video-terrible-chute-lors-du-sprint-de-la-1ere-etape-du-tour-de-pologne\/\"},\"author\":{\"name\":\"Nicolas Jacquemard\",\"@id\":\"https:\/\/dicodusport.fr\/blog\/#\/schema\/person\/55dcb50ad410894e431ed812bbb70191\"},\"headline\":\"[Vid\u00e9o] Terrible chute lors du sprint de la 1\u00e8re \u00e9tape du Tour de Pologne\",\"datePublished\":\"2020-08-05T17:10:36+00:00\",\"dateModified\":\"2020-08-05T20:34:15+00:00\",\"mainEntityOfPage\":{\"@id\":\"https:\/\/dicodusport.fr\/blog\/video-terrible-chute-lors-du-sprint-de-la-1ere-etape-du-tour-de-pologne\/\"},\"wordCount\":429,\"commentCount\":0,\"publisher\":{\"@id\":\"https:\/\/dicodusport.fr\/blog\/#organization\"},\"image\":{\"@id\":\"https:\/\/dicodusport.fr\/blog\/video-terrible-chute-lors-du-sprint-de-la-1ere-etape-du-tour-de-pologne\/#primaryimage\"},\"thumbnailUrl\":\"https:\/\/dicodusport.fr\/blog\/wp-content\/uploads\/2020\/08\/Vid\u00e9o-Terrible-chute-lors-du-sprint-de-la-1\u00e8re-\u00e9tape-du-Tour-de-Pologne.png\",\"keywords\":[\"Cyclisme\",\"Dylan Groenewegen\",\"Fabio Jakobsen\",\"Pologne\",\"Tour de Pologne\"],\"articleSection\":[\"Cyclisme\"],\"inLanguage\":\"fr-FR\",\"potentialAction\":[{\"@type\":\"CommentAction\",\"name\":\"Comment\",\"target\":[\"https:\/\/dicodusport.fr\/blog\/video-terrible-chute-lors-du-sprint-de-la-1ere-etape-du-tour-de-pologne\/#respond\"]}],\"copyrightYear\":\"2020\",\"copyrightHolder\":{\"@id\":\"https:\/\/dicodusport.fr\/blog\/#organization\"}},{\"@type\":\"WebPage\",\"@id\":\"https:\/\/dicodusport.fr\/blog\/video-terrible-chute-lors-du-sprint-de-la-1ere-etape-du-tour-de-pologne\/\",\"url\":\"https:\/\/dicodusport.fr\/blog\/video-terrible-chute-lors-du-sprint-de-la-1ere-etape-du-tour-de-pologne\/\",\"name\":\"[Vid\u00e9o] Terrible chute lors du sprint de la 1\u00e8re \u00e9tape du Tour de Pologne\",\"isPartOf\":{\"@id\":\"https:\/\/dicodusport.fr\/blog\/#website\"},\"primaryImageOfPage\":{\"@id\":\"https:\/\/dicodusport.fr\/blog\/video-terrible-chute-lors-du-sprint-de-la-1ere-etape-du-tour-de-pologne\/#primaryimage\"},\"image\":{\"@id\":\"https:\/\/dicodusport.fr\/blog\/video-terrible-chute-lors-du-sprint-de-la-1ere-etape-du-tour-de-pologne\/#primaryimage\"},\"thumbnailUrl\":\"https:\/\/dicodusport.fr\/blog\/wp-content\/uploads\/2020\/08\/Vid\u00e9o-Terrible-chute-lors-du-sprint-de-la-1\u00e8re-\u00e9tape-du-Tour-de-Pologne.png\",\"datePublished\":\"2020-08-05T17:10:36+00:00\",\"dateModified\":\"2020-08-05T20:34:15+00:00\",\"description\":\"CYCLISME - Terrible chute \u00e0 l'arriv\u00e9e de la 1\u00e8re \u00e9tape du Tour de Pologne. Dylan Groenewegen (Jumbo-Visma) a pouss\u00e9 Fabio Jakobsen (Deceuninck - Quick-Step) dans les balustrades.\",\"breadcrumb\":{\"@id\":\"https:\/\/dicodusport.fr\/blog\/video-terrible-chute-lors-du-sprint-de-la-1ere-etape-du-tour-de-pologne\/#breadcrumb\"},\"inLanguage\":\"fr-FR\",\"potentialAction\":[{\"@type\":\"ReadAction\",\"target\":[\"https:\/\/dicodusport.fr\/blog\/video-terrible-chute-lors-du-sprint-de-la-1ere-etape-du-tour-de-pologne\/\"]}]},{\"@type\":\"ImageObject\",\"inLanguage\":\"fr-FR\",\"@id\":\"https:\/\/dicodusport.fr\/blog\/video-terrible-chute-lors-du-sprint-de-la-1ere-etape-du-tour-de-pologne\/#primaryimage\",\"url\":\"https:\/\/dicodusport.fr\/blog\/wp-content\/uploads\/2020\/08\/Vid\u00e9o-Terrible-chute-lors-du-sprint-de-la-1\u00e8re-\u00e9tape-du-Tour-de-Pologne.png\",\"contentUrl\":\"https:\/\/dicodusport.fr\/blog\/wp-content\/uploads\/2020\/08\/Vid\u00e9o-Terrible-chute-lors-du-sprint-de-la-1\u00e8re-\u00e9tape-du-Tour-de-Pologne.png\",\"width\":800,\"height\":445,\"caption\":\"[Vid\u00e9o] Terrible chute lors du sprint de la 1\u00e8re \u00e9tape du Tour de Pologne\"},{\"@type\":\"BreadcrumbList\",\"@id\":\"https:\/\/dicodusport.fr\/blog\/video-terrible-chute-lors-du-sprint-de-la-1ere-etape-du-tour-de-pologne\/#breadcrumb\",\"itemListElement\":[{\"@type\":\"ListItem\",\"position\":1,\"name\":\"Accueil\",\"item\":\"https:\/\/dicodusport.fr\/blog\/\"},{\"@type\":\"ListItem\",\"position\":2,\"name\":\"[Vid\u00e9o] Terrible chute lors du sprint de la 1\u00e8re \u00e9tape du Tour de Pologne\"}]},{\"@type\":\"WebSite\",\"@id\":\"https:\/\/dicodusport.fr\/blog\/#website\",\"url\":\"https:\/\/dicodusport.fr\/blog\/\",\"name\":\"Dicodusport\",\"description\":\"L&#039;encyclop\u00e9die de l&#039;actualit\u00e9 sportive\",\"publisher\":{\"@id\":\"https:\/\/dicodusport.fr\/blog\/#organization\"},\"potentialAction\":[{\"@type\":\"SearchAction\",\"target\":{\"@type\":\"EntryPoint\",\"urlTemplate\":\"https:\/\/dicodusport.fr\/blog\/?s={search_term_string}\"},\"query-input\":{\"@type\":\"PropertyValueSpecification\",\"valueRequired\":true,\"valueName\":\"search_term_string\"}}],\"inLanguage\":\"fr-FR\"},{\"@type\":\"NewsMediaOrganization\",\"@id\":\"https:\/\/dicodusport.fr\/blog\/#organization\",\"name\":\"Dicodusport\",\"url\":\"https:\/\/dicodusport.fr\/blog\/\",\"logo\":{\"@type\":\"ImageObject\",\"inLanguage\":\"fr-FR\",\"@id\":\"https:\/\/dicodusport.fr\/blog\/#\/schema\/logo\/image\/\",\"url\":\"https:\/\/dicodusport.fr\/blog\/wp-content\/uploads\/2020\/06\/cropped-LOGO-DICODUSPORT-2020-SANS-FOND-SANS-TEXTE.png\",\"contentUrl\":\"https:\/\/dicodusport.fr\/blog\/wp-content\/uploads\/2020\/06\/cropped-LOGO-DICODUSPORT-2020-SANS-FOND-SANS-TEXTE.png\",\"width\":512,\"height\":512,\"caption\":\"Dicodusport\"},\"image\":{\"@id\":\"https:\/\/dicodusport.fr\/blog\/#\/schema\/logo\/image\/\"},\"sameAs\":[\"https:\/\/www.facebook.com\/dicodusport\",\"https:\/\/x.com\/dicodusport\",\"https:\/\/www.instagram.com\/dicodusport\/\",\"https:\/\/www.youtube.com\/channel\/UC7V2KZ5sd3htJivAbA4ZG3w\"],\"description\":\"Dicodusport est l'encyclop\u00e9die de l'actualit\u00e9 sportive.\",\"email\":\"bonjour@dicodusport.fr\",\"legalName\":\"DICODUSPORT\",\"foundingDate\":\"2018-01-14\",\"vatID\":\"FR71834470973\",\"taxID\":\"83447097300043\",\"numberOfEmployees\":{\"@type\":\"QuantitativeValue\",\"minValue\":\"1\",\"maxValue\":\"10\"}},{\"@type\":\"Person\",\"@id\":\"https:\/\/dicodusport.fr\/blog\/#\/schema\/person\/55dcb50ad410894e431ed812bbb70191\",\"name\":\"Nicolas Jacquemard\",\"image\":{\"@type\":\"ImageObject\",\"inLanguage\":\"fr-FR\",\"@id\":\"https:\/\/dicodusport.fr\/blog\/#\/schema\/person\/image\/\",\"url\":\"https:\/\/dicodusport.fr\/blog\/wp-content\/uploads\/2021\/05\/Nicolas-Jacquemard-150x150.jpeg\",\"contentUrl\":\"https:\/\/dicodusport.fr\/blog\/wp-content\/uploads\/2021\/05\/Nicolas-Jacquemard-150x150.jpeg\",\"caption\":\"Nicolas Jacquemard\"},\"description\":\"Passionn\u00e9 de sport et entrepreneur depuis mes 18 ans, la cr\u00e9ation de Dicodusport m'a sembl\u00e9 \u00e9vidente pour participer \u00e0 la m\u00e9diatisation d'un plus grand nombre de sports. Le chemin est long mais avec une \u00e9quipe des plus motiv\u00e9es et les Jeux Olympiques de Paris 2024 en point de mire, nous y arriverons ! Journaliste dans le monde du sport depuis plus de 5 ans, je traite aussi bien de football, de rugby, de biathlon que de cyclisme.\",\"sameAs\":[\"https:\/\/www.facebook.com\/dicodusport\",\"https:\/\/x.com\/https:\/\/twitter.com\/Nico_Jacquemard\"],\"url\":\"https:\/\/dicodusport.fr\/blog\/author\/dicodusport\/\"}]}<\/script>\n<!-- \/ Yoast SEO Premium plugin. -->","yoast_head_json":{"title":"[Vid\u00e9o] Terrible chute lors du sprint de la 1\u00e8re \u00e9tape du Tour de Pologne","description":"CYCLISME - Terrible chute \u00e0 l'arriv\u00e9e de la 1\u00e8re \u00e9tape du Tour de Pologne. Dylan Groenewegen (Jumbo-Visma) a pouss\u00e9 Fabio Jakobsen (Deceuninck - Quick-Step) dans les balustrades.","robots":{"index":"index","follow":"follow","max-snippet":"max-snippet:-1","max-image-preview":"max-image-preview:large","max-video-preview":"max-video-preview:-1"},"canonical":"https:\/\/dicodusport.fr\/blog\/video-terrible-chute-lors-du-sprint-de-la-1ere-etape-du-tour-de-pologne\/","og_locale":"fr_FR","og_type":"article","og_title":"[Vid\u00e9o] La terrible chute lors du sprint de la 1\u00e8re \u00e9tape du Tour de Pologne","og_description":"CYCLISME - Terrible chute \u00e0 l'arriv\u00e9e de la 1\u00e8re \u00e9tape du Tour de Pologne. Dylan Groenewegen (Jumbo-Visma) a pouss\u00e9 Fabio Jakobsen (Deceuninck - Quick-Step) dans les balustrades.","og_url":"https:\/\/dicodusport.fr\/blog\/video-terrible-chute-lors-du-sprint-de-la-1ere-etape-du-tour-de-pologne\/","og_site_name":"Dicodusport","article_publisher":"https:\/\/www.facebook.com\/dicodusport","article_author":"https:\/\/www.facebook.com\/dicodusport","article_published_time":"2020-08-05T17:10:36+00:00","article_modified_time":"2020-08-05T20:34:15+00:00","og_image":[{"width":800,"height":445,"url":"https:\/\/dicodusport.fr\/blog\/wp-content\/uploads\/2020\/08\/Vid\u00e9o-Terrible-chute-lors-du-sprint-de-la-1\u00e8re-\u00e9tape-du-Tour-de-Pologne.png","type":"image\/png"}],"author":"Nicolas Jacquemard","twitter_card":"summary_large_image","twitter_title":"[Vid\u00e9o] La terrible chute lors du sprint de la 1\u00e8re \u00e9tape du Tour de Pologne","twitter_creator":"@https:\/\/twitter.com\/Nico_Jacquemard","twitter_site":"@dicodusport","schema":{"@context":"https:\/\/schema.org","@graph":[{"@type":"NewsArticle","@id":"https:\/\/dicodusport.fr\/blog\/video-terrible-chute-lors-du-sprint-de-la-1ere-etape-du-tour-de-pologne\/#article","isPartOf":{"@id":"https:\/\/dicodusport.fr\/blog\/video-terrible-chute-lors-du-sprint-de-la-1ere-etape-du-tour-de-pologne\/"},"author":{"name":"Nicolas Jacquemard","@id":"https:\/\/dicodusport.fr\/blog\/#\/schema\/person\/55dcb50ad410894e431ed812bbb70191"},"headline":"[Vid\u00e9o] Terrible chute lors du sprint de la 1\u00e8re \u00e9tape du Tour de Pologne","datePublished":"2020-08-05T17:10:36+00:00","dateModified":"2020-08-05T20:34:15+00:00","mainEntityOfPage":{"@id":"https:\/\/dicodusport.fr\/blog\/video-terrible-chute-lors-du-sprint-de-la-1ere-etape-du-tour-de-pologne\/"},"wordCount":429,"commentCount":0,"publisher":{"@id":"https:\/\/dicodusport.fr\/blog\/#organization"},"image":{"@id":"https:\/\/dicodusport.fr\/blog\/video-terrible-chute-lors-du-sprint-de-la-1ere-etape-du-tour-de-pologne\/#primaryimage"},"thumbnailUrl":"https:\/\/dicodusport.fr\/blog\/wp-content\/uploads\/2020\/08\/Vid\u00e9o-Terrible-chute-lors-du-sprint-de-la-1\u00e8re-\u00e9tape-du-Tour-de-Pologne.png","keywords":["Cyclisme","Dylan Groenewegen","Fabio Jakobsen","Pologne","Tour de Pologne"],"articleSection":["Cyclisme"],"inLanguage":"fr-FR","potentialAction":[{"@type":"CommentAction","name":"Comment","target":["https:\/\/dicodusport.fr\/blog\/video-terrible-chute-lors-du-sprint-de-la-1ere-etape-du-tour-de-pologne\/#respond"]}],"copyrightYear":"2020","copyrightHolder":{"@id":"https:\/\/dicodusport.fr\/blog\/#organization"}},{"@type":"WebPage","@id":"https:\/\/dicodusport.fr\/blog\/video-terrible-chute-lors-du-sprint-de-la-1ere-etape-du-tour-de-pologne\/","url":"https:\/\/dicodusport.fr\/blog\/video-terrible-chute-lors-du-sprint-de-la-1ere-etape-du-tour-de-pologne\/","name":"[Vid\u00e9o] Terrible chute lors du sprint de la 1\u00e8re \u00e9tape du Tour de Pologne","isPartOf":{"@id":"https:\/\/dicodusport.fr\/blog\/#website"},"primaryImageOfPage":{"@id":"https:\/\/dicodusport.fr\/blog\/video-terrible-chute-lors-du-sprint-de-la-1ere-etape-du-tour-de-pologne\/#primaryimage"},"image":{"@id":"https:\/\/dicodusport.fr\/blog\/video-terrible-chute-lors-du-sprint-de-la-1ere-etape-du-tour-de-pologne\/#primaryimage"},"thumbnailUrl":"https:\/\/dicodusport.fr\/blog\/wp-content\/uploads\/2020\/08\/Vid\u00e9o-Terrible-chute-lors-du-sprint-de-la-1\u00e8re-\u00e9tape-du-Tour-de-Pologne.png","datePublished":"2020-08-05T17:10:36+00:00","dateModified":"2020-08-05T20:34:15+00:00","description":"CYCLISME - Terrible chute \u00e0 l'arriv\u00e9e de la 1\u00e8re \u00e9tape du Tour de Pologne. Dylan Groenewegen (Jumbo-Visma) a pouss\u00e9 Fabio Jakobsen (Deceuninck - Quick-Step) dans les balustrades.","breadcrumb":{"@id":"https:\/\/dicodusport.fr\/blog\/video-terrible-chute-lors-du-sprint-de-la-1ere-etape-du-tour-de-pologne\/#breadcrumb"},"inLanguage":"fr-FR","potentialAction":[{"@type":"ReadAction","target":["https:\/\/dicodusport.fr\/blog\/video-terrible-chute-lors-du-sprint-de-la-1ere-etape-du-tour-de-pologne\/"]}]},{"@type":"ImageObject","inLanguage":"fr-FR","@id":"https:\/\/dicodusport.fr\/blog\/video-terrible-chute-lors-du-sprint-de-la-1ere-etape-du-tour-de-pologne\/#primaryimage","url":"https:\/\/dicodusport.fr\/blog\/wp-content\/uploads\/2020\/08\/Vid\u00e9o-Terrible-chute-lors-du-sprint-de-la-1\u00e8re-\u00e9tape-du-Tour-de-Pologne.png","contentUrl":"https:\/\/dicodusport.fr\/blog\/wp-content\/uploads\/2020\/08\/Vid\u00e9o-Terrible-chute-lors-du-sprint-de-la-1\u00e8re-\u00e9tape-du-Tour-de-Pologne.png","width":800,"height":445,"caption":"[Vid\u00e9o] Terrible chute lors du sprint de la 1\u00e8re \u00e9tape du Tour de Pologne"},{"@type":"BreadcrumbList","@id":"https:\/\/dicodusport.fr\/blog\/video-terrible-chute-lors-du-sprint-de-la-1ere-etape-du-tour-de-pologne\/#breadcrumb","itemListElement":[{"@type":"ListItem","position":1,"name":"Accueil","item":"https:\/\/dicodusport.fr\/blog\/"},{"@type":"ListItem","position":2,"name":"[Vid\u00e9o] Terrible chute lors du sprint de la 1\u00e8re \u00e9tape du Tour de Pologne"}]},{"@type":"WebSite","@id":"https:\/\/dicodusport.fr\/blog\/#website","url":"https:\/\/dicodusport.fr\/blog\/","name":"Dicodusport","description":"L&#039;encyclop\u00e9die de l&#039;actualit\u00e9 sportive","publisher":{"@id":"https:\/\/dicodusport.fr\/blog\/#organization"},"potentialAction":[{"@type":"SearchAction","target":{"@type":"EntryPoint","urlTemplate":"https:\/\/dicodusport.fr\/blog\/?s={search_term_string}"},"query-input":{"@type":"PropertyValueSpecification","valueRequired":true,"valueName":"search_term_string"}}],"inLanguage":"fr-FR"},{"@type":"NewsMediaOrganization","@id":"https:\/\/dicodusport.fr\/blog\/#organization","name":"Dicodusport","url":"https:\/\/dicodusport.fr\/blog\/","logo":{"@type":"ImageObject","inLanguage":"fr-FR","@id":"https:\/\/dicodusport.fr\/blog\/#\/schema\/logo\/image\/","url":"https:\/\/dicodusport.fr\/blog\/wp-content\/uploads\/2020\/06\/cropped-LOGO-DICODUSPORT-2020-SANS-FOND-SANS-TEXTE.png","contentUrl":"https:\/\/dicodusport.fr\/blog\/wp-content\/uploads\/2020\/06\/cropped-LOGO-DICODUSPORT-2020-SANS-FOND-SANS-TEXTE.png","width":512,"height":512,"caption":"Dicodusport"},"image":{"@id":"https:\/\/dicodusport.fr\/blog\/#\/schema\/logo\/image\/"},"sameAs":["https:\/\/www.facebook.com\/dicodusport","https:\/\/x.com\/dicodusport","https:\/\/www.instagram.com\/dicodusport\/","https:\/\/www.youtube.com\/channel\/UC7V2KZ5sd3htJivAbA4ZG3w"],"description":"Dicodusport est l'encyclop\u00e9die de l'actualit\u00e9 sportive.","email":"bonjour@dicodusport.fr","legalName":"DICODUSPORT","foundingDate":"2018-01-14","vatID":"FR71834470973","taxID":"83447097300043","numberOfEmployees":{"@type":"QuantitativeValue","minValue":"1","maxValue":"10"}},{"@type":"Person","@id":"https:\/\/dicodusport.fr\/blog\/#\/schema\/person\/55dcb50ad410894e431ed812bbb70191","name":"Nicolas Jacquemard","image":{"@type":"ImageObject","inLanguage":"fr-FR","@id":"https:\/\/dicodusport.fr\/blog\/#\/schema\/person\/image\/","url":"https:\/\/dicodusport.fr\/blog\/wp-content\/uploads\/2021\/05\/Nicolas-Jacquemard-150x150.jpeg","contentUrl":"https:\/\/dicodusport.fr\/blog\/wp-content\/uploads\/2021\/05\/Nicolas-Jacquemard-150x150.jpeg","caption":"Nicolas Jacquemard"},"description":"Passionn\u00e9 de sport et entrepreneur depuis mes 18 ans, la cr\u00e9ation de Dicodusport m'a sembl\u00e9 \u00e9vidente pour participer \u00e0 la m\u00e9diatisation d'un plus grand nombre de sports. Le chemin est long mais avec une \u00e9quipe des plus motiv\u00e9es et les Jeux Olympiques de Paris 2024 en point de mire, nous y arriverons ! Journaliste dans le monde du sport depuis plus de 5 ans, je traite aussi bien de football, de rugby, de biathlon que de cyclisme.","sameAs":["https:\/\/www.facebook.com\/dicodusport","https:\/\/x.com\/https:\/\/twitter.com\/Nico_Jacquemard"],"url":"https:\/\/dicodusport.fr\/blog\/author\/dicodusport\/"}]}},"_links":{"self":[{"href":"https:\/\/dicodusport.fr\/blog\/wp-json\/wp\/v2\/posts\/73362","targetHints":{"allow":["GET"]}}],"collection":[{"href":"https:\/\/dicodusport.fr\/blog\/wp-json\/wp\/v2\/posts"}],"about":[{"href":"https:\/\/dicodusport.fr\/blog\/wp-json\/wp\/v2\/types\/post"}],"author":[{"embeddable":true,"href":"https:\/\/dicodusport.fr\/blog\/wp-json\/wp\/v2\/users\/1"}],"replies":[{"embeddable":true,"href":"https:\/\/dicodusport.fr\/blog\/wp-json\/wp\/v2\/comments?post=73362"}],"version-history":[{"count":0,"href":"https:\/\/dicodusport.fr\/blog\/wp-json\/wp\/v2\/posts\/73362\/revisions"}],"wp:featuredmedia":[{"embeddable":true,"href":"https:\/\/dicodusport.fr\/blog\/wp-json\/wp\/v2\/media\/73370"}],"wp:attachment":[{"href":"https:\/\/dicodusport.fr\/blog\/wp-json\/wp\/v2\/media?parent=73362"}],"wp:term":[{"taxonomy":"category","embeddable":true,"href":"https:\/\/dicodusport.fr\/blog\/wp-json\/wp\/v2\/categories?post=73362"},{"taxonomy":"post_tag","embeddable":true,"href":"https:\/\/dicodusport.fr\/blog\/wp-json\/wp\/v2\/tags?post=73362"}],"curies":[{"name":"wp","href":"https:\/\/api.w.org\/{rel}","templated":true}]}}