{"id":73392,"date":"2020-08-05T22:51:08","date_gmt":"2020-08-05T20:51:08","guid":{"rendered":"http:\/\/dicodusport.fr\/blog\/?p=73392&#038;preview=true&#038;preview_id=73392"},"modified":"2020-08-06T08:11:16","modified_gmt":"2020-08-06T06:11:16","slug":"tour-de-pologne-nouvelles-rassurantes-pour-fabio-jakobsen","status":"publish","type":"post","link":"https:\/\/dicodusport.fr\/blog\/tour-de-pologne-nouvelles-rassurantes-pour-fabio-jakobsen\/","title":{"rendered":"Tour de Pologne : des nouvelles rassurantes pour Fabio Jakobsen"},"content":{"rendered":"<p style=\"text-align: justify;\"><em><b>CYCLISME &#8211; Apr\u00e8s les nouvelles inqui\u00e9tantes du d\u00e9but de soir\u00e9e, les derni\u00e8res informations concernant l&rsquo;\u00e9tat de sant\u00e9 de Fabio Jakobsen (Deceuninck &#8211; Quick-Step) sont plut\u00f4t rassurantes.\u00a0<\/b><\/em><\/p>\n<p style=\"text-align: justify;\"><a href=\"https:\/\/dicodusport.fr\/blog\/video-terrible-chute-lors-du-sprint-de-la-1ere-etape-du-tour-de-pologne\/\" target=\"_blank\" rel=\"noopener noreferrer\">Victime d&rsquo;une effroyable chute provoqu\u00e9e par <strong>Dylan Groenewegen<\/strong><\/a> \u00e0 l&rsquo;arriv\u00e9e de la 1\u00e8re \u00e9tape du <a href=\"https:\/\/dicodusport.fr\/blog\/tour-de-pologne-2020-profil-des-etapes\/\" target=\"_blank\" rel=\"noopener noreferrer\"><strong>Tour de Pologne<\/strong><\/a>, <strong>Fabio Jakobsen<\/strong> est dans un \u00e9tat grave mais globalement stable. Selon la cha\u00eene TV polonaise <em>TVP Sport<\/em> qui s&rsquo;est entretenue avec le directeur adjoint de l&rsquo;h\u00f4pital de Sosnowiec, le sprinteur n\u00e9erlandais de 23 ans souffre de traumatismes cranio-c\u00e9r\u00e9braux et de blessures thoraciques. N\u00e9anmoins, aucune l\u00e9sion n&rsquo;a \u00e9t\u00e9 d\u00e9cel\u00e9e \u00e0 la moelle \u00e9pini\u00e8re et au cerveau.<\/p>\n<p style=\"text-align: justify;\">Toujours selon <em>TVP Sport<\/em>, <strong>Fabio Jakobsen<\/strong> sera hospitalis\u00e9 en soins intensifs, dans l&rsquo;attente d&rsquo;autres examens ce jeudi. Les prochaines heures seront importantes pour le Batave de la Deceuninck &#8211; Quick-Step. Forza Fabio !<\/p>\n<blockquote class=\"twitter-tweet\">\n<p dir=\"ltr\" lang=\"en\">TVP Sport spoke to deputy director of the hospital in Sosnowiec. He said that apart from craniocerebral trauma already reported &amp;chest injuries they found no spinal cord or brain injuries. Jakobsen is now generally stable but they will be able to better diagnose him tomorrow.<\/p>\n<p>\u2014 Pawe\u0142 Gadza\u0142a (@8aldwin) <a href=\"https:\/\/twitter.com\/8aldwin\/status\/1291106729862864897?ref_src=twsrc%5Etfw\">August 5, 2020<\/a><\/p><\/blockquote>\n<p><script async src=\"https:\/\/platform.twitter.com\/widgets.js\" charset=\"utf-8\"><\/script><\/p>\n<p><strong><em>Dicodusport<br \/>\n<a href=\"https:\/\/www.facebook.com\/dicodusport\/\" target=\"_blank\" rel=\"noopener noreferrer\"><img loading=\"lazy\" decoding=\"async\" class=\"alignnone wp-image-2909\" src=\"http:\/\/dicodusport.fr\/blog\/wp-content\/uploads\/2017\/07\/logo-facebook-150x150.png\" alt=\"\" width=\"40\" height=\"40\" \/><\/a><a href=\"https:\/\/twitter.com\/dicodusport\" target=\"_blank\" rel=\"noopener noreferrer\"><img loading=\"lazy\" decoding=\"async\" class=\"alignnone wp-image-2908\" src=\"http:\/\/dicodusport.fr\/blog\/wp-content\/uploads\/2017\/07\/logo-twitter-150x150.png\" alt=\"\" width=\"39\" height=\"39\" \/><\/a><\/em><\/strong><\/p>\n","protected":false},"excerpt":{"rendered":"<p>CYCLISME &#8211; Apr\u00e8s les nouvelles inqui\u00e9tantes du d\u00e9but de soir\u00e9e, les derni\u00e8res informations concernant l&rsquo;\u00e9tat de sant\u00e9 de Fabio Jakobsen (Deceuninck &#8211; Quick-Step) sont plut\u00f4t rassurantes.\u00a0<\/p>\n","protected":false},"author":4,"featured_media":73393,"comment_status":"open","ping_status":"closed","sticky":false,"template":"","format":"standard","meta":{"_acf_changed":false,"_daextam_enable_autolinks":"","footnotes":""},"categories":[2307],"tags":[11270,8391],"class_list":["post-73392","post","type-post","status-publish","format-standard","has-post-thumbnail","hentry","category-cyclisme","tag-fabio-jakobsen","tag-tour-de-pologne"],"acf":[],"yoast_head":"<!-- This site is optimized with the Yoast SEO Premium plugin v26.7 (Yoast SEO v26.7) - https:\/\/yoast.com\/wordpress\/plugins\/seo\/ -->\n<title>Tour de Pologne : des nouvelles rassurantes pour Fabio Jakobsen<\/title>\n<meta name=\"description\" content=\"CYCLISME - Victime d&#039;une lourde chute lors de la 1\u00e8re \u00e9tape du Tour de Pologne, Fabio Jakobsen est d\u00e9sormais dans un \u00e9tat stable, mais toujours grave.\" \/>\n<meta name=\"robots\" content=\"index, follow, max-snippet:-1, max-image-preview:large, max-video-preview:-1\" \/>\n<link rel=\"canonical\" href=\"https:\/\/dicodusport.fr\/blog\/tour-de-pologne-nouvelles-rassurantes-pour-fabio-jakobsen\/\" \/>\n<meta property=\"og:locale\" content=\"fr_FR\" \/>\n<meta property=\"og:type\" content=\"article\" \/>\n<meta property=\"og:title\" content=\"Tour de Pologne : des nouvelles rassurantes pour Fabio Jakobsen\" \/>\n<meta property=\"og:description\" content=\"CYCLISME - Victime d&#039;une lourde chute lors de la 1\u00e8re \u00e9tape du Tour de Pologne, Fabio Jakobsen est d\u00e9sormais dans un \u00e9tat stable, mais toujours grave.\" \/>\n<meta property=\"og:url\" content=\"https:\/\/dicodusport.fr\/blog\/tour-de-pologne-nouvelles-rassurantes-pour-fabio-jakobsen\/\" \/>\n<meta property=\"og:site_name\" content=\"Dicodusport\" \/>\n<meta property=\"article:publisher\" content=\"https:\/\/www.facebook.com\/dicodusport\" \/>\n<meta property=\"article:author\" content=\"https:\/\/www.facebook.com\/florent.ostermann\" \/>\n<meta property=\"article:published_time\" content=\"2020-08-05T20:51:08+00:00\" \/>\n<meta property=\"article:modified_time\" content=\"2020-08-06T06:11:16+00:00\" \/>\n<meta property=\"og:image\" content=\"https:\/\/dicodusport.fr\/blog\/wp-content\/uploads\/2020\/08\/Tour-de-Pologne-Des-nouvelles-rassurantes-pour-Fabio-Jakobsen.png\" \/>\n\t<meta property=\"og:image:width\" content=\"800\" \/>\n\t<meta property=\"og:image:height\" content=\"445\" \/>\n\t<meta property=\"og:image:type\" content=\"image\/png\" \/>\n<meta name=\"author\" content=\"Flo Ostermann\" \/>\n<meta name=\"twitter:card\" content=\"summary_large_image\" \/>\n<meta name=\"twitter:title\" content=\"Tour de Pologne : des nouvelles rassurantes pour Fabio Jakobsen\" \/>\n<meta name=\"twitter:creator\" content=\"@https:\/\/twitter.com\/FlOstermann\" \/>\n<meta name=\"twitter:site\" content=\"@dicodusport\" \/>\n<script type=\"application\/ld+json\" class=\"yoast-schema-graph\">{\"@context\":\"https:\/\/schema.org\",\"@graph\":[{\"@type\":\"NewsArticle\",\"@id\":\"https:\/\/dicodusport.fr\/blog\/tour-de-pologne-nouvelles-rassurantes-pour-fabio-jakobsen\/#article\",\"isPartOf\":{\"@id\":\"https:\/\/dicodusport.fr\/blog\/tour-de-pologne-nouvelles-rassurantes-pour-fabio-jakobsen\/\"},\"author\":{\"name\":\"Flo Ostermann\",\"@id\":\"https:\/\/dicodusport.fr\/blog\/#\/schema\/person\/cb02af4c173ce4a653b55e9baf388d4a\"},\"headline\":\"Tour de Pologne : des nouvelles rassurantes pour Fabio Jakobsen\",\"datePublished\":\"2020-08-05T20:51:08+00:00\",\"dateModified\":\"2020-08-06T06:11:16+00:00\",\"mainEntityOfPage\":{\"@id\":\"https:\/\/dicodusport.fr\/blog\/tour-de-pologne-nouvelles-rassurantes-pour-fabio-jakobsen\/\"},\"wordCount\":215,\"commentCount\":0,\"publisher\":{\"@id\":\"https:\/\/dicodusport.fr\/blog\/#organization\"},\"image\":{\"@id\":\"https:\/\/dicodusport.fr\/blog\/tour-de-pologne-nouvelles-rassurantes-pour-fabio-jakobsen\/#primaryimage\"},\"thumbnailUrl\":\"https:\/\/dicodusport.fr\/blog\/wp-content\/uploads\/2020\/08\/Tour-de-Pologne-Des-nouvelles-rassurantes-pour-Fabio-Jakobsen.png\",\"keywords\":[\"Fabio Jakobsen\",\"Tour de Pologne\"],\"articleSection\":[\"Cyclisme\"],\"inLanguage\":\"fr-FR\",\"potentialAction\":[{\"@type\":\"CommentAction\",\"name\":\"Comment\",\"target\":[\"https:\/\/dicodusport.fr\/blog\/tour-de-pologne-nouvelles-rassurantes-pour-fabio-jakobsen\/#respond\"]}],\"copyrightYear\":\"2020\",\"copyrightHolder\":{\"@id\":\"https:\/\/dicodusport.fr\/blog\/#organization\"}},{\"@type\":\"WebPage\",\"@id\":\"https:\/\/dicodusport.fr\/blog\/tour-de-pologne-nouvelles-rassurantes-pour-fabio-jakobsen\/\",\"url\":\"https:\/\/dicodusport.fr\/blog\/tour-de-pologne-nouvelles-rassurantes-pour-fabio-jakobsen\/\",\"name\":\"Tour de Pologne : des nouvelles rassurantes pour Fabio Jakobsen\",\"isPartOf\":{\"@id\":\"https:\/\/dicodusport.fr\/blog\/#website\"},\"primaryImageOfPage\":{\"@id\":\"https:\/\/dicodusport.fr\/blog\/tour-de-pologne-nouvelles-rassurantes-pour-fabio-jakobsen\/#primaryimage\"},\"image\":{\"@id\":\"https:\/\/dicodusport.fr\/blog\/tour-de-pologne-nouvelles-rassurantes-pour-fabio-jakobsen\/#primaryimage\"},\"thumbnailUrl\":\"https:\/\/dicodusport.fr\/blog\/wp-content\/uploads\/2020\/08\/Tour-de-Pologne-Des-nouvelles-rassurantes-pour-Fabio-Jakobsen.png\",\"datePublished\":\"2020-08-05T20:51:08+00:00\",\"dateModified\":\"2020-08-06T06:11:16+00:00\",\"description\":\"CYCLISME - Victime d'une lourde chute lors de la 1\u00e8re \u00e9tape du Tour de Pologne, Fabio Jakobsen est d\u00e9sormais dans un \u00e9tat stable, mais toujours grave.\",\"breadcrumb\":{\"@id\":\"https:\/\/dicodusport.fr\/blog\/tour-de-pologne-nouvelles-rassurantes-pour-fabio-jakobsen\/#breadcrumb\"},\"inLanguage\":\"fr-FR\",\"potentialAction\":[{\"@type\":\"ReadAction\",\"target\":[\"https:\/\/dicodusport.fr\/blog\/tour-de-pologne-nouvelles-rassurantes-pour-fabio-jakobsen\/\"]}]},{\"@type\":\"ImageObject\",\"inLanguage\":\"fr-FR\",\"@id\":\"https:\/\/dicodusport.fr\/blog\/tour-de-pologne-nouvelles-rassurantes-pour-fabio-jakobsen\/#primaryimage\",\"url\":\"https:\/\/dicodusport.fr\/blog\/wp-content\/uploads\/2020\/08\/Tour-de-Pologne-Des-nouvelles-rassurantes-pour-Fabio-Jakobsen.png\",\"contentUrl\":\"https:\/\/dicodusport.fr\/blog\/wp-content\/uploads\/2020\/08\/Tour-de-Pologne-Des-nouvelles-rassurantes-pour-Fabio-Jakobsen.png\",\"width\":800,\"height\":445,\"caption\":\"Tour de Pologne : des nouvelles rassurantes pour Fabio Jakobsen\"},{\"@type\":\"BreadcrumbList\",\"@id\":\"https:\/\/dicodusport.fr\/blog\/tour-de-pologne-nouvelles-rassurantes-pour-fabio-jakobsen\/#breadcrumb\",\"itemListElement\":[{\"@type\":\"ListItem\",\"position\":1,\"name\":\"Accueil\",\"item\":\"https:\/\/dicodusport.fr\/blog\/\"},{\"@type\":\"ListItem\",\"position\":2,\"name\":\"Tour de Pologne : des nouvelles rassurantes pour Fabio Jakobsen\"}]},{\"@type\":\"WebSite\",\"@id\":\"https:\/\/dicodusport.fr\/blog\/#website\",\"url\":\"https:\/\/dicodusport.fr\/blog\/\",\"name\":\"Dicodusport\",\"description\":\"L&#039;encyclop\u00e9die de l&#039;actualit\u00e9 sportive\",\"publisher\":{\"@id\":\"https:\/\/dicodusport.fr\/blog\/#organization\"},\"potentialAction\":[{\"@type\":\"SearchAction\",\"target\":{\"@type\":\"EntryPoint\",\"urlTemplate\":\"https:\/\/dicodusport.fr\/blog\/?s={search_term_string}\"},\"query-input\":{\"@type\":\"PropertyValueSpecification\",\"valueRequired\":true,\"valueName\":\"search_term_string\"}}],\"inLanguage\":\"fr-FR\"},{\"@type\":\"NewsMediaOrganization\",\"@id\":\"https:\/\/dicodusport.fr\/blog\/#organization\",\"name\":\"Dicodusport\",\"url\":\"https:\/\/dicodusport.fr\/blog\/\",\"logo\":{\"@type\":\"ImageObject\",\"inLanguage\":\"fr-FR\",\"@id\":\"https:\/\/dicodusport.fr\/blog\/#\/schema\/logo\/image\/\",\"url\":\"https:\/\/dicodusport.fr\/blog\/wp-content\/uploads\/2020\/06\/cropped-LOGO-DICODUSPORT-2020-SANS-FOND-SANS-TEXTE.png\",\"contentUrl\":\"https:\/\/dicodusport.fr\/blog\/wp-content\/uploads\/2020\/06\/cropped-LOGO-DICODUSPORT-2020-SANS-FOND-SANS-TEXTE.png\",\"width\":512,\"height\":512,\"caption\":\"Dicodusport\"},\"image\":{\"@id\":\"https:\/\/dicodusport.fr\/blog\/#\/schema\/logo\/image\/\"},\"sameAs\":[\"https:\/\/www.facebook.com\/dicodusport\",\"https:\/\/x.com\/dicodusport\",\"https:\/\/www.instagram.com\/dicodusport\/\",\"https:\/\/www.youtube.com\/channel\/UC7V2KZ5sd3htJivAbA4ZG3w\"],\"description\":\"Dicodusport est l'encyclop\u00e9die de l'actualit\u00e9 sportive.\",\"email\":\"bonjour@dicodusport.fr\",\"legalName\":\"DICODUSPORT\",\"foundingDate\":\"2018-01-14\",\"vatID\":\"FR71834470973\",\"taxID\":\"83447097300043\",\"numberOfEmployees\":{\"@type\":\"QuantitativeValue\",\"minValue\":\"1\",\"maxValue\":\"10\"}},{\"@type\":\"Person\",\"@id\":\"https:\/\/dicodusport.fr\/blog\/#\/schema\/person\/cb02af4c173ce4a653b55e9baf388d4a\",\"name\":\"Flo Ostermann\",\"image\":{\"@type\":\"ImageObject\",\"inLanguage\":\"fr-FR\",\"@id\":\"https:\/\/dicodusport.fr\/blog\/#\/schema\/person\/image\/\",\"url\":\"https:\/\/dicodusport.fr\/blog\/wp-content\/uploads\/2021\/05\/Flo-Ostermann-150x150.jpg\",\"contentUrl\":\"https:\/\/dicodusport.fr\/blog\/wp-content\/uploads\/2021\/05\/Flo-Ostermann-150x150.jpg\",\"caption\":\"Flo Ostermann\"},\"description\":\"Journaliste\/R\u00e9dacteur depuis septembre 2015 - Mes premiers souvenirs dans le sport ? Les envol\u00e9es du Stade Toulousain et les duels Villeneuve-Schumacher et H\u00e4kkinen-Schumacher \u00e0 la fin des ann\u00e9es 90, la Coupe du monde de football en 1998, l\u2019exploit du XV de France face aux All Blacks en 1999, mais aussi Richard C\u0153ur de Lion qui vole sur les montagnes du Tour de France. Bien parti pour devenir professeur d\u2019EPS, les \u00e9v\u00e9nements de la vie (et la flemme d\u2019animer des s\u00e9ances de 3x500 m\u00e8tres toute ma vie) m\u2019ont conduit \u00e0 revoir mes plans. Me voil\u00e0 depuis fin 2017 sur Dicodusport, m\u00e9dia gr\u00e2ce (et pour) lequel je partage ma passion : le sport dans tous ses \u00e9tats. Le tout accompagn\u00e9 par les fous furieux et folles furieuses cit\u00e9s sur cette page !\",\"sameAs\":[\"https:\/\/www.facebook.com\/florent.ostermann\",\"https:\/\/x.com\/https:\/\/twitter.com\/FlOstermann\",\"admin\"],\"url\":\"https:\/\/dicodusport.fr\/blog\/author\/flo\/\"}]}<\/script>\n<!-- \/ Yoast SEO Premium plugin. -->","yoast_head_json":{"title":"Tour de Pologne : des nouvelles rassurantes pour Fabio Jakobsen","description":"CYCLISME - Victime d'une lourde chute lors de la 1\u00e8re \u00e9tape du Tour de Pologne, Fabio Jakobsen est d\u00e9sormais dans un \u00e9tat stable, mais toujours grave.","robots":{"index":"index","follow":"follow","max-snippet":"max-snippet:-1","max-image-preview":"max-image-preview:large","max-video-preview":"max-video-preview:-1"},"canonical":"https:\/\/dicodusport.fr\/blog\/tour-de-pologne-nouvelles-rassurantes-pour-fabio-jakobsen\/","og_locale":"fr_FR","og_type":"article","og_title":"Tour de Pologne : des nouvelles rassurantes pour Fabio Jakobsen","og_description":"CYCLISME - Victime d'une lourde chute lors de la 1\u00e8re \u00e9tape du Tour de Pologne, Fabio Jakobsen est d\u00e9sormais dans un \u00e9tat stable, mais toujours grave.","og_url":"https:\/\/dicodusport.fr\/blog\/tour-de-pologne-nouvelles-rassurantes-pour-fabio-jakobsen\/","og_site_name":"Dicodusport","article_publisher":"https:\/\/www.facebook.com\/dicodusport","article_author":"https:\/\/www.facebook.com\/florent.ostermann","article_published_time":"2020-08-05T20:51:08+00:00","article_modified_time":"2020-08-06T06:11:16+00:00","og_image":[{"width":800,"height":445,"url":"https:\/\/dicodusport.fr\/blog\/wp-content\/uploads\/2020\/08\/Tour-de-Pologne-Des-nouvelles-rassurantes-pour-Fabio-Jakobsen.png","type":"image\/png"}],"author":"Flo Ostermann","twitter_card":"summary_large_image","twitter_title":"Tour de Pologne : des nouvelles rassurantes pour Fabio Jakobsen","twitter_creator":"@https:\/\/twitter.com\/FlOstermann","twitter_site":"@dicodusport","schema":{"@context":"https:\/\/schema.org","@graph":[{"@type":"NewsArticle","@id":"https:\/\/dicodusport.fr\/blog\/tour-de-pologne-nouvelles-rassurantes-pour-fabio-jakobsen\/#article","isPartOf":{"@id":"https:\/\/dicodusport.fr\/blog\/tour-de-pologne-nouvelles-rassurantes-pour-fabio-jakobsen\/"},"author":{"name":"Flo Ostermann","@id":"https:\/\/dicodusport.fr\/blog\/#\/schema\/person\/cb02af4c173ce4a653b55e9baf388d4a"},"headline":"Tour de Pologne : des nouvelles rassurantes pour Fabio Jakobsen","datePublished":"2020-08-05T20:51:08+00:00","dateModified":"2020-08-06T06:11:16+00:00","mainEntityOfPage":{"@id":"https:\/\/dicodusport.fr\/blog\/tour-de-pologne-nouvelles-rassurantes-pour-fabio-jakobsen\/"},"wordCount":215,"commentCount":0,"publisher":{"@id":"https:\/\/dicodusport.fr\/blog\/#organization"},"image":{"@id":"https:\/\/dicodusport.fr\/blog\/tour-de-pologne-nouvelles-rassurantes-pour-fabio-jakobsen\/#primaryimage"},"thumbnailUrl":"https:\/\/dicodusport.fr\/blog\/wp-content\/uploads\/2020\/08\/Tour-de-Pologne-Des-nouvelles-rassurantes-pour-Fabio-Jakobsen.png","keywords":["Fabio Jakobsen","Tour de Pologne"],"articleSection":["Cyclisme"],"inLanguage":"fr-FR","potentialAction":[{"@type":"CommentAction","name":"Comment","target":["https:\/\/dicodusport.fr\/blog\/tour-de-pologne-nouvelles-rassurantes-pour-fabio-jakobsen\/#respond"]}],"copyrightYear":"2020","copyrightHolder":{"@id":"https:\/\/dicodusport.fr\/blog\/#organization"}},{"@type":"WebPage","@id":"https:\/\/dicodusport.fr\/blog\/tour-de-pologne-nouvelles-rassurantes-pour-fabio-jakobsen\/","url":"https:\/\/dicodusport.fr\/blog\/tour-de-pologne-nouvelles-rassurantes-pour-fabio-jakobsen\/","name":"Tour de Pologne : des nouvelles rassurantes pour Fabio Jakobsen","isPartOf":{"@id":"https:\/\/dicodusport.fr\/blog\/#website"},"primaryImageOfPage":{"@id":"https:\/\/dicodusport.fr\/blog\/tour-de-pologne-nouvelles-rassurantes-pour-fabio-jakobsen\/#primaryimage"},"image":{"@id":"https:\/\/dicodusport.fr\/blog\/tour-de-pologne-nouvelles-rassurantes-pour-fabio-jakobsen\/#primaryimage"},"thumbnailUrl":"https:\/\/dicodusport.fr\/blog\/wp-content\/uploads\/2020\/08\/Tour-de-Pologne-Des-nouvelles-rassurantes-pour-Fabio-Jakobsen.png","datePublished":"2020-08-05T20:51:08+00:00","dateModified":"2020-08-06T06:11:16+00:00","description":"CYCLISME - Victime d'une lourde chute lors de la 1\u00e8re \u00e9tape du Tour de Pologne, Fabio Jakobsen est d\u00e9sormais dans un \u00e9tat stable, mais toujours grave.","breadcrumb":{"@id":"https:\/\/dicodusport.fr\/blog\/tour-de-pologne-nouvelles-rassurantes-pour-fabio-jakobsen\/#breadcrumb"},"inLanguage":"fr-FR","potentialAction":[{"@type":"ReadAction","target":["https:\/\/dicodusport.fr\/blog\/tour-de-pologne-nouvelles-rassurantes-pour-fabio-jakobsen\/"]}]},{"@type":"ImageObject","inLanguage":"fr-FR","@id":"https:\/\/dicodusport.fr\/blog\/tour-de-pologne-nouvelles-rassurantes-pour-fabio-jakobsen\/#primaryimage","url":"https:\/\/dicodusport.fr\/blog\/wp-content\/uploads\/2020\/08\/Tour-de-Pologne-Des-nouvelles-rassurantes-pour-Fabio-Jakobsen.png","contentUrl":"https:\/\/dicodusport.fr\/blog\/wp-content\/uploads\/2020\/08\/Tour-de-Pologne-Des-nouvelles-rassurantes-pour-Fabio-Jakobsen.png","width":800,"height":445,"caption":"Tour de Pologne : des nouvelles rassurantes pour Fabio Jakobsen"},{"@type":"BreadcrumbList","@id":"https:\/\/dicodusport.fr\/blog\/tour-de-pologne-nouvelles-rassurantes-pour-fabio-jakobsen\/#breadcrumb","itemListElement":[{"@type":"ListItem","position":1,"name":"Accueil","item":"https:\/\/dicodusport.fr\/blog\/"},{"@type":"ListItem","position":2,"name":"Tour de Pologne : des nouvelles rassurantes pour Fabio Jakobsen"}]},{"@type":"WebSite","@id":"https:\/\/dicodusport.fr\/blog\/#website","url":"https:\/\/dicodusport.fr\/blog\/","name":"Dicodusport","description":"L&#039;encyclop\u00e9die de l&#039;actualit\u00e9 sportive","publisher":{"@id":"https:\/\/dicodusport.fr\/blog\/#organization"},"potentialAction":[{"@type":"SearchAction","target":{"@type":"EntryPoint","urlTemplate":"https:\/\/dicodusport.fr\/blog\/?s={search_term_string}"},"query-input":{"@type":"PropertyValueSpecification","valueRequired":true,"valueName":"search_term_string"}}],"inLanguage":"fr-FR"},{"@type":"NewsMediaOrganization","@id":"https:\/\/dicodusport.fr\/blog\/#organization","name":"Dicodusport","url":"https:\/\/dicodusport.fr\/blog\/","logo":{"@type":"ImageObject","inLanguage":"fr-FR","@id":"https:\/\/dicodusport.fr\/blog\/#\/schema\/logo\/image\/","url":"https:\/\/dicodusport.fr\/blog\/wp-content\/uploads\/2020\/06\/cropped-LOGO-DICODUSPORT-2020-SANS-FOND-SANS-TEXTE.png","contentUrl":"https:\/\/dicodusport.fr\/blog\/wp-content\/uploads\/2020\/06\/cropped-LOGO-DICODUSPORT-2020-SANS-FOND-SANS-TEXTE.png","width":512,"height":512,"caption":"Dicodusport"},"image":{"@id":"https:\/\/dicodusport.fr\/blog\/#\/schema\/logo\/image\/"},"sameAs":["https:\/\/www.facebook.com\/dicodusport","https:\/\/x.com\/dicodusport","https:\/\/www.instagram.com\/dicodusport\/","https:\/\/www.youtube.com\/channel\/UC7V2KZ5sd3htJivAbA4ZG3w"],"description":"Dicodusport est l'encyclop\u00e9die de l'actualit\u00e9 sportive.","email":"bonjour@dicodusport.fr","legalName":"DICODUSPORT","foundingDate":"2018-01-14","vatID":"FR71834470973","taxID":"83447097300043","numberOfEmployees":{"@type":"QuantitativeValue","minValue":"1","maxValue":"10"}},{"@type":"Person","@id":"https:\/\/dicodusport.fr\/blog\/#\/schema\/person\/cb02af4c173ce4a653b55e9baf388d4a","name":"Flo Ostermann","image":{"@type":"ImageObject","inLanguage":"fr-FR","@id":"https:\/\/dicodusport.fr\/blog\/#\/schema\/person\/image\/","url":"https:\/\/dicodusport.fr\/blog\/wp-content\/uploads\/2021\/05\/Flo-Ostermann-150x150.jpg","contentUrl":"https:\/\/dicodusport.fr\/blog\/wp-content\/uploads\/2021\/05\/Flo-Ostermann-150x150.jpg","caption":"Flo Ostermann"},"description":"Journaliste\/R\u00e9dacteur depuis septembre 2015 - Mes premiers souvenirs dans le sport ? Les envol\u00e9es du Stade Toulousain et les duels Villeneuve-Schumacher et H\u00e4kkinen-Schumacher \u00e0 la fin des ann\u00e9es 90, la Coupe du monde de football en 1998, l\u2019exploit du XV de France face aux All Blacks en 1999, mais aussi Richard C\u0153ur de Lion qui vole sur les montagnes du Tour de France. Bien parti pour devenir professeur d\u2019EPS, les \u00e9v\u00e9nements de la vie (et la flemme d\u2019animer des s\u00e9ances de 3x500 m\u00e8tres toute ma vie) m\u2019ont conduit \u00e0 revoir mes plans. Me voil\u00e0 depuis fin 2017 sur Dicodusport, m\u00e9dia gr\u00e2ce (et pour) lequel je partage ma passion : le sport dans tous ses \u00e9tats. Le tout accompagn\u00e9 par les fous furieux et folles furieuses cit\u00e9s sur cette page !","sameAs":["https:\/\/www.facebook.com\/florent.ostermann","https:\/\/x.com\/https:\/\/twitter.com\/FlOstermann","admin"],"url":"https:\/\/dicodusport.fr\/blog\/author\/flo\/"}]}},"_links":{"self":[{"href":"https:\/\/dicodusport.fr\/blog\/wp-json\/wp\/v2\/posts\/73392","targetHints":{"allow":["GET"]}}],"collection":[{"href":"https:\/\/dicodusport.fr\/blog\/wp-json\/wp\/v2\/posts"}],"about":[{"href":"https:\/\/dicodusport.fr\/blog\/wp-json\/wp\/v2\/types\/post"}],"author":[{"embeddable":true,"href":"https:\/\/dicodusport.fr\/blog\/wp-json\/wp\/v2\/users\/4"}],"replies":[{"embeddable":true,"href":"https:\/\/dicodusport.fr\/blog\/wp-json\/wp\/v2\/comments?post=73392"}],"version-history":[{"count":0,"href":"https:\/\/dicodusport.fr\/blog\/wp-json\/wp\/v2\/posts\/73392\/revisions"}],"wp:featuredmedia":[{"embeddable":true,"href":"https:\/\/dicodusport.fr\/blog\/wp-json\/wp\/v2\/media\/73393"}],"wp:attachment":[{"href":"https:\/\/dicodusport.fr\/blog\/wp-json\/wp\/v2\/media?parent=73392"}],"wp:term":[{"taxonomy":"category","embeddable":true,"href":"https:\/\/dicodusport.fr\/blog\/wp-json\/wp\/v2\/categories?post=73392"},{"taxonomy":"post_tag","embeddable":true,"href":"https:\/\/dicodusport.fr\/blog\/wp-json\/wp\/v2\/tags?post=73392"}],"curies":[{"name":"wp","href":"https:\/\/api.w.org\/{rel}","templated":true}]}}