{"id":73673,"date":"2020-08-08T10:47:50","date_gmt":"2020-08-08T08:47:50","guid":{"rendered":"http:\/\/dicodusport.fr\/blog\/?p=73673&#038;preview=true&#038;preview_id=73673"},"modified":"2020-08-08T11:02:12","modified_gmt":"2020-08-08T09:02:12","slug":"moto-gp-grand-prix-de-republique-tcheque-fp3-morbidelli-meilleur-temps-devant-zarco-et-quartararo","status":"publish","type":"post","link":"https:\/\/dicodusport.fr\/blog\/moto-gp-grand-prix-de-republique-tcheque-fp3-morbidelli-meilleur-temps-devant-zarco-et-quartararo\/","title":{"rendered":"Grand Prix de R\u00e9publique Tch\u00e8que &#8211; FP3 : Morbidelli meilleur temps devant Zarco et Quartararo"},"content":{"rendered":"<p style=\"text-align: justify;\"><strong><em><a href=\"https:\/\/dicodusport.fr\/blog\/moto-gp-grand-prix-republique-tcheque-brno-2020-programme-tv-complet\/\" target=\"_blank\" rel=\"noopener noreferrer\">MOTO GP \u2013 GRAND PRIX DE R\u00c9PUBLIQUE TCH\u00c8QUE<\/a> \u2013 Franco Morbidelli (Petronas Yamaha) a r\u00e9alis\u00e9 le meilleur temps des FP3 \u00e0 Brno. Il devance les deux Fran\u00e7ais, Johann Zarco (Avintia) et son co\u00e9quipier Fabio Quartararo.<\/em><\/strong><\/p>\n<p style=\"text-align: justify;\">\u00c7a chauffe \u00e0 Brno ! Meilleur temps des FP3 (1:56.037), <strong>Franco Morbidelli<\/strong> (Petronas Yamaha) a frapp\u00e9 un grand coup ce samedi matin. L&rsquo;Italien devance les deux Fran\u00e7ais de la cat\u00e9gorie reine, <strong>Johann Zarco<\/strong> (Avintia) et <a href=\"https:\/\/dicodusport.fr\/blog\/tag\/fabio-quartararo\/\" target=\"_blank\" rel=\"noopener noreferrer\"><strong>Fabio Quartararo<\/strong><\/a>. Les trois pilotes ont livr\u00e9 une belle bataille, finissant dans le m\u00eame dixi\u00e8me. Derri\u00e8re, c&rsquo;est \u00e9galement tr\u00e8s serr\u00e9, puisque les 10 premiers pilotes qui iront directement en Q2 se tiennent en moins de trois dixi\u00e8mes. \u00c0 noter que <strong>Maverick Vinales<\/strong> (Yamaha) n&rsquo;a r\u00e9alis\u00e9 que le 9\u00e8me temps lors de ces FP3.<\/p>\n<div id=\"attachment_73680\" style=\"width: 772px\" class=\"wp-caption aligncenter\"><a href=\"http:\/\/dicodusport.fr\/blog\/wp-content\/uploads\/2020\/08\/R\u00e9sultats-des-FP3-du-Grand-Prix-de-R\u00e9publique-Tch\u00e8que-Moto-GP.jpg\"><img loading=\"lazy\" decoding=\"async\" aria-describedby=\"caption-attachment-73680\" class=\"size-full wp-image-73680\" src=\"http:\/\/dicodusport.fr\/blog\/wp-content\/uploads\/2020\/08\/R\u00e9sultats-des-FP3-du-Grand-Prix-de-R\u00e9publique-Tch\u00e8que-Moto-GP.jpg\" alt=\"R\u00e9sultats des FP3 du Grand Prix de R\u00e9publique Tch\u00e8que - Moto GP\" width=\"762\" height=\"794\" srcset=\"https:\/\/dicodusport.fr\/blog\/wp-content\/uploads\/2020\/08\/R\u00e9sultats-des-FP3-du-Grand-Prix-de-R\u00e9publique-Tch\u00e8que-Moto-GP.jpg 762w, https:\/\/dicodusport.fr\/blog\/wp-content\/uploads\/2020\/08\/R\u00e9sultats-des-FP3-du-Grand-Prix-de-R\u00e9publique-Tch\u00e8que-Moto-GP-288x300.jpg 288w\" sizes=\"auto, (max-width: 762px) 100vw, 762px\" \/><\/a><p id=\"caption-attachment-73680\" class=\"wp-caption-text\">R\u00e9sultats des FP3 du Grand Prix de R\u00e9publique Tch\u00e8que &#8211; Moto GP<\/p><\/div>\n<p><strong><em>Dicodusport<br \/>\n<a href=\"https:\/\/www.facebook.com\/dicodusport\/\" target=\"_blank\" rel=\"noopener noreferrer\"><img loading=\"lazy\" decoding=\"async\" class=\"alignnone wp-image-2909\" src=\"http:\/\/dicodusport.fr\/blog\/wp-content\/uploads\/2017\/07\/logo-facebook-150x150.png\" alt=\"\" width=\"40\" height=\"40\" \/><\/a><a href=\"https:\/\/twitter.com\/dicodusport\" target=\"_blank\" rel=\"noopener noreferrer\"><img loading=\"lazy\" decoding=\"async\" class=\"alignnone wp-image-2908\" src=\"http:\/\/dicodusport.fr\/blog\/wp-content\/uploads\/2017\/07\/logo-twitter-150x150.png\" alt=\"\" width=\"39\" height=\"39\" \/><\/a><\/em><\/strong><\/p>\n","protected":false},"excerpt":{"rendered":"<p>MOTO GP \u2013 GRAND PRIX DE R\u00c9PUBLIQUE TCH\u00c8QUE \u2013 Franco Morbidelli (Petronas Yamaha) a r\u00e9alis\u00e9 le meilleur temps des FP3 \u00e0 Brno. Il devance les deux Fran\u00e7ais, Johann Zarco (Avintia) et son co\u00e9quipier Fabio Quartararo.<\/p>\n","protected":false},"author":4,"featured_media":73679,"comment_status":"open","ping_status":"closed","sticky":false,"template":"","format":"standard","meta":{"_acf_changed":false,"_daextam_enable_autolinks":"","footnotes":""},"categories":[8671],"tags":[11268,4736],"class_list":["post-73673","post","type-post","status-publish","format-standard","has-post-thumbnail","hentry","category-moto","tag-grand-prix-de-republique-tcheque","tag-moto-gp"],"acf":[],"yoast_head":"<!-- This site is optimized with the Yoast SEO Premium plugin v26.7 (Yoast SEO v26.7) - https:\/\/yoast.com\/wordpress\/plugins\/seo\/ -->\n<title>Grand Prix de R\u00e9publique Tch\u00e8que - FP3 : Morbidelli meilleur temps devant Zarco et Quartararo<\/title>\n<meta name=\"description\" content=\"MOTO GP \u2013 GRAND PRIX DE R\u00c9PUBLIQUE TCH\u00c8QUE \u2013 Franco Morbidelli (Petronas Yamaha) a r\u00e9alis\u00e9 le meilleur temps des FP3 \u00e0 Brno.\" \/>\n<meta name=\"robots\" content=\"index, follow, max-snippet:-1, max-image-preview:large, max-video-preview:-1\" \/>\n<link rel=\"canonical\" href=\"https:\/\/dicodusport.fr\/blog\/moto-gp-grand-prix-de-republique-tcheque-fp3-morbidelli-meilleur-temps-devant-zarco-et-quartararo\/\" \/>\n<meta property=\"og:locale\" content=\"fr_FR\" \/>\n<meta property=\"og:type\" content=\"article\" \/>\n<meta property=\"og:title\" content=\"GP R\u00e9publique Tch\u00e8que - FP3 : Morbidelli meilleur temps devant Zarco et Quartararo\" \/>\n<meta property=\"og:description\" content=\"MOTO GP \u2013 GRAND PRIX DE R\u00c9PUBLIQUE TCH\u00c8QUE \u2013 Franco Morbidelli (Petronas Yamaha) a r\u00e9alis\u00e9 le meilleur temps des FP3 \u00e0 Brno.\" \/>\n<meta property=\"og:url\" content=\"https:\/\/dicodusport.fr\/blog\/moto-gp-grand-prix-de-republique-tcheque-fp3-morbidelli-meilleur-temps-devant-zarco-et-quartararo\/\" \/>\n<meta property=\"og:site_name\" content=\"Dicodusport\" \/>\n<meta property=\"article:publisher\" content=\"https:\/\/www.facebook.com\/dicodusport\" \/>\n<meta property=\"article:author\" content=\"https:\/\/www.facebook.com\/florent.ostermann\" \/>\n<meta property=\"article:published_time\" content=\"2020-08-08T08:47:50+00:00\" \/>\n<meta property=\"article:modified_time\" content=\"2020-08-08T09:02:12+00:00\" \/>\n<meta property=\"og:image\" content=\"https:\/\/dicodusport.fr\/blog\/wp-content\/uploads\/2020\/08\/Grand-Prix-de-R\u00e9publique-Tch\u00e8que-FP3-Morbidelli-meilleur-temps-devant-Zarco-et-Quartararo.png\" \/>\n\t<meta property=\"og:image:width\" content=\"800\" \/>\n\t<meta property=\"og:image:height\" content=\"445\" \/>\n\t<meta property=\"og:image:type\" content=\"image\/png\" \/>\n<meta name=\"author\" content=\"Flo Ostermann\" \/>\n<meta name=\"twitter:card\" content=\"summary_large_image\" \/>\n<meta name=\"twitter:title\" content=\"GP R\u00e9publique Tch\u00e8que - FP3 : Morbidelli meilleur temps devant Zarco et Quartararo\" \/>\n<meta name=\"twitter:creator\" content=\"@https:\/\/twitter.com\/FlOstermann\" \/>\n<meta name=\"twitter:site\" content=\"@dicodusport\" \/>\n<script type=\"application\/ld+json\" class=\"yoast-schema-graph\">{\"@context\":\"https:\/\/schema.org\",\"@graph\":[{\"@type\":\"NewsArticle\",\"@id\":\"https:\/\/dicodusport.fr\/blog\/moto-gp-grand-prix-de-republique-tcheque-fp3-morbidelli-meilleur-temps-devant-zarco-et-quartararo\/#article\",\"isPartOf\":{\"@id\":\"https:\/\/dicodusport.fr\/blog\/moto-gp-grand-prix-de-republique-tcheque-fp3-morbidelli-meilleur-temps-devant-zarco-et-quartararo\/\"},\"author\":{\"name\":\"Flo Ostermann\",\"@id\":\"https:\/\/dicodusport.fr\/blog\/#\/schema\/person\/cb02af4c173ce4a653b55e9baf388d4a\"},\"headline\":\"Grand Prix de R\u00e9publique Tch\u00e8que &#8211; FP3 : Morbidelli meilleur temps devant Zarco et Quartararo\",\"datePublished\":\"2020-08-08T08:47:50+00:00\",\"dateModified\":\"2020-08-08T09:02:12+00:00\",\"mainEntityOfPage\":{\"@id\":\"https:\/\/dicodusport.fr\/blog\/moto-gp-grand-prix-de-republique-tcheque-fp3-morbidelli-meilleur-temps-devant-zarco-et-quartararo\/\"},\"wordCount\":170,\"commentCount\":0,\"publisher\":{\"@id\":\"https:\/\/dicodusport.fr\/blog\/#organization\"},\"image\":{\"@id\":\"https:\/\/dicodusport.fr\/blog\/moto-gp-grand-prix-de-republique-tcheque-fp3-morbidelli-meilleur-temps-devant-zarco-et-quartararo\/#primaryimage\"},\"thumbnailUrl\":\"https:\/\/dicodusport.fr\/blog\/wp-content\/uploads\/2020\/08\/Grand-Prix-de-R\u00e9publique-Tch\u00e8que-FP3-Morbidelli-meilleur-temps-devant-Zarco-et-Quartararo.png\",\"keywords\":[\"Grand Prix de R\u00e9publique Tch\u00e8que\",\"Moto GP\"],\"articleSection\":[\"Moto\"],\"inLanguage\":\"fr-FR\",\"potentialAction\":[{\"@type\":\"CommentAction\",\"name\":\"Comment\",\"target\":[\"https:\/\/dicodusport.fr\/blog\/moto-gp-grand-prix-de-republique-tcheque-fp3-morbidelli-meilleur-temps-devant-zarco-et-quartararo\/#respond\"]}],\"copyrightYear\":\"2020\",\"copyrightHolder\":{\"@id\":\"https:\/\/dicodusport.fr\/blog\/#organization\"}},{\"@type\":\"WebPage\",\"@id\":\"https:\/\/dicodusport.fr\/blog\/moto-gp-grand-prix-de-republique-tcheque-fp3-morbidelli-meilleur-temps-devant-zarco-et-quartararo\/\",\"url\":\"https:\/\/dicodusport.fr\/blog\/moto-gp-grand-prix-de-republique-tcheque-fp3-morbidelli-meilleur-temps-devant-zarco-et-quartararo\/\",\"name\":\"Grand Prix de R\u00e9publique Tch\u00e8que - FP3 : Morbidelli meilleur temps devant Zarco et Quartararo\",\"isPartOf\":{\"@id\":\"https:\/\/dicodusport.fr\/blog\/#website\"},\"primaryImageOfPage\":{\"@id\":\"https:\/\/dicodusport.fr\/blog\/moto-gp-grand-prix-de-republique-tcheque-fp3-morbidelli-meilleur-temps-devant-zarco-et-quartararo\/#primaryimage\"},\"image\":{\"@id\":\"https:\/\/dicodusport.fr\/blog\/moto-gp-grand-prix-de-republique-tcheque-fp3-morbidelli-meilleur-temps-devant-zarco-et-quartararo\/#primaryimage\"},\"thumbnailUrl\":\"https:\/\/dicodusport.fr\/blog\/wp-content\/uploads\/2020\/08\/Grand-Prix-de-R\u00e9publique-Tch\u00e8que-FP3-Morbidelli-meilleur-temps-devant-Zarco-et-Quartararo.png\",\"datePublished\":\"2020-08-08T08:47:50+00:00\",\"dateModified\":\"2020-08-08T09:02:12+00:00\",\"description\":\"MOTO GP \u2013 GRAND PRIX DE R\u00c9PUBLIQUE TCH\u00c8QUE \u2013 Franco Morbidelli (Petronas Yamaha) a r\u00e9alis\u00e9 le meilleur temps des FP3 \u00e0 Brno.\",\"breadcrumb\":{\"@id\":\"https:\/\/dicodusport.fr\/blog\/moto-gp-grand-prix-de-republique-tcheque-fp3-morbidelli-meilleur-temps-devant-zarco-et-quartararo\/#breadcrumb\"},\"inLanguage\":\"fr-FR\",\"potentialAction\":[{\"@type\":\"ReadAction\",\"target\":[\"https:\/\/dicodusport.fr\/blog\/moto-gp-grand-prix-de-republique-tcheque-fp3-morbidelli-meilleur-temps-devant-zarco-et-quartararo\/\"]}]},{\"@type\":\"ImageObject\",\"inLanguage\":\"fr-FR\",\"@id\":\"https:\/\/dicodusport.fr\/blog\/moto-gp-grand-prix-de-republique-tcheque-fp3-morbidelli-meilleur-temps-devant-zarco-et-quartararo\/#primaryimage\",\"url\":\"https:\/\/dicodusport.fr\/blog\/wp-content\/uploads\/2020\/08\/Grand-Prix-de-R\u00e9publique-Tch\u00e8que-FP3-Morbidelli-meilleur-temps-devant-Zarco-et-Quartararo.png\",\"contentUrl\":\"https:\/\/dicodusport.fr\/blog\/wp-content\/uploads\/2020\/08\/Grand-Prix-de-R\u00e9publique-Tch\u00e8que-FP3-Morbidelli-meilleur-temps-devant-Zarco-et-Quartararo.png\",\"width\":800,\"height\":445,\"caption\":\"Grand Prix de R\u00e9publique Tch\u00e8que - FP3 : Morbidelli meilleur temps devant Zarco et Quartararo\"},{\"@type\":\"BreadcrumbList\",\"@id\":\"https:\/\/dicodusport.fr\/blog\/moto-gp-grand-prix-de-republique-tcheque-fp3-morbidelli-meilleur-temps-devant-zarco-et-quartararo\/#breadcrumb\",\"itemListElement\":[{\"@type\":\"ListItem\",\"position\":1,\"name\":\"Accueil\",\"item\":\"https:\/\/dicodusport.fr\/blog\/\"},{\"@type\":\"ListItem\",\"position\":2,\"name\":\"Grand Prix de R\u00e9publique Tch\u00e8que &#8211; FP3 : Morbidelli meilleur temps devant Zarco et Quartararo\"}]},{\"@type\":\"WebSite\",\"@id\":\"https:\/\/dicodusport.fr\/blog\/#website\",\"url\":\"https:\/\/dicodusport.fr\/blog\/\",\"name\":\"Dicodusport\",\"description\":\"L&#039;encyclop\u00e9die de l&#039;actualit\u00e9 sportive\",\"publisher\":{\"@id\":\"https:\/\/dicodusport.fr\/blog\/#organization\"},\"potentialAction\":[{\"@type\":\"SearchAction\",\"target\":{\"@type\":\"EntryPoint\",\"urlTemplate\":\"https:\/\/dicodusport.fr\/blog\/?s={search_term_string}\"},\"query-input\":{\"@type\":\"PropertyValueSpecification\",\"valueRequired\":true,\"valueName\":\"search_term_string\"}}],\"inLanguage\":\"fr-FR\"},{\"@type\":\"NewsMediaOrganization\",\"@id\":\"https:\/\/dicodusport.fr\/blog\/#organization\",\"name\":\"Dicodusport\",\"url\":\"https:\/\/dicodusport.fr\/blog\/\",\"logo\":{\"@type\":\"ImageObject\",\"inLanguage\":\"fr-FR\",\"@id\":\"https:\/\/dicodusport.fr\/blog\/#\/schema\/logo\/image\/\",\"url\":\"https:\/\/dicodusport.fr\/blog\/wp-content\/uploads\/2020\/06\/cropped-LOGO-DICODUSPORT-2020-SANS-FOND-SANS-TEXTE.png\",\"contentUrl\":\"https:\/\/dicodusport.fr\/blog\/wp-content\/uploads\/2020\/06\/cropped-LOGO-DICODUSPORT-2020-SANS-FOND-SANS-TEXTE.png\",\"width\":512,\"height\":512,\"caption\":\"Dicodusport\"},\"image\":{\"@id\":\"https:\/\/dicodusport.fr\/blog\/#\/schema\/logo\/image\/\"},\"sameAs\":[\"https:\/\/www.facebook.com\/dicodusport\",\"https:\/\/x.com\/dicodusport\",\"https:\/\/www.instagram.com\/dicodusport\/\",\"https:\/\/www.youtube.com\/channel\/UC7V2KZ5sd3htJivAbA4ZG3w\"],\"description\":\"Dicodusport est l'encyclop\u00e9die de l'actualit\u00e9 sportive.\",\"email\":\"bonjour@dicodusport.fr\",\"legalName\":\"DICODUSPORT\",\"foundingDate\":\"2018-01-14\",\"vatID\":\"FR71834470973\",\"taxID\":\"83447097300043\",\"numberOfEmployees\":{\"@type\":\"QuantitativeValue\",\"minValue\":\"1\",\"maxValue\":\"10\"}},{\"@type\":\"Person\",\"@id\":\"https:\/\/dicodusport.fr\/blog\/#\/schema\/person\/cb02af4c173ce4a653b55e9baf388d4a\",\"name\":\"Flo Ostermann\",\"image\":{\"@type\":\"ImageObject\",\"inLanguage\":\"fr-FR\",\"@id\":\"https:\/\/dicodusport.fr\/blog\/#\/schema\/person\/image\/\",\"url\":\"https:\/\/dicodusport.fr\/blog\/wp-content\/uploads\/2021\/05\/Flo-Ostermann-150x150.jpg\",\"contentUrl\":\"https:\/\/dicodusport.fr\/blog\/wp-content\/uploads\/2021\/05\/Flo-Ostermann-150x150.jpg\",\"caption\":\"Flo Ostermann\"},\"description\":\"Journaliste\/R\u00e9dacteur depuis septembre 2015 - Mes premiers souvenirs dans le sport ? Les envol\u00e9es du Stade Toulousain et les duels Villeneuve-Schumacher et H\u00e4kkinen-Schumacher \u00e0 la fin des ann\u00e9es 90, la Coupe du monde de football en 1998, l\u2019exploit du XV de France face aux All Blacks en 1999, mais aussi Richard C\u0153ur de Lion qui vole sur les montagnes du Tour de France. Bien parti pour devenir professeur d\u2019EPS, les \u00e9v\u00e9nements de la vie (et la flemme d\u2019animer des s\u00e9ances de 3x500 m\u00e8tres toute ma vie) m\u2019ont conduit \u00e0 revoir mes plans. Me voil\u00e0 depuis fin 2017 sur Dicodusport, m\u00e9dia gr\u00e2ce (et pour) lequel je partage ma passion : le sport dans tous ses \u00e9tats. Le tout accompagn\u00e9 par les fous furieux et folles furieuses cit\u00e9s sur cette page !\",\"sameAs\":[\"https:\/\/www.facebook.com\/florent.ostermann\",\"https:\/\/x.com\/https:\/\/twitter.com\/FlOstermann\",\"admin\"],\"url\":\"https:\/\/dicodusport.fr\/blog\/author\/flo\/\"}]}<\/script>\n<!-- \/ Yoast SEO Premium plugin. -->","yoast_head_json":{"title":"Grand Prix de R\u00e9publique Tch\u00e8que - FP3 : Morbidelli meilleur temps devant Zarco et Quartararo","description":"MOTO GP \u2013 GRAND PRIX DE R\u00c9PUBLIQUE TCH\u00c8QUE \u2013 Franco Morbidelli (Petronas Yamaha) a r\u00e9alis\u00e9 le meilleur temps des FP3 \u00e0 Brno.","robots":{"index":"index","follow":"follow","max-snippet":"max-snippet:-1","max-image-preview":"max-image-preview:large","max-video-preview":"max-video-preview:-1"},"canonical":"https:\/\/dicodusport.fr\/blog\/moto-gp-grand-prix-de-republique-tcheque-fp3-morbidelli-meilleur-temps-devant-zarco-et-quartararo\/","og_locale":"fr_FR","og_type":"article","og_title":"GP R\u00e9publique Tch\u00e8que - FP3 : Morbidelli meilleur temps devant Zarco et Quartararo","og_description":"MOTO GP \u2013 GRAND PRIX DE R\u00c9PUBLIQUE TCH\u00c8QUE \u2013 Franco Morbidelli (Petronas Yamaha) a r\u00e9alis\u00e9 le meilleur temps des FP3 \u00e0 Brno.","og_url":"https:\/\/dicodusport.fr\/blog\/moto-gp-grand-prix-de-republique-tcheque-fp3-morbidelli-meilleur-temps-devant-zarco-et-quartararo\/","og_site_name":"Dicodusport","article_publisher":"https:\/\/www.facebook.com\/dicodusport","article_author":"https:\/\/www.facebook.com\/florent.ostermann","article_published_time":"2020-08-08T08:47:50+00:00","article_modified_time":"2020-08-08T09:02:12+00:00","og_image":[{"width":800,"height":445,"url":"https:\/\/dicodusport.fr\/blog\/wp-content\/uploads\/2020\/08\/Grand-Prix-de-R\u00e9publique-Tch\u00e8que-FP3-Morbidelli-meilleur-temps-devant-Zarco-et-Quartararo.png","type":"image\/png"}],"author":"Flo Ostermann","twitter_card":"summary_large_image","twitter_title":"GP R\u00e9publique Tch\u00e8que - FP3 : Morbidelli meilleur temps devant Zarco et Quartararo","twitter_creator":"@https:\/\/twitter.com\/FlOstermann","twitter_site":"@dicodusport","schema":{"@context":"https:\/\/schema.org","@graph":[{"@type":"NewsArticle","@id":"https:\/\/dicodusport.fr\/blog\/moto-gp-grand-prix-de-republique-tcheque-fp3-morbidelli-meilleur-temps-devant-zarco-et-quartararo\/#article","isPartOf":{"@id":"https:\/\/dicodusport.fr\/blog\/moto-gp-grand-prix-de-republique-tcheque-fp3-morbidelli-meilleur-temps-devant-zarco-et-quartararo\/"},"author":{"name":"Flo Ostermann","@id":"https:\/\/dicodusport.fr\/blog\/#\/schema\/person\/cb02af4c173ce4a653b55e9baf388d4a"},"headline":"Grand Prix de R\u00e9publique Tch\u00e8que &#8211; FP3 : Morbidelli meilleur temps devant Zarco et Quartararo","datePublished":"2020-08-08T08:47:50+00:00","dateModified":"2020-08-08T09:02:12+00:00","mainEntityOfPage":{"@id":"https:\/\/dicodusport.fr\/blog\/moto-gp-grand-prix-de-republique-tcheque-fp3-morbidelli-meilleur-temps-devant-zarco-et-quartararo\/"},"wordCount":170,"commentCount":0,"publisher":{"@id":"https:\/\/dicodusport.fr\/blog\/#organization"},"image":{"@id":"https:\/\/dicodusport.fr\/blog\/moto-gp-grand-prix-de-republique-tcheque-fp3-morbidelli-meilleur-temps-devant-zarco-et-quartararo\/#primaryimage"},"thumbnailUrl":"https:\/\/dicodusport.fr\/blog\/wp-content\/uploads\/2020\/08\/Grand-Prix-de-R\u00e9publique-Tch\u00e8que-FP3-Morbidelli-meilleur-temps-devant-Zarco-et-Quartararo.png","keywords":["Grand Prix de R\u00e9publique Tch\u00e8que","Moto GP"],"articleSection":["Moto"],"inLanguage":"fr-FR","potentialAction":[{"@type":"CommentAction","name":"Comment","target":["https:\/\/dicodusport.fr\/blog\/moto-gp-grand-prix-de-republique-tcheque-fp3-morbidelli-meilleur-temps-devant-zarco-et-quartararo\/#respond"]}],"copyrightYear":"2020","copyrightHolder":{"@id":"https:\/\/dicodusport.fr\/blog\/#organization"}},{"@type":"WebPage","@id":"https:\/\/dicodusport.fr\/blog\/moto-gp-grand-prix-de-republique-tcheque-fp3-morbidelli-meilleur-temps-devant-zarco-et-quartararo\/","url":"https:\/\/dicodusport.fr\/blog\/moto-gp-grand-prix-de-republique-tcheque-fp3-morbidelli-meilleur-temps-devant-zarco-et-quartararo\/","name":"Grand Prix de R\u00e9publique Tch\u00e8que - FP3 : Morbidelli meilleur temps devant Zarco et Quartararo","isPartOf":{"@id":"https:\/\/dicodusport.fr\/blog\/#website"},"primaryImageOfPage":{"@id":"https:\/\/dicodusport.fr\/blog\/moto-gp-grand-prix-de-republique-tcheque-fp3-morbidelli-meilleur-temps-devant-zarco-et-quartararo\/#primaryimage"},"image":{"@id":"https:\/\/dicodusport.fr\/blog\/moto-gp-grand-prix-de-republique-tcheque-fp3-morbidelli-meilleur-temps-devant-zarco-et-quartararo\/#primaryimage"},"thumbnailUrl":"https:\/\/dicodusport.fr\/blog\/wp-content\/uploads\/2020\/08\/Grand-Prix-de-R\u00e9publique-Tch\u00e8que-FP3-Morbidelli-meilleur-temps-devant-Zarco-et-Quartararo.png","datePublished":"2020-08-08T08:47:50+00:00","dateModified":"2020-08-08T09:02:12+00:00","description":"MOTO GP \u2013 GRAND PRIX DE R\u00c9PUBLIQUE TCH\u00c8QUE \u2013 Franco Morbidelli (Petronas Yamaha) a r\u00e9alis\u00e9 le meilleur temps des FP3 \u00e0 Brno.","breadcrumb":{"@id":"https:\/\/dicodusport.fr\/blog\/moto-gp-grand-prix-de-republique-tcheque-fp3-morbidelli-meilleur-temps-devant-zarco-et-quartararo\/#breadcrumb"},"inLanguage":"fr-FR","potentialAction":[{"@type":"ReadAction","target":["https:\/\/dicodusport.fr\/blog\/moto-gp-grand-prix-de-republique-tcheque-fp3-morbidelli-meilleur-temps-devant-zarco-et-quartararo\/"]}]},{"@type":"ImageObject","inLanguage":"fr-FR","@id":"https:\/\/dicodusport.fr\/blog\/moto-gp-grand-prix-de-republique-tcheque-fp3-morbidelli-meilleur-temps-devant-zarco-et-quartararo\/#primaryimage","url":"https:\/\/dicodusport.fr\/blog\/wp-content\/uploads\/2020\/08\/Grand-Prix-de-R\u00e9publique-Tch\u00e8que-FP3-Morbidelli-meilleur-temps-devant-Zarco-et-Quartararo.png","contentUrl":"https:\/\/dicodusport.fr\/blog\/wp-content\/uploads\/2020\/08\/Grand-Prix-de-R\u00e9publique-Tch\u00e8que-FP3-Morbidelli-meilleur-temps-devant-Zarco-et-Quartararo.png","width":800,"height":445,"caption":"Grand Prix de R\u00e9publique Tch\u00e8que - FP3 : Morbidelli meilleur temps devant Zarco et Quartararo"},{"@type":"BreadcrumbList","@id":"https:\/\/dicodusport.fr\/blog\/moto-gp-grand-prix-de-republique-tcheque-fp3-morbidelli-meilleur-temps-devant-zarco-et-quartararo\/#breadcrumb","itemListElement":[{"@type":"ListItem","position":1,"name":"Accueil","item":"https:\/\/dicodusport.fr\/blog\/"},{"@type":"ListItem","position":2,"name":"Grand Prix de R\u00e9publique Tch\u00e8que &#8211; FP3 : Morbidelli meilleur temps devant Zarco et Quartararo"}]},{"@type":"WebSite","@id":"https:\/\/dicodusport.fr\/blog\/#website","url":"https:\/\/dicodusport.fr\/blog\/","name":"Dicodusport","description":"L&#039;encyclop\u00e9die de l&#039;actualit\u00e9 sportive","publisher":{"@id":"https:\/\/dicodusport.fr\/blog\/#organization"},"potentialAction":[{"@type":"SearchAction","target":{"@type":"EntryPoint","urlTemplate":"https:\/\/dicodusport.fr\/blog\/?s={search_term_string}"},"query-input":{"@type":"PropertyValueSpecification","valueRequired":true,"valueName":"search_term_string"}}],"inLanguage":"fr-FR"},{"@type":"NewsMediaOrganization","@id":"https:\/\/dicodusport.fr\/blog\/#organization","name":"Dicodusport","url":"https:\/\/dicodusport.fr\/blog\/","logo":{"@type":"ImageObject","inLanguage":"fr-FR","@id":"https:\/\/dicodusport.fr\/blog\/#\/schema\/logo\/image\/","url":"https:\/\/dicodusport.fr\/blog\/wp-content\/uploads\/2020\/06\/cropped-LOGO-DICODUSPORT-2020-SANS-FOND-SANS-TEXTE.png","contentUrl":"https:\/\/dicodusport.fr\/blog\/wp-content\/uploads\/2020\/06\/cropped-LOGO-DICODUSPORT-2020-SANS-FOND-SANS-TEXTE.png","width":512,"height":512,"caption":"Dicodusport"},"image":{"@id":"https:\/\/dicodusport.fr\/blog\/#\/schema\/logo\/image\/"},"sameAs":["https:\/\/www.facebook.com\/dicodusport","https:\/\/x.com\/dicodusport","https:\/\/www.instagram.com\/dicodusport\/","https:\/\/www.youtube.com\/channel\/UC7V2KZ5sd3htJivAbA4ZG3w"],"description":"Dicodusport est l'encyclop\u00e9die de l'actualit\u00e9 sportive.","email":"bonjour@dicodusport.fr","legalName":"DICODUSPORT","foundingDate":"2018-01-14","vatID":"FR71834470973","taxID":"83447097300043","numberOfEmployees":{"@type":"QuantitativeValue","minValue":"1","maxValue":"10"}},{"@type":"Person","@id":"https:\/\/dicodusport.fr\/blog\/#\/schema\/person\/cb02af4c173ce4a653b55e9baf388d4a","name":"Flo Ostermann","image":{"@type":"ImageObject","inLanguage":"fr-FR","@id":"https:\/\/dicodusport.fr\/blog\/#\/schema\/person\/image\/","url":"https:\/\/dicodusport.fr\/blog\/wp-content\/uploads\/2021\/05\/Flo-Ostermann-150x150.jpg","contentUrl":"https:\/\/dicodusport.fr\/blog\/wp-content\/uploads\/2021\/05\/Flo-Ostermann-150x150.jpg","caption":"Flo Ostermann"},"description":"Journaliste\/R\u00e9dacteur depuis septembre 2015 - Mes premiers souvenirs dans le sport ? Les envol\u00e9es du Stade Toulousain et les duels Villeneuve-Schumacher et H\u00e4kkinen-Schumacher \u00e0 la fin des ann\u00e9es 90, la Coupe du monde de football en 1998, l\u2019exploit du XV de France face aux All Blacks en 1999, mais aussi Richard C\u0153ur de Lion qui vole sur les montagnes du Tour de France. Bien parti pour devenir professeur d\u2019EPS, les \u00e9v\u00e9nements de la vie (et la flemme d\u2019animer des s\u00e9ances de 3x500 m\u00e8tres toute ma vie) m\u2019ont conduit \u00e0 revoir mes plans. Me voil\u00e0 depuis fin 2017 sur Dicodusport, m\u00e9dia gr\u00e2ce (et pour) lequel je partage ma passion : le sport dans tous ses \u00e9tats. Le tout accompagn\u00e9 par les fous furieux et folles furieuses cit\u00e9s sur cette page !","sameAs":["https:\/\/www.facebook.com\/florent.ostermann","https:\/\/x.com\/https:\/\/twitter.com\/FlOstermann","admin"],"url":"https:\/\/dicodusport.fr\/blog\/author\/flo\/"}]}},"_links":{"self":[{"href":"https:\/\/dicodusport.fr\/blog\/wp-json\/wp\/v2\/posts\/73673","targetHints":{"allow":["GET"]}}],"collection":[{"href":"https:\/\/dicodusport.fr\/blog\/wp-json\/wp\/v2\/posts"}],"about":[{"href":"https:\/\/dicodusport.fr\/blog\/wp-json\/wp\/v2\/types\/post"}],"author":[{"embeddable":true,"href":"https:\/\/dicodusport.fr\/blog\/wp-json\/wp\/v2\/users\/4"}],"replies":[{"embeddable":true,"href":"https:\/\/dicodusport.fr\/blog\/wp-json\/wp\/v2\/comments?post=73673"}],"version-history":[{"count":0,"href":"https:\/\/dicodusport.fr\/blog\/wp-json\/wp\/v2\/posts\/73673\/revisions"}],"wp:featuredmedia":[{"embeddable":true,"href":"https:\/\/dicodusport.fr\/blog\/wp-json\/wp\/v2\/media\/73679"}],"wp:attachment":[{"href":"https:\/\/dicodusport.fr\/blog\/wp-json\/wp\/v2\/media?parent=73673"}],"wp:term":[{"taxonomy":"category","embeddable":true,"href":"https:\/\/dicodusport.fr\/blog\/wp-json\/wp\/v2\/categories?post=73673"},{"taxonomy":"post_tag","embeddable":true,"href":"https:\/\/dicodusport.fr\/blog\/wp-json\/wp\/v2\/tags?post=73673"}],"curies":[{"name":"wp","href":"https:\/\/api.w.org\/{rel}","templated":true}]}}