{"id":73689,"date":"2020-08-08T17:26:50","date_gmt":"2020-08-08T15:26:50","guid":{"rendered":"http:\/\/dicodusport.fr\/blog\/?p=73689&#038;preview=true&#038;preview_id=73689"},"modified":"2025-09-16T09:05:34","modified_gmt":"2025-09-16T07:05:34","slug":"cristiano-ronaldo-et-karim-benzema-heros-dechus","status":"publish","type":"post","link":"https:\/\/dicodusport.fr\/blog\/cristiano-ronaldo-et-karim-benzema-heros-dechus\/","title":{"rendered":"Cristiano Ronaldo et Karim Benzema, h\u00e9ros d\u00e9chus"},"content":{"rendered":"<p style=\"text-align: justify;\"><strong><em>FOOTBALL &#8211; Ensemble ils ont remport\u00e9 quatre Ligues des champions. Mais depuis que Cristiano Ronaldo a quitt\u00e9 le Real Madrid et Karim Benzema, les deux anciens comp\u00e8res sont bien loin du but.\u00a0<\/em><\/strong><\/p>\n<p style=\"text-align: justify;\">Ce qu&rsquo;il faut d&rsquo;abord noter, c&rsquo;est que si la <strong>Juve<\/strong> et le <strong>Real Madrid<\/strong> ont \u00e9t\u00e9 \u00e9limin\u00e9s en huiti\u00e8mes de finale cette saison, ils ne sont pas les plus \u00e0 bl\u00e2mer. Bien au contraire. <strong>Cristiano Ronaldo<\/strong> a tout tent\u00e9 face \u00e0 l&rsquo;<strong>Olympique Lyonnais<\/strong> et a une nouvelle fois marqu\u00e9 un but exceptionnel du pied gauche. Avant la pause, il avait d\u00e9j\u00e0 relanc\u00e9 son \u00e9quipe avec un penalty et sans un tr\u00e8s bel arr\u00eat d&rsquo;<strong>Anthony Lopes<\/strong>, il aurait m\u00eame pu en inscrire un but de plus.<\/p>\n<p style=\"text-align: justify;\">Face \u00e0 <strong>Manchester City<\/strong>, <a href=\"https:\/\/dicodusport.fr\/blog\/tag\/karim-benzema\/\" target=\"_blank\" rel=\"noopener noreferrer\"><strong>Karim Benzema<\/strong><\/a> a encore \u00e9t\u00e9 le meilleur joueur de la Maison Blanche. \u00c0 la construction et \u00e0 la finition du seul but de son \u00e9quipe, il a r\u00e9ussi presque tout ce qu&rsquo;il a entrepris. Eden Hazard a \u00e9t\u00e9 une nouvelle fois d\u00e9cevant et l&rsquo;avant-centre fran\u00e7ais a encore d\u00fb \u00eatre au four et au moulin pour cr\u00e9er des d\u00e9calages. Comme tr\u00e8s souvent.<\/p>\n<h2 style=\"text-align: justify;\">L&rsquo;\u00e9chec des deux derni\u00e8res saison prouve la valeur de leur duo<\/h2>\n<p style=\"text-align: justify;\">Depuis deux saisons qu&rsquo;ils ne jouent plus ensemble, ils n&rsquo;ont pas fait mieux qu&rsquo;un quart de finale, et trois huiti\u00e8mes de finale. Un maigre bilan pour ces deux hommes qui ont remport\u00e9 quatre <strong>Ligues des Champions<\/strong> en cinq ans. Si <strong>Cristiano Ronaldo<\/strong> a souvent pris la lumi\u00e8re, et \u00e0 juste titre, le duo qu&rsquo;il formait avec <strong>Karim Benzema<\/strong> fait probablement partie des meilleurs de l&rsquo;histoire du football, tant ils ont domin\u00e9 le football europ\u00e9en et que leur complicit\u00e9 sautait aux yeux sur le terrain.<\/p>\n<p style=\"text-align: justify;\">On peut lire \u00e0 droite \u00e0 gauche que <strong>Karim Benzema<\/strong> est meilleur sans <strong>Cristiano Ronaldo<\/strong>. Il est certainement plus d\u00e9cisif et les statistiques parlent d&rsquo;elles-m\u00eames. Cela fait des ann\u00e9es que le Fran\u00e7ais brille \u00e0 la pointe du Real, dans un registre diff\u00e9rent, mais au moins aussi important. De son c\u00f4t\u00e9, <strong>CR7<\/strong>, m\u00eame s&rsquo;il y a aussi le poids des ann\u00e9es, semble avoir plus de mal \u00e0 briller avec <strong>Paulo Dybala<\/strong>, malgr\u00e9 son grand talent.<\/p>\n<p style=\"text-align: justify;\">La saison prochaine, ils auront chacun une nouvelle chance de remporter la Coupe aux grandes oreilles, l&rsquo;un sans l&rsquo;autre. Mais une nouvelle fois, la t\u00e2che sera loin d&rsquo;\u00eatre ais\u00e9e. Comme depuis deux ans.<\/p>\n<p style=\"text-align: justify;\"><strong><em>Dicodusport<br \/>\n<a href=\"https:\/\/www.facebook.com\/dicodusport\/\" target=\"_blank\" rel=\"noopener noreferrer\"><img loading=\"lazy\" decoding=\"async\" class=\"alignnone wp-image-2909\" src=\"http:\/\/dicodusport.fr\/blog\/wp-content\/uploads\/2017\/07\/logo-facebook-150x150.png\" alt=\"\" width=\"40\" height=\"40\" \/><\/a><a href=\"https:\/\/twitter.com\/dicodusport\" target=\"_blank\" rel=\"noopener noreferrer\"><img loading=\"lazy\" decoding=\"async\" class=\"alignnone wp-image-2908\" src=\"http:\/\/dicodusport.fr\/blog\/wp-content\/uploads\/2017\/07\/logo-twitter-150x150.png\" alt=\"\" width=\"39\" height=\"39\" \/><\/a><\/em><\/strong><\/p>\n","protected":false},"excerpt":{"rendered":"<p>FOOTBALL &#8211; Ensemble ils ont remport\u00e9 quatre Ligues des champions. Mais depuis que Cristiano Ronaldo a quitt\u00e9 le Real Madrid et Karim Benzema, les deux anciens comp\u00e8res sont bien loin du but.\u00a0<\/p>\n","protected":false},"author":1,"featured_media":73730,"comment_status":"open","ping_status":"closed","sticky":false,"template":"","format":"standard","meta":{"_acf_changed":false,"_daextam_enable_autolinks":"","footnotes":""},"categories":[47250],"tags":[386,75,4727,419],"class_list":["post-73689","post","type-post","status-publish","format-standard","has-post-thumbnail","hentry","category-ligue-des-champions-de-football","tag-cristiano-ronaldo","tag-football","tag-karim-benzema","tag-ligue-des-champions"],"acf":[],"yoast_head":"<!-- This site is optimized with the Yoast SEO Premium plugin v26.7 (Yoast SEO v26.7) - https:\/\/yoast.com\/wordpress\/plugins\/seo\/ -->\n<title>Cristiano Ronaldo et Karim Benzema, h\u00e9ros d\u00e9chus<\/title>\n<meta name=\"description\" content=\"FOOTBALL - Ensemble ils ont remport\u00e9 quatre Ligues des champions. Mais depuis que Cristiano Ronaldo a quitt\u00e9 le Real Madrid et Karim Benzema, les deux anciens comp\u00e8res sont bien loin du but.\u00a0\" \/>\n<meta name=\"robots\" content=\"index, follow, max-snippet:-1, max-image-preview:large, max-video-preview:-1\" \/>\n<link rel=\"canonical\" href=\"https:\/\/dicodusport.fr\/blog\/cristiano-ronaldo-et-karim-benzema-heros-dechus\/\" \/>\n<meta property=\"og:locale\" content=\"fr_FR\" \/>\n<meta property=\"og:type\" content=\"article\" \/>\n<meta property=\"og:title\" content=\"Cristiano Ronaldo et Karim Benzema, h\u00e9ros d\u00e9chus\" \/>\n<meta property=\"og:description\" content=\"FOOTBALL - Ensemble ils ont remport\u00e9 quatre Ligues des champions. Mais depuis que Cristiano Ronaldo a quitt\u00e9 le Real Madrid et Karim Benzema, les deux anciens comp\u00e8res sont bien loin du but.\u00a0\" \/>\n<meta property=\"og:url\" content=\"https:\/\/dicodusport.fr\/blog\/cristiano-ronaldo-et-karim-benzema-heros-dechus\/\" \/>\n<meta property=\"og:site_name\" content=\"Dicodusport\" \/>\n<meta property=\"article:publisher\" content=\"https:\/\/www.facebook.com\/dicodusport\" \/>\n<meta property=\"article:author\" content=\"https:\/\/www.facebook.com\/dicodusport\" \/>\n<meta property=\"article:published_time\" content=\"2020-08-08T15:26:50+00:00\" \/>\n<meta property=\"article:modified_time\" content=\"2025-09-16T07:05:34+00:00\" \/>\n<meta property=\"og:image\" content=\"https:\/\/dicodusport.fr\/blog\/wp-content\/uploads\/2020\/08\/Cristiano-Ronaldo-et-Karim-Benzema-h\u00e9ros-d\u00e9chus.png\" \/>\n\t<meta property=\"og:image:width\" content=\"800\" \/>\n\t<meta property=\"og:image:height\" content=\"445\" \/>\n\t<meta property=\"og:image:type\" content=\"image\/png\" \/>\n<meta name=\"author\" content=\"Nicolas Jacquemard\" \/>\n<meta name=\"twitter:card\" content=\"summary_large_image\" \/>\n<meta name=\"twitter:title\" content=\"Cristiano Ronaldo et Karim Benzema, h\u00e9ros d\u00e9chus\" \/>\n<meta name=\"twitter:creator\" content=\"@https:\/\/twitter.com\/Nico_Jacquemard\" \/>\n<meta name=\"twitter:site\" content=\"@dicodusport\" \/>\n<script type=\"application\/ld+json\" class=\"yoast-schema-graph\">{\"@context\":\"https:\/\/schema.org\",\"@graph\":[{\"@type\":\"NewsArticle\",\"@id\":\"https:\/\/dicodusport.fr\/blog\/cristiano-ronaldo-et-karim-benzema-heros-dechus\/#article\",\"isPartOf\":{\"@id\":\"https:\/\/dicodusport.fr\/blog\/cristiano-ronaldo-et-karim-benzema-heros-dechus\/\"},\"author\":{\"name\":\"Nicolas Jacquemard\",\"@id\":\"https:\/\/dicodusport.fr\/blog\/#\/schema\/person\/55dcb50ad410894e431ed812bbb70191\"},\"headline\":\"Cristiano Ronaldo et Karim Benzema, h\u00e9ros d\u00e9chus\",\"datePublished\":\"2020-08-08T15:26:50+00:00\",\"dateModified\":\"2025-09-16T07:05:34+00:00\",\"mainEntityOfPage\":{\"@id\":\"https:\/\/dicodusport.fr\/blog\/cristiano-ronaldo-et-karim-benzema-heros-dechus\/\"},\"wordCount\":430,\"commentCount\":0,\"publisher\":{\"@id\":\"https:\/\/dicodusport.fr\/blog\/#organization\"},\"image\":{\"@id\":\"https:\/\/dicodusport.fr\/blog\/cristiano-ronaldo-et-karim-benzema-heros-dechus\/#primaryimage\"},\"thumbnailUrl\":\"https:\/\/dicodusport.fr\/blog\/wp-content\/uploads\/2020\/08\/Cristiano-Ronaldo-et-Karim-Benzema-h\u00e9ros-d\u00e9chus.png\",\"keywords\":[\"Cristiano Ronaldo\",\"Football\",\"Karim Benzema\",\"Ligue des champions\"],\"articleSection\":[\"Ligue des Champions de football\"],\"inLanguage\":\"fr-FR\",\"potentialAction\":[{\"@type\":\"CommentAction\",\"name\":\"Comment\",\"target\":[\"https:\/\/dicodusport.fr\/blog\/cristiano-ronaldo-et-karim-benzema-heros-dechus\/#respond\"]}],\"copyrightYear\":\"2020\",\"copyrightHolder\":{\"@id\":\"https:\/\/dicodusport.fr\/blog\/#organization\"}},{\"@type\":\"WebPage\",\"@id\":\"https:\/\/dicodusport.fr\/blog\/cristiano-ronaldo-et-karim-benzema-heros-dechus\/\",\"url\":\"https:\/\/dicodusport.fr\/blog\/cristiano-ronaldo-et-karim-benzema-heros-dechus\/\",\"name\":\"Cristiano Ronaldo et Karim Benzema, h\u00e9ros d\u00e9chus\",\"isPartOf\":{\"@id\":\"https:\/\/dicodusport.fr\/blog\/#website\"},\"primaryImageOfPage\":{\"@id\":\"https:\/\/dicodusport.fr\/blog\/cristiano-ronaldo-et-karim-benzema-heros-dechus\/#primaryimage\"},\"image\":{\"@id\":\"https:\/\/dicodusport.fr\/blog\/cristiano-ronaldo-et-karim-benzema-heros-dechus\/#primaryimage\"},\"thumbnailUrl\":\"https:\/\/dicodusport.fr\/blog\/wp-content\/uploads\/2020\/08\/Cristiano-Ronaldo-et-Karim-Benzema-h\u00e9ros-d\u00e9chus.png\",\"datePublished\":\"2020-08-08T15:26:50+00:00\",\"dateModified\":\"2025-09-16T07:05:34+00:00\",\"description\":\"FOOTBALL - Ensemble ils ont remport\u00e9 quatre Ligues des champions. Mais depuis que Cristiano Ronaldo a quitt\u00e9 le Real Madrid et Karim Benzema, les deux anciens comp\u00e8res sont bien loin du but.\u00a0\",\"breadcrumb\":{\"@id\":\"https:\/\/dicodusport.fr\/blog\/cristiano-ronaldo-et-karim-benzema-heros-dechus\/#breadcrumb\"},\"inLanguage\":\"fr-FR\",\"potentialAction\":[{\"@type\":\"ReadAction\",\"target\":[\"https:\/\/dicodusport.fr\/blog\/cristiano-ronaldo-et-karim-benzema-heros-dechus\/\"]}]},{\"@type\":\"ImageObject\",\"inLanguage\":\"fr-FR\",\"@id\":\"https:\/\/dicodusport.fr\/blog\/cristiano-ronaldo-et-karim-benzema-heros-dechus\/#primaryimage\",\"url\":\"https:\/\/dicodusport.fr\/blog\/wp-content\/uploads\/2020\/08\/Cristiano-Ronaldo-et-Karim-Benzema-h\u00e9ros-d\u00e9chus.png\",\"contentUrl\":\"https:\/\/dicodusport.fr\/blog\/wp-content\/uploads\/2020\/08\/Cristiano-Ronaldo-et-Karim-Benzema-h\u00e9ros-d\u00e9chus.png\",\"width\":800,\"height\":445,\"caption\":\"Cristiano Ronaldo et Karim Benzema, h\u00e9ros d\u00e9chus\"},{\"@type\":\"BreadcrumbList\",\"@id\":\"https:\/\/dicodusport.fr\/blog\/cristiano-ronaldo-et-karim-benzema-heros-dechus\/#breadcrumb\",\"itemListElement\":[{\"@type\":\"ListItem\",\"position\":1,\"name\":\"Accueil\",\"item\":\"https:\/\/dicodusport.fr\/blog\/\"},{\"@type\":\"ListItem\",\"position\":2,\"name\":\"Cristiano Ronaldo et Karim Benzema, h\u00e9ros d\u00e9chus\"}]},{\"@type\":\"WebSite\",\"@id\":\"https:\/\/dicodusport.fr\/blog\/#website\",\"url\":\"https:\/\/dicodusport.fr\/blog\/\",\"name\":\"Dicodusport\",\"description\":\"L&#039;encyclop\u00e9die de l&#039;actualit\u00e9 sportive\",\"publisher\":{\"@id\":\"https:\/\/dicodusport.fr\/blog\/#organization\"},\"potentialAction\":[{\"@type\":\"SearchAction\",\"target\":{\"@type\":\"EntryPoint\",\"urlTemplate\":\"https:\/\/dicodusport.fr\/blog\/?s={search_term_string}\"},\"query-input\":{\"@type\":\"PropertyValueSpecification\",\"valueRequired\":true,\"valueName\":\"search_term_string\"}}],\"inLanguage\":\"fr-FR\"},{\"@type\":\"NewsMediaOrganization\",\"@id\":\"https:\/\/dicodusport.fr\/blog\/#organization\",\"name\":\"Dicodusport\",\"url\":\"https:\/\/dicodusport.fr\/blog\/\",\"logo\":{\"@type\":\"ImageObject\",\"inLanguage\":\"fr-FR\",\"@id\":\"https:\/\/dicodusport.fr\/blog\/#\/schema\/logo\/image\/\",\"url\":\"https:\/\/dicodusport.fr\/blog\/wp-content\/uploads\/2020\/06\/cropped-LOGO-DICODUSPORT-2020-SANS-FOND-SANS-TEXTE.png\",\"contentUrl\":\"https:\/\/dicodusport.fr\/blog\/wp-content\/uploads\/2020\/06\/cropped-LOGO-DICODUSPORT-2020-SANS-FOND-SANS-TEXTE.png\",\"width\":512,\"height\":512,\"caption\":\"Dicodusport\"},\"image\":{\"@id\":\"https:\/\/dicodusport.fr\/blog\/#\/schema\/logo\/image\/\"},\"sameAs\":[\"https:\/\/www.facebook.com\/dicodusport\",\"https:\/\/x.com\/dicodusport\",\"https:\/\/www.instagram.com\/dicodusport\/\",\"https:\/\/www.youtube.com\/channel\/UC7V2KZ5sd3htJivAbA4ZG3w\"],\"description\":\"Dicodusport est l'encyclop\u00e9die de l'actualit\u00e9 sportive.\",\"email\":\"bonjour@dicodusport.fr\",\"legalName\":\"DICODUSPORT\",\"foundingDate\":\"2018-01-14\",\"vatID\":\"FR71834470973\",\"taxID\":\"83447097300043\",\"numberOfEmployees\":{\"@type\":\"QuantitativeValue\",\"minValue\":\"1\",\"maxValue\":\"10\"}},{\"@type\":\"Person\",\"@id\":\"https:\/\/dicodusport.fr\/blog\/#\/schema\/person\/55dcb50ad410894e431ed812bbb70191\",\"name\":\"Nicolas Jacquemard\",\"image\":{\"@type\":\"ImageObject\",\"inLanguage\":\"fr-FR\",\"@id\":\"https:\/\/dicodusport.fr\/blog\/#\/schema\/person\/image\/\",\"url\":\"https:\/\/dicodusport.fr\/blog\/wp-content\/uploads\/2021\/05\/Nicolas-Jacquemard-150x150.jpeg\",\"contentUrl\":\"https:\/\/dicodusport.fr\/blog\/wp-content\/uploads\/2021\/05\/Nicolas-Jacquemard-150x150.jpeg\",\"caption\":\"Nicolas Jacquemard\"},\"description\":\"Passionn\u00e9 de sport et entrepreneur depuis mes 18 ans, la cr\u00e9ation de Dicodusport m'a sembl\u00e9 \u00e9vidente pour participer \u00e0 la m\u00e9diatisation d'un plus grand nombre de sports. Le chemin est long mais avec une \u00e9quipe des plus motiv\u00e9es et les Jeux Olympiques de Paris 2024 en point de mire, nous y arriverons ! Journaliste dans le monde du sport depuis plus de 5 ans, je traite aussi bien de football, de rugby, de biathlon que de cyclisme.\",\"sameAs\":[\"https:\/\/www.facebook.com\/dicodusport\",\"https:\/\/x.com\/https:\/\/twitter.com\/Nico_Jacquemard\"],\"url\":\"https:\/\/dicodusport.fr\/blog\/author\/dicodusport\/\"}]}<\/script>\n<!-- \/ Yoast SEO Premium plugin. -->","yoast_head_json":{"title":"Cristiano Ronaldo et Karim Benzema, h\u00e9ros d\u00e9chus","description":"FOOTBALL - Ensemble ils ont remport\u00e9 quatre Ligues des champions. Mais depuis que Cristiano Ronaldo a quitt\u00e9 le Real Madrid et Karim Benzema, les deux anciens comp\u00e8res sont bien loin du but.\u00a0","robots":{"index":"index","follow":"follow","max-snippet":"max-snippet:-1","max-image-preview":"max-image-preview:large","max-video-preview":"max-video-preview:-1"},"canonical":"https:\/\/dicodusport.fr\/blog\/cristiano-ronaldo-et-karim-benzema-heros-dechus\/","og_locale":"fr_FR","og_type":"article","og_title":"Cristiano Ronaldo et Karim Benzema, h\u00e9ros d\u00e9chus","og_description":"FOOTBALL - Ensemble ils ont remport\u00e9 quatre Ligues des champions. Mais depuis que Cristiano Ronaldo a quitt\u00e9 le Real Madrid et Karim Benzema, les deux anciens comp\u00e8res sont bien loin du but.\u00a0","og_url":"https:\/\/dicodusport.fr\/blog\/cristiano-ronaldo-et-karim-benzema-heros-dechus\/","og_site_name":"Dicodusport","article_publisher":"https:\/\/www.facebook.com\/dicodusport","article_author":"https:\/\/www.facebook.com\/dicodusport","article_published_time":"2020-08-08T15:26:50+00:00","article_modified_time":"2025-09-16T07:05:34+00:00","og_image":[{"width":800,"height":445,"url":"https:\/\/dicodusport.fr\/blog\/wp-content\/uploads\/2020\/08\/Cristiano-Ronaldo-et-Karim-Benzema-h\u00e9ros-d\u00e9chus.png","type":"image\/png"}],"author":"Nicolas Jacquemard","twitter_card":"summary_large_image","twitter_title":"Cristiano Ronaldo et Karim Benzema, h\u00e9ros d\u00e9chus","twitter_creator":"@https:\/\/twitter.com\/Nico_Jacquemard","twitter_site":"@dicodusport","schema":{"@context":"https:\/\/schema.org","@graph":[{"@type":"NewsArticle","@id":"https:\/\/dicodusport.fr\/blog\/cristiano-ronaldo-et-karim-benzema-heros-dechus\/#article","isPartOf":{"@id":"https:\/\/dicodusport.fr\/blog\/cristiano-ronaldo-et-karim-benzema-heros-dechus\/"},"author":{"name":"Nicolas Jacquemard","@id":"https:\/\/dicodusport.fr\/blog\/#\/schema\/person\/55dcb50ad410894e431ed812bbb70191"},"headline":"Cristiano Ronaldo et Karim Benzema, h\u00e9ros d\u00e9chus","datePublished":"2020-08-08T15:26:50+00:00","dateModified":"2025-09-16T07:05:34+00:00","mainEntityOfPage":{"@id":"https:\/\/dicodusport.fr\/blog\/cristiano-ronaldo-et-karim-benzema-heros-dechus\/"},"wordCount":430,"commentCount":0,"publisher":{"@id":"https:\/\/dicodusport.fr\/blog\/#organization"},"image":{"@id":"https:\/\/dicodusport.fr\/blog\/cristiano-ronaldo-et-karim-benzema-heros-dechus\/#primaryimage"},"thumbnailUrl":"https:\/\/dicodusport.fr\/blog\/wp-content\/uploads\/2020\/08\/Cristiano-Ronaldo-et-Karim-Benzema-h\u00e9ros-d\u00e9chus.png","keywords":["Cristiano Ronaldo","Football","Karim Benzema","Ligue des champions"],"articleSection":["Ligue des Champions de football"],"inLanguage":"fr-FR","potentialAction":[{"@type":"CommentAction","name":"Comment","target":["https:\/\/dicodusport.fr\/blog\/cristiano-ronaldo-et-karim-benzema-heros-dechus\/#respond"]}],"copyrightYear":"2020","copyrightHolder":{"@id":"https:\/\/dicodusport.fr\/blog\/#organization"}},{"@type":"WebPage","@id":"https:\/\/dicodusport.fr\/blog\/cristiano-ronaldo-et-karim-benzema-heros-dechus\/","url":"https:\/\/dicodusport.fr\/blog\/cristiano-ronaldo-et-karim-benzema-heros-dechus\/","name":"Cristiano Ronaldo et Karim Benzema, h\u00e9ros d\u00e9chus","isPartOf":{"@id":"https:\/\/dicodusport.fr\/blog\/#website"},"primaryImageOfPage":{"@id":"https:\/\/dicodusport.fr\/blog\/cristiano-ronaldo-et-karim-benzema-heros-dechus\/#primaryimage"},"image":{"@id":"https:\/\/dicodusport.fr\/blog\/cristiano-ronaldo-et-karim-benzema-heros-dechus\/#primaryimage"},"thumbnailUrl":"https:\/\/dicodusport.fr\/blog\/wp-content\/uploads\/2020\/08\/Cristiano-Ronaldo-et-Karim-Benzema-h\u00e9ros-d\u00e9chus.png","datePublished":"2020-08-08T15:26:50+00:00","dateModified":"2025-09-16T07:05:34+00:00","description":"FOOTBALL - Ensemble ils ont remport\u00e9 quatre Ligues des champions. Mais depuis que Cristiano Ronaldo a quitt\u00e9 le Real Madrid et Karim Benzema, les deux anciens comp\u00e8res sont bien loin du but.\u00a0","breadcrumb":{"@id":"https:\/\/dicodusport.fr\/blog\/cristiano-ronaldo-et-karim-benzema-heros-dechus\/#breadcrumb"},"inLanguage":"fr-FR","potentialAction":[{"@type":"ReadAction","target":["https:\/\/dicodusport.fr\/blog\/cristiano-ronaldo-et-karim-benzema-heros-dechus\/"]}]},{"@type":"ImageObject","inLanguage":"fr-FR","@id":"https:\/\/dicodusport.fr\/blog\/cristiano-ronaldo-et-karim-benzema-heros-dechus\/#primaryimage","url":"https:\/\/dicodusport.fr\/blog\/wp-content\/uploads\/2020\/08\/Cristiano-Ronaldo-et-Karim-Benzema-h\u00e9ros-d\u00e9chus.png","contentUrl":"https:\/\/dicodusport.fr\/blog\/wp-content\/uploads\/2020\/08\/Cristiano-Ronaldo-et-Karim-Benzema-h\u00e9ros-d\u00e9chus.png","width":800,"height":445,"caption":"Cristiano Ronaldo et Karim Benzema, h\u00e9ros d\u00e9chus"},{"@type":"BreadcrumbList","@id":"https:\/\/dicodusport.fr\/blog\/cristiano-ronaldo-et-karim-benzema-heros-dechus\/#breadcrumb","itemListElement":[{"@type":"ListItem","position":1,"name":"Accueil","item":"https:\/\/dicodusport.fr\/blog\/"},{"@type":"ListItem","position":2,"name":"Cristiano Ronaldo et Karim Benzema, h\u00e9ros d\u00e9chus"}]},{"@type":"WebSite","@id":"https:\/\/dicodusport.fr\/blog\/#website","url":"https:\/\/dicodusport.fr\/blog\/","name":"Dicodusport","description":"L&#039;encyclop\u00e9die de l&#039;actualit\u00e9 sportive","publisher":{"@id":"https:\/\/dicodusport.fr\/blog\/#organization"},"potentialAction":[{"@type":"SearchAction","target":{"@type":"EntryPoint","urlTemplate":"https:\/\/dicodusport.fr\/blog\/?s={search_term_string}"},"query-input":{"@type":"PropertyValueSpecification","valueRequired":true,"valueName":"search_term_string"}}],"inLanguage":"fr-FR"},{"@type":"NewsMediaOrganization","@id":"https:\/\/dicodusport.fr\/blog\/#organization","name":"Dicodusport","url":"https:\/\/dicodusport.fr\/blog\/","logo":{"@type":"ImageObject","inLanguage":"fr-FR","@id":"https:\/\/dicodusport.fr\/blog\/#\/schema\/logo\/image\/","url":"https:\/\/dicodusport.fr\/blog\/wp-content\/uploads\/2020\/06\/cropped-LOGO-DICODUSPORT-2020-SANS-FOND-SANS-TEXTE.png","contentUrl":"https:\/\/dicodusport.fr\/blog\/wp-content\/uploads\/2020\/06\/cropped-LOGO-DICODUSPORT-2020-SANS-FOND-SANS-TEXTE.png","width":512,"height":512,"caption":"Dicodusport"},"image":{"@id":"https:\/\/dicodusport.fr\/blog\/#\/schema\/logo\/image\/"},"sameAs":["https:\/\/www.facebook.com\/dicodusport","https:\/\/x.com\/dicodusport","https:\/\/www.instagram.com\/dicodusport\/","https:\/\/www.youtube.com\/channel\/UC7V2KZ5sd3htJivAbA4ZG3w"],"description":"Dicodusport est l'encyclop\u00e9die de l'actualit\u00e9 sportive.","email":"bonjour@dicodusport.fr","legalName":"DICODUSPORT","foundingDate":"2018-01-14","vatID":"FR71834470973","taxID":"83447097300043","numberOfEmployees":{"@type":"QuantitativeValue","minValue":"1","maxValue":"10"}},{"@type":"Person","@id":"https:\/\/dicodusport.fr\/blog\/#\/schema\/person\/55dcb50ad410894e431ed812bbb70191","name":"Nicolas Jacquemard","image":{"@type":"ImageObject","inLanguage":"fr-FR","@id":"https:\/\/dicodusport.fr\/blog\/#\/schema\/person\/image\/","url":"https:\/\/dicodusport.fr\/blog\/wp-content\/uploads\/2021\/05\/Nicolas-Jacquemard-150x150.jpeg","contentUrl":"https:\/\/dicodusport.fr\/blog\/wp-content\/uploads\/2021\/05\/Nicolas-Jacquemard-150x150.jpeg","caption":"Nicolas Jacquemard"},"description":"Passionn\u00e9 de sport et entrepreneur depuis mes 18 ans, la cr\u00e9ation de Dicodusport m'a sembl\u00e9 \u00e9vidente pour participer \u00e0 la m\u00e9diatisation d'un plus grand nombre de sports. Le chemin est long mais avec une \u00e9quipe des plus motiv\u00e9es et les Jeux Olympiques de Paris 2024 en point de mire, nous y arriverons ! Journaliste dans le monde du sport depuis plus de 5 ans, je traite aussi bien de football, de rugby, de biathlon que de cyclisme.","sameAs":["https:\/\/www.facebook.com\/dicodusport","https:\/\/x.com\/https:\/\/twitter.com\/Nico_Jacquemard"],"url":"https:\/\/dicodusport.fr\/blog\/author\/dicodusport\/"}]}},"_links":{"self":[{"href":"https:\/\/dicodusport.fr\/blog\/wp-json\/wp\/v2\/posts\/73689","targetHints":{"allow":["GET"]}}],"collection":[{"href":"https:\/\/dicodusport.fr\/blog\/wp-json\/wp\/v2\/posts"}],"about":[{"href":"https:\/\/dicodusport.fr\/blog\/wp-json\/wp\/v2\/types\/post"}],"author":[{"embeddable":true,"href":"https:\/\/dicodusport.fr\/blog\/wp-json\/wp\/v2\/users\/1"}],"replies":[{"embeddable":true,"href":"https:\/\/dicodusport.fr\/blog\/wp-json\/wp\/v2\/comments?post=73689"}],"version-history":[{"count":1,"href":"https:\/\/dicodusport.fr\/blog\/wp-json\/wp\/v2\/posts\/73689\/revisions"}],"predecessor-version":[{"id":611721,"href":"https:\/\/dicodusport.fr\/blog\/wp-json\/wp\/v2\/posts\/73689\/revisions\/611721"}],"wp:featuredmedia":[{"embeddable":true,"href":"https:\/\/dicodusport.fr\/blog\/wp-json\/wp\/v2\/media\/73730"}],"wp:attachment":[{"href":"https:\/\/dicodusport.fr\/blog\/wp-json\/wp\/v2\/media?parent=73689"}],"wp:term":[{"taxonomy":"category","embeddable":true,"href":"https:\/\/dicodusport.fr\/blog\/wp-json\/wp\/v2\/categories?post=73689"},{"taxonomy":"post_tag","embeddable":true,"href":"https:\/\/dicodusport.fr\/blog\/wp-json\/wp\/v2\/tags?post=73689"}],"curies":[{"name":"wp","href":"https:\/\/api.w.org\/{rel}","templated":true}]}}