{"id":7381,"date":"2017-11-20T18:08:07","date_gmt":"2017-11-20T17:08:07","guid":{"rendered":"http:\/\/dicodusport.fr\/blog\/?p=7381"},"modified":"2017-12-05T13:42:52","modified_gmt":"2017-12-05T12:42:52","slug":"d1-feminine-9eme-journee-tarif-habituel-lyonnaises-face-fc-fleury","status":"publish","type":"post","link":"https:\/\/dicodusport.fr\/blog\/d1-feminine-9eme-journee-tarif-habituel-lyonnaises-face-fc-fleury\/","title":{"rendered":"D1 f\u00e9minine, 9\u00e8me journ\u00e9e : tarif habituel pour les Lyonnaises face au FC Fleury"},"content":{"rendered":"<p style=\"text-align: justify;\"><strong><em>Neuvi\u00e8me journ\u00e9e de championnat face aux promues du FC Fleury. Les Lyonnaises ont mis une mi-temps \u00e0 retrouver leur niveau de jeu, elles s\u2019imposent 5 buts \u00e0 rien, gr\u00e2ce \u00e0 une intenable Amel Majri, impliqu\u00e9e sur quatre des cinq buts. Soir\u00e9e tranquille, encore, pour Sarah Bouhaddi, la gardienne lyonnaise. \u00a0<\/em><\/strong><\/p>\n<p style=\"text-align: justify;\">Ce que l\u2019on retiendra, avant cette tr\u00eave internationale, c\u2019est que les Lyonnaises cette saison n\u2019ont toujours pas perdu un match. Le nombre de buts encaiss\u00e9s est inversement proportionnel au nombre de buts marqu\u00e9s et elles gagnent avec la mani\u00e8re, tout en ayant du go\u00fbt pour la finition. Bref, ce sont les patronnes, elles r\u00e8gnent sur le continent, du Groupama OL Training Center en France jusqu\u2019\u00e0 Chimkent, au Kazakhstan.<\/p>\n<p style=\"text-align: justify;\">Quand on s\u2019appelle FC Fleury, qu\u2019on est juste promu, que ressent-on \u00e0 l\u2019heure d\u2019affronter cette \u00e9quipe lyonnaise d\u00e9j\u00e0 l\u00e9gendaire ? Et ses joueuses comme autant de noms \u00e9grain\u00e9s, qui font et feront r\u00eaver des g\u00e9n\u00e9rations de petites filles et de petits gar\u00e7ons\u00a0: Abily, Renard, Le Sommer, Hegerberg, Van de Sanden, Mazozsan, et autres Majri, Cascarino, Bronze\u00a0?<\/p>\n<p style=\"text-align: justify;\">On se sent petites, on se serre les coudes, on veut tenir la barque. On sait que le Paris FC de Ga\u00ebtane Thiney et Camille Catala, un apr\u00e8s-midi de septembre, a coul\u00e9 \u00e0 pic (9-2), que Lille, Albi, Soyaux ont subi la loi des Rhodaniennes en encaissant cinq buts minimum, que seul Bordeaux a tenu son rang, en s\u2019inclinant deux buts \u00e0 rien. Et c\u2019\u00e9tait un exploit.<\/p>\n<h4>Les digues du Fleury FC ont tenu une mi-temps<\/h4>\n<p style=\"text-align: justify;\">L\u2019exploit pour le FC Fleury, c\u2019est de passer une mi-temps en ne prenant qu\u2019un but. Pourtant, l\u2019entraineur lyonnais Reynald Pedros avait calibr\u00e9 son onze pour une avalanche de buts en un 3-4-1-2 con\u00e7u pour balayer les lignes adverses. Dzsenifer Marozsan et Shanice Van de Sanden dans le 11 de d\u00e9part, Hegerberg, Le Sommer, Abily, les cartouches offensives au grand complet. Il a fallu pourtant attendre une demi-heure avant qu\u2019Amel Majri frappe son corner sur Dzsenifer Marozsan, qui peut armer du droit, et tromper Maryne Gignoux-Soulier, la gardienne du FC Fleury (1-0, 30\u2019).<\/p>\n<p style=\"text-align: justify;\">Du d\u00e9chet, dans le jeu lyonnais, il y en a eu. Le score \u00e0 la pause en resta l\u00e0. Il fallut les mots de Reynald Pedros \u00e0 la mi-temps pour mettre en col\u00e8re des Lyonnaises qui allaient d\u00e9rouler en deuxi\u00e8me mi-temps.<\/p>\n<h4>Une Amel Majri de gala<\/h4>\n<p style=\"text-align: justify;\">De retour sur la pelouse, la grande, l\u2019incontournable Ada Hegerberg, inscrit son treizi\u00e8me but en championnat, reprenant de la t\u00eate un centre d\u2019Amel Majri (2-0, 48\u2019). Comme face \u00e0 Albi, la f\u00eate pouvait commencer, avec Amel Majri en ma\u00eetresse de c\u00e9r\u00e9monie. Elle obtient un p\u00e9nalty \u00e0 la 67<sup>\u00e8me<\/sup> minute, que transforme Saki Kumagai, sp\u00e9cialiste de l\u2019exercice, pour le 3-0. Dix minutes plus tard, Amel Majri, encore, distribua sa troisi\u00e8me passe d\u00e9cisive de la rencontre, cette fois pour Eug\u00e9nie Le Sommer (4-0, 76\u2019), et le Fleury FC avait encore quinze minutes \u00e0 tenir. Delphine Cascarino n\u2019entre pas pour rien sur le terrain. Prenant la place de Shanice Van de Sanden en seconde p\u00e9riode, elle soigna ses statistiques en inscrivant le cinqui\u00e8me et dernier but de la rencontre (5-0, 84\u2019).<\/p>\n<h4>Les soleils d\u2019Austerlitz<\/h4>\n<p style=\"text-align: justify;\">Lorsque le sifflet de l\u2019arbitre a retenti sur la pelouse du Groupama OL Training Center, les Lyonnaises avaient repris leur premi\u00e8re place au classement, devant le Paris Saint Germain. Contrat rempli avant la tr\u00eave internationale, chacune s\u2019envolera vers sa s\u00e9lection, se donnant rendez-vous le 2 d\u00e9cembre pour le match contre l\u2019\u00e9quipe malade en ce moment\u00a0: Ce sera \u00e9galement l&rsquo;occasion de comm\u00e9morer les soleils d\u2019Austerlitz, gageons qu\u2019ils brilleront pour les Rhodaniennes.<\/p>\n<p><em><strong>Camille Cordouan<\/strong><\/em><br \/>\n<a style=\"color: #000000;\" href=\"https:\/\/twitter.com\/CCordouan\" target=\"_blank\" rel=\"noopener noreferrer\"><img loading=\"lazy\" decoding=\"async\" class=\"alignnone wp-image-2908\" src=\"http:\/\/dicodusport.fr\/blog\/wp-content\/uploads\/2017\/07\/logo-twitter-150x150.png\" alt=\"\" width=\"39\" height=\"39\" \/><\/a><\/p>\n","protected":false},"excerpt":{"rendered":"<p>Neuvi\u00e8me journ\u00e9e de championnat face aux promues du FC Fleury. Les Lyonnaises ont mis une mi-temps \u00e0 retrouver leur niveau de jeu, elles s\u2019imposent 5 buts \u00e0 rien, gr\u00e2ce \u00e0 une intenable Amel Majri, impliqu\u00e9e sur quatre des cinq buts. Soir\u00e9e tranquille, encore, pour Sarah Bouhaddi, la gardienne lyonnaise. \u00a0 Ce que l\u2019on retiendra, avant [&hellip;]<\/p>\n","protected":false},"author":4,"featured_media":7382,"comment_status":"open","ping_status":"closed","sticky":false,"template":"","format":"standard","meta":{"_acf_changed":false,"_daextam_enable_autolinks":"","footnotes":""},"categories":[2,2301],"tags":[1355,75,1354,449,1145],"class_list":["post-7381","post","type-post","status-publish","format-standard","has-post-thumbnail","hentry","category-actualites","category-football","tag-foot-feminin","tag-football","tag-football-feminin","tag-lyon","tag-ol"],"acf":[],"yoast_head":"<!-- This site is optimized with the Yoast SEO Premium plugin v26.7 (Yoast SEO v26.7) - https:\/\/yoast.com\/wordpress\/plugins\/seo\/ -->\n<title>D1 f\u00e9minine, 9\u00e8me journ\u00e9e : tarif habituel pour les Lyonnaises face au FC Fleury<\/title>\n<meta name=\"description\" content=\"Neuvi\u00e8me journ\u00e9e de championnat face aux promues du FC Fleury. Les Lyonnaises ont mis une mi-temps \u00e0 retrouver leur niveau de jeu.\" \/>\n<meta name=\"robots\" content=\"index, follow, max-snippet:-1, max-image-preview:large, max-video-preview:-1\" \/>\n<link rel=\"canonical\" href=\"https:\/\/dicodusport.fr\/blog\/d1-feminine-9eme-journee-tarif-habituel-lyonnaises-face-fc-fleury\/\" \/>\n<meta property=\"og:locale\" content=\"fr_FR\" \/>\n<meta property=\"og:type\" content=\"article\" \/>\n<meta property=\"og:title\" content=\"D1 f\u00e9minine, 9\u00e8me journ\u00e9e : tarif habituel pour les Lyonnaises face au FC Fleury\" \/>\n<meta property=\"og:description\" content=\"Neuvi\u00e8me journ\u00e9e de championnat face aux promues du FC Fleury. Les Lyonnaises ont mis une mi-temps \u00e0 retrouver leur niveau de jeu.\" \/>\n<meta property=\"og:url\" content=\"https:\/\/dicodusport.fr\/blog\/d1-feminine-9eme-journee-tarif-habituel-lyonnaises-face-fc-fleury\/\" \/>\n<meta property=\"og:site_name\" content=\"Dicodusport\" \/>\n<meta property=\"article:publisher\" content=\"https:\/\/www.facebook.com\/dicodusport\" \/>\n<meta property=\"article:author\" content=\"https:\/\/www.facebook.com\/florent.ostermann\" \/>\n<meta property=\"article:published_time\" content=\"2017-11-20T17:08:07+00:00\" \/>\n<meta property=\"article:modified_time\" content=\"2017-12-05T12:42:52+00:00\" \/>\n<meta property=\"og:image\" content=\"https:\/\/dicodusport.fr\/blog\/wp-content\/uploads\/2017\/11\/OL-f\u00e9minin.png\" \/>\n\t<meta property=\"og:image:width\" content=\"1200\" \/>\n\t<meta property=\"og:image:height\" content=\"670\" \/>\n\t<meta property=\"og:image:type\" content=\"image\/png\" \/>\n<meta name=\"author\" content=\"Flo Ostermann\" \/>\n<meta name=\"twitter:card\" content=\"summary_large_image\" \/>\n<meta name=\"twitter:creator\" content=\"@https:\/\/twitter.com\/FlOstermann\" \/>\n<meta name=\"twitter:site\" content=\"@dicodusport\" \/>\n<script type=\"application\/ld+json\" class=\"yoast-schema-graph\">{\"@context\":\"https:\/\/schema.org\",\"@graph\":[{\"@type\":\"NewsArticle\",\"@id\":\"https:\/\/dicodusport.fr\/blog\/d1-feminine-9eme-journee-tarif-habituel-lyonnaises-face-fc-fleury\/#article\",\"isPartOf\":{\"@id\":\"https:\/\/dicodusport.fr\/blog\/d1-feminine-9eme-journee-tarif-habituel-lyonnaises-face-fc-fleury\/\"},\"author\":{\"name\":\"Flo Ostermann\",\"@id\":\"https:\/\/dicodusport.fr\/blog\/#\/schema\/person\/cb02af4c173ce4a653b55e9baf388d4a\"},\"headline\":\"D1 f\u00e9minine, 9\u00e8me journ\u00e9e : tarif habituel pour les Lyonnaises face au FC Fleury\",\"datePublished\":\"2017-11-20T17:08:07+00:00\",\"dateModified\":\"2017-12-05T12:42:52+00:00\",\"mainEntityOfPage\":{\"@id\":\"https:\/\/dicodusport.fr\/blog\/d1-feminine-9eme-journee-tarif-habituel-lyonnaises-face-fc-fleury\/\"},\"wordCount\":658,\"commentCount\":0,\"publisher\":{\"@id\":\"https:\/\/dicodusport.fr\/blog\/#organization\"},\"image\":{\"@id\":\"https:\/\/dicodusport.fr\/blog\/d1-feminine-9eme-journee-tarif-habituel-lyonnaises-face-fc-fleury\/#primaryimage\"},\"thumbnailUrl\":\"https:\/\/dicodusport.fr\/blog\/wp-content\/uploads\/2017\/11\/OL-f\u00e9minin.png\",\"keywords\":[\"foot f\u00e9minin\",\"Football\",\"football f\u00e9minin\",\"Lyon\",\"OL\"],\"articleSection\":[\"Actualit\u00e9s\",\"Football\"],\"inLanguage\":\"fr-FR\",\"potentialAction\":[{\"@type\":\"CommentAction\",\"name\":\"Comment\",\"target\":[\"https:\/\/dicodusport.fr\/blog\/d1-feminine-9eme-journee-tarif-habituel-lyonnaises-face-fc-fleury\/#respond\"]}],\"copyrightYear\":\"2017\",\"copyrightHolder\":{\"@id\":\"https:\/\/dicodusport.fr\/blog\/#organization\"}},{\"@type\":\"WebPage\",\"@id\":\"https:\/\/dicodusport.fr\/blog\/d1-feminine-9eme-journee-tarif-habituel-lyonnaises-face-fc-fleury\/\",\"url\":\"https:\/\/dicodusport.fr\/blog\/d1-feminine-9eme-journee-tarif-habituel-lyonnaises-face-fc-fleury\/\",\"name\":\"D1 f\u00e9minine, 9\u00e8me journ\u00e9e : tarif habituel pour les Lyonnaises face au FC Fleury\",\"isPartOf\":{\"@id\":\"https:\/\/dicodusport.fr\/blog\/#website\"},\"primaryImageOfPage\":{\"@id\":\"https:\/\/dicodusport.fr\/blog\/d1-feminine-9eme-journee-tarif-habituel-lyonnaises-face-fc-fleury\/#primaryimage\"},\"image\":{\"@id\":\"https:\/\/dicodusport.fr\/blog\/d1-feminine-9eme-journee-tarif-habituel-lyonnaises-face-fc-fleury\/#primaryimage\"},\"thumbnailUrl\":\"https:\/\/dicodusport.fr\/blog\/wp-content\/uploads\/2017\/11\/OL-f\u00e9minin.png\",\"datePublished\":\"2017-11-20T17:08:07+00:00\",\"dateModified\":\"2017-12-05T12:42:52+00:00\",\"description\":\"Neuvi\u00e8me journ\u00e9e de championnat face aux promues du FC Fleury. Les Lyonnaises ont mis une mi-temps \u00e0 retrouver leur niveau de jeu.\",\"breadcrumb\":{\"@id\":\"https:\/\/dicodusport.fr\/blog\/d1-feminine-9eme-journee-tarif-habituel-lyonnaises-face-fc-fleury\/#breadcrumb\"},\"inLanguage\":\"fr-FR\",\"potentialAction\":[{\"@type\":\"ReadAction\",\"target\":[\"https:\/\/dicodusport.fr\/blog\/d1-feminine-9eme-journee-tarif-habituel-lyonnaises-face-fc-fleury\/\"]}]},{\"@type\":\"ImageObject\",\"inLanguage\":\"fr-FR\",\"@id\":\"https:\/\/dicodusport.fr\/blog\/d1-feminine-9eme-journee-tarif-habituel-lyonnaises-face-fc-fleury\/#primaryimage\",\"url\":\"https:\/\/dicodusport.fr\/blog\/wp-content\/uploads\/2017\/11\/OL-f\u00e9minin.png\",\"contentUrl\":\"https:\/\/dicodusport.fr\/blog\/wp-content\/uploads\/2017\/11\/OL-f\u00e9minin.png\",\"width\":1200,\"height\":670},{\"@type\":\"BreadcrumbList\",\"@id\":\"https:\/\/dicodusport.fr\/blog\/d1-feminine-9eme-journee-tarif-habituel-lyonnaises-face-fc-fleury\/#breadcrumb\",\"itemListElement\":[{\"@type\":\"ListItem\",\"position\":1,\"name\":\"Accueil\",\"item\":\"https:\/\/dicodusport.fr\/blog\/\"},{\"@type\":\"ListItem\",\"position\":2,\"name\":\"D1 f\u00e9minine, 9\u00e8me journ\u00e9e : tarif habituel pour les Lyonnaises face au FC Fleury\"}]},{\"@type\":\"WebSite\",\"@id\":\"https:\/\/dicodusport.fr\/blog\/#website\",\"url\":\"https:\/\/dicodusport.fr\/blog\/\",\"name\":\"Dicodusport\",\"description\":\"L&#039;encyclop\u00e9die de l&#039;actualit\u00e9 sportive\",\"publisher\":{\"@id\":\"https:\/\/dicodusport.fr\/blog\/#organization\"},\"potentialAction\":[{\"@type\":\"SearchAction\",\"target\":{\"@type\":\"EntryPoint\",\"urlTemplate\":\"https:\/\/dicodusport.fr\/blog\/?s={search_term_string}\"},\"query-input\":{\"@type\":\"PropertyValueSpecification\",\"valueRequired\":true,\"valueName\":\"search_term_string\"}}],\"inLanguage\":\"fr-FR\"},{\"@type\":\"NewsMediaOrganization\",\"@id\":\"https:\/\/dicodusport.fr\/blog\/#organization\",\"name\":\"Dicodusport\",\"url\":\"https:\/\/dicodusport.fr\/blog\/\",\"logo\":{\"@type\":\"ImageObject\",\"inLanguage\":\"fr-FR\",\"@id\":\"https:\/\/dicodusport.fr\/blog\/#\/schema\/logo\/image\/\",\"url\":\"https:\/\/dicodusport.fr\/blog\/wp-content\/uploads\/2020\/06\/cropped-LOGO-DICODUSPORT-2020-SANS-FOND-SANS-TEXTE.png\",\"contentUrl\":\"https:\/\/dicodusport.fr\/blog\/wp-content\/uploads\/2020\/06\/cropped-LOGO-DICODUSPORT-2020-SANS-FOND-SANS-TEXTE.png\",\"width\":512,\"height\":512,\"caption\":\"Dicodusport\"},\"image\":{\"@id\":\"https:\/\/dicodusport.fr\/blog\/#\/schema\/logo\/image\/\"},\"sameAs\":[\"https:\/\/www.facebook.com\/dicodusport\",\"https:\/\/x.com\/dicodusport\",\"https:\/\/www.instagram.com\/dicodusport\/\",\"https:\/\/www.youtube.com\/channel\/UC7V2KZ5sd3htJivAbA4ZG3w\"],\"description\":\"Dicodusport est l'encyclop\u00e9die de l'actualit\u00e9 sportive.\",\"email\":\"bonjour@dicodusport.fr\",\"legalName\":\"DICODUSPORT\",\"foundingDate\":\"2018-01-14\",\"vatID\":\"FR71834470973\",\"taxID\":\"83447097300043\",\"numberOfEmployees\":{\"@type\":\"QuantitativeValue\",\"minValue\":\"1\",\"maxValue\":\"10\"}},{\"@type\":\"Person\",\"@id\":\"https:\/\/dicodusport.fr\/blog\/#\/schema\/person\/cb02af4c173ce4a653b55e9baf388d4a\",\"name\":\"Flo Ostermann\",\"image\":{\"@type\":\"ImageObject\",\"inLanguage\":\"fr-FR\",\"@id\":\"https:\/\/dicodusport.fr\/blog\/#\/schema\/person\/image\/\",\"url\":\"https:\/\/dicodusport.fr\/blog\/wp-content\/uploads\/2021\/05\/Flo-Ostermann-150x150.jpg\",\"contentUrl\":\"https:\/\/dicodusport.fr\/blog\/wp-content\/uploads\/2021\/05\/Flo-Ostermann-150x150.jpg\",\"caption\":\"Flo Ostermann\"},\"description\":\"Journaliste\/R\u00e9dacteur depuis septembre 2015 - Mes premiers souvenirs dans le sport ? Les envol\u00e9es du Stade Toulousain et les duels Villeneuve-Schumacher et H\u00e4kkinen-Schumacher \u00e0 la fin des ann\u00e9es 90, la Coupe du monde de football en 1998, l\u2019exploit du XV de France face aux All Blacks en 1999, mais aussi Richard C\u0153ur de Lion qui vole sur les montagnes du Tour de France. Bien parti pour devenir professeur d\u2019EPS, les \u00e9v\u00e9nements de la vie (et la flemme d\u2019animer des s\u00e9ances de 3x500 m\u00e8tres toute ma vie) m\u2019ont conduit \u00e0 revoir mes plans. Me voil\u00e0 depuis fin 2017 sur Dicodusport, m\u00e9dia gr\u00e2ce (et pour) lequel je partage ma passion : le sport dans tous ses \u00e9tats. Le tout accompagn\u00e9 par les fous furieux et folles furieuses cit\u00e9s sur cette page !\",\"sameAs\":[\"https:\/\/www.facebook.com\/florent.ostermann\",\"https:\/\/x.com\/https:\/\/twitter.com\/FlOstermann\",\"admin\"],\"url\":\"https:\/\/dicodusport.fr\/blog\/author\/flo\/\"}]}<\/script>\n<!-- \/ Yoast SEO Premium plugin. -->","yoast_head_json":{"title":"D1 f\u00e9minine, 9\u00e8me journ\u00e9e : tarif habituel pour les Lyonnaises face au FC Fleury","description":"Neuvi\u00e8me journ\u00e9e de championnat face aux promues du FC Fleury. Les Lyonnaises ont mis une mi-temps \u00e0 retrouver leur niveau de jeu.","robots":{"index":"index","follow":"follow","max-snippet":"max-snippet:-1","max-image-preview":"max-image-preview:large","max-video-preview":"max-video-preview:-1"},"canonical":"https:\/\/dicodusport.fr\/blog\/d1-feminine-9eme-journee-tarif-habituel-lyonnaises-face-fc-fleury\/","og_locale":"fr_FR","og_type":"article","og_title":"D1 f\u00e9minine, 9\u00e8me journ\u00e9e : tarif habituel pour les Lyonnaises face au FC Fleury","og_description":"Neuvi\u00e8me journ\u00e9e de championnat face aux promues du FC Fleury. Les Lyonnaises ont mis une mi-temps \u00e0 retrouver leur niveau de jeu.","og_url":"https:\/\/dicodusport.fr\/blog\/d1-feminine-9eme-journee-tarif-habituel-lyonnaises-face-fc-fleury\/","og_site_name":"Dicodusport","article_publisher":"https:\/\/www.facebook.com\/dicodusport","article_author":"https:\/\/www.facebook.com\/florent.ostermann","article_published_time":"2017-11-20T17:08:07+00:00","article_modified_time":"2017-12-05T12:42:52+00:00","og_image":[{"width":1200,"height":670,"url":"https:\/\/dicodusport.fr\/blog\/wp-content\/uploads\/2017\/11\/OL-f\u00e9minin.png","type":"image\/png"}],"author":"Flo Ostermann","twitter_card":"summary_large_image","twitter_creator":"@https:\/\/twitter.com\/FlOstermann","twitter_site":"@dicodusport","schema":{"@context":"https:\/\/schema.org","@graph":[{"@type":"NewsArticle","@id":"https:\/\/dicodusport.fr\/blog\/d1-feminine-9eme-journee-tarif-habituel-lyonnaises-face-fc-fleury\/#article","isPartOf":{"@id":"https:\/\/dicodusport.fr\/blog\/d1-feminine-9eme-journee-tarif-habituel-lyonnaises-face-fc-fleury\/"},"author":{"name":"Flo Ostermann","@id":"https:\/\/dicodusport.fr\/blog\/#\/schema\/person\/cb02af4c173ce4a653b55e9baf388d4a"},"headline":"D1 f\u00e9minine, 9\u00e8me journ\u00e9e : tarif habituel pour les Lyonnaises face au FC Fleury","datePublished":"2017-11-20T17:08:07+00:00","dateModified":"2017-12-05T12:42:52+00:00","mainEntityOfPage":{"@id":"https:\/\/dicodusport.fr\/blog\/d1-feminine-9eme-journee-tarif-habituel-lyonnaises-face-fc-fleury\/"},"wordCount":658,"commentCount":0,"publisher":{"@id":"https:\/\/dicodusport.fr\/blog\/#organization"},"image":{"@id":"https:\/\/dicodusport.fr\/blog\/d1-feminine-9eme-journee-tarif-habituel-lyonnaises-face-fc-fleury\/#primaryimage"},"thumbnailUrl":"https:\/\/dicodusport.fr\/blog\/wp-content\/uploads\/2017\/11\/OL-f\u00e9minin.png","keywords":["foot f\u00e9minin","Football","football f\u00e9minin","Lyon","OL"],"articleSection":["Actualit\u00e9s","Football"],"inLanguage":"fr-FR","potentialAction":[{"@type":"CommentAction","name":"Comment","target":["https:\/\/dicodusport.fr\/blog\/d1-feminine-9eme-journee-tarif-habituel-lyonnaises-face-fc-fleury\/#respond"]}],"copyrightYear":"2017","copyrightHolder":{"@id":"https:\/\/dicodusport.fr\/blog\/#organization"}},{"@type":"WebPage","@id":"https:\/\/dicodusport.fr\/blog\/d1-feminine-9eme-journee-tarif-habituel-lyonnaises-face-fc-fleury\/","url":"https:\/\/dicodusport.fr\/blog\/d1-feminine-9eme-journee-tarif-habituel-lyonnaises-face-fc-fleury\/","name":"D1 f\u00e9minine, 9\u00e8me journ\u00e9e : tarif habituel pour les Lyonnaises face au FC Fleury","isPartOf":{"@id":"https:\/\/dicodusport.fr\/blog\/#website"},"primaryImageOfPage":{"@id":"https:\/\/dicodusport.fr\/blog\/d1-feminine-9eme-journee-tarif-habituel-lyonnaises-face-fc-fleury\/#primaryimage"},"image":{"@id":"https:\/\/dicodusport.fr\/blog\/d1-feminine-9eme-journee-tarif-habituel-lyonnaises-face-fc-fleury\/#primaryimage"},"thumbnailUrl":"https:\/\/dicodusport.fr\/blog\/wp-content\/uploads\/2017\/11\/OL-f\u00e9minin.png","datePublished":"2017-11-20T17:08:07+00:00","dateModified":"2017-12-05T12:42:52+00:00","description":"Neuvi\u00e8me journ\u00e9e de championnat face aux promues du FC Fleury. Les Lyonnaises ont mis une mi-temps \u00e0 retrouver leur niveau de jeu.","breadcrumb":{"@id":"https:\/\/dicodusport.fr\/blog\/d1-feminine-9eme-journee-tarif-habituel-lyonnaises-face-fc-fleury\/#breadcrumb"},"inLanguage":"fr-FR","potentialAction":[{"@type":"ReadAction","target":["https:\/\/dicodusport.fr\/blog\/d1-feminine-9eme-journee-tarif-habituel-lyonnaises-face-fc-fleury\/"]}]},{"@type":"ImageObject","inLanguage":"fr-FR","@id":"https:\/\/dicodusport.fr\/blog\/d1-feminine-9eme-journee-tarif-habituel-lyonnaises-face-fc-fleury\/#primaryimage","url":"https:\/\/dicodusport.fr\/blog\/wp-content\/uploads\/2017\/11\/OL-f\u00e9minin.png","contentUrl":"https:\/\/dicodusport.fr\/blog\/wp-content\/uploads\/2017\/11\/OL-f\u00e9minin.png","width":1200,"height":670},{"@type":"BreadcrumbList","@id":"https:\/\/dicodusport.fr\/blog\/d1-feminine-9eme-journee-tarif-habituel-lyonnaises-face-fc-fleury\/#breadcrumb","itemListElement":[{"@type":"ListItem","position":1,"name":"Accueil","item":"https:\/\/dicodusport.fr\/blog\/"},{"@type":"ListItem","position":2,"name":"D1 f\u00e9minine, 9\u00e8me journ\u00e9e : tarif habituel pour les Lyonnaises face au FC Fleury"}]},{"@type":"WebSite","@id":"https:\/\/dicodusport.fr\/blog\/#website","url":"https:\/\/dicodusport.fr\/blog\/","name":"Dicodusport","description":"L&#039;encyclop\u00e9die de l&#039;actualit\u00e9 sportive","publisher":{"@id":"https:\/\/dicodusport.fr\/blog\/#organization"},"potentialAction":[{"@type":"SearchAction","target":{"@type":"EntryPoint","urlTemplate":"https:\/\/dicodusport.fr\/blog\/?s={search_term_string}"},"query-input":{"@type":"PropertyValueSpecification","valueRequired":true,"valueName":"search_term_string"}}],"inLanguage":"fr-FR"},{"@type":"NewsMediaOrganization","@id":"https:\/\/dicodusport.fr\/blog\/#organization","name":"Dicodusport","url":"https:\/\/dicodusport.fr\/blog\/","logo":{"@type":"ImageObject","inLanguage":"fr-FR","@id":"https:\/\/dicodusport.fr\/blog\/#\/schema\/logo\/image\/","url":"https:\/\/dicodusport.fr\/blog\/wp-content\/uploads\/2020\/06\/cropped-LOGO-DICODUSPORT-2020-SANS-FOND-SANS-TEXTE.png","contentUrl":"https:\/\/dicodusport.fr\/blog\/wp-content\/uploads\/2020\/06\/cropped-LOGO-DICODUSPORT-2020-SANS-FOND-SANS-TEXTE.png","width":512,"height":512,"caption":"Dicodusport"},"image":{"@id":"https:\/\/dicodusport.fr\/blog\/#\/schema\/logo\/image\/"},"sameAs":["https:\/\/www.facebook.com\/dicodusport","https:\/\/x.com\/dicodusport","https:\/\/www.instagram.com\/dicodusport\/","https:\/\/www.youtube.com\/channel\/UC7V2KZ5sd3htJivAbA4ZG3w"],"description":"Dicodusport est l'encyclop\u00e9die de l'actualit\u00e9 sportive.","email":"bonjour@dicodusport.fr","legalName":"DICODUSPORT","foundingDate":"2018-01-14","vatID":"FR71834470973","taxID":"83447097300043","numberOfEmployees":{"@type":"QuantitativeValue","minValue":"1","maxValue":"10"}},{"@type":"Person","@id":"https:\/\/dicodusport.fr\/blog\/#\/schema\/person\/cb02af4c173ce4a653b55e9baf388d4a","name":"Flo Ostermann","image":{"@type":"ImageObject","inLanguage":"fr-FR","@id":"https:\/\/dicodusport.fr\/blog\/#\/schema\/person\/image\/","url":"https:\/\/dicodusport.fr\/blog\/wp-content\/uploads\/2021\/05\/Flo-Ostermann-150x150.jpg","contentUrl":"https:\/\/dicodusport.fr\/blog\/wp-content\/uploads\/2021\/05\/Flo-Ostermann-150x150.jpg","caption":"Flo Ostermann"},"description":"Journaliste\/R\u00e9dacteur depuis septembre 2015 - Mes premiers souvenirs dans le sport ? Les envol\u00e9es du Stade Toulousain et les duels Villeneuve-Schumacher et H\u00e4kkinen-Schumacher \u00e0 la fin des ann\u00e9es 90, la Coupe du monde de football en 1998, l\u2019exploit du XV de France face aux All Blacks en 1999, mais aussi Richard C\u0153ur de Lion qui vole sur les montagnes du Tour de France. Bien parti pour devenir professeur d\u2019EPS, les \u00e9v\u00e9nements de la vie (et la flemme d\u2019animer des s\u00e9ances de 3x500 m\u00e8tres toute ma vie) m\u2019ont conduit \u00e0 revoir mes plans. Me voil\u00e0 depuis fin 2017 sur Dicodusport, m\u00e9dia gr\u00e2ce (et pour) lequel je partage ma passion : le sport dans tous ses \u00e9tats. Le tout accompagn\u00e9 par les fous furieux et folles furieuses cit\u00e9s sur cette page !","sameAs":["https:\/\/www.facebook.com\/florent.ostermann","https:\/\/x.com\/https:\/\/twitter.com\/FlOstermann","admin"],"url":"https:\/\/dicodusport.fr\/blog\/author\/flo\/"}]}},"_links":{"self":[{"href":"https:\/\/dicodusport.fr\/blog\/wp-json\/wp\/v2\/posts\/7381","targetHints":{"allow":["GET"]}}],"collection":[{"href":"https:\/\/dicodusport.fr\/blog\/wp-json\/wp\/v2\/posts"}],"about":[{"href":"https:\/\/dicodusport.fr\/blog\/wp-json\/wp\/v2\/types\/post"}],"author":[{"embeddable":true,"href":"https:\/\/dicodusport.fr\/blog\/wp-json\/wp\/v2\/users\/4"}],"replies":[{"embeddable":true,"href":"https:\/\/dicodusport.fr\/blog\/wp-json\/wp\/v2\/comments?post=7381"}],"version-history":[{"count":0,"href":"https:\/\/dicodusport.fr\/blog\/wp-json\/wp\/v2\/posts\/7381\/revisions"}],"wp:featuredmedia":[{"embeddable":true,"href":"https:\/\/dicodusport.fr\/blog\/wp-json\/wp\/v2\/media\/7382"}],"wp:attachment":[{"href":"https:\/\/dicodusport.fr\/blog\/wp-json\/wp\/v2\/media?parent=7381"}],"wp:term":[{"taxonomy":"category","embeddable":true,"href":"https:\/\/dicodusport.fr\/blog\/wp-json\/wp\/v2\/categories?post=7381"},{"taxonomy":"post_tag","embeddable":true,"href":"https:\/\/dicodusport.fr\/blog\/wp-json\/wp\/v2\/tags?post=7381"}],"curies":[{"name":"wp","href":"https:\/\/api.w.org\/{rel}","templated":true}]}}