{"id":73904,"date":"2020-08-10T11:23:46","date_gmt":"2020-08-10T09:23:46","guid":{"rendered":"http:\/\/dicodusport.fr\/blog\/?p=73904&#038;preview=true&#038;preview_id=73904"},"modified":"2020-08-10T12:31:53","modified_gmt":"2020-08-10T10:31:53","slug":"officiel-romain-bardet-rejoint-sunweb","status":"publish","type":"post","link":"https:\/\/dicodusport.fr\/blog\/officiel-romain-bardet-rejoint-sunweb\/","title":{"rendered":"Officiel : Romain Bardet rejoint Sunweb"},"content":{"rendered":"<p style=\"text-align: justify;\"><strong><em><a href=\"https:\/\/dicodusport.fr\/blog\/cyclisme-transferts-2020-2021-tableau-du-mercato\/\" target=\"_blank\" rel=\"noopener noreferrer\">MERCATO CYCLISME<\/a> &#8211; Romain Bardet quittera officiellement AG2R La Mondiale en fin d&rsquo;ann\u00e9e, pour rejoindre la Team Sunweb en 2021. <\/em><\/strong><\/p>\n<p style=\"text-align: justify;\">\u00c0 29 ans, <a href=\"https:\/\/www.procyclingstats.com\/rider\/romain-bardet\" target=\"_blank\" rel=\"noopener noreferrer\"><strong>Romain Bardet<\/strong><\/a> se lance un nouveau challenge pour la saison 2021. Apr\u00e8s neuf ann\u00e9es professionnelles sous les ordres de Vincent Lavenu, et notamment deux podiums sur le <strong>Tour de France<\/strong> en 2016 et 2017 mais aussi un maillot de meilleur grimpeur en 2019, l&rsquo;Auvergnat rejoindra la formation allemande <strong>Sunweb<\/strong> pour deux saisons. Au moment de s&rsquo;engager avec sa nouvelle \u00e9quipe, le vice-champion du monde 2018 a montr\u00e9 son enthousiasme.<\/p>\n<blockquote>\n<p style=\"text-align: justify;\">Je suis tr\u00e8s heureux d&rsquo;avoir sign\u00e9 pour Team Sunweb. Lors de l&rsquo;\u00e9tude de mes options en dehors de mon \u00e9quipe actuelle, il \u00e9tait vraiment important pour moi de trouver une \u00e9quipe qui travaille avec son temps, impliquant les derni\u00e8res technologies en mati\u00e8re d&rsquo;\u00e9quipement et d&rsquo;autres domaines. Je voulais aussi une \u00e9quipe avec une vision claire du sport et une \u00e9quipe membre de MPCC.<\/p>\n<\/blockquote>\n<blockquote class=\"twitter-tweet\">\n<p dir=\"ltr\" lang=\"en\">We&rsquo;re delighted to announce <a href=\"https:\/\/twitter.com\/romainbardet?ref_src=twsrc%5Etfw\">@romainbardet<\/a> will join our team in 2021!<\/p>\n<p>&#x1f399;\u00a0\u00bbThis opportunity comes at the right moment in my career and I am very motivated to start working with the team.\u00a0\u00bb<\/p>\n<p>&#x1f1eb;&#x1f1f7;<a href=\"https:\/\/twitter.com\/hashtag\/WelcomeRomain?src=hash&amp;ref_src=twsrc%5Etfw\">#WelcomeRomain<\/a><br \/>\n&#x1f449;&#x1f3fb;<a href=\"https:\/\/twitter.com\/romainbardet?ref_src=twsrc%5Etfw\">@romainbardet<\/a><\/p>\n<p>&#x1f517;<a href=\"https:\/\/t.co\/Jc3YvQjHfc\">https:\/\/t.co\/Jc3YvQjHfc<\/a><a href=\"https:\/\/twitter.com\/hashtag\/KeepChallenging?src=hash&amp;ref_src=twsrc%5Etfw\">#KeepChallenging<\/a> <a href=\"https:\/\/t.co\/2laesRZZf4\">pic.twitter.com\/2laesRZZf4<\/a><\/p>\n<p>\u2014 Team Sunweb (@TeamSunweb) <a href=\"https:\/\/twitter.com\/TeamSunweb\/status\/1292750319869407234?ref_src=twsrc%5Etfw\">August 10, 2020<\/a><\/p><\/blockquote>\n<p><script async src=\"https:\/\/platform.twitter.com\/widgets.js\" charset=\"utf-8\"><\/script><\/p>\n<h2 style=\"text-align: justify;\">Van Avermaet chez AG2R Citro\u00ebn Team<\/h2>\n<p style=\"text-align: justify;\">Dans le m\u00eame temps, <strong>AG2R La Mondiale<\/strong> a annonc\u00e9 l&rsquo;arriv\u00e9e de <a href=\"https:\/\/www.procyclingstats.com\/rider\/greg-van-avermaet\" target=\"_blank\" rel=\"noopener noreferrer\"><strong>Greg Van Avermaet<\/strong><\/a>. Champion olympique \u00e0 Rio en 2016 et vainqueur de Paris-Roubaix en 2017, le Belge de 35 ans rejoint son ami <strong>Oliver Naesen<\/strong>. Le natif de Lokeren est accompagn\u00e9 par le Suisse <strong>Michael Sch\u00e4r<\/strong>.<\/p>\n<blockquote class=\"twitter-tweet\">\n<p dir=\"ltr\" lang=\"fr\">&#x1f6a8; TRANSFERT &#x1f6a8;<\/p>\n<p>Est-il n\u00e9cessaire de le pr\u00e9senter &#x1f929; ?<\/p>\n<p>Guess who &#x1f929; ? <a href=\"https:\/\/twitter.com\/hashtag\/allezALM?src=hash&amp;ref_src=twsrc%5Etfw\">#allezALM<\/a> <a href=\"https:\/\/t.co\/mpeMroBymh\">pic.twitter.com\/mpeMroBymh<\/a><\/p>\n<p>\u2014 AG2RLM Pro Cycling Team (@AG2RLMCyclisme) <a href=\"https:\/\/twitter.com\/AG2RLMCyclisme\/status\/1292747520649711616?ref_src=twsrc%5Etfw\">August 10, 2020<\/a><\/p><\/blockquote>\n<p><script async src=\"https:\/\/platform.twitter.com\/widgets.js\" charset=\"utf-8\"><\/script><\/p>\n<ul>\n<li style=\"text-align: justify;\"><strong>\u00c0 lire aussi &#8211; <a href=\"https:\/\/dicodusport.fr\/blog\/ag2r-la-mondiale-cap-sur-les-classiques\/\" target=\"_blank\" rel=\"noopener noreferrer\">AG2R La Mondiale, cap sur les Classiques<\/a><\/strong><\/li>\n<\/ul>\n<p><strong><em>Dicodusport<br \/>\n<a href=\"https:\/\/www.facebook.com\/dicodusport\/\" target=\"_blank\" rel=\"noopener noreferrer\"><img loading=\"lazy\" decoding=\"async\" class=\"alignnone wp-image-2909\" src=\"http:\/\/dicodusport.fr\/blog\/wp-content\/uploads\/2017\/07\/logo-facebook-150x150.png\" alt=\"\" width=\"40\" height=\"40\" \/><\/a><a href=\"https:\/\/twitter.com\/dicodusport\" target=\"_blank\" rel=\"noopener noreferrer\"><img loading=\"lazy\" decoding=\"async\" class=\"alignnone wp-image-2908\" src=\"http:\/\/dicodusport.fr\/blog\/wp-content\/uploads\/2017\/07\/logo-twitter-150x150.png\" alt=\"\" width=\"39\" height=\"39\" \/><\/a><\/em><\/strong><\/p>\n","protected":false},"excerpt":{"rendered":"<p>MERCATO CYCLISME &#8211; Romain Bardet quittera officiellement AG2R La Mondiale en fin d&rsquo;ann\u00e9e, pour rejoindre la Team Sunweb en 2021.<\/p>\n","protected":false},"author":1,"featured_media":53307,"comment_status":"open","ping_status":"closed","sticky":false,"template":"","format":"standard","meta":{"_acf_changed":false,"_daextam_enable_autolinks":"","footnotes":""},"categories":[2307],"tags":[574,3646,24],"class_list":["post-73904","post","type-post","status-publish","format-standard","has-post-thumbnail","hentry","category-cyclisme","tag-cyclisme","tag-romain-bardet","tag-sport"],"acf":[],"yoast_head":"<!-- This site is optimized with the Yoast SEO Premium plugin v26.7 (Yoast SEO v26.7) - https:\/\/yoast.com\/wordpress\/plugins\/seo\/ -->\n<title>Officiel : Romain Bardet rejoint Sunweb<\/title>\n<meta name=\"description\" content=\"MERCATO CYCLISME - Romain Bardet quittera officiellement AG2R La Mondiale en fin d&#039;ann\u00e9e, pour rejoindre la Team Sunweb en 2021.\" \/>\n<meta name=\"robots\" content=\"index, follow, max-snippet:-1, max-image-preview:large, max-video-preview:-1\" \/>\n<link rel=\"canonical\" href=\"https:\/\/dicodusport.fr\/blog\/officiel-romain-bardet-rejoint-sunweb\/\" \/>\n<meta property=\"og:locale\" content=\"fr_FR\" \/>\n<meta property=\"og:type\" content=\"article\" \/>\n<meta property=\"og:title\" content=\"Officiel : Romain Bardet rejoint Sunweb\" \/>\n<meta property=\"og:description\" content=\"MERCATO CYCLISME - Romain Bardet quittera officiellement AG2R La Mondiale en fin d&#039;ann\u00e9e, pour rejoindre la Team Sunweb en 2021.\" \/>\n<meta property=\"og:url\" content=\"https:\/\/dicodusport.fr\/blog\/officiel-romain-bardet-rejoint-sunweb\/\" \/>\n<meta property=\"og:site_name\" content=\"Dicodusport\" \/>\n<meta property=\"article:publisher\" content=\"https:\/\/www.facebook.com\/dicodusport\" \/>\n<meta property=\"article:author\" content=\"https:\/\/www.facebook.com\/dicodusport\" \/>\n<meta property=\"article:published_time\" content=\"2020-08-10T09:23:46+00:00\" \/>\n<meta property=\"article:modified_time\" content=\"2020-08-10T10:31:53+00:00\" \/>\n<meta property=\"og:image\" content=\"https:\/\/dicodusport.fr\/blog\/wp-content\/uploads\/2019\/11\/Romain-Bardet-fera-limpasse-sur-le-Tour-de-France-2020.png\" \/>\n\t<meta property=\"og:image:width\" content=\"800\" \/>\n\t<meta property=\"og:image:height\" content=\"445\" \/>\n\t<meta property=\"og:image:type\" content=\"image\/png\" \/>\n<meta name=\"author\" content=\"Nicolas Jacquemard\" \/>\n<meta name=\"twitter:card\" content=\"summary_large_image\" \/>\n<meta name=\"twitter:title\" content=\"Officiel : Romain Bardet rejoint Sunweb\" \/>\n<meta name=\"twitter:creator\" content=\"@https:\/\/twitter.com\/Nico_Jacquemard\" \/>\n<meta name=\"twitter:site\" content=\"@dicodusport\" \/>\n<script type=\"application\/ld+json\" class=\"yoast-schema-graph\">{\"@context\":\"https:\/\/schema.org\",\"@graph\":[{\"@type\":\"NewsArticle\",\"@id\":\"https:\/\/dicodusport.fr\/blog\/officiel-romain-bardet-rejoint-sunweb\/#article\",\"isPartOf\":{\"@id\":\"https:\/\/dicodusport.fr\/blog\/officiel-romain-bardet-rejoint-sunweb\/\"},\"author\":{\"name\":\"Nicolas Jacquemard\",\"@id\":\"https:\/\/dicodusport.fr\/blog\/#\/schema\/person\/55dcb50ad410894e431ed812bbb70191\"},\"headline\":\"Officiel : Romain Bardet rejoint Sunweb\",\"datePublished\":\"2020-08-10T09:23:46+00:00\",\"dateModified\":\"2020-08-10T10:31:53+00:00\",\"mainEntityOfPage\":{\"@id\":\"https:\/\/dicodusport.fr\/blog\/officiel-romain-bardet-rejoint-sunweb\/\"},\"wordCount\":330,\"commentCount\":0,\"publisher\":{\"@id\":\"https:\/\/dicodusport.fr\/blog\/#organization\"},\"image\":{\"@id\":\"https:\/\/dicodusport.fr\/blog\/officiel-romain-bardet-rejoint-sunweb\/#primaryimage\"},\"thumbnailUrl\":\"https:\/\/dicodusport.fr\/blog\/wp-content\/uploads\/2019\/11\/Romain-Bardet-fera-limpasse-sur-le-Tour-de-France-2020.png\",\"keywords\":[\"Cyclisme\",\"Romain Bardet\",\"sport\"],\"articleSection\":[\"Cyclisme\"],\"inLanguage\":\"fr-FR\",\"potentialAction\":[{\"@type\":\"CommentAction\",\"name\":\"Comment\",\"target\":[\"https:\/\/dicodusport.fr\/blog\/officiel-romain-bardet-rejoint-sunweb\/#respond\"]}],\"copyrightYear\":\"2020\",\"copyrightHolder\":{\"@id\":\"https:\/\/dicodusport.fr\/blog\/#organization\"}},{\"@type\":\"WebPage\",\"@id\":\"https:\/\/dicodusport.fr\/blog\/officiel-romain-bardet-rejoint-sunweb\/\",\"url\":\"https:\/\/dicodusport.fr\/blog\/officiel-romain-bardet-rejoint-sunweb\/\",\"name\":\"Officiel : Romain Bardet rejoint Sunweb\",\"isPartOf\":{\"@id\":\"https:\/\/dicodusport.fr\/blog\/#website\"},\"primaryImageOfPage\":{\"@id\":\"https:\/\/dicodusport.fr\/blog\/officiel-romain-bardet-rejoint-sunweb\/#primaryimage\"},\"image\":{\"@id\":\"https:\/\/dicodusport.fr\/blog\/officiel-romain-bardet-rejoint-sunweb\/#primaryimage\"},\"thumbnailUrl\":\"https:\/\/dicodusport.fr\/blog\/wp-content\/uploads\/2019\/11\/Romain-Bardet-fera-limpasse-sur-le-Tour-de-France-2020.png\",\"datePublished\":\"2020-08-10T09:23:46+00:00\",\"dateModified\":\"2020-08-10T10:31:53+00:00\",\"description\":\"MERCATO CYCLISME - Romain Bardet quittera officiellement AG2R La Mondiale en fin d'ann\u00e9e, pour rejoindre la Team Sunweb en 2021.\",\"breadcrumb\":{\"@id\":\"https:\/\/dicodusport.fr\/blog\/officiel-romain-bardet-rejoint-sunweb\/#breadcrumb\"},\"inLanguage\":\"fr-FR\",\"potentialAction\":[{\"@type\":\"ReadAction\",\"target\":[\"https:\/\/dicodusport.fr\/blog\/officiel-romain-bardet-rejoint-sunweb\/\"]}]},{\"@type\":\"ImageObject\",\"inLanguage\":\"fr-FR\",\"@id\":\"https:\/\/dicodusport.fr\/blog\/officiel-romain-bardet-rejoint-sunweb\/#primaryimage\",\"url\":\"https:\/\/dicodusport.fr\/blog\/wp-content\/uploads\/2019\/11\/Romain-Bardet-fera-limpasse-sur-le-Tour-de-France-2020.png\",\"contentUrl\":\"https:\/\/dicodusport.fr\/blog\/wp-content\/uploads\/2019\/11\/Romain-Bardet-fera-limpasse-sur-le-Tour-de-France-2020.png\",\"width\":800,\"height\":445,\"caption\":\"Officiel : Romain Bardet rejoint Sunweb\"},{\"@type\":\"BreadcrumbList\",\"@id\":\"https:\/\/dicodusport.fr\/blog\/officiel-romain-bardet-rejoint-sunweb\/#breadcrumb\",\"itemListElement\":[{\"@type\":\"ListItem\",\"position\":1,\"name\":\"Accueil\",\"item\":\"https:\/\/dicodusport.fr\/blog\/\"},{\"@type\":\"ListItem\",\"position\":2,\"name\":\"Officiel : Romain Bardet rejoint Sunweb\"}]},{\"@type\":\"WebSite\",\"@id\":\"https:\/\/dicodusport.fr\/blog\/#website\",\"url\":\"https:\/\/dicodusport.fr\/blog\/\",\"name\":\"Dicodusport\",\"description\":\"L&#039;encyclop\u00e9die de l&#039;actualit\u00e9 sportive\",\"publisher\":{\"@id\":\"https:\/\/dicodusport.fr\/blog\/#organization\"},\"potentialAction\":[{\"@type\":\"SearchAction\",\"target\":{\"@type\":\"EntryPoint\",\"urlTemplate\":\"https:\/\/dicodusport.fr\/blog\/?s={search_term_string}\"},\"query-input\":{\"@type\":\"PropertyValueSpecification\",\"valueRequired\":true,\"valueName\":\"search_term_string\"}}],\"inLanguage\":\"fr-FR\"},{\"@type\":\"NewsMediaOrganization\",\"@id\":\"https:\/\/dicodusport.fr\/blog\/#organization\",\"name\":\"Dicodusport\",\"url\":\"https:\/\/dicodusport.fr\/blog\/\",\"logo\":{\"@type\":\"ImageObject\",\"inLanguage\":\"fr-FR\",\"@id\":\"https:\/\/dicodusport.fr\/blog\/#\/schema\/logo\/image\/\",\"url\":\"https:\/\/dicodusport.fr\/blog\/wp-content\/uploads\/2020\/06\/cropped-LOGO-DICODUSPORT-2020-SANS-FOND-SANS-TEXTE.png\",\"contentUrl\":\"https:\/\/dicodusport.fr\/blog\/wp-content\/uploads\/2020\/06\/cropped-LOGO-DICODUSPORT-2020-SANS-FOND-SANS-TEXTE.png\",\"width\":512,\"height\":512,\"caption\":\"Dicodusport\"},\"image\":{\"@id\":\"https:\/\/dicodusport.fr\/blog\/#\/schema\/logo\/image\/\"},\"sameAs\":[\"https:\/\/www.facebook.com\/dicodusport\",\"https:\/\/x.com\/dicodusport\",\"https:\/\/www.instagram.com\/dicodusport\/\",\"https:\/\/www.youtube.com\/channel\/UC7V2KZ5sd3htJivAbA4ZG3w\"],\"description\":\"Dicodusport est l'encyclop\u00e9die de l'actualit\u00e9 sportive.\",\"email\":\"bonjour@dicodusport.fr\",\"legalName\":\"DICODUSPORT\",\"foundingDate\":\"2018-01-14\",\"vatID\":\"FR71834470973\",\"taxID\":\"83447097300043\",\"numberOfEmployees\":{\"@type\":\"QuantitativeValue\",\"minValue\":\"1\",\"maxValue\":\"10\"}},{\"@type\":\"Person\",\"@id\":\"https:\/\/dicodusport.fr\/blog\/#\/schema\/person\/55dcb50ad410894e431ed812bbb70191\",\"name\":\"Nicolas Jacquemard\",\"image\":{\"@type\":\"ImageObject\",\"inLanguage\":\"fr-FR\",\"@id\":\"https:\/\/dicodusport.fr\/blog\/#\/schema\/person\/image\/\",\"url\":\"https:\/\/dicodusport.fr\/blog\/wp-content\/uploads\/2021\/05\/Nicolas-Jacquemard-150x150.jpeg\",\"contentUrl\":\"https:\/\/dicodusport.fr\/blog\/wp-content\/uploads\/2021\/05\/Nicolas-Jacquemard-150x150.jpeg\",\"caption\":\"Nicolas Jacquemard\"},\"description\":\"Passionn\u00e9 de sport et entrepreneur depuis mes 18 ans, la cr\u00e9ation de Dicodusport m'a sembl\u00e9 \u00e9vidente pour participer \u00e0 la m\u00e9diatisation d'un plus grand nombre de sports. Le chemin est long mais avec une \u00e9quipe des plus motiv\u00e9es et les Jeux Olympiques de Paris 2024 en point de mire, nous y arriverons ! Journaliste dans le monde du sport depuis plus de 5 ans, je traite aussi bien de football, de rugby, de biathlon que de cyclisme.\",\"sameAs\":[\"https:\/\/www.facebook.com\/dicodusport\",\"https:\/\/x.com\/https:\/\/twitter.com\/Nico_Jacquemard\"],\"url\":\"https:\/\/dicodusport.fr\/blog\/author\/dicodusport\/\"}]}<\/script>\n<!-- \/ Yoast SEO Premium plugin. -->","yoast_head_json":{"title":"Officiel : Romain Bardet rejoint Sunweb","description":"MERCATO CYCLISME - Romain Bardet quittera officiellement AG2R La Mondiale en fin d'ann\u00e9e, pour rejoindre la Team Sunweb en 2021.","robots":{"index":"index","follow":"follow","max-snippet":"max-snippet:-1","max-image-preview":"max-image-preview:large","max-video-preview":"max-video-preview:-1"},"canonical":"https:\/\/dicodusport.fr\/blog\/officiel-romain-bardet-rejoint-sunweb\/","og_locale":"fr_FR","og_type":"article","og_title":"Officiel : Romain Bardet rejoint Sunweb","og_description":"MERCATO CYCLISME - Romain Bardet quittera officiellement AG2R La Mondiale en fin d'ann\u00e9e, pour rejoindre la Team Sunweb en 2021.","og_url":"https:\/\/dicodusport.fr\/blog\/officiel-romain-bardet-rejoint-sunweb\/","og_site_name":"Dicodusport","article_publisher":"https:\/\/www.facebook.com\/dicodusport","article_author":"https:\/\/www.facebook.com\/dicodusport","article_published_time":"2020-08-10T09:23:46+00:00","article_modified_time":"2020-08-10T10:31:53+00:00","og_image":[{"width":800,"height":445,"url":"https:\/\/dicodusport.fr\/blog\/wp-content\/uploads\/2019\/11\/Romain-Bardet-fera-limpasse-sur-le-Tour-de-France-2020.png","type":"image\/png"}],"author":"Nicolas Jacquemard","twitter_card":"summary_large_image","twitter_title":"Officiel : Romain Bardet rejoint Sunweb","twitter_creator":"@https:\/\/twitter.com\/Nico_Jacquemard","twitter_site":"@dicodusport","schema":{"@context":"https:\/\/schema.org","@graph":[{"@type":"NewsArticle","@id":"https:\/\/dicodusport.fr\/blog\/officiel-romain-bardet-rejoint-sunweb\/#article","isPartOf":{"@id":"https:\/\/dicodusport.fr\/blog\/officiel-romain-bardet-rejoint-sunweb\/"},"author":{"name":"Nicolas Jacquemard","@id":"https:\/\/dicodusport.fr\/blog\/#\/schema\/person\/55dcb50ad410894e431ed812bbb70191"},"headline":"Officiel : Romain Bardet rejoint Sunweb","datePublished":"2020-08-10T09:23:46+00:00","dateModified":"2020-08-10T10:31:53+00:00","mainEntityOfPage":{"@id":"https:\/\/dicodusport.fr\/blog\/officiel-romain-bardet-rejoint-sunweb\/"},"wordCount":330,"commentCount":0,"publisher":{"@id":"https:\/\/dicodusport.fr\/blog\/#organization"},"image":{"@id":"https:\/\/dicodusport.fr\/blog\/officiel-romain-bardet-rejoint-sunweb\/#primaryimage"},"thumbnailUrl":"https:\/\/dicodusport.fr\/blog\/wp-content\/uploads\/2019\/11\/Romain-Bardet-fera-limpasse-sur-le-Tour-de-France-2020.png","keywords":["Cyclisme","Romain Bardet","sport"],"articleSection":["Cyclisme"],"inLanguage":"fr-FR","potentialAction":[{"@type":"CommentAction","name":"Comment","target":["https:\/\/dicodusport.fr\/blog\/officiel-romain-bardet-rejoint-sunweb\/#respond"]}],"copyrightYear":"2020","copyrightHolder":{"@id":"https:\/\/dicodusport.fr\/blog\/#organization"}},{"@type":"WebPage","@id":"https:\/\/dicodusport.fr\/blog\/officiel-romain-bardet-rejoint-sunweb\/","url":"https:\/\/dicodusport.fr\/blog\/officiel-romain-bardet-rejoint-sunweb\/","name":"Officiel : Romain Bardet rejoint Sunweb","isPartOf":{"@id":"https:\/\/dicodusport.fr\/blog\/#website"},"primaryImageOfPage":{"@id":"https:\/\/dicodusport.fr\/blog\/officiel-romain-bardet-rejoint-sunweb\/#primaryimage"},"image":{"@id":"https:\/\/dicodusport.fr\/blog\/officiel-romain-bardet-rejoint-sunweb\/#primaryimage"},"thumbnailUrl":"https:\/\/dicodusport.fr\/blog\/wp-content\/uploads\/2019\/11\/Romain-Bardet-fera-limpasse-sur-le-Tour-de-France-2020.png","datePublished":"2020-08-10T09:23:46+00:00","dateModified":"2020-08-10T10:31:53+00:00","description":"MERCATO CYCLISME - Romain Bardet quittera officiellement AG2R La Mondiale en fin d'ann\u00e9e, pour rejoindre la Team Sunweb en 2021.","breadcrumb":{"@id":"https:\/\/dicodusport.fr\/blog\/officiel-romain-bardet-rejoint-sunweb\/#breadcrumb"},"inLanguage":"fr-FR","potentialAction":[{"@type":"ReadAction","target":["https:\/\/dicodusport.fr\/blog\/officiel-romain-bardet-rejoint-sunweb\/"]}]},{"@type":"ImageObject","inLanguage":"fr-FR","@id":"https:\/\/dicodusport.fr\/blog\/officiel-romain-bardet-rejoint-sunweb\/#primaryimage","url":"https:\/\/dicodusport.fr\/blog\/wp-content\/uploads\/2019\/11\/Romain-Bardet-fera-limpasse-sur-le-Tour-de-France-2020.png","contentUrl":"https:\/\/dicodusport.fr\/blog\/wp-content\/uploads\/2019\/11\/Romain-Bardet-fera-limpasse-sur-le-Tour-de-France-2020.png","width":800,"height":445,"caption":"Officiel : Romain Bardet rejoint Sunweb"},{"@type":"BreadcrumbList","@id":"https:\/\/dicodusport.fr\/blog\/officiel-romain-bardet-rejoint-sunweb\/#breadcrumb","itemListElement":[{"@type":"ListItem","position":1,"name":"Accueil","item":"https:\/\/dicodusport.fr\/blog\/"},{"@type":"ListItem","position":2,"name":"Officiel : Romain Bardet rejoint Sunweb"}]},{"@type":"WebSite","@id":"https:\/\/dicodusport.fr\/blog\/#website","url":"https:\/\/dicodusport.fr\/blog\/","name":"Dicodusport","description":"L&#039;encyclop\u00e9die de l&#039;actualit\u00e9 sportive","publisher":{"@id":"https:\/\/dicodusport.fr\/blog\/#organization"},"potentialAction":[{"@type":"SearchAction","target":{"@type":"EntryPoint","urlTemplate":"https:\/\/dicodusport.fr\/blog\/?s={search_term_string}"},"query-input":{"@type":"PropertyValueSpecification","valueRequired":true,"valueName":"search_term_string"}}],"inLanguage":"fr-FR"},{"@type":"NewsMediaOrganization","@id":"https:\/\/dicodusport.fr\/blog\/#organization","name":"Dicodusport","url":"https:\/\/dicodusport.fr\/blog\/","logo":{"@type":"ImageObject","inLanguage":"fr-FR","@id":"https:\/\/dicodusport.fr\/blog\/#\/schema\/logo\/image\/","url":"https:\/\/dicodusport.fr\/blog\/wp-content\/uploads\/2020\/06\/cropped-LOGO-DICODUSPORT-2020-SANS-FOND-SANS-TEXTE.png","contentUrl":"https:\/\/dicodusport.fr\/blog\/wp-content\/uploads\/2020\/06\/cropped-LOGO-DICODUSPORT-2020-SANS-FOND-SANS-TEXTE.png","width":512,"height":512,"caption":"Dicodusport"},"image":{"@id":"https:\/\/dicodusport.fr\/blog\/#\/schema\/logo\/image\/"},"sameAs":["https:\/\/www.facebook.com\/dicodusport","https:\/\/x.com\/dicodusport","https:\/\/www.instagram.com\/dicodusport\/","https:\/\/www.youtube.com\/channel\/UC7V2KZ5sd3htJivAbA4ZG3w"],"description":"Dicodusport est l'encyclop\u00e9die de l'actualit\u00e9 sportive.","email":"bonjour@dicodusport.fr","legalName":"DICODUSPORT","foundingDate":"2018-01-14","vatID":"FR71834470973","taxID":"83447097300043","numberOfEmployees":{"@type":"QuantitativeValue","minValue":"1","maxValue":"10"}},{"@type":"Person","@id":"https:\/\/dicodusport.fr\/blog\/#\/schema\/person\/55dcb50ad410894e431ed812bbb70191","name":"Nicolas Jacquemard","image":{"@type":"ImageObject","inLanguage":"fr-FR","@id":"https:\/\/dicodusport.fr\/blog\/#\/schema\/person\/image\/","url":"https:\/\/dicodusport.fr\/blog\/wp-content\/uploads\/2021\/05\/Nicolas-Jacquemard-150x150.jpeg","contentUrl":"https:\/\/dicodusport.fr\/blog\/wp-content\/uploads\/2021\/05\/Nicolas-Jacquemard-150x150.jpeg","caption":"Nicolas Jacquemard"},"description":"Passionn\u00e9 de sport et entrepreneur depuis mes 18 ans, la cr\u00e9ation de Dicodusport m'a sembl\u00e9 \u00e9vidente pour participer \u00e0 la m\u00e9diatisation d'un plus grand nombre de sports. Le chemin est long mais avec une \u00e9quipe des plus motiv\u00e9es et les Jeux Olympiques de Paris 2024 en point de mire, nous y arriverons ! Journaliste dans le monde du sport depuis plus de 5 ans, je traite aussi bien de football, de rugby, de biathlon que de cyclisme.","sameAs":["https:\/\/www.facebook.com\/dicodusport","https:\/\/x.com\/https:\/\/twitter.com\/Nico_Jacquemard"],"url":"https:\/\/dicodusport.fr\/blog\/author\/dicodusport\/"}]}},"_links":{"self":[{"href":"https:\/\/dicodusport.fr\/blog\/wp-json\/wp\/v2\/posts\/73904","targetHints":{"allow":["GET"]}}],"collection":[{"href":"https:\/\/dicodusport.fr\/blog\/wp-json\/wp\/v2\/posts"}],"about":[{"href":"https:\/\/dicodusport.fr\/blog\/wp-json\/wp\/v2\/types\/post"}],"author":[{"embeddable":true,"href":"https:\/\/dicodusport.fr\/blog\/wp-json\/wp\/v2\/users\/1"}],"replies":[{"embeddable":true,"href":"https:\/\/dicodusport.fr\/blog\/wp-json\/wp\/v2\/comments?post=73904"}],"version-history":[{"count":0,"href":"https:\/\/dicodusport.fr\/blog\/wp-json\/wp\/v2\/posts\/73904\/revisions"}],"wp:featuredmedia":[{"embeddable":true,"href":"https:\/\/dicodusport.fr\/blog\/wp-json\/wp\/v2\/media\/53307"}],"wp:attachment":[{"href":"https:\/\/dicodusport.fr\/blog\/wp-json\/wp\/v2\/media?parent=73904"}],"wp:term":[{"taxonomy":"category","embeddable":true,"href":"https:\/\/dicodusport.fr\/blog\/wp-json\/wp\/v2\/categories?post=73904"},{"taxonomy":"post_tag","embeddable":true,"href":"https:\/\/dicodusport.fr\/blog\/wp-json\/wp\/v2\/tags?post=73904"}],"curies":[{"name":"wp","href":"https:\/\/api.w.org\/{rel}","templated":true}]}}