{"id":74036,"date":"2020-08-12T11:11:48","date_gmt":"2020-08-12T09:11:48","guid":{"rendered":"http:\/\/dicodusport.fr\/blog\/?p=74036&#038;preview=true&#038;preview_id=74036"},"modified":"2020-08-14T14:49:52","modified_gmt":"2020-08-14T12:49:52","slug":"athletisme-meeting-de-monaco-les-francais-et-francaises-engages","status":"publish","type":"post","link":"https:\/\/dicodusport.fr\/blog\/athletisme-meeting-de-monaco-les-francais-et-francaises-engages\/","title":{"rendered":"Athl\u00e9tisme &#8211; Meeting de Monaco : les Fran\u00e7ais et Fran\u00e7aises engag\u00e9s"},"content":{"rendered":"<p style=\"text-align: justify;\"><em><b>ATHL\u00c9TISME &#8211; Au total, 12 Fran\u00e7ais seront au rendez-vous du <a href=\"https:\/\/monaco.diamondleague.com\/programme-resultats-monaco\/\" target=\"_blank\" rel=\"noopener noreferrer\">meeting de Monaco<\/a>. Une comp\u00e9tition qui sera diffus\u00e9e en direct sur Canal +, vendredi 14 ao\u00fbt.\u00a0<\/b><\/em><\/p>\n<p style=\"text-align: justify;\">Neuf hommes et trois femmes seront engag\u00e9s lors de ce premier meeting Diamond League. On retrouvera notamment <strong>Wilhem Belocian<\/strong> sur 100m haies, <strong>Jimmy Gressier<\/strong> sur 5000m et <strong>Liv Westphal<\/strong> sur la m\u00eame distance.<\/p>\n<h2 style=\"text-align: justify;\">Hommes<\/h2>\n<p style=\"text-align: justify;\">Wilhem Belocian : 110 m\u00e8tres haies (20h03)<\/p>\n<p>Mame-Ibra Anne : 800 m\u00e8tres (20h12)<\/p>\n<p>Benjamin Robert : 800 m\u00e8tres (20h12)<\/p>\n<p style=\"text-align: justify;\">Ludvy Vaillant : 400 m\u00e8tres haies (20h42)<\/p>\n<p>Pierrik Jocteur-Monrozier : 1500 m\u00e8tres (20h57)<\/p>\n<p>Jimmy Gressier : 5000 m\u00e8tres (21h13)<\/p>\n<p>Marvin Ren\u00e9 : 200 m\u00e8tres (21h32)<\/p>\n<p>Mouhamadou Fall : 200 m\u00e8tres (21h32)<\/p>\n<p>Djilali Bedrani : 3000 m\u00e8tres steeple (21h47)<\/p>\n<h2 style=\"text-align: justify;\">Femmes<\/h2>\n<p>Liv Westphal : 5000 m\u00e8tres (20h19)<\/p>\n<p>Alessia Zarbo : 5000 m\u00e8tres (20h19)<\/p>\n<p>Amandine Brossier : 400 m\u00e8tres (21h07)<\/p>\n<p><strong><em>Dicodusport<br \/>\n<a href=\"https:\/\/www.facebook.com\/dicodusport\/\" target=\"_blank\" rel=\"noopener noreferrer\"><img loading=\"lazy\" decoding=\"async\" class=\"alignnone wp-image-2909\" src=\"http:\/\/dicodusport.fr\/blog\/wp-content\/uploads\/2017\/07\/logo-facebook-150x150.png\" alt=\"\" width=\"40\" height=\"40\" \/><\/a><a href=\"https:\/\/twitter.com\/dicodusport\" target=\"_blank\" rel=\"noopener noreferrer\"><img loading=\"lazy\" decoding=\"async\" class=\"alignnone wp-image-2908\" src=\"http:\/\/dicodusport.fr\/blog\/wp-content\/uploads\/2017\/07\/logo-twitter-150x150.png\" alt=\"\" width=\"39\" height=\"39\" \/><\/a><\/em><\/strong><\/p>\n","protected":false},"excerpt":{"rendered":"<p>ATHL\u00c9TISME &#8211; Au total, 12 Fran\u00e7ais seront au rendez-vous du meeting de Monaco. Une comp\u00e9tition qui sera diffus\u00e9e en direct sur Canal +, vendredi 14 ao\u00fbt.\u00a0<\/p>\n","protected":false},"author":1,"featured_media":74072,"comment_status":"open","ping_status":"closed","sticky":false,"template":"","format":"standard","meta":{"_acf_changed":false,"_daextam_enable_autolinks":"","footnotes":""},"categories":[2308],"tags":[143,4643,1678],"class_list":["post-74036","post","type-post","status-publish","format-standard","has-post-thumbnail","hentry","category-athletisme","tag-athletisme","tag-diamond-league","tag-monaco"],"acf":[],"yoast_head":"<!-- This site is optimized with the Yoast SEO Premium plugin v26.7 (Yoast SEO v26.7) - https:\/\/yoast.com\/wordpress\/plugins\/seo\/ -->\n<title>Athl\u00e9tisme - Meeting de Monaco : les Fran\u00e7ais et Fran\u00e7aises engag\u00e9s<\/title>\n<meta name=\"description\" content=\"ATHL\u00c9TISME - Au total, 12 Fran\u00e7ais seront au rendez-vous du meeting de Monaco. Une comp\u00e9tition qui sera diffus\u00e9e en direct sur Canal +, vendredi 14 ao\u00fbt.\u00a0\" \/>\n<meta name=\"robots\" content=\"index, follow, max-snippet:-1, max-image-preview:large, max-video-preview:-1\" \/>\n<link rel=\"canonical\" href=\"https:\/\/dicodusport.fr\/blog\/athletisme-meeting-de-monaco-les-francais-et-francaises-engages\/\" \/>\n<meta property=\"og:locale\" content=\"fr_FR\" \/>\n<meta property=\"og:type\" content=\"article\" \/>\n<meta property=\"og:title\" content=\"Athl\u00e9tisme - Meeting de Monaco : les Fran\u00e7ais et Fran\u00e7aises engag\u00e9s\" \/>\n<meta property=\"og:description\" content=\"ATHL\u00c9TISME - Au total, 12 Fran\u00e7ais seront au rendez-vous du meeting de Monaco. Une comp\u00e9tition qui sera diffus\u00e9e en direct sur Canal +, vendredi 14 ao\u00fbt.\u00a0\" \/>\n<meta property=\"og:url\" content=\"https:\/\/dicodusport.fr\/blog\/athletisme-meeting-de-monaco-les-francais-et-francaises-engages\/\" \/>\n<meta property=\"og:site_name\" content=\"Dicodusport\" \/>\n<meta property=\"article:publisher\" content=\"https:\/\/www.facebook.com\/dicodusport\" \/>\n<meta property=\"article:author\" content=\"https:\/\/www.facebook.com\/dicodusport\" \/>\n<meta property=\"article:published_time\" content=\"2020-08-12T09:11:48+00:00\" \/>\n<meta property=\"article:modified_time\" content=\"2020-08-14T12:49:52+00:00\" \/>\n<meta property=\"og:image\" content=\"https:\/\/dicodusport.fr\/blog\/wp-content\/uploads\/2020\/08\/Athl\u00e9tisme-Meeting-de-Monaco-Les-Fran\u00e7ais-et-Fran\u00e7aises-engag\u00e9s.png\" \/>\n\t<meta property=\"og:image:width\" content=\"800\" \/>\n\t<meta property=\"og:image:height\" content=\"445\" \/>\n\t<meta property=\"og:image:type\" content=\"image\/png\" \/>\n<meta name=\"author\" content=\"Nicolas Jacquemard\" \/>\n<meta name=\"twitter:card\" content=\"summary_large_image\" \/>\n<meta name=\"twitter:title\" content=\"Athl\u00e9tisme - Meeting de Monaco : les Fran\u00e7ais et Fran\u00e7aises engag\u00e9s\" \/>\n<meta name=\"twitter:creator\" content=\"@https:\/\/twitter.com\/Nico_Jacquemard\" \/>\n<meta name=\"twitter:site\" content=\"@dicodusport\" \/>\n<script type=\"application\/ld+json\" class=\"yoast-schema-graph\">{\"@context\":\"https:\/\/schema.org\",\"@graph\":[{\"@type\":\"NewsArticle\",\"@id\":\"https:\/\/dicodusport.fr\/blog\/athletisme-meeting-de-monaco-les-francais-et-francaises-engages\/#article\",\"isPartOf\":{\"@id\":\"https:\/\/dicodusport.fr\/blog\/athletisme-meeting-de-monaco-les-francais-et-francaises-engages\/\"},\"author\":{\"name\":\"Nicolas Jacquemard\",\"@id\":\"https:\/\/dicodusport.fr\/blog\/#\/schema\/person\/55dcb50ad410894e431ed812bbb70191\"},\"headline\":\"Athl\u00e9tisme &#8211; Meeting de Monaco : les Fran\u00e7ais et Fran\u00e7aises engag\u00e9s\",\"datePublished\":\"2020-08-12T09:11:48+00:00\",\"dateModified\":\"2020-08-14T12:49:52+00:00\",\"mainEntityOfPage\":{\"@id\":\"https:\/\/dicodusport.fr\/blog\/athletisme-meeting-de-monaco-les-francais-et-francaises-engages\/\"},\"wordCount\":143,\"commentCount\":0,\"publisher\":{\"@id\":\"https:\/\/dicodusport.fr\/blog\/#organization\"},\"image\":{\"@id\":\"https:\/\/dicodusport.fr\/blog\/athletisme-meeting-de-monaco-les-francais-et-francaises-engages\/#primaryimage\"},\"thumbnailUrl\":\"https:\/\/dicodusport.fr\/blog\/wp-content\/uploads\/2020\/08\/Athl\u00e9tisme-Meeting-de-Monaco-Les-Fran\u00e7ais-et-Fran\u00e7aises-engag\u00e9s.png\",\"keywords\":[\"Athl\u00e9tisme\",\"Diamond League\",\"Monaco\"],\"articleSection\":[\"Athl\u00e9tisme\"],\"inLanguage\":\"fr-FR\",\"potentialAction\":[{\"@type\":\"CommentAction\",\"name\":\"Comment\",\"target\":[\"https:\/\/dicodusport.fr\/blog\/athletisme-meeting-de-monaco-les-francais-et-francaises-engages\/#respond\"]}],\"copyrightYear\":\"2020\",\"copyrightHolder\":{\"@id\":\"https:\/\/dicodusport.fr\/blog\/#organization\"}},{\"@type\":\"WebPage\",\"@id\":\"https:\/\/dicodusport.fr\/blog\/athletisme-meeting-de-monaco-les-francais-et-francaises-engages\/\",\"url\":\"https:\/\/dicodusport.fr\/blog\/athletisme-meeting-de-monaco-les-francais-et-francaises-engages\/\",\"name\":\"Athl\u00e9tisme - Meeting de Monaco : les Fran\u00e7ais et Fran\u00e7aises engag\u00e9s\",\"isPartOf\":{\"@id\":\"https:\/\/dicodusport.fr\/blog\/#website\"},\"primaryImageOfPage\":{\"@id\":\"https:\/\/dicodusport.fr\/blog\/athletisme-meeting-de-monaco-les-francais-et-francaises-engages\/#primaryimage\"},\"image\":{\"@id\":\"https:\/\/dicodusport.fr\/blog\/athletisme-meeting-de-monaco-les-francais-et-francaises-engages\/#primaryimage\"},\"thumbnailUrl\":\"https:\/\/dicodusport.fr\/blog\/wp-content\/uploads\/2020\/08\/Athl\u00e9tisme-Meeting-de-Monaco-Les-Fran\u00e7ais-et-Fran\u00e7aises-engag\u00e9s.png\",\"datePublished\":\"2020-08-12T09:11:48+00:00\",\"dateModified\":\"2020-08-14T12:49:52+00:00\",\"description\":\"ATHL\u00c9TISME - Au total, 12 Fran\u00e7ais seront au rendez-vous du meeting de Monaco. Une comp\u00e9tition qui sera diffus\u00e9e en direct sur Canal +, vendredi 14 ao\u00fbt.\u00a0\",\"breadcrumb\":{\"@id\":\"https:\/\/dicodusport.fr\/blog\/athletisme-meeting-de-monaco-les-francais-et-francaises-engages\/#breadcrumb\"},\"inLanguage\":\"fr-FR\",\"potentialAction\":[{\"@type\":\"ReadAction\",\"target\":[\"https:\/\/dicodusport.fr\/blog\/athletisme-meeting-de-monaco-les-francais-et-francaises-engages\/\"]}]},{\"@type\":\"ImageObject\",\"inLanguage\":\"fr-FR\",\"@id\":\"https:\/\/dicodusport.fr\/blog\/athletisme-meeting-de-monaco-les-francais-et-francaises-engages\/#primaryimage\",\"url\":\"https:\/\/dicodusport.fr\/blog\/wp-content\/uploads\/2020\/08\/Athl\u00e9tisme-Meeting-de-Monaco-Les-Fran\u00e7ais-et-Fran\u00e7aises-engag\u00e9s.png\",\"contentUrl\":\"https:\/\/dicodusport.fr\/blog\/wp-content\/uploads\/2020\/08\/Athl\u00e9tisme-Meeting-de-Monaco-Les-Fran\u00e7ais-et-Fran\u00e7aises-engag\u00e9s.png\",\"width\":800,\"height\":445,\"caption\":\"Athl\u00e9tisme - Meeting de Monaco : les Fran\u00e7ais et Fran\u00e7aises engag\u00e9s\"},{\"@type\":\"BreadcrumbList\",\"@id\":\"https:\/\/dicodusport.fr\/blog\/athletisme-meeting-de-monaco-les-francais-et-francaises-engages\/#breadcrumb\",\"itemListElement\":[{\"@type\":\"ListItem\",\"position\":1,\"name\":\"Accueil\",\"item\":\"https:\/\/dicodusport.fr\/blog\/\"},{\"@type\":\"ListItem\",\"position\":2,\"name\":\"Athl\u00e9tisme &#8211; Meeting de Monaco : les Fran\u00e7ais et Fran\u00e7aises engag\u00e9s\"}]},{\"@type\":\"WebSite\",\"@id\":\"https:\/\/dicodusport.fr\/blog\/#website\",\"url\":\"https:\/\/dicodusport.fr\/blog\/\",\"name\":\"Dicodusport\",\"description\":\"L&#039;encyclop\u00e9die de l&#039;actualit\u00e9 sportive\",\"publisher\":{\"@id\":\"https:\/\/dicodusport.fr\/blog\/#organization\"},\"potentialAction\":[{\"@type\":\"SearchAction\",\"target\":{\"@type\":\"EntryPoint\",\"urlTemplate\":\"https:\/\/dicodusport.fr\/blog\/?s={search_term_string}\"},\"query-input\":{\"@type\":\"PropertyValueSpecification\",\"valueRequired\":true,\"valueName\":\"search_term_string\"}}],\"inLanguage\":\"fr-FR\"},{\"@type\":\"NewsMediaOrganization\",\"@id\":\"https:\/\/dicodusport.fr\/blog\/#organization\",\"name\":\"Dicodusport\",\"url\":\"https:\/\/dicodusport.fr\/blog\/\",\"logo\":{\"@type\":\"ImageObject\",\"inLanguage\":\"fr-FR\",\"@id\":\"https:\/\/dicodusport.fr\/blog\/#\/schema\/logo\/image\/\",\"url\":\"https:\/\/dicodusport.fr\/blog\/wp-content\/uploads\/2020\/06\/cropped-LOGO-DICODUSPORT-2020-SANS-FOND-SANS-TEXTE.png\",\"contentUrl\":\"https:\/\/dicodusport.fr\/blog\/wp-content\/uploads\/2020\/06\/cropped-LOGO-DICODUSPORT-2020-SANS-FOND-SANS-TEXTE.png\",\"width\":512,\"height\":512,\"caption\":\"Dicodusport\"},\"image\":{\"@id\":\"https:\/\/dicodusport.fr\/blog\/#\/schema\/logo\/image\/\"},\"sameAs\":[\"https:\/\/www.facebook.com\/dicodusport\",\"https:\/\/x.com\/dicodusport\",\"https:\/\/www.instagram.com\/dicodusport\/\",\"https:\/\/www.youtube.com\/channel\/UC7V2KZ5sd3htJivAbA4ZG3w\"],\"description\":\"Dicodusport est l'encyclop\u00e9die de l'actualit\u00e9 sportive.\",\"email\":\"bonjour@dicodusport.fr\",\"legalName\":\"DICODUSPORT\",\"foundingDate\":\"2018-01-14\",\"vatID\":\"FR71834470973\",\"taxID\":\"83447097300043\",\"numberOfEmployees\":{\"@type\":\"QuantitativeValue\",\"minValue\":\"1\",\"maxValue\":\"10\"}},{\"@type\":\"Person\",\"@id\":\"https:\/\/dicodusport.fr\/blog\/#\/schema\/person\/55dcb50ad410894e431ed812bbb70191\",\"name\":\"Nicolas Jacquemard\",\"image\":{\"@type\":\"ImageObject\",\"inLanguage\":\"fr-FR\",\"@id\":\"https:\/\/dicodusport.fr\/blog\/#\/schema\/person\/image\/\",\"url\":\"https:\/\/dicodusport.fr\/blog\/wp-content\/uploads\/2021\/05\/Nicolas-Jacquemard-150x150.jpeg\",\"contentUrl\":\"https:\/\/dicodusport.fr\/blog\/wp-content\/uploads\/2021\/05\/Nicolas-Jacquemard-150x150.jpeg\",\"caption\":\"Nicolas Jacquemard\"},\"description\":\"Passionn\u00e9 de sport et entrepreneur depuis mes 18 ans, la cr\u00e9ation de Dicodusport m'a sembl\u00e9 \u00e9vidente pour participer \u00e0 la m\u00e9diatisation d'un plus grand nombre de sports. Le chemin est long mais avec une \u00e9quipe des plus motiv\u00e9es et les Jeux Olympiques de Paris 2024 en point de mire, nous y arriverons ! Journaliste dans le monde du sport depuis plus de 5 ans, je traite aussi bien de football, de rugby, de biathlon que de cyclisme.\",\"sameAs\":[\"https:\/\/www.facebook.com\/dicodusport\",\"https:\/\/x.com\/https:\/\/twitter.com\/Nico_Jacquemard\"],\"url\":\"https:\/\/dicodusport.fr\/blog\/author\/dicodusport\/\"}]}<\/script>\n<!-- \/ Yoast SEO Premium plugin. -->","yoast_head_json":{"title":"Athl\u00e9tisme - Meeting de Monaco : les Fran\u00e7ais et Fran\u00e7aises engag\u00e9s","description":"ATHL\u00c9TISME - Au total, 12 Fran\u00e7ais seront au rendez-vous du meeting de Monaco. Une comp\u00e9tition qui sera diffus\u00e9e en direct sur Canal +, vendredi 14 ao\u00fbt.\u00a0","robots":{"index":"index","follow":"follow","max-snippet":"max-snippet:-1","max-image-preview":"max-image-preview:large","max-video-preview":"max-video-preview:-1"},"canonical":"https:\/\/dicodusport.fr\/blog\/athletisme-meeting-de-monaco-les-francais-et-francaises-engages\/","og_locale":"fr_FR","og_type":"article","og_title":"Athl\u00e9tisme - Meeting de Monaco : les Fran\u00e7ais et Fran\u00e7aises engag\u00e9s","og_description":"ATHL\u00c9TISME - Au total, 12 Fran\u00e7ais seront au rendez-vous du meeting de Monaco. Une comp\u00e9tition qui sera diffus\u00e9e en direct sur Canal +, vendredi 14 ao\u00fbt.\u00a0","og_url":"https:\/\/dicodusport.fr\/blog\/athletisme-meeting-de-monaco-les-francais-et-francaises-engages\/","og_site_name":"Dicodusport","article_publisher":"https:\/\/www.facebook.com\/dicodusport","article_author":"https:\/\/www.facebook.com\/dicodusport","article_published_time":"2020-08-12T09:11:48+00:00","article_modified_time":"2020-08-14T12:49:52+00:00","og_image":[{"width":800,"height":445,"url":"https:\/\/dicodusport.fr\/blog\/wp-content\/uploads\/2020\/08\/Athl\u00e9tisme-Meeting-de-Monaco-Les-Fran\u00e7ais-et-Fran\u00e7aises-engag\u00e9s.png","type":"image\/png"}],"author":"Nicolas Jacquemard","twitter_card":"summary_large_image","twitter_title":"Athl\u00e9tisme - Meeting de Monaco : les Fran\u00e7ais et Fran\u00e7aises engag\u00e9s","twitter_creator":"@https:\/\/twitter.com\/Nico_Jacquemard","twitter_site":"@dicodusport","schema":{"@context":"https:\/\/schema.org","@graph":[{"@type":"NewsArticle","@id":"https:\/\/dicodusport.fr\/blog\/athletisme-meeting-de-monaco-les-francais-et-francaises-engages\/#article","isPartOf":{"@id":"https:\/\/dicodusport.fr\/blog\/athletisme-meeting-de-monaco-les-francais-et-francaises-engages\/"},"author":{"name":"Nicolas Jacquemard","@id":"https:\/\/dicodusport.fr\/blog\/#\/schema\/person\/55dcb50ad410894e431ed812bbb70191"},"headline":"Athl\u00e9tisme &#8211; Meeting de Monaco : les Fran\u00e7ais et Fran\u00e7aises engag\u00e9s","datePublished":"2020-08-12T09:11:48+00:00","dateModified":"2020-08-14T12:49:52+00:00","mainEntityOfPage":{"@id":"https:\/\/dicodusport.fr\/blog\/athletisme-meeting-de-monaco-les-francais-et-francaises-engages\/"},"wordCount":143,"commentCount":0,"publisher":{"@id":"https:\/\/dicodusport.fr\/blog\/#organization"},"image":{"@id":"https:\/\/dicodusport.fr\/blog\/athletisme-meeting-de-monaco-les-francais-et-francaises-engages\/#primaryimage"},"thumbnailUrl":"https:\/\/dicodusport.fr\/blog\/wp-content\/uploads\/2020\/08\/Athl\u00e9tisme-Meeting-de-Monaco-Les-Fran\u00e7ais-et-Fran\u00e7aises-engag\u00e9s.png","keywords":["Athl\u00e9tisme","Diamond League","Monaco"],"articleSection":["Athl\u00e9tisme"],"inLanguage":"fr-FR","potentialAction":[{"@type":"CommentAction","name":"Comment","target":["https:\/\/dicodusport.fr\/blog\/athletisme-meeting-de-monaco-les-francais-et-francaises-engages\/#respond"]}],"copyrightYear":"2020","copyrightHolder":{"@id":"https:\/\/dicodusport.fr\/blog\/#organization"}},{"@type":"WebPage","@id":"https:\/\/dicodusport.fr\/blog\/athletisme-meeting-de-monaco-les-francais-et-francaises-engages\/","url":"https:\/\/dicodusport.fr\/blog\/athletisme-meeting-de-monaco-les-francais-et-francaises-engages\/","name":"Athl\u00e9tisme - Meeting de Monaco : les Fran\u00e7ais et Fran\u00e7aises engag\u00e9s","isPartOf":{"@id":"https:\/\/dicodusport.fr\/blog\/#website"},"primaryImageOfPage":{"@id":"https:\/\/dicodusport.fr\/blog\/athletisme-meeting-de-monaco-les-francais-et-francaises-engages\/#primaryimage"},"image":{"@id":"https:\/\/dicodusport.fr\/blog\/athletisme-meeting-de-monaco-les-francais-et-francaises-engages\/#primaryimage"},"thumbnailUrl":"https:\/\/dicodusport.fr\/blog\/wp-content\/uploads\/2020\/08\/Athl\u00e9tisme-Meeting-de-Monaco-Les-Fran\u00e7ais-et-Fran\u00e7aises-engag\u00e9s.png","datePublished":"2020-08-12T09:11:48+00:00","dateModified":"2020-08-14T12:49:52+00:00","description":"ATHL\u00c9TISME - Au total, 12 Fran\u00e7ais seront au rendez-vous du meeting de Monaco. Une comp\u00e9tition qui sera diffus\u00e9e en direct sur Canal +, vendredi 14 ao\u00fbt.\u00a0","breadcrumb":{"@id":"https:\/\/dicodusport.fr\/blog\/athletisme-meeting-de-monaco-les-francais-et-francaises-engages\/#breadcrumb"},"inLanguage":"fr-FR","potentialAction":[{"@type":"ReadAction","target":["https:\/\/dicodusport.fr\/blog\/athletisme-meeting-de-monaco-les-francais-et-francaises-engages\/"]}]},{"@type":"ImageObject","inLanguage":"fr-FR","@id":"https:\/\/dicodusport.fr\/blog\/athletisme-meeting-de-monaco-les-francais-et-francaises-engages\/#primaryimage","url":"https:\/\/dicodusport.fr\/blog\/wp-content\/uploads\/2020\/08\/Athl\u00e9tisme-Meeting-de-Monaco-Les-Fran\u00e7ais-et-Fran\u00e7aises-engag\u00e9s.png","contentUrl":"https:\/\/dicodusport.fr\/blog\/wp-content\/uploads\/2020\/08\/Athl\u00e9tisme-Meeting-de-Monaco-Les-Fran\u00e7ais-et-Fran\u00e7aises-engag\u00e9s.png","width":800,"height":445,"caption":"Athl\u00e9tisme - Meeting de Monaco : les Fran\u00e7ais et Fran\u00e7aises engag\u00e9s"},{"@type":"BreadcrumbList","@id":"https:\/\/dicodusport.fr\/blog\/athletisme-meeting-de-monaco-les-francais-et-francaises-engages\/#breadcrumb","itemListElement":[{"@type":"ListItem","position":1,"name":"Accueil","item":"https:\/\/dicodusport.fr\/blog\/"},{"@type":"ListItem","position":2,"name":"Athl\u00e9tisme &#8211; Meeting de Monaco : les Fran\u00e7ais et Fran\u00e7aises engag\u00e9s"}]},{"@type":"WebSite","@id":"https:\/\/dicodusport.fr\/blog\/#website","url":"https:\/\/dicodusport.fr\/blog\/","name":"Dicodusport","description":"L&#039;encyclop\u00e9die de l&#039;actualit\u00e9 sportive","publisher":{"@id":"https:\/\/dicodusport.fr\/blog\/#organization"},"potentialAction":[{"@type":"SearchAction","target":{"@type":"EntryPoint","urlTemplate":"https:\/\/dicodusport.fr\/blog\/?s={search_term_string}"},"query-input":{"@type":"PropertyValueSpecification","valueRequired":true,"valueName":"search_term_string"}}],"inLanguage":"fr-FR"},{"@type":"NewsMediaOrganization","@id":"https:\/\/dicodusport.fr\/blog\/#organization","name":"Dicodusport","url":"https:\/\/dicodusport.fr\/blog\/","logo":{"@type":"ImageObject","inLanguage":"fr-FR","@id":"https:\/\/dicodusport.fr\/blog\/#\/schema\/logo\/image\/","url":"https:\/\/dicodusport.fr\/blog\/wp-content\/uploads\/2020\/06\/cropped-LOGO-DICODUSPORT-2020-SANS-FOND-SANS-TEXTE.png","contentUrl":"https:\/\/dicodusport.fr\/blog\/wp-content\/uploads\/2020\/06\/cropped-LOGO-DICODUSPORT-2020-SANS-FOND-SANS-TEXTE.png","width":512,"height":512,"caption":"Dicodusport"},"image":{"@id":"https:\/\/dicodusport.fr\/blog\/#\/schema\/logo\/image\/"},"sameAs":["https:\/\/www.facebook.com\/dicodusport","https:\/\/x.com\/dicodusport","https:\/\/www.instagram.com\/dicodusport\/","https:\/\/www.youtube.com\/channel\/UC7V2KZ5sd3htJivAbA4ZG3w"],"description":"Dicodusport est l'encyclop\u00e9die de l'actualit\u00e9 sportive.","email":"bonjour@dicodusport.fr","legalName":"DICODUSPORT","foundingDate":"2018-01-14","vatID":"FR71834470973","taxID":"83447097300043","numberOfEmployees":{"@type":"QuantitativeValue","minValue":"1","maxValue":"10"}},{"@type":"Person","@id":"https:\/\/dicodusport.fr\/blog\/#\/schema\/person\/55dcb50ad410894e431ed812bbb70191","name":"Nicolas Jacquemard","image":{"@type":"ImageObject","inLanguage":"fr-FR","@id":"https:\/\/dicodusport.fr\/blog\/#\/schema\/person\/image\/","url":"https:\/\/dicodusport.fr\/blog\/wp-content\/uploads\/2021\/05\/Nicolas-Jacquemard-150x150.jpeg","contentUrl":"https:\/\/dicodusport.fr\/blog\/wp-content\/uploads\/2021\/05\/Nicolas-Jacquemard-150x150.jpeg","caption":"Nicolas Jacquemard"},"description":"Passionn\u00e9 de sport et entrepreneur depuis mes 18 ans, la cr\u00e9ation de Dicodusport m'a sembl\u00e9 \u00e9vidente pour participer \u00e0 la m\u00e9diatisation d'un plus grand nombre de sports. Le chemin est long mais avec une \u00e9quipe des plus motiv\u00e9es et les Jeux Olympiques de Paris 2024 en point de mire, nous y arriverons ! Journaliste dans le monde du sport depuis plus de 5 ans, je traite aussi bien de football, de rugby, de biathlon que de cyclisme.","sameAs":["https:\/\/www.facebook.com\/dicodusport","https:\/\/x.com\/https:\/\/twitter.com\/Nico_Jacquemard"],"url":"https:\/\/dicodusport.fr\/blog\/author\/dicodusport\/"}]}},"_links":{"self":[{"href":"https:\/\/dicodusport.fr\/blog\/wp-json\/wp\/v2\/posts\/74036","targetHints":{"allow":["GET"]}}],"collection":[{"href":"https:\/\/dicodusport.fr\/blog\/wp-json\/wp\/v2\/posts"}],"about":[{"href":"https:\/\/dicodusport.fr\/blog\/wp-json\/wp\/v2\/types\/post"}],"author":[{"embeddable":true,"href":"https:\/\/dicodusport.fr\/blog\/wp-json\/wp\/v2\/users\/1"}],"replies":[{"embeddable":true,"href":"https:\/\/dicodusport.fr\/blog\/wp-json\/wp\/v2\/comments?post=74036"}],"version-history":[{"count":0,"href":"https:\/\/dicodusport.fr\/blog\/wp-json\/wp\/v2\/posts\/74036\/revisions"}],"wp:featuredmedia":[{"embeddable":true,"href":"https:\/\/dicodusport.fr\/blog\/wp-json\/wp\/v2\/media\/74072"}],"wp:attachment":[{"href":"https:\/\/dicodusport.fr\/blog\/wp-json\/wp\/v2\/media?parent=74036"}],"wp:term":[{"taxonomy":"category","embeddable":true,"href":"https:\/\/dicodusport.fr\/blog\/wp-json\/wp\/v2\/categories?post=74036"},{"taxonomy":"post_tag","embeddable":true,"href":"https:\/\/dicodusport.fr\/blog\/wp-json\/wp\/v2\/tags?post=74036"}],"curies":[{"name":"wp","href":"https:\/\/api.w.org\/{rel}","templated":true}]}}