{"id":74051,"date":"2020-08-12T08:25:10","date_gmt":"2020-08-12T06:25:10","guid":{"rendered":"http:\/\/dicodusport.fr\/blog\/?p=74051&#038;preview=true&#038;preview_id=74051"},"modified":"2020-08-12T08:25:10","modified_gmt":"2020-08-12T06:25:10","slug":"tour-du-piemont-2020-la-liste-des-engages","status":"publish","type":"post","link":"https:\/\/dicodusport.fr\/blog\/tour-du-piemont-2020-la-liste-des-engages\/","title":{"rendered":"Tour du Pi\u00e9mont 2020 : la liste des engag\u00e9s"},"content":{"rendered":"<p style=\"text-align: justify;\"><strong><em>CYCLISME &#8211; La 104\u00e8me \u00e9dition du Tour du Pi\u00e9mont, aussi nomm\u00e9 <a href=\"https:\/\/www.procyclingstats.com\/race\/gran-piemonte\/2020\/overview\" target=\"_blank\" rel=\"noopener noreferrer\">Gran Piemonte<\/a>, se d\u00e9roule ce mercredi 12 ao\u00fbt. D\u00e9couvrez la startlist de l&rsquo;\u00e9preuve italienne.<\/em><\/strong><\/p>\n<h2 style=\"text-align: justify;\">La liste des engag\u00e9s du Tour de Pi\u00e9mont 2020<\/h2>\n<h3 style=\"text-align: justify;\">ALPECIN \u2013 FENIX<\/h3>\n<p style=\"text-align: justify;\">1 VAN DER POEL Mathieu<br \/>\n2 DE TIER Floris<br \/>\n3 JANSSENS Jimmy<br \/>\n4 SBARAGLI Kristian<br \/>\n5 VAKO\u00c4\u0152 Petr<br \/>\n6 VERVAEKE Louis<br \/>\n7 WALSLEBEN Philipp<\/p>\n<h3 style=\"text-align: justify;\">ANDRONI GIOCATTOLI \u2013 SIDERMEC<\/h3>\n<p style=\"text-align: justify;\">11 BAGIOLI Nicola<br \/>\n12 BAIS Mattia<br \/>\n13 CEPEDA Jefferson<br \/>\n14 GAVAZZI Francesco<br \/>\n15 MU\u00d1OZ GIRALDO Daniel<br \/>\n16 PELLAUD Simon<br \/>\n17 RAVANELLI Simone<\/p>\n<h3 style=\"text-align: justify;\">ASTANA PRO TEAM<\/h3>\n<p style=\"text-align: justify;\">21 IZAGUIRRE INSAUSTI Ion<br \/>\n22 ARANBURU DEBA Alex<br \/>\n23 BOARO Manuele<br \/>\n24 GIDICH Yevgeniy<br \/>\n25 MARTINELLI Davide<br \/>\n26 NATAROV Yuriy<br \/>\n27 VLASOV Aleksandr<\/p>\n<h3 style=\"text-align: justify;\">BARDIANI CSF FAIZANE\u2019<\/h3>\n<p style=\"text-align: justify;\">31 CARBONI Giovanni<br \/>\n32 COVILI Luca<br \/>\n33 FIORELLI Filippo<br \/>\n34 ROMANO Francesco<br \/>\n35 SAVINI Daniel<br \/>\n36 SENNI Manuel<br \/>\n37 ZANA Filippo<\/p>\n<h3 style=\"text-align: justify;\">CCC TEAM<\/h3>\n<p style=\"text-align: justify;\">41 DE MARCHI Alessandro<br \/>\n42 GESCHKE Simon<br \/>\n43 MALECKI Kamil<br \/>\n44 PALUTA Michal<br \/>\n45 ROSSKOPF Joseph<br \/>\n46 VALTER Attila<br \/>\n47 ZIMMERMANN Georg<\/p>\n<h3 style=\"text-align: justify;\">CIRCUS \u2013 WANTY GOBERT<\/h3>\n<p style=\"text-align: justify;\">51 DELACROIX Theo<br \/>\n52 DEVRIENDT Tom<br \/>\n53 EIKING Odd Christian<br \/>\n54 PASQUALON Andrea<br \/>\n55 PETILLI Simone<br \/>\n56 VAN POPPEL Danny<br \/>\n57 VANSPEYBROUCK Pieter<\/p>\n<h3 style=\"text-align: justify;\">DECEUNINCK \u2013 QUICK \u2013 STEP<\/h3>\n<p style=\"text-align: justify;\">61 BALLERINI Davide<br \/>\n62 CATTANEO Mattia<br \/>\n63 DEVENYNS Dries<br \/>\n64 GARRISON Ian<br \/>\n65 HONOR\u00c9 Mikkel Fr\u00f8lich<br \/>\n66 QUINN Sean<br \/>\n67 SERRY Pieter<\/p>\n<h3 style=\"text-align: justify;\">GAZPROM \u2013 RUSVELO<\/h3>\n<p style=\"text-align: justify;\">71 CANOLA Marco<br \/>\n72 CHERKASOV Nikolai<br \/>\n73 CIMA Damiano<br \/>\n74 KUZMIN Anton<br \/>\n75 RIKUNOV Petr<br \/>\n76 RYBALKIN Aleksei<br \/>\n77 VELASCO Simone<\/p>\n<h3 style=\"text-align: justify;\">ISRAEL START \u2013 UP NATION<\/h3>\n<p style=\"text-align: justify;\">81 HERMANS Ben<br \/>\n82 BADILATTI Matteo<br \/>\n83 BOIVIN Guillaume<br \/>\n84 CATAFORD Alexander<br \/>\n85 GOLDSTEIN Omer<br \/>\n86 NAVARRO GARCIA Daniel<br \/>\n87 PICCOLI James<\/p>\n<h3 style=\"text-align: justify;\">MITCHELTON \u2013 SCOTT<\/h3>\n<p style=\"text-align: justify;\">91 ALBASINI Michael<br \/>\n92 GRMAY Tsgabu Gebremaryam<br \/>\n93 HAMILTON Lucas<br \/>\n94 MEYER Cameron<br \/>\n95 SCOTSON Callum<br \/>\n96 SMITH Dion<br \/>\n97 STANNARD Robert<\/p>\n<ul>\n<li style=\"text-align: justify;\"><strong>\u00c0 lire aussi &#8211; <a href=\"https:\/\/dicodusport.fr\/blog\/tour-du-piemont-2020-profil-de-la-course\/\" target=\"_blank\" rel=\"noopener noreferrer\">Tour du Pi\u00e9mont 2020 : le profil de la course<\/a><\/strong><\/li>\n<\/ul>\n<h3 style=\"text-align: justify;\">MOVISTAR TEAM<\/h3>\n<p style=\"text-align: justify;\">101 ALBA BOLIVAR Juan Diego<br \/>\n102 HOLLMANN Juri<br \/>\n103 JACOBS Johan<br \/>\n104 JORGENSON Matteo<br \/>\n105 J\u00d8RGENSEN Mathias Norsgaard<br \/>\n106 RUBIO REYES Einer Augusto<br \/>\n107 VILLELLA Davide<\/p>\n<h3 style=\"text-align: justify;\">\u00c9QUIPE D&rsquo;ITALIE<\/h3>\n<p style=\"text-align: justify;\">111 ALEOTTI Giovanni<br \/>\n112 COLNAGHI Luca<br \/>\n113 GAZZOLI Michele<br \/>\n114 MARCELLUSI Martin<br \/>\n115 MILAN Jonathan<br \/>\n116 PLEBANI Davide<br \/>\n117 RIVI Samuele<\/p>\n<h3 style=\"text-align: justify;\">NTT PRO CYCLING TEAM<\/h3>\n<p style=\"text-align: justify;\">121 DE BOD Stefan<br \/>\n122 DYBALL Benjamin<br \/>\n123 GEBREIGZABHIER Amanuel<br \/>\n124 KING Benjamin<br \/>\n125 M\u00c4DER Gino<br \/>\n126 SOBRERO Matteo<br \/>\n127 WYSS Danilo<\/p>\n<h3 style=\"text-align: justify;\">INEOS<\/h3>\n<p style=\"text-align: justify;\">131 SOSA CUERVO Ivan Ramiro<br \/>\n132 BASSO Leonardo<br \/>\n133 GANNA Filippo<br \/>\n134 MOSCON Gianni<br \/>\n135 PUCCIO Salvatore<br \/>\n136 RIVERA VARGAS Brandon Smith<br \/>\n137 SWIFT Ben<\/p>\n<h3 style=\"text-align: justify;\">JUMBO \u2013 VISMA<\/h3>\n<p style=\"text-align: justify;\">141 BENNETT George<br \/>\n142 BOUWMAN Koen<br \/>\n143 HARPER Chris<br \/>\n144 HOFSTEDE Lennard<br \/>\n145 MARTENS Paul<br \/>\n146 RASMUSSEN VINGEGAARD Jonas<br \/>\n147 TOLHOEK Antwan<\/p>\n<h3 style=\"text-align: justify;\">TREK \u2013 SEGAFREDO<\/h3>\n<p style=\"text-align: justify;\">151 NIBALI Vincenzo<br \/>\n152 BRAMBILLA Gianluca<br \/>\n153 CICCONE Giulio<br \/>\n154 CONCI Nicola<br \/>\n155 DE KORT Koen<br \/>\n156 MOSCA Jacopo<br \/>\n157 MOSCHETTI Matteo<\/p>\n<h3 style=\"text-align: justify;\">UAE TEAM EMIRATES<\/h3>\n<p style=\"text-align: justify;\">161 ARU Fabio<br \/>\n162 CONTI Valerio<br \/>\n163 COVI Alessandro<br \/>\n164 MCNULTY Brandon<br \/>\n165 RAVASI Edward<br \/>\n166 RIABUSHENKO Aleksandr<br \/>\n167 ULISSI Diego<\/p>\n<h3 style=\"text-align: justify;\">VINI ZABU\u2019 KTM<\/h3>\n<p style=\"text-align: justify;\">171 VISCONTI Giovanni<br \/>\n172 FORTUNATO Lorenzo<br \/>\n173 FRAPPORTI Marco<br \/>\n174 GAROSIO Andrea<br \/>\n175 MARENGO Umberto<br \/>\n176 ROTA Lorenzo<br \/>\n177 STACCHIOTTI Riccardo<\/p>\n<p><strong><em>Dicodusport<br \/>\n<a href=\"https:\/\/www.facebook.com\/dicodusport\/\" target=\"_blank\" rel=\"noopener noreferrer\"><img loading=\"lazy\" decoding=\"async\" class=\"alignnone wp-image-2909\" src=\"http:\/\/dicodusport.fr\/blog\/wp-content\/uploads\/2017\/07\/logo-facebook-150x150.png\" alt=\"\" width=\"40\" height=\"40\" \/><\/a><a href=\"https:\/\/twitter.com\/dicodusport\" target=\"_blank\" rel=\"noopener noreferrer\"><img loading=\"lazy\" decoding=\"async\" class=\"alignnone wp-image-2908\" src=\"http:\/\/dicodusport.fr\/blog\/wp-content\/uploads\/2017\/07\/logo-twitter-150x150.png\" alt=\"\" width=\"39\" height=\"39\" \/><\/a><\/em><\/strong><\/p>\n","protected":false},"excerpt":{"rendered":"<p>CYCLISME &#8211; La 104\u00e8me \u00e9dition du Tour du Pi\u00e9mont se d\u00e9roule ce mercredi 12 ao\u00fbt. D\u00e9couvrez la startlist de l&rsquo;\u00e9preuve italienne.<\/p>\n","protected":false},"author":4,"featured_media":74053,"comment_status":"open","ping_status":"closed","sticky":false,"template":"","format":"standard","meta":{"_acf_changed":false,"_daextam_enable_autolinks":"","footnotes":""},"categories":[2307],"tags":[8984],"class_list":["post-74051","post","type-post","status-publish","format-standard","has-post-thumbnail","hentry","category-cyclisme","tag-tour-du-piemont"],"acf":[],"yoast_head":"<!-- This site is optimized with the Yoast SEO Premium plugin v26.7 (Yoast SEO v26.7) - https:\/\/yoast.com\/wordpress\/plugins\/seo\/ -->\n<title>Tour du Pi\u00e9mont 2020 : la liste des engag\u00e9s<\/title>\n<meta name=\"description\" content=\"CYCLISME - La 104\u00e8me \u00e9dition du Tour du Pi\u00e9mont se d\u00e9roule ce mercredi 12 ao\u00fbt. D\u00e9couvrez la startlist de l&#039;\u00e9preuve italienne.\" \/>\n<meta name=\"robots\" content=\"index, follow, max-snippet:-1, max-image-preview:large, max-video-preview:-1\" \/>\n<link rel=\"canonical\" href=\"https:\/\/dicodusport.fr\/blog\/tour-du-piemont-2020-la-liste-des-engages\/\" \/>\n<meta property=\"og:locale\" content=\"fr_FR\" \/>\n<meta property=\"og:type\" content=\"article\" \/>\n<meta property=\"og:title\" content=\"Tour du Pi\u00e9mont 2020 : la liste des engag\u00e9s\" \/>\n<meta property=\"og:description\" content=\"CYCLISME - La 104\u00e8me \u00e9dition du Tour du Pi\u00e9mont se d\u00e9roule ce mercredi 12 ao\u00fbt. D\u00e9couvrez la startlist de l&#039;\u00e9preuve italienne.\" \/>\n<meta property=\"og:url\" content=\"https:\/\/dicodusport.fr\/blog\/tour-du-piemont-2020-la-liste-des-engages\/\" \/>\n<meta property=\"og:site_name\" content=\"Dicodusport\" \/>\n<meta property=\"article:publisher\" content=\"https:\/\/www.facebook.com\/dicodusport\" \/>\n<meta property=\"article:author\" content=\"https:\/\/www.facebook.com\/florent.ostermann\" \/>\n<meta property=\"article:published_time\" content=\"2020-08-12T06:25:10+00:00\" \/>\n<meta property=\"og:image\" content=\"https:\/\/dicodusport.fr\/blog\/wp-content\/uploads\/2020\/08\/Tour-du-Pi\u00e9mont-2020-La-liste-des-engag\u00e9s.png\" \/>\n\t<meta property=\"og:image:width\" content=\"800\" \/>\n\t<meta property=\"og:image:height\" content=\"445\" \/>\n\t<meta property=\"og:image:type\" content=\"image\/png\" \/>\n<meta name=\"author\" content=\"Flo Ostermann\" \/>\n<meta name=\"twitter:card\" content=\"summary_large_image\" \/>\n<meta name=\"twitter:title\" content=\"Tour du Pi\u00e9mont 2020 : la liste des engag\u00e9s\" \/>\n<meta name=\"twitter:creator\" content=\"@https:\/\/twitter.com\/FlOstermann\" \/>\n<meta name=\"twitter:site\" content=\"@dicodusport\" \/>\n<script type=\"application\/ld+json\" class=\"yoast-schema-graph\">{\"@context\":\"https:\/\/schema.org\",\"@graph\":[{\"@type\":\"NewsArticle\",\"@id\":\"https:\/\/dicodusport.fr\/blog\/tour-du-piemont-2020-la-liste-des-engages\/#article\",\"isPartOf\":{\"@id\":\"https:\/\/dicodusport.fr\/blog\/tour-du-piemont-2020-la-liste-des-engages\/\"},\"author\":{\"name\":\"Flo Ostermann\",\"@id\":\"https:\/\/dicodusport.fr\/blog\/#\/schema\/person\/cb02af4c173ce4a653b55e9baf388d4a\"},\"headline\":\"Tour du Pi\u00e9mont 2020 : la liste des engag\u00e9s\",\"datePublished\":\"2020-08-12T06:25:10+00:00\",\"mainEntityOfPage\":{\"@id\":\"https:\/\/dicodusport.fr\/blog\/tour-du-piemont-2020-la-liste-des-engages\/\"},\"wordCount\":388,\"commentCount\":0,\"publisher\":{\"@id\":\"https:\/\/dicodusport.fr\/blog\/#organization\"},\"image\":{\"@id\":\"https:\/\/dicodusport.fr\/blog\/tour-du-piemont-2020-la-liste-des-engages\/#primaryimage\"},\"thumbnailUrl\":\"https:\/\/dicodusport.fr\/blog\/wp-content\/uploads\/2020\/08\/Tour-du-Pi\u00e9mont-2020-La-liste-des-engag\u00e9s.png\",\"keywords\":[\"Tour du Pi\u00e9mont\"],\"articleSection\":[\"Cyclisme\"],\"inLanguage\":\"fr-FR\",\"potentialAction\":[{\"@type\":\"CommentAction\",\"name\":\"Comment\",\"target\":[\"https:\/\/dicodusport.fr\/blog\/tour-du-piemont-2020-la-liste-des-engages\/#respond\"]}],\"copyrightYear\":\"2020\",\"copyrightHolder\":{\"@id\":\"https:\/\/dicodusport.fr\/blog\/#organization\"}},{\"@type\":\"WebPage\",\"@id\":\"https:\/\/dicodusport.fr\/blog\/tour-du-piemont-2020-la-liste-des-engages\/\",\"url\":\"https:\/\/dicodusport.fr\/blog\/tour-du-piemont-2020-la-liste-des-engages\/\",\"name\":\"Tour du Pi\u00e9mont 2020 : la liste des engag\u00e9s\",\"isPartOf\":{\"@id\":\"https:\/\/dicodusport.fr\/blog\/#website\"},\"primaryImageOfPage\":{\"@id\":\"https:\/\/dicodusport.fr\/blog\/tour-du-piemont-2020-la-liste-des-engages\/#primaryimage\"},\"image\":{\"@id\":\"https:\/\/dicodusport.fr\/blog\/tour-du-piemont-2020-la-liste-des-engages\/#primaryimage\"},\"thumbnailUrl\":\"https:\/\/dicodusport.fr\/blog\/wp-content\/uploads\/2020\/08\/Tour-du-Pi\u00e9mont-2020-La-liste-des-engag\u00e9s.png\",\"datePublished\":\"2020-08-12T06:25:10+00:00\",\"description\":\"CYCLISME - La 104\u00e8me \u00e9dition du Tour du Pi\u00e9mont se d\u00e9roule ce mercredi 12 ao\u00fbt. D\u00e9couvrez la startlist de l'\u00e9preuve italienne.\",\"breadcrumb\":{\"@id\":\"https:\/\/dicodusport.fr\/blog\/tour-du-piemont-2020-la-liste-des-engages\/#breadcrumb\"},\"inLanguage\":\"fr-FR\",\"potentialAction\":[{\"@type\":\"ReadAction\",\"target\":[\"https:\/\/dicodusport.fr\/blog\/tour-du-piemont-2020-la-liste-des-engages\/\"]}]},{\"@type\":\"ImageObject\",\"inLanguage\":\"fr-FR\",\"@id\":\"https:\/\/dicodusport.fr\/blog\/tour-du-piemont-2020-la-liste-des-engages\/#primaryimage\",\"url\":\"https:\/\/dicodusport.fr\/blog\/wp-content\/uploads\/2020\/08\/Tour-du-Pi\u00e9mont-2020-La-liste-des-engag\u00e9s.png\",\"contentUrl\":\"https:\/\/dicodusport.fr\/blog\/wp-content\/uploads\/2020\/08\/Tour-du-Pi\u00e9mont-2020-La-liste-des-engag\u00e9s.png\",\"width\":800,\"height\":445,\"caption\":\"Tour du Pi\u00e9mont 2020 : la liste des engag\u00e9s\"},{\"@type\":\"BreadcrumbList\",\"@id\":\"https:\/\/dicodusport.fr\/blog\/tour-du-piemont-2020-la-liste-des-engages\/#breadcrumb\",\"itemListElement\":[{\"@type\":\"ListItem\",\"position\":1,\"name\":\"Accueil\",\"item\":\"https:\/\/dicodusport.fr\/blog\/\"},{\"@type\":\"ListItem\",\"position\":2,\"name\":\"Tour du Pi\u00e9mont 2020 : la liste des engag\u00e9s\"}]},{\"@type\":\"WebSite\",\"@id\":\"https:\/\/dicodusport.fr\/blog\/#website\",\"url\":\"https:\/\/dicodusport.fr\/blog\/\",\"name\":\"Dicodusport\",\"description\":\"L&#039;encyclop\u00e9die de l&#039;actualit\u00e9 sportive\",\"publisher\":{\"@id\":\"https:\/\/dicodusport.fr\/blog\/#organization\"},\"potentialAction\":[{\"@type\":\"SearchAction\",\"target\":{\"@type\":\"EntryPoint\",\"urlTemplate\":\"https:\/\/dicodusport.fr\/blog\/?s={search_term_string}\"},\"query-input\":{\"@type\":\"PropertyValueSpecification\",\"valueRequired\":true,\"valueName\":\"search_term_string\"}}],\"inLanguage\":\"fr-FR\"},{\"@type\":\"NewsMediaOrganization\",\"@id\":\"https:\/\/dicodusport.fr\/blog\/#organization\",\"name\":\"Dicodusport\",\"url\":\"https:\/\/dicodusport.fr\/blog\/\",\"logo\":{\"@type\":\"ImageObject\",\"inLanguage\":\"fr-FR\",\"@id\":\"https:\/\/dicodusport.fr\/blog\/#\/schema\/logo\/image\/\",\"url\":\"https:\/\/dicodusport.fr\/blog\/wp-content\/uploads\/2020\/06\/cropped-LOGO-DICODUSPORT-2020-SANS-FOND-SANS-TEXTE.png\",\"contentUrl\":\"https:\/\/dicodusport.fr\/blog\/wp-content\/uploads\/2020\/06\/cropped-LOGO-DICODUSPORT-2020-SANS-FOND-SANS-TEXTE.png\",\"width\":512,\"height\":512,\"caption\":\"Dicodusport\"},\"image\":{\"@id\":\"https:\/\/dicodusport.fr\/blog\/#\/schema\/logo\/image\/\"},\"sameAs\":[\"https:\/\/www.facebook.com\/dicodusport\",\"https:\/\/x.com\/dicodusport\",\"https:\/\/www.instagram.com\/dicodusport\/\",\"https:\/\/www.youtube.com\/channel\/UC7V2KZ5sd3htJivAbA4ZG3w\"],\"description\":\"Dicodusport est l'encyclop\u00e9die de l'actualit\u00e9 sportive.\",\"email\":\"bonjour@dicodusport.fr\",\"legalName\":\"DICODUSPORT\",\"foundingDate\":\"2018-01-14\",\"vatID\":\"FR71834470973\",\"taxID\":\"83447097300043\",\"numberOfEmployees\":{\"@type\":\"QuantitativeValue\",\"minValue\":\"1\",\"maxValue\":\"10\"}},{\"@type\":\"Person\",\"@id\":\"https:\/\/dicodusport.fr\/blog\/#\/schema\/person\/cb02af4c173ce4a653b55e9baf388d4a\",\"name\":\"Flo Ostermann\",\"image\":{\"@type\":\"ImageObject\",\"inLanguage\":\"fr-FR\",\"@id\":\"https:\/\/dicodusport.fr\/blog\/#\/schema\/person\/image\/\",\"url\":\"https:\/\/dicodusport.fr\/blog\/wp-content\/uploads\/2021\/05\/Flo-Ostermann-150x150.jpg\",\"contentUrl\":\"https:\/\/dicodusport.fr\/blog\/wp-content\/uploads\/2021\/05\/Flo-Ostermann-150x150.jpg\",\"caption\":\"Flo Ostermann\"},\"description\":\"Journaliste\/R\u00e9dacteur depuis septembre 2015 - Mes premiers souvenirs dans le sport ? Les envol\u00e9es du Stade Toulousain et les duels Villeneuve-Schumacher et H\u00e4kkinen-Schumacher \u00e0 la fin des ann\u00e9es 90, la Coupe du monde de football en 1998, l\u2019exploit du XV de France face aux All Blacks en 1999, mais aussi Richard C\u0153ur de Lion qui vole sur les montagnes du Tour de France. Bien parti pour devenir professeur d\u2019EPS, les \u00e9v\u00e9nements de la vie (et la flemme d\u2019animer des s\u00e9ances de 3x500 m\u00e8tres toute ma vie) m\u2019ont conduit \u00e0 revoir mes plans. Me voil\u00e0 depuis fin 2017 sur Dicodusport, m\u00e9dia gr\u00e2ce (et pour) lequel je partage ma passion : le sport dans tous ses \u00e9tats. Le tout accompagn\u00e9 par les fous furieux et folles furieuses cit\u00e9s sur cette page !\",\"sameAs\":[\"https:\/\/www.facebook.com\/florent.ostermann\",\"https:\/\/x.com\/https:\/\/twitter.com\/FlOstermann\",\"admin\"],\"url\":\"https:\/\/dicodusport.fr\/blog\/author\/flo\/\"}]}<\/script>\n<!-- \/ Yoast SEO Premium plugin. -->","yoast_head_json":{"title":"Tour du Pi\u00e9mont 2020 : la liste des engag\u00e9s","description":"CYCLISME - La 104\u00e8me \u00e9dition du Tour du Pi\u00e9mont se d\u00e9roule ce mercredi 12 ao\u00fbt. D\u00e9couvrez la startlist de l'\u00e9preuve italienne.","robots":{"index":"index","follow":"follow","max-snippet":"max-snippet:-1","max-image-preview":"max-image-preview:large","max-video-preview":"max-video-preview:-1"},"canonical":"https:\/\/dicodusport.fr\/blog\/tour-du-piemont-2020-la-liste-des-engages\/","og_locale":"fr_FR","og_type":"article","og_title":"Tour du Pi\u00e9mont 2020 : la liste des engag\u00e9s","og_description":"CYCLISME - La 104\u00e8me \u00e9dition du Tour du Pi\u00e9mont se d\u00e9roule ce mercredi 12 ao\u00fbt. D\u00e9couvrez la startlist de l'\u00e9preuve italienne.","og_url":"https:\/\/dicodusport.fr\/blog\/tour-du-piemont-2020-la-liste-des-engages\/","og_site_name":"Dicodusport","article_publisher":"https:\/\/www.facebook.com\/dicodusport","article_author":"https:\/\/www.facebook.com\/florent.ostermann","article_published_time":"2020-08-12T06:25:10+00:00","og_image":[{"width":800,"height":445,"url":"https:\/\/dicodusport.fr\/blog\/wp-content\/uploads\/2020\/08\/Tour-du-Pi\u00e9mont-2020-La-liste-des-engag\u00e9s.png","type":"image\/png"}],"author":"Flo Ostermann","twitter_card":"summary_large_image","twitter_title":"Tour du Pi\u00e9mont 2020 : la liste des engag\u00e9s","twitter_creator":"@https:\/\/twitter.com\/FlOstermann","twitter_site":"@dicodusport","schema":{"@context":"https:\/\/schema.org","@graph":[{"@type":"NewsArticle","@id":"https:\/\/dicodusport.fr\/blog\/tour-du-piemont-2020-la-liste-des-engages\/#article","isPartOf":{"@id":"https:\/\/dicodusport.fr\/blog\/tour-du-piemont-2020-la-liste-des-engages\/"},"author":{"name":"Flo Ostermann","@id":"https:\/\/dicodusport.fr\/blog\/#\/schema\/person\/cb02af4c173ce4a653b55e9baf388d4a"},"headline":"Tour du Pi\u00e9mont 2020 : la liste des engag\u00e9s","datePublished":"2020-08-12T06:25:10+00:00","mainEntityOfPage":{"@id":"https:\/\/dicodusport.fr\/blog\/tour-du-piemont-2020-la-liste-des-engages\/"},"wordCount":388,"commentCount":0,"publisher":{"@id":"https:\/\/dicodusport.fr\/blog\/#organization"},"image":{"@id":"https:\/\/dicodusport.fr\/blog\/tour-du-piemont-2020-la-liste-des-engages\/#primaryimage"},"thumbnailUrl":"https:\/\/dicodusport.fr\/blog\/wp-content\/uploads\/2020\/08\/Tour-du-Pi\u00e9mont-2020-La-liste-des-engag\u00e9s.png","keywords":["Tour du Pi\u00e9mont"],"articleSection":["Cyclisme"],"inLanguage":"fr-FR","potentialAction":[{"@type":"CommentAction","name":"Comment","target":["https:\/\/dicodusport.fr\/blog\/tour-du-piemont-2020-la-liste-des-engages\/#respond"]}],"copyrightYear":"2020","copyrightHolder":{"@id":"https:\/\/dicodusport.fr\/blog\/#organization"}},{"@type":"WebPage","@id":"https:\/\/dicodusport.fr\/blog\/tour-du-piemont-2020-la-liste-des-engages\/","url":"https:\/\/dicodusport.fr\/blog\/tour-du-piemont-2020-la-liste-des-engages\/","name":"Tour du Pi\u00e9mont 2020 : la liste des engag\u00e9s","isPartOf":{"@id":"https:\/\/dicodusport.fr\/blog\/#website"},"primaryImageOfPage":{"@id":"https:\/\/dicodusport.fr\/blog\/tour-du-piemont-2020-la-liste-des-engages\/#primaryimage"},"image":{"@id":"https:\/\/dicodusport.fr\/blog\/tour-du-piemont-2020-la-liste-des-engages\/#primaryimage"},"thumbnailUrl":"https:\/\/dicodusport.fr\/blog\/wp-content\/uploads\/2020\/08\/Tour-du-Pi\u00e9mont-2020-La-liste-des-engag\u00e9s.png","datePublished":"2020-08-12T06:25:10+00:00","description":"CYCLISME - La 104\u00e8me \u00e9dition du Tour du Pi\u00e9mont se d\u00e9roule ce mercredi 12 ao\u00fbt. D\u00e9couvrez la startlist de l'\u00e9preuve italienne.","breadcrumb":{"@id":"https:\/\/dicodusport.fr\/blog\/tour-du-piemont-2020-la-liste-des-engages\/#breadcrumb"},"inLanguage":"fr-FR","potentialAction":[{"@type":"ReadAction","target":["https:\/\/dicodusport.fr\/blog\/tour-du-piemont-2020-la-liste-des-engages\/"]}]},{"@type":"ImageObject","inLanguage":"fr-FR","@id":"https:\/\/dicodusport.fr\/blog\/tour-du-piemont-2020-la-liste-des-engages\/#primaryimage","url":"https:\/\/dicodusport.fr\/blog\/wp-content\/uploads\/2020\/08\/Tour-du-Pi\u00e9mont-2020-La-liste-des-engag\u00e9s.png","contentUrl":"https:\/\/dicodusport.fr\/blog\/wp-content\/uploads\/2020\/08\/Tour-du-Pi\u00e9mont-2020-La-liste-des-engag\u00e9s.png","width":800,"height":445,"caption":"Tour du Pi\u00e9mont 2020 : la liste des engag\u00e9s"},{"@type":"BreadcrumbList","@id":"https:\/\/dicodusport.fr\/blog\/tour-du-piemont-2020-la-liste-des-engages\/#breadcrumb","itemListElement":[{"@type":"ListItem","position":1,"name":"Accueil","item":"https:\/\/dicodusport.fr\/blog\/"},{"@type":"ListItem","position":2,"name":"Tour du Pi\u00e9mont 2020 : la liste des engag\u00e9s"}]},{"@type":"WebSite","@id":"https:\/\/dicodusport.fr\/blog\/#website","url":"https:\/\/dicodusport.fr\/blog\/","name":"Dicodusport","description":"L&#039;encyclop\u00e9die de l&#039;actualit\u00e9 sportive","publisher":{"@id":"https:\/\/dicodusport.fr\/blog\/#organization"},"potentialAction":[{"@type":"SearchAction","target":{"@type":"EntryPoint","urlTemplate":"https:\/\/dicodusport.fr\/blog\/?s={search_term_string}"},"query-input":{"@type":"PropertyValueSpecification","valueRequired":true,"valueName":"search_term_string"}}],"inLanguage":"fr-FR"},{"@type":"NewsMediaOrganization","@id":"https:\/\/dicodusport.fr\/blog\/#organization","name":"Dicodusport","url":"https:\/\/dicodusport.fr\/blog\/","logo":{"@type":"ImageObject","inLanguage":"fr-FR","@id":"https:\/\/dicodusport.fr\/blog\/#\/schema\/logo\/image\/","url":"https:\/\/dicodusport.fr\/blog\/wp-content\/uploads\/2020\/06\/cropped-LOGO-DICODUSPORT-2020-SANS-FOND-SANS-TEXTE.png","contentUrl":"https:\/\/dicodusport.fr\/blog\/wp-content\/uploads\/2020\/06\/cropped-LOGO-DICODUSPORT-2020-SANS-FOND-SANS-TEXTE.png","width":512,"height":512,"caption":"Dicodusport"},"image":{"@id":"https:\/\/dicodusport.fr\/blog\/#\/schema\/logo\/image\/"},"sameAs":["https:\/\/www.facebook.com\/dicodusport","https:\/\/x.com\/dicodusport","https:\/\/www.instagram.com\/dicodusport\/","https:\/\/www.youtube.com\/channel\/UC7V2KZ5sd3htJivAbA4ZG3w"],"description":"Dicodusport est l'encyclop\u00e9die de l'actualit\u00e9 sportive.","email":"bonjour@dicodusport.fr","legalName":"DICODUSPORT","foundingDate":"2018-01-14","vatID":"FR71834470973","taxID":"83447097300043","numberOfEmployees":{"@type":"QuantitativeValue","minValue":"1","maxValue":"10"}},{"@type":"Person","@id":"https:\/\/dicodusport.fr\/blog\/#\/schema\/person\/cb02af4c173ce4a653b55e9baf388d4a","name":"Flo Ostermann","image":{"@type":"ImageObject","inLanguage":"fr-FR","@id":"https:\/\/dicodusport.fr\/blog\/#\/schema\/person\/image\/","url":"https:\/\/dicodusport.fr\/blog\/wp-content\/uploads\/2021\/05\/Flo-Ostermann-150x150.jpg","contentUrl":"https:\/\/dicodusport.fr\/blog\/wp-content\/uploads\/2021\/05\/Flo-Ostermann-150x150.jpg","caption":"Flo Ostermann"},"description":"Journaliste\/R\u00e9dacteur depuis septembre 2015 - Mes premiers souvenirs dans le sport ? Les envol\u00e9es du Stade Toulousain et les duels Villeneuve-Schumacher et H\u00e4kkinen-Schumacher \u00e0 la fin des ann\u00e9es 90, la Coupe du monde de football en 1998, l\u2019exploit du XV de France face aux All Blacks en 1999, mais aussi Richard C\u0153ur de Lion qui vole sur les montagnes du Tour de France. Bien parti pour devenir professeur d\u2019EPS, les \u00e9v\u00e9nements de la vie (et la flemme d\u2019animer des s\u00e9ances de 3x500 m\u00e8tres toute ma vie) m\u2019ont conduit \u00e0 revoir mes plans. Me voil\u00e0 depuis fin 2017 sur Dicodusport, m\u00e9dia gr\u00e2ce (et pour) lequel je partage ma passion : le sport dans tous ses \u00e9tats. Le tout accompagn\u00e9 par les fous furieux et folles furieuses cit\u00e9s sur cette page !","sameAs":["https:\/\/www.facebook.com\/florent.ostermann","https:\/\/x.com\/https:\/\/twitter.com\/FlOstermann","admin"],"url":"https:\/\/dicodusport.fr\/blog\/author\/flo\/"}]}},"_links":{"self":[{"href":"https:\/\/dicodusport.fr\/blog\/wp-json\/wp\/v2\/posts\/74051","targetHints":{"allow":["GET"]}}],"collection":[{"href":"https:\/\/dicodusport.fr\/blog\/wp-json\/wp\/v2\/posts"}],"about":[{"href":"https:\/\/dicodusport.fr\/blog\/wp-json\/wp\/v2\/types\/post"}],"author":[{"embeddable":true,"href":"https:\/\/dicodusport.fr\/blog\/wp-json\/wp\/v2\/users\/4"}],"replies":[{"embeddable":true,"href":"https:\/\/dicodusport.fr\/blog\/wp-json\/wp\/v2\/comments?post=74051"}],"version-history":[{"count":0,"href":"https:\/\/dicodusport.fr\/blog\/wp-json\/wp\/v2\/posts\/74051\/revisions"}],"wp:featuredmedia":[{"embeddable":true,"href":"https:\/\/dicodusport.fr\/blog\/wp-json\/wp\/v2\/media\/74053"}],"wp:attachment":[{"href":"https:\/\/dicodusport.fr\/blog\/wp-json\/wp\/v2\/media?parent=74051"}],"wp:term":[{"taxonomy":"category","embeddable":true,"href":"https:\/\/dicodusport.fr\/blog\/wp-json\/wp\/v2\/categories?post=74051"},{"taxonomy":"post_tag","embeddable":true,"href":"https:\/\/dicodusport.fr\/blog\/wp-json\/wp\/v2\/tags?post=74051"}],"curies":[{"name":"wp","href":"https:\/\/api.w.org\/{rel}","templated":true}]}}