{"id":74514,"date":"2020-08-15T18:00:14","date_gmt":"2020-08-15T16:00:14","guid":{"rendered":"http:\/\/dicodusport.fr\/blog\/?p=74514&#038;preview=true&#038;preview_id=74514"},"modified":"2020-08-15T21:29:19","modified_gmt":"2020-08-15T19:29:19","slug":"tour-de-lombardie-jakob-fuglsand-enleve-deuxieme-monument","status":"publish","type":"post","link":"https:\/\/dicodusport.fr\/blog\/tour-de-lombardie-jakob-fuglsand-enleve-deuxieme-monument\/","title":{"rendered":"Tour de Lombardie : Jakob Fuglsang enl\u00e8ve un deuxi\u00e8me Monument"},"content":{"rendered":"<p style=\"text-align: justify;\"><strong><em><a href=\"https:\/\/dicodusport.fr\/blog\/tour-de-lombardie-2020-profil-de-la-course\/\" target=\"_blank\" rel=\"noopener noreferrer\">TOUR DE LOMBARDIE 2020<\/a> &#8211; Jakob Fuglsang (Astana) a remport\u00e9 ce samedi le Tour de Lombardie, en solitaire. Le Danois s&rsquo;adjuge un deuxi\u00e8me Monument, apr\u00e8s Li\u00e8ge-Bastogne-Li\u00e8ge en 2019. George Bennett (Jumbo-Visma) termine deuxi\u00e8me. Aleksandr Vlasov, co\u00e9quipier de Fuglsang, compl\u00e8te le podium.<\/em><\/strong><\/p>\n<p style=\"text-align: justify;\"><strong>Jakob Fuglsang<\/strong> (Astana) a remport\u00e9 son deuxi\u00e8me Monument apr\u00e8s la Doyenne en 2019. Mais ce n&rsquo;est pas forc\u00e9ment ce que l&rsquo;on retiendra ce samedi. <a href=\"https:\/\/dicodusport.fr\/blog\/remco-evenepoel-victime-lourde-chute-tour-de-lombardie\/\" target=\"_blank\" rel=\"noopener noreferrer\">La chute de <strong>Remco Evenepoel<\/strong><\/a> \u00e0 moins de 50 km de l&rsquo;arriv\u00e9e a en effet glac\u00e9 les suiveurs et la course durant de longues minutes. L&rsquo;\u00e9motion pass\u00e9e, le final du <strong>Tour de Lombardie<\/strong> se d\u00e9cante une premi\u00e8re fois dans le Civiglio, \u00e0 20 km de l&rsquo;arriv\u00e9e.<\/p>\n<h2 style=\"text-align: justify;\">Fuglsang trop fort, les Trek-Segafredo trop justes<\/h2>\n<p style=\"text-align: justify;\"><strong>Jakob Fuglsang<\/strong> (Astana), <strong>George Bennett<\/strong> (Jumbo-Visma) s&rsquo;isolent alors en t\u00eate, en compagnie d&rsquo;un co\u00e9quipier du Danois, <strong>Aleksandr Vlasov<\/strong>, <a href=\"https:\/\/dicodusport.fr\/blog\/mont-ventoux-denivele-challenge-aleksandr-vlasov-ecoeure-concurrence\/\" target=\"_blank\" rel=\"noopener noreferrer\">laur\u00e9at du Mont Ventoux D\u00e9nivel\u00e9 Challenge<\/a>. Le trio pi\u00e8ge \u00e0 ce moment-l\u00e0 la formation Trek-Segafredo, pourtant sur-repr\u00e9sent\u00e9e \u00e0 l&rsquo;avant avec <strong>Vincenzo Nibali<\/strong>, <strong>Giulio Ciccone<\/strong> et le tenant du titre, <strong>Bauke Mollema<\/strong>. C&rsquo;est finalement dans le San Fermo, \u00e0 10 km de l&rsquo;arriv\u00e9e \u00e0 C\u00f4me, que <strong>Fuglsang<\/strong> l\u00e2che le dernier coureur \u00e0 le suivre, le N\u00e9o-Z\u00e9landais <strong>Bennett<\/strong>. <strong>Fuglsang, Bennett <\/strong>et<strong> Vlasov<\/strong>, c&rsquo;est le podium \u00e0 l&rsquo;arriv\u00e9e d&rsquo;un Tour de Lombardie d\u00e9cid\u00e9ment tr\u00e8s particulier.<\/p>\n<blockquote class=\"twitter-tweet\">\n<p dir=\"ltr\" lang=\"fr\">C&rsquo;est le danois Jakob Fuglsang qui s&rsquo;adjuge le Tour de Lombardie ! <a href=\"https:\/\/twitter.com\/hashtag\/lequipeVELO?src=hash&amp;ref_src=twsrc%5Etfw\">#lequipeVELO<\/a> <a href=\"https:\/\/t.co\/glt1r5AJ3x\">pic.twitter.com\/glt1r5AJ3x<\/a><\/p>\n<p>\u2014 la chaine L&rsquo;\u00c9quipe (@lachainelequipe) <a href=\"https:\/\/twitter.com\/lachainelequipe\/status\/1294665763358482434?ref_src=twsrc%5Etfw\">August 15, 2020<\/a><\/p><\/blockquote>\n<p><script async src=\"https:\/\/platform.twitter.com\/widgets.js\" charset=\"utf-8\"><\/script><\/p>\n<ul>\n<li style=\"text-align: justify;\"><strong><a href=\"https:\/\/www.procyclingstats.com\/race\/il-lombardia\/2020\/result\" target=\"_blank\" rel=\"noopener noreferrer\">Le classement complet du Tour de Lombardie 2020<\/a><\/strong><\/li>\n<\/ul>\n<p><strong><em>Dicodusport<br \/>\n<a href=\"https:\/\/www.facebook.com\/dicodusport\/\" target=\"_blank\" rel=\"noopener noreferrer\"><img loading=\"lazy\" decoding=\"async\" class=\"alignnone wp-image-2909\" src=\"http:\/\/dicodusport.fr\/blog\/wp-content\/uploads\/2017\/07\/logo-facebook-150x150.png\" alt=\"\" width=\"40\" height=\"40\" \/><\/a><a href=\"https:\/\/twitter.com\/dicodusport\" target=\"_blank\" rel=\"noopener noreferrer\"><img loading=\"lazy\" decoding=\"async\" class=\"alignnone wp-image-2908\" src=\"http:\/\/dicodusport.fr\/blog\/wp-content\/uploads\/2017\/07\/logo-twitter-150x150.png\" alt=\"\" width=\"39\" height=\"39\" \/><\/a><\/em><\/strong><\/p>\n","protected":false},"excerpt":{"rendered":"<p>TOUR DE LOMBARDIE 2020 &#8211; Jakob Fuglsang (Astana) a remport\u00e9 ce samedi le Tour de Lombardie, en solitaire. Le Danois s&rsquo;adjuge un deuxi\u00e8me Monument, apr\u00e8s Li\u00e8ge-Bastogne-Li\u00e8ge en 2019. George Bennett (Jumbo-Visma) termine deuxi\u00e8me.<\/p>\n","protected":false},"author":4,"featured_media":74539,"comment_status":"open","ping_status":"closed","sticky":false,"template":"","format":"standard","meta":{"_acf_changed":false,"_daextam_enable_autolinks":"","footnotes":""},"categories":[2307],"tags":[4168],"class_list":["post-74514","post","type-post","status-publish","format-standard","has-post-thumbnail","hentry","category-cyclisme","tag-tour-de-lombardie"],"acf":[],"yoast_head":"<!-- This site is optimized with the Yoast SEO Premium plugin v26.7 (Yoast SEO v26.7) - https:\/\/yoast.com\/wordpress\/plugins\/seo\/ -->\n<title>Tour de Lombardie : Jakob Fuglsang enl\u00e8ve un deuxi\u00e8me Monument<\/title>\n<meta name=\"description\" content=\"TOUR DE LOMBARDIE 2020 - Jakob Fuglsang (Astana) a remport\u00e9 ce samedi le Tour de Lombardie, en solitaire. Le Danois s&#039;adjuge un deuxi\u00e8me Monument, apr\u00e8s Li\u00e8ge-Bastogne-Li\u00e8ge en 2019. George Bennett (Jumbo-Visma) termine deuxi\u00e8me.\" \/>\n<meta name=\"robots\" content=\"index, follow, max-snippet:-1, max-image-preview:large, max-video-preview:-1\" \/>\n<link rel=\"canonical\" href=\"https:\/\/dicodusport.fr\/blog\/tour-de-lombardie-jakob-fuglsand-enleve-deuxieme-monument\/\" \/>\n<meta property=\"og:locale\" content=\"fr_FR\" \/>\n<meta property=\"og:type\" content=\"article\" \/>\n<meta property=\"og:title\" content=\"Tour de Lombardie : Jakob Fuglsang enl\u00e8ve un deuxi\u00e8me Monument\" \/>\n<meta property=\"og:description\" content=\"TOUR DE LOMBARDIE 2020 - Jakob Fuglsang (Astana) a remport\u00e9 ce samedi le Tour de Lombardie, en solitaire. Le Danois s&#039;adjuge un deuxi\u00e8me Monument, apr\u00e8s Li\u00e8ge-Bastogne-Li\u00e8ge en 2019. George Bennett (Jumbo-Visma) termine deuxi\u00e8me.\" \/>\n<meta property=\"og:url\" content=\"https:\/\/dicodusport.fr\/blog\/tour-de-lombardie-jakob-fuglsand-enleve-deuxieme-monument\/\" \/>\n<meta property=\"og:site_name\" content=\"Dicodusport\" \/>\n<meta property=\"article:publisher\" content=\"https:\/\/www.facebook.com\/dicodusport\" \/>\n<meta property=\"article:author\" content=\"https:\/\/www.facebook.com\/florent.ostermann\" \/>\n<meta property=\"article:published_time\" content=\"2020-08-15T16:00:14+00:00\" \/>\n<meta property=\"article:modified_time\" content=\"2020-08-15T19:29:19+00:00\" \/>\n<meta property=\"og:image\" content=\"https:\/\/dicodusport.fr\/blog\/wp-content\/uploads\/2020\/08\/Tour-de-Lombardie-2020-Jakob-Fuglsang-enl\u00e8ve-un-deuxi\u00e8me-Monument.png\" \/>\n\t<meta property=\"og:image:width\" content=\"800\" \/>\n\t<meta property=\"og:image:height\" content=\"445\" \/>\n\t<meta property=\"og:image:type\" content=\"image\/png\" \/>\n<meta name=\"author\" content=\"Flo Ostermann\" \/>\n<meta name=\"twitter:card\" content=\"summary_large_image\" \/>\n<meta name=\"twitter:title\" content=\"Tour de Lombardie : Jakob Fuglsang enl\u00e8ve un deuxi\u00e8me Monument\" \/>\n<meta name=\"twitter:image\" content=\"https:\/\/dicodusport.fr\/blog\/wp-content\/uploads\/2020\/08\/Tour-de-Lombardie-2020-Jakob-Fuglsang-enl\u00e8ve-un-deuxi\u00e8me-Monument.png\" \/>\n<meta name=\"twitter:creator\" content=\"@https:\/\/twitter.com\/FlOstermann\" \/>\n<meta name=\"twitter:site\" content=\"@dicodusport\" \/>\n<script type=\"application\/ld+json\" class=\"yoast-schema-graph\">{\"@context\":\"https:\/\/schema.org\",\"@graph\":[{\"@type\":\"NewsArticle\",\"@id\":\"https:\/\/dicodusport.fr\/blog\/tour-de-lombardie-jakob-fuglsand-enleve-deuxieme-monument\/#article\",\"isPartOf\":{\"@id\":\"https:\/\/dicodusport.fr\/blog\/tour-de-lombardie-jakob-fuglsand-enleve-deuxieme-monument\/\"},\"author\":{\"name\":\"Flo Ostermann\",\"@id\":\"https:\/\/dicodusport.fr\/blog\/#\/schema\/person\/cb02af4c173ce4a653b55e9baf388d4a\"},\"headline\":\"Tour de Lombardie : Jakob Fuglsang enl\u00e8ve un deuxi\u00e8me Monument\",\"datePublished\":\"2020-08-15T16:00:14+00:00\",\"dateModified\":\"2020-08-15T19:29:19+00:00\",\"mainEntityOfPage\":{\"@id\":\"https:\/\/dicodusport.fr\/blog\/tour-de-lombardie-jakob-fuglsand-enleve-deuxieme-monument\/\"},\"wordCount\":285,\"commentCount\":0,\"publisher\":{\"@id\":\"https:\/\/dicodusport.fr\/blog\/#organization\"},\"image\":{\"@id\":\"https:\/\/dicodusport.fr\/blog\/tour-de-lombardie-jakob-fuglsand-enleve-deuxieme-monument\/#primaryimage\"},\"thumbnailUrl\":\"https:\/\/dicodusport.fr\/blog\/wp-content\/uploads\/2020\/08\/Tour-de-Lombardie-2020-Jakob-Fuglsang-enl\u00e8ve-un-deuxi\u00e8me-Monument.png\",\"keywords\":[\"Tour de Lombardie\"],\"articleSection\":[\"Cyclisme\"],\"inLanguage\":\"fr-FR\",\"potentialAction\":[{\"@type\":\"CommentAction\",\"name\":\"Comment\",\"target\":[\"https:\/\/dicodusport.fr\/blog\/tour-de-lombardie-jakob-fuglsand-enleve-deuxieme-monument\/#respond\"]}],\"copyrightYear\":\"2020\",\"copyrightHolder\":{\"@id\":\"https:\/\/dicodusport.fr\/blog\/#organization\"}},{\"@type\":\"WebPage\",\"@id\":\"https:\/\/dicodusport.fr\/blog\/tour-de-lombardie-jakob-fuglsand-enleve-deuxieme-monument\/\",\"url\":\"https:\/\/dicodusport.fr\/blog\/tour-de-lombardie-jakob-fuglsand-enleve-deuxieme-monument\/\",\"name\":\"Tour de Lombardie : Jakob Fuglsang enl\u00e8ve un deuxi\u00e8me Monument\",\"isPartOf\":{\"@id\":\"https:\/\/dicodusport.fr\/blog\/#website\"},\"primaryImageOfPage\":{\"@id\":\"https:\/\/dicodusport.fr\/blog\/tour-de-lombardie-jakob-fuglsand-enleve-deuxieme-monument\/#primaryimage\"},\"image\":{\"@id\":\"https:\/\/dicodusport.fr\/blog\/tour-de-lombardie-jakob-fuglsand-enleve-deuxieme-monument\/#primaryimage\"},\"thumbnailUrl\":\"https:\/\/dicodusport.fr\/blog\/wp-content\/uploads\/2020\/08\/Tour-de-Lombardie-2020-Jakob-Fuglsang-enl\u00e8ve-un-deuxi\u00e8me-Monument.png\",\"datePublished\":\"2020-08-15T16:00:14+00:00\",\"dateModified\":\"2020-08-15T19:29:19+00:00\",\"description\":\"TOUR DE LOMBARDIE 2020 - Jakob Fuglsang (Astana) a remport\u00e9 ce samedi le Tour de Lombardie, en solitaire. Le Danois s'adjuge un deuxi\u00e8me Monument, apr\u00e8s Li\u00e8ge-Bastogne-Li\u00e8ge en 2019. George Bennett (Jumbo-Visma) termine deuxi\u00e8me.\",\"breadcrumb\":{\"@id\":\"https:\/\/dicodusport.fr\/blog\/tour-de-lombardie-jakob-fuglsand-enleve-deuxieme-monument\/#breadcrumb\"},\"inLanguage\":\"fr-FR\",\"potentialAction\":[{\"@type\":\"ReadAction\",\"target\":[\"https:\/\/dicodusport.fr\/blog\/tour-de-lombardie-jakob-fuglsand-enleve-deuxieme-monument\/\"]}]},{\"@type\":\"ImageObject\",\"inLanguage\":\"fr-FR\",\"@id\":\"https:\/\/dicodusport.fr\/blog\/tour-de-lombardie-jakob-fuglsand-enleve-deuxieme-monument\/#primaryimage\",\"url\":\"https:\/\/dicodusport.fr\/blog\/wp-content\/uploads\/2020\/08\/Tour-de-Lombardie-2020-Jakob-Fuglsang-enl\u00e8ve-un-deuxi\u00e8me-Monument.png\",\"contentUrl\":\"https:\/\/dicodusport.fr\/blog\/wp-content\/uploads\/2020\/08\/Tour-de-Lombardie-2020-Jakob-Fuglsang-enl\u00e8ve-un-deuxi\u00e8me-Monument.png\",\"width\":800,\"height\":445,\"caption\":\"Jakob Fuglsang - AFP\"},{\"@type\":\"BreadcrumbList\",\"@id\":\"https:\/\/dicodusport.fr\/blog\/tour-de-lombardie-jakob-fuglsand-enleve-deuxieme-monument\/#breadcrumb\",\"itemListElement\":[{\"@type\":\"ListItem\",\"position\":1,\"name\":\"Accueil\",\"item\":\"https:\/\/dicodusport.fr\/blog\/\"},{\"@type\":\"ListItem\",\"position\":2,\"name\":\"Tour de Lombardie : Jakob Fuglsang enl\u00e8ve un deuxi\u00e8me Monument\"}]},{\"@type\":\"WebSite\",\"@id\":\"https:\/\/dicodusport.fr\/blog\/#website\",\"url\":\"https:\/\/dicodusport.fr\/blog\/\",\"name\":\"Dicodusport\",\"description\":\"L&#039;encyclop\u00e9die de l&#039;actualit\u00e9 sportive\",\"publisher\":{\"@id\":\"https:\/\/dicodusport.fr\/blog\/#organization\"},\"potentialAction\":[{\"@type\":\"SearchAction\",\"target\":{\"@type\":\"EntryPoint\",\"urlTemplate\":\"https:\/\/dicodusport.fr\/blog\/?s={search_term_string}\"},\"query-input\":{\"@type\":\"PropertyValueSpecification\",\"valueRequired\":true,\"valueName\":\"search_term_string\"}}],\"inLanguage\":\"fr-FR\"},{\"@type\":\"NewsMediaOrganization\",\"@id\":\"https:\/\/dicodusport.fr\/blog\/#organization\",\"name\":\"Dicodusport\",\"url\":\"https:\/\/dicodusport.fr\/blog\/\",\"logo\":{\"@type\":\"ImageObject\",\"inLanguage\":\"fr-FR\",\"@id\":\"https:\/\/dicodusport.fr\/blog\/#\/schema\/logo\/image\/\",\"url\":\"https:\/\/dicodusport.fr\/blog\/wp-content\/uploads\/2020\/06\/cropped-LOGO-DICODUSPORT-2020-SANS-FOND-SANS-TEXTE.png\",\"contentUrl\":\"https:\/\/dicodusport.fr\/blog\/wp-content\/uploads\/2020\/06\/cropped-LOGO-DICODUSPORT-2020-SANS-FOND-SANS-TEXTE.png\",\"width\":512,\"height\":512,\"caption\":\"Dicodusport\"},\"image\":{\"@id\":\"https:\/\/dicodusport.fr\/blog\/#\/schema\/logo\/image\/\"},\"sameAs\":[\"https:\/\/www.facebook.com\/dicodusport\",\"https:\/\/x.com\/dicodusport\",\"https:\/\/www.instagram.com\/dicodusport\/\",\"https:\/\/www.youtube.com\/channel\/UC7V2KZ5sd3htJivAbA4ZG3w\"],\"description\":\"Dicodusport est l'encyclop\u00e9die de l'actualit\u00e9 sportive.\",\"email\":\"bonjour@dicodusport.fr\",\"legalName\":\"DICODUSPORT\",\"foundingDate\":\"2018-01-14\",\"vatID\":\"FR71834470973\",\"taxID\":\"83447097300043\",\"numberOfEmployees\":{\"@type\":\"QuantitativeValue\",\"minValue\":\"1\",\"maxValue\":\"10\"}},{\"@type\":\"Person\",\"@id\":\"https:\/\/dicodusport.fr\/blog\/#\/schema\/person\/cb02af4c173ce4a653b55e9baf388d4a\",\"name\":\"Flo Ostermann\",\"image\":{\"@type\":\"ImageObject\",\"inLanguage\":\"fr-FR\",\"@id\":\"https:\/\/dicodusport.fr\/blog\/#\/schema\/person\/image\/\",\"url\":\"https:\/\/dicodusport.fr\/blog\/wp-content\/uploads\/2021\/05\/Flo-Ostermann-150x150.jpg\",\"contentUrl\":\"https:\/\/dicodusport.fr\/blog\/wp-content\/uploads\/2021\/05\/Flo-Ostermann-150x150.jpg\",\"caption\":\"Flo Ostermann\"},\"description\":\"Journaliste\/R\u00e9dacteur depuis septembre 2015 - Mes premiers souvenirs dans le sport ? Les envol\u00e9es du Stade Toulousain et les duels Villeneuve-Schumacher et H\u00e4kkinen-Schumacher \u00e0 la fin des ann\u00e9es 90, la Coupe du monde de football en 1998, l\u2019exploit du XV de France face aux All Blacks en 1999, mais aussi Richard C\u0153ur de Lion qui vole sur les montagnes du Tour de France. Bien parti pour devenir professeur d\u2019EPS, les \u00e9v\u00e9nements de la vie (et la flemme d\u2019animer des s\u00e9ances de 3x500 m\u00e8tres toute ma vie) m\u2019ont conduit \u00e0 revoir mes plans. Me voil\u00e0 depuis fin 2017 sur Dicodusport, m\u00e9dia gr\u00e2ce (et pour) lequel je partage ma passion : le sport dans tous ses \u00e9tats. Le tout accompagn\u00e9 par les fous furieux et folles furieuses cit\u00e9s sur cette page !\",\"sameAs\":[\"https:\/\/www.facebook.com\/florent.ostermann\",\"https:\/\/x.com\/https:\/\/twitter.com\/FlOstermann\",\"admin\"],\"url\":\"https:\/\/dicodusport.fr\/blog\/author\/flo\/\"}]}<\/script>\n<!-- \/ Yoast SEO Premium plugin. -->","yoast_head_json":{"title":"Tour de Lombardie : Jakob Fuglsang enl\u00e8ve un deuxi\u00e8me Monument","description":"TOUR DE LOMBARDIE 2020 - Jakob Fuglsang (Astana) a remport\u00e9 ce samedi le Tour de Lombardie, en solitaire. Le Danois s'adjuge un deuxi\u00e8me Monument, apr\u00e8s Li\u00e8ge-Bastogne-Li\u00e8ge en 2019. George Bennett (Jumbo-Visma) termine deuxi\u00e8me.","robots":{"index":"index","follow":"follow","max-snippet":"max-snippet:-1","max-image-preview":"max-image-preview:large","max-video-preview":"max-video-preview:-1"},"canonical":"https:\/\/dicodusport.fr\/blog\/tour-de-lombardie-jakob-fuglsand-enleve-deuxieme-monument\/","og_locale":"fr_FR","og_type":"article","og_title":"Tour de Lombardie : Jakob Fuglsang enl\u00e8ve un deuxi\u00e8me Monument","og_description":"TOUR DE LOMBARDIE 2020 - Jakob Fuglsang (Astana) a remport\u00e9 ce samedi le Tour de Lombardie, en solitaire. Le Danois s'adjuge un deuxi\u00e8me Monument, apr\u00e8s Li\u00e8ge-Bastogne-Li\u00e8ge en 2019. George Bennett (Jumbo-Visma) termine deuxi\u00e8me.","og_url":"https:\/\/dicodusport.fr\/blog\/tour-de-lombardie-jakob-fuglsand-enleve-deuxieme-monument\/","og_site_name":"Dicodusport","article_publisher":"https:\/\/www.facebook.com\/dicodusport","article_author":"https:\/\/www.facebook.com\/florent.ostermann","article_published_time":"2020-08-15T16:00:14+00:00","article_modified_time":"2020-08-15T19:29:19+00:00","og_image":[{"width":800,"height":445,"url":"https:\/\/dicodusport.fr\/blog\/wp-content\/uploads\/2020\/08\/Tour-de-Lombardie-2020-Jakob-Fuglsang-enl\u00e8ve-un-deuxi\u00e8me-Monument.png","type":"image\/png"}],"author":"Flo Ostermann","twitter_card":"summary_large_image","twitter_title":"Tour de Lombardie : Jakob Fuglsang enl\u00e8ve un deuxi\u00e8me Monument","twitter_image":"https:\/\/dicodusport.fr\/blog\/wp-content\/uploads\/2020\/08\/Tour-de-Lombardie-2020-Jakob-Fuglsang-enl\u00e8ve-un-deuxi\u00e8me-Monument.png","twitter_creator":"@https:\/\/twitter.com\/FlOstermann","twitter_site":"@dicodusport","schema":{"@context":"https:\/\/schema.org","@graph":[{"@type":"NewsArticle","@id":"https:\/\/dicodusport.fr\/blog\/tour-de-lombardie-jakob-fuglsand-enleve-deuxieme-monument\/#article","isPartOf":{"@id":"https:\/\/dicodusport.fr\/blog\/tour-de-lombardie-jakob-fuglsand-enleve-deuxieme-monument\/"},"author":{"name":"Flo Ostermann","@id":"https:\/\/dicodusport.fr\/blog\/#\/schema\/person\/cb02af4c173ce4a653b55e9baf388d4a"},"headline":"Tour de Lombardie : Jakob Fuglsang enl\u00e8ve un deuxi\u00e8me Monument","datePublished":"2020-08-15T16:00:14+00:00","dateModified":"2020-08-15T19:29:19+00:00","mainEntityOfPage":{"@id":"https:\/\/dicodusport.fr\/blog\/tour-de-lombardie-jakob-fuglsand-enleve-deuxieme-monument\/"},"wordCount":285,"commentCount":0,"publisher":{"@id":"https:\/\/dicodusport.fr\/blog\/#organization"},"image":{"@id":"https:\/\/dicodusport.fr\/blog\/tour-de-lombardie-jakob-fuglsand-enleve-deuxieme-monument\/#primaryimage"},"thumbnailUrl":"https:\/\/dicodusport.fr\/blog\/wp-content\/uploads\/2020\/08\/Tour-de-Lombardie-2020-Jakob-Fuglsang-enl\u00e8ve-un-deuxi\u00e8me-Monument.png","keywords":["Tour de Lombardie"],"articleSection":["Cyclisme"],"inLanguage":"fr-FR","potentialAction":[{"@type":"CommentAction","name":"Comment","target":["https:\/\/dicodusport.fr\/blog\/tour-de-lombardie-jakob-fuglsand-enleve-deuxieme-monument\/#respond"]}],"copyrightYear":"2020","copyrightHolder":{"@id":"https:\/\/dicodusport.fr\/blog\/#organization"}},{"@type":"WebPage","@id":"https:\/\/dicodusport.fr\/blog\/tour-de-lombardie-jakob-fuglsand-enleve-deuxieme-monument\/","url":"https:\/\/dicodusport.fr\/blog\/tour-de-lombardie-jakob-fuglsand-enleve-deuxieme-monument\/","name":"Tour de Lombardie : Jakob Fuglsang enl\u00e8ve un deuxi\u00e8me Monument","isPartOf":{"@id":"https:\/\/dicodusport.fr\/blog\/#website"},"primaryImageOfPage":{"@id":"https:\/\/dicodusport.fr\/blog\/tour-de-lombardie-jakob-fuglsand-enleve-deuxieme-monument\/#primaryimage"},"image":{"@id":"https:\/\/dicodusport.fr\/blog\/tour-de-lombardie-jakob-fuglsand-enleve-deuxieme-monument\/#primaryimage"},"thumbnailUrl":"https:\/\/dicodusport.fr\/blog\/wp-content\/uploads\/2020\/08\/Tour-de-Lombardie-2020-Jakob-Fuglsang-enl\u00e8ve-un-deuxi\u00e8me-Monument.png","datePublished":"2020-08-15T16:00:14+00:00","dateModified":"2020-08-15T19:29:19+00:00","description":"TOUR DE LOMBARDIE 2020 - Jakob Fuglsang (Astana) a remport\u00e9 ce samedi le Tour de Lombardie, en solitaire. Le Danois s'adjuge un deuxi\u00e8me Monument, apr\u00e8s Li\u00e8ge-Bastogne-Li\u00e8ge en 2019. George Bennett (Jumbo-Visma) termine deuxi\u00e8me.","breadcrumb":{"@id":"https:\/\/dicodusport.fr\/blog\/tour-de-lombardie-jakob-fuglsand-enleve-deuxieme-monument\/#breadcrumb"},"inLanguage":"fr-FR","potentialAction":[{"@type":"ReadAction","target":["https:\/\/dicodusport.fr\/blog\/tour-de-lombardie-jakob-fuglsand-enleve-deuxieme-monument\/"]}]},{"@type":"ImageObject","inLanguage":"fr-FR","@id":"https:\/\/dicodusport.fr\/blog\/tour-de-lombardie-jakob-fuglsand-enleve-deuxieme-monument\/#primaryimage","url":"https:\/\/dicodusport.fr\/blog\/wp-content\/uploads\/2020\/08\/Tour-de-Lombardie-2020-Jakob-Fuglsang-enl\u00e8ve-un-deuxi\u00e8me-Monument.png","contentUrl":"https:\/\/dicodusport.fr\/blog\/wp-content\/uploads\/2020\/08\/Tour-de-Lombardie-2020-Jakob-Fuglsang-enl\u00e8ve-un-deuxi\u00e8me-Monument.png","width":800,"height":445,"caption":"Jakob Fuglsang - AFP"},{"@type":"BreadcrumbList","@id":"https:\/\/dicodusport.fr\/blog\/tour-de-lombardie-jakob-fuglsand-enleve-deuxieme-monument\/#breadcrumb","itemListElement":[{"@type":"ListItem","position":1,"name":"Accueil","item":"https:\/\/dicodusport.fr\/blog\/"},{"@type":"ListItem","position":2,"name":"Tour de Lombardie : Jakob Fuglsang enl\u00e8ve un deuxi\u00e8me Monument"}]},{"@type":"WebSite","@id":"https:\/\/dicodusport.fr\/blog\/#website","url":"https:\/\/dicodusport.fr\/blog\/","name":"Dicodusport","description":"L&#039;encyclop\u00e9die de l&#039;actualit\u00e9 sportive","publisher":{"@id":"https:\/\/dicodusport.fr\/blog\/#organization"},"potentialAction":[{"@type":"SearchAction","target":{"@type":"EntryPoint","urlTemplate":"https:\/\/dicodusport.fr\/blog\/?s={search_term_string}"},"query-input":{"@type":"PropertyValueSpecification","valueRequired":true,"valueName":"search_term_string"}}],"inLanguage":"fr-FR"},{"@type":"NewsMediaOrganization","@id":"https:\/\/dicodusport.fr\/blog\/#organization","name":"Dicodusport","url":"https:\/\/dicodusport.fr\/blog\/","logo":{"@type":"ImageObject","inLanguage":"fr-FR","@id":"https:\/\/dicodusport.fr\/blog\/#\/schema\/logo\/image\/","url":"https:\/\/dicodusport.fr\/blog\/wp-content\/uploads\/2020\/06\/cropped-LOGO-DICODUSPORT-2020-SANS-FOND-SANS-TEXTE.png","contentUrl":"https:\/\/dicodusport.fr\/blog\/wp-content\/uploads\/2020\/06\/cropped-LOGO-DICODUSPORT-2020-SANS-FOND-SANS-TEXTE.png","width":512,"height":512,"caption":"Dicodusport"},"image":{"@id":"https:\/\/dicodusport.fr\/blog\/#\/schema\/logo\/image\/"},"sameAs":["https:\/\/www.facebook.com\/dicodusport","https:\/\/x.com\/dicodusport","https:\/\/www.instagram.com\/dicodusport\/","https:\/\/www.youtube.com\/channel\/UC7V2KZ5sd3htJivAbA4ZG3w"],"description":"Dicodusport est l'encyclop\u00e9die de l'actualit\u00e9 sportive.","email":"bonjour@dicodusport.fr","legalName":"DICODUSPORT","foundingDate":"2018-01-14","vatID":"FR71834470973","taxID":"83447097300043","numberOfEmployees":{"@type":"QuantitativeValue","minValue":"1","maxValue":"10"}},{"@type":"Person","@id":"https:\/\/dicodusport.fr\/blog\/#\/schema\/person\/cb02af4c173ce4a653b55e9baf388d4a","name":"Flo Ostermann","image":{"@type":"ImageObject","inLanguage":"fr-FR","@id":"https:\/\/dicodusport.fr\/blog\/#\/schema\/person\/image\/","url":"https:\/\/dicodusport.fr\/blog\/wp-content\/uploads\/2021\/05\/Flo-Ostermann-150x150.jpg","contentUrl":"https:\/\/dicodusport.fr\/blog\/wp-content\/uploads\/2021\/05\/Flo-Ostermann-150x150.jpg","caption":"Flo Ostermann"},"description":"Journaliste\/R\u00e9dacteur depuis septembre 2015 - Mes premiers souvenirs dans le sport ? Les envol\u00e9es du Stade Toulousain et les duels Villeneuve-Schumacher et H\u00e4kkinen-Schumacher \u00e0 la fin des ann\u00e9es 90, la Coupe du monde de football en 1998, l\u2019exploit du XV de France face aux All Blacks en 1999, mais aussi Richard C\u0153ur de Lion qui vole sur les montagnes du Tour de France. Bien parti pour devenir professeur d\u2019EPS, les \u00e9v\u00e9nements de la vie (et la flemme d\u2019animer des s\u00e9ances de 3x500 m\u00e8tres toute ma vie) m\u2019ont conduit \u00e0 revoir mes plans. Me voil\u00e0 depuis fin 2017 sur Dicodusport, m\u00e9dia gr\u00e2ce (et pour) lequel je partage ma passion : le sport dans tous ses \u00e9tats. Le tout accompagn\u00e9 par les fous furieux et folles furieuses cit\u00e9s sur cette page !","sameAs":["https:\/\/www.facebook.com\/florent.ostermann","https:\/\/x.com\/https:\/\/twitter.com\/FlOstermann","admin"],"url":"https:\/\/dicodusport.fr\/blog\/author\/flo\/"}]}},"_links":{"self":[{"href":"https:\/\/dicodusport.fr\/blog\/wp-json\/wp\/v2\/posts\/74514","targetHints":{"allow":["GET"]}}],"collection":[{"href":"https:\/\/dicodusport.fr\/blog\/wp-json\/wp\/v2\/posts"}],"about":[{"href":"https:\/\/dicodusport.fr\/blog\/wp-json\/wp\/v2\/types\/post"}],"author":[{"embeddable":true,"href":"https:\/\/dicodusport.fr\/blog\/wp-json\/wp\/v2\/users\/4"}],"replies":[{"embeddable":true,"href":"https:\/\/dicodusport.fr\/blog\/wp-json\/wp\/v2\/comments?post=74514"}],"version-history":[{"count":0,"href":"https:\/\/dicodusport.fr\/blog\/wp-json\/wp\/v2\/posts\/74514\/revisions"}],"wp:featuredmedia":[{"embeddable":true,"href":"https:\/\/dicodusport.fr\/blog\/wp-json\/wp\/v2\/media\/74539"}],"wp:attachment":[{"href":"https:\/\/dicodusport.fr\/blog\/wp-json\/wp\/v2\/media?parent=74514"}],"wp:term":[{"taxonomy":"category","embeddable":true,"href":"https:\/\/dicodusport.fr\/blog\/wp-json\/wp\/v2\/categories?post=74514"},{"taxonomy":"post_tag","embeddable":true,"href":"https:\/\/dicodusport.fr\/blog\/wp-json\/wp\/v2\/tags?post=74514"}],"curies":[{"name":"wp","href":"https:\/\/api.w.org\/{rel}","templated":true}]}}