{"id":74782,"date":"2020-08-19T13:56:26","date_gmt":"2020-08-19T11:56:26","guid":{"rendered":"http:\/\/dicodusport.fr\/blog\/?p=74782&#038;preview=true&#038;preview_id=74782"},"modified":"2020-08-21T15:46:31","modified_gmt":"2020-08-21T13:46:31","slug":"tour-du-limousin-2020-liste-des-engages","status":"publish","type":"post","link":"https:\/\/dicodusport.fr\/blog\/tour-du-limousin-2020-liste-des-engages\/","title":{"rendered":"Tour du Limousin 2020 : la liste des engag\u00e9s"},"content":{"rendered":"<p style=\"text-align: justify;\"><strong><em>CYCLISME &#8211; Le 53\u00e8me <a href=\"https:\/\/www.procyclingstats.com\/race\/tour-du-limousin\/2020\/overview\" target=\"_blank\" rel=\"noopener noreferrer\">Tour du Limousin &#8211; Nouvelle-Aquitaine<\/a> d\u00e9bute ce mardi 18 ao\u00fbt \u00e0 Couzeix. D\u00e9couvrez la startlist de l&rsquo;\u00e9preuve.<\/em><\/strong><\/p>\n<h2 style=\"text-align: justify;\">La liste des engag\u00e9s du Tour du Limousin 2020<\/h2>\n<h3 style=\"text-align: justify;\">AG2R La Mondiale<\/h3>\n<p style=\"text-align: justify;\"><del>1 BOUCHARD Geoffrey<\/del> Non-partant 4\u00e8me \u00e9tape<br \/>\n2 CHEVRIER Cl\u00e9ment<br \/>\n<del>3 DOMONT Axel<\/del> Non-partant 4\u00e8me \u00e9tape<br \/>\n<del>4 GASTAUER Ben<\/del> Non-partant 4\u00e8me \u00e9tape<br \/>\n5 BIDARD Fran\u00e7ois<br \/>\n6 GOUGEARD Alexis<br \/>\n7 JAUREGUI Quentin<\/p>\n<h3>Groupama \u2013 FDJ<\/h3>\n<p>11 DELAGE Micka\u00ebl<br \/>\n12 FRANKINY Kilian<br \/>\n13 GUGLIELMI Simon<br \/>\n14 LE GAC Olivier<br \/>\n15 LIENHARD Fabian<br \/>\n17 VINCENT L\u00e9o<br \/>\n18 GAUDU David<\/p>\n<h3>Sunweb<\/h3>\n<p>21 DAINESE Alberto<br \/>\n22 DENZ Nico<br \/>\n23 KANTER Max<br \/>\n24 KRAGH ANDERSEN Asbj\u00f8rn<br \/>\n25 MOBACH Jarno<br \/>\n26 SALMON Martin<br \/>\n27 STORER Michael<\/p>\n<h3>Cofidis<\/h3>\n<p>31 ALLEGAERT Piet<br \/>\n32 CLAEYS Dimitri<br \/>\n33 FIN\u00c9 Eddy<br \/>\n34 HAAS Nathan<br \/>\n35 VERMOTE Julien<br \/>\n36 MORIN Emmanuel<br \/>\n37 VANBILSEN Kenneth<\/p>\n<h3>UAE Team Emirates<\/h3>\n<p>41 COSTA Rui<br \/>\n42 MARCATO Marco<br \/>\n43 RICHEZE Maximiliano<br \/>\n44 MCNULTY Brandon<br \/>\n45 GAVIRIA Fernando<br \/>\n46 OLIVEIRA Rui<br \/>\n47 PHILIPSEN Jasper<\/p>\n<h3>Caja Rural \u2013 Seguros RGA<\/h3>\n<p>51 ABERASTURI Jon<br \/>\n52 SERRANO Gonzalo<br \/>\n53 AULAR Orluis<br \/>\n<del>54 CALLE Juan Fernando<\/del> Abandon 2\u00e8me \u00e9tape<br \/>\n55 LASTRA Jonathan<br \/>\n56 MALUCELLI Matteo<br \/>\n57 OSORIO Alejandro<\/p>\n<h3>Vini Zab\u00f9 \u2013 KTM<\/h3>\n<p>61 BARTOLOZZI Andrea<br \/>\n62 STACCHIOTTI Riccardo<br \/>\n63 WACKERMANN Luca<br \/>\n64 VAN EMPEL Etienne<br \/>\n65 GONZ\u00c1LEZ Roberto Carlos<br \/>\n66 TORTOMASI Leonardo<br \/>\n<del>67 PETELIN Jan<\/del> Hors-d\u00e9lais 2\u00e8me \u00e9tape<\/p>\n<h3>NIPPO DELKO One Provence<\/h3>\n<p>71 COMBAUD Romain<br \/>\n<del>72 DE ROSSI Lucas<\/del> Abandon 3\u00e8me \u00e9tape<br \/>\n73 FINETTO Mauro<br \/>\n74 FERN\u00c1NDEZ Delio<br \/>\n75 FEDELI Alessandro<br \/>\n76 GROSU Eduard-Michael<br \/>\n77 RAJOVI\u0106 Du\u0161an<\/p>\n<h3>Total Direct Energie<\/h3>\n<p>81 BONIFAZIO Leonardo<br \/>\n<del>82 CALMEJANE Lilian<\/del> Abandon 2\u00e8me \u00e9tape<br \/>\n83 CARDIS Romain<br \/>\n84 GAILLARD Marlon<br \/>\n<del>85 HIVERT Jonathan<\/del> Abandon 3\u00e8me \u00e9tape<br \/>\n<del>86 OURSELIN Paul<\/del> Abandon 1\u00e8re \u00e9tape<br \/>\n87 FERRON Valentin<\/p>\n<h3>Euskaltel \u2013 Euskadi<\/h3>\n<p><del>91 ARANBURU Jokin<\/del> Hors-d\u00e9lais 2\u00e8me \u00e9tape<br \/>\n92 ARISTI Mikel<br \/>\n93 BALLARIN Iker<br \/>\n94 GOIKOETXEA Peio<br \/>\n95 IRIZAR Julen<br \/>\n96 LOBATO Juan Jos\u00e9<br \/>\n97 ZHYHUNOU Dzmitry<\/p>\n<hr \/>\n<ul>\n<li style=\"text-align: justify;\"><strong>\u00c0 lire aussi &#8211; <a href=\"https:\/\/dicodusport.fr\/blog\/tour-du-limousin-2020-profil-des-etapes\/\" target=\"_blank\" rel=\"noopener noreferrer\">Tour de Limousin 2020 : le profil des \u00e9tapes<\/a><\/strong><\/li>\n<\/ul>\n<hr \/>\n<h3>Gazprom \u2013 RusVelo<\/h3>\n<p>101 CHERNETSKI Sergei<br \/>\n102 CIMA Imerio<br \/>\n103 KULIKOV Vladislav<br \/>\n104 KUZNETSOV Viacheslav<br \/>\n105 NEKRASOV Denis<br \/>\n106 NYCH Artem<br \/>\n107 VELASCO Simone<\/p>\n<h3>Bardiani-CSF-Faizan\u00e8<\/h3>\n<p>111 ALBANESE Vincenzo<br \/>\n112 FILOSI Iuri<br \/>\n113 FIORELLI Filippo<br \/>\n114 LONARDI Giovanni<br \/>\n115 MAZZUCCO Fabio<br \/>\n116 SAVINI Daniel<br \/>\n117 TONELLI Alessandro<\/p>\n<h3>Bingoal \u2013 Wallonie Bruxelles<\/h3>\n<p>121 DE BIE Sean<br \/>\n122 PEYSKENS Dimitri<br \/>\n123 PAASSCHENS Mathijs<br \/>\n124 SIX Franklin<br \/>\n125 REX Laurenz<br \/>\n126 SUTER Joel<br \/>\n127 ISTA Kevyn<\/p>\n<h3>B&amp;B Hotels \u2013 Vital Concept p\/b KTM<\/h3>\n<p>131 BOECKMANS Kris<br \/>\n132 CAM Maxime<br \/>\n133 GAREL Adrien<br \/>\n134 LECROQ J\u00e9r\u00e9my<br \/>\n135 MORICE Julien<br \/>\n136 MOTTIER Justin<br \/>\n137 MOZZATO Luca<\/p>\n<h3>Circus \u2013 Wanty Gobert<\/h3>\n<p>141 BELLICAUD Jeremy<br \/>\n142 DEVRIENDT Tom<br \/>\n143 DOUBEY Fabien<br \/>\n144 KREDER Wesley<br \/>\n145 OFFREDO Yoann<br \/>\n146 VAN POPPEL Danny<br \/>\n147 VAN POPPEL Boy<\/p>\n<h3>Ark\u00e9a Samsic<\/h3>\n<p>151 BOUDAT Thomas<br \/>\n152 DECLERCQ Benjamin<br \/>\n153 DELAPLACE Anthony<br \/>\n154 LEDANOIS K\u00e9vin<br \/>\n155 SWIFT Connor<br \/>\n156 PICHON Laurent<br \/>\n157 RIOU Alan<\/p>\n<h3>Team Novo Nordisk<\/h3>\n<p>161 BEHRINGER Oliver<br \/>\n162 BRAND Sam<br \/>\n163 KAMSTRA Brian<br \/>\n164 KUSZTOR P\u00e9ter<br \/>\n165 PERON Andrea<br \/>\n166 PLANET Charles<br \/>\n167 POLI Umberto<\/p>\n<h3>Equipo Kern Pharma<\/h3>\n<p>171 GALVAN Francisco<br \/>\n<del>172 AGIRRE Jon<\/del> Abandon 2\u00e8me \u00e9tape<br \/>\n173 MENDEZ Daniel Alejandro<br \/>\n174 RUIZ Ibon<br \/>\n175 MARQUEZ Marti<br \/>\n176 ARAIZ Sergio<br \/>\n177 SANZ Enrique<\/p>\n<h3>Natura4Ever \u2013 Roubaix Lille M\u00e9tropole<\/h3>\n<p><del>181 DERNIES Tom<\/del> Abandon 1\u00e8re \u00e9tape<br \/>\n182 DE WITTE Mathias<br \/>\n183 FERASSE Thibault<br \/>\n184 IDJOUADIENE Pierre<br \/>\n185 LEVASSEUR Jordan<br \/>\n186 LEVEAU J\u00e9r\u00e9my<br \/>\n187 PICOUX Maximilien<\/p>\n<h3>St Michel \u2013 Auber 93<\/h3>\n<p><del>191 ALAPHILIPPE Bryan<\/del> Abandon 1\u00e8re \u00e9tape<br \/>\n192 BLEIER Baptiste<br \/>\n193 CONSTANTIN Baptiste<br \/>\n194 GUILLONNET Adrien<br \/>\n195 HUREL Tony<br \/>\n196 LOUVET Louis<br \/>\n197 MALDONADO Anthony<\/p>\n<p><strong><em>Dicodusport<br \/>\n<a href=\"https:\/\/www.facebook.com\/dicodusport\/\" target=\"_blank\" rel=\"noopener noreferrer\"><img loading=\"lazy\" decoding=\"async\" class=\"alignnone wp-image-2909\" src=\"http:\/\/dicodusport.fr\/blog\/wp-content\/uploads\/2017\/07\/logo-facebook-150x150.png\" sizes=\"auto, (max-width: 40px) 100vw, 40px\" srcset=\"https:\/\/dicodusport.fr\/blog\/wp-content\/uploads\/2017\/07\/logo-facebook-150x150.png 150w, https:\/\/dicodusport.fr\/blog\/wp-content\/uploads\/2017\/07\/logo-facebook-300x300.png 300w, https:\/\/dicodusport.fr\/blog\/wp-content\/uploads\/2017\/07\/logo-facebook.png 400w\" alt=\"\" width=\"40\" height=\"40\" \/><\/a><a href=\"https:\/\/twitter.com\/dicodusport\" target=\"_blank\" rel=\"noopener noreferrer\"><img loading=\"lazy\" decoding=\"async\" class=\"alignnone wp-image-2908\" src=\"http:\/\/dicodusport.fr\/blog\/wp-content\/uploads\/2017\/07\/logo-twitter-150x150.png\" alt=\"\" width=\"39\" height=\"39\" \/><\/a><\/em><\/strong><\/p>\n<p>&nbsp;<\/p>\n","protected":false},"excerpt":{"rendered":"<p>CYCLISME &#8211; Le 53\u00e8me Tour du Limousin &#8211; Nouvelle-Aquitaine d\u00e9bute ce mardi 18 ao\u00fbt \u00e0 Couzeix. D\u00e9couvrez la startlist de l&rsquo;\u00e9preuve.<\/p>\n","protected":false},"author":4,"featured_media":74784,"comment_status":"open","ping_status":"closed","sticky":false,"template":"","format":"standard","meta":{"_acf_changed":false,"_daextam_enable_autolinks":"","footnotes":""},"categories":[2307],"tags":[5778],"class_list":["post-74782","post","type-post","status-publish","format-standard","has-post-thumbnail","hentry","category-cyclisme","tag-tour-du-limousin"],"acf":[],"yoast_head":"<!-- This site is optimized with the Yoast SEO Premium plugin v26.7 (Yoast SEO v26.7) - https:\/\/yoast.com\/wordpress\/plugins\/seo\/ -->\n<title>Tour du Limousin 2020 : la liste des engag\u00e9s<\/title>\n<meta name=\"description\" content=\"CYCLISME - Le 53\u00e8me Tour du Limousin - Nouvelle-Aquitaine d\u00e9bute ce mardi 18 ao\u00fbt \u00e0 Couzeix. D\u00e9couvrez la startlist de l&#039;\u00e9preuve.\" \/>\n<meta name=\"robots\" content=\"index, follow, max-snippet:-1, max-image-preview:large, max-video-preview:-1\" \/>\n<link rel=\"canonical\" href=\"https:\/\/dicodusport.fr\/blog\/tour-du-limousin-2020-liste-des-engages\/\" \/>\n<meta property=\"og:locale\" content=\"fr_FR\" \/>\n<meta property=\"og:type\" content=\"article\" \/>\n<meta property=\"og:title\" content=\"Tour du Limousin 2020 : la liste des engag\u00e9s\" \/>\n<meta property=\"og:description\" content=\"CYCLISME - Le 53\u00e8me Tour du Limousin - Nouvelle-Aquitaine d\u00e9bute ce mardi 18 ao\u00fbt \u00e0 Couzeix. D\u00e9couvrez la startlist de l&#039;\u00e9preuve.\" \/>\n<meta property=\"og:url\" content=\"https:\/\/dicodusport.fr\/blog\/tour-du-limousin-2020-liste-des-engages\/\" \/>\n<meta property=\"og:site_name\" content=\"Dicodusport\" \/>\n<meta property=\"article:publisher\" content=\"https:\/\/www.facebook.com\/dicodusport\" \/>\n<meta property=\"article:author\" content=\"https:\/\/www.facebook.com\/florent.ostermann\" \/>\n<meta property=\"article:published_time\" content=\"2020-08-19T11:56:26+00:00\" \/>\n<meta property=\"article:modified_time\" content=\"2020-08-21T13:46:31+00:00\" \/>\n<meta property=\"og:image\" content=\"https:\/\/dicodusport.fr\/blog\/wp-content\/uploads\/2020\/08\/Tour-du-Limousin-2020-La-liste-des-engag\u00e9s.png\" \/>\n\t<meta property=\"og:image:width\" content=\"800\" \/>\n\t<meta property=\"og:image:height\" content=\"445\" \/>\n\t<meta property=\"og:image:type\" content=\"image\/png\" \/>\n<meta name=\"author\" content=\"Flo Ostermann\" \/>\n<meta name=\"twitter:card\" content=\"summary_large_image\" \/>\n<meta name=\"twitter:title\" content=\"Tour du Limousin 2020 : la liste des engag\u00e9s\" \/>\n<meta name=\"twitter:creator\" content=\"@https:\/\/twitter.com\/FlOstermann\" \/>\n<meta name=\"twitter:site\" content=\"@dicodusport\" \/>\n<script type=\"application\/ld+json\" class=\"yoast-schema-graph\">{\"@context\":\"https:\/\/schema.org\",\"@graph\":[{\"@type\":\"NewsArticle\",\"@id\":\"https:\/\/dicodusport.fr\/blog\/tour-du-limousin-2020-liste-des-engages\/#article\",\"isPartOf\":{\"@id\":\"https:\/\/dicodusport.fr\/blog\/tour-du-limousin-2020-liste-des-engages\/\"},\"author\":{\"name\":\"Flo Ostermann\",\"@id\":\"https:\/\/dicodusport.fr\/blog\/#\/schema\/person\/cb02af4c173ce4a653b55e9baf388d4a\"},\"headline\":\"Tour du Limousin 2020 : la liste des engag\u00e9s\",\"datePublished\":\"2020-08-19T11:56:26+00:00\",\"dateModified\":\"2020-08-21T13:46:31+00:00\",\"mainEntityOfPage\":{\"@id\":\"https:\/\/dicodusport.fr\/blog\/tour-du-limousin-2020-liste-des-engages\/\"},\"wordCount\":462,\"commentCount\":0,\"publisher\":{\"@id\":\"https:\/\/dicodusport.fr\/blog\/#organization\"},\"image\":{\"@id\":\"https:\/\/dicodusport.fr\/blog\/tour-du-limousin-2020-liste-des-engages\/#primaryimage\"},\"thumbnailUrl\":\"https:\/\/dicodusport.fr\/blog\/wp-content\/uploads\/2020\/08\/Tour-du-Limousin-2020-La-liste-des-engag\u00e9s.png\",\"keywords\":[\"Tour du Limousin\"],\"articleSection\":[\"Cyclisme\"],\"inLanguage\":\"fr-FR\",\"potentialAction\":[{\"@type\":\"CommentAction\",\"name\":\"Comment\",\"target\":[\"https:\/\/dicodusport.fr\/blog\/tour-du-limousin-2020-liste-des-engages\/#respond\"]}],\"copyrightYear\":\"2020\",\"copyrightHolder\":{\"@id\":\"https:\/\/dicodusport.fr\/blog\/#organization\"}},{\"@type\":\"WebPage\",\"@id\":\"https:\/\/dicodusport.fr\/blog\/tour-du-limousin-2020-liste-des-engages\/\",\"url\":\"https:\/\/dicodusport.fr\/blog\/tour-du-limousin-2020-liste-des-engages\/\",\"name\":\"Tour du Limousin 2020 : la liste des engag\u00e9s\",\"isPartOf\":{\"@id\":\"https:\/\/dicodusport.fr\/blog\/#website\"},\"primaryImageOfPage\":{\"@id\":\"https:\/\/dicodusport.fr\/blog\/tour-du-limousin-2020-liste-des-engages\/#primaryimage\"},\"image\":{\"@id\":\"https:\/\/dicodusport.fr\/blog\/tour-du-limousin-2020-liste-des-engages\/#primaryimage\"},\"thumbnailUrl\":\"https:\/\/dicodusport.fr\/blog\/wp-content\/uploads\/2020\/08\/Tour-du-Limousin-2020-La-liste-des-engag\u00e9s.png\",\"datePublished\":\"2020-08-19T11:56:26+00:00\",\"dateModified\":\"2020-08-21T13:46:31+00:00\",\"description\":\"CYCLISME - Le 53\u00e8me Tour du Limousin - Nouvelle-Aquitaine d\u00e9bute ce mardi 18 ao\u00fbt \u00e0 Couzeix. D\u00e9couvrez la startlist de l'\u00e9preuve.\",\"breadcrumb\":{\"@id\":\"https:\/\/dicodusport.fr\/blog\/tour-du-limousin-2020-liste-des-engages\/#breadcrumb\"},\"inLanguage\":\"fr-FR\",\"potentialAction\":[{\"@type\":\"ReadAction\",\"target\":[\"https:\/\/dicodusport.fr\/blog\/tour-du-limousin-2020-liste-des-engages\/\"]}]},{\"@type\":\"ImageObject\",\"inLanguage\":\"fr-FR\",\"@id\":\"https:\/\/dicodusport.fr\/blog\/tour-du-limousin-2020-liste-des-engages\/#primaryimage\",\"url\":\"https:\/\/dicodusport.fr\/blog\/wp-content\/uploads\/2020\/08\/Tour-du-Limousin-2020-La-liste-des-engag\u00e9s.png\",\"contentUrl\":\"https:\/\/dicodusport.fr\/blog\/wp-content\/uploads\/2020\/08\/Tour-du-Limousin-2020-La-liste-des-engag\u00e9s.png\",\"width\":800,\"height\":445,\"caption\":\"Tour du Limousin 2020 : la liste des engag\u00e9s\"},{\"@type\":\"BreadcrumbList\",\"@id\":\"https:\/\/dicodusport.fr\/blog\/tour-du-limousin-2020-liste-des-engages\/#breadcrumb\",\"itemListElement\":[{\"@type\":\"ListItem\",\"position\":1,\"name\":\"Accueil\",\"item\":\"https:\/\/dicodusport.fr\/blog\/\"},{\"@type\":\"ListItem\",\"position\":2,\"name\":\"Tour du Limousin 2020 : la liste des engag\u00e9s\"}]},{\"@type\":\"WebSite\",\"@id\":\"https:\/\/dicodusport.fr\/blog\/#website\",\"url\":\"https:\/\/dicodusport.fr\/blog\/\",\"name\":\"Dicodusport\",\"description\":\"L&#039;encyclop\u00e9die de l&#039;actualit\u00e9 sportive\",\"publisher\":{\"@id\":\"https:\/\/dicodusport.fr\/blog\/#organization\"},\"potentialAction\":[{\"@type\":\"SearchAction\",\"target\":{\"@type\":\"EntryPoint\",\"urlTemplate\":\"https:\/\/dicodusport.fr\/blog\/?s={search_term_string}\"},\"query-input\":{\"@type\":\"PropertyValueSpecification\",\"valueRequired\":true,\"valueName\":\"search_term_string\"}}],\"inLanguage\":\"fr-FR\"},{\"@type\":\"NewsMediaOrganization\",\"@id\":\"https:\/\/dicodusport.fr\/blog\/#organization\",\"name\":\"Dicodusport\",\"url\":\"https:\/\/dicodusport.fr\/blog\/\",\"logo\":{\"@type\":\"ImageObject\",\"inLanguage\":\"fr-FR\",\"@id\":\"https:\/\/dicodusport.fr\/blog\/#\/schema\/logo\/image\/\",\"url\":\"https:\/\/dicodusport.fr\/blog\/wp-content\/uploads\/2020\/06\/cropped-LOGO-DICODUSPORT-2020-SANS-FOND-SANS-TEXTE.png\",\"contentUrl\":\"https:\/\/dicodusport.fr\/blog\/wp-content\/uploads\/2020\/06\/cropped-LOGO-DICODUSPORT-2020-SANS-FOND-SANS-TEXTE.png\",\"width\":512,\"height\":512,\"caption\":\"Dicodusport\"},\"image\":{\"@id\":\"https:\/\/dicodusport.fr\/blog\/#\/schema\/logo\/image\/\"},\"sameAs\":[\"https:\/\/www.facebook.com\/dicodusport\",\"https:\/\/x.com\/dicodusport\",\"https:\/\/www.instagram.com\/dicodusport\/\",\"https:\/\/www.youtube.com\/channel\/UC7V2KZ5sd3htJivAbA4ZG3w\"],\"description\":\"Dicodusport est l'encyclop\u00e9die de l'actualit\u00e9 sportive.\",\"email\":\"bonjour@dicodusport.fr\",\"legalName\":\"DICODUSPORT\",\"foundingDate\":\"2018-01-14\",\"vatID\":\"FR71834470973\",\"taxID\":\"83447097300043\",\"numberOfEmployees\":{\"@type\":\"QuantitativeValue\",\"minValue\":\"1\",\"maxValue\":\"10\"}},{\"@type\":\"Person\",\"@id\":\"https:\/\/dicodusport.fr\/blog\/#\/schema\/person\/cb02af4c173ce4a653b55e9baf388d4a\",\"name\":\"Flo Ostermann\",\"image\":{\"@type\":\"ImageObject\",\"inLanguage\":\"fr-FR\",\"@id\":\"https:\/\/dicodusport.fr\/blog\/#\/schema\/person\/image\/\",\"url\":\"https:\/\/dicodusport.fr\/blog\/wp-content\/uploads\/2021\/05\/Flo-Ostermann-150x150.jpg\",\"contentUrl\":\"https:\/\/dicodusport.fr\/blog\/wp-content\/uploads\/2021\/05\/Flo-Ostermann-150x150.jpg\",\"caption\":\"Flo Ostermann\"},\"description\":\"Journaliste\/R\u00e9dacteur depuis septembre 2015 - Mes premiers souvenirs dans le sport ? Les envol\u00e9es du Stade Toulousain et les duels Villeneuve-Schumacher et H\u00e4kkinen-Schumacher \u00e0 la fin des ann\u00e9es 90, la Coupe du monde de football en 1998, l\u2019exploit du XV de France face aux All Blacks en 1999, mais aussi Richard C\u0153ur de Lion qui vole sur les montagnes du Tour de France. Bien parti pour devenir professeur d\u2019EPS, les \u00e9v\u00e9nements de la vie (et la flemme d\u2019animer des s\u00e9ances de 3x500 m\u00e8tres toute ma vie) m\u2019ont conduit \u00e0 revoir mes plans. Me voil\u00e0 depuis fin 2017 sur Dicodusport, m\u00e9dia gr\u00e2ce (et pour) lequel je partage ma passion : le sport dans tous ses \u00e9tats. Le tout accompagn\u00e9 par les fous furieux et folles furieuses cit\u00e9s sur cette page !\",\"sameAs\":[\"https:\/\/www.facebook.com\/florent.ostermann\",\"https:\/\/x.com\/https:\/\/twitter.com\/FlOstermann\",\"admin\"],\"url\":\"https:\/\/dicodusport.fr\/blog\/author\/flo\/\"}]}<\/script>\n<!-- \/ Yoast SEO Premium plugin. -->","yoast_head_json":{"title":"Tour du Limousin 2020 : la liste des engag\u00e9s","description":"CYCLISME - Le 53\u00e8me Tour du Limousin - Nouvelle-Aquitaine d\u00e9bute ce mardi 18 ao\u00fbt \u00e0 Couzeix. D\u00e9couvrez la startlist de l'\u00e9preuve.","robots":{"index":"index","follow":"follow","max-snippet":"max-snippet:-1","max-image-preview":"max-image-preview:large","max-video-preview":"max-video-preview:-1"},"canonical":"https:\/\/dicodusport.fr\/blog\/tour-du-limousin-2020-liste-des-engages\/","og_locale":"fr_FR","og_type":"article","og_title":"Tour du Limousin 2020 : la liste des engag\u00e9s","og_description":"CYCLISME - Le 53\u00e8me Tour du Limousin - Nouvelle-Aquitaine d\u00e9bute ce mardi 18 ao\u00fbt \u00e0 Couzeix. D\u00e9couvrez la startlist de l'\u00e9preuve.","og_url":"https:\/\/dicodusport.fr\/blog\/tour-du-limousin-2020-liste-des-engages\/","og_site_name":"Dicodusport","article_publisher":"https:\/\/www.facebook.com\/dicodusport","article_author":"https:\/\/www.facebook.com\/florent.ostermann","article_published_time":"2020-08-19T11:56:26+00:00","article_modified_time":"2020-08-21T13:46:31+00:00","og_image":[{"width":800,"height":445,"url":"https:\/\/dicodusport.fr\/blog\/wp-content\/uploads\/2020\/08\/Tour-du-Limousin-2020-La-liste-des-engag\u00e9s.png","type":"image\/png"}],"author":"Flo Ostermann","twitter_card":"summary_large_image","twitter_title":"Tour du Limousin 2020 : la liste des engag\u00e9s","twitter_creator":"@https:\/\/twitter.com\/FlOstermann","twitter_site":"@dicodusport","schema":{"@context":"https:\/\/schema.org","@graph":[{"@type":"NewsArticle","@id":"https:\/\/dicodusport.fr\/blog\/tour-du-limousin-2020-liste-des-engages\/#article","isPartOf":{"@id":"https:\/\/dicodusport.fr\/blog\/tour-du-limousin-2020-liste-des-engages\/"},"author":{"name":"Flo Ostermann","@id":"https:\/\/dicodusport.fr\/blog\/#\/schema\/person\/cb02af4c173ce4a653b55e9baf388d4a"},"headline":"Tour du Limousin 2020 : la liste des engag\u00e9s","datePublished":"2020-08-19T11:56:26+00:00","dateModified":"2020-08-21T13:46:31+00:00","mainEntityOfPage":{"@id":"https:\/\/dicodusport.fr\/blog\/tour-du-limousin-2020-liste-des-engages\/"},"wordCount":462,"commentCount":0,"publisher":{"@id":"https:\/\/dicodusport.fr\/blog\/#organization"},"image":{"@id":"https:\/\/dicodusport.fr\/blog\/tour-du-limousin-2020-liste-des-engages\/#primaryimage"},"thumbnailUrl":"https:\/\/dicodusport.fr\/blog\/wp-content\/uploads\/2020\/08\/Tour-du-Limousin-2020-La-liste-des-engag\u00e9s.png","keywords":["Tour du Limousin"],"articleSection":["Cyclisme"],"inLanguage":"fr-FR","potentialAction":[{"@type":"CommentAction","name":"Comment","target":["https:\/\/dicodusport.fr\/blog\/tour-du-limousin-2020-liste-des-engages\/#respond"]}],"copyrightYear":"2020","copyrightHolder":{"@id":"https:\/\/dicodusport.fr\/blog\/#organization"}},{"@type":"WebPage","@id":"https:\/\/dicodusport.fr\/blog\/tour-du-limousin-2020-liste-des-engages\/","url":"https:\/\/dicodusport.fr\/blog\/tour-du-limousin-2020-liste-des-engages\/","name":"Tour du Limousin 2020 : la liste des engag\u00e9s","isPartOf":{"@id":"https:\/\/dicodusport.fr\/blog\/#website"},"primaryImageOfPage":{"@id":"https:\/\/dicodusport.fr\/blog\/tour-du-limousin-2020-liste-des-engages\/#primaryimage"},"image":{"@id":"https:\/\/dicodusport.fr\/blog\/tour-du-limousin-2020-liste-des-engages\/#primaryimage"},"thumbnailUrl":"https:\/\/dicodusport.fr\/blog\/wp-content\/uploads\/2020\/08\/Tour-du-Limousin-2020-La-liste-des-engag\u00e9s.png","datePublished":"2020-08-19T11:56:26+00:00","dateModified":"2020-08-21T13:46:31+00:00","description":"CYCLISME - Le 53\u00e8me Tour du Limousin - Nouvelle-Aquitaine d\u00e9bute ce mardi 18 ao\u00fbt \u00e0 Couzeix. D\u00e9couvrez la startlist de l'\u00e9preuve.","breadcrumb":{"@id":"https:\/\/dicodusport.fr\/blog\/tour-du-limousin-2020-liste-des-engages\/#breadcrumb"},"inLanguage":"fr-FR","potentialAction":[{"@type":"ReadAction","target":["https:\/\/dicodusport.fr\/blog\/tour-du-limousin-2020-liste-des-engages\/"]}]},{"@type":"ImageObject","inLanguage":"fr-FR","@id":"https:\/\/dicodusport.fr\/blog\/tour-du-limousin-2020-liste-des-engages\/#primaryimage","url":"https:\/\/dicodusport.fr\/blog\/wp-content\/uploads\/2020\/08\/Tour-du-Limousin-2020-La-liste-des-engag\u00e9s.png","contentUrl":"https:\/\/dicodusport.fr\/blog\/wp-content\/uploads\/2020\/08\/Tour-du-Limousin-2020-La-liste-des-engag\u00e9s.png","width":800,"height":445,"caption":"Tour du Limousin 2020 : la liste des engag\u00e9s"},{"@type":"BreadcrumbList","@id":"https:\/\/dicodusport.fr\/blog\/tour-du-limousin-2020-liste-des-engages\/#breadcrumb","itemListElement":[{"@type":"ListItem","position":1,"name":"Accueil","item":"https:\/\/dicodusport.fr\/blog\/"},{"@type":"ListItem","position":2,"name":"Tour du Limousin 2020 : la liste des engag\u00e9s"}]},{"@type":"WebSite","@id":"https:\/\/dicodusport.fr\/blog\/#website","url":"https:\/\/dicodusport.fr\/blog\/","name":"Dicodusport","description":"L&#039;encyclop\u00e9die de l&#039;actualit\u00e9 sportive","publisher":{"@id":"https:\/\/dicodusport.fr\/blog\/#organization"},"potentialAction":[{"@type":"SearchAction","target":{"@type":"EntryPoint","urlTemplate":"https:\/\/dicodusport.fr\/blog\/?s={search_term_string}"},"query-input":{"@type":"PropertyValueSpecification","valueRequired":true,"valueName":"search_term_string"}}],"inLanguage":"fr-FR"},{"@type":"NewsMediaOrganization","@id":"https:\/\/dicodusport.fr\/blog\/#organization","name":"Dicodusport","url":"https:\/\/dicodusport.fr\/blog\/","logo":{"@type":"ImageObject","inLanguage":"fr-FR","@id":"https:\/\/dicodusport.fr\/blog\/#\/schema\/logo\/image\/","url":"https:\/\/dicodusport.fr\/blog\/wp-content\/uploads\/2020\/06\/cropped-LOGO-DICODUSPORT-2020-SANS-FOND-SANS-TEXTE.png","contentUrl":"https:\/\/dicodusport.fr\/blog\/wp-content\/uploads\/2020\/06\/cropped-LOGO-DICODUSPORT-2020-SANS-FOND-SANS-TEXTE.png","width":512,"height":512,"caption":"Dicodusport"},"image":{"@id":"https:\/\/dicodusport.fr\/blog\/#\/schema\/logo\/image\/"},"sameAs":["https:\/\/www.facebook.com\/dicodusport","https:\/\/x.com\/dicodusport","https:\/\/www.instagram.com\/dicodusport\/","https:\/\/www.youtube.com\/channel\/UC7V2KZ5sd3htJivAbA4ZG3w"],"description":"Dicodusport est l'encyclop\u00e9die de l'actualit\u00e9 sportive.","email":"bonjour@dicodusport.fr","legalName":"DICODUSPORT","foundingDate":"2018-01-14","vatID":"FR71834470973","taxID":"83447097300043","numberOfEmployees":{"@type":"QuantitativeValue","minValue":"1","maxValue":"10"}},{"@type":"Person","@id":"https:\/\/dicodusport.fr\/blog\/#\/schema\/person\/cb02af4c173ce4a653b55e9baf388d4a","name":"Flo Ostermann","image":{"@type":"ImageObject","inLanguage":"fr-FR","@id":"https:\/\/dicodusport.fr\/blog\/#\/schema\/person\/image\/","url":"https:\/\/dicodusport.fr\/blog\/wp-content\/uploads\/2021\/05\/Flo-Ostermann-150x150.jpg","contentUrl":"https:\/\/dicodusport.fr\/blog\/wp-content\/uploads\/2021\/05\/Flo-Ostermann-150x150.jpg","caption":"Flo Ostermann"},"description":"Journaliste\/R\u00e9dacteur depuis septembre 2015 - Mes premiers souvenirs dans le sport ? Les envol\u00e9es du Stade Toulousain et les duels Villeneuve-Schumacher et H\u00e4kkinen-Schumacher \u00e0 la fin des ann\u00e9es 90, la Coupe du monde de football en 1998, l\u2019exploit du XV de France face aux All Blacks en 1999, mais aussi Richard C\u0153ur de Lion qui vole sur les montagnes du Tour de France. Bien parti pour devenir professeur d\u2019EPS, les \u00e9v\u00e9nements de la vie (et la flemme d\u2019animer des s\u00e9ances de 3x500 m\u00e8tres toute ma vie) m\u2019ont conduit \u00e0 revoir mes plans. Me voil\u00e0 depuis fin 2017 sur Dicodusport, m\u00e9dia gr\u00e2ce (et pour) lequel je partage ma passion : le sport dans tous ses \u00e9tats. Le tout accompagn\u00e9 par les fous furieux et folles furieuses cit\u00e9s sur cette page !","sameAs":["https:\/\/www.facebook.com\/florent.ostermann","https:\/\/x.com\/https:\/\/twitter.com\/FlOstermann","admin"],"url":"https:\/\/dicodusport.fr\/blog\/author\/flo\/"}]}},"_links":{"self":[{"href":"https:\/\/dicodusport.fr\/blog\/wp-json\/wp\/v2\/posts\/74782","targetHints":{"allow":["GET"]}}],"collection":[{"href":"https:\/\/dicodusport.fr\/blog\/wp-json\/wp\/v2\/posts"}],"about":[{"href":"https:\/\/dicodusport.fr\/blog\/wp-json\/wp\/v2\/types\/post"}],"author":[{"embeddable":true,"href":"https:\/\/dicodusport.fr\/blog\/wp-json\/wp\/v2\/users\/4"}],"replies":[{"embeddable":true,"href":"https:\/\/dicodusport.fr\/blog\/wp-json\/wp\/v2\/comments?post=74782"}],"version-history":[{"count":0,"href":"https:\/\/dicodusport.fr\/blog\/wp-json\/wp\/v2\/posts\/74782\/revisions"}],"wp:featuredmedia":[{"embeddable":true,"href":"https:\/\/dicodusport.fr\/blog\/wp-json\/wp\/v2\/media\/74784"}],"wp:attachment":[{"href":"https:\/\/dicodusport.fr\/blog\/wp-json\/wp\/v2\/media?parent=74782"}],"wp:term":[{"taxonomy":"category","embeddable":true,"href":"https:\/\/dicodusport.fr\/blog\/wp-json\/wp\/v2\/categories?post=74782"},{"taxonomy":"post_tag","embeddable":true,"href":"https:\/\/dicodusport.fr\/blog\/wp-json\/wp\/v2\/tags?post=74782"}],"curies":[{"name":"wp","href":"https:\/\/api.w.org\/{rel}","templated":true}]}}