{"id":74833,"date":"2020-08-18T17:06:33","date_gmt":"2020-08-18T15:06:33","guid":{"rendered":"http:\/\/dicodusport.fr\/blog\/?p=74833&#038;preview=true&#038;preview_id=74833"},"modified":"2020-08-18T17:18:39","modified_gmt":"2020-08-18T15:18:39","slug":"tour-du-limousin-luca-wackermann-s-impose-en-costaud-1ere-etape","status":"publish","type":"post","link":"https:\/\/dicodusport.fr\/blog\/tour-du-limousin-luca-wackermann-s-impose-en-costaud-1ere-etape\/","title":{"rendered":"Tour du Limousin : Luca Wackermann s&rsquo;impose en costaud lors de la 1\u00e8re \u00e9tape"},"content":{"rendered":"<p style=\"text-align: justify;\"><strong><em><a href=\"https:\/\/dicodusport.fr\/blog\/tour-du-limousin-2020-profil-des-etapes\/\" target=\"_blank\" rel=\"noopener noreferrer\">TOUR DU LIMOUSIN 2020<\/a> &#8211; En solitaire, l&rsquo;Italien Luca Wackermann a remport\u00e9 la 1\u00e8re \u00e9tape du Tour du Limousin, \u00e0 \u00c9vaux-les-Bains. Le coureur de la Vini Zab\u00f9-KTM s&rsquo;est isol\u00e9 peu avant la flamme rouge, avant de r\u00e9sister au retour des favoris.<\/em><\/strong><\/p>\n<p style=\"text-align: justify;\">Au terme d&rsquo;une 1\u00e8re \u00e9tape \u00f4 combien vallonn\u00e9e, c&rsquo;est un r\u00e9cidiviste qui l&rsquo;a emport\u00e9 ce mardi. <strong>Luca Wackermann<\/strong> (Vini Zab\u00f9-KTM) s&rsquo;est impos\u00e9 en solitaire, sur les hauteurs d&rsquo;\u00c9vaux-les-Bains. L&rsquo;Italien, d\u00e9j\u00e0 vainqueur d&rsquo;\u00e9tape sur le <strong>Tour du Limousin<\/strong> en 2018, a fauss\u00e9 compagnie au peloton des favoris avant le dernier kilom\u00e8tre, pour en plus jamais \u00eatre repris. Deuxi\u00e8me, le Britannique <strong>Jake Stewart<\/strong> (Groupama-FDJ) r\u00e8gle le peloton, devant <strong>Jon Aberasturi<\/strong> (Caja-Rural). Les favoris que sont <strong>Rui Costa<\/strong> (UAE Team Emirates) et <strong>David Gaudu<\/strong> (Groupama-FDJ) terminent dans le bon wagon.<\/p>\n<blockquote class=\"twitter-tweet\">\n<p dir=\"ltr\" lang=\"fr\">Luca Wackermann remporte la 1\u00e8re \u00e9tape du Tour du Limousin ! &#x1f44f;&#x1f44f;<a href=\"https:\/\/twitter.com\/hashtag\/lequipeVELO?src=hash&amp;ref_src=twsrc%5Etfw\">#lequipeVELO<\/a> <a href=\"https:\/\/twitter.com\/hashtag\/TDLNA2020?src=hash&amp;ref_src=twsrc%5Etfw\">#TDLNA2020<\/a> <a href=\"https:\/\/t.co\/vzjn0oHPw3\">pic.twitter.com\/vzjn0oHPw3<\/a><\/p>\n<p>\u2014 la chaine L&rsquo;\u00c9quipe (@lachainelequipe) <a href=\"https:\/\/twitter.com\/lachainelequipe\/status\/1295737147165745157?ref_src=twsrc%5Etfw\">August 18, 2020<\/a><\/p><\/blockquote>\n<p><script async src=\"https:\/\/platform.twitter.com\/widgets.js\" charset=\"utf-8\"><\/script><\/p>\n<ul>\n<li style=\"text-align: justify;\"><strong>\u00c0 lire aussi &#8211; <a href=\"https:\/\/www.procyclingstats.com\/race\/tour-du-limousin\/2020\/stage-1\" target=\"_blank\" rel=\"noopener noreferrer\">Tous les classements de la 1\u00e8re \u00e9tape du Tour du Limousin 2020<\/a><\/strong><\/li>\n<\/ul>\n<p><strong><em>Dicodusport<br \/>\n<a href=\"https:\/\/www.facebook.com\/dicodusport\/\" target=\"_blank\" rel=\"noopener noreferrer\"><img loading=\"lazy\" decoding=\"async\" class=\"alignnone wp-image-2909\" src=\"http:\/\/dicodusport.fr\/blog\/wp-content\/uploads\/2017\/07\/logo-facebook-150x150.png\" alt=\"\" width=\"40\" height=\"40\" \/><\/a><a href=\"https:\/\/twitter.com\/dicodusport\" target=\"_blank\" rel=\"noopener noreferrer\"><img loading=\"lazy\" decoding=\"async\" class=\"alignnone wp-image-2908\" src=\"http:\/\/dicodusport.fr\/blog\/wp-content\/uploads\/2017\/07\/logo-twitter-150x150.png\" alt=\"\" width=\"39\" height=\"39\" \/><\/a><\/em><\/strong><\/p>\n","protected":false},"excerpt":{"rendered":"<p>TOUR DU LIMOUSIN 2020 &#8211; En solitaire, l&rsquo;Italien Luca Wackermann a remport\u00e9 la 1\u00e8re \u00e9tape du Tour du Limousin, \u00e0 \u00c9vaux-les-Bains. Le coureur de la Vini Zab\u00f9-KTM s&rsquo;est isol\u00e9 peu avant la flamme rouge, avant de r\u00e9sister au retour des favoris.<\/p>\n","protected":false},"author":4,"featured_media":74849,"comment_status":"open","ping_status":"closed","sticky":false,"template":"","format":"standard","meta":{"_acf_changed":false,"_daextam_enable_autolinks":"","footnotes":""},"categories":[2307],"tags":[5778],"class_list":["post-74833","post","type-post","status-publish","format-standard","has-post-thumbnail","hentry","category-cyclisme","tag-tour-du-limousin"],"acf":[],"yoast_head":"<!-- This site is optimized with the Yoast SEO Premium plugin v26.7 (Yoast SEO v26.7) - https:\/\/yoast.com\/wordpress\/plugins\/seo\/ -->\n<title>Tour du Limousin : Luca Wackermann s&#039;impose en costaud lors de la 1\u00e8re \u00e9tape<\/title>\n<meta name=\"description\" content=\"TOUR DU LIMOUSIN 2020 - En solitaire, l&#039;Italien Luca Wackermann a remport\u00e9 la 1\u00e8re \u00e9tape du Tour du Limousin, \u00e0 \u00c9vaux-les-Bains.\" \/>\n<meta name=\"robots\" content=\"index, follow, max-snippet:-1, max-image-preview:large, max-video-preview:-1\" \/>\n<link rel=\"canonical\" href=\"https:\/\/dicodusport.fr\/blog\/tour-du-limousin-luca-wackermann-s-impose-en-costaud-1ere-etape\/\" \/>\n<meta property=\"og:locale\" content=\"fr_FR\" \/>\n<meta property=\"og:type\" content=\"article\" \/>\n<meta property=\"og:title\" content=\"Tour du Limousin : Luca Wackermann s&#039;impose en costaud lors de la 1\u00e8re \u00e9tape\" \/>\n<meta property=\"og:description\" content=\"TOUR DU LIMOUSIN 2020 - En solitaire, l&#039;Italien Luca Wackermann a remport\u00e9 la 1\u00e8re \u00e9tape du Tour du Limousin, \u00e0 \u00c9vaux-les-Bains.\" \/>\n<meta property=\"og:url\" content=\"https:\/\/dicodusport.fr\/blog\/tour-du-limousin-luca-wackermann-s-impose-en-costaud-1ere-etape\/\" \/>\n<meta property=\"og:site_name\" content=\"Dicodusport\" \/>\n<meta property=\"article:publisher\" content=\"https:\/\/www.facebook.com\/dicodusport\" \/>\n<meta property=\"article:author\" content=\"https:\/\/www.facebook.com\/florent.ostermann\" \/>\n<meta property=\"article:published_time\" content=\"2020-08-18T15:06:33+00:00\" \/>\n<meta property=\"article:modified_time\" content=\"2020-08-18T15:18:39+00:00\" \/>\n<meta property=\"og:image\" content=\"https:\/\/dicodusport.fr\/blog\/wp-content\/uploads\/2020\/08\/Tour-du-Limousin-Luca-Wackermann-simpose-en-costaud-lors-de-la-1\u00e8re-\u00e9tape.png\" \/>\n\t<meta property=\"og:image:width\" content=\"800\" \/>\n\t<meta property=\"og:image:height\" content=\"445\" \/>\n\t<meta property=\"og:image:type\" content=\"image\/png\" \/>\n<meta name=\"author\" content=\"Flo Ostermann\" \/>\n<meta name=\"twitter:card\" content=\"summary_large_image\" \/>\n<meta name=\"twitter:title\" content=\"Tour du Limousin : Luca Wackermann s&#039;impose en costaud lors de la 1\u00e8re \u00e9tape\" \/>\n<meta name=\"twitter:creator\" content=\"@https:\/\/twitter.com\/FlOstermann\" \/>\n<meta name=\"twitter:site\" content=\"@dicodusport\" \/>\n<script type=\"application\/ld+json\" class=\"yoast-schema-graph\">{\"@context\":\"https:\/\/schema.org\",\"@graph\":[{\"@type\":\"NewsArticle\",\"@id\":\"https:\/\/dicodusport.fr\/blog\/tour-du-limousin-luca-wackermann-s-impose-en-costaud-1ere-etape\/#article\",\"isPartOf\":{\"@id\":\"https:\/\/dicodusport.fr\/blog\/tour-du-limousin-luca-wackermann-s-impose-en-costaud-1ere-etape\/\"},\"author\":{\"name\":\"Flo Ostermann\",\"@id\":\"https:\/\/dicodusport.fr\/blog\/#\/schema\/person\/cb02af4c173ce4a653b55e9baf388d4a\"},\"headline\":\"Tour du Limousin : Luca Wackermann s&rsquo;impose en costaud lors de la 1\u00e8re \u00e9tape\",\"datePublished\":\"2020-08-18T15:06:33+00:00\",\"dateModified\":\"2020-08-18T15:18:39+00:00\",\"mainEntityOfPage\":{\"@id\":\"https:\/\/dicodusport.fr\/blog\/tour-du-limousin-luca-wackermann-s-impose-en-costaud-1ere-etape\/\"},\"wordCount\":200,\"commentCount\":0,\"publisher\":{\"@id\":\"https:\/\/dicodusport.fr\/blog\/#organization\"},\"image\":{\"@id\":\"https:\/\/dicodusport.fr\/blog\/tour-du-limousin-luca-wackermann-s-impose-en-costaud-1ere-etape\/#primaryimage\"},\"thumbnailUrl\":\"https:\/\/dicodusport.fr\/blog\/wp-content\/uploads\/2020\/08\/Tour-du-Limousin-Luca-Wackermann-simpose-en-costaud-lors-de-la-1\u00e8re-\u00e9tape.png\",\"keywords\":[\"Tour du Limousin\"],\"articleSection\":[\"Cyclisme\"],\"inLanguage\":\"fr-FR\",\"potentialAction\":[{\"@type\":\"CommentAction\",\"name\":\"Comment\",\"target\":[\"https:\/\/dicodusport.fr\/blog\/tour-du-limousin-luca-wackermann-s-impose-en-costaud-1ere-etape\/#respond\"]}],\"copyrightYear\":\"2020\",\"copyrightHolder\":{\"@id\":\"https:\/\/dicodusport.fr\/blog\/#organization\"}},{\"@type\":\"WebPage\",\"@id\":\"https:\/\/dicodusport.fr\/blog\/tour-du-limousin-luca-wackermann-s-impose-en-costaud-1ere-etape\/\",\"url\":\"https:\/\/dicodusport.fr\/blog\/tour-du-limousin-luca-wackermann-s-impose-en-costaud-1ere-etape\/\",\"name\":\"Tour du Limousin : Luca Wackermann s'impose en costaud lors de la 1\u00e8re \u00e9tape\",\"isPartOf\":{\"@id\":\"https:\/\/dicodusport.fr\/blog\/#website\"},\"primaryImageOfPage\":{\"@id\":\"https:\/\/dicodusport.fr\/blog\/tour-du-limousin-luca-wackermann-s-impose-en-costaud-1ere-etape\/#primaryimage\"},\"image\":{\"@id\":\"https:\/\/dicodusport.fr\/blog\/tour-du-limousin-luca-wackermann-s-impose-en-costaud-1ere-etape\/#primaryimage\"},\"thumbnailUrl\":\"https:\/\/dicodusport.fr\/blog\/wp-content\/uploads\/2020\/08\/Tour-du-Limousin-Luca-Wackermann-simpose-en-costaud-lors-de-la-1\u00e8re-\u00e9tape.png\",\"datePublished\":\"2020-08-18T15:06:33+00:00\",\"dateModified\":\"2020-08-18T15:18:39+00:00\",\"description\":\"TOUR DU LIMOUSIN 2020 - En solitaire, l'Italien Luca Wackermann a remport\u00e9 la 1\u00e8re \u00e9tape du Tour du Limousin, \u00e0 \u00c9vaux-les-Bains.\",\"breadcrumb\":{\"@id\":\"https:\/\/dicodusport.fr\/blog\/tour-du-limousin-luca-wackermann-s-impose-en-costaud-1ere-etape\/#breadcrumb\"},\"inLanguage\":\"fr-FR\",\"potentialAction\":[{\"@type\":\"ReadAction\",\"target\":[\"https:\/\/dicodusport.fr\/blog\/tour-du-limousin-luca-wackermann-s-impose-en-costaud-1ere-etape\/\"]}]},{\"@type\":\"ImageObject\",\"inLanguage\":\"fr-FR\",\"@id\":\"https:\/\/dicodusport.fr\/blog\/tour-du-limousin-luca-wackermann-s-impose-en-costaud-1ere-etape\/#primaryimage\",\"url\":\"https:\/\/dicodusport.fr\/blog\/wp-content\/uploads\/2020\/08\/Tour-du-Limousin-Luca-Wackermann-simpose-en-costaud-lors-de-la-1\u00e8re-\u00e9tape.png\",\"contentUrl\":\"https:\/\/dicodusport.fr\/blog\/wp-content\/uploads\/2020\/08\/Tour-du-Limousin-Luca-Wackermann-simpose-en-costaud-lors-de-la-1\u00e8re-\u00e9tape.png\",\"width\":800,\"height\":445,\"caption\":\"Tour du Limousin : Luca Wackermann s'impose en costaud lors de la 1\u00e8re \u00e9tape\"},{\"@type\":\"BreadcrumbList\",\"@id\":\"https:\/\/dicodusport.fr\/blog\/tour-du-limousin-luca-wackermann-s-impose-en-costaud-1ere-etape\/#breadcrumb\",\"itemListElement\":[{\"@type\":\"ListItem\",\"position\":1,\"name\":\"Accueil\",\"item\":\"https:\/\/dicodusport.fr\/blog\/\"},{\"@type\":\"ListItem\",\"position\":2,\"name\":\"Tour du Limousin : Luca Wackermann s&rsquo;impose en costaud lors de la 1\u00e8re \u00e9tape\"}]},{\"@type\":\"WebSite\",\"@id\":\"https:\/\/dicodusport.fr\/blog\/#website\",\"url\":\"https:\/\/dicodusport.fr\/blog\/\",\"name\":\"Dicodusport\",\"description\":\"L&#039;encyclop\u00e9die de l&#039;actualit\u00e9 sportive\",\"publisher\":{\"@id\":\"https:\/\/dicodusport.fr\/blog\/#organization\"},\"potentialAction\":[{\"@type\":\"SearchAction\",\"target\":{\"@type\":\"EntryPoint\",\"urlTemplate\":\"https:\/\/dicodusport.fr\/blog\/?s={search_term_string}\"},\"query-input\":{\"@type\":\"PropertyValueSpecification\",\"valueRequired\":true,\"valueName\":\"search_term_string\"}}],\"inLanguage\":\"fr-FR\"},{\"@type\":\"NewsMediaOrganization\",\"@id\":\"https:\/\/dicodusport.fr\/blog\/#organization\",\"name\":\"Dicodusport\",\"url\":\"https:\/\/dicodusport.fr\/blog\/\",\"logo\":{\"@type\":\"ImageObject\",\"inLanguage\":\"fr-FR\",\"@id\":\"https:\/\/dicodusport.fr\/blog\/#\/schema\/logo\/image\/\",\"url\":\"https:\/\/dicodusport.fr\/blog\/wp-content\/uploads\/2020\/06\/cropped-LOGO-DICODUSPORT-2020-SANS-FOND-SANS-TEXTE.png\",\"contentUrl\":\"https:\/\/dicodusport.fr\/blog\/wp-content\/uploads\/2020\/06\/cropped-LOGO-DICODUSPORT-2020-SANS-FOND-SANS-TEXTE.png\",\"width\":512,\"height\":512,\"caption\":\"Dicodusport\"},\"image\":{\"@id\":\"https:\/\/dicodusport.fr\/blog\/#\/schema\/logo\/image\/\"},\"sameAs\":[\"https:\/\/www.facebook.com\/dicodusport\",\"https:\/\/x.com\/dicodusport\",\"https:\/\/www.instagram.com\/dicodusport\/\",\"https:\/\/www.youtube.com\/channel\/UC7V2KZ5sd3htJivAbA4ZG3w\"],\"description\":\"Dicodusport est l'encyclop\u00e9die de l'actualit\u00e9 sportive.\",\"email\":\"bonjour@dicodusport.fr\",\"legalName\":\"DICODUSPORT\",\"foundingDate\":\"2018-01-14\",\"vatID\":\"FR71834470973\",\"taxID\":\"83447097300043\",\"numberOfEmployees\":{\"@type\":\"QuantitativeValue\",\"minValue\":\"1\",\"maxValue\":\"10\"}},{\"@type\":\"Person\",\"@id\":\"https:\/\/dicodusport.fr\/blog\/#\/schema\/person\/cb02af4c173ce4a653b55e9baf388d4a\",\"name\":\"Flo Ostermann\",\"image\":{\"@type\":\"ImageObject\",\"inLanguage\":\"fr-FR\",\"@id\":\"https:\/\/dicodusport.fr\/blog\/#\/schema\/person\/image\/\",\"url\":\"https:\/\/dicodusport.fr\/blog\/wp-content\/uploads\/2021\/05\/Flo-Ostermann-150x150.jpg\",\"contentUrl\":\"https:\/\/dicodusport.fr\/blog\/wp-content\/uploads\/2021\/05\/Flo-Ostermann-150x150.jpg\",\"caption\":\"Flo Ostermann\"},\"description\":\"Journaliste\/R\u00e9dacteur depuis septembre 2015 - Mes premiers souvenirs dans le sport ? Les envol\u00e9es du Stade Toulousain et les duels Villeneuve-Schumacher et H\u00e4kkinen-Schumacher \u00e0 la fin des ann\u00e9es 90, la Coupe du monde de football en 1998, l\u2019exploit du XV de France face aux All Blacks en 1999, mais aussi Richard C\u0153ur de Lion qui vole sur les montagnes du Tour de France. Bien parti pour devenir professeur d\u2019EPS, les \u00e9v\u00e9nements de la vie (et la flemme d\u2019animer des s\u00e9ances de 3x500 m\u00e8tres toute ma vie) m\u2019ont conduit \u00e0 revoir mes plans. Me voil\u00e0 depuis fin 2017 sur Dicodusport, m\u00e9dia gr\u00e2ce (et pour) lequel je partage ma passion : le sport dans tous ses \u00e9tats. Le tout accompagn\u00e9 par les fous furieux et folles furieuses cit\u00e9s sur cette page !\",\"sameAs\":[\"https:\/\/www.facebook.com\/florent.ostermann\",\"https:\/\/x.com\/https:\/\/twitter.com\/FlOstermann\",\"admin\"],\"url\":\"https:\/\/dicodusport.fr\/blog\/author\/flo\/\"}]}<\/script>\n<!-- \/ Yoast SEO Premium plugin. -->","yoast_head_json":{"title":"Tour du Limousin : Luca Wackermann s'impose en costaud lors de la 1\u00e8re \u00e9tape","description":"TOUR DU LIMOUSIN 2020 - En solitaire, l'Italien Luca Wackermann a remport\u00e9 la 1\u00e8re \u00e9tape du Tour du Limousin, \u00e0 \u00c9vaux-les-Bains.","robots":{"index":"index","follow":"follow","max-snippet":"max-snippet:-1","max-image-preview":"max-image-preview:large","max-video-preview":"max-video-preview:-1"},"canonical":"https:\/\/dicodusport.fr\/blog\/tour-du-limousin-luca-wackermann-s-impose-en-costaud-1ere-etape\/","og_locale":"fr_FR","og_type":"article","og_title":"Tour du Limousin : Luca Wackermann s'impose en costaud lors de la 1\u00e8re \u00e9tape","og_description":"TOUR DU LIMOUSIN 2020 - En solitaire, l'Italien Luca Wackermann a remport\u00e9 la 1\u00e8re \u00e9tape du Tour du Limousin, \u00e0 \u00c9vaux-les-Bains.","og_url":"https:\/\/dicodusport.fr\/blog\/tour-du-limousin-luca-wackermann-s-impose-en-costaud-1ere-etape\/","og_site_name":"Dicodusport","article_publisher":"https:\/\/www.facebook.com\/dicodusport","article_author":"https:\/\/www.facebook.com\/florent.ostermann","article_published_time":"2020-08-18T15:06:33+00:00","article_modified_time":"2020-08-18T15:18:39+00:00","og_image":[{"width":800,"height":445,"url":"https:\/\/dicodusport.fr\/blog\/wp-content\/uploads\/2020\/08\/Tour-du-Limousin-Luca-Wackermann-simpose-en-costaud-lors-de-la-1\u00e8re-\u00e9tape.png","type":"image\/png"}],"author":"Flo Ostermann","twitter_card":"summary_large_image","twitter_title":"Tour du Limousin : Luca Wackermann s'impose en costaud lors de la 1\u00e8re \u00e9tape","twitter_creator":"@https:\/\/twitter.com\/FlOstermann","twitter_site":"@dicodusport","schema":{"@context":"https:\/\/schema.org","@graph":[{"@type":"NewsArticle","@id":"https:\/\/dicodusport.fr\/blog\/tour-du-limousin-luca-wackermann-s-impose-en-costaud-1ere-etape\/#article","isPartOf":{"@id":"https:\/\/dicodusport.fr\/blog\/tour-du-limousin-luca-wackermann-s-impose-en-costaud-1ere-etape\/"},"author":{"name":"Flo Ostermann","@id":"https:\/\/dicodusport.fr\/blog\/#\/schema\/person\/cb02af4c173ce4a653b55e9baf388d4a"},"headline":"Tour du Limousin : Luca Wackermann s&rsquo;impose en costaud lors de la 1\u00e8re \u00e9tape","datePublished":"2020-08-18T15:06:33+00:00","dateModified":"2020-08-18T15:18:39+00:00","mainEntityOfPage":{"@id":"https:\/\/dicodusport.fr\/blog\/tour-du-limousin-luca-wackermann-s-impose-en-costaud-1ere-etape\/"},"wordCount":200,"commentCount":0,"publisher":{"@id":"https:\/\/dicodusport.fr\/blog\/#organization"},"image":{"@id":"https:\/\/dicodusport.fr\/blog\/tour-du-limousin-luca-wackermann-s-impose-en-costaud-1ere-etape\/#primaryimage"},"thumbnailUrl":"https:\/\/dicodusport.fr\/blog\/wp-content\/uploads\/2020\/08\/Tour-du-Limousin-Luca-Wackermann-simpose-en-costaud-lors-de-la-1\u00e8re-\u00e9tape.png","keywords":["Tour du Limousin"],"articleSection":["Cyclisme"],"inLanguage":"fr-FR","potentialAction":[{"@type":"CommentAction","name":"Comment","target":["https:\/\/dicodusport.fr\/blog\/tour-du-limousin-luca-wackermann-s-impose-en-costaud-1ere-etape\/#respond"]}],"copyrightYear":"2020","copyrightHolder":{"@id":"https:\/\/dicodusport.fr\/blog\/#organization"}},{"@type":"WebPage","@id":"https:\/\/dicodusport.fr\/blog\/tour-du-limousin-luca-wackermann-s-impose-en-costaud-1ere-etape\/","url":"https:\/\/dicodusport.fr\/blog\/tour-du-limousin-luca-wackermann-s-impose-en-costaud-1ere-etape\/","name":"Tour du Limousin : Luca Wackermann s'impose en costaud lors de la 1\u00e8re \u00e9tape","isPartOf":{"@id":"https:\/\/dicodusport.fr\/blog\/#website"},"primaryImageOfPage":{"@id":"https:\/\/dicodusport.fr\/blog\/tour-du-limousin-luca-wackermann-s-impose-en-costaud-1ere-etape\/#primaryimage"},"image":{"@id":"https:\/\/dicodusport.fr\/blog\/tour-du-limousin-luca-wackermann-s-impose-en-costaud-1ere-etape\/#primaryimage"},"thumbnailUrl":"https:\/\/dicodusport.fr\/blog\/wp-content\/uploads\/2020\/08\/Tour-du-Limousin-Luca-Wackermann-simpose-en-costaud-lors-de-la-1\u00e8re-\u00e9tape.png","datePublished":"2020-08-18T15:06:33+00:00","dateModified":"2020-08-18T15:18:39+00:00","description":"TOUR DU LIMOUSIN 2020 - En solitaire, l'Italien Luca Wackermann a remport\u00e9 la 1\u00e8re \u00e9tape du Tour du Limousin, \u00e0 \u00c9vaux-les-Bains.","breadcrumb":{"@id":"https:\/\/dicodusport.fr\/blog\/tour-du-limousin-luca-wackermann-s-impose-en-costaud-1ere-etape\/#breadcrumb"},"inLanguage":"fr-FR","potentialAction":[{"@type":"ReadAction","target":["https:\/\/dicodusport.fr\/blog\/tour-du-limousin-luca-wackermann-s-impose-en-costaud-1ere-etape\/"]}]},{"@type":"ImageObject","inLanguage":"fr-FR","@id":"https:\/\/dicodusport.fr\/blog\/tour-du-limousin-luca-wackermann-s-impose-en-costaud-1ere-etape\/#primaryimage","url":"https:\/\/dicodusport.fr\/blog\/wp-content\/uploads\/2020\/08\/Tour-du-Limousin-Luca-Wackermann-simpose-en-costaud-lors-de-la-1\u00e8re-\u00e9tape.png","contentUrl":"https:\/\/dicodusport.fr\/blog\/wp-content\/uploads\/2020\/08\/Tour-du-Limousin-Luca-Wackermann-simpose-en-costaud-lors-de-la-1\u00e8re-\u00e9tape.png","width":800,"height":445,"caption":"Tour du Limousin : Luca Wackermann s'impose en costaud lors de la 1\u00e8re \u00e9tape"},{"@type":"BreadcrumbList","@id":"https:\/\/dicodusport.fr\/blog\/tour-du-limousin-luca-wackermann-s-impose-en-costaud-1ere-etape\/#breadcrumb","itemListElement":[{"@type":"ListItem","position":1,"name":"Accueil","item":"https:\/\/dicodusport.fr\/blog\/"},{"@type":"ListItem","position":2,"name":"Tour du Limousin : Luca Wackermann s&rsquo;impose en costaud lors de la 1\u00e8re \u00e9tape"}]},{"@type":"WebSite","@id":"https:\/\/dicodusport.fr\/blog\/#website","url":"https:\/\/dicodusport.fr\/blog\/","name":"Dicodusport","description":"L&#039;encyclop\u00e9die de l&#039;actualit\u00e9 sportive","publisher":{"@id":"https:\/\/dicodusport.fr\/blog\/#organization"},"potentialAction":[{"@type":"SearchAction","target":{"@type":"EntryPoint","urlTemplate":"https:\/\/dicodusport.fr\/blog\/?s={search_term_string}"},"query-input":{"@type":"PropertyValueSpecification","valueRequired":true,"valueName":"search_term_string"}}],"inLanguage":"fr-FR"},{"@type":"NewsMediaOrganization","@id":"https:\/\/dicodusport.fr\/blog\/#organization","name":"Dicodusport","url":"https:\/\/dicodusport.fr\/blog\/","logo":{"@type":"ImageObject","inLanguage":"fr-FR","@id":"https:\/\/dicodusport.fr\/blog\/#\/schema\/logo\/image\/","url":"https:\/\/dicodusport.fr\/blog\/wp-content\/uploads\/2020\/06\/cropped-LOGO-DICODUSPORT-2020-SANS-FOND-SANS-TEXTE.png","contentUrl":"https:\/\/dicodusport.fr\/blog\/wp-content\/uploads\/2020\/06\/cropped-LOGO-DICODUSPORT-2020-SANS-FOND-SANS-TEXTE.png","width":512,"height":512,"caption":"Dicodusport"},"image":{"@id":"https:\/\/dicodusport.fr\/blog\/#\/schema\/logo\/image\/"},"sameAs":["https:\/\/www.facebook.com\/dicodusport","https:\/\/x.com\/dicodusport","https:\/\/www.instagram.com\/dicodusport\/","https:\/\/www.youtube.com\/channel\/UC7V2KZ5sd3htJivAbA4ZG3w"],"description":"Dicodusport est l'encyclop\u00e9die de l'actualit\u00e9 sportive.","email":"bonjour@dicodusport.fr","legalName":"DICODUSPORT","foundingDate":"2018-01-14","vatID":"FR71834470973","taxID":"83447097300043","numberOfEmployees":{"@type":"QuantitativeValue","minValue":"1","maxValue":"10"}},{"@type":"Person","@id":"https:\/\/dicodusport.fr\/blog\/#\/schema\/person\/cb02af4c173ce4a653b55e9baf388d4a","name":"Flo Ostermann","image":{"@type":"ImageObject","inLanguage":"fr-FR","@id":"https:\/\/dicodusport.fr\/blog\/#\/schema\/person\/image\/","url":"https:\/\/dicodusport.fr\/blog\/wp-content\/uploads\/2021\/05\/Flo-Ostermann-150x150.jpg","contentUrl":"https:\/\/dicodusport.fr\/blog\/wp-content\/uploads\/2021\/05\/Flo-Ostermann-150x150.jpg","caption":"Flo Ostermann"},"description":"Journaliste\/R\u00e9dacteur depuis septembre 2015 - Mes premiers souvenirs dans le sport ? Les envol\u00e9es du Stade Toulousain et les duels Villeneuve-Schumacher et H\u00e4kkinen-Schumacher \u00e0 la fin des ann\u00e9es 90, la Coupe du monde de football en 1998, l\u2019exploit du XV de France face aux All Blacks en 1999, mais aussi Richard C\u0153ur de Lion qui vole sur les montagnes du Tour de France. Bien parti pour devenir professeur d\u2019EPS, les \u00e9v\u00e9nements de la vie (et la flemme d\u2019animer des s\u00e9ances de 3x500 m\u00e8tres toute ma vie) m\u2019ont conduit \u00e0 revoir mes plans. Me voil\u00e0 depuis fin 2017 sur Dicodusport, m\u00e9dia gr\u00e2ce (et pour) lequel je partage ma passion : le sport dans tous ses \u00e9tats. Le tout accompagn\u00e9 par les fous furieux et folles furieuses cit\u00e9s sur cette page !","sameAs":["https:\/\/www.facebook.com\/florent.ostermann","https:\/\/x.com\/https:\/\/twitter.com\/FlOstermann","admin"],"url":"https:\/\/dicodusport.fr\/blog\/author\/flo\/"}]}},"_links":{"self":[{"href":"https:\/\/dicodusport.fr\/blog\/wp-json\/wp\/v2\/posts\/74833","targetHints":{"allow":["GET"]}}],"collection":[{"href":"https:\/\/dicodusport.fr\/blog\/wp-json\/wp\/v2\/posts"}],"about":[{"href":"https:\/\/dicodusport.fr\/blog\/wp-json\/wp\/v2\/types\/post"}],"author":[{"embeddable":true,"href":"https:\/\/dicodusport.fr\/blog\/wp-json\/wp\/v2\/users\/4"}],"replies":[{"embeddable":true,"href":"https:\/\/dicodusport.fr\/blog\/wp-json\/wp\/v2\/comments?post=74833"}],"version-history":[{"count":0,"href":"https:\/\/dicodusport.fr\/blog\/wp-json\/wp\/v2\/posts\/74833\/revisions"}],"wp:featuredmedia":[{"embeddable":true,"href":"https:\/\/dicodusport.fr\/blog\/wp-json\/wp\/v2\/media\/74849"}],"wp:attachment":[{"href":"https:\/\/dicodusport.fr\/blog\/wp-json\/wp\/v2\/media?parent=74833"}],"wp:term":[{"taxonomy":"category","embeddable":true,"href":"https:\/\/dicodusport.fr\/blog\/wp-json\/wp\/v2\/categories?post=74833"},{"taxonomy":"post_tag","embeddable":true,"href":"https:\/\/dicodusport.fr\/blog\/wp-json\/wp\/v2\/tags?post=74833"}],"curies":[{"name":"wp","href":"https:\/\/api.w.org\/{rel}","templated":true}]}}