{"id":74948,"date":"2020-08-19T22:53:02","date_gmt":"2020-08-19T20:53:02","guid":{"rendered":"http:\/\/dicodusport.fr\/blog\/?p=74948&#038;preview=true&#038;preview_id=74948"},"modified":"2025-09-16T09:05:19","modified_gmt":"2025-09-16T07:05:19","slug":"lyon-bayern-munich-notes-du-match","status":"publish","type":"post","link":"https:\/\/dicodusport.fr\/blog\/lyon-bayern-munich-notes-du-match\/","title":{"rendered":"Lyon &#8211; Bayern Munich : les notes du match"},"content":{"rendered":"<p style=\"text-align: justify;\"><strong><em><a href=\"https:\/\/dicodusport.fr\/blog\/ligue-des-champions-final-8-le-programme-complet-des-demi-finales\/\" target=\"_blank\" rel=\"noopener noreferrer\">LIGUE DES CHAMPIONS<\/a> &#8211; L&rsquo;OL ne rejoindra pas le PSG en finale. <a href=\"https:\/\/www.lequipe.fr\/Football\/Actualites\/Ligue-des-champions-le-reve-de-l-ol-a-pris-fin-contre-le-bayern-munich\/1162839\" target=\"_blank\" rel=\"noopener noreferrer\">Lyon s&rsquo;est en effet inclin\u00e9 en demi-finales face au Bayern Munich (0-3)<\/a>. Les notes du match.<\/em><\/strong><\/p>\n<h2 style=\"text-align: justify;\">Les notes du Bayern Munich<\/h2>\n<p style=\"text-align: justify;\"><strong>Manuel Neuer (6) :<\/strong> L&rsquo;eau \u00e7a mouille, le feu \u00e7a br\u00fble et Neuer est le meilleur gardien du monde.<\/p>\n<p style=\"text-align: justify;\"><strong>Joshua Kimmich (6) :<\/strong> Replac\u00e9 en d\u00e9fense, il peine encore \u00e0 trouver sa place. Face \u00e0 Mbapp\u00e9, faudra regarder dans le r\u00e9tro.<\/p>\n<p style=\"text-align: justify;\"><strong>J\u00e9r\u00f4me Boateng (5) :<\/strong> Sa charrette avait une roue crev\u00e9e. Remplac\u00e9 \u00e0 la mi-temps par S\u00fcle (5) qui avait regonfl\u00e9 la sienne.<\/p>\n<p style=\"text-align: justify;\"><strong>David Alaba (6) :<\/strong> Il a jou\u00e9 \u00e0 gauche. Il a jou\u00e9 au milieu. Maintenant il joue en d\u00e9fense centrale. Partout il est \u00e0 l\u2019aise.<\/p>\n<p style=\"text-align: justify;\"><strong>Alphonso Davies (5) :<\/strong> V\u00e9loce quand il s\u2019agit de se projeter. Aux fraises quand il faut d\u00e9fendre.<\/p>\n<p style=\"text-align: justify;\"><strong>Leon Goretzka (6) :<\/strong> Der D\u00fcnn est all\u00e9 \u00e0 la salle et \u00e7a marche. Il a fait r\u00e9gner terreur et d\u00e9solation au milieu.<\/p>\n<p style=\"text-align: justify;\"><strong>Thiago Alcantara (7) :<\/strong> La t\u00eate haute, l\u2019homme de go\u00fbt.<\/p>\n<p style=\"text-align: justify;\"><strong>Serge Gnabry (8) :<\/strong> Lyon 0 \u2013 Gnabry 2.<\/p>\n<p style=\"text-align: justify;\"><strong>Thomas M\u00fcller (7) :<\/strong> Oui, c\u2019est lui la grosse Moulaaaa. Y&rsquo;a des courses, y&rsquo;a des passes.<\/p>\n<p style=\"text-align: justify;\"><strong>Ivan Perisic (6) :<\/strong> C\u2019est pas spectaculaire. C\u2019est pas merveilleux. Mais c\u2019est efficace.<\/p>\n<p style=\"text-align: justify;\"><strong>Robert Lewandowski (6) :<\/strong> On avait une super vanne mais MONSIEUR Lewandowski a d\u00e9cid\u00e9 de casser l&rsquo;ambiance. Super \u00e9tat d&rsquo;esprit !<\/p>\n<p style=\"text-align: center;\"><a href=\"http:\/\/dicodusport.fr\/blog\/lyon-bayern-munich-notes-du-match\/2\/#noteslyon\" class=\"su-button su-button-style-flat\" style=\"color:#FFFFFF;background-color:#005f9b;border-color:#004c7c;border-radius:4px\" target=\"_self\"><span style=\"color:#FFFFFF;padding:0px 26px;font-size:20px;line-height:40px;border-color:#4d8fb9;border-radius:4px;text-shadow:none\"> Les notes de Lyon<\/span><\/a>\n<p><!--nextpage--><\/p>\n<h2 style=\"text-align: justify;\"><a id=\"noteslyon\"><\/a>Les notes de Lyon<\/h2>\n<p style=\"text-align: justify;\"><strong>Anthony Lopes (6) :<\/strong> A essay\u00e9 dans son style caract\u00e9ristique de faire sauter 3 crocs \u00e0 Lewy<\/p>\n<p style=\"text-align: justify;\"><strong>Jason Denayer (4) :<\/strong> A d\u00e9cid\u00e9 de d\u00e9fendre statique sur Gnabry qui courait. 1-0.<\/p>\n<p style=\"text-align: justify;\"><strong>Marcelo (4) :<\/strong> La t\u00e2che \u00e9tait claire. Foutre des taquets \u00e0 Lewandowski. Mission r\u00e9ussie. Pour le football, on repassera.<\/p>\n<p style=\"text-align: justify;\"><strong>Fernando Mar\u00e7al (4) :<\/strong> A d\u00e9cid\u00e9 de ne pas d\u00e9fendre sur Gnabry. 2-0<\/p>\n<p style=\"text-align: justify;\"><strong>L\u00e9o Dubois (5) :<\/strong> Pas le plus ridicule. Mais en 1\/2 de C1, c\u2019est court.<\/p>\n<p style=\"text-align: justify;\"><strong>Maxwell Cornet (4) :<\/strong> \u00c7a fait moins le malin quand c\u2019est pas Pep en face.<\/p>\n<p style=\"text-align: justify;\"><strong>Bruno Guimaraes (?) :<\/strong> FlashR\u00e9sultats pr\u00e9tend qu\u2019il a commenc\u00e9 la rencontre. Remplac\u00e9 \u00e0 la mi-temps par Thiago Mendes (\u2026) nous dit l\u2019UEFA.<\/p>\n<p style=\"text-align: justify;\"><strong>Houssem Aouar (6) :<\/strong> Moins imp\u00e9rial que contre City, sa lucidit\u00e9 a fait du bien.<\/p>\n<p style=\"text-align: justify;\"><strong>Maxence Caqueret (7) :<\/strong> 20 ans. 2 matchs de LDC. Et il contr\u00f4le d\u00e9j\u00e0 le milieu comme Busquets \u00e0 la grande \u00e9poque.<\/p>\n<p style=\"text-align: justify;\"><strong>Karl Toko-Ekambi (3) :<\/strong> Karl Poteau Ekambi<\/p>\n<p style=\"text-align: justify;\"><strong>Memphis Depay (4) :<\/strong> Les crois\u00e9s tu connais.<\/p>\n<p style=\"text-align: center;\"><a href=\"http:\/\/dicodusport.fr\/blog\/lyon-bayern-munich-notes-du-match\/\" class=\"su-button su-button-style-flat\" style=\"color:#FFFFFF;background-color:#005f9b;border-color:#004c7c;border-radius:4px\" target=\"_self\"><span style=\"color:#FFFFFF;padding:0px 26px;font-size:20px;line-height:40px;border-color:#4d8fb9;border-radius:4px;text-shadow:none\"> Revenir aux notes du Bayern Munich<\/span><\/a>\n<p><strong><em>JMPPMJ<br \/>\n<a href=\"https:\/\/twitter.com\/jmp_pmj\" target=\"_blank\" rel=\"noopener noreferrer\"><img loading=\"lazy\" decoding=\"async\" class=\"alignnone wp-image-2908\" src=\"http:\/\/dicodusport.fr\/blog\/wp-content\/uploads\/2017\/07\/logo-twitter-150x150.png\" alt=\"\" width=\"39\" height=\"39\" \/><\/a><\/em><\/strong><\/p>\n","protected":false},"excerpt":{"rendered":"<p>LIGUE DES CHAMPIONS &#8211; L&rsquo;OL ne rejoindra pas le PSG en finale. Lyon s&rsquo;est en effet inclin\u00e9 en demi-finales face au Bayern Munich (0-3). Les notes du match.<\/p>\n","protected":false},"author":4,"featured_media":74952,"comment_status":"open","ping_status":"closed","sticky":false,"template":"","format":"standard","meta":{"_acf_changed":false,"_daextam_enable_autolinks":"","footnotes":""},"categories":[47250],"tags":[4484,75,419,449,1145,24],"class_list":["post-74948","post","type-post","status-publish","format-standard","has-post-thumbnail","hentry","category-ligue-des-champions-de-football","tag-bayern-munich","tag-football","tag-ligue-des-champions","tag-lyon","tag-ol","tag-sport"],"acf":[],"yoast_head":"<!-- This site is optimized with the Yoast SEO Premium plugin v26.7 (Yoast SEO v26.7) - https:\/\/yoast.com\/wordpress\/plugins\/seo\/ -->\n<title>Lyon - Bayern Munich : les notes du match<\/title>\n<meta name=\"description\" content=\"LIGUE DES CHAMPIONS - L&#039;OL ne rejoindra pas le PSG. Lyon s&#039;est inclin\u00e9 en demi-finales face au Bayern Munich (0-3). Les notes du match.\" \/>\n<meta name=\"robots\" content=\"index, follow, max-snippet:-1, max-image-preview:large, max-video-preview:-1\" \/>\n<link rel=\"canonical\" href=\"https:\/\/dicodusport.fr\/blog\/lyon-bayern-munich-notes-du-match\/\" \/>\n<link rel=\"next\" href=\"https:\/\/dicodusport.fr\/blog\/lyon-bayern-munich-notes-du-match\/2\/\" \/>\n<meta property=\"og:locale\" content=\"fr_FR\" \/>\n<meta property=\"og:type\" content=\"article\" \/>\n<meta property=\"og:title\" content=\"Lyon - Bayern Munich : les notes du match\" \/>\n<meta property=\"og:description\" content=\"LIGUE DES CHAMPIONS - L&#039;OL ne rejoindra pas le PSG. Lyon s&#039;est inclin\u00e9 en demi-finales face au Bayern Munich (0-3). Les notes du match.\" \/>\n<meta property=\"og:url\" content=\"https:\/\/dicodusport.fr\/blog\/lyon-bayern-munich-notes-du-match\/\" \/>\n<meta property=\"og:site_name\" content=\"Dicodusport\" \/>\n<meta property=\"article:publisher\" content=\"https:\/\/www.facebook.com\/dicodusport\" \/>\n<meta property=\"article:author\" content=\"https:\/\/www.facebook.com\/florent.ostermann\" \/>\n<meta property=\"article:published_time\" content=\"2020-08-19T20:53:02+00:00\" \/>\n<meta property=\"article:modified_time\" content=\"2025-09-16T07:05:19+00:00\" \/>\n<meta property=\"og:image\" content=\"https:\/\/dicodusport.fr\/blog\/wp-content\/uploads\/2020\/08\/Lyon-Bayern-Munich-Les-notes-du-match.png\" \/>\n\t<meta property=\"og:image:width\" content=\"800\" \/>\n\t<meta property=\"og:image:height\" content=\"445\" \/>\n\t<meta property=\"og:image:type\" content=\"image\/png\" \/>\n<meta name=\"author\" content=\"Flo Ostermann\" \/>\n<meta name=\"twitter:card\" content=\"summary_large_image\" \/>\n<meta name=\"twitter:title\" content=\"Lyon - Bayern Munich : les notes du match\" \/>\n<meta name=\"twitter:creator\" content=\"@https:\/\/twitter.com\/FlOstermann\" \/>\n<meta name=\"twitter:site\" content=\"@dicodusport\" \/>\n<script type=\"application\/ld+json\" class=\"yoast-schema-graph\">{\"@context\":\"https:\/\/schema.org\",\"@graph\":[{\"@type\":\"NewsArticle\",\"@id\":\"https:\/\/dicodusport.fr\/blog\/lyon-bayern-munich-notes-du-match\/#article\",\"isPartOf\":{\"@id\":\"https:\/\/dicodusport.fr\/blog\/lyon-bayern-munich-notes-du-match\/\"},\"author\":{\"name\":\"Flo Ostermann\",\"@id\":\"https:\/\/dicodusport.fr\/blog\/#\/schema\/person\/cb02af4c173ce4a653b55e9baf388d4a\"},\"headline\":\"Lyon &#8211; Bayern Munich : les notes du match\",\"datePublished\":\"2020-08-19T20:53:02+00:00\",\"dateModified\":\"2025-09-16T07:05:19+00:00\",\"mainEntityOfPage\":{\"@id\":\"https:\/\/dicodusport.fr\/blog\/lyon-bayern-munich-notes-du-match\/\"},\"wordCount\":441,\"commentCount\":0,\"publisher\":{\"@id\":\"https:\/\/dicodusport.fr\/blog\/#organization\"},\"image\":{\"@id\":\"https:\/\/dicodusport.fr\/blog\/lyon-bayern-munich-notes-du-match\/#primaryimage\"},\"thumbnailUrl\":\"https:\/\/dicodusport.fr\/blog\/wp-content\/uploads\/2020\/08\/Lyon-Bayern-Munich-Les-notes-du-match.png\",\"keywords\":[\"Bayern Munich\",\"Football\",\"Ligue des champions\",\"Lyon\",\"OL\",\"sport\"],\"articleSection\":[\"Ligue des Champions de football\"],\"inLanguage\":\"fr-FR\",\"potentialAction\":[{\"@type\":\"CommentAction\",\"name\":\"Comment\",\"target\":[\"https:\/\/dicodusport.fr\/blog\/lyon-bayern-munich-notes-du-match\/#respond\"]}],\"copyrightYear\":\"2020\",\"copyrightHolder\":{\"@id\":\"https:\/\/dicodusport.fr\/blog\/#organization\"}},{\"@type\":\"WebPage\",\"@id\":\"https:\/\/dicodusport.fr\/blog\/lyon-bayern-munich-notes-du-match\/\",\"url\":\"https:\/\/dicodusport.fr\/blog\/lyon-bayern-munich-notes-du-match\/\",\"name\":\"Lyon - Bayern Munich : les notes du match\",\"isPartOf\":{\"@id\":\"https:\/\/dicodusport.fr\/blog\/#website\"},\"primaryImageOfPage\":{\"@id\":\"https:\/\/dicodusport.fr\/blog\/lyon-bayern-munich-notes-du-match\/#primaryimage\"},\"image\":{\"@id\":\"https:\/\/dicodusport.fr\/blog\/lyon-bayern-munich-notes-du-match\/#primaryimage\"},\"thumbnailUrl\":\"https:\/\/dicodusport.fr\/blog\/wp-content\/uploads\/2020\/08\/Lyon-Bayern-Munich-Les-notes-du-match.png\",\"datePublished\":\"2020-08-19T20:53:02+00:00\",\"dateModified\":\"2025-09-16T07:05:19+00:00\",\"description\":\"LIGUE DES CHAMPIONS - L'OL ne rejoindra pas le PSG. Lyon s'est inclin\u00e9 en demi-finales face au Bayern Munich (0-3). Les notes du match.\",\"inLanguage\":\"fr-FR\",\"potentialAction\":[{\"@type\":\"ReadAction\",\"target\":[\"https:\/\/dicodusport.fr\/blog\/lyon-bayern-munich-notes-du-match\/\"]}]},{\"@type\":\"ImageObject\",\"inLanguage\":\"fr-FR\",\"@id\":\"https:\/\/dicodusport.fr\/blog\/lyon-bayern-munich-notes-du-match\/#primaryimage\",\"url\":\"https:\/\/dicodusport.fr\/blog\/wp-content\/uploads\/2020\/08\/Lyon-Bayern-Munich-Les-notes-du-match.png\",\"contentUrl\":\"https:\/\/dicodusport.fr\/blog\/wp-content\/uploads\/2020\/08\/Lyon-Bayern-Munich-Les-notes-du-match.png\",\"width\":800,\"height\":445,\"caption\":\"Lyon - Bayern Munich : les notes du match\"},{\"@type\":\"WebSite\",\"@id\":\"https:\/\/dicodusport.fr\/blog\/#website\",\"url\":\"https:\/\/dicodusport.fr\/blog\/\",\"name\":\"Dicodusport\",\"description\":\"L&#039;encyclop\u00e9die de l&#039;actualit\u00e9 sportive\",\"publisher\":{\"@id\":\"https:\/\/dicodusport.fr\/blog\/#organization\"},\"potentialAction\":[{\"@type\":\"SearchAction\",\"target\":{\"@type\":\"EntryPoint\",\"urlTemplate\":\"https:\/\/dicodusport.fr\/blog\/?s={search_term_string}\"},\"query-input\":{\"@type\":\"PropertyValueSpecification\",\"valueRequired\":true,\"valueName\":\"search_term_string\"}}],\"inLanguage\":\"fr-FR\"},{\"@type\":\"NewsMediaOrganization\",\"@id\":\"https:\/\/dicodusport.fr\/blog\/#organization\",\"name\":\"Dicodusport\",\"url\":\"https:\/\/dicodusport.fr\/blog\/\",\"logo\":{\"@type\":\"ImageObject\",\"inLanguage\":\"fr-FR\",\"@id\":\"https:\/\/dicodusport.fr\/blog\/#\/schema\/logo\/image\/\",\"url\":\"https:\/\/dicodusport.fr\/blog\/wp-content\/uploads\/2020\/06\/cropped-LOGO-DICODUSPORT-2020-SANS-FOND-SANS-TEXTE.png\",\"contentUrl\":\"https:\/\/dicodusport.fr\/blog\/wp-content\/uploads\/2020\/06\/cropped-LOGO-DICODUSPORT-2020-SANS-FOND-SANS-TEXTE.png\",\"width\":512,\"height\":512,\"caption\":\"Dicodusport\"},\"image\":{\"@id\":\"https:\/\/dicodusport.fr\/blog\/#\/schema\/logo\/image\/\"},\"sameAs\":[\"https:\/\/www.facebook.com\/dicodusport\",\"https:\/\/x.com\/dicodusport\",\"https:\/\/www.instagram.com\/dicodusport\/\",\"https:\/\/www.youtube.com\/channel\/UC7V2KZ5sd3htJivAbA4ZG3w\"],\"description\":\"Dicodusport est l'encyclop\u00e9die de l'actualit\u00e9 sportive.\",\"email\":\"bonjour@dicodusport.fr\",\"legalName\":\"DICODUSPORT\",\"foundingDate\":\"2018-01-14\",\"vatID\":\"FR71834470973\",\"taxID\":\"83447097300043\",\"numberOfEmployees\":{\"@type\":\"QuantitativeValue\",\"minValue\":\"1\",\"maxValue\":\"10\"}},{\"@type\":\"Person\",\"@id\":\"https:\/\/dicodusport.fr\/blog\/#\/schema\/person\/cb02af4c173ce4a653b55e9baf388d4a\",\"name\":\"Flo Ostermann\",\"image\":{\"@type\":\"ImageObject\",\"inLanguage\":\"fr-FR\",\"@id\":\"https:\/\/dicodusport.fr\/blog\/#\/schema\/person\/image\/\",\"url\":\"https:\/\/dicodusport.fr\/blog\/wp-content\/uploads\/2021\/05\/Flo-Ostermann-150x150.jpg\",\"contentUrl\":\"https:\/\/dicodusport.fr\/blog\/wp-content\/uploads\/2021\/05\/Flo-Ostermann-150x150.jpg\",\"caption\":\"Flo Ostermann\"},\"description\":\"Journaliste\/R\u00e9dacteur depuis septembre 2015 - Mes premiers souvenirs dans le sport ? Les envol\u00e9es du Stade Toulousain et les duels Villeneuve-Schumacher et H\u00e4kkinen-Schumacher \u00e0 la fin des ann\u00e9es 90, la Coupe du monde de football en 1998, l\u2019exploit du XV de France face aux All Blacks en 1999, mais aussi Richard C\u0153ur de Lion qui vole sur les montagnes du Tour de France. Bien parti pour devenir professeur d\u2019EPS, les \u00e9v\u00e9nements de la vie (et la flemme d\u2019animer des s\u00e9ances de 3x500 m\u00e8tres toute ma vie) m\u2019ont conduit \u00e0 revoir mes plans. Me voil\u00e0 depuis fin 2017 sur Dicodusport, m\u00e9dia gr\u00e2ce (et pour) lequel je partage ma passion : le sport dans tous ses \u00e9tats. Le tout accompagn\u00e9 par les fous furieux et folles furieuses cit\u00e9s sur cette page !\",\"sameAs\":[\"https:\/\/www.facebook.com\/florent.ostermann\",\"https:\/\/x.com\/https:\/\/twitter.com\/FlOstermann\",\"admin\"],\"url\":\"https:\/\/dicodusport.fr\/blog\/author\/flo\/\"}]}<\/script>\n<!-- \/ Yoast SEO Premium plugin. -->","yoast_head_json":{"title":"Lyon - Bayern Munich : les notes du match","description":"LIGUE DES CHAMPIONS - L'OL ne rejoindra pas le PSG. Lyon s'est inclin\u00e9 en demi-finales face au Bayern Munich (0-3). Les notes du match.","robots":{"index":"index","follow":"follow","max-snippet":"max-snippet:-1","max-image-preview":"max-image-preview:large","max-video-preview":"max-video-preview:-1"},"canonical":"https:\/\/dicodusport.fr\/blog\/lyon-bayern-munich-notes-du-match\/","next":"https:\/\/dicodusport.fr\/blog\/lyon-bayern-munich-notes-du-match\/2\/","og_locale":"fr_FR","og_type":"article","og_title":"Lyon - Bayern Munich : les notes du match","og_description":"LIGUE DES CHAMPIONS - L'OL ne rejoindra pas le PSG. Lyon s'est inclin\u00e9 en demi-finales face au Bayern Munich (0-3). Les notes du match.","og_url":"https:\/\/dicodusport.fr\/blog\/lyon-bayern-munich-notes-du-match\/","og_site_name":"Dicodusport","article_publisher":"https:\/\/www.facebook.com\/dicodusport","article_author":"https:\/\/www.facebook.com\/florent.ostermann","article_published_time":"2020-08-19T20:53:02+00:00","article_modified_time":"2025-09-16T07:05:19+00:00","og_image":[{"width":800,"height":445,"url":"https:\/\/dicodusport.fr\/blog\/wp-content\/uploads\/2020\/08\/Lyon-Bayern-Munich-Les-notes-du-match.png","type":"image\/png"}],"author":"Flo Ostermann","twitter_card":"summary_large_image","twitter_title":"Lyon - Bayern Munich : les notes du match","twitter_creator":"@https:\/\/twitter.com\/FlOstermann","twitter_site":"@dicodusport","schema":{"@context":"https:\/\/schema.org","@graph":[{"@type":"NewsArticle","@id":"https:\/\/dicodusport.fr\/blog\/lyon-bayern-munich-notes-du-match\/#article","isPartOf":{"@id":"https:\/\/dicodusport.fr\/blog\/lyon-bayern-munich-notes-du-match\/"},"author":{"name":"Flo Ostermann","@id":"https:\/\/dicodusport.fr\/blog\/#\/schema\/person\/cb02af4c173ce4a653b55e9baf388d4a"},"headline":"Lyon &#8211; Bayern Munich : les notes du match","datePublished":"2020-08-19T20:53:02+00:00","dateModified":"2025-09-16T07:05:19+00:00","mainEntityOfPage":{"@id":"https:\/\/dicodusport.fr\/blog\/lyon-bayern-munich-notes-du-match\/"},"wordCount":441,"commentCount":0,"publisher":{"@id":"https:\/\/dicodusport.fr\/blog\/#organization"},"image":{"@id":"https:\/\/dicodusport.fr\/blog\/lyon-bayern-munich-notes-du-match\/#primaryimage"},"thumbnailUrl":"https:\/\/dicodusport.fr\/blog\/wp-content\/uploads\/2020\/08\/Lyon-Bayern-Munich-Les-notes-du-match.png","keywords":["Bayern Munich","Football","Ligue des champions","Lyon","OL","sport"],"articleSection":["Ligue des Champions de football"],"inLanguage":"fr-FR","potentialAction":[{"@type":"CommentAction","name":"Comment","target":["https:\/\/dicodusport.fr\/blog\/lyon-bayern-munich-notes-du-match\/#respond"]}],"copyrightYear":"2020","copyrightHolder":{"@id":"https:\/\/dicodusport.fr\/blog\/#organization"}},{"@type":"WebPage","@id":"https:\/\/dicodusport.fr\/blog\/lyon-bayern-munich-notes-du-match\/","url":"https:\/\/dicodusport.fr\/blog\/lyon-bayern-munich-notes-du-match\/","name":"Lyon - Bayern Munich : les notes du match","isPartOf":{"@id":"https:\/\/dicodusport.fr\/blog\/#website"},"primaryImageOfPage":{"@id":"https:\/\/dicodusport.fr\/blog\/lyon-bayern-munich-notes-du-match\/#primaryimage"},"image":{"@id":"https:\/\/dicodusport.fr\/blog\/lyon-bayern-munich-notes-du-match\/#primaryimage"},"thumbnailUrl":"https:\/\/dicodusport.fr\/blog\/wp-content\/uploads\/2020\/08\/Lyon-Bayern-Munich-Les-notes-du-match.png","datePublished":"2020-08-19T20:53:02+00:00","dateModified":"2025-09-16T07:05:19+00:00","description":"LIGUE DES CHAMPIONS - L'OL ne rejoindra pas le PSG. Lyon s'est inclin\u00e9 en demi-finales face au Bayern Munich (0-3). Les notes du match.","inLanguage":"fr-FR","potentialAction":[{"@type":"ReadAction","target":["https:\/\/dicodusport.fr\/blog\/lyon-bayern-munich-notes-du-match\/"]}]},{"@type":"ImageObject","inLanguage":"fr-FR","@id":"https:\/\/dicodusport.fr\/blog\/lyon-bayern-munich-notes-du-match\/#primaryimage","url":"https:\/\/dicodusport.fr\/blog\/wp-content\/uploads\/2020\/08\/Lyon-Bayern-Munich-Les-notes-du-match.png","contentUrl":"https:\/\/dicodusport.fr\/blog\/wp-content\/uploads\/2020\/08\/Lyon-Bayern-Munich-Les-notes-du-match.png","width":800,"height":445,"caption":"Lyon - Bayern Munich : les notes du match"},{"@type":"WebSite","@id":"https:\/\/dicodusport.fr\/blog\/#website","url":"https:\/\/dicodusport.fr\/blog\/","name":"Dicodusport","description":"L&#039;encyclop\u00e9die de l&#039;actualit\u00e9 sportive","publisher":{"@id":"https:\/\/dicodusport.fr\/blog\/#organization"},"potentialAction":[{"@type":"SearchAction","target":{"@type":"EntryPoint","urlTemplate":"https:\/\/dicodusport.fr\/blog\/?s={search_term_string}"},"query-input":{"@type":"PropertyValueSpecification","valueRequired":true,"valueName":"search_term_string"}}],"inLanguage":"fr-FR"},{"@type":"NewsMediaOrganization","@id":"https:\/\/dicodusport.fr\/blog\/#organization","name":"Dicodusport","url":"https:\/\/dicodusport.fr\/blog\/","logo":{"@type":"ImageObject","inLanguage":"fr-FR","@id":"https:\/\/dicodusport.fr\/blog\/#\/schema\/logo\/image\/","url":"https:\/\/dicodusport.fr\/blog\/wp-content\/uploads\/2020\/06\/cropped-LOGO-DICODUSPORT-2020-SANS-FOND-SANS-TEXTE.png","contentUrl":"https:\/\/dicodusport.fr\/blog\/wp-content\/uploads\/2020\/06\/cropped-LOGO-DICODUSPORT-2020-SANS-FOND-SANS-TEXTE.png","width":512,"height":512,"caption":"Dicodusport"},"image":{"@id":"https:\/\/dicodusport.fr\/blog\/#\/schema\/logo\/image\/"},"sameAs":["https:\/\/www.facebook.com\/dicodusport","https:\/\/x.com\/dicodusport","https:\/\/www.instagram.com\/dicodusport\/","https:\/\/www.youtube.com\/channel\/UC7V2KZ5sd3htJivAbA4ZG3w"],"description":"Dicodusport est l'encyclop\u00e9die de l'actualit\u00e9 sportive.","email":"bonjour@dicodusport.fr","legalName":"DICODUSPORT","foundingDate":"2018-01-14","vatID":"FR71834470973","taxID":"83447097300043","numberOfEmployees":{"@type":"QuantitativeValue","minValue":"1","maxValue":"10"}},{"@type":"Person","@id":"https:\/\/dicodusport.fr\/blog\/#\/schema\/person\/cb02af4c173ce4a653b55e9baf388d4a","name":"Flo Ostermann","image":{"@type":"ImageObject","inLanguage":"fr-FR","@id":"https:\/\/dicodusport.fr\/blog\/#\/schema\/person\/image\/","url":"https:\/\/dicodusport.fr\/blog\/wp-content\/uploads\/2021\/05\/Flo-Ostermann-150x150.jpg","contentUrl":"https:\/\/dicodusport.fr\/blog\/wp-content\/uploads\/2021\/05\/Flo-Ostermann-150x150.jpg","caption":"Flo Ostermann"},"description":"Journaliste\/R\u00e9dacteur depuis septembre 2015 - Mes premiers souvenirs dans le sport ? Les envol\u00e9es du Stade Toulousain et les duels Villeneuve-Schumacher et H\u00e4kkinen-Schumacher \u00e0 la fin des ann\u00e9es 90, la Coupe du monde de football en 1998, l\u2019exploit du XV de France face aux All Blacks en 1999, mais aussi Richard C\u0153ur de Lion qui vole sur les montagnes du Tour de France. Bien parti pour devenir professeur d\u2019EPS, les \u00e9v\u00e9nements de la vie (et la flemme d\u2019animer des s\u00e9ances de 3x500 m\u00e8tres toute ma vie) m\u2019ont conduit \u00e0 revoir mes plans. Me voil\u00e0 depuis fin 2017 sur Dicodusport, m\u00e9dia gr\u00e2ce (et pour) lequel je partage ma passion : le sport dans tous ses \u00e9tats. Le tout accompagn\u00e9 par les fous furieux et folles furieuses cit\u00e9s sur cette page !","sameAs":["https:\/\/www.facebook.com\/florent.ostermann","https:\/\/x.com\/https:\/\/twitter.com\/FlOstermann","admin"],"url":"https:\/\/dicodusport.fr\/blog\/author\/flo\/"}]}},"_links":{"self":[{"href":"https:\/\/dicodusport.fr\/blog\/wp-json\/wp\/v2\/posts\/74948","targetHints":{"allow":["GET"]}}],"collection":[{"href":"https:\/\/dicodusport.fr\/blog\/wp-json\/wp\/v2\/posts"}],"about":[{"href":"https:\/\/dicodusport.fr\/blog\/wp-json\/wp\/v2\/types\/post"}],"author":[{"embeddable":true,"href":"https:\/\/dicodusport.fr\/blog\/wp-json\/wp\/v2\/users\/4"}],"replies":[{"embeddable":true,"href":"https:\/\/dicodusport.fr\/blog\/wp-json\/wp\/v2\/comments?post=74948"}],"version-history":[{"count":1,"href":"https:\/\/dicodusport.fr\/blog\/wp-json\/wp\/v2\/posts\/74948\/revisions"}],"predecessor-version":[{"id":611704,"href":"https:\/\/dicodusport.fr\/blog\/wp-json\/wp\/v2\/posts\/74948\/revisions\/611704"}],"wp:featuredmedia":[{"embeddable":true,"href":"https:\/\/dicodusport.fr\/blog\/wp-json\/wp\/v2\/media\/74952"}],"wp:attachment":[{"href":"https:\/\/dicodusport.fr\/blog\/wp-json\/wp\/v2\/media?parent=74948"}],"wp:term":[{"taxonomy":"category","embeddable":true,"href":"https:\/\/dicodusport.fr\/blog\/wp-json\/wp\/v2\/categories?post=74948"},{"taxonomy":"post_tag","embeddable":true,"href":"https:\/\/dicodusport.fr\/blog\/wp-json\/wp\/v2\/tags?post=74948"}],"curies":[{"name":"wp","href":"https:\/\/api.w.org\/{rel}","templated":true}]}}