{"id":75022,"date":"2020-08-20T17:20:22","date_gmt":"2020-08-20T15:20:22","guid":{"rendered":"http:\/\/dicodusport.fr\/blog\/?p=75022&#038;preview=true&#038;preview_id=75022"},"modified":"2020-08-20T17:55:29","modified_gmt":"2020-08-20T15:55:29","slug":"tour-du-limousin-jasper-philipsen-remporte-3eme-etape-chamberet","status":"publish","type":"post","link":"https:\/\/dicodusport.fr\/blog\/tour-du-limousin-jasper-philipsen-remporte-3eme-etape-chamberet\/","title":{"rendered":"Tour du Limousin : Jasper Philipsen remporte la 3\u00e8me \u00e9tape \u00e0 Chamberet"},"content":{"rendered":"<p style=\"text-align: justify;\"><strong><em><a href=\"https:\/\/dicodusport.fr\/blog\/tour-du-limousin-2020-profil-des-etapes\/\" target=\"_blank\" rel=\"noopener noreferrer\">TOUR DU LIMOUSIN 2020<\/a> &#8211; Au terme d&rsquo;un sprint en c\u00f4te, Jasper Philipsen (UAE Team Emirates) a enlev\u00e9 la 3\u00e8me \u00e9tape du Tour du Limousin, \u00e0 Chamberet. C&rsquo;est la deuxi\u00e8me victoire cons\u00e9cutive pour la formation \u00e9miratie, apr\u00e8s <a href=\"https:\/\/dicodusport.fr\/blog\/tour-du-limousin-fernando-gaviria-enleve-2eme-etape\/\" target=\"_blank\" rel=\"noopener noreferrer\">le succ\u00e8s de Fernando Gaviria mercredi<\/a>.<\/em><\/strong><\/p>\n<p style=\"text-align: justify;\">Apr\u00e8s <strong>Fernando Gaviria<\/strong> mercredi \u00e0 Saint-Est\u00e8phe, c&rsquo;est au tour de <strong>Jasper Philipsen<\/strong> de briller pour l&rsquo;<strong>UAE Team Emirates<\/strong>. Le Belge a remport\u00e9 la 4\u00e8me \u00e9tape du <strong>Tour du Limousin<\/strong>, \u00e0 Chamberet. Le coureur de 22 ans s&rsquo;est montr\u00e9 le plus v\u00e9loce dans les derniers hectom\u00e8tres pour devancer le Britannique <strong>Jake Stewart<\/strong> (Groupama-FDJ) et son compatriote <strong>Benjamin Declercq<\/strong> (Ark\u00e9a-Samsic).<\/p>\n<p style=\"text-align: justify;\">De son c\u00f4t\u00e9, au terme d&rsquo;une \u00e9tape tr\u00e8s vallonn\u00e9e, l&rsquo;Italien <strong>Luca Wackermann<\/strong> reprend la t\u00eate du classement g\u00e9n\u00e9ral. Le coureur de la <strong>Vini Zab\u00f9 &#8211; KTM<\/strong>, vainqueur de la 1\u00e8re \u00e9tape et 11\u00e8me ce jeudi, profite de la d\u00e9faillance du Suisse <strong>Jo\u00ebl Suter<\/strong> (Bingoal-Wallonie Bruxelles) pour se parer de jaune, \u00e0 la veille de l&rsquo;arriv\u00e9e \u00e0 Limoges.<\/p>\n<blockquote class=\"twitter-tweet\">\n<p dir=\"ltr\" lang=\"fr\">Jasper Philipsen s&rsquo;impose dans la troisi\u00e8me \u00e9tape du Tour du Limousin ! Une deuxi\u00e8me victoire pour l&rsquo;\u00e9quipe UAE Emirates <a href=\"https:\/\/twitter.com\/hashtag\/TourDuLimousin?src=hash&amp;ref_src=twsrc%5Etfw\">#TourDuLimousin<\/a> <a href=\"https:\/\/twitter.com\/hashtag\/LequipeVELO?src=hash&amp;ref_src=twsrc%5Etfw\">#LequipeVELO<\/a> <a href=\"https:\/\/twitter.com\/hashtag\/CaVaFrotter?src=hash&amp;ref_src=twsrc%5Etfw\">#CaVaFrotter<\/a> <a href=\"https:\/\/t.co\/MBRHluwQdf\">pic.twitter.com\/MBRHluwQdf<\/a><\/p>\n<p>\u2014 la chaine L&rsquo;\u00c9quipe (@lachainelequipe) <a href=\"https:\/\/twitter.com\/lachainelequipe\/status\/1296466059382460419?ref_src=twsrc%5Etfw\">August 20, 2020<\/a><\/p><\/blockquote>\n<p><script async src=\"https:\/\/platform.twitter.com\/widgets.js\" charset=\"utf-8\"><\/script><\/p>\n<ul>\n<li style=\"text-align: justify;\"><strong>\u00c0 lire aussi &#8211; <a href=\"https:\/\/www.procyclingstats.com\/race\/tour-du-limousin\/2020\/stage-3\" target=\"_blank\" rel=\"noopener noreferrer\">Tous les classements de la 3\u00e8me \u00e9tape du Tour du Limousin 2020<\/a><\/strong><\/li>\n<\/ul>\n<p><strong><em>Dicodusport<br \/>\n<a href=\"https:\/\/www.facebook.com\/dicodusport\/\" target=\"_blank\" rel=\"noopener noreferrer\"><img loading=\"lazy\" decoding=\"async\" class=\"alignnone wp-image-2909\" src=\"http:\/\/dicodusport.fr\/blog\/wp-content\/uploads\/2017\/07\/logo-facebook-150x150.png\" alt=\"\" width=\"40\" height=\"40\" \/><\/a><a href=\"https:\/\/twitter.com\/dicodusport\" target=\"_blank\" rel=\"noopener noreferrer\"><img loading=\"lazy\" decoding=\"async\" class=\"alignnone wp-image-2908\" src=\"http:\/\/dicodusport.fr\/blog\/wp-content\/uploads\/2017\/07\/logo-twitter-150x150.png\" alt=\"\" width=\"39\" height=\"39\" \/><\/a><\/em><\/strong><\/p>\n","protected":false},"excerpt":{"rendered":"<p>TOUR DU LIMOUSIN 2020 &#8211; Au terme d&rsquo;un sprint en c\u00f4te, Jasper Philipsen (UAE Team Emirates) a enlev\u00e9 la 3\u00e8me \u00e9tape du Tour du Limousin, \u00e0 Chamberet. C&rsquo;est la deuxi\u00e8me victoire cons\u00e9cutive pour la formation \u00e9miratie, apr\u00e8s le succ\u00e8s de Fernando Gaviria mercredi.<\/p>\n","protected":false},"author":4,"featured_media":75038,"comment_status":"open","ping_status":"closed","sticky":false,"template":"","format":"standard","meta":{"_acf_changed":false,"_daextam_enable_autolinks":"","footnotes":""},"categories":[2307],"tags":[5778],"class_list":["post-75022","post","type-post","status-publish","format-standard","has-post-thumbnail","hentry","category-cyclisme","tag-tour-du-limousin"],"acf":[],"yoast_head":"<!-- This site is optimized with the Yoast SEO Premium plugin v26.7 (Yoast SEO v26.7) - https:\/\/yoast.com\/wordpress\/plugins\/seo\/ -->\n<title>Tour du Limousin : Jasper Philipsen remporte la 3\u00e8me \u00e9tape \u00e0 Chamberet<\/title>\n<meta name=\"description\" content=\"TOUR DU LIMOUSIN 2020 - Au terme d&#039;un sprint en c\u00f4te, Jasper Philipsen (UAE Team Emirates) a enlev\u00e9 la 3\u00e8me \u00e9tape du Tour du Limousin.\" \/>\n<meta name=\"robots\" content=\"index, follow, max-snippet:-1, max-image-preview:large, max-video-preview:-1\" \/>\n<link rel=\"canonical\" href=\"https:\/\/dicodusport.fr\/blog\/tour-du-limousin-jasper-philipsen-remporte-3eme-etape-chamberet\/\" \/>\n<meta property=\"og:locale\" content=\"fr_FR\" \/>\n<meta property=\"og:type\" content=\"article\" \/>\n<meta property=\"og:title\" content=\"Tour du Limousin : Jasper Philipsen remporte la 3\u00e8me \u00e9tape \u00e0 Chamberet\" \/>\n<meta property=\"og:description\" content=\"TOUR DU LIMOUSIN 2020 - Au terme d&#039;un sprint en c\u00f4te, Jasper Philipsen (UAE Team Emirates) a enlev\u00e9 la 3\u00e8me \u00e9tape du Tour du Limousin.\" \/>\n<meta property=\"og:url\" content=\"https:\/\/dicodusport.fr\/blog\/tour-du-limousin-jasper-philipsen-remporte-3eme-etape-chamberet\/\" \/>\n<meta property=\"og:site_name\" content=\"Dicodusport\" \/>\n<meta property=\"article:publisher\" content=\"https:\/\/www.facebook.com\/dicodusport\" \/>\n<meta property=\"article:author\" content=\"https:\/\/www.facebook.com\/florent.ostermann\" \/>\n<meta property=\"article:published_time\" content=\"2020-08-20T15:20:22+00:00\" \/>\n<meta property=\"article:modified_time\" content=\"2020-08-20T15:55:29+00:00\" \/>\n<meta property=\"og:image\" content=\"https:\/\/dicodusport.fr\/blog\/wp-content\/uploads\/2020\/08\/Tour-du-Limousin-2020-Jasper-Philipsen-remporte-la-3\u00e8me-\u00e9tape-\u00e0-Chamberet.png\" \/>\n\t<meta property=\"og:image:width\" content=\"800\" \/>\n\t<meta property=\"og:image:height\" content=\"445\" \/>\n\t<meta property=\"og:image:type\" content=\"image\/png\" \/>\n<meta name=\"author\" content=\"Flo Ostermann\" \/>\n<meta name=\"twitter:card\" content=\"summary_large_image\" \/>\n<meta name=\"twitter:title\" content=\"Tour du Limousin : Jasper Philipsen remporte la 3\u00e8me \u00e9tape \u00e0 Chamberet\" \/>\n<meta name=\"twitter:image\" content=\"https:\/\/dicodusport.fr\/blog\/wp-content\/uploads\/2020\/08\/Tour-du-Limousin-2020-Jasper-Philipsen-remporte-la-3\u00e8me-\u00e9tape-\u00e0-Chamberet.png\" \/>\n<meta name=\"twitter:creator\" content=\"@https:\/\/twitter.com\/FlOstermann\" \/>\n<meta name=\"twitter:site\" content=\"@dicodusport\" \/>\n<script type=\"application\/ld+json\" class=\"yoast-schema-graph\">{\"@context\":\"https:\/\/schema.org\",\"@graph\":[{\"@type\":\"NewsArticle\",\"@id\":\"https:\/\/dicodusport.fr\/blog\/tour-du-limousin-jasper-philipsen-remporte-3eme-etape-chamberet\/#article\",\"isPartOf\":{\"@id\":\"https:\/\/dicodusport.fr\/blog\/tour-du-limousin-jasper-philipsen-remporte-3eme-etape-chamberet\/\"},\"author\":{\"name\":\"Flo Ostermann\",\"@id\":\"https:\/\/dicodusport.fr\/blog\/#\/schema\/person\/cb02af4c173ce4a653b55e9baf388d4a\"},\"headline\":\"Tour du Limousin : Jasper Philipsen remporte la 3\u00e8me \u00e9tape \u00e0 Chamberet\",\"datePublished\":\"2020-08-20T15:20:22+00:00\",\"dateModified\":\"2020-08-20T15:55:29+00:00\",\"mainEntityOfPage\":{\"@id\":\"https:\/\/dicodusport.fr\/blog\/tour-du-limousin-jasper-philipsen-remporte-3eme-etape-chamberet\/\"},\"wordCount\":238,\"commentCount\":0,\"publisher\":{\"@id\":\"https:\/\/dicodusport.fr\/blog\/#organization\"},\"image\":{\"@id\":\"https:\/\/dicodusport.fr\/blog\/tour-du-limousin-jasper-philipsen-remporte-3eme-etape-chamberet\/#primaryimage\"},\"thumbnailUrl\":\"https:\/\/dicodusport.fr\/blog\/wp-content\/uploads\/2020\/08\/Tour-du-Limousin-2020-Jasper-Philipsen-remporte-la-3\u00e8me-\u00e9tape-\u00e0-Chamberet.png\",\"keywords\":[\"Tour du Limousin\"],\"articleSection\":[\"Cyclisme\"],\"inLanguage\":\"fr-FR\",\"potentialAction\":[{\"@type\":\"CommentAction\",\"name\":\"Comment\",\"target\":[\"https:\/\/dicodusport.fr\/blog\/tour-du-limousin-jasper-philipsen-remporte-3eme-etape-chamberet\/#respond\"]}],\"copyrightYear\":\"2020\",\"copyrightHolder\":{\"@id\":\"https:\/\/dicodusport.fr\/blog\/#organization\"}},{\"@type\":\"WebPage\",\"@id\":\"https:\/\/dicodusport.fr\/blog\/tour-du-limousin-jasper-philipsen-remporte-3eme-etape-chamberet\/\",\"url\":\"https:\/\/dicodusport.fr\/blog\/tour-du-limousin-jasper-philipsen-remporte-3eme-etape-chamberet\/\",\"name\":\"Tour du Limousin : Jasper Philipsen remporte la 3\u00e8me \u00e9tape \u00e0 Chamberet\",\"isPartOf\":{\"@id\":\"https:\/\/dicodusport.fr\/blog\/#website\"},\"primaryImageOfPage\":{\"@id\":\"https:\/\/dicodusport.fr\/blog\/tour-du-limousin-jasper-philipsen-remporte-3eme-etape-chamberet\/#primaryimage\"},\"image\":{\"@id\":\"https:\/\/dicodusport.fr\/blog\/tour-du-limousin-jasper-philipsen-remporte-3eme-etape-chamberet\/#primaryimage\"},\"thumbnailUrl\":\"https:\/\/dicodusport.fr\/blog\/wp-content\/uploads\/2020\/08\/Tour-du-Limousin-2020-Jasper-Philipsen-remporte-la-3\u00e8me-\u00e9tape-\u00e0-Chamberet.png\",\"datePublished\":\"2020-08-20T15:20:22+00:00\",\"dateModified\":\"2020-08-20T15:55:29+00:00\",\"description\":\"TOUR DU LIMOUSIN 2020 - Au terme d'un sprint en c\u00f4te, Jasper Philipsen (UAE Team Emirates) a enlev\u00e9 la 3\u00e8me \u00e9tape du Tour du Limousin.\",\"breadcrumb\":{\"@id\":\"https:\/\/dicodusport.fr\/blog\/tour-du-limousin-jasper-philipsen-remporte-3eme-etape-chamberet\/#breadcrumb\"},\"inLanguage\":\"fr-FR\",\"potentialAction\":[{\"@type\":\"ReadAction\",\"target\":[\"https:\/\/dicodusport.fr\/blog\/tour-du-limousin-jasper-philipsen-remporte-3eme-etape-chamberet\/\"]}]},{\"@type\":\"ImageObject\",\"inLanguage\":\"fr-FR\",\"@id\":\"https:\/\/dicodusport.fr\/blog\/tour-du-limousin-jasper-philipsen-remporte-3eme-etape-chamberet\/#primaryimage\",\"url\":\"https:\/\/dicodusport.fr\/blog\/wp-content\/uploads\/2020\/08\/Tour-du-Limousin-2020-Jasper-Philipsen-remporte-la-3\u00e8me-\u00e9tape-\u00e0-Chamberet.png\",\"contentUrl\":\"https:\/\/dicodusport.fr\/blog\/wp-content\/uploads\/2020\/08\/Tour-du-Limousin-2020-Jasper-Philipsen-remporte-la-3\u00e8me-\u00e9tape-\u00e0-Chamberet.png\",\"width\":800,\"height\":445},{\"@type\":\"BreadcrumbList\",\"@id\":\"https:\/\/dicodusport.fr\/blog\/tour-du-limousin-jasper-philipsen-remporte-3eme-etape-chamberet\/#breadcrumb\",\"itemListElement\":[{\"@type\":\"ListItem\",\"position\":1,\"name\":\"Accueil\",\"item\":\"https:\/\/dicodusport.fr\/blog\/\"},{\"@type\":\"ListItem\",\"position\":2,\"name\":\"Tour du Limousin : Jasper Philipsen remporte la 3\u00e8me \u00e9tape \u00e0 Chamberet\"}]},{\"@type\":\"WebSite\",\"@id\":\"https:\/\/dicodusport.fr\/blog\/#website\",\"url\":\"https:\/\/dicodusport.fr\/blog\/\",\"name\":\"Dicodusport\",\"description\":\"L&#039;encyclop\u00e9die de l&#039;actualit\u00e9 sportive\",\"publisher\":{\"@id\":\"https:\/\/dicodusport.fr\/blog\/#organization\"},\"potentialAction\":[{\"@type\":\"SearchAction\",\"target\":{\"@type\":\"EntryPoint\",\"urlTemplate\":\"https:\/\/dicodusport.fr\/blog\/?s={search_term_string}\"},\"query-input\":{\"@type\":\"PropertyValueSpecification\",\"valueRequired\":true,\"valueName\":\"search_term_string\"}}],\"inLanguage\":\"fr-FR\"},{\"@type\":\"NewsMediaOrganization\",\"@id\":\"https:\/\/dicodusport.fr\/blog\/#organization\",\"name\":\"Dicodusport\",\"url\":\"https:\/\/dicodusport.fr\/blog\/\",\"logo\":{\"@type\":\"ImageObject\",\"inLanguage\":\"fr-FR\",\"@id\":\"https:\/\/dicodusport.fr\/blog\/#\/schema\/logo\/image\/\",\"url\":\"https:\/\/dicodusport.fr\/blog\/wp-content\/uploads\/2020\/06\/cropped-LOGO-DICODUSPORT-2020-SANS-FOND-SANS-TEXTE.png\",\"contentUrl\":\"https:\/\/dicodusport.fr\/blog\/wp-content\/uploads\/2020\/06\/cropped-LOGO-DICODUSPORT-2020-SANS-FOND-SANS-TEXTE.png\",\"width\":512,\"height\":512,\"caption\":\"Dicodusport\"},\"image\":{\"@id\":\"https:\/\/dicodusport.fr\/blog\/#\/schema\/logo\/image\/\"},\"sameAs\":[\"https:\/\/www.facebook.com\/dicodusport\",\"https:\/\/x.com\/dicodusport\",\"https:\/\/www.instagram.com\/dicodusport\/\",\"https:\/\/www.youtube.com\/channel\/UC7V2KZ5sd3htJivAbA4ZG3w\"],\"description\":\"Dicodusport est l'encyclop\u00e9die de l'actualit\u00e9 sportive.\",\"email\":\"bonjour@dicodusport.fr\",\"legalName\":\"DICODUSPORT\",\"foundingDate\":\"2018-01-14\",\"vatID\":\"FR71834470973\",\"taxID\":\"83447097300043\",\"numberOfEmployees\":{\"@type\":\"QuantitativeValue\",\"minValue\":\"1\",\"maxValue\":\"10\"}},{\"@type\":\"Person\",\"@id\":\"https:\/\/dicodusport.fr\/blog\/#\/schema\/person\/cb02af4c173ce4a653b55e9baf388d4a\",\"name\":\"Flo Ostermann\",\"image\":{\"@type\":\"ImageObject\",\"inLanguage\":\"fr-FR\",\"@id\":\"https:\/\/dicodusport.fr\/blog\/#\/schema\/person\/image\/\",\"url\":\"https:\/\/dicodusport.fr\/blog\/wp-content\/uploads\/2021\/05\/Flo-Ostermann-150x150.jpg\",\"contentUrl\":\"https:\/\/dicodusport.fr\/blog\/wp-content\/uploads\/2021\/05\/Flo-Ostermann-150x150.jpg\",\"caption\":\"Flo Ostermann\"},\"description\":\"Journaliste\/R\u00e9dacteur depuis septembre 2015 - Mes premiers souvenirs dans le sport ? Les envol\u00e9es du Stade Toulousain et les duels Villeneuve-Schumacher et H\u00e4kkinen-Schumacher \u00e0 la fin des ann\u00e9es 90, la Coupe du monde de football en 1998, l\u2019exploit du XV de France face aux All Blacks en 1999, mais aussi Richard C\u0153ur de Lion qui vole sur les montagnes du Tour de France. Bien parti pour devenir professeur d\u2019EPS, les \u00e9v\u00e9nements de la vie (et la flemme d\u2019animer des s\u00e9ances de 3x500 m\u00e8tres toute ma vie) m\u2019ont conduit \u00e0 revoir mes plans. Me voil\u00e0 depuis fin 2017 sur Dicodusport, m\u00e9dia gr\u00e2ce (et pour) lequel je partage ma passion : le sport dans tous ses \u00e9tats. Le tout accompagn\u00e9 par les fous furieux et folles furieuses cit\u00e9s sur cette page !\",\"sameAs\":[\"https:\/\/www.facebook.com\/florent.ostermann\",\"https:\/\/x.com\/https:\/\/twitter.com\/FlOstermann\",\"admin\"],\"url\":\"https:\/\/dicodusport.fr\/blog\/author\/flo\/\"}]}<\/script>\n<!-- \/ Yoast SEO Premium plugin. -->","yoast_head_json":{"title":"Tour du Limousin : Jasper Philipsen remporte la 3\u00e8me \u00e9tape \u00e0 Chamberet","description":"TOUR DU LIMOUSIN 2020 - Au terme d'un sprint en c\u00f4te, Jasper Philipsen (UAE Team Emirates) a enlev\u00e9 la 3\u00e8me \u00e9tape du Tour du Limousin.","robots":{"index":"index","follow":"follow","max-snippet":"max-snippet:-1","max-image-preview":"max-image-preview:large","max-video-preview":"max-video-preview:-1"},"canonical":"https:\/\/dicodusport.fr\/blog\/tour-du-limousin-jasper-philipsen-remporte-3eme-etape-chamberet\/","og_locale":"fr_FR","og_type":"article","og_title":"Tour du Limousin : Jasper Philipsen remporte la 3\u00e8me \u00e9tape \u00e0 Chamberet","og_description":"TOUR DU LIMOUSIN 2020 - Au terme d'un sprint en c\u00f4te, Jasper Philipsen (UAE Team Emirates) a enlev\u00e9 la 3\u00e8me \u00e9tape du Tour du Limousin.","og_url":"https:\/\/dicodusport.fr\/blog\/tour-du-limousin-jasper-philipsen-remporte-3eme-etape-chamberet\/","og_site_name":"Dicodusport","article_publisher":"https:\/\/www.facebook.com\/dicodusport","article_author":"https:\/\/www.facebook.com\/florent.ostermann","article_published_time":"2020-08-20T15:20:22+00:00","article_modified_time":"2020-08-20T15:55:29+00:00","og_image":[{"width":800,"height":445,"url":"https:\/\/dicodusport.fr\/blog\/wp-content\/uploads\/2020\/08\/Tour-du-Limousin-2020-Jasper-Philipsen-remporte-la-3\u00e8me-\u00e9tape-\u00e0-Chamberet.png","type":"image\/png"}],"author":"Flo Ostermann","twitter_card":"summary_large_image","twitter_title":"Tour du Limousin : Jasper Philipsen remporte la 3\u00e8me \u00e9tape \u00e0 Chamberet","twitter_image":"https:\/\/dicodusport.fr\/blog\/wp-content\/uploads\/2020\/08\/Tour-du-Limousin-2020-Jasper-Philipsen-remporte-la-3\u00e8me-\u00e9tape-\u00e0-Chamberet.png","twitter_creator":"@https:\/\/twitter.com\/FlOstermann","twitter_site":"@dicodusport","schema":{"@context":"https:\/\/schema.org","@graph":[{"@type":"NewsArticle","@id":"https:\/\/dicodusport.fr\/blog\/tour-du-limousin-jasper-philipsen-remporte-3eme-etape-chamberet\/#article","isPartOf":{"@id":"https:\/\/dicodusport.fr\/blog\/tour-du-limousin-jasper-philipsen-remporte-3eme-etape-chamberet\/"},"author":{"name":"Flo Ostermann","@id":"https:\/\/dicodusport.fr\/blog\/#\/schema\/person\/cb02af4c173ce4a653b55e9baf388d4a"},"headline":"Tour du Limousin : Jasper Philipsen remporte la 3\u00e8me \u00e9tape \u00e0 Chamberet","datePublished":"2020-08-20T15:20:22+00:00","dateModified":"2020-08-20T15:55:29+00:00","mainEntityOfPage":{"@id":"https:\/\/dicodusport.fr\/blog\/tour-du-limousin-jasper-philipsen-remporte-3eme-etape-chamberet\/"},"wordCount":238,"commentCount":0,"publisher":{"@id":"https:\/\/dicodusport.fr\/blog\/#organization"},"image":{"@id":"https:\/\/dicodusport.fr\/blog\/tour-du-limousin-jasper-philipsen-remporte-3eme-etape-chamberet\/#primaryimage"},"thumbnailUrl":"https:\/\/dicodusport.fr\/blog\/wp-content\/uploads\/2020\/08\/Tour-du-Limousin-2020-Jasper-Philipsen-remporte-la-3\u00e8me-\u00e9tape-\u00e0-Chamberet.png","keywords":["Tour du Limousin"],"articleSection":["Cyclisme"],"inLanguage":"fr-FR","potentialAction":[{"@type":"CommentAction","name":"Comment","target":["https:\/\/dicodusport.fr\/blog\/tour-du-limousin-jasper-philipsen-remporte-3eme-etape-chamberet\/#respond"]}],"copyrightYear":"2020","copyrightHolder":{"@id":"https:\/\/dicodusport.fr\/blog\/#organization"}},{"@type":"WebPage","@id":"https:\/\/dicodusport.fr\/blog\/tour-du-limousin-jasper-philipsen-remporte-3eme-etape-chamberet\/","url":"https:\/\/dicodusport.fr\/blog\/tour-du-limousin-jasper-philipsen-remporte-3eme-etape-chamberet\/","name":"Tour du Limousin : Jasper Philipsen remporte la 3\u00e8me \u00e9tape \u00e0 Chamberet","isPartOf":{"@id":"https:\/\/dicodusport.fr\/blog\/#website"},"primaryImageOfPage":{"@id":"https:\/\/dicodusport.fr\/blog\/tour-du-limousin-jasper-philipsen-remporte-3eme-etape-chamberet\/#primaryimage"},"image":{"@id":"https:\/\/dicodusport.fr\/blog\/tour-du-limousin-jasper-philipsen-remporte-3eme-etape-chamberet\/#primaryimage"},"thumbnailUrl":"https:\/\/dicodusport.fr\/blog\/wp-content\/uploads\/2020\/08\/Tour-du-Limousin-2020-Jasper-Philipsen-remporte-la-3\u00e8me-\u00e9tape-\u00e0-Chamberet.png","datePublished":"2020-08-20T15:20:22+00:00","dateModified":"2020-08-20T15:55:29+00:00","description":"TOUR DU LIMOUSIN 2020 - Au terme d'un sprint en c\u00f4te, Jasper Philipsen (UAE Team Emirates) a enlev\u00e9 la 3\u00e8me \u00e9tape du Tour du Limousin.","breadcrumb":{"@id":"https:\/\/dicodusport.fr\/blog\/tour-du-limousin-jasper-philipsen-remporte-3eme-etape-chamberet\/#breadcrumb"},"inLanguage":"fr-FR","potentialAction":[{"@type":"ReadAction","target":["https:\/\/dicodusport.fr\/blog\/tour-du-limousin-jasper-philipsen-remporte-3eme-etape-chamberet\/"]}]},{"@type":"ImageObject","inLanguage":"fr-FR","@id":"https:\/\/dicodusport.fr\/blog\/tour-du-limousin-jasper-philipsen-remporte-3eme-etape-chamberet\/#primaryimage","url":"https:\/\/dicodusport.fr\/blog\/wp-content\/uploads\/2020\/08\/Tour-du-Limousin-2020-Jasper-Philipsen-remporte-la-3\u00e8me-\u00e9tape-\u00e0-Chamberet.png","contentUrl":"https:\/\/dicodusport.fr\/blog\/wp-content\/uploads\/2020\/08\/Tour-du-Limousin-2020-Jasper-Philipsen-remporte-la-3\u00e8me-\u00e9tape-\u00e0-Chamberet.png","width":800,"height":445},{"@type":"BreadcrumbList","@id":"https:\/\/dicodusport.fr\/blog\/tour-du-limousin-jasper-philipsen-remporte-3eme-etape-chamberet\/#breadcrumb","itemListElement":[{"@type":"ListItem","position":1,"name":"Accueil","item":"https:\/\/dicodusport.fr\/blog\/"},{"@type":"ListItem","position":2,"name":"Tour du Limousin : Jasper Philipsen remporte la 3\u00e8me \u00e9tape \u00e0 Chamberet"}]},{"@type":"WebSite","@id":"https:\/\/dicodusport.fr\/blog\/#website","url":"https:\/\/dicodusport.fr\/blog\/","name":"Dicodusport","description":"L&#039;encyclop\u00e9die de l&#039;actualit\u00e9 sportive","publisher":{"@id":"https:\/\/dicodusport.fr\/blog\/#organization"},"potentialAction":[{"@type":"SearchAction","target":{"@type":"EntryPoint","urlTemplate":"https:\/\/dicodusport.fr\/blog\/?s={search_term_string}"},"query-input":{"@type":"PropertyValueSpecification","valueRequired":true,"valueName":"search_term_string"}}],"inLanguage":"fr-FR"},{"@type":"NewsMediaOrganization","@id":"https:\/\/dicodusport.fr\/blog\/#organization","name":"Dicodusport","url":"https:\/\/dicodusport.fr\/blog\/","logo":{"@type":"ImageObject","inLanguage":"fr-FR","@id":"https:\/\/dicodusport.fr\/blog\/#\/schema\/logo\/image\/","url":"https:\/\/dicodusport.fr\/blog\/wp-content\/uploads\/2020\/06\/cropped-LOGO-DICODUSPORT-2020-SANS-FOND-SANS-TEXTE.png","contentUrl":"https:\/\/dicodusport.fr\/blog\/wp-content\/uploads\/2020\/06\/cropped-LOGO-DICODUSPORT-2020-SANS-FOND-SANS-TEXTE.png","width":512,"height":512,"caption":"Dicodusport"},"image":{"@id":"https:\/\/dicodusport.fr\/blog\/#\/schema\/logo\/image\/"},"sameAs":["https:\/\/www.facebook.com\/dicodusport","https:\/\/x.com\/dicodusport","https:\/\/www.instagram.com\/dicodusport\/","https:\/\/www.youtube.com\/channel\/UC7V2KZ5sd3htJivAbA4ZG3w"],"description":"Dicodusport est l'encyclop\u00e9die de l'actualit\u00e9 sportive.","email":"bonjour@dicodusport.fr","legalName":"DICODUSPORT","foundingDate":"2018-01-14","vatID":"FR71834470973","taxID":"83447097300043","numberOfEmployees":{"@type":"QuantitativeValue","minValue":"1","maxValue":"10"}},{"@type":"Person","@id":"https:\/\/dicodusport.fr\/blog\/#\/schema\/person\/cb02af4c173ce4a653b55e9baf388d4a","name":"Flo Ostermann","image":{"@type":"ImageObject","inLanguage":"fr-FR","@id":"https:\/\/dicodusport.fr\/blog\/#\/schema\/person\/image\/","url":"https:\/\/dicodusport.fr\/blog\/wp-content\/uploads\/2021\/05\/Flo-Ostermann-150x150.jpg","contentUrl":"https:\/\/dicodusport.fr\/blog\/wp-content\/uploads\/2021\/05\/Flo-Ostermann-150x150.jpg","caption":"Flo Ostermann"},"description":"Journaliste\/R\u00e9dacteur depuis septembre 2015 - Mes premiers souvenirs dans le sport ? Les envol\u00e9es du Stade Toulousain et les duels Villeneuve-Schumacher et H\u00e4kkinen-Schumacher \u00e0 la fin des ann\u00e9es 90, la Coupe du monde de football en 1998, l\u2019exploit du XV de France face aux All Blacks en 1999, mais aussi Richard C\u0153ur de Lion qui vole sur les montagnes du Tour de France. Bien parti pour devenir professeur d\u2019EPS, les \u00e9v\u00e9nements de la vie (et la flemme d\u2019animer des s\u00e9ances de 3x500 m\u00e8tres toute ma vie) m\u2019ont conduit \u00e0 revoir mes plans. Me voil\u00e0 depuis fin 2017 sur Dicodusport, m\u00e9dia gr\u00e2ce (et pour) lequel je partage ma passion : le sport dans tous ses \u00e9tats. Le tout accompagn\u00e9 par les fous furieux et folles furieuses cit\u00e9s sur cette page !","sameAs":["https:\/\/www.facebook.com\/florent.ostermann","https:\/\/x.com\/https:\/\/twitter.com\/FlOstermann","admin"],"url":"https:\/\/dicodusport.fr\/blog\/author\/flo\/"}]}},"_links":{"self":[{"href":"https:\/\/dicodusport.fr\/blog\/wp-json\/wp\/v2\/posts\/75022","targetHints":{"allow":["GET"]}}],"collection":[{"href":"https:\/\/dicodusport.fr\/blog\/wp-json\/wp\/v2\/posts"}],"about":[{"href":"https:\/\/dicodusport.fr\/blog\/wp-json\/wp\/v2\/types\/post"}],"author":[{"embeddable":true,"href":"https:\/\/dicodusport.fr\/blog\/wp-json\/wp\/v2\/users\/4"}],"replies":[{"embeddable":true,"href":"https:\/\/dicodusport.fr\/blog\/wp-json\/wp\/v2\/comments?post=75022"}],"version-history":[{"count":0,"href":"https:\/\/dicodusport.fr\/blog\/wp-json\/wp\/v2\/posts\/75022\/revisions"}],"wp:featuredmedia":[{"embeddable":true,"href":"https:\/\/dicodusport.fr\/blog\/wp-json\/wp\/v2\/media\/75038"}],"wp:attachment":[{"href":"https:\/\/dicodusport.fr\/blog\/wp-json\/wp\/v2\/media?parent=75022"}],"wp:term":[{"taxonomy":"category","embeddable":true,"href":"https:\/\/dicodusport.fr\/blog\/wp-json\/wp\/v2\/categories?post=75022"},{"taxonomy":"post_tag","embeddable":true,"href":"https:\/\/dicodusport.fr\/blog\/wp-json\/wp\/v2\/tags?post=75022"}],"curies":[{"name":"wp","href":"https:\/\/api.w.org\/{rel}","templated":true}]}}