{"id":75053,"date":"2020-08-20T20:38:59","date_gmt":"2020-08-20T18:38:59","guid":{"rendered":"http:\/\/dicodusport.fr\/blog\/?p=75053&#038;preview=true&#038;preview_id=75053"},"modified":"2020-08-20T20:38:59","modified_gmt":"2020-08-20T18:38:59","slug":"cyclisme-championnats-de-france-2020-contre-la-montre-hommes-liste-des-engages","status":"publish","type":"post","link":"https:\/\/dicodusport.fr\/blog\/cyclisme-championnats-de-france-2020-contre-la-montre-hommes-liste-des-engages\/","title":{"rendered":"Championnats de France 2020 &#8211; Contre-la-montre hommes : la liste des engag\u00e9s"},"content":{"rendered":"<p style=\"text-align: justify;\"><strong><em><a href=\"https:\/\/dicodusport.fr\/blog\/cyclisme-sur-route-championnats-de-france-2020-programme-complet\/\" target=\"_blank\" rel=\"noopener noreferrer\">Cyclisme sur route \u2013 Championnats de France 2020<\/a> \u2013 Ce vendredi 21 ao\u00fbt a lieu le contre-la-montre hommes \u00e0 Grand-Champ. D\u00e9couvrez la startlist de l\u2019\u00e9preuve.<\/em><\/strong><\/p>\n<h2 style=\"text-align: justify;\">Grand-Champ 2020 &#8211; Contre-la-montre hommes : la liste des engag\u00e9s<\/h2>\n<h3 style=\"text-align: justify;\">GROUPAMA-FDJ<\/h3>\n<p style=\"text-align: justify;\">1 Benjamin THOMAS<br \/>\n6 Anthony ROUX<br \/>\n8 Bruno ARMIRAIL<br \/>\n22 Alexys BRUNEL<\/p>\n<h3 style=\"text-align: justify;\">COFIDIS<\/h3>\n<p style=\"text-align: justify;\">2 St\u00e9phane ROSSETTO<\/p>\n<h3 style=\"text-align: justify;\">NATURA4EVER-ROUBAIX-LILLE M\u00c9TROPOLE<\/h3>\n<p style=\"text-align: justify;\">3 Julien ANTOMARCHI<br \/>\n21 Samuel LEROUX<\/p>\n<h3 style=\"text-align: justify;\">SAINT-MICHEL-AUBER 93<\/h3>\n<p style=\"text-align: justify;\">4 Yoann PAILLOT<br \/>\n23 Baptiste BLEIER<\/p>\n<h3 style=\"text-align: justify;\">DECEUNINCK &#8211; QUICK-STEP<\/h3>\n<p style=\"text-align: justify;\">5 R\u00e9mi CAVAGNA<\/p>\n<h3 style=\"text-align: justify;\">CC NOGENT-SUR-OISE<\/h3>\n<p style=\"text-align: justify;\">7 Romain BACON<br \/>\n66 S\u00e9bastien HAVOT<br \/>\n88 Julian LINO<\/p>\n<h3 style=\"text-align: justify;\">GROUPAMA-FDJ CONTINENTAL<\/h3>\n<p style=\"text-align: justify;\">10 Cl\u00e9ment DAVY<br \/>\n16 Th\u00e9o NONNEZ<br \/>\n20 Hugo PAGE<br \/>\n24 Paul PENHO\u00cbT<\/p>\n<h3 style=\"text-align: justify;\">ARK\u00c9A-SAMSIC<\/h3>\n<p style=\"text-align: justify;\">11 Thibault GUERNALEC<br \/>\n18 Florian VACHON<\/p>\n<h3 style=\"text-align: justify;\">TOTAL DIRECT ENERGIE<\/h3>\n<p style=\"text-align: justify;\">12 J\u00e9r\u00e9my CABOT<br \/>\n19 Florian MA\u00ceTRE<\/p>\n<h3 style=\"text-align: justify;\">B&amp;B H\u00d4TELS-VITAL CONCEPT<\/h3>\n<p style=\"text-align: justify;\">14 Johan LE BON<\/p>\n<h3 style=\"text-align: justify;\">EUROCYCLINGTRIPS-CMI PRO CYCLING<\/h3>\n<p style=\"text-align: justify;\">15 Joffrey DEGUEURCE<\/p>\n<h3 style=\"text-align: justify;\">AG2R LA MONDIALE<\/h3>\n<p style=\"text-align: justify;\">17 Dorian GODON<\/p>\n<h3 style=\"text-align: justify;\">VC PAYS DE LOUD\u00c9AC<\/h3>\n<p style=\"text-align: justify;\">25 Pierre BENECH<br \/>\n62 Alan BOILEAU<br \/>\n84 Erwann GUENNEUGUES<br \/>\n95 Yann PLUSQUELLEC<br \/>\n98 Damien POISSON<\/p>\n<h3 style=\"text-align: justify;\">VEND\u00c9E U<\/h3>\n<p style=\"text-align: justify;\">26 Thomas DENIS<br \/>\n85 Louis PIJOURLET<\/p>\n<h3 style=\"text-align: justify;\">EC SAINT-ETIENNE LOIRE<\/h3>\n<p style=\"text-align: justify;\">27 L\u00e9o BOILEAU<br \/>\n97 Louis RICHARD<\/p>\n<h3 style=\"text-align: justify;\">CHAMB\u00c9RY CYCLISME FORMATION<\/h3>\n<p style=\"text-align: justify;\">28 Thomas DELPHIS<br \/>\n65 Hugo TOUMIRE<br \/>\n87 Simon VERGER<\/p>\n<h3 style=\"text-align: justify;\">TEAM PRO IMMO NICOLAS ROUX<\/h3>\n<p style=\"text-align: justify;\">29 Cl\u00e9ment CARISEY<br \/>\n67 Thomas CHASSAGNE<br \/>\n89 Micka\u00ebl GUICHARD<\/p>\n<h3 style=\"text-align: justify;\">AVC AIX-EN-PROVENCE<\/h3>\n<p style=\"text-align: justify;\">30 Romain CAMPISTROUS<br \/>\n68 Cl\u00e9ment DELCROS<br \/>\n90 Adrien MAIRE<\/p>\n<h3 style=\"text-align: justify;\">CC ETUPES<\/h3>\n<p style=\"text-align: justify;\">31 R\u00e9mi AUBERT<br \/>\n91 Emilien VIENNET<\/p>\n<h3 style=\"text-align: justify;\">AC BISONTINE<\/h3>\n<p style=\"text-align: justify;\">32 Quentin BEZZA<br \/>\n70 Simon COMBES<br \/>\n92 Florian NOCQUET<\/p>\n<h3 style=\"text-align: justify;\">NORMANDIE<\/h3>\n<p style=\"text-align: justify;\">33 Romain CHAN TSIN<br \/>\n93 Cl\u00e9ment PETIT<\/p>\n<h3 style=\"text-align: justify;\">NOUVELLE-AQUITAINE<\/h3>\n<p style=\"text-align: justify;\">34 Anthony DELAFORGE<br \/>\n72 Mathieu DUMONT<br \/>\n94 Nicolas HAMON<\/p>\n<hr \/>\n<ul>\n<li style=\"text-align: justify;\"><strong>\u00c0 lire aussi &#8211; <a href=\"https:\/\/dicodusport.fr\/blog\/cyclisme-championnats-de-france-2020-profil-contre-la-montre-hommes\/\" target=\"_blank\" rel=\"noopener noreferrer\">Championnats de France 2020 : le profil du contre-la-montre hommes<\/a><\/strong><\/li>\n<\/ul>\n<hr \/>\n<h3 style=\"text-align: justify;\">VC VILLEFRANCHE BEAUJOLAIS<\/h3>\n<p style=\"text-align: justify;\">35 Tao QUEMERE<br \/>\n73 Lo\u00efc ROLLAND<\/p>\n<h3 style=\"text-align: justify;\">SCO DIJON-TEAM MAT\u00c9RIEL-VELO.COM<\/h3>\n<p style=\"text-align: justify;\">37 Hadrien DEGRANDCOURT<br \/>\n75 Julien SOUTON<\/p>\n<h3 style=\"text-align: justify;\">UC NANTES ATLANTIQUE<\/h3>\n<p style=\"text-align: justify;\">38 Brendan LE CAM<br \/>\n76 Maximilien PROVOST<\/p>\n<h3 style=\"text-align: justify;\">PAYS DE DINAN<\/h3>\n<p style=\"text-align: justify;\">41 Matthieu BOULO<br \/>\n79 Nathan LE PIOUFFE<\/p>\n<h3 style=\"text-align: justify;\">GUIDON CHALETTOIS<\/h3>\n<p style=\"text-align: justify;\">42 Yannick MARTINEZ<br \/>\n80 Simon MILLON<\/p>\n<h3 style=\"text-align: justify;\">TEAM U CUBE 17<\/h3>\n<p style=\"text-align: justify;\">43 Julien LAMY<br \/>\n81 Gabriel PEYENCET<\/p>\n<h3 style=\"text-align: justify;\">CR4C ROANNE<\/h3>\n<p style=\"text-align: justify;\">44 Thomas ACOSTA<br \/>\n82 Antoine PRUNET<\/p>\n<h3 style=\"text-align: justify;\">WB-FYBOLIA LOCMIN\u00c9<\/h3>\n<p style=\"text-align: justify;\">45 Tom AGUILLON<br \/>\n83 Pierre HAQUIN<\/p>\n<h3 style=\"text-align: justify;\">SOJASUN ESPOIR-ACNC<\/h3>\n<p style=\"text-align: justify;\">46 Pierre-Emmanuel DUBOIS<\/p>\n<h3 style=\"text-align: justify;\">GSC BLAGNAC V\u00c9LO SPORT 31<\/h3>\n<p style=\"text-align: justify;\">47 Cl\u00e9ment JOLIBERT<\/p>\n<h3 style=\"text-align: justify;\">LAVAL CYCLISME 53<\/h3>\n<p style=\"text-align: justify;\">48 C\u00e9lestin GUILLON<\/p>\n<h3 style=\"text-align: justify;\">OC\u00c9ANE TOP 16<\/h3>\n<p style=\"text-align: justify;\">49 Tom MAINGUENAUD<\/p>\n<h3 style=\"text-align: justify;\">OCCITANE CYCLISME FORMATION<\/h3>\n<p style=\"text-align: justify;\">50 Arthur TROY<\/p>\n<h3 style=\"text-align: justify;\">DUNKERQUE GRAND LITTORAL-COFIDIS<\/h3>\n<p style=\"text-align: justify;\">51 Maxime GRESSIER<\/p>\n<h3 style=\"text-align: justify;\">CHARVIEU-CHAVAGNEUX IC<\/h3>\n<p style=\"text-align: justify;\">52 Guillaume BRAVARD<\/p>\n<h3 style=\"text-align: justify;\">VC AMATEUR SAINT-QUENTIN<\/h3>\n<p style=\"text-align: justify;\">53 Quentin BERNARD<\/p>\n<h3 style=\"text-align: justify;\">BOURGOGNE-FRANCHE-COMT\u00c9<\/h3>\n<p style=\"text-align: justify;\">55 Fabien SECONDO<\/p>\n<h3 style=\"text-align: justify;\">BRETAGNE<\/h3>\n<p style=\"text-align: justify;\">56 Fabien SCHMIDT<\/p>\n<h3 style=\"text-align: justify;\">CENTRE-VAL DE LOIRE<\/h3>\n<p style=\"text-align: justify;\">57 Joey WASTIAUX<\/p>\n<h3 style=\"text-align: justify;\">ILE-DE-FRANCE<\/h3>\n<p style=\"text-align: justify;\">58 Thibaut MADORRE<\/p>\n<h3 style=\"text-align: justify;\">OCCITANIE<\/h3>\n<p style=\"text-align: justify;\">59 Sam LAIDLOW<\/p>\n<h3 style=\"text-align: justify;\">MARTINIQUE<\/h3>\n<p style=\"text-align: justify;\">61 Florian BARKET<\/p>\n<h3 style=\"text-align: justify;\">USSA PAVILLY BARENTIN<\/h3>\n<p style=\"text-align: justify;\">71 Pierre LEBRETON<\/p>\n<h3 style=\"text-align: justify;\">VC ROUEN 76<\/h3>\n<p style=\"text-align: justify;\">74 K\u00e9vin VAUQUELIN<\/p>\n<h3 style=\"text-align: justify;\">BOURG-EN-BRESSE AIN CYCLISME<\/h3>\n<p style=\"text-align: justify;\">77 Corentin LESAGE<\/p>\n<h3 style=\"text-align: justify;\">C\u00d4TES D&rsquo;ARMOR-MARIE MORIN-V\u00c9RANDA RIDEAU<\/h3>\n<p style=\"text-align: justify;\">78 J\u00e9r\u00e9my PATOUX<\/p>\n<h3 style=\"text-align: justify;\">TREK-SEGAFREDO<\/h3>\n<p style=\"text-align: justify;\">99 Julien BERNARD<\/p>\n<p><strong><em>Dicodusport<br \/>\n<a href=\"https:\/\/www.facebook.com\/dicodusport\/\" target=\"_blank\" rel=\"noopener noreferrer\"><img loading=\"lazy\" decoding=\"async\" class=\"alignnone wp-image-2909\" src=\"http:\/\/dicodusport.fr\/blog\/wp-content\/uploads\/2017\/07\/logo-facebook-150x150.png\" alt=\"\" width=\"40\" height=\"40\" \/><\/a><a href=\"https:\/\/twitter.com\/dicodusport\" target=\"_blank\" rel=\"noopener noreferrer\"><img loading=\"lazy\" decoding=\"async\" class=\"alignnone wp-image-2908\" src=\"http:\/\/dicodusport.fr\/blog\/wp-content\/uploads\/2017\/07\/logo-twitter-150x150.png\" alt=\"\" width=\"39\" height=\"39\" \/><\/a><\/em><\/strong><\/p>\n","protected":false},"excerpt":{"rendered":"<p>Cyclisme sur route \u2013 Championnats de France 2020 \u2013 Ce vendredi 21 ao\u00fbt a lieu le contre-la-montre hommes \u00e0 Grand-Champ. D\u00e9couvrez la startlist de l\u2019\u00e9preuve.<\/p>\n","protected":false},"author":4,"featured_media":75054,"comment_status":"open","ping_status":"closed","sticky":false,"template":"","format":"standard","meta":{"_acf_changed":false,"_daextam_enable_autolinks":"","footnotes":""},"categories":[2307],"tags":[],"class_list":["post-75053","post","type-post","status-publish","format-standard","has-post-thumbnail","hentry","category-cyclisme"],"acf":[],"yoast_head":"<!-- This site is optimized with the Yoast SEO Premium plugin v26.7 (Yoast SEO v26.7) - https:\/\/yoast.com\/wordpress\/plugins\/seo\/ -->\n<title>Championnats de France 2020 - Contre-la-montre hommes : la liste des engag\u00e9s<\/title>\n<meta name=\"description\" content=\"Cyclisme sur route \u2013 Championnats de France 2020 \u2013 Ce vendredi 21 ao\u00fbt a lieu le contre-la-montre hommes \u00e0 Grand-Champ. La startlist.\" \/>\n<meta name=\"robots\" content=\"index, follow, max-snippet:-1, max-image-preview:large, max-video-preview:-1\" \/>\n<link rel=\"canonical\" href=\"https:\/\/dicodusport.fr\/blog\/cyclisme-championnats-de-france-2020-contre-la-montre-hommes-liste-des-engages\/\" \/>\n<meta property=\"og:locale\" content=\"fr_FR\" \/>\n<meta property=\"og:type\" content=\"article\" \/>\n<meta property=\"og:title\" content=\"Championnats de France 2020 - Contre-la-montre hommes : la liste des engag\u00e9s\" \/>\n<meta property=\"og:description\" content=\"Cyclisme sur route \u2013 Championnats de France 2020 \u2013 Ce vendredi 21 ao\u00fbt a lieu le contre-la-montre hommes \u00e0 Grand-Champ. La startlist.\" \/>\n<meta property=\"og:url\" content=\"https:\/\/dicodusport.fr\/blog\/cyclisme-championnats-de-france-2020-contre-la-montre-hommes-liste-des-engages\/\" \/>\n<meta property=\"og:site_name\" content=\"Dicodusport\" \/>\n<meta property=\"article:publisher\" content=\"https:\/\/www.facebook.com\/dicodusport\" \/>\n<meta property=\"article:author\" content=\"https:\/\/www.facebook.com\/florent.ostermann\" \/>\n<meta property=\"article:published_time\" content=\"2020-08-20T18:38:59+00:00\" \/>\n<meta property=\"og:image\" content=\"https:\/\/dicodusport.fr\/blog\/wp-content\/uploads\/2020\/08\/Championnats-de-France-2020-Contre-la-montre-hommes-La-liste-des-engag\u00e9s.png\" \/>\n\t<meta property=\"og:image:width\" content=\"800\" \/>\n\t<meta property=\"og:image:height\" content=\"445\" \/>\n\t<meta property=\"og:image:type\" content=\"image\/png\" \/>\n<meta name=\"author\" content=\"Flo Ostermann\" \/>\n<meta name=\"twitter:card\" content=\"summary_large_image\" \/>\n<meta name=\"twitter:title\" content=\"Championnats de France 2020 - Contre-la-montre hommes : la liste des engag\u00e9s\" \/>\n<meta name=\"twitter:creator\" content=\"@https:\/\/twitter.com\/FlOstermann\" \/>\n<meta name=\"twitter:site\" content=\"@dicodusport\" \/>\n<script type=\"application\/ld+json\" class=\"yoast-schema-graph\">{\"@context\":\"https:\/\/schema.org\",\"@graph\":[{\"@type\":\"NewsArticle\",\"@id\":\"https:\/\/dicodusport.fr\/blog\/cyclisme-championnats-de-france-2020-contre-la-montre-hommes-liste-des-engages\/#article\",\"isPartOf\":{\"@id\":\"https:\/\/dicodusport.fr\/blog\/cyclisme-championnats-de-france-2020-contre-la-montre-hommes-liste-des-engages\/\"},\"author\":{\"name\":\"Flo Ostermann\",\"@id\":\"https:\/\/dicodusport.fr\/blog\/#\/schema\/person\/cb02af4c173ce4a653b55e9baf388d4a\"},\"headline\":\"Championnats de France 2020 &#8211; Contre-la-montre hommes : la liste des engag\u00e9s\",\"datePublished\":\"2020-08-20T18:38:59+00:00\",\"mainEntityOfPage\":{\"@id\":\"https:\/\/dicodusport.fr\/blog\/cyclisme-championnats-de-france-2020-contre-la-montre-hommes-liste-des-engages\/\"},\"wordCount\":385,\"commentCount\":0,\"publisher\":{\"@id\":\"https:\/\/dicodusport.fr\/blog\/#organization\"},\"image\":{\"@id\":\"https:\/\/dicodusport.fr\/blog\/cyclisme-championnats-de-france-2020-contre-la-montre-hommes-liste-des-engages\/#primaryimage\"},\"thumbnailUrl\":\"https:\/\/dicodusport.fr\/blog\/wp-content\/uploads\/2020\/08\/Championnats-de-France-2020-Contre-la-montre-hommes-La-liste-des-engag\u00e9s.png\",\"articleSection\":[\"Cyclisme\"],\"inLanguage\":\"fr-FR\",\"potentialAction\":[{\"@type\":\"CommentAction\",\"name\":\"Comment\",\"target\":[\"https:\/\/dicodusport.fr\/blog\/cyclisme-championnats-de-france-2020-contre-la-montre-hommes-liste-des-engages\/#respond\"]}],\"copyrightYear\":\"2020\",\"copyrightHolder\":{\"@id\":\"https:\/\/dicodusport.fr\/blog\/#organization\"}},{\"@type\":\"WebPage\",\"@id\":\"https:\/\/dicodusport.fr\/blog\/cyclisme-championnats-de-france-2020-contre-la-montre-hommes-liste-des-engages\/\",\"url\":\"https:\/\/dicodusport.fr\/blog\/cyclisme-championnats-de-france-2020-contre-la-montre-hommes-liste-des-engages\/\",\"name\":\"Championnats de France 2020 - Contre-la-montre hommes : la liste des engag\u00e9s\",\"isPartOf\":{\"@id\":\"https:\/\/dicodusport.fr\/blog\/#website\"},\"primaryImageOfPage\":{\"@id\":\"https:\/\/dicodusport.fr\/blog\/cyclisme-championnats-de-france-2020-contre-la-montre-hommes-liste-des-engages\/#primaryimage\"},\"image\":{\"@id\":\"https:\/\/dicodusport.fr\/blog\/cyclisme-championnats-de-france-2020-contre-la-montre-hommes-liste-des-engages\/#primaryimage\"},\"thumbnailUrl\":\"https:\/\/dicodusport.fr\/blog\/wp-content\/uploads\/2020\/08\/Championnats-de-France-2020-Contre-la-montre-hommes-La-liste-des-engag\u00e9s.png\",\"datePublished\":\"2020-08-20T18:38:59+00:00\",\"description\":\"Cyclisme sur route \u2013 Championnats de France 2020 \u2013 Ce vendredi 21 ao\u00fbt a lieu le contre-la-montre hommes \u00e0 Grand-Champ. La startlist.\",\"breadcrumb\":{\"@id\":\"https:\/\/dicodusport.fr\/blog\/cyclisme-championnats-de-france-2020-contre-la-montre-hommes-liste-des-engages\/#breadcrumb\"},\"inLanguage\":\"fr-FR\",\"potentialAction\":[{\"@type\":\"ReadAction\",\"target\":[\"https:\/\/dicodusport.fr\/blog\/cyclisme-championnats-de-france-2020-contre-la-montre-hommes-liste-des-engages\/\"]}]},{\"@type\":\"ImageObject\",\"inLanguage\":\"fr-FR\",\"@id\":\"https:\/\/dicodusport.fr\/blog\/cyclisme-championnats-de-france-2020-contre-la-montre-hommes-liste-des-engages\/#primaryimage\",\"url\":\"https:\/\/dicodusport.fr\/blog\/wp-content\/uploads\/2020\/08\/Championnats-de-France-2020-Contre-la-montre-hommes-La-liste-des-engag\u00e9s.png\",\"contentUrl\":\"https:\/\/dicodusport.fr\/blog\/wp-content\/uploads\/2020\/08\/Championnats-de-France-2020-Contre-la-montre-hommes-La-liste-des-engag\u00e9s.png\",\"width\":800,\"height\":445,\"caption\":\"Championnats de France 2020 - Contre-la-montre hommes : la liste des engag\u00e9s\"},{\"@type\":\"BreadcrumbList\",\"@id\":\"https:\/\/dicodusport.fr\/blog\/cyclisme-championnats-de-france-2020-contre-la-montre-hommes-liste-des-engages\/#breadcrumb\",\"itemListElement\":[{\"@type\":\"ListItem\",\"position\":1,\"name\":\"Accueil\",\"item\":\"https:\/\/dicodusport.fr\/blog\/\"},{\"@type\":\"ListItem\",\"position\":2,\"name\":\"Championnats de France 2020 &#8211; Contre-la-montre hommes : la liste des engag\u00e9s\"}]},{\"@type\":\"WebSite\",\"@id\":\"https:\/\/dicodusport.fr\/blog\/#website\",\"url\":\"https:\/\/dicodusport.fr\/blog\/\",\"name\":\"Dicodusport\",\"description\":\"L&#039;encyclop\u00e9die de l&#039;actualit\u00e9 sportive\",\"publisher\":{\"@id\":\"https:\/\/dicodusport.fr\/blog\/#organization\"},\"potentialAction\":[{\"@type\":\"SearchAction\",\"target\":{\"@type\":\"EntryPoint\",\"urlTemplate\":\"https:\/\/dicodusport.fr\/blog\/?s={search_term_string}\"},\"query-input\":{\"@type\":\"PropertyValueSpecification\",\"valueRequired\":true,\"valueName\":\"search_term_string\"}}],\"inLanguage\":\"fr-FR\"},{\"@type\":\"NewsMediaOrganization\",\"@id\":\"https:\/\/dicodusport.fr\/blog\/#organization\",\"name\":\"Dicodusport\",\"url\":\"https:\/\/dicodusport.fr\/blog\/\",\"logo\":{\"@type\":\"ImageObject\",\"inLanguage\":\"fr-FR\",\"@id\":\"https:\/\/dicodusport.fr\/blog\/#\/schema\/logo\/image\/\",\"url\":\"https:\/\/dicodusport.fr\/blog\/wp-content\/uploads\/2020\/06\/cropped-LOGO-DICODUSPORT-2020-SANS-FOND-SANS-TEXTE.png\",\"contentUrl\":\"https:\/\/dicodusport.fr\/blog\/wp-content\/uploads\/2020\/06\/cropped-LOGO-DICODUSPORT-2020-SANS-FOND-SANS-TEXTE.png\",\"width\":512,\"height\":512,\"caption\":\"Dicodusport\"},\"image\":{\"@id\":\"https:\/\/dicodusport.fr\/blog\/#\/schema\/logo\/image\/\"},\"sameAs\":[\"https:\/\/www.facebook.com\/dicodusport\",\"https:\/\/x.com\/dicodusport\",\"https:\/\/www.instagram.com\/dicodusport\/\",\"https:\/\/www.youtube.com\/channel\/UC7V2KZ5sd3htJivAbA4ZG3w\"],\"description\":\"Dicodusport est l'encyclop\u00e9die de l'actualit\u00e9 sportive.\",\"email\":\"bonjour@dicodusport.fr\",\"legalName\":\"DICODUSPORT\",\"foundingDate\":\"2018-01-14\",\"vatID\":\"FR71834470973\",\"taxID\":\"83447097300043\",\"numberOfEmployees\":{\"@type\":\"QuantitativeValue\",\"minValue\":\"1\",\"maxValue\":\"10\"}},{\"@type\":\"Person\",\"@id\":\"https:\/\/dicodusport.fr\/blog\/#\/schema\/person\/cb02af4c173ce4a653b55e9baf388d4a\",\"name\":\"Flo Ostermann\",\"image\":{\"@type\":\"ImageObject\",\"inLanguage\":\"fr-FR\",\"@id\":\"https:\/\/dicodusport.fr\/blog\/#\/schema\/person\/image\/\",\"url\":\"https:\/\/dicodusport.fr\/blog\/wp-content\/uploads\/2021\/05\/Flo-Ostermann-150x150.jpg\",\"contentUrl\":\"https:\/\/dicodusport.fr\/blog\/wp-content\/uploads\/2021\/05\/Flo-Ostermann-150x150.jpg\",\"caption\":\"Flo Ostermann\"},\"description\":\"Journaliste\/R\u00e9dacteur depuis septembre 2015 - Mes premiers souvenirs dans le sport ? Les envol\u00e9es du Stade Toulousain et les duels Villeneuve-Schumacher et H\u00e4kkinen-Schumacher \u00e0 la fin des ann\u00e9es 90, la Coupe du monde de football en 1998, l\u2019exploit du XV de France face aux All Blacks en 1999, mais aussi Richard C\u0153ur de Lion qui vole sur les montagnes du Tour de France. Bien parti pour devenir professeur d\u2019EPS, les \u00e9v\u00e9nements de la vie (et la flemme d\u2019animer des s\u00e9ances de 3x500 m\u00e8tres toute ma vie) m\u2019ont conduit \u00e0 revoir mes plans. Me voil\u00e0 depuis fin 2017 sur Dicodusport, m\u00e9dia gr\u00e2ce (et pour) lequel je partage ma passion : le sport dans tous ses \u00e9tats. Le tout accompagn\u00e9 par les fous furieux et folles furieuses cit\u00e9s sur cette page !\",\"sameAs\":[\"https:\/\/www.facebook.com\/florent.ostermann\",\"https:\/\/x.com\/https:\/\/twitter.com\/FlOstermann\",\"admin\"],\"url\":\"https:\/\/dicodusport.fr\/blog\/author\/flo\/\"}]}<\/script>\n<!-- \/ Yoast SEO Premium plugin. -->","yoast_head_json":{"title":"Championnats de France 2020 - Contre-la-montre hommes : la liste des engag\u00e9s","description":"Cyclisme sur route \u2013 Championnats de France 2020 \u2013 Ce vendredi 21 ao\u00fbt a lieu le contre-la-montre hommes \u00e0 Grand-Champ. La startlist.","robots":{"index":"index","follow":"follow","max-snippet":"max-snippet:-1","max-image-preview":"max-image-preview:large","max-video-preview":"max-video-preview:-1"},"canonical":"https:\/\/dicodusport.fr\/blog\/cyclisme-championnats-de-france-2020-contre-la-montre-hommes-liste-des-engages\/","og_locale":"fr_FR","og_type":"article","og_title":"Championnats de France 2020 - Contre-la-montre hommes : la liste des engag\u00e9s","og_description":"Cyclisme sur route \u2013 Championnats de France 2020 \u2013 Ce vendredi 21 ao\u00fbt a lieu le contre-la-montre hommes \u00e0 Grand-Champ. La startlist.","og_url":"https:\/\/dicodusport.fr\/blog\/cyclisme-championnats-de-france-2020-contre-la-montre-hommes-liste-des-engages\/","og_site_name":"Dicodusport","article_publisher":"https:\/\/www.facebook.com\/dicodusport","article_author":"https:\/\/www.facebook.com\/florent.ostermann","article_published_time":"2020-08-20T18:38:59+00:00","og_image":[{"width":800,"height":445,"url":"https:\/\/dicodusport.fr\/blog\/wp-content\/uploads\/2020\/08\/Championnats-de-France-2020-Contre-la-montre-hommes-La-liste-des-engag\u00e9s.png","type":"image\/png"}],"author":"Flo Ostermann","twitter_card":"summary_large_image","twitter_title":"Championnats de France 2020 - Contre-la-montre hommes : la liste des engag\u00e9s","twitter_creator":"@https:\/\/twitter.com\/FlOstermann","twitter_site":"@dicodusport","schema":{"@context":"https:\/\/schema.org","@graph":[{"@type":"NewsArticle","@id":"https:\/\/dicodusport.fr\/blog\/cyclisme-championnats-de-france-2020-contre-la-montre-hommes-liste-des-engages\/#article","isPartOf":{"@id":"https:\/\/dicodusport.fr\/blog\/cyclisme-championnats-de-france-2020-contre-la-montre-hommes-liste-des-engages\/"},"author":{"name":"Flo Ostermann","@id":"https:\/\/dicodusport.fr\/blog\/#\/schema\/person\/cb02af4c173ce4a653b55e9baf388d4a"},"headline":"Championnats de France 2020 &#8211; Contre-la-montre hommes : la liste des engag\u00e9s","datePublished":"2020-08-20T18:38:59+00:00","mainEntityOfPage":{"@id":"https:\/\/dicodusport.fr\/blog\/cyclisme-championnats-de-france-2020-contre-la-montre-hommes-liste-des-engages\/"},"wordCount":385,"commentCount":0,"publisher":{"@id":"https:\/\/dicodusport.fr\/blog\/#organization"},"image":{"@id":"https:\/\/dicodusport.fr\/blog\/cyclisme-championnats-de-france-2020-contre-la-montre-hommes-liste-des-engages\/#primaryimage"},"thumbnailUrl":"https:\/\/dicodusport.fr\/blog\/wp-content\/uploads\/2020\/08\/Championnats-de-France-2020-Contre-la-montre-hommes-La-liste-des-engag\u00e9s.png","articleSection":["Cyclisme"],"inLanguage":"fr-FR","potentialAction":[{"@type":"CommentAction","name":"Comment","target":["https:\/\/dicodusport.fr\/blog\/cyclisme-championnats-de-france-2020-contre-la-montre-hommes-liste-des-engages\/#respond"]}],"copyrightYear":"2020","copyrightHolder":{"@id":"https:\/\/dicodusport.fr\/blog\/#organization"}},{"@type":"WebPage","@id":"https:\/\/dicodusport.fr\/blog\/cyclisme-championnats-de-france-2020-contre-la-montre-hommes-liste-des-engages\/","url":"https:\/\/dicodusport.fr\/blog\/cyclisme-championnats-de-france-2020-contre-la-montre-hommes-liste-des-engages\/","name":"Championnats de France 2020 - Contre-la-montre hommes : la liste des engag\u00e9s","isPartOf":{"@id":"https:\/\/dicodusport.fr\/blog\/#website"},"primaryImageOfPage":{"@id":"https:\/\/dicodusport.fr\/blog\/cyclisme-championnats-de-france-2020-contre-la-montre-hommes-liste-des-engages\/#primaryimage"},"image":{"@id":"https:\/\/dicodusport.fr\/blog\/cyclisme-championnats-de-france-2020-contre-la-montre-hommes-liste-des-engages\/#primaryimage"},"thumbnailUrl":"https:\/\/dicodusport.fr\/blog\/wp-content\/uploads\/2020\/08\/Championnats-de-France-2020-Contre-la-montre-hommes-La-liste-des-engag\u00e9s.png","datePublished":"2020-08-20T18:38:59+00:00","description":"Cyclisme sur route \u2013 Championnats de France 2020 \u2013 Ce vendredi 21 ao\u00fbt a lieu le contre-la-montre hommes \u00e0 Grand-Champ. La startlist.","breadcrumb":{"@id":"https:\/\/dicodusport.fr\/blog\/cyclisme-championnats-de-france-2020-contre-la-montre-hommes-liste-des-engages\/#breadcrumb"},"inLanguage":"fr-FR","potentialAction":[{"@type":"ReadAction","target":["https:\/\/dicodusport.fr\/blog\/cyclisme-championnats-de-france-2020-contre-la-montre-hommes-liste-des-engages\/"]}]},{"@type":"ImageObject","inLanguage":"fr-FR","@id":"https:\/\/dicodusport.fr\/blog\/cyclisme-championnats-de-france-2020-contre-la-montre-hommes-liste-des-engages\/#primaryimage","url":"https:\/\/dicodusport.fr\/blog\/wp-content\/uploads\/2020\/08\/Championnats-de-France-2020-Contre-la-montre-hommes-La-liste-des-engag\u00e9s.png","contentUrl":"https:\/\/dicodusport.fr\/blog\/wp-content\/uploads\/2020\/08\/Championnats-de-France-2020-Contre-la-montre-hommes-La-liste-des-engag\u00e9s.png","width":800,"height":445,"caption":"Championnats de France 2020 - Contre-la-montre hommes : la liste des engag\u00e9s"},{"@type":"BreadcrumbList","@id":"https:\/\/dicodusport.fr\/blog\/cyclisme-championnats-de-france-2020-contre-la-montre-hommes-liste-des-engages\/#breadcrumb","itemListElement":[{"@type":"ListItem","position":1,"name":"Accueil","item":"https:\/\/dicodusport.fr\/blog\/"},{"@type":"ListItem","position":2,"name":"Championnats de France 2020 &#8211; Contre-la-montre hommes : la liste des engag\u00e9s"}]},{"@type":"WebSite","@id":"https:\/\/dicodusport.fr\/blog\/#website","url":"https:\/\/dicodusport.fr\/blog\/","name":"Dicodusport","description":"L&#039;encyclop\u00e9die de l&#039;actualit\u00e9 sportive","publisher":{"@id":"https:\/\/dicodusport.fr\/blog\/#organization"},"potentialAction":[{"@type":"SearchAction","target":{"@type":"EntryPoint","urlTemplate":"https:\/\/dicodusport.fr\/blog\/?s={search_term_string}"},"query-input":{"@type":"PropertyValueSpecification","valueRequired":true,"valueName":"search_term_string"}}],"inLanguage":"fr-FR"},{"@type":"NewsMediaOrganization","@id":"https:\/\/dicodusport.fr\/blog\/#organization","name":"Dicodusport","url":"https:\/\/dicodusport.fr\/blog\/","logo":{"@type":"ImageObject","inLanguage":"fr-FR","@id":"https:\/\/dicodusport.fr\/blog\/#\/schema\/logo\/image\/","url":"https:\/\/dicodusport.fr\/blog\/wp-content\/uploads\/2020\/06\/cropped-LOGO-DICODUSPORT-2020-SANS-FOND-SANS-TEXTE.png","contentUrl":"https:\/\/dicodusport.fr\/blog\/wp-content\/uploads\/2020\/06\/cropped-LOGO-DICODUSPORT-2020-SANS-FOND-SANS-TEXTE.png","width":512,"height":512,"caption":"Dicodusport"},"image":{"@id":"https:\/\/dicodusport.fr\/blog\/#\/schema\/logo\/image\/"},"sameAs":["https:\/\/www.facebook.com\/dicodusport","https:\/\/x.com\/dicodusport","https:\/\/www.instagram.com\/dicodusport\/","https:\/\/www.youtube.com\/channel\/UC7V2KZ5sd3htJivAbA4ZG3w"],"description":"Dicodusport est l'encyclop\u00e9die de l'actualit\u00e9 sportive.","email":"bonjour@dicodusport.fr","legalName":"DICODUSPORT","foundingDate":"2018-01-14","vatID":"FR71834470973","taxID":"83447097300043","numberOfEmployees":{"@type":"QuantitativeValue","minValue":"1","maxValue":"10"}},{"@type":"Person","@id":"https:\/\/dicodusport.fr\/blog\/#\/schema\/person\/cb02af4c173ce4a653b55e9baf388d4a","name":"Flo Ostermann","image":{"@type":"ImageObject","inLanguage":"fr-FR","@id":"https:\/\/dicodusport.fr\/blog\/#\/schema\/person\/image\/","url":"https:\/\/dicodusport.fr\/blog\/wp-content\/uploads\/2021\/05\/Flo-Ostermann-150x150.jpg","contentUrl":"https:\/\/dicodusport.fr\/blog\/wp-content\/uploads\/2021\/05\/Flo-Ostermann-150x150.jpg","caption":"Flo Ostermann"},"description":"Journaliste\/R\u00e9dacteur depuis septembre 2015 - Mes premiers souvenirs dans le sport ? Les envol\u00e9es du Stade Toulousain et les duels Villeneuve-Schumacher et H\u00e4kkinen-Schumacher \u00e0 la fin des ann\u00e9es 90, la Coupe du monde de football en 1998, l\u2019exploit du XV de France face aux All Blacks en 1999, mais aussi Richard C\u0153ur de Lion qui vole sur les montagnes du Tour de France. Bien parti pour devenir professeur d\u2019EPS, les \u00e9v\u00e9nements de la vie (et la flemme d\u2019animer des s\u00e9ances de 3x500 m\u00e8tres toute ma vie) m\u2019ont conduit \u00e0 revoir mes plans. Me voil\u00e0 depuis fin 2017 sur Dicodusport, m\u00e9dia gr\u00e2ce (et pour) lequel je partage ma passion : le sport dans tous ses \u00e9tats. Le tout accompagn\u00e9 par les fous furieux et folles furieuses cit\u00e9s sur cette page !","sameAs":["https:\/\/www.facebook.com\/florent.ostermann","https:\/\/x.com\/https:\/\/twitter.com\/FlOstermann","admin"],"url":"https:\/\/dicodusport.fr\/blog\/author\/flo\/"}]}},"_links":{"self":[{"href":"https:\/\/dicodusport.fr\/blog\/wp-json\/wp\/v2\/posts\/75053","targetHints":{"allow":["GET"]}}],"collection":[{"href":"https:\/\/dicodusport.fr\/blog\/wp-json\/wp\/v2\/posts"}],"about":[{"href":"https:\/\/dicodusport.fr\/blog\/wp-json\/wp\/v2\/types\/post"}],"author":[{"embeddable":true,"href":"https:\/\/dicodusport.fr\/blog\/wp-json\/wp\/v2\/users\/4"}],"replies":[{"embeddable":true,"href":"https:\/\/dicodusport.fr\/blog\/wp-json\/wp\/v2\/comments?post=75053"}],"version-history":[{"count":0,"href":"https:\/\/dicodusport.fr\/blog\/wp-json\/wp\/v2\/posts\/75053\/revisions"}],"wp:featuredmedia":[{"embeddable":true,"href":"https:\/\/dicodusport.fr\/blog\/wp-json\/wp\/v2\/media\/75054"}],"wp:attachment":[{"href":"https:\/\/dicodusport.fr\/blog\/wp-json\/wp\/v2\/media?parent=75053"}],"wp:term":[{"taxonomy":"category","embeddable":true,"href":"https:\/\/dicodusport.fr\/blog\/wp-json\/wp\/v2\/categories?post=75053"},{"taxonomy":"post_tag","embeddable":true,"href":"https:\/\/dicodusport.fr\/blog\/wp-json\/wp\/v2\/tags?post=75053"}],"curies":[{"name":"wp","href":"https:\/\/api.w.org\/{rel}","templated":true}]}}