{"id":75140,"date":"2020-08-21T17:38:13","date_gmt":"2020-08-21T15:38:13","guid":{"rendered":"http:\/\/dicodusport.fr\/blog\/?p=75140&#038;preview=true&#038;preview_id=75140"},"modified":"2020-08-21T17:38:13","modified_gmt":"2020-08-21T15:38:13","slug":"tour-du-limousin-general-luca-wackermann-derniere-etape-alessandro-fedeli","status":"publish","type":"post","link":"https:\/\/dicodusport.fr\/blog\/tour-du-limousin-general-luca-wackermann-derniere-etape-alessandro-fedeli\/","title":{"rendered":"Tour du Limousin : le g\u00e9n\u00e9ral pour Luca Wackermann, la derni\u00e8re \u00e9tape pour Alessandro Fedeli"},"content":{"rendered":"<p style=\"text-align: justify;\"><em><a style=\"font-weight: bold;\" href=\"https:\/\/dicodusport.fr\/blog\/tour-du-limousin-2020-profil-des-etapes\/\" target=\"_blank\" rel=\"noopener noreferrer\">TOUR DU LIMOUSIN 2020<\/a><b> &#8211; \u00c0 l&rsquo;issue de la derni\u00e8re \u00e9tape arrivant \u00e0 Limoges, Luca Wackermann (Vini Zab\u00f9 &#8211; KTM) a remport\u00e9 ce vendredi le Tour du Limousin. Son compatriote Alessandro Fedeli (NIPPO DELKO One Provence) a lui lev\u00e9 les bras lors de cette 4\u00e8me \u00e9tape.<\/b><\/em><\/p>\n<p style=\"text-align: justify;\">Au terme d&rsquo;une derni\u00e8re \u00e9tape anim\u00e9e, <strong>Alessandro Fedeli<\/strong> (NIPPO DELKO One Provence) s&rsquo;est impos\u00e9 \u00e0 Limoges. \u00c0 l&rsquo;attaque avec <strong>Rui Costa<\/strong> (UAE Emirates Team) dans le final, l&rsquo;Italien a domin\u00e9 le Portugais sur la ligne. Surtout, ce dernier pouvait esp\u00e9rer remporter le g\u00e9n\u00e9ral et d\u00e9poss\u00e9der <strong>Luca Wackermann<\/strong> (Vini Zab\u00f9 &#8211; KTM) du maillot de leader. Mais avec cinq secondes de marge sur la ligne sur le groupe <strong>Wackermann<\/strong> et six secondes de bonifications glan\u00e9es, il manquait encore cinq secondes \u00e0 l&rsquo;ancien champion du monde pour l&#8217;emporter.<\/p>\n<blockquote class=\"twitter-tweet\">\n<p dir=\"ltr\" lang=\"fr\">Luka Wackermann est finalement le vainqueur de ce Tour du Limousin, une grande premi\u00e8re pour l&rsquo;Italien <a href=\"https:\/\/twitter.com\/hashtag\/CaVaFrotter?src=hash&amp;ref_src=twsrc%5Etfw\">#CaVaFrotter<\/a> <a href=\"https:\/\/twitter.com\/hashtag\/TourduLimousin?src=hash&amp;ref_src=twsrc%5Etfw\">#TourduLimousin<\/a> <a href=\"https:\/\/twitter.com\/hashtag\/LEquipeVELO?src=hash&amp;ref_src=twsrc%5Etfw\">#LEquipeVELO<\/a> <a href=\"https:\/\/t.co\/GdNehNDF3m\">pic.twitter.com\/GdNehNDF3m<\/a><\/p>\n<p>\u2014 la chaine L&rsquo;\u00c9quipe (@lachainelequipe) <a href=\"https:\/\/twitter.com\/lachainelequipe\/status\/1296824420498132996?ref_src=twsrc%5Etfw\">August 21, 2020<\/a><\/p><\/blockquote>\n<p><script async src=\"https:\/\/platform.twitter.com\/widgets.js\" charset=\"utf-8\"><\/script><\/p>\n<h2 style=\"text-align: justify;\">Le classement g\u00e9n\u00e9ral final du Tour du Limousin 2020<\/h2>\n<blockquote class=\"twitter-tweet\">\n<p dir=\"ltr\" lang=\"es\">Resultados y clasificaci\u00f3n general tras la cuarta etapa del Tour de Limousin &#x1f6b2;&#x1f44d;.<a href=\"https:\/\/twitter.com\/hashtag\/tourdelimousin?src=hash&amp;ref_src=twsrc%5Etfw\">#tourdelimousin<\/a> <a href=\"https:\/\/twitter.com\/hashtag\/TDLNA2020?src=hash&amp;ref_src=twsrc%5Etfw\">#TDLNA2020<\/a> <a href=\"https:\/\/twitter.com\/hashtag\/ciclismo?src=hash&amp;ref_src=twsrc%5Etfw\">#ciclismo<\/a><a href=\"https:\/\/twitter.com\/hashtag\/ciclismocolombiano?src=hash&amp;ref_src=twsrc%5Etfw\">#ciclismocolombiano<\/a><a href=\"https:\/\/twitter.com\/hashtag\/ciclismourbano?src=hash&amp;ref_src=twsrc%5Etfw\">#ciclismourbano<\/a><a href=\"https:\/\/twitter.com\/hashtag\/lucawackermann?src=hash&amp;ref_src=twsrc%5Etfw\">#lucawackermann<\/a> <a href=\"https:\/\/t.co\/gR8WzI0zja\">pic.twitter.com\/gR8WzI0zja<\/a><\/p>\n<p>\u2014 VideoDeportes (@CostaDeportes) <a href=\"https:\/\/twitter.com\/CostaDeportes\/status\/1296831232525905923?ref_src=twsrc%5Etfw\">August 21, 2020<\/a><\/p><\/blockquote>\n<p><script async src=\"https:\/\/platform.twitter.com\/widgets.js\" charset=\"utf-8\"><\/script><\/p>\n<ul>\n<li style=\"text-align: justify;\"><strong>\u00c0 lire aussi &#8211; <a href=\"https:\/\/www.procyclingstats.com\/race\/tour-du-limousin\/2020\/stage-4\" target=\"_blank\" rel=\"noopener noreferrer\">Tous les classements de la 4\u00e8me \u00e9tape du Tour du Limousin 2020<\/a><\/strong><\/li>\n<\/ul>\n<p><strong><em>Dicodusport<br \/>\n<a href=\"https:\/\/www.facebook.com\/dicodusport\/\" target=\"_blank\" rel=\"noopener noreferrer\"><img loading=\"lazy\" decoding=\"async\" class=\"alignnone wp-image-2909\" src=\"http:\/\/dicodusport.fr\/blog\/wp-content\/uploads\/2017\/07\/logo-facebook-150x150.png\" alt=\"\" width=\"40\" height=\"40\" \/><\/a><a href=\"https:\/\/twitter.com\/dicodusport\" target=\"_blank\" rel=\"noopener noreferrer\"><img loading=\"lazy\" decoding=\"async\" class=\"alignnone wp-image-2908\" src=\"http:\/\/dicodusport.fr\/blog\/wp-content\/uploads\/2017\/07\/logo-twitter-150x150.png\" alt=\"\" width=\"39\" height=\"39\" \/><\/a><\/em><\/strong><\/p>\n","protected":false},"excerpt":{"rendered":"<p>TOUR DU LIMOUSIN 2020 &#8211; \u00c0 l&rsquo;issue de la derni\u00e8re \u00e9tape arrivant \u00e0 Limoges, Luca Wackermann (Vini Zab\u00f9 &#8211; KTM) a remport\u00e9 ce vendredi le Tour du Limousin. Son compatriote Alessandro Fedeli (NIPPO DELKO One Provence) a lui lev\u00e9 les bras lors de cette 4\u00e8me \u00e9tape.<\/p>\n","protected":false},"author":4,"featured_media":75154,"comment_status":"open","ping_status":"closed","sticky":false,"template":"","format":"standard","meta":{"_acf_changed":false,"_daextam_enable_autolinks":"","footnotes":""},"categories":[2307],"tags":[5778],"class_list":["post-75140","post","type-post","status-publish","format-standard","has-post-thumbnail","hentry","category-cyclisme","tag-tour-du-limousin"],"acf":[],"yoast_head":"<!-- This site is optimized with the Yoast SEO Premium plugin v26.7 (Yoast SEO v26.7) - https:\/\/yoast.com\/wordpress\/plugins\/seo\/ -->\n<title>Tour du Limousin : le g\u00e9n\u00e9ral pour Luca Wackermann, la derni\u00e8re \u00e9tape pour Alessandro Fedeli<\/title>\n<meta name=\"description\" content=\"TOUR DU LIMOUSIN 2020 - \u00c0 l&#039;issue de la derni\u00e8re \u00e9tape, Luca Wackermann (Vini Zab\u00f9 - KTM) a remport\u00e9 ce vendredi le Tour du Limousin.\" \/>\n<meta name=\"robots\" content=\"index, follow, max-snippet:-1, max-image-preview:large, max-video-preview:-1\" \/>\n<link rel=\"canonical\" href=\"https:\/\/dicodusport.fr\/blog\/tour-du-limousin-general-luca-wackermann-derniere-etape-alessandro-fedeli\/\" \/>\n<meta property=\"og:locale\" content=\"fr_FR\" \/>\n<meta property=\"og:type\" content=\"article\" \/>\n<meta property=\"og:title\" content=\"Tour du Limousin : le g\u00e9n\u00e9ral pour Wackermann, la derni\u00e8re \u00e9tape pour Fedeli\" \/>\n<meta property=\"og:description\" content=\"TOUR DU LIMOUSIN 2020 - \u00c0 l&#039;issue de la derni\u00e8re \u00e9tape, Luca Wackermann (Vini Zab\u00f9 - KTM) a remport\u00e9 ce vendredi le Tour du Limousin.\" \/>\n<meta property=\"og:url\" content=\"https:\/\/dicodusport.fr\/blog\/tour-du-limousin-general-luca-wackermann-derniere-etape-alessandro-fedeli\/\" \/>\n<meta property=\"og:site_name\" content=\"Dicodusport\" \/>\n<meta property=\"article:publisher\" content=\"https:\/\/www.facebook.com\/dicodusport\" \/>\n<meta property=\"article:author\" content=\"https:\/\/www.facebook.com\/florent.ostermann\" \/>\n<meta property=\"article:published_time\" content=\"2020-08-21T15:38:13+00:00\" \/>\n<meta property=\"og:image\" content=\"https:\/\/dicodusport.fr\/blog\/wp-content\/uploads\/2020\/08\/Tour-du-Limousin-Le-g\u00e9n\u00e9ral-pour-Luca-Wackermann-la-derni\u00e8re-\u00e9tape-pour-Alessandro-Fedeli.png\" \/>\n\t<meta property=\"og:image:width\" content=\"800\" \/>\n\t<meta property=\"og:image:height\" content=\"445\" \/>\n\t<meta property=\"og:image:type\" content=\"image\/png\" \/>\n<meta name=\"author\" content=\"Flo Ostermann\" \/>\n<meta name=\"twitter:card\" content=\"summary_large_image\" \/>\n<meta name=\"twitter:title\" content=\"Tour du Limousin : le g\u00e9n\u00e9ral pour Wackermann, la derni\u00e8re \u00e9tape pour Fedeli\" \/>\n<meta name=\"twitter:creator\" content=\"@https:\/\/twitter.com\/FlOstermann\" \/>\n<meta name=\"twitter:site\" content=\"@dicodusport\" \/>\n<script type=\"application\/ld+json\" class=\"yoast-schema-graph\">{\"@context\":\"https:\/\/schema.org\",\"@graph\":[{\"@type\":\"NewsArticle\",\"@id\":\"https:\/\/dicodusport.fr\/blog\/tour-du-limousin-general-luca-wackermann-derniere-etape-alessandro-fedeli\/#article\",\"isPartOf\":{\"@id\":\"https:\/\/dicodusport.fr\/blog\/tour-du-limousin-general-luca-wackermann-derniere-etape-alessandro-fedeli\/\"},\"author\":{\"name\":\"Flo Ostermann\",\"@id\":\"https:\/\/dicodusport.fr\/blog\/#\/schema\/person\/cb02af4c173ce4a653b55e9baf388d4a\"},\"headline\":\"Tour du Limousin : le g\u00e9n\u00e9ral pour Luca Wackermann, la derni\u00e8re \u00e9tape pour Alessandro Fedeli\",\"datePublished\":\"2020-08-21T15:38:13+00:00\",\"mainEntityOfPage\":{\"@id\":\"https:\/\/dicodusport.fr\/blog\/tour-du-limousin-general-luca-wackermann-derniere-etape-alessandro-fedeli\/\"},\"wordCount\":250,\"commentCount\":0,\"publisher\":{\"@id\":\"https:\/\/dicodusport.fr\/blog\/#organization\"},\"image\":{\"@id\":\"https:\/\/dicodusport.fr\/blog\/tour-du-limousin-general-luca-wackermann-derniere-etape-alessandro-fedeli\/#primaryimage\"},\"thumbnailUrl\":\"https:\/\/dicodusport.fr\/blog\/wp-content\/uploads\/2020\/08\/Tour-du-Limousin-Le-g\u00e9n\u00e9ral-pour-Luca-Wackermann-la-derni\u00e8re-\u00e9tape-pour-Alessandro-Fedeli.png\",\"keywords\":[\"Tour du Limousin\"],\"articleSection\":[\"Cyclisme\"],\"inLanguage\":\"fr-FR\",\"potentialAction\":[{\"@type\":\"CommentAction\",\"name\":\"Comment\",\"target\":[\"https:\/\/dicodusport.fr\/blog\/tour-du-limousin-general-luca-wackermann-derniere-etape-alessandro-fedeli\/#respond\"]}],\"copyrightYear\":\"2020\",\"copyrightHolder\":{\"@id\":\"https:\/\/dicodusport.fr\/blog\/#organization\"}},{\"@type\":\"WebPage\",\"@id\":\"https:\/\/dicodusport.fr\/blog\/tour-du-limousin-general-luca-wackermann-derniere-etape-alessandro-fedeli\/\",\"url\":\"https:\/\/dicodusport.fr\/blog\/tour-du-limousin-general-luca-wackermann-derniere-etape-alessandro-fedeli\/\",\"name\":\"Tour du Limousin : le g\u00e9n\u00e9ral pour Luca Wackermann, la derni\u00e8re \u00e9tape pour Alessandro Fedeli\",\"isPartOf\":{\"@id\":\"https:\/\/dicodusport.fr\/blog\/#website\"},\"primaryImageOfPage\":{\"@id\":\"https:\/\/dicodusport.fr\/blog\/tour-du-limousin-general-luca-wackermann-derniere-etape-alessandro-fedeli\/#primaryimage\"},\"image\":{\"@id\":\"https:\/\/dicodusport.fr\/blog\/tour-du-limousin-general-luca-wackermann-derniere-etape-alessandro-fedeli\/#primaryimage\"},\"thumbnailUrl\":\"https:\/\/dicodusport.fr\/blog\/wp-content\/uploads\/2020\/08\/Tour-du-Limousin-Le-g\u00e9n\u00e9ral-pour-Luca-Wackermann-la-derni\u00e8re-\u00e9tape-pour-Alessandro-Fedeli.png\",\"datePublished\":\"2020-08-21T15:38:13+00:00\",\"description\":\"TOUR DU LIMOUSIN 2020 - \u00c0 l'issue de la derni\u00e8re \u00e9tape, Luca Wackermann (Vini Zab\u00f9 - KTM) a remport\u00e9 ce vendredi le Tour du Limousin.\",\"breadcrumb\":{\"@id\":\"https:\/\/dicodusport.fr\/blog\/tour-du-limousin-general-luca-wackermann-derniere-etape-alessandro-fedeli\/#breadcrumb\"},\"inLanguage\":\"fr-FR\",\"potentialAction\":[{\"@type\":\"ReadAction\",\"target\":[\"https:\/\/dicodusport.fr\/blog\/tour-du-limousin-general-luca-wackermann-derniere-etape-alessandro-fedeli\/\"]}]},{\"@type\":\"ImageObject\",\"inLanguage\":\"fr-FR\",\"@id\":\"https:\/\/dicodusport.fr\/blog\/tour-du-limousin-general-luca-wackermann-derniere-etape-alessandro-fedeli\/#primaryimage\",\"url\":\"https:\/\/dicodusport.fr\/blog\/wp-content\/uploads\/2020\/08\/Tour-du-Limousin-Le-g\u00e9n\u00e9ral-pour-Luca-Wackermann-la-derni\u00e8re-\u00e9tape-pour-Alessandro-Fedeli.png\",\"contentUrl\":\"https:\/\/dicodusport.fr\/blog\/wp-content\/uploads\/2020\/08\/Tour-du-Limousin-Le-g\u00e9n\u00e9ral-pour-Luca-Wackermann-la-derni\u00e8re-\u00e9tape-pour-Alessandro-Fedeli.png\",\"width\":800,\"height\":445,\"caption\":\"Tour du Limousin : le g\u00e9n\u00e9ral pour Luca Wackermann, la derni\u00e8re \u00e9tape pour Alessandro Fedeli\"},{\"@type\":\"BreadcrumbList\",\"@id\":\"https:\/\/dicodusport.fr\/blog\/tour-du-limousin-general-luca-wackermann-derniere-etape-alessandro-fedeli\/#breadcrumb\",\"itemListElement\":[{\"@type\":\"ListItem\",\"position\":1,\"name\":\"Accueil\",\"item\":\"https:\/\/dicodusport.fr\/blog\/\"},{\"@type\":\"ListItem\",\"position\":2,\"name\":\"Tour du Limousin : le g\u00e9n\u00e9ral pour Luca Wackermann, la derni\u00e8re \u00e9tape pour Alessandro Fedeli\"}]},{\"@type\":\"WebSite\",\"@id\":\"https:\/\/dicodusport.fr\/blog\/#website\",\"url\":\"https:\/\/dicodusport.fr\/blog\/\",\"name\":\"Dicodusport\",\"description\":\"L&#039;encyclop\u00e9die de l&#039;actualit\u00e9 sportive\",\"publisher\":{\"@id\":\"https:\/\/dicodusport.fr\/blog\/#organization\"},\"potentialAction\":[{\"@type\":\"SearchAction\",\"target\":{\"@type\":\"EntryPoint\",\"urlTemplate\":\"https:\/\/dicodusport.fr\/blog\/?s={search_term_string}\"},\"query-input\":{\"@type\":\"PropertyValueSpecification\",\"valueRequired\":true,\"valueName\":\"search_term_string\"}}],\"inLanguage\":\"fr-FR\"},{\"@type\":\"NewsMediaOrganization\",\"@id\":\"https:\/\/dicodusport.fr\/blog\/#organization\",\"name\":\"Dicodusport\",\"url\":\"https:\/\/dicodusport.fr\/blog\/\",\"logo\":{\"@type\":\"ImageObject\",\"inLanguage\":\"fr-FR\",\"@id\":\"https:\/\/dicodusport.fr\/blog\/#\/schema\/logo\/image\/\",\"url\":\"https:\/\/dicodusport.fr\/blog\/wp-content\/uploads\/2020\/06\/cropped-LOGO-DICODUSPORT-2020-SANS-FOND-SANS-TEXTE.png\",\"contentUrl\":\"https:\/\/dicodusport.fr\/blog\/wp-content\/uploads\/2020\/06\/cropped-LOGO-DICODUSPORT-2020-SANS-FOND-SANS-TEXTE.png\",\"width\":512,\"height\":512,\"caption\":\"Dicodusport\"},\"image\":{\"@id\":\"https:\/\/dicodusport.fr\/blog\/#\/schema\/logo\/image\/\"},\"sameAs\":[\"https:\/\/www.facebook.com\/dicodusport\",\"https:\/\/x.com\/dicodusport\",\"https:\/\/www.instagram.com\/dicodusport\/\",\"https:\/\/www.youtube.com\/channel\/UC7V2KZ5sd3htJivAbA4ZG3w\"],\"description\":\"Dicodusport est l'encyclop\u00e9die de l'actualit\u00e9 sportive.\",\"email\":\"bonjour@dicodusport.fr\",\"legalName\":\"DICODUSPORT\",\"foundingDate\":\"2018-01-14\",\"vatID\":\"FR71834470973\",\"taxID\":\"83447097300043\",\"numberOfEmployees\":{\"@type\":\"QuantitativeValue\",\"minValue\":\"1\",\"maxValue\":\"10\"}},{\"@type\":\"Person\",\"@id\":\"https:\/\/dicodusport.fr\/blog\/#\/schema\/person\/cb02af4c173ce4a653b55e9baf388d4a\",\"name\":\"Flo Ostermann\",\"image\":{\"@type\":\"ImageObject\",\"inLanguage\":\"fr-FR\",\"@id\":\"https:\/\/dicodusport.fr\/blog\/#\/schema\/person\/image\/\",\"url\":\"https:\/\/dicodusport.fr\/blog\/wp-content\/uploads\/2021\/05\/Flo-Ostermann-150x150.jpg\",\"contentUrl\":\"https:\/\/dicodusport.fr\/blog\/wp-content\/uploads\/2021\/05\/Flo-Ostermann-150x150.jpg\",\"caption\":\"Flo Ostermann\"},\"description\":\"Journaliste\/R\u00e9dacteur depuis septembre 2015 - Mes premiers souvenirs dans le sport ? Les envol\u00e9es du Stade Toulousain et les duels Villeneuve-Schumacher et H\u00e4kkinen-Schumacher \u00e0 la fin des ann\u00e9es 90, la Coupe du monde de football en 1998, l\u2019exploit du XV de France face aux All Blacks en 1999, mais aussi Richard C\u0153ur de Lion qui vole sur les montagnes du Tour de France. Bien parti pour devenir professeur d\u2019EPS, les \u00e9v\u00e9nements de la vie (et la flemme d\u2019animer des s\u00e9ances de 3x500 m\u00e8tres toute ma vie) m\u2019ont conduit \u00e0 revoir mes plans. Me voil\u00e0 depuis fin 2017 sur Dicodusport, m\u00e9dia gr\u00e2ce (et pour) lequel je partage ma passion : le sport dans tous ses \u00e9tats. Le tout accompagn\u00e9 par les fous furieux et folles furieuses cit\u00e9s sur cette page !\",\"sameAs\":[\"https:\/\/www.facebook.com\/florent.ostermann\",\"https:\/\/x.com\/https:\/\/twitter.com\/FlOstermann\",\"admin\"],\"url\":\"https:\/\/dicodusport.fr\/blog\/author\/flo\/\"}]}<\/script>\n<!-- \/ Yoast SEO Premium plugin. -->","yoast_head_json":{"title":"Tour du Limousin : le g\u00e9n\u00e9ral pour Luca Wackermann, la derni\u00e8re \u00e9tape pour Alessandro Fedeli","description":"TOUR DU LIMOUSIN 2020 - \u00c0 l'issue de la derni\u00e8re \u00e9tape, Luca Wackermann (Vini Zab\u00f9 - KTM) a remport\u00e9 ce vendredi le Tour du Limousin.","robots":{"index":"index","follow":"follow","max-snippet":"max-snippet:-1","max-image-preview":"max-image-preview:large","max-video-preview":"max-video-preview:-1"},"canonical":"https:\/\/dicodusport.fr\/blog\/tour-du-limousin-general-luca-wackermann-derniere-etape-alessandro-fedeli\/","og_locale":"fr_FR","og_type":"article","og_title":"Tour du Limousin : le g\u00e9n\u00e9ral pour Wackermann, la derni\u00e8re \u00e9tape pour Fedeli","og_description":"TOUR DU LIMOUSIN 2020 - \u00c0 l'issue de la derni\u00e8re \u00e9tape, Luca Wackermann (Vini Zab\u00f9 - KTM) a remport\u00e9 ce vendredi le Tour du Limousin.","og_url":"https:\/\/dicodusport.fr\/blog\/tour-du-limousin-general-luca-wackermann-derniere-etape-alessandro-fedeli\/","og_site_name":"Dicodusport","article_publisher":"https:\/\/www.facebook.com\/dicodusport","article_author":"https:\/\/www.facebook.com\/florent.ostermann","article_published_time":"2020-08-21T15:38:13+00:00","og_image":[{"width":800,"height":445,"url":"https:\/\/dicodusport.fr\/blog\/wp-content\/uploads\/2020\/08\/Tour-du-Limousin-Le-g\u00e9n\u00e9ral-pour-Luca-Wackermann-la-derni\u00e8re-\u00e9tape-pour-Alessandro-Fedeli.png","type":"image\/png"}],"author":"Flo Ostermann","twitter_card":"summary_large_image","twitter_title":"Tour du Limousin : le g\u00e9n\u00e9ral pour Wackermann, la derni\u00e8re \u00e9tape pour Fedeli","twitter_creator":"@https:\/\/twitter.com\/FlOstermann","twitter_site":"@dicodusport","schema":{"@context":"https:\/\/schema.org","@graph":[{"@type":"NewsArticle","@id":"https:\/\/dicodusport.fr\/blog\/tour-du-limousin-general-luca-wackermann-derniere-etape-alessandro-fedeli\/#article","isPartOf":{"@id":"https:\/\/dicodusport.fr\/blog\/tour-du-limousin-general-luca-wackermann-derniere-etape-alessandro-fedeli\/"},"author":{"name":"Flo Ostermann","@id":"https:\/\/dicodusport.fr\/blog\/#\/schema\/person\/cb02af4c173ce4a653b55e9baf388d4a"},"headline":"Tour du Limousin : le g\u00e9n\u00e9ral pour Luca Wackermann, la derni\u00e8re \u00e9tape pour Alessandro Fedeli","datePublished":"2020-08-21T15:38:13+00:00","mainEntityOfPage":{"@id":"https:\/\/dicodusport.fr\/blog\/tour-du-limousin-general-luca-wackermann-derniere-etape-alessandro-fedeli\/"},"wordCount":250,"commentCount":0,"publisher":{"@id":"https:\/\/dicodusport.fr\/blog\/#organization"},"image":{"@id":"https:\/\/dicodusport.fr\/blog\/tour-du-limousin-general-luca-wackermann-derniere-etape-alessandro-fedeli\/#primaryimage"},"thumbnailUrl":"https:\/\/dicodusport.fr\/blog\/wp-content\/uploads\/2020\/08\/Tour-du-Limousin-Le-g\u00e9n\u00e9ral-pour-Luca-Wackermann-la-derni\u00e8re-\u00e9tape-pour-Alessandro-Fedeli.png","keywords":["Tour du Limousin"],"articleSection":["Cyclisme"],"inLanguage":"fr-FR","potentialAction":[{"@type":"CommentAction","name":"Comment","target":["https:\/\/dicodusport.fr\/blog\/tour-du-limousin-general-luca-wackermann-derniere-etape-alessandro-fedeli\/#respond"]}],"copyrightYear":"2020","copyrightHolder":{"@id":"https:\/\/dicodusport.fr\/blog\/#organization"}},{"@type":"WebPage","@id":"https:\/\/dicodusport.fr\/blog\/tour-du-limousin-general-luca-wackermann-derniere-etape-alessandro-fedeli\/","url":"https:\/\/dicodusport.fr\/blog\/tour-du-limousin-general-luca-wackermann-derniere-etape-alessandro-fedeli\/","name":"Tour du Limousin : le g\u00e9n\u00e9ral pour Luca Wackermann, la derni\u00e8re \u00e9tape pour Alessandro Fedeli","isPartOf":{"@id":"https:\/\/dicodusport.fr\/blog\/#website"},"primaryImageOfPage":{"@id":"https:\/\/dicodusport.fr\/blog\/tour-du-limousin-general-luca-wackermann-derniere-etape-alessandro-fedeli\/#primaryimage"},"image":{"@id":"https:\/\/dicodusport.fr\/blog\/tour-du-limousin-general-luca-wackermann-derniere-etape-alessandro-fedeli\/#primaryimage"},"thumbnailUrl":"https:\/\/dicodusport.fr\/blog\/wp-content\/uploads\/2020\/08\/Tour-du-Limousin-Le-g\u00e9n\u00e9ral-pour-Luca-Wackermann-la-derni\u00e8re-\u00e9tape-pour-Alessandro-Fedeli.png","datePublished":"2020-08-21T15:38:13+00:00","description":"TOUR DU LIMOUSIN 2020 - \u00c0 l'issue de la derni\u00e8re \u00e9tape, Luca Wackermann (Vini Zab\u00f9 - KTM) a remport\u00e9 ce vendredi le Tour du Limousin.","breadcrumb":{"@id":"https:\/\/dicodusport.fr\/blog\/tour-du-limousin-general-luca-wackermann-derniere-etape-alessandro-fedeli\/#breadcrumb"},"inLanguage":"fr-FR","potentialAction":[{"@type":"ReadAction","target":["https:\/\/dicodusport.fr\/blog\/tour-du-limousin-general-luca-wackermann-derniere-etape-alessandro-fedeli\/"]}]},{"@type":"ImageObject","inLanguage":"fr-FR","@id":"https:\/\/dicodusport.fr\/blog\/tour-du-limousin-general-luca-wackermann-derniere-etape-alessandro-fedeli\/#primaryimage","url":"https:\/\/dicodusport.fr\/blog\/wp-content\/uploads\/2020\/08\/Tour-du-Limousin-Le-g\u00e9n\u00e9ral-pour-Luca-Wackermann-la-derni\u00e8re-\u00e9tape-pour-Alessandro-Fedeli.png","contentUrl":"https:\/\/dicodusport.fr\/blog\/wp-content\/uploads\/2020\/08\/Tour-du-Limousin-Le-g\u00e9n\u00e9ral-pour-Luca-Wackermann-la-derni\u00e8re-\u00e9tape-pour-Alessandro-Fedeli.png","width":800,"height":445,"caption":"Tour du Limousin : le g\u00e9n\u00e9ral pour Luca Wackermann, la derni\u00e8re \u00e9tape pour Alessandro Fedeli"},{"@type":"BreadcrumbList","@id":"https:\/\/dicodusport.fr\/blog\/tour-du-limousin-general-luca-wackermann-derniere-etape-alessandro-fedeli\/#breadcrumb","itemListElement":[{"@type":"ListItem","position":1,"name":"Accueil","item":"https:\/\/dicodusport.fr\/blog\/"},{"@type":"ListItem","position":2,"name":"Tour du Limousin : le g\u00e9n\u00e9ral pour Luca Wackermann, la derni\u00e8re \u00e9tape pour Alessandro Fedeli"}]},{"@type":"WebSite","@id":"https:\/\/dicodusport.fr\/blog\/#website","url":"https:\/\/dicodusport.fr\/blog\/","name":"Dicodusport","description":"L&#039;encyclop\u00e9die de l&#039;actualit\u00e9 sportive","publisher":{"@id":"https:\/\/dicodusport.fr\/blog\/#organization"},"potentialAction":[{"@type":"SearchAction","target":{"@type":"EntryPoint","urlTemplate":"https:\/\/dicodusport.fr\/blog\/?s={search_term_string}"},"query-input":{"@type":"PropertyValueSpecification","valueRequired":true,"valueName":"search_term_string"}}],"inLanguage":"fr-FR"},{"@type":"NewsMediaOrganization","@id":"https:\/\/dicodusport.fr\/blog\/#organization","name":"Dicodusport","url":"https:\/\/dicodusport.fr\/blog\/","logo":{"@type":"ImageObject","inLanguage":"fr-FR","@id":"https:\/\/dicodusport.fr\/blog\/#\/schema\/logo\/image\/","url":"https:\/\/dicodusport.fr\/blog\/wp-content\/uploads\/2020\/06\/cropped-LOGO-DICODUSPORT-2020-SANS-FOND-SANS-TEXTE.png","contentUrl":"https:\/\/dicodusport.fr\/blog\/wp-content\/uploads\/2020\/06\/cropped-LOGO-DICODUSPORT-2020-SANS-FOND-SANS-TEXTE.png","width":512,"height":512,"caption":"Dicodusport"},"image":{"@id":"https:\/\/dicodusport.fr\/blog\/#\/schema\/logo\/image\/"},"sameAs":["https:\/\/www.facebook.com\/dicodusport","https:\/\/x.com\/dicodusport","https:\/\/www.instagram.com\/dicodusport\/","https:\/\/www.youtube.com\/channel\/UC7V2KZ5sd3htJivAbA4ZG3w"],"description":"Dicodusport est l'encyclop\u00e9die de l'actualit\u00e9 sportive.","email":"bonjour@dicodusport.fr","legalName":"DICODUSPORT","foundingDate":"2018-01-14","vatID":"FR71834470973","taxID":"83447097300043","numberOfEmployees":{"@type":"QuantitativeValue","minValue":"1","maxValue":"10"}},{"@type":"Person","@id":"https:\/\/dicodusport.fr\/blog\/#\/schema\/person\/cb02af4c173ce4a653b55e9baf388d4a","name":"Flo Ostermann","image":{"@type":"ImageObject","inLanguage":"fr-FR","@id":"https:\/\/dicodusport.fr\/blog\/#\/schema\/person\/image\/","url":"https:\/\/dicodusport.fr\/blog\/wp-content\/uploads\/2021\/05\/Flo-Ostermann-150x150.jpg","contentUrl":"https:\/\/dicodusport.fr\/blog\/wp-content\/uploads\/2021\/05\/Flo-Ostermann-150x150.jpg","caption":"Flo Ostermann"},"description":"Journaliste\/R\u00e9dacteur depuis septembre 2015 - Mes premiers souvenirs dans le sport ? Les envol\u00e9es du Stade Toulousain et les duels Villeneuve-Schumacher et H\u00e4kkinen-Schumacher \u00e0 la fin des ann\u00e9es 90, la Coupe du monde de football en 1998, l\u2019exploit du XV de France face aux All Blacks en 1999, mais aussi Richard C\u0153ur de Lion qui vole sur les montagnes du Tour de France. Bien parti pour devenir professeur d\u2019EPS, les \u00e9v\u00e9nements de la vie (et la flemme d\u2019animer des s\u00e9ances de 3x500 m\u00e8tres toute ma vie) m\u2019ont conduit \u00e0 revoir mes plans. Me voil\u00e0 depuis fin 2017 sur Dicodusport, m\u00e9dia gr\u00e2ce (et pour) lequel je partage ma passion : le sport dans tous ses \u00e9tats. Le tout accompagn\u00e9 par les fous furieux et folles furieuses cit\u00e9s sur cette page !","sameAs":["https:\/\/www.facebook.com\/florent.ostermann","https:\/\/x.com\/https:\/\/twitter.com\/FlOstermann","admin"],"url":"https:\/\/dicodusport.fr\/blog\/author\/flo\/"}]}},"_links":{"self":[{"href":"https:\/\/dicodusport.fr\/blog\/wp-json\/wp\/v2\/posts\/75140","targetHints":{"allow":["GET"]}}],"collection":[{"href":"https:\/\/dicodusport.fr\/blog\/wp-json\/wp\/v2\/posts"}],"about":[{"href":"https:\/\/dicodusport.fr\/blog\/wp-json\/wp\/v2\/types\/post"}],"author":[{"embeddable":true,"href":"https:\/\/dicodusport.fr\/blog\/wp-json\/wp\/v2\/users\/4"}],"replies":[{"embeddable":true,"href":"https:\/\/dicodusport.fr\/blog\/wp-json\/wp\/v2\/comments?post=75140"}],"version-history":[{"count":0,"href":"https:\/\/dicodusport.fr\/blog\/wp-json\/wp\/v2\/posts\/75140\/revisions"}],"wp:featuredmedia":[{"embeddable":true,"href":"https:\/\/dicodusport.fr\/blog\/wp-json\/wp\/v2\/media\/75154"}],"wp:attachment":[{"href":"https:\/\/dicodusport.fr\/blog\/wp-json\/wp\/v2\/media?parent=75140"}],"wp:term":[{"taxonomy":"category","embeddable":true,"href":"https:\/\/dicodusport.fr\/blog\/wp-json\/wp\/v2\/categories?post=75140"},{"taxonomy":"post_tag","embeddable":true,"href":"https:\/\/dicodusport.fr\/blog\/wp-json\/wp\/v2\/tags?post=75140"}],"curies":[{"name":"wp","href":"https:\/\/api.w.org\/{rel}","templated":true}]}}