{"id":75378,"date":"2020-08-23T22:54:21","date_gmt":"2020-08-23T20:54:21","guid":{"rendered":"http:\/\/dicodusport.fr\/blog\/?p=75378&#038;preview=true&#038;preview_id=75378"},"modified":"2025-09-16T09:05:17","modified_gmt":"2025-09-16T07:05:17","slug":"psg-bayern-munich-notes-du-match","status":"publish","type":"post","link":"https:\/\/dicodusport.fr\/blog\/psg-bayern-munich-notes-du-match\/","title":{"rendered":"PSG &#8211; Bayern Munich : les notes du match"},"content":{"rendered":"<p style=\"text-align: justify;\"><strong><em><a href=\"https:\/\/dicodusport.fr\/blog\/tag\/ligue-des-champions\/\" target=\"_blank\" rel=\"noopener noreferrer\">LIGUE DES CHAMPIONS<\/a> &#8211; Le r\u00eave est pass\u00e9 pour le club de la capitale. <a href=\"https:\/\/www.eurosport.fr\/football\/ligue-des-champions\/2019-2020\/le-psg-s-incline-face-au-bayern-1-0-en-finale-sur-un-but-de-kingsley-coman_sto7847793\/story.shtml\" target=\"_blank\" rel=\"noopener noreferrer\">Le PSG a \u00e9t\u00e9 battu par le Bayern Munich en finale de la Champions League (0-1)<\/a>. Les notes du match.<\/em><\/strong><\/p>\n<h2 style=\"text-align: justify;\">Les notes du Bayern Munich<\/h2>\n<p style=\"text-align: justify;\"><strong>Manuel Neuer (7) <\/strong>: A rappel\u00e9 avantageusement qu\u2019il n\u2019y a pas de grande \u00e9quipe sans grand gardien.<\/p>\n<p style=\"text-align: justify;\"><strong>Joshua Kimmich (6) <\/strong>: Souvent pris dans son dos par Mbapp\u00e9, il se rattrape en d\u00e9livrant un caviar \u00e0 Coman.<\/p>\n<p style=\"text-align: justify;\"><strong>Jerome Boateng : <\/strong>Sorti \u00e0 la 30&prime; pour <strong>S\u00fcle (5)\u00a0<\/strong>: aussi aff\u00fbt\u00e9 qu\u2019une motte de beurre.<\/p>\n<p style=\"text-align: justify;\"><strong>David Alaba (6) <\/strong>: Flanqu\u00e9 de deux caravanes, il a \u00e9t\u00e9 le patron de la charni\u00e8re.<\/p>\n<p style=\"text-align: justify;\"><strong>Alphonso Davies (6) <\/strong>: Compl\u00e9mentaire sur son c\u00f4t\u00e9 avec Coman, le meilleur parisien du soir.<\/p>\n<p style=\"text-align: justify;\"><strong>Leon Goretzka (5) <\/strong>: Faut arr\u00eater les prot\u00e9ines et se mettre au football monsieur.<\/p>\n<p style=\"text-align: justify;\"><strong>Thiago Alcantara (7)\u00a0<\/strong>: M\u00eame avec un joueur de MMA \u00e0 ses c\u00f4t\u00e9s, il est serein.<\/p>\n<p style=\"text-align: justify;\"><strong>Serge Gnabry (5) <\/strong>: \u00c9teint par Juan Bernat<\/p>\n<p style=\"text-align: justify;\"><strong>Thomas M\u00fcller (?) <\/strong>: On ne sait pas \u00e0 quel poste il joue, et on ne sait pas quelle note lui donner.<\/p>\n<p style=\"text-align: justify;\"><strong>Kingsley Coman (8) : <\/strong>A\u00a0lu ses classiques et sait que les anciens du PSG se doivent d\u2019en planter un.<\/p>\n<p style=\"text-align: justify;\"><strong>Robert Lewandowski (4)<\/strong> : Il y a du Titi Camara dans ce joueur.<\/p>\n<p style=\"text-align: center;\"><a href=\"http:\/\/dicodusport.fr\/blog\/psg-bayern-munich-notes-du-match\/2\/#notespsg\" class=\"su-button su-button-style-flat\" style=\"color:#FFFFFF;background-color:#005f9b;border-color:#004c7c;border-radius:4px\" target=\"_self\"><span style=\"color:#FFFFFF;padding:0px 26px;font-size:20px;line-height:40px;border-color:#4d8fb9;border-radius:4px;text-shadow:none\"> Les notes du PSG<\/span><\/a>\n<p><!--nextpage--><\/p>\n<p style=\"text-align: justify;\"><a id=\"notespsg\"><\/a><span style=\"font-size: 24px;\"><strong>Les notes du PSG<\/strong><\/span><\/p>\n<p style=\"text-align: justify;\"><strong>Keylor Navas (7) <\/strong>: Quand le Real va comprendre que les 3 LDC c\u2019est lui\u2026<\/p>\n<p style=\"text-align: justify;\"><strong>Juan Bernat (5)<\/strong> : Une seule erreur dans le match. 1-0. Cruel alors qu\u2019il a \u00e9t\u00e9 meilleur dans sa projection.<\/p>\n<p style=\"text-align: justify;\"><strong>Presnel Kimpembe (5) <\/strong>: Mais pourquoi il a fil\u00e9 l\u2019enceinte au Ney bon sang ?<\/p>\n<p style=\"text-align: justify;\"><strong>Thiago Silva (5)\u00a0<\/strong>: Part du PSG comme il en est arriv\u00e9 : sans LDC.<\/p>\n<p style=\"text-align: justify;\"><strong>Thilo Kehrer (4) <\/strong>: Gnabry s\u2019est tap\u00e9 sa s\u0153ur. Coman s\u2019est pay\u00e9 sa t\u00eate.<\/p>\n<p style=\"text-align: justify;\"><strong>Leandro Paredes (4) <\/strong>: Physiquement trop tendre, techniquement pas assez propre<\/p>\n<p style=\"text-align: justify;\"><strong>Marquinhos (5)\u00a0<\/strong>: Il a d\u00e9cid\u00e9 de rallumer la flamme du poste de libero.<\/p>\n<p style=\"text-align: justify;\"><strong>Ander Herrera (6) <\/strong>: Meilleur joueur du milieu parisien. Ceci explique peut-\u00eatre cela.<\/p>\n<p style=\"text-align: justify;\"><strong>Kylian Mbapp\u00e9<\/strong> <strong>(4)\u00a0<\/strong>: Le plus dangereux des Parisiens. Le plus croqueur aussi.<\/p>\n<p style=\"text-align: justify;\"><strong>Angel Di Maria (5) <\/strong>: Quand des mecs de 80 kilos en marquent un de 45, celui de 45 demande pardon.<\/p>\n<p style=\"text-align: justify;\"><strong>Neymar (5)\u00a0<\/strong>: Entreprenant mais intermittent.<\/p>\n<p style=\"text-align: center;\"><a href=\"http:\/\/dicodusport.fr\/blog\/psg-bayern-munich-notes-du-match\/\" class=\"su-button su-button-style-flat\" style=\"color:#FFFFFF;background-color:#005f9b;border-color:#004c7c;border-radius:4px\" target=\"_self\"><span style=\"color:#FFFFFF;padding:0px 26px;font-size:20px;line-height:40px;border-color:#4d8fb9;border-radius:4px;text-shadow:none\"> Revenir aux notes du Bayern Munich<\/span><\/a>\n<p><strong><em>JMPPMJ<br \/>\n<a href=\"https:\/\/twitter.com\/jmp_pmj\" target=\"_blank\" rel=\"noopener noreferrer\"><img loading=\"lazy\" decoding=\"async\" class=\"alignnone wp-image-2908\" src=\"http:\/\/dicodusport.fr\/blog\/wp-content\/uploads\/2017\/07\/logo-twitter-150x150.png\" alt=\"\" width=\"39\" height=\"39\" \/><\/a><\/em><\/strong><\/p>\n","protected":false},"excerpt":{"rendered":"<p>LIGUE DES CHAMPIONS &#8211; Le r\u00eave est pass\u00e9 pour le PSG. Le club de la capitale a \u00e9t\u00e9 battu par le Bayern Munich en finale de la Champions League (0-1). Les notes du match.<\/p>\n","protected":false},"author":4,"featured_media":75388,"comment_status":"open","ping_status":"closed","sticky":false,"template":"","format":"standard","meta":{"_acf_changed":false,"_daextam_enable_autolinks":"","footnotes":""},"categories":[47250],"tags":[4484,75,419,910,24],"class_list":["post-75378","post","type-post","status-publish","format-standard","has-post-thumbnail","hentry","category-ligue-des-champions-de-football","tag-bayern-munich","tag-football","tag-ligue-des-champions","tag-psg","tag-sport"],"acf":[],"yoast_head":"<!-- This site is optimized with the Yoast SEO Premium plugin v26.7 (Yoast SEO v26.7) - https:\/\/yoast.com\/wordpress\/plugins\/seo\/ -->\n<title>PSG - Bayern Munich : les notes du match<\/title>\n<meta name=\"description\" content=\"LIGUE DES CHAMPIONS - Le PSG a \u00e9t\u00e9 battu par le Bayern Munich en finale de la Champions League (0-1). Les notes du match.\" \/>\n<meta name=\"robots\" content=\"index, follow, max-snippet:-1, max-image-preview:large, max-video-preview:-1\" \/>\n<link rel=\"canonical\" href=\"https:\/\/dicodusport.fr\/blog\/psg-bayern-munich-notes-du-match\/\" \/>\n<link rel=\"next\" href=\"https:\/\/dicodusport.fr\/blog\/psg-bayern-munich-notes-du-match\/2\/\" \/>\n<meta property=\"og:locale\" content=\"fr_FR\" \/>\n<meta property=\"og:type\" content=\"article\" \/>\n<meta property=\"og:title\" content=\"PSG - Bayern Munich : les notes du match\" \/>\n<meta property=\"og:description\" content=\"LIGUE DES CHAMPIONS - Le PSG a \u00e9t\u00e9 battu par le Bayern Munich en finale de la Champions League (0-1). Les notes du match.\" \/>\n<meta property=\"og:url\" content=\"https:\/\/dicodusport.fr\/blog\/psg-bayern-munich-notes-du-match\/\" \/>\n<meta property=\"og:site_name\" content=\"Dicodusport\" \/>\n<meta property=\"article:publisher\" content=\"https:\/\/www.facebook.com\/dicodusport\" \/>\n<meta property=\"article:author\" content=\"https:\/\/www.facebook.com\/florent.ostermann\" \/>\n<meta property=\"article:published_time\" content=\"2020-08-23T20:54:21+00:00\" \/>\n<meta property=\"article:modified_time\" content=\"2025-09-16T07:05:17+00:00\" \/>\n<meta property=\"og:image\" content=\"https:\/\/dicodusport.fr\/blog\/wp-content\/uploads\/2020\/08\/PSG-Bayern-Munich-Les-notes-du-match.png\" \/>\n\t<meta property=\"og:image:width\" content=\"800\" \/>\n\t<meta property=\"og:image:height\" content=\"445\" \/>\n\t<meta property=\"og:image:type\" content=\"image\/png\" \/>\n<meta name=\"author\" content=\"Flo Ostermann\" \/>\n<meta name=\"twitter:card\" content=\"summary_large_image\" \/>\n<meta name=\"twitter:title\" content=\"PSG - Bayern Munich : les notes du match\" \/>\n<meta name=\"twitter:creator\" content=\"@https:\/\/twitter.com\/FlOstermann\" \/>\n<meta name=\"twitter:site\" content=\"@dicodusport\" \/>\n<script type=\"application\/ld+json\" class=\"yoast-schema-graph\">{\"@context\":\"https:\/\/schema.org\",\"@graph\":[{\"@type\":\"NewsArticle\",\"@id\":\"https:\/\/dicodusport.fr\/blog\/psg-bayern-munich-notes-du-match\/#article\",\"isPartOf\":{\"@id\":\"https:\/\/dicodusport.fr\/blog\/psg-bayern-munich-notes-du-match\/\"},\"author\":{\"name\":\"Flo Ostermann\",\"@id\":\"https:\/\/dicodusport.fr\/blog\/#\/schema\/person\/cb02af4c173ce4a653b55e9baf388d4a\"},\"headline\":\"PSG &#8211; Bayern Munich : les notes du match\",\"datePublished\":\"2020-08-23T20:54:21+00:00\",\"dateModified\":\"2025-09-16T07:05:17+00:00\",\"mainEntityOfPage\":{\"@id\":\"https:\/\/dicodusport.fr\/blog\/psg-bayern-munich-notes-du-match\/\"},\"wordCount\":402,\"commentCount\":4,\"publisher\":{\"@id\":\"https:\/\/dicodusport.fr\/blog\/#organization\"},\"image\":{\"@id\":\"https:\/\/dicodusport.fr\/blog\/psg-bayern-munich-notes-du-match\/#primaryimage\"},\"thumbnailUrl\":\"https:\/\/dicodusport.fr\/blog\/wp-content\/uploads\/2020\/08\/PSG-Bayern-Munich-Les-notes-du-match.png\",\"keywords\":[\"Bayern Munich\",\"Football\",\"Ligue des champions\",\"PSG\",\"sport\"],\"articleSection\":[\"Ligue des Champions de football\"],\"inLanguage\":\"fr-FR\",\"potentialAction\":[{\"@type\":\"CommentAction\",\"name\":\"Comment\",\"target\":[\"https:\/\/dicodusport.fr\/blog\/psg-bayern-munich-notes-du-match\/#respond\"]}],\"copyrightYear\":\"2020\",\"copyrightHolder\":{\"@id\":\"https:\/\/dicodusport.fr\/blog\/#organization\"}},{\"@type\":\"WebPage\",\"@id\":\"https:\/\/dicodusport.fr\/blog\/psg-bayern-munich-notes-du-match\/\",\"url\":\"https:\/\/dicodusport.fr\/blog\/psg-bayern-munich-notes-du-match\/\",\"name\":\"PSG - Bayern Munich : les notes du match\",\"isPartOf\":{\"@id\":\"https:\/\/dicodusport.fr\/blog\/#website\"},\"primaryImageOfPage\":{\"@id\":\"https:\/\/dicodusport.fr\/blog\/psg-bayern-munich-notes-du-match\/#primaryimage\"},\"image\":{\"@id\":\"https:\/\/dicodusport.fr\/blog\/psg-bayern-munich-notes-du-match\/#primaryimage\"},\"thumbnailUrl\":\"https:\/\/dicodusport.fr\/blog\/wp-content\/uploads\/2020\/08\/PSG-Bayern-Munich-Les-notes-du-match.png\",\"datePublished\":\"2020-08-23T20:54:21+00:00\",\"dateModified\":\"2025-09-16T07:05:17+00:00\",\"description\":\"LIGUE DES CHAMPIONS - Le PSG a \u00e9t\u00e9 battu par le Bayern Munich en finale de la Champions League (0-1). Les notes du match.\",\"inLanguage\":\"fr-FR\",\"potentialAction\":[{\"@type\":\"ReadAction\",\"target\":[\"https:\/\/dicodusport.fr\/blog\/psg-bayern-munich-notes-du-match\/\"]}]},{\"@type\":\"ImageObject\",\"inLanguage\":\"fr-FR\",\"@id\":\"https:\/\/dicodusport.fr\/blog\/psg-bayern-munich-notes-du-match\/#primaryimage\",\"url\":\"https:\/\/dicodusport.fr\/blog\/wp-content\/uploads\/2020\/08\/PSG-Bayern-Munich-Les-notes-du-match.png\",\"contentUrl\":\"https:\/\/dicodusport.fr\/blog\/wp-content\/uploads\/2020\/08\/PSG-Bayern-Munich-Les-notes-du-match.png\",\"width\":800,\"height\":445,\"caption\":\"PSG - Bayern Munich : les notes du match\"},{\"@type\":\"WebSite\",\"@id\":\"https:\/\/dicodusport.fr\/blog\/#website\",\"url\":\"https:\/\/dicodusport.fr\/blog\/\",\"name\":\"Dicodusport\",\"description\":\"L&#039;encyclop\u00e9die de l&#039;actualit\u00e9 sportive\",\"publisher\":{\"@id\":\"https:\/\/dicodusport.fr\/blog\/#organization\"},\"potentialAction\":[{\"@type\":\"SearchAction\",\"target\":{\"@type\":\"EntryPoint\",\"urlTemplate\":\"https:\/\/dicodusport.fr\/blog\/?s={search_term_string}\"},\"query-input\":{\"@type\":\"PropertyValueSpecification\",\"valueRequired\":true,\"valueName\":\"search_term_string\"}}],\"inLanguage\":\"fr-FR\"},{\"@type\":\"NewsMediaOrganization\",\"@id\":\"https:\/\/dicodusport.fr\/blog\/#organization\",\"name\":\"Dicodusport\",\"url\":\"https:\/\/dicodusport.fr\/blog\/\",\"logo\":{\"@type\":\"ImageObject\",\"inLanguage\":\"fr-FR\",\"@id\":\"https:\/\/dicodusport.fr\/blog\/#\/schema\/logo\/image\/\",\"url\":\"https:\/\/dicodusport.fr\/blog\/wp-content\/uploads\/2020\/06\/cropped-LOGO-DICODUSPORT-2020-SANS-FOND-SANS-TEXTE.png\",\"contentUrl\":\"https:\/\/dicodusport.fr\/blog\/wp-content\/uploads\/2020\/06\/cropped-LOGO-DICODUSPORT-2020-SANS-FOND-SANS-TEXTE.png\",\"width\":512,\"height\":512,\"caption\":\"Dicodusport\"},\"image\":{\"@id\":\"https:\/\/dicodusport.fr\/blog\/#\/schema\/logo\/image\/\"},\"sameAs\":[\"https:\/\/www.facebook.com\/dicodusport\",\"https:\/\/x.com\/dicodusport\",\"https:\/\/www.instagram.com\/dicodusport\/\",\"https:\/\/www.youtube.com\/channel\/UC7V2KZ5sd3htJivAbA4ZG3w\"],\"description\":\"Dicodusport est l'encyclop\u00e9die de l'actualit\u00e9 sportive.\",\"email\":\"bonjour@dicodusport.fr\",\"legalName\":\"DICODUSPORT\",\"foundingDate\":\"2018-01-14\",\"vatID\":\"FR71834470973\",\"taxID\":\"83447097300043\",\"numberOfEmployees\":{\"@type\":\"QuantitativeValue\",\"minValue\":\"1\",\"maxValue\":\"10\"}},{\"@type\":\"Person\",\"@id\":\"https:\/\/dicodusport.fr\/blog\/#\/schema\/person\/cb02af4c173ce4a653b55e9baf388d4a\",\"name\":\"Flo Ostermann\",\"image\":{\"@type\":\"ImageObject\",\"inLanguage\":\"fr-FR\",\"@id\":\"https:\/\/dicodusport.fr\/blog\/#\/schema\/person\/image\/\",\"url\":\"https:\/\/dicodusport.fr\/blog\/wp-content\/uploads\/2021\/05\/Flo-Ostermann-150x150.jpg\",\"contentUrl\":\"https:\/\/dicodusport.fr\/blog\/wp-content\/uploads\/2021\/05\/Flo-Ostermann-150x150.jpg\",\"caption\":\"Flo Ostermann\"},\"description\":\"Journaliste\/R\u00e9dacteur depuis septembre 2015 - Mes premiers souvenirs dans le sport ? Les envol\u00e9es du Stade Toulousain et les duels Villeneuve-Schumacher et H\u00e4kkinen-Schumacher \u00e0 la fin des ann\u00e9es 90, la Coupe du monde de football en 1998, l\u2019exploit du XV de France face aux All Blacks en 1999, mais aussi Richard C\u0153ur de Lion qui vole sur les montagnes du Tour de France. Bien parti pour devenir professeur d\u2019EPS, les \u00e9v\u00e9nements de la vie (et la flemme d\u2019animer des s\u00e9ances de 3x500 m\u00e8tres toute ma vie) m\u2019ont conduit \u00e0 revoir mes plans. Me voil\u00e0 depuis fin 2017 sur Dicodusport, m\u00e9dia gr\u00e2ce (et pour) lequel je partage ma passion : le sport dans tous ses \u00e9tats. Le tout accompagn\u00e9 par les fous furieux et folles furieuses cit\u00e9s sur cette page !\",\"sameAs\":[\"https:\/\/www.facebook.com\/florent.ostermann\",\"https:\/\/x.com\/https:\/\/twitter.com\/FlOstermann\",\"admin\"],\"url\":\"https:\/\/dicodusport.fr\/blog\/author\/flo\/\"}]}<\/script>\n<!-- \/ Yoast SEO Premium plugin. -->","yoast_head_json":{"title":"PSG - Bayern Munich : les notes du match","description":"LIGUE DES CHAMPIONS - Le PSG a \u00e9t\u00e9 battu par le Bayern Munich en finale de la Champions League (0-1). Les notes du match.","robots":{"index":"index","follow":"follow","max-snippet":"max-snippet:-1","max-image-preview":"max-image-preview:large","max-video-preview":"max-video-preview:-1"},"canonical":"https:\/\/dicodusport.fr\/blog\/psg-bayern-munich-notes-du-match\/","next":"https:\/\/dicodusport.fr\/blog\/psg-bayern-munich-notes-du-match\/2\/","og_locale":"fr_FR","og_type":"article","og_title":"PSG - Bayern Munich : les notes du match","og_description":"LIGUE DES CHAMPIONS - Le PSG a \u00e9t\u00e9 battu par le Bayern Munich en finale de la Champions League (0-1). Les notes du match.","og_url":"https:\/\/dicodusport.fr\/blog\/psg-bayern-munich-notes-du-match\/","og_site_name":"Dicodusport","article_publisher":"https:\/\/www.facebook.com\/dicodusport","article_author":"https:\/\/www.facebook.com\/florent.ostermann","article_published_time":"2020-08-23T20:54:21+00:00","article_modified_time":"2025-09-16T07:05:17+00:00","og_image":[{"width":800,"height":445,"url":"https:\/\/dicodusport.fr\/blog\/wp-content\/uploads\/2020\/08\/PSG-Bayern-Munich-Les-notes-du-match.png","type":"image\/png"}],"author":"Flo Ostermann","twitter_card":"summary_large_image","twitter_title":"PSG - Bayern Munich : les notes du match","twitter_creator":"@https:\/\/twitter.com\/FlOstermann","twitter_site":"@dicodusport","schema":{"@context":"https:\/\/schema.org","@graph":[{"@type":"NewsArticle","@id":"https:\/\/dicodusport.fr\/blog\/psg-bayern-munich-notes-du-match\/#article","isPartOf":{"@id":"https:\/\/dicodusport.fr\/blog\/psg-bayern-munich-notes-du-match\/"},"author":{"name":"Flo Ostermann","@id":"https:\/\/dicodusport.fr\/blog\/#\/schema\/person\/cb02af4c173ce4a653b55e9baf388d4a"},"headline":"PSG &#8211; Bayern Munich : les notes du match","datePublished":"2020-08-23T20:54:21+00:00","dateModified":"2025-09-16T07:05:17+00:00","mainEntityOfPage":{"@id":"https:\/\/dicodusport.fr\/blog\/psg-bayern-munich-notes-du-match\/"},"wordCount":402,"commentCount":4,"publisher":{"@id":"https:\/\/dicodusport.fr\/blog\/#organization"},"image":{"@id":"https:\/\/dicodusport.fr\/blog\/psg-bayern-munich-notes-du-match\/#primaryimage"},"thumbnailUrl":"https:\/\/dicodusport.fr\/blog\/wp-content\/uploads\/2020\/08\/PSG-Bayern-Munich-Les-notes-du-match.png","keywords":["Bayern Munich","Football","Ligue des champions","PSG","sport"],"articleSection":["Ligue des Champions de football"],"inLanguage":"fr-FR","potentialAction":[{"@type":"CommentAction","name":"Comment","target":["https:\/\/dicodusport.fr\/blog\/psg-bayern-munich-notes-du-match\/#respond"]}],"copyrightYear":"2020","copyrightHolder":{"@id":"https:\/\/dicodusport.fr\/blog\/#organization"}},{"@type":"WebPage","@id":"https:\/\/dicodusport.fr\/blog\/psg-bayern-munich-notes-du-match\/","url":"https:\/\/dicodusport.fr\/blog\/psg-bayern-munich-notes-du-match\/","name":"PSG - Bayern Munich : les notes du match","isPartOf":{"@id":"https:\/\/dicodusport.fr\/blog\/#website"},"primaryImageOfPage":{"@id":"https:\/\/dicodusport.fr\/blog\/psg-bayern-munich-notes-du-match\/#primaryimage"},"image":{"@id":"https:\/\/dicodusport.fr\/blog\/psg-bayern-munich-notes-du-match\/#primaryimage"},"thumbnailUrl":"https:\/\/dicodusport.fr\/blog\/wp-content\/uploads\/2020\/08\/PSG-Bayern-Munich-Les-notes-du-match.png","datePublished":"2020-08-23T20:54:21+00:00","dateModified":"2025-09-16T07:05:17+00:00","description":"LIGUE DES CHAMPIONS - Le PSG a \u00e9t\u00e9 battu par le Bayern Munich en finale de la Champions League (0-1). Les notes du match.","inLanguage":"fr-FR","potentialAction":[{"@type":"ReadAction","target":["https:\/\/dicodusport.fr\/blog\/psg-bayern-munich-notes-du-match\/"]}]},{"@type":"ImageObject","inLanguage":"fr-FR","@id":"https:\/\/dicodusport.fr\/blog\/psg-bayern-munich-notes-du-match\/#primaryimage","url":"https:\/\/dicodusport.fr\/blog\/wp-content\/uploads\/2020\/08\/PSG-Bayern-Munich-Les-notes-du-match.png","contentUrl":"https:\/\/dicodusport.fr\/blog\/wp-content\/uploads\/2020\/08\/PSG-Bayern-Munich-Les-notes-du-match.png","width":800,"height":445,"caption":"PSG - Bayern Munich : les notes du match"},{"@type":"WebSite","@id":"https:\/\/dicodusport.fr\/blog\/#website","url":"https:\/\/dicodusport.fr\/blog\/","name":"Dicodusport","description":"L&#039;encyclop\u00e9die de l&#039;actualit\u00e9 sportive","publisher":{"@id":"https:\/\/dicodusport.fr\/blog\/#organization"},"potentialAction":[{"@type":"SearchAction","target":{"@type":"EntryPoint","urlTemplate":"https:\/\/dicodusport.fr\/blog\/?s={search_term_string}"},"query-input":{"@type":"PropertyValueSpecification","valueRequired":true,"valueName":"search_term_string"}}],"inLanguage":"fr-FR"},{"@type":"NewsMediaOrganization","@id":"https:\/\/dicodusport.fr\/blog\/#organization","name":"Dicodusport","url":"https:\/\/dicodusport.fr\/blog\/","logo":{"@type":"ImageObject","inLanguage":"fr-FR","@id":"https:\/\/dicodusport.fr\/blog\/#\/schema\/logo\/image\/","url":"https:\/\/dicodusport.fr\/blog\/wp-content\/uploads\/2020\/06\/cropped-LOGO-DICODUSPORT-2020-SANS-FOND-SANS-TEXTE.png","contentUrl":"https:\/\/dicodusport.fr\/blog\/wp-content\/uploads\/2020\/06\/cropped-LOGO-DICODUSPORT-2020-SANS-FOND-SANS-TEXTE.png","width":512,"height":512,"caption":"Dicodusport"},"image":{"@id":"https:\/\/dicodusport.fr\/blog\/#\/schema\/logo\/image\/"},"sameAs":["https:\/\/www.facebook.com\/dicodusport","https:\/\/x.com\/dicodusport","https:\/\/www.instagram.com\/dicodusport\/","https:\/\/www.youtube.com\/channel\/UC7V2KZ5sd3htJivAbA4ZG3w"],"description":"Dicodusport est l'encyclop\u00e9die de l'actualit\u00e9 sportive.","email":"bonjour@dicodusport.fr","legalName":"DICODUSPORT","foundingDate":"2018-01-14","vatID":"FR71834470973","taxID":"83447097300043","numberOfEmployees":{"@type":"QuantitativeValue","minValue":"1","maxValue":"10"}},{"@type":"Person","@id":"https:\/\/dicodusport.fr\/blog\/#\/schema\/person\/cb02af4c173ce4a653b55e9baf388d4a","name":"Flo Ostermann","image":{"@type":"ImageObject","inLanguage":"fr-FR","@id":"https:\/\/dicodusport.fr\/blog\/#\/schema\/person\/image\/","url":"https:\/\/dicodusport.fr\/blog\/wp-content\/uploads\/2021\/05\/Flo-Ostermann-150x150.jpg","contentUrl":"https:\/\/dicodusport.fr\/blog\/wp-content\/uploads\/2021\/05\/Flo-Ostermann-150x150.jpg","caption":"Flo Ostermann"},"description":"Journaliste\/R\u00e9dacteur depuis septembre 2015 - Mes premiers souvenirs dans le sport ? Les envol\u00e9es du Stade Toulousain et les duels Villeneuve-Schumacher et H\u00e4kkinen-Schumacher \u00e0 la fin des ann\u00e9es 90, la Coupe du monde de football en 1998, l\u2019exploit du XV de France face aux All Blacks en 1999, mais aussi Richard C\u0153ur de Lion qui vole sur les montagnes du Tour de France. Bien parti pour devenir professeur d\u2019EPS, les \u00e9v\u00e9nements de la vie (et la flemme d\u2019animer des s\u00e9ances de 3x500 m\u00e8tres toute ma vie) m\u2019ont conduit \u00e0 revoir mes plans. Me voil\u00e0 depuis fin 2017 sur Dicodusport, m\u00e9dia gr\u00e2ce (et pour) lequel je partage ma passion : le sport dans tous ses \u00e9tats. Le tout accompagn\u00e9 par les fous furieux et folles furieuses cit\u00e9s sur cette page !","sameAs":["https:\/\/www.facebook.com\/florent.ostermann","https:\/\/x.com\/https:\/\/twitter.com\/FlOstermann","admin"],"url":"https:\/\/dicodusport.fr\/blog\/author\/flo\/"}]}},"_links":{"self":[{"href":"https:\/\/dicodusport.fr\/blog\/wp-json\/wp\/v2\/posts\/75378","targetHints":{"allow":["GET"]}}],"collection":[{"href":"https:\/\/dicodusport.fr\/blog\/wp-json\/wp\/v2\/posts"}],"about":[{"href":"https:\/\/dicodusport.fr\/blog\/wp-json\/wp\/v2\/types\/post"}],"author":[{"embeddable":true,"href":"https:\/\/dicodusport.fr\/blog\/wp-json\/wp\/v2\/users\/4"}],"replies":[{"embeddable":true,"href":"https:\/\/dicodusport.fr\/blog\/wp-json\/wp\/v2\/comments?post=75378"}],"version-history":[{"count":1,"href":"https:\/\/dicodusport.fr\/blog\/wp-json\/wp\/v2\/posts\/75378\/revisions"}],"predecessor-version":[{"id":611702,"href":"https:\/\/dicodusport.fr\/blog\/wp-json\/wp\/v2\/posts\/75378\/revisions\/611702"}],"wp:featuredmedia":[{"embeddable":true,"href":"https:\/\/dicodusport.fr\/blog\/wp-json\/wp\/v2\/media\/75388"}],"wp:attachment":[{"href":"https:\/\/dicodusport.fr\/blog\/wp-json\/wp\/v2\/media?parent=75378"}],"wp:term":[{"taxonomy":"category","embeddable":true,"href":"https:\/\/dicodusport.fr\/blog\/wp-json\/wp\/v2\/categories?post=75378"},{"taxonomy":"post_tag","embeddable":true,"href":"https:\/\/dicodusport.fr\/blog\/wp-json\/wp\/v2\/tags?post=75378"}],"curies":[{"name":"wp","href":"https:\/\/api.w.org\/{rel}","templated":true}]}}