{"id":75511,"date":"2020-08-26T18:00:00","date_gmt":"2020-08-26T16:00:00","guid":{"rendered":"http:\/\/dicodusport.fr\/blog\/?p=75511&#038;preview=true&#038;preview_id=75511"},"modified":"2021-05-03T15:39:40","modified_gmt":"2021-05-03T13:39:40","slug":"tour-de-france-2020-5-favoris-maillot-a-pois-classement-montagne","status":"publish","type":"post","link":"https:\/\/dicodusport.fr\/blog\/tour-de-france-2020-5-favoris-maillot-a-pois-classement-montagne\/","title":{"rendered":"Tour de France 2020 : nos 5 favoris pour le maillot \u00e0 pois du classement de la montagne"},"content":{"rendered":"<p style=\"text-align: justify;\"><b><i><a href=\"https:\/\/dicodusport.fr\/blog\/actualites\/cyclisme\/tour-de-france-2020\/\" target=\"_blank\" rel=\"noopener noreferrer\">TOUR DE FRANCE 2020<\/a> &#8211; Le Tour de France d\u00e9bute ce samedi 29 ao\u00fbt et s&rsquo;ach\u00e8vera le dimanche 20 septembre. D\u00e9couvrez nos favoris pour le maillot \u00e0 pois du classement de la montagne.<\/i><\/b><\/p>\n<h2 style=\"text-align: justify;\">Julian Alaphilippe (France)<\/h2>\n<p style=\"text-align: justify;\"><strong>\u00c9quipe :<\/strong> Deceuncinck &#8211; Quick-Step<\/p>\n<div id=\"attachment_70555\" style=\"width: 810px\" class=\"wp-caption aligncenter\"><a href=\"http:\/\/dicodusport.fr\/blog\/wp-content\/uploads\/2020\/07\/Julian-Alaphilippe-sera-aussi-au-d\u00e9part-de-Milan-San-Remo.png\"><img loading=\"lazy\" decoding=\"async\" aria-describedby=\"caption-attachment-70555\" class=\"size-full wp-image-70555\" src=\"http:\/\/dicodusport.fr\/blog\/wp-content\/uploads\/2020\/07\/Julian-Alaphilippe-sera-aussi-au-d\u00e9part-de-Milan-San-Remo.png\" alt=\"Strade Bianche 2020 : la liste des engag\u00e9s\" width=\"800\" height=\"445\" srcset=\"https:\/\/dicodusport.fr\/blog\/wp-content\/uploads\/2020\/07\/Julian-Alaphilippe-sera-aussi-au-d\u00e9part-de-Milan-San-Remo.png 800w, https:\/\/dicodusport.fr\/blog\/wp-content\/uploads\/2020\/07\/Julian-Alaphilippe-sera-aussi-au-d\u00e9part-de-Milan-San-Remo-300x167.png 300w, https:\/\/dicodusport.fr\/blog\/wp-content\/uploads\/2020\/07\/Julian-Alaphilippe-sera-aussi-au-d\u00e9part-de-Milan-San-Remo-768x427.png 768w\" sizes=\"auto, (max-width: 800px) 100vw, 800px\" \/><\/a><p id=\"caption-attachment-70555\" class=\"wp-caption-text\">Julian Alaphilippe &#8211; Alain Jocard \/ AFP<\/p><\/div>\n<p style=\"text-align: justify;\">Peu de chances qu&rsquo;il se retrouve dans une configuration comme en 2019, \u00e0 jouer le classement g\u00e9n\u00e9ral. Dans ce cas, le maillot \u00e0 pois peut \u00eatre un objectif pour le Fran\u00e7ais. S&rsquo;il a la bonne jambe et qu&rsquo;il n&rsquo;est pas une menace pour les favoris au classement g\u00e9n\u00e9ral, <strong>Julian Alaphilippe<\/strong> aura la libert\u00e9 de partir devant. En 2018, il a prouv\u00e9 que dans cette configuration, il \u00e9tait irr\u00e9sistible ou presque. Avec au bout, le maillot \u00e0 pois et deux victoires d&rsquo;\u00e9tape.<\/p>\n<table style=\"width: 100%;\">\n<tbody>\n<tr style=\"height: 16px;\">\n<td style=\"border-color: #ffffff; background-color: #404040; width: 114.935%; text-align: left;\"><span style=\"font-size: 12px; color: #ffffff;\">Tour de France &#8211; Maillot \u00e0 pois du classement de la montagne<\/span><\/td>\n<td style=\"border-color: #ffffff; background-color: #525252; width: 10%; text-align: center;\"><span style=\"font-size: 12px; color: #ffffff;\">1<\/span><\/td>\n<\/tr>\n<tr style=\"height: 24px;\">\n<td style=\"border-color: #ffffff; background-color: #ffffff; text-align: justify;\"><span style=\"font-size: 14px; color: #000000;\"><strong>Julian Alaphilippe<\/strong><\/span><\/td>\n<td style=\"border-color: #ffffff; background-color: #ffffff;\"><span style=\"font-size: 10px;\"><a href=\"https:\/\/www.winamax.fr\/paris-sportifs\/match\/prelive\/97991?banid=33431\" class=\"su-button su-button-style-flat\" style=\"color:#FFFFFF;background-color:#b10e12;border-color:#8e0c0f;border-radius:5px\" target=\"_blank\" rel=\"noopener noreferrer\"><span style=\"color:#FFFFFF;padding:0px 16px;font-size:13px;line-height:26px;border-color:#c9575a;border-radius:5px;text-shadow:none\"> 4.50<\/span><\/a><\/span><\/td>\n<\/tr>\n<\/tbody>\n<\/table>\n<p style=\"text-align: center;\"><a href=\"http:\/\/dicodusport.fr\/blog\/tour-de-france-2020-5-favoris-maillot-a-pois-classement-montagne\/2\/#deux\" class=\"su-button su-button-style-flat\" style=\"color:#FFFFFF;background-color:#005f9b;border-color:#004c7c;border-radius:4px\" target=\"_self\"><span style=\"color:#FFFFFF;padding:0px 20px;font-size:16px;line-height:32px;border-color:#4d8fb9;border-radius:4px;text-shadow:none\"> Suivant<\/span><\/a><!--nextpage--><\/p>\n<h2 style=\"text-align: justify;\"><a id=\"deux\"><\/a>Primoz Roglic (Slov\u00e8nie)<\/h2>\n<p style=\"text-align: justify;\"><strong>\u00c9quipe :<\/strong> Jumbo-Visma<\/p>\n<p style=\"text-align: justify;\"><strong>Egan Bernal<\/strong> a prouv\u00e9 l&rsquo;ann\u00e9e derni\u00e8re que le vainqueur du Tour pouvait aussi \u00eatre bien plac\u00e9 au classement de la montagne, en prenant la deuxi\u00e8me place. Le Slov\u00e8ne est tomb\u00e9 et sa forme reste incertaine, mais sur ce qu&rsquo;il a montr\u00e9 jusqu&rsquo;\u00e0 la veille de l&rsquo;arriv\u00e9e du Dauphin\u00e9, il peut \u00eatre dominateur et prendre des points sur pas mal d&rsquo;arriv\u00e9es au sommet. <strong>Roglic<\/strong> peut gagner le maillot \u00e0 pois sans le jouer s&rsquo;il domine les d\u00e9bats chez les favoris.<\/p>\n<table style=\"width: 100%;\">\n<tbody>\n<tr style=\"height: 16px;\">\n<td style=\"border-color: #ffffff; background-color: #404040; width: 114.935%; text-align: left;\"><span style=\"font-size: 12px; color: #ffffff;\">Tour de France &#8211; Maillot \u00e0 pois du classement de la montagne<\/span><\/td>\n<td style=\"border-color: #ffffff; background-color: #525252; width: 10%; text-align: center;\"><span style=\"font-size: 12px; color: #ffffff;\">1<\/span><\/td>\n<\/tr>\n<tr style=\"height: 24px;\">\n<td style=\"border-color: #ffffff; background-color: #ffffff; text-align: justify;\"><span style=\"font-size: 14px; color: #000000;\"><strong>Primoz Roglic<\/strong><\/span><\/td>\n<td style=\"border-color: #ffffff; background-color: #ffffff;\"><span style=\"font-size: 10px;\"><a href=\"https:\/\/www.winamax.fr\/paris-sportifs\/match\/prelive\/97991?banid=33431\" class=\"su-button su-button-style-flat\" style=\"color:#FFFFFF;background-color:#b10e12;border-color:#8e0c0f;border-radius:5px\" target=\"_blank\" rel=\"noopener noreferrer\"><span style=\"color:#FFFFFF;padding:0px 16px;font-size:13px;line-height:26px;border-color:#c9575a;border-radius:5px;text-shadow:none\"> 14<\/span><\/a><\/span><\/td>\n<\/tr>\n<\/tbody>\n<\/table>\n<p style=\"text-align: center;\"><a href=\"http:\/\/dicodusport.fr\/blog\/tour-de-france-2020-5-favoris-maillot-a-pois-classement-montagne\/3\/#trois\" class=\"su-button su-button-style-flat\" style=\"color:#FFFFFF;background-color:#005f9b;border-color:#004c7c;border-radius:4px\" target=\"_self\"><span style=\"color:#FFFFFF;padding:0px 20px;font-size:16px;line-height:32px;border-color:#4d8fb9;border-radius:4px;text-shadow:none\"> Suivant<\/span><\/a>\n<p><!--nextpage--><\/p>\n<h2 style=\"text-align: justify;\"><a id=\"trois\"><\/a>Thomas De Gendt (Belgique)<\/h2>\n<p style=\"text-align: justify;\"><strong>\u00c9quipe :<\/strong> Lotto-Soudal<\/p>\n<div id=\"attachment_75675\" style=\"width: 810px\" class=\"wp-caption aligncenter\"><a href=\"http:\/\/dicodusport.fr\/blog\/wp-content\/uploads\/2020\/08\/Thomas-De-Gendt-Facepeeters-1.png\"><img loading=\"lazy\" decoding=\"async\" aria-describedby=\"caption-attachment-75675\" class=\"size-full wp-image-75675\" src=\"http:\/\/dicodusport.fr\/blog\/wp-content\/uploads\/2020\/08\/Thomas-De-Gendt-Facepeeters-1.png\" alt=\"\" width=\"800\" height=\"445\" srcset=\"https:\/\/dicodusport.fr\/blog\/wp-content\/uploads\/2020\/08\/Thomas-De-Gendt-Facepeeters-1.png 800w, https:\/\/dicodusport.fr\/blog\/wp-content\/uploads\/2020\/08\/Thomas-De-Gendt-Facepeeters-1-300x167.png 300w, https:\/\/dicodusport.fr\/blog\/wp-content\/uploads\/2020\/08\/Thomas-De-Gendt-Facepeeters-1-768x427.png 768w\" sizes=\"auto, (max-width: 800px) 100vw, 800px\" \/><\/a><p id=\"caption-attachment-75675\" class=\"wp-caption-text\">Thomas De Gendt &#8211; Facepeeters<\/p><\/div>\n<p style=\"text-align: justify;\">Vainqueur du classement de la montagne sur le Tour d&rsquo;Espagne en 2018, deuxi\u00e8me en 2016 et troisi\u00e8me en 2017 dans ce m\u00eame classement sur le Tour, <strong>Thomas De Gendt<\/strong> est un pr\u00e9tendant au maillot \u00e0 pois. Infatigable rouleur et baroudeur, le Belge a les moyens de jouer ce classement si son \u00e9quipe lui en laisse la possibilit\u00e9. Avec notamment Caleb Ewan pour les sprints et Philippe Gilbert pour les \u00e9tapes accident\u00e9es, <strong>Thomas de Gendt<\/strong> risque d&rsquo;avoir du boulot d&rsquo;\u00e9quipier \u00e0 accomplir.<\/p>\n<table style=\"width: 100%;\">\n<tbody>\n<tr style=\"height: 16px;\">\n<td style=\"border-color: #ffffff; background-color: #404040; width: 114.935%; text-align: left;\"><span style=\"font-size: 12px; color: #ffffff;\">Tour de France &#8211; Maillot \u00e0 pois du classement de la montagne<\/span><\/td>\n<td style=\"border-color: #ffffff; background-color: #525252; width: 10%; text-align: center;\"><span style=\"font-size: 12px; color: #ffffff;\">1<\/span><\/td>\n<\/tr>\n<tr style=\"height: 24px;\">\n<td style=\"border-color: #ffffff; background-color: #ffffff; text-align: justify;\"><span style=\"font-size: 14px; color: #000000;\"><strong>Thomas De Gendt<\/strong><\/span><\/td>\n<td style=\"border-color: #ffffff; background-color: #ffffff;\"><span style=\"font-size: 10px;\"><a href=\"https:\/\/www.winamax.fr\/paris-sportifs\/match\/prelive\/97991?banid=33431\" class=\"su-button su-button-style-flat\" style=\"color:#FFFFFF;background-color:#b10e12;border-color:#8e0c0f;border-radius:5px\" target=\"_blank\" rel=\"noopener noreferrer\"><span style=\"color:#FFFFFF;padding:0px 16px;font-size:13px;line-height:26px;border-color:#c9575a;border-radius:5px;text-shadow:none\"> 15<\/span><\/a><\/span><\/td>\n<\/tr>\n<\/tbody>\n<\/table>\n<p style=\"text-align: center;\"><a href=\"http:\/\/dicodusport.fr\/blog\/tour-de-france-2020-5-favoris-maillot-a-pois-classement-montagne\/4\/#quatre\" class=\"su-button su-button-style-flat\" style=\"color:#FFFFFF;background-color:#005f9b;border-color:#004c7c;border-radius:4px\" target=\"_self\"><span style=\"color:#FFFFFF;padding:0px 20px;font-size:16px;line-height:32px;border-color:#4d8fb9;border-radius:4px;text-shadow:none\"> Suivant<\/span><\/a>\n<hr \/>\n<ul>\n<li style=\"text-align: justify;\"><strong>\u00c0 lire aussi &#8211; <a href=\"https:\/\/dicodusport.fr\/blog\/tour-de-france-2020-nos-5-favoris-maillot-blanc-meilleur-jeune\/\" target=\"_blank\" rel=\"noopener noreferrer\">Tour de France 2020 : nos 5 favoris pour le maillot blanc du meilleur jeune<\/a><\/strong><\/li>\n<\/ul>\n<hr \/>\n<p><!--nextpage--><\/p>\n<h2 style=\"text-align: justify;\"><a id=\"quatre\"><\/a>Warren Barguil (France)<\/h2>\n<p style=\"text-align: justify;\"><strong>\u00c9quipe :<\/strong> Team Ark\u00e9a-Samsic<\/p>\n<div id=\"attachment_64832\" style=\"width: 810px\" class=\"wp-caption aligncenter\"><a href=\"http:\/\/dicodusport.fr\/blog\/wp-content\/uploads\/2020\/04\/Warren-Barguil-se-propose-pour-livrer-\u00e0-v\u00e9lo-les-personnes-dans-le-besoin.png\"><img loading=\"lazy\" decoding=\"async\" aria-describedby=\"caption-attachment-64832\" class=\"size-full wp-image-64832\" src=\"http:\/\/dicodusport.fr\/blog\/wp-content\/uploads\/2020\/04\/Warren-Barguil-se-propose-pour-livrer-\u00e0-v\u00e9lo-les-personnes-dans-le-besoin.png\" alt=\"\" width=\"800\" height=\"445\" srcset=\"https:\/\/dicodusport.fr\/blog\/wp-content\/uploads\/2020\/04\/Warren-Barguil-se-propose-pour-livrer-\u00e0-v\u00e9lo-les-personnes-dans-le-besoin.png 800w, https:\/\/dicodusport.fr\/blog\/wp-content\/uploads\/2020\/04\/Warren-Barguil-se-propose-pour-livrer-\u00e0-v\u00e9lo-les-personnes-dans-le-besoin-300x167.png 300w, https:\/\/dicodusport.fr\/blog\/wp-content\/uploads\/2020\/04\/Warren-Barguil-se-propose-pour-livrer-\u00e0-v\u00e9lo-les-personnes-dans-le-besoin-768x427.png 768w\" sizes=\"auto, (max-width: 800px) 100vw, 800px\" \/><\/a><p id=\"caption-attachment-64832\" class=\"wp-caption-text\">Warren Barguil &#8211; Ark\u00e9a-Samsic<\/p><\/div>\n<p style=\"text-align: justify;\">Vainqueur du maillot \u00e0 pois en 2017, avec en prime deux beaux succ\u00e8s d&rsquo;\u00e9tape, <em>Wawa<\/em> a eu un peu de mal \u00e0 confirmer sur les routes du Tour en 2018 et 2019. Si intrins\u00e8quement il a les moyens de jouer ce classement, deux questions se posent. Est-il dans la condition suffisante pour titiller un Julian Alaphilippe ou un Romain Bardet dans cette qu\u00eate ? Ne devra-t-il pas rester avec Nairo Quintana pour \u00eatre son dernier soutien en montagne ? Seul <strong>Warren Barguil<\/strong> a la r\u00e9ponse.<\/p>\n<table style=\"width: 100%;\">\n<tbody>\n<tr style=\"height: 16px;\">\n<td style=\"border-color: #ffffff; background-color: #404040; width: 114.935%; text-align: left;\"><span style=\"font-size: 12px; color: #ffffff;\">Tour de France &#8211; Maillot \u00e0 pois du classement de la montagne<\/span><\/td>\n<td style=\"border-color: #ffffff; background-color: #525252; width: 10%; text-align: center;\"><span style=\"font-size: 12px; color: #ffffff;\">1<\/span><\/td>\n<\/tr>\n<tr style=\"height: 24px;\">\n<td style=\"border-color: #ffffff; background-color: #ffffff; text-align: justify;\"><span style=\"font-size: 14px; color: #000000;\"><strong>Warren Barguil<\/strong><\/span><\/td>\n<td style=\"border-color: #ffffff; background-color: #ffffff;\"><span style=\"font-size: 10px;\"><a href=\"https:\/\/www.winamax.fr\/paris-sportifs\/match\/prelive\/97991?banid=33431\" class=\"su-button su-button-style-flat\" style=\"color:#FFFFFF;background-color:#b10e12;border-color:#8e0c0f;border-radius:5px\" target=\"_blank\" rel=\"noopener noreferrer\"><span style=\"color:#FFFFFF;padding:0px 16px;font-size:13px;line-height:26px;border-color:#c9575a;border-radius:5px;text-shadow:none\"> 18<\/span><\/a><\/span><\/td>\n<\/tr>\n<\/tbody>\n<\/table>\n<p style=\"text-align: center;\"><a href=\"http:\/\/dicodusport.fr\/blog\/tour-de-france-2020-5-favoris-maillot-a-pois-classement-montagne\/5\/#cinq\" class=\"su-button su-button-style-flat\" style=\"color:#FFFFFF;background-color:#005f9b;border-color:#004c7c;border-radius:4px\" target=\"_self\"><span style=\"color:#FFFFFF;padding:0px 20px;font-size:16px;line-height:32px;border-color:#4d8fb9;border-radius:4px;text-shadow:none\"> Suivant<\/span><\/a>\n<p><!--nextpage--><\/p>\n<h2 style=\"text-align: justify;\"><a id=\"cinq\"><\/a>Romain Bardet (France)<\/h2>\n<div id=\"attachment_64665\" style=\"width: 810px\" class=\"wp-caption aligncenter\"><a href=\"http:\/\/dicodusport.fr\/blog\/wp-content\/uploads\/2020\/04\/Romain-Bardet-oppos\u00e9-\u00e0-la-demande-de-d\u00e9rogation-pour-rouler-en-ext\u00e9rieur.png\"><img loading=\"lazy\" decoding=\"async\" aria-describedby=\"caption-attachment-64665\" class=\"size-full wp-image-64665\" src=\"http:\/\/dicodusport.fr\/blog\/wp-content\/uploads\/2020\/04\/Romain-Bardet-oppos\u00e9-\u00e0-la-demande-de-d\u00e9rogation-pour-rouler-en-ext\u00e9rieur.png\" alt=\"\" width=\"800\" height=\"445\" srcset=\"https:\/\/dicodusport.fr\/blog\/wp-content\/uploads\/2020\/04\/Romain-Bardet-oppos\u00e9-\u00e0-la-demande-de-d\u00e9rogation-pour-rouler-en-ext\u00e9rieur.png 800w, https:\/\/dicodusport.fr\/blog\/wp-content\/uploads\/2020\/04\/Romain-Bardet-oppos\u00e9-\u00e0-la-demande-de-d\u00e9rogation-pour-rouler-en-ext\u00e9rieur-300x167.png 300w, https:\/\/dicodusport.fr\/blog\/wp-content\/uploads\/2020\/04\/Romain-Bardet-oppos\u00e9-\u00e0-la-demande-de-d\u00e9rogation-pour-rouler-en-ext\u00e9rieur-768x427.png 768w\" sizes=\"auto, (max-width: 800px) 100vw, 800px\" \/><\/a><p id=\"caption-attachment-64665\" class=\"wp-caption-text\">Romain Bardet &#8211; Getty Images<\/p><\/div>\n<p style=\"text-align: justify;\"><strong>\u00c9quipe :<\/strong> AG2R La Mondiale<\/p>\n<p style=\"text-align: justify;\">Classement g\u00e9n\u00e9ral ou maillot \u00e0 pois ? Que va jouer <strong>Romain Bardet<\/strong> pour son dernier Tour de France avec AG2R La Mondiale ? Vainqueur l&rsquo;ann\u00e9e pass\u00e9e apr\u00e8s avoir perdu tout espoir au classement g\u00e9n\u00e9ral dans les Pyr\u00e9n\u00e9es, l&rsquo;Auvergnat pourrait \u00eatre tenter de ramener les pois en jouant la gagne sur une ou deux \u00e9tapes. En revanche, s&rsquo;il choisit de suivre les meilleurs en montagne, le classement de la montagne sera bien plus compliqu\u00e9 \u00e0 jouer.<\/p>\n<table style=\"width: 100%;\">\n<tbody>\n<tr style=\"height: 16px;\">\n<td style=\"border-color: #ffffff; background-color: #404040; width: 114.935%; text-align: left;\"><span style=\"font-size: 12px; color: #ffffff;\">Tour de France &#8211; Maillot \u00e0 pois du classement de la montagne<\/span><\/td>\n<td style=\"border-color: #ffffff; background-color: #525252; width: 10%; text-align: center;\"><span style=\"font-size: 12px; color: #ffffff;\">1<\/span><\/td>\n<\/tr>\n<tr style=\"height: 24px;\">\n<td style=\"border-color: #ffffff; background-color: #ffffff; text-align: justify;\"><span style=\"font-size: 14px; color: #000000;\"><strong>Romain Bardet<\/strong><\/span><\/td>\n<td style=\"border-color: #ffffff; background-color: #ffffff;\"><span style=\"font-size: 10px;\"><a href=\"https:\/\/www.winamax.fr\/paris-sportifs\/match\/prelive\/97991?banid=33431\" class=\"su-button su-button-style-flat\" style=\"color:#FFFFFF;background-color:#b10e12;border-color:#8e0c0f;border-radius:5px\" target=\"_blank\" rel=\"noopener noreferrer\"><span style=\"color:#FFFFFF;padding:0px 16px;font-size:13px;line-height:26px;border-color:#c9575a;border-radius:5px;text-shadow:none\"> 10<\/span><\/a><\/span><\/td>\n<\/tr>\n<\/tbody>\n<\/table>\n<p style=\"text-align: center;\"><a href=\"http:\/\/dicodusport.fr\/blog\/tour-de-france-2020-5-favoris-maillot-a-pois-classement-montagne\" class=\"su-button su-button-style-flat\" style=\"color:#FFFFFF;background-color:#005f9b;border-color:#004c7c;border-radius:4px\" target=\"_self\"><span style=\"color:#FFFFFF;padding:0px 20px;font-size:16px;line-height:32px;border-color:#4d8fb9;border-radius:4px;text-shadow:none\"> Revenir au d\u00e9but<\/span><\/a>\n<ul>\n<li style=\"text-align: justify;\"><strong>\u00c0 lire aussi &#8211; <a href=\"https:\/\/dicodusport.fr\/blog\/tour-de-france-2020-5-favoris-maillot-jaune-classement-general\/\" target=\"_blank\" rel=\"noopener noreferrer\">Tour de France 2020 : nos 5 favoris pour le maillot jaune du classement g\u00e9n\u00e9ral<\/a><\/strong><\/li>\n<\/ul>\n<p><strong><em>Dicodusport<br \/>\n<a href=\"https:\/\/www.facebook.com\/dicodusport\/\" target=\"_blank\" rel=\"noopener noreferrer\"><img loading=\"lazy\" decoding=\"async\" class=\"alignnone wp-image-2909\" src=\"http:\/\/dicodusport.fr\/blog\/wp-content\/uploads\/2017\/07\/logo-facebook-150x150.png\" alt=\"\" width=\"40\" height=\"40\" \/><\/a><a href=\"https:\/\/twitter.com\/dicodusport\" target=\"_blank\" rel=\"noopener noreferrer\"><img loading=\"lazy\" decoding=\"async\" class=\"alignnone wp-image-2908\" src=\"http:\/\/dicodusport.fr\/blog\/wp-content\/uploads\/2017\/07\/logo-twitter-150x150.png\" alt=\"\" width=\"39\" height=\"39\" \/><\/a><\/em><\/strong><\/p>\n<p>&nbsp;<\/p>\n<p style=\"text-align: center;\">\n","protected":false},"excerpt":{"rendered":"<p>TOUR DE FRANCE 2020 &#8211; Le Tour de France d\u00e9bute ce samedi 29 ao\u00fbt et s&rsquo;ach\u00e8vera le dimanche 20 septembre. D\u00e9couvrez nos favoris pour le maillot \u00e0 pois du classement de la montagne.<\/p>\n","protected":false},"author":4,"featured_media":75677,"comment_status":"open","ping_status":"closed","sticky":false,"template":"","format":"standard","meta":{"_acf_changed":false,"_daextam_enable_autolinks":"","footnotes":""},"categories":[46995],"tags":[1262],"class_list":["post-75511","post","type-post","status-publish","format-standard","has-post-thumbnail","hentry","category-tour-de-france","tag-tour-de-france"],"acf":[],"yoast_head":"<!-- This site is optimized with the Yoast SEO Premium plugin v26.7 (Yoast SEO v26.7) - https:\/\/yoast.com\/wordpress\/plugins\/seo\/ -->\n<title>Tour de France 2020 : nos 5 favoris pour le maillot \u00e0 pois du classement de la montagne<\/title>\n<meta name=\"description\" content=\"TOUR DE FRANCE 2020 - Le Tour de France d\u00e9bute ce samedi \u00e0 Nice. D\u00e9couvrez nos favoris pour le maillot \u00e0 pois du classement de la montagne.\" \/>\n<meta name=\"robots\" content=\"index, follow, max-snippet:-1, max-image-preview:large, max-video-preview:-1\" \/>\n<link rel=\"canonical\" href=\"https:\/\/dicodusport.fr\/blog\/tour-de-france-2020-5-favoris-maillot-a-pois-classement-montagne\/\" \/>\n<link rel=\"next\" href=\"https:\/\/dicodusport.fr\/blog\/tour-de-france-2020-5-favoris-maillot-a-pois-classement-montagne\/2\/\" \/>\n<meta property=\"og:locale\" content=\"fr_FR\" \/>\n<meta property=\"og:type\" content=\"article\" \/>\n<meta property=\"og:title\" content=\"Tour de France 2020 : nos 5 favoris pour le maillot \u00e0 pois\" \/>\n<meta property=\"og:description\" content=\"TOUR DE FRANCE 2020 - Le Tour de France d\u00e9bute ce samedi \u00e0 Nice. D\u00e9couvrez nos favoris pour le maillot \u00e0 pois du classement de la montagne.\" \/>\n<meta property=\"og:url\" content=\"https:\/\/dicodusport.fr\/blog\/tour-de-france-2020-5-favoris-maillot-a-pois-classement-montagne\/\" \/>\n<meta property=\"og:site_name\" content=\"Dicodusport\" \/>\n<meta property=\"article:publisher\" content=\"https:\/\/www.facebook.com\/dicodusport\" \/>\n<meta property=\"article:author\" content=\"https:\/\/www.facebook.com\/florent.ostermann\" \/>\n<meta property=\"article:published_time\" content=\"2020-08-26T16:00:00+00:00\" \/>\n<meta property=\"article:modified_time\" content=\"2021-05-03T13:39:40+00:00\" \/>\n<meta property=\"og:image\" content=\"https:\/\/dicodusport.fr\/blog\/wp-content\/uploads\/2020\/08\/Tour-de-France-2020-Nos-5-favoris-pour-le-maillot-\u00e0-pois-du-classement-de-la-montagne.png\" \/>\n\t<meta property=\"og:image:width\" content=\"800\" \/>\n\t<meta property=\"og:image:height\" content=\"445\" \/>\n\t<meta property=\"og:image:type\" content=\"image\/png\" \/>\n<meta name=\"author\" content=\"Flo Ostermann\" \/>\n<meta name=\"twitter:card\" content=\"summary_large_image\" \/>\n<meta name=\"twitter:title\" content=\"Tour de France 2020 : nos 5 favoris pour le maillot \u00e0 pois\" \/>\n<meta name=\"twitter:creator\" content=\"@https:\/\/twitter.com\/FlOstermann\" \/>\n<meta name=\"twitter:site\" content=\"@dicodusport\" \/>\n<script type=\"application\/ld+json\" class=\"yoast-schema-graph\">{\"@context\":\"https:\/\/schema.org\",\"@graph\":[{\"@type\":\"NewsArticle\",\"@id\":\"https:\/\/dicodusport.fr\/blog\/tour-de-france-2020-5-favoris-maillot-a-pois-classement-montagne\/#article\",\"isPartOf\":{\"@id\":\"https:\/\/dicodusport.fr\/blog\/tour-de-france-2020-5-favoris-maillot-a-pois-classement-montagne\/\"},\"author\":{\"name\":\"Flo Ostermann\",\"@id\":\"https:\/\/dicodusport.fr\/blog\/#\/schema\/person\/cb02af4c173ce4a653b55e9baf388d4a\"},\"headline\":\"Tour de France 2020 : nos 5 favoris pour le maillot \u00e0 pois du classement de la montagne\",\"datePublished\":\"2020-08-26T16:00:00+00:00\",\"dateModified\":\"2021-05-03T13:39:40+00:00\",\"mainEntityOfPage\":{\"@id\":\"https:\/\/dicodusport.fr\/blog\/tour-de-france-2020-5-favoris-maillot-a-pois-classement-montagne\/\"},\"wordCount\":876,\"commentCount\":0,\"publisher\":{\"@id\":\"https:\/\/dicodusport.fr\/blog\/#organization\"},\"image\":{\"@id\":\"https:\/\/dicodusport.fr\/blog\/tour-de-france-2020-5-favoris-maillot-a-pois-classement-montagne\/#primaryimage\"},\"thumbnailUrl\":\"https:\/\/dicodusport.fr\/blog\/wp-content\/uploads\/2020\/08\/Tour-de-France-2020-Nos-5-favoris-pour-le-maillot-\u00e0-pois-du-classement-de-la-montagne.png\",\"keywords\":[\"Tour de France\"],\"articleSection\":[\"Tour de France\"],\"inLanguage\":\"fr-FR\",\"potentialAction\":[{\"@type\":\"CommentAction\",\"name\":\"Comment\",\"target\":[\"https:\/\/dicodusport.fr\/blog\/tour-de-france-2020-5-favoris-maillot-a-pois-classement-montagne\/#respond\"]}],\"copyrightYear\":\"2020\",\"copyrightHolder\":{\"@id\":\"https:\/\/dicodusport.fr\/blog\/#organization\"}},{\"@type\":\"WebPage\",\"@id\":\"https:\/\/dicodusport.fr\/blog\/tour-de-france-2020-5-favoris-maillot-a-pois-classement-montagne\/\",\"url\":\"https:\/\/dicodusport.fr\/blog\/tour-de-france-2020-5-favoris-maillot-a-pois-classement-montagne\/\",\"name\":\"Tour de France 2020 : nos 5 favoris pour le maillot \u00e0 pois du classement de la montagne\",\"isPartOf\":{\"@id\":\"https:\/\/dicodusport.fr\/blog\/#website\"},\"primaryImageOfPage\":{\"@id\":\"https:\/\/dicodusport.fr\/blog\/tour-de-france-2020-5-favoris-maillot-a-pois-classement-montagne\/#primaryimage\"},\"image\":{\"@id\":\"https:\/\/dicodusport.fr\/blog\/tour-de-france-2020-5-favoris-maillot-a-pois-classement-montagne\/#primaryimage\"},\"thumbnailUrl\":\"https:\/\/dicodusport.fr\/blog\/wp-content\/uploads\/2020\/08\/Tour-de-France-2020-Nos-5-favoris-pour-le-maillot-\u00e0-pois-du-classement-de-la-montagne.png\",\"datePublished\":\"2020-08-26T16:00:00+00:00\",\"dateModified\":\"2021-05-03T13:39:40+00:00\",\"description\":\"TOUR DE FRANCE 2020 - Le Tour de France d\u00e9bute ce samedi \u00e0 Nice. D\u00e9couvrez nos favoris pour le maillot \u00e0 pois du classement de la montagne.\",\"inLanguage\":\"fr-FR\",\"potentialAction\":[{\"@type\":\"ReadAction\",\"target\":[\"https:\/\/dicodusport.fr\/blog\/tour-de-france-2020-5-favoris-maillot-a-pois-classement-montagne\/\"]}]},{\"@type\":\"ImageObject\",\"inLanguage\":\"fr-FR\",\"@id\":\"https:\/\/dicodusport.fr\/blog\/tour-de-france-2020-5-favoris-maillot-a-pois-classement-montagne\/#primaryimage\",\"url\":\"https:\/\/dicodusport.fr\/blog\/wp-content\/uploads\/2020\/08\/Tour-de-France-2020-Nos-5-favoris-pour-le-maillot-\u00e0-pois-du-classement-de-la-montagne.png\",\"contentUrl\":\"https:\/\/dicodusport.fr\/blog\/wp-content\/uploads\/2020\/08\/Tour-de-France-2020-Nos-5-favoris-pour-le-maillot-\u00e0-pois-du-classement-de-la-montagne.png\",\"width\":800,\"height\":445,\"caption\":\"Tour de France 2020 : nos 5 favoris pour le maillot \u00e0 pois du classement de la montagne\"},{\"@type\":\"WebSite\",\"@id\":\"https:\/\/dicodusport.fr\/blog\/#website\",\"url\":\"https:\/\/dicodusport.fr\/blog\/\",\"name\":\"Dicodusport\",\"description\":\"L&#039;encyclop\u00e9die de l&#039;actualit\u00e9 sportive\",\"publisher\":{\"@id\":\"https:\/\/dicodusport.fr\/blog\/#organization\"},\"potentialAction\":[{\"@type\":\"SearchAction\",\"target\":{\"@type\":\"EntryPoint\",\"urlTemplate\":\"https:\/\/dicodusport.fr\/blog\/?s={search_term_string}\"},\"query-input\":{\"@type\":\"PropertyValueSpecification\",\"valueRequired\":true,\"valueName\":\"search_term_string\"}}],\"inLanguage\":\"fr-FR\"},{\"@type\":\"NewsMediaOrganization\",\"@id\":\"https:\/\/dicodusport.fr\/blog\/#organization\",\"name\":\"Dicodusport\",\"url\":\"https:\/\/dicodusport.fr\/blog\/\",\"logo\":{\"@type\":\"ImageObject\",\"inLanguage\":\"fr-FR\",\"@id\":\"https:\/\/dicodusport.fr\/blog\/#\/schema\/logo\/image\/\",\"url\":\"https:\/\/dicodusport.fr\/blog\/wp-content\/uploads\/2020\/06\/cropped-LOGO-DICODUSPORT-2020-SANS-FOND-SANS-TEXTE.png\",\"contentUrl\":\"https:\/\/dicodusport.fr\/blog\/wp-content\/uploads\/2020\/06\/cropped-LOGO-DICODUSPORT-2020-SANS-FOND-SANS-TEXTE.png\",\"width\":512,\"height\":512,\"caption\":\"Dicodusport\"},\"image\":{\"@id\":\"https:\/\/dicodusport.fr\/blog\/#\/schema\/logo\/image\/\"},\"sameAs\":[\"https:\/\/www.facebook.com\/dicodusport\",\"https:\/\/x.com\/dicodusport\",\"https:\/\/www.instagram.com\/dicodusport\/\",\"https:\/\/www.youtube.com\/channel\/UC7V2KZ5sd3htJivAbA4ZG3w\"],\"description\":\"Dicodusport est l'encyclop\u00e9die de l'actualit\u00e9 sportive.\",\"email\":\"bonjour@dicodusport.fr\",\"legalName\":\"DICODUSPORT\",\"foundingDate\":\"2018-01-14\",\"vatID\":\"FR71834470973\",\"taxID\":\"83447097300043\",\"numberOfEmployees\":{\"@type\":\"QuantitativeValue\",\"minValue\":\"1\",\"maxValue\":\"10\"}},{\"@type\":\"Person\",\"@id\":\"https:\/\/dicodusport.fr\/blog\/#\/schema\/person\/cb02af4c173ce4a653b55e9baf388d4a\",\"name\":\"Flo Ostermann\",\"image\":{\"@type\":\"ImageObject\",\"inLanguage\":\"fr-FR\",\"@id\":\"https:\/\/dicodusport.fr\/blog\/#\/schema\/person\/image\/\",\"url\":\"https:\/\/dicodusport.fr\/blog\/wp-content\/uploads\/2021\/05\/Flo-Ostermann-150x150.jpg\",\"contentUrl\":\"https:\/\/dicodusport.fr\/blog\/wp-content\/uploads\/2021\/05\/Flo-Ostermann-150x150.jpg\",\"caption\":\"Flo Ostermann\"},\"description\":\"Journaliste\/R\u00e9dacteur depuis septembre 2015 - Mes premiers souvenirs dans le sport ? Les envol\u00e9es du Stade Toulousain et les duels Villeneuve-Schumacher et H\u00e4kkinen-Schumacher \u00e0 la fin des ann\u00e9es 90, la Coupe du monde de football en 1998, l\u2019exploit du XV de France face aux All Blacks en 1999, mais aussi Richard C\u0153ur de Lion qui vole sur les montagnes du Tour de France. Bien parti pour devenir professeur d\u2019EPS, les \u00e9v\u00e9nements de la vie (et la flemme d\u2019animer des s\u00e9ances de 3x500 m\u00e8tres toute ma vie) m\u2019ont conduit \u00e0 revoir mes plans. Me voil\u00e0 depuis fin 2017 sur Dicodusport, m\u00e9dia gr\u00e2ce (et pour) lequel je partage ma passion : le sport dans tous ses \u00e9tats. Le tout accompagn\u00e9 par les fous furieux et folles furieuses cit\u00e9s sur cette page !\",\"sameAs\":[\"https:\/\/www.facebook.com\/florent.ostermann\",\"https:\/\/x.com\/https:\/\/twitter.com\/FlOstermann\",\"admin\"],\"url\":\"https:\/\/dicodusport.fr\/blog\/author\/flo\/\"}]}<\/script>\n<!-- \/ Yoast SEO Premium plugin. -->","yoast_head_json":{"title":"Tour de France 2020 : nos 5 favoris pour le maillot \u00e0 pois du classement de la montagne","description":"TOUR DE FRANCE 2020 - Le Tour de France d\u00e9bute ce samedi \u00e0 Nice. D\u00e9couvrez nos favoris pour le maillot \u00e0 pois du classement de la montagne.","robots":{"index":"index","follow":"follow","max-snippet":"max-snippet:-1","max-image-preview":"max-image-preview:large","max-video-preview":"max-video-preview:-1"},"canonical":"https:\/\/dicodusport.fr\/blog\/tour-de-france-2020-5-favoris-maillot-a-pois-classement-montagne\/","next":"https:\/\/dicodusport.fr\/blog\/tour-de-france-2020-5-favoris-maillot-a-pois-classement-montagne\/2\/","og_locale":"fr_FR","og_type":"article","og_title":"Tour de France 2020 : nos 5 favoris pour le maillot \u00e0 pois","og_description":"TOUR DE FRANCE 2020 - Le Tour de France d\u00e9bute ce samedi \u00e0 Nice. D\u00e9couvrez nos favoris pour le maillot \u00e0 pois du classement de la montagne.","og_url":"https:\/\/dicodusport.fr\/blog\/tour-de-france-2020-5-favoris-maillot-a-pois-classement-montagne\/","og_site_name":"Dicodusport","article_publisher":"https:\/\/www.facebook.com\/dicodusport","article_author":"https:\/\/www.facebook.com\/florent.ostermann","article_published_time":"2020-08-26T16:00:00+00:00","article_modified_time":"2021-05-03T13:39:40+00:00","og_image":[{"width":800,"height":445,"url":"https:\/\/dicodusport.fr\/blog\/wp-content\/uploads\/2020\/08\/Tour-de-France-2020-Nos-5-favoris-pour-le-maillot-\u00e0-pois-du-classement-de-la-montagne.png","type":"image\/png"}],"author":"Flo Ostermann","twitter_card":"summary_large_image","twitter_title":"Tour de France 2020 : nos 5 favoris pour le maillot \u00e0 pois","twitter_creator":"@https:\/\/twitter.com\/FlOstermann","twitter_site":"@dicodusport","schema":{"@context":"https:\/\/schema.org","@graph":[{"@type":"NewsArticle","@id":"https:\/\/dicodusport.fr\/blog\/tour-de-france-2020-5-favoris-maillot-a-pois-classement-montagne\/#article","isPartOf":{"@id":"https:\/\/dicodusport.fr\/blog\/tour-de-france-2020-5-favoris-maillot-a-pois-classement-montagne\/"},"author":{"name":"Flo Ostermann","@id":"https:\/\/dicodusport.fr\/blog\/#\/schema\/person\/cb02af4c173ce4a653b55e9baf388d4a"},"headline":"Tour de France 2020 : nos 5 favoris pour le maillot \u00e0 pois du classement de la montagne","datePublished":"2020-08-26T16:00:00+00:00","dateModified":"2021-05-03T13:39:40+00:00","mainEntityOfPage":{"@id":"https:\/\/dicodusport.fr\/blog\/tour-de-france-2020-5-favoris-maillot-a-pois-classement-montagne\/"},"wordCount":876,"commentCount":0,"publisher":{"@id":"https:\/\/dicodusport.fr\/blog\/#organization"},"image":{"@id":"https:\/\/dicodusport.fr\/blog\/tour-de-france-2020-5-favoris-maillot-a-pois-classement-montagne\/#primaryimage"},"thumbnailUrl":"https:\/\/dicodusport.fr\/blog\/wp-content\/uploads\/2020\/08\/Tour-de-France-2020-Nos-5-favoris-pour-le-maillot-\u00e0-pois-du-classement-de-la-montagne.png","keywords":["Tour de France"],"articleSection":["Tour de France"],"inLanguage":"fr-FR","potentialAction":[{"@type":"CommentAction","name":"Comment","target":["https:\/\/dicodusport.fr\/blog\/tour-de-france-2020-5-favoris-maillot-a-pois-classement-montagne\/#respond"]}],"copyrightYear":"2020","copyrightHolder":{"@id":"https:\/\/dicodusport.fr\/blog\/#organization"}},{"@type":"WebPage","@id":"https:\/\/dicodusport.fr\/blog\/tour-de-france-2020-5-favoris-maillot-a-pois-classement-montagne\/","url":"https:\/\/dicodusport.fr\/blog\/tour-de-france-2020-5-favoris-maillot-a-pois-classement-montagne\/","name":"Tour de France 2020 : nos 5 favoris pour le maillot \u00e0 pois du classement de la montagne","isPartOf":{"@id":"https:\/\/dicodusport.fr\/blog\/#website"},"primaryImageOfPage":{"@id":"https:\/\/dicodusport.fr\/blog\/tour-de-france-2020-5-favoris-maillot-a-pois-classement-montagne\/#primaryimage"},"image":{"@id":"https:\/\/dicodusport.fr\/blog\/tour-de-france-2020-5-favoris-maillot-a-pois-classement-montagne\/#primaryimage"},"thumbnailUrl":"https:\/\/dicodusport.fr\/blog\/wp-content\/uploads\/2020\/08\/Tour-de-France-2020-Nos-5-favoris-pour-le-maillot-\u00e0-pois-du-classement-de-la-montagne.png","datePublished":"2020-08-26T16:00:00+00:00","dateModified":"2021-05-03T13:39:40+00:00","description":"TOUR DE FRANCE 2020 - Le Tour de France d\u00e9bute ce samedi \u00e0 Nice. D\u00e9couvrez nos favoris pour le maillot \u00e0 pois du classement de la montagne.","inLanguage":"fr-FR","potentialAction":[{"@type":"ReadAction","target":["https:\/\/dicodusport.fr\/blog\/tour-de-france-2020-5-favoris-maillot-a-pois-classement-montagne\/"]}]},{"@type":"ImageObject","inLanguage":"fr-FR","@id":"https:\/\/dicodusport.fr\/blog\/tour-de-france-2020-5-favoris-maillot-a-pois-classement-montagne\/#primaryimage","url":"https:\/\/dicodusport.fr\/blog\/wp-content\/uploads\/2020\/08\/Tour-de-France-2020-Nos-5-favoris-pour-le-maillot-\u00e0-pois-du-classement-de-la-montagne.png","contentUrl":"https:\/\/dicodusport.fr\/blog\/wp-content\/uploads\/2020\/08\/Tour-de-France-2020-Nos-5-favoris-pour-le-maillot-\u00e0-pois-du-classement-de-la-montagne.png","width":800,"height":445,"caption":"Tour de France 2020 : nos 5 favoris pour le maillot \u00e0 pois du classement de la montagne"},{"@type":"WebSite","@id":"https:\/\/dicodusport.fr\/blog\/#website","url":"https:\/\/dicodusport.fr\/blog\/","name":"Dicodusport","description":"L&#039;encyclop\u00e9die de l&#039;actualit\u00e9 sportive","publisher":{"@id":"https:\/\/dicodusport.fr\/blog\/#organization"},"potentialAction":[{"@type":"SearchAction","target":{"@type":"EntryPoint","urlTemplate":"https:\/\/dicodusport.fr\/blog\/?s={search_term_string}"},"query-input":{"@type":"PropertyValueSpecification","valueRequired":true,"valueName":"search_term_string"}}],"inLanguage":"fr-FR"},{"@type":"NewsMediaOrganization","@id":"https:\/\/dicodusport.fr\/blog\/#organization","name":"Dicodusport","url":"https:\/\/dicodusport.fr\/blog\/","logo":{"@type":"ImageObject","inLanguage":"fr-FR","@id":"https:\/\/dicodusport.fr\/blog\/#\/schema\/logo\/image\/","url":"https:\/\/dicodusport.fr\/blog\/wp-content\/uploads\/2020\/06\/cropped-LOGO-DICODUSPORT-2020-SANS-FOND-SANS-TEXTE.png","contentUrl":"https:\/\/dicodusport.fr\/blog\/wp-content\/uploads\/2020\/06\/cropped-LOGO-DICODUSPORT-2020-SANS-FOND-SANS-TEXTE.png","width":512,"height":512,"caption":"Dicodusport"},"image":{"@id":"https:\/\/dicodusport.fr\/blog\/#\/schema\/logo\/image\/"},"sameAs":["https:\/\/www.facebook.com\/dicodusport","https:\/\/x.com\/dicodusport","https:\/\/www.instagram.com\/dicodusport\/","https:\/\/www.youtube.com\/channel\/UC7V2KZ5sd3htJivAbA4ZG3w"],"description":"Dicodusport est l'encyclop\u00e9die de l'actualit\u00e9 sportive.","email":"bonjour@dicodusport.fr","legalName":"DICODUSPORT","foundingDate":"2018-01-14","vatID":"FR71834470973","taxID":"83447097300043","numberOfEmployees":{"@type":"QuantitativeValue","minValue":"1","maxValue":"10"}},{"@type":"Person","@id":"https:\/\/dicodusport.fr\/blog\/#\/schema\/person\/cb02af4c173ce4a653b55e9baf388d4a","name":"Flo Ostermann","image":{"@type":"ImageObject","inLanguage":"fr-FR","@id":"https:\/\/dicodusport.fr\/blog\/#\/schema\/person\/image\/","url":"https:\/\/dicodusport.fr\/blog\/wp-content\/uploads\/2021\/05\/Flo-Ostermann-150x150.jpg","contentUrl":"https:\/\/dicodusport.fr\/blog\/wp-content\/uploads\/2021\/05\/Flo-Ostermann-150x150.jpg","caption":"Flo Ostermann"},"description":"Journaliste\/R\u00e9dacteur depuis septembre 2015 - Mes premiers souvenirs dans le sport ? Les envol\u00e9es du Stade Toulousain et les duels Villeneuve-Schumacher et H\u00e4kkinen-Schumacher \u00e0 la fin des ann\u00e9es 90, la Coupe du monde de football en 1998, l\u2019exploit du XV de France face aux All Blacks en 1999, mais aussi Richard C\u0153ur de Lion qui vole sur les montagnes du Tour de France. Bien parti pour devenir professeur d\u2019EPS, les \u00e9v\u00e9nements de la vie (et la flemme d\u2019animer des s\u00e9ances de 3x500 m\u00e8tres toute ma vie) m\u2019ont conduit \u00e0 revoir mes plans. Me voil\u00e0 depuis fin 2017 sur Dicodusport, m\u00e9dia gr\u00e2ce (et pour) lequel je partage ma passion : le sport dans tous ses \u00e9tats. Le tout accompagn\u00e9 par les fous furieux et folles furieuses cit\u00e9s sur cette page !","sameAs":["https:\/\/www.facebook.com\/florent.ostermann","https:\/\/x.com\/https:\/\/twitter.com\/FlOstermann","admin"],"url":"https:\/\/dicodusport.fr\/blog\/author\/flo\/"}]}},"_links":{"self":[{"href":"https:\/\/dicodusport.fr\/blog\/wp-json\/wp\/v2\/posts\/75511","targetHints":{"allow":["GET"]}}],"collection":[{"href":"https:\/\/dicodusport.fr\/blog\/wp-json\/wp\/v2\/posts"}],"about":[{"href":"https:\/\/dicodusport.fr\/blog\/wp-json\/wp\/v2\/types\/post"}],"author":[{"embeddable":true,"href":"https:\/\/dicodusport.fr\/blog\/wp-json\/wp\/v2\/users\/4"}],"replies":[{"embeddable":true,"href":"https:\/\/dicodusport.fr\/blog\/wp-json\/wp\/v2\/comments?post=75511"}],"version-history":[{"count":0,"href":"https:\/\/dicodusport.fr\/blog\/wp-json\/wp\/v2\/posts\/75511\/revisions"}],"wp:featuredmedia":[{"embeddable":true,"href":"https:\/\/dicodusport.fr\/blog\/wp-json\/wp\/v2\/media\/75677"}],"wp:attachment":[{"href":"https:\/\/dicodusport.fr\/blog\/wp-json\/wp\/v2\/media?parent=75511"}],"wp:term":[{"taxonomy":"category","embeddable":true,"href":"https:\/\/dicodusport.fr\/blog\/wp-json\/wp\/v2\/categories?post=75511"},{"taxonomy":"post_tag","embeddable":true,"href":"https:\/\/dicodusport.fr\/blog\/wp-json\/wp\/v2\/tags?post=75511"}],"curies":[{"name":"wp","href":"https:\/\/api.w.org\/{rel}","templated":true}]}}