{"id":75671,"date":"2020-08-27T10:51:06","date_gmt":"2020-08-27T08:51:06","guid":{"rendered":"http:\/\/dicodusport.fr\/blog\/?p=75671&#038;preview=true&#038;preview_id=75671"},"modified":"2020-08-27T19:25:24","modified_gmt":"2020-08-27T17:25:24","slug":"tour-de-france-2020-5-favoris-pour-maillot-vert-classement-par-points","status":"publish","type":"post","link":"https:\/\/dicodusport.fr\/blog\/tour-de-france-2020-5-favoris-pour-maillot-vert-classement-par-points\/","title":{"rendered":"Tour de France 2020 : nos 5 favoris pour le maillot vert du classement par points"},"content":{"rendered":"<p style=\"text-align: justify;\"><b><i><a href=\"https:\/\/dicodusport.fr\/blog\/actualites\/cyclisme\/tour-de-france-2020\/\" target=\"_blank\" rel=\"noopener noreferrer\">TOUR DE FRANCE 2020<\/a> &#8211; Le Tour de France d\u00e9bute ce samedi 29 ao\u00fbt et s&rsquo;ach\u00e8vera le dimanche 20 septembre. D\u00e9couvrez nos favoris pour le maillot vert du classement par points.<\/i><\/b><\/p>\n<h2 style=\"text-align: justify;\">Peter Sagan (Slovaquie)<\/h2>\n<p style=\"text-align: justify;\"><strong>\u00c9quipe :<\/strong> Bora \u2013 Hansgrohe<\/p>\n<div id=\"attachment_69031\" style=\"width: 810px\" class=\"wp-caption aligncenter\"><a href=\"http:\/\/dicodusport.fr\/blog\/wp-content\/uploads\/2020\/06\/Peter-Sagan-sacrifie-les-Classiques-de-Nord-pour-le-Giro.png\"><img loading=\"lazy\" decoding=\"async\" aria-describedby=\"caption-attachment-69031\" class=\"size-full wp-image-69031\" src=\"http:\/\/dicodusport.fr\/blog\/wp-content\/uploads\/2020\/06\/Peter-Sagan-sacrifie-les-Classiques-de-Nord-pour-le-Giro.png\" alt=\"\" width=\"800\" height=\"445\" srcset=\"https:\/\/dicodusport.fr\/blog\/wp-content\/uploads\/2020\/06\/Peter-Sagan-sacrifie-les-Classiques-de-Nord-pour-le-Giro.png 800w, https:\/\/dicodusport.fr\/blog\/wp-content\/uploads\/2020\/06\/Peter-Sagan-sacrifie-les-Classiques-de-Nord-pour-le-Giro-300x167.png 300w, https:\/\/dicodusport.fr\/blog\/wp-content\/uploads\/2020\/06\/Peter-Sagan-sacrifie-les-Classiques-de-Nord-pour-le-Giro-768x427.png 768w\" sizes=\"auto, (max-width: 800px) 100vw, 800px\" \/><\/a><p id=\"caption-attachment-69031\" class=\"wp-caption-text\">Peter Sagan &#8211; Bora-Hansgrohe<\/p><\/div>\n<p style=\"text-align: justify;\">Vainqueur du maillot vert \u00e0 chacune de ses participations depuis 2012, sauf l&rsquo;ann\u00e9e de son exclusion en 2017, <strong>Peter Sagan<\/strong> est une nouvelle fois le grand favori du classement par points. Le parcours, qui ne favorise pas forc\u00e9ment les purs sprinteurs, est en plus \u00e0 son avantage, lui qui pourra prendre des points en se glissant dans les \u00e9chapp\u00e9es. La grosse inconnue concerne sa forme, puisqu&rsquo;il semble prioriser le Giro sur cette fin de saison 2020. Le plus grand adversaire du Slovaque pour ce maillot vert ? Lui-m\u00eame !<\/p>\n<table style=\"width: 100%;\">\n<tbody>\n<tr style=\"height: 16px;\">\n<td style=\"border-color: #ffffff; background-color: #404040; width: 114.935%; text-align: left;\"><span style=\"font-size: 12px; color: #ffffff;\">Tour de France &#8211; Maillot vert du classement par points<\/span><\/td>\n<td style=\"border-color: #ffffff; background-color: #525252; width: 10%; text-align: center;\"><span style=\"font-size: 12px; color: #ffffff;\">1<\/span><\/td>\n<\/tr>\n<tr style=\"height: 24px;\">\n<td style=\"border-color: #ffffff; background-color: #ffffff; text-align: justify;\"><span style=\"font-size: 14px; color: #000000;\"><strong>Peter Sagan<\/strong><\/span><\/td>\n<td style=\"border-color: #ffffff; background-color: #ffffff;\"><span style=\"font-size: 10px;\"><a href=\"https:\/\/www.winamax.fr\/paris-sportifs\/match\/prelive\/97993?banid=33431\" class=\"su-button su-button-style-flat\" style=\"color:#FFFFFF;background-color:#b10e12;border-color:#8e0c0f;border-radius:5px\" target=\"_blank\" rel=\"noopener noreferrer\"><span style=\"color:#FFFFFF;padding:0px 16px;font-size:13px;line-height:26px;border-color:#c9575a;border-radius:5px;text-shadow:none\"> 1.55<\/span><\/a><\/span><\/td>\n<\/tr>\n<\/tbody>\n<\/table>\n<p style=\"text-align: center;\"><a href=\"http:\/\/dicodusport.fr\/blog\/tour-de-france-2020-5-favoris-pour-maillot-vert-classement-par-points\/2\/#deux\" class=\"su-button su-button-style-flat\" style=\"color:#FFFFFF;background-color:#005f9b;border-color:#004c7c;border-radius:4px\" target=\"_self\"><span style=\"color:#FFFFFF;padding:0px 20px;font-size:16px;line-height:32px;border-color:#4d8fb9;border-radius:4px;text-shadow:none\"> Suivant<\/span><\/a><!--nextpage--><\/p>\n<h2 style=\"text-align: justify;\"><a id=\"deux\"><\/a>Sam Bennett (Irlande)<\/h2>\n<p style=\"text-align: justify;\"><strong>\u00c9quipe :<\/strong> Deceuncinck &#8211; Quick-Step<\/p>\n<div id=\"attachment_75738\" style=\"width: 810px\" class=\"wp-caption aligncenter\"><a href=\"http:\/\/dicodusport.fr\/blog\/wp-content\/uploads\/2020\/08\/Sam-Bennett.png\"><img loading=\"lazy\" decoding=\"async\" aria-describedby=\"caption-attachment-75738\" class=\"size-full wp-image-75738\" src=\"http:\/\/dicodusport.fr\/blog\/wp-content\/uploads\/2020\/08\/Sam-Bennett.png\" alt=\"\" width=\"800\" height=\"445\" srcset=\"https:\/\/dicodusport.fr\/blog\/wp-content\/uploads\/2020\/08\/Sam-Bennett.png 800w, https:\/\/dicodusport.fr\/blog\/wp-content\/uploads\/2020\/08\/Sam-Bennett-300x167.png 300w, https:\/\/dicodusport.fr\/blog\/wp-content\/uploads\/2020\/08\/Sam-Bennett-768x427.png 768w\" sizes=\"auto, (max-width: 800px) 100vw, 800px\" \/><\/a><p id=\"caption-attachment-75738\" class=\"wp-caption-text\">Sam Bennett &#8211; Getty Images<\/p><\/div>\n<p style=\"text-align: justify;\">L&rsquo;Irlandais est en jambes et sera l&rsquo;un des deux leaders de son \u00e9quipe, qui n&rsquo;aura, a priori, aucune pr\u00e9tention au classement g\u00e9n\u00e9ral. Sur les sprints massifs, <strong>Sam Bennett<\/strong> sera s\u00fbrement \u00e0 chaque fois, au minimum, sur le podium. Mais cela sera-t-il suffisant pour jouer le maillot vert quand on voit le parcours ? Pas s\u00fbr du tout ! Il faudra qu&rsquo;il gagne la majorit\u00e9 des sprints massifs s&rsquo;il veut pr\u00e9tendre \u00e0 cette tunique.<\/p>\n<table style=\"width: 100%;\">\n<tbody>\n<tr style=\"height: 16px;\">\n<td style=\"border-color: #ffffff; background-color: #404040; width: 114.935%; text-align: left;\"><span style=\"font-size: 12px; color: #ffffff;\">Tour de France &#8211; Maillot vert du classement par points<\/span><\/td>\n<td style=\"border-color: #ffffff; background-color: #525252; width: 10%; text-align: center;\"><span style=\"font-size: 12px; color: #ffffff;\">1<\/span><\/td>\n<\/tr>\n<tr style=\"height: 24px;\">\n<td style=\"border-color: #ffffff; background-color: #ffffff; text-align: justify;\"><span style=\"font-size: 14px; color: #000000;\"><strong>Sam Bennett<\/strong><\/span><\/td>\n<td style=\"border-color: #ffffff; background-color: #ffffff;\"><span style=\"font-size: 10px;\"><a href=\"https:\/\/www.winamax.fr\/paris-sportifs\/match\/prelive\/97993?banid=33431\" class=\"su-button su-button-style-flat\" style=\"color:#FFFFFF;background-color:#b10e12;border-color:#8e0c0f;border-radius:5px\" target=\"_blank\" rel=\"noopener noreferrer\"><span style=\"color:#FFFFFF;padding:0px 16px;font-size:13px;line-height:26px;border-color:#c9575a;border-radius:5px;text-shadow:none\"> 4.50<\/span><\/a><\/span><\/td>\n<\/tr>\n<\/tbody>\n<\/table>\n<p style=\"text-align: center;\"><a href=\"http:\/\/dicodusport.fr\/blog\/tour-de-france-2020-5-favoris-pour-maillot-vert-classement-par-points\/3\/#trois\" class=\"su-button su-button-style-flat\" style=\"color:#FFFFFF;background-color:#005f9b;border-color:#004c7c;border-radius:4px\" target=\"_self\"><span style=\"color:#FFFFFF;padding:0px 20px;font-size:16px;line-height:32px;border-color:#4d8fb9;border-radius:4px;text-shadow:none\"> Suivant<\/span><\/a>\n<ul>\n<li style=\"text-align: justify;\"><strong>\u00c0 lire aussi &#8211; <a href=\"https:\/\/dicodusport.fr\/blog\/tour-de-france-2020-5-favoris-maillot-jaune-classement-general\/\" target=\"_blank\" rel=\"noopener noreferrer\">Tour de France 2020 : nos 5 favoris pour le maillot jaune du classement g\u00e9n\u00e9ral<\/a><\/strong><br \/>\n<!--nextpage--><\/li>\n<\/ul>\n<h2 style=\"text-align: justify;\"><a id=\"trois\"><\/a>Wout Van Aert (Belgique)<\/h2>\n<p style=\"text-align: justify;\"><strong>\u00c9quipe :<\/strong> Jumbo-Visma<\/p>\n<div id=\"attachment_73736\" style=\"width: 810px\" class=\"wp-caption aligncenter\"><a href=\"http:\/\/dicodusport.fr\/blog\/wp-content\/uploads\/2020\/08\/Milan-San-Remo-Wout-Van-Aert-simpose-devant-Julian-Alaphilippe.png\"><img loading=\"lazy\" decoding=\"async\" aria-describedby=\"caption-attachment-73736\" class=\"size-full wp-image-73736\" src=\"http:\/\/dicodusport.fr\/blog\/wp-content\/uploads\/2020\/08\/Milan-San-Remo-Wout-Van-Aert-simpose-devant-Julian-Alaphilippe.png\" alt=\"Milan-San Remo - Wout Van Aert s'impose devant Julian Alaphilippe\" width=\"800\" height=\"445\" srcset=\"https:\/\/dicodusport.fr\/blog\/wp-content\/uploads\/2020\/08\/Milan-San-Remo-Wout-Van-Aert-simpose-devant-Julian-Alaphilippe.png 800w, https:\/\/dicodusport.fr\/blog\/wp-content\/uploads\/2020\/08\/Milan-San-Remo-Wout-Van-Aert-simpose-devant-Julian-Alaphilippe-300x167.png 300w, https:\/\/dicodusport.fr\/blog\/wp-content\/uploads\/2020\/08\/Milan-San-Remo-Wout-Van-Aert-simpose-devant-Julian-Alaphilippe-768x427.png 768w\" sizes=\"auto, (max-width: 800px) 100vw, 800px\" \/><\/a><p id=\"caption-attachment-73736\" class=\"wp-caption-text\">Wout Van Aert &#8211; RCS<\/p><\/div>\n<p style=\"text-align: justify;\">Il a longuement expliqu\u00e9, \u00e0 nos confr\u00e8res de la <a href=\"https:\/\/www.rtbf.be\/sport\/cyclisme\/detail_le-sacrifice-de-wout-van-aert-non-je-ne-viserai-pas-le-maillot-vert-sur-le-tour-de-france?id=10566613\" target=\"_blank\" rel=\"noopener noreferrer\"><em>RTBF<\/em><\/a>, qu&rsquo;il ne jouerait pas le maillot vert, car il aurait un r\u00f4le d&rsquo;\u00e9quipier pour Primoz Roglic \u00e0 assumer. On a bien entendu le Belge mais vu sa forme du moment, il semble pourtant le mieux arm\u00e9 pour d\u00e9tr\u00f4ner Peter Sagan, en allant lui contester des points l\u00e0 o\u00f9 le Slovaque n&rsquo;a d&rsquo;habitude pas d&rsquo;\u00e9gal. Si au bout de quelques jours de course, il est bien plac\u00e9 dans la course au maillot vert, <strong>Wout Van Aert<\/strong> changera peut-\u00eatre d&rsquo;avis.<\/p>\n<table style=\"width: 100%;\">\n<tbody>\n<tr style=\"height: 16px;\">\n<td style=\"border-color: #ffffff; background-color: #404040; width: 114.935%; text-align: left;\"><span style=\"font-size: 12px; color: #ffffff;\">Tour de France &#8211; Maillot vert du classement par points<\/span><\/td>\n<td style=\"border-color: #ffffff; background-color: #525252; width: 10%; text-align: center;\"><span style=\"font-size: 12px; color: #ffffff;\">1<\/span><\/td>\n<\/tr>\n<tr style=\"height: 24px;\">\n<td style=\"border-color: #ffffff; background-color: #ffffff; text-align: justify;\"><span style=\"font-size: 14px; color: #000000;\"><strong>Wout Van Aert<\/strong><\/span><\/td>\n<td style=\"border-color: #ffffff; background-color: #ffffff;\"><span style=\"font-size: 10px;\"><a href=\"https:\/\/www.winamax.fr\/paris-sportifs\/match\/prelive\/97993?banid=33431\" class=\"su-button su-button-style-flat\" style=\"color:#FFFFFF;background-color:#b10e12;border-color:#8e0c0f;border-radius:5px\" target=\"_blank\" rel=\"noopener noreferrer\"><span style=\"color:#FFFFFF;padding:0px 16px;font-size:13px;line-height:26px;border-color:#c9575a;border-radius:5px;text-shadow:none\"> 7.50<\/span><\/a><\/span><\/td>\n<\/tr>\n<\/tbody>\n<\/table>\n<p style=\"text-align: center;\"><a href=\"http:\/\/dicodusport.fr\/blog\/tour-de-france-2020-5-favoris-pour-maillot-vert-classement-par-points\/4\/#quatre\" class=\"su-button su-button-style-flat\" style=\"color:#FFFFFF;background-color:#005f9b;border-color:#004c7c;border-radius:4px\" target=\"_self\"><span style=\"color:#FFFFFF;padding:0px 20px;font-size:16px;line-height:32px;border-color:#4d8fb9;border-radius:4px;text-shadow:none\"> Suivant<\/span><\/a>\n<p><!--nextpage--><\/p>\n<h2 style=\"text-align: justify;\"><a id=\"quatre\"><\/a>Caleb Ewan (Australie)<\/h2>\n<p style=\"text-align: justify;\"><strong>\u00c9quipe :<\/strong> Lotto-Soudal<\/p>\n<div id=\"attachment_75747\" style=\"width: 810px\" class=\"wp-caption aligncenter\"><a href=\"http:\/\/dicodusport.fr\/blog\/wp-content\/uploads\/2020\/08\/Caleb-Ewan.png\"><img loading=\"lazy\" decoding=\"async\" aria-describedby=\"caption-attachment-75747\" class=\"size-full wp-image-75747\" src=\"http:\/\/dicodusport.fr\/blog\/wp-content\/uploads\/2020\/08\/Caleb-Ewan.png\" alt=\"\" width=\"800\" height=\"445\" srcset=\"https:\/\/dicodusport.fr\/blog\/wp-content\/uploads\/2020\/08\/Caleb-Ewan.png 800w, https:\/\/dicodusport.fr\/blog\/wp-content\/uploads\/2020\/08\/Caleb-Ewan-300x167.png 300w, https:\/\/dicodusport.fr\/blog\/wp-content\/uploads\/2020\/08\/Caleb-Ewan-768x427.png 768w\" sizes=\"auto, (max-width: 800px) 100vw, 800px\" \/><\/a><p id=\"caption-attachment-75747\" class=\"wp-caption-text\">Caleb Ewan &#8211; Getty Images<\/p><\/div>\n<p style=\"text-align: justify;\">La forme du sprinteur australien semble plut\u00f4t bonne, m\u00eame s&rsquo;il a \u00e9t\u00e9 battu plusieurs fois par Arnaud D\u00e9mare, notamment sur Milan-Turin. Pour <strong>Caleb Ewan<\/strong>, il ne va pas falloir se manquer beaucoup pour jouer le maillot vert, car les occasions seront plus rares qu&rsquo;\u00e0 l&rsquo;accoutum\u00e9e. Son \u00e9quipe sera un atout pour lui, avec notamment un John Degenkolb pour lui emmener les sprints.<\/p>\n<table style=\"width: 100%;\">\n<tbody>\n<tr style=\"height: 16px;\">\n<td style=\"border-color: #ffffff; background-color: #404040; width: 114.935%; text-align: left;\"><span style=\"font-size: 12px; color: #ffffff;\">Tour de France &#8211; Maillot vert du classement par points<\/span><\/td>\n<td style=\"border-color: #ffffff; background-color: #525252; width: 10%; text-align: center;\"><span style=\"font-size: 12px; color: #ffffff;\">1<\/span><\/td>\n<\/tr>\n<tr style=\"height: 24px;\">\n<td style=\"border-color: #ffffff; background-color: #ffffff; text-align: justify;\"><span style=\"font-size: 14px; color: #000000;\"><strong>Caleb Ewan<\/strong><\/span><\/td>\n<td style=\"border-color: #ffffff; background-color: #ffffff;\"><span style=\"font-size: 10px;\"><a href=\"https:\/\/www.winamax.fr\/paris-sportifs\/match\/prelive\/97993?banid=33431\" class=\"su-button su-button-style-flat\" style=\"color:#FFFFFF;background-color:#b10e12;border-color:#8e0c0f;border-radius:5px\" target=\"_blank\" rel=\"noopener noreferrer\"><span style=\"color:#FFFFFF;padding:0px 16px;font-size:13px;line-height:26px;border-color:#c9575a;border-radius:5px;text-shadow:none\"> 10<\/span><\/a><\/span><\/td>\n<\/tr>\n<\/tbody>\n<\/table>\n<p style=\"text-align: center;\"><a href=\"http:\/\/dicodusport.fr\/blog\/tour-de-france-2020-5-favoris-pour-maillot-vert-classement-par-points\/5\/#cinq\" class=\"su-button su-button-style-flat\" style=\"color:#FFFFFF;background-color:#005f9b;border-color:#004c7c;border-radius:4px\" target=\"_self\"><span style=\"color:#FFFFFF;padding:0px 20px;font-size:16px;line-height:32px;border-color:#4d8fb9;border-radius:4px;text-shadow:none\"> Suivant<\/span><\/a>\n<p><!--nextpage--><\/p>\n<h2 style=\"text-align: justify;\"><a id=\"cinq\"><\/a>Julian Alaphilippe (France)<\/h2>\n<p style=\"text-align: justify;\"><strong>\u00c9quipe :<\/strong> Deceuncinck &#8211; Quick-Step<\/p>\n<div id=\"attachment_70555\" style=\"width: 810px\" class=\"wp-caption aligncenter\"><a href=\"http:\/\/dicodusport.fr\/blog\/wp-content\/uploads\/2020\/07\/Julian-Alaphilippe-sera-aussi-au-d\u00e9part-de-Milan-San-Remo.png\"><img loading=\"lazy\" decoding=\"async\" aria-describedby=\"caption-attachment-70555\" class=\"size-full wp-image-70555\" src=\"http:\/\/dicodusport.fr\/blog\/wp-content\/uploads\/2020\/07\/Julian-Alaphilippe-sera-aussi-au-d\u00e9part-de-Milan-San-Remo.png\" alt=\"Strade Bianche 2020 : la liste des engag\u00e9s\" width=\"800\" height=\"445\" srcset=\"https:\/\/dicodusport.fr\/blog\/wp-content\/uploads\/2020\/07\/Julian-Alaphilippe-sera-aussi-au-d\u00e9part-de-Milan-San-Remo.png 800w, https:\/\/dicodusport.fr\/blog\/wp-content\/uploads\/2020\/07\/Julian-Alaphilippe-sera-aussi-au-d\u00e9part-de-Milan-San-Remo-300x167.png 300w, https:\/\/dicodusport.fr\/blog\/wp-content\/uploads\/2020\/07\/Julian-Alaphilippe-sera-aussi-au-d\u00e9part-de-Milan-San-Remo-768x427.png 768w\" sizes=\"auto, (max-width: 800px) 100vw, 800px\" \/><\/a><p id=\"caption-attachment-70555\" class=\"wp-caption-text\">Julian Alaphilippe &#8211; AFP<\/p><\/div>\n<p style=\"text-align: justify;\">M\u00eame lui ne pense peut-\u00eatre pas \u00e0 ce classement, mais quand on voit le profil de ce Tour de France, on se dit pourquoi pas ! De nombreuses \u00e9tapes favorisent des arriv\u00e9es en petit comit\u00e9, et il peut prendre des points sur les \u00e9tapes de montagne en se glissant dans les \u00e9chapp\u00e9es. Le maillot vert et le maillot \u00e0 pois plut\u00f4t que le jaune ? Impossible n&rsquo;est pas <strong>Alaphilippe<\/strong>.<\/p>\n<table style=\"width: 100%;\">\n<tbody>\n<tr style=\"height: 16px;\">\n<td style=\"border-color: #ffffff; background-color: #404040; width: 114.935%; text-align: left;\"><span style=\"font-size: 12px; color: #ffffff;\">Tour de France &#8211; Maillot vert du classement par points<\/span><\/td>\n<td style=\"border-color: #ffffff; background-color: #525252; width: 10%; text-align: center;\"><span style=\"font-size: 12px; color: #ffffff;\">1<\/span><\/td>\n<\/tr>\n<tr style=\"height: 24px;\">\n<td style=\"border-color: #ffffff; background-color: #ffffff; text-align: justify;\"><span style=\"font-size: 14px; color: #000000;\"><strong>Julian Alaphilippe<\/strong><\/span><\/td>\n<td style=\"border-color: #ffffff; background-color: #ffffff;\"><span style=\"font-size: 10px;\"><a href=\"https:\/\/www.winamax.fr\/paris-sportifs\/match\/prelive\/97993?banid=33431\" class=\"su-button su-button-style-flat\" style=\"color:#FFFFFF;background-color:#b10e12;border-color:#8e0c0f;border-radius:5px\" target=\"_blank\" rel=\"noopener noreferrer\"><span style=\"color:#FFFFFF;padding:0px 16px;font-size:13px;line-height:26px;border-color:#c9575a;border-radius:5px;text-shadow:none\"> 30<\/span><\/a><\/span><\/td>\n<\/tr>\n<\/tbody>\n<\/table>\n<p style=\"text-align: center;\"><a href=\"http:\/\/dicodusport.fr\/blog\/tour-de-france-2020-5-favoris-pour-maillot-vert-classement-par-points\" class=\"su-button su-button-style-flat\" style=\"color:#FFFFFF;background-color:#005f9b;border-color:#004c7c;border-radius:4px\" target=\"_self\"><span style=\"color:#FFFFFF;padding:0px 20px;font-size:16px;line-height:32px;border-color:#4d8fb9;border-radius:4px;text-shadow:none\"> Revenir au d\u00e9but<\/span><\/a>\n<p><strong><em>Dicodusport<br \/>\n<a href=\"https:\/\/www.facebook.com\/dicodusport\/\" target=\"_blank\" rel=\"noopener noreferrer\"><img loading=\"lazy\" decoding=\"async\" class=\"alignnone wp-image-2909\" src=\"http:\/\/dicodusport.fr\/blog\/wp-content\/uploads\/2017\/07\/logo-facebook-150x150.png\" alt=\"\" width=\"40\" height=\"40\" \/><\/a><a href=\"https:\/\/twitter.com\/dicodusport\" target=\"_blank\" rel=\"noopener noreferrer\"><img loading=\"lazy\" decoding=\"async\" class=\"alignnone wp-image-2908\" src=\"http:\/\/dicodusport.fr\/blog\/wp-content\/uploads\/2017\/07\/logo-twitter-150x150.png\" alt=\"\" width=\"39\" height=\"39\" \/><\/a><\/em><\/strong><\/p>\n<p>&nbsp;<\/p>\n<p style=\"text-align: center;\">\n","protected":false},"excerpt":{"rendered":"<p>TOUR DE FRANCE 2020 &#8211; Le Tour de France d\u00e9bute ce samedi 29 ao\u00fbt et s&rsquo;ach\u00e8vera le dimanche 20 septembre. D\u00e9couvrez nos favoris pour le maillot vert du classement par points.<\/p>\n","protected":false},"author":1,"featured_media":75748,"comment_status":"open","ping_status":"closed","sticky":false,"template":"","format":"standard","meta":{"_acf_changed":false,"_daextam_enable_autolinks":"","footnotes":""},"categories":[46995],"tags":[5386,11484,1262],"class_list":["post-75671","post","type-post","status-publish","format-standard","has-post-thumbnail","hentry","category-tour-de-france","tag-maillot-vert","tag-maillot-vert-tour-de-france","tag-tour-de-france"],"acf":[],"yoast_head":"<!-- This site is optimized with the Yoast SEO Premium plugin v26.7 (Yoast SEO v26.7) - https:\/\/yoast.com\/wordpress\/plugins\/seo\/ -->\n<title>Tour de France 2020 : nos 5 favoris pour le maillot vert du classement par points<\/title>\n<meta name=\"description\" content=\"TOUR DE FRANCE 2020 - Le Tour de France d\u00e9bute ce samedi 29 ao\u00fbt. D\u00e9couvrez nos favoris pour le maillot vert du classement par points.\" \/>\n<meta name=\"robots\" content=\"index, follow, max-snippet:-1, max-image-preview:large, max-video-preview:-1\" \/>\n<link rel=\"canonical\" href=\"https:\/\/dicodusport.fr\/blog\/tour-de-france-2020-5-favoris-pour-maillot-vert-classement-par-points\/\" \/>\n<link rel=\"next\" href=\"https:\/\/dicodusport.fr\/blog\/tour-de-france-2020-5-favoris-pour-maillot-vert-classement-par-points\/2\/\" \/>\n<meta property=\"og:locale\" content=\"fr_FR\" \/>\n<meta property=\"og:type\" content=\"article\" \/>\n<meta property=\"og:title\" content=\"Tour de France 2020 : nos 5 favoris pour le maillot vert du classement par points\" \/>\n<meta property=\"og:description\" content=\"TOUR DE FRANCE 2020 - Le Tour de France d\u00e9bute ce samedi 29 ao\u00fbt. D\u00e9couvrez nos favoris pour le maillot vert du classement par points.\" \/>\n<meta property=\"og:url\" content=\"https:\/\/dicodusport.fr\/blog\/tour-de-france-2020-5-favoris-pour-maillot-vert-classement-par-points\/\" \/>\n<meta property=\"og:site_name\" content=\"Dicodusport\" \/>\n<meta property=\"article:publisher\" content=\"https:\/\/www.facebook.com\/dicodusport\" \/>\n<meta property=\"article:author\" content=\"https:\/\/www.facebook.com\/dicodusport\" \/>\n<meta property=\"article:published_time\" content=\"2020-08-27T08:51:06+00:00\" \/>\n<meta property=\"article:modified_time\" content=\"2020-08-27T17:25:24+00:00\" \/>\n<meta property=\"og:image\" content=\"https:\/\/dicodusport.fr\/blog\/wp-content\/uploads\/2020\/08\/Tour-de-France-2020-Nos-5-favoris-pour-le-maillot-vert-du-classement-par-points.png\" \/>\n\t<meta property=\"og:image:width\" content=\"800\" \/>\n\t<meta property=\"og:image:height\" content=\"445\" \/>\n\t<meta property=\"og:image:type\" content=\"image\/png\" \/>\n<meta name=\"author\" content=\"Nicolas Jacquemard\" \/>\n<meta name=\"twitter:card\" content=\"summary_large_image\" \/>\n<meta name=\"twitter:title\" content=\"Tour de France 2020 : nos 5 favoris pour le maillot vert du classement par points\" \/>\n<meta name=\"twitter:creator\" content=\"@https:\/\/twitter.com\/Nico_Jacquemard\" \/>\n<meta name=\"twitter:site\" content=\"@dicodusport\" \/>\n<script type=\"application\/ld+json\" class=\"yoast-schema-graph\">{\"@context\":\"https:\/\/schema.org\",\"@graph\":[{\"@type\":\"NewsArticle\",\"@id\":\"https:\/\/dicodusport.fr\/blog\/tour-de-france-2020-5-favoris-pour-maillot-vert-classement-par-points\/#article\",\"isPartOf\":{\"@id\":\"https:\/\/dicodusport.fr\/blog\/tour-de-france-2020-5-favoris-pour-maillot-vert-classement-par-points\/\"},\"author\":{\"name\":\"Nicolas Jacquemard\",\"@id\":\"https:\/\/dicodusport.fr\/blog\/#\/schema\/person\/55dcb50ad410894e431ed812bbb70191\"},\"headline\":\"Tour de France 2020 : nos 5 favoris pour le maillot vert du classement par points\",\"datePublished\":\"2020-08-27T08:51:06+00:00\",\"dateModified\":\"2020-08-27T17:25:24+00:00\",\"mainEntityOfPage\":{\"@id\":\"https:\/\/dicodusport.fr\/blog\/tour-de-france-2020-5-favoris-pour-maillot-vert-classement-par-points\/\"},\"wordCount\":836,\"commentCount\":0,\"publisher\":{\"@id\":\"https:\/\/dicodusport.fr\/blog\/#organization\"},\"image\":{\"@id\":\"https:\/\/dicodusport.fr\/blog\/tour-de-france-2020-5-favoris-pour-maillot-vert-classement-par-points\/#primaryimage\"},\"thumbnailUrl\":\"https:\/\/dicodusport.fr\/blog\/wp-content\/uploads\/2020\/08\/Tour-de-France-2020-Nos-5-favoris-pour-le-maillot-vert-du-classement-par-points.png\",\"keywords\":[\"Maillot vert\",\"Maillot vert Tour de France\",\"Tour de France\"],\"articleSection\":[\"Tour de France\"],\"inLanguage\":\"fr-FR\",\"potentialAction\":[{\"@type\":\"CommentAction\",\"name\":\"Comment\",\"target\":[\"https:\/\/dicodusport.fr\/blog\/tour-de-france-2020-5-favoris-pour-maillot-vert-classement-par-points\/#respond\"]}],\"copyrightYear\":\"2020\",\"copyrightHolder\":{\"@id\":\"https:\/\/dicodusport.fr\/blog\/#organization\"}},{\"@type\":\"WebPage\",\"@id\":\"https:\/\/dicodusport.fr\/blog\/tour-de-france-2020-5-favoris-pour-maillot-vert-classement-par-points\/\",\"url\":\"https:\/\/dicodusport.fr\/blog\/tour-de-france-2020-5-favoris-pour-maillot-vert-classement-par-points\/\",\"name\":\"Tour de France 2020 : nos 5 favoris pour le maillot vert du classement par points\",\"isPartOf\":{\"@id\":\"https:\/\/dicodusport.fr\/blog\/#website\"},\"primaryImageOfPage\":{\"@id\":\"https:\/\/dicodusport.fr\/blog\/tour-de-france-2020-5-favoris-pour-maillot-vert-classement-par-points\/#primaryimage\"},\"image\":{\"@id\":\"https:\/\/dicodusport.fr\/blog\/tour-de-france-2020-5-favoris-pour-maillot-vert-classement-par-points\/#primaryimage\"},\"thumbnailUrl\":\"https:\/\/dicodusport.fr\/blog\/wp-content\/uploads\/2020\/08\/Tour-de-France-2020-Nos-5-favoris-pour-le-maillot-vert-du-classement-par-points.png\",\"datePublished\":\"2020-08-27T08:51:06+00:00\",\"dateModified\":\"2020-08-27T17:25:24+00:00\",\"description\":\"TOUR DE FRANCE 2020 - Le Tour de France d\u00e9bute ce samedi 29 ao\u00fbt. D\u00e9couvrez nos favoris pour le maillot vert du classement par points.\",\"inLanguage\":\"fr-FR\",\"potentialAction\":[{\"@type\":\"ReadAction\",\"target\":[\"https:\/\/dicodusport.fr\/blog\/tour-de-france-2020-5-favoris-pour-maillot-vert-classement-par-points\/\"]}]},{\"@type\":\"ImageObject\",\"inLanguage\":\"fr-FR\",\"@id\":\"https:\/\/dicodusport.fr\/blog\/tour-de-france-2020-5-favoris-pour-maillot-vert-classement-par-points\/#primaryimage\",\"url\":\"https:\/\/dicodusport.fr\/blog\/wp-content\/uploads\/2020\/08\/Tour-de-France-2020-Nos-5-favoris-pour-le-maillot-vert-du-classement-par-points.png\",\"contentUrl\":\"https:\/\/dicodusport.fr\/blog\/wp-content\/uploads\/2020\/08\/Tour-de-France-2020-Nos-5-favoris-pour-le-maillot-vert-du-classement-par-points.png\",\"width\":800,\"height\":445,\"caption\":\"Tour de France 2020 : nos 5 favoris pour le maillot vert du classement par points\"},{\"@type\":\"WebSite\",\"@id\":\"https:\/\/dicodusport.fr\/blog\/#website\",\"url\":\"https:\/\/dicodusport.fr\/blog\/\",\"name\":\"Dicodusport\",\"description\":\"L&#039;encyclop\u00e9die de l&#039;actualit\u00e9 sportive\",\"publisher\":{\"@id\":\"https:\/\/dicodusport.fr\/blog\/#organization\"},\"potentialAction\":[{\"@type\":\"SearchAction\",\"target\":{\"@type\":\"EntryPoint\",\"urlTemplate\":\"https:\/\/dicodusport.fr\/blog\/?s={search_term_string}\"},\"query-input\":{\"@type\":\"PropertyValueSpecification\",\"valueRequired\":true,\"valueName\":\"search_term_string\"}}],\"inLanguage\":\"fr-FR\"},{\"@type\":\"NewsMediaOrganization\",\"@id\":\"https:\/\/dicodusport.fr\/blog\/#organization\",\"name\":\"Dicodusport\",\"url\":\"https:\/\/dicodusport.fr\/blog\/\",\"logo\":{\"@type\":\"ImageObject\",\"inLanguage\":\"fr-FR\",\"@id\":\"https:\/\/dicodusport.fr\/blog\/#\/schema\/logo\/image\/\",\"url\":\"https:\/\/dicodusport.fr\/blog\/wp-content\/uploads\/2020\/06\/cropped-LOGO-DICODUSPORT-2020-SANS-FOND-SANS-TEXTE.png\",\"contentUrl\":\"https:\/\/dicodusport.fr\/blog\/wp-content\/uploads\/2020\/06\/cropped-LOGO-DICODUSPORT-2020-SANS-FOND-SANS-TEXTE.png\",\"width\":512,\"height\":512,\"caption\":\"Dicodusport\"},\"image\":{\"@id\":\"https:\/\/dicodusport.fr\/blog\/#\/schema\/logo\/image\/\"},\"sameAs\":[\"https:\/\/www.facebook.com\/dicodusport\",\"https:\/\/x.com\/dicodusport\",\"https:\/\/www.instagram.com\/dicodusport\/\",\"https:\/\/www.youtube.com\/channel\/UC7V2KZ5sd3htJivAbA4ZG3w\"],\"description\":\"Dicodusport est l'encyclop\u00e9die de l'actualit\u00e9 sportive.\",\"email\":\"bonjour@dicodusport.fr\",\"legalName\":\"DICODUSPORT\",\"foundingDate\":\"2018-01-14\",\"vatID\":\"FR71834470973\",\"taxID\":\"83447097300043\",\"numberOfEmployees\":{\"@type\":\"QuantitativeValue\",\"minValue\":\"1\",\"maxValue\":\"10\"}},{\"@type\":\"Person\",\"@id\":\"https:\/\/dicodusport.fr\/blog\/#\/schema\/person\/55dcb50ad410894e431ed812bbb70191\",\"name\":\"Nicolas Jacquemard\",\"image\":{\"@type\":\"ImageObject\",\"inLanguage\":\"fr-FR\",\"@id\":\"https:\/\/dicodusport.fr\/blog\/#\/schema\/person\/image\/\",\"url\":\"https:\/\/dicodusport.fr\/blog\/wp-content\/uploads\/2021\/05\/Nicolas-Jacquemard-150x150.jpeg\",\"contentUrl\":\"https:\/\/dicodusport.fr\/blog\/wp-content\/uploads\/2021\/05\/Nicolas-Jacquemard-150x150.jpeg\",\"caption\":\"Nicolas Jacquemard\"},\"description\":\"Passionn\u00e9 de sport et entrepreneur depuis mes 18 ans, la cr\u00e9ation de Dicodusport m'a sembl\u00e9 \u00e9vidente pour participer \u00e0 la m\u00e9diatisation d'un plus grand nombre de sports. Le chemin est long mais avec une \u00e9quipe des plus motiv\u00e9es et les Jeux Olympiques de Paris 2024 en point de mire, nous y arriverons ! Journaliste dans le monde du sport depuis plus de 5 ans, je traite aussi bien de football, de rugby, de biathlon que de cyclisme.\",\"sameAs\":[\"https:\/\/www.facebook.com\/dicodusport\",\"https:\/\/x.com\/https:\/\/twitter.com\/Nico_Jacquemard\"],\"url\":\"https:\/\/dicodusport.fr\/blog\/author\/dicodusport\/\"}]}<\/script>\n<!-- \/ Yoast SEO Premium plugin. -->","yoast_head_json":{"title":"Tour de France 2020 : nos 5 favoris pour le maillot vert du classement par points","description":"TOUR DE FRANCE 2020 - Le Tour de France d\u00e9bute ce samedi 29 ao\u00fbt. D\u00e9couvrez nos favoris pour le maillot vert du classement par points.","robots":{"index":"index","follow":"follow","max-snippet":"max-snippet:-1","max-image-preview":"max-image-preview:large","max-video-preview":"max-video-preview:-1"},"canonical":"https:\/\/dicodusport.fr\/blog\/tour-de-france-2020-5-favoris-pour-maillot-vert-classement-par-points\/","next":"https:\/\/dicodusport.fr\/blog\/tour-de-france-2020-5-favoris-pour-maillot-vert-classement-par-points\/2\/","og_locale":"fr_FR","og_type":"article","og_title":"Tour de France 2020 : nos 5 favoris pour le maillot vert du classement par points","og_description":"TOUR DE FRANCE 2020 - Le Tour de France d\u00e9bute ce samedi 29 ao\u00fbt. D\u00e9couvrez nos favoris pour le maillot vert du classement par points.","og_url":"https:\/\/dicodusport.fr\/blog\/tour-de-france-2020-5-favoris-pour-maillot-vert-classement-par-points\/","og_site_name":"Dicodusport","article_publisher":"https:\/\/www.facebook.com\/dicodusport","article_author":"https:\/\/www.facebook.com\/dicodusport","article_published_time":"2020-08-27T08:51:06+00:00","article_modified_time":"2020-08-27T17:25:24+00:00","og_image":[{"width":800,"height":445,"url":"https:\/\/dicodusport.fr\/blog\/wp-content\/uploads\/2020\/08\/Tour-de-France-2020-Nos-5-favoris-pour-le-maillot-vert-du-classement-par-points.png","type":"image\/png"}],"author":"Nicolas Jacquemard","twitter_card":"summary_large_image","twitter_title":"Tour de France 2020 : nos 5 favoris pour le maillot vert du classement par points","twitter_creator":"@https:\/\/twitter.com\/Nico_Jacquemard","twitter_site":"@dicodusport","schema":{"@context":"https:\/\/schema.org","@graph":[{"@type":"NewsArticle","@id":"https:\/\/dicodusport.fr\/blog\/tour-de-france-2020-5-favoris-pour-maillot-vert-classement-par-points\/#article","isPartOf":{"@id":"https:\/\/dicodusport.fr\/blog\/tour-de-france-2020-5-favoris-pour-maillot-vert-classement-par-points\/"},"author":{"name":"Nicolas Jacquemard","@id":"https:\/\/dicodusport.fr\/blog\/#\/schema\/person\/55dcb50ad410894e431ed812bbb70191"},"headline":"Tour de France 2020 : nos 5 favoris pour le maillot vert du classement par points","datePublished":"2020-08-27T08:51:06+00:00","dateModified":"2020-08-27T17:25:24+00:00","mainEntityOfPage":{"@id":"https:\/\/dicodusport.fr\/blog\/tour-de-france-2020-5-favoris-pour-maillot-vert-classement-par-points\/"},"wordCount":836,"commentCount":0,"publisher":{"@id":"https:\/\/dicodusport.fr\/blog\/#organization"},"image":{"@id":"https:\/\/dicodusport.fr\/blog\/tour-de-france-2020-5-favoris-pour-maillot-vert-classement-par-points\/#primaryimage"},"thumbnailUrl":"https:\/\/dicodusport.fr\/blog\/wp-content\/uploads\/2020\/08\/Tour-de-France-2020-Nos-5-favoris-pour-le-maillot-vert-du-classement-par-points.png","keywords":["Maillot vert","Maillot vert Tour de France","Tour de France"],"articleSection":["Tour de France"],"inLanguage":"fr-FR","potentialAction":[{"@type":"CommentAction","name":"Comment","target":["https:\/\/dicodusport.fr\/blog\/tour-de-france-2020-5-favoris-pour-maillot-vert-classement-par-points\/#respond"]}],"copyrightYear":"2020","copyrightHolder":{"@id":"https:\/\/dicodusport.fr\/blog\/#organization"}},{"@type":"WebPage","@id":"https:\/\/dicodusport.fr\/blog\/tour-de-france-2020-5-favoris-pour-maillot-vert-classement-par-points\/","url":"https:\/\/dicodusport.fr\/blog\/tour-de-france-2020-5-favoris-pour-maillot-vert-classement-par-points\/","name":"Tour de France 2020 : nos 5 favoris pour le maillot vert du classement par points","isPartOf":{"@id":"https:\/\/dicodusport.fr\/blog\/#website"},"primaryImageOfPage":{"@id":"https:\/\/dicodusport.fr\/blog\/tour-de-france-2020-5-favoris-pour-maillot-vert-classement-par-points\/#primaryimage"},"image":{"@id":"https:\/\/dicodusport.fr\/blog\/tour-de-france-2020-5-favoris-pour-maillot-vert-classement-par-points\/#primaryimage"},"thumbnailUrl":"https:\/\/dicodusport.fr\/blog\/wp-content\/uploads\/2020\/08\/Tour-de-France-2020-Nos-5-favoris-pour-le-maillot-vert-du-classement-par-points.png","datePublished":"2020-08-27T08:51:06+00:00","dateModified":"2020-08-27T17:25:24+00:00","description":"TOUR DE FRANCE 2020 - Le Tour de France d\u00e9bute ce samedi 29 ao\u00fbt. D\u00e9couvrez nos favoris pour le maillot vert du classement par points.","inLanguage":"fr-FR","potentialAction":[{"@type":"ReadAction","target":["https:\/\/dicodusport.fr\/blog\/tour-de-france-2020-5-favoris-pour-maillot-vert-classement-par-points\/"]}]},{"@type":"ImageObject","inLanguage":"fr-FR","@id":"https:\/\/dicodusport.fr\/blog\/tour-de-france-2020-5-favoris-pour-maillot-vert-classement-par-points\/#primaryimage","url":"https:\/\/dicodusport.fr\/blog\/wp-content\/uploads\/2020\/08\/Tour-de-France-2020-Nos-5-favoris-pour-le-maillot-vert-du-classement-par-points.png","contentUrl":"https:\/\/dicodusport.fr\/blog\/wp-content\/uploads\/2020\/08\/Tour-de-France-2020-Nos-5-favoris-pour-le-maillot-vert-du-classement-par-points.png","width":800,"height":445,"caption":"Tour de France 2020 : nos 5 favoris pour le maillot vert du classement par points"},{"@type":"WebSite","@id":"https:\/\/dicodusport.fr\/blog\/#website","url":"https:\/\/dicodusport.fr\/blog\/","name":"Dicodusport","description":"L&#039;encyclop\u00e9die de l&#039;actualit\u00e9 sportive","publisher":{"@id":"https:\/\/dicodusport.fr\/blog\/#organization"},"potentialAction":[{"@type":"SearchAction","target":{"@type":"EntryPoint","urlTemplate":"https:\/\/dicodusport.fr\/blog\/?s={search_term_string}"},"query-input":{"@type":"PropertyValueSpecification","valueRequired":true,"valueName":"search_term_string"}}],"inLanguage":"fr-FR"},{"@type":"NewsMediaOrganization","@id":"https:\/\/dicodusport.fr\/blog\/#organization","name":"Dicodusport","url":"https:\/\/dicodusport.fr\/blog\/","logo":{"@type":"ImageObject","inLanguage":"fr-FR","@id":"https:\/\/dicodusport.fr\/blog\/#\/schema\/logo\/image\/","url":"https:\/\/dicodusport.fr\/blog\/wp-content\/uploads\/2020\/06\/cropped-LOGO-DICODUSPORT-2020-SANS-FOND-SANS-TEXTE.png","contentUrl":"https:\/\/dicodusport.fr\/blog\/wp-content\/uploads\/2020\/06\/cropped-LOGO-DICODUSPORT-2020-SANS-FOND-SANS-TEXTE.png","width":512,"height":512,"caption":"Dicodusport"},"image":{"@id":"https:\/\/dicodusport.fr\/blog\/#\/schema\/logo\/image\/"},"sameAs":["https:\/\/www.facebook.com\/dicodusport","https:\/\/x.com\/dicodusport","https:\/\/www.instagram.com\/dicodusport\/","https:\/\/www.youtube.com\/channel\/UC7V2KZ5sd3htJivAbA4ZG3w"],"description":"Dicodusport est l'encyclop\u00e9die de l'actualit\u00e9 sportive.","email":"bonjour@dicodusport.fr","legalName":"DICODUSPORT","foundingDate":"2018-01-14","vatID":"FR71834470973","taxID":"83447097300043","numberOfEmployees":{"@type":"QuantitativeValue","minValue":"1","maxValue":"10"}},{"@type":"Person","@id":"https:\/\/dicodusport.fr\/blog\/#\/schema\/person\/55dcb50ad410894e431ed812bbb70191","name":"Nicolas Jacquemard","image":{"@type":"ImageObject","inLanguage":"fr-FR","@id":"https:\/\/dicodusport.fr\/blog\/#\/schema\/person\/image\/","url":"https:\/\/dicodusport.fr\/blog\/wp-content\/uploads\/2021\/05\/Nicolas-Jacquemard-150x150.jpeg","contentUrl":"https:\/\/dicodusport.fr\/blog\/wp-content\/uploads\/2021\/05\/Nicolas-Jacquemard-150x150.jpeg","caption":"Nicolas Jacquemard"},"description":"Passionn\u00e9 de sport et entrepreneur depuis mes 18 ans, la cr\u00e9ation de Dicodusport m'a sembl\u00e9 \u00e9vidente pour participer \u00e0 la m\u00e9diatisation d'un plus grand nombre de sports. Le chemin est long mais avec une \u00e9quipe des plus motiv\u00e9es et les Jeux Olympiques de Paris 2024 en point de mire, nous y arriverons ! Journaliste dans le monde du sport depuis plus de 5 ans, je traite aussi bien de football, de rugby, de biathlon que de cyclisme.","sameAs":["https:\/\/www.facebook.com\/dicodusport","https:\/\/x.com\/https:\/\/twitter.com\/Nico_Jacquemard"],"url":"https:\/\/dicodusport.fr\/blog\/author\/dicodusport\/"}]}},"_links":{"self":[{"href":"https:\/\/dicodusport.fr\/blog\/wp-json\/wp\/v2\/posts\/75671","targetHints":{"allow":["GET"]}}],"collection":[{"href":"https:\/\/dicodusport.fr\/blog\/wp-json\/wp\/v2\/posts"}],"about":[{"href":"https:\/\/dicodusport.fr\/blog\/wp-json\/wp\/v2\/types\/post"}],"author":[{"embeddable":true,"href":"https:\/\/dicodusport.fr\/blog\/wp-json\/wp\/v2\/users\/1"}],"replies":[{"embeddable":true,"href":"https:\/\/dicodusport.fr\/blog\/wp-json\/wp\/v2\/comments?post=75671"}],"version-history":[{"count":0,"href":"https:\/\/dicodusport.fr\/blog\/wp-json\/wp\/v2\/posts\/75671\/revisions"}],"wp:featuredmedia":[{"embeddable":true,"href":"https:\/\/dicodusport.fr\/blog\/wp-json\/wp\/v2\/media\/75748"}],"wp:attachment":[{"href":"https:\/\/dicodusport.fr\/blog\/wp-json\/wp\/v2\/media?parent=75671"}],"wp:term":[{"taxonomy":"category","embeddable":true,"href":"https:\/\/dicodusport.fr\/blog\/wp-json\/wp\/v2\/categories?post=75671"},{"taxonomy":"post_tag","embeddable":true,"href":"https:\/\/dicodusport.fr\/blog\/wp-json\/wp\/v2\/tags?post=75671"}],"curies":[{"name":"wp","href":"https:\/\/api.w.org\/{rel}","templated":true}]}}