{"id":75702,"date":"2020-08-27T13:55:19","date_gmt":"2020-08-27T11:55:19","guid":{"rendered":"http:\/\/dicodusport.fr\/blog\/?p=75702&#038;preview=true&#038;preview_id=75702"},"modified":"2021-05-03T15:50:07","modified_gmt":"2021-05-03T13:50:07","slug":"tour-de-france-2020-5-favoris-maillot-jaune-classement-general","status":"publish","type":"post","link":"https:\/\/dicodusport.fr\/blog\/tour-de-france-2020-5-favoris-maillot-jaune-classement-general\/","title":{"rendered":"Tour de France 2020 : nos 5 favoris pour le maillot jaune du classement g\u00e9n\u00e9ral"},"content":{"rendered":"<p style=\"text-align: justify;\"><b><i><a href=\"https:\/\/dicodusport.fr\/blog\/tour-de-france-2020-profil-des-21-etapes\/\" target=\"_blank\" rel=\"noopener noreferrer\">TOUR DE FRANCE 2020<\/a> &#8211; Le Tour de France d\u00e9bute ce samedi 29 ao\u00fbt et s&rsquo;ach\u00e8vera le dimanche 20 septembre. D\u00e9couvrez nos favoris pour le maillot jaune du classement g\u00e9n\u00e9ral.<\/i><\/b><\/p>\n<h2 style=\"text-align: justify;\">Primoz Roglic (Slov\u00e9nie)<\/h2>\n<p style=\"text-align: justify;\"><strong>\u00c9quipe :<\/strong> Jumbo Visma<\/p>\n<p style=\"text-align: justify;\">Comment ne pas citer <strong>Primoz Roglic<\/strong> parmi les grands favoris ? M\u00eame s&rsquo;il est all\u00e9 au sol sur le Dauphin\u00e9, pr\u00e9cipitant son abandon au matin de la derni\u00e8re \u00e9tape, le Slov\u00e8ne a \u00e9t\u00e9 intouchable auparavant, \u00e0 la r\u00e9guli\u00e8re, depuis le mois d&rsquo;ao\u00fbt. Souverain sur le Tour de l&rsquo;Ain, s\u00fbr de sa force sur le Crit\u00e9rium, il faut d\u00e9sormais voir comment il va r\u00e9cup\u00e9rer de sa chute. Annonc\u00e9 incertain, l&rsquo;autre interrogation concerne son pic de forme : n&rsquo;est-il pas arriv\u00e9 au top trop t\u00f4t ? Le temps nous le dira.<\/p>\n<table style=\"width: 100%;\">\n<tbody>\n<tr style=\"height: 16px;\">\n<td style=\"border-color: #ffffff; background-color: #404040; width: 114.935%; text-align: left;\"><span style=\"font-size: 12px; color: #ffffff;\">Tour de France &#8211; Maillot jaune du classement g\u00e9n\u00e9ral<\/span><\/td>\n<td style=\"border-color: #ffffff; background-color: #525252; width: 10%; text-align: center;\"><span style=\"font-size: 12px; color: #ffffff;\">1<\/span><\/td>\n<\/tr>\n<tr style=\"height: 24px;\">\n<td style=\"border-color: #ffffff; background-color: #ffffff; text-align: justify;\"><span style=\"font-size: 14px; color: #000000;\"><strong>Primoz Roglic<\/strong><\/span><\/td>\n<td style=\"border-color: #ffffff; background-color: #ffffff;\"><span style=\"font-size: 10px;\"><a href=\"https:\/\/www.winamax.fr\/paris-sportifs\/match\/prelive\/80690?banid=33431\" class=\"su-button su-button-style-flat\" style=\"color:#FFFFFF;background-color:#b10e12;border-color:#8e0c0f;border-radius:5px\" target=\"_blank\" rel=\"noopener noreferrer\"><span style=\"color:#FFFFFF;padding:0px 16px;font-size:13px;line-height:26px;border-color:#c9575a;border-radius:5px;text-shadow:none\"> 2.75<\/span><\/a><\/span><\/td>\n<\/tr>\n<\/tbody>\n<\/table>\n<p style=\"text-align: center;\"><a href=\"http:\/\/dicodusport.fr\/blog\/tour-de-france-2020-5-favoris-maillot-jaune-classement-general\/2\/#deux\" class=\"su-button su-button-style-flat\" style=\"color:#FFFFFF;background-color:#005f9b;border-color:#004c7c;border-radius:4px\" target=\"_self\"><span style=\"color:#FFFFFF;padding:0px 20px;font-size:16px;line-height:32px;border-color:#4d8fb9;border-radius:4px;text-shadow:none\"> Suivant<\/span><\/a><!--nextpage--><\/p>\n<h2 style=\"text-align: justify;\"><a id=\"deux\"><\/a>Egan Bernal (Colombie)<\/h2>\n<p style=\"text-align: justify;\"><strong>\u00c9quipe :<\/strong> Grenadiers &#8211; Ineos<\/p>\n<div id=\"attachment_69241\" style=\"width: 810px\" class=\"wp-caption aligncenter\"><a href=\"http:\/\/dicodusport.fr\/blog\/wp-content\/uploads\/2020\/06\/Le-programme-tr\u00e8s-fran\u00e7ais-dEgan-Bernal-avant-le-Tour-de-France.png\"><img loading=\"lazy\" decoding=\"async\" aria-describedby=\"caption-attachment-69241\" class=\"size-full wp-image-69241\" src=\"http:\/\/dicodusport.fr\/blog\/wp-content\/uploads\/2020\/06\/Le-programme-tr\u00e8s-fran\u00e7ais-dEgan-Bernal-avant-le-Tour-de-France.png\" alt=\"\" width=\"800\" height=\"445\" srcset=\"https:\/\/dicodusport.fr\/blog\/wp-content\/uploads\/2020\/06\/Le-programme-tr\u00e8s-fran\u00e7ais-dEgan-Bernal-avant-le-Tour-de-France.png 800w, https:\/\/dicodusport.fr\/blog\/wp-content\/uploads\/2020\/06\/Le-programme-tr\u00e8s-fran\u00e7ais-dEgan-Bernal-avant-le-Tour-de-France-300x167.png 300w, https:\/\/dicodusport.fr\/blog\/wp-content\/uploads\/2020\/06\/Le-programme-tr\u00e8s-fran\u00e7ais-dEgan-Bernal-avant-le-Tour-de-France-768x427.png 768w\" sizes=\"auto, (max-width: 800px) 100vw, 800px\" \/><\/a><p id=\"caption-attachment-69241\" class=\"wp-caption-text\">Egan Bernal &#8211; Maximiliano Blanco \/ Getty Images<\/p><\/div>\n<p style=\"text-align: justify;\">Lui aussi n&rsquo;a pas termin\u00e9 le Dauphin\u00e9. Des probl\u00e8mes de dos l&rsquo;ont visiblement contraint \u00e0 se retirer avant l&rsquo;avant-derni\u00e8re \u00e9tape. Mais <strong>Egan Bernal<\/strong>, tenant du titre, a de la ressource, et on a du mal \u00e0 croire qu&rsquo;il ne sera pas au rendez-vous. Si son \u00e9quipe semble (un peu) moins forte depuis d\u00e9but ao\u00fbt, c&rsquo;est aussi parce que le train jaune et noir de la Jumbo-Visma a mont\u00e9 le curseur d&rsquo;un (gros) cran. On voit le coureur natif de Bogota monter en puissance tout au long des trois semaines.<\/p>\n<table style=\"width: 100%;\">\n<tbody>\n<tr style=\"height: 16px;\">\n<td style=\"border-color: #ffffff; background-color: #404040; width: 114.935%; text-align: left;\"><span style=\"font-size: 12px; color: #ffffff;\">Tour de France &#8211; Maillot jaune du classement g\u00e9n\u00e9ral<\/span><\/td>\n<td style=\"border-color: #ffffff; background-color: #525252; width: 10%; text-align: center;\"><span style=\"font-size: 12px; color: #ffffff;\">1<\/span><\/td>\n<\/tr>\n<tr style=\"height: 24px;\">\n<td style=\"border-color: #ffffff; background-color: #ffffff; text-align: justify;\"><span style=\"font-size: 14px; color: #000000;\"><strong>Egan Bernal<\/strong><\/span><\/td>\n<td style=\"border-color: #ffffff; background-color: #ffffff;\"><span style=\"font-size: 10px;\"><a href=\"https:\/\/www.winamax.fr\/paris-sportifs\/match\/prelive\/80690?banid=33431\" class=\"su-button su-button-style-flat\" style=\"color:#FFFFFF;background-color:#b10e12;border-color:#8e0c0f;border-radius:5px\" target=\"_blank\" rel=\"noopener noreferrer\"><span style=\"color:#FFFFFF;padding:0px 16px;font-size:13px;line-height:26px;border-color:#c9575a;border-radius:5px;text-shadow:none\"> 3.25<\/span><\/a><\/span><\/td>\n<\/tr>\n<\/tbody>\n<\/table>\n<p style=\"text-align: center;\"><a href=\"http:\/\/dicodusport.fr\/blog\/tour-de-france-2020-5-favoris-maillot-jaune-classement-general\/3\/#trois\" class=\"su-button su-button-style-flat\" style=\"color:#FFFFFF;background-color:#005f9b;border-color:#004c7c;border-radius:4px\" target=\"_self\"><span style=\"color:#FFFFFF;padding:0px 20px;font-size:16px;line-height:32px;border-color:#4d8fb9;border-radius:4px;text-shadow:none\"> Suivant<\/span><\/a>\n<p><!--nextpage--><\/p>\n<h2 style=\"text-align: justify;\"><a id=\"trois\"><\/a>Thibaut Pinot (France)<\/h2>\n<p style=\"text-align: justify;\"><strong>\u00c9quipe :<\/strong> Groupama &#8211; FDJ<\/p>\n<div id=\"attachment_59994\" style=\"width: 810px\" class=\"wp-caption aligncenter\"><a href=\"http:\/\/dicodusport.fr\/blog\/wp-content\/uploads\/2020\/02\/Thibaut-Pinot-Avant-je-fuyais-un-peu-la-France-pour-chercher-la-tranquillit\u00e9.png\"><img loading=\"lazy\" decoding=\"async\" aria-describedby=\"caption-attachment-59994\" class=\"size-full wp-image-59994\" src=\"http:\/\/dicodusport.fr\/blog\/wp-content\/uploads\/2020\/02\/Thibaut-Pinot-Avant-je-fuyais-un-peu-la-France-pour-chercher-la-tranquillit\u00e9.png\" alt=\"\" width=\"800\" height=\"445\" srcset=\"https:\/\/dicodusport.fr\/blog\/wp-content\/uploads\/2020\/02\/Thibaut-Pinot-Avant-je-fuyais-un-peu-la-France-pour-chercher-la-tranquillit\u00e9.png 800w, https:\/\/dicodusport.fr\/blog\/wp-content\/uploads\/2020\/02\/Thibaut-Pinot-Avant-je-fuyais-un-peu-la-France-pour-chercher-la-tranquillit\u00e9-300x167.png 300w, https:\/\/dicodusport.fr\/blog\/wp-content\/uploads\/2020\/02\/Thibaut-Pinot-Avant-je-fuyais-un-peu-la-France-pour-chercher-la-tranquillit\u00e9-768x427.png 768w\" sizes=\"auto, (max-width: 800px) 100vw, 800px\" \/><\/a><p id=\"caption-attachment-59994\" class=\"wp-caption-text\">Thibaut Pinot &#8211; Groupama-FDJ<\/p><\/div>\n<p style=\"text-align: justify;\">L&rsquo;histoire de <a href=\"https:\/\/dicodusport.fr\/blog\/quiz-cyclisme-etes-vous-incollable-carriere-thibaut-pinot\/\" target=\"_blank\" rel=\"noopener noreferrer\"><strong>Thibaut Pinot<\/strong><\/a> avec le Tour de France ressemble aux montagnes russes. La Grande Boucle 2019 l&rsquo;a une nouvelle fois d\u00e9montr\u00e9, avec un abandon inattendu lors de la 19\u00e8me \u00e9tape. Mais le Franc-Comtois a certainement pris conscience qu&rsquo;il \u00e9tait capable de jouer la gagne. Deuxi\u00e8me du Dauphin\u00e9 sur lequel il a sembl\u00e9 \u00eatre le plus fort derri\u00e8re Primoz Roglic, le Fran\u00e7ais s&rsquo;avance comme le pr\u00e9tendant num\u00e9ro un \u00e0 la victoire finale derri\u00e8re le duo Roglic-Bernal. En esp\u00e9rant que pour lui aussi, les s\u00e9quelles de sa derni\u00e8re chute sur le Crit\u00e9rium ne soient qu&rsquo;un mauvais souvenir.<\/p>\n<table style=\"width: 100%;\">\n<tbody>\n<tr style=\"height: 16px;\">\n<td style=\"border-color: #ffffff; background-color: #404040; width: 114.935%; text-align: left;\"><span style=\"font-size: 12px; color: #ffffff;\">Tour de France &#8211; Maillot jaune du classement g\u00e9n\u00e9ral<\/span><\/td>\n<td style=\"border-color: #ffffff; background-color: #525252; width: 10%; text-align: center;\"><span style=\"font-size: 12px; color: #ffffff;\">1<\/span><\/td>\n<\/tr>\n<tr style=\"height: 24px;\">\n<td style=\"border-color: #ffffff; background-color: #ffffff; text-align: justify;\"><span style=\"font-size: 14px; color: #000000;\"><strong>Thibaut Pinot<\/strong><\/span><\/td>\n<td style=\"border-color: #ffffff; background-color: #ffffff;\"><span style=\"font-size: 10px;\"><a href=\"https:\/\/www.winamax.fr\/paris-sportifs\/match\/prelive\/80690?banid=33431\" class=\"su-button su-button-style-flat\" style=\"color:#FFFFFF;background-color:#b10e12;border-color:#8e0c0f;border-radius:5px\" target=\"_blank\" rel=\"noopener noreferrer\"><span style=\"color:#FFFFFF;padding:0px 16px;font-size:13px;line-height:26px;border-color:#c9575a;border-radius:5px;text-shadow:none\"> 5.50<\/span><\/a><\/span><\/td>\n<\/tr>\n<\/tbody>\n<\/table>\n<p style=\"text-align: center;\"><a href=\"http:\/\/dicodusport.fr\/blog\/tour-de-france-2020-5-favoris-maillot-jaune-classement-general\/4\/#quatre\" class=\"su-button su-button-style-flat\" style=\"color:#FFFFFF;background-color:#005f9b;border-color:#004c7c;border-radius:4px\" target=\"_self\"><span style=\"color:#FFFFFF;padding:0px 20px;font-size:16px;line-height:32px;border-color:#4d8fb9;border-radius:4px;text-shadow:none\"> Suivant<\/span><\/a>\n<p><!--nextpage--><\/p>\n<h2 style=\"text-align: justify;\"><a id=\"quatre\"><\/a>Nairo Quintana (Colombie)<\/h2>\n<p style=\"text-align: justify;\"><strong>\u00c9quipe :<\/strong> Ark\u00e9a-Samsic<\/p>\n<div id=\"attachment_60961\" style=\"width: 810px\" class=\"wp-caption aligncenter\"><a href=\"http:\/\/dicodusport.fr\/blog\/wp-content\/uploads\/2020\/02\/Tour-des-Alpes-Maritimes-et-du-Var-2020-_-Nairo-Quintana-remporte-la-2\u00e8me-\u00e9tape-et-assomme-la-course.png\"><img loading=\"lazy\" decoding=\"async\" aria-describedby=\"caption-attachment-60961\" class=\"size-full wp-image-60961\" src=\"http:\/\/dicodusport.fr\/blog\/wp-content\/uploads\/2020\/02\/Tour-des-Alpes-Maritimes-et-du-Var-2020-_-Nairo-Quintana-remporte-la-2\u00e8me-\u00e9tape-et-assomme-la-course.png\" alt=\"\" width=\"800\" height=\"445\" srcset=\"https:\/\/dicodusport.fr\/blog\/wp-content\/uploads\/2020\/02\/Tour-des-Alpes-Maritimes-et-du-Var-2020-_-Nairo-Quintana-remporte-la-2\u00e8me-\u00e9tape-et-assomme-la-course.png 800w, https:\/\/dicodusport.fr\/blog\/wp-content\/uploads\/2020\/02\/Tour-des-Alpes-Maritimes-et-du-Var-2020-_-Nairo-Quintana-remporte-la-2\u00e8me-\u00e9tape-et-assomme-la-course-300x167.png 300w, https:\/\/dicodusport.fr\/blog\/wp-content\/uploads\/2020\/02\/Tour-des-Alpes-Maritimes-et-du-Var-2020-_-Nairo-Quintana-remporte-la-2\u00e8me-\u00e9tape-et-assomme-la-course-768x427.png 768w\" sizes=\"auto, (max-width: 800px) 100vw, 800px\" \/><\/a><p id=\"caption-attachment-60961\" class=\"wp-caption-text\">Nairo Quintana &#8211; Bettini Photo<\/p><\/div>\n<p style=\"text-align: justify;\">O\u00f9 en est <strong>Nairo Quintana<\/strong> ? Intouchable en tout d\u00e9but de saison, le Colombien est plus en retrait depuis la reprise. <a href=\"https:\/\/dicodusport.fr\/blog\/nairo-quintana-percute-voiture-entrainement\/\" target=\"_blank\" rel=\"noopener noreferrer\">Sa chute d\u00e9but juillet<\/a> a laiss\u00e9 des traces, puisque le leader d&rsquo;Ark\u00e9a-Samsic a ressenti lors de la derni\u00e8re \u00e9tape du Dauphin\u00e9 des douleurs au genou touch\u00e9 au moment de l&rsquo;accident. Si ses probl\u00e8mes le laissent tranquille, on le voit monter en pression et venir jouer les premiers r\u00f4les en troisi\u00e8me semaine.<\/p>\n<table style=\"width: 100%;\">\n<tbody>\n<tr style=\"height: 16px;\">\n<td style=\"border-color: #ffffff; background-color: #404040; width: 114.935%; text-align: left;\"><span style=\"font-size: 12px; color: #ffffff;\">Tour de France &#8211; Maillot jaune du classement g\u00e9n\u00e9ral<\/span><\/td>\n<td style=\"border-color: #ffffff; background-color: #525252; width: 10%; text-align: center;\"><span style=\"font-size: 12px; color: #ffffff;\">1<\/span><\/td>\n<\/tr>\n<tr style=\"height: 24px;\">\n<td style=\"border-color: #ffffff; background-color: #ffffff; text-align: justify;\"><span style=\"font-size: 14px; color: #000000;\"><strong>Nairo Quintana<\/strong><\/span><\/td>\n<td style=\"border-color: #ffffff; background-color: #ffffff;\"><span style=\"font-size: 10px;\"><a href=\"https:\/\/www.winamax.fr\/paris-sportifs\/match\/prelive\/80690?banid=33431\" class=\"su-button su-button-style-flat\" style=\"color:#FFFFFF;background-color:#b10e12;border-color:#8e0c0f;border-radius:5px\" target=\"_blank\" rel=\"noopener noreferrer\"><span style=\"color:#FFFFFF;padding:0px 16px;font-size:13px;line-height:26px;border-color:#c9575a;border-radius:5px;text-shadow:none\"> 30.0<\/span><\/a><\/span><\/td>\n<\/tr>\n<\/tbody>\n<\/table>\n<p style=\"text-align: center;\"><a href=\"http:\/\/dicodusport.fr\/blog\/tour-de-france-2020-5-favoris-maillot-jaune-classement-general\/5\/#cinq\" class=\"su-button su-button-style-flat\" style=\"color:#FFFFFF;background-color:#005f9b;border-color:#004c7c;border-radius:4px\" target=\"_self\"><span style=\"color:#FFFFFF;padding:0px 20px;font-size:16px;line-height:32px;border-color:#4d8fb9;border-radius:4px;text-shadow:none\"> Suivant<\/span><\/a>\n<p><!--nextpage--><\/p>\n<h2 style=\"text-align: justify;\"><a id=\"cinq\"><\/a>Emanuel Buchmann (Allemagne)<\/h2>\n<p style=\"text-align: justify;\"><strong>\u00c9quipe :<\/strong> Bora-Hansgrohe<\/p>\n<p style=\"text-align: justify;\">Tout comme Primoz Roglic et Thibaut Pinot, <strong>Emanuel Buchmann<\/strong> est tomb\u00e9 sur le Dauphin\u00e9, ce qui l&rsquo;a contraint \u00e0 l&rsquo;abandon lors de l&rsquo;avant-derni\u00e8re \u00e9tape. Mais l&rsquo;Allemand semblait \u00eatre en forme sur les pentes du Col de Porte et vers Saint-Martin-de-Belleville. Quatri\u00e8me du Tour l&rsquo;an dernier, le leader de la Bora-Hansgrohe a les moyens d&rsquo;animer la course derri\u00e8re les armadas Jumbo-Visma et Grenadiers-Ineos.<\/p>\n<table style=\"width: 100%;\">\n<tbody>\n<tr style=\"height: 16px;\">\n<td style=\"border-color: #ffffff; background-color: #404040; width: 114.935%; text-align: left;\"><span style=\"font-size: 12px; color: #ffffff;\">Tour de France &#8211; Maillot jaune du classement g\u00e9n\u00e9ral<\/span><\/td>\n<td style=\"border-color: #ffffff; background-color: #525252; width: 10%; text-align: center;\"><span style=\"font-size: 12px; color: #ffffff;\">1<\/span><\/td>\n<\/tr>\n<tr style=\"height: 24px;\">\n<td style=\"border-color: #ffffff; background-color: #ffffff; text-align: justify;\"><span style=\"font-size: 14px; color: #000000;\"><strong>Emanuel Buchmann<\/strong><\/span><\/td>\n<td style=\"border-color: #ffffff; background-color: #ffffff;\"><span style=\"font-size: 10px;\"><a href=\"https:\/\/www.winamax.fr\/paris-sportifs\/match\/prelive\/80690?banid=33431\" class=\"su-button su-button-style-flat\" style=\"color:#FFFFFF;background-color:#b10e12;border-color:#8e0c0f;border-radius:5px\" target=\"_blank\" rel=\"noopener noreferrer\"><span style=\"color:#FFFFFF;padding:0px 16px;font-size:13px;line-height:26px;border-color:#c9575a;border-radius:5px;text-shadow:none\"> 25.0<\/span><\/a><\/span><\/td>\n<\/tr>\n<\/tbody>\n<\/table>\n<p style=\"text-align: center;\"><a href=\"http:\/\/dicodusport.fr\/blog\/tour-de-france-2020-5-favoris-maillot-jaune-classement-general\" class=\"su-button su-button-style-flat\" style=\"color:#FFFFFF;background-color:#005f9b;border-color:#004c7c;border-radius:4px\" target=\"_self\"><span style=\"color:#FFFFFF;padding:0px 20px;font-size:16px;line-height:32px;border-color:#4d8fb9;border-radius:4px;text-shadow:none\"> Revenir au d\u00e9but<\/span><\/a>\n<p><strong><em>Dicodusport<br \/>\n<a href=\"https:\/\/www.facebook.com\/dicodusport\/\" target=\"_blank\" rel=\"noopener noreferrer\"><img loading=\"lazy\" decoding=\"async\" class=\"alignnone wp-image-2909\" src=\"http:\/\/dicodusport.fr\/blog\/wp-content\/uploads\/2017\/07\/logo-facebook-150x150.png\" alt=\"\" width=\"40\" height=\"40\" \/><\/a><a href=\"https:\/\/twitter.com\/dicodusport\" target=\"_blank\" rel=\"noopener noreferrer\"><img loading=\"lazy\" decoding=\"async\" class=\"alignnone wp-image-2908\" src=\"http:\/\/dicodusport.fr\/blog\/wp-content\/uploads\/2017\/07\/logo-twitter-150x150.png\" alt=\"\" width=\"39\" height=\"39\" \/><\/a><\/em><\/strong><\/p>\n<p>&nbsp;<\/p>\n<p style=\"text-align: center;\">\n","protected":false},"excerpt":{"rendered":"<p>TOUR DE FRANCE 2020 &#8211; Le Tour de France d\u00e9bute ce samedi 29 ao\u00fbt et s&rsquo;ach\u00e8vera le dimanche 20 septembre. D\u00e9couvrez nos favoris pour le maillot jaune du classement g\u00e9n\u00e9ral.<\/p>\n","protected":false},"author":4,"featured_media":75770,"comment_status":"open","ping_status":"closed","sticky":false,"template":"","format":"standard","meta":{"_acf_changed":false,"_daextam_enable_autolinks":"","footnotes":""},"categories":[46995],"tags":[24,1262],"class_list":["post-75702","post","type-post","status-publish","format-standard","has-post-thumbnail","hentry","category-tour-de-france","tag-sport","tag-tour-de-france"],"acf":[],"yoast_head":"<!-- This site is optimized with the Yoast SEO Premium plugin v26.7 (Yoast SEO v26.7) - https:\/\/yoast.com\/wordpress\/plugins\/seo\/ -->\n<title>Tour de France 2020 : nos 5 favoris pour le maillot jaune du classement g\u00e9n\u00e9ral<\/title>\n<meta name=\"description\" content=\"TOUR DE FRANCE 2020 - Le Tour de France d\u00e9bute ce samedi 29 ao\u00fbt et s&#039;ach\u00e8vera le dimanche 20 septembre. D\u00e9couvrez nos favoris pour le maillot vert du classement par points.\" \/>\n<meta name=\"robots\" content=\"index, follow, max-snippet:-1, max-image-preview:large, max-video-preview:-1\" \/>\n<link rel=\"canonical\" href=\"https:\/\/dicodusport.fr\/blog\/tour-de-france-2020-5-favoris-maillot-jaune-classement-general\/\" \/>\n<link rel=\"next\" href=\"https:\/\/dicodusport.fr\/blog\/tour-de-france-2020-5-favoris-maillot-jaune-classement-general\/2\/\" \/>\n<meta property=\"og:locale\" content=\"fr_FR\" \/>\n<meta property=\"og:type\" content=\"article\" \/>\n<meta property=\"og:title\" content=\"Tour de France 2020 : nos 5 favoris pour le maillot jaune du classement g\u00e9n\u00e9ral\" \/>\n<meta property=\"og:description\" content=\"TOUR DE FRANCE 2020 - Le Tour de France d\u00e9bute ce samedi 29 ao\u00fbt et s&#039;ach\u00e8vera le dimanche 20 septembre. D\u00e9couvrez nos favoris pour le maillot vert du classement par points.\" \/>\n<meta property=\"og:url\" content=\"https:\/\/dicodusport.fr\/blog\/tour-de-france-2020-5-favoris-maillot-jaune-classement-general\/\" \/>\n<meta property=\"og:site_name\" content=\"Dicodusport\" \/>\n<meta property=\"article:publisher\" content=\"https:\/\/www.facebook.com\/dicodusport\" \/>\n<meta property=\"article:author\" content=\"https:\/\/www.facebook.com\/florent.ostermann\" \/>\n<meta property=\"article:published_time\" content=\"2020-08-27T11:55:19+00:00\" \/>\n<meta property=\"article:modified_time\" content=\"2021-05-03T13:50:07+00:00\" \/>\n<meta property=\"og:image\" content=\"https:\/\/dicodusport.fr\/blog\/wp-content\/uploads\/2020\/08\/Tour-de-France-2020-Nos-5-favoris-pour-le-maillot-jaune-du-classement-g\u00e9n\u00e9ral.png\" \/>\n\t<meta property=\"og:image:width\" content=\"800\" \/>\n\t<meta property=\"og:image:height\" content=\"445\" \/>\n\t<meta property=\"og:image:type\" content=\"image\/png\" \/>\n<meta name=\"author\" content=\"Flo Ostermann\" \/>\n<meta name=\"twitter:card\" content=\"summary_large_image\" \/>\n<meta name=\"twitter:title\" content=\"Tour de France 2020 : nos 5 favoris pour le maillot jaune du classement g\u00e9n\u00e9ral\" \/>\n<meta name=\"twitter:creator\" content=\"@https:\/\/twitter.com\/FlOstermann\" \/>\n<meta name=\"twitter:site\" content=\"@dicodusport\" \/>\n<script type=\"application\/ld+json\" class=\"yoast-schema-graph\">{\"@context\":\"https:\/\/schema.org\",\"@graph\":[{\"@type\":\"NewsArticle\",\"@id\":\"https:\/\/dicodusport.fr\/blog\/tour-de-france-2020-5-favoris-maillot-jaune-classement-general\/#article\",\"isPartOf\":{\"@id\":\"https:\/\/dicodusport.fr\/blog\/tour-de-france-2020-5-favoris-maillot-jaune-classement-general\/\"},\"author\":{\"name\":\"Flo Ostermann\",\"@id\":\"https:\/\/dicodusport.fr\/blog\/#\/schema\/person\/cb02af4c173ce4a653b55e9baf388d4a\"},\"headline\":\"Tour de France 2020 : nos 5 favoris pour le maillot jaune du classement g\u00e9n\u00e9ral\",\"datePublished\":\"2020-08-27T11:55:19+00:00\",\"dateModified\":\"2021-05-03T13:50:07+00:00\",\"mainEntityOfPage\":{\"@id\":\"https:\/\/dicodusport.fr\/blog\/tour-de-france-2020-5-favoris-maillot-jaune-classement-general\/\"},\"wordCount\":861,\"commentCount\":0,\"publisher\":{\"@id\":\"https:\/\/dicodusport.fr\/blog\/#organization\"},\"image\":{\"@id\":\"https:\/\/dicodusport.fr\/blog\/tour-de-france-2020-5-favoris-maillot-jaune-classement-general\/#primaryimage\"},\"thumbnailUrl\":\"https:\/\/dicodusport.fr\/blog\/wp-content\/uploads\/2020\/08\/Tour-de-France-2020-Nos-5-favoris-pour-le-maillot-jaune-du-classement-g\u00e9n\u00e9ral.png\",\"keywords\":[\"sport\",\"Tour de France\"],\"articleSection\":[\"Tour de France\"],\"inLanguage\":\"fr-FR\",\"potentialAction\":[{\"@type\":\"CommentAction\",\"name\":\"Comment\",\"target\":[\"https:\/\/dicodusport.fr\/blog\/tour-de-france-2020-5-favoris-maillot-jaune-classement-general\/#respond\"]}],\"copyrightYear\":\"2020\",\"copyrightHolder\":{\"@id\":\"https:\/\/dicodusport.fr\/blog\/#organization\"}},{\"@type\":\"WebPage\",\"@id\":\"https:\/\/dicodusport.fr\/blog\/tour-de-france-2020-5-favoris-maillot-jaune-classement-general\/\",\"url\":\"https:\/\/dicodusport.fr\/blog\/tour-de-france-2020-5-favoris-maillot-jaune-classement-general\/\",\"name\":\"Tour de France 2020 : nos 5 favoris pour le maillot jaune du classement g\u00e9n\u00e9ral\",\"isPartOf\":{\"@id\":\"https:\/\/dicodusport.fr\/blog\/#website\"},\"primaryImageOfPage\":{\"@id\":\"https:\/\/dicodusport.fr\/blog\/tour-de-france-2020-5-favoris-maillot-jaune-classement-general\/#primaryimage\"},\"image\":{\"@id\":\"https:\/\/dicodusport.fr\/blog\/tour-de-france-2020-5-favoris-maillot-jaune-classement-general\/#primaryimage\"},\"thumbnailUrl\":\"https:\/\/dicodusport.fr\/blog\/wp-content\/uploads\/2020\/08\/Tour-de-France-2020-Nos-5-favoris-pour-le-maillot-jaune-du-classement-g\u00e9n\u00e9ral.png\",\"datePublished\":\"2020-08-27T11:55:19+00:00\",\"dateModified\":\"2021-05-03T13:50:07+00:00\",\"description\":\"TOUR DE FRANCE 2020 - Le Tour de France d\u00e9bute ce samedi 29 ao\u00fbt et s'ach\u00e8vera le dimanche 20 septembre. D\u00e9couvrez nos favoris pour le maillot vert du classement par points.\",\"inLanguage\":\"fr-FR\",\"potentialAction\":[{\"@type\":\"ReadAction\",\"target\":[\"https:\/\/dicodusport.fr\/blog\/tour-de-france-2020-5-favoris-maillot-jaune-classement-general\/\"]}]},{\"@type\":\"ImageObject\",\"inLanguage\":\"fr-FR\",\"@id\":\"https:\/\/dicodusport.fr\/blog\/tour-de-france-2020-5-favoris-maillot-jaune-classement-general\/#primaryimage\",\"url\":\"https:\/\/dicodusport.fr\/blog\/wp-content\/uploads\/2020\/08\/Tour-de-France-2020-Nos-5-favoris-pour-le-maillot-jaune-du-classement-g\u00e9n\u00e9ral.png\",\"contentUrl\":\"https:\/\/dicodusport.fr\/blog\/wp-content\/uploads\/2020\/08\/Tour-de-France-2020-Nos-5-favoris-pour-le-maillot-jaune-du-classement-g\u00e9n\u00e9ral.png\",\"width\":800,\"height\":445,\"caption\":\"Tour de France 2020 : nos 5 favoris pour le maillot jaune du classement g\u00e9n\u00e9ral\"},{\"@type\":\"WebSite\",\"@id\":\"https:\/\/dicodusport.fr\/blog\/#website\",\"url\":\"https:\/\/dicodusport.fr\/blog\/\",\"name\":\"Dicodusport\",\"description\":\"L&#039;encyclop\u00e9die de l&#039;actualit\u00e9 sportive\",\"publisher\":{\"@id\":\"https:\/\/dicodusport.fr\/blog\/#organization\"},\"potentialAction\":[{\"@type\":\"SearchAction\",\"target\":{\"@type\":\"EntryPoint\",\"urlTemplate\":\"https:\/\/dicodusport.fr\/blog\/?s={search_term_string}\"},\"query-input\":{\"@type\":\"PropertyValueSpecification\",\"valueRequired\":true,\"valueName\":\"search_term_string\"}}],\"inLanguage\":\"fr-FR\"},{\"@type\":\"NewsMediaOrganization\",\"@id\":\"https:\/\/dicodusport.fr\/blog\/#organization\",\"name\":\"Dicodusport\",\"url\":\"https:\/\/dicodusport.fr\/blog\/\",\"logo\":{\"@type\":\"ImageObject\",\"inLanguage\":\"fr-FR\",\"@id\":\"https:\/\/dicodusport.fr\/blog\/#\/schema\/logo\/image\/\",\"url\":\"https:\/\/dicodusport.fr\/blog\/wp-content\/uploads\/2020\/06\/cropped-LOGO-DICODUSPORT-2020-SANS-FOND-SANS-TEXTE.png\",\"contentUrl\":\"https:\/\/dicodusport.fr\/blog\/wp-content\/uploads\/2020\/06\/cropped-LOGO-DICODUSPORT-2020-SANS-FOND-SANS-TEXTE.png\",\"width\":512,\"height\":512,\"caption\":\"Dicodusport\"},\"image\":{\"@id\":\"https:\/\/dicodusport.fr\/blog\/#\/schema\/logo\/image\/\"},\"sameAs\":[\"https:\/\/www.facebook.com\/dicodusport\",\"https:\/\/x.com\/dicodusport\",\"https:\/\/www.instagram.com\/dicodusport\/\",\"https:\/\/www.youtube.com\/channel\/UC7V2KZ5sd3htJivAbA4ZG3w\"],\"description\":\"Dicodusport est l'encyclop\u00e9die de l'actualit\u00e9 sportive.\",\"email\":\"bonjour@dicodusport.fr\",\"legalName\":\"DICODUSPORT\",\"foundingDate\":\"2018-01-14\",\"vatID\":\"FR71834470973\",\"taxID\":\"83447097300043\",\"numberOfEmployees\":{\"@type\":\"QuantitativeValue\",\"minValue\":\"1\",\"maxValue\":\"10\"}},{\"@type\":\"Person\",\"@id\":\"https:\/\/dicodusport.fr\/blog\/#\/schema\/person\/cb02af4c173ce4a653b55e9baf388d4a\",\"name\":\"Flo Ostermann\",\"image\":{\"@type\":\"ImageObject\",\"inLanguage\":\"fr-FR\",\"@id\":\"https:\/\/dicodusport.fr\/blog\/#\/schema\/person\/image\/\",\"url\":\"https:\/\/dicodusport.fr\/blog\/wp-content\/uploads\/2021\/05\/Flo-Ostermann-150x150.jpg\",\"contentUrl\":\"https:\/\/dicodusport.fr\/blog\/wp-content\/uploads\/2021\/05\/Flo-Ostermann-150x150.jpg\",\"caption\":\"Flo Ostermann\"},\"description\":\"Journaliste\/R\u00e9dacteur depuis septembre 2015 - Mes premiers souvenirs dans le sport ? Les envol\u00e9es du Stade Toulousain et les duels Villeneuve-Schumacher et H\u00e4kkinen-Schumacher \u00e0 la fin des ann\u00e9es 90, la Coupe du monde de football en 1998, l\u2019exploit du XV de France face aux All Blacks en 1999, mais aussi Richard C\u0153ur de Lion qui vole sur les montagnes du Tour de France. Bien parti pour devenir professeur d\u2019EPS, les \u00e9v\u00e9nements de la vie (et la flemme d\u2019animer des s\u00e9ances de 3x500 m\u00e8tres toute ma vie) m\u2019ont conduit \u00e0 revoir mes plans. Me voil\u00e0 depuis fin 2017 sur Dicodusport, m\u00e9dia gr\u00e2ce (et pour) lequel je partage ma passion : le sport dans tous ses \u00e9tats. Le tout accompagn\u00e9 par les fous furieux et folles furieuses cit\u00e9s sur cette page !\",\"sameAs\":[\"https:\/\/www.facebook.com\/florent.ostermann\",\"https:\/\/x.com\/https:\/\/twitter.com\/FlOstermann\",\"admin\"],\"url\":\"https:\/\/dicodusport.fr\/blog\/author\/flo\/\"}]}<\/script>\n<!-- \/ Yoast SEO Premium plugin. -->","yoast_head_json":{"title":"Tour de France 2020 : nos 5 favoris pour le maillot jaune du classement g\u00e9n\u00e9ral","description":"TOUR DE FRANCE 2020 - Le Tour de France d\u00e9bute ce samedi 29 ao\u00fbt et s'ach\u00e8vera le dimanche 20 septembre. D\u00e9couvrez nos favoris pour le maillot vert du classement par points.","robots":{"index":"index","follow":"follow","max-snippet":"max-snippet:-1","max-image-preview":"max-image-preview:large","max-video-preview":"max-video-preview:-1"},"canonical":"https:\/\/dicodusport.fr\/blog\/tour-de-france-2020-5-favoris-maillot-jaune-classement-general\/","next":"https:\/\/dicodusport.fr\/blog\/tour-de-france-2020-5-favoris-maillot-jaune-classement-general\/2\/","og_locale":"fr_FR","og_type":"article","og_title":"Tour de France 2020 : nos 5 favoris pour le maillot jaune du classement g\u00e9n\u00e9ral","og_description":"TOUR DE FRANCE 2020 - Le Tour de France d\u00e9bute ce samedi 29 ao\u00fbt et s'ach\u00e8vera le dimanche 20 septembre. D\u00e9couvrez nos favoris pour le maillot vert du classement par points.","og_url":"https:\/\/dicodusport.fr\/blog\/tour-de-france-2020-5-favoris-maillot-jaune-classement-general\/","og_site_name":"Dicodusport","article_publisher":"https:\/\/www.facebook.com\/dicodusport","article_author":"https:\/\/www.facebook.com\/florent.ostermann","article_published_time":"2020-08-27T11:55:19+00:00","article_modified_time":"2021-05-03T13:50:07+00:00","og_image":[{"width":800,"height":445,"url":"https:\/\/dicodusport.fr\/blog\/wp-content\/uploads\/2020\/08\/Tour-de-France-2020-Nos-5-favoris-pour-le-maillot-jaune-du-classement-g\u00e9n\u00e9ral.png","type":"image\/png"}],"author":"Flo Ostermann","twitter_card":"summary_large_image","twitter_title":"Tour de France 2020 : nos 5 favoris pour le maillot jaune du classement g\u00e9n\u00e9ral","twitter_creator":"@https:\/\/twitter.com\/FlOstermann","twitter_site":"@dicodusport","schema":{"@context":"https:\/\/schema.org","@graph":[{"@type":"NewsArticle","@id":"https:\/\/dicodusport.fr\/blog\/tour-de-france-2020-5-favoris-maillot-jaune-classement-general\/#article","isPartOf":{"@id":"https:\/\/dicodusport.fr\/blog\/tour-de-france-2020-5-favoris-maillot-jaune-classement-general\/"},"author":{"name":"Flo Ostermann","@id":"https:\/\/dicodusport.fr\/blog\/#\/schema\/person\/cb02af4c173ce4a653b55e9baf388d4a"},"headline":"Tour de France 2020 : nos 5 favoris pour le maillot jaune du classement g\u00e9n\u00e9ral","datePublished":"2020-08-27T11:55:19+00:00","dateModified":"2021-05-03T13:50:07+00:00","mainEntityOfPage":{"@id":"https:\/\/dicodusport.fr\/blog\/tour-de-france-2020-5-favoris-maillot-jaune-classement-general\/"},"wordCount":861,"commentCount":0,"publisher":{"@id":"https:\/\/dicodusport.fr\/blog\/#organization"},"image":{"@id":"https:\/\/dicodusport.fr\/blog\/tour-de-france-2020-5-favoris-maillot-jaune-classement-general\/#primaryimage"},"thumbnailUrl":"https:\/\/dicodusport.fr\/blog\/wp-content\/uploads\/2020\/08\/Tour-de-France-2020-Nos-5-favoris-pour-le-maillot-jaune-du-classement-g\u00e9n\u00e9ral.png","keywords":["sport","Tour de France"],"articleSection":["Tour de France"],"inLanguage":"fr-FR","potentialAction":[{"@type":"CommentAction","name":"Comment","target":["https:\/\/dicodusport.fr\/blog\/tour-de-france-2020-5-favoris-maillot-jaune-classement-general\/#respond"]}],"copyrightYear":"2020","copyrightHolder":{"@id":"https:\/\/dicodusport.fr\/blog\/#organization"}},{"@type":"WebPage","@id":"https:\/\/dicodusport.fr\/blog\/tour-de-france-2020-5-favoris-maillot-jaune-classement-general\/","url":"https:\/\/dicodusport.fr\/blog\/tour-de-france-2020-5-favoris-maillot-jaune-classement-general\/","name":"Tour de France 2020 : nos 5 favoris pour le maillot jaune du classement g\u00e9n\u00e9ral","isPartOf":{"@id":"https:\/\/dicodusport.fr\/blog\/#website"},"primaryImageOfPage":{"@id":"https:\/\/dicodusport.fr\/blog\/tour-de-france-2020-5-favoris-maillot-jaune-classement-general\/#primaryimage"},"image":{"@id":"https:\/\/dicodusport.fr\/blog\/tour-de-france-2020-5-favoris-maillot-jaune-classement-general\/#primaryimage"},"thumbnailUrl":"https:\/\/dicodusport.fr\/blog\/wp-content\/uploads\/2020\/08\/Tour-de-France-2020-Nos-5-favoris-pour-le-maillot-jaune-du-classement-g\u00e9n\u00e9ral.png","datePublished":"2020-08-27T11:55:19+00:00","dateModified":"2021-05-03T13:50:07+00:00","description":"TOUR DE FRANCE 2020 - Le Tour de France d\u00e9bute ce samedi 29 ao\u00fbt et s'ach\u00e8vera le dimanche 20 septembre. D\u00e9couvrez nos favoris pour le maillot vert du classement par points.","inLanguage":"fr-FR","potentialAction":[{"@type":"ReadAction","target":["https:\/\/dicodusport.fr\/blog\/tour-de-france-2020-5-favoris-maillot-jaune-classement-general\/"]}]},{"@type":"ImageObject","inLanguage":"fr-FR","@id":"https:\/\/dicodusport.fr\/blog\/tour-de-france-2020-5-favoris-maillot-jaune-classement-general\/#primaryimage","url":"https:\/\/dicodusport.fr\/blog\/wp-content\/uploads\/2020\/08\/Tour-de-France-2020-Nos-5-favoris-pour-le-maillot-jaune-du-classement-g\u00e9n\u00e9ral.png","contentUrl":"https:\/\/dicodusport.fr\/blog\/wp-content\/uploads\/2020\/08\/Tour-de-France-2020-Nos-5-favoris-pour-le-maillot-jaune-du-classement-g\u00e9n\u00e9ral.png","width":800,"height":445,"caption":"Tour de France 2020 : nos 5 favoris pour le maillot jaune du classement g\u00e9n\u00e9ral"},{"@type":"WebSite","@id":"https:\/\/dicodusport.fr\/blog\/#website","url":"https:\/\/dicodusport.fr\/blog\/","name":"Dicodusport","description":"L&#039;encyclop\u00e9die de l&#039;actualit\u00e9 sportive","publisher":{"@id":"https:\/\/dicodusport.fr\/blog\/#organization"},"potentialAction":[{"@type":"SearchAction","target":{"@type":"EntryPoint","urlTemplate":"https:\/\/dicodusport.fr\/blog\/?s={search_term_string}"},"query-input":{"@type":"PropertyValueSpecification","valueRequired":true,"valueName":"search_term_string"}}],"inLanguage":"fr-FR"},{"@type":"NewsMediaOrganization","@id":"https:\/\/dicodusport.fr\/blog\/#organization","name":"Dicodusport","url":"https:\/\/dicodusport.fr\/blog\/","logo":{"@type":"ImageObject","inLanguage":"fr-FR","@id":"https:\/\/dicodusport.fr\/blog\/#\/schema\/logo\/image\/","url":"https:\/\/dicodusport.fr\/blog\/wp-content\/uploads\/2020\/06\/cropped-LOGO-DICODUSPORT-2020-SANS-FOND-SANS-TEXTE.png","contentUrl":"https:\/\/dicodusport.fr\/blog\/wp-content\/uploads\/2020\/06\/cropped-LOGO-DICODUSPORT-2020-SANS-FOND-SANS-TEXTE.png","width":512,"height":512,"caption":"Dicodusport"},"image":{"@id":"https:\/\/dicodusport.fr\/blog\/#\/schema\/logo\/image\/"},"sameAs":["https:\/\/www.facebook.com\/dicodusport","https:\/\/x.com\/dicodusport","https:\/\/www.instagram.com\/dicodusport\/","https:\/\/www.youtube.com\/channel\/UC7V2KZ5sd3htJivAbA4ZG3w"],"description":"Dicodusport est l'encyclop\u00e9die de l'actualit\u00e9 sportive.","email":"bonjour@dicodusport.fr","legalName":"DICODUSPORT","foundingDate":"2018-01-14","vatID":"FR71834470973","taxID":"83447097300043","numberOfEmployees":{"@type":"QuantitativeValue","minValue":"1","maxValue":"10"}},{"@type":"Person","@id":"https:\/\/dicodusport.fr\/blog\/#\/schema\/person\/cb02af4c173ce4a653b55e9baf388d4a","name":"Flo Ostermann","image":{"@type":"ImageObject","inLanguage":"fr-FR","@id":"https:\/\/dicodusport.fr\/blog\/#\/schema\/person\/image\/","url":"https:\/\/dicodusport.fr\/blog\/wp-content\/uploads\/2021\/05\/Flo-Ostermann-150x150.jpg","contentUrl":"https:\/\/dicodusport.fr\/blog\/wp-content\/uploads\/2021\/05\/Flo-Ostermann-150x150.jpg","caption":"Flo Ostermann"},"description":"Journaliste\/R\u00e9dacteur depuis septembre 2015 - Mes premiers souvenirs dans le sport ? Les envol\u00e9es du Stade Toulousain et les duels Villeneuve-Schumacher et H\u00e4kkinen-Schumacher \u00e0 la fin des ann\u00e9es 90, la Coupe du monde de football en 1998, l\u2019exploit du XV de France face aux All Blacks en 1999, mais aussi Richard C\u0153ur de Lion qui vole sur les montagnes du Tour de France. Bien parti pour devenir professeur d\u2019EPS, les \u00e9v\u00e9nements de la vie (et la flemme d\u2019animer des s\u00e9ances de 3x500 m\u00e8tres toute ma vie) m\u2019ont conduit \u00e0 revoir mes plans. Me voil\u00e0 depuis fin 2017 sur Dicodusport, m\u00e9dia gr\u00e2ce (et pour) lequel je partage ma passion : le sport dans tous ses \u00e9tats. Le tout accompagn\u00e9 par les fous furieux et folles furieuses cit\u00e9s sur cette page !","sameAs":["https:\/\/www.facebook.com\/florent.ostermann","https:\/\/x.com\/https:\/\/twitter.com\/FlOstermann","admin"],"url":"https:\/\/dicodusport.fr\/blog\/author\/flo\/"}]}},"_links":{"self":[{"href":"https:\/\/dicodusport.fr\/blog\/wp-json\/wp\/v2\/posts\/75702","targetHints":{"allow":["GET"]}}],"collection":[{"href":"https:\/\/dicodusport.fr\/blog\/wp-json\/wp\/v2\/posts"}],"about":[{"href":"https:\/\/dicodusport.fr\/blog\/wp-json\/wp\/v2\/types\/post"}],"author":[{"embeddable":true,"href":"https:\/\/dicodusport.fr\/blog\/wp-json\/wp\/v2\/users\/4"}],"replies":[{"embeddable":true,"href":"https:\/\/dicodusport.fr\/blog\/wp-json\/wp\/v2\/comments?post=75702"}],"version-history":[{"count":0,"href":"https:\/\/dicodusport.fr\/blog\/wp-json\/wp\/v2\/posts\/75702\/revisions"}],"wp:featuredmedia":[{"embeddable":true,"href":"https:\/\/dicodusport.fr\/blog\/wp-json\/wp\/v2\/media\/75770"}],"wp:attachment":[{"href":"https:\/\/dicodusport.fr\/blog\/wp-json\/wp\/v2\/media?parent=75702"}],"wp:term":[{"taxonomy":"category","embeddable":true,"href":"https:\/\/dicodusport.fr\/blog\/wp-json\/wp\/v2\/categories?post=75702"},{"taxonomy":"post_tag","embeddable":true,"href":"https:\/\/dicodusport.fr\/blog\/wp-json\/wp\/v2\/tags?post=75702"}],"curies":[{"name":"wp","href":"https:\/\/api.w.org\/{rel}","templated":true}]}}