{"id":75785,"date":"2020-08-27T17:21:30","date_gmt":"2020-08-27T15:21:30","guid":{"rendered":"http:\/\/dicodusport.fr\/blog\/?p=75785&#038;preview=true&#038;preview_id=75785"},"modified":"2020-08-27T19:34:21","modified_gmt":"2020-08-27T17:34:21","slug":"tour-de-france-2020-pinot-jaune-sur-les-champs-elysees","status":"publish","type":"post","link":"https:\/\/dicodusport.fr\/blog\/tour-de-france-2020-pinot-jaune-sur-les-champs-elysees\/","title":{"rendered":"Tour de France 2020 : Pinot Jaune sur les Champs-\u00c9lys\u00e9es ?"},"content":{"rendered":"<p style=\"text-align: justify;\"><em><b><a href=\"https:\/\/dicodusport.fr\/blog\/actualites\/cyclisme\/tour-de-france-2020\/\" target=\"_blank\" rel=\"noopener noreferrer\">TOUR DE FRANCE 2020<\/a> &#8211; Si les amateurs de grands crus sont habitu\u00e9s au Pinot Noir en Bourgogne, les passionn\u00e9s de cyclisme pr\u00e9f\u00e9reront certainement du Pinot Jaune sur les Champs-\u00c9lys\u00e9es le 20 septembre prochain.<\/b><\/em><\/p>\n<p style=\"text-align: justify;\">Tout le monde a encore en t\u00eate les terribles images du 26 juillet 2019. Alors que la France du cyclisme esp\u00e8re que son champion va renverser des montagnes, il n&rsquo;en sera rien. <a href=\"https:\/\/dicodusport.fr\/blog\/quiz-cyclisme-etes-vous-incollable-carriere-thibaut-pinot\/\" target=\"_blank\" rel=\"noopener noreferrer\"><strong>Thibaut Pinot<\/strong><\/a> est groggy, et en larmes, d\u00e8s la premi\u00e8re ascension de la 19\u00e8me \u00e9tape du Tour vers le Col d&rsquo;Iseran, comprenant qu&rsquo;il ne pourrait pas aller au terme de cette Grande Boucle. Impossible de savoir quelle aurait \u00e9t\u00e9 l&rsquo;issue de cette 106\u00e8me \u00e9dition si le Franc-Comtois n&rsquo;avait pas \u00e9t\u00e9 bless\u00e9, mais personne ne pouvait imaginer un tel d\u00e9nouement pour le coureur de la <strong>Groupama-FDJ<\/strong>.<\/p>\n<p style=\"text-align: justify;\">Quelques jours apr\u00e8s cet abandon, il s&rsquo;\u00e9tait d&rsquo;ailleurs confi\u00e9 \u00e0 nos confr\u00e8res de <em>L&rsquo;\u00c9quipe<\/em>. <em>\u00ab C&rsquo;est la plus grosse claque de ma carri\u00e8re. Pour oublier tout \u00e7a, il faudra que je gagne le Tour \u00bb<\/em>. \u00c7a tombe bien, le Tour est de retour. Pas aux dates pr\u00e9vues \u00e0 cause de la crise sanitaire, mais il s&rsquo;\u00e9lancera bien de Nice ce samedi 29 ao\u00fbt, avec <strong>Thibaut Pinot<\/strong> au d\u00e9part et une \u00e9quipe qui lui sera enti\u00e8rement d\u00e9vou\u00e9e.<\/p>\n<div id=\"attachment_75796\" style=\"width: 827px\" class=\"wp-caption aligncenter\"><a href=\"http:\/\/dicodusport.fr\/blog\/wp-content\/uploads\/2020\/08\/Pinot-la-claque-AFP.png\"><img loading=\"lazy\" decoding=\"async\" aria-describedby=\"caption-attachment-75796\" class=\"size-full wp-image-75796\" src=\"http:\/\/dicodusport.fr\/blog\/wp-content\/uploads\/2020\/08\/Pinot-la-claque-AFP.png\" alt=\"Pinot, la claque - AFP\" width=\"817\" height=\"524\" srcset=\"https:\/\/dicodusport.fr\/blog\/wp-content\/uploads\/2020\/08\/Pinot-la-claque-AFP.png 817w, https:\/\/dicodusport.fr\/blog\/wp-content\/uploads\/2020\/08\/Pinot-la-claque-AFP-300x192.png 300w, https:\/\/dicodusport.fr\/blog\/wp-content\/uploads\/2020\/08\/Pinot-la-claque-AFP-768x493.png 768w\" sizes=\"auto, (max-width: 817px) 100vw, 817px\" \/><\/a><p id=\"caption-attachment-75796\" class=\"wp-caption-text\">Pinot, la claque &#8211; AFP<\/p><\/div>\n<h2 style=\"text-align: justify;\">L&rsquo;\u00e9tiquette de favori<\/h2>\n<p style=\"text-align: justify;\">M\u00eame s&rsquo;il n&rsquo;est pas all\u00e9 au terme de la pr\u00e9c\u00e9dente Grande Boucle, <strong>Thibaut Pino<\/strong>t ne peut pas se cacher. Il fait partie des trois plus grands <a href=\"https:\/\/dicodusport.fr\/blog\/tour-de-france-2020-5-favoris-maillot-jaune-classement-general\/\" target=\"_blank\" rel=\"noopener noreferrer\">favoris pour le maillot jaune<\/a> cette ann\u00e9e. Avec <strong>Egan Bernal<\/strong>, vainqueur en 2019, et <strong>Primoz Roglic<\/strong>, a\u00e9rien depuis la reprise, le grimpeur fran\u00e7ais de 30 ans fait partie des trois hommes les plus cit\u00e9s pour un sacre \u00e0 Paris. Quoi de plus normal ?<\/p>\n<p style=\"text-align: justify;\">Si le Slov\u00e8ne de la Jumbo-Visma semblait presque intouchable jusqu&rsquo;au soir de l&rsquo;avant-derni\u00e8re \u00e9tape du Dauphin\u00e9, sa chute ce m\u00eame jour et son abandon le lendemain pourraient avoir rebattu un peu les cartes, m\u00eame si l&rsquo;\u00e9quipe autour de lui est stratosph\u00e9rique. Lors de la r\u00e9p\u00e9tition g\u00e9n\u00e9rale du Crit\u00e9rium, <strong>Thibaut Pinot<\/strong> est celui qui avait sembl\u00e9 le plus proche de <strong>Primoz Roglic<\/strong> en montagne, alors qu&rsquo;<strong>Egan Bernal<\/strong> avait montr\u00e9 des signes inqui\u00e9tants.<\/p>\n<p style=\"text-align: justify;\">Ce n&rsquo;est \u00e9videmment pas l&rsquo;ann\u00e9e ou jamais pour le coureur tricolore. S&rsquo;il ne parvient pas \u00e0 d\u00e9crocher le graal en 2020, il aura d&rsquo;autres occasions de revenir sur le <strong>Tour de France<\/strong>. Mais avec ses fid\u00e8les lieutenants pr\u00e9sents et une forme qui semble au rendez-vous, tout est r\u00e9uni pour voir un grand cru de Pinot, que tout le monde esp\u00e8re jaune pour arr\u00eater de broyer du noir apr\u00e8s le cauchemar de 2019.<\/p>\n<ul>\n<li style=\"text-align: justify;\"><strong>\u00c0 lire aussi &#8211; <a href=\"https:\/\/dicodusport.fr\/blog\/tour-de-france-2020-profil-des-21-etapes\/\" target=\"_blank\" rel=\"noopener noreferrer\">Tour de France 2020 : le profil des 21 \u00e9tapes<\/a><\/strong><\/li>\n<\/ul>\n<p style=\"text-align: justify;\"><strong><em>Dicodusport<br \/>\n<a href=\"https:\/\/www.facebook.com\/dicodusport\/\" target=\"_blank\" rel=\"noopener noreferrer\"><img loading=\"lazy\" decoding=\"async\" class=\"alignnone wp-image-2909\" src=\"http:\/\/dicodusport.fr\/blog\/wp-content\/uploads\/2017\/07\/logo-facebook-150x150.png\" alt=\"\" width=\"40\" height=\"40\" \/><\/a><a href=\"https:\/\/twitter.com\/dicodusport\" target=\"_blank\" rel=\"noopener noreferrer\"><img loading=\"lazy\" decoding=\"async\" class=\"alignnone wp-image-2908\" src=\"http:\/\/dicodusport.fr\/blog\/wp-content\/uploads\/2017\/07\/logo-twitter-150x150.png\" alt=\"\" width=\"39\" height=\"39\" \/><\/a><\/em><\/strong><\/p>\n","protected":false},"excerpt":{"rendered":"<p>TOUR DE FRANCE 2020 &#8211; Si les amateurs de grands crus sont habitu\u00e9s au Pinot Noir en Bourgogne, les passionn\u00e9s de cyclisme pr\u00e9f\u00e9reront certainement du Pinot Jaune sur les Champs-\u00c9lys\u00e9es le 20 septembre prochain.<\/p>\n","protected":false},"author":1,"featured_media":75798,"comment_status":"open","ping_status":"closed","sticky":false,"template":"","format":"standard","meta":{"_acf_changed":false,"_daextam_enable_autolinks":"","footnotes":""},"categories":[46995],"tags":[24,4839,1262],"class_list":["post-75785","post","type-post","status-publish","format-standard","has-post-thumbnail","hentry","category-tour-de-france","tag-sport","tag-thibaut-pinot","tag-tour-de-france"],"acf":[],"yoast_head":"<!-- This site is optimized with the Yoast SEO Premium plugin v26.7 (Yoast SEO v26.7) - https:\/\/yoast.com\/wordpress\/plugins\/seo\/ -->\n<title>Tour de France 2020 : Pinot Jaune sur les Champs-\u00c9lys\u00e9es ?<\/title>\n<meta name=\"description\" content=\"TOUR DE FRANCE 2020 - Si les amateurs de grands crus sont habitu\u00e9s au Pinot Noir en Bourgogne, les passionn\u00e9s de cyclisme pr\u00e9f\u00e9reront certainement du Pinot Jaune sur les Champs-\u00c9lys\u00e9es le 20 septembre prochain.\" \/>\n<meta name=\"robots\" content=\"index, follow, max-snippet:-1, max-image-preview:large, max-video-preview:-1\" \/>\n<link rel=\"canonical\" href=\"https:\/\/dicodusport.fr\/blog\/tour-de-france-2020-pinot-jaune-sur-les-champs-elysees\/\" \/>\n<meta property=\"og:locale\" content=\"fr_FR\" \/>\n<meta property=\"og:type\" content=\"article\" \/>\n<meta property=\"og:title\" content=\"Tour de France 2020 : Pinot Jaune sur les Champs-\u00c9lys\u00e9es ?\" \/>\n<meta property=\"og:description\" content=\"TOUR DE FRANCE 2020 - Si les amateurs de grands crus sont habitu\u00e9s au Pinot Noir en Bourgogne, les passionn\u00e9s de cyclisme pr\u00e9f\u00e9reront certainement du Pinot Jaune sur les Champs-\u00c9lys\u00e9es le 20 septembre prochain.\" \/>\n<meta property=\"og:url\" content=\"https:\/\/dicodusport.fr\/blog\/tour-de-france-2020-pinot-jaune-sur-les-champs-elysees\/\" \/>\n<meta property=\"og:site_name\" content=\"Dicodusport\" \/>\n<meta property=\"article:publisher\" content=\"https:\/\/www.facebook.com\/dicodusport\" \/>\n<meta property=\"article:author\" content=\"https:\/\/www.facebook.com\/dicodusport\" \/>\n<meta property=\"article:published_time\" content=\"2020-08-27T15:21:30+00:00\" \/>\n<meta property=\"article:modified_time\" content=\"2020-08-27T17:34:21+00:00\" \/>\n<meta property=\"og:image\" content=\"https:\/\/dicodusport.fr\/blog\/wp-content\/uploads\/2020\/08\/Tour-de-France-2020-Pinot-Jaune-sur-les-Champs-\u00c9lys\u00e9es.png\" \/>\n\t<meta property=\"og:image:width\" content=\"800\" \/>\n\t<meta property=\"og:image:height\" content=\"445\" \/>\n\t<meta property=\"og:image:type\" content=\"image\/png\" \/>\n<meta name=\"author\" content=\"Nicolas Jacquemard\" \/>\n<meta name=\"twitter:card\" content=\"summary_large_image\" \/>\n<meta name=\"twitter:title\" content=\"Tour de France 2020 : Pinot Jaune sur les Champs-\u00c9lys\u00e9es ?\" \/>\n<meta name=\"twitter:creator\" content=\"@https:\/\/twitter.com\/Nico_Jacquemard\" \/>\n<meta name=\"twitter:site\" content=\"@dicodusport\" \/>\n<script type=\"application\/ld+json\" class=\"yoast-schema-graph\">{\"@context\":\"https:\/\/schema.org\",\"@graph\":[{\"@type\":\"NewsArticle\",\"@id\":\"https:\/\/dicodusport.fr\/blog\/tour-de-france-2020-pinot-jaune-sur-les-champs-elysees\/#article\",\"isPartOf\":{\"@id\":\"https:\/\/dicodusport.fr\/blog\/tour-de-france-2020-pinot-jaune-sur-les-champs-elysees\/\"},\"author\":{\"name\":\"Nicolas Jacquemard\",\"@id\":\"https:\/\/dicodusport.fr\/blog\/#\/schema\/person\/55dcb50ad410894e431ed812bbb70191\"},\"headline\":\"Tour de France 2020 : Pinot Jaune sur les Champs-\u00c9lys\u00e9es ?\",\"datePublished\":\"2020-08-27T15:21:30+00:00\",\"dateModified\":\"2020-08-27T17:34:21+00:00\",\"mainEntityOfPage\":{\"@id\":\"https:\/\/dicodusport.fr\/blog\/tour-de-france-2020-pinot-jaune-sur-les-champs-elysees\/\"},\"wordCount\":507,\"commentCount\":0,\"publisher\":{\"@id\":\"https:\/\/dicodusport.fr\/blog\/#organization\"},\"image\":{\"@id\":\"https:\/\/dicodusport.fr\/blog\/tour-de-france-2020-pinot-jaune-sur-les-champs-elysees\/#primaryimage\"},\"thumbnailUrl\":\"https:\/\/dicodusport.fr\/blog\/wp-content\/uploads\/2020\/08\/Tour-de-France-2020-Pinot-Jaune-sur-les-Champs-\u00c9lys\u00e9es.png\",\"keywords\":[\"sport\",\"Thibaut Pinot\",\"Tour de France\"],\"articleSection\":[\"Tour de France\"],\"inLanguage\":\"fr-FR\",\"potentialAction\":[{\"@type\":\"CommentAction\",\"name\":\"Comment\",\"target\":[\"https:\/\/dicodusport.fr\/blog\/tour-de-france-2020-pinot-jaune-sur-les-champs-elysees\/#respond\"]}],\"copyrightYear\":\"2020\",\"copyrightHolder\":{\"@id\":\"https:\/\/dicodusport.fr\/blog\/#organization\"}},{\"@type\":\"WebPage\",\"@id\":\"https:\/\/dicodusport.fr\/blog\/tour-de-france-2020-pinot-jaune-sur-les-champs-elysees\/\",\"url\":\"https:\/\/dicodusport.fr\/blog\/tour-de-france-2020-pinot-jaune-sur-les-champs-elysees\/\",\"name\":\"Tour de France 2020 : Pinot Jaune sur les Champs-\u00c9lys\u00e9es ?\",\"isPartOf\":{\"@id\":\"https:\/\/dicodusport.fr\/blog\/#website\"},\"primaryImageOfPage\":{\"@id\":\"https:\/\/dicodusport.fr\/blog\/tour-de-france-2020-pinot-jaune-sur-les-champs-elysees\/#primaryimage\"},\"image\":{\"@id\":\"https:\/\/dicodusport.fr\/blog\/tour-de-france-2020-pinot-jaune-sur-les-champs-elysees\/#primaryimage\"},\"thumbnailUrl\":\"https:\/\/dicodusport.fr\/blog\/wp-content\/uploads\/2020\/08\/Tour-de-France-2020-Pinot-Jaune-sur-les-Champs-\u00c9lys\u00e9es.png\",\"datePublished\":\"2020-08-27T15:21:30+00:00\",\"dateModified\":\"2020-08-27T17:34:21+00:00\",\"description\":\"TOUR DE FRANCE 2020 - Si les amateurs de grands crus sont habitu\u00e9s au Pinot Noir en Bourgogne, les passionn\u00e9s de cyclisme pr\u00e9f\u00e9reront certainement du Pinot Jaune sur les Champs-\u00c9lys\u00e9es le 20 septembre prochain.\",\"breadcrumb\":{\"@id\":\"https:\/\/dicodusport.fr\/blog\/tour-de-france-2020-pinot-jaune-sur-les-champs-elysees\/#breadcrumb\"},\"inLanguage\":\"fr-FR\",\"potentialAction\":[{\"@type\":\"ReadAction\",\"target\":[\"https:\/\/dicodusport.fr\/blog\/tour-de-france-2020-pinot-jaune-sur-les-champs-elysees\/\"]}]},{\"@type\":\"ImageObject\",\"inLanguage\":\"fr-FR\",\"@id\":\"https:\/\/dicodusport.fr\/blog\/tour-de-france-2020-pinot-jaune-sur-les-champs-elysees\/#primaryimage\",\"url\":\"https:\/\/dicodusport.fr\/blog\/wp-content\/uploads\/2020\/08\/Tour-de-France-2020-Pinot-Jaune-sur-les-Champs-\u00c9lys\u00e9es.png\",\"contentUrl\":\"https:\/\/dicodusport.fr\/blog\/wp-content\/uploads\/2020\/08\/Tour-de-France-2020-Pinot-Jaune-sur-les-Champs-\u00c9lys\u00e9es.png\",\"width\":800,\"height\":445,\"caption\":\"Tour de France 2020 : Pinot Jaune sur les Champs-\u00c9lys\u00e9es ?\"},{\"@type\":\"BreadcrumbList\",\"@id\":\"https:\/\/dicodusport.fr\/blog\/tour-de-france-2020-pinot-jaune-sur-les-champs-elysees\/#breadcrumb\",\"itemListElement\":[{\"@type\":\"ListItem\",\"position\":1,\"name\":\"Accueil\",\"item\":\"https:\/\/dicodusport.fr\/blog\/\"},{\"@type\":\"ListItem\",\"position\":2,\"name\":\"Tour de France 2020 : Pinot Jaune sur les Champs-\u00c9lys\u00e9es ?\"}]},{\"@type\":\"WebSite\",\"@id\":\"https:\/\/dicodusport.fr\/blog\/#website\",\"url\":\"https:\/\/dicodusport.fr\/blog\/\",\"name\":\"Dicodusport\",\"description\":\"L&#039;encyclop\u00e9die de l&#039;actualit\u00e9 sportive\",\"publisher\":{\"@id\":\"https:\/\/dicodusport.fr\/blog\/#organization\"},\"potentialAction\":[{\"@type\":\"SearchAction\",\"target\":{\"@type\":\"EntryPoint\",\"urlTemplate\":\"https:\/\/dicodusport.fr\/blog\/?s={search_term_string}\"},\"query-input\":{\"@type\":\"PropertyValueSpecification\",\"valueRequired\":true,\"valueName\":\"search_term_string\"}}],\"inLanguage\":\"fr-FR\"},{\"@type\":\"NewsMediaOrganization\",\"@id\":\"https:\/\/dicodusport.fr\/blog\/#organization\",\"name\":\"Dicodusport\",\"url\":\"https:\/\/dicodusport.fr\/blog\/\",\"logo\":{\"@type\":\"ImageObject\",\"inLanguage\":\"fr-FR\",\"@id\":\"https:\/\/dicodusport.fr\/blog\/#\/schema\/logo\/image\/\",\"url\":\"https:\/\/dicodusport.fr\/blog\/wp-content\/uploads\/2020\/06\/cropped-LOGO-DICODUSPORT-2020-SANS-FOND-SANS-TEXTE.png\",\"contentUrl\":\"https:\/\/dicodusport.fr\/blog\/wp-content\/uploads\/2020\/06\/cropped-LOGO-DICODUSPORT-2020-SANS-FOND-SANS-TEXTE.png\",\"width\":512,\"height\":512,\"caption\":\"Dicodusport\"},\"image\":{\"@id\":\"https:\/\/dicodusport.fr\/blog\/#\/schema\/logo\/image\/\"},\"sameAs\":[\"https:\/\/www.facebook.com\/dicodusport\",\"https:\/\/x.com\/dicodusport\",\"https:\/\/www.instagram.com\/dicodusport\/\",\"https:\/\/www.youtube.com\/channel\/UC7V2KZ5sd3htJivAbA4ZG3w\"],\"description\":\"Dicodusport est l'encyclop\u00e9die de l'actualit\u00e9 sportive.\",\"email\":\"bonjour@dicodusport.fr\",\"legalName\":\"DICODUSPORT\",\"foundingDate\":\"2018-01-14\",\"vatID\":\"FR71834470973\",\"taxID\":\"83447097300043\",\"numberOfEmployees\":{\"@type\":\"QuantitativeValue\",\"minValue\":\"1\",\"maxValue\":\"10\"}},{\"@type\":\"Person\",\"@id\":\"https:\/\/dicodusport.fr\/blog\/#\/schema\/person\/55dcb50ad410894e431ed812bbb70191\",\"name\":\"Nicolas Jacquemard\",\"image\":{\"@type\":\"ImageObject\",\"inLanguage\":\"fr-FR\",\"@id\":\"https:\/\/dicodusport.fr\/blog\/#\/schema\/person\/image\/\",\"url\":\"https:\/\/dicodusport.fr\/blog\/wp-content\/uploads\/2021\/05\/Nicolas-Jacquemard-150x150.jpeg\",\"contentUrl\":\"https:\/\/dicodusport.fr\/blog\/wp-content\/uploads\/2021\/05\/Nicolas-Jacquemard-150x150.jpeg\",\"caption\":\"Nicolas Jacquemard\"},\"description\":\"Passionn\u00e9 de sport et entrepreneur depuis mes 18 ans, la cr\u00e9ation de Dicodusport m'a sembl\u00e9 \u00e9vidente pour participer \u00e0 la m\u00e9diatisation d'un plus grand nombre de sports. Le chemin est long mais avec une \u00e9quipe des plus motiv\u00e9es et les Jeux Olympiques de Paris 2024 en point de mire, nous y arriverons ! Journaliste dans le monde du sport depuis plus de 5 ans, je traite aussi bien de football, de rugby, de biathlon que de cyclisme.\",\"sameAs\":[\"https:\/\/www.facebook.com\/dicodusport\",\"https:\/\/x.com\/https:\/\/twitter.com\/Nico_Jacquemard\"],\"url\":\"https:\/\/dicodusport.fr\/blog\/author\/dicodusport\/\"}]}<\/script>\n<!-- \/ Yoast SEO Premium plugin. -->","yoast_head_json":{"title":"Tour de France 2020 : Pinot Jaune sur les Champs-\u00c9lys\u00e9es ?","description":"TOUR DE FRANCE 2020 - Si les amateurs de grands crus sont habitu\u00e9s au Pinot Noir en Bourgogne, les passionn\u00e9s de cyclisme pr\u00e9f\u00e9reront certainement du Pinot Jaune sur les Champs-\u00c9lys\u00e9es le 20 septembre prochain.","robots":{"index":"index","follow":"follow","max-snippet":"max-snippet:-1","max-image-preview":"max-image-preview:large","max-video-preview":"max-video-preview:-1"},"canonical":"https:\/\/dicodusport.fr\/blog\/tour-de-france-2020-pinot-jaune-sur-les-champs-elysees\/","og_locale":"fr_FR","og_type":"article","og_title":"Tour de France 2020 : Pinot Jaune sur les Champs-\u00c9lys\u00e9es ?","og_description":"TOUR DE FRANCE 2020 - Si les amateurs de grands crus sont habitu\u00e9s au Pinot Noir en Bourgogne, les passionn\u00e9s de cyclisme pr\u00e9f\u00e9reront certainement du Pinot Jaune sur les Champs-\u00c9lys\u00e9es le 20 septembre prochain.","og_url":"https:\/\/dicodusport.fr\/blog\/tour-de-france-2020-pinot-jaune-sur-les-champs-elysees\/","og_site_name":"Dicodusport","article_publisher":"https:\/\/www.facebook.com\/dicodusport","article_author":"https:\/\/www.facebook.com\/dicodusport","article_published_time":"2020-08-27T15:21:30+00:00","article_modified_time":"2020-08-27T17:34:21+00:00","og_image":[{"width":800,"height":445,"url":"https:\/\/dicodusport.fr\/blog\/wp-content\/uploads\/2020\/08\/Tour-de-France-2020-Pinot-Jaune-sur-les-Champs-\u00c9lys\u00e9es.png","type":"image\/png"}],"author":"Nicolas Jacquemard","twitter_card":"summary_large_image","twitter_title":"Tour de France 2020 : Pinot Jaune sur les Champs-\u00c9lys\u00e9es ?","twitter_creator":"@https:\/\/twitter.com\/Nico_Jacquemard","twitter_site":"@dicodusport","schema":{"@context":"https:\/\/schema.org","@graph":[{"@type":"NewsArticle","@id":"https:\/\/dicodusport.fr\/blog\/tour-de-france-2020-pinot-jaune-sur-les-champs-elysees\/#article","isPartOf":{"@id":"https:\/\/dicodusport.fr\/blog\/tour-de-france-2020-pinot-jaune-sur-les-champs-elysees\/"},"author":{"name":"Nicolas Jacquemard","@id":"https:\/\/dicodusport.fr\/blog\/#\/schema\/person\/55dcb50ad410894e431ed812bbb70191"},"headline":"Tour de France 2020 : Pinot Jaune sur les Champs-\u00c9lys\u00e9es ?","datePublished":"2020-08-27T15:21:30+00:00","dateModified":"2020-08-27T17:34:21+00:00","mainEntityOfPage":{"@id":"https:\/\/dicodusport.fr\/blog\/tour-de-france-2020-pinot-jaune-sur-les-champs-elysees\/"},"wordCount":507,"commentCount":0,"publisher":{"@id":"https:\/\/dicodusport.fr\/blog\/#organization"},"image":{"@id":"https:\/\/dicodusport.fr\/blog\/tour-de-france-2020-pinot-jaune-sur-les-champs-elysees\/#primaryimage"},"thumbnailUrl":"https:\/\/dicodusport.fr\/blog\/wp-content\/uploads\/2020\/08\/Tour-de-France-2020-Pinot-Jaune-sur-les-Champs-\u00c9lys\u00e9es.png","keywords":["sport","Thibaut Pinot","Tour de France"],"articleSection":["Tour de France"],"inLanguage":"fr-FR","potentialAction":[{"@type":"CommentAction","name":"Comment","target":["https:\/\/dicodusport.fr\/blog\/tour-de-france-2020-pinot-jaune-sur-les-champs-elysees\/#respond"]}],"copyrightYear":"2020","copyrightHolder":{"@id":"https:\/\/dicodusport.fr\/blog\/#organization"}},{"@type":"WebPage","@id":"https:\/\/dicodusport.fr\/blog\/tour-de-france-2020-pinot-jaune-sur-les-champs-elysees\/","url":"https:\/\/dicodusport.fr\/blog\/tour-de-france-2020-pinot-jaune-sur-les-champs-elysees\/","name":"Tour de France 2020 : Pinot Jaune sur les Champs-\u00c9lys\u00e9es ?","isPartOf":{"@id":"https:\/\/dicodusport.fr\/blog\/#website"},"primaryImageOfPage":{"@id":"https:\/\/dicodusport.fr\/blog\/tour-de-france-2020-pinot-jaune-sur-les-champs-elysees\/#primaryimage"},"image":{"@id":"https:\/\/dicodusport.fr\/blog\/tour-de-france-2020-pinot-jaune-sur-les-champs-elysees\/#primaryimage"},"thumbnailUrl":"https:\/\/dicodusport.fr\/blog\/wp-content\/uploads\/2020\/08\/Tour-de-France-2020-Pinot-Jaune-sur-les-Champs-\u00c9lys\u00e9es.png","datePublished":"2020-08-27T15:21:30+00:00","dateModified":"2020-08-27T17:34:21+00:00","description":"TOUR DE FRANCE 2020 - Si les amateurs de grands crus sont habitu\u00e9s au Pinot Noir en Bourgogne, les passionn\u00e9s de cyclisme pr\u00e9f\u00e9reront certainement du Pinot Jaune sur les Champs-\u00c9lys\u00e9es le 20 septembre prochain.","breadcrumb":{"@id":"https:\/\/dicodusport.fr\/blog\/tour-de-france-2020-pinot-jaune-sur-les-champs-elysees\/#breadcrumb"},"inLanguage":"fr-FR","potentialAction":[{"@type":"ReadAction","target":["https:\/\/dicodusport.fr\/blog\/tour-de-france-2020-pinot-jaune-sur-les-champs-elysees\/"]}]},{"@type":"ImageObject","inLanguage":"fr-FR","@id":"https:\/\/dicodusport.fr\/blog\/tour-de-france-2020-pinot-jaune-sur-les-champs-elysees\/#primaryimage","url":"https:\/\/dicodusport.fr\/blog\/wp-content\/uploads\/2020\/08\/Tour-de-France-2020-Pinot-Jaune-sur-les-Champs-\u00c9lys\u00e9es.png","contentUrl":"https:\/\/dicodusport.fr\/blog\/wp-content\/uploads\/2020\/08\/Tour-de-France-2020-Pinot-Jaune-sur-les-Champs-\u00c9lys\u00e9es.png","width":800,"height":445,"caption":"Tour de France 2020 : Pinot Jaune sur les Champs-\u00c9lys\u00e9es ?"},{"@type":"BreadcrumbList","@id":"https:\/\/dicodusport.fr\/blog\/tour-de-france-2020-pinot-jaune-sur-les-champs-elysees\/#breadcrumb","itemListElement":[{"@type":"ListItem","position":1,"name":"Accueil","item":"https:\/\/dicodusport.fr\/blog\/"},{"@type":"ListItem","position":2,"name":"Tour de France 2020 : Pinot Jaune sur les Champs-\u00c9lys\u00e9es ?"}]},{"@type":"WebSite","@id":"https:\/\/dicodusport.fr\/blog\/#website","url":"https:\/\/dicodusport.fr\/blog\/","name":"Dicodusport","description":"L&#039;encyclop\u00e9die de l&#039;actualit\u00e9 sportive","publisher":{"@id":"https:\/\/dicodusport.fr\/blog\/#organization"},"potentialAction":[{"@type":"SearchAction","target":{"@type":"EntryPoint","urlTemplate":"https:\/\/dicodusport.fr\/blog\/?s={search_term_string}"},"query-input":{"@type":"PropertyValueSpecification","valueRequired":true,"valueName":"search_term_string"}}],"inLanguage":"fr-FR"},{"@type":"NewsMediaOrganization","@id":"https:\/\/dicodusport.fr\/blog\/#organization","name":"Dicodusport","url":"https:\/\/dicodusport.fr\/blog\/","logo":{"@type":"ImageObject","inLanguage":"fr-FR","@id":"https:\/\/dicodusport.fr\/blog\/#\/schema\/logo\/image\/","url":"https:\/\/dicodusport.fr\/blog\/wp-content\/uploads\/2020\/06\/cropped-LOGO-DICODUSPORT-2020-SANS-FOND-SANS-TEXTE.png","contentUrl":"https:\/\/dicodusport.fr\/blog\/wp-content\/uploads\/2020\/06\/cropped-LOGO-DICODUSPORT-2020-SANS-FOND-SANS-TEXTE.png","width":512,"height":512,"caption":"Dicodusport"},"image":{"@id":"https:\/\/dicodusport.fr\/blog\/#\/schema\/logo\/image\/"},"sameAs":["https:\/\/www.facebook.com\/dicodusport","https:\/\/x.com\/dicodusport","https:\/\/www.instagram.com\/dicodusport\/","https:\/\/www.youtube.com\/channel\/UC7V2KZ5sd3htJivAbA4ZG3w"],"description":"Dicodusport est l'encyclop\u00e9die de l'actualit\u00e9 sportive.","email":"bonjour@dicodusport.fr","legalName":"DICODUSPORT","foundingDate":"2018-01-14","vatID":"FR71834470973","taxID":"83447097300043","numberOfEmployees":{"@type":"QuantitativeValue","minValue":"1","maxValue":"10"}},{"@type":"Person","@id":"https:\/\/dicodusport.fr\/blog\/#\/schema\/person\/55dcb50ad410894e431ed812bbb70191","name":"Nicolas Jacquemard","image":{"@type":"ImageObject","inLanguage":"fr-FR","@id":"https:\/\/dicodusport.fr\/blog\/#\/schema\/person\/image\/","url":"https:\/\/dicodusport.fr\/blog\/wp-content\/uploads\/2021\/05\/Nicolas-Jacquemard-150x150.jpeg","contentUrl":"https:\/\/dicodusport.fr\/blog\/wp-content\/uploads\/2021\/05\/Nicolas-Jacquemard-150x150.jpeg","caption":"Nicolas Jacquemard"},"description":"Passionn\u00e9 de sport et entrepreneur depuis mes 18 ans, la cr\u00e9ation de Dicodusport m'a sembl\u00e9 \u00e9vidente pour participer \u00e0 la m\u00e9diatisation d'un plus grand nombre de sports. Le chemin est long mais avec une \u00e9quipe des plus motiv\u00e9es et les Jeux Olympiques de Paris 2024 en point de mire, nous y arriverons ! Journaliste dans le monde du sport depuis plus de 5 ans, je traite aussi bien de football, de rugby, de biathlon que de cyclisme.","sameAs":["https:\/\/www.facebook.com\/dicodusport","https:\/\/x.com\/https:\/\/twitter.com\/Nico_Jacquemard"],"url":"https:\/\/dicodusport.fr\/blog\/author\/dicodusport\/"}]}},"_links":{"self":[{"href":"https:\/\/dicodusport.fr\/blog\/wp-json\/wp\/v2\/posts\/75785","targetHints":{"allow":["GET"]}}],"collection":[{"href":"https:\/\/dicodusport.fr\/blog\/wp-json\/wp\/v2\/posts"}],"about":[{"href":"https:\/\/dicodusport.fr\/blog\/wp-json\/wp\/v2\/types\/post"}],"author":[{"embeddable":true,"href":"https:\/\/dicodusport.fr\/blog\/wp-json\/wp\/v2\/users\/1"}],"replies":[{"embeddable":true,"href":"https:\/\/dicodusport.fr\/blog\/wp-json\/wp\/v2\/comments?post=75785"}],"version-history":[{"count":0,"href":"https:\/\/dicodusport.fr\/blog\/wp-json\/wp\/v2\/posts\/75785\/revisions"}],"wp:featuredmedia":[{"embeddable":true,"href":"https:\/\/dicodusport.fr\/blog\/wp-json\/wp\/v2\/media\/75798"}],"wp:attachment":[{"href":"https:\/\/dicodusport.fr\/blog\/wp-json\/wp\/v2\/media?parent=75785"}],"wp:term":[{"taxonomy":"category","embeddable":true,"href":"https:\/\/dicodusport.fr\/blog\/wp-json\/wp\/v2\/categories?post=75785"},{"taxonomy":"post_tag","embeddable":true,"href":"https:\/\/dicodusport.fr\/blog\/wp-json\/wp\/v2\/tags?post=75785"}],"curies":[{"name":"wp","href":"https:\/\/api.w.org\/{rel}","templated":true}]}}