{"id":76356,"date":"2020-09-01T13:15:12","date_gmt":"2020-09-01T11:15:12","guid":{"rendered":"http:\/\/dicodusport.fr\/blog\/?p=76356&#038;preview=true&#038;preview_id=76356"},"modified":"2020-09-01T13:29:22","modified_gmt":"2020-09-01T11:29:22","slug":"diamond-league-plateau-du-city-event-de-lausanne","status":"publish","type":"post","link":"https:\/\/dicodusport.fr\/blog\/diamond-league-plateau-du-city-event-de-lausanne\/","title":{"rendered":"Diamond League : Le plateau du City Event de Lausanne"},"content":{"rendered":"<p style=\"text-align: justify;\"><strong><em>COVID-19 oblige, la seconde \u00e9tape suisse de la Diamond League se d\u00e9roulera sous la forme d&rsquo;un \u00ab\u00a0City Event\u00a0\u00bb au cours duquel s&rsquo;affronteront les meilleurs sauteuses et sauteurs \u00e0 la perche.<\/em><\/strong><\/p>\n<p style=\"text-align: justify;\">Des milliers de chanceux pourront, gratuitement, voir la cr\u00e8me des sauteurs en plein centre-ville ce <strong>mercredi 2 septembre 2020 de 18h \u00e0 20h<\/strong>.<br \/>\nDans le cadre du meeting 2019, l&rsquo;\u00e9preuve f\u00e9minine s&rsquo;\u00e9tait d\u00e9roul\u00e9e en centre-ville avec la victoire de Katie Nageotte qui avait \u00e9tabli son record personnel (4,82m). Cette ann\u00e9e, il n&rsquo;y aura pas de meeting mais uniquement les deux comp\u00e9titions de saut \u00e0 la perche qui se d\u00e9rouleront en parall\u00e8le, sur la place de l&rsquo;Europe.<\/p>\n<h2 style=\"text-align: justify;\">Les plateaux<\/h2>\n<p style=\"text-align: justify;\">Le recordman du monde <strong>Mondo Duplantis<\/strong>, <strong>Renaud Lavillenie<\/strong>, qui revient de blessure,<strong> Sam Kendricks<\/strong> ou encore l&rsquo;am\u00e9ricain<strong> Cole Wash<\/strong> seront notamment pr\u00e9sents. On verra \u00e9galement le jeune am\u00e9ricain <strong>Chris Nilsen<\/strong> (22 ans) qui avait battu Duplantis lors des Championnats universitaires am\u00e9ricains en juin 2019 en r\u00e9alisant son record personnel (5,95m). En d\u00e9but d&rsquo;ann\u00e9e, Nilsen a chip\u00e9 la meilleure performance universitaire \u00e0 Duplantis pour un centim\u00e8tre en franchissant 5,93m. Vainqueur l&rsquo;an dernier, <strong>Piotr Lisek<\/strong> a d\u00fb d\u00e9clarer forfait en raison d&rsquo;une blessure \u00e0 un mollet.<\/p>\n<p style=\"text-align: justify;\"><a href=\"https:\/\/lausanne.diamondleague.com\/startlistsresults\/?eventId=2d9cac94-e372-4ee6-9b7e-f34286e916f2&amp;eventStart=2020-09-02T18%3A05%3A00%2B02%3A00&amp;tx_diamondrace_diamondleaguestatistics%5Baction%5D=showEntries&amp;tx_diamondrace_diamondleaguestatistics%5Bcontroller%5D=DiamondLeagueStatistics&amp;cHash=3761669718026f7f9810105a3748ff8e\" target=\"_blank\" rel=\"noopener noreferrer\"><strong>Liste des engag\u00e9s<\/strong><\/a><\/p>\n<p style=\"text-align: justify;\">C\u00f4t\u00e9 f\u00e9minin, on ne verra pas <strong>Sandi Morris<\/strong>, championne du monde en salle, et vice-championne du monde qui ne peut pas voyager en raison des restrictions sanitaires. La grecque <strong>Ekaterini Stefanidi<\/strong>, championne olympique ne sera finalement pas l\u00e0 non plus. Holly Bradshaw, vice-championne d&rsquo;Europe en salle est en forme. Elle tentera de faire mieux que l&rsquo;ann\u00e9e derni\u00e8re (3e).<\/p>\n<p style=\"text-align: justify;\"><strong><a href=\"https:\/\/lausanne.diamondleague.com\/startlistsresults\/?eventId=60cabf1b-bbde-4a3c-8130-d9464bdc0606&amp;eventStart=2020-09-02T18%3A05%3A00%2B02%3A00&amp;tx_diamondrace_diamondleaguestatistics%5Baction%5D=showEntries&amp;tx_diamondrace_diamondleaguestatistics%5Bcontroller%5D=DiamondLeagueStatistics&amp;cHash=2b510fdec1698cddbbe2028c8eb3d9d5\" target=\"_blank\" rel=\"noopener noreferrer\">Liste des engag\u00e9es<\/a><\/strong><\/p>\n<h2>Record du monde en vue ?<\/h2>\n<p>La question a \u00e9t\u00e9 pos\u00e9e \u00e0 Duplantis, d\u00e9tenteur du record depuis f\u00e9vrier (6,17m), et il n&rsquo;\u00e9carte pas cette \u00e9ventualit\u00e9 : \u00ab\u00a0<em>c&rsquo;est la premi\u00e8re fois qu&rsquo;on se retrouvera tous ensemble en m\u00eame temps avec Sam et Renaud et si j&rsquo;arrive \u00e0 remporter la comp\u00e9tition et que je me retrouve seul face aux barres de mon choix on verra bien<\/em>.\u00a0\u00bb<\/p>\n<p>En tout cas, ses adversaires sont pr\u00eats \u00e0 donner le meilleur d&rsquo;eux-m\u00eames comme l&rsquo;ont soulign\u00e9 Kendricks et Nilsen :<br \/>\n\u00ab\u00a0<em>Apr\u00e8s ma victoire en Pologne \u00e0 Chorzow, j&rsquo;ai eu 5 jours de repos en Suisse. Les conditions sont bonnes et je veux r\u00e9ussir ma meilleure performance de la saison<\/em>.\u00a0\u00bb<\/p>\n<p>Et Nilsen d&rsquo;ajouter :<br \/>\n\u00ab\u00a0<em>Comme l&rsquo;a dit Sam tout \u00e0 l&rsquo;heure, les conditions sont r\u00e9unies pour de belles performances. Je suis en forme et je suis impatient de concourir pour ma premi\u00e8re comp\u00e9tition en ext\u00e9rieur de l&rsquo;ann\u00e9e.\u00a0\u00bb<\/em><\/p>\n<p><strong><em>Arlette<br \/>\n<a href=\"https:\/\/twitter.com\/Shiclette94\" target=\"_blank\" rel=\"noopener noreferrer\"><img loading=\"lazy\" decoding=\"async\" class=\"alignnone wp-image-2908\" src=\"http:\/\/dicodusport.fr\/blog\/wp-content\/uploads\/2017\/07\/logo-twitter-150x150.png\" alt=\"\" width=\"39\" height=\"39\" \/><\/a><\/em><\/strong><\/p>\n","protected":false},"excerpt":{"rendered":"<p>COVID-19 oblige, la seconde \u00e9tape suisse de la Diamond League se d\u00e9roulera sous la forme d&rsquo;un \u00ab\u00a0City Event\u00a0\u00bb au cours duquel s&rsquo;affronteront les meilleurs sauteuses et sauteurs \u00e0 la perche.<\/p>\n","protected":false},"author":12,"featured_media":76399,"comment_status":"open","ping_status":"closed","sticky":false,"template":"","format":"standard","meta":{"_acf_changed":false,"_daextam_enable_autolinks":"","footnotes":""},"categories":[2308],"tags":[5220,143,4643,1036,3054,1426],"class_list":["post-76356","post","type-post","status-publish","format-standard","has-post-thumbnail","hentry","category-athletisme","tag-armand-duplantis","tag-athletisme","tag-diamond-league","tag-renaud-lavillenie","tag-sam-kendricks","tag-saut-a-la-perche"],"acf":[],"yoast_head":"<!-- This site is optimized with the Yoast SEO Premium plugin v26.7 (Yoast SEO v26.7) - https:\/\/yoast.com\/wordpress\/plugins\/seo\/ -->\n<title>Diamond League : Le plateau du City Event de Lausanne<\/title>\n<meta name=\"description\" content=\"COVID-19 oblige, la seconde \u00e9tape suisse de la Diamond League se d\u00e9roulera sous la forme d&#039;un &quot;City Event&quot;. Les engag\u00e9s pour la comp\u00e9tition.\" \/>\n<meta name=\"robots\" content=\"index, follow, max-snippet:-1, max-image-preview:large, max-video-preview:-1\" \/>\n<link rel=\"canonical\" href=\"https:\/\/dicodusport.fr\/blog\/diamond-league-plateau-du-city-event-de-lausanne\/\" \/>\n<meta property=\"og:locale\" content=\"fr_FR\" \/>\n<meta property=\"og:type\" content=\"article\" \/>\n<meta property=\"og:title\" content=\"Diamond League : Les engag\u00e9s du City Event de Lausanne\" \/>\n<meta property=\"og:description\" content=\"COVID-19 oblige, la seconde \u00e9tape suisse de la Diamond League se d\u00e9roulera sous la forme d&#039;un &quot;City Event&quot;. Les engag\u00e9s pour la comp\u00e9tition.\" \/>\n<meta property=\"og:url\" content=\"https:\/\/dicodusport.fr\/blog\/diamond-league-plateau-du-city-event-de-lausanne\/\" \/>\n<meta property=\"og:site_name\" content=\"Dicodusport\" \/>\n<meta property=\"article:publisher\" content=\"https:\/\/www.facebook.com\/dicodusport\" \/>\n<meta property=\"article:published_time\" content=\"2020-09-01T11:15:12+00:00\" \/>\n<meta property=\"article:modified_time\" content=\"2020-09-01T11:29:22+00:00\" \/>\n<meta property=\"og:image\" content=\"https:\/\/dicodusport.fr\/blog\/wp-content\/uploads\/2020\/09\/Diamond-League-Le-plateau-du-City-Event-de-Lausanne.png\" \/>\n\t<meta property=\"og:image:width\" content=\"800\" \/>\n\t<meta property=\"og:image:height\" content=\"445\" \/>\n\t<meta property=\"og:image:type\" content=\"image\/png\" \/>\n<meta name=\"author\" content=\"Arlette Yeye\" \/>\n<meta name=\"twitter:card\" content=\"summary_large_image\" \/>\n<meta name=\"twitter:title\" content=\"Diamond League : Les engag\u00e9s du City Event de Lausanne\" \/>\n<meta name=\"twitter:creator\" content=\"@https:\/\/twitter.com\/Shiclette94\" \/>\n<meta name=\"twitter:site\" content=\"@dicodusport\" \/>\n<script type=\"application\/ld+json\" class=\"yoast-schema-graph\">{\"@context\":\"https:\/\/schema.org\",\"@graph\":[{\"@type\":\"NewsArticle\",\"@id\":\"https:\/\/dicodusport.fr\/blog\/diamond-league-plateau-du-city-event-de-lausanne\/#article\",\"isPartOf\":{\"@id\":\"https:\/\/dicodusport.fr\/blog\/diamond-league-plateau-du-city-event-de-lausanne\/\"},\"author\":{\"name\":\"Arlette Yeye\",\"@id\":\"https:\/\/dicodusport.fr\/blog\/#\/schema\/person\/cce96fa88785bd8573e3d43078ac8c79\"},\"headline\":\"Diamond League : Le plateau du City Event de Lausanne\",\"datePublished\":\"2020-09-01T11:15:12+00:00\",\"dateModified\":\"2020-09-01T11:29:22+00:00\",\"mainEntityOfPage\":{\"@id\":\"https:\/\/dicodusport.fr\/blog\/diamond-league-plateau-du-city-event-de-lausanne\/\"},\"wordCount\":457,\"commentCount\":0,\"publisher\":{\"@id\":\"https:\/\/dicodusport.fr\/blog\/#organization\"},\"image\":{\"@id\":\"https:\/\/dicodusport.fr\/blog\/diamond-league-plateau-du-city-event-de-lausanne\/#primaryimage\"},\"thumbnailUrl\":\"https:\/\/dicodusport.fr\/blog\/wp-content\/uploads\/2020\/09\/Diamond-League-Le-plateau-du-City-Event-de-Lausanne.png\",\"keywords\":[\"Armand Duplantis\",\"Athl\u00e9tisme\",\"Diamond League\",\"renaud lavillenie\",\"Sam Kendricks\",\"saut \u00e0 la perche\"],\"articleSection\":[\"Athl\u00e9tisme\"],\"inLanguage\":\"fr-FR\",\"potentialAction\":[{\"@type\":\"CommentAction\",\"name\":\"Comment\",\"target\":[\"https:\/\/dicodusport.fr\/blog\/diamond-league-plateau-du-city-event-de-lausanne\/#respond\"]}],\"copyrightYear\":\"2020\",\"copyrightHolder\":{\"@id\":\"https:\/\/dicodusport.fr\/blog\/#organization\"}},{\"@type\":\"WebPage\",\"@id\":\"https:\/\/dicodusport.fr\/blog\/diamond-league-plateau-du-city-event-de-lausanne\/\",\"url\":\"https:\/\/dicodusport.fr\/blog\/diamond-league-plateau-du-city-event-de-lausanne\/\",\"name\":\"Diamond League : Le plateau du City Event de Lausanne\",\"isPartOf\":{\"@id\":\"https:\/\/dicodusport.fr\/blog\/#website\"},\"primaryImageOfPage\":{\"@id\":\"https:\/\/dicodusport.fr\/blog\/diamond-league-plateau-du-city-event-de-lausanne\/#primaryimage\"},\"image\":{\"@id\":\"https:\/\/dicodusport.fr\/blog\/diamond-league-plateau-du-city-event-de-lausanne\/#primaryimage\"},\"thumbnailUrl\":\"https:\/\/dicodusport.fr\/blog\/wp-content\/uploads\/2020\/09\/Diamond-League-Le-plateau-du-City-Event-de-Lausanne.png\",\"datePublished\":\"2020-09-01T11:15:12+00:00\",\"dateModified\":\"2020-09-01T11:29:22+00:00\",\"description\":\"COVID-19 oblige, la seconde \u00e9tape suisse de la Diamond League se d\u00e9roulera sous la forme d'un \\\"City Event\\\". Les engag\u00e9s pour la comp\u00e9tition.\",\"breadcrumb\":{\"@id\":\"https:\/\/dicodusport.fr\/blog\/diamond-league-plateau-du-city-event-de-lausanne\/#breadcrumb\"},\"inLanguage\":\"fr-FR\",\"potentialAction\":[{\"@type\":\"ReadAction\",\"target\":[\"https:\/\/dicodusport.fr\/blog\/diamond-league-plateau-du-city-event-de-lausanne\/\"]}]},{\"@type\":\"ImageObject\",\"inLanguage\":\"fr-FR\",\"@id\":\"https:\/\/dicodusport.fr\/blog\/diamond-league-plateau-du-city-event-de-lausanne\/#primaryimage\",\"url\":\"https:\/\/dicodusport.fr\/blog\/wp-content\/uploads\/2020\/09\/Diamond-League-Le-plateau-du-City-Event-de-Lausanne.png\",\"contentUrl\":\"https:\/\/dicodusport.fr\/blog\/wp-content\/uploads\/2020\/09\/Diamond-League-Le-plateau-du-City-Event-de-Lausanne.png\",\"width\":800,\"height\":445,\"caption\":\"Diamond League : le calendrier 2021 d\u00e9voil\u00e9\"},{\"@type\":\"BreadcrumbList\",\"@id\":\"https:\/\/dicodusport.fr\/blog\/diamond-league-plateau-du-city-event-de-lausanne\/#breadcrumb\",\"itemListElement\":[{\"@type\":\"ListItem\",\"position\":1,\"name\":\"Accueil\",\"item\":\"https:\/\/dicodusport.fr\/blog\/\"},{\"@type\":\"ListItem\",\"position\":2,\"name\":\"Diamond League : Le plateau du City Event de Lausanne\"}]},{\"@type\":\"WebSite\",\"@id\":\"https:\/\/dicodusport.fr\/blog\/#website\",\"url\":\"https:\/\/dicodusport.fr\/blog\/\",\"name\":\"Dicodusport\",\"description\":\"L&#039;encyclop\u00e9die de l&#039;actualit\u00e9 sportive\",\"publisher\":{\"@id\":\"https:\/\/dicodusport.fr\/blog\/#organization\"},\"potentialAction\":[{\"@type\":\"SearchAction\",\"target\":{\"@type\":\"EntryPoint\",\"urlTemplate\":\"https:\/\/dicodusport.fr\/blog\/?s={search_term_string}\"},\"query-input\":{\"@type\":\"PropertyValueSpecification\",\"valueRequired\":true,\"valueName\":\"search_term_string\"}}],\"inLanguage\":\"fr-FR\"},{\"@type\":\"NewsMediaOrganization\",\"@id\":\"https:\/\/dicodusport.fr\/blog\/#organization\",\"name\":\"Dicodusport\",\"url\":\"https:\/\/dicodusport.fr\/blog\/\",\"logo\":{\"@type\":\"ImageObject\",\"inLanguage\":\"fr-FR\",\"@id\":\"https:\/\/dicodusport.fr\/blog\/#\/schema\/logo\/image\/\",\"url\":\"https:\/\/dicodusport.fr\/blog\/wp-content\/uploads\/2020\/06\/cropped-LOGO-DICODUSPORT-2020-SANS-FOND-SANS-TEXTE.png\",\"contentUrl\":\"https:\/\/dicodusport.fr\/blog\/wp-content\/uploads\/2020\/06\/cropped-LOGO-DICODUSPORT-2020-SANS-FOND-SANS-TEXTE.png\",\"width\":512,\"height\":512,\"caption\":\"Dicodusport\"},\"image\":{\"@id\":\"https:\/\/dicodusport.fr\/blog\/#\/schema\/logo\/image\/\"},\"sameAs\":[\"https:\/\/www.facebook.com\/dicodusport\",\"https:\/\/x.com\/dicodusport\",\"https:\/\/www.instagram.com\/dicodusport\/\",\"https:\/\/www.youtube.com\/channel\/UC7V2KZ5sd3htJivAbA4ZG3w\"],\"description\":\"Dicodusport est l'encyclop\u00e9die de l'actualit\u00e9 sportive.\",\"email\":\"bonjour@dicodusport.fr\",\"legalName\":\"DICODUSPORT\",\"foundingDate\":\"2018-01-14\",\"vatID\":\"FR71834470973\",\"taxID\":\"83447097300043\",\"numberOfEmployees\":{\"@type\":\"QuantitativeValue\",\"minValue\":\"1\",\"maxValue\":\"10\"}},{\"@type\":\"Person\",\"@id\":\"https:\/\/dicodusport.fr\/blog\/#\/schema\/person\/cce96fa88785bd8573e3d43078ac8c79\",\"name\":\"Arlette Yeye\",\"image\":{\"@type\":\"ImageObject\",\"inLanguage\":\"fr-FR\",\"@id\":\"https:\/\/dicodusport.fr\/blog\/#\/schema\/person\/image\/\",\"url\":\"https:\/\/secure.gravatar.com\/avatar\/dca4a6239e6d708e46c45d60e160de6c?s=96&d=wp_user_avatar&r=g\",\"contentUrl\":\"https:\/\/secure.gravatar.com\/avatar\/dca4a6239e6d708e46c45d60e160de6c?s=96&d=wp_user_avatar&r=g\",\"caption\":\"Arlette Yeye\"},\"description\":\"Journaliste\/r\u00e9dactrice depuis septembre 2015 - Supportrice de Chelsea, j'ai pour sports de pr\u00e9dilection le handball, l'athl\u00e9tisme et le tennis. Si je tweete plus vite que mon ombre, vous pouvez aussi me retrouver les week-ends sur les playgrounds de Bruxelles pour un petit foot ou basket entre potes. Parcourir la France, l'Europe et plus si affinit\u00e9s pour suivre mes sportifs pr\u00e9f\u00e9r\u00e9s ? Mon kif ! Et c'est avec plaisir que je partage les r\u00e9sultats des sports populaires mais \u00e9galement plus confidentiels pour Dicodusport.\",\"sameAs\":[\"https:\/\/x.com\/https:\/\/twitter.com\/Shiclette94\"],\"url\":\"https:\/\/dicodusport.fr\/blog\/author\/arlette\/\"}]}<\/script>\n<!-- \/ Yoast SEO Premium plugin. -->","yoast_head_json":{"title":"Diamond League : Le plateau du City Event de Lausanne","description":"COVID-19 oblige, la seconde \u00e9tape suisse de la Diamond League se d\u00e9roulera sous la forme d'un \"City Event\". Les engag\u00e9s pour la comp\u00e9tition.","robots":{"index":"index","follow":"follow","max-snippet":"max-snippet:-1","max-image-preview":"max-image-preview:large","max-video-preview":"max-video-preview:-1"},"canonical":"https:\/\/dicodusport.fr\/blog\/diamond-league-plateau-du-city-event-de-lausanne\/","og_locale":"fr_FR","og_type":"article","og_title":"Diamond League : Les engag\u00e9s du City Event de Lausanne","og_description":"COVID-19 oblige, la seconde \u00e9tape suisse de la Diamond League se d\u00e9roulera sous la forme d'un \"City Event\". Les engag\u00e9s pour la comp\u00e9tition.","og_url":"https:\/\/dicodusport.fr\/blog\/diamond-league-plateau-du-city-event-de-lausanne\/","og_site_name":"Dicodusport","article_publisher":"https:\/\/www.facebook.com\/dicodusport","article_published_time":"2020-09-01T11:15:12+00:00","article_modified_time":"2020-09-01T11:29:22+00:00","og_image":[{"width":800,"height":445,"url":"https:\/\/dicodusport.fr\/blog\/wp-content\/uploads\/2020\/09\/Diamond-League-Le-plateau-du-City-Event-de-Lausanne.png","type":"image\/png"}],"author":"Arlette Yeye","twitter_card":"summary_large_image","twitter_title":"Diamond League : Les engag\u00e9s du City Event de Lausanne","twitter_creator":"@https:\/\/twitter.com\/Shiclette94","twitter_site":"@dicodusport","schema":{"@context":"https:\/\/schema.org","@graph":[{"@type":"NewsArticle","@id":"https:\/\/dicodusport.fr\/blog\/diamond-league-plateau-du-city-event-de-lausanne\/#article","isPartOf":{"@id":"https:\/\/dicodusport.fr\/blog\/diamond-league-plateau-du-city-event-de-lausanne\/"},"author":{"name":"Arlette Yeye","@id":"https:\/\/dicodusport.fr\/blog\/#\/schema\/person\/cce96fa88785bd8573e3d43078ac8c79"},"headline":"Diamond League : Le plateau du City Event de Lausanne","datePublished":"2020-09-01T11:15:12+00:00","dateModified":"2020-09-01T11:29:22+00:00","mainEntityOfPage":{"@id":"https:\/\/dicodusport.fr\/blog\/diamond-league-plateau-du-city-event-de-lausanne\/"},"wordCount":457,"commentCount":0,"publisher":{"@id":"https:\/\/dicodusport.fr\/blog\/#organization"},"image":{"@id":"https:\/\/dicodusport.fr\/blog\/diamond-league-plateau-du-city-event-de-lausanne\/#primaryimage"},"thumbnailUrl":"https:\/\/dicodusport.fr\/blog\/wp-content\/uploads\/2020\/09\/Diamond-League-Le-plateau-du-City-Event-de-Lausanne.png","keywords":["Armand Duplantis","Athl\u00e9tisme","Diamond League","renaud lavillenie","Sam Kendricks","saut \u00e0 la perche"],"articleSection":["Athl\u00e9tisme"],"inLanguage":"fr-FR","potentialAction":[{"@type":"CommentAction","name":"Comment","target":["https:\/\/dicodusport.fr\/blog\/diamond-league-plateau-du-city-event-de-lausanne\/#respond"]}],"copyrightYear":"2020","copyrightHolder":{"@id":"https:\/\/dicodusport.fr\/blog\/#organization"}},{"@type":"WebPage","@id":"https:\/\/dicodusport.fr\/blog\/diamond-league-plateau-du-city-event-de-lausanne\/","url":"https:\/\/dicodusport.fr\/blog\/diamond-league-plateau-du-city-event-de-lausanne\/","name":"Diamond League : Le plateau du City Event de Lausanne","isPartOf":{"@id":"https:\/\/dicodusport.fr\/blog\/#website"},"primaryImageOfPage":{"@id":"https:\/\/dicodusport.fr\/blog\/diamond-league-plateau-du-city-event-de-lausanne\/#primaryimage"},"image":{"@id":"https:\/\/dicodusport.fr\/blog\/diamond-league-plateau-du-city-event-de-lausanne\/#primaryimage"},"thumbnailUrl":"https:\/\/dicodusport.fr\/blog\/wp-content\/uploads\/2020\/09\/Diamond-League-Le-plateau-du-City-Event-de-Lausanne.png","datePublished":"2020-09-01T11:15:12+00:00","dateModified":"2020-09-01T11:29:22+00:00","description":"COVID-19 oblige, la seconde \u00e9tape suisse de la Diamond League se d\u00e9roulera sous la forme d'un \"City Event\". Les engag\u00e9s pour la comp\u00e9tition.","breadcrumb":{"@id":"https:\/\/dicodusport.fr\/blog\/diamond-league-plateau-du-city-event-de-lausanne\/#breadcrumb"},"inLanguage":"fr-FR","potentialAction":[{"@type":"ReadAction","target":["https:\/\/dicodusport.fr\/blog\/diamond-league-plateau-du-city-event-de-lausanne\/"]}]},{"@type":"ImageObject","inLanguage":"fr-FR","@id":"https:\/\/dicodusport.fr\/blog\/diamond-league-plateau-du-city-event-de-lausanne\/#primaryimage","url":"https:\/\/dicodusport.fr\/blog\/wp-content\/uploads\/2020\/09\/Diamond-League-Le-plateau-du-City-Event-de-Lausanne.png","contentUrl":"https:\/\/dicodusport.fr\/blog\/wp-content\/uploads\/2020\/09\/Diamond-League-Le-plateau-du-City-Event-de-Lausanne.png","width":800,"height":445,"caption":"Diamond League : le calendrier 2021 d\u00e9voil\u00e9"},{"@type":"BreadcrumbList","@id":"https:\/\/dicodusport.fr\/blog\/diamond-league-plateau-du-city-event-de-lausanne\/#breadcrumb","itemListElement":[{"@type":"ListItem","position":1,"name":"Accueil","item":"https:\/\/dicodusport.fr\/blog\/"},{"@type":"ListItem","position":2,"name":"Diamond League : Le plateau du City Event de Lausanne"}]},{"@type":"WebSite","@id":"https:\/\/dicodusport.fr\/blog\/#website","url":"https:\/\/dicodusport.fr\/blog\/","name":"Dicodusport","description":"L&#039;encyclop\u00e9die de l&#039;actualit\u00e9 sportive","publisher":{"@id":"https:\/\/dicodusport.fr\/blog\/#organization"},"potentialAction":[{"@type":"SearchAction","target":{"@type":"EntryPoint","urlTemplate":"https:\/\/dicodusport.fr\/blog\/?s={search_term_string}"},"query-input":{"@type":"PropertyValueSpecification","valueRequired":true,"valueName":"search_term_string"}}],"inLanguage":"fr-FR"},{"@type":"NewsMediaOrganization","@id":"https:\/\/dicodusport.fr\/blog\/#organization","name":"Dicodusport","url":"https:\/\/dicodusport.fr\/blog\/","logo":{"@type":"ImageObject","inLanguage":"fr-FR","@id":"https:\/\/dicodusport.fr\/blog\/#\/schema\/logo\/image\/","url":"https:\/\/dicodusport.fr\/blog\/wp-content\/uploads\/2020\/06\/cropped-LOGO-DICODUSPORT-2020-SANS-FOND-SANS-TEXTE.png","contentUrl":"https:\/\/dicodusport.fr\/blog\/wp-content\/uploads\/2020\/06\/cropped-LOGO-DICODUSPORT-2020-SANS-FOND-SANS-TEXTE.png","width":512,"height":512,"caption":"Dicodusport"},"image":{"@id":"https:\/\/dicodusport.fr\/blog\/#\/schema\/logo\/image\/"},"sameAs":["https:\/\/www.facebook.com\/dicodusport","https:\/\/x.com\/dicodusport","https:\/\/www.instagram.com\/dicodusport\/","https:\/\/www.youtube.com\/channel\/UC7V2KZ5sd3htJivAbA4ZG3w"],"description":"Dicodusport est l'encyclop\u00e9die de l'actualit\u00e9 sportive.","email":"bonjour@dicodusport.fr","legalName":"DICODUSPORT","foundingDate":"2018-01-14","vatID":"FR71834470973","taxID":"83447097300043","numberOfEmployees":{"@type":"QuantitativeValue","minValue":"1","maxValue":"10"}},{"@type":"Person","@id":"https:\/\/dicodusport.fr\/blog\/#\/schema\/person\/cce96fa88785bd8573e3d43078ac8c79","name":"Arlette Yeye","image":{"@type":"ImageObject","inLanguage":"fr-FR","@id":"https:\/\/dicodusport.fr\/blog\/#\/schema\/person\/image\/","url":"https:\/\/secure.gravatar.com\/avatar\/dca4a6239e6d708e46c45d60e160de6c?s=96&d=wp_user_avatar&r=g","contentUrl":"https:\/\/secure.gravatar.com\/avatar\/dca4a6239e6d708e46c45d60e160de6c?s=96&d=wp_user_avatar&r=g","caption":"Arlette Yeye"},"description":"Journaliste\/r\u00e9dactrice depuis septembre 2015 - Supportrice de Chelsea, j'ai pour sports de pr\u00e9dilection le handball, l'athl\u00e9tisme et le tennis. Si je tweete plus vite que mon ombre, vous pouvez aussi me retrouver les week-ends sur les playgrounds de Bruxelles pour un petit foot ou basket entre potes. Parcourir la France, l'Europe et plus si affinit\u00e9s pour suivre mes sportifs pr\u00e9f\u00e9r\u00e9s ? Mon kif ! Et c'est avec plaisir que je partage les r\u00e9sultats des sports populaires mais \u00e9galement plus confidentiels pour Dicodusport.","sameAs":["https:\/\/x.com\/https:\/\/twitter.com\/Shiclette94"],"url":"https:\/\/dicodusport.fr\/blog\/author\/arlette\/"}]}},"_links":{"self":[{"href":"https:\/\/dicodusport.fr\/blog\/wp-json\/wp\/v2\/posts\/76356","targetHints":{"allow":["GET"]}}],"collection":[{"href":"https:\/\/dicodusport.fr\/blog\/wp-json\/wp\/v2\/posts"}],"about":[{"href":"https:\/\/dicodusport.fr\/blog\/wp-json\/wp\/v2\/types\/post"}],"author":[{"embeddable":true,"href":"https:\/\/dicodusport.fr\/blog\/wp-json\/wp\/v2\/users\/12"}],"replies":[{"embeddable":true,"href":"https:\/\/dicodusport.fr\/blog\/wp-json\/wp\/v2\/comments?post=76356"}],"version-history":[{"count":0,"href":"https:\/\/dicodusport.fr\/blog\/wp-json\/wp\/v2\/posts\/76356\/revisions"}],"wp:featuredmedia":[{"embeddable":true,"href":"https:\/\/dicodusport.fr\/blog\/wp-json\/wp\/v2\/media\/76399"}],"wp:attachment":[{"href":"https:\/\/dicodusport.fr\/blog\/wp-json\/wp\/v2\/media?parent=76356"}],"wp:term":[{"taxonomy":"category","embeddable":true,"href":"https:\/\/dicodusport.fr\/blog\/wp-json\/wp\/v2\/categories?post=76356"},{"taxonomy":"post_tag","embeddable":true,"href":"https:\/\/dicodusport.fr\/blog\/wp-json\/wp\/v2\/tags?post=76356"}],"curies":[{"name":"wp","href":"https:\/\/api.w.org\/{rel}","templated":true}]}}