{"id":76371,"date":"2020-09-01T11:22:44","date_gmt":"2020-09-01T09:22:44","guid":{"rendered":"http:\/\/dicodusport.fr\/blog\/?p=76371&#038;preview=true&#038;preview_id=76371"},"modified":"2020-09-01T11:28:19","modified_gmt":"2020-09-01T09:28:19","slug":"tour-de-france-2020-sergio-higuita-c-est-quoi-le-plan","status":"publish","type":"post","link":"https:\/\/dicodusport.fr\/blog\/tour-de-france-2020-sergio-higuita-c-est-quoi-le-plan\/","title":{"rendered":"Tour de France 2020 : Sergio Higuita, c&rsquo;est quoi le plan ?"},"content":{"rendered":"<p style=\"text-align: justify;\"><em><b><a href=\"https:\/\/dicodusport.fr\/blog\/actualites\/cyclisme\/tour-de-france-2020\/\" target=\"_blank\" rel=\"noopener noreferrer\">TOUR DE FRANCE 2020<\/a> &#8211; \u00c0 seulement 23 ans, Sergio Higuita d\u00e9couvre le Tour de France dans une \u00e9quipe EF Pro Cycling \u00e0 trois t\u00eates. Mais avec quels objectifs ?<\/b><\/em><\/p>\n<p style=\"text-align: justify;\">Des trois t\u00eates d&rsquo;affiche de la formation am\u00e9ricaine, il n&rsquo;en reste d\u00e9j\u00e0 plus que deux dans la course au g\u00e9n\u00e9ral, apr\u00e8s la chute de <strong>Daniel Martinez<\/strong> sur la deuxi\u00e8me \u00e9tape, et la perte de plus de trois minutes du vainqueur du Dauphin\u00e9. Apr\u00e8s sa victoire sur le Dauphin\u00e9, il semblait pourtant le mieux arm\u00e9 pour se faire une place au g\u00e9n\u00e9ral dans cette \u00e9quipe. En revanche, <strong>Rigoberto Uran<\/strong>, deuxi\u00e8me en 2017 et la p\u00e9pite <a href=\"https:\/\/www.procyclingstats.com\/rider\/sergio-higuita\" target=\"_blank\" rel=\"noopener noreferrer\"><strong>Sergio Higuita<\/strong><\/a> sont toujours en course.<\/p>\n<p style=\"text-align: justify;\">Pour le moment, l&rsquo;\u00e9quipe am\u00e9ricaine n&rsquo;a pas communiqu\u00e9 ses intentions sur le leader principal, m\u00eame s&rsquo;il est d\u00e9j\u00e0 possible d&rsquo;\u00e9liminer <strong>Daniel Martinez<\/strong>, d\u00e9j\u00e0 trop loin au g\u00e9n\u00e9ral pour esp\u00e9rer un podium. Pour <strong>Sergio Higuita<\/strong>, il s&rsquo;agit de son deuxi\u00e8me Grand Tour apr\u00e8s la Vuelta l&rsquo;ann\u00e9e pass\u00e9e qu&rsquo;il a termin\u00e9e \u00e0 la 14\u00e8me position, avec en prime une victoire d&rsquo;\u00e9tape. M\u00eame si ce <strong>Tour de France 2020<\/strong> doit \u00eatre une d\u00e9couverte, un autre Colombien, <strong>Egan Bernal<\/strong>, a r\u00e9cemment prouv\u00e9 qu&rsquo;il \u00e9tait possible de briller d\u00e8s sa deuxi\u00e8me course de trois semaines, puisqu&rsquo;il a remport\u00e9 la Grande Boucle en 2019.<\/p>\n<div id=\"attachment_75618\" style=\"width: 810px\" class=\"wp-caption aligncenter\"><a href=\"http:\/\/dicodusport.fr\/blog\/wp-content\/uploads\/2020\/08\/Sergio-Higuita.png\"><img loading=\"lazy\" decoding=\"async\" aria-describedby=\"caption-attachment-75618\" class=\"wp-image-75618 size-full\" src=\"http:\/\/dicodusport.fr\/blog\/wp-content\/uploads\/2020\/08\/Sergio-Higuita.png\" alt=\"Sergio Higuita\" width=\"800\" height=\"445\" srcset=\"https:\/\/dicodusport.fr\/blog\/wp-content\/uploads\/2020\/08\/Sergio-Higuita.png 800w, https:\/\/dicodusport.fr\/blog\/wp-content\/uploads\/2020\/08\/Sergio-Higuita-300x167.png 300w, https:\/\/dicodusport.fr\/blog\/wp-content\/uploads\/2020\/08\/Sergio-Higuita-768x427.png 768w\" sizes=\"auto, (max-width: 800px) 100vw, 800px\" \/><\/a><p id=\"caption-attachment-75618\" class=\"wp-caption-text\">Sergio Higuita &#8211; EFE<\/p><\/div>\n<h2 style=\"text-align: justify;\">Une strat\u00e9gie \u00e9volutive ?<\/h2>\n<p style=\"text-align: justify;\">Alors qu&rsquo;on attendait <strong>Sergio Higuita<\/strong> sur le Dauphin\u00e9, une lourde chute sur la deuxi\u00e8me \u00e9tape, au pied du Col de Porte, a hypoth\u00e9qu\u00e9 toutes ses chances de bien figurer en montagne par la suite. Arriv\u00e9 sur ce Tour sans rep\u00e8res, il est pass\u00e9 \u00e0 travers les gouttes des nombreuses chutes jusqu&rsquo;ici. Il a m\u00eame jou\u00e9 plac\u00e9 sur les deux premi\u00e8res \u00e9tapes (16\u00e8me et 5\u00e8me), lui permettant de pointer \u00e0 la huiti\u00e8me place du <a href=\"https:\/\/dicodusport.fr\/blog\/tour-de-france-2020-le-classement-general-maillot-jaune\/\" target=\"_blank\" rel=\"noopener noreferrer\">classement g\u00e9n\u00e9ral<\/a> avant la 4\u00e8me \u00e9tape.<\/p>\n<p style=\"text-align: justify;\">Impressionnant sur Paris-Nice avant la crise sanitaire, le profil qui m\u00e8ne \u00e0 Orci\u00e8res-Merlette va comme un gant \u00e0 ses qualit\u00e9s de grimpeur-puncheur. <strong>Sergio Higuita<\/strong> peut jouer les premiers r\u00f4les dans la mont\u00e9e finale, si sa forme le lui permet. Car avec ce Dauphin\u00e9 tronqu\u00e9, c&rsquo;est la grosse interrogation \u00e0 son sujet. La deuxi\u00e8me question \u00e0 se poser est la suivante : va-t-il devoir \u00e9pauler <strong>Rigoberto Uran<\/strong>, ou pourra-t-il jouer sa carte personnelle ?<\/p>\n<p style=\"text-align: justify;\">Si une victoire d&rsquo;\u00e9tape semble tout \u00e0 fait dans ses cordes, le classement g\u00e9n\u00e9ral sera plus dur \u00e0 jouer pour le petit grimpeur colombien. Mais il pourrait d\u00e9cider de se tester face aux leaders dans un premier temps, et adapter sa strat\u00e9gie ensuite. S&rsquo;il n&rsquo;est pas capable de suivre les meilleurs \u00e0 la p\u00e9dale dans les arriv\u00e9es en altitude, se rabattre sur le maillot \u00e0 pois reste envisageable. Premiers \u00e9l\u00e9ments de r\u00e9ponse attendus ce mardi.<\/p>\n<p><strong><em>Dicodusport<br \/>\n<a href=\"https:\/\/www.facebook.com\/dicodusport\/\" target=\"_blank\" rel=\"noopener noreferrer\"><img loading=\"lazy\" decoding=\"async\" class=\"alignnone wp-image-2909\" src=\"http:\/\/dicodusport.fr\/blog\/wp-content\/uploads\/2017\/07\/logo-facebook-150x150.png\" alt=\"\" width=\"40\" height=\"40\" \/><\/a><a href=\"https:\/\/twitter.com\/dicodusport\" target=\"_blank\" rel=\"noopener noreferrer\"><img loading=\"lazy\" decoding=\"async\" class=\"alignnone wp-image-2908\" src=\"http:\/\/dicodusport.fr\/blog\/wp-content\/uploads\/2017\/07\/logo-twitter-150x150.png\" alt=\"\" width=\"39\" height=\"39\" \/><\/a><\/em><\/strong><\/p>\n","protected":false},"excerpt":{"rendered":"<p>TOUR DE FRANCE 2020 &#8211; \u00c0 seulement 23 ans, Sergio Higuita d\u00e9couvre le Tour de France dans une \u00e9quipe EF Pro Cycling \u00e0 trois t\u00eates. Mais avec quels objectifs ?<\/p>\n","protected":false},"author":1,"featured_media":76389,"comment_status":"open","ping_status":"closed","sticky":false,"template":"","format":"standard","meta":{"_acf_changed":false,"_daextam_enable_autolinks":"","footnotes":""},"categories":[46995],"tags":[24],"class_list":["post-76371","post","type-post","status-publish","format-standard","has-post-thumbnail","hentry","category-tour-de-france","tag-sport"],"acf":[],"yoast_head":"<!-- This site is optimized with the Yoast SEO Premium plugin v26.7 (Yoast SEO v26.7) - https:\/\/yoast.com\/wordpress\/plugins\/seo\/ -->\n<title>Tour de France 2020 : Sergio Higuita, c&#039;est quoi le plan ?<\/title>\n<meta name=\"description\" content=\"TOUR DE FRANCE 2020 - \u00c0 23 ans, Sergio Higuita d\u00e9couvre le Tour dans une \u00e9quipe EF Pro Cycling \u00e0 3 t\u00eates. Mais avec quels objectifs ?\" \/>\n<meta name=\"robots\" content=\"index, follow, max-snippet:-1, max-image-preview:large, max-video-preview:-1\" \/>\n<link rel=\"canonical\" href=\"https:\/\/dicodusport.fr\/blog\/tour-de-france-2020-sergio-higuita-c-est-quoi-le-plan\/\" \/>\n<meta property=\"og:locale\" content=\"fr_FR\" \/>\n<meta property=\"og:type\" content=\"article\" \/>\n<meta property=\"og:title\" content=\"Tour de France 2020 : Sergio Higuita, c&#039;est quoi le plan ?\" \/>\n<meta property=\"og:description\" content=\"TOUR DE FRANCE 2020 - \u00c0 23 ans, Sergio Higuita d\u00e9couvre le Tour dans une \u00e9quipe EF Pro Cycling \u00e0 3 t\u00eates. Mais avec quels objectifs ?\" \/>\n<meta property=\"og:url\" content=\"https:\/\/dicodusport.fr\/blog\/tour-de-france-2020-sergio-higuita-c-est-quoi-le-plan\/\" \/>\n<meta property=\"og:site_name\" content=\"Dicodusport\" \/>\n<meta property=\"article:publisher\" content=\"https:\/\/www.facebook.com\/dicodusport\" \/>\n<meta property=\"article:author\" content=\"https:\/\/www.facebook.com\/dicodusport\" \/>\n<meta property=\"article:published_time\" content=\"2020-09-01T09:22:44+00:00\" \/>\n<meta property=\"article:modified_time\" content=\"2020-09-01T09:28:19+00:00\" \/>\n<meta property=\"og:image\" content=\"https:\/\/dicodusport.fr\/blog\/wp-content\/uploads\/2020\/09\/Tour-de-France-2020-Sergio-Higuita-cest-quoi-le-plan.png\" \/>\n\t<meta property=\"og:image:width\" content=\"800\" \/>\n\t<meta property=\"og:image:height\" content=\"445\" \/>\n\t<meta property=\"og:image:type\" content=\"image\/png\" \/>\n<meta name=\"author\" content=\"Nicolas Jacquemard\" \/>\n<meta name=\"twitter:card\" content=\"summary_large_image\" \/>\n<meta name=\"twitter:title\" content=\"Tour de France 2020 : Sergio Higuita, c&#039;est quoi le plan ?\" \/>\n<meta name=\"twitter:creator\" content=\"@https:\/\/twitter.com\/Nico_Jacquemard\" \/>\n<meta name=\"twitter:site\" content=\"@dicodusport\" \/>\n<script type=\"application\/ld+json\" class=\"yoast-schema-graph\">{\"@context\":\"https:\/\/schema.org\",\"@graph\":[{\"@type\":\"NewsArticle\",\"@id\":\"https:\/\/dicodusport.fr\/blog\/tour-de-france-2020-sergio-higuita-c-est-quoi-le-plan\/#article\",\"isPartOf\":{\"@id\":\"https:\/\/dicodusport.fr\/blog\/tour-de-france-2020-sergio-higuita-c-est-quoi-le-plan\/\"},\"author\":{\"name\":\"Nicolas Jacquemard\",\"@id\":\"https:\/\/dicodusport.fr\/blog\/#\/schema\/person\/55dcb50ad410894e431ed812bbb70191\"},\"headline\":\"Tour de France 2020 : Sergio Higuita, c&rsquo;est quoi le plan ?\",\"datePublished\":\"2020-09-01T09:22:44+00:00\",\"dateModified\":\"2020-09-01T09:28:19+00:00\",\"mainEntityOfPage\":{\"@id\":\"https:\/\/dicodusport.fr\/blog\/tour-de-france-2020-sergio-higuita-c-est-quoi-le-plan\/\"},\"wordCount\":511,\"commentCount\":0,\"publisher\":{\"@id\":\"https:\/\/dicodusport.fr\/blog\/#organization\"},\"image\":{\"@id\":\"https:\/\/dicodusport.fr\/blog\/tour-de-france-2020-sergio-higuita-c-est-quoi-le-plan\/#primaryimage\"},\"thumbnailUrl\":\"https:\/\/dicodusport.fr\/blog\/wp-content\/uploads\/2020\/09\/Tour-de-France-2020-Sergio-Higuita-cest-quoi-le-plan.png\",\"keywords\":[\"sport\"],\"articleSection\":[\"Tour de France\"],\"inLanguage\":\"fr-FR\",\"potentialAction\":[{\"@type\":\"CommentAction\",\"name\":\"Comment\",\"target\":[\"https:\/\/dicodusport.fr\/blog\/tour-de-france-2020-sergio-higuita-c-est-quoi-le-plan\/#respond\"]}],\"copyrightYear\":\"2020\",\"copyrightHolder\":{\"@id\":\"https:\/\/dicodusport.fr\/blog\/#organization\"}},{\"@type\":\"WebPage\",\"@id\":\"https:\/\/dicodusport.fr\/blog\/tour-de-france-2020-sergio-higuita-c-est-quoi-le-plan\/\",\"url\":\"https:\/\/dicodusport.fr\/blog\/tour-de-france-2020-sergio-higuita-c-est-quoi-le-plan\/\",\"name\":\"Tour de France 2020 : Sergio Higuita, c'est quoi le plan ?\",\"isPartOf\":{\"@id\":\"https:\/\/dicodusport.fr\/blog\/#website\"},\"primaryImageOfPage\":{\"@id\":\"https:\/\/dicodusport.fr\/blog\/tour-de-france-2020-sergio-higuita-c-est-quoi-le-plan\/#primaryimage\"},\"image\":{\"@id\":\"https:\/\/dicodusport.fr\/blog\/tour-de-france-2020-sergio-higuita-c-est-quoi-le-plan\/#primaryimage\"},\"thumbnailUrl\":\"https:\/\/dicodusport.fr\/blog\/wp-content\/uploads\/2020\/09\/Tour-de-France-2020-Sergio-Higuita-cest-quoi-le-plan.png\",\"datePublished\":\"2020-09-01T09:22:44+00:00\",\"dateModified\":\"2020-09-01T09:28:19+00:00\",\"description\":\"TOUR DE FRANCE 2020 - \u00c0 23 ans, Sergio Higuita d\u00e9couvre le Tour dans une \u00e9quipe EF Pro Cycling \u00e0 3 t\u00eates. Mais avec quels objectifs ?\",\"breadcrumb\":{\"@id\":\"https:\/\/dicodusport.fr\/blog\/tour-de-france-2020-sergio-higuita-c-est-quoi-le-plan\/#breadcrumb\"},\"inLanguage\":\"fr-FR\",\"potentialAction\":[{\"@type\":\"ReadAction\",\"target\":[\"https:\/\/dicodusport.fr\/blog\/tour-de-france-2020-sergio-higuita-c-est-quoi-le-plan\/\"]}]},{\"@type\":\"ImageObject\",\"inLanguage\":\"fr-FR\",\"@id\":\"https:\/\/dicodusport.fr\/blog\/tour-de-france-2020-sergio-higuita-c-est-quoi-le-plan\/#primaryimage\",\"url\":\"https:\/\/dicodusport.fr\/blog\/wp-content\/uploads\/2020\/09\/Tour-de-France-2020-Sergio-Higuita-cest-quoi-le-plan.png\",\"contentUrl\":\"https:\/\/dicodusport.fr\/blog\/wp-content\/uploads\/2020\/09\/Tour-de-France-2020-Sergio-Higuita-cest-quoi-le-plan.png\",\"width\":800,\"height\":445,\"caption\":\"Tour de France 2020 : Sergio Higuita, c'est quoi le plan ?\"},{\"@type\":\"BreadcrumbList\",\"@id\":\"https:\/\/dicodusport.fr\/blog\/tour-de-france-2020-sergio-higuita-c-est-quoi-le-plan\/#breadcrumb\",\"itemListElement\":[{\"@type\":\"ListItem\",\"position\":1,\"name\":\"Accueil\",\"item\":\"https:\/\/dicodusport.fr\/blog\/\"},{\"@type\":\"ListItem\",\"position\":2,\"name\":\"Tour de France 2020 : Sergio Higuita, c&rsquo;est quoi le plan ?\"}]},{\"@type\":\"WebSite\",\"@id\":\"https:\/\/dicodusport.fr\/blog\/#website\",\"url\":\"https:\/\/dicodusport.fr\/blog\/\",\"name\":\"Dicodusport\",\"description\":\"L&#039;encyclop\u00e9die de l&#039;actualit\u00e9 sportive\",\"publisher\":{\"@id\":\"https:\/\/dicodusport.fr\/blog\/#organization\"},\"potentialAction\":[{\"@type\":\"SearchAction\",\"target\":{\"@type\":\"EntryPoint\",\"urlTemplate\":\"https:\/\/dicodusport.fr\/blog\/?s={search_term_string}\"},\"query-input\":{\"@type\":\"PropertyValueSpecification\",\"valueRequired\":true,\"valueName\":\"search_term_string\"}}],\"inLanguage\":\"fr-FR\"},{\"@type\":\"NewsMediaOrganization\",\"@id\":\"https:\/\/dicodusport.fr\/blog\/#organization\",\"name\":\"Dicodusport\",\"url\":\"https:\/\/dicodusport.fr\/blog\/\",\"logo\":{\"@type\":\"ImageObject\",\"inLanguage\":\"fr-FR\",\"@id\":\"https:\/\/dicodusport.fr\/blog\/#\/schema\/logo\/image\/\",\"url\":\"https:\/\/dicodusport.fr\/blog\/wp-content\/uploads\/2020\/06\/cropped-LOGO-DICODUSPORT-2020-SANS-FOND-SANS-TEXTE.png\",\"contentUrl\":\"https:\/\/dicodusport.fr\/blog\/wp-content\/uploads\/2020\/06\/cropped-LOGO-DICODUSPORT-2020-SANS-FOND-SANS-TEXTE.png\",\"width\":512,\"height\":512,\"caption\":\"Dicodusport\"},\"image\":{\"@id\":\"https:\/\/dicodusport.fr\/blog\/#\/schema\/logo\/image\/\"},\"sameAs\":[\"https:\/\/www.facebook.com\/dicodusport\",\"https:\/\/x.com\/dicodusport\",\"https:\/\/www.instagram.com\/dicodusport\/\",\"https:\/\/www.youtube.com\/channel\/UC7V2KZ5sd3htJivAbA4ZG3w\"],\"description\":\"Dicodusport est l'encyclop\u00e9die de l'actualit\u00e9 sportive.\",\"email\":\"bonjour@dicodusport.fr\",\"legalName\":\"DICODUSPORT\",\"foundingDate\":\"2018-01-14\",\"vatID\":\"FR71834470973\",\"taxID\":\"83447097300043\",\"numberOfEmployees\":{\"@type\":\"QuantitativeValue\",\"minValue\":\"1\",\"maxValue\":\"10\"}},{\"@type\":\"Person\",\"@id\":\"https:\/\/dicodusport.fr\/blog\/#\/schema\/person\/55dcb50ad410894e431ed812bbb70191\",\"name\":\"Nicolas Jacquemard\",\"image\":{\"@type\":\"ImageObject\",\"inLanguage\":\"fr-FR\",\"@id\":\"https:\/\/dicodusport.fr\/blog\/#\/schema\/person\/image\/\",\"url\":\"https:\/\/dicodusport.fr\/blog\/wp-content\/uploads\/2021\/05\/Nicolas-Jacquemard-150x150.jpeg\",\"contentUrl\":\"https:\/\/dicodusport.fr\/blog\/wp-content\/uploads\/2021\/05\/Nicolas-Jacquemard-150x150.jpeg\",\"caption\":\"Nicolas Jacquemard\"},\"description\":\"Passionn\u00e9 de sport et entrepreneur depuis mes 18 ans, la cr\u00e9ation de Dicodusport m'a sembl\u00e9 \u00e9vidente pour participer \u00e0 la m\u00e9diatisation d'un plus grand nombre de sports. Le chemin est long mais avec une \u00e9quipe des plus motiv\u00e9es et les Jeux Olympiques de Paris 2024 en point de mire, nous y arriverons ! Journaliste dans le monde du sport depuis plus de 5 ans, je traite aussi bien de football, de rugby, de biathlon que de cyclisme.\",\"sameAs\":[\"https:\/\/www.facebook.com\/dicodusport\",\"https:\/\/x.com\/https:\/\/twitter.com\/Nico_Jacquemard\"],\"url\":\"https:\/\/dicodusport.fr\/blog\/author\/dicodusport\/\"}]}<\/script>\n<!-- \/ Yoast SEO Premium plugin. -->","yoast_head_json":{"title":"Tour de France 2020 : Sergio Higuita, c'est quoi le plan ?","description":"TOUR DE FRANCE 2020 - \u00c0 23 ans, Sergio Higuita d\u00e9couvre le Tour dans une \u00e9quipe EF Pro Cycling \u00e0 3 t\u00eates. Mais avec quels objectifs ?","robots":{"index":"index","follow":"follow","max-snippet":"max-snippet:-1","max-image-preview":"max-image-preview:large","max-video-preview":"max-video-preview:-1"},"canonical":"https:\/\/dicodusport.fr\/blog\/tour-de-france-2020-sergio-higuita-c-est-quoi-le-plan\/","og_locale":"fr_FR","og_type":"article","og_title":"Tour de France 2020 : Sergio Higuita, c'est quoi le plan ?","og_description":"TOUR DE FRANCE 2020 - \u00c0 23 ans, Sergio Higuita d\u00e9couvre le Tour dans une \u00e9quipe EF Pro Cycling \u00e0 3 t\u00eates. Mais avec quels objectifs ?","og_url":"https:\/\/dicodusport.fr\/blog\/tour-de-france-2020-sergio-higuita-c-est-quoi-le-plan\/","og_site_name":"Dicodusport","article_publisher":"https:\/\/www.facebook.com\/dicodusport","article_author":"https:\/\/www.facebook.com\/dicodusport","article_published_time":"2020-09-01T09:22:44+00:00","article_modified_time":"2020-09-01T09:28:19+00:00","og_image":[{"width":800,"height":445,"url":"https:\/\/dicodusport.fr\/blog\/wp-content\/uploads\/2020\/09\/Tour-de-France-2020-Sergio-Higuita-cest-quoi-le-plan.png","type":"image\/png"}],"author":"Nicolas Jacquemard","twitter_card":"summary_large_image","twitter_title":"Tour de France 2020 : Sergio Higuita, c'est quoi le plan ?","twitter_creator":"@https:\/\/twitter.com\/Nico_Jacquemard","twitter_site":"@dicodusport","schema":{"@context":"https:\/\/schema.org","@graph":[{"@type":"NewsArticle","@id":"https:\/\/dicodusport.fr\/blog\/tour-de-france-2020-sergio-higuita-c-est-quoi-le-plan\/#article","isPartOf":{"@id":"https:\/\/dicodusport.fr\/blog\/tour-de-france-2020-sergio-higuita-c-est-quoi-le-plan\/"},"author":{"name":"Nicolas Jacquemard","@id":"https:\/\/dicodusport.fr\/blog\/#\/schema\/person\/55dcb50ad410894e431ed812bbb70191"},"headline":"Tour de France 2020 : Sergio Higuita, c&rsquo;est quoi le plan ?","datePublished":"2020-09-01T09:22:44+00:00","dateModified":"2020-09-01T09:28:19+00:00","mainEntityOfPage":{"@id":"https:\/\/dicodusport.fr\/blog\/tour-de-france-2020-sergio-higuita-c-est-quoi-le-plan\/"},"wordCount":511,"commentCount":0,"publisher":{"@id":"https:\/\/dicodusport.fr\/blog\/#organization"},"image":{"@id":"https:\/\/dicodusport.fr\/blog\/tour-de-france-2020-sergio-higuita-c-est-quoi-le-plan\/#primaryimage"},"thumbnailUrl":"https:\/\/dicodusport.fr\/blog\/wp-content\/uploads\/2020\/09\/Tour-de-France-2020-Sergio-Higuita-cest-quoi-le-plan.png","keywords":["sport"],"articleSection":["Tour de France"],"inLanguage":"fr-FR","potentialAction":[{"@type":"CommentAction","name":"Comment","target":["https:\/\/dicodusport.fr\/blog\/tour-de-france-2020-sergio-higuita-c-est-quoi-le-plan\/#respond"]}],"copyrightYear":"2020","copyrightHolder":{"@id":"https:\/\/dicodusport.fr\/blog\/#organization"}},{"@type":"WebPage","@id":"https:\/\/dicodusport.fr\/blog\/tour-de-france-2020-sergio-higuita-c-est-quoi-le-plan\/","url":"https:\/\/dicodusport.fr\/blog\/tour-de-france-2020-sergio-higuita-c-est-quoi-le-plan\/","name":"Tour de France 2020 : Sergio Higuita, c'est quoi le plan ?","isPartOf":{"@id":"https:\/\/dicodusport.fr\/blog\/#website"},"primaryImageOfPage":{"@id":"https:\/\/dicodusport.fr\/blog\/tour-de-france-2020-sergio-higuita-c-est-quoi-le-plan\/#primaryimage"},"image":{"@id":"https:\/\/dicodusport.fr\/blog\/tour-de-france-2020-sergio-higuita-c-est-quoi-le-plan\/#primaryimage"},"thumbnailUrl":"https:\/\/dicodusport.fr\/blog\/wp-content\/uploads\/2020\/09\/Tour-de-France-2020-Sergio-Higuita-cest-quoi-le-plan.png","datePublished":"2020-09-01T09:22:44+00:00","dateModified":"2020-09-01T09:28:19+00:00","description":"TOUR DE FRANCE 2020 - \u00c0 23 ans, Sergio Higuita d\u00e9couvre le Tour dans une \u00e9quipe EF Pro Cycling \u00e0 3 t\u00eates. Mais avec quels objectifs ?","breadcrumb":{"@id":"https:\/\/dicodusport.fr\/blog\/tour-de-france-2020-sergio-higuita-c-est-quoi-le-plan\/#breadcrumb"},"inLanguage":"fr-FR","potentialAction":[{"@type":"ReadAction","target":["https:\/\/dicodusport.fr\/blog\/tour-de-france-2020-sergio-higuita-c-est-quoi-le-plan\/"]}]},{"@type":"ImageObject","inLanguage":"fr-FR","@id":"https:\/\/dicodusport.fr\/blog\/tour-de-france-2020-sergio-higuita-c-est-quoi-le-plan\/#primaryimage","url":"https:\/\/dicodusport.fr\/blog\/wp-content\/uploads\/2020\/09\/Tour-de-France-2020-Sergio-Higuita-cest-quoi-le-plan.png","contentUrl":"https:\/\/dicodusport.fr\/blog\/wp-content\/uploads\/2020\/09\/Tour-de-France-2020-Sergio-Higuita-cest-quoi-le-plan.png","width":800,"height":445,"caption":"Tour de France 2020 : Sergio Higuita, c'est quoi le plan ?"},{"@type":"BreadcrumbList","@id":"https:\/\/dicodusport.fr\/blog\/tour-de-france-2020-sergio-higuita-c-est-quoi-le-plan\/#breadcrumb","itemListElement":[{"@type":"ListItem","position":1,"name":"Accueil","item":"https:\/\/dicodusport.fr\/blog\/"},{"@type":"ListItem","position":2,"name":"Tour de France 2020 : Sergio Higuita, c&rsquo;est quoi le plan ?"}]},{"@type":"WebSite","@id":"https:\/\/dicodusport.fr\/blog\/#website","url":"https:\/\/dicodusport.fr\/blog\/","name":"Dicodusport","description":"L&#039;encyclop\u00e9die de l&#039;actualit\u00e9 sportive","publisher":{"@id":"https:\/\/dicodusport.fr\/blog\/#organization"},"potentialAction":[{"@type":"SearchAction","target":{"@type":"EntryPoint","urlTemplate":"https:\/\/dicodusport.fr\/blog\/?s={search_term_string}"},"query-input":{"@type":"PropertyValueSpecification","valueRequired":true,"valueName":"search_term_string"}}],"inLanguage":"fr-FR"},{"@type":"NewsMediaOrganization","@id":"https:\/\/dicodusport.fr\/blog\/#organization","name":"Dicodusport","url":"https:\/\/dicodusport.fr\/blog\/","logo":{"@type":"ImageObject","inLanguage":"fr-FR","@id":"https:\/\/dicodusport.fr\/blog\/#\/schema\/logo\/image\/","url":"https:\/\/dicodusport.fr\/blog\/wp-content\/uploads\/2020\/06\/cropped-LOGO-DICODUSPORT-2020-SANS-FOND-SANS-TEXTE.png","contentUrl":"https:\/\/dicodusport.fr\/blog\/wp-content\/uploads\/2020\/06\/cropped-LOGO-DICODUSPORT-2020-SANS-FOND-SANS-TEXTE.png","width":512,"height":512,"caption":"Dicodusport"},"image":{"@id":"https:\/\/dicodusport.fr\/blog\/#\/schema\/logo\/image\/"},"sameAs":["https:\/\/www.facebook.com\/dicodusport","https:\/\/x.com\/dicodusport","https:\/\/www.instagram.com\/dicodusport\/","https:\/\/www.youtube.com\/channel\/UC7V2KZ5sd3htJivAbA4ZG3w"],"description":"Dicodusport est l'encyclop\u00e9die de l'actualit\u00e9 sportive.","email":"bonjour@dicodusport.fr","legalName":"DICODUSPORT","foundingDate":"2018-01-14","vatID":"FR71834470973","taxID":"83447097300043","numberOfEmployees":{"@type":"QuantitativeValue","minValue":"1","maxValue":"10"}},{"@type":"Person","@id":"https:\/\/dicodusport.fr\/blog\/#\/schema\/person\/55dcb50ad410894e431ed812bbb70191","name":"Nicolas Jacquemard","image":{"@type":"ImageObject","inLanguage":"fr-FR","@id":"https:\/\/dicodusport.fr\/blog\/#\/schema\/person\/image\/","url":"https:\/\/dicodusport.fr\/blog\/wp-content\/uploads\/2021\/05\/Nicolas-Jacquemard-150x150.jpeg","contentUrl":"https:\/\/dicodusport.fr\/blog\/wp-content\/uploads\/2021\/05\/Nicolas-Jacquemard-150x150.jpeg","caption":"Nicolas Jacquemard"},"description":"Passionn\u00e9 de sport et entrepreneur depuis mes 18 ans, la cr\u00e9ation de Dicodusport m'a sembl\u00e9 \u00e9vidente pour participer \u00e0 la m\u00e9diatisation d'un plus grand nombre de sports. Le chemin est long mais avec une \u00e9quipe des plus motiv\u00e9es et les Jeux Olympiques de Paris 2024 en point de mire, nous y arriverons ! Journaliste dans le monde du sport depuis plus de 5 ans, je traite aussi bien de football, de rugby, de biathlon que de cyclisme.","sameAs":["https:\/\/www.facebook.com\/dicodusport","https:\/\/x.com\/https:\/\/twitter.com\/Nico_Jacquemard"],"url":"https:\/\/dicodusport.fr\/blog\/author\/dicodusport\/"}]}},"_links":{"self":[{"href":"https:\/\/dicodusport.fr\/blog\/wp-json\/wp\/v2\/posts\/76371","targetHints":{"allow":["GET"]}}],"collection":[{"href":"https:\/\/dicodusport.fr\/blog\/wp-json\/wp\/v2\/posts"}],"about":[{"href":"https:\/\/dicodusport.fr\/blog\/wp-json\/wp\/v2\/types\/post"}],"author":[{"embeddable":true,"href":"https:\/\/dicodusport.fr\/blog\/wp-json\/wp\/v2\/users\/1"}],"replies":[{"embeddable":true,"href":"https:\/\/dicodusport.fr\/blog\/wp-json\/wp\/v2\/comments?post=76371"}],"version-history":[{"count":0,"href":"https:\/\/dicodusport.fr\/blog\/wp-json\/wp\/v2\/posts\/76371\/revisions"}],"wp:featuredmedia":[{"embeddable":true,"href":"https:\/\/dicodusport.fr\/blog\/wp-json\/wp\/v2\/media\/76389"}],"wp:attachment":[{"href":"https:\/\/dicodusport.fr\/blog\/wp-json\/wp\/v2\/media?parent=76371"}],"wp:term":[{"taxonomy":"category","embeddable":true,"href":"https:\/\/dicodusport.fr\/blog\/wp-json\/wp\/v2\/categories?post=76371"},{"taxonomy":"post_tag","embeddable":true,"href":"https:\/\/dicodusport.fr\/blog\/wp-json\/wp\/v2\/tags?post=76371"}],"curies":[{"name":"wp","href":"https:\/\/api.w.org\/{rel}","templated":true}]}}