{"id":76381,"date":"2020-09-01T10:21:48","date_gmt":"2020-09-01T08:21:48","guid":{"rendered":"http:\/\/dicodusport.fr\/blog\/?p=76381&#038;preview=true&#038;preview_id=76381"},"modified":"2020-09-01T10:21:48","modified_gmt":"2020-09-01T08:21:48","slug":"jean-jacques-mulot-president-federation-francaise-aviron-renonce-a-demissionner","status":"publish","type":"post","link":"https:\/\/dicodusport.fr\/blog\/jean-jacques-mulot-president-federation-francaise-aviron-renonce-a-demissionner\/","title":{"rendered":"Jean-Jacques Mulot, pr\u00e9sident de la F\u00e9d\u00e9ration Fran\u00e7aise d&rsquo;Aviron, renonce \u00e0 d\u00e9missionner"},"content":{"rendered":"<p style=\"text-align: justify;\"><b><i>AVIRON &#8211; Selon <a href=\"https:\/\/www.lequipe.fr\/Aviron\/Actualites\/Le-president-de-la-federation-francaise-d-aviron-jean-jacques-mulot-renonce-a-demissionner\/1166777\" target=\"_blank\" rel=\"noopener noreferrer\">L&rsquo;\u00c9quipe<\/a>, le pr\u00e9sident de la F\u00e9d\u00e9ration Fran\u00e7aise d&rsquo;Aviron, Jean-Jacques Mulot, renonce \u00e0 d\u00e9missionner de son poste. \u00c0 la t\u00eate de l&rsquo;aviron tricolore depuis 2003, <a href=\"https:\/\/dicodusport.fr\/blog\/jean-jacques-mulot-president-de-la-federation-francaise-d-aviron-demissionne\/\" target=\"_blank\" rel=\"noopener noreferrer\">il avait pourtant annonc\u00e9 d\u00e9but ao\u00fbt qu&rsquo;il quittait ses fonctions<\/a>.<\/i><\/b><\/p>\n<p style=\"text-align: justify;\">Rebondissement \u00e0 la t\u00eate de la <strong>FFA<\/strong>. D\u00e9but ao\u00fbt, <strong>Jean-Jacques Mulot<\/strong> annonce qu&rsquo;il allait pr\u00e9senter sa d\u00e9mission. La cause ? Le refus du comit\u00e9 directeur f\u00e9d\u00e9ral de reporter les \u00e9lections, initialement pr\u00e9vues en d\u00e9cembre 2020, \u00e0 avril 2021. Mais depuis, l&rsquo;ancien rameur de 71 ans a chang\u00e9 d&rsquo;avis. Ce dernier a en effet convoqu\u00e9 un bureau f\u00e9d\u00e9ral jeudi dernier. Moment choisi par le principal int\u00e9ress\u00e9 d&rsquo;annoncer qu&rsquo;il ne quitterait pas ses fonctions, apr\u00e8s n&rsquo;avoir jamais envoy\u00e9 sa lettre de d\u00e9mission.<\/p>\n<p style=\"text-align: justify;\">\u00c0 ce jour, deux candidats sont d\u00e9clar\u00e9s \u00e0 la succession de Jean-Jacques Mulot : le tr\u00e9sorier <strong>Didier Marchandeau<\/strong> et le pr\u00e9sident de la Ligue <strong>Christian Vandenberghe<\/strong>.<\/p>\n<blockquote class=\"twitter-tweet\">\n<p dir=\"ltr\" lang=\"fr\">Le pr\u00e9sident de la F\u00e9d\u00e9ration Fran\u00e7aise d&rsquo;Aviron Jean-Jacques Mulot renonce \u00e0 d\u00e9missionner &#8211; Aviron <a href=\"https:\/\/t.co\/ROZLzwkWsc\">https:\/\/t.co\/ROZLzwkWsc<\/a> via <a href=\"https:\/\/twitter.com\/lequipe?ref_src=twsrc%5Etfw\">@lequipe<\/a><\/p>\n<p>\u2014 Aviron 34 &#x1f3e1; (@Aviron_34) <a href=\"https:\/\/twitter.com\/Aviron_34\/status\/1300697013261160449?ref_src=twsrc%5Etfw\">September 1, 2020<\/a><\/p><\/blockquote>\n<p><script async src=\"https:\/\/platform.twitter.com\/widgets.js\" charset=\"utf-8\"><\/script><\/p>\n<p><strong><em>Dicodusport<br \/>\n<a href=\"https:\/\/www.facebook.com\/dicodusport\/\" target=\"_blank\" rel=\"noopener noreferrer\"><img loading=\"lazy\" decoding=\"async\" class=\"alignnone wp-image-2909\" src=\"http:\/\/dicodusport.fr\/blog\/wp-content\/uploads\/2017\/07\/logo-facebook-150x150.png\" alt=\"\" width=\"40\" height=\"40\" \/><\/a><a href=\"https:\/\/twitter.com\/dicodusport\" target=\"_blank\" rel=\"noopener noreferrer\"><img loading=\"lazy\" decoding=\"async\" class=\"alignnone wp-image-2908\" src=\"http:\/\/dicodusport.fr\/blog\/wp-content\/uploads\/2017\/07\/logo-twitter-150x150.png\" alt=\"\" width=\"39\" height=\"39\" \/><\/a><\/em><\/strong><\/p>\n","protected":false},"excerpt":{"rendered":"<p>AVIRON &#8211; Selon L&rsquo;\u00c9quipe, le pr\u00e9sident de la F\u00e9d\u00e9ration Fran\u00e7aise d&rsquo;Aviron, Jean-Jacques Mulot, renonce \u00e0 d\u00e9missionner de son poste. \u00c0 la t\u00eate de l&rsquo;aviron tricolore depuis 2003, il avait pourtant annonc\u00e9 d\u00e9but ao\u00fbt qu&rsquo;il quittait ses fonctions.<\/p>\n","protected":false},"author":4,"featured_media":73219,"comment_status":"open","ping_status":"closed","sticky":false,"template":"","format":"standard","meta":{"_acf_changed":false,"_daextam_enable_autolinks":"","footnotes":""},"categories":[2309],"tags":[739],"class_list":["post-76381","post","type-post","status-publish","format-standard","has-post-thumbnail","hentry","category-aviron","tag-aviron"],"acf":[],"yoast_head":"<!-- This site is optimized with the Yoast SEO Premium plugin v26.7 (Yoast SEO v26.7) - https:\/\/yoast.com\/wordpress\/plugins\/seo\/ -->\n<title>Jean-Jacques Mulot, pr\u00e9sident de la F\u00e9d\u00e9ration Fran\u00e7aise d&#039;Aviron, renonce \u00e0 d\u00e9missionner<\/title>\n<meta name=\"description\" content=\"AVIRON - Selon L&#039;\u00c9quipe, le pr\u00e9sident de la F\u00e9d\u00e9ration Fran\u00e7aise d&#039;Aviron, Jean-Jacques Mulot, renonce \u00e0 d\u00e9missionner de son poste.\" \/>\n<meta name=\"robots\" content=\"index, follow, max-snippet:-1, max-image-preview:large, max-video-preview:-1\" \/>\n<link rel=\"canonical\" href=\"https:\/\/dicodusport.fr\/blog\/jean-jacques-mulot-president-federation-francaise-aviron-renonce-a-demissionner\/\" \/>\n<meta property=\"og:locale\" content=\"fr_FR\" \/>\n<meta property=\"og:type\" content=\"article\" \/>\n<meta property=\"og:title\" content=\"Jean-Jacques Mulot, pr\u00e9sident de la FF d&#039;Aviron, renonce \u00e0 d\u00e9missionner\" \/>\n<meta property=\"og:description\" content=\"AVIRON - Selon L&#039;\u00c9quipe, le pr\u00e9sident de la F\u00e9d\u00e9ration Fran\u00e7aise d&#039;Aviron, Jean-Jacques Mulot, renonce \u00e0 d\u00e9missionner de son poste.\" \/>\n<meta property=\"og:url\" content=\"https:\/\/dicodusport.fr\/blog\/jean-jacques-mulot-president-federation-francaise-aviron-renonce-a-demissionner\/\" \/>\n<meta property=\"og:site_name\" content=\"Dicodusport\" \/>\n<meta property=\"article:publisher\" content=\"https:\/\/www.facebook.com\/dicodusport\" \/>\n<meta property=\"article:author\" content=\"https:\/\/www.facebook.com\/florent.ostermann\" \/>\n<meta property=\"article:published_time\" content=\"2020-09-01T08:21:48+00:00\" \/>\n<meta property=\"og:image\" content=\"https:\/\/dicodusport.fr\/blog\/wp-content\/uploads\/2020\/08\/Jean-Jacques-Mulot-pr\u00e9sident-de-la-F\u00e9d\u00e9ration-Fran\u00e7aise-dAviron-d\u00e9missionne.png\" \/>\n\t<meta property=\"og:image:width\" content=\"800\" \/>\n\t<meta property=\"og:image:height\" content=\"445\" \/>\n\t<meta property=\"og:image:type\" content=\"image\/png\" \/>\n<meta name=\"author\" content=\"Flo Ostermann\" \/>\n<meta name=\"twitter:card\" content=\"summary_large_image\" \/>\n<meta name=\"twitter:title\" content=\"Jean-Jacques Mulot, pr\u00e9sident de la FF d&#039;Aviron, renonce \u00e0 d\u00e9missionner\" \/>\n<meta name=\"twitter:creator\" content=\"@https:\/\/twitter.com\/FlOstermann\" \/>\n<meta name=\"twitter:site\" content=\"@dicodusport\" \/>\n<script type=\"application\/ld+json\" class=\"yoast-schema-graph\">{\"@context\":\"https:\/\/schema.org\",\"@graph\":[{\"@type\":\"NewsArticle\",\"@id\":\"https:\/\/dicodusport.fr\/blog\/jean-jacques-mulot-president-federation-francaise-aviron-renonce-a-demissionner\/#article\",\"isPartOf\":{\"@id\":\"https:\/\/dicodusport.fr\/blog\/jean-jacques-mulot-president-federation-francaise-aviron-renonce-a-demissionner\/\"},\"author\":{\"name\":\"Flo Ostermann\",\"@id\":\"https:\/\/dicodusport.fr\/blog\/#\/schema\/person\/cb02af4c173ce4a653b55e9baf388d4a\"},\"headline\":\"Jean-Jacques Mulot, pr\u00e9sident de la F\u00e9d\u00e9ration Fran\u00e7aise d&rsquo;Aviron, renonce \u00e0 d\u00e9missionner\",\"datePublished\":\"2020-09-01T08:21:48+00:00\",\"mainEntityOfPage\":{\"@id\":\"https:\/\/dicodusport.fr\/blog\/jean-jacques-mulot-president-federation-francaise-aviron-renonce-a-demissionner\/\"},\"wordCount\":215,\"commentCount\":0,\"publisher\":{\"@id\":\"https:\/\/dicodusport.fr\/blog\/#organization\"},\"image\":{\"@id\":\"https:\/\/dicodusport.fr\/blog\/jean-jacques-mulot-president-federation-francaise-aviron-renonce-a-demissionner\/#primaryimage\"},\"thumbnailUrl\":\"https:\/\/dicodusport.fr\/blog\/wp-content\/uploads\/2020\/08\/Jean-Jacques-Mulot-pr\u00e9sident-de-la-F\u00e9d\u00e9ration-Fran\u00e7aise-dAviron-d\u00e9missionne.png\",\"keywords\":[\"aviron\"],\"articleSection\":[\"Aviron\"],\"inLanguage\":\"fr-FR\",\"potentialAction\":[{\"@type\":\"CommentAction\",\"name\":\"Comment\",\"target\":[\"https:\/\/dicodusport.fr\/blog\/jean-jacques-mulot-president-federation-francaise-aviron-renonce-a-demissionner\/#respond\"]}],\"copyrightYear\":\"2020\",\"copyrightHolder\":{\"@id\":\"https:\/\/dicodusport.fr\/blog\/#organization\"}},{\"@type\":\"WebPage\",\"@id\":\"https:\/\/dicodusport.fr\/blog\/jean-jacques-mulot-president-federation-francaise-aviron-renonce-a-demissionner\/\",\"url\":\"https:\/\/dicodusport.fr\/blog\/jean-jacques-mulot-president-federation-francaise-aviron-renonce-a-demissionner\/\",\"name\":\"Jean-Jacques Mulot, pr\u00e9sident de la F\u00e9d\u00e9ration Fran\u00e7aise d'Aviron, renonce \u00e0 d\u00e9missionner\",\"isPartOf\":{\"@id\":\"https:\/\/dicodusport.fr\/blog\/#website\"},\"primaryImageOfPage\":{\"@id\":\"https:\/\/dicodusport.fr\/blog\/jean-jacques-mulot-president-federation-francaise-aviron-renonce-a-demissionner\/#primaryimage\"},\"image\":{\"@id\":\"https:\/\/dicodusport.fr\/blog\/jean-jacques-mulot-president-federation-francaise-aviron-renonce-a-demissionner\/#primaryimage\"},\"thumbnailUrl\":\"https:\/\/dicodusport.fr\/blog\/wp-content\/uploads\/2020\/08\/Jean-Jacques-Mulot-pr\u00e9sident-de-la-F\u00e9d\u00e9ration-Fran\u00e7aise-dAviron-d\u00e9missionne.png\",\"datePublished\":\"2020-09-01T08:21:48+00:00\",\"description\":\"AVIRON - Selon L'\u00c9quipe, le pr\u00e9sident de la F\u00e9d\u00e9ration Fran\u00e7aise d'Aviron, Jean-Jacques Mulot, renonce \u00e0 d\u00e9missionner de son poste.\",\"breadcrumb\":{\"@id\":\"https:\/\/dicodusport.fr\/blog\/jean-jacques-mulot-president-federation-francaise-aviron-renonce-a-demissionner\/#breadcrumb\"},\"inLanguage\":\"fr-FR\",\"potentialAction\":[{\"@type\":\"ReadAction\",\"target\":[\"https:\/\/dicodusport.fr\/blog\/jean-jacques-mulot-president-federation-francaise-aviron-renonce-a-demissionner\/\"]}]},{\"@type\":\"ImageObject\",\"inLanguage\":\"fr-FR\",\"@id\":\"https:\/\/dicodusport.fr\/blog\/jean-jacques-mulot-president-federation-francaise-aviron-renonce-a-demissionner\/#primaryimage\",\"url\":\"https:\/\/dicodusport.fr\/blog\/wp-content\/uploads\/2020\/08\/Jean-Jacques-Mulot-pr\u00e9sident-de-la-F\u00e9d\u00e9ration-Fran\u00e7aise-dAviron-d\u00e9missionne.png\",\"contentUrl\":\"https:\/\/dicodusport.fr\/blog\/wp-content\/uploads\/2020\/08\/Jean-Jacques-Mulot-pr\u00e9sident-de-la-F\u00e9d\u00e9ration-Fran\u00e7aise-dAviron-d\u00e9missionne.png\",\"width\":800,\"height\":445,\"caption\":\"Jean-Jacques Mulot, pr\u00e9sident de la F\u00e9d\u00e9ration Fran\u00e7aise d'Aviron, renonce \u00e0 d\u00e9missionner\"},{\"@type\":\"BreadcrumbList\",\"@id\":\"https:\/\/dicodusport.fr\/blog\/jean-jacques-mulot-president-federation-francaise-aviron-renonce-a-demissionner\/#breadcrumb\",\"itemListElement\":[{\"@type\":\"ListItem\",\"position\":1,\"name\":\"Accueil\",\"item\":\"https:\/\/dicodusport.fr\/blog\/\"},{\"@type\":\"ListItem\",\"position\":2,\"name\":\"Jean-Jacques Mulot, pr\u00e9sident de la F\u00e9d\u00e9ration Fran\u00e7aise d&rsquo;Aviron, renonce \u00e0 d\u00e9missionner\"}]},{\"@type\":\"WebSite\",\"@id\":\"https:\/\/dicodusport.fr\/blog\/#website\",\"url\":\"https:\/\/dicodusport.fr\/blog\/\",\"name\":\"Dicodusport\",\"description\":\"L&#039;encyclop\u00e9die de l&#039;actualit\u00e9 sportive\",\"publisher\":{\"@id\":\"https:\/\/dicodusport.fr\/blog\/#organization\"},\"potentialAction\":[{\"@type\":\"SearchAction\",\"target\":{\"@type\":\"EntryPoint\",\"urlTemplate\":\"https:\/\/dicodusport.fr\/blog\/?s={search_term_string}\"},\"query-input\":{\"@type\":\"PropertyValueSpecification\",\"valueRequired\":true,\"valueName\":\"search_term_string\"}}],\"inLanguage\":\"fr-FR\"},{\"@type\":\"NewsMediaOrganization\",\"@id\":\"https:\/\/dicodusport.fr\/blog\/#organization\",\"name\":\"Dicodusport\",\"url\":\"https:\/\/dicodusport.fr\/blog\/\",\"logo\":{\"@type\":\"ImageObject\",\"inLanguage\":\"fr-FR\",\"@id\":\"https:\/\/dicodusport.fr\/blog\/#\/schema\/logo\/image\/\",\"url\":\"https:\/\/dicodusport.fr\/blog\/wp-content\/uploads\/2020\/06\/cropped-LOGO-DICODUSPORT-2020-SANS-FOND-SANS-TEXTE.png\",\"contentUrl\":\"https:\/\/dicodusport.fr\/blog\/wp-content\/uploads\/2020\/06\/cropped-LOGO-DICODUSPORT-2020-SANS-FOND-SANS-TEXTE.png\",\"width\":512,\"height\":512,\"caption\":\"Dicodusport\"},\"image\":{\"@id\":\"https:\/\/dicodusport.fr\/blog\/#\/schema\/logo\/image\/\"},\"sameAs\":[\"https:\/\/www.facebook.com\/dicodusport\",\"https:\/\/x.com\/dicodusport\",\"https:\/\/www.instagram.com\/dicodusport\/\",\"https:\/\/www.youtube.com\/channel\/UC7V2KZ5sd3htJivAbA4ZG3w\"],\"description\":\"Dicodusport est l'encyclop\u00e9die de l'actualit\u00e9 sportive.\",\"email\":\"bonjour@dicodusport.fr\",\"legalName\":\"DICODUSPORT\",\"foundingDate\":\"2018-01-14\",\"vatID\":\"FR71834470973\",\"taxID\":\"83447097300043\",\"numberOfEmployees\":{\"@type\":\"QuantitativeValue\",\"minValue\":\"1\",\"maxValue\":\"10\"}},{\"@type\":\"Person\",\"@id\":\"https:\/\/dicodusport.fr\/blog\/#\/schema\/person\/cb02af4c173ce4a653b55e9baf388d4a\",\"name\":\"Flo Ostermann\",\"image\":{\"@type\":\"ImageObject\",\"inLanguage\":\"fr-FR\",\"@id\":\"https:\/\/dicodusport.fr\/blog\/#\/schema\/person\/image\/\",\"url\":\"https:\/\/dicodusport.fr\/blog\/wp-content\/uploads\/2021\/05\/Flo-Ostermann-150x150.jpg\",\"contentUrl\":\"https:\/\/dicodusport.fr\/blog\/wp-content\/uploads\/2021\/05\/Flo-Ostermann-150x150.jpg\",\"caption\":\"Flo Ostermann\"},\"description\":\"Journaliste\/R\u00e9dacteur depuis septembre 2015 - Mes premiers souvenirs dans le sport ? Les envol\u00e9es du Stade Toulousain et les duels Villeneuve-Schumacher et H\u00e4kkinen-Schumacher \u00e0 la fin des ann\u00e9es 90, la Coupe du monde de football en 1998, l\u2019exploit du XV de France face aux All Blacks en 1999, mais aussi Richard C\u0153ur de Lion qui vole sur les montagnes du Tour de France. Bien parti pour devenir professeur d\u2019EPS, les \u00e9v\u00e9nements de la vie (et la flemme d\u2019animer des s\u00e9ances de 3x500 m\u00e8tres toute ma vie) m\u2019ont conduit \u00e0 revoir mes plans. Me voil\u00e0 depuis fin 2017 sur Dicodusport, m\u00e9dia gr\u00e2ce (et pour) lequel je partage ma passion : le sport dans tous ses \u00e9tats. Le tout accompagn\u00e9 par les fous furieux et folles furieuses cit\u00e9s sur cette page !\",\"sameAs\":[\"https:\/\/www.facebook.com\/florent.ostermann\",\"https:\/\/x.com\/https:\/\/twitter.com\/FlOstermann\",\"admin\"],\"url\":\"https:\/\/dicodusport.fr\/blog\/author\/flo\/\"}]}<\/script>\n<!-- \/ Yoast SEO Premium plugin. -->","yoast_head_json":{"title":"Jean-Jacques Mulot, pr\u00e9sident de la F\u00e9d\u00e9ration Fran\u00e7aise d'Aviron, renonce \u00e0 d\u00e9missionner","description":"AVIRON - Selon L'\u00c9quipe, le pr\u00e9sident de la F\u00e9d\u00e9ration Fran\u00e7aise d'Aviron, Jean-Jacques Mulot, renonce \u00e0 d\u00e9missionner de son poste.","robots":{"index":"index","follow":"follow","max-snippet":"max-snippet:-1","max-image-preview":"max-image-preview:large","max-video-preview":"max-video-preview:-1"},"canonical":"https:\/\/dicodusport.fr\/blog\/jean-jacques-mulot-president-federation-francaise-aviron-renonce-a-demissionner\/","og_locale":"fr_FR","og_type":"article","og_title":"Jean-Jacques Mulot, pr\u00e9sident de la FF d'Aviron, renonce \u00e0 d\u00e9missionner","og_description":"AVIRON - Selon L'\u00c9quipe, le pr\u00e9sident de la F\u00e9d\u00e9ration Fran\u00e7aise d'Aviron, Jean-Jacques Mulot, renonce \u00e0 d\u00e9missionner de son poste.","og_url":"https:\/\/dicodusport.fr\/blog\/jean-jacques-mulot-president-federation-francaise-aviron-renonce-a-demissionner\/","og_site_name":"Dicodusport","article_publisher":"https:\/\/www.facebook.com\/dicodusport","article_author":"https:\/\/www.facebook.com\/florent.ostermann","article_published_time":"2020-09-01T08:21:48+00:00","og_image":[{"width":800,"height":445,"url":"https:\/\/dicodusport.fr\/blog\/wp-content\/uploads\/2020\/08\/Jean-Jacques-Mulot-pr\u00e9sident-de-la-F\u00e9d\u00e9ration-Fran\u00e7aise-dAviron-d\u00e9missionne.png","type":"image\/png"}],"author":"Flo Ostermann","twitter_card":"summary_large_image","twitter_title":"Jean-Jacques Mulot, pr\u00e9sident de la FF d'Aviron, renonce \u00e0 d\u00e9missionner","twitter_creator":"@https:\/\/twitter.com\/FlOstermann","twitter_site":"@dicodusport","schema":{"@context":"https:\/\/schema.org","@graph":[{"@type":"NewsArticle","@id":"https:\/\/dicodusport.fr\/blog\/jean-jacques-mulot-president-federation-francaise-aviron-renonce-a-demissionner\/#article","isPartOf":{"@id":"https:\/\/dicodusport.fr\/blog\/jean-jacques-mulot-president-federation-francaise-aviron-renonce-a-demissionner\/"},"author":{"name":"Flo Ostermann","@id":"https:\/\/dicodusport.fr\/blog\/#\/schema\/person\/cb02af4c173ce4a653b55e9baf388d4a"},"headline":"Jean-Jacques Mulot, pr\u00e9sident de la F\u00e9d\u00e9ration Fran\u00e7aise d&rsquo;Aviron, renonce \u00e0 d\u00e9missionner","datePublished":"2020-09-01T08:21:48+00:00","mainEntityOfPage":{"@id":"https:\/\/dicodusport.fr\/blog\/jean-jacques-mulot-president-federation-francaise-aviron-renonce-a-demissionner\/"},"wordCount":215,"commentCount":0,"publisher":{"@id":"https:\/\/dicodusport.fr\/blog\/#organization"},"image":{"@id":"https:\/\/dicodusport.fr\/blog\/jean-jacques-mulot-president-federation-francaise-aviron-renonce-a-demissionner\/#primaryimage"},"thumbnailUrl":"https:\/\/dicodusport.fr\/blog\/wp-content\/uploads\/2020\/08\/Jean-Jacques-Mulot-pr\u00e9sident-de-la-F\u00e9d\u00e9ration-Fran\u00e7aise-dAviron-d\u00e9missionne.png","keywords":["aviron"],"articleSection":["Aviron"],"inLanguage":"fr-FR","potentialAction":[{"@type":"CommentAction","name":"Comment","target":["https:\/\/dicodusport.fr\/blog\/jean-jacques-mulot-president-federation-francaise-aviron-renonce-a-demissionner\/#respond"]}],"copyrightYear":"2020","copyrightHolder":{"@id":"https:\/\/dicodusport.fr\/blog\/#organization"}},{"@type":"WebPage","@id":"https:\/\/dicodusport.fr\/blog\/jean-jacques-mulot-president-federation-francaise-aviron-renonce-a-demissionner\/","url":"https:\/\/dicodusport.fr\/blog\/jean-jacques-mulot-president-federation-francaise-aviron-renonce-a-demissionner\/","name":"Jean-Jacques Mulot, pr\u00e9sident de la F\u00e9d\u00e9ration Fran\u00e7aise d'Aviron, renonce \u00e0 d\u00e9missionner","isPartOf":{"@id":"https:\/\/dicodusport.fr\/blog\/#website"},"primaryImageOfPage":{"@id":"https:\/\/dicodusport.fr\/blog\/jean-jacques-mulot-president-federation-francaise-aviron-renonce-a-demissionner\/#primaryimage"},"image":{"@id":"https:\/\/dicodusport.fr\/blog\/jean-jacques-mulot-president-federation-francaise-aviron-renonce-a-demissionner\/#primaryimage"},"thumbnailUrl":"https:\/\/dicodusport.fr\/blog\/wp-content\/uploads\/2020\/08\/Jean-Jacques-Mulot-pr\u00e9sident-de-la-F\u00e9d\u00e9ration-Fran\u00e7aise-dAviron-d\u00e9missionne.png","datePublished":"2020-09-01T08:21:48+00:00","description":"AVIRON - Selon L'\u00c9quipe, le pr\u00e9sident de la F\u00e9d\u00e9ration Fran\u00e7aise d'Aviron, Jean-Jacques Mulot, renonce \u00e0 d\u00e9missionner de son poste.","breadcrumb":{"@id":"https:\/\/dicodusport.fr\/blog\/jean-jacques-mulot-president-federation-francaise-aviron-renonce-a-demissionner\/#breadcrumb"},"inLanguage":"fr-FR","potentialAction":[{"@type":"ReadAction","target":["https:\/\/dicodusport.fr\/blog\/jean-jacques-mulot-president-federation-francaise-aviron-renonce-a-demissionner\/"]}]},{"@type":"ImageObject","inLanguage":"fr-FR","@id":"https:\/\/dicodusport.fr\/blog\/jean-jacques-mulot-president-federation-francaise-aviron-renonce-a-demissionner\/#primaryimage","url":"https:\/\/dicodusport.fr\/blog\/wp-content\/uploads\/2020\/08\/Jean-Jacques-Mulot-pr\u00e9sident-de-la-F\u00e9d\u00e9ration-Fran\u00e7aise-dAviron-d\u00e9missionne.png","contentUrl":"https:\/\/dicodusport.fr\/blog\/wp-content\/uploads\/2020\/08\/Jean-Jacques-Mulot-pr\u00e9sident-de-la-F\u00e9d\u00e9ration-Fran\u00e7aise-dAviron-d\u00e9missionne.png","width":800,"height":445,"caption":"Jean-Jacques Mulot, pr\u00e9sident de la F\u00e9d\u00e9ration Fran\u00e7aise d'Aviron, renonce \u00e0 d\u00e9missionner"},{"@type":"BreadcrumbList","@id":"https:\/\/dicodusport.fr\/blog\/jean-jacques-mulot-president-federation-francaise-aviron-renonce-a-demissionner\/#breadcrumb","itemListElement":[{"@type":"ListItem","position":1,"name":"Accueil","item":"https:\/\/dicodusport.fr\/blog\/"},{"@type":"ListItem","position":2,"name":"Jean-Jacques Mulot, pr\u00e9sident de la F\u00e9d\u00e9ration Fran\u00e7aise d&rsquo;Aviron, renonce \u00e0 d\u00e9missionner"}]},{"@type":"WebSite","@id":"https:\/\/dicodusport.fr\/blog\/#website","url":"https:\/\/dicodusport.fr\/blog\/","name":"Dicodusport","description":"L&#039;encyclop\u00e9die de l&#039;actualit\u00e9 sportive","publisher":{"@id":"https:\/\/dicodusport.fr\/blog\/#organization"},"potentialAction":[{"@type":"SearchAction","target":{"@type":"EntryPoint","urlTemplate":"https:\/\/dicodusport.fr\/blog\/?s={search_term_string}"},"query-input":{"@type":"PropertyValueSpecification","valueRequired":true,"valueName":"search_term_string"}}],"inLanguage":"fr-FR"},{"@type":"NewsMediaOrganization","@id":"https:\/\/dicodusport.fr\/blog\/#organization","name":"Dicodusport","url":"https:\/\/dicodusport.fr\/blog\/","logo":{"@type":"ImageObject","inLanguage":"fr-FR","@id":"https:\/\/dicodusport.fr\/blog\/#\/schema\/logo\/image\/","url":"https:\/\/dicodusport.fr\/blog\/wp-content\/uploads\/2020\/06\/cropped-LOGO-DICODUSPORT-2020-SANS-FOND-SANS-TEXTE.png","contentUrl":"https:\/\/dicodusport.fr\/blog\/wp-content\/uploads\/2020\/06\/cropped-LOGO-DICODUSPORT-2020-SANS-FOND-SANS-TEXTE.png","width":512,"height":512,"caption":"Dicodusport"},"image":{"@id":"https:\/\/dicodusport.fr\/blog\/#\/schema\/logo\/image\/"},"sameAs":["https:\/\/www.facebook.com\/dicodusport","https:\/\/x.com\/dicodusport","https:\/\/www.instagram.com\/dicodusport\/","https:\/\/www.youtube.com\/channel\/UC7V2KZ5sd3htJivAbA4ZG3w"],"description":"Dicodusport est l'encyclop\u00e9die de l'actualit\u00e9 sportive.","email":"bonjour@dicodusport.fr","legalName":"DICODUSPORT","foundingDate":"2018-01-14","vatID":"FR71834470973","taxID":"83447097300043","numberOfEmployees":{"@type":"QuantitativeValue","minValue":"1","maxValue":"10"}},{"@type":"Person","@id":"https:\/\/dicodusport.fr\/blog\/#\/schema\/person\/cb02af4c173ce4a653b55e9baf388d4a","name":"Flo Ostermann","image":{"@type":"ImageObject","inLanguage":"fr-FR","@id":"https:\/\/dicodusport.fr\/blog\/#\/schema\/person\/image\/","url":"https:\/\/dicodusport.fr\/blog\/wp-content\/uploads\/2021\/05\/Flo-Ostermann-150x150.jpg","contentUrl":"https:\/\/dicodusport.fr\/blog\/wp-content\/uploads\/2021\/05\/Flo-Ostermann-150x150.jpg","caption":"Flo Ostermann"},"description":"Journaliste\/R\u00e9dacteur depuis septembre 2015 - Mes premiers souvenirs dans le sport ? Les envol\u00e9es du Stade Toulousain et les duels Villeneuve-Schumacher et H\u00e4kkinen-Schumacher \u00e0 la fin des ann\u00e9es 90, la Coupe du monde de football en 1998, l\u2019exploit du XV de France face aux All Blacks en 1999, mais aussi Richard C\u0153ur de Lion qui vole sur les montagnes du Tour de France. Bien parti pour devenir professeur d\u2019EPS, les \u00e9v\u00e9nements de la vie (et la flemme d\u2019animer des s\u00e9ances de 3x500 m\u00e8tres toute ma vie) m\u2019ont conduit \u00e0 revoir mes plans. Me voil\u00e0 depuis fin 2017 sur Dicodusport, m\u00e9dia gr\u00e2ce (et pour) lequel je partage ma passion : le sport dans tous ses \u00e9tats. Le tout accompagn\u00e9 par les fous furieux et folles furieuses cit\u00e9s sur cette page !","sameAs":["https:\/\/www.facebook.com\/florent.ostermann","https:\/\/x.com\/https:\/\/twitter.com\/FlOstermann","admin"],"url":"https:\/\/dicodusport.fr\/blog\/author\/flo\/"}]}},"_links":{"self":[{"href":"https:\/\/dicodusport.fr\/blog\/wp-json\/wp\/v2\/posts\/76381","targetHints":{"allow":["GET"]}}],"collection":[{"href":"https:\/\/dicodusport.fr\/blog\/wp-json\/wp\/v2\/posts"}],"about":[{"href":"https:\/\/dicodusport.fr\/blog\/wp-json\/wp\/v2\/types\/post"}],"author":[{"embeddable":true,"href":"https:\/\/dicodusport.fr\/blog\/wp-json\/wp\/v2\/users\/4"}],"replies":[{"embeddable":true,"href":"https:\/\/dicodusport.fr\/blog\/wp-json\/wp\/v2\/comments?post=76381"}],"version-history":[{"count":0,"href":"https:\/\/dicodusport.fr\/blog\/wp-json\/wp\/v2\/posts\/76381\/revisions"}],"wp:featuredmedia":[{"embeddable":true,"href":"https:\/\/dicodusport.fr\/blog\/wp-json\/wp\/v2\/media\/73219"}],"wp:attachment":[{"href":"https:\/\/dicodusport.fr\/blog\/wp-json\/wp\/v2\/media?parent=76381"}],"wp:term":[{"taxonomy":"category","embeddable":true,"href":"https:\/\/dicodusport.fr\/blog\/wp-json\/wp\/v2\/categories?post=76381"},{"taxonomy":"post_tag","embeddable":true,"href":"https:\/\/dicodusport.fr\/blog\/wp-json\/wp\/v2\/tags?post=76381"}],"curies":[{"name":"wp","href":"https:\/\/api.w.org\/{rel}","templated":true}]}}